{"id":2251,"date":"2020-01-14T14:00:50","date_gmt":"2020-01-14T13:00:50","guid":{"rendered":"http:\/\/www.anovapeneira.gal\/?p=2251"},"modified":"2020-01-11T22:27:22","modified_gmt":"2020-01-11T21:27:22","slug":"a-guarda-acolle-en-febreiro-un-curso-de-elaboracion-artesanal-de-unguentos-naturais","status":"publish","type":"post","link":"https:\/\/www.anovapeneira.gal\/index.php\/2020\/01\/14\/a-guarda-acolle-en-febreiro-un-curso-de-elaboracion-artesanal-de-unguentos-naturais\/","title":{"rendered":"A Guarda acolle en febreiro un curso de Elaboraci\u00f3n artesanal de Ung\u00fcentos naturais"},"content":{"rendered":"\n<p><strong>A Guarda, 10 de xaneiro de 2020<\/strong><\/p>\n\n\n\n<p>A\nAsociaci\u00f3n de Desenvolvemento Galicia Suroeste Eurural contin\u00faa coa\ns\u00faa apostando pola formaci\u00f3n como ferramenta para mellorar a\ncapacitaci\u00f3n dos recursos humanos do territorio. Por este motivo, e\ntras o \u00e9xito acadado en 2018 e 2019, a Escola Eu Rural pon en marcha\na <strong>terceira\nedici\u00f3n do programa \u2018Coas mans na masa\u2019<\/strong>,\nun itinerario formativo que busca engadir valor no mercado aos\nprodutos do sector primario a trav\u00e9s da <strong>transformaci\u00f3n<\/strong>\n<strong>da\nabundante materia prima da contorna<\/strong>\n<strong>en\nprodutos de gran calidade e da s\u00faa conservaci\u00f3n para a posterior\ncomercializaci\u00f3n<\/strong>.\n\n<\/p>\n\n\n\n<p><em><strong>Seis\ncursos, seis concellos<\/strong><\/em><\/p>\n\n\n\n<p>A\n<strong>gran\ndemanda das acci\u00f3ns formativas levadas a cabo na pasada edici\u00f3n<\/strong>\ndo programa \u2018Coas mans na masa\u2019, nas que houbo unha importante\nlista de agarda de persoas interesadas en participar, motivou que\nEurural <strong>volva\na po\u00f1er en marcha os cursos<\/strong>\nde elaboraci\u00f3n artesanal de ung\u00fcentos naturais e de elaboraci\u00f3n\nartesanal de conservas. As\u00ed, por un lado, as persoas interesadas en\naprender a crear cremas, pinturas, aceites&#8230; con recursos naturais\nda contorna poder\u00e1n participar nalgunha das 4 acci\u00f3ns formativas de\n<strong>\u2018Elaboraci\u00f3n\nartesanal de Ung\u00fcentos naturais\u2019 que se celebrar\u00e1 en A Guarda (3\ne 4 de febreiro), Tui (10 e 11 de febreiro), Baiona (17 e 18 de\nfebreiro) e O Rosal (9 e 10 de marzo)<\/strong>,\ncatro concellos nos que a\u00ednda non se ti\u00f1a impartido esta\nactividade. \n<\/p>\n\n\n\n<p>Poder\u00e1\ninscribirse e participar nestes cursos calquera persoa que resida no\nterritorio do GDR 14 e estea interesada, independentemente de que o\nconcello no que viva non dispo\u00f1a de curso. As xornadas son de balde\ne a <strong>inscrici\u00f3n\nfarase a trav\u00e9s da web <\/strong><a href=\"http:\/\/www.eurural.org\/\"><strong>www.eurural.org<\/strong><\/a>,\ndirix\u00edndose ao apartado denominado Escola. Todos os cursos se\nimpartir\u00e1n en horario de 16.30 a 20.30 horas e haber\u00e1 un m\u00e1ximo de\n15 alumnos e alumnas por curso.<\/p>\n\n\n\n<figure class=\"wp-block-image size-large\"><img loading=\"lazy\" decoding=\"async\" width=\"724\" height=\"1024\" src=\"http:\/\/www.anovapeneira.gal\/wp-content\/uploads\/2020\/01\/coas_mans_na_masa_a_nova_peneira-724x1024.jpg\" alt=\"\" class=\"wp-image-2253\" srcset=\"https:\/\/www.anovapeneira.gal\/wp-content\/uploads\/2020\/01\/coas_mans_na_masa_a_nova_peneira-724x1024.jpg 724w, https:\/\/www.anovapeneira.gal\/wp-content\/uploads\/2020\/01\/coas_mans_na_masa_a_nova_peneira-212x300.jpg 212w, https:\/\/www.anovapeneira.gal\/wp-content\/uploads\/2020\/01\/coas_mans_na_masa_a_nova_peneira-768x1086.jpg 768w, https:\/\/www.anovapeneira.gal\/wp-content\/uploads\/2020\/01\/coas_mans_na_masa_a_nova_peneira.jpg 849w\" sizes=\"auto, (max-width: 724px) 100vw, 724px\" \/><\/figure>\n\n\n\n<p><em><strong>Novas\nedici\u00f3ns<\/strong><\/em><\/p>\n\n\n\n<p>\u2018Coas\nmans na masa\u2019 nace ao acubillo da <strong>Escola\nEurural<\/strong>,\ncreada en 2017 como unha ferramenta posta en marcha pola AD Galicia\nSuroeste Eurural para canalizar todas as acci\u00f3ns formativas que se\ndesenvolven no territorio do GDR 14 e que abrangue aos concellos de\nBaiona, Fornelos de Montes, Gondomar, A Guarda, Mos, Nigr\u00e1n, Oia,\nPazos de Borb\u00e9n, O Porri\u00f1o, Redondela, O Rosal, Tomi\u00f1o e Tui. \n<\/p>\n\n\n\n<p>Dentro\nda s\u00faa Estratexia de Desenvolvemento Local Participativa elaborada\npola AD Galicia Suroeste Eurural, na que se estableceron as li\u00f1as de\nactuaci\u00f3n da Medida Leader para o territorio do GDR 14, rec\u00f3llese\nunha aposta pola formaci\u00f3n como veh\u00edculo para mellorar a\ncapacitaci\u00f3n do capital humano da contorna. Por este motivo, cada\nano dest\u00ednase o 2,5% do orzamento anual da asociaci\u00f3n \u00e1 creaci\u00f3n\nde itinerarios formativos para toda a poboaci\u00f3n e <strong>ata\no de agora xa se formaron a m\u00e1is de 280 persoas.<\/strong><\/p>\n","protected":false},"excerpt":{"rendered":"<div class=\"mh-excerpt\"><p>A Asociaci\u00f3n de Desenvolvemento Galicia Suroeste Eurural contin\u00faa coa s\u00faa apostando pola formaci\u00f3n como ferramenta para mellorar a capacitaci\u00f3n dos recursos humanos do territorio <a class=\"mh-excerpt-more\" href=\"https:\/\/www.anovapeneira.gal\/index.php\/2020\/01\/14\/a-guarda-acolle-en-febreiro-un-curso-de-elaboracion-artesanal-de-unguentos-naturais\/\" title=\"A Guarda acolle en febreiro un curso de Elaboraci\u00f3n artesanal de Ung\u00fcentos naturais\">[&#8230;]<\/a><\/p>\n<\/div>","protected":false},"author":3,"featured_media":2252,"comment_status":"open","ping_status":"open","sticky":false,"template":"","format":"standard","meta":{"_exactmetrics_skip_tracking":false,"_exactmetrics_sitenote_active":false,"_exactmetrics_sitenote_note":"","_exactmetrics_sitenote_category":0,"footnotes":""},"categories":[21],"tags":[238,556,905],"class_list":{"0":"post-2251","1":"post","2":"type-post","3":"status-publish","4":"format-standard","5":"has-post-thumbnail","7":"category-baixo-mino","8":"tag-concello-da-guarda","9":"tag-formacion","10":"tag-unguentos"},"yoast_head":"<!-- This site is optimized with the Yoast SEO plugin v27.4 - https:\/\/yoast.com\/product\/yoast-seo-wordpress\/ -->\n<title>A Guarda acolle en febreiro un curso de Elaboraci\u00f3n artesanal de Ung\u00fcentos naturais -<\/title>\n<meta name=\"robots\" content=\"index, follow, max-snippet:-1, max-image-preview:large, max-video-preview:-1\" \/>\n<link rel=\"canonical\" href=\"https:\/\/www.anovapeneira.gal\/index.php\/2020\/01\/14\/a-guarda-acolle-en-febreiro-un-curso-de-elaboracion-artesanal-de-unguentos-naturais\/\" \/>\n<meta property=\"og:locale\" content=\"gl_ES\" \/>\n<meta property=\"og:type\" content=\"article\" \/>\n<meta property=\"og:title\" content=\"A Guarda acolle en febreiro un curso de Elaboraci\u00f3n artesanal de Ung\u00fcentos naturais -\" \/>\n<meta property=\"og:description\" content=\"A Asociaci\u00f3n de Desenvolvemento Galicia Suroeste Eurural contin\u00faa coa s\u00faa apostando pola formaci\u00f3n como ferramenta para mellorar a capacitaci\u00f3n dos recursos humanos do territorio [...]\" \/>\n<meta property=\"og:url\" content=\"https:\/\/www.anovapeneira.gal\/index.php\/2020\/01\/14\/a-guarda-acolle-en-febreiro-un-curso-de-elaboracion-artesanal-de-unguentos-naturais\/\" \/>\n<meta property=\"article:publisher\" content=\"https:\/\/www.facebook.com\/anovapeneira\" \/>\n<meta property=\"article:published_time\" content=\"2020-01-14T13:00:50+00:00\" \/>\n<meta property=\"og:image\" content=\"https:\/\/www.anovapeneira.gal\/wp-content\/uploads\/2020\/01\/coas_mans_na_masa_a_nova_peneira_cartel.jpg\" \/>\n\t<meta property=\"og:image:width\" content=\"720\" \/>\n\t<meta property=\"og:image:height\" content=\"432\" \/>\n\t<meta property=\"og:image:type\" content=\"image\/jpeg\" \/>\n<meta name=\"author\" content=\"Redacci\u00f3n A Nova Peneira\" \/>\n<meta name=\"twitter:card\" content=\"summary_large_image\" \/>\n<meta name=\"twitter:creator\" content=\"@APeneira\" \/>\n<meta name=\"twitter:site\" content=\"@APeneira\" \/>\n<meta name=\"twitter:label1\" content=\"Escrito por\" \/>\n\t<meta name=\"twitter:data1\" content=\"Redacci\u00f3n A Nova Peneira\" \/>\n\t<meta name=\"twitter:label2\" content=\"Tempo de lectura\" \/>\n\t<meta name=\"twitter:data2\" content=\"2 minutos\" \/>\n<script type=\"application\/ld+json\" class=\"yoast-schema-graph\">{\"@context\":\"https:\\\/\\\/schema.org\",\"@graph\":[{\"@type\":\"Article\",\"@id\":\"https:\\\/\\\/www.anovapeneira.gal\\\/index.php\\\/2020\\\/01\\\/14\\\/a-guarda-acolle-en-febreiro-un-curso-de-elaboracion-artesanal-de-unguentos-naturais\\\/#article\",\"isPartOf\":{\"@id\":\"https:\\\/\\\/www.anovapeneira.gal\\\/index.php\\\/2020\\\/01\\\/14\\\/a-guarda-acolle-en-febreiro-un-curso-de-elaboracion-artesanal-de-unguentos-naturais\\\/\"},\"author\":{\"name\":\"Redacci\u00f3n A Nova Peneira\",\"@id\":\"https:\\\/\\\/www.anovapeneira.gal\\\/#\\\/schema\\\/person\\\/b93e3f8932e3f8da96334607eb6ac6aa\"},\"headline\":\"A Guarda acolle en febreiro un curso de Elaboraci\u00f3n artesanal de Ung\u00fcentos naturais\",\"datePublished\":\"2020-01-14T13:00:50+00:00\",\"mainEntityOfPage\":{\"@id\":\"https:\\\/\\\/www.anovapeneira.gal\\\/index.php\\\/2020\\\/01\\\/14\\\/a-guarda-acolle-en-febreiro-un-curso-de-elaboracion-artesanal-de-unguentos-naturais\\\/\"},\"wordCount\":489,\"commentCount\":0,\"publisher\":{\"@id\":\"https:\\\/\\\/www.anovapeneira.gal\\\/#organization\"},\"image\":{\"@id\":\"https:\\\/\\\/www.anovapeneira.gal\\\/index.php\\\/2020\\\/01\\\/14\\\/a-guarda-acolle-en-febreiro-un-curso-de-elaboracion-artesanal-de-unguentos-naturais\\\/#primaryimage\"},\"thumbnailUrl\":\"https:\\\/\\\/www.anovapeneira.gal\\\/wp-content\\\/uploads\\\/2020\\\/01\\\/coas_mans_na_masa_a_nova_peneira_cartel.jpg\",\"keywords\":[\"Concello da Guarda\",\"Formaci\u00f3n\",\"Ung\u00fcentos\"],\"articleSection\":[\"Baixo Mi\u00f1o\"],\"inLanguage\":\"gl-ES\",\"potentialAction\":[{\"@type\":\"CommentAction\",\"name\":\"Comment\",\"target\":[\"https:\\\/\\\/www.anovapeneira.gal\\\/index.php\\\/2020\\\/01\\\/14\\\/a-guarda-acolle-en-febreiro-un-curso-de-elaboracion-artesanal-de-unguentos-naturais\\\/#respond\"]}]},{\"@type\":\"WebPage\",\"@id\":\"https:\\\/\\\/www.anovapeneira.gal\\\/index.php\\\/2020\\\/01\\\/14\\\/a-guarda-acolle-en-febreiro-un-curso-de-elaboracion-artesanal-de-unguentos-naturais\\\/\",\"url\":\"https:\\\/\\\/www.anovapeneira.gal\\\/index.php\\\/2020\\\/01\\\/14\\\/a-guarda-acolle-en-febreiro-un-curso-de-elaboracion-artesanal-de-unguentos-naturais\\\/\",\"name\":\"A Guarda acolle en febreiro un curso de Elaboraci\u00f3n artesanal de Ung\u00fcentos naturais -\",\"isPartOf\":{\"@id\":\"https:\\\/\\\/www.anovapeneira.gal\\\/#website\"},\"primaryImageOfPage\":{\"@id\":\"https:\\\/\\\/www.anovapeneira.gal\\\/index.php\\\/2020\\\/01\\\/14\\\/a-guarda-acolle-en-febreiro-un-curso-de-elaboracion-artesanal-de-unguentos-naturais\\\/#primaryimage\"},\"image\":{\"@id\":\"https:\\\/\\\/www.anovapeneira.gal\\\/index.php\\\/2020\\\/01\\\/14\\\/a-guarda-acolle-en-febreiro-un-curso-de-elaboracion-artesanal-de-unguentos-naturais\\\/#primaryimage\"},\"thumbnailUrl\":\"https:\\\/\\\/www.anovapeneira.gal\\\/wp-content\\\/uploads\\\/2020\\\/01\\\/coas_mans_na_masa_a_nova_peneira_cartel.jpg\",\"datePublished\":\"2020-01-14T13:00:50+00:00\",\"breadcrumb\":{\"@id\":\"https:\\\/\\\/www.anovapeneira.gal\\\/index.php\\\/2020\\\/01\\\/14\\\/a-guarda-acolle-en-febreiro-un-curso-de-elaboracion-artesanal-de-unguentos-naturais\\\/#breadcrumb\"},\"inLanguage\":\"gl-ES\",\"potentialAction\":[{\"@type\":\"ReadAction\",\"target\":[\"https:\\\/\\\/www.anovapeneira.gal\\\/index.php\\\/2020\\\/01\\\/14\\\/a-guarda-acolle-en-febreiro-un-curso-de-elaboracion-artesanal-de-unguentos-naturais\\\/\"]}]},{\"@type\":\"ImageObject\",\"inLanguage\":\"gl-ES\",\"@id\":\"https:\\\/\\\/www.anovapeneira.gal\\\/index.php\\\/2020\\\/01\\\/14\\\/a-guarda-acolle-en-febreiro-un-curso-de-elaboracion-artesanal-de-unguentos-naturais\\\/#primaryimage\",\"url\":\"https:\\\/\\\/www.anovapeneira.gal\\\/wp-content\\\/uploads\\\/2020\\\/01\\\/coas_mans_na_masa_a_nova_peneira_cartel.jpg\",\"contentUrl\":\"https:\\\/\\\/www.anovapeneira.gal\\\/wp-content\\\/uploads\\\/2020\\\/01\\\/coas_mans_na_masa_a_nova_peneira_cartel.jpg\",\"width\":720,\"height\":432},{\"@type\":\"BreadcrumbList\",\"@id\":\"https:\\\/\\\/www.anovapeneira.gal\\\/index.php\\\/2020\\\/01\\\/14\\\/a-guarda-acolle-en-febreiro-un-curso-de-elaboracion-artesanal-de-unguentos-naturais\\\/#breadcrumb\",\"itemListElement\":[{\"@type\":\"ListItem\",\"position\":1,\"name\":\"Portada\",\"item\":\"https:\\\/\\\/www.anovapeneira.gal\\\/\"},{\"@type\":\"ListItem\",\"position\":2,\"name\":\"A Guarda acolle en febreiro un curso de Elaboraci\u00f3n artesanal de Ung\u00fcentos naturais\"}]},{\"@type\":\"WebSite\",\"@id\":\"https:\\\/\\\/www.anovapeneira.gal\\\/#website\",\"url\":\"https:\\\/\\\/www.anovapeneira.gal\\\/\",\"name\":\"\",\"description\":\"Xornal galego de informaci\u00f3n xeral Publicaci\u00f3n mensual de novas de Galicia e en especial dos Concellos da sur da provincia de Pontevedra.\",\"publisher\":{\"@id\":\"https:\\\/\\\/www.anovapeneira.gal\\\/#organization\"},\"potentialAction\":[{\"@type\":\"SearchAction\",\"target\":{\"@type\":\"EntryPoint\",\"urlTemplate\":\"https:\\\/\\\/www.anovapeneira.gal\\\/?s={search_term_string}\"},\"query-input\":{\"@type\":\"PropertyValueSpecification\",\"valueRequired\":true,\"valueName\":\"search_term_string\"}}],\"inLanguage\":\"gl-ES\"},{\"@type\":\"Organization\",\"@id\":\"https:\\\/\\\/www.anovapeneira.gal\\\/#organization\",\"name\":\"A Nova Peneira\",\"url\":\"https:\\\/\\\/www.anovapeneira.gal\\\/\",\"logo\":{\"@type\":\"ImageObject\",\"inLanguage\":\"gl-ES\",\"@id\":\"https:\\\/\\\/www.anovapeneira.gal\\\/#\\\/schema\\\/logo\\\/image\\\/\",\"url\":\"http:\\\/\\\/www.anovapeneira.gal\\\/wp-content\\\/uploads\\\/2019\\\/06\\\/logo_a_nova_peneira_portal_web.png\",\"contentUrl\":\"http:\\\/\\\/www.anovapeneira.gal\\\/wp-content\\\/uploads\\\/2019\\\/06\\\/logo_a_nova_peneira_portal_web.png\",\"width\":300,\"height\":100,\"caption\":\"A Nova Peneira\"},\"image\":{\"@id\":\"https:\\\/\\\/www.anovapeneira.gal\\\/#\\\/schema\\\/logo\\\/image\\\/\"},\"sameAs\":[\"https:\\\/\\\/www.facebook.com\\\/anovapeneira\",\"https:\\\/\\\/x.com\\\/APeneira\"]},{\"@type\":\"Person\",\"@id\":\"https:\\\/\\\/www.anovapeneira.gal\\\/#\\\/schema\\\/person\\\/b93e3f8932e3f8da96334607eb6ac6aa\",\"name\":\"Redacci\u00f3n A Nova Peneira\",\"image\":{\"@type\":\"ImageObject\",\"inLanguage\":\"gl-ES\",\"@id\":\"https:\\\/\\\/secure.gravatar.com\\\/avatar\\\/c052a2551a06e23fac63626232eaa90abd78dbcf1700fc46a2b2c89fd27b735f?s=96&d=mm&r=g\",\"url\":\"https:\\\/\\\/secure.gravatar.com\\\/avatar\\\/c052a2551a06e23fac63626232eaa90abd78dbcf1700fc46a2b2c89fd27b735f?s=96&d=mm&r=g\",\"contentUrl\":\"https:\\\/\\\/secure.gravatar.com\\\/avatar\\\/c052a2551a06e23fac63626232eaa90abd78dbcf1700fc46a2b2c89fd27b735f?s=96&d=mm&r=g\",\"caption\":\"Redacci\u00f3n A Nova Peneira\"},\"sameAs\":[\"http:\\\/\\\/www.anovapeneira.gal\\\/\"],\"url\":\"https:\\\/\\\/www.anovapeneira.gal\\\/index.php\\\/author\\\/redactor\\\/\"}]}<\/script>\n<!-- \/ Yoast SEO plugin. -->","yoast_head_json":{"title":"A Guarda acolle en febreiro un curso de Elaboraci\u00f3n artesanal de Ung\u00fcentos naturais -","robots":{"index":"index","follow":"follow","max-snippet":"max-snippet:-1","max-image-preview":"max-image-preview:large","max-video-preview":"max-video-preview:-1"},"canonical":"https:\/\/www.anovapeneira.gal\/index.php\/2020\/01\/14\/a-guarda-acolle-en-febreiro-un-curso-de-elaboracion-artesanal-de-unguentos-naturais\/","og_locale":"gl_ES","og_type":"article","og_title":"A Guarda acolle en febreiro un curso de Elaboraci\u00f3n artesanal de Ung\u00fcentos naturais -","og_description":"A Asociaci\u00f3n de Desenvolvemento Galicia Suroeste Eurural contin\u00faa coa s\u00faa apostando pola formaci\u00f3n como ferramenta para mellorar a capacitaci\u00f3n dos recursos humanos do territorio [...]","og_url":"https:\/\/www.anovapeneira.gal\/index.php\/2020\/01\/14\/a-guarda-acolle-en-febreiro-un-curso-de-elaboracion-artesanal-de-unguentos-naturais\/","article_publisher":"https:\/\/www.facebook.com\/anovapeneira","article_published_time":"2020-01-14T13:00:50+00:00","og_image":[{"width":720,"height":432,"url":"https:\/\/www.anovapeneira.gal\/wp-content\/uploads\/2020\/01\/coas_mans_na_masa_a_nova_peneira_cartel.jpg","type":"image\/jpeg"}],"author":"Redacci\u00f3n A Nova Peneira","twitter_card":"summary_large_image","twitter_creator":"@APeneira","twitter_site":"@APeneira","twitter_misc":{"Escrito por":"Redacci\u00f3n A Nova Peneira","Tempo de lectura":"2 minutos"},"schema":{"@context":"https:\/\/schema.org","@graph":[{"@type":"Article","@id":"https:\/\/www.anovapeneira.gal\/index.php\/2020\/01\/14\/a-guarda-acolle-en-febreiro-un-curso-de-elaboracion-artesanal-de-unguentos-naturais\/#article","isPartOf":{"@id":"https:\/\/www.anovapeneira.gal\/index.php\/2020\/01\/14\/a-guarda-acolle-en-febreiro-un-curso-de-elaboracion-artesanal-de-unguentos-naturais\/"},"author":{"name":"Redacci\u00f3n A Nova Peneira","@id":"https:\/\/www.anovapeneira.gal\/#\/schema\/person\/b93e3f8932e3f8da96334607eb6ac6aa"},"headline":"A Guarda acolle en febreiro un curso de Elaboraci\u00f3n artesanal de Ung\u00fcentos naturais","datePublished":"2020-01-14T13:00:50+00:00","mainEntityOfPage":{"@id":"https:\/\/www.anovapeneira.gal\/index.php\/2020\/01\/14\/a-guarda-acolle-en-febreiro-un-curso-de-elaboracion-artesanal-de-unguentos-naturais\/"},"wordCount":489,"commentCount":0,"publisher":{"@id":"https:\/\/www.anovapeneira.gal\/#organization"},"image":{"@id":"https:\/\/www.anovapeneira.gal\/index.php\/2020\/01\/14\/a-guarda-acolle-en-febreiro-un-curso-de-elaboracion-artesanal-de-unguentos-naturais\/#primaryimage"},"thumbnailUrl":"https:\/\/www.anovapeneira.gal\/wp-content\/uploads\/2020\/01\/coas_mans_na_masa_a_nova_peneira_cartel.jpg","keywords":["Concello da Guarda","Formaci\u00f3n","Ung\u00fcentos"],"articleSection":["Baixo Mi\u00f1o"],"inLanguage":"gl-ES","potentialAction":[{"@type":"CommentAction","name":"Comment","target":["https:\/\/www.anovapeneira.gal\/index.php\/2020\/01\/14\/a-guarda-acolle-en-febreiro-un-curso-de-elaboracion-artesanal-de-unguentos-naturais\/#respond"]}]},{"@type":"WebPage","@id":"https:\/\/www.anovapeneira.gal\/index.php\/2020\/01\/14\/a-guarda-acolle-en-febreiro-un-curso-de-elaboracion-artesanal-de-unguentos-naturais\/","url":"https:\/\/www.anovapeneira.gal\/index.php\/2020\/01\/14\/a-guarda-acolle-en-febreiro-un-curso-de-elaboracion-artesanal-de-unguentos-naturais\/","name":"A Guarda acolle en febreiro un curso de Elaboraci\u00f3n artesanal de Ung\u00fcentos naturais -","isPartOf":{"@id":"https:\/\/www.anovapeneira.gal\/#website"},"primaryImageOfPage":{"@id":"https:\/\/www.anovapeneira.gal\/index.php\/2020\/01\/14\/a-guarda-acolle-en-febreiro-un-curso-de-elaboracion-artesanal-de-unguentos-naturais\/#primaryimage"},"image":{"@id":"https:\/\/www.anovapeneira.gal\/index.php\/2020\/01\/14\/a-guarda-acolle-en-febreiro-un-curso-de-elaboracion-artesanal-de-unguentos-naturais\/#primaryimage"},"thumbnailUrl":"https:\/\/www.anovapeneira.gal\/wp-content\/uploads\/2020\/01\/coas_mans_na_masa_a_nova_peneira_cartel.jpg","datePublished":"2020-01-14T13:00:50+00:00","breadcrumb":{"@id":"https:\/\/www.anovapeneira.gal\/index.php\/2020\/01\/14\/a-guarda-acolle-en-febreiro-un-curso-de-elaboracion-artesanal-de-unguentos-naturais\/#breadcrumb"},"inLanguage":"gl-ES","potentialAction":[{"@type":"ReadAction","target":["https:\/\/www.anovapeneira.gal\/index.php\/2020\/01\/14\/a-guarda-acolle-en-febreiro-un-curso-de-elaboracion-artesanal-de-unguentos-naturais\/"]}]},{"@type":"ImageObject","inLanguage":"gl-ES","@id":"https:\/\/www.anovapeneira.gal\/index.php\/2020\/01\/14\/a-guarda-acolle-en-febreiro-un-curso-de-elaboracion-artesanal-de-unguentos-naturais\/#primaryimage","url":"https:\/\/www.anovapeneira.gal\/wp-content\/uploads\/2020\/01\/coas_mans_na_masa_a_nova_peneira_cartel.jpg","contentUrl":"https:\/\/www.anovapeneira.gal\/wp-content\/uploads\/2020\/01\/coas_mans_na_masa_a_nova_peneira_cartel.jpg","width":720,"height":432},{"@type":"BreadcrumbList","@id":"https:\/\/www.anovapeneira.gal\/index.php\/2020\/01\/14\/a-guarda-acolle-en-febreiro-un-curso-de-elaboracion-artesanal-de-unguentos-naturais\/#breadcrumb","itemListElement":[{"@type":"ListItem","position":1,"name":"Portada","item":"https:\/\/www.anovapeneira.gal\/"},{"@type":"ListItem","position":2,"name":"A Guarda acolle en febreiro un curso de Elaboraci\u00f3n artesanal de Ung\u00fcentos naturais"}]},{"@type":"WebSite","@id":"https:\/\/www.anovapeneira.gal\/#website","url":"https:\/\/www.anovapeneira.gal\/","name":"","description":"Xornal galego de informaci\u00f3n xeral Publicaci\u00f3n mensual de novas de Galicia e en especial dos Concellos da sur da provincia de Pontevedra.","publisher":{"@id":"https:\/\/www.anovapeneira.gal\/#organization"},"potentialAction":[{"@type":"SearchAction","target":{"@type":"EntryPoint","urlTemplate":"https:\/\/www.anovapeneira.gal\/?s={search_term_string}"},"query-input":{"@type":"PropertyValueSpecification","valueRequired":true,"valueName":"search_term_string"}}],"inLanguage":"gl-ES"},{"@type":"Organization","@id":"https:\/\/www.anovapeneira.gal\/#organization","name":"A Nova Peneira","url":"https:\/\/www.anovapeneira.gal\/","logo":{"@type":"ImageObject","inLanguage":"gl-ES","@id":"https:\/\/www.anovapeneira.gal\/#\/schema\/logo\/image\/","url":"http:\/\/www.anovapeneira.gal\/wp-content\/uploads\/2019\/06\/logo_a_nova_peneira_portal_web.png","contentUrl":"http:\/\/www.anovapeneira.gal\/wp-content\/uploads\/2019\/06\/logo_a_nova_peneira_portal_web.png","width":300,"height":100,"caption":"A Nova Peneira"},"image":{"@id":"https:\/\/www.anovapeneira.gal\/#\/schema\/logo\/image\/"},"sameAs":["https:\/\/www.facebook.com\/anovapeneira","https:\/\/x.com\/APeneira"]},{"@type":"Person","@id":"https:\/\/www.anovapeneira.gal\/#\/schema\/person\/b93e3f8932e3f8da96334607eb6ac6aa","name":"Redacci\u00f3n A Nova Peneira","image":{"@type":"ImageObject","inLanguage":"gl-ES","@id":"https:\/\/secure.gravatar.com\/avatar\/c052a2551a06e23fac63626232eaa90abd78dbcf1700fc46a2b2c89fd27b735f?s=96&d=mm&r=g","url":"https:\/\/secure.gravatar.com\/avatar\/c052a2551a06e23fac63626232eaa90abd78dbcf1700fc46a2b2c89fd27b735f?s=96&d=mm&r=g","contentUrl":"https:\/\/secure.gravatar.com\/avatar\/c052a2551a06e23fac63626232eaa90abd78dbcf1700fc46a2b2c89fd27b735f?s=96&d=mm&r=g","caption":"Redacci\u00f3n A Nova Peneira"},"sameAs":["http:\/\/www.anovapeneira.gal\/"],"url":"https:\/\/www.anovapeneira.gal\/index.php\/author\/redactor\/"}]}},"jetpack_featured_media_url":"https:\/\/www.anovapeneira.gal\/wp-content\/uploads\/2020\/01\/coas_mans_na_masa_a_nova_peneira_cartel.jpg","_links":{"self":[{"href":"https:\/\/www.anovapeneira.gal\/index.php\/wp-json\/wp\/v2\/posts\/2251","targetHints":{"allow":["GET"]}}],"collection":[{"href":"https:\/\/www.anovapeneira.gal\/index.php\/wp-json\/wp\/v2\/posts"}],"about":[{"href":"https:\/\/www.anovapeneira.gal\/index.php\/wp-json\/wp\/v2\/types\/post"}],"author":[{"embeddable":true,"href":"https:\/\/www.anovapeneira.gal\/index.php\/wp-json\/wp\/v2\/users\/3"}],"replies":[{"embeddable":true,"href":"https:\/\/www.anovapeneira.gal\/index.php\/wp-json\/wp\/v2\/comments?post=2251"}],"version-history":[{"count":1,"href":"https:\/\/www.anovapeneira.gal\/index.php\/wp-json\/wp\/v2\/posts\/2251\/revisions"}],"predecessor-version":[{"id":2254,"href":"https:\/\/www.anovapeneira.gal\/index.php\/wp-json\/wp\/v2\/posts\/2251\/revisions\/2254"}],"wp:featuredmedia":[{"embeddable":true,"href":"https:\/\/www.anovapeneira.gal\/index.php\/wp-json\/wp\/v2\/media\/2252"}],"wp:attachment":[{"href":"https:\/\/www.anovapeneira.gal\/index.php\/wp-json\/wp\/v2\/media?parent=2251"}],"wp:term":[{"taxonomy":"category","embeddable":true,"href":"https:\/\/www.anovapeneira.gal\/index.php\/wp-json\/wp\/v2\/categories?post=2251"},{"taxonomy":"post_tag","embeddable":true,"href":"https:\/\/www.anovapeneira.gal\/index.php\/wp-json\/wp\/v2\/tags?post=2251"}],"curies":[{"name":"wp","href":"https:\/\/api.w.org\/{rel}","templated":true}]}}