{"id":2255,"date":"2020-01-15T10:00:30","date_gmt":"2020-01-15T09:00:30","guid":{"rendered":"http:\/\/www.anovapeneira.gal\/?p=2255"},"modified":"2020-01-11T22:32:51","modified_gmt":"2020-01-11T21:32:51","slug":"setecentas-persoas-melloran-os-seus-habitos-da-man-do-servizo-de-educacion-familiar","status":"publish","type":"post","link":"https:\/\/www.anovapeneira.gal\/index.php\/2020\/01\/15\/setecentas-persoas-melloran-os-seus-habitos-da-man-do-servizo-de-educacion-familiar\/","title":{"rendered":"Setecentas persoas melloran os seus h\u00e1bitos da man do Servizo de Educaci\u00f3n Familiar"},"content":{"rendered":"\n<h2 class=\"wp-block-heading\"><strong>M\u00e1is de 30 familias acuden aos obradoiros de alimentaci\u00f3n dentro do programa \u201cMedrando en Familia\u201d<\/strong><\/h2>\n\n\n\n<p><strong>Tomi\u00f1o, 10 de xaneiro de 2020<\/strong><\/p>\n\n\n\n<p>O\nServizo de Educaci\u00f3n e Apoio Familiar do Concello de Tomi\u00f1o,\natendeu durante o 2019 a m\u00e1is de 700 persoas usuarias de alg\u00fans dos\ndistintos programas organizados polo departamento. \n<\/p>\n\n\n\n<p>M\u00e1is\nde 60 familias participaron nos obradoiros de estimulaci\u00f3n temper\u00e1\ne no encontro e obradoiros de h\u00e1bitos saudables e de nutrici\u00f3n\ninfantil dirixido prioritariamente a menores de 3 anos, unha das\nprincipais novidades da edici\u00f3n,e que converteu nun aut\u00e9ntico\nespazo para aprender, resolver d\u00fabidas e dar resposta \u00e1s\ninquedanzas das familias tomi\u00f1esas con nenos e nenas na primeira\ninfancia. Ese era o obxectivo de \u201cMedrando en familia\u201d, un\nprograma de intervenci\u00f3n socio-comunitaria centrado en familias con\ncativos e cativas menores de 6 anos que pechou a s\u00faa terceira\nedici\u00f3n cun rotundo \u00e9xito de acollida. \n<\/p>\n\n\n\n<p>Posto\nen marcha pola Conceller\u00eda de Benestar Social do Concello de Tomi\u00f1o,\no programa contou nesta ocasi\u00f3n cun encontro e varios obradoiros\npensados \u201cpara estimular o establecemento de pautas b\u00e1sicas de\norganizaci\u00f3n familiar e, sobre todo, para que os pequenos e as\npequenas da casa te\u00f1an un tempo de lecer propio e compartido cos\nseus proxenitores e medren conxuntamente\u201d, segundo explica a\nconcelleira responsable, Cristina Mart\u00ednez. \n<\/p>\n\n\n\n<p>Ao\nlongo dos meses de outubro, novembro e decembro, o Servizo de\nEducaci\u00f3n e Apoio Familiar desenvolveu distintas actividades no\npropio Concello, pero tam\u00e9n na escola infantil Gali\u00f1a Azul e no\nmercado municipal; actividades \u00e1s que acudiron 35 familias\npreocupadas por aprender a facer a transici\u00f3n aos s\u00f3lidos dos seus\nfillos, ou convert\u00e9ndose en coci\u00f1eiros por un d\u00eda para descubrir\nalimentos saudables e boas pr\u00e1cticas alimenticias, da man de\nprofesionais, coma a farmac\u00e9utica e nutricionista Nuria Iglesias, ou\nQuelly Rodr\u00edguez, de Ma Nun\u00fa, que conxugaron teor\u00eda e pr\u00e1ctica\ndese\u00f1ando estratexias para unha alimentaci\u00f3n m\u00e1is sa e apetecible.<\/p>\n","protected":false},"excerpt":{"rendered":"<div class=\"mh-excerpt\"><p>O Servizo de Educaci\u00f3n e Apoio Familiar do Concello de Tomi\u00f1o, atendeu durante o 2019 a m\u00e1is de 700 persoas usuarias de alg\u00fans dos distintos programas organizados polo departamento <a class=\"mh-excerpt-more\" href=\"https:\/\/www.anovapeneira.gal\/index.php\/2020\/01\/15\/setecentas-persoas-melloran-os-seus-habitos-da-man-do-servizo-de-educacion-familiar\/\" title=\"Setecentas persoas melloran os seus h\u00e1bitos da man do Servizo de Educaci\u00f3n Familiar\">[&#8230;]<\/a><\/p>\n<\/div>","protected":false},"author":3,"featured_media":2257,"comment_status":"open","ping_status":"open","sticky":false,"template":"","format":"standard","meta":{"_exactmetrics_skip_tracking":false,"_exactmetrics_sitenote_active":false,"_exactmetrics_sitenote_note":"","_exactmetrics_sitenote_category":0,"footnotes":""},"categories":[21],"tags":[81,906],"class_list":{"0":"post-2255","1":"post","2":"type-post","3":"status-publish","4":"format-standard","5":"has-post-thumbnail","7":"category-baixo-mino","8":"tag-concello-de-tomino","9":"tag-servizo-de-educacion-familiar"},"yoast_head":"<!-- This site is optimized with the Yoast SEO plugin v27.4 - https:\/\/yoast.com\/product\/yoast-seo-wordpress\/ -->\n<title>Setecentas persoas melloran os seus h\u00e1bitos da man do Servizo de Educaci\u00f3n Familiar -<\/title>\n<meta name=\"robots\" content=\"index, follow, max-snippet:-1, max-image-preview:large, max-video-preview:-1\" \/>\n<link rel=\"canonical\" href=\"https:\/\/www.anovapeneira.gal\/index.php\/2020\/01\/15\/setecentas-persoas-melloran-os-seus-habitos-da-man-do-servizo-de-educacion-familiar\/\" \/>\n<meta property=\"og:locale\" content=\"gl_ES\" \/>\n<meta property=\"og:type\" content=\"article\" \/>\n<meta property=\"og:title\" content=\"Setecentas persoas melloran os seus h\u00e1bitos da man do Servizo de Educaci\u00f3n Familiar -\" \/>\n<meta property=\"og:description\" content=\"O Servizo de Educaci\u00f3n e Apoio Familiar do Concello de Tomi\u00f1o, atendeu durante o 2019 a m\u00e1is de 700 persoas usuarias de alg\u00fans dos distintos programas organizados polo departamento [...]\" \/>\n<meta property=\"og:url\" content=\"https:\/\/www.anovapeneira.gal\/index.php\/2020\/01\/15\/setecentas-persoas-melloran-os-seus-habitos-da-man-do-servizo-de-educacion-familiar\/\" \/>\n<meta property=\"article:publisher\" content=\"https:\/\/www.facebook.com\/anovapeneira\" \/>\n<meta property=\"article:published_time\" content=\"2020-01-15T09:00:30+00:00\" \/>\n<meta property=\"og:image\" content=\"https:\/\/www.anovapeneira.gal\/wp-content\/uploads\/2020\/01\/obradoiro_alimentacio\u0301n_saudable_a_nova_peneira.jpg\" \/>\n\t<meta property=\"og:image:width\" content=\"720\" \/>\n\t<meta property=\"og:image:height\" content=\"432\" \/>\n\t<meta property=\"og:image:type\" content=\"image\/jpeg\" \/>\n<meta name=\"author\" content=\"Redacci\u00f3n A Nova Peneira\" \/>\n<meta name=\"twitter:card\" content=\"summary_large_image\" \/>\n<meta name=\"twitter:creator\" content=\"@APeneira\" \/>\n<meta name=\"twitter:site\" content=\"@APeneira\" \/>\n<meta name=\"twitter:label1\" content=\"Escrito por\" \/>\n\t<meta name=\"twitter:data1\" content=\"Redacci\u00f3n A Nova Peneira\" \/>\n\t<meta name=\"twitter:label2\" content=\"Tempo de lectura\" \/>\n\t<meta name=\"twitter:data2\" content=\"2 minutos\" \/>\n<script type=\"application\/ld+json\" class=\"yoast-schema-graph\">{\"@context\":\"https:\\\/\\\/schema.org\",\"@graph\":[{\"@type\":\"Article\",\"@id\":\"https:\\\/\\\/www.anovapeneira.gal\\\/index.php\\\/2020\\\/01\\\/15\\\/setecentas-persoas-melloran-os-seus-habitos-da-man-do-servizo-de-educacion-familiar\\\/#article\",\"isPartOf\":{\"@id\":\"https:\\\/\\\/www.anovapeneira.gal\\\/index.php\\\/2020\\\/01\\\/15\\\/setecentas-persoas-melloran-os-seus-habitos-da-man-do-servizo-de-educacion-familiar\\\/\"},\"author\":{\"name\":\"Redacci\u00f3n A Nova Peneira\",\"@id\":\"https:\\\/\\\/www.anovapeneira.gal\\\/#\\\/schema\\\/person\\\/b93e3f8932e3f8da96334607eb6ac6aa\"},\"headline\":\"Setecentas persoas melloran os seus h\u00e1bitos da man do Servizo de Educaci\u00f3n Familiar\",\"datePublished\":\"2020-01-15T09:00:30+00:00\",\"mainEntityOfPage\":{\"@id\":\"https:\\\/\\\/www.anovapeneira.gal\\\/index.php\\\/2020\\\/01\\\/15\\\/setecentas-persoas-melloran-os-seus-habitos-da-man-do-servizo-de-educacion-familiar\\\/\"},\"wordCount\":355,\"commentCount\":0,\"publisher\":{\"@id\":\"https:\\\/\\\/www.anovapeneira.gal\\\/#organization\"},\"image\":{\"@id\":\"https:\\\/\\\/www.anovapeneira.gal\\\/index.php\\\/2020\\\/01\\\/15\\\/setecentas-persoas-melloran-os-seus-habitos-da-man-do-servizo-de-educacion-familiar\\\/#primaryimage\"},\"thumbnailUrl\":\"https:\\\/\\\/www.anovapeneira.gal\\\/wp-content\\\/uploads\\\/2020\\\/01\\\/obradoiro_alimentacio\u0301n_saudable_a_nova_peneira.jpg\",\"keywords\":[\"Concello de Tomi\u00f1o\",\"Servizo de Educaci\u00f3n Familiar\"],\"articleSection\":[\"Baixo Mi\u00f1o\"],\"inLanguage\":\"gl-ES\",\"potentialAction\":[{\"@type\":\"CommentAction\",\"name\":\"Comment\",\"target\":[\"https:\\\/\\\/www.anovapeneira.gal\\\/index.php\\\/2020\\\/01\\\/15\\\/setecentas-persoas-melloran-os-seus-habitos-da-man-do-servizo-de-educacion-familiar\\\/#respond\"]}]},{\"@type\":\"WebPage\",\"@id\":\"https:\\\/\\\/www.anovapeneira.gal\\\/index.php\\\/2020\\\/01\\\/15\\\/setecentas-persoas-melloran-os-seus-habitos-da-man-do-servizo-de-educacion-familiar\\\/\",\"url\":\"https:\\\/\\\/www.anovapeneira.gal\\\/index.php\\\/2020\\\/01\\\/15\\\/setecentas-persoas-melloran-os-seus-habitos-da-man-do-servizo-de-educacion-familiar\\\/\",\"name\":\"Setecentas persoas melloran os seus h\u00e1bitos da man do Servizo de Educaci\u00f3n Familiar -\",\"isPartOf\":{\"@id\":\"https:\\\/\\\/www.anovapeneira.gal\\\/#website\"},\"primaryImageOfPage\":{\"@id\":\"https:\\\/\\\/www.anovapeneira.gal\\\/index.php\\\/2020\\\/01\\\/15\\\/setecentas-persoas-melloran-os-seus-habitos-da-man-do-servizo-de-educacion-familiar\\\/#primaryimage\"},\"image\":{\"@id\":\"https:\\\/\\\/www.anovapeneira.gal\\\/index.php\\\/2020\\\/01\\\/15\\\/setecentas-persoas-melloran-os-seus-habitos-da-man-do-servizo-de-educacion-familiar\\\/#primaryimage\"},\"thumbnailUrl\":\"https:\\\/\\\/www.anovapeneira.gal\\\/wp-content\\\/uploads\\\/2020\\\/01\\\/obradoiro_alimentacio\u0301n_saudable_a_nova_peneira.jpg\",\"datePublished\":\"2020-01-15T09:00:30+00:00\",\"breadcrumb\":{\"@id\":\"https:\\\/\\\/www.anovapeneira.gal\\\/index.php\\\/2020\\\/01\\\/15\\\/setecentas-persoas-melloran-os-seus-habitos-da-man-do-servizo-de-educacion-familiar\\\/#breadcrumb\"},\"inLanguage\":\"gl-ES\",\"potentialAction\":[{\"@type\":\"ReadAction\",\"target\":[\"https:\\\/\\\/www.anovapeneira.gal\\\/index.php\\\/2020\\\/01\\\/15\\\/setecentas-persoas-melloran-os-seus-habitos-da-man-do-servizo-de-educacion-familiar\\\/\"]}]},{\"@type\":\"ImageObject\",\"inLanguage\":\"gl-ES\",\"@id\":\"https:\\\/\\\/www.anovapeneira.gal\\\/index.php\\\/2020\\\/01\\\/15\\\/setecentas-persoas-melloran-os-seus-habitos-da-man-do-servizo-de-educacion-familiar\\\/#primaryimage\",\"url\":\"https:\\\/\\\/www.anovapeneira.gal\\\/wp-content\\\/uploads\\\/2020\\\/01\\\/obradoiro_alimentacio\u0301n_saudable_a_nova_peneira.jpg\",\"contentUrl\":\"https:\\\/\\\/www.anovapeneira.gal\\\/wp-content\\\/uploads\\\/2020\\\/01\\\/obradoiro_alimentacio\u0301n_saudable_a_nova_peneira.jpg\",\"width\":720,\"height\":432,\"caption\":\"Obradoiro Alimentaci\u00f3n saudable a Nova Peneira\"},{\"@type\":\"BreadcrumbList\",\"@id\":\"https:\\\/\\\/www.anovapeneira.gal\\\/index.php\\\/2020\\\/01\\\/15\\\/setecentas-persoas-melloran-os-seus-habitos-da-man-do-servizo-de-educacion-familiar\\\/#breadcrumb\",\"itemListElement\":[{\"@type\":\"ListItem\",\"position\":1,\"name\":\"Portada\",\"item\":\"https:\\\/\\\/www.anovapeneira.gal\\\/\"},{\"@type\":\"ListItem\",\"position\":2,\"name\":\"Setecentas persoas melloran os seus h\u00e1bitos da man do Servizo de Educaci\u00f3n Familiar\"}]},{\"@type\":\"WebSite\",\"@id\":\"https:\\\/\\\/www.anovapeneira.gal\\\/#website\",\"url\":\"https:\\\/\\\/www.anovapeneira.gal\\\/\",\"name\":\"\",\"description\":\"Xornal galego de informaci\u00f3n xeral Publicaci\u00f3n mensual de novas de Galicia e en especial dos Concellos da sur da provincia de Pontevedra.\",\"publisher\":{\"@id\":\"https:\\\/\\\/www.anovapeneira.gal\\\/#organization\"},\"potentialAction\":[{\"@type\":\"SearchAction\",\"target\":{\"@type\":\"EntryPoint\",\"urlTemplate\":\"https:\\\/\\\/www.anovapeneira.gal\\\/?s={search_term_string}\"},\"query-input\":{\"@type\":\"PropertyValueSpecification\",\"valueRequired\":true,\"valueName\":\"search_term_string\"}}],\"inLanguage\":\"gl-ES\"},{\"@type\":\"Organization\",\"@id\":\"https:\\\/\\\/www.anovapeneira.gal\\\/#organization\",\"name\":\"A Nova Peneira\",\"url\":\"https:\\\/\\\/www.anovapeneira.gal\\\/\",\"logo\":{\"@type\":\"ImageObject\",\"inLanguage\":\"gl-ES\",\"@id\":\"https:\\\/\\\/www.anovapeneira.gal\\\/#\\\/schema\\\/logo\\\/image\\\/\",\"url\":\"http:\\\/\\\/www.anovapeneira.gal\\\/wp-content\\\/uploads\\\/2019\\\/06\\\/logo_a_nova_peneira_portal_web.png\",\"contentUrl\":\"http:\\\/\\\/www.anovapeneira.gal\\\/wp-content\\\/uploads\\\/2019\\\/06\\\/logo_a_nova_peneira_portal_web.png\",\"width\":300,\"height\":100,\"caption\":\"A Nova Peneira\"},\"image\":{\"@id\":\"https:\\\/\\\/www.anovapeneira.gal\\\/#\\\/schema\\\/logo\\\/image\\\/\"},\"sameAs\":[\"https:\\\/\\\/www.facebook.com\\\/anovapeneira\",\"https:\\\/\\\/x.com\\\/APeneira\"]},{\"@type\":\"Person\",\"@id\":\"https:\\\/\\\/www.anovapeneira.gal\\\/#\\\/schema\\\/person\\\/b93e3f8932e3f8da96334607eb6ac6aa\",\"name\":\"Redacci\u00f3n A Nova Peneira\",\"image\":{\"@type\":\"ImageObject\",\"inLanguage\":\"gl-ES\",\"@id\":\"https:\\\/\\\/secure.gravatar.com\\\/avatar\\\/c052a2551a06e23fac63626232eaa90abd78dbcf1700fc46a2b2c89fd27b735f?s=96&d=mm&r=g\",\"url\":\"https:\\\/\\\/secure.gravatar.com\\\/avatar\\\/c052a2551a06e23fac63626232eaa90abd78dbcf1700fc46a2b2c89fd27b735f?s=96&d=mm&r=g\",\"contentUrl\":\"https:\\\/\\\/secure.gravatar.com\\\/avatar\\\/c052a2551a06e23fac63626232eaa90abd78dbcf1700fc46a2b2c89fd27b735f?s=96&d=mm&r=g\",\"caption\":\"Redacci\u00f3n A Nova Peneira\"},\"sameAs\":[\"http:\\\/\\\/www.anovapeneira.gal\\\/\"],\"url\":\"https:\\\/\\\/www.anovapeneira.gal\\\/index.php\\\/author\\\/redactor\\\/\"}]}<\/script>\n<!-- \/ Yoast SEO plugin. -->","yoast_head_json":{"title":"Setecentas persoas melloran os seus h\u00e1bitos da man do Servizo de Educaci\u00f3n Familiar -","robots":{"index":"index","follow":"follow","max-snippet":"max-snippet:-1","max-image-preview":"max-image-preview:large","max-video-preview":"max-video-preview:-1"},"canonical":"https:\/\/www.anovapeneira.gal\/index.php\/2020\/01\/15\/setecentas-persoas-melloran-os-seus-habitos-da-man-do-servizo-de-educacion-familiar\/","og_locale":"gl_ES","og_type":"article","og_title":"Setecentas persoas melloran os seus h\u00e1bitos da man do Servizo de Educaci\u00f3n Familiar -","og_description":"O Servizo de Educaci\u00f3n e Apoio Familiar do Concello de Tomi\u00f1o, atendeu durante o 2019 a m\u00e1is de 700 persoas usuarias de alg\u00fans dos distintos programas organizados polo departamento [...]","og_url":"https:\/\/www.anovapeneira.gal\/index.php\/2020\/01\/15\/setecentas-persoas-melloran-os-seus-habitos-da-man-do-servizo-de-educacion-familiar\/","article_publisher":"https:\/\/www.facebook.com\/anovapeneira","article_published_time":"2020-01-15T09:00:30+00:00","og_image":[{"width":720,"height":432,"url":"https:\/\/www.anovapeneira.gal\/wp-content\/uploads\/2020\/01\/obradoiro_alimentacio\u0301n_saudable_a_nova_peneira.jpg","type":"image\/jpeg"}],"author":"Redacci\u00f3n A Nova Peneira","twitter_card":"summary_large_image","twitter_creator":"@APeneira","twitter_site":"@APeneira","twitter_misc":{"Escrito por":"Redacci\u00f3n A Nova Peneira","Tempo de lectura":"2 minutos"},"schema":{"@context":"https:\/\/schema.org","@graph":[{"@type":"Article","@id":"https:\/\/www.anovapeneira.gal\/index.php\/2020\/01\/15\/setecentas-persoas-melloran-os-seus-habitos-da-man-do-servizo-de-educacion-familiar\/#article","isPartOf":{"@id":"https:\/\/www.anovapeneira.gal\/index.php\/2020\/01\/15\/setecentas-persoas-melloran-os-seus-habitos-da-man-do-servizo-de-educacion-familiar\/"},"author":{"name":"Redacci\u00f3n A Nova Peneira","@id":"https:\/\/www.anovapeneira.gal\/#\/schema\/person\/b93e3f8932e3f8da96334607eb6ac6aa"},"headline":"Setecentas persoas melloran os seus h\u00e1bitos da man do Servizo de Educaci\u00f3n Familiar","datePublished":"2020-01-15T09:00:30+00:00","mainEntityOfPage":{"@id":"https:\/\/www.anovapeneira.gal\/index.php\/2020\/01\/15\/setecentas-persoas-melloran-os-seus-habitos-da-man-do-servizo-de-educacion-familiar\/"},"wordCount":355,"commentCount":0,"publisher":{"@id":"https:\/\/www.anovapeneira.gal\/#organization"},"image":{"@id":"https:\/\/www.anovapeneira.gal\/index.php\/2020\/01\/15\/setecentas-persoas-melloran-os-seus-habitos-da-man-do-servizo-de-educacion-familiar\/#primaryimage"},"thumbnailUrl":"https:\/\/www.anovapeneira.gal\/wp-content\/uploads\/2020\/01\/obradoiro_alimentacio\u0301n_saudable_a_nova_peneira.jpg","keywords":["Concello de Tomi\u00f1o","Servizo de Educaci\u00f3n Familiar"],"articleSection":["Baixo Mi\u00f1o"],"inLanguage":"gl-ES","potentialAction":[{"@type":"CommentAction","name":"Comment","target":["https:\/\/www.anovapeneira.gal\/index.php\/2020\/01\/15\/setecentas-persoas-melloran-os-seus-habitos-da-man-do-servizo-de-educacion-familiar\/#respond"]}]},{"@type":"WebPage","@id":"https:\/\/www.anovapeneira.gal\/index.php\/2020\/01\/15\/setecentas-persoas-melloran-os-seus-habitos-da-man-do-servizo-de-educacion-familiar\/","url":"https:\/\/www.anovapeneira.gal\/index.php\/2020\/01\/15\/setecentas-persoas-melloran-os-seus-habitos-da-man-do-servizo-de-educacion-familiar\/","name":"Setecentas persoas melloran os seus h\u00e1bitos da man do Servizo de Educaci\u00f3n Familiar -","isPartOf":{"@id":"https:\/\/www.anovapeneira.gal\/#website"},"primaryImageOfPage":{"@id":"https:\/\/www.anovapeneira.gal\/index.php\/2020\/01\/15\/setecentas-persoas-melloran-os-seus-habitos-da-man-do-servizo-de-educacion-familiar\/#primaryimage"},"image":{"@id":"https:\/\/www.anovapeneira.gal\/index.php\/2020\/01\/15\/setecentas-persoas-melloran-os-seus-habitos-da-man-do-servizo-de-educacion-familiar\/#primaryimage"},"thumbnailUrl":"https:\/\/www.anovapeneira.gal\/wp-content\/uploads\/2020\/01\/obradoiro_alimentacio\u0301n_saudable_a_nova_peneira.jpg","datePublished":"2020-01-15T09:00:30+00:00","breadcrumb":{"@id":"https:\/\/www.anovapeneira.gal\/index.php\/2020\/01\/15\/setecentas-persoas-melloran-os-seus-habitos-da-man-do-servizo-de-educacion-familiar\/#breadcrumb"},"inLanguage":"gl-ES","potentialAction":[{"@type":"ReadAction","target":["https:\/\/www.anovapeneira.gal\/index.php\/2020\/01\/15\/setecentas-persoas-melloran-os-seus-habitos-da-man-do-servizo-de-educacion-familiar\/"]}]},{"@type":"ImageObject","inLanguage":"gl-ES","@id":"https:\/\/www.anovapeneira.gal\/index.php\/2020\/01\/15\/setecentas-persoas-melloran-os-seus-habitos-da-man-do-servizo-de-educacion-familiar\/#primaryimage","url":"https:\/\/www.anovapeneira.gal\/wp-content\/uploads\/2020\/01\/obradoiro_alimentacio\u0301n_saudable_a_nova_peneira.jpg","contentUrl":"https:\/\/www.anovapeneira.gal\/wp-content\/uploads\/2020\/01\/obradoiro_alimentacio\u0301n_saudable_a_nova_peneira.jpg","width":720,"height":432,"caption":"Obradoiro Alimentaci\u00f3n saudable a Nova Peneira"},{"@type":"BreadcrumbList","@id":"https:\/\/www.anovapeneira.gal\/index.php\/2020\/01\/15\/setecentas-persoas-melloran-os-seus-habitos-da-man-do-servizo-de-educacion-familiar\/#breadcrumb","itemListElement":[{"@type":"ListItem","position":1,"name":"Portada","item":"https:\/\/www.anovapeneira.gal\/"},{"@type":"ListItem","position":2,"name":"Setecentas persoas melloran os seus h\u00e1bitos da man do Servizo de Educaci\u00f3n Familiar"}]},{"@type":"WebSite","@id":"https:\/\/www.anovapeneira.gal\/#website","url":"https:\/\/www.anovapeneira.gal\/","name":"","description":"Xornal galego de informaci\u00f3n xeral Publicaci\u00f3n mensual de novas de Galicia e en especial dos Concellos da sur da provincia de Pontevedra.","publisher":{"@id":"https:\/\/www.anovapeneira.gal\/#organization"},"potentialAction":[{"@type":"SearchAction","target":{"@type":"EntryPoint","urlTemplate":"https:\/\/www.anovapeneira.gal\/?s={search_term_string}"},"query-input":{"@type":"PropertyValueSpecification","valueRequired":true,"valueName":"search_term_string"}}],"inLanguage":"gl-ES"},{"@type":"Organization","@id":"https:\/\/www.anovapeneira.gal\/#organization","name":"A Nova Peneira","url":"https:\/\/www.anovapeneira.gal\/","logo":{"@type":"ImageObject","inLanguage":"gl-ES","@id":"https:\/\/www.anovapeneira.gal\/#\/schema\/logo\/image\/","url":"http:\/\/www.anovapeneira.gal\/wp-content\/uploads\/2019\/06\/logo_a_nova_peneira_portal_web.png","contentUrl":"http:\/\/www.anovapeneira.gal\/wp-content\/uploads\/2019\/06\/logo_a_nova_peneira_portal_web.png","width":300,"height":100,"caption":"A Nova Peneira"},"image":{"@id":"https:\/\/www.anovapeneira.gal\/#\/schema\/logo\/image\/"},"sameAs":["https:\/\/www.facebook.com\/anovapeneira","https:\/\/x.com\/APeneira"]},{"@type":"Person","@id":"https:\/\/www.anovapeneira.gal\/#\/schema\/person\/b93e3f8932e3f8da96334607eb6ac6aa","name":"Redacci\u00f3n A Nova Peneira","image":{"@type":"ImageObject","inLanguage":"gl-ES","@id":"https:\/\/secure.gravatar.com\/avatar\/c052a2551a06e23fac63626232eaa90abd78dbcf1700fc46a2b2c89fd27b735f?s=96&d=mm&r=g","url":"https:\/\/secure.gravatar.com\/avatar\/c052a2551a06e23fac63626232eaa90abd78dbcf1700fc46a2b2c89fd27b735f?s=96&d=mm&r=g","contentUrl":"https:\/\/secure.gravatar.com\/avatar\/c052a2551a06e23fac63626232eaa90abd78dbcf1700fc46a2b2c89fd27b735f?s=96&d=mm&r=g","caption":"Redacci\u00f3n A Nova Peneira"},"sameAs":["http:\/\/www.anovapeneira.gal\/"],"url":"https:\/\/www.anovapeneira.gal\/index.php\/author\/redactor\/"}]}},"jetpack_featured_media_url":"https:\/\/www.anovapeneira.gal\/wp-content\/uploads\/2020\/01\/obradoiro_alimentacio\u0301n_saudable_a_nova_peneira.jpg","_links":{"self":[{"href":"https:\/\/www.anovapeneira.gal\/index.php\/wp-json\/wp\/v2\/posts\/2255","targetHints":{"allow":["GET"]}}],"collection":[{"href":"https:\/\/www.anovapeneira.gal\/index.php\/wp-json\/wp\/v2\/posts"}],"about":[{"href":"https:\/\/www.anovapeneira.gal\/index.php\/wp-json\/wp\/v2\/types\/post"}],"author":[{"embeddable":true,"href":"https:\/\/www.anovapeneira.gal\/index.php\/wp-json\/wp\/v2\/users\/3"}],"replies":[{"embeddable":true,"href":"https:\/\/www.anovapeneira.gal\/index.php\/wp-json\/wp\/v2\/comments?post=2255"}],"version-history":[{"count":1,"href":"https:\/\/www.anovapeneira.gal\/index.php\/wp-json\/wp\/v2\/posts\/2255\/revisions"}],"predecessor-version":[{"id":2258,"href":"https:\/\/www.anovapeneira.gal\/index.php\/wp-json\/wp\/v2\/posts\/2255\/revisions\/2258"}],"wp:featuredmedia":[{"embeddable":true,"href":"https:\/\/www.anovapeneira.gal\/index.php\/wp-json\/wp\/v2\/media\/2257"}],"wp:attachment":[{"href":"https:\/\/www.anovapeneira.gal\/index.php\/wp-json\/wp\/v2\/media?parent=2255"}],"wp:term":[{"taxonomy":"category","embeddable":true,"href":"https:\/\/www.anovapeneira.gal\/index.php\/wp-json\/wp\/v2\/categories?post=2255"},{"taxonomy":"post_tag","embeddable":true,"href":"https:\/\/www.anovapeneira.gal\/index.php\/wp-json\/wp\/v2\/tags?post=2255"}],"curies":[{"name":"wp","href":"https:\/\/api.w.org\/{rel}","templated":true}]}}