{"id":2259,"date":"2020-01-15T12:00:43","date_gmt":"2020-01-15T11:00:43","guid":{"rendered":"http:\/\/www.anovapeneira.gal\/?p=2259"},"modified":"2020-01-11T22:37:03","modified_gmt":"2020-01-11T21:37:03","slug":"salceda-presenta-o-programa-integrado-de-emprego-con-100-persoas-desempregadas","status":"publish","type":"post","link":"https:\/\/www.anovapeneira.gal\/index.php\/2020\/01\/15\/salceda-presenta-o-programa-integrado-de-emprego-con-100-persoas-desempregadas\/","title":{"rendered":"Salceda presenta o Programa Integrado de Emprego con 100 persoas desempregadas"},"content":{"rendered":"\n<p><strong>Salceda de Caselas, 10 de xaneiro de 2020<\/strong><\/p>\n\n\n\n<p>O\nConcello de Salceda de Caselas, a trav\u00e9s da Concellar\u00eda de Emprego\ne Formaci\u00f3n que dirixe Ver\u00f3nica Tour\u00f3n, ven de presentar esta ma\u00f1\u00e1\no Programa Integrado de Emprego, subvencionado con 250.000 \u20ac por\nparte da Xunta de Galicia. \n<\/p>\n\n\n\n<p>\u00c1\nxornada de presentaci\u00f3n acudiron as 100 persoas desempregadas de\nsectores diversos: discapacidade, risco de exclusi\u00f3n social, menores\nde 30 anos con baixa cualificaci\u00f3n e cualificadas, maiores de 45\nanos, persoas desempregadas perceptoras de prestaci\u00f3n, subsidios por\ndesemprego e RAI, mulleres, etc. Na mesma tam\u00e9n estiveron presentes\n\u00e1s d\u00faas t\u00e9cnicas responsables do programa, a tenente alcaldesa\nVer\u00f3nica Tour\u00f3n e a alcaldesa Loli Casti\u00f1eira. \n<\/p>\n\n\n\n<p>Este\nprograma achega as ferramentas necesarias e o apoio profesional \u00e1s\npersoas participantes, das cales 84 son veci\u00f1as de Salceda, 15 de\nSalvaterra e 1 de Porri\u00f1o.<\/p>\n\n\n\n<p>\tAs\npersoas beneficiarias participar\u00edan nun m\u00ednimo de cinco acci\u00f3ns de\norientaci\u00f3n, mellora das competencias sociais e profesionais e\nformaci\u00f3n espec\u00edfica en catro itinerarios formativos:\nAdministraci\u00f3n e atenci\u00f3n ao cliente, almac\u00e9n, produci\u00f3n\nindustrial e hostaler\u00eda.<\/p>\n\n\n\n<p>O\nprograma tam\u00e9n contar\u00e1 con pr\u00e1cticas non laborais en empresas da\nzona coas que o Concello establecer\u00e1 convenios de colaboraci\u00f3n para\ncumprir co compromiso de inserci\u00f3n marcado, sempre co obxectivo\nfinal da mellora da empregabilidade e a inserci\u00f3n laboral.<\/p>\n\n\n\n<p>\tVer\u00f3nica\nTour\u00f3n, definiu o programa como \u201cunha moi boa oportunidade para\nmellorar a empregabilidade, unha carreira de fondo na b\u00fasqueda de\nemprego que con seguridade vai a mellorar este eido e a vida das\npersoas participantes\u201d. Engade, \u201cdende o equipo de goberno\napostamos por po\u00f1er en marcha pol\u00edticas activas de emprego e este \u00e9\nun claro exemplo\u201d<\/p>\n\n\n\n<p>\tLoli\nCasti\u00f1eira, Alcaldesa de Salceda: \u201c este goberno vai a centrar os\nseus esforzos en mellorar a situaci\u00f3n dos colectivos m\u00e1is\ndesfavorecidos, como o das persoas desempregadas. Con este Programa\nesp\u00e9rase lograr un m\u00ednimo do 40% de inserci\u00f3n, polo que representa\nunha moi boa oportunidade para a nosa veci\u00f1anza\u201d<\/p>\n","protected":false},"excerpt":{"rendered":"<div class=\"mh-excerpt\"><p>O Concello de Salceda de Caselas, a trav\u00e9s da Concellar\u00eda de Emprego e Formaci\u00f3n que dirixe Ver\u00f3nica Tour\u00f3n, ven de presentar esta ma\u00f1\u00e1 o Programa Integrado de Emprego, subvencionado con 250.000 \u20ac por parte da Xunta de Galicia <a class=\"mh-excerpt-more\" href=\"https:\/\/www.anovapeneira.gal\/index.php\/2020\/01\/15\/salceda-presenta-o-programa-integrado-de-emprego-con-100-persoas-desempregadas\/\" title=\"Salceda presenta o Programa Integrado de Emprego con 100 persoas desempregadas\">[&#8230;]<\/a><\/p>\n<\/div>","protected":false},"author":3,"featured_media":2260,"comment_status":"open","ping_status":"open","sticky":false,"template":"","format":"standard","meta":{"_exactmetrics_skip_tracking":false,"_exactmetrics_sitenote_active":false,"_exactmetrics_sitenote_note":"","_exactmetrics_sitenote_category":0,"footnotes":""},"categories":[23],"tags":[359,381],"class_list":{"0":"post-2259","1":"post","2":"type-post","3":"status-publish","4":"format-standard","5":"has-post-thumbnail","7":"category-a-lourina","8":"tag-concello-de-salceda-de-caselas","9":"tag-emprego"},"yoast_head":"<!-- This site is optimized with the Yoast SEO plugin v27.4 - https:\/\/yoast.com\/product\/yoast-seo-wordpress\/ -->\n<title>Salceda presenta o Programa Integrado de Emprego con 100 persoas desempregadas -<\/title>\n<meta name=\"robots\" content=\"index, follow, max-snippet:-1, max-image-preview:large, max-video-preview:-1\" \/>\n<link rel=\"canonical\" href=\"https:\/\/www.anovapeneira.gal\/index.php\/2020\/01\/15\/salceda-presenta-o-programa-integrado-de-emprego-con-100-persoas-desempregadas\/\" \/>\n<meta property=\"og:locale\" content=\"gl_ES\" \/>\n<meta property=\"og:type\" content=\"article\" \/>\n<meta property=\"og:title\" content=\"Salceda presenta o Programa Integrado de Emprego con 100 persoas desempregadas -\" \/>\n<meta property=\"og:description\" content=\"O Concello de Salceda de Caselas, a trav\u00e9s da Concellar\u00eda de Emprego e Formaci\u00f3n que dirixe Ver\u00f3nica Tour\u00f3n, ven de presentar esta ma\u00f1\u00e1 o Programa Integrado de Emprego, subvencionado con 250.000 \u20ac por parte da Xunta de Galicia [...]\" \/>\n<meta property=\"og:url\" content=\"https:\/\/www.anovapeneira.gal\/index.php\/2020\/01\/15\/salceda-presenta-o-programa-integrado-de-emprego-con-100-persoas-desempregadas\/\" \/>\n<meta property=\"article:publisher\" content=\"https:\/\/www.facebook.com\/anovapeneira\" \/>\n<meta property=\"article:published_time\" content=\"2020-01-15T11:00:43+00:00\" \/>\n<meta property=\"og:image\" content=\"https:\/\/www.anovapeneira.gal\/wp-content\/uploads\/2020\/01\/emprego_salceda_a_nova_peneira.jpg\" \/>\n\t<meta property=\"og:image:width\" content=\"720\" \/>\n\t<meta property=\"og:image:height\" content=\"432\" \/>\n\t<meta property=\"og:image:type\" content=\"image\/jpeg\" \/>\n<meta name=\"author\" content=\"Redacci\u00f3n A Nova Peneira\" \/>\n<meta name=\"twitter:card\" content=\"summary_large_image\" \/>\n<meta name=\"twitter:creator\" content=\"@APeneira\" \/>\n<meta name=\"twitter:site\" content=\"@APeneira\" \/>\n<meta name=\"twitter:label1\" content=\"Escrito por\" \/>\n\t<meta name=\"twitter:data1\" content=\"Redacci\u00f3n A Nova Peneira\" \/>\n\t<meta name=\"twitter:label2\" content=\"Tempo de lectura\" \/>\n\t<meta name=\"twitter:data2\" content=\"2 minutos\" \/>\n<script type=\"application\/ld+json\" class=\"yoast-schema-graph\">{\"@context\":\"https:\\\/\\\/schema.org\",\"@graph\":[{\"@type\":\"Article\",\"@id\":\"https:\\\/\\\/www.anovapeneira.gal\\\/index.php\\\/2020\\\/01\\\/15\\\/salceda-presenta-o-programa-integrado-de-emprego-con-100-persoas-desempregadas\\\/#article\",\"isPartOf\":{\"@id\":\"https:\\\/\\\/www.anovapeneira.gal\\\/index.php\\\/2020\\\/01\\\/15\\\/salceda-presenta-o-programa-integrado-de-emprego-con-100-persoas-desempregadas\\\/\"},\"author\":{\"name\":\"Redacci\u00f3n A Nova Peneira\",\"@id\":\"https:\\\/\\\/www.anovapeneira.gal\\\/#\\\/schema\\\/person\\\/b93e3f8932e3f8da96334607eb6ac6aa\"},\"headline\":\"Salceda presenta o Programa Integrado de Emprego con 100 persoas desempregadas\",\"datePublished\":\"2020-01-15T11:00:43+00:00\",\"mainEntityOfPage\":{\"@id\":\"https:\\\/\\\/www.anovapeneira.gal\\\/index.php\\\/2020\\\/01\\\/15\\\/salceda-presenta-o-programa-integrado-de-emprego-con-100-persoas-desempregadas\\\/\"},\"wordCount\":356,\"commentCount\":0,\"publisher\":{\"@id\":\"https:\\\/\\\/www.anovapeneira.gal\\\/#organization\"},\"image\":{\"@id\":\"https:\\\/\\\/www.anovapeneira.gal\\\/index.php\\\/2020\\\/01\\\/15\\\/salceda-presenta-o-programa-integrado-de-emprego-con-100-persoas-desempregadas\\\/#primaryimage\"},\"thumbnailUrl\":\"https:\\\/\\\/www.anovapeneira.gal\\\/wp-content\\\/uploads\\\/2020\\\/01\\\/emprego_salceda_a_nova_peneira.jpg\",\"keywords\":[\"Concello de Salceda de Caselas\",\"Emprego\"],\"articleSection\":[\"A Louri\u00f1a\"],\"inLanguage\":\"gl-ES\",\"potentialAction\":[{\"@type\":\"CommentAction\",\"name\":\"Comment\",\"target\":[\"https:\\\/\\\/www.anovapeneira.gal\\\/index.php\\\/2020\\\/01\\\/15\\\/salceda-presenta-o-programa-integrado-de-emprego-con-100-persoas-desempregadas\\\/#respond\"]}]},{\"@type\":\"WebPage\",\"@id\":\"https:\\\/\\\/www.anovapeneira.gal\\\/index.php\\\/2020\\\/01\\\/15\\\/salceda-presenta-o-programa-integrado-de-emprego-con-100-persoas-desempregadas\\\/\",\"url\":\"https:\\\/\\\/www.anovapeneira.gal\\\/index.php\\\/2020\\\/01\\\/15\\\/salceda-presenta-o-programa-integrado-de-emprego-con-100-persoas-desempregadas\\\/\",\"name\":\"Salceda presenta o Programa Integrado de Emprego con 100 persoas desempregadas -\",\"isPartOf\":{\"@id\":\"https:\\\/\\\/www.anovapeneira.gal\\\/#website\"},\"primaryImageOfPage\":{\"@id\":\"https:\\\/\\\/www.anovapeneira.gal\\\/index.php\\\/2020\\\/01\\\/15\\\/salceda-presenta-o-programa-integrado-de-emprego-con-100-persoas-desempregadas\\\/#primaryimage\"},\"image\":{\"@id\":\"https:\\\/\\\/www.anovapeneira.gal\\\/index.php\\\/2020\\\/01\\\/15\\\/salceda-presenta-o-programa-integrado-de-emprego-con-100-persoas-desempregadas\\\/#primaryimage\"},\"thumbnailUrl\":\"https:\\\/\\\/www.anovapeneira.gal\\\/wp-content\\\/uploads\\\/2020\\\/01\\\/emprego_salceda_a_nova_peneira.jpg\",\"datePublished\":\"2020-01-15T11:00:43+00:00\",\"breadcrumb\":{\"@id\":\"https:\\\/\\\/www.anovapeneira.gal\\\/index.php\\\/2020\\\/01\\\/15\\\/salceda-presenta-o-programa-integrado-de-emprego-con-100-persoas-desempregadas\\\/#breadcrumb\"},\"inLanguage\":\"gl-ES\",\"potentialAction\":[{\"@type\":\"ReadAction\",\"target\":[\"https:\\\/\\\/www.anovapeneira.gal\\\/index.php\\\/2020\\\/01\\\/15\\\/salceda-presenta-o-programa-integrado-de-emprego-con-100-persoas-desempregadas\\\/\"]}]},{\"@type\":\"ImageObject\",\"inLanguage\":\"gl-ES\",\"@id\":\"https:\\\/\\\/www.anovapeneira.gal\\\/index.php\\\/2020\\\/01\\\/15\\\/salceda-presenta-o-programa-integrado-de-emprego-con-100-persoas-desempregadas\\\/#primaryimage\",\"url\":\"https:\\\/\\\/www.anovapeneira.gal\\\/wp-content\\\/uploads\\\/2020\\\/01\\\/emprego_salceda_a_nova_peneira.jpg\",\"contentUrl\":\"https:\\\/\\\/www.anovapeneira.gal\\\/wp-content\\\/uploads\\\/2020\\\/01\\\/emprego_salceda_a_nova_peneira.jpg\",\"width\":720,\"height\":432,\"caption\":\"Programa emprego A Nova Peneira\"},{\"@type\":\"BreadcrumbList\",\"@id\":\"https:\\\/\\\/www.anovapeneira.gal\\\/index.php\\\/2020\\\/01\\\/15\\\/salceda-presenta-o-programa-integrado-de-emprego-con-100-persoas-desempregadas\\\/#breadcrumb\",\"itemListElement\":[{\"@type\":\"ListItem\",\"position\":1,\"name\":\"Portada\",\"item\":\"https:\\\/\\\/www.anovapeneira.gal\\\/\"},{\"@type\":\"ListItem\",\"position\":2,\"name\":\"Salceda presenta o Programa Integrado de Emprego con 100 persoas desempregadas\"}]},{\"@type\":\"WebSite\",\"@id\":\"https:\\\/\\\/www.anovapeneira.gal\\\/#website\",\"url\":\"https:\\\/\\\/www.anovapeneira.gal\\\/\",\"name\":\"\",\"description\":\"Xornal galego de informaci\u00f3n xeral Publicaci\u00f3n mensual de novas de Galicia e en especial dos Concellos da sur da provincia de Pontevedra.\",\"publisher\":{\"@id\":\"https:\\\/\\\/www.anovapeneira.gal\\\/#organization\"},\"potentialAction\":[{\"@type\":\"SearchAction\",\"target\":{\"@type\":\"EntryPoint\",\"urlTemplate\":\"https:\\\/\\\/www.anovapeneira.gal\\\/?s={search_term_string}\"},\"query-input\":{\"@type\":\"PropertyValueSpecification\",\"valueRequired\":true,\"valueName\":\"search_term_string\"}}],\"inLanguage\":\"gl-ES\"},{\"@type\":\"Organization\",\"@id\":\"https:\\\/\\\/www.anovapeneira.gal\\\/#organization\",\"name\":\"A Nova Peneira\",\"url\":\"https:\\\/\\\/www.anovapeneira.gal\\\/\",\"logo\":{\"@type\":\"ImageObject\",\"inLanguage\":\"gl-ES\",\"@id\":\"https:\\\/\\\/www.anovapeneira.gal\\\/#\\\/schema\\\/logo\\\/image\\\/\",\"url\":\"http:\\\/\\\/www.anovapeneira.gal\\\/wp-content\\\/uploads\\\/2019\\\/06\\\/logo_a_nova_peneira_portal_web.png\",\"contentUrl\":\"http:\\\/\\\/www.anovapeneira.gal\\\/wp-content\\\/uploads\\\/2019\\\/06\\\/logo_a_nova_peneira_portal_web.png\",\"width\":300,\"height\":100,\"caption\":\"A Nova Peneira\"},\"image\":{\"@id\":\"https:\\\/\\\/www.anovapeneira.gal\\\/#\\\/schema\\\/logo\\\/image\\\/\"},\"sameAs\":[\"https:\\\/\\\/www.facebook.com\\\/anovapeneira\",\"https:\\\/\\\/x.com\\\/APeneira\"]},{\"@type\":\"Person\",\"@id\":\"https:\\\/\\\/www.anovapeneira.gal\\\/#\\\/schema\\\/person\\\/b93e3f8932e3f8da96334607eb6ac6aa\",\"name\":\"Redacci\u00f3n A Nova Peneira\",\"image\":{\"@type\":\"ImageObject\",\"inLanguage\":\"gl-ES\",\"@id\":\"https:\\\/\\\/secure.gravatar.com\\\/avatar\\\/c052a2551a06e23fac63626232eaa90abd78dbcf1700fc46a2b2c89fd27b735f?s=96&d=mm&r=g\",\"url\":\"https:\\\/\\\/secure.gravatar.com\\\/avatar\\\/c052a2551a06e23fac63626232eaa90abd78dbcf1700fc46a2b2c89fd27b735f?s=96&d=mm&r=g\",\"contentUrl\":\"https:\\\/\\\/secure.gravatar.com\\\/avatar\\\/c052a2551a06e23fac63626232eaa90abd78dbcf1700fc46a2b2c89fd27b735f?s=96&d=mm&r=g\",\"caption\":\"Redacci\u00f3n A Nova Peneira\"},\"sameAs\":[\"http:\\\/\\\/www.anovapeneira.gal\\\/\"],\"url\":\"https:\\\/\\\/www.anovapeneira.gal\\\/index.php\\\/author\\\/redactor\\\/\"}]}<\/script>\n<!-- \/ Yoast SEO plugin. -->","yoast_head_json":{"title":"Salceda presenta o Programa Integrado de Emprego con 100 persoas desempregadas -","robots":{"index":"index","follow":"follow","max-snippet":"max-snippet:-1","max-image-preview":"max-image-preview:large","max-video-preview":"max-video-preview:-1"},"canonical":"https:\/\/www.anovapeneira.gal\/index.php\/2020\/01\/15\/salceda-presenta-o-programa-integrado-de-emprego-con-100-persoas-desempregadas\/","og_locale":"gl_ES","og_type":"article","og_title":"Salceda presenta o Programa Integrado de Emprego con 100 persoas desempregadas -","og_description":"O Concello de Salceda de Caselas, a trav\u00e9s da Concellar\u00eda de Emprego e Formaci\u00f3n que dirixe Ver\u00f3nica Tour\u00f3n, ven de presentar esta ma\u00f1\u00e1 o Programa Integrado de Emprego, subvencionado con 250.000 \u20ac por parte da Xunta de Galicia [...]","og_url":"https:\/\/www.anovapeneira.gal\/index.php\/2020\/01\/15\/salceda-presenta-o-programa-integrado-de-emprego-con-100-persoas-desempregadas\/","article_publisher":"https:\/\/www.facebook.com\/anovapeneira","article_published_time":"2020-01-15T11:00:43+00:00","og_image":[{"width":720,"height":432,"url":"https:\/\/www.anovapeneira.gal\/wp-content\/uploads\/2020\/01\/emprego_salceda_a_nova_peneira.jpg","type":"image\/jpeg"}],"author":"Redacci\u00f3n A Nova Peneira","twitter_card":"summary_large_image","twitter_creator":"@APeneira","twitter_site":"@APeneira","twitter_misc":{"Escrito por":"Redacci\u00f3n A Nova Peneira","Tempo de lectura":"2 minutos"},"schema":{"@context":"https:\/\/schema.org","@graph":[{"@type":"Article","@id":"https:\/\/www.anovapeneira.gal\/index.php\/2020\/01\/15\/salceda-presenta-o-programa-integrado-de-emprego-con-100-persoas-desempregadas\/#article","isPartOf":{"@id":"https:\/\/www.anovapeneira.gal\/index.php\/2020\/01\/15\/salceda-presenta-o-programa-integrado-de-emprego-con-100-persoas-desempregadas\/"},"author":{"name":"Redacci\u00f3n A Nova Peneira","@id":"https:\/\/www.anovapeneira.gal\/#\/schema\/person\/b93e3f8932e3f8da96334607eb6ac6aa"},"headline":"Salceda presenta o Programa Integrado de Emprego con 100 persoas desempregadas","datePublished":"2020-01-15T11:00:43+00:00","mainEntityOfPage":{"@id":"https:\/\/www.anovapeneira.gal\/index.php\/2020\/01\/15\/salceda-presenta-o-programa-integrado-de-emprego-con-100-persoas-desempregadas\/"},"wordCount":356,"commentCount":0,"publisher":{"@id":"https:\/\/www.anovapeneira.gal\/#organization"},"image":{"@id":"https:\/\/www.anovapeneira.gal\/index.php\/2020\/01\/15\/salceda-presenta-o-programa-integrado-de-emprego-con-100-persoas-desempregadas\/#primaryimage"},"thumbnailUrl":"https:\/\/www.anovapeneira.gal\/wp-content\/uploads\/2020\/01\/emprego_salceda_a_nova_peneira.jpg","keywords":["Concello de Salceda de Caselas","Emprego"],"articleSection":["A Louri\u00f1a"],"inLanguage":"gl-ES","potentialAction":[{"@type":"CommentAction","name":"Comment","target":["https:\/\/www.anovapeneira.gal\/index.php\/2020\/01\/15\/salceda-presenta-o-programa-integrado-de-emprego-con-100-persoas-desempregadas\/#respond"]}]},{"@type":"WebPage","@id":"https:\/\/www.anovapeneira.gal\/index.php\/2020\/01\/15\/salceda-presenta-o-programa-integrado-de-emprego-con-100-persoas-desempregadas\/","url":"https:\/\/www.anovapeneira.gal\/index.php\/2020\/01\/15\/salceda-presenta-o-programa-integrado-de-emprego-con-100-persoas-desempregadas\/","name":"Salceda presenta o Programa Integrado de Emprego con 100 persoas desempregadas -","isPartOf":{"@id":"https:\/\/www.anovapeneira.gal\/#website"},"primaryImageOfPage":{"@id":"https:\/\/www.anovapeneira.gal\/index.php\/2020\/01\/15\/salceda-presenta-o-programa-integrado-de-emprego-con-100-persoas-desempregadas\/#primaryimage"},"image":{"@id":"https:\/\/www.anovapeneira.gal\/index.php\/2020\/01\/15\/salceda-presenta-o-programa-integrado-de-emprego-con-100-persoas-desempregadas\/#primaryimage"},"thumbnailUrl":"https:\/\/www.anovapeneira.gal\/wp-content\/uploads\/2020\/01\/emprego_salceda_a_nova_peneira.jpg","datePublished":"2020-01-15T11:00:43+00:00","breadcrumb":{"@id":"https:\/\/www.anovapeneira.gal\/index.php\/2020\/01\/15\/salceda-presenta-o-programa-integrado-de-emprego-con-100-persoas-desempregadas\/#breadcrumb"},"inLanguage":"gl-ES","potentialAction":[{"@type":"ReadAction","target":["https:\/\/www.anovapeneira.gal\/index.php\/2020\/01\/15\/salceda-presenta-o-programa-integrado-de-emprego-con-100-persoas-desempregadas\/"]}]},{"@type":"ImageObject","inLanguage":"gl-ES","@id":"https:\/\/www.anovapeneira.gal\/index.php\/2020\/01\/15\/salceda-presenta-o-programa-integrado-de-emprego-con-100-persoas-desempregadas\/#primaryimage","url":"https:\/\/www.anovapeneira.gal\/wp-content\/uploads\/2020\/01\/emprego_salceda_a_nova_peneira.jpg","contentUrl":"https:\/\/www.anovapeneira.gal\/wp-content\/uploads\/2020\/01\/emprego_salceda_a_nova_peneira.jpg","width":720,"height":432,"caption":"Programa emprego A Nova Peneira"},{"@type":"BreadcrumbList","@id":"https:\/\/www.anovapeneira.gal\/index.php\/2020\/01\/15\/salceda-presenta-o-programa-integrado-de-emprego-con-100-persoas-desempregadas\/#breadcrumb","itemListElement":[{"@type":"ListItem","position":1,"name":"Portada","item":"https:\/\/www.anovapeneira.gal\/"},{"@type":"ListItem","position":2,"name":"Salceda presenta o Programa Integrado de Emprego con 100 persoas desempregadas"}]},{"@type":"WebSite","@id":"https:\/\/www.anovapeneira.gal\/#website","url":"https:\/\/www.anovapeneira.gal\/","name":"","description":"Xornal galego de informaci\u00f3n xeral Publicaci\u00f3n mensual de novas de Galicia e en especial dos Concellos da sur da provincia de Pontevedra.","publisher":{"@id":"https:\/\/www.anovapeneira.gal\/#organization"},"potentialAction":[{"@type":"SearchAction","target":{"@type":"EntryPoint","urlTemplate":"https:\/\/www.anovapeneira.gal\/?s={search_term_string}"},"query-input":{"@type":"PropertyValueSpecification","valueRequired":true,"valueName":"search_term_string"}}],"inLanguage":"gl-ES"},{"@type":"Organization","@id":"https:\/\/www.anovapeneira.gal\/#organization","name":"A Nova Peneira","url":"https:\/\/www.anovapeneira.gal\/","logo":{"@type":"ImageObject","inLanguage":"gl-ES","@id":"https:\/\/www.anovapeneira.gal\/#\/schema\/logo\/image\/","url":"http:\/\/www.anovapeneira.gal\/wp-content\/uploads\/2019\/06\/logo_a_nova_peneira_portal_web.png","contentUrl":"http:\/\/www.anovapeneira.gal\/wp-content\/uploads\/2019\/06\/logo_a_nova_peneira_portal_web.png","width":300,"height":100,"caption":"A Nova Peneira"},"image":{"@id":"https:\/\/www.anovapeneira.gal\/#\/schema\/logo\/image\/"},"sameAs":["https:\/\/www.facebook.com\/anovapeneira","https:\/\/x.com\/APeneira"]},{"@type":"Person","@id":"https:\/\/www.anovapeneira.gal\/#\/schema\/person\/b93e3f8932e3f8da96334607eb6ac6aa","name":"Redacci\u00f3n A Nova Peneira","image":{"@type":"ImageObject","inLanguage":"gl-ES","@id":"https:\/\/secure.gravatar.com\/avatar\/c052a2551a06e23fac63626232eaa90abd78dbcf1700fc46a2b2c89fd27b735f?s=96&d=mm&r=g","url":"https:\/\/secure.gravatar.com\/avatar\/c052a2551a06e23fac63626232eaa90abd78dbcf1700fc46a2b2c89fd27b735f?s=96&d=mm&r=g","contentUrl":"https:\/\/secure.gravatar.com\/avatar\/c052a2551a06e23fac63626232eaa90abd78dbcf1700fc46a2b2c89fd27b735f?s=96&d=mm&r=g","caption":"Redacci\u00f3n A Nova Peneira"},"sameAs":["http:\/\/www.anovapeneira.gal\/"],"url":"https:\/\/www.anovapeneira.gal\/index.php\/author\/redactor\/"}]}},"jetpack_featured_media_url":"https:\/\/www.anovapeneira.gal\/wp-content\/uploads\/2020\/01\/emprego_salceda_a_nova_peneira.jpg","_links":{"self":[{"href":"https:\/\/www.anovapeneira.gal\/index.php\/wp-json\/wp\/v2\/posts\/2259","targetHints":{"allow":["GET"]}}],"collection":[{"href":"https:\/\/www.anovapeneira.gal\/index.php\/wp-json\/wp\/v2\/posts"}],"about":[{"href":"https:\/\/www.anovapeneira.gal\/index.php\/wp-json\/wp\/v2\/types\/post"}],"author":[{"embeddable":true,"href":"https:\/\/www.anovapeneira.gal\/index.php\/wp-json\/wp\/v2\/users\/3"}],"replies":[{"embeddable":true,"href":"https:\/\/www.anovapeneira.gal\/index.php\/wp-json\/wp\/v2\/comments?post=2259"}],"version-history":[{"count":1,"href":"https:\/\/www.anovapeneira.gal\/index.php\/wp-json\/wp\/v2\/posts\/2259\/revisions"}],"predecessor-version":[{"id":2261,"href":"https:\/\/www.anovapeneira.gal\/index.php\/wp-json\/wp\/v2\/posts\/2259\/revisions\/2261"}],"wp:featuredmedia":[{"embeddable":true,"href":"https:\/\/www.anovapeneira.gal\/index.php\/wp-json\/wp\/v2\/media\/2260"}],"wp:attachment":[{"href":"https:\/\/www.anovapeneira.gal\/index.php\/wp-json\/wp\/v2\/media?parent=2259"}],"wp:term":[{"taxonomy":"category","embeddable":true,"href":"https:\/\/www.anovapeneira.gal\/index.php\/wp-json\/wp\/v2\/categories?post=2259"},{"taxonomy":"post_tag","embeddable":true,"href":"https:\/\/www.anovapeneira.gal\/index.php\/wp-json\/wp\/v2\/tags?post=2259"}],"curies":[{"name":"wp","href":"https:\/\/api.w.org\/{rel}","templated":true}]}}