{"id":2262,"date":"2020-01-15T14:00:48","date_gmt":"2020-01-15T13:00:48","guid":{"rendered":"http:\/\/www.anovapeneira.gal\/?p=2262"},"modified":"2020-01-11T22:41:09","modified_gmt":"2020-01-11T21:41:09","slug":"o-goberno-local-presenta-o-maior-orzamento-da-historia-de-ponteareas","status":"publish","type":"post","link":"https:\/\/www.anovapeneira.gal\/index.php\/2020\/01\/15\/o-goberno-local-presenta-o-maior-orzamento-da-historia-de-ponteareas\/","title":{"rendered":"O goberno local presenta o maior orzamento da historia de Ponteareas"},"content":{"rendered":"\n<h2 class=\"wp-block-heading\"><strong>Ascende a m\u00e1is de 22 mill\u00f3ns de euros, un 34% m\u00e1is que en 2018, e destina 7 mill\u00f3ns a investimentos en obras e servizos<\/strong><\/h2>\n\n\n\n<p> <strong>Ponteareas, 10 de xaneiro 2020<\/strong><\/p>\n\n\n\n<p>\nO goberno BNG-PSOE do Concello de\nPonteareas presentou publicamente o maior orzamento da historia da\nlocalidade. A intenci\u00f3n do goberno de coalici\u00f3n \u00e9 aprobalo neste\nmes de xaneiro. O presuposto pactado entre ambas as d\u00faas forzas\npol\u00edticas ascende a 22,2 mill\u00f3ns de euros, fronte aos 16,9 mill\u00f3ns\nde euros de 2018, o que sup\u00f3n un incremento dun 34%. Ese aumento\ndisp\u00e1rase at\u00e9 \u00f3 70 % se o orzamento se compara co derradeiro\naprobado polo goberno do Partido Popular, de pouco m\u00e1is de 13\nmill\u00f3ns de euros. O orzamento \u00e9 equilibrado, coa mesma cont\u00eda de\ningresos e gastos, o que permitir\u00e1 cumprir un ano m\u00e1is o principio\nde estabilidade orzamentaria.<\/p>\n\n\n\n<p>O\nAlcalde Xos\u00e9 Represas, quen ademais \u00e9 respons\u00e1bel da \u00e1rea de\nFacenda, sinalou que \u201co orzamento ten tres obxectivos fundamentais:\ninvestir en novas obras e servizos que melloren a calidade de vida,\ncrear emprego en Ponteareas e ampliar e reforzar os servizos e\nprestaci\u00f3ns sociais para avanzar nunha sociedade m\u00e1is igualitaria e\ncohesionada\u201d. Neste sentido, Represas salientou que se destinar\u00e1n\n7 mill\u00f3ns de euros a investimentos en obras e servizos, financiados\ncon recursos propios e outros de procedencia europea como os da\nestratexia DUSI e IDAE, destinados principalmente a alumeado p\u00fablico,\n\u201clogrados grazas a unha eficaz xesti\u00f3n no pasado mandato\u201d.<\/p>\n\n\n\n<p>Pola\ns\u00faa banda, a concelleira socialista Chus Garrote cualificou os\norzamentos de \u201cambiciosos\u201d e salientou que dar\u00e1n un impulso\ndefinitivo \u00e1 transformaci\u00f3n de Ponteareas. No orzamento cont\u00e9mplase\no investimento de m\u00e1is de catro mill\u00f3ns de euros para a renovaci\u00f3n\nde todo o alumeado municipal, tanto na vila como nas parroquias, unha\nacci\u00f3n que acometer\u00e1 a \u00e1rea de alumeado xestionada por Garrote e\nque supor\u00e1 unha mellora na calidade da iluminaci\u00f3n p\u00fablica e un\ngrande aforro econ\u00f3mico en consumo para o Concello.<\/p>\n\n\n\n<p>Represas\nexplicou que con este orzamento \u201cnon se incrementan impostos e se\ndestinan 735.000 euros para subvenci\u00f3ns a colectivos sociais e\nculturais, traidas veci\u00f1ais, clubs deportivos, etc, o que sup\u00f3n un\nincremento de case o 25% respecto a 2018\u201d.<\/p>\n\n\n\n<p>En\ncanto ao persoal, \u00e1rea baixo a responsabilidade do PSOE, o gasto\norzamentado representa o 31,8% con algo m\u00e1is de sete mill\u00f3ns de\neuros a\u00ednda que o custo real da plantilla fixa se rebaixa aos 5,5\nmill\u00f3ns de euros. Chus Garrote salientou que os orzamentos\nposibilitan tam\u00e9n a convocatoria de 20 prazas novas de persoal\nnecesarias para o Concello, nas distintas ofertas de emprego a\nconvocar este ano, o que supor\u00e1 unha mellora no funcionamento\nadministrativo municipal e a atenci\u00f3n cidad\u00e1.<\/p>\n\n\n\n<p>Por\n\u00faltimo, os gastos correntes e o funcionamento dos servizos p\u00fablicos\nacadan o 31% do orzamento con 6,9 mill\u00f3ns de euros sendo a partida\nm\u00e1is destacada, con 1,6 mill\u00f3ns de euros, a de limpeza viaria,\nrecollida de lixo e tratamento do mesmo en Sogama.<\/p>\n\n\n\n<p>Represas\ne Garrote amos\u00e1ronse moi satisfeitos cuns orzamentos cuxa aprobaci\u00f3n\nest\u00e1 asegurada coa maior\u00eda que ostentan BNG e PSOE e que \u201cson o\nresultado do saneamento econ\u00f3mico que realizamos nos \u00faltimos catro\nanos con grandes esforzos municipais e sacrificios para a veci\u00f1anza\nde Ponteareas\u201d.<\/p>\n","protected":false},"excerpt":{"rendered":"<div class=\"mh-excerpt\"><p>Ascende a m\u00e1is de 22 mill\u00f3ns de euros, un 34% m\u00e1is que en 2018, e destina 7 mill\u00f3ns a investimentos en obras e servizos <a class=\"mh-excerpt-more\" href=\"https:\/\/www.anovapeneira.gal\/index.php\/2020\/01\/15\/o-goberno-local-presenta-o-maior-orzamento-da-historia-de-ponteareas\/\" title=\"O goberno local presenta o maior orzamento da historia de Ponteareas\">[&#8230;]<\/a><\/p>\n<\/div>","protected":false},"author":3,"featured_media":2263,"comment_status":"open","ping_status":"open","sticky":false,"template":"","format":"standard","meta":{"_exactmetrics_skip_tracking":false,"_exactmetrics_sitenote_active":false,"_exactmetrics_sitenote_note":"","_exactmetrics_sitenote_category":0,"footnotes":""},"categories":[25],"tags":[208,623],"class_list":{"0":"post-2262","1":"post","2":"type-post","3":"status-publish","4":"format-standard","5":"has-post-thumbnail","7":"category-condado","8":"tag-concello-de-ponteareas","9":"tag-orzamento"},"yoast_head":"<!-- This site is optimized with the Yoast SEO plugin v27.4 - https:\/\/yoast.com\/product\/yoast-seo-wordpress\/ -->\n<title>O goberno local presenta o maior orzamento da historia de Ponteareas -<\/title>\n<meta name=\"robots\" content=\"index, follow, max-snippet:-1, max-image-preview:large, max-video-preview:-1\" \/>\n<link rel=\"canonical\" href=\"https:\/\/www.anovapeneira.gal\/index.php\/2020\/01\/15\/o-goberno-local-presenta-o-maior-orzamento-da-historia-de-ponteareas\/\" \/>\n<meta property=\"og:locale\" content=\"gl_ES\" \/>\n<meta property=\"og:type\" content=\"article\" \/>\n<meta property=\"og:title\" content=\"O goberno local presenta o maior orzamento da historia de Ponteareas -\" \/>\n<meta property=\"og:description\" content=\"Ascende a m\u00e1is de 22 mill\u00f3ns de euros, un 34% m\u00e1is que en 2018, e destina 7 mill\u00f3ns a investimentos en obras e servizos [...]\" \/>\n<meta property=\"og:url\" content=\"https:\/\/www.anovapeneira.gal\/index.php\/2020\/01\/15\/o-goberno-local-presenta-o-maior-orzamento-da-historia-de-ponteareas\/\" \/>\n<meta property=\"article:publisher\" content=\"https:\/\/www.facebook.com\/anovapeneira\" \/>\n<meta property=\"article:published_time\" content=\"2020-01-15T13:00:48+00:00\" \/>\n<meta property=\"og:image\" content=\"https:\/\/www.anovapeneira.gal\/wp-content\/uploads\/2020\/01\/xose_represas_chus_garrote.jpg\" \/>\n\t<meta property=\"og:image:width\" content=\"720\" \/>\n\t<meta property=\"og:image:height\" content=\"432\" \/>\n\t<meta property=\"og:image:type\" content=\"image\/jpeg\" \/>\n<meta name=\"author\" content=\"Redacci\u00f3n A Nova Peneira\" \/>\n<meta name=\"twitter:card\" content=\"summary_large_image\" \/>\n<meta name=\"twitter:creator\" content=\"@APeneira\" \/>\n<meta name=\"twitter:site\" content=\"@APeneira\" \/>\n<meta name=\"twitter:label1\" content=\"Escrito por\" \/>\n\t<meta name=\"twitter:data1\" content=\"Redacci\u00f3n A Nova Peneira\" \/>\n\t<meta name=\"twitter:label2\" content=\"Tempo de lectura\" \/>\n\t<meta name=\"twitter:data2\" content=\"3 minutos\" \/>\n<script type=\"application\/ld+json\" class=\"yoast-schema-graph\">{\"@context\":\"https:\\\/\\\/schema.org\",\"@graph\":[{\"@type\":\"Article\",\"@id\":\"https:\\\/\\\/www.anovapeneira.gal\\\/index.php\\\/2020\\\/01\\\/15\\\/o-goberno-local-presenta-o-maior-orzamento-da-historia-de-ponteareas\\\/#article\",\"isPartOf\":{\"@id\":\"https:\\\/\\\/www.anovapeneira.gal\\\/index.php\\\/2020\\\/01\\\/15\\\/o-goberno-local-presenta-o-maior-orzamento-da-historia-de-ponteareas\\\/\"},\"author\":{\"name\":\"Redacci\u00f3n A Nova Peneira\",\"@id\":\"https:\\\/\\\/www.anovapeneira.gal\\\/#\\\/schema\\\/person\\\/b93e3f8932e3f8da96334607eb6ac6aa\"},\"headline\":\"O goberno local presenta o maior orzamento da historia de Ponteareas\",\"datePublished\":\"2020-01-15T13:00:48+00:00\",\"mainEntityOfPage\":{\"@id\":\"https:\\\/\\\/www.anovapeneira.gal\\\/index.php\\\/2020\\\/01\\\/15\\\/o-goberno-local-presenta-o-maior-orzamento-da-historia-de-ponteareas\\\/\"},\"wordCount\":562,\"commentCount\":0,\"publisher\":{\"@id\":\"https:\\\/\\\/www.anovapeneira.gal\\\/#organization\"},\"image\":{\"@id\":\"https:\\\/\\\/www.anovapeneira.gal\\\/index.php\\\/2020\\\/01\\\/15\\\/o-goberno-local-presenta-o-maior-orzamento-da-historia-de-ponteareas\\\/#primaryimage\"},\"thumbnailUrl\":\"https:\\\/\\\/www.anovapeneira.gal\\\/wp-content\\\/uploads\\\/2020\\\/01\\\/xose_represas_chus_garrote.jpg\",\"keywords\":[\"Concello de Ponteareas\",\"Orzamento\"],\"articleSection\":[\"Condado\"],\"inLanguage\":\"gl-ES\",\"potentialAction\":[{\"@type\":\"CommentAction\",\"name\":\"Comment\",\"target\":[\"https:\\\/\\\/www.anovapeneira.gal\\\/index.php\\\/2020\\\/01\\\/15\\\/o-goberno-local-presenta-o-maior-orzamento-da-historia-de-ponteareas\\\/#respond\"]}]},{\"@type\":\"WebPage\",\"@id\":\"https:\\\/\\\/www.anovapeneira.gal\\\/index.php\\\/2020\\\/01\\\/15\\\/o-goberno-local-presenta-o-maior-orzamento-da-historia-de-ponteareas\\\/\",\"url\":\"https:\\\/\\\/www.anovapeneira.gal\\\/index.php\\\/2020\\\/01\\\/15\\\/o-goberno-local-presenta-o-maior-orzamento-da-historia-de-ponteareas\\\/\",\"name\":\"O goberno local presenta o maior orzamento da historia de Ponteareas -\",\"isPartOf\":{\"@id\":\"https:\\\/\\\/www.anovapeneira.gal\\\/#website\"},\"primaryImageOfPage\":{\"@id\":\"https:\\\/\\\/www.anovapeneira.gal\\\/index.php\\\/2020\\\/01\\\/15\\\/o-goberno-local-presenta-o-maior-orzamento-da-historia-de-ponteareas\\\/#primaryimage\"},\"image\":{\"@id\":\"https:\\\/\\\/www.anovapeneira.gal\\\/index.php\\\/2020\\\/01\\\/15\\\/o-goberno-local-presenta-o-maior-orzamento-da-historia-de-ponteareas\\\/#primaryimage\"},\"thumbnailUrl\":\"https:\\\/\\\/www.anovapeneira.gal\\\/wp-content\\\/uploads\\\/2020\\\/01\\\/xose_represas_chus_garrote.jpg\",\"datePublished\":\"2020-01-15T13:00:48+00:00\",\"breadcrumb\":{\"@id\":\"https:\\\/\\\/www.anovapeneira.gal\\\/index.php\\\/2020\\\/01\\\/15\\\/o-goberno-local-presenta-o-maior-orzamento-da-historia-de-ponteareas\\\/#breadcrumb\"},\"inLanguage\":\"gl-ES\",\"potentialAction\":[{\"@type\":\"ReadAction\",\"target\":[\"https:\\\/\\\/www.anovapeneira.gal\\\/index.php\\\/2020\\\/01\\\/15\\\/o-goberno-local-presenta-o-maior-orzamento-da-historia-de-ponteareas\\\/\"]}]},{\"@type\":\"ImageObject\",\"inLanguage\":\"gl-ES\",\"@id\":\"https:\\\/\\\/www.anovapeneira.gal\\\/index.php\\\/2020\\\/01\\\/15\\\/o-goberno-local-presenta-o-maior-orzamento-da-historia-de-ponteareas\\\/#primaryimage\",\"url\":\"https:\\\/\\\/www.anovapeneira.gal\\\/wp-content\\\/uploads\\\/2020\\\/01\\\/xose_represas_chus_garrote.jpg\",\"contentUrl\":\"https:\\\/\\\/www.anovapeneira.gal\\\/wp-content\\\/uploads\\\/2020\\\/01\\\/xose_represas_chus_garrote.jpg\",\"width\":720,\"height\":432,\"caption\":\"Concello Ponteareas orzamentos A Nova Peneira\"},{\"@type\":\"BreadcrumbList\",\"@id\":\"https:\\\/\\\/www.anovapeneira.gal\\\/index.php\\\/2020\\\/01\\\/15\\\/o-goberno-local-presenta-o-maior-orzamento-da-historia-de-ponteareas\\\/#breadcrumb\",\"itemListElement\":[{\"@type\":\"ListItem\",\"position\":1,\"name\":\"Portada\",\"item\":\"https:\\\/\\\/www.anovapeneira.gal\\\/\"},{\"@type\":\"ListItem\",\"position\":2,\"name\":\"O goberno local presenta o maior orzamento da historia de Ponteareas\"}]},{\"@type\":\"WebSite\",\"@id\":\"https:\\\/\\\/www.anovapeneira.gal\\\/#website\",\"url\":\"https:\\\/\\\/www.anovapeneira.gal\\\/\",\"name\":\"\",\"description\":\"Xornal galego de informaci\u00f3n xeral Publicaci\u00f3n mensual de novas de Galicia e en especial dos Concellos da sur da provincia de Pontevedra.\",\"publisher\":{\"@id\":\"https:\\\/\\\/www.anovapeneira.gal\\\/#organization\"},\"potentialAction\":[{\"@type\":\"SearchAction\",\"target\":{\"@type\":\"EntryPoint\",\"urlTemplate\":\"https:\\\/\\\/www.anovapeneira.gal\\\/?s={search_term_string}\"},\"query-input\":{\"@type\":\"PropertyValueSpecification\",\"valueRequired\":true,\"valueName\":\"search_term_string\"}}],\"inLanguage\":\"gl-ES\"},{\"@type\":\"Organization\",\"@id\":\"https:\\\/\\\/www.anovapeneira.gal\\\/#organization\",\"name\":\"A Nova Peneira\",\"url\":\"https:\\\/\\\/www.anovapeneira.gal\\\/\",\"logo\":{\"@type\":\"ImageObject\",\"inLanguage\":\"gl-ES\",\"@id\":\"https:\\\/\\\/www.anovapeneira.gal\\\/#\\\/schema\\\/logo\\\/image\\\/\",\"url\":\"http:\\\/\\\/www.anovapeneira.gal\\\/wp-content\\\/uploads\\\/2019\\\/06\\\/logo_a_nova_peneira_portal_web.png\",\"contentUrl\":\"http:\\\/\\\/www.anovapeneira.gal\\\/wp-content\\\/uploads\\\/2019\\\/06\\\/logo_a_nova_peneira_portal_web.png\",\"width\":300,\"height\":100,\"caption\":\"A Nova Peneira\"},\"image\":{\"@id\":\"https:\\\/\\\/www.anovapeneira.gal\\\/#\\\/schema\\\/logo\\\/image\\\/\"},\"sameAs\":[\"https:\\\/\\\/www.facebook.com\\\/anovapeneira\",\"https:\\\/\\\/x.com\\\/APeneira\"]},{\"@type\":\"Person\",\"@id\":\"https:\\\/\\\/www.anovapeneira.gal\\\/#\\\/schema\\\/person\\\/b93e3f8932e3f8da96334607eb6ac6aa\",\"name\":\"Redacci\u00f3n A Nova Peneira\",\"image\":{\"@type\":\"ImageObject\",\"inLanguage\":\"gl-ES\",\"@id\":\"https:\\\/\\\/secure.gravatar.com\\\/avatar\\\/c052a2551a06e23fac63626232eaa90abd78dbcf1700fc46a2b2c89fd27b735f?s=96&d=mm&r=g\",\"url\":\"https:\\\/\\\/secure.gravatar.com\\\/avatar\\\/c052a2551a06e23fac63626232eaa90abd78dbcf1700fc46a2b2c89fd27b735f?s=96&d=mm&r=g\",\"contentUrl\":\"https:\\\/\\\/secure.gravatar.com\\\/avatar\\\/c052a2551a06e23fac63626232eaa90abd78dbcf1700fc46a2b2c89fd27b735f?s=96&d=mm&r=g\",\"caption\":\"Redacci\u00f3n A Nova Peneira\"},\"sameAs\":[\"http:\\\/\\\/www.anovapeneira.gal\\\/\"],\"url\":\"https:\\\/\\\/www.anovapeneira.gal\\\/index.php\\\/author\\\/redactor\\\/\"}]}<\/script>\n<!-- \/ Yoast SEO plugin. -->","yoast_head_json":{"title":"O goberno local presenta o maior orzamento da historia de Ponteareas -","robots":{"index":"index","follow":"follow","max-snippet":"max-snippet:-1","max-image-preview":"max-image-preview:large","max-video-preview":"max-video-preview:-1"},"canonical":"https:\/\/www.anovapeneira.gal\/index.php\/2020\/01\/15\/o-goberno-local-presenta-o-maior-orzamento-da-historia-de-ponteareas\/","og_locale":"gl_ES","og_type":"article","og_title":"O goberno local presenta o maior orzamento da historia de Ponteareas -","og_description":"Ascende a m\u00e1is de 22 mill\u00f3ns de euros, un 34% m\u00e1is que en 2018, e destina 7 mill\u00f3ns a investimentos en obras e servizos [...]","og_url":"https:\/\/www.anovapeneira.gal\/index.php\/2020\/01\/15\/o-goberno-local-presenta-o-maior-orzamento-da-historia-de-ponteareas\/","article_publisher":"https:\/\/www.facebook.com\/anovapeneira","article_published_time":"2020-01-15T13:00:48+00:00","og_image":[{"width":720,"height":432,"url":"https:\/\/www.anovapeneira.gal\/wp-content\/uploads\/2020\/01\/xose_represas_chus_garrote.jpg","type":"image\/jpeg"}],"author":"Redacci\u00f3n A Nova Peneira","twitter_card":"summary_large_image","twitter_creator":"@APeneira","twitter_site":"@APeneira","twitter_misc":{"Escrito por":"Redacci\u00f3n A Nova Peneira","Tempo de lectura":"3 minutos"},"schema":{"@context":"https:\/\/schema.org","@graph":[{"@type":"Article","@id":"https:\/\/www.anovapeneira.gal\/index.php\/2020\/01\/15\/o-goberno-local-presenta-o-maior-orzamento-da-historia-de-ponteareas\/#article","isPartOf":{"@id":"https:\/\/www.anovapeneira.gal\/index.php\/2020\/01\/15\/o-goberno-local-presenta-o-maior-orzamento-da-historia-de-ponteareas\/"},"author":{"name":"Redacci\u00f3n A Nova Peneira","@id":"https:\/\/www.anovapeneira.gal\/#\/schema\/person\/b93e3f8932e3f8da96334607eb6ac6aa"},"headline":"O goberno local presenta o maior orzamento da historia de Ponteareas","datePublished":"2020-01-15T13:00:48+00:00","mainEntityOfPage":{"@id":"https:\/\/www.anovapeneira.gal\/index.php\/2020\/01\/15\/o-goberno-local-presenta-o-maior-orzamento-da-historia-de-ponteareas\/"},"wordCount":562,"commentCount":0,"publisher":{"@id":"https:\/\/www.anovapeneira.gal\/#organization"},"image":{"@id":"https:\/\/www.anovapeneira.gal\/index.php\/2020\/01\/15\/o-goberno-local-presenta-o-maior-orzamento-da-historia-de-ponteareas\/#primaryimage"},"thumbnailUrl":"https:\/\/www.anovapeneira.gal\/wp-content\/uploads\/2020\/01\/xose_represas_chus_garrote.jpg","keywords":["Concello de Ponteareas","Orzamento"],"articleSection":["Condado"],"inLanguage":"gl-ES","potentialAction":[{"@type":"CommentAction","name":"Comment","target":["https:\/\/www.anovapeneira.gal\/index.php\/2020\/01\/15\/o-goberno-local-presenta-o-maior-orzamento-da-historia-de-ponteareas\/#respond"]}]},{"@type":"WebPage","@id":"https:\/\/www.anovapeneira.gal\/index.php\/2020\/01\/15\/o-goberno-local-presenta-o-maior-orzamento-da-historia-de-ponteareas\/","url":"https:\/\/www.anovapeneira.gal\/index.php\/2020\/01\/15\/o-goberno-local-presenta-o-maior-orzamento-da-historia-de-ponteareas\/","name":"O goberno local presenta o maior orzamento da historia de Ponteareas -","isPartOf":{"@id":"https:\/\/www.anovapeneira.gal\/#website"},"primaryImageOfPage":{"@id":"https:\/\/www.anovapeneira.gal\/index.php\/2020\/01\/15\/o-goberno-local-presenta-o-maior-orzamento-da-historia-de-ponteareas\/#primaryimage"},"image":{"@id":"https:\/\/www.anovapeneira.gal\/index.php\/2020\/01\/15\/o-goberno-local-presenta-o-maior-orzamento-da-historia-de-ponteareas\/#primaryimage"},"thumbnailUrl":"https:\/\/www.anovapeneira.gal\/wp-content\/uploads\/2020\/01\/xose_represas_chus_garrote.jpg","datePublished":"2020-01-15T13:00:48+00:00","breadcrumb":{"@id":"https:\/\/www.anovapeneira.gal\/index.php\/2020\/01\/15\/o-goberno-local-presenta-o-maior-orzamento-da-historia-de-ponteareas\/#breadcrumb"},"inLanguage":"gl-ES","potentialAction":[{"@type":"ReadAction","target":["https:\/\/www.anovapeneira.gal\/index.php\/2020\/01\/15\/o-goberno-local-presenta-o-maior-orzamento-da-historia-de-ponteareas\/"]}]},{"@type":"ImageObject","inLanguage":"gl-ES","@id":"https:\/\/www.anovapeneira.gal\/index.php\/2020\/01\/15\/o-goberno-local-presenta-o-maior-orzamento-da-historia-de-ponteareas\/#primaryimage","url":"https:\/\/www.anovapeneira.gal\/wp-content\/uploads\/2020\/01\/xose_represas_chus_garrote.jpg","contentUrl":"https:\/\/www.anovapeneira.gal\/wp-content\/uploads\/2020\/01\/xose_represas_chus_garrote.jpg","width":720,"height":432,"caption":"Concello Ponteareas orzamentos A Nova Peneira"},{"@type":"BreadcrumbList","@id":"https:\/\/www.anovapeneira.gal\/index.php\/2020\/01\/15\/o-goberno-local-presenta-o-maior-orzamento-da-historia-de-ponteareas\/#breadcrumb","itemListElement":[{"@type":"ListItem","position":1,"name":"Portada","item":"https:\/\/www.anovapeneira.gal\/"},{"@type":"ListItem","position":2,"name":"O goberno local presenta o maior orzamento da historia de Ponteareas"}]},{"@type":"WebSite","@id":"https:\/\/www.anovapeneira.gal\/#website","url":"https:\/\/www.anovapeneira.gal\/","name":"","description":"Xornal galego de informaci\u00f3n xeral Publicaci\u00f3n mensual de novas de Galicia e en especial dos Concellos da sur da provincia de Pontevedra.","publisher":{"@id":"https:\/\/www.anovapeneira.gal\/#organization"},"potentialAction":[{"@type":"SearchAction","target":{"@type":"EntryPoint","urlTemplate":"https:\/\/www.anovapeneira.gal\/?s={search_term_string}"},"query-input":{"@type":"PropertyValueSpecification","valueRequired":true,"valueName":"search_term_string"}}],"inLanguage":"gl-ES"},{"@type":"Organization","@id":"https:\/\/www.anovapeneira.gal\/#organization","name":"A Nova Peneira","url":"https:\/\/www.anovapeneira.gal\/","logo":{"@type":"ImageObject","inLanguage":"gl-ES","@id":"https:\/\/www.anovapeneira.gal\/#\/schema\/logo\/image\/","url":"http:\/\/www.anovapeneira.gal\/wp-content\/uploads\/2019\/06\/logo_a_nova_peneira_portal_web.png","contentUrl":"http:\/\/www.anovapeneira.gal\/wp-content\/uploads\/2019\/06\/logo_a_nova_peneira_portal_web.png","width":300,"height":100,"caption":"A Nova Peneira"},"image":{"@id":"https:\/\/www.anovapeneira.gal\/#\/schema\/logo\/image\/"},"sameAs":["https:\/\/www.facebook.com\/anovapeneira","https:\/\/x.com\/APeneira"]},{"@type":"Person","@id":"https:\/\/www.anovapeneira.gal\/#\/schema\/person\/b93e3f8932e3f8da96334607eb6ac6aa","name":"Redacci\u00f3n A Nova Peneira","image":{"@type":"ImageObject","inLanguage":"gl-ES","@id":"https:\/\/secure.gravatar.com\/avatar\/c052a2551a06e23fac63626232eaa90abd78dbcf1700fc46a2b2c89fd27b735f?s=96&d=mm&r=g","url":"https:\/\/secure.gravatar.com\/avatar\/c052a2551a06e23fac63626232eaa90abd78dbcf1700fc46a2b2c89fd27b735f?s=96&d=mm&r=g","contentUrl":"https:\/\/secure.gravatar.com\/avatar\/c052a2551a06e23fac63626232eaa90abd78dbcf1700fc46a2b2c89fd27b735f?s=96&d=mm&r=g","caption":"Redacci\u00f3n A Nova Peneira"},"sameAs":["http:\/\/www.anovapeneira.gal\/"],"url":"https:\/\/www.anovapeneira.gal\/index.php\/author\/redactor\/"}]}},"jetpack_featured_media_url":"https:\/\/www.anovapeneira.gal\/wp-content\/uploads\/2020\/01\/xose_represas_chus_garrote.jpg","_links":{"self":[{"href":"https:\/\/www.anovapeneira.gal\/index.php\/wp-json\/wp\/v2\/posts\/2262","targetHints":{"allow":["GET"]}}],"collection":[{"href":"https:\/\/www.anovapeneira.gal\/index.php\/wp-json\/wp\/v2\/posts"}],"about":[{"href":"https:\/\/www.anovapeneira.gal\/index.php\/wp-json\/wp\/v2\/types\/post"}],"author":[{"embeddable":true,"href":"https:\/\/www.anovapeneira.gal\/index.php\/wp-json\/wp\/v2\/users\/3"}],"replies":[{"embeddable":true,"href":"https:\/\/www.anovapeneira.gal\/index.php\/wp-json\/wp\/v2\/comments?post=2262"}],"version-history":[{"count":1,"href":"https:\/\/www.anovapeneira.gal\/index.php\/wp-json\/wp\/v2\/posts\/2262\/revisions"}],"predecessor-version":[{"id":2264,"href":"https:\/\/www.anovapeneira.gal\/index.php\/wp-json\/wp\/v2\/posts\/2262\/revisions\/2264"}],"wp:featuredmedia":[{"embeddable":true,"href":"https:\/\/www.anovapeneira.gal\/index.php\/wp-json\/wp\/v2\/media\/2263"}],"wp:attachment":[{"href":"https:\/\/www.anovapeneira.gal\/index.php\/wp-json\/wp\/v2\/media?parent=2262"}],"wp:term":[{"taxonomy":"category","embeddable":true,"href":"https:\/\/www.anovapeneira.gal\/index.php\/wp-json\/wp\/v2\/categories?post=2262"},{"taxonomy":"post_tag","embeddable":true,"href":"https:\/\/www.anovapeneira.gal\/index.php\/wp-json\/wp\/v2\/tags?post=2262"}],"curies":[{"name":"wp","href":"https:\/\/api.w.org\/{rel}","templated":true}]}}