{"id":2266,"date":"2020-01-16T10:00:10","date_gmt":"2020-01-16T09:00:10","guid":{"rendered":"http:\/\/www.anovapeneira.gal\/?p=2266"},"modified":"2020-01-13T10:37:44","modified_gmt":"2020-01-13T09:37:44","slug":"o-concello-de-nigran-inicia-as-obras-para-humanizar-a-praza-da-carrasca-reordenando-o-trafico-e-pavimentando-en-pedra","status":"publish","type":"post","link":"https:\/\/www.anovapeneira.gal\/index.php\/2020\/01\/16\/o-concello-de-nigran-inicia-as-obras-para-humanizar-a-praza-da-carrasca-reordenando-o-trafico-e-pavimentando-en-pedra\/","title":{"rendered":"O Concello de Nigr\u00e1n inicia as obras para humanizar  a praza da carrasca reordenando o tr\u00e1fico e pavimentando en pedra"},"content":{"rendered":"\n<h2 class=\"wp-block-heading\"> <strong>Os traballos, a cargo de Audeca e cun investimento de 73.595 \u20ac, te\u00f1en un prazo de execuci\u00f3n de dous meses<\/strong><\/h2>\n\n\n\n<p><strong>Nigr\u00e1n, 10 de xaneiro de 2020<\/strong><\/p>\n\n\n\n<p>O\nConcello de Nigr\u00e1n iniciou esta ma\u00f1\u00e1 as obras de humanizaci\u00f3n da\nPraza da Carrasca (parroquia de Parada) co obxectivo de mellorala\nest\u00e9ticamente reordenando o tr\u00e1fico neste n\u00facleo e dot\u00e1ndoa dun\npavimento de pedra m\u00e1is acorde coa contorna, xa que actualmente \u00e9\nde asfalto a pesar de considerarse zona verde. Os traballos,\nadxudicados a Audeca por  73.595 euros con cargo ao Plan  Concellos\n2018, te\u00f1en un prazo de execuci\u00f3n de dous meses.Tr\u00e1tase dunha\nactuaci\u00f3n moi demandada por parte dos veci\u00f1os de Parada-A Carrasca,\npor este motivo, o Concello xa contratara o proxecto en xu\u00f1o de\n2017, demor\u00e1ndose por todos os informes sectoriais necesarios para\niniciar a tramitaci\u00f3n, xa que este n\u00facleo constit\u00fae unha das\npoucas  carballeiras \u201curbanas\u201d que hai en Nigr\u00e1n.<\/p>\n\n\n\n<p>\n\tO\nacondicionamento da praza implica a demolici\u00f3n e levantado do\npavimento existente, escavaci\u00f3n para po\u00f1er o novo firme, colocaci\u00f3n\nde bordos  gran\u00edticos e pavimentado mediante lastras (13\u00d713 cm) e\nlousas tam\u00e9n de pedra (60\u00d740 cm) asentados sobre morteiro e base de\nformig\u00f3n. \u201cNa actualidade non hai unha ordenaci\u00f3n do n\u00facleo que\ncanalice o tr\u00e1fico dunha forma eficiente e segura e o pavimento de\nasfalto non \u00e9 acorde \u00e1 zona verde na que se asenta, o obxectivo \u00e9\nhumanizar a contorna e po\u00f1ela en valor como gran punto de encontro e\nde lecer da parroquia\u201d, incide o alcalde, Juan Gonz\u00e1lez. Neste\nsentido, como parte da primeira fase, acondicionouse previamente a\nzona do xogo de bolos e rehabilitouse  integralmente o parque.<\/p>\n","protected":false},"excerpt":{"rendered":"<div class=\"mh-excerpt\"><p>O Concello de Nigr\u00e1n iniciou esta ma\u00f1\u00e1 as obras de humanizaci\u00f3n da Praza da Carrasca (parroquia de Parada) co obxectivo de mellorala est\u00e9ticamente reordenando o tr\u00e1fico neste n\u00facleo e dot\u00e1ndoa dun pavimento de pedra m\u00e1is acorde coa contorna <a class=\"mh-excerpt-more\" href=\"https:\/\/www.anovapeneira.gal\/index.php\/2020\/01\/16\/o-concello-de-nigran-inicia-as-obras-para-humanizar-a-praza-da-carrasca-reordenando-o-trafico-e-pavimentando-en-pedra\/\" title=\"O Concello de Nigr\u00e1n inicia as obras para humanizar  a praza da carrasca reordenando o tr\u00e1fico e pavimentando en pedra\">[&#8230;]<\/a><\/p>\n<\/div>","protected":false},"author":3,"featured_media":2267,"comment_status":"open","ping_status":"open","sticky":false,"template":"","format":"standard","meta":{"_exactmetrics_skip_tracking":false,"_exactmetrics_sitenote_active":false,"_exactmetrics_sitenote_note":"","_exactmetrics_sitenote_category":0,"footnotes":""},"categories":[20],"tags":[135,121],"class_list":{"0":"post-2266","1":"post","2":"type-post","3":"status-publish","4":"format-standard","5":"has-post-thumbnail","7":"category-val-minor","8":"tag-concello-de-nigran","9":"tag-fomento"},"yoast_head":"<!-- This site is optimized with the Yoast SEO plugin v27.5 - https:\/\/yoast.com\/product\/yoast-seo-wordpress\/ -->\n<title>O Concello de Nigr\u00e1n inicia as obras para humanizar a praza da carrasca reordenando o tr\u00e1fico e pavimentando en pedra -<\/title>\n<meta name=\"robots\" content=\"index, follow, max-snippet:-1, max-image-preview:large, max-video-preview:-1\" \/>\n<link rel=\"canonical\" href=\"https:\/\/www.anovapeneira.gal\/index.php\/2020\/01\/16\/o-concello-de-nigran-inicia-as-obras-para-humanizar-a-praza-da-carrasca-reordenando-o-trafico-e-pavimentando-en-pedra\/\" \/>\n<meta property=\"og:locale\" content=\"gl_ES\" \/>\n<meta property=\"og:type\" content=\"article\" \/>\n<meta property=\"og:title\" content=\"O Concello de Nigr\u00e1n inicia as obras para humanizar a praza da carrasca reordenando o tr\u00e1fico e pavimentando en pedra -\" \/>\n<meta property=\"og:description\" content=\"O Concello de Nigr\u00e1n iniciou esta ma\u00f1\u00e1 as obras de humanizaci\u00f3n da Praza da Carrasca (parroquia de Parada) co obxectivo de mellorala est\u00e9ticamente reordenando o tr\u00e1fico neste n\u00facleo e dot\u00e1ndoa dun pavimento de pedra m\u00e1is acorde coa contorna [...]\" \/>\n<meta property=\"og:url\" content=\"https:\/\/www.anovapeneira.gal\/index.php\/2020\/01\/16\/o-concello-de-nigran-inicia-as-obras-para-humanizar-a-praza-da-carrasca-reordenando-o-trafico-e-pavimentando-en-pedra\/\" \/>\n<meta property=\"article:publisher\" content=\"https:\/\/www.facebook.com\/anovapeneira\" \/>\n<meta property=\"article:published_time\" content=\"2020-01-16T09:00:10+00:00\" \/>\n<meta property=\"og:image\" content=\"https:\/\/www.anovapeneira.gal\/wp-content\/uploads\/2020\/01\/praza_da_carrasca_a_nova_peneira.jpg\" \/>\n\t<meta property=\"og:image:width\" content=\"720\" \/>\n\t<meta property=\"og:image:height\" content=\"432\" \/>\n\t<meta property=\"og:image:type\" content=\"image\/jpeg\" \/>\n<meta name=\"author\" content=\"Redacci\u00f3n A Nova Peneira\" \/>\n<meta name=\"twitter:card\" content=\"summary_large_image\" \/>\n<meta name=\"twitter:creator\" content=\"@APeneira\" \/>\n<meta name=\"twitter:site\" content=\"@APeneira\" \/>\n<meta name=\"twitter:label1\" content=\"Escrito por\" \/>\n\t<meta name=\"twitter:data1\" content=\"Redacci\u00f3n A Nova Peneira\" \/>\n\t<meta name=\"twitter:label2\" content=\"Tempo de lectura\" \/>\n\t<meta name=\"twitter:data2\" content=\"1 minuto\" \/>\n<script type=\"application\/ld+json\" class=\"yoast-schema-graph\">{\"@context\":\"https:\\\/\\\/schema.org\",\"@graph\":[{\"@type\":\"Article\",\"@id\":\"https:\\\/\\\/www.anovapeneira.gal\\\/index.php\\\/2020\\\/01\\\/16\\\/o-concello-de-nigran-inicia-as-obras-para-humanizar-a-praza-da-carrasca-reordenando-o-trafico-e-pavimentando-en-pedra\\\/#article\",\"isPartOf\":{\"@id\":\"https:\\\/\\\/www.anovapeneira.gal\\\/index.php\\\/2020\\\/01\\\/16\\\/o-concello-de-nigran-inicia-as-obras-para-humanizar-a-praza-da-carrasca-reordenando-o-trafico-e-pavimentando-en-pedra\\\/\"},\"author\":{\"name\":\"Redacci\u00f3n A Nova Peneira\",\"@id\":\"https:\\\/\\\/www.anovapeneira.gal\\\/#\\\/schema\\\/person\\\/b93e3f8932e3f8da96334607eb6ac6aa\"},\"headline\":\"O Concello de Nigr\u00e1n inicia as obras para humanizar a praza da carrasca reordenando o tr\u00e1fico e pavimentando en pedra\",\"datePublished\":\"2020-01-16T09:00:10+00:00\",\"mainEntityOfPage\":{\"@id\":\"https:\\\/\\\/www.anovapeneira.gal\\\/index.php\\\/2020\\\/01\\\/16\\\/o-concello-de-nigran-inicia-as-obras-para-humanizar-a-praza-da-carrasca-reordenando-o-trafico-e-pavimentando-en-pedra\\\/\"},\"wordCount\":309,\"commentCount\":0,\"publisher\":{\"@id\":\"https:\\\/\\\/www.anovapeneira.gal\\\/#organization\"},\"image\":{\"@id\":\"https:\\\/\\\/www.anovapeneira.gal\\\/index.php\\\/2020\\\/01\\\/16\\\/o-concello-de-nigran-inicia-as-obras-para-humanizar-a-praza-da-carrasca-reordenando-o-trafico-e-pavimentando-en-pedra\\\/#primaryimage\"},\"thumbnailUrl\":\"https:\\\/\\\/www.anovapeneira.gal\\\/wp-content\\\/uploads\\\/2020\\\/01\\\/praza_da_carrasca_a_nova_peneira.jpg\",\"keywords\":[\"Concello de Nigr\u00e1n\",\"Fomento\"],\"articleSection\":[\"Val Mi\u00f1or\"],\"inLanguage\":\"gl-ES\",\"potentialAction\":[{\"@type\":\"CommentAction\",\"name\":\"Comment\",\"target\":[\"https:\\\/\\\/www.anovapeneira.gal\\\/index.php\\\/2020\\\/01\\\/16\\\/o-concello-de-nigran-inicia-as-obras-para-humanizar-a-praza-da-carrasca-reordenando-o-trafico-e-pavimentando-en-pedra\\\/#respond\"]}]},{\"@type\":\"WebPage\",\"@id\":\"https:\\\/\\\/www.anovapeneira.gal\\\/index.php\\\/2020\\\/01\\\/16\\\/o-concello-de-nigran-inicia-as-obras-para-humanizar-a-praza-da-carrasca-reordenando-o-trafico-e-pavimentando-en-pedra\\\/\",\"url\":\"https:\\\/\\\/www.anovapeneira.gal\\\/index.php\\\/2020\\\/01\\\/16\\\/o-concello-de-nigran-inicia-as-obras-para-humanizar-a-praza-da-carrasca-reordenando-o-trafico-e-pavimentando-en-pedra\\\/\",\"name\":\"O Concello de Nigr\u00e1n inicia as obras para humanizar a praza da carrasca reordenando o tr\u00e1fico e pavimentando en pedra -\",\"isPartOf\":{\"@id\":\"https:\\\/\\\/www.anovapeneira.gal\\\/#website\"},\"primaryImageOfPage\":{\"@id\":\"https:\\\/\\\/www.anovapeneira.gal\\\/index.php\\\/2020\\\/01\\\/16\\\/o-concello-de-nigran-inicia-as-obras-para-humanizar-a-praza-da-carrasca-reordenando-o-trafico-e-pavimentando-en-pedra\\\/#primaryimage\"},\"image\":{\"@id\":\"https:\\\/\\\/www.anovapeneira.gal\\\/index.php\\\/2020\\\/01\\\/16\\\/o-concello-de-nigran-inicia-as-obras-para-humanizar-a-praza-da-carrasca-reordenando-o-trafico-e-pavimentando-en-pedra\\\/#primaryimage\"},\"thumbnailUrl\":\"https:\\\/\\\/www.anovapeneira.gal\\\/wp-content\\\/uploads\\\/2020\\\/01\\\/praza_da_carrasca_a_nova_peneira.jpg\",\"datePublished\":\"2020-01-16T09:00:10+00:00\",\"breadcrumb\":{\"@id\":\"https:\\\/\\\/www.anovapeneira.gal\\\/index.php\\\/2020\\\/01\\\/16\\\/o-concello-de-nigran-inicia-as-obras-para-humanizar-a-praza-da-carrasca-reordenando-o-trafico-e-pavimentando-en-pedra\\\/#breadcrumb\"},\"inLanguage\":\"gl-ES\",\"potentialAction\":[{\"@type\":\"ReadAction\",\"target\":[\"https:\\\/\\\/www.anovapeneira.gal\\\/index.php\\\/2020\\\/01\\\/16\\\/o-concello-de-nigran-inicia-as-obras-para-humanizar-a-praza-da-carrasca-reordenando-o-trafico-e-pavimentando-en-pedra\\\/\"]}]},{\"@type\":\"ImageObject\",\"inLanguage\":\"gl-ES\",\"@id\":\"https:\\\/\\\/www.anovapeneira.gal\\\/index.php\\\/2020\\\/01\\\/16\\\/o-concello-de-nigran-inicia-as-obras-para-humanizar-a-praza-da-carrasca-reordenando-o-trafico-e-pavimentando-en-pedra\\\/#primaryimage\",\"url\":\"https:\\\/\\\/www.anovapeneira.gal\\\/wp-content\\\/uploads\\\/2020\\\/01\\\/praza_da_carrasca_a_nova_peneira.jpg\",\"contentUrl\":\"https:\\\/\\\/www.anovapeneira.gal\\\/wp-content\\\/uploads\\\/2020\\\/01\\\/praza_da_carrasca_a_nova_peneira.jpg\",\"width\":720,\"height\":432,\"caption\":\"Obras Praza da Carrasca Concello de Nigr\u00e1n A Nova Peneira\"},{\"@type\":\"BreadcrumbList\",\"@id\":\"https:\\\/\\\/www.anovapeneira.gal\\\/index.php\\\/2020\\\/01\\\/16\\\/o-concello-de-nigran-inicia-as-obras-para-humanizar-a-praza-da-carrasca-reordenando-o-trafico-e-pavimentando-en-pedra\\\/#breadcrumb\",\"itemListElement\":[{\"@type\":\"ListItem\",\"position\":1,\"name\":\"Portada\",\"item\":\"https:\\\/\\\/www.anovapeneira.gal\\\/\"},{\"@type\":\"ListItem\",\"position\":2,\"name\":\"O Concello de Nigr\u00e1n inicia as obras para humanizar a praza da carrasca reordenando o tr\u00e1fico e pavimentando en pedra\"}]},{\"@type\":\"WebSite\",\"@id\":\"https:\\\/\\\/www.anovapeneira.gal\\\/#website\",\"url\":\"https:\\\/\\\/www.anovapeneira.gal\\\/\",\"name\":\"\",\"description\":\"Xornal galego de informaci\u00f3n xeral Publicaci\u00f3n mensual de novas de Galicia e en especial dos Concellos da sur da provincia de Pontevedra.\",\"publisher\":{\"@id\":\"https:\\\/\\\/www.anovapeneira.gal\\\/#organization\"},\"potentialAction\":[{\"@type\":\"SearchAction\",\"target\":{\"@type\":\"EntryPoint\",\"urlTemplate\":\"https:\\\/\\\/www.anovapeneira.gal\\\/?s={search_term_string}\"},\"query-input\":{\"@type\":\"PropertyValueSpecification\",\"valueRequired\":true,\"valueName\":\"search_term_string\"}}],\"inLanguage\":\"gl-ES\"},{\"@type\":\"Organization\",\"@id\":\"https:\\\/\\\/www.anovapeneira.gal\\\/#organization\",\"name\":\"A Nova Peneira\",\"url\":\"https:\\\/\\\/www.anovapeneira.gal\\\/\",\"logo\":{\"@type\":\"ImageObject\",\"inLanguage\":\"gl-ES\",\"@id\":\"https:\\\/\\\/www.anovapeneira.gal\\\/#\\\/schema\\\/logo\\\/image\\\/\",\"url\":\"http:\\\/\\\/www.anovapeneira.gal\\\/wp-content\\\/uploads\\\/2019\\\/06\\\/logo_a_nova_peneira_portal_web.png\",\"contentUrl\":\"http:\\\/\\\/www.anovapeneira.gal\\\/wp-content\\\/uploads\\\/2019\\\/06\\\/logo_a_nova_peneira_portal_web.png\",\"width\":300,\"height\":100,\"caption\":\"A Nova Peneira\"},\"image\":{\"@id\":\"https:\\\/\\\/www.anovapeneira.gal\\\/#\\\/schema\\\/logo\\\/image\\\/\"},\"sameAs\":[\"https:\\\/\\\/www.facebook.com\\\/anovapeneira\",\"https:\\\/\\\/x.com\\\/APeneira\"]},{\"@type\":\"Person\",\"@id\":\"https:\\\/\\\/www.anovapeneira.gal\\\/#\\\/schema\\\/person\\\/b93e3f8932e3f8da96334607eb6ac6aa\",\"name\":\"Redacci\u00f3n A Nova Peneira\",\"image\":{\"@type\":\"ImageObject\",\"inLanguage\":\"gl-ES\",\"@id\":\"https:\\\/\\\/secure.gravatar.com\\\/avatar\\\/c052a2551a06e23fac63626232eaa90abd78dbcf1700fc46a2b2c89fd27b735f?s=96&d=mm&r=g\",\"url\":\"https:\\\/\\\/secure.gravatar.com\\\/avatar\\\/c052a2551a06e23fac63626232eaa90abd78dbcf1700fc46a2b2c89fd27b735f?s=96&d=mm&r=g\",\"contentUrl\":\"https:\\\/\\\/secure.gravatar.com\\\/avatar\\\/c052a2551a06e23fac63626232eaa90abd78dbcf1700fc46a2b2c89fd27b735f?s=96&d=mm&r=g\",\"caption\":\"Redacci\u00f3n A Nova Peneira\"},\"sameAs\":[\"http:\\\/\\\/www.anovapeneira.gal\\\/\"],\"url\":\"https:\\\/\\\/www.anovapeneira.gal\\\/index.php\\\/author\\\/redactor\\\/\"}]}<\/script>\n<!-- \/ Yoast SEO plugin. -->","yoast_head_json":{"title":"O Concello de Nigr\u00e1n inicia as obras para humanizar a praza da carrasca reordenando o tr\u00e1fico e pavimentando en pedra -","robots":{"index":"index","follow":"follow","max-snippet":"max-snippet:-1","max-image-preview":"max-image-preview:large","max-video-preview":"max-video-preview:-1"},"canonical":"https:\/\/www.anovapeneira.gal\/index.php\/2020\/01\/16\/o-concello-de-nigran-inicia-as-obras-para-humanizar-a-praza-da-carrasca-reordenando-o-trafico-e-pavimentando-en-pedra\/","og_locale":"gl_ES","og_type":"article","og_title":"O Concello de Nigr\u00e1n inicia as obras para humanizar a praza da carrasca reordenando o tr\u00e1fico e pavimentando en pedra -","og_description":"O Concello de Nigr\u00e1n iniciou esta ma\u00f1\u00e1 as obras de humanizaci\u00f3n da Praza da Carrasca (parroquia de Parada) co obxectivo de mellorala est\u00e9ticamente reordenando o tr\u00e1fico neste n\u00facleo e dot\u00e1ndoa dun pavimento de pedra m\u00e1is acorde coa contorna [...]","og_url":"https:\/\/www.anovapeneira.gal\/index.php\/2020\/01\/16\/o-concello-de-nigran-inicia-as-obras-para-humanizar-a-praza-da-carrasca-reordenando-o-trafico-e-pavimentando-en-pedra\/","article_publisher":"https:\/\/www.facebook.com\/anovapeneira","article_published_time":"2020-01-16T09:00:10+00:00","og_image":[{"width":720,"height":432,"url":"https:\/\/www.anovapeneira.gal\/wp-content\/uploads\/2020\/01\/praza_da_carrasca_a_nova_peneira.jpg","type":"image\/jpeg"}],"author":"Redacci\u00f3n A Nova Peneira","twitter_card":"summary_large_image","twitter_creator":"@APeneira","twitter_site":"@APeneira","twitter_misc":{"Escrito por":"Redacci\u00f3n A Nova Peneira","Tempo de lectura":"1 minuto"},"schema":{"@context":"https:\/\/schema.org","@graph":[{"@type":"Article","@id":"https:\/\/www.anovapeneira.gal\/index.php\/2020\/01\/16\/o-concello-de-nigran-inicia-as-obras-para-humanizar-a-praza-da-carrasca-reordenando-o-trafico-e-pavimentando-en-pedra\/#article","isPartOf":{"@id":"https:\/\/www.anovapeneira.gal\/index.php\/2020\/01\/16\/o-concello-de-nigran-inicia-as-obras-para-humanizar-a-praza-da-carrasca-reordenando-o-trafico-e-pavimentando-en-pedra\/"},"author":{"name":"Redacci\u00f3n A Nova Peneira","@id":"https:\/\/www.anovapeneira.gal\/#\/schema\/person\/b93e3f8932e3f8da96334607eb6ac6aa"},"headline":"O Concello de Nigr\u00e1n inicia as obras para humanizar a praza da carrasca reordenando o tr\u00e1fico e pavimentando en pedra","datePublished":"2020-01-16T09:00:10+00:00","mainEntityOfPage":{"@id":"https:\/\/www.anovapeneira.gal\/index.php\/2020\/01\/16\/o-concello-de-nigran-inicia-as-obras-para-humanizar-a-praza-da-carrasca-reordenando-o-trafico-e-pavimentando-en-pedra\/"},"wordCount":309,"commentCount":0,"publisher":{"@id":"https:\/\/www.anovapeneira.gal\/#organization"},"image":{"@id":"https:\/\/www.anovapeneira.gal\/index.php\/2020\/01\/16\/o-concello-de-nigran-inicia-as-obras-para-humanizar-a-praza-da-carrasca-reordenando-o-trafico-e-pavimentando-en-pedra\/#primaryimage"},"thumbnailUrl":"https:\/\/www.anovapeneira.gal\/wp-content\/uploads\/2020\/01\/praza_da_carrasca_a_nova_peneira.jpg","keywords":["Concello de Nigr\u00e1n","Fomento"],"articleSection":["Val Mi\u00f1or"],"inLanguage":"gl-ES","potentialAction":[{"@type":"CommentAction","name":"Comment","target":["https:\/\/www.anovapeneira.gal\/index.php\/2020\/01\/16\/o-concello-de-nigran-inicia-as-obras-para-humanizar-a-praza-da-carrasca-reordenando-o-trafico-e-pavimentando-en-pedra\/#respond"]}]},{"@type":"WebPage","@id":"https:\/\/www.anovapeneira.gal\/index.php\/2020\/01\/16\/o-concello-de-nigran-inicia-as-obras-para-humanizar-a-praza-da-carrasca-reordenando-o-trafico-e-pavimentando-en-pedra\/","url":"https:\/\/www.anovapeneira.gal\/index.php\/2020\/01\/16\/o-concello-de-nigran-inicia-as-obras-para-humanizar-a-praza-da-carrasca-reordenando-o-trafico-e-pavimentando-en-pedra\/","name":"O Concello de Nigr\u00e1n inicia as obras para humanizar a praza da carrasca reordenando o tr\u00e1fico e pavimentando en pedra -","isPartOf":{"@id":"https:\/\/www.anovapeneira.gal\/#website"},"primaryImageOfPage":{"@id":"https:\/\/www.anovapeneira.gal\/index.php\/2020\/01\/16\/o-concello-de-nigran-inicia-as-obras-para-humanizar-a-praza-da-carrasca-reordenando-o-trafico-e-pavimentando-en-pedra\/#primaryimage"},"image":{"@id":"https:\/\/www.anovapeneira.gal\/index.php\/2020\/01\/16\/o-concello-de-nigran-inicia-as-obras-para-humanizar-a-praza-da-carrasca-reordenando-o-trafico-e-pavimentando-en-pedra\/#primaryimage"},"thumbnailUrl":"https:\/\/www.anovapeneira.gal\/wp-content\/uploads\/2020\/01\/praza_da_carrasca_a_nova_peneira.jpg","datePublished":"2020-01-16T09:00:10+00:00","breadcrumb":{"@id":"https:\/\/www.anovapeneira.gal\/index.php\/2020\/01\/16\/o-concello-de-nigran-inicia-as-obras-para-humanizar-a-praza-da-carrasca-reordenando-o-trafico-e-pavimentando-en-pedra\/#breadcrumb"},"inLanguage":"gl-ES","potentialAction":[{"@type":"ReadAction","target":["https:\/\/www.anovapeneira.gal\/index.php\/2020\/01\/16\/o-concello-de-nigran-inicia-as-obras-para-humanizar-a-praza-da-carrasca-reordenando-o-trafico-e-pavimentando-en-pedra\/"]}]},{"@type":"ImageObject","inLanguage":"gl-ES","@id":"https:\/\/www.anovapeneira.gal\/index.php\/2020\/01\/16\/o-concello-de-nigran-inicia-as-obras-para-humanizar-a-praza-da-carrasca-reordenando-o-trafico-e-pavimentando-en-pedra\/#primaryimage","url":"https:\/\/www.anovapeneira.gal\/wp-content\/uploads\/2020\/01\/praza_da_carrasca_a_nova_peneira.jpg","contentUrl":"https:\/\/www.anovapeneira.gal\/wp-content\/uploads\/2020\/01\/praza_da_carrasca_a_nova_peneira.jpg","width":720,"height":432,"caption":"Obras Praza da Carrasca Concello de Nigr\u00e1n A Nova Peneira"},{"@type":"BreadcrumbList","@id":"https:\/\/www.anovapeneira.gal\/index.php\/2020\/01\/16\/o-concello-de-nigran-inicia-as-obras-para-humanizar-a-praza-da-carrasca-reordenando-o-trafico-e-pavimentando-en-pedra\/#breadcrumb","itemListElement":[{"@type":"ListItem","position":1,"name":"Portada","item":"https:\/\/www.anovapeneira.gal\/"},{"@type":"ListItem","position":2,"name":"O Concello de Nigr\u00e1n inicia as obras para humanizar a praza da carrasca reordenando o tr\u00e1fico e pavimentando en pedra"}]},{"@type":"WebSite","@id":"https:\/\/www.anovapeneira.gal\/#website","url":"https:\/\/www.anovapeneira.gal\/","name":"","description":"Xornal galego de informaci\u00f3n xeral Publicaci\u00f3n mensual de novas de Galicia e en especial dos Concellos da sur da provincia de Pontevedra.","publisher":{"@id":"https:\/\/www.anovapeneira.gal\/#organization"},"potentialAction":[{"@type":"SearchAction","target":{"@type":"EntryPoint","urlTemplate":"https:\/\/www.anovapeneira.gal\/?s={search_term_string}"},"query-input":{"@type":"PropertyValueSpecification","valueRequired":true,"valueName":"search_term_string"}}],"inLanguage":"gl-ES"},{"@type":"Organization","@id":"https:\/\/www.anovapeneira.gal\/#organization","name":"A Nova Peneira","url":"https:\/\/www.anovapeneira.gal\/","logo":{"@type":"ImageObject","inLanguage":"gl-ES","@id":"https:\/\/www.anovapeneira.gal\/#\/schema\/logo\/image\/","url":"http:\/\/www.anovapeneira.gal\/wp-content\/uploads\/2019\/06\/logo_a_nova_peneira_portal_web.png","contentUrl":"http:\/\/www.anovapeneira.gal\/wp-content\/uploads\/2019\/06\/logo_a_nova_peneira_portal_web.png","width":300,"height":100,"caption":"A Nova Peneira"},"image":{"@id":"https:\/\/www.anovapeneira.gal\/#\/schema\/logo\/image\/"},"sameAs":["https:\/\/www.facebook.com\/anovapeneira","https:\/\/x.com\/APeneira"]},{"@type":"Person","@id":"https:\/\/www.anovapeneira.gal\/#\/schema\/person\/b93e3f8932e3f8da96334607eb6ac6aa","name":"Redacci\u00f3n A Nova Peneira","image":{"@type":"ImageObject","inLanguage":"gl-ES","@id":"https:\/\/secure.gravatar.com\/avatar\/c052a2551a06e23fac63626232eaa90abd78dbcf1700fc46a2b2c89fd27b735f?s=96&d=mm&r=g","url":"https:\/\/secure.gravatar.com\/avatar\/c052a2551a06e23fac63626232eaa90abd78dbcf1700fc46a2b2c89fd27b735f?s=96&d=mm&r=g","contentUrl":"https:\/\/secure.gravatar.com\/avatar\/c052a2551a06e23fac63626232eaa90abd78dbcf1700fc46a2b2c89fd27b735f?s=96&d=mm&r=g","caption":"Redacci\u00f3n A Nova Peneira"},"sameAs":["http:\/\/www.anovapeneira.gal\/"],"url":"https:\/\/www.anovapeneira.gal\/index.php\/author\/redactor\/"}]}},"jetpack_featured_media_url":"https:\/\/www.anovapeneira.gal\/wp-content\/uploads\/2020\/01\/praza_da_carrasca_a_nova_peneira.jpg","_links":{"self":[{"href":"https:\/\/www.anovapeneira.gal\/index.php\/wp-json\/wp\/v2\/posts\/2266","targetHints":{"allow":["GET"]}}],"collection":[{"href":"https:\/\/www.anovapeneira.gal\/index.php\/wp-json\/wp\/v2\/posts"}],"about":[{"href":"https:\/\/www.anovapeneira.gal\/index.php\/wp-json\/wp\/v2\/types\/post"}],"author":[{"embeddable":true,"href":"https:\/\/www.anovapeneira.gal\/index.php\/wp-json\/wp\/v2\/users\/3"}],"replies":[{"embeddable":true,"href":"https:\/\/www.anovapeneira.gal\/index.php\/wp-json\/wp\/v2\/comments?post=2266"}],"version-history":[{"count":1,"href":"https:\/\/www.anovapeneira.gal\/index.php\/wp-json\/wp\/v2\/posts\/2266\/revisions"}],"predecessor-version":[{"id":2268,"href":"https:\/\/www.anovapeneira.gal\/index.php\/wp-json\/wp\/v2\/posts\/2266\/revisions\/2268"}],"wp:featuredmedia":[{"embeddable":true,"href":"https:\/\/www.anovapeneira.gal\/index.php\/wp-json\/wp\/v2\/media\/2267"}],"wp:attachment":[{"href":"https:\/\/www.anovapeneira.gal\/index.php\/wp-json\/wp\/v2\/media?parent=2266"}],"wp:term":[{"taxonomy":"category","embeddable":true,"href":"https:\/\/www.anovapeneira.gal\/index.php\/wp-json\/wp\/v2\/categories?post=2266"},{"taxonomy":"post_tag","embeddable":true,"href":"https:\/\/www.anovapeneira.gal\/index.php\/wp-json\/wp\/v2\/tags?post=2266"}],"curies":[{"name":"wp","href":"https:\/\/api.w.org\/{rel}","templated":true}]}}