{"id":2272,"date":"2020-01-16T14:00:58","date_gmt":"2020-01-16T13:00:58","guid":{"rendered":"http:\/\/www.anovapeneira.gal\/?p=2272"},"modified":"2020-01-13T10:57:17","modified_gmt":"2020-01-13T09:57:17","slug":"cristina-rodriguez-da-asociacion-que-voltem","status":"publish","type":"post","link":"https:\/\/www.anovapeneira.gal\/index.php\/2020\/01\/16\/cristina-rodriguez-da-asociacion-que-voltem\/","title":{"rendered":"Cristina Rodr\u00edguez da asociaci\u00f3n \u201cque voltem\u201d"},"content":{"rendered":"\n<pre class=\"wp-block-verse\"><strong>Tino Lago<\/strong><\/pre>\n\n\n\n<h2 class=\"wp-block-heading\"><strong>Cristina \u00e9 unha moza viguesa, voceira da asociaci\u00f3n \u201cque voltem\u201d.Esta \u00e9 unha plataforma social que ten como obxectivo a asistencia a familiares de presos e presas independentistas galegas, al\u00e9n de denunciar a situaci\u00f3n que, eles entenden como excepcional, sofren estas persoas nos distintos c\u00e1rceres nos que se encontran. Vela\u00ed vai o que deu de si a nosa conversa<\/strong><\/h2>\n\n\n\n<h2 class=\"wp-block-heading\">\u201c<strong>SOMOS\nUNHA ASOCIACI\u00d3N HUMANITARIA E ASISTENCIAL QUE TRATA DE DENUNCIAR A\nSITUACI\u00d3N EXCEPCIONAL QUE VIVEN OS PRESOS E PRESAS INDEPENDENTISTAS\nGALEGOS AL\u00c9N DE AXUDARMOS \u00c1S S\u00daAS FAMILIAS\u201d<\/strong><\/h2>\n\n\n\n<p><strong>Que\n\u00e9 \u201cque voltem\u201d?<\/strong><\/p>\n\n\n\n<blockquote class=\"wp-block-quote is-layout-flow wp-block-quote-is-layout-flow\"><p>\u00c9 a asociaci\u00f3n de familiares e amizades de presos e presas independentistas galegas. Dedic\u00e1monos a achegarlles solidariedade \u00e1s persoas presas, e a axudar \u00e1s s\u00faas familias, somos unha asociaci\u00f3n asistencial.<\/p><\/blockquote>\n\n\n\n<p><strong>Neste\npa\u00eds p\u00f3dese estar preso por ser independentista?<\/strong><\/p>\n\n\n\n<blockquote class=\"wp-block-quote is-layout-flow wp-block-quote-is-layout-flow\"><p>Eu penso que si. Malia que n\u00f3s, como che dixen, somos s\u00f3 unha asociaci\u00f3n asistencial e humanitaria sen directrices pol\u00edticas.<\/p><\/blockquote>\n\n\n\n<p><strong>Cando\nnaceu QUE VOLTEM?<\/strong><\/p>\n\n\n\n<blockquote class=\"wp-block-quote is-layout-flow wp-block-quote-is-layout-flow\"><p>N\u00f3s somos continuadoras dunha asociaci\u00f3n inicial que se denominaba QUE VOLTEN PARA CASA, e agora mesmo non sei con seguridade cando foi o seu nacemento, pero coido que hai m\u00e1is ou menos 10 anos.<\/p><\/blockquote>\n\n\n\n<p><strong>Por\nque o cambio de QUE VOLTEM A CASA A QUE VOLTEM?<\/strong><\/p>\n\n\n\n<blockquote class=\"wp-block-quote is-layout-flow wp-block-quote-is-layout-flow\"><p>Foi unha cuesti\u00f3n puramente administrativa. Mudou a directiva, foi dif\u00edcil contactar coas persoas que estaban antes, e decidimos facelo as\u00ed<\/p><\/blockquote>\n\n\n\n<p><strong>Entendo\nque sodes unha asociaci\u00f3n legalizada?<\/strong><\/p>\n\n\n\n<blockquote class=\"wp-block-quote is-layout-flow wp-block-quote-is-layout-flow\"><p>Si claro<\/p><\/blockquote>\n\n\n\n<p><strong>Como\nvos financiades?<\/strong><\/p>\n\n\n\n<blockquote class=\"wp-block-quote is-layout-flow wp-block-quote-is-layout-flow\"><p>Coas achegas econ\u00f3micas dos nosos simpatizantes, de feito agora mesmo estamos a cubrir o peculio dalg\u00fans presos<\/p><\/blockquote>\n\n\n\n<p><strong>Que\n\u00e9 o peculio?<\/strong><\/p>\n\n\n\n<blockquote class=\"wp-block-quote is-layout-flow wp-block-quote-is-layout-flow\"><p>Unha conta de cada preso na que se lles ingresan cartos para que poidan mercar dentro da prisi\u00f3n  cousas que precisen. Un negocio a conta deles, vaia.<\/p><\/blockquote>\n\n\n\n<p><strong>Por\nque un \u201c negocio\u201d?<\/strong><\/p>\n\n\n\n<blockquote class=\"wp-block-quote is-layout-flow wp-block-quote-is-layout-flow\"><p>Porque desde f\u00f3ra non lle podes dar nada que poidan mercar dentro, e \u00e1s veces os prezos dentro son disparatados.<\/p><\/blockquote>\n\n\n\n<p> <strong>M\u00e1is\ncaros que f\u00f3ra?<\/strong><\/p>\n\n\n\n<blockquote class=\"wp-block-quote is-layout-flow wp-block-quote-is-layout-flow\"><p>Si, en moitos casos , si.<\/p><\/blockquote>\n\n\n\n<p><strong>V\u00f3s,\nsendo como sodes unha asociaci\u00f3n plenamente legal, nalg\u00fan caso\nnotastes alg\u00fan tipo de presi\u00f3n sist\u00e9mica?<\/strong><\/p>\n\n\n\n<blockquote class=\"wp-block-quote is-layout-flow wp-block-quote-is-layout-flow\"><p>N\u00f3s somos unha asociaci\u00f3n humanitaria, con independencia de calquera ideolox\u00eda pol\u00edtica, e entendemos que debemos estar f\u00f3ra dese circu\u00edto de presi\u00f3n, pero si, si que a notamos preto.<\/p><\/blockquote>\n\n\n\n<p><strong>En\nque consiste a vosa actividade coti\u00e1?<\/strong><\/p>\n\n\n\n<blockquote class=\"wp-block-quote is-layout-flow wp-block-quote-is-layout-flow\"><p>Fundamentalmente en socializar a solidariedade con presos e presas independentistas, facilitamos que a xente que queira lles escriba e lles visite, facemos charlas informativas, realizamos a marcha \u00e1s cadeas indo \u00e1s prisi\u00f3ns a denunciar a situaci\u00f3n dos presos e presas e a amosarlles solidariedade. E tam\u00e9n tratamos de  axudar \u00e1s s\u00faas familias para intentar de levar o mellor posible a situaci\u00f3n excepcional que vive este colectivo.<\/p><\/blockquote>\n\n\n\n<p><strong>Por\nque \u00e9 unha situaci\u00f3n \u201cexcepcional\u201d?<\/strong><\/p>\n\n\n\n<blockquote class=\"wp-block-quote is-layout-flow wp-block-quote-is-layout-flow\"><p>Pois por que lle son aplicadas medidas excepcionais, xa que se lles aplica a lexislaci\u00f3n antiterrorista que implica a detenci\u00f3n incomunicada a aplicaci\u00f3n do primeiro grao e do r\u00e9xime FIES.<\/p><\/blockquote>\n\n\n\n<p><strong>En\nque consiste o primeiro grao e o r\u00e9xime FIES?<\/strong><\/p>\n\n\n\n<blockquote class=\"wp-block-quote is-layout-flow wp-block-quote-is-layout-flow\"><p>\u00c9 como unha especie de cadea dentro da cadea. Te\u00f1en illamento e as s\u00faas comunicaci\u00f3ns moi restrinxidas, por exemplo agora mesmo Ant\u00f3n, leva m\u00e1is dun mes en illamento e agardando por unha visita m\u00e9dica desde hai dous meses.<\/p><\/blockquote>\n\n\n\n<p><strong>Est\u00e1s\nfalando de Ant\u00f3n Garc\u00eda Matos?<\/strong><\/p>\n\n\n\n<blockquote class=\"wp-block-quote is-layout-flow wp-block-quote-is-layout-flow\"><p>Si<\/p><\/blockquote>\n\n\n\n<p><strong>E\nen que se concreta ese \u201cillamento\u201d?<\/strong><\/p>\n\n\n\n<blockquote class=\"wp-block-quote is-layout-flow wp-block-quote-is-layout-flow\"><p>En estar 20 horas na cela e 4 no patio normalmente s\u00f3. \u00c9 dicir, practicamente en quitarlle o contacto co resto da humanidade ag\u00e1s cos funcionarios claro.<\/p><\/blockquote>\n\n\n\n<p><strong>Caramba,\nvaia situaci\u00f3n m\u00e1is dura. E por que se lle aplican ese tipo de\nmedidas ,ao teu xu\u00edzo?<\/strong><\/p>\n\n\n\n<blockquote class=\"wp-block-quote is-layout-flow wp-block-quote-is-layout-flow\"><p>N\u00f3s entendemos que son pol\u00edticas de vinganza, tanto para as presas e presos como para as s\u00faas familias que te\u00f1en que percorrer unha media de 1.600 kmts para unha visita de 40 mnt<\/p><\/blockquote>\n\n\n\n<p><strong>As\npersoas que est\u00e1n en primeiro grao, cantas visitas poden recibir?<\/strong><\/p>\n\n\n\n<blockquote class=\"wp-block-quote is-layout-flow wp-block-quote-is-layout-flow\"><p>S\u00f3 unha visita de fin de semana  de 40 mnt.<\/p><\/blockquote>\n\n\n\n<p><strong>\u00c9\nposible o contacto f\u00edsico?<\/strong><\/p>\n\n\n\n<blockquote class=\"wp-block-quote is-layout-flow wp-block-quote-is-layout-flow\"><p>Non.<\/p><\/blockquote>\n\n\n\n<p><strong>Vaia,\nnon se lle pode dar un bico ou unha aperta?<\/strong><\/p>\n\n\n\n<blockquote class=\"wp-block-quote is-layout-flow wp-block-quote-is-layout-flow\"><p>Non, falas a trav\u00e9s dun vidro, nin sequera a voz \u00e9 directa pois falas a trav\u00e9s dun tel\u00e9fono. S\u00f3 existe esa posibilidade da expresi\u00f3n f\u00edsica do afecto nos chamados bis de familiares, que, falo de memoria, creo que consisten nun encontro semanal de d\u00faas horas.  <\/p><\/blockquote>\n\n\n\n<p><strong>Cantas\npersoas compo\u00f1en agora mesmo o colectivo ao que v\u00f3s referides?<\/strong><\/p>\n\n\n\n<blockquote class=\"wp-block-quote is-layout-flow wp-block-quote-is-layout-flow\"><p>No momento presente 5, dos cales 3( Ant\u00f3n, Asunci\u00f3n e Miguel) non est\u00e1n nin sequera condenados, pois at\u00f3panse en situaci\u00f3n de prisi\u00f3n preventiva.<\/p><\/blockquote>\n\n\n\n<p><strong>Ti\npersoalmente, Cristina, por que te metiches en QUE VOLTEN?<\/strong><\/p>\n\n\n\n<blockquote class=\"wp-block-quote is-layout-flow wp-block-quote-is-layout-flow\"><p>Por amizade, e por solidariedade con quen sofre.<\/p><\/blockquote>\n\n\n\n<p><strong>Rematamos,\nse algu\u00e9n quere colaborar con v\u00f3s que \u00e9 o que ten que facer?<\/strong><\/p>\n\n\n\n<blockquote class=\"wp-block-quote is-layout-flow wp-block-quote-is-layout-flow\"><p>Desde logo que toda a axuda ser\u00e1 benvida. Estamos a preparar a marcha as cadeas, e quen queira pode vir para que vexa o que \u00e9 a dispersi\u00f3n, poden escribirlle aos presos e presas, poden axudar econ\u00f3mica ou moralmente, poden participar na asociaci\u00f3n, todo tipo de axuda ser\u00e1 moi ben recibida porque \u00e9 necesaria.<\/p><\/blockquote>\n","protected":false},"excerpt":{"rendered":"<div class=\"mh-excerpt\"><p>Cristina \u00e9 unha moza viguesa, voceira da asociaci\u00f3n \u201cque voltem\u201d.Esta \u00e9 unha plataforma social que ten como obxectivo a asistencia a familiares de presos e presas independentistas galegas <a class=\"mh-excerpt-more\" href=\"https:\/\/www.anovapeneira.gal\/index.php\/2020\/01\/16\/cristina-rodriguez-da-asociacion-que-voltem\/\" title=\"Cristina Rodr\u00edguez da asociaci\u00f3n \u201cque voltem\u201d\">[&#8230;]<\/a><\/p>\n<\/div>","protected":false},"author":2,"featured_media":2273,"comment_status":"open","ping_status":"open","sticky":false,"template":"","format":"standard","meta":{"_exactmetrics_skip_tracking":false,"_exactmetrics_sitenote_active":false,"_exactmetrics_sitenote_note":"","_exactmetrics_sitenote_category":0,"footnotes":""},"categories":[272],"tags":[227,908],"class_list":{"0":"post-2272","1":"post","2":"type-post","3":"status-publish","4":"format-standard","5":"has-post-thumbnail","7":"category-vigo-entrevistas","8":"tag-concello-de-vigo","9":"tag-que-voltem"},"yoast_head":"<!-- This site is optimized with the Yoast SEO plugin v27.4 - https:\/\/yoast.com\/product\/yoast-seo-wordpress\/ -->\n<title>Cristina Rodr\u00edguez da asociaci\u00f3n \u201cque voltem\u201d -<\/title>\n<meta name=\"robots\" content=\"index, follow, max-snippet:-1, max-image-preview:large, max-video-preview:-1\" \/>\n<link rel=\"canonical\" href=\"https:\/\/www.anovapeneira.gal\/index.php\/2020\/01\/16\/cristina-rodriguez-da-asociacion-que-voltem\/\" \/>\n<meta property=\"og:locale\" content=\"gl_ES\" \/>\n<meta property=\"og:type\" content=\"article\" \/>\n<meta property=\"og:title\" content=\"Cristina Rodr\u00edguez da asociaci\u00f3n \u201cque voltem\u201d -\" \/>\n<meta property=\"og:description\" content=\"Cristina \u00e9 unha moza viguesa, voceira da asociaci\u00f3n \u201cque voltem\u201d.Esta \u00e9 unha plataforma social que ten como obxectivo a asistencia a familiares de presos e presas independentistas galegas [...]\" \/>\n<meta property=\"og:url\" content=\"https:\/\/www.anovapeneira.gal\/index.php\/2020\/01\/16\/cristina-rodriguez-da-asociacion-que-voltem\/\" \/>\n<meta property=\"article:publisher\" content=\"https:\/\/www.facebook.com\/anovapeneira\" \/>\n<meta property=\"article:published_time\" content=\"2020-01-16T13:00:58+00:00\" \/>\n<meta property=\"og:image\" content=\"https:\/\/www.anovapeneira.gal\/wp-content\/uploads\/2020\/01\/cristina_que_volten_a_nova_peneira.jpg\" \/>\n\t<meta property=\"og:image:width\" content=\"720\" \/>\n\t<meta property=\"og:image:height\" content=\"432\" \/>\n\t<meta property=\"og:image:type\" content=\"image\/jpeg\" \/>\n<meta name=\"author\" content=\"Tino Lago\" \/>\n<meta name=\"twitter:card\" content=\"summary_large_image\" \/>\n<meta name=\"twitter:creator\" content=\"@APeneira\" \/>\n<meta name=\"twitter:site\" content=\"@APeneira\" \/>\n<meta name=\"twitter:label1\" content=\"Escrito por\" \/>\n\t<meta name=\"twitter:data1\" content=\"Tino Lago\" \/>\n\t<meta name=\"twitter:label2\" content=\"Tempo de lectura\" \/>\n\t<meta name=\"twitter:data2\" content=\"4 minutos\" \/>\n<script type=\"application\/ld+json\" class=\"yoast-schema-graph\">{\"@context\":\"https:\\\/\\\/schema.org\",\"@graph\":[{\"@type\":\"Article\",\"@id\":\"https:\\\/\\\/www.anovapeneira.gal\\\/index.php\\\/2020\\\/01\\\/16\\\/cristina-rodriguez-da-asociacion-que-voltem\\\/#article\",\"isPartOf\":{\"@id\":\"https:\\\/\\\/www.anovapeneira.gal\\\/index.php\\\/2020\\\/01\\\/16\\\/cristina-rodriguez-da-asociacion-que-voltem\\\/\"},\"author\":{\"name\":\"Tino Lago\",\"@id\":\"https:\\\/\\\/www.anovapeneira.gal\\\/#\\\/schema\\\/person\\\/424dfe65e3070fd8a44d22d2c088762a\"},\"headline\":\"Cristina Rodr\u00edguez da asociaci\u00f3n \u201cque voltem\u201d\",\"datePublished\":\"2020-01-16T13:00:58+00:00\",\"mainEntityOfPage\":{\"@id\":\"https:\\\/\\\/www.anovapeneira.gal\\\/index.php\\\/2020\\\/01\\\/16\\\/cristina-rodriguez-da-asociacion-que-voltem\\\/\"},\"wordCount\":884,\"commentCount\":0,\"publisher\":{\"@id\":\"https:\\\/\\\/www.anovapeneira.gal\\\/#organization\"},\"image\":{\"@id\":\"https:\\\/\\\/www.anovapeneira.gal\\\/index.php\\\/2020\\\/01\\\/16\\\/cristina-rodriguez-da-asociacion-que-voltem\\\/#primaryimage\"},\"thumbnailUrl\":\"https:\\\/\\\/www.anovapeneira.gal\\\/wp-content\\\/uploads\\\/2020\\\/01\\\/cristina_que_volten_a_nova_peneira.jpg\",\"keywords\":[\"Concello de Vigo\",\"que voltem\"],\"articleSection\":[\"Vigo\"],\"inLanguage\":\"gl-ES\",\"potentialAction\":[{\"@type\":\"CommentAction\",\"name\":\"Comment\",\"target\":[\"https:\\\/\\\/www.anovapeneira.gal\\\/index.php\\\/2020\\\/01\\\/16\\\/cristina-rodriguez-da-asociacion-que-voltem\\\/#respond\"]}]},{\"@type\":\"WebPage\",\"@id\":\"https:\\\/\\\/www.anovapeneira.gal\\\/index.php\\\/2020\\\/01\\\/16\\\/cristina-rodriguez-da-asociacion-que-voltem\\\/\",\"url\":\"https:\\\/\\\/www.anovapeneira.gal\\\/index.php\\\/2020\\\/01\\\/16\\\/cristina-rodriguez-da-asociacion-que-voltem\\\/\",\"name\":\"Cristina Rodr\u00edguez da asociaci\u00f3n \u201cque voltem\u201d -\",\"isPartOf\":{\"@id\":\"https:\\\/\\\/www.anovapeneira.gal\\\/#website\"},\"primaryImageOfPage\":{\"@id\":\"https:\\\/\\\/www.anovapeneira.gal\\\/index.php\\\/2020\\\/01\\\/16\\\/cristina-rodriguez-da-asociacion-que-voltem\\\/#primaryimage\"},\"image\":{\"@id\":\"https:\\\/\\\/www.anovapeneira.gal\\\/index.php\\\/2020\\\/01\\\/16\\\/cristina-rodriguez-da-asociacion-que-voltem\\\/#primaryimage\"},\"thumbnailUrl\":\"https:\\\/\\\/www.anovapeneira.gal\\\/wp-content\\\/uploads\\\/2020\\\/01\\\/cristina_que_volten_a_nova_peneira.jpg\",\"datePublished\":\"2020-01-16T13:00:58+00:00\",\"breadcrumb\":{\"@id\":\"https:\\\/\\\/www.anovapeneira.gal\\\/index.php\\\/2020\\\/01\\\/16\\\/cristina-rodriguez-da-asociacion-que-voltem\\\/#breadcrumb\"},\"inLanguage\":\"gl-ES\",\"potentialAction\":[{\"@type\":\"ReadAction\",\"target\":[\"https:\\\/\\\/www.anovapeneira.gal\\\/index.php\\\/2020\\\/01\\\/16\\\/cristina-rodriguez-da-asociacion-que-voltem\\\/\"]}]},{\"@type\":\"ImageObject\",\"inLanguage\":\"gl-ES\",\"@id\":\"https:\\\/\\\/www.anovapeneira.gal\\\/index.php\\\/2020\\\/01\\\/16\\\/cristina-rodriguez-da-asociacion-que-voltem\\\/#primaryimage\",\"url\":\"https:\\\/\\\/www.anovapeneira.gal\\\/wp-content\\\/uploads\\\/2020\\\/01\\\/cristina_que_volten_a_nova_peneira.jpg\",\"contentUrl\":\"https:\\\/\\\/www.anovapeneira.gal\\\/wp-content\\\/uploads\\\/2020\\\/01\\\/cristina_que_volten_a_nova_peneira.jpg\",\"width\":720,\"height\":432,\"caption\":\"Que voltem asistencia a familiares de presos e presas A Nova Peneira\"},{\"@type\":\"BreadcrumbList\",\"@id\":\"https:\\\/\\\/www.anovapeneira.gal\\\/index.php\\\/2020\\\/01\\\/16\\\/cristina-rodriguez-da-asociacion-que-voltem\\\/#breadcrumb\",\"itemListElement\":[{\"@type\":\"ListItem\",\"position\":1,\"name\":\"Portada\",\"item\":\"https:\\\/\\\/www.anovapeneira.gal\\\/\"},{\"@type\":\"ListItem\",\"position\":2,\"name\":\"Cristina Rodr\u00edguez da asociaci\u00f3n \u201cque voltem\u201d\"}]},{\"@type\":\"WebSite\",\"@id\":\"https:\\\/\\\/www.anovapeneira.gal\\\/#website\",\"url\":\"https:\\\/\\\/www.anovapeneira.gal\\\/\",\"name\":\"\",\"description\":\"Xornal galego de informaci\u00f3n xeral Publicaci\u00f3n mensual de novas de Galicia e en especial dos Concellos da sur da provincia de Pontevedra.\",\"publisher\":{\"@id\":\"https:\\\/\\\/www.anovapeneira.gal\\\/#organization\"},\"potentialAction\":[{\"@type\":\"SearchAction\",\"target\":{\"@type\":\"EntryPoint\",\"urlTemplate\":\"https:\\\/\\\/www.anovapeneira.gal\\\/?s={search_term_string}\"},\"query-input\":{\"@type\":\"PropertyValueSpecification\",\"valueRequired\":true,\"valueName\":\"search_term_string\"}}],\"inLanguage\":\"gl-ES\"},{\"@type\":\"Organization\",\"@id\":\"https:\\\/\\\/www.anovapeneira.gal\\\/#organization\",\"name\":\"A Nova Peneira\",\"url\":\"https:\\\/\\\/www.anovapeneira.gal\\\/\",\"logo\":{\"@type\":\"ImageObject\",\"inLanguage\":\"gl-ES\",\"@id\":\"https:\\\/\\\/www.anovapeneira.gal\\\/#\\\/schema\\\/logo\\\/image\\\/\",\"url\":\"http:\\\/\\\/www.anovapeneira.gal\\\/wp-content\\\/uploads\\\/2019\\\/06\\\/logo_a_nova_peneira_portal_web.png\",\"contentUrl\":\"http:\\\/\\\/www.anovapeneira.gal\\\/wp-content\\\/uploads\\\/2019\\\/06\\\/logo_a_nova_peneira_portal_web.png\",\"width\":300,\"height\":100,\"caption\":\"A Nova Peneira\"},\"image\":{\"@id\":\"https:\\\/\\\/www.anovapeneira.gal\\\/#\\\/schema\\\/logo\\\/image\\\/\"},\"sameAs\":[\"https:\\\/\\\/www.facebook.com\\\/anovapeneira\",\"https:\\\/\\\/x.com\\\/APeneira\"]},{\"@type\":\"Person\",\"@id\":\"https:\\\/\\\/www.anovapeneira.gal\\\/#\\\/schema\\\/person\\\/424dfe65e3070fd8a44d22d2c088762a\",\"name\":\"Tino Lago\",\"image\":{\"@type\":\"ImageObject\",\"inLanguage\":\"gl-ES\",\"@id\":\"https:\\\/\\\/secure.gravatar.com\\\/avatar\\\/b3df6a06e44bab3111583b90f0f33a0379ee5e3d22cbadd232d39f21c30c62be?s=96&d=mm&r=g\",\"url\":\"https:\\\/\\\/secure.gravatar.com\\\/avatar\\\/b3df6a06e44bab3111583b90f0f33a0379ee5e3d22cbadd232d39f21c30c62be?s=96&d=mm&r=g\",\"contentUrl\":\"https:\\\/\\\/secure.gravatar.com\\\/avatar\\\/b3df6a06e44bab3111583b90f0f33a0379ee5e3d22cbadd232d39f21c30c62be?s=96&d=mm&r=g\",\"caption\":\"Tino Lago\"},\"sameAs\":[\"http:\\\/\\\/www.anovapeneira.gal\"],\"url\":\"https:\\\/\\\/www.anovapeneira.gal\\\/index.php\\\/author\\\/director\\\/\"}]}<\/script>\n<!-- \/ Yoast SEO plugin. -->","yoast_head_json":{"title":"Cristina Rodr\u00edguez da asociaci\u00f3n \u201cque voltem\u201d -","robots":{"index":"index","follow":"follow","max-snippet":"max-snippet:-1","max-image-preview":"max-image-preview:large","max-video-preview":"max-video-preview:-1"},"canonical":"https:\/\/www.anovapeneira.gal\/index.php\/2020\/01\/16\/cristina-rodriguez-da-asociacion-que-voltem\/","og_locale":"gl_ES","og_type":"article","og_title":"Cristina Rodr\u00edguez da asociaci\u00f3n \u201cque voltem\u201d -","og_description":"Cristina \u00e9 unha moza viguesa, voceira da asociaci\u00f3n \u201cque voltem\u201d.Esta \u00e9 unha plataforma social que ten como obxectivo a asistencia a familiares de presos e presas independentistas galegas [...]","og_url":"https:\/\/www.anovapeneira.gal\/index.php\/2020\/01\/16\/cristina-rodriguez-da-asociacion-que-voltem\/","article_publisher":"https:\/\/www.facebook.com\/anovapeneira","article_published_time":"2020-01-16T13:00:58+00:00","og_image":[{"width":720,"height":432,"url":"https:\/\/www.anovapeneira.gal\/wp-content\/uploads\/2020\/01\/cristina_que_volten_a_nova_peneira.jpg","type":"image\/jpeg"}],"author":"Tino Lago","twitter_card":"summary_large_image","twitter_creator":"@APeneira","twitter_site":"@APeneira","twitter_misc":{"Escrito por":"Tino Lago","Tempo de lectura":"4 minutos"},"schema":{"@context":"https:\/\/schema.org","@graph":[{"@type":"Article","@id":"https:\/\/www.anovapeneira.gal\/index.php\/2020\/01\/16\/cristina-rodriguez-da-asociacion-que-voltem\/#article","isPartOf":{"@id":"https:\/\/www.anovapeneira.gal\/index.php\/2020\/01\/16\/cristina-rodriguez-da-asociacion-que-voltem\/"},"author":{"name":"Tino Lago","@id":"https:\/\/www.anovapeneira.gal\/#\/schema\/person\/424dfe65e3070fd8a44d22d2c088762a"},"headline":"Cristina Rodr\u00edguez da asociaci\u00f3n \u201cque voltem\u201d","datePublished":"2020-01-16T13:00:58+00:00","mainEntityOfPage":{"@id":"https:\/\/www.anovapeneira.gal\/index.php\/2020\/01\/16\/cristina-rodriguez-da-asociacion-que-voltem\/"},"wordCount":884,"commentCount":0,"publisher":{"@id":"https:\/\/www.anovapeneira.gal\/#organization"},"image":{"@id":"https:\/\/www.anovapeneira.gal\/index.php\/2020\/01\/16\/cristina-rodriguez-da-asociacion-que-voltem\/#primaryimage"},"thumbnailUrl":"https:\/\/www.anovapeneira.gal\/wp-content\/uploads\/2020\/01\/cristina_que_volten_a_nova_peneira.jpg","keywords":["Concello de Vigo","que voltem"],"articleSection":["Vigo"],"inLanguage":"gl-ES","potentialAction":[{"@type":"CommentAction","name":"Comment","target":["https:\/\/www.anovapeneira.gal\/index.php\/2020\/01\/16\/cristina-rodriguez-da-asociacion-que-voltem\/#respond"]}]},{"@type":"WebPage","@id":"https:\/\/www.anovapeneira.gal\/index.php\/2020\/01\/16\/cristina-rodriguez-da-asociacion-que-voltem\/","url":"https:\/\/www.anovapeneira.gal\/index.php\/2020\/01\/16\/cristina-rodriguez-da-asociacion-que-voltem\/","name":"Cristina Rodr\u00edguez da asociaci\u00f3n \u201cque voltem\u201d -","isPartOf":{"@id":"https:\/\/www.anovapeneira.gal\/#website"},"primaryImageOfPage":{"@id":"https:\/\/www.anovapeneira.gal\/index.php\/2020\/01\/16\/cristina-rodriguez-da-asociacion-que-voltem\/#primaryimage"},"image":{"@id":"https:\/\/www.anovapeneira.gal\/index.php\/2020\/01\/16\/cristina-rodriguez-da-asociacion-que-voltem\/#primaryimage"},"thumbnailUrl":"https:\/\/www.anovapeneira.gal\/wp-content\/uploads\/2020\/01\/cristina_que_volten_a_nova_peneira.jpg","datePublished":"2020-01-16T13:00:58+00:00","breadcrumb":{"@id":"https:\/\/www.anovapeneira.gal\/index.php\/2020\/01\/16\/cristina-rodriguez-da-asociacion-que-voltem\/#breadcrumb"},"inLanguage":"gl-ES","potentialAction":[{"@type":"ReadAction","target":["https:\/\/www.anovapeneira.gal\/index.php\/2020\/01\/16\/cristina-rodriguez-da-asociacion-que-voltem\/"]}]},{"@type":"ImageObject","inLanguage":"gl-ES","@id":"https:\/\/www.anovapeneira.gal\/index.php\/2020\/01\/16\/cristina-rodriguez-da-asociacion-que-voltem\/#primaryimage","url":"https:\/\/www.anovapeneira.gal\/wp-content\/uploads\/2020\/01\/cristina_que_volten_a_nova_peneira.jpg","contentUrl":"https:\/\/www.anovapeneira.gal\/wp-content\/uploads\/2020\/01\/cristina_que_volten_a_nova_peneira.jpg","width":720,"height":432,"caption":"Que voltem asistencia a familiares de presos e presas A Nova Peneira"},{"@type":"BreadcrumbList","@id":"https:\/\/www.anovapeneira.gal\/index.php\/2020\/01\/16\/cristina-rodriguez-da-asociacion-que-voltem\/#breadcrumb","itemListElement":[{"@type":"ListItem","position":1,"name":"Portada","item":"https:\/\/www.anovapeneira.gal\/"},{"@type":"ListItem","position":2,"name":"Cristina Rodr\u00edguez da asociaci\u00f3n \u201cque voltem\u201d"}]},{"@type":"WebSite","@id":"https:\/\/www.anovapeneira.gal\/#website","url":"https:\/\/www.anovapeneira.gal\/","name":"","description":"Xornal galego de informaci\u00f3n xeral Publicaci\u00f3n mensual de novas de Galicia e en especial dos Concellos da sur da provincia de Pontevedra.","publisher":{"@id":"https:\/\/www.anovapeneira.gal\/#organization"},"potentialAction":[{"@type":"SearchAction","target":{"@type":"EntryPoint","urlTemplate":"https:\/\/www.anovapeneira.gal\/?s={search_term_string}"},"query-input":{"@type":"PropertyValueSpecification","valueRequired":true,"valueName":"search_term_string"}}],"inLanguage":"gl-ES"},{"@type":"Organization","@id":"https:\/\/www.anovapeneira.gal\/#organization","name":"A Nova Peneira","url":"https:\/\/www.anovapeneira.gal\/","logo":{"@type":"ImageObject","inLanguage":"gl-ES","@id":"https:\/\/www.anovapeneira.gal\/#\/schema\/logo\/image\/","url":"http:\/\/www.anovapeneira.gal\/wp-content\/uploads\/2019\/06\/logo_a_nova_peneira_portal_web.png","contentUrl":"http:\/\/www.anovapeneira.gal\/wp-content\/uploads\/2019\/06\/logo_a_nova_peneira_portal_web.png","width":300,"height":100,"caption":"A Nova Peneira"},"image":{"@id":"https:\/\/www.anovapeneira.gal\/#\/schema\/logo\/image\/"},"sameAs":["https:\/\/www.facebook.com\/anovapeneira","https:\/\/x.com\/APeneira"]},{"@type":"Person","@id":"https:\/\/www.anovapeneira.gal\/#\/schema\/person\/424dfe65e3070fd8a44d22d2c088762a","name":"Tino Lago","image":{"@type":"ImageObject","inLanguage":"gl-ES","@id":"https:\/\/secure.gravatar.com\/avatar\/b3df6a06e44bab3111583b90f0f33a0379ee5e3d22cbadd232d39f21c30c62be?s=96&d=mm&r=g","url":"https:\/\/secure.gravatar.com\/avatar\/b3df6a06e44bab3111583b90f0f33a0379ee5e3d22cbadd232d39f21c30c62be?s=96&d=mm&r=g","contentUrl":"https:\/\/secure.gravatar.com\/avatar\/b3df6a06e44bab3111583b90f0f33a0379ee5e3d22cbadd232d39f21c30c62be?s=96&d=mm&r=g","caption":"Tino Lago"},"sameAs":["http:\/\/www.anovapeneira.gal"],"url":"https:\/\/www.anovapeneira.gal\/index.php\/author\/director\/"}]}},"jetpack_featured_media_url":"https:\/\/www.anovapeneira.gal\/wp-content\/uploads\/2020\/01\/cristina_que_volten_a_nova_peneira.jpg","_links":{"self":[{"href":"https:\/\/www.anovapeneira.gal\/index.php\/wp-json\/wp\/v2\/posts\/2272","targetHints":{"allow":["GET"]}}],"collection":[{"href":"https:\/\/www.anovapeneira.gal\/index.php\/wp-json\/wp\/v2\/posts"}],"about":[{"href":"https:\/\/www.anovapeneira.gal\/index.php\/wp-json\/wp\/v2\/types\/post"}],"author":[{"embeddable":true,"href":"https:\/\/www.anovapeneira.gal\/index.php\/wp-json\/wp\/v2\/users\/2"}],"replies":[{"embeddable":true,"href":"https:\/\/www.anovapeneira.gal\/index.php\/wp-json\/wp\/v2\/comments?post=2272"}],"version-history":[{"count":1,"href":"https:\/\/www.anovapeneira.gal\/index.php\/wp-json\/wp\/v2\/posts\/2272\/revisions"}],"predecessor-version":[{"id":2274,"href":"https:\/\/www.anovapeneira.gal\/index.php\/wp-json\/wp\/v2\/posts\/2272\/revisions\/2274"}],"wp:featuredmedia":[{"embeddable":true,"href":"https:\/\/www.anovapeneira.gal\/index.php\/wp-json\/wp\/v2\/media\/2273"}],"wp:attachment":[{"href":"https:\/\/www.anovapeneira.gal\/index.php\/wp-json\/wp\/v2\/media?parent=2272"}],"wp:term":[{"taxonomy":"category","embeddable":true,"href":"https:\/\/www.anovapeneira.gal\/index.php\/wp-json\/wp\/v2\/categories?post=2272"},{"taxonomy":"post_tag","embeddable":true,"href":"https:\/\/www.anovapeneira.gal\/index.php\/wp-json\/wp\/v2\/tags?post=2272"}],"curies":[{"name":"wp","href":"https:\/\/api.w.org\/{rel}","templated":true}]}}