{"id":2277,"date":"2020-01-17T10:00:11","date_gmt":"2020-01-17T09:00:11","guid":{"rendered":"http:\/\/www.anovapeneira.gal\/?p=2277"},"modified":"2020-01-26T08:33:25","modified_gmt":"2020-01-26T07:33:25","slug":"a-comunidade-de-montes-de-tameiga-e-a-loita-pola-dignidade","status":"publish","type":"post","link":"https:\/\/www.anovapeneira.gal\/index.php\/2020\/01\/17\/a-comunidade-de-montes-de-tameiga-e-a-loita-pola-dignidade\/","title":{"rendered":"A comunidade de montes de Tameiga e a loita pola dignidade"},"content":{"rendered":"\n<h2 class=\"wp-block-heading\"><strong>Antonio Cajide e Gonzalo P\u00e9rez, presidente e coordinador da comunidade de montes de Tameiga<\/strong><\/h2>\n\n\n\n<blockquote class=\"wp-block-quote is-layout-flow wp-block-quote-is-layout-flow\"><p><strong>G.Figueiredo e Tino Lago<\/strong><\/p><\/blockquote>\n\n\n\n<h4 class=\"wp-block-heading\"><strong>Recentemente a ONU outorgoulle \u00e1 CM de Tameiga un premio que reco\u00f1ec\u00eda o seu bo labor na xesti\u00f3n dos seus montes comunais. Non faltou moito para que o feito coincidise cronoloxicamente coa celebraci\u00f3n da cimeira do clima en Madrid. Na capital do estado as voces sensatas e responsables alertaban da situaci\u00f3n de emerxencia clim\u00e1tica que vive o noso planeta, de momento a \u00fanica casa que pos\u00fae a especie humana, e da imperiosa necesidade de modificar de contado os nosos h\u00e1bitos de vida e consumo, pois no caso contrario o risco de colapso planetario \u00e9 inminente. Por\u00e9n, estas cousas ao PP de Mos e ao Celta de Vigo como que lles dan un pouco igual, pois eles contin\u00faan co seu disparatado proxecto de arrasar milleiros de hect\u00e1reas forestais para, coa escusa de constru\u00edren unha cidade deportiva para o equipo de f\u00fatbol, facer o que lles importa en realidade; un macro centro comercial que, de finalmente consumarse, s\u00f3 traer\u00eda pobreza para a maior\u00eda, o conxunto de Tameiga, e riqueza para a inmensa minor\u00eda; o intermediario ao que se lle permita comprar barato, expropiando, e lucrarse ao poder vender caro.<\/strong><\/h4>\n\n\n\n<p>\u201c<strong>N\u00d3S PARA O CONCELLO DE MOS NON EXISTIMOS\u201d<\/strong><\/p>\n\n\n\n<p><strong>Supo\u00f1o que estaredes moi orgullosos polo recente reco\u00f1ecemento da ONU ao traballo da vosa COMUNIDADE DE MONTES ?<\/strong><\/p>\n\n\n\n<blockquote class=\"wp-block-quote is-layout-flow wp-block-quote-is-layout-flow\"><p>Si, este \u00e9 un traballo constante e diario e que reco\u00f1ezan o noso labor sempre cae ben.<\/p><\/blockquote>\n\n\n\n<p><strong>Cont\u00e1denos cales son os motivos concretos que levaron \u00e1 ONU a outorgarvos o galard\u00f3n que vos deu?<\/strong><\/p>\n\n\n\n<blockquote class=\"wp-block-quote is-layout-flow wp-block-quote-is-layout-flow\"><p>Temos un plan de ordenaci\u00f3n no que decidimos como queremos a xesti\u00f3n forestal do noso monte , plantamos as especies que consideramos po\u00f1er e sacamos outras; adecuamos o terreo e o arboredo para poder rozalo de maneira sostible, fixemos r\u00faas e cortamos a madeira sobrante. Con esta madeira rach\u00e1mola a medida das caldeiras dos veci\u00f1os e repart\u00edmoslla aos comuneiros, estes son os donos da madeira, soamente lles cobramos o transporte e o traballo de rachala le\u00f1a. Esta \u00e9 unha xesti\u00f3n sostible, deste modelo benef\u00edcianse os veci\u00f1os.<\/p><\/blockquote>\n\n\n\n<blockquote class=\"wp-block-quote is-layout-flow wp-block-quote-is-layout-flow\"><p>Logo temos o parque industrial, coas rendas que obtemos de alugar o terreo en mancomunidade mantemos o local social, facemos actividades, subvencionamos o Centro Cultural e mantemos a cafeter\u00eda, antes estaba en concesi\u00f3n, pero agora \u00e9 de xesti\u00f3n propia.<\/p><\/blockquote>\n\n\n\n<blockquote class=\"wp-block-quote is-layout-flow wp-block-quote-is-layout-flow\"><p>Dalg\u00fan xeito estamos reorganizando os recursos propios que temos como comunidade para repartilos do modo m\u00e1is equitativo posible.<\/p><\/blockquote>\n\n\n\n<p><strong>Alg\u00fan representante do Concello de Mos asistiu \u00e1 cerimonia de entrega do premio?, e no caso de que non fose as\u00ed, pux\u00e9ronse polo menos en contacto con v\u00f3s para darvos os parab\u00e9ns por tan importante reco\u00f1ecemento?<\/strong><\/p>\n\n\n\n<blockquote class=\"wp-block-quote is-layout-flow wp-block-quote-is-layout-flow\"><p>Non, n\u00f3s para eles non existimos.<\/p><\/blockquote>\n\n\n\n<p><strong>Ben cal \u00e9 o estado actual no que nos encontramos no proceso polo que se intenta constru\u00edr un centro comercial nos terreos propiedade da comunidade de Montes de Tameiga?<\/strong><\/p>\n\n\n\n<blockquote class=\"wp-block-quote is-layout-flow wp-block-quote-is-layout-flow\"><p>Xa est\u00e1 na parte xur\u00eddica.<\/p><\/blockquote>\n\n\n\n<blockquote class=\"wp-block-quote is-layout-flow wp-block-quote-is-layout-flow\"><p>Desde o noso punto de vista hai tres frontes de actuaci\u00f3n para tentar paralizar este desprop\u00f3sito:<\/p><\/blockquote>\n\n\n\n<blockquote class=\"wp-block-quote is-layout-flow wp-block-quote-is-layout-flow\"><p>-Fronte social, con diferentes mobilizaci\u00f3ns e postas en escena para que puid\u00e9ramos contar con toda a sociedade que est\u00e1 en contra deste proxecto. Esta foi o primeira li\u00f1a de actuaci\u00f3n antes de que se aprobara no pleno do Concello de Mos o borrador inicial do proxecto. Xa est\u00e1 aprobado porque te\u00f1en maior\u00eda absoluta.<\/p><\/blockquote>\n\n\n\n<blockquote class=\"wp-block-quote is-layout-flow wp-block-quote-is-layout-flow\"><p>-A parte xudicial que \u00e9 a que vai preitear nos tribunais.<\/p><\/blockquote>\n\n\n\n<blockquote class=\"wp-block-quote is-layout-flow wp-block-quote-is-layout-flow\"><p>-A parte pol\u00edtica: Esperemos que mude o goberno da Xunta de Galicia nas vindeiras auton\u00f3micas e este proxecto quede en nada. Todas as forzas da oposici\u00f3n situ\u00e1ronse en contra deste macro Centro Comercial nos Montes de Tameiga.<\/p><\/blockquote>\n\n\n\n<blockquote class=\"wp-block-quote is-layout-flow wp-block-quote-is-layout-flow\"><p>Agora mesmo estamos en fase de alegaci\u00f3ns.<\/p><\/blockquote>\n\n\n\n<p><strong>E confiades en que este per\u00edodo de alegaci\u00f3ns dea alg\u00fan resultado?<\/strong><\/p>\n\n\n\n<blockquote class=\"wp-block-quote is-layout-flow wp-block-quote-is-layout-flow\"><p>Este \u00e9 un tr\u00e1mite necesario que hai que facer antes de poder interpo\u00f1er un recurso. Al\u00e9n da Comunidade de Montes de Tameiga tam\u00e9n fixeron alegaci\u00f3ns as diferentes Comunidades de tra\u00eddas de Auga, grupos ecoloxistas e sindicatos.<\/p><\/blockquote>\n\n\n\n<blockquote class=\"wp-block-quote is-layout-flow wp-block-quote-is-layout-flow\"><p>Estas alegaci\u00f3ns fanse diante do Concello e consideramos que van a rexeitalas todas, hai arredor de 4.000 alegaci\u00f3ns, van gardalas nun caix\u00f3n.<\/p><\/blockquote>\n\n\n\n<blockquote class=\"wp-block-quote is-layout-flow wp-block-quote-is-layout-flow\"><p>N\u00f3s estamos recollendo firmas en contra do Centro Comercial e non s\u00f3 os veci\u00f1os asinan, sen\u00f3n que temos xente apoiando de toda Galicia.<\/p><\/blockquote>\n\n\n\n<p><strong>Explic\u00e1denos as motivaci\u00f3ns da denuncia que lle puxestes ao Celta e ao Concello?<\/strong><\/p>\n\n\n\n<blockquote class=\"wp-block-quote is-layout-flow wp-block-quote-is-layout-flow\"><p>Na fiscal\u00eda presentamos unha demanda para pedir que valoren se o que est\u00e1 a pasar \u00e9 correcto: Que unha empresa particular lle pida ao Concello que recualifiquen uns terreos de monte para constru\u00edr un Centro Comercial. O Concello pr\u00e9stase a esta historia, pide a modificaci\u00f3n do PXOM para darlle cabida ao Celta para facer o Centro Comercial sen dispo\u00f1er nin dun metro cadrado de terreo.<\/p><\/blockquote>\n\n\n\n<blockquote class=\"wp-block-quote is-layout-flow wp-block-quote-is-layout-flow\"><p>Se o Concello quere modificar o Plan Xeral para isto, ter\u00eda que sacalo a concurso. Se o sacan a concurso e a \u00fanica persoa que vai participar \u00e9 a encargada de facer os planos, os proxectos e os informes, isto ten un nome, e un nome moi feo.<\/p><\/blockquote>\n\n\n\n<blockquote class=\"wp-block-quote is-layout-flow wp-block-quote-is-layout-flow\"><p>Isto est\u00e1 no despacho do fiscal xefe para que designe o fiscal que vai levar o caso. En canto estea vannos chamar. Disto fai dez d\u00edas e a\u00ednda non sabemos si a aceptan a tr\u00e1mite ou que fiscal leva o caso.<\/p><\/blockquote>\n\n\n\n<p><strong>Eles ameazaron con responder con denuncias contra v\u00f3s, tedes algunha nova ao respecto?<\/strong><\/p>\n\n\n\n<blockquote class=\"wp-block-quote is-layout-flow wp-block-quote-is-layout-flow\"><p>O presidente que me precedeu a min na Comunidade de Montes dic\u00eda: \u201cA S\u00faa Se\u00f1or\u00eda e m\u00e1is eu xa nos titeamos de tantas veces que estamos no xulgado\u201d, risas\u2026 Eu comezo a estar na mesma situaci\u00f3n.<\/p><\/blockquote>\n\n\n\n<p><strong>A posici\u00f3n do conxunto das e dos comuneiros de Tameiga segue sendo s\u00f3lida e rotunda na oposici\u00f3n ao centro comercial, ou percibes a posibilidade de que existan Tamayazos?<\/strong><\/p>\n\n\n\n<blockquote class=\"wp-block-quote is-layout-flow wp-block-quote-is-layout-flow\"><p>A\u00ednda que exista alg\u00fan Tamayazo, cuantitativamente non \u00e9 relevante pois a abafadora maior\u00eda dos comuneiros est\u00e1n radicalmente en contra do Centro Comercial<\/p><\/blockquote>\n\n\n\n<p><strong>E que percibides no conxunto do concello de Mos?<\/strong><\/p>\n\n\n\n<blockquote class=\"wp-block-quote is-layout-flow wp-block-quote-is-layout-flow\"><p>Percibimos a solidariedade doutras zonas, pero tam\u00e9n desinformaci\u00f3n. O problema do noso concello \u00e9 que \u00e1 identidade com\u00fan \u00e9 escasa. Se lle preguntas a un veci\u00f1o de Cela de onde \u00e9, probablemente dir\u00e1 de Cela, a un de Louredo creo que dir\u00e1 de Louredo, a un de Torroso, penso que dir\u00e1 de Torroso. As parroquias est\u00e1n moi espalladas entre si, hai moi poucos nexos conxuntos que as unifiquen, e non \u00e9 f\u00e1cil acadar a implicaci\u00f3n da veci\u00f1anza en asuntos que non lles atinxan directamente.<\/p><\/blockquote>\n\n\n\n<p><strong>Expl\u00edcanos o asunto do suposto env\u00edo de facturas falsas durante a campa\u00f1a electoral?<\/strong><\/p>\n\n\n\n<blockquote class=\"wp-block-quote is-layout-flow wp-block-quote-is-layout-flow\"><p>Isto ten que explicalo Nidia. N\u00f3s non fixemos ningunha campa\u00f1a con facturas falsas, claro que non.<\/p><\/blockquote>\n\n\n\n<blockquote class=\"wp-block-quote is-layout-flow wp-block-quote-is-layout-flow\"><p>N\u00f3s facemos moitas campa\u00f1as de sensibilizaci\u00f3n e publicitarias ante distintos problemas. Se cadra algunha destas campa\u00f1as tom\u00e1rona por onde non era e montaron toda esta pel\u00edcula, pode ser, pero cando falan de estafa con facturas falsanon te\u00f1o nin idea deste tema, n\u00f3s non nos damos por aludidos porque non existen tales facturas.<\/p><\/blockquote>\n\n\n\n<p><strong>E a suposta violencia exercida contra simpatizantes do goberno municipal no presunto intento de explicar \u00e1 veci\u00f1anza de Tameiga, por parte da alcaldesa o proxecto do Celta?<\/strong><\/p>\n\n\n\n<blockquote class=\"wp-block-quote is-layout-flow wp-block-quote-is-layout-flow\"><p>O Concello mandou unha carta para facer unha reuni\u00f3n cos veci\u00f1os de Tameiga e explicarnos o proxecto. Cando chegamos \u00e1 reuni\u00f3n xa hab\u00eda unha hora antes xente af\u00edn a Nidia sentada dentro, os que chegamos despois t\u00ed\u00f1amos a garda civil pedindo o DNI para identificarnos, s\u00f3 os que estabamos f\u00f3ra. Hab\u00eda xente que non ti\u00f1a o DNI para identificarse e tam\u00e9n exix\u00eda que se identificaran todos, tam\u00e9n os que estaban dentro.<\/p><\/blockquote>\n\n\n\n<blockquote class=\"wp-block-quote is-layout-flow wp-block-quote-is-layout-flow\"><p>Houbo un pouco de alboroto e alg\u00fan berro, pero nin houbo violencia contra a Garda Civil, nin contra outros veci\u00f1os.<\/p><\/blockquote>\n\n\n\n<p><strong>En relaci\u00f3n a este episodio fostes citados, varias persoas, a declarar ao cuartel da garda civil, como est\u00e1 a situaci\u00f3n na actualidade?<\/strong><\/p>\n\n\n\n<blockquote class=\"wp-block-quote is-layout-flow wp-block-quote-is-layout-flow\"><p>O domingo antes do pleno citaron a alg\u00fans veci\u00f1os a declarar. Na mi\u00f1a opini\u00f3n creo que estaban intentando amedrentar \u00e1 xente para declarar antes do pleno de aprobaci\u00f3n do proxecto. Ti\u00f1an medo a que nese pleno pasara algo, foi o \u00fanico no que se modificou a distribuci\u00f3n, d\u00e1ndolle a volta \u00e1 mesa presidencial para que Nidia coincidise ao lado da porta.<\/p><\/blockquote>\n\n\n\n<p><strong>A alcaldesa dixo por activa e por pasiva que o proxecto s\u00f3 se far\u00eda de maneira consensuada e con acordo entre todas as partes. Ao voso xu\u00edzo, se non \u00e9 posible o acordo con v\u00f3s, a folla de ruta do PP vai ser a expropiaci\u00f3n?<\/strong><\/p>\n\n\n\n<blockquote class=\"wp-block-quote is-layout-flow wp-block-quote-is-layout-flow\"><p>O consenso do que ela fala \u00e9 que isto se fai, si ou si, e como ten maior\u00eda absoluta\u2026<\/p><\/blockquote>\n\n\n\n<blockquote class=\"wp-block-quote is-layout-flow wp-block-quote-is-layout-flow\"><p>Non ten sentido que fale de consenso cando est\u00e1 tirando para adiante con este proxecto sen falar cos propietarios do monte, que son os comuneiros. Isto non \u00e9 consenso.<\/p><\/blockquote>\n\n\n\n<blockquote class=\"wp-block-quote is-layout-flow wp-block-quote-is-layout-flow\"><p>Os comuneiros decidiron en asemblea, con tan s\u00f3 tres votos a favor e m\u00e1is de 300 en contra deste proxecto do Celta e do Centro Comercial. A \u00fanica maneira que ten de facelo e con expropiaci\u00f3n, pero esta palabra non a di nunca.<\/p><\/blockquote>\n\n\n\n<p><strong>Ben, rematamos, e quero que nos contedes a vosa folla de ruta. P\u00f3ndonos na hip\u00f3tese m\u00e1is veros\u00edmil posible; que o asunto remate xudicializado, estades preparados mentalmente para soportar o modus operandi caracter\u00edstico da dereita espa\u00f1ola, e que tan ben amosaron no recente debate de investidura?<\/strong><\/p>\n\n\n\n<blockquote class=\"wp-block-quote is-layout-flow wp-block-quote-is-layout-flow\"><p>Levamos tempo soport\u00e1ndoo, eu antes non ti\u00f1a canas, agora te\u00f1o un feixe delas.<\/p><\/blockquote>\n\n\n\n<blockquote class=\"wp-block-quote is-layout-flow wp-block-quote-is-layout-flow\"><p>Si \u00e9 certo que n\u00f3s dedicab\u00e1monos ao tema forestal, a ter o monte limpo e ordenado, xestionable e tam\u00e9n \u00e1 parte industrial. Isto todo agora cambiounos a nosa folla de ruta, sen d\u00fabida, pero antes m\u00e1is que agora. Co tempo xa colles t\u00e1boas, xa levamos moito tempo pelexando, tanto con particulares coma con outras empresas que queren roubar ou expropiar os recursos do monte. Vaste queimando e isto colleunos nun momento delicado. V\u00ed\u00f1amos de ga\u00f1ar a sentenza do Faqui\u00f1a e ti\u00f1amos moito traballo burocr\u00e1tico pendente, po\u00f1endo papeis ao d\u00eda, contratos e demais. Por isto digo que cambiounos a folla de ruta, tivemos que mobilizar \u00e1 xente, montar a plataforma coa tra\u00edda de auga, facer concentraci\u00f3ns e manifestaci\u00f3ns, as andainas\u2026<\/p><\/blockquote>\n\n\n\n<blockquote class=\"wp-block-quote is-layout-flow wp-block-quote-is-layout-flow\"><p>A presi\u00f3n por parte deles vai ser brutal, pero como xa est\u00e1 aprobado o borrador para enviar \u00e1 Xunta por parte de Concello, agora mesmo xa entra m\u00e1is a parte xudicial.<\/p><\/blockquote>\n\n\n\n<blockquote class=\"wp-block-quote is-layout-flow wp-block-quote-is-layout-flow\"><p>O que nos queda agora \u00e9 reunirnos cos distintos sectores da administraci\u00f3n para que se dean conta da toler\u00eda que queren facer con este proxecto do Celta.<\/p><\/blockquote>\n\n\n\n<blockquote class=\"wp-block-quote is-layout-flow wp-block-quote-is-layout-flow\"><p>A \u00fanica parte positiva de todo isto e que apareceu xente apoi\u00e1ndonos e amosando niveis de compromiso que desco\u00f1ec\u00edamos, non s\u00f3 son xente de Tameiga, sen\u00f3n tam\u00e9n de f\u00f3ra. Saber que non estamos sos \u00e9 unha axuda moi grande.<\/p><\/blockquote>\n","protected":false},"excerpt":{"rendered":"<div class=\"mh-excerpt\"><p>Antonio Cajide e Gonzalo P\u00e9rez, presidente e coordinador da comunidade de montes de tameiga <a class=\"mh-excerpt-more\" href=\"https:\/\/www.anovapeneira.gal\/index.php\/2020\/01\/17\/a-comunidade-de-montes-de-tameiga-e-a-loita-pola-dignidade\/\" title=\"A comunidade de montes de Tameiga e a loita pola dignidade\">[&#8230;]<\/a><\/p>\n<\/div>","protected":false},"author":2,"featured_media":2275,"comment_status":"open","ping_status":"open","sticky":false,"template":"","format":"standard","meta":{"_exactmetrics_skip_tracking":false,"_exactmetrics_sitenote_active":false,"_exactmetrics_sitenote_note":"","_exactmetrics_sitenote_category":0,"footnotes":""},"categories":[490],"tags":[909,218,910,273],"class_list":{"0":"post-2277","1":"post","2":"type-post","3":"status-publish","4":"format-standard","5":"has-post-thumbnail","7":"category-a-lourina-reportaxes","8":"tag-antonio-cajide","9":"tag-concello-de-mos","10":"tag-gonzalo-perez","11":"tag-montes-de-tameiga"},"yoast_head":"<!-- This site is optimized with the Yoast SEO plugin v27.4 - https:\/\/yoast.com\/product\/yoast-seo-wordpress\/ -->\n<title>A comunidade de montes de Tameiga e a loita pola dignidade -<\/title>\n<meta name=\"robots\" content=\"index, follow, max-snippet:-1, max-image-preview:large, max-video-preview:-1\" \/>\n<link rel=\"canonical\" href=\"https:\/\/www.anovapeneira.gal\/index.php\/2020\/01\/17\/a-comunidade-de-montes-de-tameiga-e-a-loita-pola-dignidade\/\" \/>\n<meta property=\"og:locale\" content=\"gl_ES\" \/>\n<meta property=\"og:type\" content=\"article\" \/>\n<meta property=\"og:title\" content=\"A comunidade de montes de Tameiga e a loita pola dignidade -\" \/>\n<meta property=\"og:description\" content=\"Antonio Cajide e Gonzalo P\u00e9rez, presidente e coordinador da comunidade de montes de tameiga [...]\" \/>\n<meta property=\"og:url\" content=\"https:\/\/www.anovapeneira.gal\/index.php\/2020\/01\/17\/a-comunidade-de-montes-de-tameiga-e-a-loita-pola-dignidade\/\" \/>\n<meta property=\"article:publisher\" content=\"https:\/\/www.facebook.com\/anovapeneira\" \/>\n<meta property=\"article:published_time\" content=\"2020-01-17T09:00:11+00:00\" \/>\n<meta property=\"article:modified_time\" content=\"2020-01-26T07:33:25+00:00\" \/>\n<meta property=\"og:image\" content=\"https:\/\/www.anovapeneira.gal\/wp-content\/uploads\/2020\/01\/montes_da_tameiga_a_nova_peneira.jpg\" \/>\n\t<meta property=\"og:image:width\" content=\"720\" \/>\n\t<meta property=\"og:image:height\" content=\"432\" \/>\n\t<meta property=\"og:image:type\" content=\"image\/jpeg\" \/>\n<meta name=\"author\" content=\"Tino Lago\" \/>\n<meta name=\"twitter:card\" content=\"summary_large_image\" \/>\n<meta name=\"twitter:creator\" content=\"@APeneira\" \/>\n<meta name=\"twitter:site\" content=\"@APeneira\" \/>\n<meta name=\"twitter:label1\" content=\"Escrito por\" \/>\n\t<meta name=\"twitter:data1\" content=\"Tino Lago\" \/>\n\t<meta name=\"twitter:label2\" content=\"Tempo de lectura\" \/>\n\t<meta name=\"twitter:data2\" content=\"10 minutos\" \/>\n<script type=\"application\/ld+json\" class=\"yoast-schema-graph\">{\"@context\":\"https:\\\/\\\/schema.org\",\"@graph\":[{\"@type\":\"Article\",\"@id\":\"https:\\\/\\\/www.anovapeneira.gal\\\/index.php\\\/2020\\\/01\\\/17\\\/a-comunidade-de-montes-de-tameiga-e-a-loita-pola-dignidade\\\/#article\",\"isPartOf\":{\"@id\":\"https:\\\/\\\/www.anovapeneira.gal\\\/index.php\\\/2020\\\/01\\\/17\\\/a-comunidade-de-montes-de-tameiga-e-a-loita-pola-dignidade\\\/\"},\"author\":{\"name\":\"Tino Lago\",\"@id\":\"https:\\\/\\\/www.anovapeneira.gal\\\/#\\\/schema\\\/person\\\/424dfe65e3070fd8a44d22d2c088762a\"},\"headline\":\"A comunidade de montes de Tameiga e a loita pola dignidade\",\"datePublished\":\"2020-01-17T09:00:11+00:00\",\"dateModified\":\"2020-01-26T07:33:25+00:00\",\"mainEntityOfPage\":{\"@id\":\"https:\\\/\\\/www.anovapeneira.gal\\\/index.php\\\/2020\\\/01\\\/17\\\/a-comunidade-de-montes-de-tameiga-e-a-loita-pola-dignidade\\\/\"},\"wordCount\":1916,\"commentCount\":0,\"publisher\":{\"@id\":\"https:\\\/\\\/www.anovapeneira.gal\\\/#organization\"},\"image\":{\"@id\":\"https:\\\/\\\/www.anovapeneira.gal\\\/index.php\\\/2020\\\/01\\\/17\\\/a-comunidade-de-montes-de-tameiga-e-a-loita-pola-dignidade\\\/#primaryimage\"},\"thumbnailUrl\":\"https:\\\/\\\/www.anovapeneira.gal\\\/wp-content\\\/uploads\\\/2020\\\/01\\\/montes_da_tameiga_a_nova_peneira.jpg\",\"keywords\":[\"Antonio Cajide\",\"Concello de Mos\",\"Gonzalo P\u00e9rez\",\"Montes de Tameiga\"],\"articleSection\":[\"A Louri\u00f1a\"],\"inLanguage\":\"gl-ES\",\"potentialAction\":[{\"@type\":\"CommentAction\",\"name\":\"Comment\",\"target\":[\"https:\\\/\\\/www.anovapeneira.gal\\\/index.php\\\/2020\\\/01\\\/17\\\/a-comunidade-de-montes-de-tameiga-e-a-loita-pola-dignidade\\\/#respond\"]}]},{\"@type\":\"WebPage\",\"@id\":\"https:\\\/\\\/www.anovapeneira.gal\\\/index.php\\\/2020\\\/01\\\/17\\\/a-comunidade-de-montes-de-tameiga-e-a-loita-pola-dignidade\\\/\",\"url\":\"https:\\\/\\\/www.anovapeneira.gal\\\/index.php\\\/2020\\\/01\\\/17\\\/a-comunidade-de-montes-de-tameiga-e-a-loita-pola-dignidade\\\/\",\"name\":\"A comunidade de montes de Tameiga e a loita pola dignidade -\",\"isPartOf\":{\"@id\":\"https:\\\/\\\/www.anovapeneira.gal\\\/#website\"},\"primaryImageOfPage\":{\"@id\":\"https:\\\/\\\/www.anovapeneira.gal\\\/index.php\\\/2020\\\/01\\\/17\\\/a-comunidade-de-montes-de-tameiga-e-a-loita-pola-dignidade\\\/#primaryimage\"},\"image\":{\"@id\":\"https:\\\/\\\/www.anovapeneira.gal\\\/index.php\\\/2020\\\/01\\\/17\\\/a-comunidade-de-montes-de-tameiga-e-a-loita-pola-dignidade\\\/#primaryimage\"},\"thumbnailUrl\":\"https:\\\/\\\/www.anovapeneira.gal\\\/wp-content\\\/uploads\\\/2020\\\/01\\\/montes_da_tameiga_a_nova_peneira.jpg\",\"datePublished\":\"2020-01-17T09:00:11+00:00\",\"dateModified\":\"2020-01-26T07:33:25+00:00\",\"breadcrumb\":{\"@id\":\"https:\\\/\\\/www.anovapeneira.gal\\\/index.php\\\/2020\\\/01\\\/17\\\/a-comunidade-de-montes-de-tameiga-e-a-loita-pola-dignidade\\\/#breadcrumb\"},\"inLanguage\":\"gl-ES\",\"potentialAction\":[{\"@type\":\"ReadAction\",\"target\":[\"https:\\\/\\\/www.anovapeneira.gal\\\/index.php\\\/2020\\\/01\\\/17\\\/a-comunidade-de-montes-de-tameiga-e-a-loita-pola-dignidade\\\/\"]}]},{\"@type\":\"ImageObject\",\"inLanguage\":\"gl-ES\",\"@id\":\"https:\\\/\\\/www.anovapeneira.gal\\\/index.php\\\/2020\\\/01\\\/17\\\/a-comunidade-de-montes-de-tameiga-e-a-loita-pola-dignidade\\\/#primaryimage\",\"url\":\"https:\\\/\\\/www.anovapeneira.gal\\\/wp-content\\\/uploads\\\/2020\\\/01\\\/montes_da_tameiga_a_nova_peneira.jpg\",\"contentUrl\":\"https:\\\/\\\/www.anovapeneira.gal\\\/wp-content\\\/uploads\\\/2020\\\/01\\\/montes_da_tameiga_a_nova_peneira.jpg\",\"width\":720,\"height\":432,\"caption\":\"Montes da Tameiga A Nova Peneira Concello de Tomi\u00f1o\"},{\"@type\":\"BreadcrumbList\",\"@id\":\"https:\\\/\\\/www.anovapeneira.gal\\\/index.php\\\/2020\\\/01\\\/17\\\/a-comunidade-de-montes-de-tameiga-e-a-loita-pola-dignidade\\\/#breadcrumb\",\"itemListElement\":[{\"@type\":\"ListItem\",\"position\":1,\"name\":\"Portada\",\"item\":\"https:\\\/\\\/www.anovapeneira.gal\\\/\"},{\"@type\":\"ListItem\",\"position\":2,\"name\":\"A comunidade de montes de Tameiga e a loita pola dignidade\"}]},{\"@type\":\"WebSite\",\"@id\":\"https:\\\/\\\/www.anovapeneira.gal\\\/#website\",\"url\":\"https:\\\/\\\/www.anovapeneira.gal\\\/\",\"name\":\"\",\"description\":\"Xornal galego de informaci\u00f3n xeral Publicaci\u00f3n mensual de novas de Galicia e en especial dos Concellos da sur da provincia de Pontevedra.\",\"publisher\":{\"@id\":\"https:\\\/\\\/www.anovapeneira.gal\\\/#organization\"},\"potentialAction\":[{\"@type\":\"SearchAction\",\"target\":{\"@type\":\"EntryPoint\",\"urlTemplate\":\"https:\\\/\\\/www.anovapeneira.gal\\\/?s={search_term_string}\"},\"query-input\":{\"@type\":\"PropertyValueSpecification\",\"valueRequired\":true,\"valueName\":\"search_term_string\"}}],\"inLanguage\":\"gl-ES\"},{\"@type\":\"Organization\",\"@id\":\"https:\\\/\\\/www.anovapeneira.gal\\\/#organization\",\"name\":\"A Nova Peneira\",\"url\":\"https:\\\/\\\/www.anovapeneira.gal\\\/\",\"logo\":{\"@type\":\"ImageObject\",\"inLanguage\":\"gl-ES\",\"@id\":\"https:\\\/\\\/www.anovapeneira.gal\\\/#\\\/schema\\\/logo\\\/image\\\/\",\"url\":\"http:\\\/\\\/www.anovapeneira.gal\\\/wp-content\\\/uploads\\\/2019\\\/06\\\/logo_a_nova_peneira_portal_web.png\",\"contentUrl\":\"http:\\\/\\\/www.anovapeneira.gal\\\/wp-content\\\/uploads\\\/2019\\\/06\\\/logo_a_nova_peneira_portal_web.png\",\"width\":300,\"height\":100,\"caption\":\"A Nova Peneira\"},\"image\":{\"@id\":\"https:\\\/\\\/www.anovapeneira.gal\\\/#\\\/schema\\\/logo\\\/image\\\/\"},\"sameAs\":[\"https:\\\/\\\/www.facebook.com\\\/anovapeneira\",\"https:\\\/\\\/x.com\\\/APeneira\"]},{\"@type\":\"Person\",\"@id\":\"https:\\\/\\\/www.anovapeneira.gal\\\/#\\\/schema\\\/person\\\/424dfe65e3070fd8a44d22d2c088762a\",\"name\":\"Tino Lago\",\"image\":{\"@type\":\"ImageObject\",\"inLanguage\":\"gl-ES\",\"@id\":\"https:\\\/\\\/secure.gravatar.com\\\/avatar\\\/b3df6a06e44bab3111583b90f0f33a0379ee5e3d22cbadd232d39f21c30c62be?s=96&d=mm&r=g\",\"url\":\"https:\\\/\\\/secure.gravatar.com\\\/avatar\\\/b3df6a06e44bab3111583b90f0f33a0379ee5e3d22cbadd232d39f21c30c62be?s=96&d=mm&r=g\",\"contentUrl\":\"https:\\\/\\\/secure.gravatar.com\\\/avatar\\\/b3df6a06e44bab3111583b90f0f33a0379ee5e3d22cbadd232d39f21c30c62be?s=96&d=mm&r=g\",\"caption\":\"Tino Lago\"},\"sameAs\":[\"http:\\\/\\\/www.anovapeneira.gal\"],\"url\":\"https:\\\/\\\/www.anovapeneira.gal\\\/index.php\\\/author\\\/director\\\/\"}]}<\/script>\n<!-- \/ Yoast SEO plugin. -->","yoast_head_json":{"title":"A comunidade de montes de Tameiga e a loita pola dignidade -","robots":{"index":"index","follow":"follow","max-snippet":"max-snippet:-1","max-image-preview":"max-image-preview:large","max-video-preview":"max-video-preview:-1"},"canonical":"https:\/\/www.anovapeneira.gal\/index.php\/2020\/01\/17\/a-comunidade-de-montes-de-tameiga-e-a-loita-pola-dignidade\/","og_locale":"gl_ES","og_type":"article","og_title":"A comunidade de montes de Tameiga e a loita pola dignidade -","og_description":"Antonio Cajide e Gonzalo P\u00e9rez, presidente e coordinador da comunidade de montes de tameiga [...]","og_url":"https:\/\/www.anovapeneira.gal\/index.php\/2020\/01\/17\/a-comunidade-de-montes-de-tameiga-e-a-loita-pola-dignidade\/","article_publisher":"https:\/\/www.facebook.com\/anovapeneira","article_published_time":"2020-01-17T09:00:11+00:00","article_modified_time":"2020-01-26T07:33:25+00:00","og_image":[{"width":720,"height":432,"url":"https:\/\/www.anovapeneira.gal\/wp-content\/uploads\/2020\/01\/montes_da_tameiga_a_nova_peneira.jpg","type":"image\/jpeg"}],"author":"Tino Lago","twitter_card":"summary_large_image","twitter_creator":"@APeneira","twitter_site":"@APeneira","twitter_misc":{"Escrito por":"Tino Lago","Tempo de lectura":"10 minutos"},"schema":{"@context":"https:\/\/schema.org","@graph":[{"@type":"Article","@id":"https:\/\/www.anovapeneira.gal\/index.php\/2020\/01\/17\/a-comunidade-de-montes-de-tameiga-e-a-loita-pola-dignidade\/#article","isPartOf":{"@id":"https:\/\/www.anovapeneira.gal\/index.php\/2020\/01\/17\/a-comunidade-de-montes-de-tameiga-e-a-loita-pola-dignidade\/"},"author":{"name":"Tino Lago","@id":"https:\/\/www.anovapeneira.gal\/#\/schema\/person\/424dfe65e3070fd8a44d22d2c088762a"},"headline":"A comunidade de montes de Tameiga e a loita pola dignidade","datePublished":"2020-01-17T09:00:11+00:00","dateModified":"2020-01-26T07:33:25+00:00","mainEntityOfPage":{"@id":"https:\/\/www.anovapeneira.gal\/index.php\/2020\/01\/17\/a-comunidade-de-montes-de-tameiga-e-a-loita-pola-dignidade\/"},"wordCount":1916,"commentCount":0,"publisher":{"@id":"https:\/\/www.anovapeneira.gal\/#organization"},"image":{"@id":"https:\/\/www.anovapeneira.gal\/index.php\/2020\/01\/17\/a-comunidade-de-montes-de-tameiga-e-a-loita-pola-dignidade\/#primaryimage"},"thumbnailUrl":"https:\/\/www.anovapeneira.gal\/wp-content\/uploads\/2020\/01\/montes_da_tameiga_a_nova_peneira.jpg","keywords":["Antonio Cajide","Concello de Mos","Gonzalo P\u00e9rez","Montes de Tameiga"],"articleSection":["A Louri\u00f1a"],"inLanguage":"gl-ES","potentialAction":[{"@type":"CommentAction","name":"Comment","target":["https:\/\/www.anovapeneira.gal\/index.php\/2020\/01\/17\/a-comunidade-de-montes-de-tameiga-e-a-loita-pola-dignidade\/#respond"]}]},{"@type":"WebPage","@id":"https:\/\/www.anovapeneira.gal\/index.php\/2020\/01\/17\/a-comunidade-de-montes-de-tameiga-e-a-loita-pola-dignidade\/","url":"https:\/\/www.anovapeneira.gal\/index.php\/2020\/01\/17\/a-comunidade-de-montes-de-tameiga-e-a-loita-pola-dignidade\/","name":"A comunidade de montes de Tameiga e a loita pola dignidade -","isPartOf":{"@id":"https:\/\/www.anovapeneira.gal\/#website"},"primaryImageOfPage":{"@id":"https:\/\/www.anovapeneira.gal\/index.php\/2020\/01\/17\/a-comunidade-de-montes-de-tameiga-e-a-loita-pola-dignidade\/#primaryimage"},"image":{"@id":"https:\/\/www.anovapeneira.gal\/index.php\/2020\/01\/17\/a-comunidade-de-montes-de-tameiga-e-a-loita-pola-dignidade\/#primaryimage"},"thumbnailUrl":"https:\/\/www.anovapeneira.gal\/wp-content\/uploads\/2020\/01\/montes_da_tameiga_a_nova_peneira.jpg","datePublished":"2020-01-17T09:00:11+00:00","dateModified":"2020-01-26T07:33:25+00:00","breadcrumb":{"@id":"https:\/\/www.anovapeneira.gal\/index.php\/2020\/01\/17\/a-comunidade-de-montes-de-tameiga-e-a-loita-pola-dignidade\/#breadcrumb"},"inLanguage":"gl-ES","potentialAction":[{"@type":"ReadAction","target":["https:\/\/www.anovapeneira.gal\/index.php\/2020\/01\/17\/a-comunidade-de-montes-de-tameiga-e-a-loita-pola-dignidade\/"]}]},{"@type":"ImageObject","inLanguage":"gl-ES","@id":"https:\/\/www.anovapeneira.gal\/index.php\/2020\/01\/17\/a-comunidade-de-montes-de-tameiga-e-a-loita-pola-dignidade\/#primaryimage","url":"https:\/\/www.anovapeneira.gal\/wp-content\/uploads\/2020\/01\/montes_da_tameiga_a_nova_peneira.jpg","contentUrl":"https:\/\/www.anovapeneira.gal\/wp-content\/uploads\/2020\/01\/montes_da_tameiga_a_nova_peneira.jpg","width":720,"height":432,"caption":"Montes da Tameiga A Nova Peneira Concello de Tomi\u00f1o"},{"@type":"BreadcrumbList","@id":"https:\/\/www.anovapeneira.gal\/index.php\/2020\/01\/17\/a-comunidade-de-montes-de-tameiga-e-a-loita-pola-dignidade\/#breadcrumb","itemListElement":[{"@type":"ListItem","position":1,"name":"Portada","item":"https:\/\/www.anovapeneira.gal\/"},{"@type":"ListItem","position":2,"name":"A comunidade de montes de Tameiga e a loita pola dignidade"}]},{"@type":"WebSite","@id":"https:\/\/www.anovapeneira.gal\/#website","url":"https:\/\/www.anovapeneira.gal\/","name":"","description":"Xornal galego de informaci\u00f3n xeral Publicaci\u00f3n mensual de novas de Galicia e en especial dos Concellos da sur da provincia de Pontevedra.","publisher":{"@id":"https:\/\/www.anovapeneira.gal\/#organization"},"potentialAction":[{"@type":"SearchAction","target":{"@type":"EntryPoint","urlTemplate":"https:\/\/www.anovapeneira.gal\/?s={search_term_string}"},"query-input":{"@type":"PropertyValueSpecification","valueRequired":true,"valueName":"search_term_string"}}],"inLanguage":"gl-ES"},{"@type":"Organization","@id":"https:\/\/www.anovapeneira.gal\/#organization","name":"A Nova Peneira","url":"https:\/\/www.anovapeneira.gal\/","logo":{"@type":"ImageObject","inLanguage":"gl-ES","@id":"https:\/\/www.anovapeneira.gal\/#\/schema\/logo\/image\/","url":"http:\/\/www.anovapeneira.gal\/wp-content\/uploads\/2019\/06\/logo_a_nova_peneira_portal_web.png","contentUrl":"http:\/\/www.anovapeneira.gal\/wp-content\/uploads\/2019\/06\/logo_a_nova_peneira_portal_web.png","width":300,"height":100,"caption":"A Nova Peneira"},"image":{"@id":"https:\/\/www.anovapeneira.gal\/#\/schema\/logo\/image\/"},"sameAs":["https:\/\/www.facebook.com\/anovapeneira","https:\/\/x.com\/APeneira"]},{"@type":"Person","@id":"https:\/\/www.anovapeneira.gal\/#\/schema\/person\/424dfe65e3070fd8a44d22d2c088762a","name":"Tino Lago","image":{"@type":"ImageObject","inLanguage":"gl-ES","@id":"https:\/\/secure.gravatar.com\/avatar\/b3df6a06e44bab3111583b90f0f33a0379ee5e3d22cbadd232d39f21c30c62be?s=96&d=mm&r=g","url":"https:\/\/secure.gravatar.com\/avatar\/b3df6a06e44bab3111583b90f0f33a0379ee5e3d22cbadd232d39f21c30c62be?s=96&d=mm&r=g","contentUrl":"https:\/\/secure.gravatar.com\/avatar\/b3df6a06e44bab3111583b90f0f33a0379ee5e3d22cbadd232d39f21c30c62be?s=96&d=mm&r=g","caption":"Tino Lago"},"sameAs":["http:\/\/www.anovapeneira.gal"],"url":"https:\/\/www.anovapeneira.gal\/index.php\/author\/director\/"}]}},"jetpack_featured_media_url":"https:\/\/www.anovapeneira.gal\/wp-content\/uploads\/2020\/01\/montes_da_tameiga_a_nova_peneira.jpg","_links":{"self":[{"href":"https:\/\/www.anovapeneira.gal\/index.php\/wp-json\/wp\/v2\/posts\/2277","targetHints":{"allow":["GET"]}}],"collection":[{"href":"https:\/\/www.anovapeneira.gal\/index.php\/wp-json\/wp\/v2\/posts"}],"about":[{"href":"https:\/\/www.anovapeneira.gal\/index.php\/wp-json\/wp\/v2\/types\/post"}],"author":[{"embeddable":true,"href":"https:\/\/www.anovapeneira.gal\/index.php\/wp-json\/wp\/v2\/users\/2"}],"replies":[{"embeddable":true,"href":"https:\/\/www.anovapeneira.gal\/index.php\/wp-json\/wp\/v2\/comments?post=2277"}],"version-history":[{"count":3,"href":"https:\/\/www.anovapeneira.gal\/index.php\/wp-json\/wp\/v2\/posts\/2277\/revisions"}],"predecessor-version":[{"id":2364,"href":"https:\/\/www.anovapeneira.gal\/index.php\/wp-json\/wp\/v2\/posts\/2277\/revisions\/2364"}],"wp:featuredmedia":[{"embeddable":true,"href":"https:\/\/www.anovapeneira.gal\/index.php\/wp-json\/wp\/v2\/media\/2275"}],"wp:attachment":[{"href":"https:\/\/www.anovapeneira.gal\/index.php\/wp-json\/wp\/v2\/media?parent=2277"}],"wp:term":[{"taxonomy":"category","embeddable":true,"href":"https:\/\/www.anovapeneira.gal\/index.php\/wp-json\/wp\/v2\/categories?post=2277"},{"taxonomy":"post_tag","embeddable":true,"href":"https:\/\/www.anovapeneira.gal\/index.php\/wp-json\/wp\/v2\/tags?post=2277"}],"curies":[{"name":"wp","href":"https:\/\/api.w.org\/{rel}","templated":true}]}}