{"id":2289,"date":"2020-01-20T10:00:04","date_gmt":"2020-01-20T09:00:04","guid":{"rendered":"http:\/\/www.anovapeneira.gal\/?p=2289"},"modified":"2020-01-26T08:31:57","modified_gmt":"2020-01-26T07:31:57","slug":"antonio-lomba-alcalde-de-a-guarda","status":"publish","type":"post","link":"https:\/\/www.anovapeneira.gal\/index.php\/2020\/01\/20\/antonio-lomba-alcalde-de-a-guarda\/","title":{"rendered":"Antonio Lomba Alcalde de a Guarda"},"content":{"rendered":"\n<h2 class=\"wp-block-heading\">\u201c <strong>O PP DA GUARDA EST\u00c1 NA POSICI\u00d3N DE CANTO PEOR MELLOR, PARA EROSIONAR AO GOBERNO LOCAL NON LLE IMPORTA FASTIDIAR AO CONXUNTO DA VECI\u00d1ANZA\u201d<\/strong><\/h2>\n\n\n\n<p><strong>Despois\ndas elecci\u00f3ns municipais do pasado ano, todo apuntaba a que un pacto\nde esquerdas propiciar\u00eda un goberno de coalici\u00f3n PSOE \u2013BNG\ndurante este mandato. E as\u00ed se asinou nun principio. Por\u00e9n unha\ndiscrepancia na xesti\u00f3n da reforma da r\u00faa  Concepci\u00f3n Areal\npropiciou a ruptura do acordo, e no momento presente o PSOE goberna\nen minor\u00eda cunha situaci\u00f3n aritm\u00e9tica moi complexa pois s\u00f3 ten 5\nde 17 actas. Na anterior Peneira co\u00f1ecemos a versi\u00f3n dos\nnacionalistas guardeses sobre esta situaci\u00f3n, e agora non quedaba\noutra que conversar con Antonio Lomba, o alcalde, para sabermos as\ns\u00faas raz\u00f3ns. Como sempre, Antonio, atendeunos con moita amabilidade\n.Vela\u00ed vai o que deu de si a nosa conversa:<\/strong><\/p>\n\n\n\n<p><strong>Quero\ncomezar a conversa d\u00e1ndoche os parab\u00e9ns, Antonio, porque o novo\nedificio do Concello \u00e9 realmente precioso. Xa falaramos un par de\nocasi\u00f3ns no anterior , pero \u00e9 a primeira vez que te\u00f1o ocasi\u00f3n de\nconversar contigo aqu\u00ed, e realmente tedes un concello moi bonito.\nQue era antes este casa?<\/strong><\/p>\n\n\n\n<blockquote class=\"wp-block-quote is-layout-flow wp-block-quote-is-layout-flow\"><p>Pois moitas grazas, esta era un domicilio particular que acabou en mans do bispado e foi mercada polo Concello , se non lembro mal arredor do ano 2.000,e a verdade \u00e9 que si, podo dicir con orgullo que a veci\u00f1anza de A Guarda ten unhas instalaci\u00f3ns municipais moi dignas<\/p><\/blockquote>\n\n\n\n<p><strong>Est\u00e1 xa\nrematado?<\/strong><\/p>\n\n\n\n<blockquote class=\"wp-block-quote is-layout-flow wp-block-quote-is-layout-flow\"><p>Non, a planta de arriba est\u00e1 a\u00ednda sen rematar. A m\u00e1goa \u00e9 que temos que ir aos poucos segundo vamos recibindo partidas doutras administraci\u00f3ns<\/p><\/blockquote>\n\n\n\n<p> <strong>O outro\nedificio tam\u00e9n ti\u00f1a o seu encanto , que ides facer con el?<\/strong><\/p>\n\n\n\n<blockquote class=\"wp-block-quote is-layout-flow wp-block-quote-is-layout-flow\"><p>Abof\u00e9 que ten moito encanto, e segue albergando distintas dependencias municipais<\/p><\/blockquote>\n\n\n\n<p><strong>Eu\nAntonio, a verdade ti\u00f1a ilusi\u00f3n de ver no teu despacho o premio que\nvos demos na nosa gala de xaneiro do 2.019 para agradecer a vosa\nxenerosa colaboraci\u00f3n , pero confeso que me decepciona un tanto non\natopalo, agardo que non o te\u00f1ades nun fallado ou de pisa papeis en\ncalquera curruncho ?<\/strong><\/p>\n\n\n\n<blockquote class=\"wp-block-quote is-layout-flow wp-block-quote-is-layout-flow\"><p>Non claro, desde logo que non. O premio est\u00e1 na conceller\u00eda de cultura e gard\u00e1molo con moito cari\u00f1o e respecto<\/p><\/blockquote>\n\n\n\n<p><strong>Como\nsabes, as nosas galas son sempre en xaneiro dos anos impares e\ng\u00fastanos que o galardoado na gala anterior entregue o premio ao que\na ga\u00f1e na posterior<\/strong><\/p>\n\n\n\n<blockquote class=\"wp-block-quote is-layout-flow wp-block-quote-is-layout-flow\"><p>Caramba que ben, pois malia que a\u00ednda falta un ano xa che digo que estarei encantado de entregar o premio ao concello que o ga\u00f1e no 2.021.Ser\u00e1 un verdadeiro pracer<\/p><\/blockquote>\n\n\n\n<p><strong>Moitas\ngrazas Antonio, conf\u00edo na t\u00faa seriedade e sei que estar\u00e1s con n\u00f3s.\nNas elecci\u00f3ns municipais de maio do 2.019 a aritm\u00e9tica municipal\npropiciou que se constitu\u00edran moitos gobernos municipais resultantes\nde coalici\u00f3ns progresistas, pero o da Guarda durou moi pouco. Hai un\npar de meses entrevistamos a Anxo Baz, o voceiro do BNG, que nos deu\na s\u00faa versi\u00f3n dos motivos da ruptura e agora quixeramos co\u00f1ecer a\nt\u00faa?<\/strong><\/p>\n\n\n\n<blockquote class=\"wp-block-quote is-layout-flow wp-block-quote-is-layout-flow\"><p>\u00c9 certo que n\u00f3s non tivemos sorte co pacto porque a min si que me tivera gustado ter un goberno progresista de 10 concelleir@s  durante os catro anos do mandato .Eu creo  que nos fixo falta tempo para entendernos, ou para non facelo, co BNG antes de termos asinado o pacto con eles<\/p><\/blockquote>\n\n\n\n<p><strong>Pero \u00e9\ncerto o que di o Bloque que invadiches as competencias dunha \u00e1rea\nque era deles? <\/strong>\n<\/p>\n\n\n\n<blockquote class=\"wp-block-quote is-layout-flow wp-block-quote-is-layout-flow\"><p>\u00c9 certo que tomei medidas nunha \u00e1rea que era da s\u00faa competencia, pero polo motivo que eles estaban incumprindo claramente o pacto que asinaramos<\/p><\/blockquote>\n\n\n\n<p><strong>Concr\u00e9tanos\nese suposto incumprimento por favor?<\/strong><\/p>\n\n\n\n<blockquote class=\"wp-block-quote is-layout-flow wp-block-quote-is-layout-flow\"><p>En concreto falo da r\u00faa Concepci\u00f3n Areal, eles estaban obrigados a cumprir o plan de mobilidade, e cando comezaron a executar medidas incumpr\u00edano claramente.<\/p><\/blockquote>\n\n\n\n<p><strong>O plan de\nmobilidade \u00e9 municipal?<\/strong><\/p>\n\n\n\n<blockquote class=\"wp-block-quote is-layout-flow wp-block-quote-is-layout-flow\"><p>Si, e  establece que esa \u00e9 unha r\u00faa de preferencia peonil pero compartida co tr\u00e1fico rodado. E eles as primeiras de cambio quixeron cortar o tr\u00e1fico rodado. E n\u00f3s ti\u00f1amos compromisos adquiridos con veci\u00f1os empresas e comercios aos que non lle podiamos fallar. Quero deixar claro que o partido socialista estaba disposto a facer cesi\u00f3ns , pero os compromisos adquiridos c\u00fampreos sempre<\/p><\/blockquote>\n\n\n\n<p><strong>E non\nhoubo a posibilidade de reconducir a relaci\u00f3n co BNG?<\/strong><\/p>\n\n\n\n<blockquote class=\"wp-block-quote is-layout-flow wp-block-quote-is-layout-flow\"><p>Baixo o meu punto de vista si, pero houbo un momento en que a comunicaci\u00f3n con eles comezou a deteriorarse notablemente<\/p><\/blockquote>\n\n\n\n<p><strong>O pleno no\nque rachou todo, foi moi agresivo, seica houbo no p\u00fablico do pleno\npersoas claramente identificadas coa dereita local que proferiron\ninsultos graves contra os representantes do BNG&#8230;<\/strong><\/p>\n\n\n\n<blockquote class=\"wp-block-quote is-layout-flow wp-block-quote-is-layout-flow\"><p>Si, o pleno foi moi agresivo, veu xente da dereita local que claramente ti\u00f1a a intenci\u00f3n de alterar a orde, pero os insultos foron dirixidos tanto aos representantes do BNG como aos representantes do PSOE<\/p><\/blockquote>\n\n\n\n<p><strong>A ruptura do BIPARTITO\nnon ser\u00eda propiciada en parte pola acci\u00f3n dos sectores m\u00e1is ultras\nda dereita local?<\/strong><\/p>\n\n\n\n<blockquote class=\"wp-block-quote is-layout-flow wp-block-quote-is-layout-flow\"><p>Indubidablemente pux\u00e9mosllo moi ben \u00e1 dereita, eu imaxino que durante todo o ver\u00e1n do 19 estiveron frot\u00e1ndose as mans<\/p><\/blockquote>\n\n\n\n<p><strong>A famosa foto do l\u00edder\ndo PP da Guarda co l\u00edder da extrema dereita espa\u00f1ola indica que as\nposici\u00f3ns do PP de A Guarda ach\u00e9ganse \u00e1s m\u00e1is ultras da dereita\nespa\u00f1ola?<\/strong><\/p>\n\n\n\n<blockquote class=\"wp-block-quote is-layout-flow wp-block-quote-is-layout-flow\"><p>Eu creo que a dereita guardesa \u00e9 unha representaci\u00f3n da dereita galega en xeral. Agardo que os gobernos progresistas sexamos quen de facer ver que a nosa forma de xestionar \u00e9 m\u00e1is xusta , humana e acorde co interese xeral das maior\u00edas sociais<\/p><\/blockquote>\n\n\n\n<p><strong>Agora vivimos unha\netapa especialmente tensa na que se interpreta o pol\u00edtico en chave\nmoral e ao meu xu\u00edzo \u00e9 moi perigosa porque se crea a semente da\nconflitividade social<\/strong><\/p>\n\n\n\n<blockquote class=\"wp-block-quote is-layout-flow wp-block-quote-is-layout-flow\"><p>Estou completamente de acordo contigo, a verdade parec\u00eda que este tipo de dereita xa se esvaecera pero semella que volven asomala cabeza<\/p><\/blockquote>\n\n\n\n<p><strong>Hai cousa de 15 d\u00edas\namos\u00e1ronme unha pintada na zona de fonte quente que literalmente\npu\u00f1a :\u201d ANXO BAZ HIJO PUTA\u201d. Es co\u00f1ecedor da s\u00faa existencia?<\/strong><\/p>\n\n\n\n<blockquote class=\"wp-block-quote is-layout-flow wp-block-quote-is-layout-flow\"><p>Si, mandoume a imaxe o mesmo Anxo Baz, porque eu a verdade  que paseo por a\u00ed habitualmente pero este inverno non tivera a\u00ednda oportunidade<\/p><\/blockquote>\n\n\n\n<p><strong>Est\u00e1\nborrada a pintada?<\/strong><\/p>\n\n\n\n<blockquote class=\"wp-block-quote is-layout-flow wp-block-quote-is-layout-flow\"><p>Non o sei, eu si mandei borrala, preguntareille agora ao encargado de v\u00edas e obras. Creo que non \u00e9 unha pintada nova, penso que \u00e9 froito desa tensi\u00f3n que se provocou antes do pleno. Tam\u00e9n houbo pintadas insultantes contra militantes do PSOE, borradas por n\u00f3s mesmos, no 2.007, cando Freitas comezou a gobernar. Hai xente que ten moi mal perder<\/p><\/blockquote>\n\n\n\n<p><strong>Pero iso\nnon se pode consentir Antonio, a \u201can\u00e1lise\u201d moral dunha posici\u00f3n\npol\u00edtica \u00e9 sempre, en todos os casos sen excepci\u00f3n, o primeiro\npaso dun proceso de fanatizaci\u00f3n e desde as administraci\u00f3ns tedes a\nobriga de combater o fanatismo, sexa o que sexa, con toda a\nintensidade posible<\/strong><\/p>\n\n\n\n<blockquote class=\"wp-block-quote is-layout-flow wp-block-quote-is-layout-flow\"><p>Estou total e absolutamente de acordo contigo. Os procesos de fanatizaci\u00f3n deben ser combatidos con toda contundencia, porque no caso contrario os espazos para a convivencia se limitan moito ou o que \u00e9 peor, acaban desaparecendo<\/p><\/blockquote>\n\n\n\n<p><strong>Eu creo\nque para acabar con este ambiente de virulencia vai ser chave o clima\nque consiga crear o goberno do estado. Est\u00e1s ilusionado con este\ngoberno de coalici\u00f3n PSOE\/PODEMOS?<\/strong><\/p>\n\n\n\n<blockquote class=\"wp-block-quote is-layout-flow wp-block-quote-is-layout-flow\"><p>Si a verdade que si. E non me d\u00e1 tanto medo as medidas pol\u00edticas que executen , que estou seguro de que ser\u00e1n boas para as maior\u00edas m\u00e1is amplas, sen\u00f3n a imaxe que a estratexia  manipuladora dos medios de comunicaci\u00f3n pr\u00f3ximos \u00e1 dereita traslade da acci\u00f3n de goberno e os efectos que esta imaxe ocasione nos distintos segmentos sociais<\/p><\/blockquote>\n\n\n\n<p><strong>E dese\nclima vai depender tam\u00e9n que Gonzalo Caballero poida ser ou non\npresidente da Xunta?<\/strong><\/p>\n\n\n\n<blockquote class=\"wp-block-quote is-layout-flow wp-block-quote-is-layout-flow\"><p>Eu creo que vai influ\u00edr pero depender\u00e1 de moitos outros factores. A verdade non hai cousa que me gustar\u00eda m\u00e1is que o PP perda a Xunta e se poida conformar un goberno alternativo, a Galicia faille falta e mer\u00e9ceo<\/p><\/blockquote>\n\n\n\n<p><strong>Volvamos\n\u00e1 Guarda, no pleno extraordinario para a aprobaci\u00f3n da conta xeral,\no PP votou en contra, de maneira un tanto  irresponsable, e o BNG que\nti\u00f1a previsto absterse, mudou de posici\u00f3n posibilitando que fose\naprobada. Supo\u00f1o que valorar\u00e1s positivamente o seu cambio de\ncriterio?<\/strong><\/p>\n\n\n\n<blockquote class=\"wp-block-quote is-layout-flow wp-block-quote-is-layout-flow\"><p>Desde logo que si, de feito chamei por tfn ao portavoz do BNG para agradecerlle persoalmente a s\u00faa responsabilidade..E tam\u00e9n quero dicir que a posici\u00f3n do PP par\u00e9ceme manifestamente censurable e claramente lesiva para o conxunto da veci\u00f1anza da Guarda porque de non ter aprobado esa conta xeral non poderiamos acceder a distintas subvenci\u00f3ns auton\u00f3micas .O PP do noso pobo est\u00e1 na posici\u00f3n de canto peor mellor, para erosionar ao goberno local non lle importa fastidiar ao conxunto da veci\u00f1anza<\/p><\/blockquote>\n\n\n\n<p><strong>Esa\nposici\u00f3n pol\u00edtica do BNG non pode ser o alicerce para unha futura\nreconciliaci\u00f3n?<\/strong><\/p>\n\n\n\n<blockquote class=\"wp-block-quote is-layout-flow wp-block-quote-is-layout-flow\"><p>Non o sei<\/p><\/blockquote>\n\n\n\n<p><strong>A ti\ngustar\u00edache reconducir a situaci\u00f3n, ou non?<\/strong><\/p>\n\n\n\n<blockquote class=\"wp-block-quote is-layout-flow wp-block-quote-is-layout-flow\"><p>Non o planteei. A min gustar\u00edame ter unha relaci\u00f3n normal con eles pero non sei que pasar\u00e1 no futuro e tampouco sei cal \u00e9 a s\u00faa intenci\u00f3n<\/p><\/blockquote>\n\n\n\n<p><strong>Pero\nAntonio con 5 concelleiro@s de 17 non \u00e9 posible gobernar<\/strong>?<\/p>\n\n\n\n<blockquote class=\"wp-block-quote is-layout-flow wp-block-quote-is-layout-flow\"><p>\u00c9 dif\u00edcil, pero \u00e9 m\u00e1is dif\u00edcil \u00e9 pola sobrecarga de traballo que temos, pero polo menos desde que estamos os 5 o clima pol\u00edtico de A Guarda \u00e9 de normalidade<\/p><\/blockquote>\n\n\n\n<p><strong>A polic\u00eda\nmunicipal est\u00e1 baixo m\u00ednimos , como tendes pensado solucionar ese\nproblema?<\/strong><\/p>\n\n\n\n<blockquote class=\"wp-block-quote is-layout-flow wp-block-quote-is-layout-flow\"><p>Si, est\u00e1 baixo m\u00ednimos, temos unha oferta de emprego p\u00fablico aprobada para a incorporar a 3 polic\u00edas e agardo que para o ver\u00e1n te\u00f1amos cubertas as prazas de polic\u00edas coa oposici\u00f3n aprobada<\/p><\/blockquote>\n\n\n\n<p><strong>Rematamos\nAntonio, ti como andas de \u00e1nimos?<\/strong><\/p>\n\n\n\n<blockquote class=\"wp-block-quote is-layout-flow wp-block-quote-is-layout-flow\"><p>Ben a verdade \u00e9 que estou ben .Reco\u00f1ezo que pasei momentos duros e de preocupaci\u00f3n, pero agora estamos a tope todos e todas con moita ilusi\u00f3n de sacar cousas adiante e esgotar o mandato pelexando a peito descuberto contra todas a s dificultades que poidan ir aparecendo.<\/p><\/blockquote>\n","protected":false},"excerpt":{"rendered":"<div class=\"mh-excerpt\"><p>Despois das elecci\u00f3ns municipais do pasado ano, todo apuntaba a que un pacto de esquerdas propiciar\u00eda un goberno de coalici\u00f3n PSOE \u2013BNG durante este mandato <a class=\"mh-excerpt-more\" href=\"https:\/\/www.anovapeneira.gal\/index.php\/2020\/01\/20\/antonio-lomba-alcalde-de-a-guarda\/\" title=\"Antonio Lomba Alcalde de a Guarda\">[&#8230;]<\/a><\/p>\n<\/div>","protected":false},"author":3,"featured_media":2290,"comment_status":"open","ping_status":"open","sticky":false,"template":"","format":"standard","meta":{"_exactmetrics_skip_tracking":false,"_exactmetrics_sitenote_active":false,"_exactmetrics_sitenote_note":"","_exactmetrics_sitenote_category":0,"footnotes":""},"categories":[21],"tags":[238,12],"class_list":{"0":"post-2289","1":"post","2":"type-post","3":"status-publish","4":"format-standard","5":"has-post-thumbnail","7":"category-baixo-mino","8":"tag-concello-da-guarda","9":"tag-politica"},"yoast_head":"<!-- This site is optimized with the Yoast SEO plugin v27.4 - https:\/\/yoast.com\/product\/yoast-seo-wordpress\/ -->\n<title>Antonio Lomba Alcalde de a Guarda -<\/title>\n<meta name=\"robots\" content=\"index, follow, max-snippet:-1, max-image-preview:large, max-video-preview:-1\" \/>\n<link rel=\"canonical\" href=\"https:\/\/www.anovapeneira.gal\/index.php\/2020\/01\/20\/antonio-lomba-alcalde-de-a-guarda\/\" \/>\n<meta property=\"og:locale\" content=\"gl_ES\" \/>\n<meta property=\"og:type\" content=\"article\" \/>\n<meta property=\"og:title\" content=\"Antonio Lomba Alcalde de a Guarda -\" \/>\n<meta property=\"og:description\" content=\"Despois das elecci\u00f3ns municipais do pasado ano, todo apuntaba a que un pacto de esquerdas propiciar\u00eda un goberno de coalici\u00f3n PSOE \u2013BNG durante este mandato [...]\" \/>\n<meta property=\"og:url\" content=\"https:\/\/www.anovapeneira.gal\/index.php\/2020\/01\/20\/antonio-lomba-alcalde-de-a-guarda\/\" \/>\n<meta property=\"article:publisher\" content=\"https:\/\/www.facebook.com\/anovapeneira\" \/>\n<meta property=\"article:published_time\" content=\"2020-01-20T09:00:04+00:00\" \/>\n<meta property=\"article:modified_time\" content=\"2020-01-26T07:31:57+00:00\" \/>\n<meta property=\"og:image\" content=\"https:\/\/www.anovapeneira.gal\/wp-content\/uploads\/2020\/01\/antonio_lomba_alcalde_a_guarda_a_nova_peneira.jpg\" \/>\n\t<meta property=\"og:image:width\" content=\"720\" \/>\n\t<meta property=\"og:image:height\" content=\"432\" \/>\n\t<meta property=\"og:image:type\" content=\"image\/jpeg\" \/>\n<meta name=\"author\" content=\"Redacci\u00f3n A Nova Peneira\" \/>\n<meta name=\"twitter:card\" content=\"summary_large_image\" \/>\n<meta name=\"twitter:creator\" content=\"@APeneira\" \/>\n<meta name=\"twitter:site\" content=\"@APeneira\" \/>\n<meta name=\"twitter:label1\" content=\"Escrito por\" \/>\n\t<meta name=\"twitter:data1\" content=\"Redacci\u00f3n A Nova Peneira\" \/>\n\t<meta name=\"twitter:label2\" content=\"Tempo de lectura\" \/>\n\t<meta name=\"twitter:data2\" content=\"9 minutos\" \/>\n<script type=\"application\/ld+json\" class=\"yoast-schema-graph\">{\"@context\":\"https:\\\/\\\/schema.org\",\"@graph\":[{\"@type\":\"Article\",\"@id\":\"https:\\\/\\\/www.anovapeneira.gal\\\/index.php\\\/2020\\\/01\\\/20\\\/antonio-lomba-alcalde-de-a-guarda\\\/#article\",\"isPartOf\":{\"@id\":\"https:\\\/\\\/www.anovapeneira.gal\\\/index.php\\\/2020\\\/01\\\/20\\\/antonio-lomba-alcalde-de-a-guarda\\\/\"},\"author\":{\"name\":\"Redacci\u00f3n A Nova Peneira\",\"@id\":\"https:\\\/\\\/www.anovapeneira.gal\\\/#\\\/schema\\\/person\\\/b93e3f8932e3f8da96334607eb6ac6aa\"},\"headline\":\"Antonio Lomba Alcalde de a Guarda\",\"datePublished\":\"2020-01-20T09:00:04+00:00\",\"dateModified\":\"2020-01-26T07:31:57+00:00\",\"mainEntityOfPage\":{\"@id\":\"https:\\\/\\\/www.anovapeneira.gal\\\/index.php\\\/2020\\\/01\\\/20\\\/antonio-lomba-alcalde-de-a-guarda\\\/\"},\"wordCount\":1726,\"commentCount\":0,\"publisher\":{\"@id\":\"https:\\\/\\\/www.anovapeneira.gal\\\/#organization\"},\"image\":{\"@id\":\"https:\\\/\\\/www.anovapeneira.gal\\\/index.php\\\/2020\\\/01\\\/20\\\/antonio-lomba-alcalde-de-a-guarda\\\/#primaryimage\"},\"thumbnailUrl\":\"https:\\\/\\\/www.anovapeneira.gal\\\/wp-content\\\/uploads\\\/2020\\\/01\\\/antonio_lomba_alcalde_a_guarda_a_nova_peneira.jpg\",\"keywords\":[\"Concello da Guarda\",\"Pol\u00edtica\"],\"articleSection\":[\"Baixo Mi\u00f1o\"],\"inLanguage\":\"gl-ES\",\"potentialAction\":[{\"@type\":\"CommentAction\",\"name\":\"Comment\",\"target\":[\"https:\\\/\\\/www.anovapeneira.gal\\\/index.php\\\/2020\\\/01\\\/20\\\/antonio-lomba-alcalde-de-a-guarda\\\/#respond\"]}]},{\"@type\":\"WebPage\",\"@id\":\"https:\\\/\\\/www.anovapeneira.gal\\\/index.php\\\/2020\\\/01\\\/20\\\/antonio-lomba-alcalde-de-a-guarda\\\/\",\"url\":\"https:\\\/\\\/www.anovapeneira.gal\\\/index.php\\\/2020\\\/01\\\/20\\\/antonio-lomba-alcalde-de-a-guarda\\\/\",\"name\":\"Antonio Lomba Alcalde de a Guarda -\",\"isPartOf\":{\"@id\":\"https:\\\/\\\/www.anovapeneira.gal\\\/#website\"},\"primaryImageOfPage\":{\"@id\":\"https:\\\/\\\/www.anovapeneira.gal\\\/index.php\\\/2020\\\/01\\\/20\\\/antonio-lomba-alcalde-de-a-guarda\\\/#primaryimage\"},\"image\":{\"@id\":\"https:\\\/\\\/www.anovapeneira.gal\\\/index.php\\\/2020\\\/01\\\/20\\\/antonio-lomba-alcalde-de-a-guarda\\\/#primaryimage\"},\"thumbnailUrl\":\"https:\\\/\\\/www.anovapeneira.gal\\\/wp-content\\\/uploads\\\/2020\\\/01\\\/antonio_lomba_alcalde_a_guarda_a_nova_peneira.jpg\",\"datePublished\":\"2020-01-20T09:00:04+00:00\",\"dateModified\":\"2020-01-26T07:31:57+00:00\",\"breadcrumb\":{\"@id\":\"https:\\\/\\\/www.anovapeneira.gal\\\/index.php\\\/2020\\\/01\\\/20\\\/antonio-lomba-alcalde-de-a-guarda\\\/#breadcrumb\"},\"inLanguage\":\"gl-ES\",\"potentialAction\":[{\"@type\":\"ReadAction\",\"target\":[\"https:\\\/\\\/www.anovapeneira.gal\\\/index.php\\\/2020\\\/01\\\/20\\\/antonio-lomba-alcalde-de-a-guarda\\\/\"]}]},{\"@type\":\"ImageObject\",\"inLanguage\":\"gl-ES\",\"@id\":\"https:\\\/\\\/www.anovapeneira.gal\\\/index.php\\\/2020\\\/01\\\/20\\\/antonio-lomba-alcalde-de-a-guarda\\\/#primaryimage\",\"url\":\"https:\\\/\\\/www.anovapeneira.gal\\\/wp-content\\\/uploads\\\/2020\\\/01\\\/antonio_lomba_alcalde_a_guarda_a_nova_peneira.jpg\",\"contentUrl\":\"https:\\\/\\\/www.anovapeneira.gal\\\/wp-content\\\/uploads\\\/2020\\\/01\\\/antonio_lomba_alcalde_a_guarda_a_nova_peneira.jpg\",\"width\":720,\"height\":432,\"caption\":\"Antonio Lomba Alcalde da Guarda A Nova Peneira\"},{\"@type\":\"BreadcrumbList\",\"@id\":\"https:\\\/\\\/www.anovapeneira.gal\\\/index.php\\\/2020\\\/01\\\/20\\\/antonio-lomba-alcalde-de-a-guarda\\\/#breadcrumb\",\"itemListElement\":[{\"@type\":\"ListItem\",\"position\":1,\"name\":\"Portada\",\"item\":\"https:\\\/\\\/www.anovapeneira.gal\\\/\"},{\"@type\":\"ListItem\",\"position\":2,\"name\":\"Antonio Lomba Alcalde de a Guarda\"}]},{\"@type\":\"WebSite\",\"@id\":\"https:\\\/\\\/www.anovapeneira.gal\\\/#website\",\"url\":\"https:\\\/\\\/www.anovapeneira.gal\\\/\",\"name\":\"\",\"description\":\"Xornal galego de informaci\u00f3n xeral Publicaci\u00f3n mensual de novas de Galicia e en especial dos Concellos da sur da provincia de Pontevedra.\",\"publisher\":{\"@id\":\"https:\\\/\\\/www.anovapeneira.gal\\\/#organization\"},\"potentialAction\":[{\"@type\":\"SearchAction\",\"target\":{\"@type\":\"EntryPoint\",\"urlTemplate\":\"https:\\\/\\\/www.anovapeneira.gal\\\/?s={search_term_string}\"},\"query-input\":{\"@type\":\"PropertyValueSpecification\",\"valueRequired\":true,\"valueName\":\"search_term_string\"}}],\"inLanguage\":\"gl-ES\"},{\"@type\":\"Organization\",\"@id\":\"https:\\\/\\\/www.anovapeneira.gal\\\/#organization\",\"name\":\"A Nova Peneira\",\"url\":\"https:\\\/\\\/www.anovapeneira.gal\\\/\",\"logo\":{\"@type\":\"ImageObject\",\"inLanguage\":\"gl-ES\",\"@id\":\"https:\\\/\\\/www.anovapeneira.gal\\\/#\\\/schema\\\/logo\\\/image\\\/\",\"url\":\"http:\\\/\\\/www.anovapeneira.gal\\\/wp-content\\\/uploads\\\/2019\\\/06\\\/logo_a_nova_peneira_portal_web.png\",\"contentUrl\":\"http:\\\/\\\/www.anovapeneira.gal\\\/wp-content\\\/uploads\\\/2019\\\/06\\\/logo_a_nova_peneira_portal_web.png\",\"width\":300,\"height\":100,\"caption\":\"A Nova Peneira\"},\"image\":{\"@id\":\"https:\\\/\\\/www.anovapeneira.gal\\\/#\\\/schema\\\/logo\\\/image\\\/\"},\"sameAs\":[\"https:\\\/\\\/www.facebook.com\\\/anovapeneira\",\"https:\\\/\\\/x.com\\\/APeneira\"]},{\"@type\":\"Person\",\"@id\":\"https:\\\/\\\/www.anovapeneira.gal\\\/#\\\/schema\\\/person\\\/b93e3f8932e3f8da96334607eb6ac6aa\",\"name\":\"Redacci\u00f3n A Nova Peneira\",\"image\":{\"@type\":\"ImageObject\",\"inLanguage\":\"gl-ES\",\"@id\":\"https:\\\/\\\/secure.gravatar.com\\\/avatar\\\/c052a2551a06e23fac63626232eaa90abd78dbcf1700fc46a2b2c89fd27b735f?s=96&d=mm&r=g\",\"url\":\"https:\\\/\\\/secure.gravatar.com\\\/avatar\\\/c052a2551a06e23fac63626232eaa90abd78dbcf1700fc46a2b2c89fd27b735f?s=96&d=mm&r=g\",\"contentUrl\":\"https:\\\/\\\/secure.gravatar.com\\\/avatar\\\/c052a2551a06e23fac63626232eaa90abd78dbcf1700fc46a2b2c89fd27b735f?s=96&d=mm&r=g\",\"caption\":\"Redacci\u00f3n A Nova Peneira\"},\"sameAs\":[\"http:\\\/\\\/www.anovapeneira.gal\\\/\"],\"url\":\"https:\\\/\\\/www.anovapeneira.gal\\\/index.php\\\/author\\\/redactor\\\/\"}]}<\/script>\n<!-- \/ Yoast SEO plugin. -->","yoast_head_json":{"title":"Antonio Lomba Alcalde de a Guarda -","robots":{"index":"index","follow":"follow","max-snippet":"max-snippet:-1","max-image-preview":"max-image-preview:large","max-video-preview":"max-video-preview:-1"},"canonical":"https:\/\/www.anovapeneira.gal\/index.php\/2020\/01\/20\/antonio-lomba-alcalde-de-a-guarda\/","og_locale":"gl_ES","og_type":"article","og_title":"Antonio Lomba Alcalde de a Guarda -","og_description":"Despois das elecci\u00f3ns municipais do pasado ano, todo apuntaba a que un pacto de esquerdas propiciar\u00eda un goberno de coalici\u00f3n PSOE \u2013BNG durante este mandato [...]","og_url":"https:\/\/www.anovapeneira.gal\/index.php\/2020\/01\/20\/antonio-lomba-alcalde-de-a-guarda\/","article_publisher":"https:\/\/www.facebook.com\/anovapeneira","article_published_time":"2020-01-20T09:00:04+00:00","article_modified_time":"2020-01-26T07:31:57+00:00","og_image":[{"width":720,"height":432,"url":"https:\/\/www.anovapeneira.gal\/wp-content\/uploads\/2020\/01\/antonio_lomba_alcalde_a_guarda_a_nova_peneira.jpg","type":"image\/jpeg"}],"author":"Redacci\u00f3n A Nova Peneira","twitter_card":"summary_large_image","twitter_creator":"@APeneira","twitter_site":"@APeneira","twitter_misc":{"Escrito por":"Redacci\u00f3n A Nova Peneira","Tempo de lectura":"9 minutos"},"schema":{"@context":"https:\/\/schema.org","@graph":[{"@type":"Article","@id":"https:\/\/www.anovapeneira.gal\/index.php\/2020\/01\/20\/antonio-lomba-alcalde-de-a-guarda\/#article","isPartOf":{"@id":"https:\/\/www.anovapeneira.gal\/index.php\/2020\/01\/20\/antonio-lomba-alcalde-de-a-guarda\/"},"author":{"name":"Redacci\u00f3n A Nova Peneira","@id":"https:\/\/www.anovapeneira.gal\/#\/schema\/person\/b93e3f8932e3f8da96334607eb6ac6aa"},"headline":"Antonio Lomba Alcalde de a Guarda","datePublished":"2020-01-20T09:00:04+00:00","dateModified":"2020-01-26T07:31:57+00:00","mainEntityOfPage":{"@id":"https:\/\/www.anovapeneira.gal\/index.php\/2020\/01\/20\/antonio-lomba-alcalde-de-a-guarda\/"},"wordCount":1726,"commentCount":0,"publisher":{"@id":"https:\/\/www.anovapeneira.gal\/#organization"},"image":{"@id":"https:\/\/www.anovapeneira.gal\/index.php\/2020\/01\/20\/antonio-lomba-alcalde-de-a-guarda\/#primaryimage"},"thumbnailUrl":"https:\/\/www.anovapeneira.gal\/wp-content\/uploads\/2020\/01\/antonio_lomba_alcalde_a_guarda_a_nova_peneira.jpg","keywords":["Concello da Guarda","Pol\u00edtica"],"articleSection":["Baixo Mi\u00f1o"],"inLanguage":"gl-ES","potentialAction":[{"@type":"CommentAction","name":"Comment","target":["https:\/\/www.anovapeneira.gal\/index.php\/2020\/01\/20\/antonio-lomba-alcalde-de-a-guarda\/#respond"]}]},{"@type":"WebPage","@id":"https:\/\/www.anovapeneira.gal\/index.php\/2020\/01\/20\/antonio-lomba-alcalde-de-a-guarda\/","url":"https:\/\/www.anovapeneira.gal\/index.php\/2020\/01\/20\/antonio-lomba-alcalde-de-a-guarda\/","name":"Antonio Lomba Alcalde de a Guarda -","isPartOf":{"@id":"https:\/\/www.anovapeneira.gal\/#website"},"primaryImageOfPage":{"@id":"https:\/\/www.anovapeneira.gal\/index.php\/2020\/01\/20\/antonio-lomba-alcalde-de-a-guarda\/#primaryimage"},"image":{"@id":"https:\/\/www.anovapeneira.gal\/index.php\/2020\/01\/20\/antonio-lomba-alcalde-de-a-guarda\/#primaryimage"},"thumbnailUrl":"https:\/\/www.anovapeneira.gal\/wp-content\/uploads\/2020\/01\/antonio_lomba_alcalde_a_guarda_a_nova_peneira.jpg","datePublished":"2020-01-20T09:00:04+00:00","dateModified":"2020-01-26T07:31:57+00:00","breadcrumb":{"@id":"https:\/\/www.anovapeneira.gal\/index.php\/2020\/01\/20\/antonio-lomba-alcalde-de-a-guarda\/#breadcrumb"},"inLanguage":"gl-ES","potentialAction":[{"@type":"ReadAction","target":["https:\/\/www.anovapeneira.gal\/index.php\/2020\/01\/20\/antonio-lomba-alcalde-de-a-guarda\/"]}]},{"@type":"ImageObject","inLanguage":"gl-ES","@id":"https:\/\/www.anovapeneira.gal\/index.php\/2020\/01\/20\/antonio-lomba-alcalde-de-a-guarda\/#primaryimage","url":"https:\/\/www.anovapeneira.gal\/wp-content\/uploads\/2020\/01\/antonio_lomba_alcalde_a_guarda_a_nova_peneira.jpg","contentUrl":"https:\/\/www.anovapeneira.gal\/wp-content\/uploads\/2020\/01\/antonio_lomba_alcalde_a_guarda_a_nova_peneira.jpg","width":720,"height":432,"caption":"Antonio Lomba Alcalde da Guarda A Nova Peneira"},{"@type":"BreadcrumbList","@id":"https:\/\/www.anovapeneira.gal\/index.php\/2020\/01\/20\/antonio-lomba-alcalde-de-a-guarda\/#breadcrumb","itemListElement":[{"@type":"ListItem","position":1,"name":"Portada","item":"https:\/\/www.anovapeneira.gal\/"},{"@type":"ListItem","position":2,"name":"Antonio Lomba Alcalde de a Guarda"}]},{"@type":"WebSite","@id":"https:\/\/www.anovapeneira.gal\/#website","url":"https:\/\/www.anovapeneira.gal\/","name":"","description":"Xornal galego de informaci\u00f3n xeral Publicaci\u00f3n mensual de novas de Galicia e en especial dos Concellos da sur da provincia de Pontevedra.","publisher":{"@id":"https:\/\/www.anovapeneira.gal\/#organization"},"potentialAction":[{"@type":"SearchAction","target":{"@type":"EntryPoint","urlTemplate":"https:\/\/www.anovapeneira.gal\/?s={search_term_string}"},"query-input":{"@type":"PropertyValueSpecification","valueRequired":true,"valueName":"search_term_string"}}],"inLanguage":"gl-ES"},{"@type":"Organization","@id":"https:\/\/www.anovapeneira.gal\/#organization","name":"A Nova Peneira","url":"https:\/\/www.anovapeneira.gal\/","logo":{"@type":"ImageObject","inLanguage":"gl-ES","@id":"https:\/\/www.anovapeneira.gal\/#\/schema\/logo\/image\/","url":"http:\/\/www.anovapeneira.gal\/wp-content\/uploads\/2019\/06\/logo_a_nova_peneira_portal_web.png","contentUrl":"http:\/\/www.anovapeneira.gal\/wp-content\/uploads\/2019\/06\/logo_a_nova_peneira_portal_web.png","width":300,"height":100,"caption":"A Nova Peneira"},"image":{"@id":"https:\/\/www.anovapeneira.gal\/#\/schema\/logo\/image\/"},"sameAs":["https:\/\/www.facebook.com\/anovapeneira","https:\/\/x.com\/APeneira"]},{"@type":"Person","@id":"https:\/\/www.anovapeneira.gal\/#\/schema\/person\/b93e3f8932e3f8da96334607eb6ac6aa","name":"Redacci\u00f3n A Nova Peneira","image":{"@type":"ImageObject","inLanguage":"gl-ES","@id":"https:\/\/secure.gravatar.com\/avatar\/c052a2551a06e23fac63626232eaa90abd78dbcf1700fc46a2b2c89fd27b735f?s=96&d=mm&r=g","url":"https:\/\/secure.gravatar.com\/avatar\/c052a2551a06e23fac63626232eaa90abd78dbcf1700fc46a2b2c89fd27b735f?s=96&d=mm&r=g","contentUrl":"https:\/\/secure.gravatar.com\/avatar\/c052a2551a06e23fac63626232eaa90abd78dbcf1700fc46a2b2c89fd27b735f?s=96&d=mm&r=g","caption":"Redacci\u00f3n A Nova Peneira"},"sameAs":["http:\/\/www.anovapeneira.gal\/"],"url":"https:\/\/www.anovapeneira.gal\/index.php\/author\/redactor\/"}]}},"jetpack_featured_media_url":"https:\/\/www.anovapeneira.gal\/wp-content\/uploads\/2020\/01\/antonio_lomba_alcalde_a_guarda_a_nova_peneira.jpg","_links":{"self":[{"href":"https:\/\/www.anovapeneira.gal\/index.php\/wp-json\/wp\/v2\/posts\/2289","targetHints":{"allow":["GET"]}}],"collection":[{"href":"https:\/\/www.anovapeneira.gal\/index.php\/wp-json\/wp\/v2\/posts"}],"about":[{"href":"https:\/\/www.anovapeneira.gal\/index.php\/wp-json\/wp\/v2\/types\/post"}],"author":[{"embeddable":true,"href":"https:\/\/www.anovapeneira.gal\/index.php\/wp-json\/wp\/v2\/users\/3"}],"replies":[{"embeddable":true,"href":"https:\/\/www.anovapeneira.gal\/index.php\/wp-json\/wp\/v2\/comments?post=2289"}],"version-history":[{"count":5,"href":"https:\/\/www.anovapeneira.gal\/index.php\/wp-json\/wp\/v2\/posts\/2289\/revisions"}],"predecessor-version":[{"id":2362,"href":"https:\/\/www.anovapeneira.gal\/index.php\/wp-json\/wp\/v2\/posts\/2289\/revisions\/2362"}],"wp:featuredmedia":[{"embeddable":true,"href":"https:\/\/www.anovapeneira.gal\/index.php\/wp-json\/wp\/v2\/media\/2290"}],"wp:attachment":[{"href":"https:\/\/www.anovapeneira.gal\/index.php\/wp-json\/wp\/v2\/media?parent=2289"}],"wp:term":[{"taxonomy":"category","embeddable":true,"href":"https:\/\/www.anovapeneira.gal\/index.php\/wp-json\/wp\/v2\/categories?post=2289"},{"taxonomy":"post_tag","embeddable":true,"href":"https:\/\/www.anovapeneira.gal\/index.php\/wp-json\/wp\/v2\/tags?post=2289"}],"curies":[{"name":"wp","href":"https:\/\/api.w.org\/{rel}","templated":true}]}}