{"id":2304,"date":"2020-01-21T14:00:28","date_gmt":"2020-01-21T13:00:28","guid":{"rendered":"http:\/\/www.anovapeneira.gal\/?p=2304"},"modified":"2020-01-19T21:13:50","modified_gmt":"2020-01-19T20:13:50","slug":"bota-a-andar-en-as-neves-o-programa-acompanados-contra-a-soidade","status":"publish","type":"post","link":"https:\/\/www.anovapeneira.gal\/index.php\/2020\/01\/21\/bota-a-andar-en-as-neves-o-programa-acompanados-contra-a-soidade\/","title":{"rendered":"Bota\u00a0a\u00a0andar\u00a0en\u00a0As\u00a0Neves\u00a0o\u00a0programa\u00a0&#8216;acompa\u00f1ados&#8217;\u00a0contra\u00a0a\u00a0soidade"},"content":{"rendered":"\n<p>Tal\ne coma anunciara hai un mes o Goberno local, este martes pasado, d\u00eda\n14 de xaneiro, comezou a andar o proxecto socio-&#8216;Acompa\u00f1ados&#8217;, na\nparroquia de As Neves, coa primeira das xuntanzas de 17 a 19 horas. O\nmesmo ter\u00e1 continuidade este m\u00e9rcores, d\u00eda 15, na parroquia de San\nCibr\u00e1n, de 16 a 18 horas; seguir\u00e1 o xoves, d\u00eda 16, en Li\u00f1ares, no\nmesmo horario, para retomar xa a semana que ven na parroquia de\nSetados de 17 a 19\nh.<br><br>Retomar&nbsp;las&nbsp;relaci\u00f3ns&nbsp;entre&nbsp;veci\u00f1os&nbsp;e&nbsp;combater&nbsp;a&nbsp;soidade<br><br>&#8216;Acompa\u00f1ados&#8217;\n\u00e9 unha actividade innovadora e pioneira, que non ten antecedentes en\nGalicia, que est\u00e1 a organizar o Concello, en colaboraci\u00f3n con\nAvela\u00ed\u00f1a, unha asociaci\u00f3n sen \u00e1nimo de lucro, e co financiamento\nda Fundaci\u00f3n La Caixa.<br><br>Rafael \u00c1lvarez, &nbsp;m\u00e1ximo\nresponsable de Avela\u00ed\u00f1a sinala que o obxectivo deste programa \u00e9 o\nde &#8220;facilitar as relaci\u00f3ns entre veci\u00f1os, mellorar a s\u00faa\ncalidade de vida ao mesmo tempo que se mellora a comunidade na que\nvive, dentro de cada unha das parroquias de As Neves&#8221;.<br><br>Ademais,\nsup\u00f3n unha axuda na labor coti\u00e1 a veci\u00f1os e veci\u00f1as dun entorno\nrural, que en moitos casos viven illadas, especialmente no inverno, e\n&#8220;tecer lazos entre elas, de xeito que esas relaci\u00f3ns persistan\ne sirvan para acabar coa sensaci\u00f3n de\nsoidade&#8221;.<br><br>Tres&nbsp;actividades&nbsp;en&nbsp;cada&nbsp;parroquia<br><br>Durante\nlos pr\u00f3ximos 6 meses, catro profesionais -Rosabel Mart\u00ednez Ku,\ntraballadora social, Lorena Francisco, psic\u00f3loga, unha t\u00e9cnica de\nemprego de Feafes Galicia e unha monitora especializada en\nactividades funcionais- con axuda de membros de Voluntariado de As\nNeves, po\u00f1er\u00e1n en marcha tres actividades: Dinamizaci\u00f3n\nComunitaria; Alfabetizaci\u00f3n Funcional e Procura de Emprego, en\nlocais sociais das 13 parroquias de As Neves e no propio Centro\nSocial Municipal.<br><br>Dinamizaci\u00f3n&nbsp;Comunitaria<br><br>Est\u00e1\ndirixida a veci\u00f1os e veci\u00f1as maiores de 55 anos e abrangue\nactividades coma &#8216;transmisi\u00f3n de saberes&#8217;, obradoiros, estimulaci\u00f3n\ncognitiva ou xogos que servir\u00e1n para retomar e afianzar relaci\u00f3ns\nou reactivar o co\u00f1ecemento. Esta actividade se realizar\u00e1 durante 2\nhoras por semana en cada\nparroquia.<br><br>Alfabetizaci\u00f3n&nbsp;Funcional<br><br>Pensada para\nmaiores de 25 anos e menores de 65, coa que se pretende axudar a que\npoidan&nbsp; entender un recibo, unha carta do banco ou unha\nnotificaci\u00f3n do Concello,&nbsp; o Sergas ou de Tr\u00e1fico e realizar\ntr\u00e1mites normais, coma pedir hora no m\u00e9dico ou reservar un billete\nde tren. Tam\u00e9n se realizar\u00e1 en cada parroquia 2 horas por\nsemana.<br><br>Procura&nbsp;de&nbsp;Emprego<br><br>Destinada a grupos\nde 15 persoas de m\u00e1is de 25 anos e&nbsp;menores de 65, con\nparticipaci\u00f3n tanto conxunta coma individual, durante 2 meses cunha\nperiodicidade de 1,5 horas semanais.<\/p>\n","protected":false},"excerpt":{"rendered":"<div class=\"mh-excerpt\"><p>Tal e coma anunciara hai un mes o Goberno local, este martes pasado, d\u00eda 14 de xaneiro, comezou a andar o proxecto socio-&#8216;Acompa\u00f1ados&#8217;, na parroquia de As Neves, coa primeira das xuntanzas de 17 a 19 horas <a class=\"mh-excerpt-more\" href=\"https:\/\/www.anovapeneira.gal\/index.php\/2020\/01\/21\/bota-a-andar-en-as-neves-o-programa-acompanados-contra-a-soidade\/\" title=\"Bota\u00a0a\u00a0andar\u00a0en\u00a0As\u00a0Neves\u00a0o\u00a0programa\u00a0&#8216;acompa\u00f1ados&#8217;\u00a0contra\u00a0a\u00a0soidade\">[&#8230;]<\/a><\/p>\n<\/div>","protected":false},"author":3,"featured_media":1775,"comment_status":"open","ping_status":"open","sticky":false,"template":"","format":"standard","meta":{"_exactmetrics_skip_tracking":false,"_exactmetrics_sitenote_active":false,"_exactmetrics_sitenote_note":"","_exactmetrics_sitenote_category":0,"footnotes":""},"categories":[25],"tags":[916,546],"class_list":{"0":"post-2304","1":"post","2":"type-post","3":"status-publish","4":"format-standard","5":"has-post-thumbnail","7":"category-condado","8":"tag-acompanados","9":"tag-concello-das-neves"},"yoast_head":"<!-- This site is optimized with the Yoast SEO plugin v27.4 - https:\/\/yoast.com\/product\/yoast-seo-wordpress\/ -->\n<title>Bota\u00a0a\u00a0andar\u00a0en\u00a0As\u00a0Neves\u00a0o\u00a0programa\u00a0&#039;acompa\u00f1ados&#039;\u00a0contra\u00a0a\u00a0soidade -<\/title>\n<meta name=\"robots\" content=\"index, follow, max-snippet:-1, max-image-preview:large, max-video-preview:-1\" \/>\n<link rel=\"canonical\" href=\"https:\/\/www.anovapeneira.gal\/index.php\/2020\/01\/21\/bota-a-andar-en-as-neves-o-programa-acompanados-contra-a-soidade\/\" \/>\n<meta property=\"og:locale\" content=\"gl_ES\" \/>\n<meta property=\"og:type\" content=\"article\" \/>\n<meta property=\"og:title\" content=\"Bota\u00a0a\u00a0andar\u00a0en\u00a0As\u00a0Neves\u00a0o\u00a0programa\u00a0&#039;acompa\u00f1ados&#039;\u00a0contra\u00a0a\u00a0soidade -\" \/>\n<meta property=\"og:description\" content=\"Tal e coma anunciara hai un mes o Goberno local, este martes pasado, d\u00eda 14 de xaneiro, comezou a andar o proxecto socio-&#039;Acompa\u00f1ados&#039;, na parroquia de As Neves, coa primeira das xuntanzas de 17 a 19 horas [...]\" \/>\n<meta property=\"og:url\" content=\"https:\/\/www.anovapeneira.gal\/index.php\/2020\/01\/21\/bota-a-andar-en-as-neves-o-programa-acompanados-contra-a-soidade\/\" \/>\n<meta property=\"article:publisher\" content=\"https:\/\/www.facebook.com\/anovapeneira\" \/>\n<meta property=\"article:published_time\" content=\"2020-01-21T13:00:28+00:00\" \/>\n<meta property=\"og:image\" content=\"https:\/\/www.anovapeneira.gal\/wp-content\/uploads\/2019\/11\/concello_das_neves_a_nova_peneira.png\" \/>\n\t<meta property=\"og:image:width\" content=\"283\" \/>\n\t<meta property=\"og:image:height\" content=\"170\" \/>\n\t<meta property=\"og:image:type\" content=\"image\/png\" \/>\n<meta name=\"author\" content=\"Redacci\u00f3n A Nova Peneira\" \/>\n<meta name=\"twitter:card\" content=\"summary_large_image\" \/>\n<meta name=\"twitter:creator\" content=\"@APeneira\" \/>\n<meta name=\"twitter:site\" content=\"@APeneira\" \/>\n<meta name=\"twitter:label1\" content=\"Escrito por\" \/>\n\t<meta name=\"twitter:data1\" content=\"Redacci\u00f3n A Nova Peneira\" \/>\n\t<meta name=\"twitter:label2\" content=\"Tempo de lectura\" \/>\n\t<meta name=\"twitter:data2\" content=\"2 minutos\" \/>\n<script type=\"application\/ld+json\" class=\"yoast-schema-graph\">{\"@context\":\"https:\\\/\\\/schema.org\",\"@graph\":[{\"@type\":\"Article\",\"@id\":\"https:\\\/\\\/www.anovapeneira.gal\\\/index.php\\\/2020\\\/01\\\/21\\\/bota-a-andar-en-as-neves-o-programa-acompanados-contra-a-soidade\\\/#article\",\"isPartOf\":{\"@id\":\"https:\\\/\\\/www.anovapeneira.gal\\\/index.php\\\/2020\\\/01\\\/21\\\/bota-a-andar-en-as-neves-o-programa-acompanados-contra-a-soidade\\\/\"},\"author\":{\"name\":\"Redacci\u00f3n A Nova Peneira\",\"@id\":\"https:\\\/\\\/www.anovapeneira.gal\\\/#\\\/schema\\\/person\\\/b93e3f8932e3f8da96334607eb6ac6aa\"},\"headline\":\"Bota\u00a0a\u00a0andar\u00a0en\u00a0As\u00a0Neves\u00a0o\u00a0programa\u00a0&#8216;acompa\u00f1ados&#8217;\u00a0contra\u00a0a\u00a0soidade\",\"datePublished\":\"2020-01-21T13:00:28+00:00\",\"mainEntityOfPage\":{\"@id\":\"https:\\\/\\\/www.anovapeneira.gal\\\/index.php\\\/2020\\\/01\\\/21\\\/bota-a-andar-en-as-neves-o-programa-acompanados-contra-a-soidade\\\/\"},\"wordCount\":486,\"commentCount\":0,\"publisher\":{\"@id\":\"https:\\\/\\\/www.anovapeneira.gal\\\/#organization\"},\"image\":{\"@id\":\"https:\\\/\\\/www.anovapeneira.gal\\\/index.php\\\/2020\\\/01\\\/21\\\/bota-a-andar-en-as-neves-o-programa-acompanados-contra-a-soidade\\\/#primaryimage\"},\"thumbnailUrl\":\"https:\\\/\\\/www.anovapeneira.gal\\\/wp-content\\\/uploads\\\/2019\\\/11\\\/concello_das_neves_a_nova_peneira.png\",\"keywords\":[\"Acompa\u00f1ados\",\"Concello das Neves\"],\"articleSection\":[\"Condado\"],\"inLanguage\":\"gl-ES\",\"potentialAction\":[{\"@type\":\"CommentAction\",\"name\":\"Comment\",\"target\":[\"https:\\\/\\\/www.anovapeneira.gal\\\/index.php\\\/2020\\\/01\\\/21\\\/bota-a-andar-en-as-neves-o-programa-acompanados-contra-a-soidade\\\/#respond\"]}]},{\"@type\":\"WebPage\",\"@id\":\"https:\\\/\\\/www.anovapeneira.gal\\\/index.php\\\/2020\\\/01\\\/21\\\/bota-a-andar-en-as-neves-o-programa-acompanados-contra-a-soidade\\\/\",\"url\":\"https:\\\/\\\/www.anovapeneira.gal\\\/index.php\\\/2020\\\/01\\\/21\\\/bota-a-andar-en-as-neves-o-programa-acompanados-contra-a-soidade\\\/\",\"name\":\"Bota\u00a0a\u00a0andar\u00a0en\u00a0As\u00a0Neves\u00a0o\u00a0programa\u00a0'acompa\u00f1ados'\u00a0contra\u00a0a\u00a0soidade -\",\"isPartOf\":{\"@id\":\"https:\\\/\\\/www.anovapeneira.gal\\\/#website\"},\"primaryImageOfPage\":{\"@id\":\"https:\\\/\\\/www.anovapeneira.gal\\\/index.php\\\/2020\\\/01\\\/21\\\/bota-a-andar-en-as-neves-o-programa-acompanados-contra-a-soidade\\\/#primaryimage\"},\"image\":{\"@id\":\"https:\\\/\\\/www.anovapeneira.gal\\\/index.php\\\/2020\\\/01\\\/21\\\/bota-a-andar-en-as-neves-o-programa-acompanados-contra-a-soidade\\\/#primaryimage\"},\"thumbnailUrl\":\"https:\\\/\\\/www.anovapeneira.gal\\\/wp-content\\\/uploads\\\/2019\\\/11\\\/concello_das_neves_a_nova_peneira.png\",\"datePublished\":\"2020-01-21T13:00:28+00:00\",\"breadcrumb\":{\"@id\":\"https:\\\/\\\/www.anovapeneira.gal\\\/index.php\\\/2020\\\/01\\\/21\\\/bota-a-andar-en-as-neves-o-programa-acompanados-contra-a-soidade\\\/#breadcrumb\"},\"inLanguage\":\"gl-ES\",\"potentialAction\":[{\"@type\":\"ReadAction\",\"target\":[\"https:\\\/\\\/www.anovapeneira.gal\\\/index.php\\\/2020\\\/01\\\/21\\\/bota-a-andar-en-as-neves-o-programa-acompanados-contra-a-soidade\\\/\"]}]},{\"@type\":\"ImageObject\",\"inLanguage\":\"gl-ES\",\"@id\":\"https:\\\/\\\/www.anovapeneira.gal\\\/index.php\\\/2020\\\/01\\\/21\\\/bota-a-andar-en-as-neves-o-programa-acompanados-contra-a-soidade\\\/#primaryimage\",\"url\":\"https:\\\/\\\/www.anovapeneira.gal\\\/wp-content\\\/uploads\\\/2019\\\/11\\\/concello_das_neves_a_nova_peneira.png\",\"contentUrl\":\"https:\\\/\\\/www.anovapeneira.gal\\\/wp-content\\\/uploads\\\/2019\\\/11\\\/concello_das_neves_a_nova_peneira.png\",\"width\":283,\"height\":170,\"caption\":\"Concello das Neves a Nova Peneira\"},{\"@type\":\"BreadcrumbList\",\"@id\":\"https:\\\/\\\/www.anovapeneira.gal\\\/index.php\\\/2020\\\/01\\\/21\\\/bota-a-andar-en-as-neves-o-programa-acompanados-contra-a-soidade\\\/#breadcrumb\",\"itemListElement\":[{\"@type\":\"ListItem\",\"position\":1,\"name\":\"Portada\",\"item\":\"https:\\\/\\\/www.anovapeneira.gal\\\/\"},{\"@type\":\"ListItem\",\"position\":2,\"name\":\"Bota\u00a0a\u00a0andar\u00a0en\u00a0As\u00a0Neves\u00a0o\u00a0programa\u00a0&#8216;acompa\u00f1ados&#8217;\u00a0contra\u00a0a\u00a0soidade\"}]},{\"@type\":\"WebSite\",\"@id\":\"https:\\\/\\\/www.anovapeneira.gal\\\/#website\",\"url\":\"https:\\\/\\\/www.anovapeneira.gal\\\/\",\"name\":\"\",\"description\":\"Xornal galego de informaci\u00f3n xeral Publicaci\u00f3n mensual de novas de Galicia e en especial dos Concellos da sur da provincia de Pontevedra.\",\"publisher\":{\"@id\":\"https:\\\/\\\/www.anovapeneira.gal\\\/#organization\"},\"potentialAction\":[{\"@type\":\"SearchAction\",\"target\":{\"@type\":\"EntryPoint\",\"urlTemplate\":\"https:\\\/\\\/www.anovapeneira.gal\\\/?s={search_term_string}\"},\"query-input\":{\"@type\":\"PropertyValueSpecification\",\"valueRequired\":true,\"valueName\":\"search_term_string\"}}],\"inLanguage\":\"gl-ES\"},{\"@type\":\"Organization\",\"@id\":\"https:\\\/\\\/www.anovapeneira.gal\\\/#organization\",\"name\":\"A Nova Peneira\",\"url\":\"https:\\\/\\\/www.anovapeneira.gal\\\/\",\"logo\":{\"@type\":\"ImageObject\",\"inLanguage\":\"gl-ES\",\"@id\":\"https:\\\/\\\/www.anovapeneira.gal\\\/#\\\/schema\\\/logo\\\/image\\\/\",\"url\":\"http:\\\/\\\/www.anovapeneira.gal\\\/wp-content\\\/uploads\\\/2019\\\/06\\\/logo_a_nova_peneira_portal_web.png\",\"contentUrl\":\"http:\\\/\\\/www.anovapeneira.gal\\\/wp-content\\\/uploads\\\/2019\\\/06\\\/logo_a_nova_peneira_portal_web.png\",\"width\":300,\"height\":100,\"caption\":\"A Nova Peneira\"},\"image\":{\"@id\":\"https:\\\/\\\/www.anovapeneira.gal\\\/#\\\/schema\\\/logo\\\/image\\\/\"},\"sameAs\":[\"https:\\\/\\\/www.facebook.com\\\/anovapeneira\",\"https:\\\/\\\/x.com\\\/APeneira\"]},{\"@type\":\"Person\",\"@id\":\"https:\\\/\\\/www.anovapeneira.gal\\\/#\\\/schema\\\/person\\\/b93e3f8932e3f8da96334607eb6ac6aa\",\"name\":\"Redacci\u00f3n A Nova Peneira\",\"image\":{\"@type\":\"ImageObject\",\"inLanguage\":\"gl-ES\",\"@id\":\"https:\\\/\\\/secure.gravatar.com\\\/avatar\\\/c052a2551a06e23fac63626232eaa90abd78dbcf1700fc46a2b2c89fd27b735f?s=96&d=mm&r=g\",\"url\":\"https:\\\/\\\/secure.gravatar.com\\\/avatar\\\/c052a2551a06e23fac63626232eaa90abd78dbcf1700fc46a2b2c89fd27b735f?s=96&d=mm&r=g\",\"contentUrl\":\"https:\\\/\\\/secure.gravatar.com\\\/avatar\\\/c052a2551a06e23fac63626232eaa90abd78dbcf1700fc46a2b2c89fd27b735f?s=96&d=mm&r=g\",\"caption\":\"Redacci\u00f3n A Nova Peneira\"},\"sameAs\":[\"http:\\\/\\\/www.anovapeneira.gal\\\/\"],\"url\":\"https:\\\/\\\/www.anovapeneira.gal\\\/index.php\\\/author\\\/redactor\\\/\"}]}<\/script>\n<!-- \/ Yoast SEO plugin. -->","yoast_head_json":{"title":"Bota\u00a0a\u00a0andar\u00a0en\u00a0As\u00a0Neves\u00a0o\u00a0programa\u00a0'acompa\u00f1ados'\u00a0contra\u00a0a\u00a0soidade -","robots":{"index":"index","follow":"follow","max-snippet":"max-snippet:-1","max-image-preview":"max-image-preview:large","max-video-preview":"max-video-preview:-1"},"canonical":"https:\/\/www.anovapeneira.gal\/index.php\/2020\/01\/21\/bota-a-andar-en-as-neves-o-programa-acompanados-contra-a-soidade\/","og_locale":"gl_ES","og_type":"article","og_title":"Bota\u00a0a\u00a0andar\u00a0en\u00a0As\u00a0Neves\u00a0o\u00a0programa\u00a0'acompa\u00f1ados'\u00a0contra\u00a0a\u00a0soidade -","og_description":"Tal e coma anunciara hai un mes o Goberno local, este martes pasado, d\u00eda 14 de xaneiro, comezou a andar o proxecto socio-'Acompa\u00f1ados', na parroquia de As Neves, coa primeira das xuntanzas de 17 a 19 horas [...]","og_url":"https:\/\/www.anovapeneira.gal\/index.php\/2020\/01\/21\/bota-a-andar-en-as-neves-o-programa-acompanados-contra-a-soidade\/","article_publisher":"https:\/\/www.facebook.com\/anovapeneira","article_published_time":"2020-01-21T13:00:28+00:00","og_image":[{"width":283,"height":170,"url":"https:\/\/www.anovapeneira.gal\/wp-content\/uploads\/2019\/11\/concello_das_neves_a_nova_peneira.png","type":"image\/png"}],"author":"Redacci\u00f3n A Nova Peneira","twitter_card":"summary_large_image","twitter_creator":"@APeneira","twitter_site":"@APeneira","twitter_misc":{"Escrito por":"Redacci\u00f3n A Nova Peneira","Tempo de lectura":"2 minutos"},"schema":{"@context":"https:\/\/schema.org","@graph":[{"@type":"Article","@id":"https:\/\/www.anovapeneira.gal\/index.php\/2020\/01\/21\/bota-a-andar-en-as-neves-o-programa-acompanados-contra-a-soidade\/#article","isPartOf":{"@id":"https:\/\/www.anovapeneira.gal\/index.php\/2020\/01\/21\/bota-a-andar-en-as-neves-o-programa-acompanados-contra-a-soidade\/"},"author":{"name":"Redacci\u00f3n A Nova Peneira","@id":"https:\/\/www.anovapeneira.gal\/#\/schema\/person\/b93e3f8932e3f8da96334607eb6ac6aa"},"headline":"Bota\u00a0a\u00a0andar\u00a0en\u00a0As\u00a0Neves\u00a0o\u00a0programa\u00a0&#8216;acompa\u00f1ados&#8217;\u00a0contra\u00a0a\u00a0soidade","datePublished":"2020-01-21T13:00:28+00:00","mainEntityOfPage":{"@id":"https:\/\/www.anovapeneira.gal\/index.php\/2020\/01\/21\/bota-a-andar-en-as-neves-o-programa-acompanados-contra-a-soidade\/"},"wordCount":486,"commentCount":0,"publisher":{"@id":"https:\/\/www.anovapeneira.gal\/#organization"},"image":{"@id":"https:\/\/www.anovapeneira.gal\/index.php\/2020\/01\/21\/bota-a-andar-en-as-neves-o-programa-acompanados-contra-a-soidade\/#primaryimage"},"thumbnailUrl":"https:\/\/www.anovapeneira.gal\/wp-content\/uploads\/2019\/11\/concello_das_neves_a_nova_peneira.png","keywords":["Acompa\u00f1ados","Concello das Neves"],"articleSection":["Condado"],"inLanguage":"gl-ES","potentialAction":[{"@type":"CommentAction","name":"Comment","target":["https:\/\/www.anovapeneira.gal\/index.php\/2020\/01\/21\/bota-a-andar-en-as-neves-o-programa-acompanados-contra-a-soidade\/#respond"]}]},{"@type":"WebPage","@id":"https:\/\/www.anovapeneira.gal\/index.php\/2020\/01\/21\/bota-a-andar-en-as-neves-o-programa-acompanados-contra-a-soidade\/","url":"https:\/\/www.anovapeneira.gal\/index.php\/2020\/01\/21\/bota-a-andar-en-as-neves-o-programa-acompanados-contra-a-soidade\/","name":"Bota\u00a0a\u00a0andar\u00a0en\u00a0As\u00a0Neves\u00a0o\u00a0programa\u00a0'acompa\u00f1ados'\u00a0contra\u00a0a\u00a0soidade -","isPartOf":{"@id":"https:\/\/www.anovapeneira.gal\/#website"},"primaryImageOfPage":{"@id":"https:\/\/www.anovapeneira.gal\/index.php\/2020\/01\/21\/bota-a-andar-en-as-neves-o-programa-acompanados-contra-a-soidade\/#primaryimage"},"image":{"@id":"https:\/\/www.anovapeneira.gal\/index.php\/2020\/01\/21\/bota-a-andar-en-as-neves-o-programa-acompanados-contra-a-soidade\/#primaryimage"},"thumbnailUrl":"https:\/\/www.anovapeneira.gal\/wp-content\/uploads\/2019\/11\/concello_das_neves_a_nova_peneira.png","datePublished":"2020-01-21T13:00:28+00:00","breadcrumb":{"@id":"https:\/\/www.anovapeneira.gal\/index.php\/2020\/01\/21\/bota-a-andar-en-as-neves-o-programa-acompanados-contra-a-soidade\/#breadcrumb"},"inLanguage":"gl-ES","potentialAction":[{"@type":"ReadAction","target":["https:\/\/www.anovapeneira.gal\/index.php\/2020\/01\/21\/bota-a-andar-en-as-neves-o-programa-acompanados-contra-a-soidade\/"]}]},{"@type":"ImageObject","inLanguage":"gl-ES","@id":"https:\/\/www.anovapeneira.gal\/index.php\/2020\/01\/21\/bota-a-andar-en-as-neves-o-programa-acompanados-contra-a-soidade\/#primaryimage","url":"https:\/\/www.anovapeneira.gal\/wp-content\/uploads\/2019\/11\/concello_das_neves_a_nova_peneira.png","contentUrl":"https:\/\/www.anovapeneira.gal\/wp-content\/uploads\/2019\/11\/concello_das_neves_a_nova_peneira.png","width":283,"height":170,"caption":"Concello das Neves a Nova Peneira"},{"@type":"BreadcrumbList","@id":"https:\/\/www.anovapeneira.gal\/index.php\/2020\/01\/21\/bota-a-andar-en-as-neves-o-programa-acompanados-contra-a-soidade\/#breadcrumb","itemListElement":[{"@type":"ListItem","position":1,"name":"Portada","item":"https:\/\/www.anovapeneira.gal\/"},{"@type":"ListItem","position":2,"name":"Bota\u00a0a\u00a0andar\u00a0en\u00a0As\u00a0Neves\u00a0o\u00a0programa\u00a0&#8216;acompa\u00f1ados&#8217;\u00a0contra\u00a0a\u00a0soidade"}]},{"@type":"WebSite","@id":"https:\/\/www.anovapeneira.gal\/#website","url":"https:\/\/www.anovapeneira.gal\/","name":"","description":"Xornal galego de informaci\u00f3n xeral Publicaci\u00f3n mensual de novas de Galicia e en especial dos Concellos da sur da provincia de Pontevedra.","publisher":{"@id":"https:\/\/www.anovapeneira.gal\/#organization"},"potentialAction":[{"@type":"SearchAction","target":{"@type":"EntryPoint","urlTemplate":"https:\/\/www.anovapeneira.gal\/?s={search_term_string}"},"query-input":{"@type":"PropertyValueSpecification","valueRequired":true,"valueName":"search_term_string"}}],"inLanguage":"gl-ES"},{"@type":"Organization","@id":"https:\/\/www.anovapeneira.gal\/#organization","name":"A Nova Peneira","url":"https:\/\/www.anovapeneira.gal\/","logo":{"@type":"ImageObject","inLanguage":"gl-ES","@id":"https:\/\/www.anovapeneira.gal\/#\/schema\/logo\/image\/","url":"http:\/\/www.anovapeneira.gal\/wp-content\/uploads\/2019\/06\/logo_a_nova_peneira_portal_web.png","contentUrl":"http:\/\/www.anovapeneira.gal\/wp-content\/uploads\/2019\/06\/logo_a_nova_peneira_portal_web.png","width":300,"height":100,"caption":"A Nova Peneira"},"image":{"@id":"https:\/\/www.anovapeneira.gal\/#\/schema\/logo\/image\/"},"sameAs":["https:\/\/www.facebook.com\/anovapeneira","https:\/\/x.com\/APeneira"]},{"@type":"Person","@id":"https:\/\/www.anovapeneira.gal\/#\/schema\/person\/b93e3f8932e3f8da96334607eb6ac6aa","name":"Redacci\u00f3n A Nova Peneira","image":{"@type":"ImageObject","inLanguage":"gl-ES","@id":"https:\/\/secure.gravatar.com\/avatar\/c052a2551a06e23fac63626232eaa90abd78dbcf1700fc46a2b2c89fd27b735f?s=96&d=mm&r=g","url":"https:\/\/secure.gravatar.com\/avatar\/c052a2551a06e23fac63626232eaa90abd78dbcf1700fc46a2b2c89fd27b735f?s=96&d=mm&r=g","contentUrl":"https:\/\/secure.gravatar.com\/avatar\/c052a2551a06e23fac63626232eaa90abd78dbcf1700fc46a2b2c89fd27b735f?s=96&d=mm&r=g","caption":"Redacci\u00f3n A Nova Peneira"},"sameAs":["http:\/\/www.anovapeneira.gal\/"],"url":"https:\/\/www.anovapeneira.gal\/index.php\/author\/redactor\/"}]}},"jetpack_featured_media_url":"https:\/\/www.anovapeneira.gal\/wp-content\/uploads\/2019\/11\/concello_das_neves_a_nova_peneira.png","_links":{"self":[{"href":"https:\/\/www.anovapeneira.gal\/index.php\/wp-json\/wp\/v2\/posts\/2304","targetHints":{"allow":["GET"]}}],"collection":[{"href":"https:\/\/www.anovapeneira.gal\/index.php\/wp-json\/wp\/v2\/posts"}],"about":[{"href":"https:\/\/www.anovapeneira.gal\/index.php\/wp-json\/wp\/v2\/types\/post"}],"author":[{"embeddable":true,"href":"https:\/\/www.anovapeneira.gal\/index.php\/wp-json\/wp\/v2\/users\/3"}],"replies":[{"embeddable":true,"href":"https:\/\/www.anovapeneira.gal\/index.php\/wp-json\/wp\/v2\/comments?post=2304"}],"version-history":[{"count":1,"href":"https:\/\/www.anovapeneira.gal\/index.php\/wp-json\/wp\/v2\/posts\/2304\/revisions"}],"predecessor-version":[{"id":2305,"href":"https:\/\/www.anovapeneira.gal\/index.php\/wp-json\/wp\/v2\/posts\/2304\/revisions\/2305"}],"wp:featuredmedia":[{"embeddable":true,"href":"https:\/\/www.anovapeneira.gal\/index.php\/wp-json\/wp\/v2\/media\/1775"}],"wp:attachment":[{"href":"https:\/\/www.anovapeneira.gal\/index.php\/wp-json\/wp\/v2\/media?parent=2304"}],"wp:term":[{"taxonomy":"category","embeddable":true,"href":"https:\/\/www.anovapeneira.gal\/index.php\/wp-json\/wp\/v2\/categories?post=2304"},{"taxonomy":"post_tag","embeddable":true,"href":"https:\/\/www.anovapeneira.gal\/index.php\/wp-json\/wp\/v2\/tags?post=2304"}],"curies":[{"name":"wp","href":"https:\/\/api.w.org\/{rel}","templated":true}]}}