{"id":2306,"date":"2020-01-22T10:00:23","date_gmt":"2020-01-22T09:00:23","guid":{"rendered":"http:\/\/www.anovapeneira.gal\/?p=2306"},"modified":"2020-01-26T08:28:27","modified_gmt":"2020-01-26T07:28:27","slug":"abrese-o-prazo-de-inscripcion-para-o-xiii-concurso-de-maquetas-millo-verde","status":"publish","type":"post","link":"https:\/\/www.anovapeneira.gal\/index.php\/2020\/01\/22\/abrese-o-prazo-de-inscripcion-para-o-xiii-concurso-de-maquetas-millo-verde\/","title":{"rendered":"\u00c1brese o prazo de inscripci\u00f3n para o XIII concurso de maquetas Millo Verde"},"content":{"rendered":"\n<ul class=\"wp-block-list\"><li><strong>Os\n\ttraballos poderanse presentar entre o 20 de Xaneiro e o 1 de Marzo.<\/strong>\n\t<\/li><li><strong>Os\n\tartistas seleccionados competir\u00e1n por 500 Euros e un posto no\n\tFestival Millo Verde na final, o 4 de abril na \u201cFeira do gando\u201d.<\/strong>\n\t<\/li><li><strong>A\n\torganizaci\u00f3n prev\u00e9 novidades para a final aproveitando as novas\n\tinstalaci\u00f3ns do skate park e a pista de baloncesto.<\/strong>\n<\/li><\/ul>\n\n\n\n<p>Co tradicional obxectivo de dar sa\u00edda a novas formulaci\u00f3ns e promover os talentos m\u00e1is frescos do panorama musical, a Asociacion Cultural Millo Verde de Redondela abre o luns 20 de Xaneiro o prazo de inscrici\u00f3n para o seu d\u00e9cimo terceiro concurso de maquetas. A fecha l\u00edmite para a presentaci\u00f3n dos traballos ser\u00e1 o 1 de Marzo e poderanse inscribir todos aqueles artistas de calquera estilo que non te\u00f1an disco editado por un contracto discogr\u00e1fico. As bases completas p\u00f3dense consultar na web <a href=\"http:\/\/www.milloverde.org\/\">www.milloverde.org<\/a> ou nas redes sociais do Festival Millo Verde.<\/p>\n\n\n\n<figure class=\"wp-block-image size-large\"><img loading=\"lazy\" decoding=\"async\" width=\"720\" height=\"1018\" src=\"http:\/\/www.anovapeneira.gal\/wp-content\/uploads\/2020\/01\/cartel_millo_verde_a_nova_peneira.jpg\" alt=\"Millo Verde A Nova Peneira Concello de Redondela\" class=\"wp-image-2307\" srcset=\"https:\/\/www.anovapeneira.gal\/wp-content\/uploads\/2020\/01\/cartel_millo_verde_a_nova_peneira.jpg 720w, https:\/\/www.anovapeneira.gal\/wp-content\/uploads\/2020\/01\/cartel_millo_verde_a_nova_peneira-212x300.jpg 212w\" sizes=\"auto, (max-width: 720px) 100vw, 720px\" \/><\/figure>\n\n\n\n<p>Os\nmembros da asociaci\u00f3n escolleran un m\u00ednimo de dous finalistas que\nacompa\u00f1ar\u00e1n a outros artistas invitados e diferentes actividades na\nfinal, que se celebrar\u00e1 o 4 de abril, como ven sendo costume, no\nrecinto da Feira do gando, onde pelexar\u00e1n para ga\u00f1arse as votaci\u00f3ns\ndo p\u00fablico e as\u00ed levarse o primeiro premio de 500 euros e o dereito\na actuar no escenario principal do XIV Festival Alternativo Millo\nVerde en Xu\u00f1o deste ano.<\/p>\n\n\n\n<p>A\norganizaci\u00f3n augura novos entretementos para esta edici\u00f3n ante a\nposibilidade de utilizar tam\u00e9n as cercanas instalaci\u00f3ns do skate\npark e a pista de baloncesto.<\/p>\n","protected":false},"excerpt":{"rendered":"<div class=\"mh-excerpt\"><p>Os traballos poderanse presentar entre o 20 de Xaneiro e o 1 de Marzo. Os artistas seleccionados competir\u00e1n por 500 Euros e un posto no Festival Millo Verde na final <a class=\"mh-excerpt-more\" href=\"https:\/\/www.anovapeneira.gal\/index.php\/2020\/01\/22\/abrese-o-prazo-de-inscripcion-para-o-xiii-concurso-de-maquetas-millo-verde\/\" title=\"\u00c1brese o prazo de inscripci\u00f3n para o XIII concurso de maquetas Millo Verde\">[&#8230;]<\/a><\/p>\n<\/div>","protected":false},"author":3,"featured_media":2308,"comment_status":"open","ping_status":"open","sticky":false,"template":"","format":"standard","meta":{"_exactmetrics_skip_tracking":false,"_exactmetrics_sitenote_active":false,"_exactmetrics_sitenote_note":"","_exactmetrics_sitenote_category":0,"footnotes":""},"categories":[24],"tags":[171],"class_list":{"0":"post-2306","1":"post","2":"type-post","3":"status-publish","4":"format-standard","5":"has-post-thumbnail","7":"category-redondela","8":"tag-concello-de-redondela"},"yoast_head":"<!-- This site is optimized with the Yoast SEO plugin v27.4 - https:\/\/yoast.com\/product\/yoast-seo-wordpress\/ -->\n<title>\u00c1brese o prazo de inscripci\u00f3n para o XIII concurso de maquetas Millo Verde -<\/title>\n<meta name=\"robots\" content=\"index, follow, max-snippet:-1, max-image-preview:large, max-video-preview:-1\" \/>\n<link rel=\"canonical\" href=\"https:\/\/www.anovapeneira.gal\/index.php\/2020\/01\/22\/abrese-o-prazo-de-inscripcion-para-o-xiii-concurso-de-maquetas-millo-verde\/\" \/>\n<meta property=\"og:locale\" content=\"gl_ES\" \/>\n<meta property=\"og:type\" content=\"article\" \/>\n<meta property=\"og:title\" content=\"\u00c1brese o prazo de inscripci\u00f3n para o XIII concurso de maquetas Millo Verde -\" \/>\n<meta property=\"og:description\" content=\"Os traballos poderanse presentar entre o 20 de Xaneiro e o 1 de Marzo. Os artistas seleccionados competir\u00e1n por 500 Euros e un posto no Festival Millo Verde na final [...]\" \/>\n<meta property=\"og:url\" content=\"https:\/\/www.anovapeneira.gal\/index.php\/2020\/01\/22\/abrese-o-prazo-de-inscripcion-para-o-xiii-concurso-de-maquetas-millo-verde\/\" \/>\n<meta property=\"article:publisher\" content=\"https:\/\/www.facebook.com\/anovapeneira\" \/>\n<meta property=\"article:published_time\" content=\"2020-01-22T09:00:23+00:00\" \/>\n<meta property=\"article:modified_time\" content=\"2020-01-26T07:28:27+00:00\" \/>\n<meta property=\"og:image\" content=\"https:\/\/www.anovapeneira.gal\/wp-content\/uploads\/2020\/01\/millo_verde_a_nova_peneira.jpg\" \/>\n\t<meta property=\"og:image:width\" content=\"720\" \/>\n\t<meta property=\"og:image:height\" content=\"432\" \/>\n\t<meta property=\"og:image:type\" content=\"image\/jpeg\" \/>\n<meta name=\"author\" content=\"Redacci\u00f3n A Nova Peneira\" \/>\n<meta name=\"twitter:card\" content=\"summary_large_image\" \/>\n<meta name=\"twitter:creator\" content=\"@APeneira\" \/>\n<meta name=\"twitter:site\" content=\"@APeneira\" \/>\n<meta name=\"twitter:label1\" content=\"Escrito por\" \/>\n\t<meta name=\"twitter:data1\" content=\"Redacci\u00f3n A Nova Peneira\" \/>\n\t<meta name=\"twitter:label2\" content=\"Tempo de lectura\" \/>\n\t<meta name=\"twitter:data2\" content=\"1 minuto\" \/>\n<script type=\"application\/ld+json\" class=\"yoast-schema-graph\">{\"@context\":\"https:\\\/\\\/schema.org\",\"@graph\":[{\"@type\":\"Article\",\"@id\":\"https:\\\/\\\/www.anovapeneira.gal\\\/index.php\\\/2020\\\/01\\\/22\\\/abrese-o-prazo-de-inscripcion-para-o-xiii-concurso-de-maquetas-millo-verde\\\/#article\",\"isPartOf\":{\"@id\":\"https:\\\/\\\/www.anovapeneira.gal\\\/index.php\\\/2020\\\/01\\\/22\\\/abrese-o-prazo-de-inscripcion-para-o-xiii-concurso-de-maquetas-millo-verde\\\/\"},\"author\":{\"name\":\"Redacci\u00f3n A Nova Peneira\",\"@id\":\"https:\\\/\\\/www.anovapeneira.gal\\\/#\\\/schema\\\/person\\\/b93e3f8932e3f8da96334607eb6ac6aa\"},\"headline\":\"\u00c1brese o prazo de inscripci\u00f3n para o XIII concurso de maquetas Millo Verde\",\"datePublished\":\"2020-01-22T09:00:23+00:00\",\"dateModified\":\"2020-01-26T07:28:27+00:00\",\"mainEntityOfPage\":{\"@id\":\"https:\\\/\\\/www.anovapeneira.gal\\\/index.php\\\/2020\\\/01\\\/22\\\/abrese-o-prazo-de-inscripcion-para-o-xiii-concurso-de-maquetas-millo-verde\\\/\"},\"wordCount\":279,\"commentCount\":0,\"publisher\":{\"@id\":\"https:\\\/\\\/www.anovapeneira.gal\\\/#organization\"},\"image\":{\"@id\":\"https:\\\/\\\/www.anovapeneira.gal\\\/index.php\\\/2020\\\/01\\\/22\\\/abrese-o-prazo-de-inscripcion-para-o-xiii-concurso-de-maquetas-millo-verde\\\/#primaryimage\"},\"thumbnailUrl\":\"https:\\\/\\\/www.anovapeneira.gal\\\/wp-content\\\/uploads\\\/2020\\\/01\\\/millo_verde_a_nova_peneira.jpg\",\"keywords\":[\"Concello de Redondela\"],\"articleSection\":[\"Redondela\"],\"inLanguage\":\"gl-ES\",\"potentialAction\":[{\"@type\":\"CommentAction\",\"name\":\"Comment\",\"target\":[\"https:\\\/\\\/www.anovapeneira.gal\\\/index.php\\\/2020\\\/01\\\/22\\\/abrese-o-prazo-de-inscripcion-para-o-xiii-concurso-de-maquetas-millo-verde\\\/#respond\"]}]},{\"@type\":\"WebPage\",\"@id\":\"https:\\\/\\\/www.anovapeneira.gal\\\/index.php\\\/2020\\\/01\\\/22\\\/abrese-o-prazo-de-inscripcion-para-o-xiii-concurso-de-maquetas-millo-verde\\\/\",\"url\":\"https:\\\/\\\/www.anovapeneira.gal\\\/index.php\\\/2020\\\/01\\\/22\\\/abrese-o-prazo-de-inscripcion-para-o-xiii-concurso-de-maquetas-millo-verde\\\/\",\"name\":\"\u00c1brese o prazo de inscripci\u00f3n para o XIII concurso de maquetas Millo Verde -\",\"isPartOf\":{\"@id\":\"https:\\\/\\\/www.anovapeneira.gal\\\/#website\"},\"primaryImageOfPage\":{\"@id\":\"https:\\\/\\\/www.anovapeneira.gal\\\/index.php\\\/2020\\\/01\\\/22\\\/abrese-o-prazo-de-inscripcion-para-o-xiii-concurso-de-maquetas-millo-verde\\\/#primaryimage\"},\"image\":{\"@id\":\"https:\\\/\\\/www.anovapeneira.gal\\\/index.php\\\/2020\\\/01\\\/22\\\/abrese-o-prazo-de-inscripcion-para-o-xiii-concurso-de-maquetas-millo-verde\\\/#primaryimage\"},\"thumbnailUrl\":\"https:\\\/\\\/www.anovapeneira.gal\\\/wp-content\\\/uploads\\\/2020\\\/01\\\/millo_verde_a_nova_peneira.jpg\",\"datePublished\":\"2020-01-22T09:00:23+00:00\",\"dateModified\":\"2020-01-26T07:28:27+00:00\",\"breadcrumb\":{\"@id\":\"https:\\\/\\\/www.anovapeneira.gal\\\/index.php\\\/2020\\\/01\\\/22\\\/abrese-o-prazo-de-inscripcion-para-o-xiii-concurso-de-maquetas-millo-verde\\\/#breadcrumb\"},\"inLanguage\":\"gl-ES\",\"potentialAction\":[{\"@type\":\"ReadAction\",\"target\":[\"https:\\\/\\\/www.anovapeneira.gal\\\/index.php\\\/2020\\\/01\\\/22\\\/abrese-o-prazo-de-inscripcion-para-o-xiii-concurso-de-maquetas-millo-verde\\\/\"]}]},{\"@type\":\"ImageObject\",\"inLanguage\":\"gl-ES\",\"@id\":\"https:\\\/\\\/www.anovapeneira.gal\\\/index.php\\\/2020\\\/01\\\/22\\\/abrese-o-prazo-de-inscripcion-para-o-xiii-concurso-de-maquetas-millo-verde\\\/#primaryimage\",\"url\":\"https:\\\/\\\/www.anovapeneira.gal\\\/wp-content\\\/uploads\\\/2020\\\/01\\\/millo_verde_a_nova_peneira.jpg\",\"contentUrl\":\"https:\\\/\\\/www.anovapeneira.gal\\\/wp-content\\\/uploads\\\/2020\\\/01\\\/millo_verde_a_nova_peneira.jpg\",\"width\":720,\"height\":432,\"caption\":\"Millo Verde A Nova Peneira Concello de Redondela\"},{\"@type\":\"BreadcrumbList\",\"@id\":\"https:\\\/\\\/www.anovapeneira.gal\\\/index.php\\\/2020\\\/01\\\/22\\\/abrese-o-prazo-de-inscripcion-para-o-xiii-concurso-de-maquetas-millo-verde\\\/#breadcrumb\",\"itemListElement\":[{\"@type\":\"ListItem\",\"position\":1,\"name\":\"Portada\",\"item\":\"https:\\\/\\\/www.anovapeneira.gal\\\/\"},{\"@type\":\"ListItem\",\"position\":2,\"name\":\"\u00c1brese o prazo de inscripci\u00f3n para o XIII concurso de maquetas Millo Verde\"}]},{\"@type\":\"WebSite\",\"@id\":\"https:\\\/\\\/www.anovapeneira.gal\\\/#website\",\"url\":\"https:\\\/\\\/www.anovapeneira.gal\\\/\",\"name\":\"\",\"description\":\"Xornal galego de informaci\u00f3n xeral Publicaci\u00f3n mensual de novas de Galicia e en especial dos Concellos da sur da provincia de Pontevedra.\",\"publisher\":{\"@id\":\"https:\\\/\\\/www.anovapeneira.gal\\\/#organization\"},\"potentialAction\":[{\"@type\":\"SearchAction\",\"target\":{\"@type\":\"EntryPoint\",\"urlTemplate\":\"https:\\\/\\\/www.anovapeneira.gal\\\/?s={search_term_string}\"},\"query-input\":{\"@type\":\"PropertyValueSpecification\",\"valueRequired\":true,\"valueName\":\"search_term_string\"}}],\"inLanguage\":\"gl-ES\"},{\"@type\":\"Organization\",\"@id\":\"https:\\\/\\\/www.anovapeneira.gal\\\/#organization\",\"name\":\"A Nova Peneira\",\"url\":\"https:\\\/\\\/www.anovapeneira.gal\\\/\",\"logo\":{\"@type\":\"ImageObject\",\"inLanguage\":\"gl-ES\",\"@id\":\"https:\\\/\\\/www.anovapeneira.gal\\\/#\\\/schema\\\/logo\\\/image\\\/\",\"url\":\"http:\\\/\\\/www.anovapeneira.gal\\\/wp-content\\\/uploads\\\/2019\\\/06\\\/logo_a_nova_peneira_portal_web.png\",\"contentUrl\":\"http:\\\/\\\/www.anovapeneira.gal\\\/wp-content\\\/uploads\\\/2019\\\/06\\\/logo_a_nova_peneira_portal_web.png\",\"width\":300,\"height\":100,\"caption\":\"A Nova Peneira\"},\"image\":{\"@id\":\"https:\\\/\\\/www.anovapeneira.gal\\\/#\\\/schema\\\/logo\\\/image\\\/\"},\"sameAs\":[\"https:\\\/\\\/www.facebook.com\\\/anovapeneira\",\"https:\\\/\\\/x.com\\\/APeneira\"]},{\"@type\":\"Person\",\"@id\":\"https:\\\/\\\/www.anovapeneira.gal\\\/#\\\/schema\\\/person\\\/b93e3f8932e3f8da96334607eb6ac6aa\",\"name\":\"Redacci\u00f3n A Nova Peneira\",\"image\":{\"@type\":\"ImageObject\",\"inLanguage\":\"gl-ES\",\"@id\":\"https:\\\/\\\/secure.gravatar.com\\\/avatar\\\/c052a2551a06e23fac63626232eaa90abd78dbcf1700fc46a2b2c89fd27b735f?s=96&d=mm&r=g\",\"url\":\"https:\\\/\\\/secure.gravatar.com\\\/avatar\\\/c052a2551a06e23fac63626232eaa90abd78dbcf1700fc46a2b2c89fd27b735f?s=96&d=mm&r=g\",\"contentUrl\":\"https:\\\/\\\/secure.gravatar.com\\\/avatar\\\/c052a2551a06e23fac63626232eaa90abd78dbcf1700fc46a2b2c89fd27b735f?s=96&d=mm&r=g\",\"caption\":\"Redacci\u00f3n A Nova Peneira\"},\"sameAs\":[\"http:\\\/\\\/www.anovapeneira.gal\\\/\"],\"url\":\"https:\\\/\\\/www.anovapeneira.gal\\\/index.php\\\/author\\\/redactor\\\/\"}]}<\/script>\n<!-- \/ Yoast SEO plugin. -->","yoast_head_json":{"title":"\u00c1brese o prazo de inscripci\u00f3n para o XIII concurso de maquetas Millo Verde -","robots":{"index":"index","follow":"follow","max-snippet":"max-snippet:-1","max-image-preview":"max-image-preview:large","max-video-preview":"max-video-preview:-1"},"canonical":"https:\/\/www.anovapeneira.gal\/index.php\/2020\/01\/22\/abrese-o-prazo-de-inscripcion-para-o-xiii-concurso-de-maquetas-millo-verde\/","og_locale":"gl_ES","og_type":"article","og_title":"\u00c1brese o prazo de inscripci\u00f3n para o XIII concurso de maquetas Millo Verde -","og_description":"Os traballos poderanse presentar entre o 20 de Xaneiro e o 1 de Marzo. Os artistas seleccionados competir\u00e1n por 500 Euros e un posto no Festival Millo Verde na final [...]","og_url":"https:\/\/www.anovapeneira.gal\/index.php\/2020\/01\/22\/abrese-o-prazo-de-inscripcion-para-o-xiii-concurso-de-maquetas-millo-verde\/","article_publisher":"https:\/\/www.facebook.com\/anovapeneira","article_published_time":"2020-01-22T09:00:23+00:00","article_modified_time":"2020-01-26T07:28:27+00:00","og_image":[{"width":720,"height":432,"url":"https:\/\/www.anovapeneira.gal\/wp-content\/uploads\/2020\/01\/millo_verde_a_nova_peneira.jpg","type":"image\/jpeg"}],"author":"Redacci\u00f3n A Nova Peneira","twitter_card":"summary_large_image","twitter_creator":"@APeneira","twitter_site":"@APeneira","twitter_misc":{"Escrito por":"Redacci\u00f3n A Nova Peneira","Tempo de lectura":"1 minuto"},"schema":{"@context":"https:\/\/schema.org","@graph":[{"@type":"Article","@id":"https:\/\/www.anovapeneira.gal\/index.php\/2020\/01\/22\/abrese-o-prazo-de-inscripcion-para-o-xiii-concurso-de-maquetas-millo-verde\/#article","isPartOf":{"@id":"https:\/\/www.anovapeneira.gal\/index.php\/2020\/01\/22\/abrese-o-prazo-de-inscripcion-para-o-xiii-concurso-de-maquetas-millo-verde\/"},"author":{"name":"Redacci\u00f3n A Nova Peneira","@id":"https:\/\/www.anovapeneira.gal\/#\/schema\/person\/b93e3f8932e3f8da96334607eb6ac6aa"},"headline":"\u00c1brese o prazo de inscripci\u00f3n para o XIII concurso de maquetas Millo Verde","datePublished":"2020-01-22T09:00:23+00:00","dateModified":"2020-01-26T07:28:27+00:00","mainEntityOfPage":{"@id":"https:\/\/www.anovapeneira.gal\/index.php\/2020\/01\/22\/abrese-o-prazo-de-inscripcion-para-o-xiii-concurso-de-maquetas-millo-verde\/"},"wordCount":279,"commentCount":0,"publisher":{"@id":"https:\/\/www.anovapeneira.gal\/#organization"},"image":{"@id":"https:\/\/www.anovapeneira.gal\/index.php\/2020\/01\/22\/abrese-o-prazo-de-inscripcion-para-o-xiii-concurso-de-maquetas-millo-verde\/#primaryimage"},"thumbnailUrl":"https:\/\/www.anovapeneira.gal\/wp-content\/uploads\/2020\/01\/millo_verde_a_nova_peneira.jpg","keywords":["Concello de Redondela"],"articleSection":["Redondela"],"inLanguage":"gl-ES","potentialAction":[{"@type":"CommentAction","name":"Comment","target":["https:\/\/www.anovapeneira.gal\/index.php\/2020\/01\/22\/abrese-o-prazo-de-inscripcion-para-o-xiii-concurso-de-maquetas-millo-verde\/#respond"]}]},{"@type":"WebPage","@id":"https:\/\/www.anovapeneira.gal\/index.php\/2020\/01\/22\/abrese-o-prazo-de-inscripcion-para-o-xiii-concurso-de-maquetas-millo-verde\/","url":"https:\/\/www.anovapeneira.gal\/index.php\/2020\/01\/22\/abrese-o-prazo-de-inscripcion-para-o-xiii-concurso-de-maquetas-millo-verde\/","name":"\u00c1brese o prazo de inscripci\u00f3n para o XIII concurso de maquetas Millo Verde -","isPartOf":{"@id":"https:\/\/www.anovapeneira.gal\/#website"},"primaryImageOfPage":{"@id":"https:\/\/www.anovapeneira.gal\/index.php\/2020\/01\/22\/abrese-o-prazo-de-inscripcion-para-o-xiii-concurso-de-maquetas-millo-verde\/#primaryimage"},"image":{"@id":"https:\/\/www.anovapeneira.gal\/index.php\/2020\/01\/22\/abrese-o-prazo-de-inscripcion-para-o-xiii-concurso-de-maquetas-millo-verde\/#primaryimage"},"thumbnailUrl":"https:\/\/www.anovapeneira.gal\/wp-content\/uploads\/2020\/01\/millo_verde_a_nova_peneira.jpg","datePublished":"2020-01-22T09:00:23+00:00","dateModified":"2020-01-26T07:28:27+00:00","breadcrumb":{"@id":"https:\/\/www.anovapeneira.gal\/index.php\/2020\/01\/22\/abrese-o-prazo-de-inscripcion-para-o-xiii-concurso-de-maquetas-millo-verde\/#breadcrumb"},"inLanguage":"gl-ES","potentialAction":[{"@type":"ReadAction","target":["https:\/\/www.anovapeneira.gal\/index.php\/2020\/01\/22\/abrese-o-prazo-de-inscripcion-para-o-xiii-concurso-de-maquetas-millo-verde\/"]}]},{"@type":"ImageObject","inLanguage":"gl-ES","@id":"https:\/\/www.anovapeneira.gal\/index.php\/2020\/01\/22\/abrese-o-prazo-de-inscripcion-para-o-xiii-concurso-de-maquetas-millo-verde\/#primaryimage","url":"https:\/\/www.anovapeneira.gal\/wp-content\/uploads\/2020\/01\/millo_verde_a_nova_peneira.jpg","contentUrl":"https:\/\/www.anovapeneira.gal\/wp-content\/uploads\/2020\/01\/millo_verde_a_nova_peneira.jpg","width":720,"height":432,"caption":"Millo Verde A Nova Peneira Concello de Redondela"},{"@type":"BreadcrumbList","@id":"https:\/\/www.anovapeneira.gal\/index.php\/2020\/01\/22\/abrese-o-prazo-de-inscripcion-para-o-xiii-concurso-de-maquetas-millo-verde\/#breadcrumb","itemListElement":[{"@type":"ListItem","position":1,"name":"Portada","item":"https:\/\/www.anovapeneira.gal\/"},{"@type":"ListItem","position":2,"name":"\u00c1brese o prazo de inscripci\u00f3n para o XIII concurso de maquetas Millo Verde"}]},{"@type":"WebSite","@id":"https:\/\/www.anovapeneira.gal\/#website","url":"https:\/\/www.anovapeneira.gal\/","name":"","description":"Xornal galego de informaci\u00f3n xeral Publicaci\u00f3n mensual de novas de Galicia e en especial dos Concellos da sur da provincia de Pontevedra.","publisher":{"@id":"https:\/\/www.anovapeneira.gal\/#organization"},"potentialAction":[{"@type":"SearchAction","target":{"@type":"EntryPoint","urlTemplate":"https:\/\/www.anovapeneira.gal\/?s={search_term_string}"},"query-input":{"@type":"PropertyValueSpecification","valueRequired":true,"valueName":"search_term_string"}}],"inLanguage":"gl-ES"},{"@type":"Organization","@id":"https:\/\/www.anovapeneira.gal\/#organization","name":"A Nova Peneira","url":"https:\/\/www.anovapeneira.gal\/","logo":{"@type":"ImageObject","inLanguage":"gl-ES","@id":"https:\/\/www.anovapeneira.gal\/#\/schema\/logo\/image\/","url":"http:\/\/www.anovapeneira.gal\/wp-content\/uploads\/2019\/06\/logo_a_nova_peneira_portal_web.png","contentUrl":"http:\/\/www.anovapeneira.gal\/wp-content\/uploads\/2019\/06\/logo_a_nova_peneira_portal_web.png","width":300,"height":100,"caption":"A Nova Peneira"},"image":{"@id":"https:\/\/www.anovapeneira.gal\/#\/schema\/logo\/image\/"},"sameAs":["https:\/\/www.facebook.com\/anovapeneira","https:\/\/x.com\/APeneira"]},{"@type":"Person","@id":"https:\/\/www.anovapeneira.gal\/#\/schema\/person\/b93e3f8932e3f8da96334607eb6ac6aa","name":"Redacci\u00f3n A Nova Peneira","image":{"@type":"ImageObject","inLanguage":"gl-ES","@id":"https:\/\/secure.gravatar.com\/avatar\/c052a2551a06e23fac63626232eaa90abd78dbcf1700fc46a2b2c89fd27b735f?s=96&d=mm&r=g","url":"https:\/\/secure.gravatar.com\/avatar\/c052a2551a06e23fac63626232eaa90abd78dbcf1700fc46a2b2c89fd27b735f?s=96&d=mm&r=g","contentUrl":"https:\/\/secure.gravatar.com\/avatar\/c052a2551a06e23fac63626232eaa90abd78dbcf1700fc46a2b2c89fd27b735f?s=96&d=mm&r=g","caption":"Redacci\u00f3n A Nova Peneira"},"sameAs":["http:\/\/www.anovapeneira.gal\/"],"url":"https:\/\/www.anovapeneira.gal\/index.php\/author\/redactor\/"}]}},"jetpack_featured_media_url":"https:\/\/www.anovapeneira.gal\/wp-content\/uploads\/2020\/01\/millo_verde_a_nova_peneira.jpg","_links":{"self":[{"href":"https:\/\/www.anovapeneira.gal\/index.php\/wp-json\/wp\/v2\/posts\/2306","targetHints":{"allow":["GET"]}}],"collection":[{"href":"https:\/\/www.anovapeneira.gal\/index.php\/wp-json\/wp\/v2\/posts"}],"about":[{"href":"https:\/\/www.anovapeneira.gal\/index.php\/wp-json\/wp\/v2\/types\/post"}],"author":[{"embeddable":true,"href":"https:\/\/www.anovapeneira.gal\/index.php\/wp-json\/wp\/v2\/users\/3"}],"replies":[{"embeddable":true,"href":"https:\/\/www.anovapeneira.gal\/index.php\/wp-json\/wp\/v2\/comments?post=2306"}],"version-history":[{"count":1,"href":"https:\/\/www.anovapeneira.gal\/index.php\/wp-json\/wp\/v2\/posts\/2306\/revisions"}],"predecessor-version":[{"id":2309,"href":"https:\/\/www.anovapeneira.gal\/index.php\/wp-json\/wp\/v2\/posts\/2306\/revisions\/2309"}],"wp:featuredmedia":[{"embeddable":true,"href":"https:\/\/www.anovapeneira.gal\/index.php\/wp-json\/wp\/v2\/media\/2308"}],"wp:attachment":[{"href":"https:\/\/www.anovapeneira.gal\/index.php\/wp-json\/wp\/v2\/media?parent=2306"}],"wp:term":[{"taxonomy":"category","embeddable":true,"href":"https:\/\/www.anovapeneira.gal\/index.php\/wp-json\/wp\/v2\/categories?post=2306"},{"taxonomy":"post_tag","embeddable":true,"href":"https:\/\/www.anovapeneira.gal\/index.php\/wp-json\/wp\/v2\/tags?post=2306"}],"curies":[{"name":"wp","href":"https:\/\/api.w.org\/{rel}","templated":true}]}}