{"id":2310,"date":"2020-01-22T12:00:49","date_gmt":"2020-01-22T11:00:49","guid":{"rendered":"http:\/\/www.anovapeneira.gal\/?p=2310"},"modified":"2020-01-26T08:31:20","modified_gmt":"2020-01-26T07:31:20","slug":"xose-manuel-pazos-alcalde-de-cangas","status":"publish","type":"post","link":"https:\/\/www.anovapeneira.gal\/index.php\/2020\/01\/22\/xose-manuel-pazos-alcalde-de-cangas\/","title":{"rendered":"Xose Manuel Pazos Alcalde de Cangas"},"content":{"rendered":"\n<pre class=\"wp-block-verse\"><strong>Tino Lago<\/strong><\/pre>\n\n\n\n<h2 class=\"wp-block-heading\">\u201c<strong>NESTE MANDATO TEMOS\nQUE APROBAR O PXOM E CONSEGUIR QUE TODO O CONCELLO TE\u00d1A ACCESO AO\nABASTECEMENTO E O SANEAMENTO\u201d<\/strong><\/h2>\n\n\n\n<p><strong>Hai xa sete anos, os\ncami\u00f1os da vida propiciaron que a andaina da Peneira e a mi\u00f1a se\ncruzaran e acabaran convert\u00e9ndose nunha soa. Neste tempo puiden\ncoincidir co mellor e co peor da condici\u00f3n humana, enriquecerme\npersoalmente do co\u00f1ecemento de persoas de coraz\u00f3n nobre que dan o\nmellor de si mesmos en prol do ben com\u00fan, e sufrir en primeira\npersoa o cancro que ven padecendo Galicia desde a noite dos tempos: o\nNepotismo, que bipolariza \u00e1 sociedade en amigos, para os que hai\ntodo, e inimigos para os que s\u00f3 hai desprezo. Xestionar un humilde\nmedio de comunicaci\u00f3n  totalmente afastado dos circu\u00edtos do poder \u00e9\nterriblemente dif\u00edcil e, cando a mi\u00f1a etapa aqu\u00ed chegue ao seu\nfinal, e te\u00f1a que deixar paso \u00e1 xeraci\u00f3n posterior, te\u00f1o a\ncerteza de que estarei aliviado de poder descansar de ter que\nbatallar contra xigantes, un d\u00eda si e outro tam\u00e9n, pero non me cabe\nd\u00fabida de que botarei de menos unha enormidade o pracer inmenso,\ncomo o m\u00e1is inmenso dos oc\u00e9anos, que sup\u00f3n para min conversar con\npersoas boas, xenerosas, intelixentes, amables e tolerantes como Xos\u00e9\nManuel Pazos. Vela\u00ed vai o que deu de si a nosa conversa<\/strong><\/p>\n\n\n\n<p><strong>Comecemos falando de\nemoci\u00f3ns en positivo. Creo que non me equivoco se afirmo que debes\nde estar moi orgulloso porque unha compa\u00f1eira militante de Esquerda\nUnida, falo de Yolanda D\u00edaz, sexa ministra no goberno do estado.\nCales son os teus sentimentos ao respecto?, e cales as t\u00faas\nexpectativas sobre o seu traballo?<\/strong><\/p>\n\n\n\n<blockquote class=\"wp-block-quote is-layout-flow wp-block-quote-is-layout-flow\"><p>Estou enormemente orgulloso efectivamente, non s\u00f3 porque Yolanda sexa unha significada militante de Esquerda Unida, sen\u00f3n porque \u00e9 tam\u00e9n a mi\u00f1a amiga. Eu son moi amigo do seu pai Suso, e Yolanda, cando era nena, estivo moitas veces no meu colo, e confeso que \u00e9 unha moza \u00e1 que lle te\u00f1o moito cari\u00f1o. Como a co\u00f1ezo ben, sei que se ten \u00e1 oportunidade vai facer un gran traballo<\/p><\/blockquote>\n\n\n\n<p><strong>Iso que dis de \u201c se\nten a oportunidade\u201d \u00e9 ao meu xu\u00edzo a chave. Ti cres que o que se\ndenomina en forma de eufemismo, os mercados, que en realidade son as\noligarqu\u00edas financeiras, deixan marxe ao poder pol\u00edtico, malia que\nsexa pequena, para poder facer pol\u00edticas que poidan chocar contra os\nseus intereses? <\/strong>\n<\/p>\n\n\n\n<blockquote class=\"wp-block-quote is-layout-flow wp-block-quote-is-layout-flow\"><p>\u00c9 que se non existise esa marxe teriamos que marchar todos para a casa. Eu quero pensar que si. Seguramente non poida facer todo o que ela quere, pero conf\u00edo en que unha parte importante, si.<\/p><\/blockquote>\n\n\n\n<p><strong>Eu a verdade son un\ntanto esc\u00e9ptico de que exista esa marxe, pero nunha conversa cun\nfil\u00f3sofo amigo meu, deume un argumento convincente:\u201d cando a\ndereita cavern\u00edcola tratou de impedir cunha virulencia case b\u00e9lica\na formaci\u00f3n deste goberno, \u00e9 que si lles poden facer dano de\nverdade\u201d<\/strong><\/p>\n\n\n\n<blockquote class=\"wp-block-quote is-layout-flow wp-block-quote-is-layout-flow\"><p>Eu Tino, coincido coa opini\u00f3n do teu amigo<\/p><\/blockquote>\n\n\n\n<p><strong>Como ves as inminentes\nelecci\u00f3ns auton\u00f3micas?<\/strong><\/p>\n\n\n\n<blockquote class=\"wp-block-quote is-layout-flow wp-block-quote-is-layout-flow\"><p>Eu creo que a posibilidade de formar un goberno alternativo en Galicia est\u00e1 m\u00e1is preto ca nunca. As barbaridades cometidas polo goberno Feijoo, a catastr\u00f3fica xesti\u00f3n que fai dos pilares b\u00e1sicos da sociedade do benestar, a sanidade e a educaci\u00f3n, propiciaron un clima de cansazo con este goberno e un desexo maioritario de cambio, porque este \u00e9 un goberno nocivo para Galicia. Agardo que a esquerda de este pa\u00eds saibamos estar \u00e1 altura. Eu, estou convencido de que haber\u00e1 un goberno tripartito alternativo a Feijoo.<\/p><\/blockquote>\n\n\n\n<p><strong>O estado calamitoso da\nsanidade galega, en Cangas sufr\u00eddelo especialmente, verdade?<\/strong><\/p>\n\n\n\n<blockquote class=\"wp-block-quote is-layout-flow wp-block-quote-is-layout-flow\"><p>Abof\u00e9 que si. Sufrimos tanto a falta de especialistas como a falta de infraestruturas. En Cangas temos un centro de sa\u00fade s\u00f3, hai anos puxemos un terreo a dispor da conseller\u00eda para constru\u00edr outro para O H\u00edo e Ald\u00e1n, e por desgraza o terreo est\u00e1 a monte. \u00c9 que ademais levamos durante anos esixindo un CAR( centro de alta resoluci\u00f3n) para atender as inmensas necesidades da comarca do Morrazo e non dan concretado nada<\/p><\/blockquote>\n\n\n\n<p><strong>Cangas ten 26.500\nhabitantes, e s\u00f3 ten un centro de sa\u00fade para atendelos?<\/strong><\/p>\n\n\n\n<blockquote class=\"wp-block-quote is-layout-flow wp-block-quote-is-layout-flow\"><p>Si, \u00e9 dous consultorios moi pequenos un en O Hio e outro en Ald\u00e1n, pero se hai que atender unha urxencia ou se pola tarde calquera veci\u00f1o de Darbo, Coiro H\u00edo ou Ald\u00e1n precisa axuda m\u00e9dica non lle queda outra que baixar a Cangas<\/p><\/blockquote>\n\n\n\n<p><strong>Seica lle ides mudar o\nnome ao Centro de Sa\u00fade?<\/strong><\/p>\n\n\n\n<blockquote class=\"wp-block-quote is-layout-flow wp-block-quote-is-layout-flow\"><p>\u00c9 unha proposta que parte de colectivos sociais que piden que lle po\u00f1amos o nome de Pepe Pereiro Franc\u00e9s, un home que morreu novo, con 64 anos, era de Porri\u00f1o estivo moitos anos en Cangas. Era un activista cultural sobresa\u00ednte, un pediatra marabilloso e sobre todo unha persoa inmensamente humana. Deixou unha profunda pegada en Cangas e eu acollo a proposta con todo o meu entusiasmo e todos os grupos pol\u00edticos tam\u00e9n<\/p><\/blockquote>\n\n\n\n<p><strong>En serio?, todos os\ngrupos pol\u00edticos?<\/strong><\/p>\n\n\n\n<blockquote class=\"wp-block-quote is-layout-flow wp-block-quote-is-layout-flow\"><p>O PP dixo que o \u00eda pensar, pero eu supo\u00f1o que acabar\u00e1n acept\u00e1ndoo<\/p><\/blockquote>\n\n\n\n<p><strong>A disposici\u00f3n\nsociol\u00f3xica do concello de Cangas sit\u00faao como un dos que est\u00e1 m\u00e1is\n\u00e1 esquerda de todo o pa\u00eds galego; 14 concelleir@s de esquerdas\nfronte a 7 de dereitas, por\u00e9n, no goberno s\u00f3 estades 8, 4 de ACE e\n4 do PSOE. Esa situaci\u00f3n aritm\u00e9tica tan \u00f3ptima , desde unha\nperspectiva do pensamento de esquerdas, estase aproveitando \u00e1 hora\nde plasmar medidas que poidan supor melloras para as maior\u00edas\nsociais?<\/strong><\/p>\n\n\n\n<blockquote class=\"wp-block-quote is-layout-flow wp-block-quote-is-layout-flow\"><p>Efectivamente, si. Hai moitas propostas que son apoiadas polos 14,pero a min qu\u00e9dame moita m\u00e1goa de que eses 14 non f\u00f3semos capaces de conformar un goberno a catro, que foi a mi\u00f1a aposta desde o principio. De calquera maneira p\u00f3dense facer moitas cousas, porque a maior\u00eda do Concello \u00e9 claramente de esquerdas, a m\u00e1is importante da historia de Cangas, pero costar\u00eda menos se todos os grupos estivesen dentro<\/p><\/blockquote>\n\n\n\n<p><strong>Como valoras a\ncolaboraci\u00f3n institucional do BNG e de Avante?<\/strong><\/p>\n\n\n\n<blockquote class=\"wp-block-quote is-layout-flow wp-block-quote-is-layout-flow\"><p>\u00c9 variable. Hai veces que parece que un est\u00e1 m\u00e1is cerca de n\u00f3s e hai ocasi\u00f3ns que son os outros<\/p><\/blockquote>\n\n\n\n<p><strong>Xa tes salario?<\/strong><\/p>\n\n\n\n<blockquote class=\"wp-block-quote is-layout-flow wp-block-quote-is-layout-flow\"><p>Si, pero estiven un mes sen el e non me aprobaron os salarios dos Concelleiros. F\u00edxate no mes de xu\u00f1o e xullo s\u00f3 estivemos traballando d\u00faas persoas; eu que tiven que recorrer ao salario da conseller\u00eda de educaci\u00f3n e Mariano Abalo que \u00e9 xubilado<\/p><\/blockquote>\n\n\n\n<p><strong>A dereita e a\nultradereita arranxan sempre, en calquera contexto sen excepci\u00f3n, o\nseu choio en 5 minutos, o partido popular non ten ning\u00fan problema en\nasumir calquera proposta da ultradereita por extremista que sexa ,e\nas forzas de esquerda sempre estades en disquisici\u00f3ns metaf\u00edsicas\ncainitas, non hai posibilidade de reconducir as relaci\u00f3ns en Cangas\ne meter a todos no goberno?<\/strong><\/p>\n\n\n\n<blockquote class=\"wp-block-quote is-layout-flow wp-block-quote-is-layout-flow\"><p>Efectivamente \u00e9 as\u00ed como dis. Eu creo que fixen todo o que puiden, de feito ao BNG ofrecinlle todo o que era tecnicamente posible e finalmente escud\u00e1ronse nunha petici\u00f3n de desculpas un tanto estra\u00f1a que, segundo eles, debera ter feito eu, e no caso de Avante eu creo que desde o principio estiveron no NON. Eu entendo que o seu obxectivo nestas elecci\u00f3ns era o sorpasso e ao telo conseguido xurdiu unha especie de resentimento que, ao meu xu\u00edzo, non deron superado<\/p><\/blockquote>\n\n\n\n<p><strong>Avante quere a\nreprobaci\u00f3n t\u00faa e de Mariano Abalo, como \u00e9 iso?<\/strong><\/p>\n\n\n\n<blockquote class=\"wp-block-quote is-layout-flow wp-block-quote-is-layout-flow\"><p>Isto nace dunha proposta do PP para legalizar n\u00facleos costeiros xa existentes, fallaron en contra e ti\u00f1amos que p\u00f3r unha reclamaci\u00f3n no tribunal superior, aprobouse pola pero finalmente non se puxo. Eu non me enterei de que non se puxera e agora ac\u00fasannos a min e a Mariano de que estivemos ocultando esa informaci\u00f3n<\/p><\/blockquote>\n\n\n\n<p><strong>E \u00e9 verdade,\nocultastes conscientemente esa circunstancia?<\/strong><\/p>\n\n\n\n<blockquote class=\"wp-block-quote is-layout-flow wp-block-quote-is-layout-flow\"><p>Non, desde logo que non.<\/p><\/blockquote>\n\n\n\n<p><strong>O PP qu\u00e9ixase de que\nobrigades a gastar cartos nun notario cando algu\u00e9n quere facer unha\nedificaci\u00f3n, mentres que antes abondaba cun mero tr\u00e1mite\nadministrativo, que tes que dicir ao respecto?<\/strong><\/p>\n\n\n\n<blockquote class=\"wp-block-quote is-layout-flow wp-block-quote-is-layout-flow\"><p>Eu sigo asinando ese tipo de tr\u00e1mites, e se \u00e9 legalmente posible facelos sen ir ao notario ret\u00edroo de contado, abof\u00e9 que si. Eu non te\u00f1o o menor interese en gravar con gastos innecesarios \u00e1 veci\u00f1anza do meu pobo, todo o contrario<\/p><\/blockquote>\n\n\n\n<p><strong>Os populares tam\u00e9n\nmanifestan o seu malestar por unha especie de retirada con\nnocturnidade e aleivos\u00eda que supostamente fixestes dalg\u00fan tipo de\nmaterial de formaci\u00f3n para cursos de fr\u00edo que seica levastes a\nBueu, como \u00e9 iso?<\/strong><\/p>\n\n\n\n<blockquote class=\"wp-block-quote is-layout-flow wp-block-quote-is-layout-flow\"><p>Iso \u00e9 delirante, al\u00ed hai un material de milleiros de euros, mesmo alg\u00fan empaquetado, que levaba m\u00e1is de 10 anos almacenado en Ojea. N\u00f3s estabamos utilizando outra nave para gardar  veh\u00edculos en uso. A esa nave afund\u00eduselle parte do tellado e era algo moi perigoso, polo tanto decidimos intercambiar o material, porque non \u00e9 o mesmo que caia unha tella nunha c\u00e1mara de fr\u00edo que leva 10 anos sen utilizarse que que caia por exemplo nunha varredora que utilizamos todos os d\u00edas. Non levamos nada para Bueu, foi unha empresa de Bueu a que levou a chatarra, o material inservible<\/p><\/blockquote>\n\n\n\n<p><strong>Como vai o tema do\nconflito coa empresa de augas?<\/strong><\/p>\n\n\n\n<blockquote class=\"wp-block-quote is-layout-flow wp-block-quote-is-layout-flow\"><p>Houbo alg\u00fan avance, pero \u00e9 un tema moi dif\u00edcil solucionar un problema que ven dado por un contrato asinado a 25 anos<\/p><\/blockquote>\n\n\n\n<p><strong>Remunicipalizar?<\/strong><\/p>\n\n\n\n<blockquote class=\"wp-block-quote is-layout-flow wp-block-quote-is-layout-flow\"><p>\u00c9 a nosa idea, pero como che dixen o contrato a 25 anos que asinou o PP, faino moi complicado, pero polo menos a empresa ten que aceptar os prezos que puxemos n\u00f3s, non as que aprobou o PP e realizar os investimentos aos que se comprometeu.<\/p><\/blockquote>\n\n\n\n<p><strong>E o imprescindible PXOM\npara cando?<\/strong><\/p>\n\n\n\n<blockquote class=\"wp-block-quote is-layout-flow wp-block-quote-is-layout-flow\"><p>Eu estou convencido de que ten que aprobarse nestes catro anos. Coa disposici\u00f3n aritm\u00e9tica que ten a corporaci\u00f3n municipal 7 persoas de dereitas fronte a 14 de esquerdas ten que aprobarse neste mandato si ou si. Agora mesmo estamos ultimando o borrador, hai que levalo aos colectivos veci\u00f1ais e eu son partidario de ir xa \u00e1 aprobaci\u00f3n inicial<\/p><\/blockquote>\n\n\n\n<p><strong>Cando \u00e9 \u201cxa\u201d?<\/strong><\/p>\n\n\n\n<blockquote class=\"wp-block-quote is-layout-flow wp-block-quote-is-layout-flow\"><p>Este ano  <\/p><\/blockquote>\n\n\n\n<p><strong>Xa para irmos\nrematando, neste o teu segundo mandato tes alg\u00fan proxecto que che\nfaga especial ilusi\u00f3n que nos poidas adiantar?<\/strong><\/p>\n\n\n\n<blockquote class=\"wp-block-quote is-layout-flow wp-block-quote-is-layout-flow\"><p>O noso proxecto m\u00e1is ambicioso \u00e9 que todo o Concello te\u00f1a acceso aos servizos b\u00e1sicos de abastecemento e saneamento. Aprobar o PXOM \u00e9 tam\u00e9n imprescindible para o noso pobo, e desde logo a atenci\u00f3n \u00e1s persoas m\u00e1is vulnerables, para un goberno de profunda sensibilidade social como o noso, \u00e9 tam\u00e9n un dos eixos da nosa acci\u00f3n pol\u00edtica. E logo tam\u00e9n temos a ilusi\u00f3n de converter toda a zona que rodea ao Concello nunha gran praza p\u00fablica peonil, al\u00e9n de desenvolver o proxecto de Masso. Non podemos permitir que Masso se siga a deteriorar e para iso hai que aprobar o PXOM claro.<\/p><\/blockquote>\n\n\n\n<p><strong>Por certo, falando do\nespazo que rodea ao Concello, expl\u00edcanos a finalidade do macro paso\nde pe\u00f3ns?<\/strong><\/p>\n\n\n\n<blockquote class=\"wp-block-quote is-layout-flow wp-block-quote-is-layout-flow\"><p>A s\u00faa filosof\u00eda \u00e9 unir o Concello, con moita m\u00e1is facilidade que un paso de pe\u00f3ns normal, coa praza da Palma<\/p><\/blockquote>\n\n\n\n<p><strong>Remato\nPazos, como sempre foi un pracer falar contigo e quixera acabar cunha\n\u00faltima cuesti\u00f3n: En Galicia existen catro espazos pol\u00edticos, pero\nen Cangas hai 5 porque o voso est\u00e1 segmentado en d\u00faas partes ACE e\nAVANTE, cando ides solucionar esa anomal\u00eda?<\/strong><\/p>\n\n\n\n<blockquote class=\"wp-block-quote is-layout-flow wp-block-quote-is-layout-flow\"><p>Non o sei Tino, a verdade \u00e9 que non podo responder a iso<\/p><\/blockquote>\n\n\n\n<p><strong>Pero ti queres\nsolucionalo?<\/strong><\/p>\n\n\n\n<blockquote class=\"wp-block-quote is-layout-flow wp-block-quote-is-layout-flow\"><p>Si, claro que quero, para min ser\u00eda unha satisfacci\u00f3n enorme que AVANTE entrase no goberno e moito maior a\u00ednda se present\u00e1semos unha candidatura conxunta pero eu non podo asumir unha forma de funcionamento apartidaria porque eu son militante dun partido pol\u00edtico e non podo desposu\u00edr aos meus compa\u00f1eiros e compa\u00f1eiras da s\u00faa capacidade de decisi\u00f3n. F\u00edxate o interese que podo ter no posto que xa che anticipo que eu non me vou volver presentar,. eu dixen dous mandatos e vouno cumprir<\/p><\/blockquote>\n\n\n\n<p><strong>Esa \u00e9 unha decisi\u00f3n\ndefinitiva?<\/strong><\/p>\n\n\n\n<blockquote class=\"wp-block-quote is-layout-flow wp-block-quote-is-layout-flow\"><p>Si<\/p><\/blockquote>\n\n\n\n<p><strong>Moitas grazas Pazos<\/strong><\/p>\n","protected":false},"excerpt":{"rendered":"<div class=\"mh-excerpt\"><p>NESTE MANDATO TEMOS QUE &#8220;APROBAR O PXOM E CONSEGUIR QUE TODO O CONCELLO TE\u00d1A ACCESO AO ABASTECEMENTO E O SANEAMENTO\u201d <a class=\"mh-excerpt-more\" href=\"https:\/\/www.anovapeneira.gal\/index.php\/2020\/01\/22\/xose-manuel-pazos-alcalde-de-cangas\/\" title=\"Xose Manuel Pazos Alcalde de Cangas\">[&#8230;]<\/a><\/p>\n<\/div>","protected":false},"author":3,"featured_media":2311,"comment_status":"open","ping_status":"open","sticky":false,"template":"","format":"standard","meta":{"_exactmetrics_skip_tracking":false,"_exactmetrics_sitenote_active":false,"_exactmetrics_sitenote_note":"","_exactmetrics_sitenote_category":0,"footnotes":""},"categories":[268],"tags":[681,12],"class_list":{"0":"post-2310","1":"post","2":"type-post","3":"status-publish","4":"format-standard","5":"has-post-thumbnail","7":"category-morrazo-entrevistas","8":"tag-concello-de-cangas-do-morrazo","9":"tag-politica"},"yoast_head":"<!-- This site is optimized with the Yoast SEO plugin v27.4 - https:\/\/yoast.com\/product\/yoast-seo-wordpress\/ -->\n<title>Xose Manuel Pazos Alcalde de Cangas -<\/title>\n<meta name=\"robots\" content=\"index, follow, max-snippet:-1, max-image-preview:large, max-video-preview:-1\" \/>\n<link rel=\"canonical\" href=\"https:\/\/www.anovapeneira.gal\/index.php\/2020\/01\/22\/xose-manuel-pazos-alcalde-de-cangas\/\" \/>\n<meta property=\"og:locale\" content=\"gl_ES\" \/>\n<meta property=\"og:type\" content=\"article\" \/>\n<meta property=\"og:title\" content=\"Xose Manuel Pazos Alcalde de Cangas -\" \/>\n<meta property=\"og:description\" content=\"NESTE MANDATO TEMOS QUE &quot;APROBAR O PXOM E CONSEGUIR QUE TODO O CONCELLO TE\u00d1A ACCESO AO ABASTECEMENTO E O SANEAMENTO\u201d [...]\" \/>\n<meta property=\"og:url\" content=\"https:\/\/www.anovapeneira.gal\/index.php\/2020\/01\/22\/xose-manuel-pazos-alcalde-de-cangas\/\" \/>\n<meta property=\"article:publisher\" content=\"https:\/\/www.facebook.com\/anovapeneira\" \/>\n<meta property=\"article:published_time\" content=\"2020-01-22T11:00:49+00:00\" \/>\n<meta property=\"article:modified_time\" content=\"2020-01-26T07:31:20+00:00\" \/>\n<meta property=\"og:image\" content=\"https:\/\/www.anovapeneira.gal\/wp-content\/uploads\/2020\/01\/manuel_pazos_alcalde_cangas_a_nova_peneira.jpg\" \/>\n\t<meta property=\"og:image:width\" content=\"720\" \/>\n\t<meta property=\"og:image:height\" content=\"432\" \/>\n\t<meta property=\"og:image:type\" content=\"image\/jpeg\" \/>\n<meta name=\"author\" content=\"Redacci\u00f3n A Nova Peneira\" \/>\n<meta name=\"twitter:card\" content=\"summary_large_image\" \/>\n<meta name=\"twitter:creator\" content=\"@APeneira\" \/>\n<meta name=\"twitter:site\" content=\"@APeneira\" \/>\n<meta name=\"twitter:label1\" content=\"Escrito por\" \/>\n\t<meta name=\"twitter:data1\" content=\"Redacci\u00f3n A Nova Peneira\" \/>\n\t<meta name=\"twitter:label2\" content=\"Tempo de lectura\" \/>\n\t<meta name=\"twitter:data2\" content=\"10 minutos\" \/>\n<script type=\"application\/ld+json\" class=\"yoast-schema-graph\">{\"@context\":\"https:\\\/\\\/schema.org\",\"@graph\":[{\"@type\":\"Article\",\"@id\":\"https:\\\/\\\/www.anovapeneira.gal\\\/index.php\\\/2020\\\/01\\\/22\\\/xose-manuel-pazos-alcalde-de-cangas\\\/#article\",\"isPartOf\":{\"@id\":\"https:\\\/\\\/www.anovapeneira.gal\\\/index.php\\\/2020\\\/01\\\/22\\\/xose-manuel-pazos-alcalde-de-cangas\\\/\"},\"author\":{\"name\":\"Redacci\u00f3n A Nova Peneira\",\"@id\":\"https:\\\/\\\/www.anovapeneira.gal\\\/#\\\/schema\\\/person\\\/b93e3f8932e3f8da96334607eb6ac6aa\"},\"headline\":\"Xose Manuel Pazos Alcalde de Cangas\",\"datePublished\":\"2020-01-22T11:00:49+00:00\",\"dateModified\":\"2020-01-26T07:31:20+00:00\",\"mainEntityOfPage\":{\"@id\":\"https:\\\/\\\/www.anovapeneira.gal\\\/index.php\\\/2020\\\/01\\\/22\\\/xose-manuel-pazos-alcalde-de-cangas\\\/\"},\"wordCount\":2058,\"commentCount\":0,\"publisher\":{\"@id\":\"https:\\\/\\\/www.anovapeneira.gal\\\/#organization\"},\"image\":{\"@id\":\"https:\\\/\\\/www.anovapeneira.gal\\\/index.php\\\/2020\\\/01\\\/22\\\/xose-manuel-pazos-alcalde-de-cangas\\\/#primaryimage\"},\"thumbnailUrl\":\"https:\\\/\\\/www.anovapeneira.gal\\\/wp-content\\\/uploads\\\/2020\\\/01\\\/manuel_pazos_alcalde_cangas_a_nova_peneira.jpg\",\"keywords\":[\"Concello de Cangas do Morrazo\",\"Pol\u00edtica\"],\"articleSection\":[\"Morrazo\"],\"inLanguage\":\"gl-ES\",\"potentialAction\":[{\"@type\":\"CommentAction\",\"name\":\"Comment\",\"target\":[\"https:\\\/\\\/www.anovapeneira.gal\\\/index.php\\\/2020\\\/01\\\/22\\\/xose-manuel-pazos-alcalde-de-cangas\\\/#respond\"]}]},{\"@type\":\"WebPage\",\"@id\":\"https:\\\/\\\/www.anovapeneira.gal\\\/index.php\\\/2020\\\/01\\\/22\\\/xose-manuel-pazos-alcalde-de-cangas\\\/\",\"url\":\"https:\\\/\\\/www.anovapeneira.gal\\\/index.php\\\/2020\\\/01\\\/22\\\/xose-manuel-pazos-alcalde-de-cangas\\\/\",\"name\":\"Xose Manuel Pazos Alcalde de Cangas -\",\"isPartOf\":{\"@id\":\"https:\\\/\\\/www.anovapeneira.gal\\\/#website\"},\"primaryImageOfPage\":{\"@id\":\"https:\\\/\\\/www.anovapeneira.gal\\\/index.php\\\/2020\\\/01\\\/22\\\/xose-manuel-pazos-alcalde-de-cangas\\\/#primaryimage\"},\"image\":{\"@id\":\"https:\\\/\\\/www.anovapeneira.gal\\\/index.php\\\/2020\\\/01\\\/22\\\/xose-manuel-pazos-alcalde-de-cangas\\\/#primaryimage\"},\"thumbnailUrl\":\"https:\\\/\\\/www.anovapeneira.gal\\\/wp-content\\\/uploads\\\/2020\\\/01\\\/manuel_pazos_alcalde_cangas_a_nova_peneira.jpg\",\"datePublished\":\"2020-01-22T11:00:49+00:00\",\"dateModified\":\"2020-01-26T07:31:20+00:00\",\"breadcrumb\":{\"@id\":\"https:\\\/\\\/www.anovapeneira.gal\\\/index.php\\\/2020\\\/01\\\/22\\\/xose-manuel-pazos-alcalde-de-cangas\\\/#breadcrumb\"},\"inLanguage\":\"gl-ES\",\"potentialAction\":[{\"@type\":\"ReadAction\",\"target\":[\"https:\\\/\\\/www.anovapeneira.gal\\\/index.php\\\/2020\\\/01\\\/22\\\/xose-manuel-pazos-alcalde-de-cangas\\\/\"]}]},{\"@type\":\"ImageObject\",\"inLanguage\":\"gl-ES\",\"@id\":\"https:\\\/\\\/www.anovapeneira.gal\\\/index.php\\\/2020\\\/01\\\/22\\\/xose-manuel-pazos-alcalde-de-cangas\\\/#primaryimage\",\"url\":\"https:\\\/\\\/www.anovapeneira.gal\\\/wp-content\\\/uploads\\\/2020\\\/01\\\/manuel_pazos_alcalde_cangas_a_nova_peneira.jpg\",\"contentUrl\":\"https:\\\/\\\/www.anovapeneira.gal\\\/wp-content\\\/uploads\\\/2020\\\/01\\\/manuel_pazos_alcalde_cangas_a_nova_peneira.jpg\",\"width\":720,\"height\":432,\"caption\":\"Manuel Pazos A Nova Peneira Alcalde de Cangas\"},{\"@type\":\"BreadcrumbList\",\"@id\":\"https:\\\/\\\/www.anovapeneira.gal\\\/index.php\\\/2020\\\/01\\\/22\\\/xose-manuel-pazos-alcalde-de-cangas\\\/#breadcrumb\",\"itemListElement\":[{\"@type\":\"ListItem\",\"position\":1,\"name\":\"Portada\",\"item\":\"https:\\\/\\\/www.anovapeneira.gal\\\/\"},{\"@type\":\"ListItem\",\"position\":2,\"name\":\"Xose Manuel Pazos Alcalde de Cangas\"}]},{\"@type\":\"WebSite\",\"@id\":\"https:\\\/\\\/www.anovapeneira.gal\\\/#website\",\"url\":\"https:\\\/\\\/www.anovapeneira.gal\\\/\",\"name\":\"\",\"description\":\"Xornal galego de informaci\u00f3n xeral Publicaci\u00f3n mensual de novas de Galicia e en especial dos Concellos da sur da provincia de Pontevedra.\",\"publisher\":{\"@id\":\"https:\\\/\\\/www.anovapeneira.gal\\\/#organization\"},\"potentialAction\":[{\"@type\":\"SearchAction\",\"target\":{\"@type\":\"EntryPoint\",\"urlTemplate\":\"https:\\\/\\\/www.anovapeneira.gal\\\/?s={search_term_string}\"},\"query-input\":{\"@type\":\"PropertyValueSpecification\",\"valueRequired\":true,\"valueName\":\"search_term_string\"}}],\"inLanguage\":\"gl-ES\"},{\"@type\":\"Organization\",\"@id\":\"https:\\\/\\\/www.anovapeneira.gal\\\/#organization\",\"name\":\"A Nova Peneira\",\"url\":\"https:\\\/\\\/www.anovapeneira.gal\\\/\",\"logo\":{\"@type\":\"ImageObject\",\"inLanguage\":\"gl-ES\",\"@id\":\"https:\\\/\\\/www.anovapeneira.gal\\\/#\\\/schema\\\/logo\\\/image\\\/\",\"url\":\"http:\\\/\\\/www.anovapeneira.gal\\\/wp-content\\\/uploads\\\/2019\\\/06\\\/logo_a_nova_peneira_portal_web.png\",\"contentUrl\":\"http:\\\/\\\/www.anovapeneira.gal\\\/wp-content\\\/uploads\\\/2019\\\/06\\\/logo_a_nova_peneira_portal_web.png\",\"width\":300,\"height\":100,\"caption\":\"A Nova Peneira\"},\"image\":{\"@id\":\"https:\\\/\\\/www.anovapeneira.gal\\\/#\\\/schema\\\/logo\\\/image\\\/\"},\"sameAs\":[\"https:\\\/\\\/www.facebook.com\\\/anovapeneira\",\"https:\\\/\\\/x.com\\\/APeneira\"]},{\"@type\":\"Person\",\"@id\":\"https:\\\/\\\/www.anovapeneira.gal\\\/#\\\/schema\\\/person\\\/b93e3f8932e3f8da96334607eb6ac6aa\",\"name\":\"Redacci\u00f3n A Nova Peneira\",\"image\":{\"@type\":\"ImageObject\",\"inLanguage\":\"gl-ES\",\"@id\":\"https:\\\/\\\/secure.gravatar.com\\\/avatar\\\/c052a2551a06e23fac63626232eaa90abd78dbcf1700fc46a2b2c89fd27b735f?s=96&d=mm&r=g\",\"url\":\"https:\\\/\\\/secure.gravatar.com\\\/avatar\\\/c052a2551a06e23fac63626232eaa90abd78dbcf1700fc46a2b2c89fd27b735f?s=96&d=mm&r=g\",\"contentUrl\":\"https:\\\/\\\/secure.gravatar.com\\\/avatar\\\/c052a2551a06e23fac63626232eaa90abd78dbcf1700fc46a2b2c89fd27b735f?s=96&d=mm&r=g\",\"caption\":\"Redacci\u00f3n A Nova Peneira\"},\"sameAs\":[\"http:\\\/\\\/www.anovapeneira.gal\\\/\"],\"url\":\"https:\\\/\\\/www.anovapeneira.gal\\\/index.php\\\/author\\\/redactor\\\/\"}]}<\/script>\n<!-- \/ Yoast SEO plugin. -->","yoast_head_json":{"title":"Xose Manuel Pazos Alcalde de Cangas -","robots":{"index":"index","follow":"follow","max-snippet":"max-snippet:-1","max-image-preview":"max-image-preview:large","max-video-preview":"max-video-preview:-1"},"canonical":"https:\/\/www.anovapeneira.gal\/index.php\/2020\/01\/22\/xose-manuel-pazos-alcalde-de-cangas\/","og_locale":"gl_ES","og_type":"article","og_title":"Xose Manuel Pazos Alcalde de Cangas -","og_description":"NESTE MANDATO TEMOS QUE \"APROBAR O PXOM E CONSEGUIR QUE TODO O CONCELLO TE\u00d1A ACCESO AO ABASTECEMENTO E O SANEAMENTO\u201d [...]","og_url":"https:\/\/www.anovapeneira.gal\/index.php\/2020\/01\/22\/xose-manuel-pazos-alcalde-de-cangas\/","article_publisher":"https:\/\/www.facebook.com\/anovapeneira","article_published_time":"2020-01-22T11:00:49+00:00","article_modified_time":"2020-01-26T07:31:20+00:00","og_image":[{"width":720,"height":432,"url":"https:\/\/www.anovapeneira.gal\/wp-content\/uploads\/2020\/01\/manuel_pazos_alcalde_cangas_a_nova_peneira.jpg","type":"image\/jpeg"}],"author":"Redacci\u00f3n A Nova Peneira","twitter_card":"summary_large_image","twitter_creator":"@APeneira","twitter_site":"@APeneira","twitter_misc":{"Escrito por":"Redacci\u00f3n A Nova Peneira","Tempo de lectura":"10 minutos"},"schema":{"@context":"https:\/\/schema.org","@graph":[{"@type":"Article","@id":"https:\/\/www.anovapeneira.gal\/index.php\/2020\/01\/22\/xose-manuel-pazos-alcalde-de-cangas\/#article","isPartOf":{"@id":"https:\/\/www.anovapeneira.gal\/index.php\/2020\/01\/22\/xose-manuel-pazos-alcalde-de-cangas\/"},"author":{"name":"Redacci\u00f3n A Nova Peneira","@id":"https:\/\/www.anovapeneira.gal\/#\/schema\/person\/b93e3f8932e3f8da96334607eb6ac6aa"},"headline":"Xose Manuel Pazos Alcalde de Cangas","datePublished":"2020-01-22T11:00:49+00:00","dateModified":"2020-01-26T07:31:20+00:00","mainEntityOfPage":{"@id":"https:\/\/www.anovapeneira.gal\/index.php\/2020\/01\/22\/xose-manuel-pazos-alcalde-de-cangas\/"},"wordCount":2058,"commentCount":0,"publisher":{"@id":"https:\/\/www.anovapeneira.gal\/#organization"},"image":{"@id":"https:\/\/www.anovapeneira.gal\/index.php\/2020\/01\/22\/xose-manuel-pazos-alcalde-de-cangas\/#primaryimage"},"thumbnailUrl":"https:\/\/www.anovapeneira.gal\/wp-content\/uploads\/2020\/01\/manuel_pazos_alcalde_cangas_a_nova_peneira.jpg","keywords":["Concello de Cangas do Morrazo","Pol\u00edtica"],"articleSection":["Morrazo"],"inLanguage":"gl-ES","potentialAction":[{"@type":"CommentAction","name":"Comment","target":["https:\/\/www.anovapeneira.gal\/index.php\/2020\/01\/22\/xose-manuel-pazos-alcalde-de-cangas\/#respond"]}]},{"@type":"WebPage","@id":"https:\/\/www.anovapeneira.gal\/index.php\/2020\/01\/22\/xose-manuel-pazos-alcalde-de-cangas\/","url":"https:\/\/www.anovapeneira.gal\/index.php\/2020\/01\/22\/xose-manuel-pazos-alcalde-de-cangas\/","name":"Xose Manuel Pazos Alcalde de Cangas -","isPartOf":{"@id":"https:\/\/www.anovapeneira.gal\/#website"},"primaryImageOfPage":{"@id":"https:\/\/www.anovapeneira.gal\/index.php\/2020\/01\/22\/xose-manuel-pazos-alcalde-de-cangas\/#primaryimage"},"image":{"@id":"https:\/\/www.anovapeneira.gal\/index.php\/2020\/01\/22\/xose-manuel-pazos-alcalde-de-cangas\/#primaryimage"},"thumbnailUrl":"https:\/\/www.anovapeneira.gal\/wp-content\/uploads\/2020\/01\/manuel_pazos_alcalde_cangas_a_nova_peneira.jpg","datePublished":"2020-01-22T11:00:49+00:00","dateModified":"2020-01-26T07:31:20+00:00","breadcrumb":{"@id":"https:\/\/www.anovapeneira.gal\/index.php\/2020\/01\/22\/xose-manuel-pazos-alcalde-de-cangas\/#breadcrumb"},"inLanguage":"gl-ES","potentialAction":[{"@type":"ReadAction","target":["https:\/\/www.anovapeneira.gal\/index.php\/2020\/01\/22\/xose-manuel-pazos-alcalde-de-cangas\/"]}]},{"@type":"ImageObject","inLanguage":"gl-ES","@id":"https:\/\/www.anovapeneira.gal\/index.php\/2020\/01\/22\/xose-manuel-pazos-alcalde-de-cangas\/#primaryimage","url":"https:\/\/www.anovapeneira.gal\/wp-content\/uploads\/2020\/01\/manuel_pazos_alcalde_cangas_a_nova_peneira.jpg","contentUrl":"https:\/\/www.anovapeneira.gal\/wp-content\/uploads\/2020\/01\/manuel_pazos_alcalde_cangas_a_nova_peneira.jpg","width":720,"height":432,"caption":"Manuel Pazos A Nova Peneira Alcalde de Cangas"},{"@type":"BreadcrumbList","@id":"https:\/\/www.anovapeneira.gal\/index.php\/2020\/01\/22\/xose-manuel-pazos-alcalde-de-cangas\/#breadcrumb","itemListElement":[{"@type":"ListItem","position":1,"name":"Portada","item":"https:\/\/www.anovapeneira.gal\/"},{"@type":"ListItem","position":2,"name":"Xose Manuel Pazos Alcalde de Cangas"}]},{"@type":"WebSite","@id":"https:\/\/www.anovapeneira.gal\/#website","url":"https:\/\/www.anovapeneira.gal\/","name":"","description":"Xornal galego de informaci\u00f3n xeral Publicaci\u00f3n mensual de novas de Galicia e en especial dos Concellos da sur da provincia de Pontevedra.","publisher":{"@id":"https:\/\/www.anovapeneira.gal\/#organization"},"potentialAction":[{"@type":"SearchAction","target":{"@type":"EntryPoint","urlTemplate":"https:\/\/www.anovapeneira.gal\/?s={search_term_string}"},"query-input":{"@type":"PropertyValueSpecification","valueRequired":true,"valueName":"search_term_string"}}],"inLanguage":"gl-ES"},{"@type":"Organization","@id":"https:\/\/www.anovapeneira.gal\/#organization","name":"A Nova Peneira","url":"https:\/\/www.anovapeneira.gal\/","logo":{"@type":"ImageObject","inLanguage":"gl-ES","@id":"https:\/\/www.anovapeneira.gal\/#\/schema\/logo\/image\/","url":"http:\/\/www.anovapeneira.gal\/wp-content\/uploads\/2019\/06\/logo_a_nova_peneira_portal_web.png","contentUrl":"http:\/\/www.anovapeneira.gal\/wp-content\/uploads\/2019\/06\/logo_a_nova_peneira_portal_web.png","width":300,"height":100,"caption":"A Nova Peneira"},"image":{"@id":"https:\/\/www.anovapeneira.gal\/#\/schema\/logo\/image\/"},"sameAs":["https:\/\/www.facebook.com\/anovapeneira","https:\/\/x.com\/APeneira"]},{"@type":"Person","@id":"https:\/\/www.anovapeneira.gal\/#\/schema\/person\/b93e3f8932e3f8da96334607eb6ac6aa","name":"Redacci\u00f3n A Nova Peneira","image":{"@type":"ImageObject","inLanguage":"gl-ES","@id":"https:\/\/secure.gravatar.com\/avatar\/c052a2551a06e23fac63626232eaa90abd78dbcf1700fc46a2b2c89fd27b735f?s=96&d=mm&r=g","url":"https:\/\/secure.gravatar.com\/avatar\/c052a2551a06e23fac63626232eaa90abd78dbcf1700fc46a2b2c89fd27b735f?s=96&d=mm&r=g","contentUrl":"https:\/\/secure.gravatar.com\/avatar\/c052a2551a06e23fac63626232eaa90abd78dbcf1700fc46a2b2c89fd27b735f?s=96&d=mm&r=g","caption":"Redacci\u00f3n A Nova Peneira"},"sameAs":["http:\/\/www.anovapeneira.gal\/"],"url":"https:\/\/www.anovapeneira.gal\/index.php\/author\/redactor\/"}]}},"jetpack_featured_media_url":"https:\/\/www.anovapeneira.gal\/wp-content\/uploads\/2020\/01\/manuel_pazos_alcalde_cangas_a_nova_peneira.jpg","_links":{"self":[{"href":"https:\/\/www.anovapeneira.gal\/index.php\/wp-json\/wp\/v2\/posts\/2310","targetHints":{"allow":["GET"]}}],"collection":[{"href":"https:\/\/www.anovapeneira.gal\/index.php\/wp-json\/wp\/v2\/posts"}],"about":[{"href":"https:\/\/www.anovapeneira.gal\/index.php\/wp-json\/wp\/v2\/types\/post"}],"author":[{"embeddable":true,"href":"https:\/\/www.anovapeneira.gal\/index.php\/wp-json\/wp\/v2\/users\/3"}],"replies":[{"embeddable":true,"href":"https:\/\/www.anovapeneira.gal\/index.php\/wp-json\/wp\/v2\/comments?post=2310"}],"version-history":[{"count":2,"href":"https:\/\/www.anovapeneira.gal\/index.php\/wp-json\/wp\/v2\/posts\/2310\/revisions"}],"predecessor-version":[{"id":2361,"href":"https:\/\/www.anovapeneira.gal\/index.php\/wp-json\/wp\/v2\/posts\/2310\/revisions\/2361"}],"wp:featuredmedia":[{"embeddable":true,"href":"https:\/\/www.anovapeneira.gal\/index.php\/wp-json\/wp\/v2\/media\/2311"}],"wp:attachment":[{"href":"https:\/\/www.anovapeneira.gal\/index.php\/wp-json\/wp\/v2\/media?parent=2310"}],"wp:term":[{"taxonomy":"category","embeddable":true,"href":"https:\/\/www.anovapeneira.gal\/index.php\/wp-json\/wp\/v2\/categories?post=2310"},{"taxonomy":"post_tag","embeddable":true,"href":"https:\/\/www.anovapeneira.gal\/index.php\/wp-json\/wp\/v2\/tags?post=2310"}],"curies":[{"name":"wp","href":"https:\/\/api.w.org\/{rel}","templated":true}]}}