{"id":2332,"date":"2020-01-23T10:00:17","date_gmt":"2020-01-23T09:00:17","guid":{"rendered":"http:\/\/www.anovapeneira.gal\/?p=2332"},"modified":"2020-01-21T09:16:40","modified_gmt":"2020-01-21T08:16:40","slug":"a-casa-do-pobo-de-regodobargo-levara-o-nome-de-suso-vaamonde","status":"publish","type":"post","link":"https:\/\/www.anovapeneira.gal\/index.php\/2020\/01\/23\/a-casa-do-pobo-de-regodobargo-levara-o-nome-de-suso-vaamonde\/","title":{"rendered":"A Casa do Pobo de Regodobargo levar\u00e1 o nome de Suso Vaamonde"},"content":{"rendered":"\n<p>O\n16 de febreiro ter\u00e1 lugar a homenaxe ao cantautor que est\u00e1 a\norganizar o Concello de Ponte Caldelas&nbsp;<\/p>\n\n\n\n<p>Ponte\nCaldelas, 18 de xaneiro de 2020. A Casa do Pobo de Regodobargo levar\u00e1\no nome de Suso Vaamonde, o cantautor galego nacido nesta aldea de\nPonte Caldelas o 20 de decembro de 1950. Vaamonde faleceu en Vigo o\n16 de febreiro de ano 2000, e coincidindo co vinte aniversario do seu\npasamento, o Concello de Ponte Caldelas est\u00e1 a organizar un acto de\nreco\u00f1ecemento para tan ilustre veci\u00f1o.&nbsp;<\/p>\n\n\n\n<p>A\nconcelleira Aurora Garrido, veci\u00f1a de Regodobargo, xunto aos veci\u00f1os\ndo lugar de nacemento de Vaamonde, est\u00e1n a organizar dende fai\nvarios meses un emotivo acto para o 16 de febreiro, no que, a d\u00eda de\nhoxe, se pode confirmar que participar\u00e1n Mero e Manuel Dopico de A\nQuenlla; Alfredo de A Roda; Pepe Iglesias de Bux\u00e1n; Luis Vaamonde e\ntam\u00e9n as Pandereteiras de Regodobargo.<\/p>\n\n\n\n<p>Unha\nofrenda floral no r\u00edo e a colocaci\u00f3n da placa que dar\u00e1 o nome de\nSuso Vaamonde \u00e1 Casa do Pobo de Regodobargo centrar\u00e1n un acto\npreparado con ilusi\u00f3n e cari\u00f1o, que promete ser moi musical, tal e\ncomo lle gustar\u00eda ao propio homenaxeado. O Concello de Ponte\nCaldelas contin\u00faa as\u00ed cun reco\u00f1ecemento iniciado polo tripartido\nno ano 2016, cando se saldou unha d\u00e9beda hist\u00f3rica con este ilustre\nveci\u00f1o que deixou un legado cultural moi enriquecedor para toda\nGalicia. Inici\u00e1base ent\u00f3n un reco\u00f1ecemento que os anteriores\nalcaldes, ambos do Partido Popular, lle negaran \u00e1 figura de\nVaamonde.<\/p>\n","protected":false},"excerpt":{"rendered":"<div class=\"mh-excerpt\"><p>O 16 de febreiro ter\u00e1 lugar a homenaxe ao cantautor que est\u00e1 a organizar o Concello de Ponte Caldelas  <a class=\"mh-excerpt-more\" href=\"https:\/\/www.anovapeneira.gal\/index.php\/2020\/01\/23\/a-casa-do-pobo-de-regodobargo-levara-o-nome-de-suso-vaamonde\/\" title=\"A Casa do Pobo de Regodobargo levar\u00e1 o nome de Suso Vaamonde\">[&#8230;]<\/a><\/p>\n<\/div>","protected":false},"author":3,"featured_media":1816,"comment_status":"open","ping_status":"open","sticky":false,"template":"","format":"standard","meta":{"_exactmetrics_skip_tracking":false,"_exactmetrics_sitenote_active":false,"_exactmetrics_sitenote_note":"","_exactmetrics_sitenote_category":0,"footnotes":""},"categories":[26],"tags":[128,921,922],"class_list":{"0":"post-2332","1":"post","2":"type-post","3":"status-publish","4":"format-standard","5":"has-post-thumbnail","7":"category-pontevedra","8":"tag-concello-de-ponte-caldelas","9":"tag-regodobargo","10":"tag-suso-vaamonde"},"yoast_head":"<!-- This site is optimized with the Yoast SEO plugin v27.4 - https:\/\/yoast.com\/product\/yoast-seo-wordpress\/ -->\n<title>A Casa do Pobo de Regodobargo levar\u00e1 o nome de Suso Vaamonde -<\/title>\n<meta name=\"robots\" content=\"index, follow, max-snippet:-1, max-image-preview:large, max-video-preview:-1\" \/>\n<link rel=\"canonical\" href=\"https:\/\/www.anovapeneira.gal\/index.php\/2020\/01\/23\/a-casa-do-pobo-de-regodobargo-levara-o-nome-de-suso-vaamonde\/\" \/>\n<meta property=\"og:locale\" content=\"gl_ES\" \/>\n<meta property=\"og:type\" content=\"article\" \/>\n<meta property=\"og:title\" content=\"A Casa do Pobo de Regodobargo levar\u00e1 o nome de Suso Vaamonde -\" \/>\n<meta property=\"og:description\" content=\"O 16 de febreiro ter\u00e1 lugar a homenaxe ao cantautor que est\u00e1 a organizar o Concello de Ponte Caldelas [...]\" \/>\n<meta property=\"og:url\" content=\"https:\/\/www.anovapeneira.gal\/index.php\/2020\/01\/23\/a-casa-do-pobo-de-regodobargo-levara-o-nome-de-suso-vaamonde\/\" \/>\n<meta property=\"article:publisher\" content=\"https:\/\/www.facebook.com\/anovapeneira\" \/>\n<meta property=\"article:published_time\" content=\"2020-01-23T09:00:17+00:00\" \/>\n<meta property=\"og:image\" content=\"https:\/\/www.anovapeneira.gal\/wp-content\/uploads\/2019\/11\/concello_pontcaldelas_A_nova_peneira.png\" \/>\n\t<meta property=\"og:image:width\" content=\"720\" \/>\n\t<meta property=\"og:image:height\" content=\"432\" \/>\n\t<meta property=\"og:image:type\" content=\"image\/png\" \/>\n<meta name=\"author\" content=\"Redacci\u00f3n A Nova Peneira\" \/>\n<meta name=\"twitter:card\" content=\"summary_large_image\" \/>\n<meta name=\"twitter:creator\" content=\"@APeneira\" \/>\n<meta name=\"twitter:site\" content=\"@APeneira\" \/>\n<meta name=\"twitter:label1\" content=\"Escrito por\" \/>\n\t<meta name=\"twitter:data1\" content=\"Redacci\u00f3n A Nova Peneira\" \/>\n\t<meta name=\"twitter:label2\" content=\"Tempo de lectura\" \/>\n\t<meta name=\"twitter:data2\" content=\"1 minuto\" \/>\n<script type=\"application\/ld+json\" class=\"yoast-schema-graph\">{\"@context\":\"https:\\\/\\\/schema.org\",\"@graph\":[{\"@type\":\"Article\",\"@id\":\"https:\\\/\\\/www.anovapeneira.gal\\\/index.php\\\/2020\\\/01\\\/23\\\/a-casa-do-pobo-de-regodobargo-levara-o-nome-de-suso-vaamonde\\\/#article\",\"isPartOf\":{\"@id\":\"https:\\\/\\\/www.anovapeneira.gal\\\/index.php\\\/2020\\\/01\\\/23\\\/a-casa-do-pobo-de-regodobargo-levara-o-nome-de-suso-vaamonde\\\/\"},\"author\":{\"name\":\"Redacci\u00f3n A Nova Peneira\",\"@id\":\"https:\\\/\\\/www.anovapeneira.gal\\\/#\\\/schema\\\/person\\\/b93e3f8932e3f8da96334607eb6ac6aa\"},\"headline\":\"A Casa do Pobo de Regodobargo levar\u00e1 o nome de Suso Vaamonde\",\"datePublished\":\"2020-01-23T09:00:17+00:00\",\"mainEntityOfPage\":{\"@id\":\"https:\\\/\\\/www.anovapeneira.gal\\\/index.php\\\/2020\\\/01\\\/23\\\/a-casa-do-pobo-de-regodobargo-levara-o-nome-de-suso-vaamonde\\\/\"},\"wordCount\":276,\"commentCount\":0,\"publisher\":{\"@id\":\"https:\\\/\\\/www.anovapeneira.gal\\\/#organization\"},\"image\":{\"@id\":\"https:\\\/\\\/www.anovapeneira.gal\\\/index.php\\\/2020\\\/01\\\/23\\\/a-casa-do-pobo-de-regodobargo-levara-o-nome-de-suso-vaamonde\\\/#primaryimage\"},\"thumbnailUrl\":\"https:\\\/\\\/www.anovapeneira.gal\\\/wp-content\\\/uploads\\\/2019\\\/11\\\/concello_pontcaldelas_A_nova_peneira.png\",\"keywords\":[\"Concello de Ponte Caldelas\",\"Regodobargo\",\"Suso Vaamonde\"],\"articleSection\":[\"Pontevedra\"],\"inLanguage\":\"gl-ES\",\"potentialAction\":[{\"@type\":\"CommentAction\",\"name\":\"Comment\",\"target\":[\"https:\\\/\\\/www.anovapeneira.gal\\\/index.php\\\/2020\\\/01\\\/23\\\/a-casa-do-pobo-de-regodobargo-levara-o-nome-de-suso-vaamonde\\\/#respond\"]}]},{\"@type\":\"WebPage\",\"@id\":\"https:\\\/\\\/www.anovapeneira.gal\\\/index.php\\\/2020\\\/01\\\/23\\\/a-casa-do-pobo-de-regodobargo-levara-o-nome-de-suso-vaamonde\\\/\",\"url\":\"https:\\\/\\\/www.anovapeneira.gal\\\/index.php\\\/2020\\\/01\\\/23\\\/a-casa-do-pobo-de-regodobargo-levara-o-nome-de-suso-vaamonde\\\/\",\"name\":\"A Casa do Pobo de Regodobargo levar\u00e1 o nome de Suso Vaamonde -\",\"isPartOf\":{\"@id\":\"https:\\\/\\\/www.anovapeneira.gal\\\/#website\"},\"primaryImageOfPage\":{\"@id\":\"https:\\\/\\\/www.anovapeneira.gal\\\/index.php\\\/2020\\\/01\\\/23\\\/a-casa-do-pobo-de-regodobargo-levara-o-nome-de-suso-vaamonde\\\/#primaryimage\"},\"image\":{\"@id\":\"https:\\\/\\\/www.anovapeneira.gal\\\/index.php\\\/2020\\\/01\\\/23\\\/a-casa-do-pobo-de-regodobargo-levara-o-nome-de-suso-vaamonde\\\/#primaryimage\"},\"thumbnailUrl\":\"https:\\\/\\\/www.anovapeneira.gal\\\/wp-content\\\/uploads\\\/2019\\\/11\\\/concello_pontcaldelas_A_nova_peneira.png\",\"datePublished\":\"2020-01-23T09:00:17+00:00\",\"breadcrumb\":{\"@id\":\"https:\\\/\\\/www.anovapeneira.gal\\\/index.php\\\/2020\\\/01\\\/23\\\/a-casa-do-pobo-de-regodobargo-levara-o-nome-de-suso-vaamonde\\\/#breadcrumb\"},\"inLanguage\":\"gl-ES\",\"potentialAction\":[{\"@type\":\"ReadAction\",\"target\":[\"https:\\\/\\\/www.anovapeneira.gal\\\/index.php\\\/2020\\\/01\\\/23\\\/a-casa-do-pobo-de-regodobargo-levara-o-nome-de-suso-vaamonde\\\/\"]}]},{\"@type\":\"ImageObject\",\"inLanguage\":\"gl-ES\",\"@id\":\"https:\\\/\\\/www.anovapeneira.gal\\\/index.php\\\/2020\\\/01\\\/23\\\/a-casa-do-pobo-de-regodobargo-levara-o-nome-de-suso-vaamonde\\\/#primaryimage\",\"url\":\"https:\\\/\\\/www.anovapeneira.gal\\\/wp-content\\\/uploads\\\/2019\\\/11\\\/concello_pontcaldelas_A_nova_peneira.png\",\"contentUrl\":\"https:\\\/\\\/www.anovapeneira.gal\\\/wp-content\\\/uploads\\\/2019\\\/11\\\/concello_pontcaldelas_A_nova_peneira.png\",\"width\":720,\"height\":432,\"caption\":\"Concello de Ponte Caldelas A Nova Peneira\"},{\"@type\":\"BreadcrumbList\",\"@id\":\"https:\\\/\\\/www.anovapeneira.gal\\\/index.php\\\/2020\\\/01\\\/23\\\/a-casa-do-pobo-de-regodobargo-levara-o-nome-de-suso-vaamonde\\\/#breadcrumb\",\"itemListElement\":[{\"@type\":\"ListItem\",\"position\":1,\"name\":\"Portada\",\"item\":\"https:\\\/\\\/www.anovapeneira.gal\\\/\"},{\"@type\":\"ListItem\",\"position\":2,\"name\":\"A Casa do Pobo de Regodobargo levar\u00e1 o nome de Suso Vaamonde\"}]},{\"@type\":\"WebSite\",\"@id\":\"https:\\\/\\\/www.anovapeneira.gal\\\/#website\",\"url\":\"https:\\\/\\\/www.anovapeneira.gal\\\/\",\"name\":\"\",\"description\":\"Xornal galego de informaci\u00f3n xeral Publicaci\u00f3n mensual de novas de Galicia e en especial dos Concellos da sur da provincia de Pontevedra.\",\"publisher\":{\"@id\":\"https:\\\/\\\/www.anovapeneira.gal\\\/#organization\"},\"potentialAction\":[{\"@type\":\"SearchAction\",\"target\":{\"@type\":\"EntryPoint\",\"urlTemplate\":\"https:\\\/\\\/www.anovapeneira.gal\\\/?s={search_term_string}\"},\"query-input\":{\"@type\":\"PropertyValueSpecification\",\"valueRequired\":true,\"valueName\":\"search_term_string\"}}],\"inLanguage\":\"gl-ES\"},{\"@type\":\"Organization\",\"@id\":\"https:\\\/\\\/www.anovapeneira.gal\\\/#organization\",\"name\":\"A Nova Peneira\",\"url\":\"https:\\\/\\\/www.anovapeneira.gal\\\/\",\"logo\":{\"@type\":\"ImageObject\",\"inLanguage\":\"gl-ES\",\"@id\":\"https:\\\/\\\/www.anovapeneira.gal\\\/#\\\/schema\\\/logo\\\/image\\\/\",\"url\":\"http:\\\/\\\/www.anovapeneira.gal\\\/wp-content\\\/uploads\\\/2019\\\/06\\\/logo_a_nova_peneira_portal_web.png\",\"contentUrl\":\"http:\\\/\\\/www.anovapeneira.gal\\\/wp-content\\\/uploads\\\/2019\\\/06\\\/logo_a_nova_peneira_portal_web.png\",\"width\":300,\"height\":100,\"caption\":\"A Nova Peneira\"},\"image\":{\"@id\":\"https:\\\/\\\/www.anovapeneira.gal\\\/#\\\/schema\\\/logo\\\/image\\\/\"},\"sameAs\":[\"https:\\\/\\\/www.facebook.com\\\/anovapeneira\",\"https:\\\/\\\/x.com\\\/APeneira\"]},{\"@type\":\"Person\",\"@id\":\"https:\\\/\\\/www.anovapeneira.gal\\\/#\\\/schema\\\/person\\\/b93e3f8932e3f8da96334607eb6ac6aa\",\"name\":\"Redacci\u00f3n A Nova Peneira\",\"image\":{\"@type\":\"ImageObject\",\"inLanguage\":\"gl-ES\",\"@id\":\"https:\\\/\\\/secure.gravatar.com\\\/avatar\\\/c052a2551a06e23fac63626232eaa90abd78dbcf1700fc46a2b2c89fd27b735f?s=96&d=mm&r=g\",\"url\":\"https:\\\/\\\/secure.gravatar.com\\\/avatar\\\/c052a2551a06e23fac63626232eaa90abd78dbcf1700fc46a2b2c89fd27b735f?s=96&d=mm&r=g\",\"contentUrl\":\"https:\\\/\\\/secure.gravatar.com\\\/avatar\\\/c052a2551a06e23fac63626232eaa90abd78dbcf1700fc46a2b2c89fd27b735f?s=96&d=mm&r=g\",\"caption\":\"Redacci\u00f3n A Nova Peneira\"},\"sameAs\":[\"http:\\\/\\\/www.anovapeneira.gal\\\/\"],\"url\":\"https:\\\/\\\/www.anovapeneira.gal\\\/index.php\\\/author\\\/redactor\\\/\"}]}<\/script>\n<!-- \/ Yoast SEO plugin. -->","yoast_head_json":{"title":"A Casa do Pobo de Regodobargo levar\u00e1 o nome de Suso Vaamonde -","robots":{"index":"index","follow":"follow","max-snippet":"max-snippet:-1","max-image-preview":"max-image-preview:large","max-video-preview":"max-video-preview:-1"},"canonical":"https:\/\/www.anovapeneira.gal\/index.php\/2020\/01\/23\/a-casa-do-pobo-de-regodobargo-levara-o-nome-de-suso-vaamonde\/","og_locale":"gl_ES","og_type":"article","og_title":"A Casa do Pobo de Regodobargo levar\u00e1 o nome de Suso Vaamonde -","og_description":"O 16 de febreiro ter\u00e1 lugar a homenaxe ao cantautor que est\u00e1 a organizar o Concello de Ponte Caldelas [...]","og_url":"https:\/\/www.anovapeneira.gal\/index.php\/2020\/01\/23\/a-casa-do-pobo-de-regodobargo-levara-o-nome-de-suso-vaamonde\/","article_publisher":"https:\/\/www.facebook.com\/anovapeneira","article_published_time":"2020-01-23T09:00:17+00:00","og_image":[{"width":720,"height":432,"url":"https:\/\/www.anovapeneira.gal\/wp-content\/uploads\/2019\/11\/concello_pontcaldelas_A_nova_peneira.png","type":"image\/png"}],"author":"Redacci\u00f3n A Nova Peneira","twitter_card":"summary_large_image","twitter_creator":"@APeneira","twitter_site":"@APeneira","twitter_misc":{"Escrito por":"Redacci\u00f3n A Nova Peneira","Tempo de lectura":"1 minuto"},"schema":{"@context":"https:\/\/schema.org","@graph":[{"@type":"Article","@id":"https:\/\/www.anovapeneira.gal\/index.php\/2020\/01\/23\/a-casa-do-pobo-de-regodobargo-levara-o-nome-de-suso-vaamonde\/#article","isPartOf":{"@id":"https:\/\/www.anovapeneira.gal\/index.php\/2020\/01\/23\/a-casa-do-pobo-de-regodobargo-levara-o-nome-de-suso-vaamonde\/"},"author":{"name":"Redacci\u00f3n A Nova Peneira","@id":"https:\/\/www.anovapeneira.gal\/#\/schema\/person\/b93e3f8932e3f8da96334607eb6ac6aa"},"headline":"A Casa do Pobo de Regodobargo levar\u00e1 o nome de Suso Vaamonde","datePublished":"2020-01-23T09:00:17+00:00","mainEntityOfPage":{"@id":"https:\/\/www.anovapeneira.gal\/index.php\/2020\/01\/23\/a-casa-do-pobo-de-regodobargo-levara-o-nome-de-suso-vaamonde\/"},"wordCount":276,"commentCount":0,"publisher":{"@id":"https:\/\/www.anovapeneira.gal\/#organization"},"image":{"@id":"https:\/\/www.anovapeneira.gal\/index.php\/2020\/01\/23\/a-casa-do-pobo-de-regodobargo-levara-o-nome-de-suso-vaamonde\/#primaryimage"},"thumbnailUrl":"https:\/\/www.anovapeneira.gal\/wp-content\/uploads\/2019\/11\/concello_pontcaldelas_A_nova_peneira.png","keywords":["Concello de Ponte Caldelas","Regodobargo","Suso Vaamonde"],"articleSection":["Pontevedra"],"inLanguage":"gl-ES","potentialAction":[{"@type":"CommentAction","name":"Comment","target":["https:\/\/www.anovapeneira.gal\/index.php\/2020\/01\/23\/a-casa-do-pobo-de-regodobargo-levara-o-nome-de-suso-vaamonde\/#respond"]}]},{"@type":"WebPage","@id":"https:\/\/www.anovapeneira.gal\/index.php\/2020\/01\/23\/a-casa-do-pobo-de-regodobargo-levara-o-nome-de-suso-vaamonde\/","url":"https:\/\/www.anovapeneira.gal\/index.php\/2020\/01\/23\/a-casa-do-pobo-de-regodobargo-levara-o-nome-de-suso-vaamonde\/","name":"A Casa do Pobo de Regodobargo levar\u00e1 o nome de Suso Vaamonde -","isPartOf":{"@id":"https:\/\/www.anovapeneira.gal\/#website"},"primaryImageOfPage":{"@id":"https:\/\/www.anovapeneira.gal\/index.php\/2020\/01\/23\/a-casa-do-pobo-de-regodobargo-levara-o-nome-de-suso-vaamonde\/#primaryimage"},"image":{"@id":"https:\/\/www.anovapeneira.gal\/index.php\/2020\/01\/23\/a-casa-do-pobo-de-regodobargo-levara-o-nome-de-suso-vaamonde\/#primaryimage"},"thumbnailUrl":"https:\/\/www.anovapeneira.gal\/wp-content\/uploads\/2019\/11\/concello_pontcaldelas_A_nova_peneira.png","datePublished":"2020-01-23T09:00:17+00:00","breadcrumb":{"@id":"https:\/\/www.anovapeneira.gal\/index.php\/2020\/01\/23\/a-casa-do-pobo-de-regodobargo-levara-o-nome-de-suso-vaamonde\/#breadcrumb"},"inLanguage":"gl-ES","potentialAction":[{"@type":"ReadAction","target":["https:\/\/www.anovapeneira.gal\/index.php\/2020\/01\/23\/a-casa-do-pobo-de-regodobargo-levara-o-nome-de-suso-vaamonde\/"]}]},{"@type":"ImageObject","inLanguage":"gl-ES","@id":"https:\/\/www.anovapeneira.gal\/index.php\/2020\/01\/23\/a-casa-do-pobo-de-regodobargo-levara-o-nome-de-suso-vaamonde\/#primaryimage","url":"https:\/\/www.anovapeneira.gal\/wp-content\/uploads\/2019\/11\/concello_pontcaldelas_A_nova_peneira.png","contentUrl":"https:\/\/www.anovapeneira.gal\/wp-content\/uploads\/2019\/11\/concello_pontcaldelas_A_nova_peneira.png","width":720,"height":432,"caption":"Concello de Ponte Caldelas A Nova Peneira"},{"@type":"BreadcrumbList","@id":"https:\/\/www.anovapeneira.gal\/index.php\/2020\/01\/23\/a-casa-do-pobo-de-regodobargo-levara-o-nome-de-suso-vaamonde\/#breadcrumb","itemListElement":[{"@type":"ListItem","position":1,"name":"Portada","item":"https:\/\/www.anovapeneira.gal\/"},{"@type":"ListItem","position":2,"name":"A Casa do Pobo de Regodobargo levar\u00e1 o nome de Suso Vaamonde"}]},{"@type":"WebSite","@id":"https:\/\/www.anovapeneira.gal\/#website","url":"https:\/\/www.anovapeneira.gal\/","name":"","description":"Xornal galego de informaci\u00f3n xeral Publicaci\u00f3n mensual de novas de Galicia e en especial dos Concellos da sur da provincia de Pontevedra.","publisher":{"@id":"https:\/\/www.anovapeneira.gal\/#organization"},"potentialAction":[{"@type":"SearchAction","target":{"@type":"EntryPoint","urlTemplate":"https:\/\/www.anovapeneira.gal\/?s={search_term_string}"},"query-input":{"@type":"PropertyValueSpecification","valueRequired":true,"valueName":"search_term_string"}}],"inLanguage":"gl-ES"},{"@type":"Organization","@id":"https:\/\/www.anovapeneira.gal\/#organization","name":"A Nova Peneira","url":"https:\/\/www.anovapeneira.gal\/","logo":{"@type":"ImageObject","inLanguage":"gl-ES","@id":"https:\/\/www.anovapeneira.gal\/#\/schema\/logo\/image\/","url":"http:\/\/www.anovapeneira.gal\/wp-content\/uploads\/2019\/06\/logo_a_nova_peneira_portal_web.png","contentUrl":"http:\/\/www.anovapeneira.gal\/wp-content\/uploads\/2019\/06\/logo_a_nova_peneira_portal_web.png","width":300,"height":100,"caption":"A Nova Peneira"},"image":{"@id":"https:\/\/www.anovapeneira.gal\/#\/schema\/logo\/image\/"},"sameAs":["https:\/\/www.facebook.com\/anovapeneira","https:\/\/x.com\/APeneira"]},{"@type":"Person","@id":"https:\/\/www.anovapeneira.gal\/#\/schema\/person\/b93e3f8932e3f8da96334607eb6ac6aa","name":"Redacci\u00f3n A Nova Peneira","image":{"@type":"ImageObject","inLanguage":"gl-ES","@id":"https:\/\/secure.gravatar.com\/avatar\/c052a2551a06e23fac63626232eaa90abd78dbcf1700fc46a2b2c89fd27b735f?s=96&d=mm&r=g","url":"https:\/\/secure.gravatar.com\/avatar\/c052a2551a06e23fac63626232eaa90abd78dbcf1700fc46a2b2c89fd27b735f?s=96&d=mm&r=g","contentUrl":"https:\/\/secure.gravatar.com\/avatar\/c052a2551a06e23fac63626232eaa90abd78dbcf1700fc46a2b2c89fd27b735f?s=96&d=mm&r=g","caption":"Redacci\u00f3n A Nova Peneira"},"sameAs":["http:\/\/www.anovapeneira.gal\/"],"url":"https:\/\/www.anovapeneira.gal\/index.php\/author\/redactor\/"}]}},"jetpack_featured_media_url":"https:\/\/www.anovapeneira.gal\/wp-content\/uploads\/2019\/11\/concello_pontcaldelas_A_nova_peneira.png","_links":{"self":[{"href":"https:\/\/www.anovapeneira.gal\/index.php\/wp-json\/wp\/v2\/posts\/2332","targetHints":{"allow":["GET"]}}],"collection":[{"href":"https:\/\/www.anovapeneira.gal\/index.php\/wp-json\/wp\/v2\/posts"}],"about":[{"href":"https:\/\/www.anovapeneira.gal\/index.php\/wp-json\/wp\/v2\/types\/post"}],"author":[{"embeddable":true,"href":"https:\/\/www.anovapeneira.gal\/index.php\/wp-json\/wp\/v2\/users\/3"}],"replies":[{"embeddable":true,"href":"https:\/\/www.anovapeneira.gal\/index.php\/wp-json\/wp\/v2\/comments?post=2332"}],"version-history":[{"count":1,"href":"https:\/\/www.anovapeneira.gal\/index.php\/wp-json\/wp\/v2\/posts\/2332\/revisions"}],"predecessor-version":[{"id":2333,"href":"https:\/\/www.anovapeneira.gal\/index.php\/wp-json\/wp\/v2\/posts\/2332\/revisions\/2333"}],"wp:featuredmedia":[{"embeddable":true,"href":"https:\/\/www.anovapeneira.gal\/index.php\/wp-json\/wp\/v2\/media\/1816"}],"wp:attachment":[{"href":"https:\/\/www.anovapeneira.gal\/index.php\/wp-json\/wp\/v2\/media?parent=2332"}],"wp:term":[{"taxonomy":"category","embeddable":true,"href":"https:\/\/www.anovapeneira.gal\/index.php\/wp-json\/wp\/v2\/categories?post=2332"},{"taxonomy":"post_tag","embeddable":true,"href":"https:\/\/www.anovapeneira.gal\/index.php\/wp-json\/wp\/v2\/tags?post=2332"}],"curies":[{"name":"wp","href":"https:\/\/api.w.org\/{rel}","templated":true}]}}