{"id":2365,"date":"2020-01-27T10:00:13","date_gmt":"2020-01-27T09:00:13","guid":{"rendered":"http:\/\/www.anovapeneira.gal\/?p=2365"},"modified":"2020-01-26T08:52:55","modified_gmt":"2020-01-26T07:52:55","slug":"os-oficios-artesanais-a-ourivaria","status":"publish","type":"post","link":"https:\/\/www.anovapeneira.gal\/index.php\/2020\/01\/27\/os-oficios-artesanais-a-ourivaria\/","title":{"rendered":"Os oficios artesanais: a ourivar\u00eda"},"content":{"rendered":"\n<p><strong>G.Figueiredo<\/strong><\/p>\n\n\n\n<h2 class=\"wp-block-heading\">Estamos a vivir\nnun mundo globalizado e industrializado onde todo o que se produce\npara o noso consumo faise en f\u00e1bricas e de maneira robotizada para\nun consumo demasiado elevado para o sustento do noso planeta.<\/h2>\n\n\n\n<h2 class=\"wp-block-heading\">Parece que queda\nmoito tempo atr\u00e1s onde os produtos que consum\u00edan os nosos av\u00f3s \nfac\u00edanse dunha  maneira artesanal cunhas profesi\u00f3ns que daban o\nsustento a moitas familias galegas.<\/h2>\n\n\n\n<h2 class=\"wp-block-heading\">Neste contexto\npodemos falar de oficios como  canteiros,  oleiros,  ferreiros, \npalilleiras,  fiandeiras,  panadeiros,  afiadores,  carboeiros, \narrieiros,  campaneiros,  telleiros,  tecedoras,  alabardeiros, \nredeiras, ourives\u2026 \u00c9 deste fermoso arte do que quero profundar un\npouco.<\/h2>\n\n\n\n<pre class=\"wp-block-verse\">\u201c<em><strong>A\nPequena f\u00e1brica de so\u00f1os\u201d<\/strong><\/em><\/pre>\n\n\n\n<p>A\nourivar\u00eda \u00e9 o traballo art\u00edstico realizado con metais preciosos,\nou aliaxes deles. Os metais labrados polo artes\u00e1n son a prata, o\nouro, metais preciosos, ou s\u00ednteses como o  electro.<\/p>\n\n\n\n<p>Co\nouro e a prata fabric\u00e1banse xa desde a prehistoria,\u200b utensilios\nmoi variados como vasillas, pezas de adorno, xoias, moedas e estatuas\nseguindo o estilo, a ornamentaci\u00f3n e o gusto propios da \u00e9poca e da\nnaci\u00f3n que os elaboraba, como pode observarse percorrendo as\nprincipais civilizaci\u00f3ns. \n<\/p>\n\n\n\n<p>Na s\u00faa\norixe, as t\u00e9cnicas empregadas no traballo do ouro foron moi\nsinxelas. O\n A martelada en fr\u00edo proporcionaba l\u00e1minas e f\u00edos que pod\u00edan\nadoptar formas diferentes. Posteriormente, pero a\u00ednda nunha \u00e9poca\ntemper\u00e1, utiliz\u00e1ronse o quentado e a fusi\u00f3n. Os avances t\u00e9cnicos\nsupuxeron unha diversificaci\u00f3n das formas. Na pen\u00ednsula ib\u00e9rica, a\npartir do final da idade de bronce docum\u00e9ntanse as pezas compostas e\nas primeiras aliaxes. En Espa\u00f1a, parte da continuidade dos traballos\nde ourivar\u00eda est\u00e1 asociada a celebraci\u00f3ns  de actos relixiosos\ncomo a Semana Santa.\u200b<\/p>\n\n\n\n<figure class=\"wp-block-image size-large\"><img loading=\"lazy\" decoding=\"async\" width=\"1024\" height=\"768\" src=\"http:\/\/www.anovapeneira.gal\/wp-content\/uploads\/2020\/01\/anel_ouriveria_a_nova_peneira-1024x768.jpg\" alt=\"\" class=\"wp-image-2366\" srcset=\"https:\/\/www.anovapeneira.gal\/wp-content\/uploads\/2020\/01\/anel_ouriveria_a_nova_peneira-1024x768.jpg 1024w, https:\/\/www.anovapeneira.gal\/wp-content\/uploads\/2020\/01\/anel_ouriveria_a_nova_peneira-300x225.jpg 300w, https:\/\/www.anovapeneira.gal\/wp-content\/uploads\/2020\/01\/anel_ouriveria_a_nova_peneira-768x576.jpg 768w, https:\/\/www.anovapeneira.gal\/wp-content\/uploads\/2020\/01\/anel_ouriveria_a_nova_peneira-1536x1152.jpg 1536w, https:\/\/www.anovapeneira.gal\/wp-content\/uploads\/2020\/01\/anel_ouriveria_a_nova_peneira-678x509.jpg 678w, https:\/\/www.anovapeneira.gal\/wp-content\/uploads\/2020\/01\/anel_ouriveria_a_nova_peneira-326x245.jpg 326w, https:\/\/www.anovapeneira.gal\/wp-content\/uploads\/2020\/01\/anel_ouriveria_a_nova_peneira-80x60.jpg 80w, https:\/\/www.anovapeneira.gal\/wp-content\/uploads\/2020\/01\/anel_ouriveria_a_nova_peneira.jpg 1600w\" sizes=\"auto, (max-width: 1024px) 100vw, 1024px\" \/><\/figure>\n\n\n\n<p>A d\u00eda\nde hoxe, a maneira de traballar estes metais mudou moito, Para saber\nm\u00e1is deste oficio coa s\u00faa orixe nos inicios da nosa civilizaci\u00f3n,\nconversamos con Gabri, un xoieiro artes\u00e1n cun taller na Ramallosa\nque leva m\u00e1is de 15 anos dedic\u00e1ndose a esta profesi\u00f3n. O seu lema\n\u00e9 \u201cA Pequena f\u00e1brica de so\u00f1os\u201d pois ten claro que o seu oficio\n\u00e9 iso,  facer realidade os so\u00f1os das s\u00faas clientas e clientes.<\/p>\n\n\n\n<p>Na\nourivar\u00eda xa non conta s\u00f3 a man do home, sen\u00f3n que se avanzou\nmoit\u00edsimo no dese\u00f1o de maquinaria para poder fabricar xoias, a gran\nescala e para unha venda masiva de mill\u00f3ns de pezas. Neste sector\nhoubo m\u00e1is cambios na maneira de traballar na \u00faltima d\u00e9cada, ca\nnos \u00faltimos cen anos. Para poder cubrir a demanda dos clientes da\ns\u00e9culo XXI, estes ourives necesitan traballar m\u00e1is r\u00e1pido, mellor\ne fabricar dese\u00f1os m\u00e1is dif\u00edciles e complexos. Neste momento entra\na nova tecnolox\u00eda, \u00e9 inviable dedicar unha semana a fabricar unha\npeza porque o custo ser\u00eda elevad\u00edsimo para o cliente. A esencia da\nourivar\u00eda \u00e9 crear, os nosos antepasados fac\u00edano a man, non hab\u00eda\noutra cousa, pero agora, coas novas tecnolox\u00edas, t\u00e9\u00f1ense que\nactualizar para non quedar obsoletos e poder subsistir. Facer\ninvestimentos como en gravadoras l\u00e1ser, pulidos mec\u00e1nicos,\ninform\u00e1tica, estar presentes nas redes sociais e p\u00e1xina webs,  son\nelementos necesarios para a supervivencia destes pequenos talleres. \n<\/p>\n\n\n\n<p>A d\u00eda\nde hoxe, coa fabricaci\u00f3n China, que non tardan m\u00e1is de quince d\u00edas\nen copiar un dese\u00f1o dunha peza, ou mesmo as fabricas italianas, que\nfabrican as pezas por mill\u00f3ns para unha venda mundial. Para o\nxoieiro artes\u00e1n cun pequeno taller, o seu futuro pasa por dedicarse\nexclusivamente ao dese\u00f1o e venda de xoias exclusivas e\npersonalizadas, non pode competir coas grandes industrias e se non\nconsegue facer mercado persoal para este tipo de xoias non poder\u00e1\nsubsistir e o peche do seu pequeno negocio ser\u00e1 nun futuro m\u00e1is que\npr\u00f3ximo.<\/p>\n\n\n\n<p><em>\u00c9\nunha m\u00e1goa que permitamos que a globalizaci\u00f3n e o consumo masivo\ndeixen no cami\u00f1o a tanta xente cun pequeno negocio, do que subsiste\nxunto coa s\u00faa familia, para facer un mercado onde s\u00f3 poden competir\nas grandes empresas con vendas a trav\u00e9s de internet onde s\u00f3 se\npensa en ga\u00f1ar di\u00f1eiro, deixando totalmente exclu\u00eddo o trato\n\u00edntimo e persoal cos clientes.<\/em><\/p>\n","protected":false},"excerpt":{"rendered":"<div class=\"mh-excerpt\"><p>Estamos a vivir nun mundo globalizado e industrializado onde todo o que se produce para o noso consumo faise en f\u00e1bricas e de maneira robotizada <a class=\"mh-excerpt-more\" href=\"https:\/\/www.anovapeneira.gal\/index.php\/2020\/01\/27\/os-oficios-artesanais-a-ourivaria\/\" title=\"Os oficios artesanais: a ourivar\u00eda\">[&#8230;]<\/a><\/p>\n<\/div>","protected":false},"author":17,"featured_media":2367,"comment_status":"open","ping_status":"open","sticky":false,"template":"","format":"standard","meta":{"_exactmetrics_skip_tracking":false,"_exactmetrics_sitenote_active":false,"_exactmetrics_sitenote_note":"","_exactmetrics_sitenote_category":0,"footnotes":""},"categories":[589],"tags":[926,925,928],"class_list":{"0":"post-2365","1":"post","2":"type-post","3":"status-publish","4":"format-standard","5":"has-post-thumbnail","7":"category-reportaxe_galicia","8":"tag-artes-e-oficios","9":"tag-ouriveria","10":"tag-patrimonio-cultural"},"yoast_head":"<!-- This site is optimized with the Yoast SEO plugin v27.4 - https:\/\/yoast.com\/product\/yoast-seo-wordpress\/ -->\n<title>Os oficios artesanais: a ourivar\u00eda -<\/title>\n<meta name=\"robots\" content=\"index, follow, max-snippet:-1, max-image-preview:large, max-video-preview:-1\" \/>\n<link rel=\"canonical\" href=\"https:\/\/www.anovapeneira.gal\/index.php\/2020\/01\/27\/os-oficios-artesanais-a-ourivaria\/\" \/>\n<meta property=\"og:locale\" content=\"gl_ES\" \/>\n<meta property=\"og:type\" content=\"article\" \/>\n<meta property=\"og:title\" content=\"Os oficios artesanais: a ourivar\u00eda -\" \/>\n<meta property=\"og:description\" content=\"Estamos a vivir nun mundo globalizado e industrializado onde todo o que se produce para o noso consumo faise en f\u00e1bricas e de maneira robotizada [...]\" \/>\n<meta property=\"og:url\" content=\"https:\/\/www.anovapeneira.gal\/index.php\/2020\/01\/27\/os-oficios-artesanais-a-ourivaria\/\" \/>\n<meta property=\"article:publisher\" content=\"https:\/\/www.facebook.com\/anovapeneira\" \/>\n<meta property=\"article:published_time\" content=\"2020-01-27T09:00:13+00:00\" \/>\n<meta property=\"og:image\" content=\"https:\/\/www.anovapeneira.gal\/wp-content\/uploads\/2020\/01\/fabrica_de_sonos_a_nova_peneira.jpg\" \/>\n\t<meta property=\"og:image:width\" content=\"720\" \/>\n\t<meta property=\"og:image:height\" content=\"432\" \/>\n\t<meta property=\"og:image:type\" content=\"image\/jpeg\" \/>\n<meta name=\"author\" content=\"G. Figueiredo\" \/>\n<meta name=\"twitter:card\" content=\"summary_large_image\" \/>\n<meta name=\"twitter:creator\" content=\"@APeneira\" \/>\n<meta name=\"twitter:site\" content=\"@APeneira\" \/>\n<meta name=\"twitter:label1\" content=\"Escrito por\" \/>\n\t<meta name=\"twitter:data1\" content=\"G. Figueiredo\" \/>\n\t<meta name=\"twitter:label2\" content=\"Tempo de lectura\" \/>\n\t<meta name=\"twitter:data2\" content=\"4 minutos\" \/>\n<script type=\"application\/ld+json\" class=\"yoast-schema-graph\">{\"@context\":\"https:\\\/\\\/schema.org\",\"@graph\":[{\"@type\":\"Article\",\"@id\":\"https:\\\/\\\/www.anovapeneira.gal\\\/index.php\\\/2020\\\/01\\\/27\\\/os-oficios-artesanais-a-ourivaria\\\/#article\",\"isPartOf\":{\"@id\":\"https:\\\/\\\/www.anovapeneira.gal\\\/index.php\\\/2020\\\/01\\\/27\\\/os-oficios-artesanais-a-ourivaria\\\/\"},\"author\":{\"name\":\"G. Figueiredo\",\"@id\":\"https:\\\/\\\/www.anovapeneira.gal\\\/#\\\/schema\\\/person\\\/42f904d7cac80cf3f5a31494dd82a9b6\"},\"headline\":\"Os oficios artesanais: a ourivar\u00eda\",\"datePublished\":\"2020-01-27T09:00:13+00:00\",\"mainEntityOfPage\":{\"@id\":\"https:\\\/\\\/www.anovapeneira.gal\\\/index.php\\\/2020\\\/01\\\/27\\\/os-oficios-artesanais-a-ourivaria\\\/\"},\"wordCount\":726,\"commentCount\":0,\"publisher\":{\"@id\":\"https:\\\/\\\/www.anovapeneira.gal\\\/#organization\"},\"image\":{\"@id\":\"https:\\\/\\\/www.anovapeneira.gal\\\/index.php\\\/2020\\\/01\\\/27\\\/os-oficios-artesanais-a-ourivaria\\\/#primaryimage\"},\"thumbnailUrl\":\"https:\\\/\\\/www.anovapeneira.gal\\\/wp-content\\\/uploads\\\/2020\\\/01\\\/fabrica_de_sonos_a_nova_peneira.jpg\",\"keywords\":[\"Artes e Oficios\",\"Ouriver\u00eda\",\"Patrimonio cultural\"],\"articleSection\":[\"Reportaxes\"],\"inLanguage\":\"gl-ES\",\"potentialAction\":[{\"@type\":\"CommentAction\",\"name\":\"Comment\",\"target\":[\"https:\\\/\\\/www.anovapeneira.gal\\\/index.php\\\/2020\\\/01\\\/27\\\/os-oficios-artesanais-a-ourivaria\\\/#respond\"]}]},{\"@type\":\"WebPage\",\"@id\":\"https:\\\/\\\/www.anovapeneira.gal\\\/index.php\\\/2020\\\/01\\\/27\\\/os-oficios-artesanais-a-ourivaria\\\/\",\"url\":\"https:\\\/\\\/www.anovapeneira.gal\\\/index.php\\\/2020\\\/01\\\/27\\\/os-oficios-artesanais-a-ourivaria\\\/\",\"name\":\"Os oficios artesanais: a ourivar\u00eda -\",\"isPartOf\":{\"@id\":\"https:\\\/\\\/www.anovapeneira.gal\\\/#website\"},\"primaryImageOfPage\":{\"@id\":\"https:\\\/\\\/www.anovapeneira.gal\\\/index.php\\\/2020\\\/01\\\/27\\\/os-oficios-artesanais-a-ourivaria\\\/#primaryimage\"},\"image\":{\"@id\":\"https:\\\/\\\/www.anovapeneira.gal\\\/index.php\\\/2020\\\/01\\\/27\\\/os-oficios-artesanais-a-ourivaria\\\/#primaryimage\"},\"thumbnailUrl\":\"https:\\\/\\\/www.anovapeneira.gal\\\/wp-content\\\/uploads\\\/2020\\\/01\\\/fabrica_de_sonos_a_nova_peneira.jpg\",\"datePublished\":\"2020-01-27T09:00:13+00:00\",\"breadcrumb\":{\"@id\":\"https:\\\/\\\/www.anovapeneira.gal\\\/index.php\\\/2020\\\/01\\\/27\\\/os-oficios-artesanais-a-ourivaria\\\/#breadcrumb\"},\"inLanguage\":\"gl-ES\",\"potentialAction\":[{\"@type\":\"ReadAction\",\"target\":[\"https:\\\/\\\/www.anovapeneira.gal\\\/index.php\\\/2020\\\/01\\\/27\\\/os-oficios-artesanais-a-ourivaria\\\/\"]}]},{\"@type\":\"ImageObject\",\"inLanguage\":\"gl-ES\",\"@id\":\"https:\\\/\\\/www.anovapeneira.gal\\\/index.php\\\/2020\\\/01\\\/27\\\/os-oficios-artesanais-a-ourivaria\\\/#primaryimage\",\"url\":\"https:\\\/\\\/www.anovapeneira.gal\\\/wp-content\\\/uploads\\\/2020\\\/01\\\/fabrica_de_sonos_a_nova_peneira.jpg\",\"contentUrl\":\"https:\\\/\\\/www.anovapeneira.gal\\\/wp-content\\\/uploads\\\/2020\\\/01\\\/fabrica_de_sonos_a_nova_peneira.jpg\",\"width\":720,\"height\":432,\"caption\":\"Ouriver\u00eda Artes e Oficios A Nova Peneira\"},{\"@type\":\"BreadcrumbList\",\"@id\":\"https:\\\/\\\/www.anovapeneira.gal\\\/index.php\\\/2020\\\/01\\\/27\\\/os-oficios-artesanais-a-ourivaria\\\/#breadcrumb\",\"itemListElement\":[{\"@type\":\"ListItem\",\"position\":1,\"name\":\"Portada\",\"item\":\"https:\\\/\\\/www.anovapeneira.gal\\\/\"},{\"@type\":\"ListItem\",\"position\":2,\"name\":\"Os oficios artesanais: a ourivar\u00eda\"}]},{\"@type\":\"WebSite\",\"@id\":\"https:\\\/\\\/www.anovapeneira.gal\\\/#website\",\"url\":\"https:\\\/\\\/www.anovapeneira.gal\\\/\",\"name\":\"\",\"description\":\"Xornal galego de informaci\u00f3n xeral Publicaci\u00f3n mensual de novas de Galicia e en especial dos Concellos da sur da provincia de Pontevedra.\",\"publisher\":{\"@id\":\"https:\\\/\\\/www.anovapeneira.gal\\\/#organization\"},\"potentialAction\":[{\"@type\":\"SearchAction\",\"target\":{\"@type\":\"EntryPoint\",\"urlTemplate\":\"https:\\\/\\\/www.anovapeneira.gal\\\/?s={search_term_string}\"},\"query-input\":{\"@type\":\"PropertyValueSpecification\",\"valueRequired\":true,\"valueName\":\"search_term_string\"}}],\"inLanguage\":\"gl-ES\"},{\"@type\":\"Organization\",\"@id\":\"https:\\\/\\\/www.anovapeneira.gal\\\/#organization\",\"name\":\"A Nova Peneira\",\"url\":\"https:\\\/\\\/www.anovapeneira.gal\\\/\",\"logo\":{\"@type\":\"ImageObject\",\"inLanguage\":\"gl-ES\",\"@id\":\"https:\\\/\\\/www.anovapeneira.gal\\\/#\\\/schema\\\/logo\\\/image\\\/\",\"url\":\"http:\\\/\\\/www.anovapeneira.gal\\\/wp-content\\\/uploads\\\/2019\\\/06\\\/logo_a_nova_peneira_portal_web.png\",\"contentUrl\":\"http:\\\/\\\/www.anovapeneira.gal\\\/wp-content\\\/uploads\\\/2019\\\/06\\\/logo_a_nova_peneira_portal_web.png\",\"width\":300,\"height\":100,\"caption\":\"A Nova Peneira\"},\"image\":{\"@id\":\"https:\\\/\\\/www.anovapeneira.gal\\\/#\\\/schema\\\/logo\\\/image\\\/\"},\"sameAs\":[\"https:\\\/\\\/www.facebook.com\\\/anovapeneira\",\"https:\\\/\\\/x.com\\\/APeneira\"]},{\"@type\":\"Person\",\"@id\":\"https:\\\/\\\/www.anovapeneira.gal\\\/#\\\/schema\\\/person\\\/42f904d7cac80cf3f5a31494dd82a9b6\",\"name\":\"G. Figueiredo\",\"image\":{\"@type\":\"ImageObject\",\"inLanguage\":\"gl-ES\",\"@id\":\"https:\\\/\\\/secure.gravatar.com\\\/avatar\\\/2d970086688458e0398ef8b84f5cbb8cc1ec3ab115aeb8435135a9f556af97b3?s=96&d=mm&r=g\",\"url\":\"https:\\\/\\\/secure.gravatar.com\\\/avatar\\\/2d970086688458e0398ef8b84f5cbb8cc1ec3ab115aeb8435135a9f556af97b3?s=96&d=mm&r=g\",\"contentUrl\":\"https:\\\/\\\/secure.gravatar.com\\\/avatar\\\/2d970086688458e0398ef8b84f5cbb8cc1ec3ab115aeb8435135a9f556af97b3?s=96&d=mm&r=g\",\"caption\":\"G. Figueiredo\"},\"sameAs\":[\"http:\\\/\\\/www.anovapeneira.gal\\\/\"],\"url\":\"https:\\\/\\\/www.anovapeneira.gal\\\/index.php\\\/author\\\/g-figueiredo\\\/\"}]}<\/script>\n<!-- \/ Yoast SEO plugin. -->","yoast_head_json":{"title":"Os oficios artesanais: a ourivar\u00eda -","robots":{"index":"index","follow":"follow","max-snippet":"max-snippet:-1","max-image-preview":"max-image-preview:large","max-video-preview":"max-video-preview:-1"},"canonical":"https:\/\/www.anovapeneira.gal\/index.php\/2020\/01\/27\/os-oficios-artesanais-a-ourivaria\/","og_locale":"gl_ES","og_type":"article","og_title":"Os oficios artesanais: a ourivar\u00eda -","og_description":"Estamos a vivir nun mundo globalizado e industrializado onde todo o que se produce para o noso consumo faise en f\u00e1bricas e de maneira robotizada [...]","og_url":"https:\/\/www.anovapeneira.gal\/index.php\/2020\/01\/27\/os-oficios-artesanais-a-ourivaria\/","article_publisher":"https:\/\/www.facebook.com\/anovapeneira","article_published_time":"2020-01-27T09:00:13+00:00","og_image":[{"width":720,"height":432,"url":"https:\/\/www.anovapeneira.gal\/wp-content\/uploads\/2020\/01\/fabrica_de_sonos_a_nova_peneira.jpg","type":"image\/jpeg"}],"author":"G. Figueiredo","twitter_card":"summary_large_image","twitter_creator":"@APeneira","twitter_site":"@APeneira","twitter_misc":{"Escrito por":"G. Figueiredo","Tempo de lectura":"4 minutos"},"schema":{"@context":"https:\/\/schema.org","@graph":[{"@type":"Article","@id":"https:\/\/www.anovapeneira.gal\/index.php\/2020\/01\/27\/os-oficios-artesanais-a-ourivaria\/#article","isPartOf":{"@id":"https:\/\/www.anovapeneira.gal\/index.php\/2020\/01\/27\/os-oficios-artesanais-a-ourivaria\/"},"author":{"name":"G. Figueiredo","@id":"https:\/\/www.anovapeneira.gal\/#\/schema\/person\/42f904d7cac80cf3f5a31494dd82a9b6"},"headline":"Os oficios artesanais: a ourivar\u00eda","datePublished":"2020-01-27T09:00:13+00:00","mainEntityOfPage":{"@id":"https:\/\/www.anovapeneira.gal\/index.php\/2020\/01\/27\/os-oficios-artesanais-a-ourivaria\/"},"wordCount":726,"commentCount":0,"publisher":{"@id":"https:\/\/www.anovapeneira.gal\/#organization"},"image":{"@id":"https:\/\/www.anovapeneira.gal\/index.php\/2020\/01\/27\/os-oficios-artesanais-a-ourivaria\/#primaryimage"},"thumbnailUrl":"https:\/\/www.anovapeneira.gal\/wp-content\/uploads\/2020\/01\/fabrica_de_sonos_a_nova_peneira.jpg","keywords":["Artes e Oficios","Ouriver\u00eda","Patrimonio cultural"],"articleSection":["Reportaxes"],"inLanguage":"gl-ES","potentialAction":[{"@type":"CommentAction","name":"Comment","target":["https:\/\/www.anovapeneira.gal\/index.php\/2020\/01\/27\/os-oficios-artesanais-a-ourivaria\/#respond"]}]},{"@type":"WebPage","@id":"https:\/\/www.anovapeneira.gal\/index.php\/2020\/01\/27\/os-oficios-artesanais-a-ourivaria\/","url":"https:\/\/www.anovapeneira.gal\/index.php\/2020\/01\/27\/os-oficios-artesanais-a-ourivaria\/","name":"Os oficios artesanais: a ourivar\u00eda -","isPartOf":{"@id":"https:\/\/www.anovapeneira.gal\/#website"},"primaryImageOfPage":{"@id":"https:\/\/www.anovapeneira.gal\/index.php\/2020\/01\/27\/os-oficios-artesanais-a-ourivaria\/#primaryimage"},"image":{"@id":"https:\/\/www.anovapeneira.gal\/index.php\/2020\/01\/27\/os-oficios-artesanais-a-ourivaria\/#primaryimage"},"thumbnailUrl":"https:\/\/www.anovapeneira.gal\/wp-content\/uploads\/2020\/01\/fabrica_de_sonos_a_nova_peneira.jpg","datePublished":"2020-01-27T09:00:13+00:00","breadcrumb":{"@id":"https:\/\/www.anovapeneira.gal\/index.php\/2020\/01\/27\/os-oficios-artesanais-a-ourivaria\/#breadcrumb"},"inLanguage":"gl-ES","potentialAction":[{"@type":"ReadAction","target":["https:\/\/www.anovapeneira.gal\/index.php\/2020\/01\/27\/os-oficios-artesanais-a-ourivaria\/"]}]},{"@type":"ImageObject","inLanguage":"gl-ES","@id":"https:\/\/www.anovapeneira.gal\/index.php\/2020\/01\/27\/os-oficios-artesanais-a-ourivaria\/#primaryimage","url":"https:\/\/www.anovapeneira.gal\/wp-content\/uploads\/2020\/01\/fabrica_de_sonos_a_nova_peneira.jpg","contentUrl":"https:\/\/www.anovapeneira.gal\/wp-content\/uploads\/2020\/01\/fabrica_de_sonos_a_nova_peneira.jpg","width":720,"height":432,"caption":"Ouriver\u00eda Artes e Oficios A Nova Peneira"},{"@type":"BreadcrumbList","@id":"https:\/\/www.anovapeneira.gal\/index.php\/2020\/01\/27\/os-oficios-artesanais-a-ourivaria\/#breadcrumb","itemListElement":[{"@type":"ListItem","position":1,"name":"Portada","item":"https:\/\/www.anovapeneira.gal\/"},{"@type":"ListItem","position":2,"name":"Os oficios artesanais: a ourivar\u00eda"}]},{"@type":"WebSite","@id":"https:\/\/www.anovapeneira.gal\/#website","url":"https:\/\/www.anovapeneira.gal\/","name":"","description":"Xornal galego de informaci\u00f3n xeral Publicaci\u00f3n mensual de novas de Galicia e en especial dos Concellos da sur da provincia de Pontevedra.","publisher":{"@id":"https:\/\/www.anovapeneira.gal\/#organization"},"potentialAction":[{"@type":"SearchAction","target":{"@type":"EntryPoint","urlTemplate":"https:\/\/www.anovapeneira.gal\/?s={search_term_string}"},"query-input":{"@type":"PropertyValueSpecification","valueRequired":true,"valueName":"search_term_string"}}],"inLanguage":"gl-ES"},{"@type":"Organization","@id":"https:\/\/www.anovapeneira.gal\/#organization","name":"A Nova Peneira","url":"https:\/\/www.anovapeneira.gal\/","logo":{"@type":"ImageObject","inLanguage":"gl-ES","@id":"https:\/\/www.anovapeneira.gal\/#\/schema\/logo\/image\/","url":"http:\/\/www.anovapeneira.gal\/wp-content\/uploads\/2019\/06\/logo_a_nova_peneira_portal_web.png","contentUrl":"http:\/\/www.anovapeneira.gal\/wp-content\/uploads\/2019\/06\/logo_a_nova_peneira_portal_web.png","width":300,"height":100,"caption":"A Nova Peneira"},"image":{"@id":"https:\/\/www.anovapeneira.gal\/#\/schema\/logo\/image\/"},"sameAs":["https:\/\/www.facebook.com\/anovapeneira","https:\/\/x.com\/APeneira"]},{"@type":"Person","@id":"https:\/\/www.anovapeneira.gal\/#\/schema\/person\/42f904d7cac80cf3f5a31494dd82a9b6","name":"G. Figueiredo","image":{"@type":"ImageObject","inLanguage":"gl-ES","@id":"https:\/\/secure.gravatar.com\/avatar\/2d970086688458e0398ef8b84f5cbb8cc1ec3ab115aeb8435135a9f556af97b3?s=96&d=mm&r=g","url":"https:\/\/secure.gravatar.com\/avatar\/2d970086688458e0398ef8b84f5cbb8cc1ec3ab115aeb8435135a9f556af97b3?s=96&d=mm&r=g","contentUrl":"https:\/\/secure.gravatar.com\/avatar\/2d970086688458e0398ef8b84f5cbb8cc1ec3ab115aeb8435135a9f556af97b3?s=96&d=mm&r=g","caption":"G. Figueiredo"},"sameAs":["http:\/\/www.anovapeneira.gal\/"],"url":"https:\/\/www.anovapeneira.gal\/index.php\/author\/g-figueiredo\/"}]}},"jetpack_featured_media_url":"https:\/\/www.anovapeneira.gal\/wp-content\/uploads\/2020\/01\/fabrica_de_sonos_a_nova_peneira.jpg","_links":{"self":[{"href":"https:\/\/www.anovapeneira.gal\/index.php\/wp-json\/wp\/v2\/posts\/2365","targetHints":{"allow":["GET"]}}],"collection":[{"href":"https:\/\/www.anovapeneira.gal\/index.php\/wp-json\/wp\/v2\/posts"}],"about":[{"href":"https:\/\/www.anovapeneira.gal\/index.php\/wp-json\/wp\/v2\/types\/post"}],"author":[{"embeddable":true,"href":"https:\/\/www.anovapeneira.gal\/index.php\/wp-json\/wp\/v2\/users\/17"}],"replies":[{"embeddable":true,"href":"https:\/\/www.anovapeneira.gal\/index.php\/wp-json\/wp\/v2\/comments?post=2365"}],"version-history":[{"count":1,"href":"https:\/\/www.anovapeneira.gal\/index.php\/wp-json\/wp\/v2\/posts\/2365\/revisions"}],"predecessor-version":[{"id":2368,"href":"https:\/\/www.anovapeneira.gal\/index.php\/wp-json\/wp\/v2\/posts\/2365\/revisions\/2368"}],"wp:featuredmedia":[{"embeddable":true,"href":"https:\/\/www.anovapeneira.gal\/index.php\/wp-json\/wp\/v2\/media\/2367"}],"wp:attachment":[{"href":"https:\/\/www.anovapeneira.gal\/index.php\/wp-json\/wp\/v2\/media?parent=2365"}],"wp:term":[{"taxonomy":"category","embeddable":true,"href":"https:\/\/www.anovapeneira.gal\/index.php\/wp-json\/wp\/v2\/categories?post=2365"},{"taxonomy":"post_tag","embeddable":true,"href":"https:\/\/www.anovapeneira.gal\/index.php\/wp-json\/wp\/v2\/tags?post=2365"}],"curies":[{"name":"wp","href":"https:\/\/api.w.org\/{rel}","templated":true}]}}