{"id":2372,"date":"2020-01-27T14:00:42","date_gmt":"2020-01-27T13:00:42","guid":{"rendered":"http:\/\/www.anovapeneira.gal\/?p=2372"},"modified":"2020-01-26T09:05:07","modified_gmt":"2020-01-26T08:05:07","slug":"sobre-a-moral-a-convivencia-pacifica-e-o-partido-popular","status":"publish","type":"post","link":"https:\/\/www.anovapeneira.gal\/index.php\/2020\/01\/27\/sobre-a-moral-a-convivencia-pacifica-e-o-partido-popular\/","title":{"rendered":"Sobre a moral, a convivencia pac\u00edfica  e o Partido Popular"},"content":{"rendered":"\n<figure class=\"wp-block-image size-large is-resized\"><img loading=\"lazy\" decoding=\"async\" src=\"http:\/\/www.anovapeneira.gal\/wp-content\/uploads\/2019\/05\/tino_lago_director_a_nova_peneira.jpg\" alt=\"Tino Lago director a Nova Peneira\" class=\"wp-image-189\" width=\"95\" height=\"111\"\/><figcaption>Tino Lago director a Nova Peneira<\/figcaption><\/figure>\n\n\n\n<p>Nun acto social, celebrado en Galicia, ao que recentemente me vin obrigado a asistir, conversaba cunha persoa natural dun pa\u00eds americano, eu falaba no meu idioma, no mesmo que penso sinto e escribo, e ela falaba no seu, no que todos os cidad\u00e1ns do reino de Espa\u00f1a estamos obrigados por lei a co\u00f1ecer,  entendi\u00e1monos \u00e1 perfecci\u00f3n e a conversa discorr\u00eda con cordialidade e respecto mutuo, cando a unha terceira persoa que non estaba participando na nosa charla ocorr\u00e9uselle dicirme o que xamais ningu\u00e9n se atrevera a dicirme nunca \u00e1 cara:\u201dHabla en espa\u00f1ol \u00a1\u00a1 no ves que no te entiende\u00a1\u00a1\u201d.Despois da mi\u00f1a mirada , directamente aos seus ollos, dura como o aceiro e fr\u00eda como o xeo, o potencial represor cesou nas s\u00faas intenci\u00f3ns represoras e puiden seguir conversando, eu no meu idioma e ela no seu, de maneira amigable  coa mi\u00f1a interlocutora sen o m\u00e1is m\u00ednimo problema. Este desagradable episodio veume varias veces \u00e1 memoria no transcurso do recente debate de investidura do presidente Pedro S\u00e1nchez, cando ollaba as intervenci\u00f3ns dos tres representantes da dereita espa\u00f1ola que trataban de oporse \u00e1 conformaci\u00f3n do goberno que maioritariamente votamos os cidad\u00e1ns e cidad\u00e1s do estado, cunha violencia verbal que desbordaba a linguaxe b\u00e9lica e que exemplificaba, ao meu xu\u00edzo, o feito de que todos os represores, xa sexan en potencia xa en acto, te\u00f1en o mesmo problema e responden a un id\u00e9ntico perfil: confunden o pol\u00edtico co moral e interpretan o que non deixa de ser unha posici\u00f3n pol\u00edtica nesa chave. E canto m\u00e1is afastada estea a posici\u00f3n interpretada, dos par\u00e1metros morais de quen a interpreta desa maneira, m\u00e1is indigno como ser humano ser\u00e1 aos ollos do represor fanatizado, quen te\u00f1a a desgraza de ser analizado neses termos. \u201cFel\u00f3n, traidor, presidente fake, villano de c\u00f3mic&#8230;\u201d non son adxectivos que se poidan enmarcar dentro do contexto da lex\u00edtima cr\u00edtica pol\u00edtica, son interpretaci\u00f3ns morais perigos\u00edsimas porque espallan a semente do odio e xeran un clima co que s\u00f3 un irresponsable ou un psic\u00f3pata se pode sentir a gusto. E non, ning\u00fan ser humano dos que existiron no pasado, existimos no presente e existan no futuro, ao longo de todo o tempo que nos quede \u00e1 especie humana, temos o patrimonio exclusivo da moralidade. Todo aquelo que non caiba no interior da arquitectura dos nosos par\u00e1metros morais pode ser tan \u00e9tico ou m\u00e1is como o que si cabe, e non temos dereito a interpretar como inmoral a unha persoa que defenda unha posici\u00f3n pol\u00edtica diferente \u00e1 nosa, unha e mil veces  digo con toda a contundencia que son capaz que ningu\u00e9n ten dereito a facelo, e que quen o fai \u00e9 o verdadeiro problema o que dificulta en verdade a convivencia pac\u00edfica dunha sociedade e o que debe ser combatido con doses masivas de pedagox\u00eda para que a infecci\u00f3n que transmite quede reducida \u00e1 m\u00ednima expresi\u00f3n posible. Calquera proceso de fanatizaci\u00f3n que converta a unha persoa normal nun fan\u00e1tico segue sempre tres fases, a primeira resulta da confusi\u00f3n do pol\u00edtico co moral, a segunda consiste en despersonalizar ao que pasa de ser adversario a inimigo( \u201clos enemigos de Espa\u00f1a\u201d di a dereita espa\u00f1ola) e en desposu\u00edrlle  da s\u00faa condici\u00f3n de ser humano, e a \u00faltima e definitiva \u00e9 indefectiblemente a violencia. A ultradereita espa\u00f1ola est\u00e1 xa na fronteira entre o punto final da primeira e o inicial da segunda das fases, e a s\u00faa delirante din\u00e1mica dial\u00e9ctica de cualificar como inimigos aos que non pensamos como eles est\u00e1 a ser asumida polo principal partido da dereita espa\u00f1ola, o partido popular .Agardo que  goberno do estado sexa capaz de resistir a presi\u00f3n abafadora \u00e1 que vai ser sometido, e queiran, saiban e poidan facer efectivas medidas pol\u00edticas que beneficien \u00e1s maior\u00edas sociais m\u00e1is amplas posibles e como consecuencia agrome un clima de tranquilidade social que posibilite nas vindeiras elecci\u00f3ns auton\u00f3micas desaloxar democraticamente da Xunta de Galicia a un goberno nocivo para o pa\u00eds galego.<\/p>\n\n\n\n<p><strong>PS. Parab\u00e9ns\nemocionados \u00e1 sociedade de Ver\u00edn en xeral, e \u00e1s s\u00faas mulleres en\nparticular, pola s\u00faa loita e dignidade.<\/strong><\/p>\n","protected":false},"excerpt":{"rendered":"<div class=\"mh-excerpt\"><p>Nun acto social, celebrado en Galicia, ao que recentemente me vin obrigado a asistir, conversaba cunha persoa natural dun pa\u00eds americano, eu falaba no meu idioma, no mesmo que penso sinto e escribo, e ela <a class=\"mh-excerpt-more\" href=\"https:\/\/www.anovapeneira.gal\/index.php\/2020\/01\/27\/sobre-a-moral-a-convivencia-pacifica-e-o-partido-popular\/\" title=\"Sobre a moral, a convivencia pac\u00edfica  e o Partido Popular\">[&#8230;]<\/a><\/p>\n<\/div>","protected":false},"author":2,"featured_media":913,"comment_status":"open","ping_status":"open","sticky":false,"template":"","format":"standard","meta":{"_exactmetrics_skip_tracking":false,"_exactmetrics_sitenote_active":false,"_exactmetrics_sitenote_note":"","_exactmetrics_sitenote_category":0,"footnotes":""},"categories":[61],"tags":[484],"class_list":{"0":"post-2372","1":"post","2":"type-post","3":"status-publish","4":"format-standard","5":"has-post-thumbnail","7":"category-artigo-editorial","8":"tag-lingua-galega"},"yoast_head":"<!-- This site is optimized with the Yoast SEO plugin v27.4 - https:\/\/yoast.com\/product\/yoast-seo-wordpress\/ -->\n<title>Sobre a moral, a convivencia pac\u00edfica e o Partido Popular -<\/title>\n<meta name=\"robots\" content=\"index, follow, max-snippet:-1, max-image-preview:large, max-video-preview:-1\" \/>\n<link rel=\"canonical\" href=\"https:\/\/www.anovapeneira.gal\/index.php\/2020\/01\/27\/sobre-a-moral-a-convivencia-pacifica-e-o-partido-popular\/\" \/>\n<meta property=\"og:locale\" content=\"gl_ES\" \/>\n<meta property=\"og:type\" content=\"article\" \/>\n<meta property=\"og:title\" content=\"Sobre a moral, a convivencia pac\u00edfica e o Partido Popular -\" \/>\n<meta property=\"og:description\" content=\"Nun acto social, celebrado en Galicia, ao que recentemente me vin obrigado a asistir, conversaba cunha persoa natural dun pa\u00eds americano, eu falaba no meu idioma, no mesmo que penso sinto e escribo, e ela [...]\" \/>\n<meta property=\"og:url\" content=\"https:\/\/www.anovapeneira.gal\/index.php\/2020\/01\/27\/sobre-a-moral-a-convivencia-pacifica-e-o-partido-popular\/\" \/>\n<meta property=\"article:publisher\" content=\"https:\/\/www.facebook.com\/anovapeneira\" \/>\n<meta property=\"article:published_time\" content=\"2020-01-27T13:00:42+00:00\" \/>\n<meta property=\"og:image\" content=\"https:\/\/www.anovapeneira.gal\/wp-content\/uploads\/2019\/08\/artigo_editorial_a_nova_peneira.jpg\" \/>\n\t<meta property=\"og:image:width\" content=\"720\" \/>\n\t<meta property=\"og:image:height\" content=\"473\" \/>\n\t<meta property=\"og:image:type\" content=\"image\/jpeg\" \/>\n<meta name=\"author\" content=\"Tino Lago\" \/>\n<meta name=\"twitter:card\" content=\"summary_large_image\" \/>\n<meta name=\"twitter:creator\" content=\"@APeneira\" \/>\n<meta name=\"twitter:site\" content=\"@APeneira\" \/>\n<meta name=\"twitter:label1\" content=\"Escrito por\" \/>\n\t<meta name=\"twitter:data1\" content=\"Tino Lago\" \/>\n\t<meta name=\"twitter:label2\" content=\"Tempo de lectura\" \/>\n\t<meta name=\"twitter:data2\" content=\"4 minutos\" \/>\n<script type=\"application\/ld+json\" class=\"yoast-schema-graph\">{\"@context\":\"https:\\\/\\\/schema.org\",\"@graph\":[{\"@type\":\"Article\",\"@id\":\"https:\\\/\\\/www.anovapeneira.gal\\\/index.php\\\/2020\\\/01\\\/27\\\/sobre-a-moral-a-convivencia-pacifica-e-o-partido-popular\\\/#article\",\"isPartOf\":{\"@id\":\"https:\\\/\\\/www.anovapeneira.gal\\\/index.php\\\/2020\\\/01\\\/27\\\/sobre-a-moral-a-convivencia-pacifica-e-o-partido-popular\\\/\"},\"author\":{\"name\":\"Tino Lago\",\"@id\":\"https:\\\/\\\/www.anovapeneira.gal\\\/#\\\/schema\\\/person\\\/424dfe65e3070fd8a44d22d2c088762a\"},\"headline\":\"Sobre a moral, a convivencia pac\u00edfica e o Partido Popular\",\"datePublished\":\"2020-01-27T13:00:42+00:00\",\"mainEntityOfPage\":{\"@id\":\"https:\\\/\\\/www.anovapeneira.gal\\\/index.php\\\/2020\\\/01\\\/27\\\/sobre-a-moral-a-convivencia-pacifica-e-o-partido-popular\\\/\"},\"wordCount\":753,\"commentCount\":0,\"publisher\":{\"@id\":\"https:\\\/\\\/www.anovapeneira.gal\\\/#organization\"},\"image\":{\"@id\":\"https:\\\/\\\/www.anovapeneira.gal\\\/index.php\\\/2020\\\/01\\\/27\\\/sobre-a-moral-a-convivencia-pacifica-e-o-partido-popular\\\/#primaryimage\"},\"thumbnailUrl\":\"https:\\\/\\\/www.anovapeneira.gal\\\/wp-content\\\/uploads\\\/2019\\\/08\\\/artigo_editorial_a_nova_peneira.jpg\",\"keywords\":[\"Lingua Galega\"],\"articleSection\":[\"Artigo editorial\"],\"inLanguage\":\"gl-ES\",\"potentialAction\":[{\"@type\":\"CommentAction\",\"name\":\"Comment\",\"target\":[\"https:\\\/\\\/www.anovapeneira.gal\\\/index.php\\\/2020\\\/01\\\/27\\\/sobre-a-moral-a-convivencia-pacifica-e-o-partido-popular\\\/#respond\"]}]},{\"@type\":\"WebPage\",\"@id\":\"https:\\\/\\\/www.anovapeneira.gal\\\/index.php\\\/2020\\\/01\\\/27\\\/sobre-a-moral-a-convivencia-pacifica-e-o-partido-popular\\\/\",\"url\":\"https:\\\/\\\/www.anovapeneira.gal\\\/index.php\\\/2020\\\/01\\\/27\\\/sobre-a-moral-a-convivencia-pacifica-e-o-partido-popular\\\/\",\"name\":\"Sobre a moral, a convivencia pac\u00edfica e o Partido Popular -\",\"isPartOf\":{\"@id\":\"https:\\\/\\\/www.anovapeneira.gal\\\/#website\"},\"primaryImageOfPage\":{\"@id\":\"https:\\\/\\\/www.anovapeneira.gal\\\/index.php\\\/2020\\\/01\\\/27\\\/sobre-a-moral-a-convivencia-pacifica-e-o-partido-popular\\\/#primaryimage\"},\"image\":{\"@id\":\"https:\\\/\\\/www.anovapeneira.gal\\\/index.php\\\/2020\\\/01\\\/27\\\/sobre-a-moral-a-convivencia-pacifica-e-o-partido-popular\\\/#primaryimage\"},\"thumbnailUrl\":\"https:\\\/\\\/www.anovapeneira.gal\\\/wp-content\\\/uploads\\\/2019\\\/08\\\/artigo_editorial_a_nova_peneira.jpg\",\"datePublished\":\"2020-01-27T13:00:42+00:00\",\"breadcrumb\":{\"@id\":\"https:\\\/\\\/www.anovapeneira.gal\\\/index.php\\\/2020\\\/01\\\/27\\\/sobre-a-moral-a-convivencia-pacifica-e-o-partido-popular\\\/#breadcrumb\"},\"inLanguage\":\"gl-ES\",\"potentialAction\":[{\"@type\":\"ReadAction\",\"target\":[\"https:\\\/\\\/www.anovapeneira.gal\\\/index.php\\\/2020\\\/01\\\/27\\\/sobre-a-moral-a-convivencia-pacifica-e-o-partido-popular\\\/\"]}]},{\"@type\":\"ImageObject\",\"inLanguage\":\"gl-ES\",\"@id\":\"https:\\\/\\\/www.anovapeneira.gal\\\/index.php\\\/2020\\\/01\\\/27\\\/sobre-a-moral-a-convivencia-pacifica-e-o-partido-popular\\\/#primaryimage\",\"url\":\"https:\\\/\\\/www.anovapeneira.gal\\\/wp-content\\\/uploads\\\/2019\\\/08\\\/artigo_editorial_a_nova_peneira.jpg\",\"contentUrl\":\"https:\\\/\\\/www.anovapeneira.gal\\\/wp-content\\\/uploads\\\/2019\\\/08\\\/artigo_editorial_a_nova_peneira.jpg\",\"width\":720,\"height\":473,\"caption\":\"Artigo editorial Tino Lago A Nova Peneira\"},{\"@type\":\"BreadcrumbList\",\"@id\":\"https:\\\/\\\/www.anovapeneira.gal\\\/index.php\\\/2020\\\/01\\\/27\\\/sobre-a-moral-a-convivencia-pacifica-e-o-partido-popular\\\/#breadcrumb\",\"itemListElement\":[{\"@type\":\"ListItem\",\"position\":1,\"name\":\"Portada\",\"item\":\"https:\\\/\\\/www.anovapeneira.gal\\\/\"},{\"@type\":\"ListItem\",\"position\":2,\"name\":\"Sobre a moral, a convivencia pac\u00edfica e o Partido Popular\"}]},{\"@type\":\"WebSite\",\"@id\":\"https:\\\/\\\/www.anovapeneira.gal\\\/#website\",\"url\":\"https:\\\/\\\/www.anovapeneira.gal\\\/\",\"name\":\"\",\"description\":\"Xornal galego de informaci\u00f3n xeral Publicaci\u00f3n mensual de novas de Galicia e en especial dos Concellos da sur da provincia de Pontevedra.\",\"publisher\":{\"@id\":\"https:\\\/\\\/www.anovapeneira.gal\\\/#organization\"},\"potentialAction\":[{\"@type\":\"SearchAction\",\"target\":{\"@type\":\"EntryPoint\",\"urlTemplate\":\"https:\\\/\\\/www.anovapeneira.gal\\\/?s={search_term_string}\"},\"query-input\":{\"@type\":\"PropertyValueSpecification\",\"valueRequired\":true,\"valueName\":\"search_term_string\"}}],\"inLanguage\":\"gl-ES\"},{\"@type\":\"Organization\",\"@id\":\"https:\\\/\\\/www.anovapeneira.gal\\\/#organization\",\"name\":\"A Nova Peneira\",\"url\":\"https:\\\/\\\/www.anovapeneira.gal\\\/\",\"logo\":{\"@type\":\"ImageObject\",\"inLanguage\":\"gl-ES\",\"@id\":\"https:\\\/\\\/www.anovapeneira.gal\\\/#\\\/schema\\\/logo\\\/image\\\/\",\"url\":\"http:\\\/\\\/www.anovapeneira.gal\\\/wp-content\\\/uploads\\\/2019\\\/06\\\/logo_a_nova_peneira_portal_web.png\",\"contentUrl\":\"http:\\\/\\\/www.anovapeneira.gal\\\/wp-content\\\/uploads\\\/2019\\\/06\\\/logo_a_nova_peneira_portal_web.png\",\"width\":300,\"height\":100,\"caption\":\"A Nova Peneira\"},\"image\":{\"@id\":\"https:\\\/\\\/www.anovapeneira.gal\\\/#\\\/schema\\\/logo\\\/image\\\/\"},\"sameAs\":[\"https:\\\/\\\/www.facebook.com\\\/anovapeneira\",\"https:\\\/\\\/x.com\\\/APeneira\"]},{\"@type\":\"Person\",\"@id\":\"https:\\\/\\\/www.anovapeneira.gal\\\/#\\\/schema\\\/person\\\/424dfe65e3070fd8a44d22d2c088762a\",\"name\":\"Tino Lago\",\"image\":{\"@type\":\"ImageObject\",\"inLanguage\":\"gl-ES\",\"@id\":\"https:\\\/\\\/secure.gravatar.com\\\/avatar\\\/b3df6a06e44bab3111583b90f0f33a0379ee5e3d22cbadd232d39f21c30c62be?s=96&d=mm&r=g\",\"url\":\"https:\\\/\\\/secure.gravatar.com\\\/avatar\\\/b3df6a06e44bab3111583b90f0f33a0379ee5e3d22cbadd232d39f21c30c62be?s=96&d=mm&r=g\",\"contentUrl\":\"https:\\\/\\\/secure.gravatar.com\\\/avatar\\\/b3df6a06e44bab3111583b90f0f33a0379ee5e3d22cbadd232d39f21c30c62be?s=96&d=mm&r=g\",\"caption\":\"Tino Lago\"},\"sameAs\":[\"http:\\\/\\\/www.anovapeneira.gal\"],\"url\":\"https:\\\/\\\/www.anovapeneira.gal\\\/index.php\\\/author\\\/director\\\/\"}]}<\/script>\n<!-- \/ Yoast SEO plugin. -->","yoast_head_json":{"title":"Sobre a moral, a convivencia pac\u00edfica e o Partido Popular -","robots":{"index":"index","follow":"follow","max-snippet":"max-snippet:-1","max-image-preview":"max-image-preview:large","max-video-preview":"max-video-preview:-1"},"canonical":"https:\/\/www.anovapeneira.gal\/index.php\/2020\/01\/27\/sobre-a-moral-a-convivencia-pacifica-e-o-partido-popular\/","og_locale":"gl_ES","og_type":"article","og_title":"Sobre a moral, a convivencia pac\u00edfica e o Partido Popular -","og_description":"Nun acto social, celebrado en Galicia, ao que recentemente me vin obrigado a asistir, conversaba cunha persoa natural dun pa\u00eds americano, eu falaba no meu idioma, no mesmo que penso sinto e escribo, e ela [...]","og_url":"https:\/\/www.anovapeneira.gal\/index.php\/2020\/01\/27\/sobre-a-moral-a-convivencia-pacifica-e-o-partido-popular\/","article_publisher":"https:\/\/www.facebook.com\/anovapeneira","article_published_time":"2020-01-27T13:00:42+00:00","og_image":[{"width":720,"height":473,"url":"https:\/\/www.anovapeneira.gal\/wp-content\/uploads\/2019\/08\/artigo_editorial_a_nova_peneira.jpg","type":"image\/jpeg"}],"author":"Tino Lago","twitter_card":"summary_large_image","twitter_creator":"@APeneira","twitter_site":"@APeneira","twitter_misc":{"Escrito por":"Tino Lago","Tempo de lectura":"4 minutos"},"schema":{"@context":"https:\/\/schema.org","@graph":[{"@type":"Article","@id":"https:\/\/www.anovapeneira.gal\/index.php\/2020\/01\/27\/sobre-a-moral-a-convivencia-pacifica-e-o-partido-popular\/#article","isPartOf":{"@id":"https:\/\/www.anovapeneira.gal\/index.php\/2020\/01\/27\/sobre-a-moral-a-convivencia-pacifica-e-o-partido-popular\/"},"author":{"name":"Tino Lago","@id":"https:\/\/www.anovapeneira.gal\/#\/schema\/person\/424dfe65e3070fd8a44d22d2c088762a"},"headline":"Sobre a moral, a convivencia pac\u00edfica e o Partido Popular","datePublished":"2020-01-27T13:00:42+00:00","mainEntityOfPage":{"@id":"https:\/\/www.anovapeneira.gal\/index.php\/2020\/01\/27\/sobre-a-moral-a-convivencia-pacifica-e-o-partido-popular\/"},"wordCount":753,"commentCount":0,"publisher":{"@id":"https:\/\/www.anovapeneira.gal\/#organization"},"image":{"@id":"https:\/\/www.anovapeneira.gal\/index.php\/2020\/01\/27\/sobre-a-moral-a-convivencia-pacifica-e-o-partido-popular\/#primaryimage"},"thumbnailUrl":"https:\/\/www.anovapeneira.gal\/wp-content\/uploads\/2019\/08\/artigo_editorial_a_nova_peneira.jpg","keywords":["Lingua Galega"],"articleSection":["Artigo editorial"],"inLanguage":"gl-ES","potentialAction":[{"@type":"CommentAction","name":"Comment","target":["https:\/\/www.anovapeneira.gal\/index.php\/2020\/01\/27\/sobre-a-moral-a-convivencia-pacifica-e-o-partido-popular\/#respond"]}]},{"@type":"WebPage","@id":"https:\/\/www.anovapeneira.gal\/index.php\/2020\/01\/27\/sobre-a-moral-a-convivencia-pacifica-e-o-partido-popular\/","url":"https:\/\/www.anovapeneira.gal\/index.php\/2020\/01\/27\/sobre-a-moral-a-convivencia-pacifica-e-o-partido-popular\/","name":"Sobre a moral, a convivencia pac\u00edfica e o Partido Popular -","isPartOf":{"@id":"https:\/\/www.anovapeneira.gal\/#website"},"primaryImageOfPage":{"@id":"https:\/\/www.anovapeneira.gal\/index.php\/2020\/01\/27\/sobre-a-moral-a-convivencia-pacifica-e-o-partido-popular\/#primaryimage"},"image":{"@id":"https:\/\/www.anovapeneira.gal\/index.php\/2020\/01\/27\/sobre-a-moral-a-convivencia-pacifica-e-o-partido-popular\/#primaryimage"},"thumbnailUrl":"https:\/\/www.anovapeneira.gal\/wp-content\/uploads\/2019\/08\/artigo_editorial_a_nova_peneira.jpg","datePublished":"2020-01-27T13:00:42+00:00","breadcrumb":{"@id":"https:\/\/www.anovapeneira.gal\/index.php\/2020\/01\/27\/sobre-a-moral-a-convivencia-pacifica-e-o-partido-popular\/#breadcrumb"},"inLanguage":"gl-ES","potentialAction":[{"@type":"ReadAction","target":["https:\/\/www.anovapeneira.gal\/index.php\/2020\/01\/27\/sobre-a-moral-a-convivencia-pacifica-e-o-partido-popular\/"]}]},{"@type":"ImageObject","inLanguage":"gl-ES","@id":"https:\/\/www.anovapeneira.gal\/index.php\/2020\/01\/27\/sobre-a-moral-a-convivencia-pacifica-e-o-partido-popular\/#primaryimage","url":"https:\/\/www.anovapeneira.gal\/wp-content\/uploads\/2019\/08\/artigo_editorial_a_nova_peneira.jpg","contentUrl":"https:\/\/www.anovapeneira.gal\/wp-content\/uploads\/2019\/08\/artigo_editorial_a_nova_peneira.jpg","width":720,"height":473,"caption":"Artigo editorial Tino Lago A Nova Peneira"},{"@type":"BreadcrumbList","@id":"https:\/\/www.anovapeneira.gal\/index.php\/2020\/01\/27\/sobre-a-moral-a-convivencia-pacifica-e-o-partido-popular\/#breadcrumb","itemListElement":[{"@type":"ListItem","position":1,"name":"Portada","item":"https:\/\/www.anovapeneira.gal\/"},{"@type":"ListItem","position":2,"name":"Sobre a moral, a convivencia pac\u00edfica e o Partido Popular"}]},{"@type":"WebSite","@id":"https:\/\/www.anovapeneira.gal\/#website","url":"https:\/\/www.anovapeneira.gal\/","name":"","description":"Xornal galego de informaci\u00f3n xeral Publicaci\u00f3n mensual de novas de Galicia e en especial dos Concellos da sur da provincia de Pontevedra.","publisher":{"@id":"https:\/\/www.anovapeneira.gal\/#organization"},"potentialAction":[{"@type":"SearchAction","target":{"@type":"EntryPoint","urlTemplate":"https:\/\/www.anovapeneira.gal\/?s={search_term_string}"},"query-input":{"@type":"PropertyValueSpecification","valueRequired":true,"valueName":"search_term_string"}}],"inLanguage":"gl-ES"},{"@type":"Organization","@id":"https:\/\/www.anovapeneira.gal\/#organization","name":"A Nova Peneira","url":"https:\/\/www.anovapeneira.gal\/","logo":{"@type":"ImageObject","inLanguage":"gl-ES","@id":"https:\/\/www.anovapeneira.gal\/#\/schema\/logo\/image\/","url":"http:\/\/www.anovapeneira.gal\/wp-content\/uploads\/2019\/06\/logo_a_nova_peneira_portal_web.png","contentUrl":"http:\/\/www.anovapeneira.gal\/wp-content\/uploads\/2019\/06\/logo_a_nova_peneira_portal_web.png","width":300,"height":100,"caption":"A Nova Peneira"},"image":{"@id":"https:\/\/www.anovapeneira.gal\/#\/schema\/logo\/image\/"},"sameAs":["https:\/\/www.facebook.com\/anovapeneira","https:\/\/x.com\/APeneira"]},{"@type":"Person","@id":"https:\/\/www.anovapeneira.gal\/#\/schema\/person\/424dfe65e3070fd8a44d22d2c088762a","name":"Tino Lago","image":{"@type":"ImageObject","inLanguage":"gl-ES","@id":"https:\/\/secure.gravatar.com\/avatar\/b3df6a06e44bab3111583b90f0f33a0379ee5e3d22cbadd232d39f21c30c62be?s=96&d=mm&r=g","url":"https:\/\/secure.gravatar.com\/avatar\/b3df6a06e44bab3111583b90f0f33a0379ee5e3d22cbadd232d39f21c30c62be?s=96&d=mm&r=g","contentUrl":"https:\/\/secure.gravatar.com\/avatar\/b3df6a06e44bab3111583b90f0f33a0379ee5e3d22cbadd232d39f21c30c62be?s=96&d=mm&r=g","caption":"Tino Lago"},"sameAs":["http:\/\/www.anovapeneira.gal"],"url":"https:\/\/www.anovapeneira.gal\/index.php\/author\/director\/"}]}},"jetpack_featured_media_url":"https:\/\/www.anovapeneira.gal\/wp-content\/uploads\/2019\/08\/artigo_editorial_a_nova_peneira.jpg","_links":{"self":[{"href":"https:\/\/www.anovapeneira.gal\/index.php\/wp-json\/wp\/v2\/posts\/2372","targetHints":{"allow":["GET"]}}],"collection":[{"href":"https:\/\/www.anovapeneira.gal\/index.php\/wp-json\/wp\/v2\/posts"}],"about":[{"href":"https:\/\/www.anovapeneira.gal\/index.php\/wp-json\/wp\/v2\/types\/post"}],"author":[{"embeddable":true,"href":"https:\/\/www.anovapeneira.gal\/index.php\/wp-json\/wp\/v2\/users\/2"}],"replies":[{"embeddable":true,"href":"https:\/\/www.anovapeneira.gal\/index.php\/wp-json\/wp\/v2\/comments?post=2372"}],"version-history":[{"count":1,"href":"https:\/\/www.anovapeneira.gal\/index.php\/wp-json\/wp\/v2\/posts\/2372\/revisions"}],"predecessor-version":[{"id":2373,"href":"https:\/\/www.anovapeneira.gal\/index.php\/wp-json\/wp\/v2\/posts\/2372\/revisions\/2373"}],"wp:featuredmedia":[{"embeddable":true,"href":"https:\/\/www.anovapeneira.gal\/index.php\/wp-json\/wp\/v2\/media\/913"}],"wp:attachment":[{"href":"https:\/\/www.anovapeneira.gal\/index.php\/wp-json\/wp\/v2\/media?parent=2372"}],"wp:term":[{"taxonomy":"category","embeddable":true,"href":"https:\/\/www.anovapeneira.gal\/index.php\/wp-json\/wp\/v2\/categories?post=2372"},{"taxonomy":"post_tag","embeddable":true,"href":"https:\/\/www.anovapeneira.gal\/index.php\/wp-json\/wp\/v2\/tags?post=2372"}],"curies":[{"name":"wp","href":"https:\/\/api.w.org\/{rel}","templated":true}]}}