{"id":2374,"date":"2020-01-28T10:00:08","date_gmt":"2020-01-28T09:00:08","guid":{"rendered":"http:\/\/www.anovapeneira.gal\/?p=2374"},"modified":"2020-01-26T09:12:38","modified_gmt":"2020-01-26T08:12:38","slug":"o-grupo-comun-da-esquerda-presenta-dez-chaves-para-unha-lei-galega-de-educacion","status":"publish","type":"post","link":"https:\/\/www.anovapeneira.gal\/index.php\/2020\/01\/28\/o-grupo-comun-da-esquerda-presenta-dez-chaves-para-unha-lei-galega-de-educacion\/","title":{"rendered":"O Grupo Com\u00fan da Esquerda presenta \u2018Dez chaves para unha Lei Galega de Educaci\u00f3n\u2019"},"content":{"rendered":"\n<h2 class=\"wp-block-heading\"> <em>O documento ser\u00e1 obxecto de debate con toda a comunidade educativa e cos axentes sociais para acordar unha Lei de Educaci\u00f3n auton\u00f3mica.<\/em><\/h2>\n\n\n\n<p> <strong>Santiago, 24\u00a0de xaneiro de 2020<\/strong><\/p>\n\n\n\n<p>O Grupo Com\u00fan da Esquerda presentou este venres o documento &#8216;Dez chaves para unha Lei Galega de Educaci\u00f3n&#8217;. O texto foi proposto como base para un debate que desemboque nunha lei educativa auton\u00f3mica, como a que xa existe noutras comunidades do Estado.\u00a0<\/p>\n\n\n\n<p>A\u00a0voceira do Grupo,\u00a0Luca Chao, defendeu xunto coa deputada \u00c1nxeles Cu\u00f1a a necesidade de artellar unha Lei Galega de Educaci\u00f3n que conte co apoio dos profesionais do ensino, dos sindicatos, das ANPAS, e do resto de formaci\u00f3ns pol\u00edticas con representaci\u00f3n na C\u00e1mara.\u00a0<\/p>\n\n\n\n<p>A finalidade da s\u00faa proposta \u00e9 acordar unha normativa que consolide o dereito fundamental a un ensino p\u00fablico, gratu\u00edto, inclusivo e de calidade, no que todos os alumnos e alumnas gocen das mesmas oportunidades con independencia de cal sexa a s\u00faa situaci\u00f3n econ\u00f3mica, social ou persoal. \u00a0<\/p>\n\n\n\n<p>As deputadas defenderon a pertinencia da iniciativa atendendo \u00e1 \u201cinminente derrogaci\u00f3n da LOMCE\u201d, ao \u201cdesmantelamento do ensino p\u00fablico perpetrado por Feij\u00f3o\u201d e \u00e1 &#8220;ofensiva ultra da extrema dereita\u201d, cuesti\u00f3ns que esixen \u201cdefinir claramente a escola que queremos\u201d.\u00a0<\/p>\n\n\n\n<p>O texto presenta 150 medidas nas que se reivindica o dereito a unha educaci\u00f3n integral que contrib\u00faa ao pleno desenvolvemento das persoas. O Grupo Com\u00fan da Esquerda demanda no seu documento que se garanta o dereito \u00e1 educaci\u00f3n ao longo da vida; que se incorpore de maneira transversal a educaci\u00f3n feminista en t\u00f3dalas etapas educativas; que se universalice a educaci\u00f3n infantil p\u00fablica e gratu\u00edta de 0 a 3 anos; que se incremente o n\u00famero de profesionais que atenden as necesidades espec\u00edficas de apoio educativo; e que se reco\u00f1eza e reivindique a singularidade e relevancia das escolas rurais galegas, entre outras cuesti\u00f3ns.<\/p>\n\n\n\n<p>As deputadas do Grupo Com\u00fan da Esquerda comezan agora unha rolda de contactos cos diferentes colectivos que participan na educaci\u00f3n para completar e mellorar a s\u00faa proposta. M\u00e1is adiante, debater\u00e1n as s\u00faas conclusi\u00f3ns co resto de forzas pol\u00edticas co obxecto de lograr un consenso amplo en materia de educaci\u00f3n.<\/p>\n","protected":false},"excerpt":{"rendered":"<div class=\"mh-excerpt\"><p>O documento ser\u00e1 obxecto de debate con toda a comunidade educativa e cos axentes sociais para acordar unha Lei de Educaci\u00f3n auton\u00f3mica <a class=\"mh-excerpt-more\" href=\"https:\/\/www.anovapeneira.gal\/index.php\/2020\/01\/28\/o-grupo-comun-da-esquerda-presenta-dez-chaves-para-unha-lei-galega-de-educacion\/\" title=\"O Grupo Com\u00fan da Esquerda presenta \u2018Dez chaves para unha Lei Galega de Educaci\u00f3n\u2019\">[&#8230;]<\/a><\/p>\n<\/div>","protected":false},"author":3,"featured_media":2375,"comment_status":"open","ping_status":"open","sticky":false,"template":"","format":"standard","meta":{"_exactmetrics_skip_tracking":false,"_exactmetrics_sitenote_active":false,"_exactmetrics_sitenote_note":"","_exactmetrics_sitenote_category":0,"footnotes":""},"categories":[263],"tags":[722,931],"class_list":{"0":"post-2374","1":"post","2":"type-post","3":"status-publish","4":"format-standard","5":"has-post-thumbnail","7":"category-novas","8":"tag-grupo-comun-da-esquerda","9":"tag-lei-galega-de-educacion"},"yoast_head":"<!-- This site is optimized with the Yoast SEO plugin v27.4 - https:\/\/yoast.com\/product\/yoast-seo-wordpress\/ -->\n<title>O Grupo Com\u00fan da Esquerda presenta \u2018Dez chaves para unha Lei Galega de Educaci\u00f3n\u2019 -<\/title>\n<meta name=\"robots\" content=\"index, follow, max-snippet:-1, max-image-preview:large, max-video-preview:-1\" \/>\n<link rel=\"canonical\" href=\"https:\/\/www.anovapeneira.gal\/index.php\/2020\/01\/28\/o-grupo-comun-da-esquerda-presenta-dez-chaves-para-unha-lei-galega-de-educacion\/\" \/>\n<meta property=\"og:locale\" content=\"gl_ES\" \/>\n<meta property=\"og:type\" content=\"article\" \/>\n<meta property=\"og:title\" content=\"O Grupo Com\u00fan da Esquerda presenta \u2018Dez chaves para unha Lei Galega de Educaci\u00f3n\u2019 -\" \/>\n<meta property=\"og:description\" content=\"O documento ser\u00e1 obxecto de debate con toda a comunidade educativa e cos axentes sociais para acordar unha Lei de Educaci\u00f3n auton\u00f3mica [...]\" \/>\n<meta property=\"og:url\" content=\"https:\/\/www.anovapeneira.gal\/index.php\/2020\/01\/28\/o-grupo-comun-da-esquerda-presenta-dez-chaves-para-unha-lei-galega-de-educacion\/\" \/>\n<meta property=\"article:publisher\" content=\"https:\/\/www.facebook.com\/anovapeneira\" \/>\n<meta property=\"article:published_time\" content=\"2020-01-28T09:00:08+00:00\" \/>\n<meta property=\"og:image\" content=\"https:\/\/www.anovapeneira.gal\/wp-content\/uploads\/2020\/01\/grupo_comun_esquerda_a_nova_peneira.jpg\" \/>\n\t<meta property=\"og:image:width\" content=\"720\" \/>\n\t<meta property=\"og:image:height\" content=\"432\" \/>\n\t<meta property=\"og:image:type\" content=\"image\/jpeg\" \/>\n<meta name=\"author\" content=\"Redacci\u00f3n A Nova Peneira\" \/>\n<meta name=\"twitter:card\" content=\"summary_large_image\" \/>\n<meta name=\"twitter:creator\" content=\"@APeneira\" \/>\n<meta name=\"twitter:site\" content=\"@APeneira\" \/>\n<meta name=\"twitter:label1\" content=\"Escrito por\" \/>\n\t<meta name=\"twitter:data1\" content=\"Redacci\u00f3n A Nova Peneira\" \/>\n\t<meta name=\"twitter:label2\" content=\"Tempo de lectura\" \/>\n\t<meta name=\"twitter:data2\" content=\"2 minutos\" \/>\n<script type=\"application\/ld+json\" class=\"yoast-schema-graph\">{\"@context\":\"https:\\\/\\\/schema.org\",\"@graph\":[{\"@type\":\"Article\",\"@id\":\"https:\\\/\\\/www.anovapeneira.gal\\\/index.php\\\/2020\\\/01\\\/28\\\/o-grupo-comun-da-esquerda-presenta-dez-chaves-para-unha-lei-galega-de-educacion\\\/#article\",\"isPartOf\":{\"@id\":\"https:\\\/\\\/www.anovapeneira.gal\\\/index.php\\\/2020\\\/01\\\/28\\\/o-grupo-comun-da-esquerda-presenta-dez-chaves-para-unha-lei-galega-de-educacion\\\/\"},\"author\":{\"name\":\"Redacci\u00f3n A Nova Peneira\",\"@id\":\"https:\\\/\\\/www.anovapeneira.gal\\\/#\\\/schema\\\/person\\\/b93e3f8932e3f8da96334607eb6ac6aa\"},\"headline\":\"O Grupo Com\u00fan da Esquerda presenta \u2018Dez chaves para unha Lei Galega de Educaci\u00f3n\u2019\",\"datePublished\":\"2020-01-28T09:00:08+00:00\",\"mainEntityOfPage\":{\"@id\":\"https:\\\/\\\/www.anovapeneira.gal\\\/index.php\\\/2020\\\/01\\\/28\\\/o-grupo-comun-da-esquerda-presenta-dez-chaves-para-unha-lei-galega-de-educacion\\\/\"},\"wordCount\":396,\"commentCount\":0,\"publisher\":{\"@id\":\"https:\\\/\\\/www.anovapeneira.gal\\\/#organization\"},\"image\":{\"@id\":\"https:\\\/\\\/www.anovapeneira.gal\\\/index.php\\\/2020\\\/01\\\/28\\\/o-grupo-comun-da-esquerda-presenta-dez-chaves-para-unha-lei-galega-de-educacion\\\/#primaryimage\"},\"thumbnailUrl\":\"https:\\\/\\\/www.anovapeneira.gal\\\/wp-content\\\/uploads\\\/2020\\\/01\\\/grupo_comun_esquerda_a_nova_peneira.jpg\",\"keywords\":[\"Grupo Com\u00fan da Esquerda\",\"Lei Galega de Educaci\u00f3n\"],\"articleSection\":[\"Novas\"],\"inLanguage\":\"gl-ES\",\"potentialAction\":[{\"@type\":\"CommentAction\",\"name\":\"Comment\",\"target\":[\"https:\\\/\\\/www.anovapeneira.gal\\\/index.php\\\/2020\\\/01\\\/28\\\/o-grupo-comun-da-esquerda-presenta-dez-chaves-para-unha-lei-galega-de-educacion\\\/#respond\"]}]},{\"@type\":\"WebPage\",\"@id\":\"https:\\\/\\\/www.anovapeneira.gal\\\/index.php\\\/2020\\\/01\\\/28\\\/o-grupo-comun-da-esquerda-presenta-dez-chaves-para-unha-lei-galega-de-educacion\\\/\",\"url\":\"https:\\\/\\\/www.anovapeneira.gal\\\/index.php\\\/2020\\\/01\\\/28\\\/o-grupo-comun-da-esquerda-presenta-dez-chaves-para-unha-lei-galega-de-educacion\\\/\",\"name\":\"O Grupo Com\u00fan da Esquerda presenta \u2018Dez chaves para unha Lei Galega de Educaci\u00f3n\u2019 -\",\"isPartOf\":{\"@id\":\"https:\\\/\\\/www.anovapeneira.gal\\\/#website\"},\"primaryImageOfPage\":{\"@id\":\"https:\\\/\\\/www.anovapeneira.gal\\\/index.php\\\/2020\\\/01\\\/28\\\/o-grupo-comun-da-esquerda-presenta-dez-chaves-para-unha-lei-galega-de-educacion\\\/#primaryimage\"},\"image\":{\"@id\":\"https:\\\/\\\/www.anovapeneira.gal\\\/index.php\\\/2020\\\/01\\\/28\\\/o-grupo-comun-da-esquerda-presenta-dez-chaves-para-unha-lei-galega-de-educacion\\\/#primaryimage\"},\"thumbnailUrl\":\"https:\\\/\\\/www.anovapeneira.gal\\\/wp-content\\\/uploads\\\/2020\\\/01\\\/grupo_comun_esquerda_a_nova_peneira.jpg\",\"datePublished\":\"2020-01-28T09:00:08+00:00\",\"breadcrumb\":{\"@id\":\"https:\\\/\\\/www.anovapeneira.gal\\\/index.php\\\/2020\\\/01\\\/28\\\/o-grupo-comun-da-esquerda-presenta-dez-chaves-para-unha-lei-galega-de-educacion\\\/#breadcrumb\"},\"inLanguage\":\"gl-ES\",\"potentialAction\":[{\"@type\":\"ReadAction\",\"target\":[\"https:\\\/\\\/www.anovapeneira.gal\\\/index.php\\\/2020\\\/01\\\/28\\\/o-grupo-comun-da-esquerda-presenta-dez-chaves-para-unha-lei-galega-de-educacion\\\/\"]}]},{\"@type\":\"ImageObject\",\"inLanguage\":\"gl-ES\",\"@id\":\"https:\\\/\\\/www.anovapeneira.gal\\\/index.php\\\/2020\\\/01\\\/28\\\/o-grupo-comun-da-esquerda-presenta-dez-chaves-para-unha-lei-galega-de-educacion\\\/#primaryimage\",\"url\":\"https:\\\/\\\/www.anovapeneira.gal\\\/wp-content\\\/uploads\\\/2020\\\/01\\\/grupo_comun_esquerda_a_nova_peneira.jpg\",\"contentUrl\":\"https:\\\/\\\/www.anovapeneira.gal\\\/wp-content\\\/uploads\\\/2020\\\/01\\\/grupo_comun_esquerda_a_nova_peneira.jpg\",\"width\":720,\"height\":432,\"caption\":\"Luca Chao e \u00c1nxeles Cu\u00f1a durante a rolda de prensa\"},{\"@type\":\"BreadcrumbList\",\"@id\":\"https:\\\/\\\/www.anovapeneira.gal\\\/index.php\\\/2020\\\/01\\\/28\\\/o-grupo-comun-da-esquerda-presenta-dez-chaves-para-unha-lei-galega-de-educacion\\\/#breadcrumb\",\"itemListElement\":[{\"@type\":\"ListItem\",\"position\":1,\"name\":\"Portada\",\"item\":\"https:\\\/\\\/www.anovapeneira.gal\\\/\"},{\"@type\":\"ListItem\",\"position\":2,\"name\":\"O Grupo Com\u00fan da Esquerda presenta \u2018Dez chaves para unha Lei Galega de Educaci\u00f3n\u2019\"}]},{\"@type\":\"WebSite\",\"@id\":\"https:\\\/\\\/www.anovapeneira.gal\\\/#website\",\"url\":\"https:\\\/\\\/www.anovapeneira.gal\\\/\",\"name\":\"\",\"description\":\"Xornal galego de informaci\u00f3n xeral Publicaci\u00f3n mensual de novas de Galicia e en especial dos Concellos da sur da provincia de Pontevedra.\",\"publisher\":{\"@id\":\"https:\\\/\\\/www.anovapeneira.gal\\\/#organization\"},\"potentialAction\":[{\"@type\":\"SearchAction\",\"target\":{\"@type\":\"EntryPoint\",\"urlTemplate\":\"https:\\\/\\\/www.anovapeneira.gal\\\/?s={search_term_string}\"},\"query-input\":{\"@type\":\"PropertyValueSpecification\",\"valueRequired\":true,\"valueName\":\"search_term_string\"}}],\"inLanguage\":\"gl-ES\"},{\"@type\":\"Organization\",\"@id\":\"https:\\\/\\\/www.anovapeneira.gal\\\/#organization\",\"name\":\"A Nova Peneira\",\"url\":\"https:\\\/\\\/www.anovapeneira.gal\\\/\",\"logo\":{\"@type\":\"ImageObject\",\"inLanguage\":\"gl-ES\",\"@id\":\"https:\\\/\\\/www.anovapeneira.gal\\\/#\\\/schema\\\/logo\\\/image\\\/\",\"url\":\"http:\\\/\\\/www.anovapeneira.gal\\\/wp-content\\\/uploads\\\/2019\\\/06\\\/logo_a_nova_peneira_portal_web.png\",\"contentUrl\":\"http:\\\/\\\/www.anovapeneira.gal\\\/wp-content\\\/uploads\\\/2019\\\/06\\\/logo_a_nova_peneira_portal_web.png\",\"width\":300,\"height\":100,\"caption\":\"A Nova Peneira\"},\"image\":{\"@id\":\"https:\\\/\\\/www.anovapeneira.gal\\\/#\\\/schema\\\/logo\\\/image\\\/\"},\"sameAs\":[\"https:\\\/\\\/www.facebook.com\\\/anovapeneira\",\"https:\\\/\\\/x.com\\\/APeneira\"]},{\"@type\":\"Person\",\"@id\":\"https:\\\/\\\/www.anovapeneira.gal\\\/#\\\/schema\\\/person\\\/b93e3f8932e3f8da96334607eb6ac6aa\",\"name\":\"Redacci\u00f3n A Nova Peneira\",\"image\":{\"@type\":\"ImageObject\",\"inLanguage\":\"gl-ES\",\"@id\":\"https:\\\/\\\/secure.gravatar.com\\\/avatar\\\/c052a2551a06e23fac63626232eaa90abd78dbcf1700fc46a2b2c89fd27b735f?s=96&d=mm&r=g\",\"url\":\"https:\\\/\\\/secure.gravatar.com\\\/avatar\\\/c052a2551a06e23fac63626232eaa90abd78dbcf1700fc46a2b2c89fd27b735f?s=96&d=mm&r=g\",\"contentUrl\":\"https:\\\/\\\/secure.gravatar.com\\\/avatar\\\/c052a2551a06e23fac63626232eaa90abd78dbcf1700fc46a2b2c89fd27b735f?s=96&d=mm&r=g\",\"caption\":\"Redacci\u00f3n A Nova Peneira\"},\"sameAs\":[\"http:\\\/\\\/www.anovapeneira.gal\\\/\"],\"url\":\"https:\\\/\\\/www.anovapeneira.gal\\\/index.php\\\/author\\\/redactor\\\/\"}]}<\/script>\n<!-- \/ Yoast SEO plugin. -->","yoast_head_json":{"title":"O Grupo Com\u00fan da Esquerda presenta \u2018Dez chaves para unha Lei Galega de Educaci\u00f3n\u2019 -","robots":{"index":"index","follow":"follow","max-snippet":"max-snippet:-1","max-image-preview":"max-image-preview:large","max-video-preview":"max-video-preview:-1"},"canonical":"https:\/\/www.anovapeneira.gal\/index.php\/2020\/01\/28\/o-grupo-comun-da-esquerda-presenta-dez-chaves-para-unha-lei-galega-de-educacion\/","og_locale":"gl_ES","og_type":"article","og_title":"O Grupo Com\u00fan da Esquerda presenta \u2018Dez chaves para unha Lei Galega de Educaci\u00f3n\u2019 -","og_description":"O documento ser\u00e1 obxecto de debate con toda a comunidade educativa e cos axentes sociais para acordar unha Lei de Educaci\u00f3n auton\u00f3mica [...]","og_url":"https:\/\/www.anovapeneira.gal\/index.php\/2020\/01\/28\/o-grupo-comun-da-esquerda-presenta-dez-chaves-para-unha-lei-galega-de-educacion\/","article_publisher":"https:\/\/www.facebook.com\/anovapeneira","article_published_time":"2020-01-28T09:00:08+00:00","og_image":[{"width":720,"height":432,"url":"https:\/\/www.anovapeneira.gal\/wp-content\/uploads\/2020\/01\/grupo_comun_esquerda_a_nova_peneira.jpg","type":"image\/jpeg"}],"author":"Redacci\u00f3n A Nova Peneira","twitter_card":"summary_large_image","twitter_creator":"@APeneira","twitter_site":"@APeneira","twitter_misc":{"Escrito por":"Redacci\u00f3n A Nova Peneira","Tempo de lectura":"2 minutos"},"schema":{"@context":"https:\/\/schema.org","@graph":[{"@type":"Article","@id":"https:\/\/www.anovapeneira.gal\/index.php\/2020\/01\/28\/o-grupo-comun-da-esquerda-presenta-dez-chaves-para-unha-lei-galega-de-educacion\/#article","isPartOf":{"@id":"https:\/\/www.anovapeneira.gal\/index.php\/2020\/01\/28\/o-grupo-comun-da-esquerda-presenta-dez-chaves-para-unha-lei-galega-de-educacion\/"},"author":{"name":"Redacci\u00f3n A Nova Peneira","@id":"https:\/\/www.anovapeneira.gal\/#\/schema\/person\/b93e3f8932e3f8da96334607eb6ac6aa"},"headline":"O Grupo Com\u00fan da Esquerda presenta \u2018Dez chaves para unha Lei Galega de Educaci\u00f3n\u2019","datePublished":"2020-01-28T09:00:08+00:00","mainEntityOfPage":{"@id":"https:\/\/www.anovapeneira.gal\/index.php\/2020\/01\/28\/o-grupo-comun-da-esquerda-presenta-dez-chaves-para-unha-lei-galega-de-educacion\/"},"wordCount":396,"commentCount":0,"publisher":{"@id":"https:\/\/www.anovapeneira.gal\/#organization"},"image":{"@id":"https:\/\/www.anovapeneira.gal\/index.php\/2020\/01\/28\/o-grupo-comun-da-esquerda-presenta-dez-chaves-para-unha-lei-galega-de-educacion\/#primaryimage"},"thumbnailUrl":"https:\/\/www.anovapeneira.gal\/wp-content\/uploads\/2020\/01\/grupo_comun_esquerda_a_nova_peneira.jpg","keywords":["Grupo Com\u00fan da Esquerda","Lei Galega de Educaci\u00f3n"],"articleSection":["Novas"],"inLanguage":"gl-ES","potentialAction":[{"@type":"CommentAction","name":"Comment","target":["https:\/\/www.anovapeneira.gal\/index.php\/2020\/01\/28\/o-grupo-comun-da-esquerda-presenta-dez-chaves-para-unha-lei-galega-de-educacion\/#respond"]}]},{"@type":"WebPage","@id":"https:\/\/www.anovapeneira.gal\/index.php\/2020\/01\/28\/o-grupo-comun-da-esquerda-presenta-dez-chaves-para-unha-lei-galega-de-educacion\/","url":"https:\/\/www.anovapeneira.gal\/index.php\/2020\/01\/28\/o-grupo-comun-da-esquerda-presenta-dez-chaves-para-unha-lei-galega-de-educacion\/","name":"O Grupo Com\u00fan da Esquerda presenta \u2018Dez chaves para unha Lei Galega de Educaci\u00f3n\u2019 -","isPartOf":{"@id":"https:\/\/www.anovapeneira.gal\/#website"},"primaryImageOfPage":{"@id":"https:\/\/www.anovapeneira.gal\/index.php\/2020\/01\/28\/o-grupo-comun-da-esquerda-presenta-dez-chaves-para-unha-lei-galega-de-educacion\/#primaryimage"},"image":{"@id":"https:\/\/www.anovapeneira.gal\/index.php\/2020\/01\/28\/o-grupo-comun-da-esquerda-presenta-dez-chaves-para-unha-lei-galega-de-educacion\/#primaryimage"},"thumbnailUrl":"https:\/\/www.anovapeneira.gal\/wp-content\/uploads\/2020\/01\/grupo_comun_esquerda_a_nova_peneira.jpg","datePublished":"2020-01-28T09:00:08+00:00","breadcrumb":{"@id":"https:\/\/www.anovapeneira.gal\/index.php\/2020\/01\/28\/o-grupo-comun-da-esquerda-presenta-dez-chaves-para-unha-lei-galega-de-educacion\/#breadcrumb"},"inLanguage":"gl-ES","potentialAction":[{"@type":"ReadAction","target":["https:\/\/www.anovapeneira.gal\/index.php\/2020\/01\/28\/o-grupo-comun-da-esquerda-presenta-dez-chaves-para-unha-lei-galega-de-educacion\/"]}]},{"@type":"ImageObject","inLanguage":"gl-ES","@id":"https:\/\/www.anovapeneira.gal\/index.php\/2020\/01\/28\/o-grupo-comun-da-esquerda-presenta-dez-chaves-para-unha-lei-galega-de-educacion\/#primaryimage","url":"https:\/\/www.anovapeneira.gal\/wp-content\/uploads\/2020\/01\/grupo_comun_esquerda_a_nova_peneira.jpg","contentUrl":"https:\/\/www.anovapeneira.gal\/wp-content\/uploads\/2020\/01\/grupo_comun_esquerda_a_nova_peneira.jpg","width":720,"height":432,"caption":"Luca Chao e \u00c1nxeles Cu\u00f1a durante a rolda de prensa"},{"@type":"BreadcrumbList","@id":"https:\/\/www.anovapeneira.gal\/index.php\/2020\/01\/28\/o-grupo-comun-da-esquerda-presenta-dez-chaves-para-unha-lei-galega-de-educacion\/#breadcrumb","itemListElement":[{"@type":"ListItem","position":1,"name":"Portada","item":"https:\/\/www.anovapeneira.gal\/"},{"@type":"ListItem","position":2,"name":"O Grupo Com\u00fan da Esquerda presenta \u2018Dez chaves para unha Lei Galega de Educaci\u00f3n\u2019"}]},{"@type":"WebSite","@id":"https:\/\/www.anovapeneira.gal\/#website","url":"https:\/\/www.anovapeneira.gal\/","name":"","description":"Xornal galego de informaci\u00f3n xeral Publicaci\u00f3n mensual de novas de Galicia e en especial dos Concellos da sur da provincia de Pontevedra.","publisher":{"@id":"https:\/\/www.anovapeneira.gal\/#organization"},"potentialAction":[{"@type":"SearchAction","target":{"@type":"EntryPoint","urlTemplate":"https:\/\/www.anovapeneira.gal\/?s={search_term_string}"},"query-input":{"@type":"PropertyValueSpecification","valueRequired":true,"valueName":"search_term_string"}}],"inLanguage":"gl-ES"},{"@type":"Organization","@id":"https:\/\/www.anovapeneira.gal\/#organization","name":"A Nova Peneira","url":"https:\/\/www.anovapeneira.gal\/","logo":{"@type":"ImageObject","inLanguage":"gl-ES","@id":"https:\/\/www.anovapeneira.gal\/#\/schema\/logo\/image\/","url":"http:\/\/www.anovapeneira.gal\/wp-content\/uploads\/2019\/06\/logo_a_nova_peneira_portal_web.png","contentUrl":"http:\/\/www.anovapeneira.gal\/wp-content\/uploads\/2019\/06\/logo_a_nova_peneira_portal_web.png","width":300,"height":100,"caption":"A Nova Peneira"},"image":{"@id":"https:\/\/www.anovapeneira.gal\/#\/schema\/logo\/image\/"},"sameAs":["https:\/\/www.facebook.com\/anovapeneira","https:\/\/x.com\/APeneira"]},{"@type":"Person","@id":"https:\/\/www.anovapeneira.gal\/#\/schema\/person\/b93e3f8932e3f8da96334607eb6ac6aa","name":"Redacci\u00f3n A Nova Peneira","image":{"@type":"ImageObject","inLanguage":"gl-ES","@id":"https:\/\/secure.gravatar.com\/avatar\/c052a2551a06e23fac63626232eaa90abd78dbcf1700fc46a2b2c89fd27b735f?s=96&d=mm&r=g","url":"https:\/\/secure.gravatar.com\/avatar\/c052a2551a06e23fac63626232eaa90abd78dbcf1700fc46a2b2c89fd27b735f?s=96&d=mm&r=g","contentUrl":"https:\/\/secure.gravatar.com\/avatar\/c052a2551a06e23fac63626232eaa90abd78dbcf1700fc46a2b2c89fd27b735f?s=96&d=mm&r=g","caption":"Redacci\u00f3n A Nova Peneira"},"sameAs":["http:\/\/www.anovapeneira.gal\/"],"url":"https:\/\/www.anovapeneira.gal\/index.php\/author\/redactor\/"}]}},"jetpack_featured_media_url":"https:\/\/www.anovapeneira.gal\/wp-content\/uploads\/2020\/01\/grupo_comun_esquerda_a_nova_peneira.jpg","_links":{"self":[{"href":"https:\/\/www.anovapeneira.gal\/index.php\/wp-json\/wp\/v2\/posts\/2374","targetHints":{"allow":["GET"]}}],"collection":[{"href":"https:\/\/www.anovapeneira.gal\/index.php\/wp-json\/wp\/v2\/posts"}],"about":[{"href":"https:\/\/www.anovapeneira.gal\/index.php\/wp-json\/wp\/v2\/types\/post"}],"author":[{"embeddable":true,"href":"https:\/\/www.anovapeneira.gal\/index.php\/wp-json\/wp\/v2\/users\/3"}],"replies":[{"embeddable":true,"href":"https:\/\/www.anovapeneira.gal\/index.php\/wp-json\/wp\/v2\/comments?post=2374"}],"version-history":[{"count":1,"href":"https:\/\/www.anovapeneira.gal\/index.php\/wp-json\/wp\/v2\/posts\/2374\/revisions"}],"predecessor-version":[{"id":2376,"href":"https:\/\/www.anovapeneira.gal\/index.php\/wp-json\/wp\/v2\/posts\/2374\/revisions\/2376"}],"wp:featuredmedia":[{"embeddable":true,"href":"https:\/\/www.anovapeneira.gal\/index.php\/wp-json\/wp\/v2\/media\/2375"}],"wp:attachment":[{"href":"https:\/\/www.anovapeneira.gal\/index.php\/wp-json\/wp\/v2\/media?parent=2374"}],"wp:term":[{"taxonomy":"category","embeddable":true,"href":"https:\/\/www.anovapeneira.gal\/index.php\/wp-json\/wp\/v2\/categories?post=2374"},{"taxonomy":"post_tag","embeddable":true,"href":"https:\/\/www.anovapeneira.gal\/index.php\/wp-json\/wp\/v2\/tags?post=2374"}],"curies":[{"name":"wp","href":"https:\/\/api.w.org\/{rel}","templated":true}]}}