{"id":2382,"date":"2020-01-29T10:00:39","date_gmt":"2020-01-29T09:00:39","guid":{"rendered":"http:\/\/www.anovapeneira.gal\/?p=2382"},"modified":"2020-01-26T10:25:24","modified_gmt":"2020-01-26T09:25:24","slug":"o-bng-comprometese-co-sector-metalurxico-a-lograr-unha-solucion-para-o-naval-galego-e-reivindica-a-sua-potencialidade-na-economia-galega","status":"publish","type":"post","link":"https:\/\/www.anovapeneira.gal\/index.php\/2020\/01\/29\/o-bng-comprometese-co-sector-metalurxico-a-lograr-unha-solucion-para-o-naval-galego-e-reivindica-a-sua-potencialidade-na-economia-galega\/","title":{"rendered":"O BNG comprom\u00e9tese co sector metal\u00farxico a lograr unha soluci\u00f3n para o naval galego e reivindica a s\u00faa potencialidade na econom\u00eda galega"},"content":{"rendered":"\n<h2 class=\"wp-block-heading\"><strong>O BNG pide a Xunta de Galiza que tome cartas no que ten haber coa situaci\u00f3n de Barreras e recorda ao goberno de N\u00fa\u00f1ez Feix\u00f3o que ten competencias de pol\u00edtica industrial que non est\u00e1 asumindo<\/strong><\/h2>\n\n\n\n<p> <strong>Vigo, 24 de xaneiro 2020<\/strong><\/p>\n\n\n\n<p>\nO\ndeputado e portavoz do BNG no Congreso, N\u00e9stor Rego, reuniuse hoxe\ncoa Asociaci\u00f3n de Industriais Metal\u00farxicos de Galicia, acompa\u00f1ado\nda deputada do Parlamento galego, Montse Prado e do portavoz\nmunicipal de Vigo, Xabier P. Igrexias para falar da situaci\u00f3n da\nindustrial naval no noso pa\u00eds.<\/p>\n\n\n\n<p>Para o Bloque Nacionalista Galego a construci\u00f3n naval \u00e9 fundamental para o desenvolvemento econ\u00f3mico de Galiza cunha grande potencialidade \u201cse se fan as cousas ben\u201d, apuntaba o deputado, N\u00e9stor Rego. Para o BNG \u00e9 imprescind\u00edbel garantir a continuidade do sector \u201cque no acordo de investidura nos acordamos de inclu\u00edr, como un elemento relevante o compromiso por parte do Estado de apoio a construcci\u00f3n naval\u201d.<\/p>\n\n\n\n<p>\nA\nposici\u00f3n do BNG \u00e9 coincidente \u00e1s demandas que ASIME prop\u00f3n en\nreferencia a situaci\u00f3n pola que est\u00e1 a pasar Barreras, onde se\nprop\u00f3n desbloquear a crise e lograr unha estabilidade para salvar o\nmomento. Rego exixe \u00e1 Xunta de Galiza que act\u00fae, pois ten as\ncompetencias en pol\u00edtica industrial, \u201cdanos a impresi\u00f3n de que\nnon est\u00e1 asumindo plenamente esa competencia\u201d sinala o deputado e\nanuncia que levar\u00e1n estas exixencias ao Parlamento de Galiza a\ntrav\u00e9s dunha iniciativa impulsada pola deputada Montse Prado.<\/p>\n","protected":false},"excerpt":{"rendered":"<div class=\"mh-excerpt\"><p>O BNG pide a Xunta de Galiza que tome cartas no que ten haber coa situaci\u00f3n de Barreras  <a class=\"mh-excerpt-more\" href=\"https:\/\/www.anovapeneira.gal\/index.php\/2020\/01\/29\/o-bng-comprometese-co-sector-metalurxico-a-lograr-unha-solucion-para-o-naval-galego-e-reivindica-a-sua-potencialidade-na-economia-galega\/\" title=\"O BNG comprom\u00e9tese co sector metal\u00farxico a lograr unha soluci\u00f3n para o naval galego e reivindica a s\u00faa potencialidade na econom\u00eda galega\">[&#8230;]<\/a><\/p>\n<\/div>","protected":false},"author":3,"featured_media":2383,"comment_status":"open","ping_status":"open","sticky":false,"template":"","format":"standard","meta":{"_exactmetrics_skip_tracking":false,"_exactmetrics_sitenote_active":false,"_exactmetrics_sitenote_note":"","_exactmetrics_sitenote_category":0,"footnotes":""},"categories":[263],"tags":[10,395,936],"class_list":{"0":"post-2382","1":"post","2":"type-post","3":"status-publish","4":"format-standard","5":"has-post-thumbnail","7":"category-novas","8":"tag-bng","9":"tag-industria","10":"tag-naval"},"yoast_head":"<!-- This site is optimized with the Yoast SEO plugin v27.4 - https:\/\/yoast.com\/product\/yoast-seo-wordpress\/ -->\n<title>O BNG comprom\u00e9tese co sector metal\u00farxico a lograr unha soluci\u00f3n para o naval galego e reivindica a s\u00faa potencialidade na econom\u00eda galega -<\/title>\n<meta name=\"robots\" content=\"index, follow, max-snippet:-1, max-image-preview:large, max-video-preview:-1\" \/>\n<link rel=\"canonical\" href=\"https:\/\/www.anovapeneira.gal\/index.php\/2020\/01\/29\/o-bng-comprometese-co-sector-metalurxico-a-lograr-unha-solucion-para-o-naval-galego-e-reivindica-a-sua-potencialidade-na-economia-galega\/\" \/>\n<meta property=\"og:locale\" content=\"gl_ES\" \/>\n<meta property=\"og:type\" content=\"article\" \/>\n<meta property=\"og:title\" content=\"O BNG comprom\u00e9tese co sector metal\u00farxico a lograr unha soluci\u00f3n para o naval galego e reivindica a s\u00faa potencialidade na econom\u00eda galega -\" \/>\n<meta property=\"og:description\" content=\"O BNG pide a Xunta de Galiza que tome cartas no que ten haber coa situaci\u00f3n de Barreras [...]\" \/>\n<meta property=\"og:url\" content=\"https:\/\/www.anovapeneira.gal\/index.php\/2020\/01\/29\/o-bng-comprometese-co-sector-metalurxico-a-lograr-unha-solucion-para-o-naval-galego-e-reivindica-a-sua-potencialidade-na-economia-galega\/\" \/>\n<meta property=\"article:publisher\" content=\"https:\/\/www.facebook.com\/anovapeneira\" \/>\n<meta property=\"article:published_time\" content=\"2020-01-29T09:00:39+00:00\" \/>\n<meta property=\"og:image\" content=\"https:\/\/www.anovapeneira.gal\/wp-content\/uploads\/2020\/01\/ASIME_a_nova_peneria.png\" \/>\n\t<meta property=\"og:image:width\" content=\"720\" \/>\n\t<meta property=\"og:image:height\" content=\"432\" \/>\n\t<meta property=\"og:image:type\" content=\"image\/png\" \/>\n<meta name=\"author\" content=\"Redacci\u00f3n A Nova Peneira\" \/>\n<meta name=\"twitter:card\" content=\"summary_large_image\" \/>\n<meta name=\"twitter:creator\" content=\"@APeneira\" \/>\n<meta name=\"twitter:site\" content=\"@APeneira\" \/>\n<meta name=\"twitter:label1\" content=\"Escrito por\" \/>\n\t<meta name=\"twitter:data1\" content=\"Redacci\u00f3n A Nova Peneira\" \/>\n\t<meta name=\"twitter:label2\" content=\"Tempo de lectura\" \/>\n\t<meta name=\"twitter:data2\" content=\"1 minuto\" \/>\n<script type=\"application\/ld+json\" class=\"yoast-schema-graph\">{\"@context\":\"https:\\\/\\\/schema.org\",\"@graph\":[{\"@type\":\"Article\",\"@id\":\"https:\\\/\\\/www.anovapeneira.gal\\\/index.php\\\/2020\\\/01\\\/29\\\/o-bng-comprometese-co-sector-metalurxico-a-lograr-unha-solucion-para-o-naval-galego-e-reivindica-a-sua-potencialidade-na-economia-galega\\\/#article\",\"isPartOf\":{\"@id\":\"https:\\\/\\\/www.anovapeneira.gal\\\/index.php\\\/2020\\\/01\\\/29\\\/o-bng-comprometese-co-sector-metalurxico-a-lograr-unha-solucion-para-o-naval-galego-e-reivindica-a-sua-potencialidade-na-economia-galega\\\/\"},\"author\":{\"name\":\"Redacci\u00f3n A Nova Peneira\",\"@id\":\"https:\\\/\\\/www.anovapeneira.gal\\\/#\\\/schema\\\/person\\\/b93e3f8932e3f8da96334607eb6ac6aa\"},\"headline\":\"O BNG comprom\u00e9tese co sector metal\u00farxico a lograr unha soluci\u00f3n para o naval galego e reivindica a s\u00faa potencialidade na econom\u00eda galega\",\"datePublished\":\"2020-01-29T09:00:39+00:00\",\"mainEntityOfPage\":{\"@id\":\"https:\\\/\\\/www.anovapeneira.gal\\\/index.php\\\/2020\\\/01\\\/29\\\/o-bng-comprometese-co-sector-metalurxico-a-lograr-unha-solucion-para-o-naval-galego-e-reivindica-a-sua-potencialidade-na-economia-galega\\\/\"},\"wordCount\":279,\"commentCount\":0,\"publisher\":{\"@id\":\"https:\\\/\\\/www.anovapeneira.gal\\\/#organization\"},\"image\":{\"@id\":\"https:\\\/\\\/www.anovapeneira.gal\\\/index.php\\\/2020\\\/01\\\/29\\\/o-bng-comprometese-co-sector-metalurxico-a-lograr-unha-solucion-para-o-naval-galego-e-reivindica-a-sua-potencialidade-na-economia-galega\\\/#primaryimage\"},\"thumbnailUrl\":\"https:\\\/\\\/www.anovapeneira.gal\\\/wp-content\\\/uploads\\\/2020\\\/01\\\/ASIME_a_nova_peneria.png\",\"keywords\":[\"BNG\",\"Industria\",\"Naval\"],\"articleSection\":[\"Novas\"],\"inLanguage\":\"gl-ES\",\"potentialAction\":[{\"@type\":\"CommentAction\",\"name\":\"Comment\",\"target\":[\"https:\\\/\\\/www.anovapeneira.gal\\\/index.php\\\/2020\\\/01\\\/29\\\/o-bng-comprometese-co-sector-metalurxico-a-lograr-unha-solucion-para-o-naval-galego-e-reivindica-a-sua-potencialidade-na-economia-galega\\\/#respond\"]}]},{\"@type\":\"WebPage\",\"@id\":\"https:\\\/\\\/www.anovapeneira.gal\\\/index.php\\\/2020\\\/01\\\/29\\\/o-bng-comprometese-co-sector-metalurxico-a-lograr-unha-solucion-para-o-naval-galego-e-reivindica-a-sua-potencialidade-na-economia-galega\\\/\",\"url\":\"https:\\\/\\\/www.anovapeneira.gal\\\/index.php\\\/2020\\\/01\\\/29\\\/o-bng-comprometese-co-sector-metalurxico-a-lograr-unha-solucion-para-o-naval-galego-e-reivindica-a-sua-potencialidade-na-economia-galega\\\/\",\"name\":\"O BNG comprom\u00e9tese co sector metal\u00farxico a lograr unha soluci\u00f3n para o naval galego e reivindica a s\u00faa potencialidade na econom\u00eda galega -\",\"isPartOf\":{\"@id\":\"https:\\\/\\\/www.anovapeneira.gal\\\/#website\"},\"primaryImageOfPage\":{\"@id\":\"https:\\\/\\\/www.anovapeneira.gal\\\/index.php\\\/2020\\\/01\\\/29\\\/o-bng-comprometese-co-sector-metalurxico-a-lograr-unha-solucion-para-o-naval-galego-e-reivindica-a-sua-potencialidade-na-economia-galega\\\/#primaryimage\"},\"image\":{\"@id\":\"https:\\\/\\\/www.anovapeneira.gal\\\/index.php\\\/2020\\\/01\\\/29\\\/o-bng-comprometese-co-sector-metalurxico-a-lograr-unha-solucion-para-o-naval-galego-e-reivindica-a-sua-potencialidade-na-economia-galega\\\/#primaryimage\"},\"thumbnailUrl\":\"https:\\\/\\\/www.anovapeneira.gal\\\/wp-content\\\/uploads\\\/2020\\\/01\\\/ASIME_a_nova_peneria.png\",\"datePublished\":\"2020-01-29T09:00:39+00:00\",\"breadcrumb\":{\"@id\":\"https:\\\/\\\/www.anovapeneira.gal\\\/index.php\\\/2020\\\/01\\\/29\\\/o-bng-comprometese-co-sector-metalurxico-a-lograr-unha-solucion-para-o-naval-galego-e-reivindica-a-sua-potencialidade-na-economia-galega\\\/#breadcrumb\"},\"inLanguage\":\"gl-ES\",\"potentialAction\":[{\"@type\":\"ReadAction\",\"target\":[\"https:\\\/\\\/www.anovapeneira.gal\\\/index.php\\\/2020\\\/01\\\/29\\\/o-bng-comprometese-co-sector-metalurxico-a-lograr-unha-solucion-para-o-naval-galego-e-reivindica-a-sua-potencialidade-na-economia-galega\\\/\"]}]},{\"@type\":\"ImageObject\",\"inLanguage\":\"gl-ES\",\"@id\":\"https:\\\/\\\/www.anovapeneira.gal\\\/index.php\\\/2020\\\/01\\\/29\\\/o-bng-comprometese-co-sector-metalurxico-a-lograr-unha-solucion-para-o-naval-galego-e-reivindica-a-sua-potencialidade-na-economia-galega\\\/#primaryimage\",\"url\":\"https:\\\/\\\/www.anovapeneira.gal\\\/wp-content\\\/uploads\\\/2020\\\/01\\\/ASIME_a_nova_peneria.png\",\"contentUrl\":\"https:\\\/\\\/www.anovapeneira.gal\\\/wp-content\\\/uploads\\\/2020\\\/01\\\/ASIME_a_nova_peneria.png\",\"width\":720,\"height\":432,\"caption\":\"Asime A Nova Peneira\"},{\"@type\":\"BreadcrumbList\",\"@id\":\"https:\\\/\\\/www.anovapeneira.gal\\\/index.php\\\/2020\\\/01\\\/29\\\/o-bng-comprometese-co-sector-metalurxico-a-lograr-unha-solucion-para-o-naval-galego-e-reivindica-a-sua-potencialidade-na-economia-galega\\\/#breadcrumb\",\"itemListElement\":[{\"@type\":\"ListItem\",\"position\":1,\"name\":\"Portada\",\"item\":\"https:\\\/\\\/www.anovapeneira.gal\\\/\"},{\"@type\":\"ListItem\",\"position\":2,\"name\":\"O BNG comprom\u00e9tese co sector metal\u00farxico a lograr unha soluci\u00f3n para o naval galego e reivindica a s\u00faa potencialidade na econom\u00eda galega\"}]},{\"@type\":\"WebSite\",\"@id\":\"https:\\\/\\\/www.anovapeneira.gal\\\/#website\",\"url\":\"https:\\\/\\\/www.anovapeneira.gal\\\/\",\"name\":\"\",\"description\":\"Xornal galego de informaci\u00f3n xeral Publicaci\u00f3n mensual de novas de Galicia e en especial dos Concellos da sur da provincia de Pontevedra.\",\"publisher\":{\"@id\":\"https:\\\/\\\/www.anovapeneira.gal\\\/#organization\"},\"potentialAction\":[{\"@type\":\"SearchAction\",\"target\":{\"@type\":\"EntryPoint\",\"urlTemplate\":\"https:\\\/\\\/www.anovapeneira.gal\\\/?s={search_term_string}\"},\"query-input\":{\"@type\":\"PropertyValueSpecification\",\"valueRequired\":true,\"valueName\":\"search_term_string\"}}],\"inLanguage\":\"gl-ES\"},{\"@type\":\"Organization\",\"@id\":\"https:\\\/\\\/www.anovapeneira.gal\\\/#organization\",\"name\":\"A Nova Peneira\",\"url\":\"https:\\\/\\\/www.anovapeneira.gal\\\/\",\"logo\":{\"@type\":\"ImageObject\",\"inLanguage\":\"gl-ES\",\"@id\":\"https:\\\/\\\/www.anovapeneira.gal\\\/#\\\/schema\\\/logo\\\/image\\\/\",\"url\":\"http:\\\/\\\/www.anovapeneira.gal\\\/wp-content\\\/uploads\\\/2019\\\/06\\\/logo_a_nova_peneira_portal_web.png\",\"contentUrl\":\"http:\\\/\\\/www.anovapeneira.gal\\\/wp-content\\\/uploads\\\/2019\\\/06\\\/logo_a_nova_peneira_portal_web.png\",\"width\":300,\"height\":100,\"caption\":\"A Nova Peneira\"},\"image\":{\"@id\":\"https:\\\/\\\/www.anovapeneira.gal\\\/#\\\/schema\\\/logo\\\/image\\\/\"},\"sameAs\":[\"https:\\\/\\\/www.facebook.com\\\/anovapeneira\",\"https:\\\/\\\/x.com\\\/APeneira\"]},{\"@type\":\"Person\",\"@id\":\"https:\\\/\\\/www.anovapeneira.gal\\\/#\\\/schema\\\/person\\\/b93e3f8932e3f8da96334607eb6ac6aa\",\"name\":\"Redacci\u00f3n A Nova Peneira\",\"image\":{\"@type\":\"ImageObject\",\"inLanguage\":\"gl-ES\",\"@id\":\"https:\\\/\\\/secure.gravatar.com\\\/avatar\\\/c052a2551a06e23fac63626232eaa90abd78dbcf1700fc46a2b2c89fd27b735f?s=96&d=mm&r=g\",\"url\":\"https:\\\/\\\/secure.gravatar.com\\\/avatar\\\/c052a2551a06e23fac63626232eaa90abd78dbcf1700fc46a2b2c89fd27b735f?s=96&d=mm&r=g\",\"contentUrl\":\"https:\\\/\\\/secure.gravatar.com\\\/avatar\\\/c052a2551a06e23fac63626232eaa90abd78dbcf1700fc46a2b2c89fd27b735f?s=96&d=mm&r=g\",\"caption\":\"Redacci\u00f3n A Nova Peneira\"},\"sameAs\":[\"http:\\\/\\\/www.anovapeneira.gal\\\/\"],\"url\":\"https:\\\/\\\/www.anovapeneira.gal\\\/index.php\\\/author\\\/redactor\\\/\"}]}<\/script>\n<!-- \/ Yoast SEO plugin. -->","yoast_head_json":{"title":"O BNG comprom\u00e9tese co sector metal\u00farxico a lograr unha soluci\u00f3n para o naval galego e reivindica a s\u00faa potencialidade na econom\u00eda galega -","robots":{"index":"index","follow":"follow","max-snippet":"max-snippet:-1","max-image-preview":"max-image-preview:large","max-video-preview":"max-video-preview:-1"},"canonical":"https:\/\/www.anovapeneira.gal\/index.php\/2020\/01\/29\/o-bng-comprometese-co-sector-metalurxico-a-lograr-unha-solucion-para-o-naval-galego-e-reivindica-a-sua-potencialidade-na-economia-galega\/","og_locale":"gl_ES","og_type":"article","og_title":"O BNG comprom\u00e9tese co sector metal\u00farxico a lograr unha soluci\u00f3n para o naval galego e reivindica a s\u00faa potencialidade na econom\u00eda galega -","og_description":"O BNG pide a Xunta de Galiza que tome cartas no que ten haber coa situaci\u00f3n de Barreras [...]","og_url":"https:\/\/www.anovapeneira.gal\/index.php\/2020\/01\/29\/o-bng-comprometese-co-sector-metalurxico-a-lograr-unha-solucion-para-o-naval-galego-e-reivindica-a-sua-potencialidade-na-economia-galega\/","article_publisher":"https:\/\/www.facebook.com\/anovapeneira","article_published_time":"2020-01-29T09:00:39+00:00","og_image":[{"width":720,"height":432,"url":"https:\/\/www.anovapeneira.gal\/wp-content\/uploads\/2020\/01\/ASIME_a_nova_peneria.png","type":"image\/png"}],"author":"Redacci\u00f3n A Nova Peneira","twitter_card":"summary_large_image","twitter_creator":"@APeneira","twitter_site":"@APeneira","twitter_misc":{"Escrito por":"Redacci\u00f3n A Nova Peneira","Tempo de lectura":"1 minuto"},"schema":{"@context":"https:\/\/schema.org","@graph":[{"@type":"Article","@id":"https:\/\/www.anovapeneira.gal\/index.php\/2020\/01\/29\/o-bng-comprometese-co-sector-metalurxico-a-lograr-unha-solucion-para-o-naval-galego-e-reivindica-a-sua-potencialidade-na-economia-galega\/#article","isPartOf":{"@id":"https:\/\/www.anovapeneira.gal\/index.php\/2020\/01\/29\/o-bng-comprometese-co-sector-metalurxico-a-lograr-unha-solucion-para-o-naval-galego-e-reivindica-a-sua-potencialidade-na-economia-galega\/"},"author":{"name":"Redacci\u00f3n A Nova Peneira","@id":"https:\/\/www.anovapeneira.gal\/#\/schema\/person\/b93e3f8932e3f8da96334607eb6ac6aa"},"headline":"O BNG comprom\u00e9tese co sector metal\u00farxico a lograr unha soluci\u00f3n para o naval galego e reivindica a s\u00faa potencialidade na econom\u00eda galega","datePublished":"2020-01-29T09:00:39+00:00","mainEntityOfPage":{"@id":"https:\/\/www.anovapeneira.gal\/index.php\/2020\/01\/29\/o-bng-comprometese-co-sector-metalurxico-a-lograr-unha-solucion-para-o-naval-galego-e-reivindica-a-sua-potencialidade-na-economia-galega\/"},"wordCount":279,"commentCount":0,"publisher":{"@id":"https:\/\/www.anovapeneira.gal\/#organization"},"image":{"@id":"https:\/\/www.anovapeneira.gal\/index.php\/2020\/01\/29\/o-bng-comprometese-co-sector-metalurxico-a-lograr-unha-solucion-para-o-naval-galego-e-reivindica-a-sua-potencialidade-na-economia-galega\/#primaryimage"},"thumbnailUrl":"https:\/\/www.anovapeneira.gal\/wp-content\/uploads\/2020\/01\/ASIME_a_nova_peneria.png","keywords":["BNG","Industria","Naval"],"articleSection":["Novas"],"inLanguage":"gl-ES","potentialAction":[{"@type":"CommentAction","name":"Comment","target":["https:\/\/www.anovapeneira.gal\/index.php\/2020\/01\/29\/o-bng-comprometese-co-sector-metalurxico-a-lograr-unha-solucion-para-o-naval-galego-e-reivindica-a-sua-potencialidade-na-economia-galega\/#respond"]}]},{"@type":"WebPage","@id":"https:\/\/www.anovapeneira.gal\/index.php\/2020\/01\/29\/o-bng-comprometese-co-sector-metalurxico-a-lograr-unha-solucion-para-o-naval-galego-e-reivindica-a-sua-potencialidade-na-economia-galega\/","url":"https:\/\/www.anovapeneira.gal\/index.php\/2020\/01\/29\/o-bng-comprometese-co-sector-metalurxico-a-lograr-unha-solucion-para-o-naval-galego-e-reivindica-a-sua-potencialidade-na-economia-galega\/","name":"O BNG comprom\u00e9tese co sector metal\u00farxico a lograr unha soluci\u00f3n para o naval galego e reivindica a s\u00faa potencialidade na econom\u00eda galega -","isPartOf":{"@id":"https:\/\/www.anovapeneira.gal\/#website"},"primaryImageOfPage":{"@id":"https:\/\/www.anovapeneira.gal\/index.php\/2020\/01\/29\/o-bng-comprometese-co-sector-metalurxico-a-lograr-unha-solucion-para-o-naval-galego-e-reivindica-a-sua-potencialidade-na-economia-galega\/#primaryimage"},"image":{"@id":"https:\/\/www.anovapeneira.gal\/index.php\/2020\/01\/29\/o-bng-comprometese-co-sector-metalurxico-a-lograr-unha-solucion-para-o-naval-galego-e-reivindica-a-sua-potencialidade-na-economia-galega\/#primaryimage"},"thumbnailUrl":"https:\/\/www.anovapeneira.gal\/wp-content\/uploads\/2020\/01\/ASIME_a_nova_peneria.png","datePublished":"2020-01-29T09:00:39+00:00","breadcrumb":{"@id":"https:\/\/www.anovapeneira.gal\/index.php\/2020\/01\/29\/o-bng-comprometese-co-sector-metalurxico-a-lograr-unha-solucion-para-o-naval-galego-e-reivindica-a-sua-potencialidade-na-economia-galega\/#breadcrumb"},"inLanguage":"gl-ES","potentialAction":[{"@type":"ReadAction","target":["https:\/\/www.anovapeneira.gal\/index.php\/2020\/01\/29\/o-bng-comprometese-co-sector-metalurxico-a-lograr-unha-solucion-para-o-naval-galego-e-reivindica-a-sua-potencialidade-na-economia-galega\/"]}]},{"@type":"ImageObject","inLanguage":"gl-ES","@id":"https:\/\/www.anovapeneira.gal\/index.php\/2020\/01\/29\/o-bng-comprometese-co-sector-metalurxico-a-lograr-unha-solucion-para-o-naval-galego-e-reivindica-a-sua-potencialidade-na-economia-galega\/#primaryimage","url":"https:\/\/www.anovapeneira.gal\/wp-content\/uploads\/2020\/01\/ASIME_a_nova_peneria.png","contentUrl":"https:\/\/www.anovapeneira.gal\/wp-content\/uploads\/2020\/01\/ASIME_a_nova_peneria.png","width":720,"height":432,"caption":"Asime A Nova Peneira"},{"@type":"BreadcrumbList","@id":"https:\/\/www.anovapeneira.gal\/index.php\/2020\/01\/29\/o-bng-comprometese-co-sector-metalurxico-a-lograr-unha-solucion-para-o-naval-galego-e-reivindica-a-sua-potencialidade-na-economia-galega\/#breadcrumb","itemListElement":[{"@type":"ListItem","position":1,"name":"Portada","item":"https:\/\/www.anovapeneira.gal\/"},{"@type":"ListItem","position":2,"name":"O BNG comprom\u00e9tese co sector metal\u00farxico a lograr unha soluci\u00f3n para o naval galego e reivindica a s\u00faa potencialidade na econom\u00eda galega"}]},{"@type":"WebSite","@id":"https:\/\/www.anovapeneira.gal\/#website","url":"https:\/\/www.anovapeneira.gal\/","name":"","description":"Xornal galego de informaci\u00f3n xeral Publicaci\u00f3n mensual de novas de Galicia e en especial dos Concellos da sur da provincia de Pontevedra.","publisher":{"@id":"https:\/\/www.anovapeneira.gal\/#organization"},"potentialAction":[{"@type":"SearchAction","target":{"@type":"EntryPoint","urlTemplate":"https:\/\/www.anovapeneira.gal\/?s={search_term_string}"},"query-input":{"@type":"PropertyValueSpecification","valueRequired":true,"valueName":"search_term_string"}}],"inLanguage":"gl-ES"},{"@type":"Organization","@id":"https:\/\/www.anovapeneira.gal\/#organization","name":"A Nova Peneira","url":"https:\/\/www.anovapeneira.gal\/","logo":{"@type":"ImageObject","inLanguage":"gl-ES","@id":"https:\/\/www.anovapeneira.gal\/#\/schema\/logo\/image\/","url":"http:\/\/www.anovapeneira.gal\/wp-content\/uploads\/2019\/06\/logo_a_nova_peneira_portal_web.png","contentUrl":"http:\/\/www.anovapeneira.gal\/wp-content\/uploads\/2019\/06\/logo_a_nova_peneira_portal_web.png","width":300,"height":100,"caption":"A Nova Peneira"},"image":{"@id":"https:\/\/www.anovapeneira.gal\/#\/schema\/logo\/image\/"},"sameAs":["https:\/\/www.facebook.com\/anovapeneira","https:\/\/x.com\/APeneira"]},{"@type":"Person","@id":"https:\/\/www.anovapeneira.gal\/#\/schema\/person\/b93e3f8932e3f8da96334607eb6ac6aa","name":"Redacci\u00f3n A Nova Peneira","image":{"@type":"ImageObject","inLanguage":"gl-ES","@id":"https:\/\/secure.gravatar.com\/avatar\/c052a2551a06e23fac63626232eaa90abd78dbcf1700fc46a2b2c89fd27b735f?s=96&d=mm&r=g","url":"https:\/\/secure.gravatar.com\/avatar\/c052a2551a06e23fac63626232eaa90abd78dbcf1700fc46a2b2c89fd27b735f?s=96&d=mm&r=g","contentUrl":"https:\/\/secure.gravatar.com\/avatar\/c052a2551a06e23fac63626232eaa90abd78dbcf1700fc46a2b2c89fd27b735f?s=96&d=mm&r=g","caption":"Redacci\u00f3n A Nova Peneira"},"sameAs":["http:\/\/www.anovapeneira.gal\/"],"url":"https:\/\/www.anovapeneira.gal\/index.php\/author\/redactor\/"}]}},"jetpack_featured_media_url":"https:\/\/www.anovapeneira.gal\/wp-content\/uploads\/2020\/01\/ASIME_a_nova_peneria.png","_links":{"self":[{"href":"https:\/\/www.anovapeneira.gal\/index.php\/wp-json\/wp\/v2\/posts\/2382","targetHints":{"allow":["GET"]}}],"collection":[{"href":"https:\/\/www.anovapeneira.gal\/index.php\/wp-json\/wp\/v2\/posts"}],"about":[{"href":"https:\/\/www.anovapeneira.gal\/index.php\/wp-json\/wp\/v2\/types\/post"}],"author":[{"embeddable":true,"href":"https:\/\/www.anovapeneira.gal\/index.php\/wp-json\/wp\/v2\/users\/3"}],"replies":[{"embeddable":true,"href":"https:\/\/www.anovapeneira.gal\/index.php\/wp-json\/wp\/v2\/comments?post=2382"}],"version-history":[{"count":1,"href":"https:\/\/www.anovapeneira.gal\/index.php\/wp-json\/wp\/v2\/posts\/2382\/revisions"}],"predecessor-version":[{"id":2384,"href":"https:\/\/www.anovapeneira.gal\/index.php\/wp-json\/wp\/v2\/posts\/2382\/revisions\/2384"}],"wp:featuredmedia":[{"embeddable":true,"href":"https:\/\/www.anovapeneira.gal\/index.php\/wp-json\/wp\/v2\/media\/2383"}],"wp:attachment":[{"href":"https:\/\/www.anovapeneira.gal\/index.php\/wp-json\/wp\/v2\/media?parent=2382"}],"wp:term":[{"taxonomy":"category","embeddable":true,"href":"https:\/\/www.anovapeneira.gal\/index.php\/wp-json\/wp\/v2\/categories?post=2382"},{"taxonomy":"post_tag","embeddable":true,"href":"https:\/\/www.anovapeneira.gal\/index.php\/wp-json\/wp\/v2\/tags?post=2382"}],"curies":[{"name":"wp","href":"https:\/\/api.w.org\/{rel}","templated":true}]}}