{"id":2430,"date":"2020-02-03T12:00:16","date_gmt":"2020-02-03T11:00:16","guid":{"rendered":"http:\/\/www.anovapeneira.gal\/?p=2430"},"modified":"2020-01-30T15:39:47","modified_gmt":"2020-01-30T14:39:47","slug":"o-tsxg-insta-ao-concello-a-demoler-o-hipermercado-eroski-2","status":"publish","type":"post","link":"https:\/\/www.anovapeneira.gal\/index.php\/2020\/02\/03\/o-tsxg-insta-ao-concello-a-demoler-o-hipermercado-eroski-2\/","title":{"rendered":"O TSXG insta ao Concello a demoler o hipermercado Eroski"},"content":{"rendered":"\n<h2 class=\"wp-block-heading\"><strong>A licenza foi concedida polo goberno de Jos\u00e9 Castro en 2002 e anulada pola xustiza en 2008<\/strong><\/h2>\n\n\n\n<p> <strong>Ponteareas, 29 de xaneiro 2020<\/strong><\/p>\n\n\n\n<p>O\nTSXG requir\u00edu ao Concello de Ponteareas para demoler o hipermercado\nEroski, ubicado na parroquia de Angoares, no prazo m\u00e1ximo dun ano. O\ntribunal esixe ao Goberno Local que inicie os tr\u00e1mites no prazo\nm\u00e1ximo dun mes e que mante\u00f1a informado ao TSXG trimestralmente das\nactuaci\u00f3ns que se realicen. No caso de incumprimento das instruci\u00f3ns\ndadas, os funcionarios responsabeis ou o propio alcalde poder\u00edan ser\nsancionados economicamente.<\/p>\n\n\n\n<p>O\nhipermercado construiuse no ano 2002 logo de que o goberno presidido\npor Jos\u00e9 Castro lle outorgara licenza un mes antes da decisi\u00f3n da\nXunta de Galicia de suspender as normas urban\u00edsticas. A licenza foi\nrecorrida pola administraci\u00f3n auton\u00f3mica e os tribunais declar\u00e1rona\nnula por sentenza no ano 2008.<\/p>\n\n\n\n<p>O\nfeito de que a obra se iniciase con licenza abre a posibilidade de\nque o Concello te\u00f1a que responder economicamente dos prexuizos que a\ndemolici\u00f3n implicar\u00e1 para os propietarios, xerando o risco para a\nadministraci\u00f3n local de indemnizaci\u00f3ns de elevada cont\u00eda.<\/p>\n\n\n\n<p>O\nPlan Xeral de Ordenaci\u00f3n Municipal aprobado recentemente polo Pleno\ne pendente de aprobaci\u00f3n definitiva posibilita a legalizaci\u00f3n da\nobra. O Goberno Local lembra que existen en Ponteareas, en zonas como\no pol\u00edgono da Lomba, outras instalaci\u00f3ns industriais e comerciais\nsobre as que pesan tam\u00e9n ordes administrativas e xudiciais de\ndemolici\u00f3n que s\u00f3 se poder\u00e1n evitar a trav\u00e9s da aprobaci\u00f3n do\nPXOM.<\/p>\n\n\n\n<p>O\nAlcalde Xos\u00e9 Represas e a concelleira Chus Garrote amosaron a s\u00faa\npreocupaci\u00f3n ante a decisi\u00f3n do TSXG e reclamaron \u00e1 Xunta de\nGalicia \u201cceleridade na aprobaci\u00f3n definitiva do PXOM para dar\ncanto antes seguridade xur\u00eddica \u00e1s actividades industriais e\ncomerciais. S\u00f3 co novo PXOM poderemos evitar os graves prexuizos\necon\u00f3micos que para a facenda municipal conlevar\u00edan as demolici\u00f3ns\nderivadas dos acordos ilegais que tomaron outros gobernos no seu\nmomento\u201d.<\/p>\n","protected":false},"excerpt":{"rendered":"<div class=\"mh-excerpt\"><p>A licenza foi concedida polo goberno de Jos\u00e9 Castro en 2002 e anulada pola xustiza en 2008 <a class=\"mh-excerpt-more\" href=\"https:\/\/www.anovapeneira.gal\/index.php\/2020\/02\/03\/o-tsxg-insta-ao-concello-a-demoler-o-hipermercado-eroski-2\/\" title=\"O TSXG insta ao Concello a demoler o hipermercado Eroski\">[&#8230;]<\/a><\/p>\n<\/div>","protected":false},"author":3,"featured_media":572,"comment_status":"open","ping_status":"open","sticky":false,"template":"","format":"standard","meta":{"_exactmetrics_skip_tracking":false,"_exactmetrics_sitenote_active":false,"_exactmetrics_sitenote_note":"","_exactmetrics_sitenote_category":0,"footnotes":""},"categories":[25],"tags":[208,455],"class_list":{"0":"post-2430","1":"post","2":"type-post","3":"status-publish","4":"format-standard","5":"has-post-thumbnail","7":"category-condado","8":"tag-concello-de-ponteareas","9":"tag-urbanismo"},"yoast_head":"<!-- This site is optimized with the Yoast SEO plugin v27.4 - https:\/\/yoast.com\/product\/yoast-seo-wordpress\/ -->\n<title>O TSXG insta ao Concello a demoler o hipermercado Eroski -<\/title>\n<meta name=\"robots\" content=\"index, follow, max-snippet:-1, max-image-preview:large, max-video-preview:-1\" \/>\n<link rel=\"canonical\" href=\"https:\/\/www.anovapeneira.gal\/index.php\/2020\/02\/03\/o-tsxg-insta-ao-concello-a-demoler-o-hipermercado-eroski-2\/\" \/>\n<meta property=\"og:locale\" content=\"gl_ES\" \/>\n<meta property=\"og:type\" content=\"article\" \/>\n<meta property=\"og:title\" content=\"O TSXG insta ao Concello a demoler o hipermercado Eroski -\" \/>\n<meta property=\"og:description\" content=\"A licenza foi concedida polo goberno de Jos\u00e9 Castro en 2002 e anulada pola xustiza en 2008 [...]\" \/>\n<meta property=\"og:url\" content=\"https:\/\/www.anovapeneira.gal\/index.php\/2020\/02\/03\/o-tsxg-insta-ao-concello-a-demoler-o-hipermercado-eroski-2\/\" \/>\n<meta property=\"article:publisher\" content=\"https:\/\/www.facebook.com\/anovapeneira\" \/>\n<meta property=\"article:published_time\" content=\"2020-02-03T11:00:16+00:00\" \/>\n<meta property=\"og:image\" content=\"https:\/\/www.anovapeneira.gal\/wp-content\/uploads\/2019\/07\/logo_Ponteareas_branco.jpg\" \/>\n\t<meta property=\"og:image:width\" content=\"720\" \/>\n\t<meta property=\"og:image:height\" content=\"473\" \/>\n\t<meta property=\"og:image:type\" content=\"image\/jpeg\" \/>\n<meta name=\"author\" content=\"Redacci\u00f3n A Nova Peneira\" \/>\n<meta name=\"twitter:card\" content=\"summary_large_image\" \/>\n<meta name=\"twitter:creator\" content=\"@APeneira\" \/>\n<meta name=\"twitter:site\" content=\"@APeneira\" \/>\n<meta name=\"twitter:label1\" content=\"Escrito por\" \/>\n\t<meta name=\"twitter:data1\" content=\"Redacci\u00f3n A Nova Peneira\" \/>\n\t<meta name=\"twitter:label2\" content=\"Tempo de lectura\" \/>\n\t<meta name=\"twitter:data2\" content=\"2 minutos\" \/>\n<script type=\"application\/ld+json\" class=\"yoast-schema-graph\">{\"@context\":\"https:\\\/\\\/schema.org\",\"@graph\":[{\"@type\":\"Article\",\"@id\":\"https:\\\/\\\/www.anovapeneira.gal\\\/index.php\\\/2020\\\/02\\\/03\\\/o-tsxg-insta-ao-concello-a-demoler-o-hipermercado-eroski-2\\\/#article\",\"isPartOf\":{\"@id\":\"https:\\\/\\\/www.anovapeneira.gal\\\/index.php\\\/2020\\\/02\\\/03\\\/o-tsxg-insta-ao-concello-a-demoler-o-hipermercado-eroski-2\\\/\"},\"author\":{\"name\":\"Redacci\u00f3n A Nova Peneira\",\"@id\":\"https:\\\/\\\/www.anovapeneira.gal\\\/#\\\/schema\\\/person\\\/b93e3f8932e3f8da96334607eb6ac6aa\"},\"headline\":\"O TSXG insta ao Concello a demoler o hipermercado Eroski\",\"datePublished\":\"2020-02-03T11:00:16+00:00\",\"mainEntityOfPage\":{\"@id\":\"https:\\\/\\\/www.anovapeneira.gal\\\/index.php\\\/2020\\\/02\\\/03\\\/o-tsxg-insta-ao-concello-a-demoler-o-hipermercado-eroski-2\\\/\"},\"wordCount\":351,\"commentCount\":0,\"publisher\":{\"@id\":\"https:\\\/\\\/www.anovapeneira.gal\\\/#organization\"},\"image\":{\"@id\":\"https:\\\/\\\/www.anovapeneira.gal\\\/index.php\\\/2020\\\/02\\\/03\\\/o-tsxg-insta-ao-concello-a-demoler-o-hipermercado-eroski-2\\\/#primaryimage\"},\"thumbnailUrl\":\"https:\\\/\\\/www.anovapeneira.gal\\\/wp-content\\\/uploads\\\/2019\\\/07\\\/logo_Ponteareas_branco.jpg\",\"keywords\":[\"Concello de Ponteareas\",\"Urbanismo\"],\"articleSection\":[\"Condado\"],\"inLanguage\":\"gl-ES\",\"potentialAction\":[{\"@type\":\"CommentAction\",\"name\":\"Comment\",\"target\":[\"https:\\\/\\\/www.anovapeneira.gal\\\/index.php\\\/2020\\\/02\\\/03\\\/o-tsxg-insta-ao-concello-a-demoler-o-hipermercado-eroski-2\\\/#respond\"]}]},{\"@type\":\"WebPage\",\"@id\":\"https:\\\/\\\/www.anovapeneira.gal\\\/index.php\\\/2020\\\/02\\\/03\\\/o-tsxg-insta-ao-concello-a-demoler-o-hipermercado-eroski-2\\\/\",\"url\":\"https:\\\/\\\/www.anovapeneira.gal\\\/index.php\\\/2020\\\/02\\\/03\\\/o-tsxg-insta-ao-concello-a-demoler-o-hipermercado-eroski-2\\\/\",\"name\":\"O TSXG insta ao Concello a demoler o hipermercado Eroski -\",\"isPartOf\":{\"@id\":\"https:\\\/\\\/www.anovapeneira.gal\\\/#website\"},\"primaryImageOfPage\":{\"@id\":\"https:\\\/\\\/www.anovapeneira.gal\\\/index.php\\\/2020\\\/02\\\/03\\\/o-tsxg-insta-ao-concello-a-demoler-o-hipermercado-eroski-2\\\/#primaryimage\"},\"image\":{\"@id\":\"https:\\\/\\\/www.anovapeneira.gal\\\/index.php\\\/2020\\\/02\\\/03\\\/o-tsxg-insta-ao-concello-a-demoler-o-hipermercado-eroski-2\\\/#primaryimage\"},\"thumbnailUrl\":\"https:\\\/\\\/www.anovapeneira.gal\\\/wp-content\\\/uploads\\\/2019\\\/07\\\/logo_Ponteareas_branco.jpg\",\"datePublished\":\"2020-02-03T11:00:16+00:00\",\"breadcrumb\":{\"@id\":\"https:\\\/\\\/www.anovapeneira.gal\\\/index.php\\\/2020\\\/02\\\/03\\\/o-tsxg-insta-ao-concello-a-demoler-o-hipermercado-eroski-2\\\/#breadcrumb\"},\"inLanguage\":\"gl-ES\",\"potentialAction\":[{\"@type\":\"ReadAction\",\"target\":[\"https:\\\/\\\/www.anovapeneira.gal\\\/index.php\\\/2020\\\/02\\\/03\\\/o-tsxg-insta-ao-concello-a-demoler-o-hipermercado-eroski-2\\\/\"]}]},{\"@type\":\"ImageObject\",\"inLanguage\":\"gl-ES\",\"@id\":\"https:\\\/\\\/www.anovapeneira.gal\\\/index.php\\\/2020\\\/02\\\/03\\\/o-tsxg-insta-ao-concello-a-demoler-o-hipermercado-eroski-2\\\/#primaryimage\",\"url\":\"https:\\\/\\\/www.anovapeneira.gal\\\/wp-content\\\/uploads\\\/2019\\\/07\\\/logo_Ponteareas_branco.jpg\",\"contentUrl\":\"https:\\\/\\\/www.anovapeneira.gal\\\/wp-content\\\/uploads\\\/2019\\\/07\\\/logo_Ponteareas_branco.jpg\",\"width\":720,\"height\":473,\"caption\":\"Concello de Ponteareas A Nova Peneira\"},{\"@type\":\"BreadcrumbList\",\"@id\":\"https:\\\/\\\/www.anovapeneira.gal\\\/index.php\\\/2020\\\/02\\\/03\\\/o-tsxg-insta-ao-concello-a-demoler-o-hipermercado-eroski-2\\\/#breadcrumb\",\"itemListElement\":[{\"@type\":\"ListItem\",\"position\":1,\"name\":\"Portada\",\"item\":\"https:\\\/\\\/www.anovapeneira.gal\\\/\"},{\"@type\":\"ListItem\",\"position\":2,\"name\":\"O TSXG insta ao Concello a demoler o hipermercado Eroski\"}]},{\"@type\":\"WebSite\",\"@id\":\"https:\\\/\\\/www.anovapeneira.gal\\\/#website\",\"url\":\"https:\\\/\\\/www.anovapeneira.gal\\\/\",\"name\":\"\",\"description\":\"Xornal galego de informaci\u00f3n xeral Publicaci\u00f3n mensual de novas de Galicia e en especial dos Concellos da sur da provincia de Pontevedra.\",\"publisher\":{\"@id\":\"https:\\\/\\\/www.anovapeneira.gal\\\/#organization\"},\"potentialAction\":[{\"@type\":\"SearchAction\",\"target\":{\"@type\":\"EntryPoint\",\"urlTemplate\":\"https:\\\/\\\/www.anovapeneira.gal\\\/?s={search_term_string}\"},\"query-input\":{\"@type\":\"PropertyValueSpecification\",\"valueRequired\":true,\"valueName\":\"search_term_string\"}}],\"inLanguage\":\"gl-ES\"},{\"@type\":\"Organization\",\"@id\":\"https:\\\/\\\/www.anovapeneira.gal\\\/#organization\",\"name\":\"A Nova Peneira\",\"url\":\"https:\\\/\\\/www.anovapeneira.gal\\\/\",\"logo\":{\"@type\":\"ImageObject\",\"inLanguage\":\"gl-ES\",\"@id\":\"https:\\\/\\\/www.anovapeneira.gal\\\/#\\\/schema\\\/logo\\\/image\\\/\",\"url\":\"http:\\\/\\\/www.anovapeneira.gal\\\/wp-content\\\/uploads\\\/2019\\\/06\\\/logo_a_nova_peneira_portal_web.png\",\"contentUrl\":\"http:\\\/\\\/www.anovapeneira.gal\\\/wp-content\\\/uploads\\\/2019\\\/06\\\/logo_a_nova_peneira_portal_web.png\",\"width\":300,\"height\":100,\"caption\":\"A Nova Peneira\"},\"image\":{\"@id\":\"https:\\\/\\\/www.anovapeneira.gal\\\/#\\\/schema\\\/logo\\\/image\\\/\"},\"sameAs\":[\"https:\\\/\\\/www.facebook.com\\\/anovapeneira\",\"https:\\\/\\\/x.com\\\/APeneira\"]},{\"@type\":\"Person\",\"@id\":\"https:\\\/\\\/www.anovapeneira.gal\\\/#\\\/schema\\\/person\\\/b93e3f8932e3f8da96334607eb6ac6aa\",\"name\":\"Redacci\u00f3n A Nova Peneira\",\"image\":{\"@type\":\"ImageObject\",\"inLanguage\":\"gl-ES\",\"@id\":\"https:\\\/\\\/secure.gravatar.com\\\/avatar\\\/c052a2551a06e23fac63626232eaa90abd78dbcf1700fc46a2b2c89fd27b735f?s=96&d=mm&r=g\",\"url\":\"https:\\\/\\\/secure.gravatar.com\\\/avatar\\\/c052a2551a06e23fac63626232eaa90abd78dbcf1700fc46a2b2c89fd27b735f?s=96&d=mm&r=g\",\"contentUrl\":\"https:\\\/\\\/secure.gravatar.com\\\/avatar\\\/c052a2551a06e23fac63626232eaa90abd78dbcf1700fc46a2b2c89fd27b735f?s=96&d=mm&r=g\",\"caption\":\"Redacci\u00f3n A Nova Peneira\"},\"sameAs\":[\"http:\\\/\\\/www.anovapeneira.gal\\\/\"],\"url\":\"https:\\\/\\\/www.anovapeneira.gal\\\/index.php\\\/author\\\/redactor\\\/\"}]}<\/script>\n<!-- \/ Yoast SEO plugin. -->","yoast_head_json":{"title":"O TSXG insta ao Concello a demoler o hipermercado Eroski -","robots":{"index":"index","follow":"follow","max-snippet":"max-snippet:-1","max-image-preview":"max-image-preview:large","max-video-preview":"max-video-preview:-1"},"canonical":"https:\/\/www.anovapeneira.gal\/index.php\/2020\/02\/03\/o-tsxg-insta-ao-concello-a-demoler-o-hipermercado-eroski-2\/","og_locale":"gl_ES","og_type":"article","og_title":"O TSXG insta ao Concello a demoler o hipermercado Eroski -","og_description":"A licenza foi concedida polo goberno de Jos\u00e9 Castro en 2002 e anulada pola xustiza en 2008 [...]","og_url":"https:\/\/www.anovapeneira.gal\/index.php\/2020\/02\/03\/o-tsxg-insta-ao-concello-a-demoler-o-hipermercado-eroski-2\/","article_publisher":"https:\/\/www.facebook.com\/anovapeneira","article_published_time":"2020-02-03T11:00:16+00:00","og_image":[{"width":720,"height":473,"url":"https:\/\/www.anovapeneira.gal\/wp-content\/uploads\/2019\/07\/logo_Ponteareas_branco.jpg","type":"image\/jpeg"}],"author":"Redacci\u00f3n A Nova Peneira","twitter_card":"summary_large_image","twitter_creator":"@APeneira","twitter_site":"@APeneira","twitter_misc":{"Escrito por":"Redacci\u00f3n A Nova Peneira","Tempo de lectura":"2 minutos"},"schema":{"@context":"https:\/\/schema.org","@graph":[{"@type":"Article","@id":"https:\/\/www.anovapeneira.gal\/index.php\/2020\/02\/03\/o-tsxg-insta-ao-concello-a-demoler-o-hipermercado-eroski-2\/#article","isPartOf":{"@id":"https:\/\/www.anovapeneira.gal\/index.php\/2020\/02\/03\/o-tsxg-insta-ao-concello-a-demoler-o-hipermercado-eroski-2\/"},"author":{"name":"Redacci\u00f3n A Nova Peneira","@id":"https:\/\/www.anovapeneira.gal\/#\/schema\/person\/b93e3f8932e3f8da96334607eb6ac6aa"},"headline":"O TSXG insta ao Concello a demoler o hipermercado Eroski","datePublished":"2020-02-03T11:00:16+00:00","mainEntityOfPage":{"@id":"https:\/\/www.anovapeneira.gal\/index.php\/2020\/02\/03\/o-tsxg-insta-ao-concello-a-demoler-o-hipermercado-eroski-2\/"},"wordCount":351,"commentCount":0,"publisher":{"@id":"https:\/\/www.anovapeneira.gal\/#organization"},"image":{"@id":"https:\/\/www.anovapeneira.gal\/index.php\/2020\/02\/03\/o-tsxg-insta-ao-concello-a-demoler-o-hipermercado-eroski-2\/#primaryimage"},"thumbnailUrl":"https:\/\/www.anovapeneira.gal\/wp-content\/uploads\/2019\/07\/logo_Ponteareas_branco.jpg","keywords":["Concello de Ponteareas","Urbanismo"],"articleSection":["Condado"],"inLanguage":"gl-ES","potentialAction":[{"@type":"CommentAction","name":"Comment","target":["https:\/\/www.anovapeneira.gal\/index.php\/2020\/02\/03\/o-tsxg-insta-ao-concello-a-demoler-o-hipermercado-eroski-2\/#respond"]}]},{"@type":"WebPage","@id":"https:\/\/www.anovapeneira.gal\/index.php\/2020\/02\/03\/o-tsxg-insta-ao-concello-a-demoler-o-hipermercado-eroski-2\/","url":"https:\/\/www.anovapeneira.gal\/index.php\/2020\/02\/03\/o-tsxg-insta-ao-concello-a-demoler-o-hipermercado-eroski-2\/","name":"O TSXG insta ao Concello a demoler o hipermercado Eroski -","isPartOf":{"@id":"https:\/\/www.anovapeneira.gal\/#website"},"primaryImageOfPage":{"@id":"https:\/\/www.anovapeneira.gal\/index.php\/2020\/02\/03\/o-tsxg-insta-ao-concello-a-demoler-o-hipermercado-eroski-2\/#primaryimage"},"image":{"@id":"https:\/\/www.anovapeneira.gal\/index.php\/2020\/02\/03\/o-tsxg-insta-ao-concello-a-demoler-o-hipermercado-eroski-2\/#primaryimage"},"thumbnailUrl":"https:\/\/www.anovapeneira.gal\/wp-content\/uploads\/2019\/07\/logo_Ponteareas_branco.jpg","datePublished":"2020-02-03T11:00:16+00:00","breadcrumb":{"@id":"https:\/\/www.anovapeneira.gal\/index.php\/2020\/02\/03\/o-tsxg-insta-ao-concello-a-demoler-o-hipermercado-eroski-2\/#breadcrumb"},"inLanguage":"gl-ES","potentialAction":[{"@type":"ReadAction","target":["https:\/\/www.anovapeneira.gal\/index.php\/2020\/02\/03\/o-tsxg-insta-ao-concello-a-demoler-o-hipermercado-eroski-2\/"]}]},{"@type":"ImageObject","inLanguage":"gl-ES","@id":"https:\/\/www.anovapeneira.gal\/index.php\/2020\/02\/03\/o-tsxg-insta-ao-concello-a-demoler-o-hipermercado-eroski-2\/#primaryimage","url":"https:\/\/www.anovapeneira.gal\/wp-content\/uploads\/2019\/07\/logo_Ponteareas_branco.jpg","contentUrl":"https:\/\/www.anovapeneira.gal\/wp-content\/uploads\/2019\/07\/logo_Ponteareas_branco.jpg","width":720,"height":473,"caption":"Concello de Ponteareas A Nova Peneira"},{"@type":"BreadcrumbList","@id":"https:\/\/www.anovapeneira.gal\/index.php\/2020\/02\/03\/o-tsxg-insta-ao-concello-a-demoler-o-hipermercado-eroski-2\/#breadcrumb","itemListElement":[{"@type":"ListItem","position":1,"name":"Portada","item":"https:\/\/www.anovapeneira.gal\/"},{"@type":"ListItem","position":2,"name":"O TSXG insta ao Concello a demoler o hipermercado Eroski"}]},{"@type":"WebSite","@id":"https:\/\/www.anovapeneira.gal\/#website","url":"https:\/\/www.anovapeneira.gal\/","name":"","description":"Xornal galego de informaci\u00f3n xeral Publicaci\u00f3n mensual de novas de Galicia e en especial dos Concellos da sur da provincia de Pontevedra.","publisher":{"@id":"https:\/\/www.anovapeneira.gal\/#organization"},"potentialAction":[{"@type":"SearchAction","target":{"@type":"EntryPoint","urlTemplate":"https:\/\/www.anovapeneira.gal\/?s={search_term_string}"},"query-input":{"@type":"PropertyValueSpecification","valueRequired":true,"valueName":"search_term_string"}}],"inLanguage":"gl-ES"},{"@type":"Organization","@id":"https:\/\/www.anovapeneira.gal\/#organization","name":"A Nova Peneira","url":"https:\/\/www.anovapeneira.gal\/","logo":{"@type":"ImageObject","inLanguage":"gl-ES","@id":"https:\/\/www.anovapeneira.gal\/#\/schema\/logo\/image\/","url":"http:\/\/www.anovapeneira.gal\/wp-content\/uploads\/2019\/06\/logo_a_nova_peneira_portal_web.png","contentUrl":"http:\/\/www.anovapeneira.gal\/wp-content\/uploads\/2019\/06\/logo_a_nova_peneira_portal_web.png","width":300,"height":100,"caption":"A Nova Peneira"},"image":{"@id":"https:\/\/www.anovapeneira.gal\/#\/schema\/logo\/image\/"},"sameAs":["https:\/\/www.facebook.com\/anovapeneira","https:\/\/x.com\/APeneira"]},{"@type":"Person","@id":"https:\/\/www.anovapeneira.gal\/#\/schema\/person\/b93e3f8932e3f8da96334607eb6ac6aa","name":"Redacci\u00f3n A Nova Peneira","image":{"@type":"ImageObject","inLanguage":"gl-ES","@id":"https:\/\/secure.gravatar.com\/avatar\/c052a2551a06e23fac63626232eaa90abd78dbcf1700fc46a2b2c89fd27b735f?s=96&d=mm&r=g","url":"https:\/\/secure.gravatar.com\/avatar\/c052a2551a06e23fac63626232eaa90abd78dbcf1700fc46a2b2c89fd27b735f?s=96&d=mm&r=g","contentUrl":"https:\/\/secure.gravatar.com\/avatar\/c052a2551a06e23fac63626232eaa90abd78dbcf1700fc46a2b2c89fd27b735f?s=96&d=mm&r=g","caption":"Redacci\u00f3n A Nova Peneira"},"sameAs":["http:\/\/www.anovapeneira.gal\/"],"url":"https:\/\/www.anovapeneira.gal\/index.php\/author\/redactor\/"}]}},"jetpack_featured_media_url":"https:\/\/www.anovapeneira.gal\/wp-content\/uploads\/2019\/07\/logo_Ponteareas_branco.jpg","_links":{"self":[{"href":"https:\/\/www.anovapeneira.gal\/index.php\/wp-json\/wp\/v2\/posts\/2430","targetHints":{"allow":["GET"]}}],"collection":[{"href":"https:\/\/www.anovapeneira.gal\/index.php\/wp-json\/wp\/v2\/posts"}],"about":[{"href":"https:\/\/www.anovapeneira.gal\/index.php\/wp-json\/wp\/v2\/types\/post"}],"author":[{"embeddable":true,"href":"https:\/\/www.anovapeneira.gal\/index.php\/wp-json\/wp\/v2\/users\/3"}],"replies":[{"embeddable":true,"href":"https:\/\/www.anovapeneira.gal\/index.php\/wp-json\/wp\/v2\/comments?post=2430"}],"version-history":[{"count":1,"href":"https:\/\/www.anovapeneira.gal\/index.php\/wp-json\/wp\/v2\/posts\/2430\/revisions"}],"predecessor-version":[{"id":2431,"href":"https:\/\/www.anovapeneira.gal\/index.php\/wp-json\/wp\/v2\/posts\/2430\/revisions\/2431"}],"wp:featuredmedia":[{"embeddable":true,"href":"https:\/\/www.anovapeneira.gal\/index.php\/wp-json\/wp\/v2\/media\/572"}],"wp:attachment":[{"href":"https:\/\/www.anovapeneira.gal\/index.php\/wp-json\/wp\/v2\/media?parent=2430"}],"wp:term":[{"taxonomy":"category","embeddable":true,"href":"https:\/\/www.anovapeneira.gal\/index.php\/wp-json\/wp\/v2\/categories?post=2430"},{"taxonomy":"post_tag","embeddable":true,"href":"https:\/\/www.anovapeneira.gal\/index.php\/wp-json\/wp\/v2\/tags?post=2430"}],"curies":[{"name":"wp","href":"https:\/\/api.w.org\/{rel}","templated":true}]}}