{"id":2434,"date":"2020-02-04T10:00:52","date_gmt":"2020-02-04T09:00:52","guid":{"rendered":"http:\/\/www.anovapeneira.gal\/?p=2434"},"modified":"2020-02-05T07:51:44","modified_gmt":"2020-02-05T06:51:44","slug":"noveno-fragmento-do-diario-de-senlua-arraiana","status":"publish","type":"post","link":"https:\/\/www.anovapeneira.gal\/index.php\/2020\/02\/04\/noveno-fragmento-do-diario-de-senlua-arraiana\/","title":{"rendered":"Noveno fragmento do diario de Senl\u00faa Arraiana"},"content":{"rendered":"\n<h2 class=\"wp-block-heading\">TERRITORIO&nbsp; DE AVESPAS<\/h2>\n\n\n\n<figure class=\"wp-block-image size-large is-resized\"><img loading=\"lazy\" decoding=\"async\" src=\"http:\/\/www.anovapeneira.gal\/wp-content\/uploads\/2019\/07\/cristobal_a_nova_peneira.jpg\" alt=\"Crist\u00f3bal L\u00f3pez A Nova Peneira\" class=\"wp-image-555\" width=\"95\" height=\"111\"\/><figcaption>Crist\u00f3bal L\u00f3pez Pazo | Comuneiro dos montes de Tameiga, militante de anticapitalistas, ecoloxista en acci\u00f3n e veci\u00f1o constitu\u00ednte da asemblea veci\u00f1al ga\u00f1aM\u00f3s<\/figcaption><\/figure>\n\n\n\n<figure class=\"wp-block-image size-large\"><img loading=\"lazy\" decoding=\"async\" width=\"700\" height=\"816\" src=\"http:\/\/www.anovapeneira.gal\/wp-content\/uploads\/2019\/08\/senlua_arraiana_2135.jpg\" alt=\"\" class=\"wp-image-877\" srcset=\"https:\/\/www.anovapeneira.gal\/wp-content\/uploads\/2019\/08\/senlua_arraiana_2135.jpg 700w, https:\/\/www.anovapeneira.gal\/wp-content\/uploads\/2019\/08\/senlua_arraiana_2135-257x300.jpg 257w\" sizes=\"auto, (max-width: 700px) 100vw, 700px\" \/><\/figure>\n\n\n\n<p><em><strong>(Este noveno fragmento do diario de Senl\u00faa Arraiana foi recuperado e adiantado ao noso tempo por Noitepedralonga, fiel camarada do av\u00f3 da futura l\u00edder da resistencia arraiana). <\/strong><\/em> <\/p>\n\n\n\n<p>Ch\u00e1mome<strong><em> <\/em><\/strong>Senl\u00faa \u00e9 son punta de lanza da resistencia arraiana. Hoxe, s\u00e9ptima xornada de marcha polos territorios rebeldes chegamos a unha das aldeas agr\u00edcolas preto da li\u00f1a do fronte. Despois de varios d\u00edas holgazaneando en Petra, resistindo \u00e1s veladas alusi\u00f3ns das menestrais sobre a urxencia de contar con pobo arraiano para derrocar o r\u00e9xime da Colmea, decidimos dividirnos en d\u00faas misi\u00f3ns. Ocham\u00e1n e a escolta ag\u00e1s Gataparda volver\u00edan a raia do oeste para que o noso pobo acuda a cita co destino e toc\u00e1bame a min xunto con Malatesta e Gataparda asegurarme que ese destino fora o desexado. Partimos as d\u00faas expedici\u00f3ns o mesmo d\u00eda, os nosos compa\u00f1eiros cara o oeste e n\u00f3s hacia o nordeste acompa\u00f1ando unha das caravanas de comerciantes que regularmente transportaban enseres e ferramentas aos poboados agrarios e retornaban\u00a0 cargadas de grao. Usaban uns cuadr\u00fapedos peludos e malencarados con dous grandes bultos no lomo. <\/p>\n\n\n\n<p>Os mercaderes convid\u00e1ronnos a viaxar montados en ditas bestas pero preferimos a seguridade dos nosos ciclosolares fora do alcance das dentelladas daqueles f\u00e9tidos animais. Escollimos esta caravana porque a s\u00faa ruta acheg\u00e1base moito ao frente e necesitamos saber de primeira man como discurre o conflicto b\u00e9lico, se ten alg\u00fan parecido co relato heroico e triunfal da capital. Cando chegue o noso pobo debemos ter un co\u00f1ecemento exhaustivo da situaci\u00f3n para tomar as decisi\u00f3ns atinadas.&nbsp;<br><\/p>\n\n\n\n<p>Non sei se por sorte natural ou artificiosa unha comitiva de menestrais con destino ao cuartel avanzado integraban tam\u00e9n a caravana. Entre elas atop\u00e1base a neta de Ar\u00faspice, quen pese a s\u00faa corta idade era considerada unha eximia estratega. Ela mesma presentouseme ao final da primeira xornada de viaxe. &#8220;Son Prusiana e agardo que a historia escriba o meu nome ao car\u00f3n do teu&#8221;, foi a s\u00faa carta de presentaci\u00f3n. Acostum\u00e1rame ao xeito de falar das menestrais quen parec\u00edan pitonisas en constante anuncio de cr\u00edpticos or\u00e1culos pero o estilo mesi\u00e1nico de Prusiana atragant\u00e1baseme. A historia parec\u00eda querer autoplaxiarse e facer befa da humanidade. Neopopulismo postapocal\u00edptico. De verdade pensa que con toda a s\u00faa verborrea liberal pode agocharme a s\u00faa sociedade de castas. Xustif\u00edcanse proclamando a meritocracia como pilar b\u00e1sico do seu sistema pero o ascensor social sempre ten colgado o cartel de averiado. O seu alabado Consello Supremo non garante a igualdade de oportunidades,&nbsp; o seu prop\u00f3sito real \u00e9 que nada cambie.&nbsp;<\/p>\n\n\n\n<p>O obxectivo \u00e9 derrotar \u00e1 Colmea pero debemos ir tecendo alianzas co algunha das outras castas. Pero cal? A casta militar controla os postos avanzados e os novos asentamentos, designa un cuarto do Consello Supremo que preside Ar\u00faspice pero a s\u00faa \u00fanica ambici\u00f3n pol\u00edtica \u00e9 acumular poder. A casta agr\u00edcola conserva os seus costumes e usos comunais e o seu asemblearismo faino o aliado natural do noso pobo pero viven ensimismado nos seus clans sen integrarse no corpo pol\u00edtico da capital. O tercio de representantes no Consello da s\u00faa casta \u00e9 escollido por uns poucos campesi\u00f1os da contorna da capital. <\/p>\n\n\n\n<p>Estaremos uns d\u00edas nesta aldea agr\u00edcola, Malaterra, para repo\u00f1ernos do encontro de ontronte cunha incursi\u00f3n de avespas, as\u00ed denominan aqu\u00ed aos pelot\u00f3ns de castigo da Colmea. Ao entrar a caravana no poboado, Malatesta m\u00e1is eu despertamos curiosidade entre os lugare\u00f1os que sa\u00edron a recibirnos, creo que o noso xeito adusto de vestir, sen abalorios, difer\u00e9ncianos do resto da expedici\u00f3n. Quiz\u00e1s a curiosidade desemboque nunha simpat\u00eda mutua se chegamos a co\u00f1ecernos m\u00e1is. De momento podo dar fe da s\u00faa proverbial hospitalidade, en canto decat\u00e1ronse de que tra\u00edamos feridos connosco rapidamente acudiron a socorrelos.&nbsp;<\/p>\n\n\n\n<p>Gataparda foi a primeira en ser atendida polos malaterre\u00f1os. As s\u00faas feridas eran graves pero non mortais se eran atendidas por man experta.&nbsp;<\/p>\n\n\n\n<p>Grazas \u00e1 audacia da nosa compa\u00f1eira poidemos romper o cerco da emboscada que nos tendera un batall\u00f3n de avespas. Sucedeu o quinto d\u00eda de marcha, est\u00e1bamos dentro da zona supostamente segura moi lonxe do fronte polo que a caravana non adoptara ningunha medida de seguridade, nin siquera adiantar un par de exploradores como lle reclamara a Prusiana e ela esbotara cunha mueca de soberbia. Bot\u00e1base a noiti\u00f1a enriba e est\u00e1bamos buscando xa onde acampar e facer noite cando unha descarga de fusiles abateu aos camelleiros que encabezaban a caravana. Malatesta m\u00e1is eu refuxi\u00e1monos nunha fenda dun gran penedo situado afortunadamente moi preto de n\u00f3s a nosa dereita. Mentres observ\u00e1bamos como os demais integrantes da caravana conformaban un c\u00edrculo usando \u00e1s bestas como parapetos puiden apreciar como Gataparda se agochaba nun denso matorral diametralmente oposto a n\u00f3s. \u00cda comentarlle a Malatesta do perigo que corr\u00eda a nosa compa\u00f1eira nunha posici\u00f3n tan exposta cando decateime que era a \u00fanica con posibilidade de escabullirse da emboscada.&nbsp;<\/p>\n\n\n\n<p>N\u00f3s est\u00e1bamos seguros parapetados entre as rocas pero imposible movernos sen ser un branco doado e menos sen un fogo de cobertura. Despois da primeira r\u00e1faga os disparos foron illados, tanto o enemigo como os nosos aliados estaban seleccionando o tiro para non malgastar a escasa munici\u00f3n. Alomenos ocurr\u00eda con seguridade entre os camelleiros que contaban cunha ducia de fus\u00eds incluidos as armas autom\u00e1ticas das tres menestrais pero desprovistos de munici\u00f3n para resistir un longo asedio. As avespas non parec\u00edan contar con maior potencia de fogo pero as s\u00faas posici\u00f3ns elevadas no desfiladeiro cerc\u00e1ndonos o paso confer\u00edalles unha ventaxa t\u00e1ctica nada despreciable. Po\u00f1ian moito esmero en non ferir aos camellos, era doado deducir que non se trataba dun simple escarceo, quer\u00edan o bot\u00edn completo e \u00e1s bestas vivas para transportalo.&nbsp;<\/p>\n\n\n\n<p>N\u00f3s portabamos dagas e ballestas pero agoch\u00e1bamos armas curtas e tres subfus\u00eds nas nosas mochilas. Acord\u00e1ramos non amosalos para non dar a impresi\u00f3n \u00e1s menestrais de ser un pobo fortemente armado, o que poder\u00eda despertar un receo prexudicial para os nosos intereses. De prolongarse moito o asedio obrigarianos a p\u00f3r fin \u00e1 nosa pantomima, pero Gataparda e a s\u00faa habilidade para camuflarse e acechar na escuridade deulle unha segunda vida ao noso ardid.&nbsp;<\/p>\n\n\n\n<p>Malatesta m\u00e1is eu ti\u00f1amos unha visi\u00f3n franca da s\u00faa posici\u00f3n e poidemos advertir as s\u00faas se\u00f1as avis\u00e1ndonos das s\u00faas intenci\u00f3ns a pesar da escuridade. Ao poucos minutos escoitamos berros e disparos desde a posici\u00f3n enemiga que cortaba o noso avance. Tras uns intres en pavoroso silencio escoitamos o corno arraiano de Gataparda avis\u00e1ndonos de que o cami\u00f1o estaba expedito. Sab\u00edamos da s\u00faa habilidade coa catana pero desta superouse. Entre berros e se\u00f1as acadei que Prusiana entender\u00e1 a situaci\u00f3n. A caravana pusoxe en marcha cos seus fusileiros facendo un innecesario fogo de cobertura, xa que resto do pelot\u00f3n de avespas decatouse enseguida de que a s\u00faa superioridade era historia e abandoaron as s\u00faas posici\u00f3ns fuxindo sen entorpecer m\u00e1is o noso avance. E aqu\u00ed estamos Malatesta m\u00e1is eu ao car\u00f3n do camastro onde est\u00e1 postrada a nosa malparada heroina agardando que esta non sexa a \u00faltima demostraci\u00f3n da s\u00faa audacia e determinaci\u00f3n. <\/p>\n","protected":false},"excerpt":{"rendered":"<div class=\"mh-excerpt\"><p>Este noveno fragmento do diario de Senl\u00faa Arraiana foi recuperado e adiantado ao noso tempo por Noitepedralonga, fiel camarada do av\u00f3 da futura l\u00edder da resistencia arraiana) <a class=\"mh-excerpt-more\" href=\"https:\/\/www.anovapeneira.gal\/index.php\/2020\/02\/04\/noveno-fragmento-do-diario-de-senlua-arraiana\/\" title=\"Noveno fragmento do diario de Senl\u00faa Arraiana\">[&#8230;]<\/a><\/p>\n<\/div>","protected":false},"author":13,"featured_media":2436,"comment_status":"open","ping_status":"open","sticky":false,"template":"","format":"standard","meta":{"_exactmetrics_skip_tracking":false,"_exactmetrics_sitenote_active":false,"_exactmetrics_sitenote_note":"","_exactmetrics_sitenote_category":0,"footnotes":""},"categories":[7],"tags":[235],"class_list":{"0":"post-2434","1":"post","2":"type-post","3":"status-publish","4":"format-standard","5":"has-post-thumbnail","7":"category-artigos-de-opinion","8":"tag-senlua-arraiana"},"yoast_head":"<!-- This site is optimized with the Yoast SEO plugin v27.4 - https:\/\/yoast.com\/product\/yoast-seo-wordpress\/ -->\n<title>Noveno fragmento do diario de Senl\u00faa Arraiana -<\/title>\n<meta name=\"robots\" content=\"index, follow, max-snippet:-1, max-image-preview:large, max-video-preview:-1\" \/>\n<link rel=\"canonical\" href=\"https:\/\/www.anovapeneira.gal\/index.php\/2020\/02\/04\/noveno-fragmento-do-diario-de-senlua-arraiana\/\" \/>\n<meta property=\"og:locale\" content=\"gl_ES\" \/>\n<meta property=\"og:type\" content=\"article\" \/>\n<meta property=\"og:title\" content=\"Noveno fragmento do diario de Senl\u00faa Arraiana -\" \/>\n<meta property=\"og:description\" content=\"Este noveno fragmento do diario de Senl\u00faa Arraiana foi recuperado e adiantado ao noso tempo por Noitepedralonga, fiel camarada do av\u00f3 da futura l\u00edder da resistencia arraiana) [...]\" \/>\n<meta property=\"og:url\" content=\"https:\/\/www.anovapeneira.gal\/index.php\/2020\/02\/04\/noveno-fragmento-do-diario-de-senlua-arraiana\/\" \/>\n<meta property=\"article:publisher\" content=\"https:\/\/www.facebook.com\/anovapeneira\" \/>\n<meta property=\"article:published_time\" content=\"2020-02-04T09:00:52+00:00\" \/>\n<meta property=\"article:modified_time\" content=\"2020-02-05T06:51:44+00:00\" \/>\n<meta property=\"og:image\" content=\"https:\/\/www.anovapeneira.gal\/wp-content\/uploads\/2020\/01\/sen_lua_a_nova_peneira.jpg\" \/>\n\t<meta property=\"og:image:width\" content=\"720\" \/>\n\t<meta property=\"og:image:height\" content=\"432\" \/>\n\t<meta property=\"og:image:type\" content=\"image\/jpeg\" \/>\n<meta name=\"author\" content=\"Cristobal L\u00f3pez\" \/>\n<meta name=\"twitter:card\" content=\"summary_large_image\" \/>\n<meta name=\"twitter:creator\" content=\"@APeneira\" \/>\n<meta name=\"twitter:site\" content=\"@APeneira\" \/>\n<meta name=\"twitter:label1\" content=\"Escrito por\" \/>\n\t<meta name=\"twitter:data1\" content=\"Cristobal L\u00f3pez\" \/>\n\t<meta name=\"twitter:label2\" content=\"Tempo de lectura\" \/>\n\t<meta name=\"twitter:data2\" content=\"7 minutos\" \/>\n<script type=\"application\/ld+json\" class=\"yoast-schema-graph\">{\"@context\":\"https:\\\/\\\/schema.org\",\"@graph\":[{\"@type\":\"Article\",\"@id\":\"https:\\\/\\\/www.anovapeneira.gal\\\/index.php\\\/2020\\\/02\\\/04\\\/noveno-fragmento-do-diario-de-senlua-arraiana\\\/#article\",\"isPartOf\":{\"@id\":\"https:\\\/\\\/www.anovapeneira.gal\\\/index.php\\\/2020\\\/02\\\/04\\\/noveno-fragmento-do-diario-de-senlua-arraiana\\\/\"},\"author\":{\"name\":\"Cristobal L\u00f3pez\",\"@id\":\"https:\\\/\\\/www.anovapeneira.gal\\\/#\\\/schema\\\/person\\\/45b3df2338e4d898b7616809f9c5906c\"},\"headline\":\"Noveno fragmento do diario de Senl\u00faa Arraiana\",\"datePublished\":\"2020-02-04T09:00:52+00:00\",\"dateModified\":\"2020-02-05T06:51:44+00:00\",\"mainEntityOfPage\":{\"@id\":\"https:\\\/\\\/www.anovapeneira.gal\\\/index.php\\\/2020\\\/02\\\/04\\\/noveno-fragmento-do-diario-de-senlua-arraiana\\\/\"},\"wordCount\":1330,\"commentCount\":0,\"publisher\":{\"@id\":\"https:\\\/\\\/www.anovapeneira.gal\\\/#organization\"},\"image\":{\"@id\":\"https:\\\/\\\/www.anovapeneira.gal\\\/index.php\\\/2020\\\/02\\\/04\\\/noveno-fragmento-do-diario-de-senlua-arraiana\\\/#primaryimage\"},\"thumbnailUrl\":\"https:\\\/\\\/www.anovapeneira.gal\\\/wp-content\\\/uploads\\\/2020\\\/01\\\/sen_lua_a_nova_peneira.jpg\",\"keywords\":[\"Senl\u00faa Arraiana\"],\"articleSection\":[\"Artigos de opini\u00f3n\"],\"inLanguage\":\"gl-ES\",\"potentialAction\":[{\"@type\":\"CommentAction\",\"name\":\"Comment\",\"target\":[\"https:\\\/\\\/www.anovapeneira.gal\\\/index.php\\\/2020\\\/02\\\/04\\\/noveno-fragmento-do-diario-de-senlua-arraiana\\\/#respond\"]}]},{\"@type\":\"WebPage\",\"@id\":\"https:\\\/\\\/www.anovapeneira.gal\\\/index.php\\\/2020\\\/02\\\/04\\\/noveno-fragmento-do-diario-de-senlua-arraiana\\\/\",\"url\":\"https:\\\/\\\/www.anovapeneira.gal\\\/index.php\\\/2020\\\/02\\\/04\\\/noveno-fragmento-do-diario-de-senlua-arraiana\\\/\",\"name\":\"Noveno fragmento do diario de Senl\u00faa Arraiana -\",\"isPartOf\":{\"@id\":\"https:\\\/\\\/www.anovapeneira.gal\\\/#website\"},\"primaryImageOfPage\":{\"@id\":\"https:\\\/\\\/www.anovapeneira.gal\\\/index.php\\\/2020\\\/02\\\/04\\\/noveno-fragmento-do-diario-de-senlua-arraiana\\\/#primaryimage\"},\"image\":{\"@id\":\"https:\\\/\\\/www.anovapeneira.gal\\\/index.php\\\/2020\\\/02\\\/04\\\/noveno-fragmento-do-diario-de-senlua-arraiana\\\/#primaryimage\"},\"thumbnailUrl\":\"https:\\\/\\\/www.anovapeneira.gal\\\/wp-content\\\/uploads\\\/2020\\\/01\\\/sen_lua_a_nova_peneira.jpg\",\"datePublished\":\"2020-02-04T09:00:52+00:00\",\"dateModified\":\"2020-02-05T06:51:44+00:00\",\"breadcrumb\":{\"@id\":\"https:\\\/\\\/www.anovapeneira.gal\\\/index.php\\\/2020\\\/02\\\/04\\\/noveno-fragmento-do-diario-de-senlua-arraiana\\\/#breadcrumb\"},\"inLanguage\":\"gl-ES\",\"potentialAction\":[{\"@type\":\"ReadAction\",\"target\":[\"https:\\\/\\\/www.anovapeneira.gal\\\/index.php\\\/2020\\\/02\\\/04\\\/noveno-fragmento-do-diario-de-senlua-arraiana\\\/\"]}]},{\"@type\":\"ImageObject\",\"inLanguage\":\"gl-ES\",\"@id\":\"https:\\\/\\\/www.anovapeneira.gal\\\/index.php\\\/2020\\\/02\\\/04\\\/noveno-fragmento-do-diario-de-senlua-arraiana\\\/#primaryimage\",\"url\":\"https:\\\/\\\/www.anovapeneira.gal\\\/wp-content\\\/uploads\\\/2020\\\/01\\\/sen_lua_a_nova_peneira.jpg\",\"contentUrl\":\"https:\\\/\\\/www.anovapeneira.gal\\\/wp-content\\\/uploads\\\/2020\\\/01\\\/sen_lua_a_nova_peneira.jpg\",\"width\":720,\"height\":432,\"caption\":\"Sen l\u00faa A Nova Peneira\"},{\"@type\":\"BreadcrumbList\",\"@id\":\"https:\\\/\\\/www.anovapeneira.gal\\\/index.php\\\/2020\\\/02\\\/04\\\/noveno-fragmento-do-diario-de-senlua-arraiana\\\/#breadcrumb\",\"itemListElement\":[{\"@type\":\"ListItem\",\"position\":1,\"name\":\"Portada\",\"item\":\"https:\\\/\\\/www.anovapeneira.gal\\\/\"},{\"@type\":\"ListItem\",\"position\":2,\"name\":\"Noveno fragmento do diario de Senl\u00faa Arraiana\"}]},{\"@type\":\"WebSite\",\"@id\":\"https:\\\/\\\/www.anovapeneira.gal\\\/#website\",\"url\":\"https:\\\/\\\/www.anovapeneira.gal\\\/\",\"name\":\"\",\"description\":\"Xornal galego de informaci\u00f3n xeral Publicaci\u00f3n mensual de novas de Galicia e en especial dos Concellos da sur da provincia de Pontevedra.\",\"publisher\":{\"@id\":\"https:\\\/\\\/www.anovapeneira.gal\\\/#organization\"},\"potentialAction\":[{\"@type\":\"SearchAction\",\"target\":{\"@type\":\"EntryPoint\",\"urlTemplate\":\"https:\\\/\\\/www.anovapeneira.gal\\\/?s={search_term_string}\"},\"query-input\":{\"@type\":\"PropertyValueSpecification\",\"valueRequired\":true,\"valueName\":\"search_term_string\"}}],\"inLanguage\":\"gl-ES\"},{\"@type\":\"Organization\",\"@id\":\"https:\\\/\\\/www.anovapeneira.gal\\\/#organization\",\"name\":\"A Nova Peneira\",\"url\":\"https:\\\/\\\/www.anovapeneira.gal\\\/\",\"logo\":{\"@type\":\"ImageObject\",\"inLanguage\":\"gl-ES\",\"@id\":\"https:\\\/\\\/www.anovapeneira.gal\\\/#\\\/schema\\\/logo\\\/image\\\/\",\"url\":\"http:\\\/\\\/www.anovapeneira.gal\\\/wp-content\\\/uploads\\\/2019\\\/06\\\/logo_a_nova_peneira_portal_web.png\",\"contentUrl\":\"http:\\\/\\\/www.anovapeneira.gal\\\/wp-content\\\/uploads\\\/2019\\\/06\\\/logo_a_nova_peneira_portal_web.png\",\"width\":300,\"height\":100,\"caption\":\"A Nova Peneira\"},\"image\":{\"@id\":\"https:\\\/\\\/www.anovapeneira.gal\\\/#\\\/schema\\\/logo\\\/image\\\/\"},\"sameAs\":[\"https:\\\/\\\/www.facebook.com\\\/anovapeneira\",\"https:\\\/\\\/x.com\\\/APeneira\"]},{\"@type\":\"Person\",\"@id\":\"https:\\\/\\\/www.anovapeneira.gal\\\/#\\\/schema\\\/person\\\/45b3df2338e4d898b7616809f9c5906c\",\"name\":\"Cristobal L\u00f3pez\",\"image\":{\"@type\":\"ImageObject\",\"inLanguage\":\"gl-ES\",\"@id\":\"https:\\\/\\\/secure.gravatar.com\\\/avatar\\\/b537cf06ef8166c9ef72b09f4d5f6446b1e22ea99505d94e40b8685710482f79?s=96&d=mm&r=g\",\"url\":\"https:\\\/\\\/secure.gravatar.com\\\/avatar\\\/b537cf06ef8166c9ef72b09f4d5f6446b1e22ea99505d94e40b8685710482f79?s=96&d=mm&r=g\",\"contentUrl\":\"https:\\\/\\\/secure.gravatar.com\\\/avatar\\\/b537cf06ef8166c9ef72b09f4d5f6446b1e22ea99505d94e40b8685710482f79?s=96&d=mm&r=g\",\"caption\":\"Cristobal L\u00f3pez\"},\"sameAs\":[\"http:\\\/\\\/anovapeneira.gal\"],\"url\":\"https:\\\/\\\/www.anovapeneira.gal\\\/index.php\\\/author\\\/opinioncristoballopez\\\/\"}]}<\/script>\n<!-- \/ Yoast SEO plugin. -->","yoast_head_json":{"title":"Noveno fragmento do diario de Senl\u00faa Arraiana -","robots":{"index":"index","follow":"follow","max-snippet":"max-snippet:-1","max-image-preview":"max-image-preview:large","max-video-preview":"max-video-preview:-1"},"canonical":"https:\/\/www.anovapeneira.gal\/index.php\/2020\/02\/04\/noveno-fragmento-do-diario-de-senlua-arraiana\/","og_locale":"gl_ES","og_type":"article","og_title":"Noveno fragmento do diario de Senl\u00faa Arraiana -","og_description":"Este noveno fragmento do diario de Senl\u00faa Arraiana foi recuperado e adiantado ao noso tempo por Noitepedralonga, fiel camarada do av\u00f3 da futura l\u00edder da resistencia arraiana) [...]","og_url":"https:\/\/www.anovapeneira.gal\/index.php\/2020\/02\/04\/noveno-fragmento-do-diario-de-senlua-arraiana\/","article_publisher":"https:\/\/www.facebook.com\/anovapeneira","article_published_time":"2020-02-04T09:00:52+00:00","article_modified_time":"2020-02-05T06:51:44+00:00","og_image":[{"width":720,"height":432,"url":"https:\/\/www.anovapeneira.gal\/wp-content\/uploads\/2020\/01\/sen_lua_a_nova_peneira.jpg","type":"image\/jpeg"}],"author":"Cristobal L\u00f3pez","twitter_card":"summary_large_image","twitter_creator":"@APeneira","twitter_site":"@APeneira","twitter_misc":{"Escrito por":"Cristobal L\u00f3pez","Tempo de lectura":"7 minutos"},"schema":{"@context":"https:\/\/schema.org","@graph":[{"@type":"Article","@id":"https:\/\/www.anovapeneira.gal\/index.php\/2020\/02\/04\/noveno-fragmento-do-diario-de-senlua-arraiana\/#article","isPartOf":{"@id":"https:\/\/www.anovapeneira.gal\/index.php\/2020\/02\/04\/noveno-fragmento-do-diario-de-senlua-arraiana\/"},"author":{"name":"Cristobal L\u00f3pez","@id":"https:\/\/www.anovapeneira.gal\/#\/schema\/person\/45b3df2338e4d898b7616809f9c5906c"},"headline":"Noveno fragmento do diario de Senl\u00faa Arraiana","datePublished":"2020-02-04T09:00:52+00:00","dateModified":"2020-02-05T06:51:44+00:00","mainEntityOfPage":{"@id":"https:\/\/www.anovapeneira.gal\/index.php\/2020\/02\/04\/noveno-fragmento-do-diario-de-senlua-arraiana\/"},"wordCount":1330,"commentCount":0,"publisher":{"@id":"https:\/\/www.anovapeneira.gal\/#organization"},"image":{"@id":"https:\/\/www.anovapeneira.gal\/index.php\/2020\/02\/04\/noveno-fragmento-do-diario-de-senlua-arraiana\/#primaryimage"},"thumbnailUrl":"https:\/\/www.anovapeneira.gal\/wp-content\/uploads\/2020\/01\/sen_lua_a_nova_peneira.jpg","keywords":["Senl\u00faa Arraiana"],"articleSection":["Artigos de opini\u00f3n"],"inLanguage":"gl-ES","potentialAction":[{"@type":"CommentAction","name":"Comment","target":["https:\/\/www.anovapeneira.gal\/index.php\/2020\/02\/04\/noveno-fragmento-do-diario-de-senlua-arraiana\/#respond"]}]},{"@type":"WebPage","@id":"https:\/\/www.anovapeneira.gal\/index.php\/2020\/02\/04\/noveno-fragmento-do-diario-de-senlua-arraiana\/","url":"https:\/\/www.anovapeneira.gal\/index.php\/2020\/02\/04\/noveno-fragmento-do-diario-de-senlua-arraiana\/","name":"Noveno fragmento do diario de Senl\u00faa Arraiana -","isPartOf":{"@id":"https:\/\/www.anovapeneira.gal\/#website"},"primaryImageOfPage":{"@id":"https:\/\/www.anovapeneira.gal\/index.php\/2020\/02\/04\/noveno-fragmento-do-diario-de-senlua-arraiana\/#primaryimage"},"image":{"@id":"https:\/\/www.anovapeneira.gal\/index.php\/2020\/02\/04\/noveno-fragmento-do-diario-de-senlua-arraiana\/#primaryimage"},"thumbnailUrl":"https:\/\/www.anovapeneira.gal\/wp-content\/uploads\/2020\/01\/sen_lua_a_nova_peneira.jpg","datePublished":"2020-02-04T09:00:52+00:00","dateModified":"2020-02-05T06:51:44+00:00","breadcrumb":{"@id":"https:\/\/www.anovapeneira.gal\/index.php\/2020\/02\/04\/noveno-fragmento-do-diario-de-senlua-arraiana\/#breadcrumb"},"inLanguage":"gl-ES","potentialAction":[{"@type":"ReadAction","target":["https:\/\/www.anovapeneira.gal\/index.php\/2020\/02\/04\/noveno-fragmento-do-diario-de-senlua-arraiana\/"]}]},{"@type":"ImageObject","inLanguage":"gl-ES","@id":"https:\/\/www.anovapeneira.gal\/index.php\/2020\/02\/04\/noveno-fragmento-do-diario-de-senlua-arraiana\/#primaryimage","url":"https:\/\/www.anovapeneira.gal\/wp-content\/uploads\/2020\/01\/sen_lua_a_nova_peneira.jpg","contentUrl":"https:\/\/www.anovapeneira.gal\/wp-content\/uploads\/2020\/01\/sen_lua_a_nova_peneira.jpg","width":720,"height":432,"caption":"Sen l\u00faa A Nova Peneira"},{"@type":"BreadcrumbList","@id":"https:\/\/www.anovapeneira.gal\/index.php\/2020\/02\/04\/noveno-fragmento-do-diario-de-senlua-arraiana\/#breadcrumb","itemListElement":[{"@type":"ListItem","position":1,"name":"Portada","item":"https:\/\/www.anovapeneira.gal\/"},{"@type":"ListItem","position":2,"name":"Noveno fragmento do diario de Senl\u00faa Arraiana"}]},{"@type":"WebSite","@id":"https:\/\/www.anovapeneira.gal\/#website","url":"https:\/\/www.anovapeneira.gal\/","name":"","description":"Xornal galego de informaci\u00f3n xeral Publicaci\u00f3n mensual de novas de Galicia e en especial dos Concellos da sur da provincia de Pontevedra.","publisher":{"@id":"https:\/\/www.anovapeneira.gal\/#organization"},"potentialAction":[{"@type":"SearchAction","target":{"@type":"EntryPoint","urlTemplate":"https:\/\/www.anovapeneira.gal\/?s={search_term_string}"},"query-input":{"@type":"PropertyValueSpecification","valueRequired":true,"valueName":"search_term_string"}}],"inLanguage":"gl-ES"},{"@type":"Organization","@id":"https:\/\/www.anovapeneira.gal\/#organization","name":"A Nova Peneira","url":"https:\/\/www.anovapeneira.gal\/","logo":{"@type":"ImageObject","inLanguage":"gl-ES","@id":"https:\/\/www.anovapeneira.gal\/#\/schema\/logo\/image\/","url":"http:\/\/www.anovapeneira.gal\/wp-content\/uploads\/2019\/06\/logo_a_nova_peneira_portal_web.png","contentUrl":"http:\/\/www.anovapeneira.gal\/wp-content\/uploads\/2019\/06\/logo_a_nova_peneira_portal_web.png","width":300,"height":100,"caption":"A Nova Peneira"},"image":{"@id":"https:\/\/www.anovapeneira.gal\/#\/schema\/logo\/image\/"},"sameAs":["https:\/\/www.facebook.com\/anovapeneira","https:\/\/x.com\/APeneira"]},{"@type":"Person","@id":"https:\/\/www.anovapeneira.gal\/#\/schema\/person\/45b3df2338e4d898b7616809f9c5906c","name":"Cristobal L\u00f3pez","image":{"@type":"ImageObject","inLanguage":"gl-ES","@id":"https:\/\/secure.gravatar.com\/avatar\/b537cf06ef8166c9ef72b09f4d5f6446b1e22ea99505d94e40b8685710482f79?s=96&d=mm&r=g","url":"https:\/\/secure.gravatar.com\/avatar\/b537cf06ef8166c9ef72b09f4d5f6446b1e22ea99505d94e40b8685710482f79?s=96&d=mm&r=g","contentUrl":"https:\/\/secure.gravatar.com\/avatar\/b537cf06ef8166c9ef72b09f4d5f6446b1e22ea99505d94e40b8685710482f79?s=96&d=mm&r=g","caption":"Cristobal L\u00f3pez"},"sameAs":["http:\/\/anovapeneira.gal"],"url":"https:\/\/www.anovapeneira.gal\/index.php\/author\/opinioncristoballopez\/"}]}},"jetpack_featured_media_url":"https:\/\/www.anovapeneira.gal\/wp-content\/uploads\/2020\/01\/sen_lua_a_nova_peneira.jpg","_links":{"self":[{"href":"https:\/\/www.anovapeneira.gal\/index.php\/wp-json\/wp\/v2\/posts\/2434","targetHints":{"allow":["GET"]}}],"collection":[{"href":"https:\/\/www.anovapeneira.gal\/index.php\/wp-json\/wp\/v2\/posts"}],"about":[{"href":"https:\/\/www.anovapeneira.gal\/index.php\/wp-json\/wp\/v2\/types\/post"}],"author":[{"embeddable":true,"href":"https:\/\/www.anovapeneira.gal\/index.php\/wp-json\/wp\/v2\/users\/13"}],"replies":[{"embeddable":true,"href":"https:\/\/www.anovapeneira.gal\/index.php\/wp-json\/wp\/v2\/comments?post=2434"}],"version-history":[{"count":4,"href":"https:\/\/www.anovapeneira.gal\/index.php\/wp-json\/wp\/v2\/posts\/2434\/revisions"}],"predecessor-version":[{"id":2469,"href":"https:\/\/www.anovapeneira.gal\/index.php\/wp-json\/wp\/v2\/posts\/2434\/revisions\/2469"}],"wp:featuredmedia":[{"embeddable":true,"href":"https:\/\/www.anovapeneira.gal\/index.php\/wp-json\/wp\/v2\/media\/2436"}],"wp:attachment":[{"href":"https:\/\/www.anovapeneira.gal\/index.php\/wp-json\/wp\/v2\/media?parent=2434"}],"wp:term":[{"taxonomy":"category","embeddable":true,"href":"https:\/\/www.anovapeneira.gal\/index.php\/wp-json\/wp\/v2\/categories?post=2434"},{"taxonomy":"post_tag","embeddable":true,"href":"https:\/\/www.anovapeneira.gal\/index.php\/wp-json\/wp\/v2\/tags?post=2434"}],"curies":[{"name":"wp","href":"https:\/\/api.w.org\/{rel}","templated":true}]}}