{"id":2441,"date":"2020-02-04T14:00:51","date_gmt":"2020-02-04T13:00:51","guid":{"rendered":"http:\/\/www.anovapeneira.gal\/?p=2441"},"modified":"2020-02-02T17:15:19","modified_gmt":"2020-02-02T16:15:19","slug":"anxeles-cuna-critica-a-dobre-vara-de-medir-da-crtvg-entre-a-cobertura-do-nomeamento-como-ministra-de-yolanda-diaz-e-o-de-ana-pastor","status":"publish","type":"post","link":"https:\/\/www.anovapeneira.gal\/index.php\/2020\/02\/04\/anxeles-cuna-critica-a-dobre-vara-de-medir-da-crtvg-entre-a-cobertura-do-nomeamento-como-ministra-de-yolanda-diaz-e-o-de-ana-pastor\/","title":{"rendered":"\u00c1nxeles Cu\u00f1a critica a &#8220;dobre vara de medir&#8221; da CRTVG entre a cobertura do nomeamento como ministra de Yolanda D\u00edaz e o de Ana Pastor"},"content":{"rendered":"\n<h2 class=\"wp-block-heading\"><em>A\u00a0deputada\u00a0do Grupo Com\u00fan da Esquerda aludiu a &#8220;un exemplo claro de burda manipulaci\u00f3n&#8221;<\/em><\/h2>\n\n\n\n<p><strong>Santiago, 30\u00a0de xaneiro de 2020<\/strong><\/p>\n\n\n\n<p>Esta\nma\u00f1\u00e1, na Comisi\u00f3n de Control da CRTVG, \u00c1nxeles Cu\u00f1a denunciou o\nagravio comparativo na cobertura que a televisi\u00f3n p\u00fablica fixo das\nnegociaci\u00f3ns para a conformaci\u00f3n do novo Goberno de coalici\u00f3n\nprogresista no Estado e a toma de posesi\u00f3n do mesmo, fronte \u00e1 que\nse fixo no seu momento cando quen acced\u00eda ao Executivo fora o\nPartido Popular. Cu\u00f1a centrouse, especialmente, na cobertura do\nnomeamento da ministra de Traballo, a galega Yolanda D\u00edaz, polo\n&#8220;cambio radical de criterio informativo&#8221; fronte ao que se\nseguiu cando outra galega, Ana Pastor, foi nomeada ministra de\nFomento.<br><br>A deputada do Grupo Com\u00fan da Esquerda tirou da\nhemeroteca da TVG para lembrar que cando Ana Pastor tomou posesi\u00f3n\ncomo ministra de Fomento, os titulares da canle p\u00fablica fac\u00edan\nreferencia aos retos que \u00eda asumir para Galicia ou \u00e1 importancia do\nseu nomeamento para o pa\u00eds, enfatizando a orixe galega da ministra\npopular. &#8220;Todo informaci\u00f3n en positivo, con cero cr\u00edticas&#8221;,\nsalientou Cu\u00f1a. &#8220;Despois deron paso a un directo desde Madrid,\ndestacando de novo o papel de Pastor, e despois a un v\u00eddeo de un\nminuto e medio con declaraci\u00f3ns s\u00faas e salientando a presenza da\nXunta no acto, con declaraci\u00f3ns tam\u00e9n de Alfonso Rueda e Agust\u00edn\nHern\u00e1ndez&#8221;, relatou a deputada.<br><br>O contraste ser\u00eda a\ncobertura informativa da toma de posesi\u00f3n de Yolanda D\u00edaz, na que\n&#8220;foi citada como unha ministra m\u00e1is no medio dos demais, sen\nningunha referencia \u00e1 s\u00faa traxectoria, ao seu perfil profesional\nnin \u00e1 s\u00faa orixe galega&#8221;, segundo explicou \u00c1nxeles Cu\u00f1a. &#8220;Nin\nlouvanzas de Rueda, nin referencias aos retos que enfronta para\nGalicia, s\u00f3 algunhas cr\u00edticas ao seu nomeamento que se sumaron a\noutras que se fixeran anteriormente dando voz a empresarios que ti\u00f1an\nmedo das medidas que puidese aplicar&#8221;, agregou. &#8220;Isto \u00e9 un\nexemplo claro de burda manipulaci\u00f3n e de como muda o criterio\ninformativo dependendo da orixe pol\u00edtica de cada unha delas. Unha\nvez m\u00e1is, a TVG emitiu informaci\u00f3ns cinguidas polo nesgo\nmanipulador&#8221;, denunciou.<br><br>A deputada do Grupo Com\u00fan da\nEsquerda preguntou a S\u00e1nchez Izquierdo por que se restou importancia\nao nomeamento da nova ministra de Traballo: &#8220;cre que non \u00e9 unha\ncuesti\u00f3n de interese xeral? Non cre que unha sociedade mal informada\nproduce febleza democr\u00e1tica?&#8221;. O director xeral da CRTVG obviou\ndar resposta a estas preguntas, a pesar de que Cu\u00f1a insistiu en\nlembrarlle que os medios de comunicaci\u00f3n non son &#8220;meros\nintermediarios entre os feitos e as audiencias&#8221;, sen\u00f3n &#8220;axentes\npol\u00edticos con intereses particulares e capacidade para influ\u00edr na\nopini\u00f3n p\u00fablica&#8221;. &#8220;\u00c9 relevante a nivel de debate\np\u00fablico, nun momento electoral, que concedan este trato\ndiscriminatorio en funci\u00f3n da cor pol\u00edtica. Os valores\ndemocr\u00e1ticos&nbsp;fundamentais de obxectividade, pluralismo e\nimparcialidade est\u00e1n con frecuencia ausentes da CRTVG&#8221;,\nfinalizou.<\/p>\n","protected":false},"excerpt":{"rendered":"<div class=\"mh-excerpt\"><p>A deputada do Grupo Com\u00fan da Esquerda aludiu a &#8220;un exemplo claro de burda manipulaci\u00f3n&#8221; <a class=\"mh-excerpt-more\" href=\"https:\/\/www.anovapeneira.gal\/index.php\/2020\/02\/04\/anxeles-cuna-critica-a-dobre-vara-de-medir-da-crtvg-entre-a-cobertura-do-nomeamento-como-ministra-de-yolanda-diaz-e-o-de-ana-pastor\/\" title=\"\u00c1nxeles Cu\u00f1a critica a &#8220;dobre vara de medir&#8221; da CRTVG entre a cobertura do nomeamento como ministra de Yolanda D\u00edaz e o de Ana Pastor\">[&#8230;]<\/a><\/p>\n<\/div>","protected":false},"author":3,"featured_media":2442,"comment_status":"open","ping_status":"open","sticky":false,"template":"","format":"standard","meta":{"_exactmetrics_skip_tracking":false,"_exactmetrics_sitenote_active":false,"_exactmetrics_sitenote_note":"","_exactmetrics_sitenote_category":0,"footnotes":""},"categories":[263],"tags":[824,722],"class_list":{"0":"post-2441","1":"post","2":"type-post","3":"status-publish","4":"format-standard","5":"has-post-thumbnail","7":"category-novas","8":"tag-crtvg","9":"tag-grupo-comun-da-esquerda"},"yoast_head":"<!-- This site is optimized with the Yoast SEO plugin v27.4 - https:\/\/yoast.com\/product\/yoast-seo-wordpress\/ -->\n<title>\u00c1nxeles Cu\u00f1a critica a &quot;dobre vara de medir&quot; da CRTVG entre a cobertura do nomeamento como ministra de Yolanda D\u00edaz e o de Ana Pastor -<\/title>\n<meta name=\"robots\" content=\"index, follow, max-snippet:-1, max-image-preview:large, max-video-preview:-1\" \/>\n<link rel=\"canonical\" href=\"https:\/\/www.anovapeneira.gal\/index.php\/2020\/02\/04\/anxeles-cuna-critica-a-dobre-vara-de-medir-da-crtvg-entre-a-cobertura-do-nomeamento-como-ministra-de-yolanda-diaz-e-o-de-ana-pastor\/\" \/>\n<meta property=\"og:locale\" content=\"gl_ES\" \/>\n<meta property=\"og:type\" content=\"article\" \/>\n<meta property=\"og:title\" content=\"\u00c1nxeles Cu\u00f1a critica a &quot;dobre vara de medir&quot; da CRTVG entre a cobertura do nomeamento como ministra de Yolanda D\u00edaz e o de Ana Pastor -\" \/>\n<meta property=\"og:description\" content=\"A deputada do Grupo Com\u00fan da Esquerda aludiu a &quot;un exemplo claro de burda manipulaci\u00f3n&quot; [...]\" \/>\n<meta property=\"og:url\" content=\"https:\/\/www.anovapeneira.gal\/index.php\/2020\/02\/04\/anxeles-cuna-critica-a-dobre-vara-de-medir-da-crtvg-entre-a-cobertura-do-nomeamento-como-ministra-de-yolanda-diaz-e-o-de-ana-pastor\/\" \/>\n<meta property=\"article:publisher\" content=\"https:\/\/www.facebook.com\/anovapeneira\" \/>\n<meta property=\"article:published_time\" content=\"2020-02-04T13:00:51+00:00\" \/>\n<meta property=\"og:image\" content=\"https:\/\/www.anovapeneira.gal\/wp-content\/uploads\/2020\/02\/CRTVG_a_nova_peneira.jpg\" \/>\n\t<meta property=\"og:image:width\" content=\"720\" \/>\n\t<meta property=\"og:image:height\" content=\"432\" \/>\n\t<meta property=\"og:image:type\" content=\"image\/jpeg\" \/>\n<meta name=\"author\" content=\"Redacci\u00f3n A Nova Peneira\" \/>\n<meta name=\"twitter:card\" content=\"summary_large_image\" \/>\n<meta name=\"twitter:creator\" content=\"@APeneira\" \/>\n<meta name=\"twitter:site\" content=\"@APeneira\" \/>\n<meta name=\"twitter:label1\" content=\"Escrito por\" \/>\n\t<meta name=\"twitter:data1\" content=\"Redacci\u00f3n A Nova Peneira\" \/>\n\t<meta name=\"twitter:label2\" content=\"Tempo de lectura\" \/>\n\t<meta name=\"twitter:data2\" content=\"3 minutos\" \/>\n<script type=\"application\/ld+json\" class=\"yoast-schema-graph\">{\"@context\":\"https:\\\/\\\/schema.org\",\"@graph\":[{\"@type\":\"Article\",\"@id\":\"https:\\\/\\\/www.anovapeneira.gal\\\/index.php\\\/2020\\\/02\\\/04\\\/anxeles-cuna-critica-a-dobre-vara-de-medir-da-crtvg-entre-a-cobertura-do-nomeamento-como-ministra-de-yolanda-diaz-e-o-de-ana-pastor\\\/#article\",\"isPartOf\":{\"@id\":\"https:\\\/\\\/www.anovapeneira.gal\\\/index.php\\\/2020\\\/02\\\/04\\\/anxeles-cuna-critica-a-dobre-vara-de-medir-da-crtvg-entre-a-cobertura-do-nomeamento-como-ministra-de-yolanda-diaz-e-o-de-ana-pastor\\\/\"},\"author\":{\"name\":\"Redacci\u00f3n A Nova Peneira\",\"@id\":\"https:\\\/\\\/www.anovapeneira.gal\\\/#\\\/schema\\\/person\\\/b93e3f8932e3f8da96334607eb6ac6aa\"},\"headline\":\"\u00c1nxeles Cu\u00f1a critica a &#8220;dobre vara de medir&#8221; da CRTVG entre a cobertura do nomeamento como ministra de Yolanda D\u00edaz e o de Ana Pastor\",\"datePublished\":\"2020-02-04T13:00:51+00:00\",\"mainEntityOfPage\":{\"@id\":\"https:\\\/\\\/www.anovapeneira.gal\\\/index.php\\\/2020\\\/02\\\/04\\\/anxeles-cuna-critica-a-dobre-vara-de-medir-da-crtvg-entre-a-cobertura-do-nomeamento-como-ministra-de-yolanda-diaz-e-o-de-ana-pastor\\\/\"},\"wordCount\":546,\"commentCount\":0,\"publisher\":{\"@id\":\"https:\\\/\\\/www.anovapeneira.gal\\\/#organization\"},\"image\":{\"@id\":\"https:\\\/\\\/www.anovapeneira.gal\\\/index.php\\\/2020\\\/02\\\/04\\\/anxeles-cuna-critica-a-dobre-vara-de-medir-da-crtvg-entre-a-cobertura-do-nomeamento-como-ministra-de-yolanda-diaz-e-o-de-ana-pastor\\\/#primaryimage\"},\"thumbnailUrl\":\"https:\\\/\\\/www.anovapeneira.gal\\\/wp-content\\\/uploads\\\/2020\\\/02\\\/CRTVG_a_nova_peneira.jpg\",\"keywords\":[\"CRTVG\",\"Grupo Com\u00fan da Esquerda\"],\"articleSection\":[\"Novas\"],\"inLanguage\":\"gl-ES\",\"potentialAction\":[{\"@type\":\"CommentAction\",\"name\":\"Comment\",\"target\":[\"https:\\\/\\\/www.anovapeneira.gal\\\/index.php\\\/2020\\\/02\\\/04\\\/anxeles-cuna-critica-a-dobre-vara-de-medir-da-crtvg-entre-a-cobertura-do-nomeamento-como-ministra-de-yolanda-diaz-e-o-de-ana-pastor\\\/#respond\"]}]},{\"@type\":\"WebPage\",\"@id\":\"https:\\\/\\\/www.anovapeneira.gal\\\/index.php\\\/2020\\\/02\\\/04\\\/anxeles-cuna-critica-a-dobre-vara-de-medir-da-crtvg-entre-a-cobertura-do-nomeamento-como-ministra-de-yolanda-diaz-e-o-de-ana-pastor\\\/\",\"url\":\"https:\\\/\\\/www.anovapeneira.gal\\\/index.php\\\/2020\\\/02\\\/04\\\/anxeles-cuna-critica-a-dobre-vara-de-medir-da-crtvg-entre-a-cobertura-do-nomeamento-como-ministra-de-yolanda-diaz-e-o-de-ana-pastor\\\/\",\"name\":\"\u00c1nxeles Cu\u00f1a critica a \\\"dobre vara de medir\\\" da CRTVG entre a cobertura do nomeamento como ministra de Yolanda D\u00edaz e o de Ana Pastor -\",\"isPartOf\":{\"@id\":\"https:\\\/\\\/www.anovapeneira.gal\\\/#website\"},\"primaryImageOfPage\":{\"@id\":\"https:\\\/\\\/www.anovapeneira.gal\\\/index.php\\\/2020\\\/02\\\/04\\\/anxeles-cuna-critica-a-dobre-vara-de-medir-da-crtvg-entre-a-cobertura-do-nomeamento-como-ministra-de-yolanda-diaz-e-o-de-ana-pastor\\\/#primaryimage\"},\"image\":{\"@id\":\"https:\\\/\\\/www.anovapeneira.gal\\\/index.php\\\/2020\\\/02\\\/04\\\/anxeles-cuna-critica-a-dobre-vara-de-medir-da-crtvg-entre-a-cobertura-do-nomeamento-como-ministra-de-yolanda-diaz-e-o-de-ana-pastor\\\/#primaryimage\"},\"thumbnailUrl\":\"https:\\\/\\\/www.anovapeneira.gal\\\/wp-content\\\/uploads\\\/2020\\\/02\\\/CRTVG_a_nova_peneira.jpg\",\"datePublished\":\"2020-02-04T13:00:51+00:00\",\"breadcrumb\":{\"@id\":\"https:\\\/\\\/www.anovapeneira.gal\\\/index.php\\\/2020\\\/02\\\/04\\\/anxeles-cuna-critica-a-dobre-vara-de-medir-da-crtvg-entre-a-cobertura-do-nomeamento-como-ministra-de-yolanda-diaz-e-o-de-ana-pastor\\\/#breadcrumb\"},\"inLanguage\":\"gl-ES\",\"potentialAction\":[{\"@type\":\"ReadAction\",\"target\":[\"https:\\\/\\\/www.anovapeneira.gal\\\/index.php\\\/2020\\\/02\\\/04\\\/anxeles-cuna-critica-a-dobre-vara-de-medir-da-crtvg-entre-a-cobertura-do-nomeamento-como-ministra-de-yolanda-diaz-e-o-de-ana-pastor\\\/\"]}]},{\"@type\":\"ImageObject\",\"inLanguage\":\"gl-ES\",\"@id\":\"https:\\\/\\\/www.anovapeneira.gal\\\/index.php\\\/2020\\\/02\\\/04\\\/anxeles-cuna-critica-a-dobre-vara-de-medir-da-crtvg-entre-a-cobertura-do-nomeamento-como-ministra-de-yolanda-diaz-e-o-de-ana-pastor\\\/#primaryimage\",\"url\":\"https:\\\/\\\/www.anovapeneira.gal\\\/wp-content\\\/uploads\\\/2020\\\/02\\\/CRTVG_a_nova_peneira.jpg\",\"contentUrl\":\"https:\\\/\\\/www.anovapeneira.gal\\\/wp-content\\\/uploads\\\/2020\\\/02\\\/CRTVG_a_nova_peneira.jpg\",\"width\":720,\"height\":432,\"caption\":\"CRTVG A Nova Peneira\"},{\"@type\":\"BreadcrumbList\",\"@id\":\"https:\\\/\\\/www.anovapeneira.gal\\\/index.php\\\/2020\\\/02\\\/04\\\/anxeles-cuna-critica-a-dobre-vara-de-medir-da-crtvg-entre-a-cobertura-do-nomeamento-como-ministra-de-yolanda-diaz-e-o-de-ana-pastor\\\/#breadcrumb\",\"itemListElement\":[{\"@type\":\"ListItem\",\"position\":1,\"name\":\"Portada\",\"item\":\"https:\\\/\\\/www.anovapeneira.gal\\\/\"},{\"@type\":\"ListItem\",\"position\":2,\"name\":\"\u00c1nxeles Cu\u00f1a critica a &#8220;dobre vara de medir&#8221; da CRTVG entre a cobertura do nomeamento como ministra de Yolanda D\u00edaz e o de Ana Pastor\"}]},{\"@type\":\"WebSite\",\"@id\":\"https:\\\/\\\/www.anovapeneira.gal\\\/#website\",\"url\":\"https:\\\/\\\/www.anovapeneira.gal\\\/\",\"name\":\"\",\"description\":\"Xornal galego de informaci\u00f3n xeral Publicaci\u00f3n mensual de novas de Galicia e en especial dos Concellos da sur da provincia de Pontevedra.\",\"publisher\":{\"@id\":\"https:\\\/\\\/www.anovapeneira.gal\\\/#organization\"},\"potentialAction\":[{\"@type\":\"SearchAction\",\"target\":{\"@type\":\"EntryPoint\",\"urlTemplate\":\"https:\\\/\\\/www.anovapeneira.gal\\\/?s={search_term_string}\"},\"query-input\":{\"@type\":\"PropertyValueSpecification\",\"valueRequired\":true,\"valueName\":\"search_term_string\"}}],\"inLanguage\":\"gl-ES\"},{\"@type\":\"Organization\",\"@id\":\"https:\\\/\\\/www.anovapeneira.gal\\\/#organization\",\"name\":\"A Nova Peneira\",\"url\":\"https:\\\/\\\/www.anovapeneira.gal\\\/\",\"logo\":{\"@type\":\"ImageObject\",\"inLanguage\":\"gl-ES\",\"@id\":\"https:\\\/\\\/www.anovapeneira.gal\\\/#\\\/schema\\\/logo\\\/image\\\/\",\"url\":\"http:\\\/\\\/www.anovapeneira.gal\\\/wp-content\\\/uploads\\\/2019\\\/06\\\/logo_a_nova_peneira_portal_web.png\",\"contentUrl\":\"http:\\\/\\\/www.anovapeneira.gal\\\/wp-content\\\/uploads\\\/2019\\\/06\\\/logo_a_nova_peneira_portal_web.png\",\"width\":300,\"height\":100,\"caption\":\"A Nova Peneira\"},\"image\":{\"@id\":\"https:\\\/\\\/www.anovapeneira.gal\\\/#\\\/schema\\\/logo\\\/image\\\/\"},\"sameAs\":[\"https:\\\/\\\/www.facebook.com\\\/anovapeneira\",\"https:\\\/\\\/x.com\\\/APeneira\"]},{\"@type\":\"Person\",\"@id\":\"https:\\\/\\\/www.anovapeneira.gal\\\/#\\\/schema\\\/person\\\/b93e3f8932e3f8da96334607eb6ac6aa\",\"name\":\"Redacci\u00f3n A Nova Peneira\",\"image\":{\"@type\":\"ImageObject\",\"inLanguage\":\"gl-ES\",\"@id\":\"https:\\\/\\\/secure.gravatar.com\\\/avatar\\\/c052a2551a06e23fac63626232eaa90abd78dbcf1700fc46a2b2c89fd27b735f?s=96&d=mm&r=g\",\"url\":\"https:\\\/\\\/secure.gravatar.com\\\/avatar\\\/c052a2551a06e23fac63626232eaa90abd78dbcf1700fc46a2b2c89fd27b735f?s=96&d=mm&r=g\",\"contentUrl\":\"https:\\\/\\\/secure.gravatar.com\\\/avatar\\\/c052a2551a06e23fac63626232eaa90abd78dbcf1700fc46a2b2c89fd27b735f?s=96&d=mm&r=g\",\"caption\":\"Redacci\u00f3n A Nova Peneira\"},\"sameAs\":[\"http:\\\/\\\/www.anovapeneira.gal\\\/\"],\"url\":\"https:\\\/\\\/www.anovapeneira.gal\\\/index.php\\\/author\\\/redactor\\\/\"}]}<\/script>\n<!-- \/ Yoast SEO plugin. -->","yoast_head_json":{"title":"\u00c1nxeles Cu\u00f1a critica a \"dobre vara de medir\" da CRTVG entre a cobertura do nomeamento como ministra de Yolanda D\u00edaz e o de Ana Pastor -","robots":{"index":"index","follow":"follow","max-snippet":"max-snippet:-1","max-image-preview":"max-image-preview:large","max-video-preview":"max-video-preview:-1"},"canonical":"https:\/\/www.anovapeneira.gal\/index.php\/2020\/02\/04\/anxeles-cuna-critica-a-dobre-vara-de-medir-da-crtvg-entre-a-cobertura-do-nomeamento-como-ministra-de-yolanda-diaz-e-o-de-ana-pastor\/","og_locale":"gl_ES","og_type":"article","og_title":"\u00c1nxeles Cu\u00f1a critica a \"dobre vara de medir\" da CRTVG entre a cobertura do nomeamento como ministra de Yolanda D\u00edaz e o de Ana Pastor -","og_description":"A deputada do Grupo Com\u00fan da Esquerda aludiu a \"un exemplo claro de burda manipulaci\u00f3n\" [...]","og_url":"https:\/\/www.anovapeneira.gal\/index.php\/2020\/02\/04\/anxeles-cuna-critica-a-dobre-vara-de-medir-da-crtvg-entre-a-cobertura-do-nomeamento-como-ministra-de-yolanda-diaz-e-o-de-ana-pastor\/","article_publisher":"https:\/\/www.facebook.com\/anovapeneira","article_published_time":"2020-02-04T13:00:51+00:00","og_image":[{"width":720,"height":432,"url":"https:\/\/www.anovapeneira.gal\/wp-content\/uploads\/2020\/02\/CRTVG_a_nova_peneira.jpg","type":"image\/jpeg"}],"author":"Redacci\u00f3n A Nova Peneira","twitter_card":"summary_large_image","twitter_creator":"@APeneira","twitter_site":"@APeneira","twitter_misc":{"Escrito por":"Redacci\u00f3n A Nova Peneira","Tempo de lectura":"3 minutos"},"schema":{"@context":"https:\/\/schema.org","@graph":[{"@type":"Article","@id":"https:\/\/www.anovapeneira.gal\/index.php\/2020\/02\/04\/anxeles-cuna-critica-a-dobre-vara-de-medir-da-crtvg-entre-a-cobertura-do-nomeamento-como-ministra-de-yolanda-diaz-e-o-de-ana-pastor\/#article","isPartOf":{"@id":"https:\/\/www.anovapeneira.gal\/index.php\/2020\/02\/04\/anxeles-cuna-critica-a-dobre-vara-de-medir-da-crtvg-entre-a-cobertura-do-nomeamento-como-ministra-de-yolanda-diaz-e-o-de-ana-pastor\/"},"author":{"name":"Redacci\u00f3n A Nova Peneira","@id":"https:\/\/www.anovapeneira.gal\/#\/schema\/person\/b93e3f8932e3f8da96334607eb6ac6aa"},"headline":"\u00c1nxeles Cu\u00f1a critica a &#8220;dobre vara de medir&#8221; da CRTVG entre a cobertura do nomeamento como ministra de Yolanda D\u00edaz e o de Ana Pastor","datePublished":"2020-02-04T13:00:51+00:00","mainEntityOfPage":{"@id":"https:\/\/www.anovapeneira.gal\/index.php\/2020\/02\/04\/anxeles-cuna-critica-a-dobre-vara-de-medir-da-crtvg-entre-a-cobertura-do-nomeamento-como-ministra-de-yolanda-diaz-e-o-de-ana-pastor\/"},"wordCount":546,"commentCount":0,"publisher":{"@id":"https:\/\/www.anovapeneira.gal\/#organization"},"image":{"@id":"https:\/\/www.anovapeneira.gal\/index.php\/2020\/02\/04\/anxeles-cuna-critica-a-dobre-vara-de-medir-da-crtvg-entre-a-cobertura-do-nomeamento-como-ministra-de-yolanda-diaz-e-o-de-ana-pastor\/#primaryimage"},"thumbnailUrl":"https:\/\/www.anovapeneira.gal\/wp-content\/uploads\/2020\/02\/CRTVG_a_nova_peneira.jpg","keywords":["CRTVG","Grupo Com\u00fan da Esquerda"],"articleSection":["Novas"],"inLanguage":"gl-ES","potentialAction":[{"@type":"CommentAction","name":"Comment","target":["https:\/\/www.anovapeneira.gal\/index.php\/2020\/02\/04\/anxeles-cuna-critica-a-dobre-vara-de-medir-da-crtvg-entre-a-cobertura-do-nomeamento-como-ministra-de-yolanda-diaz-e-o-de-ana-pastor\/#respond"]}]},{"@type":"WebPage","@id":"https:\/\/www.anovapeneira.gal\/index.php\/2020\/02\/04\/anxeles-cuna-critica-a-dobre-vara-de-medir-da-crtvg-entre-a-cobertura-do-nomeamento-como-ministra-de-yolanda-diaz-e-o-de-ana-pastor\/","url":"https:\/\/www.anovapeneira.gal\/index.php\/2020\/02\/04\/anxeles-cuna-critica-a-dobre-vara-de-medir-da-crtvg-entre-a-cobertura-do-nomeamento-como-ministra-de-yolanda-diaz-e-o-de-ana-pastor\/","name":"\u00c1nxeles Cu\u00f1a critica a \"dobre vara de medir\" da CRTVG entre a cobertura do nomeamento como ministra de Yolanda D\u00edaz e o de Ana Pastor -","isPartOf":{"@id":"https:\/\/www.anovapeneira.gal\/#website"},"primaryImageOfPage":{"@id":"https:\/\/www.anovapeneira.gal\/index.php\/2020\/02\/04\/anxeles-cuna-critica-a-dobre-vara-de-medir-da-crtvg-entre-a-cobertura-do-nomeamento-como-ministra-de-yolanda-diaz-e-o-de-ana-pastor\/#primaryimage"},"image":{"@id":"https:\/\/www.anovapeneira.gal\/index.php\/2020\/02\/04\/anxeles-cuna-critica-a-dobre-vara-de-medir-da-crtvg-entre-a-cobertura-do-nomeamento-como-ministra-de-yolanda-diaz-e-o-de-ana-pastor\/#primaryimage"},"thumbnailUrl":"https:\/\/www.anovapeneira.gal\/wp-content\/uploads\/2020\/02\/CRTVG_a_nova_peneira.jpg","datePublished":"2020-02-04T13:00:51+00:00","breadcrumb":{"@id":"https:\/\/www.anovapeneira.gal\/index.php\/2020\/02\/04\/anxeles-cuna-critica-a-dobre-vara-de-medir-da-crtvg-entre-a-cobertura-do-nomeamento-como-ministra-de-yolanda-diaz-e-o-de-ana-pastor\/#breadcrumb"},"inLanguage":"gl-ES","potentialAction":[{"@type":"ReadAction","target":["https:\/\/www.anovapeneira.gal\/index.php\/2020\/02\/04\/anxeles-cuna-critica-a-dobre-vara-de-medir-da-crtvg-entre-a-cobertura-do-nomeamento-como-ministra-de-yolanda-diaz-e-o-de-ana-pastor\/"]}]},{"@type":"ImageObject","inLanguage":"gl-ES","@id":"https:\/\/www.anovapeneira.gal\/index.php\/2020\/02\/04\/anxeles-cuna-critica-a-dobre-vara-de-medir-da-crtvg-entre-a-cobertura-do-nomeamento-como-ministra-de-yolanda-diaz-e-o-de-ana-pastor\/#primaryimage","url":"https:\/\/www.anovapeneira.gal\/wp-content\/uploads\/2020\/02\/CRTVG_a_nova_peneira.jpg","contentUrl":"https:\/\/www.anovapeneira.gal\/wp-content\/uploads\/2020\/02\/CRTVG_a_nova_peneira.jpg","width":720,"height":432,"caption":"CRTVG A Nova Peneira"},{"@type":"BreadcrumbList","@id":"https:\/\/www.anovapeneira.gal\/index.php\/2020\/02\/04\/anxeles-cuna-critica-a-dobre-vara-de-medir-da-crtvg-entre-a-cobertura-do-nomeamento-como-ministra-de-yolanda-diaz-e-o-de-ana-pastor\/#breadcrumb","itemListElement":[{"@type":"ListItem","position":1,"name":"Portada","item":"https:\/\/www.anovapeneira.gal\/"},{"@type":"ListItem","position":2,"name":"\u00c1nxeles Cu\u00f1a critica a &#8220;dobre vara de medir&#8221; da CRTVG entre a cobertura do nomeamento como ministra de Yolanda D\u00edaz e o de Ana Pastor"}]},{"@type":"WebSite","@id":"https:\/\/www.anovapeneira.gal\/#website","url":"https:\/\/www.anovapeneira.gal\/","name":"","description":"Xornal galego de informaci\u00f3n xeral Publicaci\u00f3n mensual de novas de Galicia e en especial dos Concellos da sur da provincia de Pontevedra.","publisher":{"@id":"https:\/\/www.anovapeneira.gal\/#organization"},"potentialAction":[{"@type":"SearchAction","target":{"@type":"EntryPoint","urlTemplate":"https:\/\/www.anovapeneira.gal\/?s={search_term_string}"},"query-input":{"@type":"PropertyValueSpecification","valueRequired":true,"valueName":"search_term_string"}}],"inLanguage":"gl-ES"},{"@type":"Organization","@id":"https:\/\/www.anovapeneira.gal\/#organization","name":"A Nova Peneira","url":"https:\/\/www.anovapeneira.gal\/","logo":{"@type":"ImageObject","inLanguage":"gl-ES","@id":"https:\/\/www.anovapeneira.gal\/#\/schema\/logo\/image\/","url":"http:\/\/www.anovapeneira.gal\/wp-content\/uploads\/2019\/06\/logo_a_nova_peneira_portal_web.png","contentUrl":"http:\/\/www.anovapeneira.gal\/wp-content\/uploads\/2019\/06\/logo_a_nova_peneira_portal_web.png","width":300,"height":100,"caption":"A Nova Peneira"},"image":{"@id":"https:\/\/www.anovapeneira.gal\/#\/schema\/logo\/image\/"},"sameAs":["https:\/\/www.facebook.com\/anovapeneira","https:\/\/x.com\/APeneira"]},{"@type":"Person","@id":"https:\/\/www.anovapeneira.gal\/#\/schema\/person\/b93e3f8932e3f8da96334607eb6ac6aa","name":"Redacci\u00f3n A Nova Peneira","image":{"@type":"ImageObject","inLanguage":"gl-ES","@id":"https:\/\/secure.gravatar.com\/avatar\/c052a2551a06e23fac63626232eaa90abd78dbcf1700fc46a2b2c89fd27b735f?s=96&d=mm&r=g","url":"https:\/\/secure.gravatar.com\/avatar\/c052a2551a06e23fac63626232eaa90abd78dbcf1700fc46a2b2c89fd27b735f?s=96&d=mm&r=g","contentUrl":"https:\/\/secure.gravatar.com\/avatar\/c052a2551a06e23fac63626232eaa90abd78dbcf1700fc46a2b2c89fd27b735f?s=96&d=mm&r=g","caption":"Redacci\u00f3n A Nova Peneira"},"sameAs":["http:\/\/www.anovapeneira.gal\/"],"url":"https:\/\/www.anovapeneira.gal\/index.php\/author\/redactor\/"}]}},"jetpack_featured_media_url":"https:\/\/www.anovapeneira.gal\/wp-content\/uploads\/2020\/02\/CRTVG_a_nova_peneira.jpg","_links":{"self":[{"href":"https:\/\/www.anovapeneira.gal\/index.php\/wp-json\/wp\/v2\/posts\/2441","targetHints":{"allow":["GET"]}}],"collection":[{"href":"https:\/\/www.anovapeneira.gal\/index.php\/wp-json\/wp\/v2\/posts"}],"about":[{"href":"https:\/\/www.anovapeneira.gal\/index.php\/wp-json\/wp\/v2\/types\/post"}],"author":[{"embeddable":true,"href":"https:\/\/www.anovapeneira.gal\/index.php\/wp-json\/wp\/v2\/users\/3"}],"replies":[{"embeddable":true,"href":"https:\/\/www.anovapeneira.gal\/index.php\/wp-json\/wp\/v2\/comments?post=2441"}],"version-history":[{"count":1,"href":"https:\/\/www.anovapeneira.gal\/index.php\/wp-json\/wp\/v2\/posts\/2441\/revisions"}],"predecessor-version":[{"id":2443,"href":"https:\/\/www.anovapeneira.gal\/index.php\/wp-json\/wp\/v2\/posts\/2441\/revisions\/2443"}],"wp:featuredmedia":[{"embeddable":true,"href":"https:\/\/www.anovapeneira.gal\/index.php\/wp-json\/wp\/v2\/media\/2442"}],"wp:attachment":[{"href":"https:\/\/www.anovapeneira.gal\/index.php\/wp-json\/wp\/v2\/media?parent=2441"}],"wp:term":[{"taxonomy":"category","embeddable":true,"href":"https:\/\/www.anovapeneira.gal\/index.php\/wp-json\/wp\/v2\/categories?post=2441"},{"taxonomy":"post_tag","embeddable":true,"href":"https:\/\/www.anovapeneira.gal\/index.php\/wp-json\/wp\/v2\/tags?post=2441"}],"curies":[{"name":"wp","href":"https:\/\/api.w.org\/{rel}","templated":true}]}}