{"id":2444,"date":"2020-02-05T10:00:40","date_gmt":"2020-02-05T09:00:40","guid":{"rendered":"http:\/\/www.anovapeneira.gal\/?p=2444"},"modified":"2020-02-02T17:23:07","modified_gmt":"2020-02-02T16:23:07","slug":"o-concello-de-bueu-abre-o-prazo-para-inscribirse-nos-premios-de-entroido","status":"publish","type":"post","link":"https:\/\/www.anovapeneira.gal\/index.php\/2020\/02\/05\/o-concello-de-bueu-abre-o-prazo-para-inscribirse-nos-premios-de-entroido\/","title":{"rendered":"O Concello de Bueu abre o prazo para inscribirse nos premios de Entroido"},"content":{"rendered":"\n<h2 class=\"wp-block-heading\"> <strong>As persoas e agrupaci\u00f3ns que desexen participar poder\u00e1n anotarse ata o 20 de febreiro<\/strong> <\/h2>\n\n\n\n<p> <strong>Bueu, a 29 de xaneiro de 2020<\/strong><\/p>\n\n\n\n<p>\nO Concello de Bueu\nv\u00e9n de abrir o prazo para participar nos premios dos desfiles do\nEntroido, tras a publicaci\u00f3n do extractos no Bolet\u00edn Oficial da\nProvincia (BOPPO) deste m\u00e9rcores, 29 de xaneiro. \n<\/p>\n\n\n\n<p>\nO prazo de\ninscrici\u00f3n est\u00e9ndese ata o 20 de febreiro. Os premios repartir\u00e1n\n6000 euros entre todas as categor\u00edas participantes tanto no\nEnterri\u00f1o da Sardi\u00f1a, que se celebrar\u00e1 o m\u00e9rcores 26 de febreiro\n\u00e1s 17.00 horas, como no Enterro do Paxaro de Mal Agoiro, que ter\u00e1\nlugar o 1 de marzo a partir da mesma hora.<\/p>\n\n\n\n<p>\nAo igual que na\npasada edici\u00f3n, as agrupaci\u00f3ns de m\u00e1is de quince compo\u00f1entes\nrecibir\u00e1n unha cantidade fixa por participar. Concretamente,\ndestinaranse 300 euros \u00e1s comparsas de Bueu que formen parte dos\nactos programados ao longo de todo o Entroido, 150 euros para as\nagrupaci\u00f3ns de Bueu que participen no desfile do Enterri\u00f1o da\nSardi\u00f1a e te\u00f1an m\u00e1is de quince compo\u00f1entes, e 120 euros para\naquelas que participen no Enterro do Paxaro de Mal Agoiro e estean\ncompostas por m\u00e1is de quince persoas.<\/p>\n\n\n\n<p>\nA maiores,\nestableceranse os seguintes premios para os participantes no Enterro\ndo Paxaro de Mal Agoiro: premios \u00e1s comparsas de Bueu (150 euros\npara o 1\u00ba e 100 euros para o 2\u00ba, 75 euros, para o 3\u00ba, e 50 euros,\npara o 4\u00ba), premios \u00e1s agrupaci\u00f3ns de m\u00e1is de 15 compo\u00f1entes (1\u00ba\ndotado con 250 euros, o 2\u00ba con 175 euros, e o 3\u00ba con 100 euros),\npremios \u00e1s agrupaci\u00f3ns de entre tres e quince compo\u00f1entes (100\neuros o 1\u00ba premio, e 80 euros o 2\u00ba), premios \u00e1s parellas (100\neuros o 1\u00ba premio, e 80 euros o 2\u00ba), e premios individuais ( 80\neuros o 1\u00ba e 50 euros o 2\u00ba).<\/p>\n\n\n\n<p>\nAs bases tam\u00e9n\nespecifican que, no caso de mal tempo, a decisi\u00f3n de sa\u00edr ou non\nsa\u00edr os desfiles tomarase por parte da Comisi\u00f3n de Entroido, que\nest\u00e1 composta por unha representante do Concello e de colectivos do\nEntroido que asistiron \u00e1s reuni\u00f3ns do citado \u00f3rgano.<\/p>\n\n\n\n<p>\nAs\nbases e a solicitude poden descargarse na p\u00e1xina web municipal\n<a href=\"http:\/\/www.concellodebueu.gal\/\">www.concellodebueu.gal<\/a>.<\/p>\n","protected":false},"excerpt":{"rendered":"<div class=\"mh-excerpt\"><p>As persoas e agrupaci\u00f3ns que desexen participar poder\u00e1n anotarse ata o 20 de febreiro  <a class=\"mh-excerpt-more\" href=\"https:\/\/www.anovapeneira.gal\/index.php\/2020\/02\/05\/o-concello-de-bueu-abre-o-prazo-para-inscribirse-nos-premios-de-entroido\/\" title=\"O Concello de Bueu abre o prazo para inscribirse nos premios de Entroido\">[&#8230;]<\/a><\/p>\n<\/div>","protected":false},"author":3,"featured_media":2445,"comment_status":"open","ping_status":"open","sticky":false,"template":"","format":"standard","meta":{"_exactmetrics_skip_tracking":false,"_exactmetrics_sitenote_active":false,"_exactmetrics_sitenote_note":"","_exactmetrics_sitenote_category":0,"footnotes":""},"categories":[22],"tags":[440,929],"class_list":{"0":"post-2444","1":"post","2":"type-post","3":"status-publish","4":"format-standard","5":"has-post-thumbnail","7":"category-morrazo","8":"tag-concello-de-bueu","9":"tag-entroido"},"yoast_head":"<!-- This site is optimized with the Yoast SEO plugin v27.4 - https:\/\/yoast.com\/product\/yoast-seo-wordpress\/ -->\n<title>O Concello de Bueu abre o prazo para inscribirse nos premios de Entroido -<\/title>\n<meta name=\"robots\" content=\"index, follow, max-snippet:-1, max-image-preview:large, max-video-preview:-1\" \/>\n<link rel=\"canonical\" href=\"https:\/\/www.anovapeneira.gal\/index.php\/2020\/02\/05\/o-concello-de-bueu-abre-o-prazo-para-inscribirse-nos-premios-de-entroido\/\" \/>\n<meta property=\"og:locale\" content=\"gl_ES\" \/>\n<meta property=\"og:type\" content=\"article\" \/>\n<meta property=\"og:title\" content=\"O Concello de Bueu abre o prazo para inscribirse nos premios de Entroido -\" \/>\n<meta property=\"og:description\" content=\"As persoas e agrupaci\u00f3ns que desexen participar poder\u00e1n anotarse ata o 20 de febreiro [...]\" \/>\n<meta property=\"og:url\" content=\"https:\/\/www.anovapeneira.gal\/index.php\/2020\/02\/05\/o-concello-de-bueu-abre-o-prazo-para-inscribirse-nos-premios-de-entroido\/\" \/>\n<meta property=\"article:publisher\" content=\"https:\/\/www.facebook.com\/anovapeneira\" \/>\n<meta property=\"article:published_time\" content=\"2020-02-05T09:00:40+00:00\" \/>\n<meta property=\"og:image\" content=\"https:\/\/www.anovapeneira.gal\/wp-content\/uploads\/2020\/02\/bue_entroido_a_nova_peneira.jpg\" \/>\n\t<meta property=\"og:image:width\" content=\"720\" \/>\n\t<meta property=\"og:image:height\" content=\"432\" \/>\n\t<meta property=\"og:image:type\" content=\"image\/jpeg\" \/>\n<meta name=\"author\" content=\"Redacci\u00f3n A Nova Peneira\" \/>\n<meta name=\"twitter:card\" content=\"summary_large_image\" \/>\n<meta name=\"twitter:creator\" content=\"@APeneira\" \/>\n<meta name=\"twitter:site\" content=\"@APeneira\" \/>\n<meta name=\"twitter:label1\" content=\"Escrito por\" \/>\n\t<meta name=\"twitter:data1\" content=\"Redacci\u00f3n A Nova Peneira\" \/>\n\t<meta name=\"twitter:label2\" content=\"Tempo de lectura\" \/>\n\t<meta name=\"twitter:data2\" content=\"2 minutos\" \/>\n<script type=\"application\/ld+json\" class=\"yoast-schema-graph\">{\"@context\":\"https:\\\/\\\/schema.org\",\"@graph\":[{\"@type\":\"Article\",\"@id\":\"https:\\\/\\\/www.anovapeneira.gal\\\/index.php\\\/2020\\\/02\\\/05\\\/o-concello-de-bueu-abre-o-prazo-para-inscribirse-nos-premios-de-entroido\\\/#article\",\"isPartOf\":{\"@id\":\"https:\\\/\\\/www.anovapeneira.gal\\\/index.php\\\/2020\\\/02\\\/05\\\/o-concello-de-bueu-abre-o-prazo-para-inscribirse-nos-premios-de-entroido\\\/\"},\"author\":{\"name\":\"Redacci\u00f3n A Nova Peneira\",\"@id\":\"https:\\\/\\\/www.anovapeneira.gal\\\/#\\\/schema\\\/person\\\/b93e3f8932e3f8da96334607eb6ac6aa\"},\"headline\":\"O Concello de Bueu abre o prazo para inscribirse nos premios de Entroido\",\"datePublished\":\"2020-02-05T09:00:40+00:00\",\"mainEntityOfPage\":{\"@id\":\"https:\\\/\\\/www.anovapeneira.gal\\\/index.php\\\/2020\\\/02\\\/05\\\/o-concello-de-bueu-abre-o-prazo-para-inscribirse-nos-premios-de-entroido\\\/\"},\"wordCount\":374,\"commentCount\":0,\"publisher\":{\"@id\":\"https:\\\/\\\/www.anovapeneira.gal\\\/#organization\"},\"image\":{\"@id\":\"https:\\\/\\\/www.anovapeneira.gal\\\/index.php\\\/2020\\\/02\\\/05\\\/o-concello-de-bueu-abre-o-prazo-para-inscribirse-nos-premios-de-entroido\\\/#primaryimage\"},\"thumbnailUrl\":\"https:\\\/\\\/www.anovapeneira.gal\\\/wp-content\\\/uploads\\\/2020\\\/02\\\/bue_entroido_a_nova_peneira.jpg\",\"keywords\":[\"Concello de Bueu\",\"Entroido\"],\"articleSection\":[\"Morrazo\"],\"inLanguage\":\"gl-ES\",\"potentialAction\":[{\"@type\":\"CommentAction\",\"name\":\"Comment\",\"target\":[\"https:\\\/\\\/www.anovapeneira.gal\\\/index.php\\\/2020\\\/02\\\/05\\\/o-concello-de-bueu-abre-o-prazo-para-inscribirse-nos-premios-de-entroido\\\/#respond\"]}]},{\"@type\":\"WebPage\",\"@id\":\"https:\\\/\\\/www.anovapeneira.gal\\\/index.php\\\/2020\\\/02\\\/05\\\/o-concello-de-bueu-abre-o-prazo-para-inscribirse-nos-premios-de-entroido\\\/\",\"url\":\"https:\\\/\\\/www.anovapeneira.gal\\\/index.php\\\/2020\\\/02\\\/05\\\/o-concello-de-bueu-abre-o-prazo-para-inscribirse-nos-premios-de-entroido\\\/\",\"name\":\"O Concello de Bueu abre o prazo para inscribirse nos premios de Entroido -\",\"isPartOf\":{\"@id\":\"https:\\\/\\\/www.anovapeneira.gal\\\/#website\"},\"primaryImageOfPage\":{\"@id\":\"https:\\\/\\\/www.anovapeneira.gal\\\/index.php\\\/2020\\\/02\\\/05\\\/o-concello-de-bueu-abre-o-prazo-para-inscribirse-nos-premios-de-entroido\\\/#primaryimage\"},\"image\":{\"@id\":\"https:\\\/\\\/www.anovapeneira.gal\\\/index.php\\\/2020\\\/02\\\/05\\\/o-concello-de-bueu-abre-o-prazo-para-inscribirse-nos-premios-de-entroido\\\/#primaryimage\"},\"thumbnailUrl\":\"https:\\\/\\\/www.anovapeneira.gal\\\/wp-content\\\/uploads\\\/2020\\\/02\\\/bue_entroido_a_nova_peneira.jpg\",\"datePublished\":\"2020-02-05T09:00:40+00:00\",\"breadcrumb\":{\"@id\":\"https:\\\/\\\/www.anovapeneira.gal\\\/index.php\\\/2020\\\/02\\\/05\\\/o-concello-de-bueu-abre-o-prazo-para-inscribirse-nos-premios-de-entroido\\\/#breadcrumb\"},\"inLanguage\":\"gl-ES\",\"potentialAction\":[{\"@type\":\"ReadAction\",\"target\":[\"https:\\\/\\\/www.anovapeneira.gal\\\/index.php\\\/2020\\\/02\\\/05\\\/o-concello-de-bueu-abre-o-prazo-para-inscribirse-nos-premios-de-entroido\\\/\"]}]},{\"@type\":\"ImageObject\",\"inLanguage\":\"gl-ES\",\"@id\":\"https:\\\/\\\/www.anovapeneira.gal\\\/index.php\\\/2020\\\/02\\\/05\\\/o-concello-de-bueu-abre-o-prazo-para-inscribirse-nos-premios-de-entroido\\\/#primaryimage\",\"url\":\"https:\\\/\\\/www.anovapeneira.gal\\\/wp-content\\\/uploads\\\/2020\\\/02\\\/bue_entroido_a_nova_peneira.jpg\",\"contentUrl\":\"https:\\\/\\\/www.anovapeneira.gal\\\/wp-content\\\/uploads\\\/2020\\\/02\\\/bue_entroido_a_nova_peneira.jpg\",\"width\":720,\"height\":432,\"caption\":\"Entroido Bueu A Nova Peneria\"},{\"@type\":\"BreadcrumbList\",\"@id\":\"https:\\\/\\\/www.anovapeneira.gal\\\/index.php\\\/2020\\\/02\\\/05\\\/o-concello-de-bueu-abre-o-prazo-para-inscribirse-nos-premios-de-entroido\\\/#breadcrumb\",\"itemListElement\":[{\"@type\":\"ListItem\",\"position\":1,\"name\":\"Portada\",\"item\":\"https:\\\/\\\/www.anovapeneira.gal\\\/\"},{\"@type\":\"ListItem\",\"position\":2,\"name\":\"O Concello de Bueu abre o prazo para inscribirse nos premios de Entroido\"}]},{\"@type\":\"WebSite\",\"@id\":\"https:\\\/\\\/www.anovapeneira.gal\\\/#website\",\"url\":\"https:\\\/\\\/www.anovapeneira.gal\\\/\",\"name\":\"\",\"description\":\"Xornal galego de informaci\u00f3n xeral Publicaci\u00f3n mensual de novas de Galicia e en especial dos Concellos da sur da provincia de Pontevedra.\",\"publisher\":{\"@id\":\"https:\\\/\\\/www.anovapeneira.gal\\\/#organization\"},\"potentialAction\":[{\"@type\":\"SearchAction\",\"target\":{\"@type\":\"EntryPoint\",\"urlTemplate\":\"https:\\\/\\\/www.anovapeneira.gal\\\/?s={search_term_string}\"},\"query-input\":{\"@type\":\"PropertyValueSpecification\",\"valueRequired\":true,\"valueName\":\"search_term_string\"}}],\"inLanguage\":\"gl-ES\"},{\"@type\":\"Organization\",\"@id\":\"https:\\\/\\\/www.anovapeneira.gal\\\/#organization\",\"name\":\"A Nova Peneira\",\"url\":\"https:\\\/\\\/www.anovapeneira.gal\\\/\",\"logo\":{\"@type\":\"ImageObject\",\"inLanguage\":\"gl-ES\",\"@id\":\"https:\\\/\\\/www.anovapeneira.gal\\\/#\\\/schema\\\/logo\\\/image\\\/\",\"url\":\"http:\\\/\\\/www.anovapeneira.gal\\\/wp-content\\\/uploads\\\/2019\\\/06\\\/logo_a_nova_peneira_portal_web.png\",\"contentUrl\":\"http:\\\/\\\/www.anovapeneira.gal\\\/wp-content\\\/uploads\\\/2019\\\/06\\\/logo_a_nova_peneira_portal_web.png\",\"width\":300,\"height\":100,\"caption\":\"A Nova Peneira\"},\"image\":{\"@id\":\"https:\\\/\\\/www.anovapeneira.gal\\\/#\\\/schema\\\/logo\\\/image\\\/\"},\"sameAs\":[\"https:\\\/\\\/www.facebook.com\\\/anovapeneira\",\"https:\\\/\\\/x.com\\\/APeneira\"]},{\"@type\":\"Person\",\"@id\":\"https:\\\/\\\/www.anovapeneira.gal\\\/#\\\/schema\\\/person\\\/b93e3f8932e3f8da96334607eb6ac6aa\",\"name\":\"Redacci\u00f3n A Nova Peneira\",\"image\":{\"@type\":\"ImageObject\",\"inLanguage\":\"gl-ES\",\"@id\":\"https:\\\/\\\/secure.gravatar.com\\\/avatar\\\/c052a2551a06e23fac63626232eaa90abd78dbcf1700fc46a2b2c89fd27b735f?s=96&d=mm&r=g\",\"url\":\"https:\\\/\\\/secure.gravatar.com\\\/avatar\\\/c052a2551a06e23fac63626232eaa90abd78dbcf1700fc46a2b2c89fd27b735f?s=96&d=mm&r=g\",\"contentUrl\":\"https:\\\/\\\/secure.gravatar.com\\\/avatar\\\/c052a2551a06e23fac63626232eaa90abd78dbcf1700fc46a2b2c89fd27b735f?s=96&d=mm&r=g\",\"caption\":\"Redacci\u00f3n A Nova Peneira\"},\"sameAs\":[\"http:\\\/\\\/www.anovapeneira.gal\\\/\"],\"url\":\"https:\\\/\\\/www.anovapeneira.gal\\\/index.php\\\/author\\\/redactor\\\/\"}]}<\/script>\n<!-- \/ Yoast SEO plugin. -->","yoast_head_json":{"title":"O Concello de Bueu abre o prazo para inscribirse nos premios de Entroido -","robots":{"index":"index","follow":"follow","max-snippet":"max-snippet:-1","max-image-preview":"max-image-preview:large","max-video-preview":"max-video-preview:-1"},"canonical":"https:\/\/www.anovapeneira.gal\/index.php\/2020\/02\/05\/o-concello-de-bueu-abre-o-prazo-para-inscribirse-nos-premios-de-entroido\/","og_locale":"gl_ES","og_type":"article","og_title":"O Concello de Bueu abre o prazo para inscribirse nos premios de Entroido -","og_description":"As persoas e agrupaci\u00f3ns que desexen participar poder\u00e1n anotarse ata o 20 de febreiro [...]","og_url":"https:\/\/www.anovapeneira.gal\/index.php\/2020\/02\/05\/o-concello-de-bueu-abre-o-prazo-para-inscribirse-nos-premios-de-entroido\/","article_publisher":"https:\/\/www.facebook.com\/anovapeneira","article_published_time":"2020-02-05T09:00:40+00:00","og_image":[{"width":720,"height":432,"url":"https:\/\/www.anovapeneira.gal\/wp-content\/uploads\/2020\/02\/bue_entroido_a_nova_peneira.jpg","type":"image\/jpeg"}],"author":"Redacci\u00f3n A Nova Peneira","twitter_card":"summary_large_image","twitter_creator":"@APeneira","twitter_site":"@APeneira","twitter_misc":{"Escrito por":"Redacci\u00f3n A Nova Peneira","Tempo de lectura":"2 minutos"},"schema":{"@context":"https:\/\/schema.org","@graph":[{"@type":"Article","@id":"https:\/\/www.anovapeneira.gal\/index.php\/2020\/02\/05\/o-concello-de-bueu-abre-o-prazo-para-inscribirse-nos-premios-de-entroido\/#article","isPartOf":{"@id":"https:\/\/www.anovapeneira.gal\/index.php\/2020\/02\/05\/o-concello-de-bueu-abre-o-prazo-para-inscribirse-nos-premios-de-entroido\/"},"author":{"name":"Redacci\u00f3n A Nova Peneira","@id":"https:\/\/www.anovapeneira.gal\/#\/schema\/person\/b93e3f8932e3f8da96334607eb6ac6aa"},"headline":"O Concello de Bueu abre o prazo para inscribirse nos premios de Entroido","datePublished":"2020-02-05T09:00:40+00:00","mainEntityOfPage":{"@id":"https:\/\/www.anovapeneira.gal\/index.php\/2020\/02\/05\/o-concello-de-bueu-abre-o-prazo-para-inscribirse-nos-premios-de-entroido\/"},"wordCount":374,"commentCount":0,"publisher":{"@id":"https:\/\/www.anovapeneira.gal\/#organization"},"image":{"@id":"https:\/\/www.anovapeneira.gal\/index.php\/2020\/02\/05\/o-concello-de-bueu-abre-o-prazo-para-inscribirse-nos-premios-de-entroido\/#primaryimage"},"thumbnailUrl":"https:\/\/www.anovapeneira.gal\/wp-content\/uploads\/2020\/02\/bue_entroido_a_nova_peneira.jpg","keywords":["Concello de Bueu","Entroido"],"articleSection":["Morrazo"],"inLanguage":"gl-ES","potentialAction":[{"@type":"CommentAction","name":"Comment","target":["https:\/\/www.anovapeneira.gal\/index.php\/2020\/02\/05\/o-concello-de-bueu-abre-o-prazo-para-inscribirse-nos-premios-de-entroido\/#respond"]}]},{"@type":"WebPage","@id":"https:\/\/www.anovapeneira.gal\/index.php\/2020\/02\/05\/o-concello-de-bueu-abre-o-prazo-para-inscribirse-nos-premios-de-entroido\/","url":"https:\/\/www.anovapeneira.gal\/index.php\/2020\/02\/05\/o-concello-de-bueu-abre-o-prazo-para-inscribirse-nos-premios-de-entroido\/","name":"O Concello de Bueu abre o prazo para inscribirse nos premios de Entroido -","isPartOf":{"@id":"https:\/\/www.anovapeneira.gal\/#website"},"primaryImageOfPage":{"@id":"https:\/\/www.anovapeneira.gal\/index.php\/2020\/02\/05\/o-concello-de-bueu-abre-o-prazo-para-inscribirse-nos-premios-de-entroido\/#primaryimage"},"image":{"@id":"https:\/\/www.anovapeneira.gal\/index.php\/2020\/02\/05\/o-concello-de-bueu-abre-o-prazo-para-inscribirse-nos-premios-de-entroido\/#primaryimage"},"thumbnailUrl":"https:\/\/www.anovapeneira.gal\/wp-content\/uploads\/2020\/02\/bue_entroido_a_nova_peneira.jpg","datePublished":"2020-02-05T09:00:40+00:00","breadcrumb":{"@id":"https:\/\/www.anovapeneira.gal\/index.php\/2020\/02\/05\/o-concello-de-bueu-abre-o-prazo-para-inscribirse-nos-premios-de-entroido\/#breadcrumb"},"inLanguage":"gl-ES","potentialAction":[{"@type":"ReadAction","target":["https:\/\/www.anovapeneira.gal\/index.php\/2020\/02\/05\/o-concello-de-bueu-abre-o-prazo-para-inscribirse-nos-premios-de-entroido\/"]}]},{"@type":"ImageObject","inLanguage":"gl-ES","@id":"https:\/\/www.anovapeneira.gal\/index.php\/2020\/02\/05\/o-concello-de-bueu-abre-o-prazo-para-inscribirse-nos-premios-de-entroido\/#primaryimage","url":"https:\/\/www.anovapeneira.gal\/wp-content\/uploads\/2020\/02\/bue_entroido_a_nova_peneira.jpg","contentUrl":"https:\/\/www.anovapeneira.gal\/wp-content\/uploads\/2020\/02\/bue_entroido_a_nova_peneira.jpg","width":720,"height":432,"caption":"Entroido Bueu A Nova Peneria"},{"@type":"BreadcrumbList","@id":"https:\/\/www.anovapeneira.gal\/index.php\/2020\/02\/05\/o-concello-de-bueu-abre-o-prazo-para-inscribirse-nos-premios-de-entroido\/#breadcrumb","itemListElement":[{"@type":"ListItem","position":1,"name":"Portada","item":"https:\/\/www.anovapeneira.gal\/"},{"@type":"ListItem","position":2,"name":"O Concello de Bueu abre o prazo para inscribirse nos premios de Entroido"}]},{"@type":"WebSite","@id":"https:\/\/www.anovapeneira.gal\/#website","url":"https:\/\/www.anovapeneira.gal\/","name":"","description":"Xornal galego de informaci\u00f3n xeral Publicaci\u00f3n mensual de novas de Galicia e en especial dos Concellos da sur da provincia de Pontevedra.","publisher":{"@id":"https:\/\/www.anovapeneira.gal\/#organization"},"potentialAction":[{"@type":"SearchAction","target":{"@type":"EntryPoint","urlTemplate":"https:\/\/www.anovapeneira.gal\/?s={search_term_string}"},"query-input":{"@type":"PropertyValueSpecification","valueRequired":true,"valueName":"search_term_string"}}],"inLanguage":"gl-ES"},{"@type":"Organization","@id":"https:\/\/www.anovapeneira.gal\/#organization","name":"A Nova Peneira","url":"https:\/\/www.anovapeneira.gal\/","logo":{"@type":"ImageObject","inLanguage":"gl-ES","@id":"https:\/\/www.anovapeneira.gal\/#\/schema\/logo\/image\/","url":"http:\/\/www.anovapeneira.gal\/wp-content\/uploads\/2019\/06\/logo_a_nova_peneira_portal_web.png","contentUrl":"http:\/\/www.anovapeneira.gal\/wp-content\/uploads\/2019\/06\/logo_a_nova_peneira_portal_web.png","width":300,"height":100,"caption":"A Nova Peneira"},"image":{"@id":"https:\/\/www.anovapeneira.gal\/#\/schema\/logo\/image\/"},"sameAs":["https:\/\/www.facebook.com\/anovapeneira","https:\/\/x.com\/APeneira"]},{"@type":"Person","@id":"https:\/\/www.anovapeneira.gal\/#\/schema\/person\/b93e3f8932e3f8da96334607eb6ac6aa","name":"Redacci\u00f3n A Nova Peneira","image":{"@type":"ImageObject","inLanguage":"gl-ES","@id":"https:\/\/secure.gravatar.com\/avatar\/c052a2551a06e23fac63626232eaa90abd78dbcf1700fc46a2b2c89fd27b735f?s=96&d=mm&r=g","url":"https:\/\/secure.gravatar.com\/avatar\/c052a2551a06e23fac63626232eaa90abd78dbcf1700fc46a2b2c89fd27b735f?s=96&d=mm&r=g","contentUrl":"https:\/\/secure.gravatar.com\/avatar\/c052a2551a06e23fac63626232eaa90abd78dbcf1700fc46a2b2c89fd27b735f?s=96&d=mm&r=g","caption":"Redacci\u00f3n A Nova Peneira"},"sameAs":["http:\/\/www.anovapeneira.gal\/"],"url":"https:\/\/www.anovapeneira.gal\/index.php\/author\/redactor\/"}]}},"jetpack_featured_media_url":"https:\/\/www.anovapeneira.gal\/wp-content\/uploads\/2020\/02\/bue_entroido_a_nova_peneira.jpg","_links":{"self":[{"href":"https:\/\/www.anovapeneira.gal\/index.php\/wp-json\/wp\/v2\/posts\/2444","targetHints":{"allow":["GET"]}}],"collection":[{"href":"https:\/\/www.anovapeneira.gal\/index.php\/wp-json\/wp\/v2\/posts"}],"about":[{"href":"https:\/\/www.anovapeneira.gal\/index.php\/wp-json\/wp\/v2\/types\/post"}],"author":[{"embeddable":true,"href":"https:\/\/www.anovapeneira.gal\/index.php\/wp-json\/wp\/v2\/users\/3"}],"replies":[{"embeddable":true,"href":"https:\/\/www.anovapeneira.gal\/index.php\/wp-json\/wp\/v2\/comments?post=2444"}],"version-history":[{"count":1,"href":"https:\/\/www.anovapeneira.gal\/index.php\/wp-json\/wp\/v2\/posts\/2444\/revisions"}],"predecessor-version":[{"id":2446,"href":"https:\/\/www.anovapeneira.gal\/index.php\/wp-json\/wp\/v2\/posts\/2444\/revisions\/2446"}],"wp:featuredmedia":[{"embeddable":true,"href":"https:\/\/www.anovapeneira.gal\/index.php\/wp-json\/wp\/v2\/media\/2445"}],"wp:attachment":[{"href":"https:\/\/www.anovapeneira.gal\/index.php\/wp-json\/wp\/v2\/media?parent=2444"}],"wp:term":[{"taxonomy":"category","embeddable":true,"href":"https:\/\/www.anovapeneira.gal\/index.php\/wp-json\/wp\/v2\/categories?post=2444"},{"taxonomy":"post_tag","embeddable":true,"href":"https:\/\/www.anovapeneira.gal\/index.php\/wp-json\/wp\/v2\/tags?post=2444"}],"curies":[{"name":"wp","href":"https:\/\/api.w.org\/{rel}","templated":true}]}}