{"id":2450,"date":"2020-02-05T14:00:18","date_gmt":"2020-02-05T13:00:18","guid":{"rendered":"http:\/\/www.anovapeneira.gal\/?p=2450"},"modified":"2020-02-02T17:40:08","modified_gmt":"2020-02-02T16:40:08","slug":"gondomar-decorara-o-seu-concello-coa-artedos-alumnos-do-juan-maria","status":"publish","type":"post","link":"https:\/\/www.anovapeneira.gal\/index.php\/2020\/02\/05\/gondomar-decorara-o-seu-concello-coa-artedos-alumnos-do-juan-maria\/","title":{"rendered":"Gondomar decorar\u00e1 o seu Concello coa artedos alumnos do Juan Mar\u00eda"},"content":{"rendered":"\n<p>O alcalde de Gondomar, Paco Ferreira, acompa\u00f1ado pola concelleira de  Benestar Social, Nuria Lameiro, recibiu este venres no seudespacho a alumnos e alumnas do Centro Juan Mar\u00eda de  Nigr\u00e1n  para  ensinarlles  a  nova  sala  de  xuntas,  a  localizaci\u00f3n  na  que  lles  comunicou  quer\u00eda contar cun cadro dese\u00f1ado e pintado por estes grandes artistas.<\/p>\n\n\n\n<p>Paco  Ferreira  xa  trasladara  o  seu  interese  encontar  cunha  das  obras  destes  mozos  na visita que realizou \u00e1s instalaci\u00f3ns que te\u00f1en no municipio veci\u00f1o de Nigr\u00e1n onde \u201cpuiden ver a gran labor de inclusi\u00f3n que se est\u00e1 realizando e na que as administraci\u00f3ns debemos implicarnos e servir de exemplo\u201d. Xa nese primeiro encontro chamaron a atenci\u00f3n do rexedor algunhas das pinturas que decoran as instalaci\u00f3ns, realizadas polos seus estudantes.<\/p>\n\n\n\n<p>Parte  deles  despraz\u00e1ronse  ata  Gondomar  para  ver  en  persoa  o  lugar  no  que  se  quere situar o cadro e para mostrarlle ao alcalde diferentes bosquexos sobre os que poder\u00edan traballar. Paco  Ferreira  encomiou  os  dese\u00f1os  que  lle  ensinaron  e  asegurou  \u201cque  \u00e9  un  orgullo  para  min poder contar con estes artistas e saber que lucir\u00e1 na nosa sala de xuntas unha das s\u00faas obras\u201d.<\/p>\n\n\n\n<p>Lourdes, Andrea, Bel\u00e9n, Ricardo, Alberto e Mar\u00eda, acudiron ao Concello acompa\u00f1ados por unha das responsables do Juan Mar\u00eda, Ana Costas, onde explicaron que o cadro ser\u00e1 unha obra colectiva. Desta forma, se aposta pola participaci\u00f3n e implicaci\u00f3n dos estudantes\u201cque po\u00f1en o cento  por  cento  no  que  fan,  e  os  seus  cadros  as\u00ed  o  reflicten  en  distintas  instalaci\u00f3ns  onde  xa locen\u201d.<\/p>\n\n\n\n<p>O goberno de Paco Ferreira mant\u00e9n unha colaboraci\u00f3n v\u00eda convenio anual co Centro Juan Mar\u00eda pero entende que \u201csempre que se poida debemosir un pouco m\u00e1is al\u00f3 na visibilizaci\u00f3n do gran traballo que desenvolven nel e na aposta por unha inclusi\u00f3n real\u201d. <\/p>\n\n\n\n<p>Ademais do cadro que decorar\u00e1 o Concello, este mes de febreiro esp\u00e9ranse os primeiros Bancos da Amizade, encargados aos mozos do centro de carpinter\u00eda do Juan Mar\u00eda que se situar\u00e1n en tres  colexios  do  municipio  que  as\u00ed  o  solicitaron.  Por  outra  banda  o  alcalde  sinala  que  \u201cnon descartamos  novas  v\u00edas  de  cooperaci\u00f3n  nun  futuro  que  promovan  a  inserci\u00f3n  laboral  destas persoas no noso municipio\u201d.<\/p>\n","protected":false},"excerpt":{"rendered":"<div class=\"mh-excerpt\"><p>O alcalde de Gondomar, Paco Ferreira, acompa\u00f1ado pola concelleira de  Benestar Social, Nuria Lameiro, recibiu este venres no seudespacho a alumnos e alumnas do Centro Juan Mar\u00eda de  Nigr\u00e1n  para  ensinarlles  a  nova  sala  de  xuntas <a class=\"mh-excerpt-more\" href=\"https:\/\/www.anovapeneira.gal\/index.php\/2020\/02\/05\/gondomar-decorara-o-seu-concello-coa-artedos-alumnos-do-juan-maria\/\" title=\"Gondomar decorar\u00e1 o seu Concello coa artedos alumnos do Juan Mar\u00eda\">[&#8230;]<\/a><\/p>\n<\/div>","protected":false},"author":3,"featured_media":2451,"comment_status":"open","ping_status":"open","sticky":false,"template":"","format":"standard","meta":{"_exactmetrics_skip_tracking":false,"_exactmetrics_sitenote_active":false,"_exactmetrics_sitenote_note":"","_exactmetrics_sitenote_category":0,"footnotes":""},"categories":[20],"tags":[380,149],"class_list":{"0":"post-2450","1":"post","2":"type-post","3":"status-publish","4":"format-standard","5":"has-post-thumbnail","7":"category-val-minor","8":"tag-benestar-social","9":"tag-concello-de-gondomar"},"yoast_head":"<!-- This site is optimized with the Yoast SEO plugin v27.4 - https:\/\/yoast.com\/product\/yoast-seo-wordpress\/ -->\n<title>Gondomar decorar\u00e1 o seu Concello coa artedos alumnos do Juan Mar\u00eda -<\/title>\n<meta name=\"robots\" content=\"index, follow, max-snippet:-1, max-image-preview:large, max-video-preview:-1\" \/>\n<link rel=\"canonical\" href=\"https:\/\/www.anovapeneira.gal\/index.php\/2020\/02\/05\/gondomar-decorara-o-seu-concello-coa-artedos-alumnos-do-juan-maria\/\" \/>\n<meta property=\"og:locale\" content=\"gl_ES\" \/>\n<meta property=\"og:type\" content=\"article\" \/>\n<meta property=\"og:title\" content=\"Gondomar decorar\u00e1 o seu Concello coa artedos alumnos do Juan Mar\u00eda -\" \/>\n<meta property=\"og:description\" content=\"O alcalde de Gondomar, Paco Ferreira, acompa\u00f1ado pola concelleira de Benestar Social, Nuria Lameiro, recibiu este venres no seudespacho a alumnos e alumnas do Centro Juan Mar\u00eda de Nigr\u00e1n para ensinarlles a nova sala de xuntas [...]\" \/>\n<meta property=\"og:url\" content=\"https:\/\/www.anovapeneira.gal\/index.php\/2020\/02\/05\/gondomar-decorara-o-seu-concello-coa-artedos-alumnos-do-juan-maria\/\" \/>\n<meta property=\"article:publisher\" content=\"https:\/\/www.facebook.com\/anovapeneira\" \/>\n<meta property=\"article:published_time\" content=\"2020-02-05T13:00:18+00:00\" \/>\n<meta property=\"og:image\" content=\"https:\/\/www.anovapeneira.gal\/wp-content\/uploads\/2020\/02\/gondomar_a_nova_peneira.jpg\" \/>\n\t<meta property=\"og:image:width\" content=\"720\" \/>\n\t<meta property=\"og:image:height\" content=\"432\" \/>\n\t<meta property=\"og:image:type\" content=\"image\/jpeg\" \/>\n<meta name=\"author\" content=\"Redacci\u00f3n A Nova Peneira\" \/>\n<meta name=\"twitter:card\" content=\"summary_large_image\" \/>\n<meta name=\"twitter:creator\" content=\"@APeneira\" \/>\n<meta name=\"twitter:site\" content=\"@APeneira\" \/>\n<meta name=\"twitter:label1\" content=\"Escrito por\" \/>\n\t<meta name=\"twitter:data1\" content=\"Redacci\u00f3n A Nova Peneira\" \/>\n\t<meta name=\"twitter:label2\" content=\"Tempo de lectura\" \/>\n\t<meta name=\"twitter:data2\" content=\"2 minutos\" \/>\n<script type=\"application\/ld+json\" class=\"yoast-schema-graph\">{\"@context\":\"https:\\\/\\\/schema.org\",\"@graph\":[{\"@type\":\"Article\",\"@id\":\"https:\\\/\\\/www.anovapeneira.gal\\\/index.php\\\/2020\\\/02\\\/05\\\/gondomar-decorara-o-seu-concello-coa-artedos-alumnos-do-juan-maria\\\/#article\",\"isPartOf\":{\"@id\":\"https:\\\/\\\/www.anovapeneira.gal\\\/index.php\\\/2020\\\/02\\\/05\\\/gondomar-decorara-o-seu-concello-coa-artedos-alumnos-do-juan-maria\\\/\"},\"author\":{\"name\":\"Redacci\u00f3n A Nova Peneira\",\"@id\":\"https:\\\/\\\/www.anovapeneira.gal\\\/#\\\/schema\\\/person\\\/b93e3f8932e3f8da96334607eb6ac6aa\"},\"headline\":\"Gondomar decorar\u00e1 o seu Concello coa artedos alumnos do Juan Mar\u00eda\",\"datePublished\":\"2020-02-05T13:00:18+00:00\",\"mainEntityOfPage\":{\"@id\":\"https:\\\/\\\/www.anovapeneira.gal\\\/index.php\\\/2020\\\/02\\\/05\\\/gondomar-decorara-o-seu-concello-coa-artedos-alumnos-do-juan-maria\\\/\"},\"wordCount\":404,\"commentCount\":0,\"publisher\":{\"@id\":\"https:\\\/\\\/www.anovapeneira.gal\\\/#organization\"},\"image\":{\"@id\":\"https:\\\/\\\/www.anovapeneira.gal\\\/index.php\\\/2020\\\/02\\\/05\\\/gondomar-decorara-o-seu-concello-coa-artedos-alumnos-do-juan-maria\\\/#primaryimage\"},\"thumbnailUrl\":\"https:\\\/\\\/www.anovapeneira.gal\\\/wp-content\\\/uploads\\\/2020\\\/02\\\/gondomar_a_nova_peneira.jpg\",\"keywords\":[\"Benestar Social\",\"Concello de Gondomar\"],\"articleSection\":[\"Val Mi\u00f1or\"],\"inLanguage\":\"gl-ES\",\"potentialAction\":[{\"@type\":\"CommentAction\",\"name\":\"Comment\",\"target\":[\"https:\\\/\\\/www.anovapeneira.gal\\\/index.php\\\/2020\\\/02\\\/05\\\/gondomar-decorara-o-seu-concello-coa-artedos-alumnos-do-juan-maria\\\/#respond\"]}]},{\"@type\":\"WebPage\",\"@id\":\"https:\\\/\\\/www.anovapeneira.gal\\\/index.php\\\/2020\\\/02\\\/05\\\/gondomar-decorara-o-seu-concello-coa-artedos-alumnos-do-juan-maria\\\/\",\"url\":\"https:\\\/\\\/www.anovapeneira.gal\\\/index.php\\\/2020\\\/02\\\/05\\\/gondomar-decorara-o-seu-concello-coa-artedos-alumnos-do-juan-maria\\\/\",\"name\":\"Gondomar decorar\u00e1 o seu Concello coa artedos alumnos do Juan Mar\u00eda -\",\"isPartOf\":{\"@id\":\"https:\\\/\\\/www.anovapeneira.gal\\\/#website\"},\"primaryImageOfPage\":{\"@id\":\"https:\\\/\\\/www.anovapeneira.gal\\\/index.php\\\/2020\\\/02\\\/05\\\/gondomar-decorara-o-seu-concello-coa-artedos-alumnos-do-juan-maria\\\/#primaryimage\"},\"image\":{\"@id\":\"https:\\\/\\\/www.anovapeneira.gal\\\/index.php\\\/2020\\\/02\\\/05\\\/gondomar-decorara-o-seu-concello-coa-artedos-alumnos-do-juan-maria\\\/#primaryimage\"},\"thumbnailUrl\":\"https:\\\/\\\/www.anovapeneira.gal\\\/wp-content\\\/uploads\\\/2020\\\/02\\\/gondomar_a_nova_peneira.jpg\",\"datePublished\":\"2020-02-05T13:00:18+00:00\",\"breadcrumb\":{\"@id\":\"https:\\\/\\\/www.anovapeneira.gal\\\/index.php\\\/2020\\\/02\\\/05\\\/gondomar-decorara-o-seu-concello-coa-artedos-alumnos-do-juan-maria\\\/#breadcrumb\"},\"inLanguage\":\"gl-ES\",\"potentialAction\":[{\"@type\":\"ReadAction\",\"target\":[\"https:\\\/\\\/www.anovapeneira.gal\\\/index.php\\\/2020\\\/02\\\/05\\\/gondomar-decorara-o-seu-concello-coa-artedos-alumnos-do-juan-maria\\\/\"]}]},{\"@type\":\"ImageObject\",\"inLanguage\":\"gl-ES\",\"@id\":\"https:\\\/\\\/www.anovapeneira.gal\\\/index.php\\\/2020\\\/02\\\/05\\\/gondomar-decorara-o-seu-concello-coa-artedos-alumnos-do-juan-maria\\\/#primaryimage\",\"url\":\"https:\\\/\\\/www.anovapeneira.gal\\\/wp-content\\\/uploads\\\/2020\\\/02\\\/gondomar_a_nova_peneira.jpg\",\"contentUrl\":\"https:\\\/\\\/www.anovapeneira.gal\\\/wp-content\\\/uploads\\\/2020\\\/02\\\/gondomar_a_nova_peneira.jpg\",\"width\":720,\"height\":432,\"caption\":\"Concello de Gondomar Juan Mar\u00eda A Nova Peneira\"},{\"@type\":\"BreadcrumbList\",\"@id\":\"https:\\\/\\\/www.anovapeneira.gal\\\/index.php\\\/2020\\\/02\\\/05\\\/gondomar-decorara-o-seu-concello-coa-artedos-alumnos-do-juan-maria\\\/#breadcrumb\",\"itemListElement\":[{\"@type\":\"ListItem\",\"position\":1,\"name\":\"Portada\",\"item\":\"https:\\\/\\\/www.anovapeneira.gal\\\/\"},{\"@type\":\"ListItem\",\"position\":2,\"name\":\"Gondomar decorar\u00e1 o seu Concello coa artedos alumnos do Juan Mar\u00eda\"}]},{\"@type\":\"WebSite\",\"@id\":\"https:\\\/\\\/www.anovapeneira.gal\\\/#website\",\"url\":\"https:\\\/\\\/www.anovapeneira.gal\\\/\",\"name\":\"\",\"description\":\"Xornal galego de informaci\u00f3n xeral Publicaci\u00f3n mensual de novas de Galicia e en especial dos Concellos da sur da provincia de Pontevedra.\",\"publisher\":{\"@id\":\"https:\\\/\\\/www.anovapeneira.gal\\\/#organization\"},\"potentialAction\":[{\"@type\":\"SearchAction\",\"target\":{\"@type\":\"EntryPoint\",\"urlTemplate\":\"https:\\\/\\\/www.anovapeneira.gal\\\/?s={search_term_string}\"},\"query-input\":{\"@type\":\"PropertyValueSpecification\",\"valueRequired\":true,\"valueName\":\"search_term_string\"}}],\"inLanguage\":\"gl-ES\"},{\"@type\":\"Organization\",\"@id\":\"https:\\\/\\\/www.anovapeneira.gal\\\/#organization\",\"name\":\"A Nova Peneira\",\"url\":\"https:\\\/\\\/www.anovapeneira.gal\\\/\",\"logo\":{\"@type\":\"ImageObject\",\"inLanguage\":\"gl-ES\",\"@id\":\"https:\\\/\\\/www.anovapeneira.gal\\\/#\\\/schema\\\/logo\\\/image\\\/\",\"url\":\"http:\\\/\\\/www.anovapeneira.gal\\\/wp-content\\\/uploads\\\/2019\\\/06\\\/logo_a_nova_peneira_portal_web.png\",\"contentUrl\":\"http:\\\/\\\/www.anovapeneira.gal\\\/wp-content\\\/uploads\\\/2019\\\/06\\\/logo_a_nova_peneira_portal_web.png\",\"width\":300,\"height\":100,\"caption\":\"A Nova Peneira\"},\"image\":{\"@id\":\"https:\\\/\\\/www.anovapeneira.gal\\\/#\\\/schema\\\/logo\\\/image\\\/\"},\"sameAs\":[\"https:\\\/\\\/www.facebook.com\\\/anovapeneira\",\"https:\\\/\\\/x.com\\\/APeneira\"]},{\"@type\":\"Person\",\"@id\":\"https:\\\/\\\/www.anovapeneira.gal\\\/#\\\/schema\\\/person\\\/b93e3f8932e3f8da96334607eb6ac6aa\",\"name\":\"Redacci\u00f3n A Nova Peneira\",\"image\":{\"@type\":\"ImageObject\",\"inLanguage\":\"gl-ES\",\"@id\":\"https:\\\/\\\/secure.gravatar.com\\\/avatar\\\/c052a2551a06e23fac63626232eaa90abd78dbcf1700fc46a2b2c89fd27b735f?s=96&d=mm&r=g\",\"url\":\"https:\\\/\\\/secure.gravatar.com\\\/avatar\\\/c052a2551a06e23fac63626232eaa90abd78dbcf1700fc46a2b2c89fd27b735f?s=96&d=mm&r=g\",\"contentUrl\":\"https:\\\/\\\/secure.gravatar.com\\\/avatar\\\/c052a2551a06e23fac63626232eaa90abd78dbcf1700fc46a2b2c89fd27b735f?s=96&d=mm&r=g\",\"caption\":\"Redacci\u00f3n A Nova Peneira\"},\"sameAs\":[\"http:\\\/\\\/www.anovapeneira.gal\\\/\"],\"url\":\"https:\\\/\\\/www.anovapeneira.gal\\\/index.php\\\/author\\\/redactor\\\/\"}]}<\/script>\n<!-- \/ Yoast SEO plugin. -->","yoast_head_json":{"title":"Gondomar decorar\u00e1 o seu Concello coa artedos alumnos do Juan Mar\u00eda -","robots":{"index":"index","follow":"follow","max-snippet":"max-snippet:-1","max-image-preview":"max-image-preview:large","max-video-preview":"max-video-preview:-1"},"canonical":"https:\/\/www.anovapeneira.gal\/index.php\/2020\/02\/05\/gondomar-decorara-o-seu-concello-coa-artedos-alumnos-do-juan-maria\/","og_locale":"gl_ES","og_type":"article","og_title":"Gondomar decorar\u00e1 o seu Concello coa artedos alumnos do Juan Mar\u00eda -","og_description":"O alcalde de Gondomar, Paco Ferreira, acompa\u00f1ado pola concelleira de Benestar Social, Nuria Lameiro, recibiu este venres no seudespacho a alumnos e alumnas do Centro Juan Mar\u00eda de Nigr\u00e1n para ensinarlles a nova sala de xuntas [...]","og_url":"https:\/\/www.anovapeneira.gal\/index.php\/2020\/02\/05\/gondomar-decorara-o-seu-concello-coa-artedos-alumnos-do-juan-maria\/","article_publisher":"https:\/\/www.facebook.com\/anovapeneira","article_published_time":"2020-02-05T13:00:18+00:00","og_image":[{"width":720,"height":432,"url":"https:\/\/www.anovapeneira.gal\/wp-content\/uploads\/2020\/02\/gondomar_a_nova_peneira.jpg","type":"image\/jpeg"}],"author":"Redacci\u00f3n A Nova Peneira","twitter_card":"summary_large_image","twitter_creator":"@APeneira","twitter_site":"@APeneira","twitter_misc":{"Escrito por":"Redacci\u00f3n A Nova Peneira","Tempo de lectura":"2 minutos"},"schema":{"@context":"https:\/\/schema.org","@graph":[{"@type":"Article","@id":"https:\/\/www.anovapeneira.gal\/index.php\/2020\/02\/05\/gondomar-decorara-o-seu-concello-coa-artedos-alumnos-do-juan-maria\/#article","isPartOf":{"@id":"https:\/\/www.anovapeneira.gal\/index.php\/2020\/02\/05\/gondomar-decorara-o-seu-concello-coa-artedos-alumnos-do-juan-maria\/"},"author":{"name":"Redacci\u00f3n A Nova Peneira","@id":"https:\/\/www.anovapeneira.gal\/#\/schema\/person\/b93e3f8932e3f8da96334607eb6ac6aa"},"headline":"Gondomar decorar\u00e1 o seu Concello coa artedos alumnos do Juan Mar\u00eda","datePublished":"2020-02-05T13:00:18+00:00","mainEntityOfPage":{"@id":"https:\/\/www.anovapeneira.gal\/index.php\/2020\/02\/05\/gondomar-decorara-o-seu-concello-coa-artedos-alumnos-do-juan-maria\/"},"wordCount":404,"commentCount":0,"publisher":{"@id":"https:\/\/www.anovapeneira.gal\/#organization"},"image":{"@id":"https:\/\/www.anovapeneira.gal\/index.php\/2020\/02\/05\/gondomar-decorara-o-seu-concello-coa-artedos-alumnos-do-juan-maria\/#primaryimage"},"thumbnailUrl":"https:\/\/www.anovapeneira.gal\/wp-content\/uploads\/2020\/02\/gondomar_a_nova_peneira.jpg","keywords":["Benestar Social","Concello de Gondomar"],"articleSection":["Val Mi\u00f1or"],"inLanguage":"gl-ES","potentialAction":[{"@type":"CommentAction","name":"Comment","target":["https:\/\/www.anovapeneira.gal\/index.php\/2020\/02\/05\/gondomar-decorara-o-seu-concello-coa-artedos-alumnos-do-juan-maria\/#respond"]}]},{"@type":"WebPage","@id":"https:\/\/www.anovapeneira.gal\/index.php\/2020\/02\/05\/gondomar-decorara-o-seu-concello-coa-artedos-alumnos-do-juan-maria\/","url":"https:\/\/www.anovapeneira.gal\/index.php\/2020\/02\/05\/gondomar-decorara-o-seu-concello-coa-artedos-alumnos-do-juan-maria\/","name":"Gondomar decorar\u00e1 o seu Concello coa artedos alumnos do Juan Mar\u00eda -","isPartOf":{"@id":"https:\/\/www.anovapeneira.gal\/#website"},"primaryImageOfPage":{"@id":"https:\/\/www.anovapeneira.gal\/index.php\/2020\/02\/05\/gondomar-decorara-o-seu-concello-coa-artedos-alumnos-do-juan-maria\/#primaryimage"},"image":{"@id":"https:\/\/www.anovapeneira.gal\/index.php\/2020\/02\/05\/gondomar-decorara-o-seu-concello-coa-artedos-alumnos-do-juan-maria\/#primaryimage"},"thumbnailUrl":"https:\/\/www.anovapeneira.gal\/wp-content\/uploads\/2020\/02\/gondomar_a_nova_peneira.jpg","datePublished":"2020-02-05T13:00:18+00:00","breadcrumb":{"@id":"https:\/\/www.anovapeneira.gal\/index.php\/2020\/02\/05\/gondomar-decorara-o-seu-concello-coa-artedos-alumnos-do-juan-maria\/#breadcrumb"},"inLanguage":"gl-ES","potentialAction":[{"@type":"ReadAction","target":["https:\/\/www.anovapeneira.gal\/index.php\/2020\/02\/05\/gondomar-decorara-o-seu-concello-coa-artedos-alumnos-do-juan-maria\/"]}]},{"@type":"ImageObject","inLanguage":"gl-ES","@id":"https:\/\/www.anovapeneira.gal\/index.php\/2020\/02\/05\/gondomar-decorara-o-seu-concello-coa-artedos-alumnos-do-juan-maria\/#primaryimage","url":"https:\/\/www.anovapeneira.gal\/wp-content\/uploads\/2020\/02\/gondomar_a_nova_peneira.jpg","contentUrl":"https:\/\/www.anovapeneira.gal\/wp-content\/uploads\/2020\/02\/gondomar_a_nova_peneira.jpg","width":720,"height":432,"caption":"Concello de Gondomar Juan Mar\u00eda A Nova Peneira"},{"@type":"BreadcrumbList","@id":"https:\/\/www.anovapeneira.gal\/index.php\/2020\/02\/05\/gondomar-decorara-o-seu-concello-coa-artedos-alumnos-do-juan-maria\/#breadcrumb","itemListElement":[{"@type":"ListItem","position":1,"name":"Portada","item":"https:\/\/www.anovapeneira.gal\/"},{"@type":"ListItem","position":2,"name":"Gondomar decorar\u00e1 o seu Concello coa artedos alumnos do Juan Mar\u00eda"}]},{"@type":"WebSite","@id":"https:\/\/www.anovapeneira.gal\/#website","url":"https:\/\/www.anovapeneira.gal\/","name":"","description":"Xornal galego de informaci\u00f3n xeral Publicaci\u00f3n mensual de novas de Galicia e en especial dos Concellos da sur da provincia de Pontevedra.","publisher":{"@id":"https:\/\/www.anovapeneira.gal\/#organization"},"potentialAction":[{"@type":"SearchAction","target":{"@type":"EntryPoint","urlTemplate":"https:\/\/www.anovapeneira.gal\/?s={search_term_string}"},"query-input":{"@type":"PropertyValueSpecification","valueRequired":true,"valueName":"search_term_string"}}],"inLanguage":"gl-ES"},{"@type":"Organization","@id":"https:\/\/www.anovapeneira.gal\/#organization","name":"A Nova Peneira","url":"https:\/\/www.anovapeneira.gal\/","logo":{"@type":"ImageObject","inLanguage":"gl-ES","@id":"https:\/\/www.anovapeneira.gal\/#\/schema\/logo\/image\/","url":"http:\/\/www.anovapeneira.gal\/wp-content\/uploads\/2019\/06\/logo_a_nova_peneira_portal_web.png","contentUrl":"http:\/\/www.anovapeneira.gal\/wp-content\/uploads\/2019\/06\/logo_a_nova_peneira_portal_web.png","width":300,"height":100,"caption":"A Nova Peneira"},"image":{"@id":"https:\/\/www.anovapeneira.gal\/#\/schema\/logo\/image\/"},"sameAs":["https:\/\/www.facebook.com\/anovapeneira","https:\/\/x.com\/APeneira"]},{"@type":"Person","@id":"https:\/\/www.anovapeneira.gal\/#\/schema\/person\/b93e3f8932e3f8da96334607eb6ac6aa","name":"Redacci\u00f3n A Nova Peneira","image":{"@type":"ImageObject","inLanguage":"gl-ES","@id":"https:\/\/secure.gravatar.com\/avatar\/c052a2551a06e23fac63626232eaa90abd78dbcf1700fc46a2b2c89fd27b735f?s=96&d=mm&r=g","url":"https:\/\/secure.gravatar.com\/avatar\/c052a2551a06e23fac63626232eaa90abd78dbcf1700fc46a2b2c89fd27b735f?s=96&d=mm&r=g","contentUrl":"https:\/\/secure.gravatar.com\/avatar\/c052a2551a06e23fac63626232eaa90abd78dbcf1700fc46a2b2c89fd27b735f?s=96&d=mm&r=g","caption":"Redacci\u00f3n A Nova Peneira"},"sameAs":["http:\/\/www.anovapeneira.gal\/"],"url":"https:\/\/www.anovapeneira.gal\/index.php\/author\/redactor\/"}]}},"jetpack_featured_media_url":"https:\/\/www.anovapeneira.gal\/wp-content\/uploads\/2020\/02\/gondomar_a_nova_peneira.jpg","_links":{"self":[{"href":"https:\/\/www.anovapeneira.gal\/index.php\/wp-json\/wp\/v2\/posts\/2450","targetHints":{"allow":["GET"]}}],"collection":[{"href":"https:\/\/www.anovapeneira.gal\/index.php\/wp-json\/wp\/v2\/posts"}],"about":[{"href":"https:\/\/www.anovapeneira.gal\/index.php\/wp-json\/wp\/v2\/types\/post"}],"author":[{"embeddable":true,"href":"https:\/\/www.anovapeneira.gal\/index.php\/wp-json\/wp\/v2\/users\/3"}],"replies":[{"embeddable":true,"href":"https:\/\/www.anovapeneira.gal\/index.php\/wp-json\/wp\/v2\/comments?post=2450"}],"version-history":[{"count":1,"href":"https:\/\/www.anovapeneira.gal\/index.php\/wp-json\/wp\/v2\/posts\/2450\/revisions"}],"predecessor-version":[{"id":2452,"href":"https:\/\/www.anovapeneira.gal\/index.php\/wp-json\/wp\/v2\/posts\/2450\/revisions\/2452"}],"wp:featuredmedia":[{"embeddable":true,"href":"https:\/\/www.anovapeneira.gal\/index.php\/wp-json\/wp\/v2\/media\/2451"}],"wp:attachment":[{"href":"https:\/\/www.anovapeneira.gal\/index.php\/wp-json\/wp\/v2\/media?parent=2450"}],"wp:term":[{"taxonomy":"category","embeddable":true,"href":"https:\/\/www.anovapeneira.gal\/index.php\/wp-json\/wp\/v2\/categories?post=2450"},{"taxonomy":"post_tag","embeddable":true,"href":"https:\/\/www.anovapeneira.gal\/index.php\/wp-json\/wp\/v2\/tags?post=2450"}],"curies":[{"name":"wp","href":"https:\/\/api.w.org\/{rel}","templated":true}]}}