{"id":2461,"date":"2020-02-07T10:00:28","date_gmt":"2020-02-07T09:00:28","guid":{"rendered":"http:\/\/www.anovapeneira.gal\/?p=2461"},"modified":"2020-02-02T17:59:52","modified_gmt":"2020-02-02T16:59:52","slug":"o-concello-de-salceda-reduce-a-35-horas-semanais-a-xornada-laboral-da-sua-plantilla","status":"publish","type":"post","link":"https:\/\/www.anovapeneira.gal\/index.php\/2020\/02\/07\/o-concello-de-salceda-reduce-a-35-horas-semanais-a-xornada-laboral-da-sua-plantilla\/","title":{"rendered":"O Concello de Salceda reduce a 35 horas semanais a xornada laboral da s\u00faa plantilla"},"content":{"rendered":"\n<p><strong>Salceda de Caselas,<\/strong> <strong>30 de xaneiro de 2020  <\/strong> <\/p>\n\n\n\n<p>Aprobouse tam\u00e9n a equiparaci\u00f3n do persoal laboral ao persoal funcionario para que poidan percibir un complemento do 100% nas situaci\u00f3ns de incapacidade temporal.<\/p>\n\n\n\n<p>A\nMesa Xeral de Negociaci\u00f3n convocada hoxe polo equipo de goberno de\nSalceda serviu para aprobar d\u00faas importantes melloras para a\nplantilla municipal, que entrar\u00e1n en vigor a partires do vindeiro 1\nde febreiro.<\/p>\n\n\n\n<p>Por\nunha banda, establ\u00e9cese ao abeiro do recollido na disposici\u00f3n\nadicional 144 da lei 6\/2018, de 3 de xullo, de Presupostos Xerais do\nEstado para o ano 2018, a xornada laboral semanal de 35 horas para o\npersoal municipal, que no caso de Salceda pasar\u00e1n a desenvolver a\ns\u00faa xornada ordinaria en horario de 8.00 a 15.00, coa excepci\u00f3n dos\npostos que conleven o desempe\u00f1o de quendas de traballo, xornada\npartida, etc. A medida ser\u00e1 aplicada de xeirto inmediato a partires\ndo 1 de febreiro.<\/p>\n\n\n\n<p>Tam\u00e9n\nen base \u00e1 lei 6\/2018, de 3 de xullo, de Presupostos Xerais do Estado\npara o ano 2018, a mesa de negociaci\u00f3n aprobou para o persoal\nlaboral que o complemento retributivo desde o primeiro d\u00eda en\nsituaci\u00f3n de incapacidade temporal ou licenza por enfermidade,\nsumado \u00e1 prestaci\u00f3n do R\u00e9xime Xeral da Seguridade Social, alcance\no cento por cento das s\u00faas retribuci\u00f3ns ordinarias do mes de inicio\nda incapacidade temporal, equiparando deste xeito os dereitos do\npersoal laboral cos do persoal funcionario. Neste caso, a medida ter\u00e1\nefectos retroactivos dende o 1 de xaneiro de 2020.<\/p>\n\n\n\n<p>A\nLei de Presupostos Xerais do Estado deixaba aberta a opci\u00f3n de\nacollerse a estas melloras aos Concellos, e as\u00ed ven de facelo o\nConcello de Salceda de Caselas, aprobando as melloras en mesa coa\nrepresentaci\u00f3n sindical.<\/p>\n\n\n\n<p>A\nconvocatoria celebrada esta ma\u00f1\u00e1 na Casa do Concello con asistencia\nda alcaldesa e responsable da \u00e1rea de persoal, Loli Casti\u00f1eira,\nrepresentantes dos dous grupos do goberno (MS e PSOE) e\nrepresentantes sindicais das tres forzas con representaci\u00f3n no\nConcello (CSIF, CIG e CCOO) serviu tam\u00e9n para que o equipo de\ngoberno lles anunciase ao persoal municipal o inicio dos traballos\npara acadar a primeira RPT do Concello de Salceda, tal e como fora o\nseu compromiso a finais do pasado ano 2019.<\/p>\n\n\n\n<p><\/p>\n\n\n\n<p>Loli\nCasti\u00f1eira, alcaldesa de Salceda e encargada da \u00e1rea de persoal,\ndefiniu a xuntanza como \u201cunha xuntanza produtiva e en ton positivo\nque deu os resultados acadados, agardando deste xeito que sexa o\nexemplo das diferentes mesas que ter\u00e1n lugar nas vindeiras semanas.\n\u201cDende o equipo de goberno estamos seguros que se goberno e\nrepresentaci\u00f3n sindical po\u00f1emos da nosa parte poderemos chegar aos\nacordos m\u00e1is beneficiosos para \u00e1mbalas d\u00faas partes, na busca de\npoder ofrecer un servizo da mellor calidade posible para a veci\u00f1anza\nde Salceda, que \u00f3 fin e \u00f3 cabo \u00e9 a quen nos debemos tanto o\ngoberno como o persoal municipal\u201d.<\/p>\n","protected":false},"excerpt":{"rendered":"<div class=\"mh-excerpt\"><p>Aprobouse tam\u00e9n a equiparaci\u00f3n do persoal laboral ao persoal funcionario para que poidan percibir un complemento do 100% nas situaci\u00f3ns de incapacidade tempora <a class=\"mh-excerpt-more\" href=\"https:\/\/www.anovapeneira.gal\/index.php\/2020\/02\/07\/o-concello-de-salceda-reduce-a-35-horas-semanais-a-xornada-laboral-da-sua-plantilla\/\" title=\"O Concello de Salceda reduce a 35 horas semanais a xornada laboral da s\u00faa plantilla\">[&#8230;]<\/a><\/p>\n<\/div>","protected":false},"author":3,"featured_media":2462,"comment_status":"open","ping_status":"open","sticky":false,"template":"","format":"standard","meta":{"_exactmetrics_skip_tracking":false,"_exactmetrics_sitenote_active":false,"_exactmetrics_sitenote_note":"","_exactmetrics_sitenote_category":0,"footnotes":""},"categories":[23],"tags":[359,949],"class_list":{"0":"post-2461","1":"post","2":"type-post","3":"status-publish","4":"format-standard","5":"has-post-thumbnail","7":"category-a-lourina","8":"tag-concello-de-salceda-de-caselas","9":"tag-laboral"},"yoast_head":"<!-- This site is optimized with the Yoast SEO plugin v27.4 - https:\/\/yoast.com\/product\/yoast-seo-wordpress\/ -->\n<title>O Concello de Salceda reduce a 35 horas semanais a xornada laboral da s\u00faa plantilla -<\/title>\n<meta name=\"robots\" content=\"index, follow, max-snippet:-1, max-image-preview:large, max-video-preview:-1\" \/>\n<link rel=\"canonical\" href=\"https:\/\/www.anovapeneira.gal\/index.php\/2020\/02\/07\/o-concello-de-salceda-reduce-a-35-horas-semanais-a-xornada-laboral-da-sua-plantilla\/\" \/>\n<meta property=\"og:locale\" content=\"gl_ES\" \/>\n<meta property=\"og:type\" content=\"article\" \/>\n<meta property=\"og:title\" content=\"O Concello de Salceda reduce a 35 horas semanais a xornada laboral da s\u00faa plantilla -\" \/>\n<meta property=\"og:description\" content=\"Aprobouse tam\u00e9n a equiparaci\u00f3n do persoal laboral ao persoal funcionario para que poidan percibir un complemento do 100% nas situaci\u00f3ns de incapacidade tempora [...]\" \/>\n<meta property=\"og:url\" content=\"https:\/\/www.anovapeneira.gal\/index.php\/2020\/02\/07\/o-concello-de-salceda-reduce-a-35-horas-semanais-a-xornada-laboral-da-sua-plantilla\/\" \/>\n<meta property=\"article:publisher\" content=\"https:\/\/www.facebook.com\/anovapeneira\" \/>\n<meta property=\"article:published_time\" content=\"2020-02-07T09:00:28+00:00\" \/>\n<meta property=\"og:image\" content=\"https:\/\/www.anovapeneira.gal\/wp-content\/uploads\/2020\/02\/salceda_a_lourina_a_nova_peneira.jpg\" \/>\n\t<meta property=\"og:image:width\" content=\"720\" \/>\n\t<meta property=\"og:image:height\" content=\"432\" \/>\n\t<meta property=\"og:image:type\" content=\"image\/jpeg\" \/>\n<meta name=\"author\" content=\"Redacci\u00f3n A Nova Peneira\" \/>\n<meta name=\"twitter:card\" content=\"summary_large_image\" \/>\n<meta name=\"twitter:creator\" content=\"@APeneira\" \/>\n<meta name=\"twitter:site\" content=\"@APeneira\" \/>\n<meta name=\"twitter:label1\" content=\"Escrito por\" \/>\n\t<meta name=\"twitter:data1\" content=\"Redacci\u00f3n A Nova Peneira\" \/>\n\t<meta name=\"twitter:label2\" content=\"Tempo de lectura\" \/>\n\t<meta name=\"twitter:data2\" content=\"2 minutos\" \/>\n<script type=\"application\/ld+json\" class=\"yoast-schema-graph\">{\"@context\":\"https:\\\/\\\/schema.org\",\"@graph\":[{\"@type\":\"Article\",\"@id\":\"https:\\\/\\\/www.anovapeneira.gal\\\/index.php\\\/2020\\\/02\\\/07\\\/o-concello-de-salceda-reduce-a-35-horas-semanais-a-xornada-laboral-da-sua-plantilla\\\/#article\",\"isPartOf\":{\"@id\":\"https:\\\/\\\/www.anovapeneira.gal\\\/index.php\\\/2020\\\/02\\\/07\\\/o-concello-de-salceda-reduce-a-35-horas-semanais-a-xornada-laboral-da-sua-plantilla\\\/\"},\"author\":{\"name\":\"Redacci\u00f3n A Nova Peneira\",\"@id\":\"https:\\\/\\\/www.anovapeneira.gal\\\/#\\\/schema\\\/person\\\/b93e3f8932e3f8da96334607eb6ac6aa\"},\"headline\":\"O Concello de Salceda reduce a 35 horas semanais a xornada laboral da s\u00faa plantilla\",\"datePublished\":\"2020-02-07T09:00:28+00:00\",\"mainEntityOfPage\":{\"@id\":\"https:\\\/\\\/www.anovapeneira.gal\\\/index.php\\\/2020\\\/02\\\/07\\\/o-concello-de-salceda-reduce-a-35-horas-semanais-a-xornada-laboral-da-sua-plantilla\\\/\"},\"wordCount\":494,\"commentCount\":0,\"publisher\":{\"@id\":\"https:\\\/\\\/www.anovapeneira.gal\\\/#organization\"},\"image\":{\"@id\":\"https:\\\/\\\/www.anovapeneira.gal\\\/index.php\\\/2020\\\/02\\\/07\\\/o-concello-de-salceda-reduce-a-35-horas-semanais-a-xornada-laboral-da-sua-plantilla\\\/#primaryimage\"},\"thumbnailUrl\":\"https:\\\/\\\/www.anovapeneira.gal\\\/wp-content\\\/uploads\\\/2020\\\/02\\\/salceda_a_lourina_a_nova_peneira.jpg\",\"keywords\":[\"Concello de Salceda de Caselas\",\"Laboral\"],\"articleSection\":[\"A Louri\u00f1a\"],\"inLanguage\":\"gl-ES\",\"potentialAction\":[{\"@type\":\"CommentAction\",\"name\":\"Comment\",\"target\":[\"https:\\\/\\\/www.anovapeneira.gal\\\/index.php\\\/2020\\\/02\\\/07\\\/o-concello-de-salceda-reduce-a-35-horas-semanais-a-xornada-laboral-da-sua-plantilla\\\/#respond\"]}]},{\"@type\":\"WebPage\",\"@id\":\"https:\\\/\\\/www.anovapeneira.gal\\\/index.php\\\/2020\\\/02\\\/07\\\/o-concello-de-salceda-reduce-a-35-horas-semanais-a-xornada-laboral-da-sua-plantilla\\\/\",\"url\":\"https:\\\/\\\/www.anovapeneira.gal\\\/index.php\\\/2020\\\/02\\\/07\\\/o-concello-de-salceda-reduce-a-35-horas-semanais-a-xornada-laboral-da-sua-plantilla\\\/\",\"name\":\"O Concello de Salceda reduce a 35 horas semanais a xornada laboral da s\u00faa plantilla -\",\"isPartOf\":{\"@id\":\"https:\\\/\\\/www.anovapeneira.gal\\\/#website\"},\"primaryImageOfPage\":{\"@id\":\"https:\\\/\\\/www.anovapeneira.gal\\\/index.php\\\/2020\\\/02\\\/07\\\/o-concello-de-salceda-reduce-a-35-horas-semanais-a-xornada-laboral-da-sua-plantilla\\\/#primaryimage\"},\"image\":{\"@id\":\"https:\\\/\\\/www.anovapeneira.gal\\\/index.php\\\/2020\\\/02\\\/07\\\/o-concello-de-salceda-reduce-a-35-horas-semanais-a-xornada-laboral-da-sua-plantilla\\\/#primaryimage\"},\"thumbnailUrl\":\"https:\\\/\\\/www.anovapeneira.gal\\\/wp-content\\\/uploads\\\/2020\\\/02\\\/salceda_a_lourina_a_nova_peneira.jpg\",\"datePublished\":\"2020-02-07T09:00:28+00:00\",\"breadcrumb\":{\"@id\":\"https:\\\/\\\/www.anovapeneira.gal\\\/index.php\\\/2020\\\/02\\\/07\\\/o-concello-de-salceda-reduce-a-35-horas-semanais-a-xornada-laboral-da-sua-plantilla\\\/#breadcrumb\"},\"inLanguage\":\"gl-ES\",\"potentialAction\":[{\"@type\":\"ReadAction\",\"target\":[\"https:\\\/\\\/www.anovapeneira.gal\\\/index.php\\\/2020\\\/02\\\/07\\\/o-concello-de-salceda-reduce-a-35-horas-semanais-a-xornada-laboral-da-sua-plantilla\\\/\"]}]},{\"@type\":\"ImageObject\",\"inLanguage\":\"gl-ES\",\"@id\":\"https:\\\/\\\/www.anovapeneira.gal\\\/index.php\\\/2020\\\/02\\\/07\\\/o-concello-de-salceda-reduce-a-35-horas-semanais-a-xornada-laboral-da-sua-plantilla\\\/#primaryimage\",\"url\":\"https:\\\/\\\/www.anovapeneira.gal\\\/wp-content\\\/uploads\\\/2020\\\/02\\\/salceda_a_lourina_a_nova_peneira.jpg\",\"contentUrl\":\"https:\\\/\\\/www.anovapeneira.gal\\\/wp-content\\\/uploads\\\/2020\\\/02\\\/salceda_a_lourina_a_nova_peneira.jpg\",\"width\":720,\"height\":432,\"caption\":\"Concello de Salceda de Caselas A Nova Peneira\"},{\"@type\":\"BreadcrumbList\",\"@id\":\"https:\\\/\\\/www.anovapeneira.gal\\\/index.php\\\/2020\\\/02\\\/07\\\/o-concello-de-salceda-reduce-a-35-horas-semanais-a-xornada-laboral-da-sua-plantilla\\\/#breadcrumb\",\"itemListElement\":[{\"@type\":\"ListItem\",\"position\":1,\"name\":\"Portada\",\"item\":\"https:\\\/\\\/www.anovapeneira.gal\\\/\"},{\"@type\":\"ListItem\",\"position\":2,\"name\":\"O Concello de Salceda reduce a 35 horas semanais a xornada laboral da s\u00faa plantilla\"}]},{\"@type\":\"WebSite\",\"@id\":\"https:\\\/\\\/www.anovapeneira.gal\\\/#website\",\"url\":\"https:\\\/\\\/www.anovapeneira.gal\\\/\",\"name\":\"\",\"description\":\"Xornal galego de informaci\u00f3n xeral Publicaci\u00f3n mensual de novas de Galicia e en especial dos Concellos da sur da provincia de Pontevedra.\",\"publisher\":{\"@id\":\"https:\\\/\\\/www.anovapeneira.gal\\\/#organization\"},\"potentialAction\":[{\"@type\":\"SearchAction\",\"target\":{\"@type\":\"EntryPoint\",\"urlTemplate\":\"https:\\\/\\\/www.anovapeneira.gal\\\/?s={search_term_string}\"},\"query-input\":{\"@type\":\"PropertyValueSpecification\",\"valueRequired\":true,\"valueName\":\"search_term_string\"}}],\"inLanguage\":\"gl-ES\"},{\"@type\":\"Organization\",\"@id\":\"https:\\\/\\\/www.anovapeneira.gal\\\/#organization\",\"name\":\"A Nova Peneira\",\"url\":\"https:\\\/\\\/www.anovapeneira.gal\\\/\",\"logo\":{\"@type\":\"ImageObject\",\"inLanguage\":\"gl-ES\",\"@id\":\"https:\\\/\\\/www.anovapeneira.gal\\\/#\\\/schema\\\/logo\\\/image\\\/\",\"url\":\"http:\\\/\\\/www.anovapeneira.gal\\\/wp-content\\\/uploads\\\/2019\\\/06\\\/logo_a_nova_peneira_portal_web.png\",\"contentUrl\":\"http:\\\/\\\/www.anovapeneira.gal\\\/wp-content\\\/uploads\\\/2019\\\/06\\\/logo_a_nova_peneira_portal_web.png\",\"width\":300,\"height\":100,\"caption\":\"A Nova Peneira\"},\"image\":{\"@id\":\"https:\\\/\\\/www.anovapeneira.gal\\\/#\\\/schema\\\/logo\\\/image\\\/\"},\"sameAs\":[\"https:\\\/\\\/www.facebook.com\\\/anovapeneira\",\"https:\\\/\\\/x.com\\\/APeneira\"]},{\"@type\":\"Person\",\"@id\":\"https:\\\/\\\/www.anovapeneira.gal\\\/#\\\/schema\\\/person\\\/b93e3f8932e3f8da96334607eb6ac6aa\",\"name\":\"Redacci\u00f3n A Nova Peneira\",\"image\":{\"@type\":\"ImageObject\",\"inLanguage\":\"gl-ES\",\"@id\":\"https:\\\/\\\/secure.gravatar.com\\\/avatar\\\/c052a2551a06e23fac63626232eaa90abd78dbcf1700fc46a2b2c89fd27b735f?s=96&d=mm&r=g\",\"url\":\"https:\\\/\\\/secure.gravatar.com\\\/avatar\\\/c052a2551a06e23fac63626232eaa90abd78dbcf1700fc46a2b2c89fd27b735f?s=96&d=mm&r=g\",\"contentUrl\":\"https:\\\/\\\/secure.gravatar.com\\\/avatar\\\/c052a2551a06e23fac63626232eaa90abd78dbcf1700fc46a2b2c89fd27b735f?s=96&d=mm&r=g\",\"caption\":\"Redacci\u00f3n A Nova Peneira\"},\"sameAs\":[\"http:\\\/\\\/www.anovapeneira.gal\\\/\"],\"url\":\"https:\\\/\\\/www.anovapeneira.gal\\\/index.php\\\/author\\\/redactor\\\/\"}]}<\/script>\n<!-- \/ Yoast SEO plugin. -->","yoast_head_json":{"title":"O Concello de Salceda reduce a 35 horas semanais a xornada laboral da s\u00faa plantilla -","robots":{"index":"index","follow":"follow","max-snippet":"max-snippet:-1","max-image-preview":"max-image-preview:large","max-video-preview":"max-video-preview:-1"},"canonical":"https:\/\/www.anovapeneira.gal\/index.php\/2020\/02\/07\/o-concello-de-salceda-reduce-a-35-horas-semanais-a-xornada-laboral-da-sua-plantilla\/","og_locale":"gl_ES","og_type":"article","og_title":"O Concello de Salceda reduce a 35 horas semanais a xornada laboral da s\u00faa plantilla -","og_description":"Aprobouse tam\u00e9n a equiparaci\u00f3n do persoal laboral ao persoal funcionario para que poidan percibir un complemento do 100% nas situaci\u00f3ns de incapacidade tempora [...]","og_url":"https:\/\/www.anovapeneira.gal\/index.php\/2020\/02\/07\/o-concello-de-salceda-reduce-a-35-horas-semanais-a-xornada-laboral-da-sua-plantilla\/","article_publisher":"https:\/\/www.facebook.com\/anovapeneira","article_published_time":"2020-02-07T09:00:28+00:00","og_image":[{"width":720,"height":432,"url":"https:\/\/www.anovapeneira.gal\/wp-content\/uploads\/2020\/02\/salceda_a_lourina_a_nova_peneira.jpg","type":"image\/jpeg"}],"author":"Redacci\u00f3n A Nova Peneira","twitter_card":"summary_large_image","twitter_creator":"@APeneira","twitter_site":"@APeneira","twitter_misc":{"Escrito por":"Redacci\u00f3n A Nova Peneira","Tempo de lectura":"2 minutos"},"schema":{"@context":"https:\/\/schema.org","@graph":[{"@type":"Article","@id":"https:\/\/www.anovapeneira.gal\/index.php\/2020\/02\/07\/o-concello-de-salceda-reduce-a-35-horas-semanais-a-xornada-laboral-da-sua-plantilla\/#article","isPartOf":{"@id":"https:\/\/www.anovapeneira.gal\/index.php\/2020\/02\/07\/o-concello-de-salceda-reduce-a-35-horas-semanais-a-xornada-laboral-da-sua-plantilla\/"},"author":{"name":"Redacci\u00f3n A Nova Peneira","@id":"https:\/\/www.anovapeneira.gal\/#\/schema\/person\/b93e3f8932e3f8da96334607eb6ac6aa"},"headline":"O Concello de Salceda reduce a 35 horas semanais a xornada laboral da s\u00faa plantilla","datePublished":"2020-02-07T09:00:28+00:00","mainEntityOfPage":{"@id":"https:\/\/www.anovapeneira.gal\/index.php\/2020\/02\/07\/o-concello-de-salceda-reduce-a-35-horas-semanais-a-xornada-laboral-da-sua-plantilla\/"},"wordCount":494,"commentCount":0,"publisher":{"@id":"https:\/\/www.anovapeneira.gal\/#organization"},"image":{"@id":"https:\/\/www.anovapeneira.gal\/index.php\/2020\/02\/07\/o-concello-de-salceda-reduce-a-35-horas-semanais-a-xornada-laboral-da-sua-plantilla\/#primaryimage"},"thumbnailUrl":"https:\/\/www.anovapeneira.gal\/wp-content\/uploads\/2020\/02\/salceda_a_lourina_a_nova_peneira.jpg","keywords":["Concello de Salceda de Caselas","Laboral"],"articleSection":["A Louri\u00f1a"],"inLanguage":"gl-ES","potentialAction":[{"@type":"CommentAction","name":"Comment","target":["https:\/\/www.anovapeneira.gal\/index.php\/2020\/02\/07\/o-concello-de-salceda-reduce-a-35-horas-semanais-a-xornada-laboral-da-sua-plantilla\/#respond"]}]},{"@type":"WebPage","@id":"https:\/\/www.anovapeneira.gal\/index.php\/2020\/02\/07\/o-concello-de-salceda-reduce-a-35-horas-semanais-a-xornada-laboral-da-sua-plantilla\/","url":"https:\/\/www.anovapeneira.gal\/index.php\/2020\/02\/07\/o-concello-de-salceda-reduce-a-35-horas-semanais-a-xornada-laboral-da-sua-plantilla\/","name":"O Concello de Salceda reduce a 35 horas semanais a xornada laboral da s\u00faa plantilla -","isPartOf":{"@id":"https:\/\/www.anovapeneira.gal\/#website"},"primaryImageOfPage":{"@id":"https:\/\/www.anovapeneira.gal\/index.php\/2020\/02\/07\/o-concello-de-salceda-reduce-a-35-horas-semanais-a-xornada-laboral-da-sua-plantilla\/#primaryimage"},"image":{"@id":"https:\/\/www.anovapeneira.gal\/index.php\/2020\/02\/07\/o-concello-de-salceda-reduce-a-35-horas-semanais-a-xornada-laboral-da-sua-plantilla\/#primaryimage"},"thumbnailUrl":"https:\/\/www.anovapeneira.gal\/wp-content\/uploads\/2020\/02\/salceda_a_lourina_a_nova_peneira.jpg","datePublished":"2020-02-07T09:00:28+00:00","breadcrumb":{"@id":"https:\/\/www.anovapeneira.gal\/index.php\/2020\/02\/07\/o-concello-de-salceda-reduce-a-35-horas-semanais-a-xornada-laboral-da-sua-plantilla\/#breadcrumb"},"inLanguage":"gl-ES","potentialAction":[{"@type":"ReadAction","target":["https:\/\/www.anovapeneira.gal\/index.php\/2020\/02\/07\/o-concello-de-salceda-reduce-a-35-horas-semanais-a-xornada-laboral-da-sua-plantilla\/"]}]},{"@type":"ImageObject","inLanguage":"gl-ES","@id":"https:\/\/www.anovapeneira.gal\/index.php\/2020\/02\/07\/o-concello-de-salceda-reduce-a-35-horas-semanais-a-xornada-laboral-da-sua-plantilla\/#primaryimage","url":"https:\/\/www.anovapeneira.gal\/wp-content\/uploads\/2020\/02\/salceda_a_lourina_a_nova_peneira.jpg","contentUrl":"https:\/\/www.anovapeneira.gal\/wp-content\/uploads\/2020\/02\/salceda_a_lourina_a_nova_peneira.jpg","width":720,"height":432,"caption":"Concello de Salceda de Caselas A Nova Peneira"},{"@type":"BreadcrumbList","@id":"https:\/\/www.anovapeneira.gal\/index.php\/2020\/02\/07\/o-concello-de-salceda-reduce-a-35-horas-semanais-a-xornada-laboral-da-sua-plantilla\/#breadcrumb","itemListElement":[{"@type":"ListItem","position":1,"name":"Portada","item":"https:\/\/www.anovapeneira.gal\/"},{"@type":"ListItem","position":2,"name":"O Concello de Salceda reduce a 35 horas semanais a xornada laboral da s\u00faa plantilla"}]},{"@type":"WebSite","@id":"https:\/\/www.anovapeneira.gal\/#website","url":"https:\/\/www.anovapeneira.gal\/","name":"","description":"Xornal galego de informaci\u00f3n xeral Publicaci\u00f3n mensual de novas de Galicia e en especial dos Concellos da sur da provincia de Pontevedra.","publisher":{"@id":"https:\/\/www.anovapeneira.gal\/#organization"},"potentialAction":[{"@type":"SearchAction","target":{"@type":"EntryPoint","urlTemplate":"https:\/\/www.anovapeneira.gal\/?s={search_term_string}"},"query-input":{"@type":"PropertyValueSpecification","valueRequired":true,"valueName":"search_term_string"}}],"inLanguage":"gl-ES"},{"@type":"Organization","@id":"https:\/\/www.anovapeneira.gal\/#organization","name":"A Nova Peneira","url":"https:\/\/www.anovapeneira.gal\/","logo":{"@type":"ImageObject","inLanguage":"gl-ES","@id":"https:\/\/www.anovapeneira.gal\/#\/schema\/logo\/image\/","url":"http:\/\/www.anovapeneira.gal\/wp-content\/uploads\/2019\/06\/logo_a_nova_peneira_portal_web.png","contentUrl":"http:\/\/www.anovapeneira.gal\/wp-content\/uploads\/2019\/06\/logo_a_nova_peneira_portal_web.png","width":300,"height":100,"caption":"A Nova Peneira"},"image":{"@id":"https:\/\/www.anovapeneira.gal\/#\/schema\/logo\/image\/"},"sameAs":["https:\/\/www.facebook.com\/anovapeneira","https:\/\/x.com\/APeneira"]},{"@type":"Person","@id":"https:\/\/www.anovapeneira.gal\/#\/schema\/person\/b93e3f8932e3f8da96334607eb6ac6aa","name":"Redacci\u00f3n A Nova Peneira","image":{"@type":"ImageObject","inLanguage":"gl-ES","@id":"https:\/\/secure.gravatar.com\/avatar\/c052a2551a06e23fac63626232eaa90abd78dbcf1700fc46a2b2c89fd27b735f?s=96&d=mm&r=g","url":"https:\/\/secure.gravatar.com\/avatar\/c052a2551a06e23fac63626232eaa90abd78dbcf1700fc46a2b2c89fd27b735f?s=96&d=mm&r=g","contentUrl":"https:\/\/secure.gravatar.com\/avatar\/c052a2551a06e23fac63626232eaa90abd78dbcf1700fc46a2b2c89fd27b735f?s=96&d=mm&r=g","caption":"Redacci\u00f3n A Nova Peneira"},"sameAs":["http:\/\/www.anovapeneira.gal\/"],"url":"https:\/\/www.anovapeneira.gal\/index.php\/author\/redactor\/"}]}},"jetpack_featured_media_url":"https:\/\/www.anovapeneira.gal\/wp-content\/uploads\/2020\/02\/salceda_a_lourina_a_nova_peneira.jpg","_links":{"self":[{"href":"https:\/\/www.anovapeneira.gal\/index.php\/wp-json\/wp\/v2\/posts\/2461","targetHints":{"allow":["GET"]}}],"collection":[{"href":"https:\/\/www.anovapeneira.gal\/index.php\/wp-json\/wp\/v2\/posts"}],"about":[{"href":"https:\/\/www.anovapeneira.gal\/index.php\/wp-json\/wp\/v2\/types\/post"}],"author":[{"embeddable":true,"href":"https:\/\/www.anovapeneira.gal\/index.php\/wp-json\/wp\/v2\/users\/3"}],"replies":[{"embeddable":true,"href":"https:\/\/www.anovapeneira.gal\/index.php\/wp-json\/wp\/v2\/comments?post=2461"}],"version-history":[{"count":1,"href":"https:\/\/www.anovapeneira.gal\/index.php\/wp-json\/wp\/v2\/posts\/2461\/revisions"}],"predecessor-version":[{"id":2463,"href":"https:\/\/www.anovapeneira.gal\/index.php\/wp-json\/wp\/v2\/posts\/2461\/revisions\/2463"}],"wp:featuredmedia":[{"embeddable":true,"href":"https:\/\/www.anovapeneira.gal\/index.php\/wp-json\/wp\/v2\/media\/2462"}],"wp:attachment":[{"href":"https:\/\/www.anovapeneira.gal\/index.php\/wp-json\/wp\/v2\/media?parent=2461"}],"wp:term":[{"taxonomy":"category","embeddable":true,"href":"https:\/\/www.anovapeneira.gal\/index.php\/wp-json\/wp\/v2\/categories?post=2461"},{"taxonomy":"post_tag","embeddable":true,"href":"https:\/\/www.anovapeneira.gal\/index.php\/wp-json\/wp\/v2\/tags?post=2461"}],"curies":[{"name":"wp","href":"https:\/\/api.w.org\/{rel}","templated":true}]}}