{"id":2464,"date":"2020-02-07T12:00:49","date_gmt":"2020-02-07T11:00:49","guid":{"rendered":"http:\/\/www.anovapeneira.gal\/?p=2464"},"modified":"2020-02-02T18:04:20","modified_gmt":"2020-02-02T17:04:20","slug":"dez-andainas-para-conecer-cerveira-e-tomino-paso-a-paso","status":"publish","type":"post","link":"https:\/\/www.anovapeneira.gal\/index.php\/2020\/02\/07\/dez-andainas-para-conecer-cerveira-e-tomino-paso-a-paso\/","title":{"rendered":"Dez andainas para co\u00f1ecer Cerveira e Tomi\u00f1o paso a paso"},"content":{"rendered":"\n<h2 class=\"wp-block-heading\"><strong>Comezan en febreiro as \u201cRotas Minho\/Roteiros Mi\u00f1o\u201d, proxecto ga\u00f1ador do OPT2020 que busca unir os dous pa\u00edses a trav\u00e9s de cami\u00f1adas paisax\u00edsticas, culturais, patrimoniais ou ambientais<\/strong><\/h2>\n\n\n\n<p><strong>Tomi\u00f1o, 1 de febreiro de 2020<\/strong><\/p>\n\n\n\n<p>Co\u00f1ecer\npaso a paso Cerveira e Tomi\u00f1o a nivel paisax\u00edstico, cultural,\npatrimonial, ambiental e natural. Ese \u00e9 o obxectivo do programa\n\u201cRotas Minho\/Roteiros Mi\u00f1o\u201d, un dos proxectos ga\u00f1adores do\nOrzamento Participativo Transfronteirizo 2020, que arranca xa este\nmes de febreiro e que permitir\u00e1 descubrir diferentes visi\u00f3ns dos\ndous municipios a trav\u00e9s de 10 andainas que se celebrar\u00e1n ao longo\ndo ano.<\/p>\n\n\n\n<p>A\nprimeira ruta ser\u00e1 \u2018Trilho da Carranca\u2019, unha andaina\npaisax\u00edstica e cultural de baixa dificultade, 5,6 km e 1 hora 30\nminutos de duraci\u00f3n polas fregues\u00edas de Gondar\u00e9m que ter\u00e1 como\npunto de partida a Igrexa Parroquial de Gondar\u00e9m \u00e1s 09.00 h (hora\nportuguesa). Xa en marzo ser\u00e1 a quenda do \u2018Roteiro das Fontes\u2019,\nun percorrido hist\u00f3rico e cultural de entre 12 e 15 km que\ntranscorrer\u00e1 por Tomi\u00f1o. \n<\/p>\n\n\n\n<p>A\nprogramaci\u00f3n compl\u00e9tase, entre outras andainas, cun percorrido\npaisax\u00edstico, hist\u00f3rico e cultural de 9 km pola Junta de Fregues\u00eda\ndo Sopo en abril; cunha cami\u00f1ada interpretativa paisax\u00edstica e\nambiental de 10km polo \u2018Roteiro das Pesqueiras\u2019 en maio; cunha\nruta nocturna entre o Monte do Cervo e Ni\u00f1o do Corvo en xu\u00f1o; coa\nandaina paisax\u00edstica e ambiental nocturna denominada \u2018Espazo en\nForma. Conversas coa Natureza\u2019, que sair\u00e1 de Goi\u00e1n no mes de\nxullo; coa rota da Amizade Cerveira-Tomi\u00f1o en outubro; e cunha ruta\npaisax\u00edstica e cultural por Loivo no mes de novembro.<\/p>\n\n\n\n<p>Para\nparticipar en calquera destas andainas \u00e9 preciso facer inscrici\u00f3n\nprevia a trav\u00e9s dun formulario habilitado na web da Eurocidade\nCerveira-Tomi\u00f1o. Todas as rutas ter\u00e1n un grao de dificultade baixo\nou moderado e estar\u00e1n limitadas a un m\u00e1ximo de 50 participantes. A\ninscrici\u00f3n para as andainas abrirase cada trimestre. \n<\/p>\n\n\n\n<p><strong>Fomentar\nh\u00e1bitos saudables<\/strong><\/p>\n\n\n\n<p>Promovida\npolo Clube Celtas do Minho e Carlos Xabier Oliveira Ortega, esta\niniciativa nace co obxectivo da uni\u00f3n dos territorios pero tam\u00e9n de\nfomentar os h\u00e1bitos saudables de cami\u00f1ar, mellorar a condici\u00f3n\nf\u00edsica da poboaci\u00f3n e promover acci\u00f3ns de sensibilizaci\u00f3n\nambiental ou patrimonial, entre outras. Cami\u00f1ar \u00e9 unha actividade\nde baixo impacto ambiental e con moi boa acollida por parte da\npoboaci\u00f3n que en poucos anos pasou de ser un acto de lecer a unha\nactividade tur\u00edstica potencialmente xeradora de beneficios\necon\u00f3micos a nivel local. \n<\/p>\n\n\n\n<p>Ao\ngusto da cidadan\u00eda polas andainas, \u201cRotas Minho\/Roteiros Mi\u00f1o\u201d\nquere unir a xeograf\u00eda do Alto e Baixo Mi\u00f1o, un \u00e1rea cunhas\ncaracter\u00edsticas f\u00edsicas e naturais peculiares que se reflicten\ndirectamente na cultura, na historia, no patrimonio&#8230; e que os\npromotores queren dar a co\u00f1ecer, presentando o bo que a xente pode\natoparse \u00e1s d\u00faas marxes da fronteira. \n<\/p>\n\n\n\n<p><strong>Orzamento\nParticipativo Transfronteirizo OPT<\/strong><\/p>\n\n\n\n<p>O\nOPT \u00e9 unha das prioridades da Axenda Estrat\u00e9xica de Amizade\nCerveira-Tomi\u00f1o, coa que se pretende potenciar a participaci\u00f3n\np\u00fablica e o poder de decisi\u00f3n da cidadan\u00eda de ambas marxes do r\u00edo\nMi\u00f1o. \u00c9 un proxecto cofinanciado en 75% polo programa INTERREG VA\nPOCTEP de cooperaci\u00f3n transfronteiriza, a trav\u00e9s de fondos FEDER da\nUni\u00f3n Europea.<\/p>\n","protected":false},"excerpt":{"rendered":"<div class=\"mh-excerpt\"><p>Comezan en febreiro as \u201cRotas Minho\/Roteiros Mi\u00f1o\u201d, proxecto ga\u00f1ador do OPT2020 que busca unir os dous pa\u00edses a trav\u00e9s de cami\u00f1adas paisax\u00edsticas, culturais, patrimoniais ou ambientais <a class=\"mh-excerpt-more\" href=\"https:\/\/www.anovapeneira.gal\/index.php\/2020\/02\/07\/dez-andainas-para-conecer-cerveira-e-tomino-paso-a-paso\/\" title=\"Dez andainas para co\u00f1ecer Cerveira e Tomi\u00f1o paso a paso\">[&#8230;]<\/a><\/p>\n<\/div>","protected":false},"author":3,"featured_media":2465,"comment_status":"open","ping_status":"open","sticky":false,"template":"","format":"standard","meta":{"_exactmetrics_skip_tracking":false,"_exactmetrics_sitenote_active":false,"_exactmetrics_sitenote_note":"","_exactmetrics_sitenote_category":0,"footnotes":""},"categories":[21],"tags":[81,950,169],"class_list":{"0":"post-2464","1":"post","2":"type-post","3":"status-publish","4":"format-standard","5":"has-post-thumbnail","7":"category-baixo-mino","8":"tag-concello-de-tomino","9":"tag-roteiros-mino","10":"tag-vila-nova-de-cerveira"},"yoast_head":"<!-- This site is optimized with the Yoast SEO plugin v27.4 - https:\/\/yoast.com\/product\/yoast-seo-wordpress\/ -->\n<title>Dez andainas para co\u00f1ecer Cerveira e Tomi\u00f1o paso a paso -<\/title>\n<meta name=\"robots\" content=\"index, follow, max-snippet:-1, max-image-preview:large, max-video-preview:-1\" \/>\n<link rel=\"canonical\" href=\"https:\/\/www.anovapeneira.gal\/index.php\/2020\/02\/07\/dez-andainas-para-conecer-cerveira-e-tomino-paso-a-paso\/\" \/>\n<meta property=\"og:locale\" content=\"gl_ES\" \/>\n<meta property=\"og:type\" content=\"article\" \/>\n<meta property=\"og:title\" content=\"Dez andainas para co\u00f1ecer Cerveira e Tomi\u00f1o paso a paso -\" \/>\n<meta property=\"og:description\" content=\"Comezan en febreiro as \u201cRotas Minho\/Roteiros Mi\u00f1o\u201d, proxecto ga\u00f1ador do OPT2020 que busca unir os dous pa\u00edses a trav\u00e9s de cami\u00f1adas paisax\u00edsticas, culturais, patrimoniais ou ambientais [...]\" \/>\n<meta property=\"og:url\" content=\"https:\/\/www.anovapeneira.gal\/index.php\/2020\/02\/07\/dez-andainas-para-conecer-cerveira-e-tomino-paso-a-paso\/\" \/>\n<meta property=\"article:publisher\" content=\"https:\/\/www.facebook.com\/anovapeneira\" \/>\n<meta property=\"article:published_time\" content=\"2020-02-07T11:00:49+00:00\" \/>\n<meta property=\"og:image\" content=\"https:\/\/www.anovapeneira.gal\/wp-content\/uploads\/2020\/02\/senda_tominho_a_nova_peneira.jpg\" \/>\n\t<meta property=\"og:image:width\" content=\"720\" \/>\n\t<meta property=\"og:image:height\" content=\"432\" \/>\n\t<meta property=\"og:image:type\" content=\"image\/jpeg\" \/>\n<meta name=\"author\" content=\"Redacci\u00f3n A Nova Peneira\" \/>\n<meta name=\"twitter:card\" content=\"summary_large_image\" \/>\n<meta name=\"twitter:creator\" content=\"@APeneira\" \/>\n<meta name=\"twitter:site\" content=\"@APeneira\" \/>\n<meta name=\"twitter:label1\" content=\"Escrito por\" \/>\n\t<meta name=\"twitter:data1\" content=\"Redacci\u00f3n A Nova Peneira\" \/>\n\t<meta name=\"twitter:label2\" content=\"Tempo de lectura\" \/>\n\t<meta name=\"twitter:data2\" content=\"3 minutos\" \/>\n<script type=\"application\/ld+json\" class=\"yoast-schema-graph\">{\"@context\":\"https:\\\/\\\/schema.org\",\"@graph\":[{\"@type\":\"Article\",\"@id\":\"https:\\\/\\\/www.anovapeneira.gal\\\/index.php\\\/2020\\\/02\\\/07\\\/dez-andainas-para-conecer-cerveira-e-tomino-paso-a-paso\\\/#article\",\"isPartOf\":{\"@id\":\"https:\\\/\\\/www.anovapeneira.gal\\\/index.php\\\/2020\\\/02\\\/07\\\/dez-andainas-para-conecer-cerveira-e-tomino-paso-a-paso\\\/\"},\"author\":{\"name\":\"Redacci\u00f3n A Nova Peneira\",\"@id\":\"https:\\\/\\\/www.anovapeneira.gal\\\/#\\\/schema\\\/person\\\/b93e3f8932e3f8da96334607eb6ac6aa\"},\"headline\":\"Dez andainas para co\u00f1ecer Cerveira e Tomi\u00f1o paso a paso\",\"datePublished\":\"2020-02-07T11:00:49+00:00\",\"mainEntityOfPage\":{\"@id\":\"https:\\\/\\\/www.anovapeneira.gal\\\/index.php\\\/2020\\\/02\\\/07\\\/dez-andainas-para-conecer-cerveira-e-tomino-paso-a-paso\\\/\"},\"wordCount\":578,\"commentCount\":0,\"publisher\":{\"@id\":\"https:\\\/\\\/www.anovapeneira.gal\\\/#organization\"},\"image\":{\"@id\":\"https:\\\/\\\/www.anovapeneira.gal\\\/index.php\\\/2020\\\/02\\\/07\\\/dez-andainas-para-conecer-cerveira-e-tomino-paso-a-paso\\\/#primaryimage\"},\"thumbnailUrl\":\"https:\\\/\\\/www.anovapeneira.gal\\\/wp-content\\\/uploads\\\/2020\\\/02\\\/senda_tominho_a_nova_peneira.jpg\",\"keywords\":[\"Concello de Tomi\u00f1o\",\"Roteiros Mi\u00f1o\",\"Vila Nova de Cerveira\"],\"articleSection\":[\"Baixo Mi\u00f1o\"],\"inLanguage\":\"gl-ES\",\"potentialAction\":[{\"@type\":\"CommentAction\",\"name\":\"Comment\",\"target\":[\"https:\\\/\\\/www.anovapeneira.gal\\\/index.php\\\/2020\\\/02\\\/07\\\/dez-andainas-para-conecer-cerveira-e-tomino-paso-a-paso\\\/#respond\"]}]},{\"@type\":\"WebPage\",\"@id\":\"https:\\\/\\\/www.anovapeneira.gal\\\/index.php\\\/2020\\\/02\\\/07\\\/dez-andainas-para-conecer-cerveira-e-tomino-paso-a-paso\\\/\",\"url\":\"https:\\\/\\\/www.anovapeneira.gal\\\/index.php\\\/2020\\\/02\\\/07\\\/dez-andainas-para-conecer-cerveira-e-tomino-paso-a-paso\\\/\",\"name\":\"Dez andainas para co\u00f1ecer Cerveira e Tomi\u00f1o paso a paso -\",\"isPartOf\":{\"@id\":\"https:\\\/\\\/www.anovapeneira.gal\\\/#website\"},\"primaryImageOfPage\":{\"@id\":\"https:\\\/\\\/www.anovapeneira.gal\\\/index.php\\\/2020\\\/02\\\/07\\\/dez-andainas-para-conecer-cerveira-e-tomino-paso-a-paso\\\/#primaryimage\"},\"image\":{\"@id\":\"https:\\\/\\\/www.anovapeneira.gal\\\/index.php\\\/2020\\\/02\\\/07\\\/dez-andainas-para-conecer-cerveira-e-tomino-paso-a-paso\\\/#primaryimage\"},\"thumbnailUrl\":\"https:\\\/\\\/www.anovapeneira.gal\\\/wp-content\\\/uploads\\\/2020\\\/02\\\/senda_tominho_a_nova_peneira.jpg\",\"datePublished\":\"2020-02-07T11:00:49+00:00\",\"breadcrumb\":{\"@id\":\"https:\\\/\\\/www.anovapeneira.gal\\\/index.php\\\/2020\\\/02\\\/07\\\/dez-andainas-para-conecer-cerveira-e-tomino-paso-a-paso\\\/#breadcrumb\"},\"inLanguage\":\"gl-ES\",\"potentialAction\":[{\"@type\":\"ReadAction\",\"target\":[\"https:\\\/\\\/www.anovapeneira.gal\\\/index.php\\\/2020\\\/02\\\/07\\\/dez-andainas-para-conecer-cerveira-e-tomino-paso-a-paso\\\/\"]}]},{\"@type\":\"ImageObject\",\"inLanguage\":\"gl-ES\",\"@id\":\"https:\\\/\\\/www.anovapeneira.gal\\\/index.php\\\/2020\\\/02\\\/07\\\/dez-andainas-para-conecer-cerveira-e-tomino-paso-a-paso\\\/#primaryimage\",\"url\":\"https:\\\/\\\/www.anovapeneira.gal\\\/wp-content\\\/uploads\\\/2020\\\/02\\\/senda_tominho_a_nova_peneira.jpg\",\"contentUrl\":\"https:\\\/\\\/www.anovapeneira.gal\\\/wp-content\\\/uploads\\\/2020\\\/02\\\/senda_tominho_a_nova_peneira.jpg\",\"width\":720,\"height\":432,\"caption\":\"Senda tomi\u00f1o Vilanova da Cerveira A Nova Peneira\"},{\"@type\":\"BreadcrumbList\",\"@id\":\"https:\\\/\\\/www.anovapeneira.gal\\\/index.php\\\/2020\\\/02\\\/07\\\/dez-andainas-para-conecer-cerveira-e-tomino-paso-a-paso\\\/#breadcrumb\",\"itemListElement\":[{\"@type\":\"ListItem\",\"position\":1,\"name\":\"Portada\",\"item\":\"https:\\\/\\\/www.anovapeneira.gal\\\/\"},{\"@type\":\"ListItem\",\"position\":2,\"name\":\"Dez andainas para co\u00f1ecer Cerveira e Tomi\u00f1o paso a paso\"}]},{\"@type\":\"WebSite\",\"@id\":\"https:\\\/\\\/www.anovapeneira.gal\\\/#website\",\"url\":\"https:\\\/\\\/www.anovapeneira.gal\\\/\",\"name\":\"\",\"description\":\"Xornal galego de informaci\u00f3n xeral Publicaci\u00f3n mensual de novas de Galicia e en especial dos Concellos da sur da provincia de Pontevedra.\",\"publisher\":{\"@id\":\"https:\\\/\\\/www.anovapeneira.gal\\\/#organization\"},\"potentialAction\":[{\"@type\":\"SearchAction\",\"target\":{\"@type\":\"EntryPoint\",\"urlTemplate\":\"https:\\\/\\\/www.anovapeneira.gal\\\/?s={search_term_string}\"},\"query-input\":{\"@type\":\"PropertyValueSpecification\",\"valueRequired\":true,\"valueName\":\"search_term_string\"}}],\"inLanguage\":\"gl-ES\"},{\"@type\":\"Organization\",\"@id\":\"https:\\\/\\\/www.anovapeneira.gal\\\/#organization\",\"name\":\"A Nova Peneira\",\"url\":\"https:\\\/\\\/www.anovapeneira.gal\\\/\",\"logo\":{\"@type\":\"ImageObject\",\"inLanguage\":\"gl-ES\",\"@id\":\"https:\\\/\\\/www.anovapeneira.gal\\\/#\\\/schema\\\/logo\\\/image\\\/\",\"url\":\"http:\\\/\\\/www.anovapeneira.gal\\\/wp-content\\\/uploads\\\/2019\\\/06\\\/logo_a_nova_peneira_portal_web.png\",\"contentUrl\":\"http:\\\/\\\/www.anovapeneira.gal\\\/wp-content\\\/uploads\\\/2019\\\/06\\\/logo_a_nova_peneira_portal_web.png\",\"width\":300,\"height\":100,\"caption\":\"A Nova Peneira\"},\"image\":{\"@id\":\"https:\\\/\\\/www.anovapeneira.gal\\\/#\\\/schema\\\/logo\\\/image\\\/\"},\"sameAs\":[\"https:\\\/\\\/www.facebook.com\\\/anovapeneira\",\"https:\\\/\\\/x.com\\\/APeneira\"]},{\"@type\":\"Person\",\"@id\":\"https:\\\/\\\/www.anovapeneira.gal\\\/#\\\/schema\\\/person\\\/b93e3f8932e3f8da96334607eb6ac6aa\",\"name\":\"Redacci\u00f3n A Nova Peneira\",\"image\":{\"@type\":\"ImageObject\",\"inLanguage\":\"gl-ES\",\"@id\":\"https:\\\/\\\/secure.gravatar.com\\\/avatar\\\/c052a2551a06e23fac63626232eaa90abd78dbcf1700fc46a2b2c89fd27b735f?s=96&d=mm&r=g\",\"url\":\"https:\\\/\\\/secure.gravatar.com\\\/avatar\\\/c052a2551a06e23fac63626232eaa90abd78dbcf1700fc46a2b2c89fd27b735f?s=96&d=mm&r=g\",\"contentUrl\":\"https:\\\/\\\/secure.gravatar.com\\\/avatar\\\/c052a2551a06e23fac63626232eaa90abd78dbcf1700fc46a2b2c89fd27b735f?s=96&d=mm&r=g\",\"caption\":\"Redacci\u00f3n A Nova Peneira\"},\"sameAs\":[\"http:\\\/\\\/www.anovapeneira.gal\\\/\"],\"url\":\"https:\\\/\\\/www.anovapeneira.gal\\\/index.php\\\/author\\\/redactor\\\/\"}]}<\/script>\n<!-- \/ Yoast SEO plugin. -->","yoast_head_json":{"title":"Dez andainas para co\u00f1ecer Cerveira e Tomi\u00f1o paso a paso -","robots":{"index":"index","follow":"follow","max-snippet":"max-snippet:-1","max-image-preview":"max-image-preview:large","max-video-preview":"max-video-preview:-1"},"canonical":"https:\/\/www.anovapeneira.gal\/index.php\/2020\/02\/07\/dez-andainas-para-conecer-cerveira-e-tomino-paso-a-paso\/","og_locale":"gl_ES","og_type":"article","og_title":"Dez andainas para co\u00f1ecer Cerveira e Tomi\u00f1o paso a paso -","og_description":"Comezan en febreiro as \u201cRotas Minho\/Roteiros Mi\u00f1o\u201d, proxecto ga\u00f1ador do OPT2020 que busca unir os dous pa\u00edses a trav\u00e9s de cami\u00f1adas paisax\u00edsticas, culturais, patrimoniais ou ambientais [...]","og_url":"https:\/\/www.anovapeneira.gal\/index.php\/2020\/02\/07\/dez-andainas-para-conecer-cerveira-e-tomino-paso-a-paso\/","article_publisher":"https:\/\/www.facebook.com\/anovapeneira","article_published_time":"2020-02-07T11:00:49+00:00","og_image":[{"width":720,"height":432,"url":"https:\/\/www.anovapeneira.gal\/wp-content\/uploads\/2020\/02\/senda_tominho_a_nova_peneira.jpg","type":"image\/jpeg"}],"author":"Redacci\u00f3n A Nova Peneira","twitter_card":"summary_large_image","twitter_creator":"@APeneira","twitter_site":"@APeneira","twitter_misc":{"Escrito por":"Redacci\u00f3n A Nova Peneira","Tempo de lectura":"3 minutos"},"schema":{"@context":"https:\/\/schema.org","@graph":[{"@type":"Article","@id":"https:\/\/www.anovapeneira.gal\/index.php\/2020\/02\/07\/dez-andainas-para-conecer-cerveira-e-tomino-paso-a-paso\/#article","isPartOf":{"@id":"https:\/\/www.anovapeneira.gal\/index.php\/2020\/02\/07\/dez-andainas-para-conecer-cerveira-e-tomino-paso-a-paso\/"},"author":{"name":"Redacci\u00f3n A Nova Peneira","@id":"https:\/\/www.anovapeneira.gal\/#\/schema\/person\/b93e3f8932e3f8da96334607eb6ac6aa"},"headline":"Dez andainas para co\u00f1ecer Cerveira e Tomi\u00f1o paso a paso","datePublished":"2020-02-07T11:00:49+00:00","mainEntityOfPage":{"@id":"https:\/\/www.anovapeneira.gal\/index.php\/2020\/02\/07\/dez-andainas-para-conecer-cerveira-e-tomino-paso-a-paso\/"},"wordCount":578,"commentCount":0,"publisher":{"@id":"https:\/\/www.anovapeneira.gal\/#organization"},"image":{"@id":"https:\/\/www.anovapeneira.gal\/index.php\/2020\/02\/07\/dez-andainas-para-conecer-cerveira-e-tomino-paso-a-paso\/#primaryimage"},"thumbnailUrl":"https:\/\/www.anovapeneira.gal\/wp-content\/uploads\/2020\/02\/senda_tominho_a_nova_peneira.jpg","keywords":["Concello de Tomi\u00f1o","Roteiros Mi\u00f1o","Vila Nova de Cerveira"],"articleSection":["Baixo Mi\u00f1o"],"inLanguage":"gl-ES","potentialAction":[{"@type":"CommentAction","name":"Comment","target":["https:\/\/www.anovapeneira.gal\/index.php\/2020\/02\/07\/dez-andainas-para-conecer-cerveira-e-tomino-paso-a-paso\/#respond"]}]},{"@type":"WebPage","@id":"https:\/\/www.anovapeneira.gal\/index.php\/2020\/02\/07\/dez-andainas-para-conecer-cerveira-e-tomino-paso-a-paso\/","url":"https:\/\/www.anovapeneira.gal\/index.php\/2020\/02\/07\/dez-andainas-para-conecer-cerveira-e-tomino-paso-a-paso\/","name":"Dez andainas para co\u00f1ecer Cerveira e Tomi\u00f1o paso a paso -","isPartOf":{"@id":"https:\/\/www.anovapeneira.gal\/#website"},"primaryImageOfPage":{"@id":"https:\/\/www.anovapeneira.gal\/index.php\/2020\/02\/07\/dez-andainas-para-conecer-cerveira-e-tomino-paso-a-paso\/#primaryimage"},"image":{"@id":"https:\/\/www.anovapeneira.gal\/index.php\/2020\/02\/07\/dez-andainas-para-conecer-cerveira-e-tomino-paso-a-paso\/#primaryimage"},"thumbnailUrl":"https:\/\/www.anovapeneira.gal\/wp-content\/uploads\/2020\/02\/senda_tominho_a_nova_peneira.jpg","datePublished":"2020-02-07T11:00:49+00:00","breadcrumb":{"@id":"https:\/\/www.anovapeneira.gal\/index.php\/2020\/02\/07\/dez-andainas-para-conecer-cerveira-e-tomino-paso-a-paso\/#breadcrumb"},"inLanguage":"gl-ES","potentialAction":[{"@type":"ReadAction","target":["https:\/\/www.anovapeneira.gal\/index.php\/2020\/02\/07\/dez-andainas-para-conecer-cerveira-e-tomino-paso-a-paso\/"]}]},{"@type":"ImageObject","inLanguage":"gl-ES","@id":"https:\/\/www.anovapeneira.gal\/index.php\/2020\/02\/07\/dez-andainas-para-conecer-cerveira-e-tomino-paso-a-paso\/#primaryimage","url":"https:\/\/www.anovapeneira.gal\/wp-content\/uploads\/2020\/02\/senda_tominho_a_nova_peneira.jpg","contentUrl":"https:\/\/www.anovapeneira.gal\/wp-content\/uploads\/2020\/02\/senda_tominho_a_nova_peneira.jpg","width":720,"height":432,"caption":"Senda tomi\u00f1o Vilanova da Cerveira A Nova Peneira"},{"@type":"BreadcrumbList","@id":"https:\/\/www.anovapeneira.gal\/index.php\/2020\/02\/07\/dez-andainas-para-conecer-cerveira-e-tomino-paso-a-paso\/#breadcrumb","itemListElement":[{"@type":"ListItem","position":1,"name":"Portada","item":"https:\/\/www.anovapeneira.gal\/"},{"@type":"ListItem","position":2,"name":"Dez andainas para co\u00f1ecer Cerveira e Tomi\u00f1o paso a paso"}]},{"@type":"WebSite","@id":"https:\/\/www.anovapeneira.gal\/#website","url":"https:\/\/www.anovapeneira.gal\/","name":"","description":"Xornal galego de informaci\u00f3n xeral Publicaci\u00f3n mensual de novas de Galicia e en especial dos Concellos da sur da provincia de Pontevedra.","publisher":{"@id":"https:\/\/www.anovapeneira.gal\/#organization"},"potentialAction":[{"@type":"SearchAction","target":{"@type":"EntryPoint","urlTemplate":"https:\/\/www.anovapeneira.gal\/?s={search_term_string}"},"query-input":{"@type":"PropertyValueSpecification","valueRequired":true,"valueName":"search_term_string"}}],"inLanguage":"gl-ES"},{"@type":"Organization","@id":"https:\/\/www.anovapeneira.gal\/#organization","name":"A Nova Peneira","url":"https:\/\/www.anovapeneira.gal\/","logo":{"@type":"ImageObject","inLanguage":"gl-ES","@id":"https:\/\/www.anovapeneira.gal\/#\/schema\/logo\/image\/","url":"http:\/\/www.anovapeneira.gal\/wp-content\/uploads\/2019\/06\/logo_a_nova_peneira_portal_web.png","contentUrl":"http:\/\/www.anovapeneira.gal\/wp-content\/uploads\/2019\/06\/logo_a_nova_peneira_portal_web.png","width":300,"height":100,"caption":"A Nova Peneira"},"image":{"@id":"https:\/\/www.anovapeneira.gal\/#\/schema\/logo\/image\/"},"sameAs":["https:\/\/www.facebook.com\/anovapeneira","https:\/\/x.com\/APeneira"]},{"@type":"Person","@id":"https:\/\/www.anovapeneira.gal\/#\/schema\/person\/b93e3f8932e3f8da96334607eb6ac6aa","name":"Redacci\u00f3n A Nova Peneira","image":{"@type":"ImageObject","inLanguage":"gl-ES","@id":"https:\/\/secure.gravatar.com\/avatar\/c052a2551a06e23fac63626232eaa90abd78dbcf1700fc46a2b2c89fd27b735f?s=96&d=mm&r=g","url":"https:\/\/secure.gravatar.com\/avatar\/c052a2551a06e23fac63626232eaa90abd78dbcf1700fc46a2b2c89fd27b735f?s=96&d=mm&r=g","contentUrl":"https:\/\/secure.gravatar.com\/avatar\/c052a2551a06e23fac63626232eaa90abd78dbcf1700fc46a2b2c89fd27b735f?s=96&d=mm&r=g","caption":"Redacci\u00f3n A Nova Peneira"},"sameAs":["http:\/\/www.anovapeneira.gal\/"],"url":"https:\/\/www.anovapeneira.gal\/index.php\/author\/redactor\/"}]}},"jetpack_featured_media_url":"https:\/\/www.anovapeneira.gal\/wp-content\/uploads\/2020\/02\/senda_tominho_a_nova_peneira.jpg","_links":{"self":[{"href":"https:\/\/www.anovapeneira.gal\/index.php\/wp-json\/wp\/v2\/posts\/2464","targetHints":{"allow":["GET"]}}],"collection":[{"href":"https:\/\/www.anovapeneira.gal\/index.php\/wp-json\/wp\/v2\/posts"}],"about":[{"href":"https:\/\/www.anovapeneira.gal\/index.php\/wp-json\/wp\/v2\/types\/post"}],"author":[{"embeddable":true,"href":"https:\/\/www.anovapeneira.gal\/index.php\/wp-json\/wp\/v2\/users\/3"}],"replies":[{"embeddable":true,"href":"https:\/\/www.anovapeneira.gal\/index.php\/wp-json\/wp\/v2\/comments?post=2464"}],"version-history":[{"count":1,"href":"https:\/\/www.anovapeneira.gal\/index.php\/wp-json\/wp\/v2\/posts\/2464\/revisions"}],"predecessor-version":[{"id":2466,"href":"https:\/\/www.anovapeneira.gal\/index.php\/wp-json\/wp\/v2\/posts\/2464\/revisions\/2466"}],"wp:featuredmedia":[{"embeddable":true,"href":"https:\/\/www.anovapeneira.gal\/index.php\/wp-json\/wp\/v2\/media\/2465"}],"wp:attachment":[{"href":"https:\/\/www.anovapeneira.gal\/index.php\/wp-json\/wp\/v2\/media?parent=2464"}],"wp:term":[{"taxonomy":"category","embeddable":true,"href":"https:\/\/www.anovapeneira.gal\/index.php\/wp-json\/wp\/v2\/categories?post=2464"},{"taxonomy":"post_tag","embeddable":true,"href":"https:\/\/www.anovapeneira.gal\/index.php\/wp-json\/wp\/v2\/tags?post=2464"}],"curies":[{"name":"wp","href":"https:\/\/api.w.org\/{rel}","templated":true}]}}