{"id":2471,"date":"2020-02-07T14:00:45","date_gmt":"2020-02-07T13:00:45","guid":{"rendered":"http:\/\/www.anovapeneira.gal\/?p=2471"},"modified":"2020-02-07T08:36:19","modified_gmt":"2020-02-07T07:36:19","slug":"alvaro-m-leiro-leva-a-maxia-de-moscoso-as-tendas-mais-luxosas-do-mundo","status":"publish","type":"post","link":"https:\/\/www.anovapeneira.gal\/index.php\/2020\/02\/07\/alvaro-m-leiro-leva-a-maxia-de-moscoso-as-tendas-mais-luxosas-do-mundo\/","title":{"rendered":"\u00c1lvaro M. Leiro leva a maxia de moscoso \u00e1s tendas m\u00e1is luxosas do mundo"},"content":{"rendered":"\n<h2 class=\"wp-block-heading\"><strong>\u00c1lvaro \u00e9 un cesteiro de Moscoso, que reivindica con orgullo a s\u00faa orixe, \u201cprimeiro son de Moscoso e logo de Pazos\u201d, que leva moito tempo cunha labor encomiable relacionada con diversos campos da cultura( toponimia, fotograf\u00eda, ornitolox\u00eda..), e centr\u00e1ndose na creaci\u00f3n de pezas de cester\u00eda bel\u00edsimas as\u00ed como na recuperaci\u00f3n da coroza, un traxe tradicional galego, ao que un d\u00eda os cami\u00f1os da vida cruzaron cun observador dunha das firmas de complementos m\u00e1is luxosas de todo o mundo: Loewe. Eles namor\u00e1ronse do seu traballo e desde hai m\u00e1is dun ano, \u00c1lvaro combina o seu labor coti\u00e1n coa produci\u00f3n de pezas que comercializa esa prestixiosa firma. A Nova Peneira conversou con el<\/strong><\/h2>\n\n\n\n<p><strong>Ti es un\norgulloso nativo de Moscoso, que \u00e9 o m\u00e1is significativo desa\nfermosa parroquia?<\/strong><\/p>\n\n\n\n<blockquote class=\"wp-block-quote is-layout-flow wp-block-quote-is-layout-flow\"><p>Ultimamente colleu moita sona a festa da chula, que \u00e9 relativamente recente, pero, para min moito m\u00e1is significativa que as Chula son as Festas Patronais. A conivencia entre os pobos de Moscoso, Calvos e Xunqueiras \u00e9 unha tradici\u00f3n moi antiga, realmente bonita.<\/p><\/blockquote>\n\n\n\n<p><strong>Que fixeches da t\u00faa vida ata chegar a cester\u00eda, e como empezaches nesta arte?<\/strong><\/p>\n\n\n\n<blockquote class=\"wp-block-quote is-layout-flow wp-block-quote-is-layout-flow\"><p>Eu traballei en incendios desde os anos 80 ata o 2003.<\/p><\/blockquote>\n\n\n\n<blockquote class=\"wp-block-quote is-layout-flow wp-block-quote-is-layout-flow\"><p>Despois, no eido da cultura e do patrimonio fixen traballo fotogr\u00e1ficos, plasmando en imaxes os \u00faltimos redutos da agricultura tradicional, mesmo fixen algunha exposici\u00f3n. Tam\u00e9n fixen unha exposici\u00f3n sobre a protecci\u00f3n da fauna, sobre todo dos paxaros.No ano 95 fixen un traballo de rescatar toda a toponimia de Moscoso,  levoume moit\u00edsimo tempo, axudoume a comisi\u00f3n de festas e creamos un plano cos nomes das veigas, cami\u00f1os\u2026 sobre 500 nomes.<\/p><\/blockquote>\n\n\n\n<blockquote class=\"wp-block-quote is-layout-flow wp-block-quote-is-layout-flow\"><p>A comezos do ano 2003, m\u00e1is ou menos, tiven un problema f\u00edsico que me obrigou a deixar o dos incendios, a\u00ed foi cando comecei coa cester\u00eda, e deime de conta que me resultaba sinxelo darlle forma a un cesto ou calquera outra peza.  <\/p><\/blockquote>\n\n\n\n<p><strong>\u00c9\nun talento innato o que tes?<\/strong><\/p>\n\n\n\n<blockquote class=\"wp-block-quote is-layout-flow wp-block-quote-is-layout-flow\"><p>Pode dicirse que si. Sen d\u00fabida ti\u00f1a aptitudes que outros despois de 500 horas de cursos non ti\u00f1an.  <\/p><\/blockquote>\n\n\n\n<p><strong>Cando\nfoi o primeiro, l\u00e9mbraste?<\/strong><\/p>\n\n\n\n<blockquote class=\"wp-block-quote is-layout-flow wp-block-quote-is-layout-flow\"><p>Nun momento cr\u00edtico, por casualidade, realicei un curso no que s\u00f3 estiven 15 horas. Era en Vigo, no Centro de Artesan\u00eda Tradicional. Case todos os que fan artesan\u00eda sa\u00edron desta escola. Isto pasar\u00eda hai uns 15 anos.<\/p><\/blockquote>\n\n\n\n<blockquote class=\"wp-block-quote is-layout-flow wp-block-quote-is-layout-flow\"><p>Esta cester\u00eda de palla, que \u00e9 a m\u00e1is primitiva que hai, chamoume a atenci\u00f3n e comecei a tirar informaci\u00f3n e deime de conta de que en Galicia estaba practicamente desaparecida, este foi un aliciente m\u00e1is para dedicarlle o meu tempo. Un par de meses despois xa estaba na Praza de Mondariz facendo unha demostraci\u00f3n nun evento de artesan\u00eda. Explicarlle as familias como se traballaba foi algo que me encantou. A partir de aqu\u00ed fun tratando de progresar, ampliando o arco de materiais que pod\u00eda traballar.<\/p><\/blockquote>\n\n\n\n<div class=\"wp-block-image\"><figure class=\"aligncenter size-large is-resized\"><img loading=\"lazy\" decoding=\"async\" src=\"http:\/\/www.anovapeneira.gal\/wp-content\/uploads\/2020\/02\/alvaro_m_meleiro_a_nova_peneira_2-606x1024.jpg\" alt=\"\" class=\"wp-image-2473\" width=\"303\" height=\"512\" srcset=\"https:\/\/www.anovapeneira.gal\/wp-content\/uploads\/2020\/02\/alvaro_m_meleiro_a_nova_peneira_2-606x1024.jpg 606w, https:\/\/www.anovapeneira.gal\/wp-content\/uploads\/2020\/02\/alvaro_m_meleiro_a_nova_peneira_2-178x300.jpg 178w, https:\/\/www.anovapeneira.gal\/wp-content\/uploads\/2020\/02\/alvaro_m_meleiro_a_nova_peneira_2-768x1298.jpg 768w, https:\/\/www.anovapeneira.gal\/wp-content\/uploads\/2020\/02\/alvaro_m_meleiro_a_nova_peneira_2-909x1536.jpg 909w, https:\/\/www.anovapeneira.gal\/wp-content\/uploads\/2020\/02\/alvaro_m_meleiro_a_nova_peneira_2.jpg 947w\" sizes=\"auto, (max-width: 303px) 100vw, 303px\" \/><\/figure><\/div>\n\n\n\n<p><strong>Cales son os\nmateriais que utilizas para elaborar os cestos?<\/strong><\/p>\n\n\n\n<blockquote class=\"wp-block-quote is-layout-flow wp-block-quote-is-layout-flow\"><p>Palla, xestas, silvas, xuncos.  <\/p><\/blockquote>\n\n\n\n<blockquote class=\"wp-block-quote is-layout-flow wp-block-quote-is-layout-flow\"><p>A cester\u00eda de palla est\u00e1 vinculada aos cereais, o cesto vai completamente tupido, pode aguantar ata a auga. \u00c9 diferente \u00e1s outras porque leva un cosido en espiral. Esta t\u00e9cnica est\u00e1 estendida por todo o mundo, pero logo cada lugar ten as s\u00faa variables en canto aos materiais. O desta zona \u00e9 a palla de centeo para o corpo do cesto e vai cosido con tira de silva ou mesmo con tira de vimbio. Esta mesma cester\u00eda pode evolucionar e facer o corpo con xesta ou con outro tipo de materiais. Esta \u00e9 moi complicada porque \u00e9 mon\u00f3tona e lenta. Co tempo que me leva facer un cesto en palla, poder\u00eda  facer 6 ou 7 de vimbio.<\/p><\/blockquote>\n\n\n\n<p><strong>Canto\ntempo che leva facer ent\u00f3n un cesto en palla?<\/strong><\/p>\n\n\n\n<blockquote class=\"wp-block-quote is-layout-flow wp-block-quote-is-layout-flow\"><p>Depende do tama\u00f1o, pero podemos estar a falar dunhas 20 horas.<\/p><\/blockquote>\n\n\n\n<p><strong>Os\nmodelos, des\u00e9\u00f1alos ti, como se che ocorre ao tama\u00f1o ou a forma?<\/strong><\/p>\n\n\n\n<blockquote class=\"wp-block-quote is-layout-flow wp-block-quote-is-layout-flow\"><p>Hai uns cestos tradicionais que son os de sementar, os do gran .Eses son modelos tradicionais que trato de recrear.<\/p><\/blockquote>\n\n\n\n<blockquote class=\"wp-block-quote is-layout-flow wp-block-quote-is-layout-flow\"><p>Despois hai outros que son da mi\u00f1a propia colleita. Doulle eu as formas que considero.<\/p><\/blockquote>\n\n\n\n<p><strong>Os\nmodelos de f\u00f3ra de Galicia son semellantes aos galegos ou son\ndiferentes?<\/strong><\/p>\n\n\n\n<blockquote class=\"wp-block-quote is-layout-flow wp-block-quote-is-layout-flow\"><p>Son semellantes. Na cester\u00eda de Castilla hai moito cereal e os cestos son moi grandes, pero o cesto do gran e o de sementar son moi similares.<\/p><\/blockquote>\n\n\n\n<p><strong>Os\nmateriais, colleitalos ti ou m\u00e9rcalos?<\/strong><\/p>\n\n\n\n<blockquote class=\"wp-block-quote is-layout-flow wp-block-quote-is-layout-flow\"><p>Eu colleito todo o material.<\/p><\/blockquote>\n\n\n\n<blockquote class=\"wp-block-quote is-layout-flow wp-block-quote-is-layout-flow\"><p>Co centeo hai que ter moito coidado con non esmagalo, a palla. Todos os materiais te\u00f1en un procesado, uns tempos, unha data axeitada para colleitalos.<\/p><\/blockquote>\n\n\n\n<p><strong>Traballas\nna t\u00faa casa?<\/strong><\/p>\n\n\n\n<blockquote class=\"wp-block-quote is-layout-flow wp-block-quote-is-layout-flow\"><p>Si. Na mi\u00f1a casa de Moscoso.<\/p><\/blockquote>\n\n\n\n<blockquote class=\"wp-block-quote is-layout-flow wp-block-quote-is-layout-flow\"><p>Te\u00f1o que dicir que non s\u00f3 elaboro cestos de palla, tam\u00e9n fago unha labor de investigaci\u00f3n a nivel de toda Galicia, de recuperar diferentes cousas.  <\/p><\/blockquote>\n\n\n\n<blockquote class=\"wp-block-quote is-layout-flow wp-block-quote-is-layout-flow\"><p>Neste momento estou a traballar na recuperaci\u00f3n de modelos de corozas. Estas son vestimentas feitas con xuncos para a choiva, que agora v\u00e9molas no entroido pero esta \u00e9 unha vestimenta que se utilizou durante centos, ou miles de anos, para protexerse da choiva cando \u00edan pastar as vacas. Unha vestimenta emblem\u00e1tica  de Galicia e norte de Portugal. Cada comarca ti\u00f1a unha coroza diferente e eu estou tratando de recoller toda esta informaci\u00f3n para que non se perda para sempre, isto est\u00e1 pendente dun f\u00edo. Levo documentados 14 modelos diferentes dos cales elaborei oito.<\/p><\/blockquote>\n\n\n\n<p><strong>P\u00f3dese\nvivir profesionalmente da cester\u00eda? <\/strong>\n<\/p>\n\n\n\n<blockquote class=\"wp-block-quote is-layout-flow wp-block-quote-is-layout-flow\"><p>Non, non  se pode, e menos con isto que estou facendo eu de irme o m\u00e1is arcaico e antigo. Pode vir algu\u00e9n de que lle guste esa peza antiga e mercala, pero son pezas caras e non accesibles para todos.<\/p><\/blockquote>\n\n\n\n<p><strong>Que\npode valer unha destas pezas?<\/strong><\/p>\n\n\n\n<blockquote class=\"wp-block-quote is-layout-flow wp-block-quote-is-layout-flow\"><p>Ao redor de 200\u20ac e una coroza non menos de 1.000\u20ac.<\/p><\/blockquote>\n\n\n\n<p><strong>E\ncomo chegaches a relacionarte con Loewe?<\/strong><\/p>\n\n\n\n<blockquote class=\"wp-block-quote is-layout-flow wp-block-quote-is-layout-flow\"><p>Eu participaba nun evento organizado pola Xunta no concello de Agolada, cel\u00e9branse tres d\u00edas de feira como escaparate de Artesan\u00eda Galega. Nesta feira participa un artes\u00e1n de cada especialidade. Neste evento viu un observador de Loewe, fixouse nunha das mi\u00f1as pezas, un dese\u00f1o orixinal meu, pediume se esa peza ser\u00eda capaz de desenrolala en coiro, aos cinco d\u00edas ese bolso ti\u00f1a que estar en Par\u00eds para que o vira o director creativo. Disto hai ano e medio.<\/p><\/blockquote>\n\n\n\n<div class=\"wp-block-image\"><figure class=\"aligncenter size-large is-resized\"><img loading=\"lazy\" decoding=\"async\" src=\"http:\/\/www.anovapeneira.gal\/wp-content\/uploads\/2020\/02\/alvaro_m_meleiro_a_nova_peneira_3.jpg\" alt=\"\u00c1lvaro M. Leiro A Nova Peneira\" class=\"wp-image-2474\" width=\"215\" height=\"288\" srcset=\"https:\/\/www.anovapeneira.gal\/wp-content\/uploads\/2020\/02\/alvaro_m_meleiro_a_nova_peneira_3.jpg 430w, https:\/\/www.anovapeneira.gal\/wp-content\/uploads\/2020\/02\/alvaro_m_meleiro_a_nova_peneira_3-224x300.jpg 224w\" sizes=\"auto, (max-width: 215px) 100vw, 215px\" \/><\/figure><\/div>\n\n\n\n<p><strong>Loewe\n\u00e9 unha marca de luxo, non?<\/strong><\/p>\n\n\n\n<blockquote class=\"wp-block-quote is-layout-flow wp-block-quote-is-layout-flow\"><p>Non venden nada de menos de 1.000\u20ac. Esta nas 50 empresas de artigos de luxo m\u00e1is caras do mundo.<\/p><\/blockquote>\n\n\n\n<blockquote class=\"wp-block-quote is-layout-flow wp-block-quote-is-layout-flow\"><p>Eu estiven nas s\u00faas tendas de Londres e Mil\u00e1n, e vin como un cliente gastaba 10.000\u20ac como se nada en menos de 10 minutos en dous bolsos, estamos a falar de vendas moi exclusivas.<\/p><\/blockquote>\n\n\n\n<p><strong>Despois\nde que sa\u00edra o do bolso de coiro, que pasou, como se desenrolaron os\nacontecementos ata chegar \u00e1 actualidade?<\/strong><\/p>\n\n\n\n<blockquote class=\"wp-block-quote is-layout-flow wp-block-quote-is-layout-flow\"><p>Ese bolso era para o sal\u00f3n de dese\u00f1o de Mil\u00e1n, despois de probalo hab\u00eda que facer un n\u00famero de pezas, fun a Mil\u00e1n a facer unha demostraci\u00f3n neste evento cara o p\u00fablico, estiven al\u00e1 tres d\u00edas.<\/p><\/blockquote>\n\n\n\n<p><strong>Gustouche\nMil\u00e1n, \u00e9 bonito?<\/strong><\/p>\n\n\n\n<blockquote class=\"wp-block-quote is-layout-flow wp-block-quote-is-layout-flow\"><p>Case non sa\u00edn desa zona, estiven na r\u00faa onde est\u00e1 a tenda de Loewe, onde est\u00e1n todas as tendas de luxo. Nesa r\u00faa, nunha terraza pagas 15\u20ac por unha cervexa. A pr\u00f3xima vez que vaia vou levar unha caixa de Estrela de Galicia, risas\u2026.<\/p><\/blockquote>\n\n\n\n<blockquote class=\"wp-block-quote is-layout-flow wp-block-quote-is-layout-flow\"><p>Falamos dun mundo totalmente diferente ao noso. Al\u00ed non vin nin un rapaz nin unha persoa maior, todo xente guapa, \u00e9 outro mundo totalmente exclusivo.<\/p><\/blockquote>\n\n\n\n<blockquote class=\"wp-block-quote is-layout-flow wp-block-quote-is-layout-flow\"><p>Nese evento o bolso tivo moit\u00edsimo \u00e9xito e met\u00e9rono en colecci\u00f3n, isto significa ter que fabricar unha tira de miles de bolsos. Agora sigo traballando para eles, estou facendo m\u00e1is cousas diferentes baseadas no bolso pero non podo dar m\u00e1is informaci\u00f3n.<\/p><\/blockquote>\n\n\n\n<p><strong>E\np\u00f3dese saber se \u00e9 todo en coiro ou hai m\u00e1is materiais?<\/strong><\/p>\n\n\n\n<blockquote class=\"wp-block-quote is-layout-flow wp-block-quote-is-layout-flow\"><p>En coiro, pero resaltar\u00eda unha cousa que me parece fundamental. Vindo da artesan\u00eda e tratando de conservala, como estou facendo eu,  non me met\u00edn na artesan\u00eda por motivos econ\u00f3micos, sen\u00f3n para botar unha man en que non desaparecera, \u00e9 o que me ped\u00eda o corpo, deixar constancia das cousas que se estaban perdendo. Neste caso demostrouse que toda esa sabedor\u00eda que vimos acumulando durante tantos anos, pod\u00e9mola trasladar a actualidade e sacarlle un rendemento, polo tanto, \u00e9 importante telo en conta. Que preservemos e te\u00f1amos constancia de onde vimos<\/p><\/blockquote>\n\n\n\n<p><strong>Veste\ntraballando para Loewe ata o final da t\u00faa vida laboral?<\/strong><\/p>\n\n\n\n<blockquote class=\"wp-block-quote is-layout-flow wp-block-quote-is-layout-flow\"><p>Non o penso vexo o d\u00eda a d\u00eda. Quero dicir tam\u00e9n que a  investigaci\u00f3n das corozas \u00e9 moi importante para min, de feito convido calquera lector ou lectora que te\u00f1a co\u00f1ecemento deste tema a que se po\u00f1a en contacto comigo a trav\u00e9s da mi\u00f1a p\u00e1xina de Facebook \u00c1lvaro M. Leiro.<\/p><\/blockquote>\n","protected":false},"excerpt":{"rendered":"<div class=\"mh-excerpt\"><p>\u00c1lvaro \u00e9 un cesteiro de Moscoso, que reivindica con orgullo a s\u00faa orixe, \u201cprimeiro son de Moscoso e logo de Pazos\u201d <a class=\"mh-excerpt-more\" href=\"https:\/\/www.anovapeneira.gal\/index.php\/2020\/02\/07\/alvaro-m-leiro-leva-a-maxia-de-moscoso-as-tendas-mais-luxosas-do-mundo\/\" title=\"\u00c1lvaro M. Leiro leva a maxia de moscoso \u00e1s tendas m\u00e1is luxosas do mundo\">[&#8230;]<\/a><\/p>\n<\/div>","protected":false},"author":3,"featured_media":2472,"comment_status":"open","ping_status":"open","sticky":false,"template":"","format":"standard","meta":{"_exactmetrics_skip_tracking":false,"_exactmetrics_sitenote_active":false,"_exactmetrics_sitenote_note":"","_exactmetrics_sitenote_category":0,"footnotes":""},"categories":[495],"tags":[688,951],"class_list":{"0":"post-2471","1":"post","2":"type-post","3":"status-publish","4":"format-standard","5":"has-post-thumbnail","7":"category-redondela-reportaxes","8":"tag-artesania","9":"tag-concello-pazos-de-borben"},"yoast_head":"<!-- This site is optimized with the Yoast SEO plugin v27.4 - https:\/\/yoast.com\/product\/yoast-seo-wordpress\/ -->\n<title>\u00c1lvaro M. Leiro leva a maxia de moscoso \u00e1s tendas m\u00e1is luxosas do mundo -<\/title>\n<meta name=\"robots\" content=\"index, follow, max-snippet:-1, max-image-preview:large, max-video-preview:-1\" \/>\n<link rel=\"canonical\" href=\"https:\/\/www.anovapeneira.gal\/index.php\/2020\/02\/07\/alvaro-m-leiro-leva-a-maxia-de-moscoso-as-tendas-mais-luxosas-do-mundo\/\" \/>\n<meta property=\"og:locale\" content=\"gl_ES\" \/>\n<meta property=\"og:type\" content=\"article\" \/>\n<meta property=\"og:title\" content=\"\u00c1lvaro M. Leiro leva a maxia de moscoso \u00e1s tendas m\u00e1is luxosas do mundo -\" \/>\n<meta property=\"og:description\" content=\"\u00c1lvaro \u00e9 un cesteiro de Moscoso, que reivindica con orgullo a s\u00faa orixe, \u201cprimeiro son de Moscoso e logo de Pazos\u201d [...]\" \/>\n<meta property=\"og:url\" content=\"https:\/\/www.anovapeneira.gal\/index.php\/2020\/02\/07\/alvaro-m-leiro-leva-a-maxia-de-moscoso-as-tendas-mais-luxosas-do-mundo\/\" \/>\n<meta property=\"article:publisher\" content=\"https:\/\/www.facebook.com\/anovapeneira\" \/>\n<meta property=\"article:published_time\" content=\"2020-02-07T13:00:45+00:00\" \/>\n<meta property=\"og:image\" content=\"https:\/\/www.anovapeneira.gal\/wp-content\/uploads\/2020\/02\/alvaro_m_meleiro_a_nova_peneira.jpg\" \/>\n\t<meta property=\"og:image:width\" content=\"720\" \/>\n\t<meta property=\"og:image:height\" content=\"432\" \/>\n\t<meta property=\"og:image:type\" content=\"image\/jpeg\" \/>\n<meta name=\"author\" content=\"Redacci\u00f3n A Nova Peneira\" \/>\n<meta name=\"twitter:card\" content=\"summary_large_image\" \/>\n<meta name=\"twitter:creator\" content=\"@APeneira\" \/>\n<meta name=\"twitter:site\" content=\"@APeneira\" \/>\n<meta name=\"twitter:label1\" content=\"Escrito por\" \/>\n\t<meta name=\"twitter:data1\" content=\"Redacci\u00f3n A Nova Peneira\" \/>\n\t<meta name=\"twitter:label2\" content=\"Tempo de lectura\" \/>\n\t<meta name=\"twitter:data2\" content=\"7 minutos\" \/>\n<script type=\"application\/ld+json\" class=\"yoast-schema-graph\">{\"@context\":\"https:\\\/\\\/schema.org\",\"@graph\":[{\"@type\":\"Article\",\"@id\":\"https:\\\/\\\/www.anovapeneira.gal\\\/index.php\\\/2020\\\/02\\\/07\\\/alvaro-m-leiro-leva-a-maxia-de-moscoso-as-tendas-mais-luxosas-do-mundo\\\/#article\",\"isPartOf\":{\"@id\":\"https:\\\/\\\/www.anovapeneira.gal\\\/index.php\\\/2020\\\/02\\\/07\\\/alvaro-m-leiro-leva-a-maxia-de-moscoso-as-tendas-mais-luxosas-do-mundo\\\/\"},\"author\":{\"name\":\"Redacci\u00f3n A Nova Peneira\",\"@id\":\"https:\\\/\\\/www.anovapeneira.gal\\\/#\\\/schema\\\/person\\\/b93e3f8932e3f8da96334607eb6ac6aa\"},\"headline\":\"\u00c1lvaro M. Leiro leva a maxia de moscoso \u00e1s tendas m\u00e1is luxosas do mundo\",\"datePublished\":\"2020-02-07T13:00:45+00:00\",\"mainEntityOfPage\":{\"@id\":\"https:\\\/\\\/www.anovapeneira.gal\\\/index.php\\\/2020\\\/02\\\/07\\\/alvaro-m-leiro-leva-a-maxia-de-moscoso-as-tendas-mais-luxosas-do-mundo\\\/\"},\"wordCount\":1513,\"commentCount\":0,\"publisher\":{\"@id\":\"https:\\\/\\\/www.anovapeneira.gal\\\/#organization\"},\"image\":{\"@id\":\"https:\\\/\\\/www.anovapeneira.gal\\\/index.php\\\/2020\\\/02\\\/07\\\/alvaro-m-leiro-leva-a-maxia-de-moscoso-as-tendas-mais-luxosas-do-mundo\\\/#primaryimage\"},\"thumbnailUrl\":\"https:\\\/\\\/www.anovapeneira.gal\\\/wp-content\\\/uploads\\\/2020\\\/02\\\/alvaro_m_meleiro_a_nova_peneira.jpg\",\"keywords\":[\"Artesan\u00eda\",\"Concello Pazos de Borb\u00e9n\"],\"articleSection\":[\"Redondela\"],\"inLanguage\":\"gl-ES\",\"potentialAction\":[{\"@type\":\"CommentAction\",\"name\":\"Comment\",\"target\":[\"https:\\\/\\\/www.anovapeneira.gal\\\/index.php\\\/2020\\\/02\\\/07\\\/alvaro-m-leiro-leva-a-maxia-de-moscoso-as-tendas-mais-luxosas-do-mundo\\\/#respond\"]}]},{\"@type\":\"WebPage\",\"@id\":\"https:\\\/\\\/www.anovapeneira.gal\\\/index.php\\\/2020\\\/02\\\/07\\\/alvaro-m-leiro-leva-a-maxia-de-moscoso-as-tendas-mais-luxosas-do-mundo\\\/\",\"url\":\"https:\\\/\\\/www.anovapeneira.gal\\\/index.php\\\/2020\\\/02\\\/07\\\/alvaro-m-leiro-leva-a-maxia-de-moscoso-as-tendas-mais-luxosas-do-mundo\\\/\",\"name\":\"\u00c1lvaro M. Leiro leva a maxia de moscoso \u00e1s tendas m\u00e1is luxosas do mundo -\",\"isPartOf\":{\"@id\":\"https:\\\/\\\/www.anovapeneira.gal\\\/#website\"},\"primaryImageOfPage\":{\"@id\":\"https:\\\/\\\/www.anovapeneira.gal\\\/index.php\\\/2020\\\/02\\\/07\\\/alvaro-m-leiro-leva-a-maxia-de-moscoso-as-tendas-mais-luxosas-do-mundo\\\/#primaryimage\"},\"image\":{\"@id\":\"https:\\\/\\\/www.anovapeneira.gal\\\/index.php\\\/2020\\\/02\\\/07\\\/alvaro-m-leiro-leva-a-maxia-de-moscoso-as-tendas-mais-luxosas-do-mundo\\\/#primaryimage\"},\"thumbnailUrl\":\"https:\\\/\\\/www.anovapeneira.gal\\\/wp-content\\\/uploads\\\/2020\\\/02\\\/alvaro_m_meleiro_a_nova_peneira.jpg\",\"datePublished\":\"2020-02-07T13:00:45+00:00\",\"breadcrumb\":{\"@id\":\"https:\\\/\\\/www.anovapeneira.gal\\\/index.php\\\/2020\\\/02\\\/07\\\/alvaro-m-leiro-leva-a-maxia-de-moscoso-as-tendas-mais-luxosas-do-mundo\\\/#breadcrumb\"},\"inLanguage\":\"gl-ES\",\"potentialAction\":[{\"@type\":\"ReadAction\",\"target\":[\"https:\\\/\\\/www.anovapeneira.gal\\\/index.php\\\/2020\\\/02\\\/07\\\/alvaro-m-leiro-leva-a-maxia-de-moscoso-as-tendas-mais-luxosas-do-mundo\\\/\"]}]},{\"@type\":\"ImageObject\",\"inLanguage\":\"gl-ES\",\"@id\":\"https:\\\/\\\/www.anovapeneira.gal\\\/index.php\\\/2020\\\/02\\\/07\\\/alvaro-m-leiro-leva-a-maxia-de-moscoso-as-tendas-mais-luxosas-do-mundo\\\/#primaryimage\",\"url\":\"https:\\\/\\\/www.anovapeneira.gal\\\/wp-content\\\/uploads\\\/2020\\\/02\\\/alvaro_m_meleiro_a_nova_peneira.jpg\",\"contentUrl\":\"https:\\\/\\\/www.anovapeneira.gal\\\/wp-content\\\/uploads\\\/2020\\\/02\\\/alvaro_m_meleiro_a_nova_peneira.jpg\",\"width\":720,\"height\":432,\"caption\":\"\u00c1lvaro M. Leiro A Nova Peneira\"},{\"@type\":\"BreadcrumbList\",\"@id\":\"https:\\\/\\\/www.anovapeneira.gal\\\/index.php\\\/2020\\\/02\\\/07\\\/alvaro-m-leiro-leva-a-maxia-de-moscoso-as-tendas-mais-luxosas-do-mundo\\\/#breadcrumb\",\"itemListElement\":[{\"@type\":\"ListItem\",\"position\":1,\"name\":\"Portada\",\"item\":\"https:\\\/\\\/www.anovapeneira.gal\\\/\"},{\"@type\":\"ListItem\",\"position\":2,\"name\":\"\u00c1lvaro M. Leiro leva a maxia de moscoso \u00e1s tendas m\u00e1is luxosas do mundo\"}]},{\"@type\":\"WebSite\",\"@id\":\"https:\\\/\\\/www.anovapeneira.gal\\\/#website\",\"url\":\"https:\\\/\\\/www.anovapeneira.gal\\\/\",\"name\":\"\",\"description\":\"Xornal galego de informaci\u00f3n xeral Publicaci\u00f3n mensual de novas de Galicia e en especial dos Concellos da sur da provincia de Pontevedra.\",\"publisher\":{\"@id\":\"https:\\\/\\\/www.anovapeneira.gal\\\/#organization\"},\"potentialAction\":[{\"@type\":\"SearchAction\",\"target\":{\"@type\":\"EntryPoint\",\"urlTemplate\":\"https:\\\/\\\/www.anovapeneira.gal\\\/?s={search_term_string}\"},\"query-input\":{\"@type\":\"PropertyValueSpecification\",\"valueRequired\":true,\"valueName\":\"search_term_string\"}}],\"inLanguage\":\"gl-ES\"},{\"@type\":\"Organization\",\"@id\":\"https:\\\/\\\/www.anovapeneira.gal\\\/#organization\",\"name\":\"A Nova Peneira\",\"url\":\"https:\\\/\\\/www.anovapeneira.gal\\\/\",\"logo\":{\"@type\":\"ImageObject\",\"inLanguage\":\"gl-ES\",\"@id\":\"https:\\\/\\\/www.anovapeneira.gal\\\/#\\\/schema\\\/logo\\\/image\\\/\",\"url\":\"http:\\\/\\\/www.anovapeneira.gal\\\/wp-content\\\/uploads\\\/2019\\\/06\\\/logo_a_nova_peneira_portal_web.png\",\"contentUrl\":\"http:\\\/\\\/www.anovapeneira.gal\\\/wp-content\\\/uploads\\\/2019\\\/06\\\/logo_a_nova_peneira_portal_web.png\",\"width\":300,\"height\":100,\"caption\":\"A Nova Peneira\"},\"image\":{\"@id\":\"https:\\\/\\\/www.anovapeneira.gal\\\/#\\\/schema\\\/logo\\\/image\\\/\"},\"sameAs\":[\"https:\\\/\\\/www.facebook.com\\\/anovapeneira\",\"https:\\\/\\\/x.com\\\/APeneira\"]},{\"@type\":\"Person\",\"@id\":\"https:\\\/\\\/www.anovapeneira.gal\\\/#\\\/schema\\\/person\\\/b93e3f8932e3f8da96334607eb6ac6aa\",\"name\":\"Redacci\u00f3n A Nova Peneira\",\"image\":{\"@type\":\"ImageObject\",\"inLanguage\":\"gl-ES\",\"@id\":\"https:\\\/\\\/secure.gravatar.com\\\/avatar\\\/c052a2551a06e23fac63626232eaa90abd78dbcf1700fc46a2b2c89fd27b735f?s=96&d=mm&r=g\",\"url\":\"https:\\\/\\\/secure.gravatar.com\\\/avatar\\\/c052a2551a06e23fac63626232eaa90abd78dbcf1700fc46a2b2c89fd27b735f?s=96&d=mm&r=g\",\"contentUrl\":\"https:\\\/\\\/secure.gravatar.com\\\/avatar\\\/c052a2551a06e23fac63626232eaa90abd78dbcf1700fc46a2b2c89fd27b735f?s=96&d=mm&r=g\",\"caption\":\"Redacci\u00f3n A Nova Peneira\"},\"sameAs\":[\"http:\\\/\\\/www.anovapeneira.gal\\\/\"],\"url\":\"https:\\\/\\\/www.anovapeneira.gal\\\/index.php\\\/author\\\/redactor\\\/\"}]}<\/script>\n<!-- \/ Yoast SEO plugin. -->","yoast_head_json":{"title":"\u00c1lvaro M. Leiro leva a maxia de moscoso \u00e1s tendas m\u00e1is luxosas do mundo -","robots":{"index":"index","follow":"follow","max-snippet":"max-snippet:-1","max-image-preview":"max-image-preview:large","max-video-preview":"max-video-preview:-1"},"canonical":"https:\/\/www.anovapeneira.gal\/index.php\/2020\/02\/07\/alvaro-m-leiro-leva-a-maxia-de-moscoso-as-tendas-mais-luxosas-do-mundo\/","og_locale":"gl_ES","og_type":"article","og_title":"\u00c1lvaro M. Leiro leva a maxia de moscoso \u00e1s tendas m\u00e1is luxosas do mundo -","og_description":"\u00c1lvaro \u00e9 un cesteiro de Moscoso, que reivindica con orgullo a s\u00faa orixe, \u201cprimeiro son de Moscoso e logo de Pazos\u201d [...]","og_url":"https:\/\/www.anovapeneira.gal\/index.php\/2020\/02\/07\/alvaro-m-leiro-leva-a-maxia-de-moscoso-as-tendas-mais-luxosas-do-mundo\/","article_publisher":"https:\/\/www.facebook.com\/anovapeneira","article_published_time":"2020-02-07T13:00:45+00:00","og_image":[{"width":720,"height":432,"url":"https:\/\/www.anovapeneira.gal\/wp-content\/uploads\/2020\/02\/alvaro_m_meleiro_a_nova_peneira.jpg","type":"image\/jpeg"}],"author":"Redacci\u00f3n A Nova Peneira","twitter_card":"summary_large_image","twitter_creator":"@APeneira","twitter_site":"@APeneira","twitter_misc":{"Escrito por":"Redacci\u00f3n A Nova Peneira","Tempo de lectura":"7 minutos"},"schema":{"@context":"https:\/\/schema.org","@graph":[{"@type":"Article","@id":"https:\/\/www.anovapeneira.gal\/index.php\/2020\/02\/07\/alvaro-m-leiro-leva-a-maxia-de-moscoso-as-tendas-mais-luxosas-do-mundo\/#article","isPartOf":{"@id":"https:\/\/www.anovapeneira.gal\/index.php\/2020\/02\/07\/alvaro-m-leiro-leva-a-maxia-de-moscoso-as-tendas-mais-luxosas-do-mundo\/"},"author":{"name":"Redacci\u00f3n A Nova Peneira","@id":"https:\/\/www.anovapeneira.gal\/#\/schema\/person\/b93e3f8932e3f8da96334607eb6ac6aa"},"headline":"\u00c1lvaro M. Leiro leva a maxia de moscoso \u00e1s tendas m\u00e1is luxosas do mundo","datePublished":"2020-02-07T13:00:45+00:00","mainEntityOfPage":{"@id":"https:\/\/www.anovapeneira.gal\/index.php\/2020\/02\/07\/alvaro-m-leiro-leva-a-maxia-de-moscoso-as-tendas-mais-luxosas-do-mundo\/"},"wordCount":1513,"commentCount":0,"publisher":{"@id":"https:\/\/www.anovapeneira.gal\/#organization"},"image":{"@id":"https:\/\/www.anovapeneira.gal\/index.php\/2020\/02\/07\/alvaro-m-leiro-leva-a-maxia-de-moscoso-as-tendas-mais-luxosas-do-mundo\/#primaryimage"},"thumbnailUrl":"https:\/\/www.anovapeneira.gal\/wp-content\/uploads\/2020\/02\/alvaro_m_meleiro_a_nova_peneira.jpg","keywords":["Artesan\u00eda","Concello Pazos de Borb\u00e9n"],"articleSection":["Redondela"],"inLanguage":"gl-ES","potentialAction":[{"@type":"CommentAction","name":"Comment","target":["https:\/\/www.anovapeneira.gal\/index.php\/2020\/02\/07\/alvaro-m-leiro-leva-a-maxia-de-moscoso-as-tendas-mais-luxosas-do-mundo\/#respond"]}]},{"@type":"WebPage","@id":"https:\/\/www.anovapeneira.gal\/index.php\/2020\/02\/07\/alvaro-m-leiro-leva-a-maxia-de-moscoso-as-tendas-mais-luxosas-do-mundo\/","url":"https:\/\/www.anovapeneira.gal\/index.php\/2020\/02\/07\/alvaro-m-leiro-leva-a-maxia-de-moscoso-as-tendas-mais-luxosas-do-mundo\/","name":"\u00c1lvaro M. Leiro leva a maxia de moscoso \u00e1s tendas m\u00e1is luxosas do mundo -","isPartOf":{"@id":"https:\/\/www.anovapeneira.gal\/#website"},"primaryImageOfPage":{"@id":"https:\/\/www.anovapeneira.gal\/index.php\/2020\/02\/07\/alvaro-m-leiro-leva-a-maxia-de-moscoso-as-tendas-mais-luxosas-do-mundo\/#primaryimage"},"image":{"@id":"https:\/\/www.anovapeneira.gal\/index.php\/2020\/02\/07\/alvaro-m-leiro-leva-a-maxia-de-moscoso-as-tendas-mais-luxosas-do-mundo\/#primaryimage"},"thumbnailUrl":"https:\/\/www.anovapeneira.gal\/wp-content\/uploads\/2020\/02\/alvaro_m_meleiro_a_nova_peneira.jpg","datePublished":"2020-02-07T13:00:45+00:00","breadcrumb":{"@id":"https:\/\/www.anovapeneira.gal\/index.php\/2020\/02\/07\/alvaro-m-leiro-leva-a-maxia-de-moscoso-as-tendas-mais-luxosas-do-mundo\/#breadcrumb"},"inLanguage":"gl-ES","potentialAction":[{"@type":"ReadAction","target":["https:\/\/www.anovapeneira.gal\/index.php\/2020\/02\/07\/alvaro-m-leiro-leva-a-maxia-de-moscoso-as-tendas-mais-luxosas-do-mundo\/"]}]},{"@type":"ImageObject","inLanguage":"gl-ES","@id":"https:\/\/www.anovapeneira.gal\/index.php\/2020\/02\/07\/alvaro-m-leiro-leva-a-maxia-de-moscoso-as-tendas-mais-luxosas-do-mundo\/#primaryimage","url":"https:\/\/www.anovapeneira.gal\/wp-content\/uploads\/2020\/02\/alvaro_m_meleiro_a_nova_peneira.jpg","contentUrl":"https:\/\/www.anovapeneira.gal\/wp-content\/uploads\/2020\/02\/alvaro_m_meleiro_a_nova_peneira.jpg","width":720,"height":432,"caption":"\u00c1lvaro M. Leiro A Nova Peneira"},{"@type":"BreadcrumbList","@id":"https:\/\/www.anovapeneira.gal\/index.php\/2020\/02\/07\/alvaro-m-leiro-leva-a-maxia-de-moscoso-as-tendas-mais-luxosas-do-mundo\/#breadcrumb","itemListElement":[{"@type":"ListItem","position":1,"name":"Portada","item":"https:\/\/www.anovapeneira.gal\/"},{"@type":"ListItem","position":2,"name":"\u00c1lvaro M. Leiro leva a maxia de moscoso \u00e1s tendas m\u00e1is luxosas do mundo"}]},{"@type":"WebSite","@id":"https:\/\/www.anovapeneira.gal\/#website","url":"https:\/\/www.anovapeneira.gal\/","name":"","description":"Xornal galego de informaci\u00f3n xeral Publicaci\u00f3n mensual de novas de Galicia e en especial dos Concellos da sur da provincia de Pontevedra.","publisher":{"@id":"https:\/\/www.anovapeneira.gal\/#organization"},"potentialAction":[{"@type":"SearchAction","target":{"@type":"EntryPoint","urlTemplate":"https:\/\/www.anovapeneira.gal\/?s={search_term_string}"},"query-input":{"@type":"PropertyValueSpecification","valueRequired":true,"valueName":"search_term_string"}}],"inLanguage":"gl-ES"},{"@type":"Organization","@id":"https:\/\/www.anovapeneira.gal\/#organization","name":"A Nova Peneira","url":"https:\/\/www.anovapeneira.gal\/","logo":{"@type":"ImageObject","inLanguage":"gl-ES","@id":"https:\/\/www.anovapeneira.gal\/#\/schema\/logo\/image\/","url":"http:\/\/www.anovapeneira.gal\/wp-content\/uploads\/2019\/06\/logo_a_nova_peneira_portal_web.png","contentUrl":"http:\/\/www.anovapeneira.gal\/wp-content\/uploads\/2019\/06\/logo_a_nova_peneira_portal_web.png","width":300,"height":100,"caption":"A Nova Peneira"},"image":{"@id":"https:\/\/www.anovapeneira.gal\/#\/schema\/logo\/image\/"},"sameAs":["https:\/\/www.facebook.com\/anovapeneira","https:\/\/x.com\/APeneira"]},{"@type":"Person","@id":"https:\/\/www.anovapeneira.gal\/#\/schema\/person\/b93e3f8932e3f8da96334607eb6ac6aa","name":"Redacci\u00f3n A Nova Peneira","image":{"@type":"ImageObject","inLanguage":"gl-ES","@id":"https:\/\/secure.gravatar.com\/avatar\/c052a2551a06e23fac63626232eaa90abd78dbcf1700fc46a2b2c89fd27b735f?s=96&d=mm&r=g","url":"https:\/\/secure.gravatar.com\/avatar\/c052a2551a06e23fac63626232eaa90abd78dbcf1700fc46a2b2c89fd27b735f?s=96&d=mm&r=g","contentUrl":"https:\/\/secure.gravatar.com\/avatar\/c052a2551a06e23fac63626232eaa90abd78dbcf1700fc46a2b2c89fd27b735f?s=96&d=mm&r=g","caption":"Redacci\u00f3n A Nova Peneira"},"sameAs":["http:\/\/www.anovapeneira.gal\/"],"url":"https:\/\/www.anovapeneira.gal\/index.php\/author\/redactor\/"}]}},"jetpack_featured_media_url":"https:\/\/www.anovapeneira.gal\/wp-content\/uploads\/2020\/02\/alvaro_m_meleiro_a_nova_peneira.jpg","_links":{"self":[{"href":"https:\/\/www.anovapeneira.gal\/index.php\/wp-json\/wp\/v2\/posts\/2471","targetHints":{"allow":["GET"]}}],"collection":[{"href":"https:\/\/www.anovapeneira.gal\/index.php\/wp-json\/wp\/v2\/posts"}],"about":[{"href":"https:\/\/www.anovapeneira.gal\/index.php\/wp-json\/wp\/v2\/types\/post"}],"author":[{"embeddable":true,"href":"https:\/\/www.anovapeneira.gal\/index.php\/wp-json\/wp\/v2\/users\/3"}],"replies":[{"embeddable":true,"href":"https:\/\/www.anovapeneira.gal\/index.php\/wp-json\/wp\/v2\/comments?post=2471"}],"version-history":[{"count":1,"href":"https:\/\/www.anovapeneira.gal\/index.php\/wp-json\/wp\/v2\/posts\/2471\/revisions"}],"predecessor-version":[{"id":2475,"href":"https:\/\/www.anovapeneira.gal\/index.php\/wp-json\/wp\/v2\/posts\/2471\/revisions\/2475"}],"wp:featuredmedia":[{"embeddable":true,"href":"https:\/\/www.anovapeneira.gal\/index.php\/wp-json\/wp\/v2\/media\/2472"}],"wp:attachment":[{"href":"https:\/\/www.anovapeneira.gal\/index.php\/wp-json\/wp\/v2\/media?parent=2471"}],"wp:term":[{"taxonomy":"category","embeddable":true,"href":"https:\/\/www.anovapeneira.gal\/index.php\/wp-json\/wp\/v2\/categories?post=2471"},{"taxonomy":"post_tag","embeddable":true,"href":"https:\/\/www.anovapeneira.gal\/index.php\/wp-json\/wp\/v2\/tags?post=2471"}],"curies":[{"name":"wp","href":"https:\/\/api.w.org\/{rel}","templated":true}]}}