{"id":2476,"date":"2020-02-10T10:00:08","date_gmt":"2020-02-10T09:00:08","guid":{"rendered":"http:\/\/www.anovapeneira.gal\/?p=2476"},"modified":"2020-02-10T12:36:29","modified_gmt":"2020-02-10T11:36:29","slug":"entroido-en-salceda-mais-de-130-anos-de-historia-dun-enfrontamento","status":"publish","type":"post","link":"https:\/\/www.anovapeneira.gal\/index.php\/2020\/02\/10\/entroido-en-salceda-mais-de-130-anos-de-historia-dun-enfrontamento\/","title":{"rendered":"Entroido en Salceda: m\u00e1is de 130 anos de historia dun enfrontamento"},"content":{"rendered":"\n<p><strong> Salceda de Caselas, de febreiro de 2020<\/strong><\/p>\n\n\n\n<p>A\nCasa da Cultura Castelao acolleu esta ma\u00f1\u00e1 a presentaci\u00f3n do que\nprobablemente sexa un dos entroidos m\u00e1is antigos da provincia, e que\nmant\u00e9n cando menos dende 1888 (data da primeira proba documental) a\nloita entre dous barrios da mesma parroquia: A Feira e Castro\nBarreiro. Precisamente Loli Casti\u00f1eira, alcaldesa de Salceda, e Alex\nRodr\u00edguez, Concelleiro de Cultura, estiveron hoxe acompa\u00f1ados de\nrepresentantes de \u00e1mbolos dous barrios (Sof\u00eda Carracedo e F\u00e9lix\nM\u00e9ndez pola Feira e Arancha Rodr\u00edguez e Ana Troncoso polo\nBarreiro), que non perderon oportunidade de defender o seu como o\nEntroido m\u00e1is apaixoante e o \u00fanico capaz de unir a todo un barrio\nindependentemente dos gustos, intereses ou incluso ideolox\u00eda\npol\u00edtica de cada quen, co \u00fanico fin de facer un mellor entroido que\no barrio rival. E ese \u00e9 precisamente unha das grandes diferenzas do\nEntroido de Salceda, a non existencia de barrio ganador e barrio\nperdedor, ou polo menos non de xeito oficial, xa que o premio \u00e9 a\nboa ou mala cr\u00edtica da xente, sen veredictos.<\/p>\n\n\n\n<p>Castro\ne Barreiro e A Feira celebrar\u00e1n o martes 25 (festivo local) o seu\nd\u00eda grande, coa presentaci\u00f3n das s\u00faas carrozas e comparsas, nas\nque participan m\u00e1is dun cento de persoas de t\u00f3dalas idades. Tam\u00e9n\nnisto leva cambiado moito, xa que historicamente s\u00f3 lle estaba\npermitida a participaci\u00f3n nas comparsas \u00e1 xuventude, que deixaba de\npoder participar no momento en que casaban. Sen embargo hoxe en d\u00eda,\n\u00e1mbolos dous barrios abriron a participaci\u00f3n \u00e1 xente de t\u00f3dalas\nidades, involucrando deste xeito a\u00ednda en mellor medida \u00e1\ntotalidade da veci\u00f1anza.<\/p>\n\n\n\n<p>Tanto\nas representantes de castro Barreiro como da Feira quixeron facer un\nespecial reco\u00f1ecemento ao traballo das persoas maiores, sen o cal\nser\u00eda absolutamente imposible manter esta tradici\u00f3n hoxe en d\u00eda,\ndestacando que \u201cdelas seguimos a aprender cada d\u00eda para seguir a\nfacer o mellor carnaval\u201d.<\/p>\n\n\n\n<p>Dende\no ano 2018 a Feira ven representando ademais o que xa se co\u00f1ece como\n\u201centroido hist\u00f3rico\u201d, coa presentaci\u00f3n do seu rancho de\nentroido formado por seis danzantes e d\u00faas damas, que aparecen\nrodeados dos cabaleiros, encargados de abrir espazo entre o p\u00fablico\npara que o rancho poida realizar as s\u00faas danzas.<\/p>\n\n\n\n<p>Con\ntodos estes elementos, o Concello de Salceda segue apostando pola\ndeclaraci\u00f3n do Entroido de Salceda como festa de interese tur\u00edstico,\ninstando \u00e1 Xunta de Galicia a que te\u00f1a en conta tanto a centenaria\ntradici\u00f3n que se agocha tras o entroido de Salceda, como o esforzo\nque se est\u00e1 a facer na recuperaci\u00f3n das figuras hist\u00f3ricas da\nfesta, que levaban d\u00e9cadas desaparecidas.<\/p>\n\n\n\n<p>A\nAlcaldesa, Loli Casti\u00f1eira, amosou a s\u00faa satisfacci\u00f3n por ter\n\u201ctres entroidos en un\u201d en Salceda: o entroido infantil con m\u00e1is\nde 1200 nenos e nenas de 0 a 16 anos desfilando pola vila, o entroido\ninstitucional con m\u00e1is de 100 participantes no XXII desfile de\ncarrozas e comparsas do domingo que cada ano re\u00fane a milleiros de\npersoas no p\u00fablico, e o entroido tradicional co hist\u00f3rico\nenfrontamento entre Castro Barreiro e Feira.  As\u00ed mesmo quixo\nreco\u00f1ecer o traballo realizado polo Concelleiro de Cultura Alex\nRodr\u00edguez que, a pesar de tratarse dunha festa transversal que\nimplica a t\u00f3dalas \u00e1reas, \u00e9 o encargado da coordinaci\u00f3n e\norganizaci\u00f3n dos diferentes actos. Tam\u00e9n quixo a alcaldesa\nagradecer o esforzo tanto do persoal municipal e Polic\u00eda Local como\ndo voluntariado e especialmente de Protecci\u00f3n Civil, sen os cales\nser\u00eda imposible sacar adiante este tipo de eventos multitudinarios.<\/p>\n\n\n\n<figure class=\"wp-block-image size-large\"><img loading=\"lazy\" decoding=\"async\" width=\"700\" height=\"1024\" src=\"http:\/\/www.anovapeneira.gal\/wp-content\/uploads\/2020\/02\/entroido_salceda_a_nova_peneira_anuncio-700x1024.jpg\" alt=\"\" class=\"wp-image-2530\" srcset=\"https:\/\/www.anovapeneira.gal\/wp-content\/uploads\/2020\/02\/entroido_salceda_a_nova_peneira_anuncio-700x1024.jpg 700w, https:\/\/www.anovapeneira.gal\/wp-content\/uploads\/2020\/02\/entroido_salceda_a_nova_peneira_anuncio-205x300.jpg 205w, https:\/\/www.anovapeneira.gal\/wp-content\/uploads\/2020\/02\/entroido_salceda_a_nova_peneira_anuncio-768x1124.jpg 768w, https:\/\/www.anovapeneira.gal\/wp-content\/uploads\/2020\/02\/entroido_salceda_a_nova_peneira_anuncio-1049x1536.jpg 1049w, https:\/\/www.anovapeneira.gal\/wp-content\/uploads\/2020\/02\/entroido_salceda_a_nova_peneira_anuncio.jpg 1093w\" sizes=\"auto, (max-width: 700px) 100vw, 700px\" \/><\/figure>\n\n\n\n<h2 class=\"wp-block-heading\">PROGRAMACI\u00d3N\nENTROIDO 2020<\/h2>\n\n\n\n<h4 class=\"wp-block-heading\">Venres 21 de febreiro<\/h4>\n\n\n\n<ul class=\"wp-block-list\"><li>11:00 Desfile de entroido dos\n\tcentros escolares.\n\t<ul><li>Escola Infantil Xoani\u00f1a\n\t\t<\/li><li>Escola Infantil A Gali\u00f1a Azul\n\t\t<\/li><li>CRA Ra\u00ed\u00f1a Aragonta\n\t\t<\/li><li>Cep Altamira\n\t\t<\/li><li>IES Pedras Rubias\n\t<\/li><\/ul>\n\t<\/li><li>19:00 Aula aberta de danzas do\n\tmundo con Mercedes Prieto. Praza do Concello\n\t<\/li><li>20:00 Desfile polas r\u00faas do grupo\n\tde batucada OS ESPANTARRATOS da Feira\n<\/li><\/ul>\n\n\n\n<h4 class=\"wp-block-heading\">S\u00e1bado 22 de febreiro<\/h4>\n\n\n\n<ul class=\"wp-block-list\"><li>16:30 Festa Infantil de disfraces.\n\tParque Ra\u00ed\u00f1a Aragonta. \n\t\n\t<\/li><li>18:30 Actuaci\u00f3n do Coli\u00f1o\n\tBailongo. Parque Ra\u00ed\u00f1a Aragonta\n\t<\/li><li>20:00 Concerto da Banda Cultural\n\tde Salceda. Auditorio Municipal.\n<\/li><\/ul>\n\n\n\n<h4 class=\"wp-block-heading\">Domingo 23 de febreiro<\/h4>\n\n\n\n<ul class=\"wp-block-list\"><li>12:30 Rancho de Entroido da Feira\n\tacompa\u00f1ado dos Cabaleiros. Praza do Concello\n\t<\/li><li>13:00 Desfile dos Cabaleiros polas\n\tr\u00faas da vila ata o Parque Ra\u00ed\u00f1a Aragonta.\n\t<\/li><li>17:00 XXII Desfile de carrozas e\n\tcomparsas. Sa\u00edda da Praza da Devesa\n\t<\/li><li>19:00 XII Concurso de coplas de\n\tEntroido. Praza do Concello.\n\t<\/li><li>20:30 Verbena co grupo Nebraska\n<\/li><\/ul>\n\n\n\n<h4 class=\"wp-block-heading\">Luns 24 e martes 25 de febreiro<\/h4>\n\n\n\n<ul class=\"wp-block-list\"><li>Centenario enfrontamento entre os\n\tbarrios de A Feira e Castro Barreiro, con verbenas no dous lados.\n<\/li><\/ul>\n\n\n\n<h4 class=\"wp-block-heading\">Martes 25 de febreiro<\/h4>\n\n\n\n<ul class=\"wp-block-list\"><li>17:00 Presentaci\u00f3n das Carrozas e\n\tComparsas de A Feira e Castro Barreiro na Praza do Concello, e \u00e1s\n\t19:00 no cruceiro de Fontedapedra.\n<\/li><\/ul>\n","protected":false},"excerpt":{"rendered":"<div class=\"mh-excerpt\"><p>A Casa da Cultura Castelao acolleu esta ma\u00f1\u00e1 a presentaci\u00f3n do que probablemente sexa un dos entroidos m\u00e1is antigos da provincia, <a class=\"mh-excerpt-more\" href=\"https:\/\/www.anovapeneira.gal\/index.php\/2020\/02\/10\/entroido-en-salceda-mais-de-130-anos-de-historia-dun-enfrontamento\/\" title=\"Entroido en Salceda: m\u00e1is de 130 anos de historia dun enfrontamento\">[&#8230;]<\/a><\/p>\n<\/div>","protected":false},"author":3,"featured_media":2477,"comment_status":"open","ping_status":"open","sticky":false,"template":"","format":"standard","meta":{"_exactmetrics_skip_tracking":false,"_exactmetrics_sitenote_active":false,"_exactmetrics_sitenote_note":"","_exactmetrics_sitenote_category":0,"footnotes":""},"categories":[23],"tags":[929,952],"class_list":{"0":"post-2476","1":"post","2":"type-post","3":"status-publish","4":"format-standard","5":"has-post-thumbnail","7":"category-a-lourina","8":"tag-entroido","9":"tag-salceda-de-caselas"},"yoast_head":"<!-- This site is optimized with the Yoast SEO plugin v27.4 - https:\/\/yoast.com\/product\/yoast-seo-wordpress\/ -->\n<title>Entroido en Salceda: m\u00e1is de 130 anos de historia dun enfrontamento -<\/title>\n<meta name=\"robots\" content=\"index, follow, max-snippet:-1, max-image-preview:large, max-video-preview:-1\" \/>\n<link rel=\"canonical\" href=\"https:\/\/www.anovapeneira.gal\/index.php\/2020\/02\/10\/entroido-en-salceda-mais-de-130-anos-de-historia-dun-enfrontamento\/\" \/>\n<meta property=\"og:locale\" content=\"gl_ES\" \/>\n<meta property=\"og:type\" content=\"article\" \/>\n<meta property=\"og:title\" content=\"Entroido en Salceda: m\u00e1is de 130 anos de historia dun enfrontamento -\" \/>\n<meta property=\"og:description\" content=\"A Casa da Cultura Castelao acolleu esta ma\u00f1\u00e1 a presentaci\u00f3n do que probablemente sexa un dos entroidos m\u00e1is antigos da provincia, [...]\" \/>\n<meta property=\"og:url\" content=\"https:\/\/www.anovapeneira.gal\/index.php\/2020\/02\/10\/entroido-en-salceda-mais-de-130-anos-de-historia-dun-enfrontamento\/\" \/>\n<meta property=\"article:publisher\" content=\"https:\/\/www.facebook.com\/anovapeneira\" \/>\n<meta property=\"article:published_time\" content=\"2020-02-10T09:00:08+00:00\" \/>\n<meta property=\"article:modified_time\" content=\"2020-02-10T11:36:29+00:00\" \/>\n<meta property=\"og:image\" content=\"https:\/\/www.anovapeneira.gal\/wp-content\/uploads\/2020\/02\/entroido_salceda_a_nova_peneira-1024x682.jpg\" \/>\n\t<meta property=\"og:image:width\" content=\"1024\" \/>\n\t<meta property=\"og:image:height\" content=\"682\" \/>\n\t<meta property=\"og:image:type\" content=\"image\/jpeg\" \/>\n<meta name=\"author\" content=\"Redacci\u00f3n A Nova Peneira\" \/>\n<meta name=\"twitter:card\" content=\"summary_large_image\" \/>\n<meta name=\"twitter:creator\" content=\"@APeneira\" \/>\n<meta name=\"twitter:site\" content=\"@APeneira\" \/>\n<meta name=\"twitter:label1\" content=\"Escrito por\" \/>\n\t<meta name=\"twitter:data1\" content=\"Redacci\u00f3n A Nova Peneira\" \/>\n\t<meta name=\"twitter:label2\" content=\"Tempo de lectura\" \/>\n\t<meta name=\"twitter:data2\" content=\"4 minutos\" \/>\n<script type=\"application\/ld+json\" class=\"yoast-schema-graph\">{\"@context\":\"https:\\\/\\\/schema.org\",\"@graph\":[{\"@type\":\"Article\",\"@id\":\"https:\\\/\\\/www.anovapeneira.gal\\\/index.php\\\/2020\\\/02\\\/10\\\/entroido-en-salceda-mais-de-130-anos-de-historia-dun-enfrontamento\\\/#article\",\"isPartOf\":{\"@id\":\"https:\\\/\\\/www.anovapeneira.gal\\\/index.php\\\/2020\\\/02\\\/10\\\/entroido-en-salceda-mais-de-130-anos-de-historia-dun-enfrontamento\\\/\"},\"author\":{\"name\":\"Redacci\u00f3n A Nova Peneira\",\"@id\":\"https:\\\/\\\/www.anovapeneira.gal\\\/#\\\/schema\\\/person\\\/b93e3f8932e3f8da96334607eb6ac6aa\"},\"headline\":\"Entroido en Salceda: m\u00e1is de 130 anos de historia dun enfrontamento\",\"datePublished\":\"2020-02-10T09:00:08+00:00\",\"dateModified\":\"2020-02-10T11:36:29+00:00\",\"mainEntityOfPage\":{\"@id\":\"https:\\\/\\\/www.anovapeneira.gal\\\/index.php\\\/2020\\\/02\\\/10\\\/entroido-en-salceda-mais-de-130-anos-de-historia-dun-enfrontamento\\\/\"},\"wordCount\":812,\"commentCount\":0,\"publisher\":{\"@id\":\"https:\\\/\\\/www.anovapeneira.gal\\\/#organization\"},\"image\":{\"@id\":\"https:\\\/\\\/www.anovapeneira.gal\\\/index.php\\\/2020\\\/02\\\/10\\\/entroido-en-salceda-mais-de-130-anos-de-historia-dun-enfrontamento\\\/#primaryimage\"},\"thumbnailUrl\":\"https:\\\/\\\/www.anovapeneira.gal\\\/wp-content\\\/uploads\\\/2020\\\/02\\\/entroido_salceda_a_nova_peneira.jpg\",\"keywords\":[\"Entroido\",\"Salceda de Caselas\"],\"articleSection\":[\"A Louri\u00f1a\"],\"inLanguage\":\"gl-ES\",\"potentialAction\":[{\"@type\":\"CommentAction\",\"name\":\"Comment\",\"target\":[\"https:\\\/\\\/www.anovapeneira.gal\\\/index.php\\\/2020\\\/02\\\/10\\\/entroido-en-salceda-mais-de-130-anos-de-historia-dun-enfrontamento\\\/#respond\"]}]},{\"@type\":\"WebPage\",\"@id\":\"https:\\\/\\\/www.anovapeneira.gal\\\/index.php\\\/2020\\\/02\\\/10\\\/entroido-en-salceda-mais-de-130-anos-de-historia-dun-enfrontamento\\\/\",\"url\":\"https:\\\/\\\/www.anovapeneira.gal\\\/index.php\\\/2020\\\/02\\\/10\\\/entroido-en-salceda-mais-de-130-anos-de-historia-dun-enfrontamento\\\/\",\"name\":\"Entroido en Salceda: m\u00e1is de 130 anos de historia dun enfrontamento -\",\"isPartOf\":{\"@id\":\"https:\\\/\\\/www.anovapeneira.gal\\\/#website\"},\"primaryImageOfPage\":{\"@id\":\"https:\\\/\\\/www.anovapeneira.gal\\\/index.php\\\/2020\\\/02\\\/10\\\/entroido-en-salceda-mais-de-130-anos-de-historia-dun-enfrontamento\\\/#primaryimage\"},\"image\":{\"@id\":\"https:\\\/\\\/www.anovapeneira.gal\\\/index.php\\\/2020\\\/02\\\/10\\\/entroido-en-salceda-mais-de-130-anos-de-historia-dun-enfrontamento\\\/#primaryimage\"},\"thumbnailUrl\":\"https:\\\/\\\/www.anovapeneira.gal\\\/wp-content\\\/uploads\\\/2020\\\/02\\\/entroido_salceda_a_nova_peneira.jpg\",\"datePublished\":\"2020-02-10T09:00:08+00:00\",\"dateModified\":\"2020-02-10T11:36:29+00:00\",\"breadcrumb\":{\"@id\":\"https:\\\/\\\/www.anovapeneira.gal\\\/index.php\\\/2020\\\/02\\\/10\\\/entroido-en-salceda-mais-de-130-anos-de-historia-dun-enfrontamento\\\/#breadcrumb\"},\"inLanguage\":\"gl-ES\",\"potentialAction\":[{\"@type\":\"ReadAction\",\"target\":[\"https:\\\/\\\/www.anovapeneira.gal\\\/index.php\\\/2020\\\/02\\\/10\\\/entroido-en-salceda-mais-de-130-anos-de-historia-dun-enfrontamento\\\/\"]}]},{\"@type\":\"ImageObject\",\"inLanguage\":\"gl-ES\",\"@id\":\"https:\\\/\\\/www.anovapeneira.gal\\\/index.php\\\/2020\\\/02\\\/10\\\/entroido-en-salceda-mais-de-130-anos-de-historia-dun-enfrontamento\\\/#primaryimage\",\"url\":\"https:\\\/\\\/www.anovapeneira.gal\\\/wp-content\\\/uploads\\\/2020\\\/02\\\/entroido_salceda_a_nova_peneira.jpg\",\"contentUrl\":\"https:\\\/\\\/www.anovapeneira.gal\\\/wp-content\\\/uploads\\\/2020\\\/02\\\/entroido_salceda_a_nova_peneira.jpg\",\"width\":1772,\"height\":1181,\"caption\":\"Entroido Salceda de Caselas A Nova Peneira\"},{\"@type\":\"BreadcrumbList\",\"@id\":\"https:\\\/\\\/www.anovapeneira.gal\\\/index.php\\\/2020\\\/02\\\/10\\\/entroido-en-salceda-mais-de-130-anos-de-historia-dun-enfrontamento\\\/#breadcrumb\",\"itemListElement\":[{\"@type\":\"ListItem\",\"position\":1,\"name\":\"Portada\",\"item\":\"https:\\\/\\\/www.anovapeneira.gal\\\/\"},{\"@type\":\"ListItem\",\"position\":2,\"name\":\"Entroido en Salceda: m\u00e1is de 130 anos de historia dun enfrontamento\"}]},{\"@type\":\"WebSite\",\"@id\":\"https:\\\/\\\/www.anovapeneira.gal\\\/#website\",\"url\":\"https:\\\/\\\/www.anovapeneira.gal\\\/\",\"name\":\"\",\"description\":\"Xornal galego de informaci\u00f3n xeral Publicaci\u00f3n mensual de novas de Galicia e en especial dos Concellos da sur da provincia de Pontevedra.\",\"publisher\":{\"@id\":\"https:\\\/\\\/www.anovapeneira.gal\\\/#organization\"},\"potentialAction\":[{\"@type\":\"SearchAction\",\"target\":{\"@type\":\"EntryPoint\",\"urlTemplate\":\"https:\\\/\\\/www.anovapeneira.gal\\\/?s={search_term_string}\"},\"query-input\":{\"@type\":\"PropertyValueSpecification\",\"valueRequired\":true,\"valueName\":\"search_term_string\"}}],\"inLanguage\":\"gl-ES\"},{\"@type\":\"Organization\",\"@id\":\"https:\\\/\\\/www.anovapeneira.gal\\\/#organization\",\"name\":\"A Nova Peneira\",\"url\":\"https:\\\/\\\/www.anovapeneira.gal\\\/\",\"logo\":{\"@type\":\"ImageObject\",\"inLanguage\":\"gl-ES\",\"@id\":\"https:\\\/\\\/www.anovapeneira.gal\\\/#\\\/schema\\\/logo\\\/image\\\/\",\"url\":\"http:\\\/\\\/www.anovapeneira.gal\\\/wp-content\\\/uploads\\\/2019\\\/06\\\/logo_a_nova_peneira_portal_web.png\",\"contentUrl\":\"http:\\\/\\\/www.anovapeneira.gal\\\/wp-content\\\/uploads\\\/2019\\\/06\\\/logo_a_nova_peneira_portal_web.png\",\"width\":300,\"height\":100,\"caption\":\"A Nova Peneira\"},\"image\":{\"@id\":\"https:\\\/\\\/www.anovapeneira.gal\\\/#\\\/schema\\\/logo\\\/image\\\/\"},\"sameAs\":[\"https:\\\/\\\/www.facebook.com\\\/anovapeneira\",\"https:\\\/\\\/x.com\\\/APeneira\"]},{\"@type\":\"Person\",\"@id\":\"https:\\\/\\\/www.anovapeneira.gal\\\/#\\\/schema\\\/person\\\/b93e3f8932e3f8da96334607eb6ac6aa\",\"name\":\"Redacci\u00f3n A Nova Peneira\",\"image\":{\"@type\":\"ImageObject\",\"inLanguage\":\"gl-ES\",\"@id\":\"https:\\\/\\\/secure.gravatar.com\\\/avatar\\\/c052a2551a06e23fac63626232eaa90abd78dbcf1700fc46a2b2c89fd27b735f?s=96&d=mm&r=g\",\"url\":\"https:\\\/\\\/secure.gravatar.com\\\/avatar\\\/c052a2551a06e23fac63626232eaa90abd78dbcf1700fc46a2b2c89fd27b735f?s=96&d=mm&r=g\",\"contentUrl\":\"https:\\\/\\\/secure.gravatar.com\\\/avatar\\\/c052a2551a06e23fac63626232eaa90abd78dbcf1700fc46a2b2c89fd27b735f?s=96&d=mm&r=g\",\"caption\":\"Redacci\u00f3n A Nova Peneira\"},\"sameAs\":[\"http:\\\/\\\/www.anovapeneira.gal\\\/\"],\"url\":\"https:\\\/\\\/www.anovapeneira.gal\\\/index.php\\\/author\\\/redactor\\\/\"}]}<\/script>\n<!-- \/ Yoast SEO plugin. -->","yoast_head_json":{"title":"Entroido en Salceda: m\u00e1is de 130 anos de historia dun enfrontamento -","robots":{"index":"index","follow":"follow","max-snippet":"max-snippet:-1","max-image-preview":"max-image-preview:large","max-video-preview":"max-video-preview:-1"},"canonical":"https:\/\/www.anovapeneira.gal\/index.php\/2020\/02\/10\/entroido-en-salceda-mais-de-130-anos-de-historia-dun-enfrontamento\/","og_locale":"gl_ES","og_type":"article","og_title":"Entroido en Salceda: m\u00e1is de 130 anos de historia dun enfrontamento -","og_description":"A Casa da Cultura Castelao acolleu esta ma\u00f1\u00e1 a presentaci\u00f3n do que probablemente sexa un dos entroidos m\u00e1is antigos da provincia, [...]","og_url":"https:\/\/www.anovapeneira.gal\/index.php\/2020\/02\/10\/entroido-en-salceda-mais-de-130-anos-de-historia-dun-enfrontamento\/","article_publisher":"https:\/\/www.facebook.com\/anovapeneira","article_published_time":"2020-02-10T09:00:08+00:00","article_modified_time":"2020-02-10T11:36:29+00:00","og_image":[{"width":1024,"height":682,"url":"https:\/\/www.anovapeneira.gal\/wp-content\/uploads\/2020\/02\/entroido_salceda_a_nova_peneira-1024x682.jpg","type":"image\/jpeg"}],"author":"Redacci\u00f3n A Nova Peneira","twitter_card":"summary_large_image","twitter_creator":"@APeneira","twitter_site":"@APeneira","twitter_misc":{"Escrito por":"Redacci\u00f3n A Nova Peneira","Tempo de lectura":"4 minutos"},"schema":{"@context":"https:\/\/schema.org","@graph":[{"@type":"Article","@id":"https:\/\/www.anovapeneira.gal\/index.php\/2020\/02\/10\/entroido-en-salceda-mais-de-130-anos-de-historia-dun-enfrontamento\/#article","isPartOf":{"@id":"https:\/\/www.anovapeneira.gal\/index.php\/2020\/02\/10\/entroido-en-salceda-mais-de-130-anos-de-historia-dun-enfrontamento\/"},"author":{"name":"Redacci\u00f3n A Nova Peneira","@id":"https:\/\/www.anovapeneira.gal\/#\/schema\/person\/b93e3f8932e3f8da96334607eb6ac6aa"},"headline":"Entroido en Salceda: m\u00e1is de 130 anos de historia dun enfrontamento","datePublished":"2020-02-10T09:00:08+00:00","dateModified":"2020-02-10T11:36:29+00:00","mainEntityOfPage":{"@id":"https:\/\/www.anovapeneira.gal\/index.php\/2020\/02\/10\/entroido-en-salceda-mais-de-130-anos-de-historia-dun-enfrontamento\/"},"wordCount":812,"commentCount":0,"publisher":{"@id":"https:\/\/www.anovapeneira.gal\/#organization"},"image":{"@id":"https:\/\/www.anovapeneira.gal\/index.php\/2020\/02\/10\/entroido-en-salceda-mais-de-130-anos-de-historia-dun-enfrontamento\/#primaryimage"},"thumbnailUrl":"https:\/\/www.anovapeneira.gal\/wp-content\/uploads\/2020\/02\/entroido_salceda_a_nova_peneira.jpg","keywords":["Entroido","Salceda de Caselas"],"articleSection":["A Louri\u00f1a"],"inLanguage":"gl-ES","potentialAction":[{"@type":"CommentAction","name":"Comment","target":["https:\/\/www.anovapeneira.gal\/index.php\/2020\/02\/10\/entroido-en-salceda-mais-de-130-anos-de-historia-dun-enfrontamento\/#respond"]}]},{"@type":"WebPage","@id":"https:\/\/www.anovapeneira.gal\/index.php\/2020\/02\/10\/entroido-en-salceda-mais-de-130-anos-de-historia-dun-enfrontamento\/","url":"https:\/\/www.anovapeneira.gal\/index.php\/2020\/02\/10\/entroido-en-salceda-mais-de-130-anos-de-historia-dun-enfrontamento\/","name":"Entroido en Salceda: m\u00e1is de 130 anos de historia dun enfrontamento -","isPartOf":{"@id":"https:\/\/www.anovapeneira.gal\/#website"},"primaryImageOfPage":{"@id":"https:\/\/www.anovapeneira.gal\/index.php\/2020\/02\/10\/entroido-en-salceda-mais-de-130-anos-de-historia-dun-enfrontamento\/#primaryimage"},"image":{"@id":"https:\/\/www.anovapeneira.gal\/index.php\/2020\/02\/10\/entroido-en-salceda-mais-de-130-anos-de-historia-dun-enfrontamento\/#primaryimage"},"thumbnailUrl":"https:\/\/www.anovapeneira.gal\/wp-content\/uploads\/2020\/02\/entroido_salceda_a_nova_peneira.jpg","datePublished":"2020-02-10T09:00:08+00:00","dateModified":"2020-02-10T11:36:29+00:00","breadcrumb":{"@id":"https:\/\/www.anovapeneira.gal\/index.php\/2020\/02\/10\/entroido-en-salceda-mais-de-130-anos-de-historia-dun-enfrontamento\/#breadcrumb"},"inLanguage":"gl-ES","potentialAction":[{"@type":"ReadAction","target":["https:\/\/www.anovapeneira.gal\/index.php\/2020\/02\/10\/entroido-en-salceda-mais-de-130-anos-de-historia-dun-enfrontamento\/"]}]},{"@type":"ImageObject","inLanguage":"gl-ES","@id":"https:\/\/www.anovapeneira.gal\/index.php\/2020\/02\/10\/entroido-en-salceda-mais-de-130-anos-de-historia-dun-enfrontamento\/#primaryimage","url":"https:\/\/www.anovapeneira.gal\/wp-content\/uploads\/2020\/02\/entroido_salceda_a_nova_peneira.jpg","contentUrl":"https:\/\/www.anovapeneira.gal\/wp-content\/uploads\/2020\/02\/entroido_salceda_a_nova_peneira.jpg","width":1772,"height":1181,"caption":"Entroido Salceda de Caselas A Nova Peneira"},{"@type":"BreadcrumbList","@id":"https:\/\/www.anovapeneira.gal\/index.php\/2020\/02\/10\/entroido-en-salceda-mais-de-130-anos-de-historia-dun-enfrontamento\/#breadcrumb","itemListElement":[{"@type":"ListItem","position":1,"name":"Portada","item":"https:\/\/www.anovapeneira.gal\/"},{"@type":"ListItem","position":2,"name":"Entroido en Salceda: m\u00e1is de 130 anos de historia dun enfrontamento"}]},{"@type":"WebSite","@id":"https:\/\/www.anovapeneira.gal\/#website","url":"https:\/\/www.anovapeneira.gal\/","name":"","description":"Xornal galego de informaci\u00f3n xeral Publicaci\u00f3n mensual de novas de Galicia e en especial dos Concellos da sur da provincia de Pontevedra.","publisher":{"@id":"https:\/\/www.anovapeneira.gal\/#organization"},"potentialAction":[{"@type":"SearchAction","target":{"@type":"EntryPoint","urlTemplate":"https:\/\/www.anovapeneira.gal\/?s={search_term_string}"},"query-input":{"@type":"PropertyValueSpecification","valueRequired":true,"valueName":"search_term_string"}}],"inLanguage":"gl-ES"},{"@type":"Organization","@id":"https:\/\/www.anovapeneira.gal\/#organization","name":"A Nova Peneira","url":"https:\/\/www.anovapeneira.gal\/","logo":{"@type":"ImageObject","inLanguage":"gl-ES","@id":"https:\/\/www.anovapeneira.gal\/#\/schema\/logo\/image\/","url":"http:\/\/www.anovapeneira.gal\/wp-content\/uploads\/2019\/06\/logo_a_nova_peneira_portal_web.png","contentUrl":"http:\/\/www.anovapeneira.gal\/wp-content\/uploads\/2019\/06\/logo_a_nova_peneira_portal_web.png","width":300,"height":100,"caption":"A Nova Peneira"},"image":{"@id":"https:\/\/www.anovapeneira.gal\/#\/schema\/logo\/image\/"},"sameAs":["https:\/\/www.facebook.com\/anovapeneira","https:\/\/x.com\/APeneira"]},{"@type":"Person","@id":"https:\/\/www.anovapeneira.gal\/#\/schema\/person\/b93e3f8932e3f8da96334607eb6ac6aa","name":"Redacci\u00f3n A Nova Peneira","image":{"@type":"ImageObject","inLanguage":"gl-ES","@id":"https:\/\/secure.gravatar.com\/avatar\/c052a2551a06e23fac63626232eaa90abd78dbcf1700fc46a2b2c89fd27b735f?s=96&d=mm&r=g","url":"https:\/\/secure.gravatar.com\/avatar\/c052a2551a06e23fac63626232eaa90abd78dbcf1700fc46a2b2c89fd27b735f?s=96&d=mm&r=g","contentUrl":"https:\/\/secure.gravatar.com\/avatar\/c052a2551a06e23fac63626232eaa90abd78dbcf1700fc46a2b2c89fd27b735f?s=96&d=mm&r=g","caption":"Redacci\u00f3n A Nova Peneira"},"sameAs":["http:\/\/www.anovapeneira.gal\/"],"url":"https:\/\/www.anovapeneira.gal\/index.php\/author\/redactor\/"}]}},"jetpack_featured_media_url":"https:\/\/www.anovapeneira.gal\/wp-content\/uploads\/2020\/02\/entroido_salceda_a_nova_peneira.jpg","_links":{"self":[{"href":"https:\/\/www.anovapeneira.gal\/index.php\/wp-json\/wp\/v2\/posts\/2476","targetHints":{"allow":["GET"]}}],"collection":[{"href":"https:\/\/www.anovapeneira.gal\/index.php\/wp-json\/wp\/v2\/posts"}],"about":[{"href":"https:\/\/www.anovapeneira.gal\/index.php\/wp-json\/wp\/v2\/types\/post"}],"author":[{"embeddable":true,"href":"https:\/\/www.anovapeneira.gal\/index.php\/wp-json\/wp\/v2\/users\/3"}],"replies":[{"embeddable":true,"href":"https:\/\/www.anovapeneira.gal\/index.php\/wp-json\/wp\/v2\/comments?post=2476"}],"version-history":[{"count":2,"href":"https:\/\/www.anovapeneira.gal\/index.php\/wp-json\/wp\/v2\/posts\/2476\/revisions"}],"predecessor-version":[{"id":2531,"href":"https:\/\/www.anovapeneira.gal\/index.php\/wp-json\/wp\/v2\/posts\/2476\/revisions\/2531"}],"wp:featuredmedia":[{"embeddable":true,"href":"https:\/\/www.anovapeneira.gal\/index.php\/wp-json\/wp\/v2\/media\/2477"}],"wp:attachment":[{"href":"https:\/\/www.anovapeneira.gal\/index.php\/wp-json\/wp\/v2\/media?parent=2476"}],"wp:term":[{"taxonomy":"category","embeddable":true,"href":"https:\/\/www.anovapeneira.gal\/index.php\/wp-json\/wp\/v2\/categories?post=2476"},{"taxonomy":"post_tag","embeddable":true,"href":"https:\/\/www.anovapeneira.gal\/index.php\/wp-json\/wp\/v2\/tags?post=2476"}],"curies":[{"name":"wp","href":"https:\/\/api.w.org\/{rel}","templated":true}]}}