{"id":2479,"date":"2020-02-10T12:00:13","date_gmt":"2020-02-10T11:00:13","guid":{"rendered":"http:\/\/www.anovapeneira.gal\/?p=2479"},"modified":"2020-02-09T13:36:35","modified_gmt":"2020-02-09T12:36:35","slug":"a-xustiza-da-sospeita-e-ruin-tamen-estreita","status":"publish","type":"post","link":"https:\/\/www.anovapeneira.gal\/index.php\/2020\/02\/10\/a-xustiza-da-sospeita-e-ruin-tamen-estreita\/","title":{"rendered":"A xustiza da sospeita \u00e9 ru\u00edn, tam\u00e9n estreita!"},"content":{"rendered":"\n<figure class=\"wp-block-image size-large is-resized\"><img loading=\"lazy\" decoding=\"async\" src=\"http:\/\/www.anovapeneira.gal\/wp-content\/uploads\/2019\/07\/Baldomero_Iglesias_Dobarrio_Mero.jpg\" alt=\"Baldomero Iglesias Dobarrio Mero artigos de opini\u00f3n A Nova Peneira\" class=\"wp-image-482\" width=\"95\" height=\"111\"\/><figcaption>Baldomero Iglesias Dobarrio, Mero<\/figcaption><\/figure>\n\n\n\n<p>Hai tantos temas neste comezo de ano, tantos que nos poidan preocupar e levar a dar algunha raz\u00f3n ao respecto, que un non sabe cal escoller nin por onde empezar. Alg\u00fans, case todos, son problemas que ve\u00f1en de atr\u00e1s pero que se aguzan e van facendo m\u00e1is ferintes e duros, grandes, m\u00e1is crueis no momento de resolver, precisamente por deixalos pasar pendurados no tempo, pensando quizais se ama\u00f1asen no esquecemento.  <\/p>\n\n\n\n<p>\nAnque\nas cousas nunca se ama\u00f1aron as\u00ed. Son problemas que pens\u00e1ndoo ben\nson culpa&nbsp; do poder en exceso, do abuso dos recursos e de\nrepartici\u00f3ns mal feitas nesta xeograf\u00eda nosa, entre persoas que\nqueren dirixir o mundo, xestionalo ao seu interese coma se fosen o\ncentro do mundo, do \u201cseu\u201d mundo. \n<\/p>\n\n\n\n<p>\nTodo\nnace desa ambici\u00f3n posesiva, de desmedida ansia que crea as\n\u201cdiferencias&nbsp; do aparente\u201d. Nace nese abuso que cada vez \u00e9\nm\u00e1is soberbio e que fai que uns vivan moi ben e os demais coas\nsobras deses que tan ben viven. A distancia \u00e9 ben notoria: de ricos\ne unha ringleira enorme de pobres. Os ricos asumen o poder que lles\nconfiren os cartos e po\u00f1en condici\u00f3ns para un reparto\ndesequilibrado, segundo lles conve\u00f1a, da s\u00faa riqueza a cambio de\ntraballos nos que se quedan sempre a mellor tallada e o beneficio\ncase total, xa se sabe que eles non deben perder nin saben sequera\narriscar, por iso os traballos son precarios e desequilibrados. A\nsoluci\u00f3n haina e todos sabemos dela, porque vai desembocar, co paso\ndo tempo, nunha revolta como sucedeu sempre ao longo da historia, en\nremedios violentos e de non aceptar o reparto tan mal feito, que\nsempre precisar\u00e1 de moitas emendas.<\/p>\n\n\n\n<p>\nHaber\u00eda\nque prohibir a riqueza porque de por si, xa \u00e9 inxusta. Ning\u00fan pais\ndeber\u00eda aceptar esas enormes inmoralidades econ\u00f3micas e\nespeculativas nas que algu\u00e9n se fai m\u00e1is rico do que \u00e9 capaz de\ncontabilizar. Esa riqueza faise posesiva, s\u00f3 duns poucos e impide\ncalquera equilibrio social. Mesmo evaden obrigas e as necesarias\ncotizaci\u00f3ns que \u2013previsiblemente- eran de reparto e\nacondicionamento contable. Non \u00e9 moi doado. Os ricos son sempre moi\namigos dos que mandan. E iso provoca o que est\u00e1 sucedendo, xa que as\nleis non reconducen o desfalco, nin a trampa. Agora, m\u00e1is ben, son\nc\u00f3mplices do desaxuste. A readaptaci\u00f3n dos regulamentos non dan\nestado ao d\u00eda para corrixir demandas e, moito menos, para facer o\nben. Sequera ter intenci\u00f3n de reverter as terribles diferencias, que\ncausan tanto mal e tanta angustia.<\/p>\n\n\n\n<p>\nHaber\u00eda\nque cambiar a t\u00e1ctica, o sistema que levamos, pois a\u00ed habita o\ndesigual principio dunha xustiza que non \u00e9 equitativa nin\nproporcional, nin sequera xusta. Unha xustiza que sospeita dos pobres\ne conf\u00eda nos ricos, que pon couto \u00e1s liberdades, \u00e1 de expresi\u00f3n,\n\u00e1 de ser quen somos, a de protecci\u00f3n ao acceso \u00e1 auga limpa, ao\naire limpo, a unha terra boa e nosa, \u00e1 nosa Lingua en propiedade, a\ndecretos e argumentos de protecci\u00f3n aos marxinados e m\u00e1is\nsensibles. A sentirnos libres e protexidos. \n<\/p>\n\n\n\n<p>\nXorden\nos descridos, que non se f\u00edan loxicamente. E hai outros a\u00ednda\npeores, os involucionistas e negacionistas, troleiros que crean\ninestabilidade e c\u00f3mennos o futuro desde os seus posicionamentos\nintransixentes, racistas e fascistas, ou tan s\u00f3 con negaren a\nverdade e a evidencia, ou tam\u00e9n a historia, que aqu\u00ed nos trouxo. \n<\/p>\n\n\n\n<p>\nDebemos\nreaccionar e dicir que non, c\u00f3mpre actuar xa, negarnos e recuperar o\nrespecto polo noso medio, polas liberdades, pero tam\u00e9n polo respecto\na n\u00f3s e por unha xusta distribuci\u00f3n que a\u00ednda non se garante no\nmedio destas leis e decretos e que, no seu d\u00eda, ter\u00e1n de novo ser\nredactadas e facelas m\u00e1is de todos e para todos.<\/p>\n","protected":false},"excerpt":{"rendered":"<div class=\"mh-excerpt\"><p>Hai tantos temas neste comezo de ano, tantos que nos poidan preocupar e levar a dar algunha raz\u00f3n ao respecto, que un non sabe cal escoller nin por onde empezar <a class=\"mh-excerpt-more\" href=\"https:\/\/www.anovapeneira.gal\/index.php\/2020\/02\/10\/a-xustiza-da-sospeita-e-ruin-tamen-estreita\/\" title=\"A xustiza da sospeita \u00e9 ru\u00edn, tam\u00e9n estreita!\">[&#8230;]<\/a><\/p>\n<\/div>","protected":false},"author":5,"featured_media":584,"comment_status":"open","ping_status":"open","sticky":false,"template":"","format":"standard","meta":{"_exactmetrics_skip_tracking":false,"_exactmetrics_sitenote_active":false,"_exactmetrics_sitenote_note":"","_exactmetrics_sitenote_category":0,"footnotes":""},"categories":[7],"tags":[],"class_list":{"0":"post-2479","1":"post","2":"type-post","3":"status-publish","4":"format-standard","5":"has-post-thumbnail","7":"category-artigos-de-opinion"},"yoast_head":"<!-- This site is optimized with the Yoast SEO plugin v27.4 - https:\/\/yoast.com\/product\/yoast-seo-wordpress\/ -->\n<title>A xustiza da sospeita \u00e9 ru\u00edn, tam\u00e9n estreita! -<\/title>\n<meta name=\"robots\" content=\"index, follow, max-snippet:-1, max-image-preview:large, max-video-preview:-1\" \/>\n<link rel=\"canonical\" href=\"https:\/\/www.anovapeneira.gal\/index.php\/2020\/02\/10\/a-xustiza-da-sospeita-e-ruin-tamen-estreita\/\" \/>\n<meta property=\"og:locale\" content=\"gl_ES\" \/>\n<meta property=\"og:type\" content=\"article\" \/>\n<meta property=\"og:title\" content=\"A xustiza da sospeita \u00e9 ru\u00edn, tam\u00e9n estreita! -\" \/>\n<meta property=\"og:description\" content=\"Hai tantos temas neste comezo de ano, tantos que nos poidan preocupar e levar a dar algunha raz\u00f3n ao respecto, que un non sabe cal escoller nin por onde empezar [...]\" \/>\n<meta property=\"og:url\" content=\"https:\/\/www.anovapeneira.gal\/index.php\/2020\/02\/10\/a-xustiza-da-sospeita-e-ruin-tamen-estreita\/\" \/>\n<meta property=\"article:publisher\" content=\"https:\/\/www.facebook.com\/anovapeneira\" \/>\n<meta property=\"article:published_time\" content=\"2020-02-10T11:00:13+00:00\" \/>\n<meta property=\"og:image\" content=\"https:\/\/www.anovapeneira.gal\/wp-content\/uploads\/2019\/07\/ARTIGO_DE_OPINION_A_NOVA_PENEIRA.jpg\" \/>\n\t<meta property=\"og:image:width\" content=\"720\" \/>\n\t<meta property=\"og:image:height\" content=\"473\" \/>\n\t<meta property=\"og:image:type\" content=\"image\/jpeg\" \/>\n<meta name=\"author\" content=\"Baldomero Iglesias Dobarrio, Mero\" \/>\n<meta name=\"twitter:card\" content=\"summary_large_image\" \/>\n<meta name=\"twitter:creator\" content=\"@APeneira\" \/>\n<meta name=\"twitter:site\" content=\"@APeneira\" \/>\n<meta name=\"twitter:label1\" content=\"Escrito por\" \/>\n\t<meta name=\"twitter:data1\" content=\"Baldomero Iglesias Dobarrio, Mero\" \/>\n\t<meta name=\"twitter:label2\" content=\"Tempo de lectura\" \/>\n\t<meta name=\"twitter:data2\" content=\"3 minutos\" \/>\n<script type=\"application\/ld+json\" class=\"yoast-schema-graph\">{\"@context\":\"https:\\\/\\\/schema.org\",\"@graph\":[{\"@type\":\"Article\",\"@id\":\"https:\\\/\\\/www.anovapeneira.gal\\\/index.php\\\/2020\\\/02\\\/10\\\/a-xustiza-da-sospeita-e-ruin-tamen-estreita\\\/#article\",\"isPartOf\":{\"@id\":\"https:\\\/\\\/www.anovapeneira.gal\\\/index.php\\\/2020\\\/02\\\/10\\\/a-xustiza-da-sospeita-e-ruin-tamen-estreita\\\/\"},\"author\":{\"name\":\"Baldomero Iglesias Dobarrio, Mero\",\"@id\":\"https:\\\/\\\/www.anovapeneira.gal\\\/#\\\/schema\\\/person\\\/b051ed40cfc100e281476674783b32fc\"},\"headline\":\"A xustiza da sospeita \u00e9 ru\u00edn, tam\u00e9n estreita!\",\"datePublished\":\"2020-02-10T11:00:13+00:00\",\"mainEntityOfPage\":{\"@id\":\"https:\\\/\\\/www.anovapeneira.gal\\\/index.php\\\/2020\\\/02\\\/10\\\/a-xustiza-da-sospeita-e-ruin-tamen-estreita\\\/\"},\"wordCount\":661,\"commentCount\":0,\"publisher\":{\"@id\":\"https:\\\/\\\/www.anovapeneira.gal\\\/#organization\"},\"image\":{\"@id\":\"https:\\\/\\\/www.anovapeneira.gal\\\/index.php\\\/2020\\\/02\\\/10\\\/a-xustiza-da-sospeita-e-ruin-tamen-estreita\\\/#primaryimage\"},\"thumbnailUrl\":\"https:\\\/\\\/www.anovapeneira.gal\\\/wp-content\\\/uploads\\\/2019\\\/07\\\/ARTIGO_DE_OPINION_A_NOVA_PENEIRA.jpg\",\"articleSection\":[\"Artigos de opini\u00f3n\"],\"inLanguage\":\"gl-ES\",\"potentialAction\":[{\"@type\":\"CommentAction\",\"name\":\"Comment\",\"target\":[\"https:\\\/\\\/www.anovapeneira.gal\\\/index.php\\\/2020\\\/02\\\/10\\\/a-xustiza-da-sospeita-e-ruin-tamen-estreita\\\/#respond\"]}]},{\"@type\":\"WebPage\",\"@id\":\"https:\\\/\\\/www.anovapeneira.gal\\\/index.php\\\/2020\\\/02\\\/10\\\/a-xustiza-da-sospeita-e-ruin-tamen-estreita\\\/\",\"url\":\"https:\\\/\\\/www.anovapeneira.gal\\\/index.php\\\/2020\\\/02\\\/10\\\/a-xustiza-da-sospeita-e-ruin-tamen-estreita\\\/\",\"name\":\"A xustiza da sospeita \u00e9 ru\u00edn, tam\u00e9n estreita! -\",\"isPartOf\":{\"@id\":\"https:\\\/\\\/www.anovapeneira.gal\\\/#website\"},\"primaryImageOfPage\":{\"@id\":\"https:\\\/\\\/www.anovapeneira.gal\\\/index.php\\\/2020\\\/02\\\/10\\\/a-xustiza-da-sospeita-e-ruin-tamen-estreita\\\/#primaryimage\"},\"image\":{\"@id\":\"https:\\\/\\\/www.anovapeneira.gal\\\/index.php\\\/2020\\\/02\\\/10\\\/a-xustiza-da-sospeita-e-ruin-tamen-estreita\\\/#primaryimage\"},\"thumbnailUrl\":\"https:\\\/\\\/www.anovapeneira.gal\\\/wp-content\\\/uploads\\\/2019\\\/07\\\/ARTIGO_DE_OPINION_A_NOVA_PENEIRA.jpg\",\"datePublished\":\"2020-02-10T11:00:13+00:00\",\"breadcrumb\":{\"@id\":\"https:\\\/\\\/www.anovapeneira.gal\\\/index.php\\\/2020\\\/02\\\/10\\\/a-xustiza-da-sospeita-e-ruin-tamen-estreita\\\/#breadcrumb\"},\"inLanguage\":\"gl-ES\",\"potentialAction\":[{\"@type\":\"ReadAction\",\"target\":[\"https:\\\/\\\/www.anovapeneira.gal\\\/index.php\\\/2020\\\/02\\\/10\\\/a-xustiza-da-sospeita-e-ruin-tamen-estreita\\\/\"]}]},{\"@type\":\"ImageObject\",\"inLanguage\":\"gl-ES\",\"@id\":\"https:\\\/\\\/www.anovapeneira.gal\\\/index.php\\\/2020\\\/02\\\/10\\\/a-xustiza-da-sospeita-e-ruin-tamen-estreita\\\/#primaryimage\",\"url\":\"https:\\\/\\\/www.anovapeneira.gal\\\/wp-content\\\/uploads\\\/2019\\\/07\\\/ARTIGO_DE_OPINION_A_NOVA_PENEIRA.jpg\",\"contentUrl\":\"https:\\\/\\\/www.anovapeneira.gal\\\/wp-content\\\/uploads\\\/2019\\\/07\\\/ARTIGO_DE_OPINION_A_NOVA_PENEIRA.jpg\",\"width\":720,\"height\":473,\"caption\":\"Artigo de opini\u00f3n A Nova Peneira\"},{\"@type\":\"BreadcrumbList\",\"@id\":\"https:\\\/\\\/www.anovapeneira.gal\\\/index.php\\\/2020\\\/02\\\/10\\\/a-xustiza-da-sospeita-e-ruin-tamen-estreita\\\/#breadcrumb\",\"itemListElement\":[{\"@type\":\"ListItem\",\"position\":1,\"name\":\"Portada\",\"item\":\"https:\\\/\\\/www.anovapeneira.gal\\\/\"},{\"@type\":\"ListItem\",\"position\":2,\"name\":\"A xustiza da sospeita \u00e9 ru\u00edn, tam\u00e9n estreita!\"}]},{\"@type\":\"WebSite\",\"@id\":\"https:\\\/\\\/www.anovapeneira.gal\\\/#website\",\"url\":\"https:\\\/\\\/www.anovapeneira.gal\\\/\",\"name\":\"\",\"description\":\"Xornal galego de informaci\u00f3n xeral Publicaci\u00f3n mensual de novas de Galicia e en especial dos Concellos da sur da provincia de Pontevedra.\",\"publisher\":{\"@id\":\"https:\\\/\\\/www.anovapeneira.gal\\\/#organization\"},\"potentialAction\":[{\"@type\":\"SearchAction\",\"target\":{\"@type\":\"EntryPoint\",\"urlTemplate\":\"https:\\\/\\\/www.anovapeneira.gal\\\/?s={search_term_string}\"},\"query-input\":{\"@type\":\"PropertyValueSpecification\",\"valueRequired\":true,\"valueName\":\"search_term_string\"}}],\"inLanguage\":\"gl-ES\"},{\"@type\":\"Organization\",\"@id\":\"https:\\\/\\\/www.anovapeneira.gal\\\/#organization\",\"name\":\"A Nova Peneira\",\"url\":\"https:\\\/\\\/www.anovapeneira.gal\\\/\",\"logo\":{\"@type\":\"ImageObject\",\"inLanguage\":\"gl-ES\",\"@id\":\"https:\\\/\\\/www.anovapeneira.gal\\\/#\\\/schema\\\/logo\\\/image\\\/\",\"url\":\"http:\\\/\\\/www.anovapeneira.gal\\\/wp-content\\\/uploads\\\/2019\\\/06\\\/logo_a_nova_peneira_portal_web.png\",\"contentUrl\":\"http:\\\/\\\/www.anovapeneira.gal\\\/wp-content\\\/uploads\\\/2019\\\/06\\\/logo_a_nova_peneira_portal_web.png\",\"width\":300,\"height\":100,\"caption\":\"A Nova Peneira\"},\"image\":{\"@id\":\"https:\\\/\\\/www.anovapeneira.gal\\\/#\\\/schema\\\/logo\\\/image\\\/\"},\"sameAs\":[\"https:\\\/\\\/www.facebook.com\\\/anovapeneira\",\"https:\\\/\\\/x.com\\\/APeneira\"]},{\"@type\":\"Person\",\"@id\":\"https:\\\/\\\/www.anovapeneira.gal\\\/#\\\/schema\\\/person\\\/b051ed40cfc100e281476674783b32fc\",\"name\":\"Baldomero Iglesias Dobarrio, Mero\",\"image\":{\"@type\":\"ImageObject\",\"inLanguage\":\"gl-ES\",\"@id\":\"https:\\\/\\\/secure.gravatar.com\\\/avatar\\\/ca78fc089f8cf28197f88de2c9ac213e2f7d2097d8e359d9359b8778b539c59d?s=96&d=mm&r=g\",\"url\":\"https:\\\/\\\/secure.gravatar.com\\\/avatar\\\/ca78fc089f8cf28197f88de2c9ac213e2f7d2097d8e359d9359b8778b539c59d?s=96&d=mm&r=g\",\"contentUrl\":\"https:\\\/\\\/secure.gravatar.com\\\/avatar\\\/ca78fc089f8cf28197f88de2c9ac213e2f7d2097d8e359d9359b8778b539c59d?s=96&d=mm&r=g\",\"caption\":\"Baldomero Iglesias Dobarrio, Mero\"},\"sameAs\":[\"http:\\\/\\\/anovapeneira.gal\"],\"url\":\"https:\\\/\\\/www.anovapeneira.gal\\\/index.php\\\/author\\\/opinionmero\\\/\"}]}<\/script>\n<!-- \/ Yoast SEO plugin. -->","yoast_head_json":{"title":"A xustiza da sospeita \u00e9 ru\u00edn, tam\u00e9n estreita! -","robots":{"index":"index","follow":"follow","max-snippet":"max-snippet:-1","max-image-preview":"max-image-preview:large","max-video-preview":"max-video-preview:-1"},"canonical":"https:\/\/www.anovapeneira.gal\/index.php\/2020\/02\/10\/a-xustiza-da-sospeita-e-ruin-tamen-estreita\/","og_locale":"gl_ES","og_type":"article","og_title":"A xustiza da sospeita \u00e9 ru\u00edn, tam\u00e9n estreita! -","og_description":"Hai tantos temas neste comezo de ano, tantos que nos poidan preocupar e levar a dar algunha raz\u00f3n ao respecto, que un non sabe cal escoller nin por onde empezar [...]","og_url":"https:\/\/www.anovapeneira.gal\/index.php\/2020\/02\/10\/a-xustiza-da-sospeita-e-ruin-tamen-estreita\/","article_publisher":"https:\/\/www.facebook.com\/anovapeneira","article_published_time":"2020-02-10T11:00:13+00:00","og_image":[{"width":720,"height":473,"url":"https:\/\/www.anovapeneira.gal\/wp-content\/uploads\/2019\/07\/ARTIGO_DE_OPINION_A_NOVA_PENEIRA.jpg","type":"image\/jpeg"}],"author":"Baldomero Iglesias Dobarrio, Mero","twitter_card":"summary_large_image","twitter_creator":"@APeneira","twitter_site":"@APeneira","twitter_misc":{"Escrito por":"Baldomero Iglesias Dobarrio, Mero","Tempo de lectura":"3 minutos"},"schema":{"@context":"https:\/\/schema.org","@graph":[{"@type":"Article","@id":"https:\/\/www.anovapeneira.gal\/index.php\/2020\/02\/10\/a-xustiza-da-sospeita-e-ruin-tamen-estreita\/#article","isPartOf":{"@id":"https:\/\/www.anovapeneira.gal\/index.php\/2020\/02\/10\/a-xustiza-da-sospeita-e-ruin-tamen-estreita\/"},"author":{"name":"Baldomero Iglesias Dobarrio, Mero","@id":"https:\/\/www.anovapeneira.gal\/#\/schema\/person\/b051ed40cfc100e281476674783b32fc"},"headline":"A xustiza da sospeita \u00e9 ru\u00edn, tam\u00e9n estreita!","datePublished":"2020-02-10T11:00:13+00:00","mainEntityOfPage":{"@id":"https:\/\/www.anovapeneira.gal\/index.php\/2020\/02\/10\/a-xustiza-da-sospeita-e-ruin-tamen-estreita\/"},"wordCount":661,"commentCount":0,"publisher":{"@id":"https:\/\/www.anovapeneira.gal\/#organization"},"image":{"@id":"https:\/\/www.anovapeneira.gal\/index.php\/2020\/02\/10\/a-xustiza-da-sospeita-e-ruin-tamen-estreita\/#primaryimage"},"thumbnailUrl":"https:\/\/www.anovapeneira.gal\/wp-content\/uploads\/2019\/07\/ARTIGO_DE_OPINION_A_NOVA_PENEIRA.jpg","articleSection":["Artigos de opini\u00f3n"],"inLanguage":"gl-ES","potentialAction":[{"@type":"CommentAction","name":"Comment","target":["https:\/\/www.anovapeneira.gal\/index.php\/2020\/02\/10\/a-xustiza-da-sospeita-e-ruin-tamen-estreita\/#respond"]}]},{"@type":"WebPage","@id":"https:\/\/www.anovapeneira.gal\/index.php\/2020\/02\/10\/a-xustiza-da-sospeita-e-ruin-tamen-estreita\/","url":"https:\/\/www.anovapeneira.gal\/index.php\/2020\/02\/10\/a-xustiza-da-sospeita-e-ruin-tamen-estreita\/","name":"A xustiza da sospeita \u00e9 ru\u00edn, tam\u00e9n estreita! -","isPartOf":{"@id":"https:\/\/www.anovapeneira.gal\/#website"},"primaryImageOfPage":{"@id":"https:\/\/www.anovapeneira.gal\/index.php\/2020\/02\/10\/a-xustiza-da-sospeita-e-ruin-tamen-estreita\/#primaryimage"},"image":{"@id":"https:\/\/www.anovapeneira.gal\/index.php\/2020\/02\/10\/a-xustiza-da-sospeita-e-ruin-tamen-estreita\/#primaryimage"},"thumbnailUrl":"https:\/\/www.anovapeneira.gal\/wp-content\/uploads\/2019\/07\/ARTIGO_DE_OPINION_A_NOVA_PENEIRA.jpg","datePublished":"2020-02-10T11:00:13+00:00","breadcrumb":{"@id":"https:\/\/www.anovapeneira.gal\/index.php\/2020\/02\/10\/a-xustiza-da-sospeita-e-ruin-tamen-estreita\/#breadcrumb"},"inLanguage":"gl-ES","potentialAction":[{"@type":"ReadAction","target":["https:\/\/www.anovapeneira.gal\/index.php\/2020\/02\/10\/a-xustiza-da-sospeita-e-ruin-tamen-estreita\/"]}]},{"@type":"ImageObject","inLanguage":"gl-ES","@id":"https:\/\/www.anovapeneira.gal\/index.php\/2020\/02\/10\/a-xustiza-da-sospeita-e-ruin-tamen-estreita\/#primaryimage","url":"https:\/\/www.anovapeneira.gal\/wp-content\/uploads\/2019\/07\/ARTIGO_DE_OPINION_A_NOVA_PENEIRA.jpg","contentUrl":"https:\/\/www.anovapeneira.gal\/wp-content\/uploads\/2019\/07\/ARTIGO_DE_OPINION_A_NOVA_PENEIRA.jpg","width":720,"height":473,"caption":"Artigo de opini\u00f3n A Nova Peneira"},{"@type":"BreadcrumbList","@id":"https:\/\/www.anovapeneira.gal\/index.php\/2020\/02\/10\/a-xustiza-da-sospeita-e-ruin-tamen-estreita\/#breadcrumb","itemListElement":[{"@type":"ListItem","position":1,"name":"Portada","item":"https:\/\/www.anovapeneira.gal\/"},{"@type":"ListItem","position":2,"name":"A xustiza da sospeita \u00e9 ru\u00edn, tam\u00e9n estreita!"}]},{"@type":"WebSite","@id":"https:\/\/www.anovapeneira.gal\/#website","url":"https:\/\/www.anovapeneira.gal\/","name":"","description":"Xornal galego de informaci\u00f3n xeral Publicaci\u00f3n mensual de novas de Galicia e en especial dos Concellos da sur da provincia de Pontevedra.","publisher":{"@id":"https:\/\/www.anovapeneira.gal\/#organization"},"potentialAction":[{"@type":"SearchAction","target":{"@type":"EntryPoint","urlTemplate":"https:\/\/www.anovapeneira.gal\/?s={search_term_string}"},"query-input":{"@type":"PropertyValueSpecification","valueRequired":true,"valueName":"search_term_string"}}],"inLanguage":"gl-ES"},{"@type":"Organization","@id":"https:\/\/www.anovapeneira.gal\/#organization","name":"A Nova Peneira","url":"https:\/\/www.anovapeneira.gal\/","logo":{"@type":"ImageObject","inLanguage":"gl-ES","@id":"https:\/\/www.anovapeneira.gal\/#\/schema\/logo\/image\/","url":"http:\/\/www.anovapeneira.gal\/wp-content\/uploads\/2019\/06\/logo_a_nova_peneira_portal_web.png","contentUrl":"http:\/\/www.anovapeneira.gal\/wp-content\/uploads\/2019\/06\/logo_a_nova_peneira_portal_web.png","width":300,"height":100,"caption":"A Nova Peneira"},"image":{"@id":"https:\/\/www.anovapeneira.gal\/#\/schema\/logo\/image\/"},"sameAs":["https:\/\/www.facebook.com\/anovapeneira","https:\/\/x.com\/APeneira"]},{"@type":"Person","@id":"https:\/\/www.anovapeneira.gal\/#\/schema\/person\/b051ed40cfc100e281476674783b32fc","name":"Baldomero Iglesias Dobarrio, Mero","image":{"@type":"ImageObject","inLanguage":"gl-ES","@id":"https:\/\/secure.gravatar.com\/avatar\/ca78fc089f8cf28197f88de2c9ac213e2f7d2097d8e359d9359b8778b539c59d?s=96&d=mm&r=g","url":"https:\/\/secure.gravatar.com\/avatar\/ca78fc089f8cf28197f88de2c9ac213e2f7d2097d8e359d9359b8778b539c59d?s=96&d=mm&r=g","contentUrl":"https:\/\/secure.gravatar.com\/avatar\/ca78fc089f8cf28197f88de2c9ac213e2f7d2097d8e359d9359b8778b539c59d?s=96&d=mm&r=g","caption":"Baldomero Iglesias Dobarrio, Mero"},"sameAs":["http:\/\/anovapeneira.gal"],"url":"https:\/\/www.anovapeneira.gal\/index.php\/author\/opinionmero\/"}]}},"jetpack_featured_media_url":"https:\/\/www.anovapeneira.gal\/wp-content\/uploads\/2019\/07\/ARTIGO_DE_OPINION_A_NOVA_PENEIRA.jpg","_links":{"self":[{"href":"https:\/\/www.anovapeneira.gal\/index.php\/wp-json\/wp\/v2\/posts\/2479","targetHints":{"allow":["GET"]}}],"collection":[{"href":"https:\/\/www.anovapeneira.gal\/index.php\/wp-json\/wp\/v2\/posts"}],"about":[{"href":"https:\/\/www.anovapeneira.gal\/index.php\/wp-json\/wp\/v2\/types\/post"}],"author":[{"embeddable":true,"href":"https:\/\/www.anovapeneira.gal\/index.php\/wp-json\/wp\/v2\/users\/5"}],"replies":[{"embeddable":true,"href":"https:\/\/www.anovapeneira.gal\/index.php\/wp-json\/wp\/v2\/comments?post=2479"}],"version-history":[{"count":1,"href":"https:\/\/www.anovapeneira.gal\/index.php\/wp-json\/wp\/v2\/posts\/2479\/revisions"}],"predecessor-version":[{"id":2480,"href":"https:\/\/www.anovapeneira.gal\/index.php\/wp-json\/wp\/v2\/posts\/2479\/revisions\/2480"}],"wp:featuredmedia":[{"embeddable":true,"href":"https:\/\/www.anovapeneira.gal\/index.php\/wp-json\/wp\/v2\/media\/584"}],"wp:attachment":[{"href":"https:\/\/www.anovapeneira.gal\/index.php\/wp-json\/wp\/v2\/media?parent=2479"}],"wp:term":[{"taxonomy":"category","embeddable":true,"href":"https:\/\/www.anovapeneira.gal\/index.php\/wp-json\/wp\/v2\/categories?post=2479"},{"taxonomy":"post_tag","embeddable":true,"href":"https:\/\/www.anovapeneira.gal\/index.php\/wp-json\/wp\/v2\/tags?post=2479"}],"curies":[{"name":"wp","href":"https:\/\/api.w.org\/{rel}","templated":true}]}}