{"id":2481,"date":"2020-02-10T14:00:38","date_gmt":"2020-02-10T13:00:38","guid":{"rendered":"http:\/\/www.anovapeneira.gal\/?p=2481"},"modified":"2020-02-09T19:53:45","modified_gmt":"2020-02-09T18:53:45","slug":"o-bng-ve-nos-concellos-que-goberna-o-mellor-escaparate-do-que-pode-ofrecer-para-o-conxunto-de-galiza-tras-as-eleccions","status":"publish","type":"post","link":"https:\/\/www.anovapeneira.gal\/index.php\/2020\/02\/10\/o-bng-ve-nos-concellos-que-goberna-o-mellor-escaparate-do-que-pode-ofrecer-para-o-conxunto-de-galiza-tras-as-eleccions\/","title":{"rendered":"O BNG ve nos concellos que goberna \u201co mellor escaparate\u201d do que pode ofrecer para o conxunto de Galiza tras as elecci\u00f3ns"},"content":{"rendered":"\n<h2 class=\"wp-block-heading\"><strong>Cumio\nmunicipal no que o \u201canel de concellos nacionalistas\u201d se\ncompromete a traballar para o cambio real e desaloxar a Feix\u00f3o da\nXunta<\/strong><\/h2>\n\n\n\n<h2 class=\"wp-block-heading\"><strong>Denuncian\nque o Goberno do PP carga aos municipios con competencias impropias\nsen aportar nin medios materiais nin recursos econ\u00f3micos<\/strong><\/h2>\n\n\n\n<h2 class=\"wp-block-heading\"><strong>O\nBloque ve positivo recorrer a v\u00eda xudicial para reclamar a d\u00e9beda\ndo Estado, pero urxe a mudar un modelo de financiamento\ndiscriminatorio<\/strong><\/h2>\n\n\n\n<p> <strong>Santiago de Compostela, 30 de Xaneiro 2020<\/strong><\/p>\n\n\n\n<p>\nO\nBNG celebrou un cumio municipal en Santiago nunha xornada de traballo\nna que reuniu a unha nutrida representaci\u00f3n de alcaldes, alcaldesas\ne responsables dos gobernos locais en pleno ano electoral, e anuncia\nque ese \u201canel de concellos nacionalistas\u201d vai traballar para\nconseguir o cambio real liderado polo Bloque, tendo en conta que son\na mellor carta de presentaci\u00f3n do que a formaci\u00f3n nacionalista\npoder ofrecer ao conxunto do pa\u00eds.<\/p>\n\n\n\n<p>\nA\nviceportavoz parlamentaria, Olla Rodil, compareceu en rolda de prensa\nprecisamente para destacar o papel que os concellos do BNG pretenden\nxogar para \u201cdesaloxar\u201d a  Feix\u00f3o.<\/p>\n\n\n\n<p>\n\u201cQueremos\nvisibilizar o que moitos galegos e galegas viven cada d\u00eda que \u00e9\neste anel de concellos nacionalistas, o mellor escaparate das\npol\u00edticas innovadoras e transformadoras que o BNG ten para ofrecer\nao conxunto do pa\u00eds e que, estou convencida, de que poderemos\ndespregar en toda Galiza este 2020\u201d, salientou Rodil, en referencia\n\u00e1 cita electoral.<\/p>\n\n\n\n<p>\nA\ntrav\u00e9s dos gobernos municipais, explicou, o Bloque demostra que ten\n\u201cun proxecto de pa\u00eds, a diferencia do PP, e demostramos que\nsabemos facer as cousas e que hai unha marca BNG reco\u00f1ecible que se\npode ver nos executivos locais que lideramos, convertidos en\nreferentes, mesmo a nivel internacional. Un exemplo da capacidade  do\nnacionalismo para mellorar a vida das persoas\u201d.<\/p>\n\n\n\n<p>\nA\nmodo de exemplo, salientou que as pol\u00edticas que a formaci\u00f3n\ndesprega en vilas e cidades son\nreferentes en temas que van desde o urbanismo ao ecoloxismo,\ntratamento do lixo e aproveitamento do monte, pol\u00edticas culturais,\nde defensa da lingua e recuperaci\u00f3n do patrimonio, pol\u00edticas\nsociais ou na loita pola igualdade de x\u00e9nero.<\/p>\n\n\n\n<p>\nPara\nestender ese modelo de \u00e9xito a toda Galiza, urxe un cambio real tras\nos comicios, que s\u00f3 \u00e9 posible liderado polo Bloque.<\/p>\n\n\n\n<p>\n\u201c\u00c9\nurxente, e imprescindible desaloxar ao PP da Xunta nas elecci\u00f3ns\ngalegas pero tam\u00e9n \u00e9 fundamental que non s\u00f3 cambien as caras sen\u00f3n\ntam\u00e9n as pol\u00edticas, e para iso \u00e9 necesario que o cambio estea\nliderado polo BNG\u201d, recalcou a viceportavoz parlamentaria.<\/p>\n\n\n\n<p>\nNa\ncomparecencia ante os medios, Secundino Garc\u00eda, alcalde de San\nSadurni\u00f1o e portavoz na FEGAMP cualificou de \u201cvital\u201d para o\nmunicipalismo galego \u201cque por primeira vez coloquemos a unha muller\ne nacionalista ao fronte da Xunta\u201d. Para ese fin, os concellos\nnacionalistas son unha gran carta de presentaci\u00f3n.<\/p>\n\n\n\n<p>\n\u201cO\nmellor escaparate que ten o nacionalismo galego son os concellos\ngobernados polo BNG, \u00e9 o mellor exemplo que lle podemos transmitir \u00e1\ncidadan\u00eda para que nas pr\u00f3ximas elecci\u00f3ns galegas Ana Pont\u00f3n sexa\na presidenta do Goberno galego\u201d, recalcou, e poder pasar p\u00e1xina\ndun Executivo do PP que en lugar de estar ao lado dos concellos \u201cnos\nempapela sobrecarg\u00e1ndonos con competencias impropias sen darnos nin\nmedios materiais non econ\u00f3micos\u201d.<\/p>\n\n\n\n<p>\nA\natenci\u00f3n \u00e1s persoas dependentes, a loita contra a praga da\nvelutina, a gratuidade do segundo fillo nas escolas infant\u00eds foron\nalg\u00fans dos exemplos denunciados. \u201cNeste pa\u00eds somos dos que quen\nconvida, paga, pero temos que soportar que a Xunta anuncie plans que\ndespois detrae de fondos destinados aos concellos\u201d, criticou\nGarc\u00eda, tras avanzar que o BNG vai usar a FEGAMP como un instrumento\nao servizo dos concellos en lugar de ser unha entidade para bendicir\nas arbitrariedades do Goberno de Feix\u00f3o.<\/p>\n\n\n\n<p>\n<em><strong>Financiamento\ne v\u00eda xudicial<\/strong><\/em><\/p>\n\n\n\n<p>\nUnha\ndas cuesti\u00f3n tratadas no cumio municipal polo BNG foi o trato\ndiscriminatorio que implica para os concellos galegos o actual\nsistema de financiamento, que se traduce en 50\u20ac menos <em>per\nc\u00e1pita<\/em>\nsobre a media estatal. \u201cQue Feix\u00f3o rectifique e recorra pola v\u00eda\nxudicial a d\u00e9beda do Estado como leva meses reclamando o Bloque\npar\u00e9cenos positivo, pero \u00e9 insuficiente porque non resolve o\nproblema de fondo que non \u00e9 outro que un modelo de financiamento que\nnos discrimina\u201d, explicou Rodil.<\/p>\n\n\n\n<p>\nNeste\nsentido, a formaci\u00f3n nacionalista defende un concerto econ\u00f3mico que\ndea a Galiza \u201ca chave dos seus cartos\u201d, cunha facenda propia e o\ncontrol sobre o 100% dos recursos.<\/p>\n","protected":false},"excerpt":{"rendered":"<div class=\"mh-excerpt\"><p>Cumio municipal no que o \u201canel de concellos nacionalistas\u201d se compromete a traballar para o cambio real e desaloxar a Feix\u00f3o da Xunta <a class=\"mh-excerpt-more\" href=\"https:\/\/www.anovapeneira.gal\/index.php\/2020\/02\/10\/o-bng-ve-nos-concellos-que-goberna-o-mellor-escaparate-do-que-pode-ofrecer-para-o-conxunto-de-galiza-tras-as-eleccions\/\" title=\"O BNG ve nos concellos que goberna \u201co mellor escaparate\u201d do que pode ofrecer para o conxunto de Galiza tras as elecci\u00f3ns\">[&#8230;]<\/a><\/p>\n<\/div>","protected":false},"author":3,"featured_media":2489,"comment_status":"open","ping_status":"open","sticky":false,"template":"","format":"standard","meta":{"_exactmetrics_skip_tracking":false,"_exactmetrics_sitenote_active":false,"_exactmetrics_sitenote_note":"","_exactmetrics_sitenote_category":0,"footnotes":""},"categories":[263],"tags":[10,619],"class_list":{"0":"post-2481","1":"post","2":"type-post","3":"status-publish","4":"format-standard","5":"has-post-thumbnail","7":"category-novas","8":"tag-bng","9":"tag-eleccions-autonomicas"},"yoast_head":"<!-- This site is optimized with the Yoast SEO plugin v27.4 - https:\/\/yoast.com\/product\/yoast-seo-wordpress\/ -->\n<title>O BNG ve nos concellos que goberna \u201co mellor escaparate\u201d do que pode ofrecer para o conxunto de Galiza tras as elecci\u00f3ns -<\/title>\n<meta name=\"robots\" content=\"index, follow, max-snippet:-1, max-image-preview:large, max-video-preview:-1\" \/>\n<link rel=\"canonical\" href=\"https:\/\/www.anovapeneira.gal\/index.php\/2020\/02\/10\/o-bng-ve-nos-concellos-que-goberna-o-mellor-escaparate-do-que-pode-ofrecer-para-o-conxunto-de-galiza-tras-as-eleccions\/\" \/>\n<meta property=\"og:locale\" content=\"gl_ES\" \/>\n<meta property=\"og:type\" content=\"article\" \/>\n<meta property=\"og:title\" content=\"O BNG ve nos concellos que goberna \u201co mellor escaparate\u201d do que pode ofrecer para o conxunto de Galiza tras as elecci\u00f3ns -\" \/>\n<meta property=\"og:description\" content=\"Cumio municipal no que o \u201canel de concellos nacionalistas\u201d se compromete a traballar para o cambio real e desaloxar a Feix\u00f3o da Xunta [...]\" \/>\n<meta property=\"og:url\" content=\"https:\/\/www.anovapeneira.gal\/index.php\/2020\/02\/10\/o-bng-ve-nos-concellos-que-goberna-o-mellor-escaparate-do-que-pode-ofrecer-para-o-conxunto-de-galiza-tras-as-eleccions\/\" \/>\n<meta property=\"article:publisher\" content=\"https:\/\/www.facebook.com\/anovapeneira\" \/>\n<meta property=\"article:published_time\" content=\"2020-02-10T13:00:38+00:00\" \/>\n<meta property=\"og:image\" content=\"https:\/\/www.anovapeneira.gal\/wp-content\/uploads\/2020\/02\/cumio_municipal_bng_a_nova_peneira.jpg\" \/>\n\t<meta property=\"og:image:width\" content=\"720\" \/>\n\t<meta property=\"og:image:height\" content=\"432\" \/>\n\t<meta property=\"og:image:type\" content=\"image\/jpeg\" \/>\n<meta name=\"author\" content=\"Redacci\u00f3n A Nova Peneira\" \/>\n<meta name=\"twitter:card\" content=\"summary_large_image\" \/>\n<meta name=\"twitter:creator\" content=\"@APeneira\" \/>\n<meta name=\"twitter:site\" content=\"@APeneira\" \/>\n<meta name=\"twitter:label1\" content=\"Escrito por\" \/>\n\t<meta name=\"twitter:data1\" content=\"Redacci\u00f3n A Nova Peneira\" \/>\n\t<meta name=\"twitter:label2\" content=\"Tempo de lectura\" \/>\n\t<meta name=\"twitter:data2\" content=\"4 minutos\" \/>\n<script type=\"application\/ld+json\" class=\"yoast-schema-graph\">{\"@context\":\"https:\\\/\\\/schema.org\",\"@graph\":[{\"@type\":\"Article\",\"@id\":\"https:\\\/\\\/www.anovapeneira.gal\\\/index.php\\\/2020\\\/02\\\/10\\\/o-bng-ve-nos-concellos-que-goberna-o-mellor-escaparate-do-que-pode-ofrecer-para-o-conxunto-de-galiza-tras-as-eleccions\\\/#article\",\"isPartOf\":{\"@id\":\"https:\\\/\\\/www.anovapeneira.gal\\\/index.php\\\/2020\\\/02\\\/10\\\/o-bng-ve-nos-concellos-que-goberna-o-mellor-escaparate-do-que-pode-ofrecer-para-o-conxunto-de-galiza-tras-as-eleccions\\\/\"},\"author\":{\"name\":\"Redacci\u00f3n A Nova Peneira\",\"@id\":\"https:\\\/\\\/www.anovapeneira.gal\\\/#\\\/schema\\\/person\\\/b93e3f8932e3f8da96334607eb6ac6aa\"},\"headline\":\"O BNG ve nos concellos que goberna \u201co mellor escaparate\u201d do que pode ofrecer para o conxunto de Galiza tras as elecci\u00f3ns\",\"datePublished\":\"2020-02-10T13:00:38+00:00\",\"mainEntityOfPage\":{\"@id\":\"https:\\\/\\\/www.anovapeneira.gal\\\/index.php\\\/2020\\\/02\\\/10\\\/o-bng-ve-nos-concellos-que-goberna-o-mellor-escaparate-do-que-pode-ofrecer-para-o-conxunto-de-galiza-tras-as-eleccions\\\/\"},\"wordCount\":775,\"commentCount\":0,\"publisher\":{\"@id\":\"https:\\\/\\\/www.anovapeneira.gal\\\/#organization\"},\"image\":{\"@id\":\"https:\\\/\\\/www.anovapeneira.gal\\\/index.php\\\/2020\\\/02\\\/10\\\/o-bng-ve-nos-concellos-que-goberna-o-mellor-escaparate-do-que-pode-ofrecer-para-o-conxunto-de-galiza-tras-as-eleccions\\\/#primaryimage\"},\"thumbnailUrl\":\"https:\\\/\\\/www.anovapeneira.gal\\\/wp-content\\\/uploads\\\/2020\\\/02\\\/cumio_municipal_bng_a_nova_peneira.jpg\",\"keywords\":[\"BNG\",\"Elecci\u00f3ns auton\u00f3micas\"],\"articleSection\":[\"Novas\"],\"inLanguage\":\"gl-ES\",\"potentialAction\":[{\"@type\":\"CommentAction\",\"name\":\"Comment\",\"target\":[\"https:\\\/\\\/www.anovapeneira.gal\\\/index.php\\\/2020\\\/02\\\/10\\\/o-bng-ve-nos-concellos-que-goberna-o-mellor-escaparate-do-que-pode-ofrecer-para-o-conxunto-de-galiza-tras-as-eleccions\\\/#respond\"]}]},{\"@type\":\"WebPage\",\"@id\":\"https:\\\/\\\/www.anovapeneira.gal\\\/index.php\\\/2020\\\/02\\\/10\\\/o-bng-ve-nos-concellos-que-goberna-o-mellor-escaparate-do-que-pode-ofrecer-para-o-conxunto-de-galiza-tras-as-eleccions\\\/\",\"url\":\"https:\\\/\\\/www.anovapeneira.gal\\\/index.php\\\/2020\\\/02\\\/10\\\/o-bng-ve-nos-concellos-que-goberna-o-mellor-escaparate-do-que-pode-ofrecer-para-o-conxunto-de-galiza-tras-as-eleccions\\\/\",\"name\":\"O BNG ve nos concellos que goberna \u201co mellor escaparate\u201d do que pode ofrecer para o conxunto de Galiza tras as elecci\u00f3ns -\",\"isPartOf\":{\"@id\":\"https:\\\/\\\/www.anovapeneira.gal\\\/#website\"},\"primaryImageOfPage\":{\"@id\":\"https:\\\/\\\/www.anovapeneira.gal\\\/index.php\\\/2020\\\/02\\\/10\\\/o-bng-ve-nos-concellos-que-goberna-o-mellor-escaparate-do-que-pode-ofrecer-para-o-conxunto-de-galiza-tras-as-eleccions\\\/#primaryimage\"},\"image\":{\"@id\":\"https:\\\/\\\/www.anovapeneira.gal\\\/index.php\\\/2020\\\/02\\\/10\\\/o-bng-ve-nos-concellos-que-goberna-o-mellor-escaparate-do-que-pode-ofrecer-para-o-conxunto-de-galiza-tras-as-eleccions\\\/#primaryimage\"},\"thumbnailUrl\":\"https:\\\/\\\/www.anovapeneira.gal\\\/wp-content\\\/uploads\\\/2020\\\/02\\\/cumio_municipal_bng_a_nova_peneira.jpg\",\"datePublished\":\"2020-02-10T13:00:38+00:00\",\"breadcrumb\":{\"@id\":\"https:\\\/\\\/www.anovapeneira.gal\\\/index.php\\\/2020\\\/02\\\/10\\\/o-bng-ve-nos-concellos-que-goberna-o-mellor-escaparate-do-que-pode-ofrecer-para-o-conxunto-de-galiza-tras-as-eleccions\\\/#breadcrumb\"},\"inLanguage\":\"gl-ES\",\"potentialAction\":[{\"@type\":\"ReadAction\",\"target\":[\"https:\\\/\\\/www.anovapeneira.gal\\\/index.php\\\/2020\\\/02\\\/10\\\/o-bng-ve-nos-concellos-que-goberna-o-mellor-escaparate-do-que-pode-ofrecer-para-o-conxunto-de-galiza-tras-as-eleccions\\\/\"]}]},{\"@type\":\"ImageObject\",\"inLanguage\":\"gl-ES\",\"@id\":\"https:\\\/\\\/www.anovapeneira.gal\\\/index.php\\\/2020\\\/02\\\/10\\\/o-bng-ve-nos-concellos-que-goberna-o-mellor-escaparate-do-que-pode-ofrecer-para-o-conxunto-de-galiza-tras-as-eleccions\\\/#primaryimage\",\"url\":\"https:\\\/\\\/www.anovapeneira.gal\\\/wp-content\\\/uploads\\\/2020\\\/02\\\/cumio_municipal_bng_a_nova_peneira.jpg\",\"contentUrl\":\"https:\\\/\\\/www.anovapeneira.gal\\\/wp-content\\\/uploads\\\/2020\\\/02\\\/cumio_municipal_bng_a_nova_peneira.jpg\",\"width\":720,\"height\":432},{\"@type\":\"BreadcrumbList\",\"@id\":\"https:\\\/\\\/www.anovapeneira.gal\\\/index.php\\\/2020\\\/02\\\/10\\\/o-bng-ve-nos-concellos-que-goberna-o-mellor-escaparate-do-que-pode-ofrecer-para-o-conxunto-de-galiza-tras-as-eleccions\\\/#breadcrumb\",\"itemListElement\":[{\"@type\":\"ListItem\",\"position\":1,\"name\":\"Portada\",\"item\":\"https:\\\/\\\/www.anovapeneira.gal\\\/\"},{\"@type\":\"ListItem\",\"position\":2,\"name\":\"O BNG ve nos concellos que goberna \u201co mellor escaparate\u201d do que pode ofrecer para o conxunto de Galiza tras as elecci\u00f3ns\"}]},{\"@type\":\"WebSite\",\"@id\":\"https:\\\/\\\/www.anovapeneira.gal\\\/#website\",\"url\":\"https:\\\/\\\/www.anovapeneira.gal\\\/\",\"name\":\"\",\"description\":\"Xornal galego de informaci\u00f3n xeral Publicaci\u00f3n mensual de novas de Galicia e en especial dos Concellos da sur da provincia de Pontevedra.\",\"publisher\":{\"@id\":\"https:\\\/\\\/www.anovapeneira.gal\\\/#organization\"},\"potentialAction\":[{\"@type\":\"SearchAction\",\"target\":{\"@type\":\"EntryPoint\",\"urlTemplate\":\"https:\\\/\\\/www.anovapeneira.gal\\\/?s={search_term_string}\"},\"query-input\":{\"@type\":\"PropertyValueSpecification\",\"valueRequired\":true,\"valueName\":\"search_term_string\"}}],\"inLanguage\":\"gl-ES\"},{\"@type\":\"Organization\",\"@id\":\"https:\\\/\\\/www.anovapeneira.gal\\\/#organization\",\"name\":\"A Nova Peneira\",\"url\":\"https:\\\/\\\/www.anovapeneira.gal\\\/\",\"logo\":{\"@type\":\"ImageObject\",\"inLanguage\":\"gl-ES\",\"@id\":\"https:\\\/\\\/www.anovapeneira.gal\\\/#\\\/schema\\\/logo\\\/image\\\/\",\"url\":\"http:\\\/\\\/www.anovapeneira.gal\\\/wp-content\\\/uploads\\\/2019\\\/06\\\/logo_a_nova_peneira_portal_web.png\",\"contentUrl\":\"http:\\\/\\\/www.anovapeneira.gal\\\/wp-content\\\/uploads\\\/2019\\\/06\\\/logo_a_nova_peneira_portal_web.png\",\"width\":300,\"height\":100,\"caption\":\"A Nova Peneira\"},\"image\":{\"@id\":\"https:\\\/\\\/www.anovapeneira.gal\\\/#\\\/schema\\\/logo\\\/image\\\/\"},\"sameAs\":[\"https:\\\/\\\/www.facebook.com\\\/anovapeneira\",\"https:\\\/\\\/x.com\\\/APeneira\"]},{\"@type\":\"Person\",\"@id\":\"https:\\\/\\\/www.anovapeneira.gal\\\/#\\\/schema\\\/person\\\/b93e3f8932e3f8da96334607eb6ac6aa\",\"name\":\"Redacci\u00f3n A Nova Peneira\",\"image\":{\"@type\":\"ImageObject\",\"inLanguage\":\"gl-ES\",\"@id\":\"https:\\\/\\\/secure.gravatar.com\\\/avatar\\\/c052a2551a06e23fac63626232eaa90abd78dbcf1700fc46a2b2c89fd27b735f?s=96&d=mm&r=g\",\"url\":\"https:\\\/\\\/secure.gravatar.com\\\/avatar\\\/c052a2551a06e23fac63626232eaa90abd78dbcf1700fc46a2b2c89fd27b735f?s=96&d=mm&r=g\",\"contentUrl\":\"https:\\\/\\\/secure.gravatar.com\\\/avatar\\\/c052a2551a06e23fac63626232eaa90abd78dbcf1700fc46a2b2c89fd27b735f?s=96&d=mm&r=g\",\"caption\":\"Redacci\u00f3n A Nova Peneira\"},\"sameAs\":[\"http:\\\/\\\/www.anovapeneira.gal\\\/\"],\"url\":\"https:\\\/\\\/www.anovapeneira.gal\\\/index.php\\\/author\\\/redactor\\\/\"}]}<\/script>\n<!-- \/ Yoast SEO plugin. -->","yoast_head_json":{"title":"O BNG ve nos concellos que goberna \u201co mellor escaparate\u201d do que pode ofrecer para o conxunto de Galiza tras as elecci\u00f3ns -","robots":{"index":"index","follow":"follow","max-snippet":"max-snippet:-1","max-image-preview":"max-image-preview:large","max-video-preview":"max-video-preview:-1"},"canonical":"https:\/\/www.anovapeneira.gal\/index.php\/2020\/02\/10\/o-bng-ve-nos-concellos-que-goberna-o-mellor-escaparate-do-que-pode-ofrecer-para-o-conxunto-de-galiza-tras-as-eleccions\/","og_locale":"gl_ES","og_type":"article","og_title":"O BNG ve nos concellos que goberna \u201co mellor escaparate\u201d do que pode ofrecer para o conxunto de Galiza tras as elecci\u00f3ns -","og_description":"Cumio municipal no que o \u201canel de concellos nacionalistas\u201d se compromete a traballar para o cambio real e desaloxar a Feix\u00f3o da Xunta [...]","og_url":"https:\/\/www.anovapeneira.gal\/index.php\/2020\/02\/10\/o-bng-ve-nos-concellos-que-goberna-o-mellor-escaparate-do-que-pode-ofrecer-para-o-conxunto-de-galiza-tras-as-eleccions\/","article_publisher":"https:\/\/www.facebook.com\/anovapeneira","article_published_time":"2020-02-10T13:00:38+00:00","og_image":[{"width":720,"height":432,"url":"https:\/\/www.anovapeneira.gal\/wp-content\/uploads\/2020\/02\/cumio_municipal_bng_a_nova_peneira.jpg","type":"image\/jpeg"}],"author":"Redacci\u00f3n A Nova Peneira","twitter_card":"summary_large_image","twitter_creator":"@APeneira","twitter_site":"@APeneira","twitter_misc":{"Escrito por":"Redacci\u00f3n A Nova Peneira","Tempo de lectura":"4 minutos"},"schema":{"@context":"https:\/\/schema.org","@graph":[{"@type":"Article","@id":"https:\/\/www.anovapeneira.gal\/index.php\/2020\/02\/10\/o-bng-ve-nos-concellos-que-goberna-o-mellor-escaparate-do-que-pode-ofrecer-para-o-conxunto-de-galiza-tras-as-eleccions\/#article","isPartOf":{"@id":"https:\/\/www.anovapeneira.gal\/index.php\/2020\/02\/10\/o-bng-ve-nos-concellos-que-goberna-o-mellor-escaparate-do-que-pode-ofrecer-para-o-conxunto-de-galiza-tras-as-eleccions\/"},"author":{"name":"Redacci\u00f3n A Nova Peneira","@id":"https:\/\/www.anovapeneira.gal\/#\/schema\/person\/b93e3f8932e3f8da96334607eb6ac6aa"},"headline":"O BNG ve nos concellos que goberna \u201co mellor escaparate\u201d do que pode ofrecer para o conxunto de Galiza tras as elecci\u00f3ns","datePublished":"2020-02-10T13:00:38+00:00","mainEntityOfPage":{"@id":"https:\/\/www.anovapeneira.gal\/index.php\/2020\/02\/10\/o-bng-ve-nos-concellos-que-goberna-o-mellor-escaparate-do-que-pode-ofrecer-para-o-conxunto-de-galiza-tras-as-eleccions\/"},"wordCount":775,"commentCount":0,"publisher":{"@id":"https:\/\/www.anovapeneira.gal\/#organization"},"image":{"@id":"https:\/\/www.anovapeneira.gal\/index.php\/2020\/02\/10\/o-bng-ve-nos-concellos-que-goberna-o-mellor-escaparate-do-que-pode-ofrecer-para-o-conxunto-de-galiza-tras-as-eleccions\/#primaryimage"},"thumbnailUrl":"https:\/\/www.anovapeneira.gal\/wp-content\/uploads\/2020\/02\/cumio_municipal_bng_a_nova_peneira.jpg","keywords":["BNG","Elecci\u00f3ns auton\u00f3micas"],"articleSection":["Novas"],"inLanguage":"gl-ES","potentialAction":[{"@type":"CommentAction","name":"Comment","target":["https:\/\/www.anovapeneira.gal\/index.php\/2020\/02\/10\/o-bng-ve-nos-concellos-que-goberna-o-mellor-escaparate-do-que-pode-ofrecer-para-o-conxunto-de-galiza-tras-as-eleccions\/#respond"]}]},{"@type":"WebPage","@id":"https:\/\/www.anovapeneira.gal\/index.php\/2020\/02\/10\/o-bng-ve-nos-concellos-que-goberna-o-mellor-escaparate-do-que-pode-ofrecer-para-o-conxunto-de-galiza-tras-as-eleccions\/","url":"https:\/\/www.anovapeneira.gal\/index.php\/2020\/02\/10\/o-bng-ve-nos-concellos-que-goberna-o-mellor-escaparate-do-que-pode-ofrecer-para-o-conxunto-de-galiza-tras-as-eleccions\/","name":"O BNG ve nos concellos que goberna \u201co mellor escaparate\u201d do que pode ofrecer para o conxunto de Galiza tras as elecci\u00f3ns -","isPartOf":{"@id":"https:\/\/www.anovapeneira.gal\/#website"},"primaryImageOfPage":{"@id":"https:\/\/www.anovapeneira.gal\/index.php\/2020\/02\/10\/o-bng-ve-nos-concellos-que-goberna-o-mellor-escaparate-do-que-pode-ofrecer-para-o-conxunto-de-galiza-tras-as-eleccions\/#primaryimage"},"image":{"@id":"https:\/\/www.anovapeneira.gal\/index.php\/2020\/02\/10\/o-bng-ve-nos-concellos-que-goberna-o-mellor-escaparate-do-que-pode-ofrecer-para-o-conxunto-de-galiza-tras-as-eleccions\/#primaryimage"},"thumbnailUrl":"https:\/\/www.anovapeneira.gal\/wp-content\/uploads\/2020\/02\/cumio_municipal_bng_a_nova_peneira.jpg","datePublished":"2020-02-10T13:00:38+00:00","breadcrumb":{"@id":"https:\/\/www.anovapeneira.gal\/index.php\/2020\/02\/10\/o-bng-ve-nos-concellos-que-goberna-o-mellor-escaparate-do-que-pode-ofrecer-para-o-conxunto-de-galiza-tras-as-eleccions\/#breadcrumb"},"inLanguage":"gl-ES","potentialAction":[{"@type":"ReadAction","target":["https:\/\/www.anovapeneira.gal\/index.php\/2020\/02\/10\/o-bng-ve-nos-concellos-que-goberna-o-mellor-escaparate-do-que-pode-ofrecer-para-o-conxunto-de-galiza-tras-as-eleccions\/"]}]},{"@type":"ImageObject","inLanguage":"gl-ES","@id":"https:\/\/www.anovapeneira.gal\/index.php\/2020\/02\/10\/o-bng-ve-nos-concellos-que-goberna-o-mellor-escaparate-do-que-pode-ofrecer-para-o-conxunto-de-galiza-tras-as-eleccions\/#primaryimage","url":"https:\/\/www.anovapeneira.gal\/wp-content\/uploads\/2020\/02\/cumio_municipal_bng_a_nova_peneira.jpg","contentUrl":"https:\/\/www.anovapeneira.gal\/wp-content\/uploads\/2020\/02\/cumio_municipal_bng_a_nova_peneira.jpg","width":720,"height":432},{"@type":"BreadcrumbList","@id":"https:\/\/www.anovapeneira.gal\/index.php\/2020\/02\/10\/o-bng-ve-nos-concellos-que-goberna-o-mellor-escaparate-do-que-pode-ofrecer-para-o-conxunto-de-galiza-tras-as-eleccions\/#breadcrumb","itemListElement":[{"@type":"ListItem","position":1,"name":"Portada","item":"https:\/\/www.anovapeneira.gal\/"},{"@type":"ListItem","position":2,"name":"O BNG ve nos concellos que goberna \u201co mellor escaparate\u201d do que pode ofrecer para o conxunto de Galiza tras as elecci\u00f3ns"}]},{"@type":"WebSite","@id":"https:\/\/www.anovapeneira.gal\/#website","url":"https:\/\/www.anovapeneira.gal\/","name":"","description":"Xornal galego de informaci\u00f3n xeral Publicaci\u00f3n mensual de novas de Galicia e en especial dos Concellos da sur da provincia de Pontevedra.","publisher":{"@id":"https:\/\/www.anovapeneira.gal\/#organization"},"potentialAction":[{"@type":"SearchAction","target":{"@type":"EntryPoint","urlTemplate":"https:\/\/www.anovapeneira.gal\/?s={search_term_string}"},"query-input":{"@type":"PropertyValueSpecification","valueRequired":true,"valueName":"search_term_string"}}],"inLanguage":"gl-ES"},{"@type":"Organization","@id":"https:\/\/www.anovapeneira.gal\/#organization","name":"A Nova Peneira","url":"https:\/\/www.anovapeneira.gal\/","logo":{"@type":"ImageObject","inLanguage":"gl-ES","@id":"https:\/\/www.anovapeneira.gal\/#\/schema\/logo\/image\/","url":"http:\/\/www.anovapeneira.gal\/wp-content\/uploads\/2019\/06\/logo_a_nova_peneira_portal_web.png","contentUrl":"http:\/\/www.anovapeneira.gal\/wp-content\/uploads\/2019\/06\/logo_a_nova_peneira_portal_web.png","width":300,"height":100,"caption":"A Nova Peneira"},"image":{"@id":"https:\/\/www.anovapeneira.gal\/#\/schema\/logo\/image\/"},"sameAs":["https:\/\/www.facebook.com\/anovapeneira","https:\/\/x.com\/APeneira"]},{"@type":"Person","@id":"https:\/\/www.anovapeneira.gal\/#\/schema\/person\/b93e3f8932e3f8da96334607eb6ac6aa","name":"Redacci\u00f3n A Nova Peneira","image":{"@type":"ImageObject","inLanguage":"gl-ES","@id":"https:\/\/secure.gravatar.com\/avatar\/c052a2551a06e23fac63626232eaa90abd78dbcf1700fc46a2b2c89fd27b735f?s=96&d=mm&r=g","url":"https:\/\/secure.gravatar.com\/avatar\/c052a2551a06e23fac63626232eaa90abd78dbcf1700fc46a2b2c89fd27b735f?s=96&d=mm&r=g","contentUrl":"https:\/\/secure.gravatar.com\/avatar\/c052a2551a06e23fac63626232eaa90abd78dbcf1700fc46a2b2c89fd27b735f?s=96&d=mm&r=g","caption":"Redacci\u00f3n A Nova Peneira"},"sameAs":["http:\/\/www.anovapeneira.gal\/"],"url":"https:\/\/www.anovapeneira.gal\/index.php\/author\/redactor\/"}]}},"jetpack_featured_media_url":"https:\/\/www.anovapeneira.gal\/wp-content\/uploads\/2020\/02\/cumio_municipal_bng_a_nova_peneira.jpg","_links":{"self":[{"href":"https:\/\/www.anovapeneira.gal\/index.php\/wp-json\/wp\/v2\/posts\/2481","targetHints":{"allow":["GET"]}}],"collection":[{"href":"https:\/\/www.anovapeneira.gal\/index.php\/wp-json\/wp\/v2\/posts"}],"about":[{"href":"https:\/\/www.anovapeneira.gal\/index.php\/wp-json\/wp\/v2\/types\/post"}],"author":[{"embeddable":true,"href":"https:\/\/www.anovapeneira.gal\/index.php\/wp-json\/wp\/v2\/users\/3"}],"replies":[{"embeddable":true,"href":"https:\/\/www.anovapeneira.gal\/index.php\/wp-json\/wp\/v2\/comments?post=2481"}],"version-history":[{"count":1,"href":"https:\/\/www.anovapeneira.gal\/index.php\/wp-json\/wp\/v2\/posts\/2481\/revisions"}],"predecessor-version":[{"id":2482,"href":"https:\/\/www.anovapeneira.gal\/index.php\/wp-json\/wp\/v2\/posts\/2481\/revisions\/2482"}],"wp:featuredmedia":[{"embeddable":true,"href":"https:\/\/www.anovapeneira.gal\/index.php\/wp-json\/wp\/v2\/media\/2489"}],"wp:attachment":[{"href":"https:\/\/www.anovapeneira.gal\/index.php\/wp-json\/wp\/v2\/media?parent=2481"}],"wp:term":[{"taxonomy":"category","embeddable":true,"href":"https:\/\/www.anovapeneira.gal\/index.php\/wp-json\/wp\/v2\/categories?post=2481"},{"taxonomy":"post_tag","embeddable":true,"href":"https:\/\/www.anovapeneira.gal\/index.php\/wp-json\/wp\/v2\/tags?post=2481"}],"curies":[{"name":"wp","href":"https:\/\/api.w.org\/{rel}","templated":true}]}}