{"id":2490,"date":"2020-02-11T12:00:21","date_gmt":"2020-02-11T11:00:21","guid":{"rendered":"http:\/\/www.anovapeneira.gal\/?p=2490"},"modified":"2020-02-09T20:05:06","modified_gmt":"2020-02-09T19:05:06","slug":"o-deporte-en-redondela","status":"publish","type":"post","link":"https:\/\/www.anovapeneira.gal\/index.php\/2020\/02\/11\/o-deporte-en-redondela\/","title":{"rendered":"O deporte en Redondela"},"content":{"rendered":"\n<pre class=\"wp-block-verse\"><strong>G.Figueiredo<\/strong><\/pre>\n\n\n\n<p>Na\nvila de Redondela son ben afeccionados ao deporte, e en case todas as\nmodalidades deportivas, como por exemplo en: remo, tenis e p\u00e1del,\npatinaxe, tiro con arco, motos, Ski acu\u00e1tico e balonm\u00e1n contan\ncunha representaci\u00f3n m\u00e1is que digna levando con orgullo o nome de\nRedondela( ou de Chapela) polo mundo adiante<\/p>\n\n\n\n<p>Imos\nco\u00f1ecer algunha das m\u00e1is importantes:<\/p>\n\n\n\n<p><strong>Club\nRemo de Cesantes<\/strong>, que conta con\ncategor\u00edas de infant\u00eds, cadetes, xuven\u00eds e  senior. O club\nparticipou en todas as regatas da Federaci\u00f3n Galega de Remo nas\nmodalidades de  bateis,  trainerilla e trai\u00f1eira.<\/p>\n\n\n\n<p><strong>Club\nde Remo Chapela, <\/strong>este \u00e9 unclub de remo de banco fixo fundado no\nano 1984. Participan en regatas de todas as categor\u00edas e\nmodalidades: batel,  trainerilla e trai\u00f1eira.<\/p>\n\n\n\n<p><strong>Centro\nde Deportes Acu\u00e1ticos Chapela, <\/strong>con\nactividades  dirixidas,  escola de nataci\u00f3n, zona de  fitness cunha\nsala de aproximadamente 300  m\u00b2 acristalados en  dous  laterais,\nzona  tonificaci\u00f3n, peso libre.<\/p>\n\n\n\n<p><strong>Club\nde Tenis e  P\u00e1del Redondela<\/strong>, con\nclases de iniciaci\u00f3n e perfeccionamento, competici\u00f3ns, torneos e\neventos.<\/p>\n\n\n\n<p><a href=\"https:\/\/www.paxinasgalegas.es\/club-patinaxe-artistica-arealonga-chapela-627909em.html\"><strong>Club\nPatinaxe Art\u00edstica Arealonga Chapela<\/strong><\/a>,\neste club \u00e9 aberto a todos os p\u00fablicos a partir de 3 anos.<\/p>\n\n\n\n<p><strong>Club\nPatinaxe Art\u00edstico Bolboreta, <\/strong>esteClub de patinaxe art\u00edstico de\nRedondela \u00e9 para nenas e nenos de diferentes idades e niveis.<\/p>\n\n\n\n<p><strong>Meigarco\nClub de Tiro con Arco, <\/strong>con cursos de\niniciaci\u00f3n e perfeccionamento de tiro con arco, competici\u00f3ns e\ntorneos.<\/p>\n\n\n\n<p><strong>Motoclub\nRedondela, <\/strong>esteclub de motos que conta con varios anos\nde historia que realiza diversos eventos ao ano como concentraci\u00f3ns\ne encontros de motos e moteiros na localidade e os arredores.<\/p>\n\n\n\n<p><strong>Nova\n Ski<\/strong>, nas modalidade de Ski N\u00e1utico\ncomo Freeski, figuras, slalom,  wakeboard,  wakesurf,  wakeskate, \nhydrotubes, rutas, competici\u00f3ns e paseos en barco.<\/p>\n\n\n\n<p><strong>O\nCasa Paco<\/strong>: Esta \u00e9 unha escola de\nf\u00fatbol base que ao longo de moitos anos ven formando a distintas\nxeraci\u00f3ns de nenos de Redondela na pr\u00e1ctica deste deporte,e cuxa\nalma mater o gran Manolo merece, sen d\u00fabida un reco\u00f1ecemento\nsuperlativo do pobo de Redondela, polo seu grande traballo ao longo\nde tanto tempo<\/p>\n\n\n\n<p>O Club de f\u00fatbol Choco e de balonm\u00e1n o Sar ou o Chapela, \u00e9 destes tres \u00faltimos, se cadra os de maior relevancia, son dos que imos profundar un pouco.<\/p>\n\n\n\n<div class=\"wp-block-columns is-layout-flex wp-container-core-columns-is-layout-9d6595d7 wp-block-columns-is-layout-flex\">\n<div class=\"wp-block-column is-layout-flow wp-block-column-is-layout-flow\" style=\"flex-basis:33.33%\">\n<figure class=\"wp-block-image size-large\"><img loading=\"lazy\" decoding=\"async\" width=\"180\" height=\"180\" src=\"http:\/\/www.anovapeneira.gal\/wp-content\/uploads\/2020\/02\/choco_redondela.jpg\" alt=\"Choco Redondela\" class=\"wp-image-2491\" srcset=\"https:\/\/www.anovapeneira.gal\/wp-content\/uploads\/2020\/02\/choco_redondela.jpg 180w, https:\/\/www.anovapeneira.gal\/wp-content\/uploads\/2020\/02\/choco_redondela-150x150.jpg 150w\" sizes=\"auto, (max-width: 180px) 100vw, 180px\" \/><\/figure>\n<\/div>\n\n\n\n<div class=\"wp-block-column is-layout-flow wp-block-column-is-layout-flow\" style=\"flex-basis:66.66%\">\n<p><strong>Club Deportivo Choco<\/strong>: este \u00e9 un equipo de f\u00fatbol fundado en 1953 e ten preto de 500 socios, actualmente milita na Terceira Divisi\u00f3n, no grupo 1.  O seu equipamento \u00e9 camiseta vermella, pantal\u00f3n azul e medias vermellas.<\/p>\n<\/div>\n<\/div>\n\n\n\n<p>O actual Club\nDeportivo Choco naceu en 1953, chegando a\nxogar sete tempadas na terceira divisi\u00f3n galega e tendo nas s\u00faa\nfilas a grandes xogadores, destacando Benito Rubi\u00f1\u00e1n . O seu equipo\nde xuven\u00eds realizou tam\u00e9n grandes tempadas, chegando a quedar\nquinto na Liga Nacional. Na actualidade conta cun equipo afeccionado\nque participa na Rexional Preferente Galega grupo Sur, un equipo de\nxuven\u00eds na Liga Galega e as\u00ed ata equipos de promesas.<br> Xoga no\ncampo de f\u00fatbol de Santa Mari\u00f1a situado na sa\u00edda de Redondela\ndirecci\u00f3n Pontevedra, onde tam\u00e9n xogan e adestran todos os seus\nequipos inferiores. \n<\/p>\n\n\n\n<p>Conta con Escola de F\u00fatbol base e que empeza polo  Prebenxam\u00edn &#8221; B&#8221; e remata con  Xuvenil &#8220;A&#8221; da liga  Galega Grupo 2.<\/p>\n\n\n\n<div class=\"wp-block-columns is-layout-flex wp-container-core-columns-is-layout-9d6595d7 wp-block-columns-is-layout-flex\">\n<div class=\"wp-block-column is-layout-flow wp-block-column-is-layout-flow\" style=\"flex-basis:33.33%\">\n<figure class=\"wp-block-image size-large\"><img loading=\"lazy\" decoding=\"async\" width=\"163\" height=\"190\" src=\"http:\/\/www.anovapeneira.gal\/wp-content\/uploads\/2020\/02\/balonman_chapela.jpg\" alt=\"\" class=\"wp-image-2492\"\/><\/figure>\n<\/div>\n\n\n\n<div class=\"wp-block-column is-layout-flow wp-block-column-is-layout-flow\" style=\"flex-basis:66.66%\">\n<p><strong>O Deportivo Balonm\u00e1n Chapela<\/strong> fundouse no ver\u00e1n de 1967, cando varios veci\u00f1os de Redondela animaron  a \u201cPaco\u201d Francisco Dom\u00ednguez Araujo, que naquel ent\u00f3n era xogador do \u201c Vulcano\u201d, para que ensinase e adestrase a un grupo de mozos.<\/p>\n<\/div>\n<\/div>\n\n\n\n<p>As\u00ed\nnaceu o primeiro equipo de balonm\u00e1n, o \u201catl\u00e9tico de Chapela\u201d.\nTrat\u00e1base dun equipo de categor\u00eda xuvenil, que adestraba no \u201ccampo\nparroquial do Cura\u201d e que disputou o seu primeiro partido oficial\nen Chapela o 12 de Outubro de 1967.<\/p>\n\n\n\n<p>Os\nprimeiros \u00e9xitos consegu\u00edronse na tempada 1969\/1970, cando o equipo\n senior proclamouse campi\u00f3n de Segunda Provincial, ascendendo a\nPrimeira mentres que o equipo xuvenil se clasificou para xogar a fase\ndo campionato de Espa\u00f1a, celebrado en Lugo.<\/p>\n\n\n\n<p>A consolidaci\u00f3n  chegoulles na tempada 1971\/72, na que os  seniors loitaban polos primeiros postos da t\u00e1boa e os xuven\u00eds proclam\u00e1banse campi\u00f3ns galegos, clasific\u00e1ndose para o campionato de Espa\u00f1a, que xogaron en M\u00e1laga e no que conseguiron un meritorio quinto posto. Ao ano seguinte volveron ao sector nacional, esta vez en Granada, onde obtiveron a sexta posici\u00f3n.<\/p>\n\n\n\n<p>Un\nfeito destacable e sen d\u00fabida tam\u00e9n importante para a historia do\nclub produciuse no ano 1979,  cando un grupo de mozas, animadas pola\ngran afecci\u00f3n que hab\u00eda na parroquia. Decidiron vestirse de curto e\nfundar o primeiro equipo de balonm\u00e1n feminino.<\/p>\n\n\n\n<p>Durante\nos seguintes anos os logros deportivos  foron forx\u00e1ndose a base de\ndedicaci\u00f3n, sacrificio e moita ilusi\u00f3n e a gran recompensa chegou o\n28 de Abril de 1996, cando o primeiro equipo, nun partido\ninesquecible no que venceu ao  Anaitasuna de Navarra, conseguiu facer\nrealidade o so\u00f1o de ascender aos m\u00e1is alto,  a liga  Asobal na que\npermaneceriamos catro tempadas, que nunca esqueceran os seus\nafeccionados.<\/p>\n\n\n\n<p>Para o\nequipo de Primeira nacional masculino estes \u00faltimos anos foron moi\npositivos conseguindo 2 Campionatos ligueiros e asistindo a 3 Fases\nde ascenso a \u201cdivisi\u00f3n de honra  B\u201d e a disputa dunha tempada en\nDivisi\u00f3n de Honra  B 2013\/2014 na que non se puido manter a\ncategor\u00eda tras un final de tempada moi axustado. O cal lles anima a\ncontinuar traballando e permit\u00edndolles \u201cso\u00f1ar\u201d con novos\n\u00e9xitos.<\/p>\n\n\n\n<p>Moi\ndestacables tam\u00e9n son as continuas alegr\u00edas que nos deu o equipo de\nDivisi\u00f3n de Honra  B Feminina, que con abnegaci\u00f3n e empe\u00f1o\nconseguiron o ascenso na tempada 2012\/2013 e desde a tempada\n2013\/2014 conseguen ano tras ano manter a categor\u00eda tras proclamarse\ncampioas en Primeira Auton\u00f3mica Feminina e chegando a conseguir \nmoitos campionatos ligueiros; varios deles consecutivos; e abrigo\nasistir, \u00e1 horrible cifra de 15 Fases de Ascenso .Traballando como o\nfixeron ata o de agora, estamos seguros que conseguir\u00e1n m\u00e1is\n\u00e9xitos.<\/p>\n\n\n\n<p>Non\npodemos esquecer tampouco aos equipos das categor\u00edas inferiores que\nve\u00f1en apertando con forza e nos que te\u00f1en depositada toda a nosa\nilusi\u00f3n, pois saben que son o futuro do club e est\u00e1n seguros que\nalg\u00fan d\u00eda dar\u00e1n os froitos do seu esforzo e dedicaci\u00f3n .Esta\ntempada contan con case 200  nenas e nenos repartidos nas distintas\ncategor\u00edas, que esperan seguir aumentando.<\/p>\n\n\n\n<p>Fonte: Balonmanchapela.com.<\/p>\n\n\n\n<p><strong>S.A.R. balonm\u00e1n. <\/strong>En 1963, cando falar de h\u00f3ckey ou tenis era sin\u00f3nimo de ser pol\u00edglota, un grupo de mozos de Redondela decidiu apostar polos deportes minoritarios. Con fe, como nacen os proxectos humildes, e con poucas horas de sono, logrou institu\u00edrse o que desde un comezo se chamou a Sociedade Atl\u00e9tica de Redondela, ou a SAR, familiarmente.<\/p>\n\n\n\n<figure class=\"wp-block-image size-large\"><img loading=\"lazy\" decoding=\"async\" width=\"1024\" height=\"404\" src=\"http:\/\/www.anovapeneira.gal\/wp-content\/uploads\/2020\/02\/sempre_mais_redondela-1024x404.jpg\" alt=\"\" class=\"wp-image-2493\" srcset=\"https:\/\/www.anovapeneira.gal\/wp-content\/uploads\/2020\/02\/sempre_mais_redondela-1024x404.jpg 1024w, https:\/\/www.anovapeneira.gal\/wp-content\/uploads\/2020\/02\/sempre_mais_redondela-300x118.jpg 300w, https:\/\/www.anovapeneira.gal\/wp-content\/uploads\/2020\/02\/sempre_mais_redondela-768x303.jpg 768w, https:\/\/www.anovapeneira.gal\/wp-content\/uploads\/2020\/02\/sempre_mais_redondela.jpg 1055w\" sizes=\"auto, (max-width: 1024px) 100vw, 1024px\" \/><\/figure>\n\n\n\n<p>Moitas\nilusi\u00f3ns, quizais demasiadas, a\u00ednda que sexa para comezar de xeito\ncontundente, fixeron desta esperanza unha realidade plural e extensa.\nA SAR significaba, modestamente, a actividade deportiva e cultural de\ntodo o pobo: campionatos de atletismo ou nataci\u00f3n, torneos de\nxadrez, exposici\u00f3ns de pintura, festivais musicais, etc.<\/p>\n\n\n\n<p>A\ncultura estivo moi presente nos primeiros anos de andaina da SAR.<\/p>\n\n\n\n<p>Un ano\ndespois do primeiro empurr\u00f3n xorde a secci\u00f3n de balonm\u00e1n, e con\nela unha filosof\u00eda e un club que perdura a\u00ednda hoxe. Cos atrancos\necon\u00f3micos propios de calquera inicio, os distintos equipos foron\nachegando o seu esforzo e compromiso, de tal xeito que na actualidade\nas novas xeraci\u00f3ns de xogadores poden gozar da oportunidade de\nparticipar en competici\u00f3ns de grande nivel.<\/p>\n\n\n\n<p>Pouco\na pouco foise afianzando como un dos equipos hist\u00f3ricos do balonm\u00e1n\ngalego, e soubo sempre manterse entre os privilexiados. Sen grandes\naspiraci\u00f3ns econ\u00f3micas logrou, a\u00ednda as\u00ed, fitos importantes: en\nprimeiro lugar, consolidar o seu sitio en Primeira Nacional, e en\nsegundo lugar regalar \u00e1 s\u00faa afecci\u00f3n inesquecibles tempadas en\ndivisi\u00f3n de honra B, sen d\u00fabida algo impensable cando naceu, case\ncoma unha complicidade entre amigos coa idea dunha cor.<\/p>\n\n\n\n<p>Se hai\nalgo que caracterizou a SAR dende a primeira pedra \u00e9 a s\u00faa\nfilosof\u00eda: clara e firme. E todas as etapas polas que atravesa\nevidencian esta tendencia que \u00e9 un selo de car\u00e1cter ou, m\u00e1is ben,\nunha aposta e unha ilusi\u00f3n.<\/p>\n\n\n\n<p>Dende\nas categor\u00edas inferiores ata o primeiro equipo todo se vai enfiando\na partir do mesmo punto: confiar a base do grupo \u00e1 xente da casa,\nisto \u00e9, depositar a responsabilidade na xente nova de Redondela, co\nfin de crear unha entidade que represente fielmente a vila, cun gran\npoder identitario.<\/p>\n\n\n\n<p>Por\nsuposto, esta iniciativa, esta maquinaria, necesita dunha perfecta\nengrenaxe, e dende a SAR prom\u00f3vese unha motivaci\u00f3n esencial: a\nimplicaci\u00f3n.<\/p>\n\n\n\n<p>A\nimplicaci\u00f3n aparece cando non fai falta buscar, cando todo se move\nnunha mesma direcci\u00f3n. Neste sentido o club n\u00fatrese dos seus\npropios membros para organizarse: son xogadores, directivos e persoas\ndo contorno pr\u00f3ximo que se converten en adestradores, delegados ou\nmonitores, proporcionando o capital humano necesario para dar\nresposta a todas as necesidades.<\/p>\n\n\n\n<p>Froito\ndeste traballo colectivo atopamos o que se co\u00f1ece hoxe como a SAR,\nun total de dezaseis equipos que incl\u00faen: un S\u00e9nior masculino en\nPrimeira Nacional, e un feminino en Segunda Nacional; un S\u00e9nior\nmasculino en Segunda auton\u00f3mica; un xuvenil masculino e un feminino\nna liga galega; un cadete feminino e un masculino na liga galega; un\ninfantil feminino e un masculino na liga galega; un infantil\nmasculino, tres alev\u00edns mixtos e tres benxam\u00edns mixtos en liga\nprovincial; e ademais as escolas deportivas cunha importante canteira\nde promesas.<\/p>\n\n\n\n<p>O SAR\ntrata de constru\u00edr unha verdadeira escola para o deporte coa que\nformar e dar sa\u00eddas aos nenos e nenas dende idades moi temper\u00e1s.\nUnha posibilidade de sa diversi\u00f3n que se incl\u00fae xa dende o ensino\nm\u00e1is b\u00e1sico nas escolas.<\/p>\n\n\n\n<p>Fonte:\nsarbalonman.blogspot.com.<\/p>\n\n\n\n<div class=\"wp-block-columns is-layout-flex wp-container-core-columns-is-layout-9d6595d7 wp-block-columns-is-layout-flex\">\n<div class=\"wp-block-column is-layout-flow wp-block-column-is-layout-flow\"><\/div>\n\n\n\n<div class=\"wp-block-column is-layout-flow wp-block-column-is-layout-flow\"><\/div>\n<\/div>\n","protected":false},"excerpt":{"rendered":"<div class=\"mh-excerpt\"><p>Na vila de Redondela son ben afeccionados ao deporte, e en case todas as modalidades deportivas, como por exemplo en: remo, tenis e p\u00e1del <a class=\"mh-excerpt-more\" href=\"https:\/\/www.anovapeneira.gal\/index.php\/2020\/02\/11\/o-deporte-en-redondela\/\" title=\"O deporte en Redondela\">[&#8230;]<\/a><\/p>\n<\/div>","protected":false},"author":17,"featured_media":2494,"comment_status":"open","ping_status":"open","sticky":false,"template":"","format":"standard","meta":{"_exactmetrics_skip_tracking":false,"_exactmetrics_sitenote_active":false,"_exactmetrics_sitenote_note":"","_exactmetrics_sitenote_category":0,"footnotes":""},"categories":[495],"tags":[171,56],"class_list":{"0":"post-2490","1":"post","2":"type-post","3":"status-publish","4":"format-standard","5":"has-post-thumbnail","7":"category-redondela-reportaxes","8":"tag-concello-de-redondela","9":"tag-deporte"},"yoast_head":"<!-- This site is optimized with the Yoast SEO plugin v27.4 - https:\/\/yoast.com\/product\/yoast-seo-wordpress\/ -->\n<title>O deporte en Redondela -<\/title>\n<meta name=\"robots\" content=\"index, follow, max-snippet:-1, max-image-preview:large, max-video-preview:-1\" \/>\n<link rel=\"canonical\" href=\"https:\/\/www.anovapeneira.gal\/index.php\/2020\/02\/11\/o-deporte-en-redondela\/\" \/>\n<meta property=\"og:locale\" content=\"gl_ES\" \/>\n<meta property=\"og:type\" content=\"article\" \/>\n<meta property=\"og:title\" content=\"O deporte en Redondela -\" \/>\n<meta property=\"og:description\" content=\"Na vila de Redondela son ben afeccionados ao deporte, e en case todas as modalidades deportivas, como por exemplo en: remo, tenis e p\u00e1del [...]\" \/>\n<meta property=\"og:url\" content=\"https:\/\/www.anovapeneira.gal\/index.php\/2020\/02\/11\/o-deporte-en-redondela\/\" \/>\n<meta property=\"article:publisher\" content=\"https:\/\/www.facebook.com\/anovapeneira\" \/>\n<meta property=\"article:published_time\" content=\"2020-02-11T11:00:21+00:00\" \/>\n<meta property=\"og:image\" content=\"https:\/\/www.anovapeneira.gal\/wp-content\/uploads\/2020\/02\/deporte_redondela_a_nova_peneira.jpg\" \/>\n\t<meta property=\"og:image:width\" content=\"720\" \/>\n\t<meta property=\"og:image:height\" content=\"432\" \/>\n\t<meta property=\"og:image:type\" content=\"image\/jpeg\" \/>\n<meta name=\"author\" content=\"G. Figueiredo\" \/>\n<meta name=\"twitter:card\" content=\"summary_large_image\" \/>\n<meta name=\"twitter:creator\" content=\"@APeneira\" \/>\n<meta name=\"twitter:site\" content=\"@APeneira\" \/>\n<meta name=\"twitter:label1\" content=\"Escrito por\" \/>\n\t<meta name=\"twitter:data1\" content=\"G. Figueiredo\" \/>\n\t<meta name=\"twitter:label2\" content=\"Tempo de lectura\" \/>\n\t<meta name=\"twitter:data2\" content=\"8 minutos\" \/>\n<script type=\"application\/ld+json\" class=\"yoast-schema-graph\">{\"@context\":\"https:\\\/\\\/schema.org\",\"@graph\":[{\"@type\":\"Article\",\"@id\":\"https:\\\/\\\/www.anovapeneira.gal\\\/index.php\\\/2020\\\/02\\\/11\\\/o-deporte-en-redondela\\\/#article\",\"isPartOf\":{\"@id\":\"https:\\\/\\\/www.anovapeneira.gal\\\/index.php\\\/2020\\\/02\\\/11\\\/o-deporte-en-redondela\\\/\"},\"author\":{\"name\":\"G. Figueiredo\",\"@id\":\"https:\\\/\\\/www.anovapeneira.gal\\\/#\\\/schema\\\/person\\\/42f904d7cac80cf3f5a31494dd82a9b6\"},\"headline\":\"O deporte en Redondela\",\"datePublished\":\"2020-02-11T11:00:21+00:00\",\"mainEntityOfPage\":{\"@id\":\"https:\\\/\\\/www.anovapeneira.gal\\\/index.php\\\/2020\\\/02\\\/11\\\/o-deporte-en-redondela\\\/\"},\"wordCount\":1685,\"commentCount\":0,\"publisher\":{\"@id\":\"https:\\\/\\\/www.anovapeneira.gal\\\/#organization\"},\"image\":{\"@id\":\"https:\\\/\\\/www.anovapeneira.gal\\\/index.php\\\/2020\\\/02\\\/11\\\/o-deporte-en-redondela\\\/#primaryimage\"},\"thumbnailUrl\":\"https:\\\/\\\/www.anovapeneira.gal\\\/wp-content\\\/uploads\\\/2020\\\/02\\\/deporte_redondela_a_nova_peneira.jpg\",\"keywords\":[\"Concello de Redondela\",\"Deporte\"],\"articleSection\":[\"Redondela\"],\"inLanguage\":\"gl-ES\",\"potentialAction\":[{\"@type\":\"CommentAction\",\"name\":\"Comment\",\"target\":[\"https:\\\/\\\/www.anovapeneira.gal\\\/index.php\\\/2020\\\/02\\\/11\\\/o-deporte-en-redondela\\\/#respond\"]}]},{\"@type\":\"WebPage\",\"@id\":\"https:\\\/\\\/www.anovapeneira.gal\\\/index.php\\\/2020\\\/02\\\/11\\\/o-deporte-en-redondela\\\/\",\"url\":\"https:\\\/\\\/www.anovapeneira.gal\\\/index.php\\\/2020\\\/02\\\/11\\\/o-deporte-en-redondela\\\/\",\"name\":\"O deporte en Redondela -\",\"isPartOf\":{\"@id\":\"https:\\\/\\\/www.anovapeneira.gal\\\/#website\"},\"primaryImageOfPage\":{\"@id\":\"https:\\\/\\\/www.anovapeneira.gal\\\/index.php\\\/2020\\\/02\\\/11\\\/o-deporte-en-redondela\\\/#primaryimage\"},\"image\":{\"@id\":\"https:\\\/\\\/www.anovapeneira.gal\\\/index.php\\\/2020\\\/02\\\/11\\\/o-deporte-en-redondela\\\/#primaryimage\"},\"thumbnailUrl\":\"https:\\\/\\\/www.anovapeneira.gal\\\/wp-content\\\/uploads\\\/2020\\\/02\\\/deporte_redondela_a_nova_peneira.jpg\",\"datePublished\":\"2020-02-11T11:00:21+00:00\",\"breadcrumb\":{\"@id\":\"https:\\\/\\\/www.anovapeneira.gal\\\/index.php\\\/2020\\\/02\\\/11\\\/o-deporte-en-redondela\\\/#breadcrumb\"},\"inLanguage\":\"gl-ES\",\"potentialAction\":[{\"@type\":\"ReadAction\",\"target\":[\"https:\\\/\\\/www.anovapeneira.gal\\\/index.php\\\/2020\\\/02\\\/11\\\/o-deporte-en-redondela\\\/\"]}]},{\"@type\":\"ImageObject\",\"inLanguage\":\"gl-ES\",\"@id\":\"https:\\\/\\\/www.anovapeneira.gal\\\/index.php\\\/2020\\\/02\\\/11\\\/o-deporte-en-redondela\\\/#primaryimage\",\"url\":\"https:\\\/\\\/www.anovapeneira.gal\\\/wp-content\\\/uploads\\\/2020\\\/02\\\/deporte_redondela_a_nova_peneira.jpg\",\"contentUrl\":\"https:\\\/\\\/www.anovapeneira.gal\\\/wp-content\\\/uploads\\\/2020\\\/02\\\/deporte_redondela_a_nova_peneira.jpg\",\"width\":720,\"height\":432,\"caption\":\"Deporte Redondela A Nova Peneira\"},{\"@type\":\"BreadcrumbList\",\"@id\":\"https:\\\/\\\/www.anovapeneira.gal\\\/index.php\\\/2020\\\/02\\\/11\\\/o-deporte-en-redondela\\\/#breadcrumb\",\"itemListElement\":[{\"@type\":\"ListItem\",\"position\":1,\"name\":\"Portada\",\"item\":\"https:\\\/\\\/www.anovapeneira.gal\\\/\"},{\"@type\":\"ListItem\",\"position\":2,\"name\":\"O deporte en Redondela\"}]},{\"@type\":\"WebSite\",\"@id\":\"https:\\\/\\\/www.anovapeneira.gal\\\/#website\",\"url\":\"https:\\\/\\\/www.anovapeneira.gal\\\/\",\"name\":\"\",\"description\":\"Xornal galego de informaci\u00f3n xeral Publicaci\u00f3n mensual de novas de Galicia e en especial dos Concellos da sur da provincia de Pontevedra.\",\"publisher\":{\"@id\":\"https:\\\/\\\/www.anovapeneira.gal\\\/#organization\"},\"potentialAction\":[{\"@type\":\"SearchAction\",\"target\":{\"@type\":\"EntryPoint\",\"urlTemplate\":\"https:\\\/\\\/www.anovapeneira.gal\\\/?s={search_term_string}\"},\"query-input\":{\"@type\":\"PropertyValueSpecification\",\"valueRequired\":true,\"valueName\":\"search_term_string\"}}],\"inLanguage\":\"gl-ES\"},{\"@type\":\"Organization\",\"@id\":\"https:\\\/\\\/www.anovapeneira.gal\\\/#organization\",\"name\":\"A Nova Peneira\",\"url\":\"https:\\\/\\\/www.anovapeneira.gal\\\/\",\"logo\":{\"@type\":\"ImageObject\",\"inLanguage\":\"gl-ES\",\"@id\":\"https:\\\/\\\/www.anovapeneira.gal\\\/#\\\/schema\\\/logo\\\/image\\\/\",\"url\":\"http:\\\/\\\/www.anovapeneira.gal\\\/wp-content\\\/uploads\\\/2019\\\/06\\\/logo_a_nova_peneira_portal_web.png\",\"contentUrl\":\"http:\\\/\\\/www.anovapeneira.gal\\\/wp-content\\\/uploads\\\/2019\\\/06\\\/logo_a_nova_peneira_portal_web.png\",\"width\":300,\"height\":100,\"caption\":\"A Nova Peneira\"},\"image\":{\"@id\":\"https:\\\/\\\/www.anovapeneira.gal\\\/#\\\/schema\\\/logo\\\/image\\\/\"},\"sameAs\":[\"https:\\\/\\\/www.facebook.com\\\/anovapeneira\",\"https:\\\/\\\/x.com\\\/APeneira\"]},{\"@type\":\"Person\",\"@id\":\"https:\\\/\\\/www.anovapeneira.gal\\\/#\\\/schema\\\/person\\\/42f904d7cac80cf3f5a31494dd82a9b6\",\"name\":\"G. Figueiredo\",\"image\":{\"@type\":\"ImageObject\",\"inLanguage\":\"gl-ES\",\"@id\":\"https:\\\/\\\/secure.gravatar.com\\\/avatar\\\/2d970086688458e0398ef8b84f5cbb8cc1ec3ab115aeb8435135a9f556af97b3?s=96&d=mm&r=g\",\"url\":\"https:\\\/\\\/secure.gravatar.com\\\/avatar\\\/2d970086688458e0398ef8b84f5cbb8cc1ec3ab115aeb8435135a9f556af97b3?s=96&d=mm&r=g\",\"contentUrl\":\"https:\\\/\\\/secure.gravatar.com\\\/avatar\\\/2d970086688458e0398ef8b84f5cbb8cc1ec3ab115aeb8435135a9f556af97b3?s=96&d=mm&r=g\",\"caption\":\"G. Figueiredo\"},\"sameAs\":[\"http:\\\/\\\/www.anovapeneira.gal\\\/\"],\"url\":\"https:\\\/\\\/www.anovapeneira.gal\\\/index.php\\\/author\\\/g-figueiredo\\\/\"}]}<\/script>\n<!-- \/ Yoast SEO plugin. -->","yoast_head_json":{"title":"O deporte en Redondela -","robots":{"index":"index","follow":"follow","max-snippet":"max-snippet:-1","max-image-preview":"max-image-preview:large","max-video-preview":"max-video-preview:-1"},"canonical":"https:\/\/www.anovapeneira.gal\/index.php\/2020\/02\/11\/o-deporte-en-redondela\/","og_locale":"gl_ES","og_type":"article","og_title":"O deporte en Redondela -","og_description":"Na vila de Redondela son ben afeccionados ao deporte, e en case todas as modalidades deportivas, como por exemplo en: remo, tenis e p\u00e1del [...]","og_url":"https:\/\/www.anovapeneira.gal\/index.php\/2020\/02\/11\/o-deporte-en-redondela\/","article_publisher":"https:\/\/www.facebook.com\/anovapeneira","article_published_time":"2020-02-11T11:00:21+00:00","og_image":[{"width":720,"height":432,"url":"https:\/\/www.anovapeneira.gal\/wp-content\/uploads\/2020\/02\/deporte_redondela_a_nova_peneira.jpg","type":"image\/jpeg"}],"author":"G. Figueiredo","twitter_card":"summary_large_image","twitter_creator":"@APeneira","twitter_site":"@APeneira","twitter_misc":{"Escrito por":"G. Figueiredo","Tempo de lectura":"8 minutos"},"schema":{"@context":"https:\/\/schema.org","@graph":[{"@type":"Article","@id":"https:\/\/www.anovapeneira.gal\/index.php\/2020\/02\/11\/o-deporte-en-redondela\/#article","isPartOf":{"@id":"https:\/\/www.anovapeneira.gal\/index.php\/2020\/02\/11\/o-deporte-en-redondela\/"},"author":{"name":"G. Figueiredo","@id":"https:\/\/www.anovapeneira.gal\/#\/schema\/person\/42f904d7cac80cf3f5a31494dd82a9b6"},"headline":"O deporte en Redondela","datePublished":"2020-02-11T11:00:21+00:00","mainEntityOfPage":{"@id":"https:\/\/www.anovapeneira.gal\/index.php\/2020\/02\/11\/o-deporte-en-redondela\/"},"wordCount":1685,"commentCount":0,"publisher":{"@id":"https:\/\/www.anovapeneira.gal\/#organization"},"image":{"@id":"https:\/\/www.anovapeneira.gal\/index.php\/2020\/02\/11\/o-deporte-en-redondela\/#primaryimage"},"thumbnailUrl":"https:\/\/www.anovapeneira.gal\/wp-content\/uploads\/2020\/02\/deporte_redondela_a_nova_peneira.jpg","keywords":["Concello de Redondela","Deporte"],"articleSection":["Redondela"],"inLanguage":"gl-ES","potentialAction":[{"@type":"CommentAction","name":"Comment","target":["https:\/\/www.anovapeneira.gal\/index.php\/2020\/02\/11\/o-deporte-en-redondela\/#respond"]}]},{"@type":"WebPage","@id":"https:\/\/www.anovapeneira.gal\/index.php\/2020\/02\/11\/o-deporte-en-redondela\/","url":"https:\/\/www.anovapeneira.gal\/index.php\/2020\/02\/11\/o-deporte-en-redondela\/","name":"O deporte en Redondela -","isPartOf":{"@id":"https:\/\/www.anovapeneira.gal\/#website"},"primaryImageOfPage":{"@id":"https:\/\/www.anovapeneira.gal\/index.php\/2020\/02\/11\/o-deporte-en-redondela\/#primaryimage"},"image":{"@id":"https:\/\/www.anovapeneira.gal\/index.php\/2020\/02\/11\/o-deporte-en-redondela\/#primaryimage"},"thumbnailUrl":"https:\/\/www.anovapeneira.gal\/wp-content\/uploads\/2020\/02\/deporte_redondela_a_nova_peneira.jpg","datePublished":"2020-02-11T11:00:21+00:00","breadcrumb":{"@id":"https:\/\/www.anovapeneira.gal\/index.php\/2020\/02\/11\/o-deporte-en-redondela\/#breadcrumb"},"inLanguage":"gl-ES","potentialAction":[{"@type":"ReadAction","target":["https:\/\/www.anovapeneira.gal\/index.php\/2020\/02\/11\/o-deporte-en-redondela\/"]}]},{"@type":"ImageObject","inLanguage":"gl-ES","@id":"https:\/\/www.anovapeneira.gal\/index.php\/2020\/02\/11\/o-deporte-en-redondela\/#primaryimage","url":"https:\/\/www.anovapeneira.gal\/wp-content\/uploads\/2020\/02\/deporte_redondela_a_nova_peneira.jpg","contentUrl":"https:\/\/www.anovapeneira.gal\/wp-content\/uploads\/2020\/02\/deporte_redondela_a_nova_peneira.jpg","width":720,"height":432,"caption":"Deporte Redondela A Nova Peneira"},{"@type":"BreadcrumbList","@id":"https:\/\/www.anovapeneira.gal\/index.php\/2020\/02\/11\/o-deporte-en-redondela\/#breadcrumb","itemListElement":[{"@type":"ListItem","position":1,"name":"Portada","item":"https:\/\/www.anovapeneira.gal\/"},{"@type":"ListItem","position":2,"name":"O deporte en Redondela"}]},{"@type":"WebSite","@id":"https:\/\/www.anovapeneira.gal\/#website","url":"https:\/\/www.anovapeneira.gal\/","name":"","description":"Xornal galego de informaci\u00f3n xeral Publicaci\u00f3n mensual de novas de Galicia e en especial dos Concellos da sur da provincia de Pontevedra.","publisher":{"@id":"https:\/\/www.anovapeneira.gal\/#organization"},"potentialAction":[{"@type":"SearchAction","target":{"@type":"EntryPoint","urlTemplate":"https:\/\/www.anovapeneira.gal\/?s={search_term_string}"},"query-input":{"@type":"PropertyValueSpecification","valueRequired":true,"valueName":"search_term_string"}}],"inLanguage":"gl-ES"},{"@type":"Organization","@id":"https:\/\/www.anovapeneira.gal\/#organization","name":"A Nova Peneira","url":"https:\/\/www.anovapeneira.gal\/","logo":{"@type":"ImageObject","inLanguage":"gl-ES","@id":"https:\/\/www.anovapeneira.gal\/#\/schema\/logo\/image\/","url":"http:\/\/www.anovapeneira.gal\/wp-content\/uploads\/2019\/06\/logo_a_nova_peneira_portal_web.png","contentUrl":"http:\/\/www.anovapeneira.gal\/wp-content\/uploads\/2019\/06\/logo_a_nova_peneira_portal_web.png","width":300,"height":100,"caption":"A Nova Peneira"},"image":{"@id":"https:\/\/www.anovapeneira.gal\/#\/schema\/logo\/image\/"},"sameAs":["https:\/\/www.facebook.com\/anovapeneira","https:\/\/x.com\/APeneira"]},{"@type":"Person","@id":"https:\/\/www.anovapeneira.gal\/#\/schema\/person\/42f904d7cac80cf3f5a31494dd82a9b6","name":"G. Figueiredo","image":{"@type":"ImageObject","inLanguage":"gl-ES","@id":"https:\/\/secure.gravatar.com\/avatar\/2d970086688458e0398ef8b84f5cbb8cc1ec3ab115aeb8435135a9f556af97b3?s=96&d=mm&r=g","url":"https:\/\/secure.gravatar.com\/avatar\/2d970086688458e0398ef8b84f5cbb8cc1ec3ab115aeb8435135a9f556af97b3?s=96&d=mm&r=g","contentUrl":"https:\/\/secure.gravatar.com\/avatar\/2d970086688458e0398ef8b84f5cbb8cc1ec3ab115aeb8435135a9f556af97b3?s=96&d=mm&r=g","caption":"G. Figueiredo"},"sameAs":["http:\/\/www.anovapeneira.gal\/"],"url":"https:\/\/www.anovapeneira.gal\/index.php\/author\/g-figueiredo\/"}]}},"jetpack_featured_media_url":"https:\/\/www.anovapeneira.gal\/wp-content\/uploads\/2020\/02\/deporte_redondela_a_nova_peneira.jpg","_links":{"self":[{"href":"https:\/\/www.anovapeneira.gal\/index.php\/wp-json\/wp\/v2\/posts\/2490","targetHints":{"allow":["GET"]}}],"collection":[{"href":"https:\/\/www.anovapeneira.gal\/index.php\/wp-json\/wp\/v2\/posts"}],"about":[{"href":"https:\/\/www.anovapeneira.gal\/index.php\/wp-json\/wp\/v2\/types\/post"}],"author":[{"embeddable":true,"href":"https:\/\/www.anovapeneira.gal\/index.php\/wp-json\/wp\/v2\/users\/17"}],"replies":[{"embeddable":true,"href":"https:\/\/www.anovapeneira.gal\/index.php\/wp-json\/wp\/v2\/comments?post=2490"}],"version-history":[{"count":1,"href":"https:\/\/www.anovapeneira.gal\/index.php\/wp-json\/wp\/v2\/posts\/2490\/revisions"}],"predecessor-version":[{"id":2495,"href":"https:\/\/www.anovapeneira.gal\/index.php\/wp-json\/wp\/v2\/posts\/2490\/revisions\/2495"}],"wp:featuredmedia":[{"embeddable":true,"href":"https:\/\/www.anovapeneira.gal\/index.php\/wp-json\/wp\/v2\/media\/2494"}],"wp:attachment":[{"href":"https:\/\/www.anovapeneira.gal\/index.php\/wp-json\/wp\/v2\/media?parent=2490"}],"wp:term":[{"taxonomy":"category","embeddable":true,"href":"https:\/\/www.anovapeneira.gal\/index.php\/wp-json\/wp\/v2\/categories?post=2490"},{"taxonomy":"post_tag","embeddable":true,"href":"https:\/\/www.anovapeneira.gal\/index.php\/wp-json\/wp\/v2\/tags?post=2490"}],"curies":[{"name":"wp","href":"https:\/\/api.w.org\/{rel}","templated":true}]}}