{"id":2504,"date":"2020-02-12T12:00:28","date_gmt":"2020-02-12T11:00:28","guid":{"rendered":"http:\/\/www.anovapeneira.gal\/?p=2504"},"modified":"2020-02-09T20:35:17","modified_gmt":"2020-02-09T19:35:17","slug":"tomino-recupera-as-suas-ruas-coma-espazo-de-lecer-e-encontro","status":"publish","type":"post","link":"https:\/\/www.anovapeneira.gal\/index.php\/2020\/02\/12\/tomino-recupera-as-suas-ruas-coma-espazo-de-lecer-e-encontro\/","title":{"rendered":"Tomi\u00f1o recupera as s\u00faas r\u00faas coma espazo de lecer e encontro"},"content":{"rendered":"\n<h2 class=\"wp-block-heading\"><strong>A actuaci\u00f3n sup\u00f3n un investimento de 670.000 euros e conta cunha subvenci\u00f3n da Deputaci\u00f3n Provincial de 500.000<\/strong><\/h2>\n\n\n\n<p><strong>Tomi\u00f1o, 8 de febreiro de 2020<\/strong><\/p>\n\n\n\n<p>O Concello de Tomi\u00f1o da\nun paso m\u00e1is no proceso de transformaci\u00f3n e recuperaci\u00f3n do espazo\np\u00fablico para as persoas no n\u00facleo urbano do Seixo. \n<\/p>\n\n\n\n<p>O proxecto do Concello de\nTomi\u00f1o \u201cMellora da mobilidade e seguranza viaria na contorna dos\nequipamentos p\u00fablicos da Praza do Seixo\u201d, cun investimento total\nde 670.000 euros, vai  comezar este luns, 10 de febreiro, e prevese\nque estea rematado a finais do mes de xu\u00f1o.<\/p>\n\n\n\n<p>A iniciativa pretende\naproveitar a mudanza na mobilidade de veh\u00edculos que sup\u00f3n a nova\navenida que rodea o n\u00facleo urbano, recentemente aberta, e que vai\npropiciar a eliminaci\u00f3n de tr\u00e1fico de paso, un 90% dos veh\u00edculos\nque antes pasaban polo centro da vila. \n<\/p>\n\n\n\n<p>As\u00ed, o proxecto\ncontempla a peonalizaci\u00f3n e ampliaci\u00f3n da praza do Seixo, ata os\ntramos da r\u00faa A Guarda e r\u00faa Rep\u00fablica Arxentina, e ata o\nentronque coa nova avenida, reformando todos os servizos urbanos e\nmellorando o espazo p\u00fablico cun dese\u00f1o semellante ao da Praza do\nSeixo.<\/p>\n\n\n\n<p>A r\u00faa A Guarda pasar\u00e1 a\nter un dese\u00f1o m\u00e1is estancial e comercial, creando espazos de\nencontro e \u00e1reas con bancos, vexetaci\u00f3n e iluminaci\u00f3n con\ncatenarias. A r\u00faa Rep\u00fablica Arxentina, pola s\u00faa banda,\nconfigurarase como unha alameda de entrada \u00e1 Praza do Seixo, desde a\nrotonda de entronque da nova avenida, que pasar\u00e1 a ser o principal\npunto de referencia e entrada de Tomi\u00f1o. Nos dous casos colocarase\niluminaci\u00f3n de alta eficiencia enerx\u00e9tica e renovaranse todos os\nservizos (auga, saneamento, pluviais, canalizaci\u00f3ns, etc.).<\/p>\n\n\n\n<p>Para poder dar m\u00e1is\nservizo aos veci\u00f1os e veci\u00f1as, o Concello v\u00e9n de ampliar un\nsegundo aparcadoiro p\u00fablico gratu\u00edto, duplicando o n\u00famero de\nprazas de estacionamento. \n<\/p>\n\n\n\n<p>Sandra Gonz\u00e1lez,\nalcaldesa de Tomi\u00f1o, entende que esta obra significar\u00e1 un paso moi\nimportante de mellora do espazo p\u00fablico, que ir\u00e1 en beneficio dos\nveci\u00f1os e do comercio local, como xa supuxo a mellora da Praza do\nSeixo e do Mercado Municipal, no seu momento. \u201cO goberno municipal\nquere que a nosa vila sexa exemplo de recuperaci\u00f3n de espazos\np\u00fablicos para as persoas, creando m\u00e1is 100.000 m2 de espazos peonis\ne zonas verdes\u201d, explica.<\/p>\n\n\n\n<p>Para a realizaci\u00f3n desta\nobra, o goberno foi quen de conseguir unha subvenci\u00f3n de 500.000\neuros, ao abeiro da convocatoria p\u00fablica do Plan DepoRemse, da\nDeputaci\u00f3n de Pontevedra, para o proxecto de remodelaci\u00f3n, cun\ncoste total de 670.000\u20ac, o que sup\u00f3n unha financiaci\u00f3n do 75%,\nachegando o resto o propio Concello.<\/p>\n","protected":false},"excerpt":{"rendered":"<div class=\"mh-excerpt\"><p>O Concello de Tomi\u00f1o da un paso m\u00e1is no proceso de transformaci\u00f3n e recuperaci\u00f3n do espazo p\u00fablico para as persoas no n\u00facleo urbano do Seixo <a class=\"mh-excerpt-more\" href=\"https:\/\/www.anovapeneira.gal\/index.php\/2020\/02\/12\/tomino-recupera-as-suas-ruas-coma-espazo-de-lecer-e-encontro\/\" title=\"Tomi\u00f1o recupera as s\u00faas r\u00faas coma espazo de lecer e encontro\">[&#8230;]<\/a><\/p>\n<\/div>","protected":false},"author":3,"featured_media":2505,"comment_status":"open","ping_status":"open","sticky":false,"template":"","format":"standard","meta":{"_exactmetrics_skip_tracking":false,"_exactmetrics_sitenote_active":false,"_exactmetrics_sitenote_note":"","_exactmetrics_sitenote_category":0,"footnotes":""},"categories":[21],"tags":[81,954],"class_list":{"0":"post-2504","1":"post","2":"type-post","3":"status-publish","4":"format-standard","5":"has-post-thumbnail","7":"category-baixo-mino","8":"tag-concello-de-tomino","9":"tag-investimento"},"yoast_head":"<!-- This site is optimized with the Yoast SEO plugin v27.4 - https:\/\/yoast.com\/product\/yoast-seo-wordpress\/ -->\n<title>Tomi\u00f1o recupera as s\u00faas r\u00faas coma espazo de lecer e encontro -<\/title>\n<meta name=\"robots\" content=\"index, follow, max-snippet:-1, max-image-preview:large, max-video-preview:-1\" \/>\n<link rel=\"canonical\" href=\"https:\/\/www.anovapeneira.gal\/index.php\/2020\/02\/12\/tomino-recupera-as-suas-ruas-coma-espazo-de-lecer-e-encontro\/\" \/>\n<meta property=\"og:locale\" content=\"gl_ES\" \/>\n<meta property=\"og:type\" content=\"article\" \/>\n<meta property=\"og:title\" content=\"Tomi\u00f1o recupera as s\u00faas r\u00faas coma espazo de lecer e encontro -\" \/>\n<meta property=\"og:description\" content=\"O Concello de Tomi\u00f1o da un paso m\u00e1is no proceso de transformaci\u00f3n e recuperaci\u00f3n do espazo p\u00fablico para as persoas no n\u00facleo urbano do Seixo [...]\" \/>\n<meta property=\"og:url\" content=\"https:\/\/www.anovapeneira.gal\/index.php\/2020\/02\/12\/tomino-recupera-as-suas-ruas-coma-espazo-de-lecer-e-encontro\/\" \/>\n<meta property=\"article:publisher\" content=\"https:\/\/www.facebook.com\/anovapeneira\" \/>\n<meta property=\"article:published_time\" content=\"2020-02-12T11:00:28+00:00\" \/>\n<meta property=\"og:image\" content=\"https:\/\/www.anovapeneira.gal\/wp-content\/uploads\/2020\/02\/renovacion_tominho_a_nova_peneira.jpg\" \/>\n\t<meta property=\"og:image:width\" content=\"720\" \/>\n\t<meta property=\"og:image:height\" content=\"432\" \/>\n\t<meta property=\"og:image:type\" content=\"image\/jpeg\" \/>\n<meta name=\"author\" content=\"Redacci\u00f3n A Nova Peneira\" \/>\n<meta name=\"twitter:card\" content=\"summary_large_image\" \/>\n<meta name=\"twitter:creator\" content=\"@APeneira\" \/>\n<meta name=\"twitter:site\" content=\"@APeneira\" \/>\n<meta name=\"twitter:label1\" content=\"Escrito por\" \/>\n\t<meta name=\"twitter:data1\" content=\"Redacci\u00f3n A Nova Peneira\" \/>\n\t<meta name=\"twitter:label2\" content=\"Tempo de lectura\" \/>\n\t<meta name=\"twitter:data2\" content=\"2 minutos\" \/>\n<script type=\"application\/ld+json\" class=\"yoast-schema-graph\">{\"@context\":\"https:\\\/\\\/schema.org\",\"@graph\":[{\"@type\":\"Article\",\"@id\":\"https:\\\/\\\/www.anovapeneira.gal\\\/index.php\\\/2020\\\/02\\\/12\\\/tomino-recupera-as-suas-ruas-coma-espazo-de-lecer-e-encontro\\\/#article\",\"isPartOf\":{\"@id\":\"https:\\\/\\\/www.anovapeneira.gal\\\/index.php\\\/2020\\\/02\\\/12\\\/tomino-recupera-as-suas-ruas-coma-espazo-de-lecer-e-encontro\\\/\"},\"author\":{\"name\":\"Redacci\u00f3n A Nova Peneira\",\"@id\":\"https:\\\/\\\/www.anovapeneira.gal\\\/#\\\/schema\\\/person\\\/b93e3f8932e3f8da96334607eb6ac6aa\"},\"headline\":\"Tomi\u00f1o recupera as s\u00faas r\u00faas coma espazo de lecer e encontro\",\"datePublished\":\"2020-02-12T11:00:28+00:00\",\"mainEntityOfPage\":{\"@id\":\"https:\\\/\\\/www.anovapeneira.gal\\\/index.php\\\/2020\\\/02\\\/12\\\/tomino-recupera-as-suas-ruas-coma-espazo-de-lecer-e-encontro\\\/\"},\"wordCount\":480,\"commentCount\":0,\"publisher\":{\"@id\":\"https:\\\/\\\/www.anovapeneira.gal\\\/#organization\"},\"image\":{\"@id\":\"https:\\\/\\\/www.anovapeneira.gal\\\/index.php\\\/2020\\\/02\\\/12\\\/tomino-recupera-as-suas-ruas-coma-espazo-de-lecer-e-encontro\\\/#primaryimage\"},\"thumbnailUrl\":\"https:\\\/\\\/www.anovapeneira.gal\\\/wp-content\\\/uploads\\\/2020\\\/02\\\/renovacion_tominho_a_nova_peneira.jpg\",\"keywords\":[\"Concello de Tomi\u00f1o\",\"Investimento\"],\"articleSection\":[\"Baixo Mi\u00f1o\"],\"inLanguage\":\"gl-ES\",\"potentialAction\":[{\"@type\":\"CommentAction\",\"name\":\"Comment\",\"target\":[\"https:\\\/\\\/www.anovapeneira.gal\\\/index.php\\\/2020\\\/02\\\/12\\\/tomino-recupera-as-suas-ruas-coma-espazo-de-lecer-e-encontro\\\/#respond\"]}]},{\"@type\":\"WebPage\",\"@id\":\"https:\\\/\\\/www.anovapeneira.gal\\\/index.php\\\/2020\\\/02\\\/12\\\/tomino-recupera-as-suas-ruas-coma-espazo-de-lecer-e-encontro\\\/\",\"url\":\"https:\\\/\\\/www.anovapeneira.gal\\\/index.php\\\/2020\\\/02\\\/12\\\/tomino-recupera-as-suas-ruas-coma-espazo-de-lecer-e-encontro\\\/\",\"name\":\"Tomi\u00f1o recupera as s\u00faas r\u00faas coma espazo de lecer e encontro -\",\"isPartOf\":{\"@id\":\"https:\\\/\\\/www.anovapeneira.gal\\\/#website\"},\"primaryImageOfPage\":{\"@id\":\"https:\\\/\\\/www.anovapeneira.gal\\\/index.php\\\/2020\\\/02\\\/12\\\/tomino-recupera-as-suas-ruas-coma-espazo-de-lecer-e-encontro\\\/#primaryimage\"},\"image\":{\"@id\":\"https:\\\/\\\/www.anovapeneira.gal\\\/index.php\\\/2020\\\/02\\\/12\\\/tomino-recupera-as-suas-ruas-coma-espazo-de-lecer-e-encontro\\\/#primaryimage\"},\"thumbnailUrl\":\"https:\\\/\\\/www.anovapeneira.gal\\\/wp-content\\\/uploads\\\/2020\\\/02\\\/renovacion_tominho_a_nova_peneira.jpg\",\"datePublished\":\"2020-02-12T11:00:28+00:00\",\"breadcrumb\":{\"@id\":\"https:\\\/\\\/www.anovapeneira.gal\\\/index.php\\\/2020\\\/02\\\/12\\\/tomino-recupera-as-suas-ruas-coma-espazo-de-lecer-e-encontro\\\/#breadcrumb\"},\"inLanguage\":\"gl-ES\",\"potentialAction\":[{\"@type\":\"ReadAction\",\"target\":[\"https:\\\/\\\/www.anovapeneira.gal\\\/index.php\\\/2020\\\/02\\\/12\\\/tomino-recupera-as-suas-ruas-coma-espazo-de-lecer-e-encontro\\\/\"]}]},{\"@type\":\"ImageObject\",\"inLanguage\":\"gl-ES\",\"@id\":\"https:\\\/\\\/www.anovapeneira.gal\\\/index.php\\\/2020\\\/02\\\/12\\\/tomino-recupera-as-suas-ruas-coma-espazo-de-lecer-e-encontro\\\/#primaryimage\",\"url\":\"https:\\\/\\\/www.anovapeneira.gal\\\/wp-content\\\/uploads\\\/2020\\\/02\\\/renovacion_tominho_a_nova_peneira.jpg\",\"contentUrl\":\"https:\\\/\\\/www.anovapeneira.gal\\\/wp-content\\\/uploads\\\/2020\\\/02\\\/renovacion_tominho_a_nova_peneira.jpg\",\"width\":720,\"height\":432,\"caption\":\"Concello de Tomi\u00f1o A Nova Peneira\"},{\"@type\":\"BreadcrumbList\",\"@id\":\"https:\\\/\\\/www.anovapeneira.gal\\\/index.php\\\/2020\\\/02\\\/12\\\/tomino-recupera-as-suas-ruas-coma-espazo-de-lecer-e-encontro\\\/#breadcrumb\",\"itemListElement\":[{\"@type\":\"ListItem\",\"position\":1,\"name\":\"Portada\",\"item\":\"https:\\\/\\\/www.anovapeneira.gal\\\/\"},{\"@type\":\"ListItem\",\"position\":2,\"name\":\"Tomi\u00f1o recupera as s\u00faas r\u00faas coma espazo de lecer e encontro\"}]},{\"@type\":\"WebSite\",\"@id\":\"https:\\\/\\\/www.anovapeneira.gal\\\/#website\",\"url\":\"https:\\\/\\\/www.anovapeneira.gal\\\/\",\"name\":\"\",\"description\":\"Xornal galego de informaci\u00f3n xeral Publicaci\u00f3n mensual de novas de Galicia e en especial dos Concellos da sur da provincia de Pontevedra.\",\"publisher\":{\"@id\":\"https:\\\/\\\/www.anovapeneira.gal\\\/#organization\"},\"potentialAction\":[{\"@type\":\"SearchAction\",\"target\":{\"@type\":\"EntryPoint\",\"urlTemplate\":\"https:\\\/\\\/www.anovapeneira.gal\\\/?s={search_term_string}\"},\"query-input\":{\"@type\":\"PropertyValueSpecification\",\"valueRequired\":true,\"valueName\":\"search_term_string\"}}],\"inLanguage\":\"gl-ES\"},{\"@type\":\"Organization\",\"@id\":\"https:\\\/\\\/www.anovapeneira.gal\\\/#organization\",\"name\":\"A Nova Peneira\",\"url\":\"https:\\\/\\\/www.anovapeneira.gal\\\/\",\"logo\":{\"@type\":\"ImageObject\",\"inLanguage\":\"gl-ES\",\"@id\":\"https:\\\/\\\/www.anovapeneira.gal\\\/#\\\/schema\\\/logo\\\/image\\\/\",\"url\":\"http:\\\/\\\/www.anovapeneira.gal\\\/wp-content\\\/uploads\\\/2019\\\/06\\\/logo_a_nova_peneira_portal_web.png\",\"contentUrl\":\"http:\\\/\\\/www.anovapeneira.gal\\\/wp-content\\\/uploads\\\/2019\\\/06\\\/logo_a_nova_peneira_portal_web.png\",\"width\":300,\"height\":100,\"caption\":\"A Nova Peneira\"},\"image\":{\"@id\":\"https:\\\/\\\/www.anovapeneira.gal\\\/#\\\/schema\\\/logo\\\/image\\\/\"},\"sameAs\":[\"https:\\\/\\\/www.facebook.com\\\/anovapeneira\",\"https:\\\/\\\/x.com\\\/APeneira\"]},{\"@type\":\"Person\",\"@id\":\"https:\\\/\\\/www.anovapeneira.gal\\\/#\\\/schema\\\/person\\\/b93e3f8932e3f8da96334607eb6ac6aa\",\"name\":\"Redacci\u00f3n A Nova Peneira\",\"image\":{\"@type\":\"ImageObject\",\"inLanguage\":\"gl-ES\",\"@id\":\"https:\\\/\\\/secure.gravatar.com\\\/avatar\\\/c052a2551a06e23fac63626232eaa90abd78dbcf1700fc46a2b2c89fd27b735f?s=96&d=mm&r=g\",\"url\":\"https:\\\/\\\/secure.gravatar.com\\\/avatar\\\/c052a2551a06e23fac63626232eaa90abd78dbcf1700fc46a2b2c89fd27b735f?s=96&d=mm&r=g\",\"contentUrl\":\"https:\\\/\\\/secure.gravatar.com\\\/avatar\\\/c052a2551a06e23fac63626232eaa90abd78dbcf1700fc46a2b2c89fd27b735f?s=96&d=mm&r=g\",\"caption\":\"Redacci\u00f3n A Nova Peneira\"},\"sameAs\":[\"http:\\\/\\\/www.anovapeneira.gal\\\/\"],\"url\":\"https:\\\/\\\/www.anovapeneira.gal\\\/index.php\\\/author\\\/redactor\\\/\"}]}<\/script>\n<!-- \/ Yoast SEO plugin. -->","yoast_head_json":{"title":"Tomi\u00f1o recupera as s\u00faas r\u00faas coma espazo de lecer e encontro -","robots":{"index":"index","follow":"follow","max-snippet":"max-snippet:-1","max-image-preview":"max-image-preview:large","max-video-preview":"max-video-preview:-1"},"canonical":"https:\/\/www.anovapeneira.gal\/index.php\/2020\/02\/12\/tomino-recupera-as-suas-ruas-coma-espazo-de-lecer-e-encontro\/","og_locale":"gl_ES","og_type":"article","og_title":"Tomi\u00f1o recupera as s\u00faas r\u00faas coma espazo de lecer e encontro -","og_description":"O Concello de Tomi\u00f1o da un paso m\u00e1is no proceso de transformaci\u00f3n e recuperaci\u00f3n do espazo p\u00fablico para as persoas no n\u00facleo urbano do Seixo [...]","og_url":"https:\/\/www.anovapeneira.gal\/index.php\/2020\/02\/12\/tomino-recupera-as-suas-ruas-coma-espazo-de-lecer-e-encontro\/","article_publisher":"https:\/\/www.facebook.com\/anovapeneira","article_published_time":"2020-02-12T11:00:28+00:00","og_image":[{"width":720,"height":432,"url":"https:\/\/www.anovapeneira.gal\/wp-content\/uploads\/2020\/02\/renovacion_tominho_a_nova_peneira.jpg","type":"image\/jpeg"}],"author":"Redacci\u00f3n A Nova Peneira","twitter_card":"summary_large_image","twitter_creator":"@APeneira","twitter_site":"@APeneira","twitter_misc":{"Escrito por":"Redacci\u00f3n A Nova Peneira","Tempo de lectura":"2 minutos"},"schema":{"@context":"https:\/\/schema.org","@graph":[{"@type":"Article","@id":"https:\/\/www.anovapeneira.gal\/index.php\/2020\/02\/12\/tomino-recupera-as-suas-ruas-coma-espazo-de-lecer-e-encontro\/#article","isPartOf":{"@id":"https:\/\/www.anovapeneira.gal\/index.php\/2020\/02\/12\/tomino-recupera-as-suas-ruas-coma-espazo-de-lecer-e-encontro\/"},"author":{"name":"Redacci\u00f3n A Nova Peneira","@id":"https:\/\/www.anovapeneira.gal\/#\/schema\/person\/b93e3f8932e3f8da96334607eb6ac6aa"},"headline":"Tomi\u00f1o recupera as s\u00faas r\u00faas coma espazo de lecer e encontro","datePublished":"2020-02-12T11:00:28+00:00","mainEntityOfPage":{"@id":"https:\/\/www.anovapeneira.gal\/index.php\/2020\/02\/12\/tomino-recupera-as-suas-ruas-coma-espazo-de-lecer-e-encontro\/"},"wordCount":480,"commentCount":0,"publisher":{"@id":"https:\/\/www.anovapeneira.gal\/#organization"},"image":{"@id":"https:\/\/www.anovapeneira.gal\/index.php\/2020\/02\/12\/tomino-recupera-as-suas-ruas-coma-espazo-de-lecer-e-encontro\/#primaryimage"},"thumbnailUrl":"https:\/\/www.anovapeneira.gal\/wp-content\/uploads\/2020\/02\/renovacion_tominho_a_nova_peneira.jpg","keywords":["Concello de Tomi\u00f1o","Investimento"],"articleSection":["Baixo Mi\u00f1o"],"inLanguage":"gl-ES","potentialAction":[{"@type":"CommentAction","name":"Comment","target":["https:\/\/www.anovapeneira.gal\/index.php\/2020\/02\/12\/tomino-recupera-as-suas-ruas-coma-espazo-de-lecer-e-encontro\/#respond"]}]},{"@type":"WebPage","@id":"https:\/\/www.anovapeneira.gal\/index.php\/2020\/02\/12\/tomino-recupera-as-suas-ruas-coma-espazo-de-lecer-e-encontro\/","url":"https:\/\/www.anovapeneira.gal\/index.php\/2020\/02\/12\/tomino-recupera-as-suas-ruas-coma-espazo-de-lecer-e-encontro\/","name":"Tomi\u00f1o recupera as s\u00faas r\u00faas coma espazo de lecer e encontro -","isPartOf":{"@id":"https:\/\/www.anovapeneira.gal\/#website"},"primaryImageOfPage":{"@id":"https:\/\/www.anovapeneira.gal\/index.php\/2020\/02\/12\/tomino-recupera-as-suas-ruas-coma-espazo-de-lecer-e-encontro\/#primaryimage"},"image":{"@id":"https:\/\/www.anovapeneira.gal\/index.php\/2020\/02\/12\/tomino-recupera-as-suas-ruas-coma-espazo-de-lecer-e-encontro\/#primaryimage"},"thumbnailUrl":"https:\/\/www.anovapeneira.gal\/wp-content\/uploads\/2020\/02\/renovacion_tominho_a_nova_peneira.jpg","datePublished":"2020-02-12T11:00:28+00:00","breadcrumb":{"@id":"https:\/\/www.anovapeneira.gal\/index.php\/2020\/02\/12\/tomino-recupera-as-suas-ruas-coma-espazo-de-lecer-e-encontro\/#breadcrumb"},"inLanguage":"gl-ES","potentialAction":[{"@type":"ReadAction","target":["https:\/\/www.anovapeneira.gal\/index.php\/2020\/02\/12\/tomino-recupera-as-suas-ruas-coma-espazo-de-lecer-e-encontro\/"]}]},{"@type":"ImageObject","inLanguage":"gl-ES","@id":"https:\/\/www.anovapeneira.gal\/index.php\/2020\/02\/12\/tomino-recupera-as-suas-ruas-coma-espazo-de-lecer-e-encontro\/#primaryimage","url":"https:\/\/www.anovapeneira.gal\/wp-content\/uploads\/2020\/02\/renovacion_tominho_a_nova_peneira.jpg","contentUrl":"https:\/\/www.anovapeneira.gal\/wp-content\/uploads\/2020\/02\/renovacion_tominho_a_nova_peneira.jpg","width":720,"height":432,"caption":"Concello de Tomi\u00f1o A Nova Peneira"},{"@type":"BreadcrumbList","@id":"https:\/\/www.anovapeneira.gal\/index.php\/2020\/02\/12\/tomino-recupera-as-suas-ruas-coma-espazo-de-lecer-e-encontro\/#breadcrumb","itemListElement":[{"@type":"ListItem","position":1,"name":"Portada","item":"https:\/\/www.anovapeneira.gal\/"},{"@type":"ListItem","position":2,"name":"Tomi\u00f1o recupera as s\u00faas r\u00faas coma espazo de lecer e encontro"}]},{"@type":"WebSite","@id":"https:\/\/www.anovapeneira.gal\/#website","url":"https:\/\/www.anovapeneira.gal\/","name":"","description":"Xornal galego de informaci\u00f3n xeral Publicaci\u00f3n mensual de novas de Galicia e en especial dos Concellos da sur da provincia de Pontevedra.","publisher":{"@id":"https:\/\/www.anovapeneira.gal\/#organization"},"potentialAction":[{"@type":"SearchAction","target":{"@type":"EntryPoint","urlTemplate":"https:\/\/www.anovapeneira.gal\/?s={search_term_string}"},"query-input":{"@type":"PropertyValueSpecification","valueRequired":true,"valueName":"search_term_string"}}],"inLanguage":"gl-ES"},{"@type":"Organization","@id":"https:\/\/www.anovapeneira.gal\/#organization","name":"A Nova Peneira","url":"https:\/\/www.anovapeneira.gal\/","logo":{"@type":"ImageObject","inLanguage":"gl-ES","@id":"https:\/\/www.anovapeneira.gal\/#\/schema\/logo\/image\/","url":"http:\/\/www.anovapeneira.gal\/wp-content\/uploads\/2019\/06\/logo_a_nova_peneira_portal_web.png","contentUrl":"http:\/\/www.anovapeneira.gal\/wp-content\/uploads\/2019\/06\/logo_a_nova_peneira_portal_web.png","width":300,"height":100,"caption":"A Nova Peneira"},"image":{"@id":"https:\/\/www.anovapeneira.gal\/#\/schema\/logo\/image\/"},"sameAs":["https:\/\/www.facebook.com\/anovapeneira","https:\/\/x.com\/APeneira"]},{"@type":"Person","@id":"https:\/\/www.anovapeneira.gal\/#\/schema\/person\/b93e3f8932e3f8da96334607eb6ac6aa","name":"Redacci\u00f3n A Nova Peneira","image":{"@type":"ImageObject","inLanguage":"gl-ES","@id":"https:\/\/secure.gravatar.com\/avatar\/c052a2551a06e23fac63626232eaa90abd78dbcf1700fc46a2b2c89fd27b735f?s=96&d=mm&r=g","url":"https:\/\/secure.gravatar.com\/avatar\/c052a2551a06e23fac63626232eaa90abd78dbcf1700fc46a2b2c89fd27b735f?s=96&d=mm&r=g","contentUrl":"https:\/\/secure.gravatar.com\/avatar\/c052a2551a06e23fac63626232eaa90abd78dbcf1700fc46a2b2c89fd27b735f?s=96&d=mm&r=g","caption":"Redacci\u00f3n A Nova Peneira"},"sameAs":["http:\/\/www.anovapeneira.gal\/"],"url":"https:\/\/www.anovapeneira.gal\/index.php\/author\/redactor\/"}]}},"jetpack_featured_media_url":"https:\/\/www.anovapeneira.gal\/wp-content\/uploads\/2020\/02\/renovacion_tominho_a_nova_peneira.jpg","_links":{"self":[{"href":"https:\/\/www.anovapeneira.gal\/index.php\/wp-json\/wp\/v2\/posts\/2504","targetHints":{"allow":["GET"]}}],"collection":[{"href":"https:\/\/www.anovapeneira.gal\/index.php\/wp-json\/wp\/v2\/posts"}],"about":[{"href":"https:\/\/www.anovapeneira.gal\/index.php\/wp-json\/wp\/v2\/types\/post"}],"author":[{"embeddable":true,"href":"https:\/\/www.anovapeneira.gal\/index.php\/wp-json\/wp\/v2\/users\/3"}],"replies":[{"embeddable":true,"href":"https:\/\/www.anovapeneira.gal\/index.php\/wp-json\/wp\/v2\/comments?post=2504"}],"version-history":[{"count":1,"href":"https:\/\/www.anovapeneira.gal\/index.php\/wp-json\/wp\/v2\/posts\/2504\/revisions"}],"predecessor-version":[{"id":2506,"href":"https:\/\/www.anovapeneira.gal\/index.php\/wp-json\/wp\/v2\/posts\/2504\/revisions\/2506"}],"wp:featuredmedia":[{"embeddable":true,"href":"https:\/\/www.anovapeneira.gal\/index.php\/wp-json\/wp\/v2\/media\/2505"}],"wp:attachment":[{"href":"https:\/\/www.anovapeneira.gal\/index.php\/wp-json\/wp\/v2\/media?parent=2504"}],"wp:term":[{"taxonomy":"category","embeddable":true,"href":"https:\/\/www.anovapeneira.gal\/index.php\/wp-json\/wp\/v2\/categories?post=2504"},{"taxonomy":"post_tag","embeddable":true,"href":"https:\/\/www.anovapeneira.gal\/index.php\/wp-json\/wp\/v2\/tags?post=2504"}],"curies":[{"name":"wp","href":"https:\/\/api.w.org\/{rel}","templated":true}]}}