{"id":2515,"date":"2020-02-13T14:00:45","date_gmt":"2020-02-13T13:00:45","guid":{"rendered":"http:\/\/www.anovapeneira.gal\/?p=2515"},"modified":"2020-02-09T21:03:09","modified_gmt":"2020-02-09T20:03:09","slug":"o-concello-de-bueu-continua-coa-programacion-dun-entroido-de-tradicion-e-modernidade","status":"publish","type":"post","link":"https:\/\/www.anovapeneira.gal\/index.php\/2020\/02\/13\/o-concello-de-bueu-continua-coa-programacion-dun-entroido-de-tradicion-e-modernidade\/","title":{"rendered":"O Concello de Bueu contin\u00faa coa programaci\u00f3n dun Entroido de tradici\u00f3n e modernidade"},"content":{"rendered":"\n<ul class=\"wp-block-list\"><li>\n\t<strong>A homenaxe deste\n\tano ser\u00e1 para Agust\u00edn Guti\u00e9rrez, quen destacou sempre polo\n\timpacto e a orixinalidade dos seus disfraces<\/strong>\n\t<\/li><li>\n\t<strong>As actividades\n\tdesenvolveranse do 21 de febreiro ao 1 de marzo, e ter\u00e1n como eixos\n\tfundamentais os disfraces, as comparsas e o Desfile do Enterro do\n\tPaxaro de Mal Agoiro<\/strong>\n<\/li><\/ul>\n\n\n\n<p> <strong>Bueu,  7 de febreiro de 2020<\/strong><\/p>\n\n\n\n<p>\nO Entroido de Bueu\nmedra cada vez m\u00e1is, sobre todo desde hai tres anos, cando a\nconcelleira de turismo e promoci\u00f3n econ\u00f3mica, Silvia Carballo,\ndecidiu apostar forte pola revitalizaci\u00f3n deste evento que \u201ccombina\ntradici\u00f3n e modernidade\u201d. A edil nacionalista salientou este\nvenres na rolda de prensa celebrada na Casa Consistorial que, como xa\nv\u00e9n sendo habitual, \u201cos colectivos, asociaci\u00f3ns, anpas e\ncomparsas da vila ter\u00e1n un protagonismo especial toda vez que ao\nlongo do ano forman parte do Comit\u00e9 do Entroido, no que participan\ncoas s\u00faas achegas e suxesti\u00f3ns\u201d. \n<\/p>\n\n\n\n<p>\nA concelleira\ndestaca que o Entroido de Bueu \u201cpendura sobre tres eixos\nfundamentais: os disfraces, exemplificados no pasado na Sala Para\u00edso,\nas comparsas e o Desfile do Enterro do Paxaro de Mal Agoiro\u201d.\nCarballo lembra que \u201chai tres anos comezamos a darlle un pulo ao\nnoso Entroido, e volvemos ilusionar \u00e1 veci\u00f1anza de todas as\nidades\u201d. \n<\/p>\n\n\n\n<p>\nO Entroido deste ano\ndedicarase a Agust\u00edn Guti\u00e9rrez, unha persoa memorable para toda a\ncidadan\u00eda bueuesa, e que desde os 14 anos comezou a crear disfraces\norixinais e impactantes, que \u00edan m\u00e1is al\u00e1 da vestimenta e que\nreivindicaban a tradici\u00f3n dun pobo, en palabras de F\u00e9lix Juncal,\nalcalde de Bueu. Precisamente, o Concello vai organizar unha\nexposici\u00f3n no Estaleiro da Banda do R\u00edo e na Sala Amalia Dom\u00ednguez\nB\u00faa, na que se mostrar\u00e1n fotograf\u00edas do propio arquivo do\nhomenaxeado entre o 21 de febreiro e o 1 de marzo. O acto central\nter\u00e1 lugar o 29 de febreiro \u00e1s 17.00 h, no que se prev\u00e9 unha\nactuaci\u00f3n das comparsas e a entrega dun agasallo institucional.\nSobre esta homenaxe, decidida polo Comit\u00e9 de Entroido de xeito\nun\u00e1nime, Agust\u00edn Guti\u00e9rrez mostrou a s\u00faa ledicia, e declarou que\n\u201c\u00e9 unha honra que cont\u00e1sedes comigo\u201d. \n<\/p>\n\n\n\n<p>\nOs m\u00e1is pequenos e\npequenas poder\u00e1n gozar dunha programaci\u00f3n ampla. O 21 de marzo,\ncoincidindo co inicio, ter\u00e1 lugar unha festa decoraci\u00f3n da carpa da\nPraza Mass\u00f3. Dende o 24 ata o 26 de febreiro est\u00e1n programados pola\nma\u00f1\u00e1 uns obradoiros infant\u00eds dirixidos a nenas e nenos de 4 a 12\nanos na carpa, o Desfile Infantil do Enterri\u00f1o da Sardi\u00f1a, que\nsair\u00e1 ese m\u00e9rcores \u00e1s cinco da tarde, e a festa infantil de\ndisfraces do 29 pola tardi\u00f1a.<\/p>\n\n\n\n<p>\nPara as persoas\nmaiores, o Club de Xubilados e Pensionistas Vila de Bueu prop\u00f3n\ndiversas actividades. Tal \u00e9 o caso do concurso gastron\u00f3mico de\nEntroido, que ter\u00e1 lugar o 22 \u00e1s 17.00 h; o baile de entroido, o 23\n\u00e1s sete da tarde coa actuaci\u00f3n do grupo Amistad; e o 1 de marzo,\nbaile de vascalleiros, co grupo Sinton\u00eda. \n<\/p>\n\n\n\n<p>\nOutros\neventos moi agardados, e xa afianzados no calendario, ser\u00e1n a VI\nFilloada de Meiro, que organiza a Asociaci\u00f3n Veci\u00f1al A Morada no\nrecinto da Morada a partir das catro da tarde, seguida da actuaci\u00f3n\ndas comparsas bueuesas <em>Vou nun bou<\/em>,\n<em>As Faltriqueiras<\/em>,\n<em>Os do Pinsel, Os Kantaclaro e\nTintafemia. <\/em>Tam\u00e9n destacan os\nfestivais de comparsas organizados polo Bueu Atl\u00e9tico Balonm\u00e1n,\ntanto na Casa do Pobo de Beluso como no Centro Social do Mar; e o III\nConcurso de Filloas de Vascalleiros da Asociaci\u00f3n Veci\u00f1al da Banda\ndo R\u00edo; aos que este ano se suma a Asociaci\u00f3n Costumes de Cela, que\npor\u00e1 en marcha o primeiro festival de comparsas na parroquia de\nCela. Segundo destacou Noelia Fari\u00f1a, representante da directiva,\ndeclarou que \u201cnesta parroquia xa se perdera o Entroido e por iso\nqueremos revitalizalo este ano\u201d.<\/p>\n\n\n\n<p>\nO\ndomingo 1 de marzo celebrarase o Desfile do Enterro do Paxaro de Mal\nAgoiro, co que se pechar\u00e1 a programaci\u00f3n. A sa\u00edda ser\u00e1 \u00e1s cinco\ne incluir\u00e1 a queima do paxaro, a entrega de premios na Praza Mass\u00f3\ne a posterior actuaci\u00f3n do grupo vigu\u00e9s Broken Peach, que propor\u00e1n\nun espect\u00e1culo de fusi\u00f3n musical, a\ntrav\u00e9s da adaptaci\u00f3n de versi\u00f3ns cun toque persoal e cunha\nest\u00e9tica tan elegante como extravagante. Precisamente, esta\ncombinaci\u00f3n e o eclecticismo musical con temas que van desde o soul\nata o rock, pasando polo gospel e o pop, fai da actuaci\u00f3n un evento\ndo que poder\u00e1n gozar pequen@s e maiores. \n<\/p>\n\n\n\n<p>\nNa\nrolda de prensa estiveron presentes F\u00e9lix Juncal, alcalde de Bueu,\nSilvia Carballo, concelleira de turismo, Agust\u00edn Guti\u00e9rrez,\nhomenaxeado no Entroido de Bueu 2020, Carmen Santos, da Asociaci\u00f3n\nVeci\u00f1al da Banda do R\u00edo, Noelia Fari\u00f1a, da Asociaci\u00f3n Costumes de\nCela, Jos\u00e9 Cabanelas, do Club de Xubilados e Pensionistas Vila de\nBueu, e Bel\u00e9n Veiga, da Anpa Alborada do CPR Virxe Milagrosa.<\/p>\n\n\n\n<p>\n<strong>Aberto o prazo\npara os premios do Entroido<\/strong><\/p>\n\n\n\n<p>\nPor outra banda, o\nConcello de Bueu mant\u00e9n aberto o prazo de inscrici\u00f3n nos premios de\nEntroido ata o 20 de febreiro, nos que se repartir\u00e1n ata 6.000\neuros. Ao igual que na pasada edici\u00f3n, as agrupaci\u00f3ns de m\u00e1is de\nquince compo\u00f1entes recibir\u00e1n unha cantidade fixa por participar.\nConcretamente, destinaranse 300 euros \u00e1s comparsas de Bueu que\nformen parte dos actos programados ao longo de todo o Entroido, 150\neuros para as agrupaci\u00f3ns de Bueu que participen no desfile do\nEnterri\u00f1o da Sardi\u00f1a e te\u00f1an m\u00e1is de quince compo\u00f1entes, e 120\neuros para aquelas que participen no Enterro do Paxaro de Mal Agoiro\ne estean compostas por m\u00e1is de quince persoas.<\/p>\n\n\n\n<p>\nA maiores,\nestableceranse os seguintes premios para os participantes no Enterro\ndo Paxaro de Mal Agoiro: premios \u00e1s comparsas de Bueu (150 euros\npara o 1\u00ba e 100 euros para o 2\u00ba, 75 euros, para o 3\u00ba, e 50 euros,\npara o 4\u00ba), premios \u00e1s agrupaci\u00f3ns de m\u00e1is de 15 compo\u00f1entes (1\u00ba\ndotado con 250 euros, o 2\u00ba con 175 euros, e o 3\u00ba con 100 euros),\npremios \u00e1s agrupaci\u00f3ns de entre tres e quince compo\u00f1entes (100\neuros o 1\u00ba premio, e 80 euros o 2\u00ba), premios \u00e1s parellas (100\neuros o 1\u00ba premio, e 80 euros o 2\u00ba), e premios individuais ( 80\neuros o 1\u00ba e 50 euros o 2\u00ba).<\/p>\n","protected":false},"excerpt":{"rendered":"<div class=\"mh-excerpt\"><p>A homenaxe deste ano ser\u00e1 para Agust\u00edn Guti\u00e9rrez, quen destacou sempre polo impacto e a orixinalidade dos seus disfraces <a class=\"mh-excerpt-more\" href=\"https:\/\/www.anovapeneira.gal\/index.php\/2020\/02\/13\/o-concello-de-bueu-continua-coa-programacion-dun-entroido-de-tradicion-e-modernidade\/\" title=\"O Concello de Bueu contin\u00faa coa programaci\u00f3n dun Entroido de tradici\u00f3n e modernidade\">[&#8230;]<\/a><\/p>\n<\/div>","protected":false},"author":3,"featured_media":2516,"comment_status":"open","ping_status":"open","sticky":false,"template":"","format":"standard","meta":{"_exactmetrics_skip_tracking":false,"_exactmetrics_sitenote_active":false,"_exactmetrics_sitenote_note":"","_exactmetrics_sitenote_category":0,"footnotes":""},"categories":[22],"tags":[440,929],"class_list":{"0":"post-2515","1":"post","2":"type-post","3":"status-publish","4":"format-standard","5":"has-post-thumbnail","7":"category-morrazo","8":"tag-concello-de-bueu","9":"tag-entroido"},"yoast_head":"<!-- This site is optimized with the Yoast SEO plugin v27.4 - https:\/\/yoast.com\/product\/yoast-seo-wordpress\/ -->\n<title>O Concello de Bueu contin\u00faa coa programaci\u00f3n dun Entroido de tradici\u00f3n e modernidade -<\/title>\n<meta name=\"robots\" content=\"index, follow, max-snippet:-1, max-image-preview:large, max-video-preview:-1\" \/>\n<link rel=\"canonical\" href=\"https:\/\/www.anovapeneira.gal\/index.php\/2020\/02\/13\/o-concello-de-bueu-continua-coa-programacion-dun-entroido-de-tradicion-e-modernidade\/\" \/>\n<meta property=\"og:locale\" content=\"gl_ES\" \/>\n<meta property=\"og:type\" content=\"article\" \/>\n<meta property=\"og:title\" content=\"O Concello de Bueu contin\u00faa coa programaci\u00f3n dun Entroido de tradici\u00f3n e modernidade -\" \/>\n<meta property=\"og:description\" content=\"A homenaxe deste ano ser\u00e1 para Agust\u00edn Guti\u00e9rrez, quen destacou sempre polo impacto e a orixinalidade dos seus disfraces [...]\" \/>\n<meta property=\"og:url\" content=\"https:\/\/www.anovapeneira.gal\/index.php\/2020\/02\/13\/o-concello-de-bueu-continua-coa-programacion-dun-entroido-de-tradicion-e-modernidade\/\" \/>\n<meta property=\"article:publisher\" content=\"https:\/\/www.facebook.com\/anovapeneira\" \/>\n<meta property=\"article:published_time\" content=\"2020-02-13T13:00:45+00:00\" \/>\n<meta property=\"og:image\" content=\"https:\/\/www.anovapeneira.gal\/wp-content\/uploads\/2020\/02\/entroido_bueu_a_nova_peneira.jpg\" \/>\n\t<meta property=\"og:image:width\" content=\"720\" \/>\n\t<meta property=\"og:image:height\" content=\"432\" \/>\n\t<meta property=\"og:image:type\" content=\"image\/jpeg\" \/>\n<meta name=\"author\" content=\"Redacci\u00f3n A Nova Peneira\" \/>\n<meta name=\"twitter:card\" content=\"summary_large_image\" \/>\n<meta name=\"twitter:creator\" content=\"@APeneira\" \/>\n<meta name=\"twitter:site\" content=\"@APeneira\" \/>\n<meta name=\"twitter:label1\" content=\"Escrito por\" \/>\n\t<meta name=\"twitter:data1\" content=\"Redacci\u00f3n A Nova Peneira\" \/>\n\t<meta name=\"twitter:label2\" content=\"Tempo de lectura\" \/>\n\t<meta name=\"twitter:data2\" content=\"5 minutos\" \/>\n<script type=\"application\/ld+json\" class=\"yoast-schema-graph\">{\"@context\":\"https:\\\/\\\/schema.org\",\"@graph\":[{\"@type\":\"Article\",\"@id\":\"https:\\\/\\\/www.anovapeneira.gal\\\/index.php\\\/2020\\\/02\\\/13\\\/o-concello-de-bueu-continua-coa-programacion-dun-entroido-de-tradicion-e-modernidade\\\/#article\",\"isPartOf\":{\"@id\":\"https:\\\/\\\/www.anovapeneira.gal\\\/index.php\\\/2020\\\/02\\\/13\\\/o-concello-de-bueu-continua-coa-programacion-dun-entroido-de-tradicion-e-modernidade\\\/\"},\"author\":{\"name\":\"Redacci\u00f3n A Nova Peneira\",\"@id\":\"https:\\\/\\\/www.anovapeneira.gal\\\/#\\\/schema\\\/person\\\/b93e3f8932e3f8da96334607eb6ac6aa\"},\"headline\":\"O Concello de Bueu contin\u00faa coa programaci\u00f3n dun Entroido de tradici\u00f3n e modernidade\",\"datePublished\":\"2020-02-13T13:00:45+00:00\",\"mainEntityOfPage\":{\"@id\":\"https:\\\/\\\/www.anovapeneira.gal\\\/index.php\\\/2020\\\/02\\\/13\\\/o-concello-de-bueu-continua-coa-programacion-dun-entroido-de-tradicion-e-modernidade\\\/\"},\"wordCount\":1075,\"commentCount\":0,\"publisher\":{\"@id\":\"https:\\\/\\\/www.anovapeneira.gal\\\/#organization\"},\"image\":{\"@id\":\"https:\\\/\\\/www.anovapeneira.gal\\\/index.php\\\/2020\\\/02\\\/13\\\/o-concello-de-bueu-continua-coa-programacion-dun-entroido-de-tradicion-e-modernidade\\\/#primaryimage\"},\"thumbnailUrl\":\"https:\\\/\\\/www.anovapeneira.gal\\\/wp-content\\\/uploads\\\/2020\\\/02\\\/entroido_bueu_a_nova_peneira.jpg\",\"keywords\":[\"Concello de Bueu\",\"Entroido\"],\"articleSection\":[\"Morrazo\"],\"inLanguage\":\"gl-ES\",\"potentialAction\":[{\"@type\":\"CommentAction\",\"name\":\"Comment\",\"target\":[\"https:\\\/\\\/www.anovapeneira.gal\\\/index.php\\\/2020\\\/02\\\/13\\\/o-concello-de-bueu-continua-coa-programacion-dun-entroido-de-tradicion-e-modernidade\\\/#respond\"]}]},{\"@type\":\"WebPage\",\"@id\":\"https:\\\/\\\/www.anovapeneira.gal\\\/index.php\\\/2020\\\/02\\\/13\\\/o-concello-de-bueu-continua-coa-programacion-dun-entroido-de-tradicion-e-modernidade\\\/\",\"url\":\"https:\\\/\\\/www.anovapeneira.gal\\\/index.php\\\/2020\\\/02\\\/13\\\/o-concello-de-bueu-continua-coa-programacion-dun-entroido-de-tradicion-e-modernidade\\\/\",\"name\":\"O Concello de Bueu contin\u00faa coa programaci\u00f3n dun Entroido de tradici\u00f3n e modernidade -\",\"isPartOf\":{\"@id\":\"https:\\\/\\\/www.anovapeneira.gal\\\/#website\"},\"primaryImageOfPage\":{\"@id\":\"https:\\\/\\\/www.anovapeneira.gal\\\/index.php\\\/2020\\\/02\\\/13\\\/o-concello-de-bueu-continua-coa-programacion-dun-entroido-de-tradicion-e-modernidade\\\/#primaryimage\"},\"image\":{\"@id\":\"https:\\\/\\\/www.anovapeneira.gal\\\/index.php\\\/2020\\\/02\\\/13\\\/o-concello-de-bueu-continua-coa-programacion-dun-entroido-de-tradicion-e-modernidade\\\/#primaryimage\"},\"thumbnailUrl\":\"https:\\\/\\\/www.anovapeneira.gal\\\/wp-content\\\/uploads\\\/2020\\\/02\\\/entroido_bueu_a_nova_peneira.jpg\",\"datePublished\":\"2020-02-13T13:00:45+00:00\",\"breadcrumb\":{\"@id\":\"https:\\\/\\\/www.anovapeneira.gal\\\/index.php\\\/2020\\\/02\\\/13\\\/o-concello-de-bueu-continua-coa-programacion-dun-entroido-de-tradicion-e-modernidade\\\/#breadcrumb\"},\"inLanguage\":\"gl-ES\",\"potentialAction\":[{\"@type\":\"ReadAction\",\"target\":[\"https:\\\/\\\/www.anovapeneira.gal\\\/index.php\\\/2020\\\/02\\\/13\\\/o-concello-de-bueu-continua-coa-programacion-dun-entroido-de-tradicion-e-modernidade\\\/\"]}]},{\"@type\":\"ImageObject\",\"inLanguage\":\"gl-ES\",\"@id\":\"https:\\\/\\\/www.anovapeneira.gal\\\/index.php\\\/2020\\\/02\\\/13\\\/o-concello-de-bueu-continua-coa-programacion-dun-entroido-de-tradicion-e-modernidade\\\/#primaryimage\",\"url\":\"https:\\\/\\\/www.anovapeneira.gal\\\/wp-content\\\/uploads\\\/2020\\\/02\\\/entroido_bueu_a_nova_peneira.jpg\",\"contentUrl\":\"https:\\\/\\\/www.anovapeneira.gal\\\/wp-content\\\/uploads\\\/2020\\\/02\\\/entroido_bueu_a_nova_peneira.jpg\",\"width\":720,\"height\":432,\"caption\":\"Entroido de Bueu A Nova Peneira\"},{\"@type\":\"BreadcrumbList\",\"@id\":\"https:\\\/\\\/www.anovapeneira.gal\\\/index.php\\\/2020\\\/02\\\/13\\\/o-concello-de-bueu-continua-coa-programacion-dun-entroido-de-tradicion-e-modernidade\\\/#breadcrumb\",\"itemListElement\":[{\"@type\":\"ListItem\",\"position\":1,\"name\":\"Portada\",\"item\":\"https:\\\/\\\/www.anovapeneira.gal\\\/\"},{\"@type\":\"ListItem\",\"position\":2,\"name\":\"O Concello de Bueu contin\u00faa coa programaci\u00f3n dun Entroido de tradici\u00f3n e modernidade\"}]},{\"@type\":\"WebSite\",\"@id\":\"https:\\\/\\\/www.anovapeneira.gal\\\/#website\",\"url\":\"https:\\\/\\\/www.anovapeneira.gal\\\/\",\"name\":\"\",\"description\":\"Xornal galego de informaci\u00f3n xeral Publicaci\u00f3n mensual de novas de Galicia e en especial dos Concellos da sur da provincia de Pontevedra.\",\"publisher\":{\"@id\":\"https:\\\/\\\/www.anovapeneira.gal\\\/#organization\"},\"potentialAction\":[{\"@type\":\"SearchAction\",\"target\":{\"@type\":\"EntryPoint\",\"urlTemplate\":\"https:\\\/\\\/www.anovapeneira.gal\\\/?s={search_term_string}\"},\"query-input\":{\"@type\":\"PropertyValueSpecification\",\"valueRequired\":true,\"valueName\":\"search_term_string\"}}],\"inLanguage\":\"gl-ES\"},{\"@type\":\"Organization\",\"@id\":\"https:\\\/\\\/www.anovapeneira.gal\\\/#organization\",\"name\":\"A Nova Peneira\",\"url\":\"https:\\\/\\\/www.anovapeneira.gal\\\/\",\"logo\":{\"@type\":\"ImageObject\",\"inLanguage\":\"gl-ES\",\"@id\":\"https:\\\/\\\/www.anovapeneira.gal\\\/#\\\/schema\\\/logo\\\/image\\\/\",\"url\":\"http:\\\/\\\/www.anovapeneira.gal\\\/wp-content\\\/uploads\\\/2019\\\/06\\\/logo_a_nova_peneira_portal_web.png\",\"contentUrl\":\"http:\\\/\\\/www.anovapeneira.gal\\\/wp-content\\\/uploads\\\/2019\\\/06\\\/logo_a_nova_peneira_portal_web.png\",\"width\":300,\"height\":100,\"caption\":\"A Nova Peneira\"},\"image\":{\"@id\":\"https:\\\/\\\/www.anovapeneira.gal\\\/#\\\/schema\\\/logo\\\/image\\\/\"},\"sameAs\":[\"https:\\\/\\\/www.facebook.com\\\/anovapeneira\",\"https:\\\/\\\/x.com\\\/APeneira\"]},{\"@type\":\"Person\",\"@id\":\"https:\\\/\\\/www.anovapeneira.gal\\\/#\\\/schema\\\/person\\\/b93e3f8932e3f8da96334607eb6ac6aa\",\"name\":\"Redacci\u00f3n A Nova Peneira\",\"image\":{\"@type\":\"ImageObject\",\"inLanguage\":\"gl-ES\",\"@id\":\"https:\\\/\\\/secure.gravatar.com\\\/avatar\\\/c052a2551a06e23fac63626232eaa90abd78dbcf1700fc46a2b2c89fd27b735f?s=96&d=mm&r=g\",\"url\":\"https:\\\/\\\/secure.gravatar.com\\\/avatar\\\/c052a2551a06e23fac63626232eaa90abd78dbcf1700fc46a2b2c89fd27b735f?s=96&d=mm&r=g\",\"contentUrl\":\"https:\\\/\\\/secure.gravatar.com\\\/avatar\\\/c052a2551a06e23fac63626232eaa90abd78dbcf1700fc46a2b2c89fd27b735f?s=96&d=mm&r=g\",\"caption\":\"Redacci\u00f3n A Nova Peneira\"},\"sameAs\":[\"http:\\\/\\\/www.anovapeneira.gal\\\/\"],\"url\":\"https:\\\/\\\/www.anovapeneira.gal\\\/index.php\\\/author\\\/redactor\\\/\"}]}<\/script>\n<!-- \/ Yoast SEO plugin. -->","yoast_head_json":{"title":"O Concello de Bueu contin\u00faa coa programaci\u00f3n dun Entroido de tradici\u00f3n e modernidade -","robots":{"index":"index","follow":"follow","max-snippet":"max-snippet:-1","max-image-preview":"max-image-preview:large","max-video-preview":"max-video-preview:-1"},"canonical":"https:\/\/www.anovapeneira.gal\/index.php\/2020\/02\/13\/o-concello-de-bueu-continua-coa-programacion-dun-entroido-de-tradicion-e-modernidade\/","og_locale":"gl_ES","og_type":"article","og_title":"O Concello de Bueu contin\u00faa coa programaci\u00f3n dun Entroido de tradici\u00f3n e modernidade -","og_description":"A homenaxe deste ano ser\u00e1 para Agust\u00edn Guti\u00e9rrez, quen destacou sempre polo impacto e a orixinalidade dos seus disfraces [...]","og_url":"https:\/\/www.anovapeneira.gal\/index.php\/2020\/02\/13\/o-concello-de-bueu-continua-coa-programacion-dun-entroido-de-tradicion-e-modernidade\/","article_publisher":"https:\/\/www.facebook.com\/anovapeneira","article_published_time":"2020-02-13T13:00:45+00:00","og_image":[{"width":720,"height":432,"url":"https:\/\/www.anovapeneira.gal\/wp-content\/uploads\/2020\/02\/entroido_bueu_a_nova_peneira.jpg","type":"image\/jpeg"}],"author":"Redacci\u00f3n A Nova Peneira","twitter_card":"summary_large_image","twitter_creator":"@APeneira","twitter_site":"@APeneira","twitter_misc":{"Escrito por":"Redacci\u00f3n A Nova Peneira","Tempo de lectura":"5 minutos"},"schema":{"@context":"https:\/\/schema.org","@graph":[{"@type":"Article","@id":"https:\/\/www.anovapeneira.gal\/index.php\/2020\/02\/13\/o-concello-de-bueu-continua-coa-programacion-dun-entroido-de-tradicion-e-modernidade\/#article","isPartOf":{"@id":"https:\/\/www.anovapeneira.gal\/index.php\/2020\/02\/13\/o-concello-de-bueu-continua-coa-programacion-dun-entroido-de-tradicion-e-modernidade\/"},"author":{"name":"Redacci\u00f3n A Nova Peneira","@id":"https:\/\/www.anovapeneira.gal\/#\/schema\/person\/b93e3f8932e3f8da96334607eb6ac6aa"},"headline":"O Concello de Bueu contin\u00faa coa programaci\u00f3n dun Entroido de tradici\u00f3n e modernidade","datePublished":"2020-02-13T13:00:45+00:00","mainEntityOfPage":{"@id":"https:\/\/www.anovapeneira.gal\/index.php\/2020\/02\/13\/o-concello-de-bueu-continua-coa-programacion-dun-entroido-de-tradicion-e-modernidade\/"},"wordCount":1075,"commentCount":0,"publisher":{"@id":"https:\/\/www.anovapeneira.gal\/#organization"},"image":{"@id":"https:\/\/www.anovapeneira.gal\/index.php\/2020\/02\/13\/o-concello-de-bueu-continua-coa-programacion-dun-entroido-de-tradicion-e-modernidade\/#primaryimage"},"thumbnailUrl":"https:\/\/www.anovapeneira.gal\/wp-content\/uploads\/2020\/02\/entroido_bueu_a_nova_peneira.jpg","keywords":["Concello de Bueu","Entroido"],"articleSection":["Morrazo"],"inLanguage":"gl-ES","potentialAction":[{"@type":"CommentAction","name":"Comment","target":["https:\/\/www.anovapeneira.gal\/index.php\/2020\/02\/13\/o-concello-de-bueu-continua-coa-programacion-dun-entroido-de-tradicion-e-modernidade\/#respond"]}]},{"@type":"WebPage","@id":"https:\/\/www.anovapeneira.gal\/index.php\/2020\/02\/13\/o-concello-de-bueu-continua-coa-programacion-dun-entroido-de-tradicion-e-modernidade\/","url":"https:\/\/www.anovapeneira.gal\/index.php\/2020\/02\/13\/o-concello-de-bueu-continua-coa-programacion-dun-entroido-de-tradicion-e-modernidade\/","name":"O Concello de Bueu contin\u00faa coa programaci\u00f3n dun Entroido de tradici\u00f3n e modernidade -","isPartOf":{"@id":"https:\/\/www.anovapeneira.gal\/#website"},"primaryImageOfPage":{"@id":"https:\/\/www.anovapeneira.gal\/index.php\/2020\/02\/13\/o-concello-de-bueu-continua-coa-programacion-dun-entroido-de-tradicion-e-modernidade\/#primaryimage"},"image":{"@id":"https:\/\/www.anovapeneira.gal\/index.php\/2020\/02\/13\/o-concello-de-bueu-continua-coa-programacion-dun-entroido-de-tradicion-e-modernidade\/#primaryimage"},"thumbnailUrl":"https:\/\/www.anovapeneira.gal\/wp-content\/uploads\/2020\/02\/entroido_bueu_a_nova_peneira.jpg","datePublished":"2020-02-13T13:00:45+00:00","breadcrumb":{"@id":"https:\/\/www.anovapeneira.gal\/index.php\/2020\/02\/13\/o-concello-de-bueu-continua-coa-programacion-dun-entroido-de-tradicion-e-modernidade\/#breadcrumb"},"inLanguage":"gl-ES","potentialAction":[{"@type":"ReadAction","target":["https:\/\/www.anovapeneira.gal\/index.php\/2020\/02\/13\/o-concello-de-bueu-continua-coa-programacion-dun-entroido-de-tradicion-e-modernidade\/"]}]},{"@type":"ImageObject","inLanguage":"gl-ES","@id":"https:\/\/www.anovapeneira.gal\/index.php\/2020\/02\/13\/o-concello-de-bueu-continua-coa-programacion-dun-entroido-de-tradicion-e-modernidade\/#primaryimage","url":"https:\/\/www.anovapeneira.gal\/wp-content\/uploads\/2020\/02\/entroido_bueu_a_nova_peneira.jpg","contentUrl":"https:\/\/www.anovapeneira.gal\/wp-content\/uploads\/2020\/02\/entroido_bueu_a_nova_peneira.jpg","width":720,"height":432,"caption":"Entroido de Bueu A Nova Peneira"},{"@type":"BreadcrumbList","@id":"https:\/\/www.anovapeneira.gal\/index.php\/2020\/02\/13\/o-concello-de-bueu-continua-coa-programacion-dun-entroido-de-tradicion-e-modernidade\/#breadcrumb","itemListElement":[{"@type":"ListItem","position":1,"name":"Portada","item":"https:\/\/www.anovapeneira.gal\/"},{"@type":"ListItem","position":2,"name":"O Concello de Bueu contin\u00faa coa programaci\u00f3n dun Entroido de tradici\u00f3n e modernidade"}]},{"@type":"WebSite","@id":"https:\/\/www.anovapeneira.gal\/#website","url":"https:\/\/www.anovapeneira.gal\/","name":"","description":"Xornal galego de informaci\u00f3n xeral Publicaci\u00f3n mensual de novas de Galicia e en especial dos Concellos da sur da provincia de Pontevedra.","publisher":{"@id":"https:\/\/www.anovapeneira.gal\/#organization"},"potentialAction":[{"@type":"SearchAction","target":{"@type":"EntryPoint","urlTemplate":"https:\/\/www.anovapeneira.gal\/?s={search_term_string}"},"query-input":{"@type":"PropertyValueSpecification","valueRequired":true,"valueName":"search_term_string"}}],"inLanguage":"gl-ES"},{"@type":"Organization","@id":"https:\/\/www.anovapeneira.gal\/#organization","name":"A Nova Peneira","url":"https:\/\/www.anovapeneira.gal\/","logo":{"@type":"ImageObject","inLanguage":"gl-ES","@id":"https:\/\/www.anovapeneira.gal\/#\/schema\/logo\/image\/","url":"http:\/\/www.anovapeneira.gal\/wp-content\/uploads\/2019\/06\/logo_a_nova_peneira_portal_web.png","contentUrl":"http:\/\/www.anovapeneira.gal\/wp-content\/uploads\/2019\/06\/logo_a_nova_peneira_portal_web.png","width":300,"height":100,"caption":"A Nova Peneira"},"image":{"@id":"https:\/\/www.anovapeneira.gal\/#\/schema\/logo\/image\/"},"sameAs":["https:\/\/www.facebook.com\/anovapeneira","https:\/\/x.com\/APeneira"]},{"@type":"Person","@id":"https:\/\/www.anovapeneira.gal\/#\/schema\/person\/b93e3f8932e3f8da96334607eb6ac6aa","name":"Redacci\u00f3n A Nova Peneira","image":{"@type":"ImageObject","inLanguage":"gl-ES","@id":"https:\/\/secure.gravatar.com\/avatar\/c052a2551a06e23fac63626232eaa90abd78dbcf1700fc46a2b2c89fd27b735f?s=96&d=mm&r=g","url":"https:\/\/secure.gravatar.com\/avatar\/c052a2551a06e23fac63626232eaa90abd78dbcf1700fc46a2b2c89fd27b735f?s=96&d=mm&r=g","contentUrl":"https:\/\/secure.gravatar.com\/avatar\/c052a2551a06e23fac63626232eaa90abd78dbcf1700fc46a2b2c89fd27b735f?s=96&d=mm&r=g","caption":"Redacci\u00f3n A Nova Peneira"},"sameAs":["http:\/\/www.anovapeneira.gal\/"],"url":"https:\/\/www.anovapeneira.gal\/index.php\/author\/redactor\/"}]}},"jetpack_featured_media_url":"https:\/\/www.anovapeneira.gal\/wp-content\/uploads\/2020\/02\/entroido_bueu_a_nova_peneira.jpg","_links":{"self":[{"href":"https:\/\/www.anovapeneira.gal\/index.php\/wp-json\/wp\/v2\/posts\/2515","targetHints":{"allow":["GET"]}}],"collection":[{"href":"https:\/\/www.anovapeneira.gal\/index.php\/wp-json\/wp\/v2\/posts"}],"about":[{"href":"https:\/\/www.anovapeneira.gal\/index.php\/wp-json\/wp\/v2\/types\/post"}],"author":[{"embeddable":true,"href":"https:\/\/www.anovapeneira.gal\/index.php\/wp-json\/wp\/v2\/users\/3"}],"replies":[{"embeddable":true,"href":"https:\/\/www.anovapeneira.gal\/index.php\/wp-json\/wp\/v2\/comments?post=2515"}],"version-history":[{"count":1,"href":"https:\/\/www.anovapeneira.gal\/index.php\/wp-json\/wp\/v2\/posts\/2515\/revisions"}],"predecessor-version":[{"id":2517,"href":"https:\/\/www.anovapeneira.gal\/index.php\/wp-json\/wp\/v2\/posts\/2515\/revisions\/2517"}],"wp:featuredmedia":[{"embeddable":true,"href":"https:\/\/www.anovapeneira.gal\/index.php\/wp-json\/wp\/v2\/media\/2516"}],"wp:attachment":[{"href":"https:\/\/www.anovapeneira.gal\/index.php\/wp-json\/wp\/v2\/media?parent=2515"}],"wp:term":[{"taxonomy":"category","embeddable":true,"href":"https:\/\/www.anovapeneira.gal\/index.php\/wp-json\/wp\/v2\/categories?post=2515"},{"taxonomy":"post_tag","embeddable":true,"href":"https:\/\/www.anovapeneira.gal\/index.php\/wp-json\/wp\/v2\/tags?post=2515"}],"curies":[{"name":"wp","href":"https:\/\/api.w.org\/{rel}","templated":true}]}}