{"id":2518,"date":"2020-02-14T10:00:00","date_gmt":"2020-02-14T09:00:00","guid":{"rendered":"http:\/\/www.anovapeneira.gal\/?p=2518"},"modified":"2020-02-09T21:28:22","modified_gmt":"2020-02-09T20:28:22","slug":"salvaterra-sen-barreiras","status":"publish","type":"post","link":"https:\/\/www.anovapeneira.gal\/index.php\/2020\/02\/14\/salvaterra-sen-barreiras\/","title":{"rendered":"\u201cSalvaterra sen Barreiras\u201d"},"content":{"rendered":"\n<p>O\nIES Salvaterra de Mi\u00f1o entrega ao Concello de Salvaterra de Mi\u00f1o un\nestudo sobre a mobilidade de persoas con discapacidade visual e\nmotora no casco urbano de Salvaterra de Mi\u00f1o.<\/p>\n\n\n\n<p>Este proxecto foi realizado dentro do Proxecto\u00a0 Erasmus + KA3, ACT ( Active Citizenship Projects to Enhance Pupils Social and Civic Competenced), Un proxecto de Cidadan\u00eda Activa para mellorar as competencias social e c\u00edvica.<\/p>\n\n\n\n<p>O estudo \u00e9 o resultado do traballo do alumnado de 3\u00ba da ESO da materia de Valores \u00c9ticos. Coordinado polo profesor de Filosof\u00eda consistiu nun traballo de campo feito polo alumnado de 3\u00ba da ESO no curso 2018-2019, este alumnado foi observando nas r\u00faas do casco urbano as necesidades e barreiras que pod\u00edan impedir a mobilidade das persoas con alg\u00fan tipo de discapacidade. Neste curso 2019-2020 acabaron a redacci\u00f3n e a maquetaci\u00f3n do proxecto.<\/p>\n\n\n\n<p>O proxecto, denominado \u201cSalvaterra sen Barreiras\u201d, xurdiu despois dunhas xornadas de formaci\u00f3n tanto de alumnado coma do profesorado. Unha vez redactado e entregado o estudo ao concello, servir\u00e1 de base para efectuar as posibles modificaci\u00f3ns que se precisen para mellorar a mobilidade en Salvaterra de Mi\u00f1o e contribu\u00edr a mellorar a calidade de vida de persoas con algunha discapacidade.<\/p>\n\n\n\n<p> Tal e como v\u00e9n sendo habitual, a colaboraci\u00f3n entre as entidades educativas e o Concello, provocan unha vez m\u00e1is un proxecto en conxunto que reverte na calidade de vida da veci\u00f1anza de Salvaterra., neste sentido a Alcaldesa, Marta Valc\u00e1rcel, salientou a gran importancia deste tipo de iniciativas, que se enmarcan dentro das li\u00f1as de acci\u00f3n do propio Equipo de Goberno que nos \u00faltimos meses ve\u00f1en de invertir na instalaci\u00f3n dun salvaescaleiras na Casa de Cultura de Salvaterra, de adaptar os ba\u00f1os, podar as \u00e1rbores para poder transitar dunha maneira m\u00e1is segura polas beirarr\u00faas ou a instalaci\u00f3n de beirarr\u00faas na PO-400<\/p>\n","protected":false},"excerpt":{"rendered":"<div class=\"mh-excerpt\"><p>O IES Salvaterra de Mi\u00f1o entrega ao Concello de Salvaterra de Mi\u00f1o un estudo sobre a mobilidade de persoas con discapacidade visual e motora no casco urbano de Salvaterra de Mi\u00f1o <a class=\"mh-excerpt-more\" href=\"https:\/\/www.anovapeneira.gal\/index.php\/2020\/02\/14\/salvaterra-sen-barreiras\/\" title=\"\u201cSalvaterra sen Barreiras\u201d\">[&#8230;]<\/a><\/p>\n<\/div>","protected":false},"author":3,"featured_media":2519,"comment_status":"open","ping_status":"open","sticky":false,"template":"","format":"standard","meta":{"_exactmetrics_skip_tracking":false,"_exactmetrics_sitenote_active":false,"_exactmetrics_sitenote_note":"","_exactmetrics_sitenote_category":0,"footnotes":""},"categories":[25],"tags":[958,959],"class_list":{"0":"post-2518","1":"post","2":"type-post","3":"status-publish","4":"format-standard","5":"has-post-thumbnail","7":"category-condado","8":"tag-concello-salvaterra-de-mino","9":"tag-sen-barreiras"},"yoast_head":"<!-- This site is optimized with the Yoast SEO plugin v27.4 - https:\/\/yoast.com\/product\/yoast-seo-wordpress\/ -->\n<title>\u201cSalvaterra sen Barreiras\u201d -<\/title>\n<meta name=\"robots\" content=\"index, follow, max-snippet:-1, max-image-preview:large, max-video-preview:-1\" \/>\n<link rel=\"canonical\" href=\"https:\/\/www.anovapeneira.gal\/index.php\/2020\/02\/14\/salvaterra-sen-barreiras\/\" \/>\n<meta property=\"og:locale\" content=\"gl_ES\" \/>\n<meta property=\"og:type\" content=\"article\" \/>\n<meta property=\"og:title\" content=\"\u201cSalvaterra sen Barreiras\u201d -\" \/>\n<meta property=\"og:description\" content=\"O IES Salvaterra de Mi\u00f1o entrega ao Concello de Salvaterra de Mi\u00f1o un estudo sobre a mobilidade de persoas con discapacidade visual e motora no casco urbano de Salvaterra de Mi\u00f1o [...]\" \/>\n<meta property=\"og:url\" content=\"https:\/\/www.anovapeneira.gal\/index.php\/2020\/02\/14\/salvaterra-sen-barreiras\/\" \/>\n<meta property=\"article:publisher\" content=\"https:\/\/www.facebook.com\/anovapeneira\" \/>\n<meta property=\"article:published_time\" content=\"2020-02-14T09:00:00+00:00\" \/>\n<meta property=\"og:image\" content=\"https:\/\/www.anovapeneira.gal\/wp-content\/uploads\/2020\/02\/salvaterra_sen_barreras_a_nova_peneira.jpg\" \/>\n\t<meta property=\"og:image:width\" content=\"720\" \/>\n\t<meta property=\"og:image:height\" content=\"432\" \/>\n\t<meta property=\"og:image:type\" content=\"image\/jpeg\" \/>\n<meta name=\"author\" content=\"Redacci\u00f3n A Nova Peneira\" \/>\n<meta name=\"twitter:card\" content=\"summary_large_image\" \/>\n<meta name=\"twitter:creator\" content=\"@APeneira\" \/>\n<meta name=\"twitter:site\" content=\"@APeneira\" \/>\n<meta name=\"twitter:label1\" content=\"Escrito por\" \/>\n\t<meta name=\"twitter:data1\" content=\"Redacci\u00f3n A Nova Peneira\" \/>\n\t<meta name=\"twitter:label2\" content=\"Tempo de lectura\" \/>\n\t<meta name=\"twitter:data2\" content=\"2 minutos\" \/>\n<script type=\"application\/ld+json\" class=\"yoast-schema-graph\">{\"@context\":\"https:\\\/\\\/schema.org\",\"@graph\":[{\"@type\":\"Article\",\"@id\":\"https:\\\/\\\/www.anovapeneira.gal\\\/index.php\\\/2020\\\/02\\\/14\\\/salvaterra-sen-barreiras\\\/#article\",\"isPartOf\":{\"@id\":\"https:\\\/\\\/www.anovapeneira.gal\\\/index.php\\\/2020\\\/02\\\/14\\\/salvaterra-sen-barreiras\\\/\"},\"author\":{\"name\":\"Redacci\u00f3n A Nova Peneira\",\"@id\":\"https:\\\/\\\/www.anovapeneira.gal\\\/#\\\/schema\\\/person\\\/b93e3f8932e3f8da96334607eb6ac6aa\"},\"headline\":\"\u201cSalvaterra sen Barreiras\u201d\",\"datePublished\":\"2020-02-14T09:00:00+00:00\",\"mainEntityOfPage\":{\"@id\":\"https:\\\/\\\/www.anovapeneira.gal\\\/index.php\\\/2020\\\/02\\\/14\\\/salvaterra-sen-barreiras\\\/\"},\"wordCount\":325,\"commentCount\":0,\"publisher\":{\"@id\":\"https:\\\/\\\/www.anovapeneira.gal\\\/#organization\"},\"image\":{\"@id\":\"https:\\\/\\\/www.anovapeneira.gal\\\/index.php\\\/2020\\\/02\\\/14\\\/salvaterra-sen-barreiras\\\/#primaryimage\"},\"thumbnailUrl\":\"https:\\\/\\\/www.anovapeneira.gal\\\/wp-content\\\/uploads\\\/2020\\\/02\\\/salvaterra_sen_barreras_a_nova_peneira.jpg\",\"keywords\":[\"Concello Salvaterra de Mi\u00f1o\",\"Sen barreiras\"],\"articleSection\":[\"Condado\"],\"inLanguage\":\"gl-ES\",\"potentialAction\":[{\"@type\":\"CommentAction\",\"name\":\"Comment\",\"target\":[\"https:\\\/\\\/www.anovapeneira.gal\\\/index.php\\\/2020\\\/02\\\/14\\\/salvaterra-sen-barreiras\\\/#respond\"]}]},{\"@type\":\"WebPage\",\"@id\":\"https:\\\/\\\/www.anovapeneira.gal\\\/index.php\\\/2020\\\/02\\\/14\\\/salvaterra-sen-barreiras\\\/\",\"url\":\"https:\\\/\\\/www.anovapeneira.gal\\\/index.php\\\/2020\\\/02\\\/14\\\/salvaterra-sen-barreiras\\\/\",\"name\":\"\u201cSalvaterra sen Barreiras\u201d -\",\"isPartOf\":{\"@id\":\"https:\\\/\\\/www.anovapeneira.gal\\\/#website\"},\"primaryImageOfPage\":{\"@id\":\"https:\\\/\\\/www.anovapeneira.gal\\\/index.php\\\/2020\\\/02\\\/14\\\/salvaterra-sen-barreiras\\\/#primaryimage\"},\"image\":{\"@id\":\"https:\\\/\\\/www.anovapeneira.gal\\\/index.php\\\/2020\\\/02\\\/14\\\/salvaterra-sen-barreiras\\\/#primaryimage\"},\"thumbnailUrl\":\"https:\\\/\\\/www.anovapeneira.gal\\\/wp-content\\\/uploads\\\/2020\\\/02\\\/salvaterra_sen_barreras_a_nova_peneira.jpg\",\"datePublished\":\"2020-02-14T09:00:00+00:00\",\"breadcrumb\":{\"@id\":\"https:\\\/\\\/www.anovapeneira.gal\\\/index.php\\\/2020\\\/02\\\/14\\\/salvaterra-sen-barreiras\\\/#breadcrumb\"},\"inLanguage\":\"gl-ES\",\"potentialAction\":[{\"@type\":\"ReadAction\",\"target\":[\"https:\\\/\\\/www.anovapeneira.gal\\\/index.php\\\/2020\\\/02\\\/14\\\/salvaterra-sen-barreiras\\\/\"]}]},{\"@type\":\"ImageObject\",\"inLanguage\":\"gl-ES\",\"@id\":\"https:\\\/\\\/www.anovapeneira.gal\\\/index.php\\\/2020\\\/02\\\/14\\\/salvaterra-sen-barreiras\\\/#primaryimage\",\"url\":\"https:\\\/\\\/www.anovapeneira.gal\\\/wp-content\\\/uploads\\\/2020\\\/02\\\/salvaterra_sen_barreras_a_nova_peneira.jpg\",\"contentUrl\":\"https:\\\/\\\/www.anovapeneira.gal\\\/wp-content\\\/uploads\\\/2020\\\/02\\\/salvaterra_sen_barreras_a_nova_peneira.jpg\",\"width\":720,\"height\":432,\"caption\":\"Salvaterra do Mi\u00f1o A Nova Peneira\"},{\"@type\":\"BreadcrumbList\",\"@id\":\"https:\\\/\\\/www.anovapeneira.gal\\\/index.php\\\/2020\\\/02\\\/14\\\/salvaterra-sen-barreiras\\\/#breadcrumb\",\"itemListElement\":[{\"@type\":\"ListItem\",\"position\":1,\"name\":\"Portada\",\"item\":\"https:\\\/\\\/www.anovapeneira.gal\\\/\"},{\"@type\":\"ListItem\",\"position\":2,\"name\":\"\u201cSalvaterra sen Barreiras\u201d\"}]},{\"@type\":\"WebSite\",\"@id\":\"https:\\\/\\\/www.anovapeneira.gal\\\/#website\",\"url\":\"https:\\\/\\\/www.anovapeneira.gal\\\/\",\"name\":\"\",\"description\":\"Xornal galego de informaci\u00f3n xeral Publicaci\u00f3n mensual de novas de Galicia e en especial dos Concellos da sur da provincia de Pontevedra.\",\"publisher\":{\"@id\":\"https:\\\/\\\/www.anovapeneira.gal\\\/#organization\"},\"potentialAction\":[{\"@type\":\"SearchAction\",\"target\":{\"@type\":\"EntryPoint\",\"urlTemplate\":\"https:\\\/\\\/www.anovapeneira.gal\\\/?s={search_term_string}\"},\"query-input\":{\"@type\":\"PropertyValueSpecification\",\"valueRequired\":true,\"valueName\":\"search_term_string\"}}],\"inLanguage\":\"gl-ES\"},{\"@type\":\"Organization\",\"@id\":\"https:\\\/\\\/www.anovapeneira.gal\\\/#organization\",\"name\":\"A Nova Peneira\",\"url\":\"https:\\\/\\\/www.anovapeneira.gal\\\/\",\"logo\":{\"@type\":\"ImageObject\",\"inLanguage\":\"gl-ES\",\"@id\":\"https:\\\/\\\/www.anovapeneira.gal\\\/#\\\/schema\\\/logo\\\/image\\\/\",\"url\":\"http:\\\/\\\/www.anovapeneira.gal\\\/wp-content\\\/uploads\\\/2019\\\/06\\\/logo_a_nova_peneira_portal_web.png\",\"contentUrl\":\"http:\\\/\\\/www.anovapeneira.gal\\\/wp-content\\\/uploads\\\/2019\\\/06\\\/logo_a_nova_peneira_portal_web.png\",\"width\":300,\"height\":100,\"caption\":\"A Nova Peneira\"},\"image\":{\"@id\":\"https:\\\/\\\/www.anovapeneira.gal\\\/#\\\/schema\\\/logo\\\/image\\\/\"},\"sameAs\":[\"https:\\\/\\\/www.facebook.com\\\/anovapeneira\",\"https:\\\/\\\/x.com\\\/APeneira\"]},{\"@type\":\"Person\",\"@id\":\"https:\\\/\\\/www.anovapeneira.gal\\\/#\\\/schema\\\/person\\\/b93e3f8932e3f8da96334607eb6ac6aa\",\"name\":\"Redacci\u00f3n A Nova Peneira\",\"image\":{\"@type\":\"ImageObject\",\"inLanguage\":\"gl-ES\",\"@id\":\"https:\\\/\\\/secure.gravatar.com\\\/avatar\\\/c052a2551a06e23fac63626232eaa90abd78dbcf1700fc46a2b2c89fd27b735f?s=96&d=mm&r=g\",\"url\":\"https:\\\/\\\/secure.gravatar.com\\\/avatar\\\/c052a2551a06e23fac63626232eaa90abd78dbcf1700fc46a2b2c89fd27b735f?s=96&d=mm&r=g\",\"contentUrl\":\"https:\\\/\\\/secure.gravatar.com\\\/avatar\\\/c052a2551a06e23fac63626232eaa90abd78dbcf1700fc46a2b2c89fd27b735f?s=96&d=mm&r=g\",\"caption\":\"Redacci\u00f3n A Nova Peneira\"},\"sameAs\":[\"http:\\\/\\\/www.anovapeneira.gal\\\/\"],\"url\":\"https:\\\/\\\/www.anovapeneira.gal\\\/index.php\\\/author\\\/redactor\\\/\"}]}<\/script>\n<!-- \/ Yoast SEO plugin. -->","yoast_head_json":{"title":"\u201cSalvaterra sen Barreiras\u201d -","robots":{"index":"index","follow":"follow","max-snippet":"max-snippet:-1","max-image-preview":"max-image-preview:large","max-video-preview":"max-video-preview:-1"},"canonical":"https:\/\/www.anovapeneira.gal\/index.php\/2020\/02\/14\/salvaterra-sen-barreiras\/","og_locale":"gl_ES","og_type":"article","og_title":"\u201cSalvaterra sen Barreiras\u201d -","og_description":"O IES Salvaterra de Mi\u00f1o entrega ao Concello de Salvaterra de Mi\u00f1o un estudo sobre a mobilidade de persoas con discapacidade visual e motora no casco urbano de Salvaterra de Mi\u00f1o [...]","og_url":"https:\/\/www.anovapeneira.gal\/index.php\/2020\/02\/14\/salvaterra-sen-barreiras\/","article_publisher":"https:\/\/www.facebook.com\/anovapeneira","article_published_time":"2020-02-14T09:00:00+00:00","og_image":[{"width":720,"height":432,"url":"https:\/\/www.anovapeneira.gal\/wp-content\/uploads\/2020\/02\/salvaterra_sen_barreras_a_nova_peneira.jpg","type":"image\/jpeg"}],"author":"Redacci\u00f3n A Nova Peneira","twitter_card":"summary_large_image","twitter_creator":"@APeneira","twitter_site":"@APeneira","twitter_misc":{"Escrito por":"Redacci\u00f3n A Nova Peneira","Tempo de lectura":"2 minutos"},"schema":{"@context":"https:\/\/schema.org","@graph":[{"@type":"Article","@id":"https:\/\/www.anovapeneira.gal\/index.php\/2020\/02\/14\/salvaterra-sen-barreiras\/#article","isPartOf":{"@id":"https:\/\/www.anovapeneira.gal\/index.php\/2020\/02\/14\/salvaterra-sen-barreiras\/"},"author":{"name":"Redacci\u00f3n A Nova Peneira","@id":"https:\/\/www.anovapeneira.gal\/#\/schema\/person\/b93e3f8932e3f8da96334607eb6ac6aa"},"headline":"\u201cSalvaterra sen Barreiras\u201d","datePublished":"2020-02-14T09:00:00+00:00","mainEntityOfPage":{"@id":"https:\/\/www.anovapeneira.gal\/index.php\/2020\/02\/14\/salvaterra-sen-barreiras\/"},"wordCount":325,"commentCount":0,"publisher":{"@id":"https:\/\/www.anovapeneira.gal\/#organization"},"image":{"@id":"https:\/\/www.anovapeneira.gal\/index.php\/2020\/02\/14\/salvaterra-sen-barreiras\/#primaryimage"},"thumbnailUrl":"https:\/\/www.anovapeneira.gal\/wp-content\/uploads\/2020\/02\/salvaterra_sen_barreras_a_nova_peneira.jpg","keywords":["Concello Salvaterra de Mi\u00f1o","Sen barreiras"],"articleSection":["Condado"],"inLanguage":"gl-ES","potentialAction":[{"@type":"CommentAction","name":"Comment","target":["https:\/\/www.anovapeneira.gal\/index.php\/2020\/02\/14\/salvaterra-sen-barreiras\/#respond"]}]},{"@type":"WebPage","@id":"https:\/\/www.anovapeneira.gal\/index.php\/2020\/02\/14\/salvaterra-sen-barreiras\/","url":"https:\/\/www.anovapeneira.gal\/index.php\/2020\/02\/14\/salvaterra-sen-barreiras\/","name":"\u201cSalvaterra sen Barreiras\u201d -","isPartOf":{"@id":"https:\/\/www.anovapeneira.gal\/#website"},"primaryImageOfPage":{"@id":"https:\/\/www.anovapeneira.gal\/index.php\/2020\/02\/14\/salvaterra-sen-barreiras\/#primaryimage"},"image":{"@id":"https:\/\/www.anovapeneira.gal\/index.php\/2020\/02\/14\/salvaterra-sen-barreiras\/#primaryimage"},"thumbnailUrl":"https:\/\/www.anovapeneira.gal\/wp-content\/uploads\/2020\/02\/salvaterra_sen_barreras_a_nova_peneira.jpg","datePublished":"2020-02-14T09:00:00+00:00","breadcrumb":{"@id":"https:\/\/www.anovapeneira.gal\/index.php\/2020\/02\/14\/salvaterra-sen-barreiras\/#breadcrumb"},"inLanguage":"gl-ES","potentialAction":[{"@type":"ReadAction","target":["https:\/\/www.anovapeneira.gal\/index.php\/2020\/02\/14\/salvaterra-sen-barreiras\/"]}]},{"@type":"ImageObject","inLanguage":"gl-ES","@id":"https:\/\/www.anovapeneira.gal\/index.php\/2020\/02\/14\/salvaterra-sen-barreiras\/#primaryimage","url":"https:\/\/www.anovapeneira.gal\/wp-content\/uploads\/2020\/02\/salvaterra_sen_barreras_a_nova_peneira.jpg","contentUrl":"https:\/\/www.anovapeneira.gal\/wp-content\/uploads\/2020\/02\/salvaterra_sen_barreras_a_nova_peneira.jpg","width":720,"height":432,"caption":"Salvaterra do Mi\u00f1o A Nova Peneira"},{"@type":"BreadcrumbList","@id":"https:\/\/www.anovapeneira.gal\/index.php\/2020\/02\/14\/salvaterra-sen-barreiras\/#breadcrumb","itemListElement":[{"@type":"ListItem","position":1,"name":"Portada","item":"https:\/\/www.anovapeneira.gal\/"},{"@type":"ListItem","position":2,"name":"\u201cSalvaterra sen Barreiras\u201d"}]},{"@type":"WebSite","@id":"https:\/\/www.anovapeneira.gal\/#website","url":"https:\/\/www.anovapeneira.gal\/","name":"","description":"Xornal galego de informaci\u00f3n xeral Publicaci\u00f3n mensual de novas de Galicia e en especial dos Concellos da sur da provincia de Pontevedra.","publisher":{"@id":"https:\/\/www.anovapeneira.gal\/#organization"},"potentialAction":[{"@type":"SearchAction","target":{"@type":"EntryPoint","urlTemplate":"https:\/\/www.anovapeneira.gal\/?s={search_term_string}"},"query-input":{"@type":"PropertyValueSpecification","valueRequired":true,"valueName":"search_term_string"}}],"inLanguage":"gl-ES"},{"@type":"Organization","@id":"https:\/\/www.anovapeneira.gal\/#organization","name":"A Nova Peneira","url":"https:\/\/www.anovapeneira.gal\/","logo":{"@type":"ImageObject","inLanguage":"gl-ES","@id":"https:\/\/www.anovapeneira.gal\/#\/schema\/logo\/image\/","url":"http:\/\/www.anovapeneira.gal\/wp-content\/uploads\/2019\/06\/logo_a_nova_peneira_portal_web.png","contentUrl":"http:\/\/www.anovapeneira.gal\/wp-content\/uploads\/2019\/06\/logo_a_nova_peneira_portal_web.png","width":300,"height":100,"caption":"A Nova Peneira"},"image":{"@id":"https:\/\/www.anovapeneira.gal\/#\/schema\/logo\/image\/"},"sameAs":["https:\/\/www.facebook.com\/anovapeneira","https:\/\/x.com\/APeneira"]},{"@type":"Person","@id":"https:\/\/www.anovapeneira.gal\/#\/schema\/person\/b93e3f8932e3f8da96334607eb6ac6aa","name":"Redacci\u00f3n A Nova Peneira","image":{"@type":"ImageObject","inLanguage":"gl-ES","@id":"https:\/\/secure.gravatar.com\/avatar\/c052a2551a06e23fac63626232eaa90abd78dbcf1700fc46a2b2c89fd27b735f?s=96&d=mm&r=g","url":"https:\/\/secure.gravatar.com\/avatar\/c052a2551a06e23fac63626232eaa90abd78dbcf1700fc46a2b2c89fd27b735f?s=96&d=mm&r=g","contentUrl":"https:\/\/secure.gravatar.com\/avatar\/c052a2551a06e23fac63626232eaa90abd78dbcf1700fc46a2b2c89fd27b735f?s=96&d=mm&r=g","caption":"Redacci\u00f3n A Nova Peneira"},"sameAs":["http:\/\/www.anovapeneira.gal\/"],"url":"https:\/\/www.anovapeneira.gal\/index.php\/author\/redactor\/"}]}},"jetpack_featured_media_url":"https:\/\/www.anovapeneira.gal\/wp-content\/uploads\/2020\/02\/salvaterra_sen_barreras_a_nova_peneira.jpg","_links":{"self":[{"href":"https:\/\/www.anovapeneira.gal\/index.php\/wp-json\/wp\/v2\/posts\/2518","targetHints":{"allow":["GET"]}}],"collection":[{"href":"https:\/\/www.anovapeneira.gal\/index.php\/wp-json\/wp\/v2\/posts"}],"about":[{"href":"https:\/\/www.anovapeneira.gal\/index.php\/wp-json\/wp\/v2\/types\/post"}],"author":[{"embeddable":true,"href":"https:\/\/www.anovapeneira.gal\/index.php\/wp-json\/wp\/v2\/users\/3"}],"replies":[{"embeddable":true,"href":"https:\/\/www.anovapeneira.gal\/index.php\/wp-json\/wp\/v2\/comments?post=2518"}],"version-history":[{"count":1,"href":"https:\/\/www.anovapeneira.gal\/index.php\/wp-json\/wp\/v2\/posts\/2518\/revisions"}],"predecessor-version":[{"id":2520,"href":"https:\/\/www.anovapeneira.gal\/index.php\/wp-json\/wp\/v2\/posts\/2518\/revisions\/2520"}],"wp:featuredmedia":[{"embeddable":true,"href":"https:\/\/www.anovapeneira.gal\/index.php\/wp-json\/wp\/v2\/media\/2519"}],"wp:attachment":[{"href":"https:\/\/www.anovapeneira.gal\/index.php\/wp-json\/wp\/v2\/media?parent=2518"}],"wp:term":[{"taxonomy":"category","embeddable":true,"href":"https:\/\/www.anovapeneira.gal\/index.php\/wp-json\/wp\/v2\/categories?post=2518"},{"taxonomy":"post_tag","embeddable":true,"href":"https:\/\/www.anovapeneira.gal\/index.php\/wp-json\/wp\/v2\/tags?post=2518"}],"curies":[{"name":"wp","href":"https:\/\/api.w.org\/{rel}","templated":true}]}}