{"id":2521,"date":"2020-02-14T12:00:26","date_gmt":"2020-02-14T11:00:26","guid":{"rendered":"http:\/\/www.anovapeneira.gal\/?p=2521"},"modified":"2020-02-09T21:38:51","modified_gmt":"2020-02-09T20:38:51","slug":"represas-adianta-unha-nova-convocatoria-de-axudas-as-traidas-de-auga-de-150-000-euros","status":"publish","type":"post","link":"https:\/\/www.anovapeneira.gal\/index.php\/2020\/02\/14\/represas-adianta-unha-nova-convocatoria-de-axudas-as-traidas-de-auga-de-150-000-euros\/","title":{"rendered":"Represas adianta unha nova convocatoria de axudas \u00e1s tra\u00eddas de auga de 150.000 euros"},"content":{"rendered":"\n<h2 class=\"wp-block-heading\"><strong>As subvenci\u00f3ns dos \u00faltimos anos por importe de 300.000 euros xa beneficiaron a 28 tra\u00eddas de 14 parroquias<\/strong><\/h2>\n\n\n\n<h2 class=\"wp-block-heading\"><strong>A convocatoria de 2020 priorizar\u00e1 as obras nas tra\u00eddas que non recibiron axuda noutros anos <\/strong> <\/h2>\n\n\n\n<p> <strong>Ponteareas, 7 de febreiro 2020<\/strong><\/p>\n\n\n\n<p>O alcalde de\nPonteareas, Xos\u00e9 Represas(BNG), adiantou este venres que o Concello\nten previsto realizar nas vindeiras semanas, unha nova convocatoria\nde axudas para obras nas tra\u00eddas veci\u00f1ais de augas por importe de\n150.000 euros. Axudas que se financian con fondos propios do\nConcello.<\/p>\n\n\n\n<p>Represas, que\nfixo balance desta pioneira convocatoria de axudas, destacou a\nexcelente acollida que tivo esta iniciativa que permit\u00edu realizar\ninvestimentos por importe superior a 400.000 euros en 28 tra\u00eddas\nveci\u00f1ais de 14 parroquias, sumando as axudas do Concello 299.000\neuros. Entre as obras realizadas figuran melloras nos sistemas de\ncaptaci\u00f3n de auga, sistemas de almacenamento e\npotabilizaci\u00f3n(dep\u00f3sitos, filtraci\u00f3n, decantaci\u00f3n, etc.) e\nmelloras nas redes de distribuci\u00f3n de augas.<\/p>\n\n\n\n<p>O alcalde,\nque salientou a \u201clabor desinteresada que realizan estes colectivos\npara contar cun servizo b\u00e1sico e de calidade\u201d, convocar\u00e1 \u00e1s\nXuntas Directivas das tra\u00eddas veci\u00f1ais de augas para dar a co\u00f1ecer\na nova convocatoria, antes da apertura do prazo de presentaci\u00f3n de\nsolicitudes. Un dos principais obxectivos neste ano 2020 \u00e9\nbeneficiar as tra\u00eddas que non percibiron axudas nestes anos,\npriorizando nas bases as obras nas comunidades de usuarios que est\u00e9n\nnesta situaci\u00f3n.<\/p>\n\n\n\n<p>Igual que nos\n\u00faltimos dous anos, o Concello subvencionar\u00e1 cun 80% o importe das\nobras. A convocatoria ser\u00e1 de forma transparente e por concurrencia\ncompetitiva, \u201cestas axudas son unha obriga para o Concello e un\ndereito para os veci\u00f1os, por tratarse dun servizo prioritario\u201d.<\/p>\n","protected":false},"excerpt":{"rendered":"<div class=\"mh-excerpt\"><p>As subvenci\u00f3ns dos \u00faltimos anos por importe de 300.000 euros xa beneficiaron a 28 tra\u00eddas de 14 parroquias <a class=\"mh-excerpt-more\" href=\"https:\/\/www.anovapeneira.gal\/index.php\/2020\/02\/14\/represas-adianta-unha-nova-convocatoria-de-axudas-as-traidas-de-auga-de-150-000-euros\/\" title=\"Represas adianta unha nova convocatoria de axudas \u00e1s tra\u00eddas de auga de 150.000 euros\">[&#8230;]<\/a><\/p>\n<\/div>","protected":false},"author":3,"featured_media":2522,"comment_status":"open","ping_status":"open","sticky":false,"template":"","format":"standard","meta":{"_exactmetrics_skip_tracking":false,"_exactmetrics_sitenote_active":false,"_exactmetrics_sitenote_note":"","_exactmetrics_sitenote_category":0,"footnotes":""},"categories":[25],"tags":[208,960],"class_list":{"0":"post-2521","1":"post","2":"type-post","3":"status-publish","4":"format-standard","5":"has-post-thumbnail","7":"category-condado","8":"tag-concello-de-ponteareas","9":"tag-traidas-de-auga"},"yoast_head":"<!-- This site is optimized with the Yoast SEO plugin v27.4 - https:\/\/yoast.com\/product\/yoast-seo-wordpress\/ -->\n<title>Represas adianta unha nova convocatoria de axudas \u00e1s tra\u00eddas de auga de 150.000 euros -<\/title>\n<meta name=\"robots\" content=\"index, follow, max-snippet:-1, max-image-preview:large, max-video-preview:-1\" \/>\n<link rel=\"canonical\" href=\"https:\/\/www.anovapeneira.gal\/index.php\/2020\/02\/14\/represas-adianta-unha-nova-convocatoria-de-axudas-as-traidas-de-auga-de-150-000-euros\/\" \/>\n<meta property=\"og:locale\" content=\"gl_ES\" \/>\n<meta property=\"og:type\" content=\"article\" \/>\n<meta property=\"og:title\" content=\"Represas adianta unha nova convocatoria de axudas \u00e1s tra\u00eddas de auga de 150.000 euros -\" \/>\n<meta property=\"og:description\" content=\"As subvenci\u00f3ns dos \u00faltimos anos por importe de 300.000 euros xa beneficiaron a 28 tra\u00eddas de 14 parroquias [...]\" \/>\n<meta property=\"og:url\" content=\"https:\/\/www.anovapeneira.gal\/index.php\/2020\/02\/14\/represas-adianta-unha-nova-convocatoria-de-axudas-as-traidas-de-auga-de-150-000-euros\/\" \/>\n<meta property=\"article:publisher\" content=\"https:\/\/www.facebook.com\/anovapeneira\" \/>\n<meta property=\"article:published_time\" content=\"2020-02-14T11:00:26+00:00\" \/>\n<meta property=\"og:image\" content=\"https:\/\/www.anovapeneira.gal\/wp-content\/uploads\/2020\/02\/ponteareas_traida_de_augas_a_nova_peneira.jpg\" \/>\n\t<meta property=\"og:image:width\" content=\"720\" \/>\n\t<meta property=\"og:image:height\" content=\"432\" \/>\n\t<meta property=\"og:image:type\" content=\"image\/jpeg\" \/>\n<meta name=\"author\" content=\"Redacci\u00f3n A Nova Peneira\" \/>\n<meta name=\"twitter:card\" content=\"summary_large_image\" \/>\n<meta name=\"twitter:creator\" content=\"@APeneira\" \/>\n<meta name=\"twitter:site\" content=\"@APeneira\" \/>\n<meta name=\"twitter:label1\" content=\"Escrito por\" \/>\n\t<meta name=\"twitter:data1\" content=\"Redacci\u00f3n A Nova Peneira\" \/>\n\t<meta name=\"twitter:label2\" content=\"Tempo de lectura\" \/>\n\t<meta name=\"twitter:data2\" content=\"1 minuto\" \/>\n<script type=\"application\/ld+json\" class=\"yoast-schema-graph\">{\"@context\":\"https:\\\/\\\/schema.org\",\"@graph\":[{\"@type\":\"Article\",\"@id\":\"https:\\\/\\\/www.anovapeneira.gal\\\/index.php\\\/2020\\\/02\\\/14\\\/represas-adianta-unha-nova-convocatoria-de-axudas-as-traidas-de-auga-de-150-000-euros\\\/#article\",\"isPartOf\":{\"@id\":\"https:\\\/\\\/www.anovapeneira.gal\\\/index.php\\\/2020\\\/02\\\/14\\\/represas-adianta-unha-nova-convocatoria-de-axudas-as-traidas-de-auga-de-150-000-euros\\\/\"},\"author\":{\"name\":\"Redacci\u00f3n A Nova Peneira\",\"@id\":\"https:\\\/\\\/www.anovapeneira.gal\\\/#\\\/schema\\\/person\\\/b93e3f8932e3f8da96334607eb6ac6aa\"},\"headline\":\"Represas adianta unha nova convocatoria de axudas \u00e1s tra\u00eddas de auga de 150.000 euros\",\"datePublished\":\"2020-02-14T11:00:26+00:00\",\"mainEntityOfPage\":{\"@id\":\"https:\\\/\\\/www.anovapeneira.gal\\\/index.php\\\/2020\\\/02\\\/14\\\/represas-adianta-unha-nova-convocatoria-de-axudas-as-traidas-de-auga-de-150-000-euros\\\/\"},\"wordCount\":294,\"commentCount\":0,\"publisher\":{\"@id\":\"https:\\\/\\\/www.anovapeneira.gal\\\/#organization\"},\"image\":{\"@id\":\"https:\\\/\\\/www.anovapeneira.gal\\\/index.php\\\/2020\\\/02\\\/14\\\/represas-adianta-unha-nova-convocatoria-de-axudas-as-traidas-de-auga-de-150-000-euros\\\/#primaryimage\"},\"thumbnailUrl\":\"https:\\\/\\\/www.anovapeneira.gal\\\/wp-content\\\/uploads\\\/2020\\\/02\\\/ponteareas_traida_de_augas_a_nova_peneira.jpg\",\"keywords\":[\"Concello de Ponteareas\",\"Tra\u00eddas de auga\"],\"articleSection\":[\"Condado\"],\"inLanguage\":\"gl-ES\",\"potentialAction\":[{\"@type\":\"CommentAction\",\"name\":\"Comment\",\"target\":[\"https:\\\/\\\/www.anovapeneira.gal\\\/index.php\\\/2020\\\/02\\\/14\\\/represas-adianta-unha-nova-convocatoria-de-axudas-as-traidas-de-auga-de-150-000-euros\\\/#respond\"]}]},{\"@type\":\"WebPage\",\"@id\":\"https:\\\/\\\/www.anovapeneira.gal\\\/index.php\\\/2020\\\/02\\\/14\\\/represas-adianta-unha-nova-convocatoria-de-axudas-as-traidas-de-auga-de-150-000-euros\\\/\",\"url\":\"https:\\\/\\\/www.anovapeneira.gal\\\/index.php\\\/2020\\\/02\\\/14\\\/represas-adianta-unha-nova-convocatoria-de-axudas-as-traidas-de-auga-de-150-000-euros\\\/\",\"name\":\"Represas adianta unha nova convocatoria de axudas \u00e1s tra\u00eddas de auga de 150.000 euros -\",\"isPartOf\":{\"@id\":\"https:\\\/\\\/www.anovapeneira.gal\\\/#website\"},\"primaryImageOfPage\":{\"@id\":\"https:\\\/\\\/www.anovapeneira.gal\\\/index.php\\\/2020\\\/02\\\/14\\\/represas-adianta-unha-nova-convocatoria-de-axudas-as-traidas-de-auga-de-150-000-euros\\\/#primaryimage\"},\"image\":{\"@id\":\"https:\\\/\\\/www.anovapeneira.gal\\\/index.php\\\/2020\\\/02\\\/14\\\/represas-adianta-unha-nova-convocatoria-de-axudas-as-traidas-de-auga-de-150-000-euros\\\/#primaryimage\"},\"thumbnailUrl\":\"https:\\\/\\\/www.anovapeneira.gal\\\/wp-content\\\/uploads\\\/2020\\\/02\\\/ponteareas_traida_de_augas_a_nova_peneira.jpg\",\"datePublished\":\"2020-02-14T11:00:26+00:00\",\"breadcrumb\":{\"@id\":\"https:\\\/\\\/www.anovapeneira.gal\\\/index.php\\\/2020\\\/02\\\/14\\\/represas-adianta-unha-nova-convocatoria-de-axudas-as-traidas-de-auga-de-150-000-euros\\\/#breadcrumb\"},\"inLanguage\":\"gl-ES\",\"potentialAction\":[{\"@type\":\"ReadAction\",\"target\":[\"https:\\\/\\\/www.anovapeneira.gal\\\/index.php\\\/2020\\\/02\\\/14\\\/represas-adianta-unha-nova-convocatoria-de-axudas-as-traidas-de-auga-de-150-000-euros\\\/\"]}]},{\"@type\":\"ImageObject\",\"inLanguage\":\"gl-ES\",\"@id\":\"https:\\\/\\\/www.anovapeneira.gal\\\/index.php\\\/2020\\\/02\\\/14\\\/represas-adianta-unha-nova-convocatoria-de-axudas-as-traidas-de-auga-de-150-000-euros\\\/#primaryimage\",\"url\":\"https:\\\/\\\/www.anovapeneira.gal\\\/wp-content\\\/uploads\\\/2020\\\/02\\\/ponteareas_traida_de_augas_a_nova_peneira.jpg\",\"contentUrl\":\"https:\\\/\\\/www.anovapeneira.gal\\\/wp-content\\\/uploads\\\/2020\\\/02\\\/ponteareas_traida_de_augas_a_nova_peneira.jpg\",\"width\":720,\"height\":432,\"caption\":\"Ponteareas Tra\u00edda de augas A Nova Peneira\"},{\"@type\":\"BreadcrumbList\",\"@id\":\"https:\\\/\\\/www.anovapeneira.gal\\\/index.php\\\/2020\\\/02\\\/14\\\/represas-adianta-unha-nova-convocatoria-de-axudas-as-traidas-de-auga-de-150-000-euros\\\/#breadcrumb\",\"itemListElement\":[{\"@type\":\"ListItem\",\"position\":1,\"name\":\"Portada\",\"item\":\"https:\\\/\\\/www.anovapeneira.gal\\\/\"},{\"@type\":\"ListItem\",\"position\":2,\"name\":\"Represas adianta unha nova convocatoria de axudas \u00e1s tra\u00eddas de auga de 150.000 euros\"}]},{\"@type\":\"WebSite\",\"@id\":\"https:\\\/\\\/www.anovapeneira.gal\\\/#website\",\"url\":\"https:\\\/\\\/www.anovapeneira.gal\\\/\",\"name\":\"\",\"description\":\"Xornal galego de informaci\u00f3n xeral Publicaci\u00f3n mensual de novas de Galicia e en especial dos Concellos da sur da provincia de Pontevedra.\",\"publisher\":{\"@id\":\"https:\\\/\\\/www.anovapeneira.gal\\\/#organization\"},\"potentialAction\":[{\"@type\":\"SearchAction\",\"target\":{\"@type\":\"EntryPoint\",\"urlTemplate\":\"https:\\\/\\\/www.anovapeneira.gal\\\/?s={search_term_string}\"},\"query-input\":{\"@type\":\"PropertyValueSpecification\",\"valueRequired\":true,\"valueName\":\"search_term_string\"}}],\"inLanguage\":\"gl-ES\"},{\"@type\":\"Organization\",\"@id\":\"https:\\\/\\\/www.anovapeneira.gal\\\/#organization\",\"name\":\"A Nova Peneira\",\"url\":\"https:\\\/\\\/www.anovapeneira.gal\\\/\",\"logo\":{\"@type\":\"ImageObject\",\"inLanguage\":\"gl-ES\",\"@id\":\"https:\\\/\\\/www.anovapeneira.gal\\\/#\\\/schema\\\/logo\\\/image\\\/\",\"url\":\"http:\\\/\\\/www.anovapeneira.gal\\\/wp-content\\\/uploads\\\/2019\\\/06\\\/logo_a_nova_peneira_portal_web.png\",\"contentUrl\":\"http:\\\/\\\/www.anovapeneira.gal\\\/wp-content\\\/uploads\\\/2019\\\/06\\\/logo_a_nova_peneira_portal_web.png\",\"width\":300,\"height\":100,\"caption\":\"A Nova Peneira\"},\"image\":{\"@id\":\"https:\\\/\\\/www.anovapeneira.gal\\\/#\\\/schema\\\/logo\\\/image\\\/\"},\"sameAs\":[\"https:\\\/\\\/www.facebook.com\\\/anovapeneira\",\"https:\\\/\\\/x.com\\\/APeneira\"]},{\"@type\":\"Person\",\"@id\":\"https:\\\/\\\/www.anovapeneira.gal\\\/#\\\/schema\\\/person\\\/b93e3f8932e3f8da96334607eb6ac6aa\",\"name\":\"Redacci\u00f3n A Nova Peneira\",\"image\":{\"@type\":\"ImageObject\",\"inLanguage\":\"gl-ES\",\"@id\":\"https:\\\/\\\/secure.gravatar.com\\\/avatar\\\/c052a2551a06e23fac63626232eaa90abd78dbcf1700fc46a2b2c89fd27b735f?s=96&d=mm&r=g\",\"url\":\"https:\\\/\\\/secure.gravatar.com\\\/avatar\\\/c052a2551a06e23fac63626232eaa90abd78dbcf1700fc46a2b2c89fd27b735f?s=96&d=mm&r=g\",\"contentUrl\":\"https:\\\/\\\/secure.gravatar.com\\\/avatar\\\/c052a2551a06e23fac63626232eaa90abd78dbcf1700fc46a2b2c89fd27b735f?s=96&d=mm&r=g\",\"caption\":\"Redacci\u00f3n A Nova Peneira\"},\"sameAs\":[\"http:\\\/\\\/www.anovapeneira.gal\\\/\"],\"url\":\"https:\\\/\\\/www.anovapeneira.gal\\\/index.php\\\/author\\\/redactor\\\/\"}]}<\/script>\n<!-- \/ Yoast SEO plugin. -->","yoast_head_json":{"title":"Represas adianta unha nova convocatoria de axudas \u00e1s tra\u00eddas de auga de 150.000 euros -","robots":{"index":"index","follow":"follow","max-snippet":"max-snippet:-1","max-image-preview":"max-image-preview:large","max-video-preview":"max-video-preview:-1"},"canonical":"https:\/\/www.anovapeneira.gal\/index.php\/2020\/02\/14\/represas-adianta-unha-nova-convocatoria-de-axudas-as-traidas-de-auga-de-150-000-euros\/","og_locale":"gl_ES","og_type":"article","og_title":"Represas adianta unha nova convocatoria de axudas \u00e1s tra\u00eddas de auga de 150.000 euros -","og_description":"As subvenci\u00f3ns dos \u00faltimos anos por importe de 300.000 euros xa beneficiaron a 28 tra\u00eddas de 14 parroquias [...]","og_url":"https:\/\/www.anovapeneira.gal\/index.php\/2020\/02\/14\/represas-adianta-unha-nova-convocatoria-de-axudas-as-traidas-de-auga-de-150-000-euros\/","article_publisher":"https:\/\/www.facebook.com\/anovapeneira","article_published_time":"2020-02-14T11:00:26+00:00","og_image":[{"width":720,"height":432,"url":"https:\/\/www.anovapeneira.gal\/wp-content\/uploads\/2020\/02\/ponteareas_traida_de_augas_a_nova_peneira.jpg","type":"image\/jpeg"}],"author":"Redacci\u00f3n A Nova Peneira","twitter_card":"summary_large_image","twitter_creator":"@APeneira","twitter_site":"@APeneira","twitter_misc":{"Escrito por":"Redacci\u00f3n A Nova Peneira","Tempo de lectura":"1 minuto"},"schema":{"@context":"https:\/\/schema.org","@graph":[{"@type":"Article","@id":"https:\/\/www.anovapeneira.gal\/index.php\/2020\/02\/14\/represas-adianta-unha-nova-convocatoria-de-axudas-as-traidas-de-auga-de-150-000-euros\/#article","isPartOf":{"@id":"https:\/\/www.anovapeneira.gal\/index.php\/2020\/02\/14\/represas-adianta-unha-nova-convocatoria-de-axudas-as-traidas-de-auga-de-150-000-euros\/"},"author":{"name":"Redacci\u00f3n A Nova Peneira","@id":"https:\/\/www.anovapeneira.gal\/#\/schema\/person\/b93e3f8932e3f8da96334607eb6ac6aa"},"headline":"Represas adianta unha nova convocatoria de axudas \u00e1s tra\u00eddas de auga de 150.000 euros","datePublished":"2020-02-14T11:00:26+00:00","mainEntityOfPage":{"@id":"https:\/\/www.anovapeneira.gal\/index.php\/2020\/02\/14\/represas-adianta-unha-nova-convocatoria-de-axudas-as-traidas-de-auga-de-150-000-euros\/"},"wordCount":294,"commentCount":0,"publisher":{"@id":"https:\/\/www.anovapeneira.gal\/#organization"},"image":{"@id":"https:\/\/www.anovapeneira.gal\/index.php\/2020\/02\/14\/represas-adianta-unha-nova-convocatoria-de-axudas-as-traidas-de-auga-de-150-000-euros\/#primaryimage"},"thumbnailUrl":"https:\/\/www.anovapeneira.gal\/wp-content\/uploads\/2020\/02\/ponteareas_traida_de_augas_a_nova_peneira.jpg","keywords":["Concello de Ponteareas","Tra\u00eddas de auga"],"articleSection":["Condado"],"inLanguage":"gl-ES","potentialAction":[{"@type":"CommentAction","name":"Comment","target":["https:\/\/www.anovapeneira.gal\/index.php\/2020\/02\/14\/represas-adianta-unha-nova-convocatoria-de-axudas-as-traidas-de-auga-de-150-000-euros\/#respond"]}]},{"@type":"WebPage","@id":"https:\/\/www.anovapeneira.gal\/index.php\/2020\/02\/14\/represas-adianta-unha-nova-convocatoria-de-axudas-as-traidas-de-auga-de-150-000-euros\/","url":"https:\/\/www.anovapeneira.gal\/index.php\/2020\/02\/14\/represas-adianta-unha-nova-convocatoria-de-axudas-as-traidas-de-auga-de-150-000-euros\/","name":"Represas adianta unha nova convocatoria de axudas \u00e1s tra\u00eddas de auga de 150.000 euros -","isPartOf":{"@id":"https:\/\/www.anovapeneira.gal\/#website"},"primaryImageOfPage":{"@id":"https:\/\/www.anovapeneira.gal\/index.php\/2020\/02\/14\/represas-adianta-unha-nova-convocatoria-de-axudas-as-traidas-de-auga-de-150-000-euros\/#primaryimage"},"image":{"@id":"https:\/\/www.anovapeneira.gal\/index.php\/2020\/02\/14\/represas-adianta-unha-nova-convocatoria-de-axudas-as-traidas-de-auga-de-150-000-euros\/#primaryimage"},"thumbnailUrl":"https:\/\/www.anovapeneira.gal\/wp-content\/uploads\/2020\/02\/ponteareas_traida_de_augas_a_nova_peneira.jpg","datePublished":"2020-02-14T11:00:26+00:00","breadcrumb":{"@id":"https:\/\/www.anovapeneira.gal\/index.php\/2020\/02\/14\/represas-adianta-unha-nova-convocatoria-de-axudas-as-traidas-de-auga-de-150-000-euros\/#breadcrumb"},"inLanguage":"gl-ES","potentialAction":[{"@type":"ReadAction","target":["https:\/\/www.anovapeneira.gal\/index.php\/2020\/02\/14\/represas-adianta-unha-nova-convocatoria-de-axudas-as-traidas-de-auga-de-150-000-euros\/"]}]},{"@type":"ImageObject","inLanguage":"gl-ES","@id":"https:\/\/www.anovapeneira.gal\/index.php\/2020\/02\/14\/represas-adianta-unha-nova-convocatoria-de-axudas-as-traidas-de-auga-de-150-000-euros\/#primaryimage","url":"https:\/\/www.anovapeneira.gal\/wp-content\/uploads\/2020\/02\/ponteareas_traida_de_augas_a_nova_peneira.jpg","contentUrl":"https:\/\/www.anovapeneira.gal\/wp-content\/uploads\/2020\/02\/ponteareas_traida_de_augas_a_nova_peneira.jpg","width":720,"height":432,"caption":"Ponteareas Tra\u00edda de augas A Nova Peneira"},{"@type":"BreadcrumbList","@id":"https:\/\/www.anovapeneira.gal\/index.php\/2020\/02\/14\/represas-adianta-unha-nova-convocatoria-de-axudas-as-traidas-de-auga-de-150-000-euros\/#breadcrumb","itemListElement":[{"@type":"ListItem","position":1,"name":"Portada","item":"https:\/\/www.anovapeneira.gal\/"},{"@type":"ListItem","position":2,"name":"Represas adianta unha nova convocatoria de axudas \u00e1s tra\u00eddas de auga de 150.000 euros"}]},{"@type":"WebSite","@id":"https:\/\/www.anovapeneira.gal\/#website","url":"https:\/\/www.anovapeneira.gal\/","name":"","description":"Xornal galego de informaci\u00f3n xeral Publicaci\u00f3n mensual de novas de Galicia e en especial dos Concellos da sur da provincia de Pontevedra.","publisher":{"@id":"https:\/\/www.anovapeneira.gal\/#organization"},"potentialAction":[{"@type":"SearchAction","target":{"@type":"EntryPoint","urlTemplate":"https:\/\/www.anovapeneira.gal\/?s={search_term_string}"},"query-input":{"@type":"PropertyValueSpecification","valueRequired":true,"valueName":"search_term_string"}}],"inLanguage":"gl-ES"},{"@type":"Organization","@id":"https:\/\/www.anovapeneira.gal\/#organization","name":"A Nova Peneira","url":"https:\/\/www.anovapeneira.gal\/","logo":{"@type":"ImageObject","inLanguage":"gl-ES","@id":"https:\/\/www.anovapeneira.gal\/#\/schema\/logo\/image\/","url":"http:\/\/www.anovapeneira.gal\/wp-content\/uploads\/2019\/06\/logo_a_nova_peneira_portal_web.png","contentUrl":"http:\/\/www.anovapeneira.gal\/wp-content\/uploads\/2019\/06\/logo_a_nova_peneira_portal_web.png","width":300,"height":100,"caption":"A Nova Peneira"},"image":{"@id":"https:\/\/www.anovapeneira.gal\/#\/schema\/logo\/image\/"},"sameAs":["https:\/\/www.facebook.com\/anovapeneira","https:\/\/x.com\/APeneira"]},{"@type":"Person","@id":"https:\/\/www.anovapeneira.gal\/#\/schema\/person\/b93e3f8932e3f8da96334607eb6ac6aa","name":"Redacci\u00f3n A Nova Peneira","image":{"@type":"ImageObject","inLanguage":"gl-ES","@id":"https:\/\/secure.gravatar.com\/avatar\/c052a2551a06e23fac63626232eaa90abd78dbcf1700fc46a2b2c89fd27b735f?s=96&d=mm&r=g","url":"https:\/\/secure.gravatar.com\/avatar\/c052a2551a06e23fac63626232eaa90abd78dbcf1700fc46a2b2c89fd27b735f?s=96&d=mm&r=g","contentUrl":"https:\/\/secure.gravatar.com\/avatar\/c052a2551a06e23fac63626232eaa90abd78dbcf1700fc46a2b2c89fd27b735f?s=96&d=mm&r=g","caption":"Redacci\u00f3n A Nova Peneira"},"sameAs":["http:\/\/www.anovapeneira.gal\/"],"url":"https:\/\/www.anovapeneira.gal\/index.php\/author\/redactor\/"}]}},"jetpack_featured_media_url":"https:\/\/www.anovapeneira.gal\/wp-content\/uploads\/2020\/02\/ponteareas_traida_de_augas_a_nova_peneira.jpg","_links":{"self":[{"href":"https:\/\/www.anovapeneira.gal\/index.php\/wp-json\/wp\/v2\/posts\/2521","targetHints":{"allow":["GET"]}}],"collection":[{"href":"https:\/\/www.anovapeneira.gal\/index.php\/wp-json\/wp\/v2\/posts"}],"about":[{"href":"https:\/\/www.anovapeneira.gal\/index.php\/wp-json\/wp\/v2\/types\/post"}],"author":[{"embeddable":true,"href":"https:\/\/www.anovapeneira.gal\/index.php\/wp-json\/wp\/v2\/users\/3"}],"replies":[{"embeddable":true,"href":"https:\/\/www.anovapeneira.gal\/index.php\/wp-json\/wp\/v2\/comments?post=2521"}],"version-history":[{"count":1,"href":"https:\/\/www.anovapeneira.gal\/index.php\/wp-json\/wp\/v2\/posts\/2521\/revisions"}],"predecessor-version":[{"id":2523,"href":"https:\/\/www.anovapeneira.gal\/index.php\/wp-json\/wp\/v2\/posts\/2521\/revisions\/2523"}],"wp:featuredmedia":[{"embeddable":true,"href":"https:\/\/www.anovapeneira.gal\/index.php\/wp-json\/wp\/v2\/media\/2522"}],"wp:attachment":[{"href":"https:\/\/www.anovapeneira.gal\/index.php\/wp-json\/wp\/v2\/media?parent=2521"}],"wp:term":[{"taxonomy":"category","embeddable":true,"href":"https:\/\/www.anovapeneira.gal\/index.php\/wp-json\/wp\/v2\/categories?post=2521"},{"taxonomy":"post_tag","embeddable":true,"href":"https:\/\/www.anovapeneira.gal\/index.php\/wp-json\/wp\/v2\/tags?post=2521"}],"curies":[{"name":"wp","href":"https:\/\/api.w.org\/{rel}","templated":true}]}}