{"id":2524,"date":"2020-02-14T14:00:09","date_gmt":"2020-02-14T13:00:09","guid":{"rendered":"http:\/\/www.anovapeneira.gal\/?p=2524"},"modified":"2020-02-09T21:44:31","modified_gmt":"2020-02-09T20:44:31","slug":"o-bng-denuncia-novas-deficiencias-no-servizo-de-catering-prestado-nos-colexios-publicos-de-gondomar","status":"publish","type":"post","link":"https:\/\/www.anovapeneira.gal\/index.php\/2020\/02\/14\/o-bng-denuncia-novas-deficiencias-no-servizo-de-catering-prestado-nos-colexios-publicos-de-gondomar\/","title":{"rendered":"O BNG denuncia novas deficiencias no servizo de catering prestado nos colexios p\u00fablicos de Gondomar"},"content":{"rendered":"\n<h2 class=\"wp-block-heading\">As ANPAS do Concello inician recollida de sinaturas para demandar a instalaci\u00f3n dunha coci\u00f1a nun centro da Vila que permita a elaboraci\u00f3n dos men\u00fas en proximidade e con produtos de calidade<\/h2>\n\n\n\n<p><strong>Gondomar,\n6 de febreiro de 2020<\/strong><\/p>\n\n\n\n<p>O\nBNG ven de denunciar que, m\u00e1is unha vez, a comidaque se serve nos\ncomedores dos centros p\u00fablicos de ensino de Gondomar carece dos m\u00e1is\nelementais controis de calidade. As\u00ed, no d\u00eda de hoxe, no CEIP Chano\nPi\u00f1eiro detectaron apresenza de insectos na leituga da comida das\ncrianzas. \n<\/p>\n\n\n\n<p>No\npleno do Concello de Gondomar celebrado en decembro, foi aprobada\nunha moci\u00f3n do BNG a respecto da xesti\u00f3n dos comedores escolares do\nconcello, na que se instaba aogoberno galego, en quen recae a\ncompetencia do servizo, e ao goberno local, que mant\u00e9nun convenio\ncoa Xunta, a mudar o actual modelo que ofrece comida de baixa\ncalidade,coci\u00f1ada en produci\u00f3n industrial, lonxe dos lugares onde\nse come e con moitas horas deantelaci\u00f3n ao momento do xantar.<\/p>\n\n\n\n<p>Neste\nsentido \u00e1s asociaci\u00f3ns de nais e pais dos centros de ensino do\nconcello, a trav\u00e9s daFederaci\u00f3n de ANPAS do Val Mi\u00f1or (FAVALMI),\ninician unha recollida de sinaturas parainstar \u00e1 Xunta e Concello a\ninstalaci\u00f3n nun centro educativo da Vila dunha coci\u00f1a concapacidade\npara elaborar os men\u00fas do alumnado de todos os centros de Gondomar,\ne anegociar coa empresa de catering que ten o contrato do servizo\npara que esta te\u00f1a queelaborar a comida nela.<\/p>\n\n\n\n<p>Deste\nxeito, a comida pasar\u00eda a ser elaborada en proximidade e con\nprodutos de calidade,garantindo unha mellor alimentaci\u00f3n do alumnado\ne a tranquilidade das familias, e actuar\u00edacomo medida tendente a\ncambiar o actual modelo de xesti\u00f3n dos comedores.<\/p>\n","protected":false},"excerpt":{"rendered":"<div class=\"mh-excerpt\"><p>As ANPAS do Concello inician recollida de sinaturas para demandar a instalaci\u00f3n dunha coci\u00f1a nun centro da Vila <a class=\"mh-excerpt-more\" href=\"https:\/\/www.anovapeneira.gal\/index.php\/2020\/02\/14\/o-bng-denuncia-novas-deficiencias-no-servizo-de-catering-prestado-nos-colexios-publicos-de-gondomar\/\" title=\"O BNG denuncia novas deficiencias no servizo de catering prestado nos colexios p\u00fablicos de Gondomar\">[&#8230;]<\/a><\/p>\n<\/div>","protected":false},"author":3,"featured_media":575,"comment_status":"open","ping_status":"open","sticky":false,"template":"","format":"standard","meta":{"_exactmetrics_skip_tracking":false,"_exactmetrics_sitenote_active":false,"_exactmetrics_sitenote_note":"","_exactmetrics_sitenote_category":0,"footnotes":""},"categories":[20],"tags":[149,97],"class_list":{"0":"post-2524","1":"post","2":"type-post","3":"status-publish","4":"format-standard","5":"has-post-thumbnail","7":"category-val-minor","8":"tag-concello-de-gondomar","9":"tag-educacion"},"yoast_head":"<!-- This site is optimized with the Yoast SEO plugin v27.4 - https:\/\/yoast.com\/product\/yoast-seo-wordpress\/ -->\n<title>O BNG denuncia novas deficiencias no servizo de catering prestado nos colexios p\u00fablicos de Gondomar -<\/title>\n<meta name=\"robots\" content=\"index, follow, max-snippet:-1, max-image-preview:large, max-video-preview:-1\" \/>\n<link rel=\"canonical\" href=\"https:\/\/www.anovapeneira.gal\/index.php\/2020\/02\/14\/o-bng-denuncia-novas-deficiencias-no-servizo-de-catering-prestado-nos-colexios-publicos-de-gondomar\/\" \/>\n<meta property=\"og:locale\" content=\"gl_ES\" \/>\n<meta property=\"og:type\" content=\"article\" \/>\n<meta property=\"og:title\" content=\"O BNG denuncia novas deficiencias no servizo de catering prestado nos colexios p\u00fablicos de Gondomar -\" \/>\n<meta property=\"og:description\" content=\"As ANPAS do Concello inician recollida de sinaturas para demandar a instalaci\u00f3n dunha coci\u00f1a nun centro da Vila [...]\" \/>\n<meta property=\"og:url\" content=\"https:\/\/www.anovapeneira.gal\/index.php\/2020\/02\/14\/o-bng-denuncia-novas-deficiencias-no-servizo-de-catering-prestado-nos-colexios-publicos-de-gondomar\/\" \/>\n<meta property=\"article:publisher\" content=\"https:\/\/www.facebook.com\/anovapeneira\" \/>\n<meta property=\"article:published_time\" content=\"2020-02-14T13:00:09+00:00\" \/>\n<meta property=\"og:image\" content=\"https:\/\/www.anovapeneira.gal\/wp-content\/uploads\/2019\/07\/bng_logo.jpg\" \/>\n\t<meta property=\"og:image:width\" content=\"720\" \/>\n\t<meta property=\"og:image:height\" content=\"473\" \/>\n\t<meta property=\"og:image:type\" content=\"image\/jpeg\" \/>\n<meta name=\"author\" content=\"Redacci\u00f3n A Nova Peneira\" \/>\n<meta name=\"twitter:card\" content=\"summary_large_image\" \/>\n<meta name=\"twitter:creator\" content=\"@APeneira\" \/>\n<meta name=\"twitter:site\" content=\"@APeneira\" \/>\n<meta name=\"twitter:label1\" content=\"Escrito por\" \/>\n\t<meta name=\"twitter:data1\" content=\"Redacci\u00f3n A Nova Peneira\" \/>\n\t<meta name=\"twitter:label2\" content=\"Tempo de lectura\" \/>\n\t<meta name=\"twitter:data2\" content=\"1 minuto\" \/>\n<script type=\"application\/ld+json\" class=\"yoast-schema-graph\">{\"@context\":\"https:\\\/\\\/schema.org\",\"@graph\":[{\"@type\":\"Article\",\"@id\":\"https:\\\/\\\/www.anovapeneira.gal\\\/index.php\\\/2020\\\/02\\\/14\\\/o-bng-denuncia-novas-deficiencias-no-servizo-de-catering-prestado-nos-colexios-publicos-de-gondomar\\\/#article\",\"isPartOf\":{\"@id\":\"https:\\\/\\\/www.anovapeneira.gal\\\/index.php\\\/2020\\\/02\\\/14\\\/o-bng-denuncia-novas-deficiencias-no-servizo-de-catering-prestado-nos-colexios-publicos-de-gondomar\\\/\"},\"author\":{\"name\":\"Redacci\u00f3n A Nova Peneira\",\"@id\":\"https:\\\/\\\/www.anovapeneira.gal\\\/#\\\/schema\\\/person\\\/b93e3f8932e3f8da96334607eb6ac6aa\"},\"headline\":\"O BNG denuncia novas deficiencias no servizo de catering prestado nos colexios p\u00fablicos de Gondomar\",\"datePublished\":\"2020-02-14T13:00:09+00:00\",\"mainEntityOfPage\":{\"@id\":\"https:\\\/\\\/www.anovapeneira.gal\\\/index.php\\\/2020\\\/02\\\/14\\\/o-bng-denuncia-novas-deficiencias-no-servizo-de-catering-prestado-nos-colexios-publicos-de-gondomar\\\/\"},\"wordCount\":315,\"commentCount\":0,\"publisher\":{\"@id\":\"https:\\\/\\\/www.anovapeneira.gal\\\/#organization\"},\"image\":{\"@id\":\"https:\\\/\\\/www.anovapeneira.gal\\\/index.php\\\/2020\\\/02\\\/14\\\/o-bng-denuncia-novas-deficiencias-no-servizo-de-catering-prestado-nos-colexios-publicos-de-gondomar\\\/#primaryimage\"},\"thumbnailUrl\":\"https:\\\/\\\/www.anovapeneira.gal\\\/wp-content\\\/uploads\\\/2019\\\/07\\\/bng_logo.jpg\",\"keywords\":[\"Concello de Gondomar\",\"Educaci\u00f3n\"],\"articleSection\":[\"Val Mi\u00f1or\"],\"inLanguage\":\"gl-ES\",\"potentialAction\":[{\"@type\":\"CommentAction\",\"name\":\"Comment\",\"target\":[\"https:\\\/\\\/www.anovapeneira.gal\\\/index.php\\\/2020\\\/02\\\/14\\\/o-bng-denuncia-novas-deficiencias-no-servizo-de-catering-prestado-nos-colexios-publicos-de-gondomar\\\/#respond\"]}]},{\"@type\":\"WebPage\",\"@id\":\"https:\\\/\\\/www.anovapeneira.gal\\\/index.php\\\/2020\\\/02\\\/14\\\/o-bng-denuncia-novas-deficiencias-no-servizo-de-catering-prestado-nos-colexios-publicos-de-gondomar\\\/\",\"url\":\"https:\\\/\\\/www.anovapeneira.gal\\\/index.php\\\/2020\\\/02\\\/14\\\/o-bng-denuncia-novas-deficiencias-no-servizo-de-catering-prestado-nos-colexios-publicos-de-gondomar\\\/\",\"name\":\"O BNG denuncia novas deficiencias no servizo de catering prestado nos colexios p\u00fablicos de Gondomar -\",\"isPartOf\":{\"@id\":\"https:\\\/\\\/www.anovapeneira.gal\\\/#website\"},\"primaryImageOfPage\":{\"@id\":\"https:\\\/\\\/www.anovapeneira.gal\\\/index.php\\\/2020\\\/02\\\/14\\\/o-bng-denuncia-novas-deficiencias-no-servizo-de-catering-prestado-nos-colexios-publicos-de-gondomar\\\/#primaryimage\"},\"image\":{\"@id\":\"https:\\\/\\\/www.anovapeneira.gal\\\/index.php\\\/2020\\\/02\\\/14\\\/o-bng-denuncia-novas-deficiencias-no-servizo-de-catering-prestado-nos-colexios-publicos-de-gondomar\\\/#primaryimage\"},\"thumbnailUrl\":\"https:\\\/\\\/www.anovapeneira.gal\\\/wp-content\\\/uploads\\\/2019\\\/07\\\/bng_logo.jpg\",\"datePublished\":\"2020-02-14T13:00:09+00:00\",\"breadcrumb\":{\"@id\":\"https:\\\/\\\/www.anovapeneira.gal\\\/index.php\\\/2020\\\/02\\\/14\\\/o-bng-denuncia-novas-deficiencias-no-servizo-de-catering-prestado-nos-colexios-publicos-de-gondomar\\\/#breadcrumb\"},\"inLanguage\":\"gl-ES\",\"potentialAction\":[{\"@type\":\"ReadAction\",\"target\":[\"https:\\\/\\\/www.anovapeneira.gal\\\/index.php\\\/2020\\\/02\\\/14\\\/o-bng-denuncia-novas-deficiencias-no-servizo-de-catering-prestado-nos-colexios-publicos-de-gondomar\\\/\"]}]},{\"@type\":\"ImageObject\",\"inLanguage\":\"gl-ES\",\"@id\":\"https:\\\/\\\/www.anovapeneira.gal\\\/index.php\\\/2020\\\/02\\\/14\\\/o-bng-denuncia-novas-deficiencias-no-servizo-de-catering-prestado-nos-colexios-publicos-de-gondomar\\\/#primaryimage\",\"url\":\"https:\\\/\\\/www.anovapeneira.gal\\\/wp-content\\\/uploads\\\/2019\\\/07\\\/bng_logo.jpg\",\"contentUrl\":\"https:\\\/\\\/www.anovapeneira.gal\\\/wp-content\\\/uploads\\\/2019\\\/07\\\/bng_logo.jpg\",\"width\":720,\"height\":473,\"caption\":\"BNG A Nova Peneira\"},{\"@type\":\"BreadcrumbList\",\"@id\":\"https:\\\/\\\/www.anovapeneira.gal\\\/index.php\\\/2020\\\/02\\\/14\\\/o-bng-denuncia-novas-deficiencias-no-servizo-de-catering-prestado-nos-colexios-publicos-de-gondomar\\\/#breadcrumb\",\"itemListElement\":[{\"@type\":\"ListItem\",\"position\":1,\"name\":\"Portada\",\"item\":\"https:\\\/\\\/www.anovapeneira.gal\\\/\"},{\"@type\":\"ListItem\",\"position\":2,\"name\":\"O BNG denuncia novas deficiencias no servizo de catering prestado nos colexios p\u00fablicos de Gondomar\"}]},{\"@type\":\"WebSite\",\"@id\":\"https:\\\/\\\/www.anovapeneira.gal\\\/#website\",\"url\":\"https:\\\/\\\/www.anovapeneira.gal\\\/\",\"name\":\"\",\"description\":\"Xornal galego de informaci\u00f3n xeral Publicaci\u00f3n mensual de novas de Galicia e en especial dos Concellos da sur da provincia de Pontevedra.\",\"publisher\":{\"@id\":\"https:\\\/\\\/www.anovapeneira.gal\\\/#organization\"},\"potentialAction\":[{\"@type\":\"SearchAction\",\"target\":{\"@type\":\"EntryPoint\",\"urlTemplate\":\"https:\\\/\\\/www.anovapeneira.gal\\\/?s={search_term_string}\"},\"query-input\":{\"@type\":\"PropertyValueSpecification\",\"valueRequired\":true,\"valueName\":\"search_term_string\"}}],\"inLanguage\":\"gl-ES\"},{\"@type\":\"Organization\",\"@id\":\"https:\\\/\\\/www.anovapeneira.gal\\\/#organization\",\"name\":\"A Nova Peneira\",\"url\":\"https:\\\/\\\/www.anovapeneira.gal\\\/\",\"logo\":{\"@type\":\"ImageObject\",\"inLanguage\":\"gl-ES\",\"@id\":\"https:\\\/\\\/www.anovapeneira.gal\\\/#\\\/schema\\\/logo\\\/image\\\/\",\"url\":\"http:\\\/\\\/www.anovapeneira.gal\\\/wp-content\\\/uploads\\\/2019\\\/06\\\/logo_a_nova_peneira_portal_web.png\",\"contentUrl\":\"http:\\\/\\\/www.anovapeneira.gal\\\/wp-content\\\/uploads\\\/2019\\\/06\\\/logo_a_nova_peneira_portal_web.png\",\"width\":300,\"height\":100,\"caption\":\"A Nova Peneira\"},\"image\":{\"@id\":\"https:\\\/\\\/www.anovapeneira.gal\\\/#\\\/schema\\\/logo\\\/image\\\/\"},\"sameAs\":[\"https:\\\/\\\/www.facebook.com\\\/anovapeneira\",\"https:\\\/\\\/x.com\\\/APeneira\"]},{\"@type\":\"Person\",\"@id\":\"https:\\\/\\\/www.anovapeneira.gal\\\/#\\\/schema\\\/person\\\/b93e3f8932e3f8da96334607eb6ac6aa\",\"name\":\"Redacci\u00f3n A Nova Peneira\",\"image\":{\"@type\":\"ImageObject\",\"inLanguage\":\"gl-ES\",\"@id\":\"https:\\\/\\\/secure.gravatar.com\\\/avatar\\\/c052a2551a06e23fac63626232eaa90abd78dbcf1700fc46a2b2c89fd27b735f?s=96&d=mm&r=g\",\"url\":\"https:\\\/\\\/secure.gravatar.com\\\/avatar\\\/c052a2551a06e23fac63626232eaa90abd78dbcf1700fc46a2b2c89fd27b735f?s=96&d=mm&r=g\",\"contentUrl\":\"https:\\\/\\\/secure.gravatar.com\\\/avatar\\\/c052a2551a06e23fac63626232eaa90abd78dbcf1700fc46a2b2c89fd27b735f?s=96&d=mm&r=g\",\"caption\":\"Redacci\u00f3n A Nova Peneira\"},\"sameAs\":[\"http:\\\/\\\/www.anovapeneira.gal\\\/\"],\"url\":\"https:\\\/\\\/www.anovapeneira.gal\\\/index.php\\\/author\\\/redactor\\\/\"}]}<\/script>\n<!-- \/ Yoast SEO plugin. -->","yoast_head_json":{"title":"O BNG denuncia novas deficiencias no servizo de catering prestado nos colexios p\u00fablicos de Gondomar -","robots":{"index":"index","follow":"follow","max-snippet":"max-snippet:-1","max-image-preview":"max-image-preview:large","max-video-preview":"max-video-preview:-1"},"canonical":"https:\/\/www.anovapeneira.gal\/index.php\/2020\/02\/14\/o-bng-denuncia-novas-deficiencias-no-servizo-de-catering-prestado-nos-colexios-publicos-de-gondomar\/","og_locale":"gl_ES","og_type":"article","og_title":"O BNG denuncia novas deficiencias no servizo de catering prestado nos colexios p\u00fablicos de Gondomar -","og_description":"As ANPAS do Concello inician recollida de sinaturas para demandar a instalaci\u00f3n dunha coci\u00f1a nun centro da Vila [...]","og_url":"https:\/\/www.anovapeneira.gal\/index.php\/2020\/02\/14\/o-bng-denuncia-novas-deficiencias-no-servizo-de-catering-prestado-nos-colexios-publicos-de-gondomar\/","article_publisher":"https:\/\/www.facebook.com\/anovapeneira","article_published_time":"2020-02-14T13:00:09+00:00","og_image":[{"width":720,"height":473,"url":"https:\/\/www.anovapeneira.gal\/wp-content\/uploads\/2019\/07\/bng_logo.jpg","type":"image\/jpeg"}],"author":"Redacci\u00f3n A Nova Peneira","twitter_card":"summary_large_image","twitter_creator":"@APeneira","twitter_site":"@APeneira","twitter_misc":{"Escrito por":"Redacci\u00f3n A Nova Peneira","Tempo de lectura":"1 minuto"},"schema":{"@context":"https:\/\/schema.org","@graph":[{"@type":"Article","@id":"https:\/\/www.anovapeneira.gal\/index.php\/2020\/02\/14\/o-bng-denuncia-novas-deficiencias-no-servizo-de-catering-prestado-nos-colexios-publicos-de-gondomar\/#article","isPartOf":{"@id":"https:\/\/www.anovapeneira.gal\/index.php\/2020\/02\/14\/o-bng-denuncia-novas-deficiencias-no-servizo-de-catering-prestado-nos-colexios-publicos-de-gondomar\/"},"author":{"name":"Redacci\u00f3n A Nova Peneira","@id":"https:\/\/www.anovapeneira.gal\/#\/schema\/person\/b93e3f8932e3f8da96334607eb6ac6aa"},"headline":"O BNG denuncia novas deficiencias no servizo de catering prestado nos colexios p\u00fablicos de Gondomar","datePublished":"2020-02-14T13:00:09+00:00","mainEntityOfPage":{"@id":"https:\/\/www.anovapeneira.gal\/index.php\/2020\/02\/14\/o-bng-denuncia-novas-deficiencias-no-servizo-de-catering-prestado-nos-colexios-publicos-de-gondomar\/"},"wordCount":315,"commentCount":0,"publisher":{"@id":"https:\/\/www.anovapeneira.gal\/#organization"},"image":{"@id":"https:\/\/www.anovapeneira.gal\/index.php\/2020\/02\/14\/o-bng-denuncia-novas-deficiencias-no-servizo-de-catering-prestado-nos-colexios-publicos-de-gondomar\/#primaryimage"},"thumbnailUrl":"https:\/\/www.anovapeneira.gal\/wp-content\/uploads\/2019\/07\/bng_logo.jpg","keywords":["Concello de Gondomar","Educaci\u00f3n"],"articleSection":["Val Mi\u00f1or"],"inLanguage":"gl-ES","potentialAction":[{"@type":"CommentAction","name":"Comment","target":["https:\/\/www.anovapeneira.gal\/index.php\/2020\/02\/14\/o-bng-denuncia-novas-deficiencias-no-servizo-de-catering-prestado-nos-colexios-publicos-de-gondomar\/#respond"]}]},{"@type":"WebPage","@id":"https:\/\/www.anovapeneira.gal\/index.php\/2020\/02\/14\/o-bng-denuncia-novas-deficiencias-no-servizo-de-catering-prestado-nos-colexios-publicos-de-gondomar\/","url":"https:\/\/www.anovapeneira.gal\/index.php\/2020\/02\/14\/o-bng-denuncia-novas-deficiencias-no-servizo-de-catering-prestado-nos-colexios-publicos-de-gondomar\/","name":"O BNG denuncia novas deficiencias no servizo de catering prestado nos colexios p\u00fablicos de Gondomar -","isPartOf":{"@id":"https:\/\/www.anovapeneira.gal\/#website"},"primaryImageOfPage":{"@id":"https:\/\/www.anovapeneira.gal\/index.php\/2020\/02\/14\/o-bng-denuncia-novas-deficiencias-no-servizo-de-catering-prestado-nos-colexios-publicos-de-gondomar\/#primaryimage"},"image":{"@id":"https:\/\/www.anovapeneira.gal\/index.php\/2020\/02\/14\/o-bng-denuncia-novas-deficiencias-no-servizo-de-catering-prestado-nos-colexios-publicos-de-gondomar\/#primaryimage"},"thumbnailUrl":"https:\/\/www.anovapeneira.gal\/wp-content\/uploads\/2019\/07\/bng_logo.jpg","datePublished":"2020-02-14T13:00:09+00:00","breadcrumb":{"@id":"https:\/\/www.anovapeneira.gal\/index.php\/2020\/02\/14\/o-bng-denuncia-novas-deficiencias-no-servizo-de-catering-prestado-nos-colexios-publicos-de-gondomar\/#breadcrumb"},"inLanguage":"gl-ES","potentialAction":[{"@type":"ReadAction","target":["https:\/\/www.anovapeneira.gal\/index.php\/2020\/02\/14\/o-bng-denuncia-novas-deficiencias-no-servizo-de-catering-prestado-nos-colexios-publicos-de-gondomar\/"]}]},{"@type":"ImageObject","inLanguage":"gl-ES","@id":"https:\/\/www.anovapeneira.gal\/index.php\/2020\/02\/14\/o-bng-denuncia-novas-deficiencias-no-servizo-de-catering-prestado-nos-colexios-publicos-de-gondomar\/#primaryimage","url":"https:\/\/www.anovapeneira.gal\/wp-content\/uploads\/2019\/07\/bng_logo.jpg","contentUrl":"https:\/\/www.anovapeneira.gal\/wp-content\/uploads\/2019\/07\/bng_logo.jpg","width":720,"height":473,"caption":"BNG A Nova Peneira"},{"@type":"BreadcrumbList","@id":"https:\/\/www.anovapeneira.gal\/index.php\/2020\/02\/14\/o-bng-denuncia-novas-deficiencias-no-servizo-de-catering-prestado-nos-colexios-publicos-de-gondomar\/#breadcrumb","itemListElement":[{"@type":"ListItem","position":1,"name":"Portada","item":"https:\/\/www.anovapeneira.gal\/"},{"@type":"ListItem","position":2,"name":"O BNG denuncia novas deficiencias no servizo de catering prestado nos colexios p\u00fablicos de Gondomar"}]},{"@type":"WebSite","@id":"https:\/\/www.anovapeneira.gal\/#website","url":"https:\/\/www.anovapeneira.gal\/","name":"","description":"Xornal galego de informaci\u00f3n xeral Publicaci\u00f3n mensual de novas de Galicia e en especial dos Concellos da sur da provincia de Pontevedra.","publisher":{"@id":"https:\/\/www.anovapeneira.gal\/#organization"},"potentialAction":[{"@type":"SearchAction","target":{"@type":"EntryPoint","urlTemplate":"https:\/\/www.anovapeneira.gal\/?s={search_term_string}"},"query-input":{"@type":"PropertyValueSpecification","valueRequired":true,"valueName":"search_term_string"}}],"inLanguage":"gl-ES"},{"@type":"Organization","@id":"https:\/\/www.anovapeneira.gal\/#organization","name":"A Nova Peneira","url":"https:\/\/www.anovapeneira.gal\/","logo":{"@type":"ImageObject","inLanguage":"gl-ES","@id":"https:\/\/www.anovapeneira.gal\/#\/schema\/logo\/image\/","url":"http:\/\/www.anovapeneira.gal\/wp-content\/uploads\/2019\/06\/logo_a_nova_peneira_portal_web.png","contentUrl":"http:\/\/www.anovapeneira.gal\/wp-content\/uploads\/2019\/06\/logo_a_nova_peneira_portal_web.png","width":300,"height":100,"caption":"A Nova Peneira"},"image":{"@id":"https:\/\/www.anovapeneira.gal\/#\/schema\/logo\/image\/"},"sameAs":["https:\/\/www.facebook.com\/anovapeneira","https:\/\/x.com\/APeneira"]},{"@type":"Person","@id":"https:\/\/www.anovapeneira.gal\/#\/schema\/person\/b93e3f8932e3f8da96334607eb6ac6aa","name":"Redacci\u00f3n A Nova Peneira","image":{"@type":"ImageObject","inLanguage":"gl-ES","@id":"https:\/\/secure.gravatar.com\/avatar\/c052a2551a06e23fac63626232eaa90abd78dbcf1700fc46a2b2c89fd27b735f?s=96&d=mm&r=g","url":"https:\/\/secure.gravatar.com\/avatar\/c052a2551a06e23fac63626232eaa90abd78dbcf1700fc46a2b2c89fd27b735f?s=96&d=mm&r=g","contentUrl":"https:\/\/secure.gravatar.com\/avatar\/c052a2551a06e23fac63626232eaa90abd78dbcf1700fc46a2b2c89fd27b735f?s=96&d=mm&r=g","caption":"Redacci\u00f3n A Nova Peneira"},"sameAs":["http:\/\/www.anovapeneira.gal\/"],"url":"https:\/\/www.anovapeneira.gal\/index.php\/author\/redactor\/"}]}},"jetpack_featured_media_url":"https:\/\/www.anovapeneira.gal\/wp-content\/uploads\/2019\/07\/bng_logo.jpg","_links":{"self":[{"href":"https:\/\/www.anovapeneira.gal\/index.php\/wp-json\/wp\/v2\/posts\/2524","targetHints":{"allow":["GET"]}}],"collection":[{"href":"https:\/\/www.anovapeneira.gal\/index.php\/wp-json\/wp\/v2\/posts"}],"about":[{"href":"https:\/\/www.anovapeneira.gal\/index.php\/wp-json\/wp\/v2\/types\/post"}],"author":[{"embeddable":true,"href":"https:\/\/www.anovapeneira.gal\/index.php\/wp-json\/wp\/v2\/users\/3"}],"replies":[{"embeddable":true,"href":"https:\/\/www.anovapeneira.gal\/index.php\/wp-json\/wp\/v2\/comments?post=2524"}],"version-history":[{"count":1,"href":"https:\/\/www.anovapeneira.gal\/index.php\/wp-json\/wp\/v2\/posts\/2524\/revisions"}],"predecessor-version":[{"id":2525,"href":"https:\/\/www.anovapeneira.gal\/index.php\/wp-json\/wp\/v2\/posts\/2524\/revisions\/2525"}],"wp:featuredmedia":[{"embeddable":true,"href":"https:\/\/www.anovapeneira.gal\/index.php\/wp-json\/wp\/v2\/media\/575"}],"wp:attachment":[{"href":"https:\/\/www.anovapeneira.gal\/index.php\/wp-json\/wp\/v2\/media?parent=2524"}],"wp:term":[{"taxonomy":"category","embeddable":true,"href":"https:\/\/www.anovapeneira.gal\/index.php\/wp-json\/wp\/v2\/categories?post=2524"},{"taxonomy":"post_tag","embeddable":true,"href":"https:\/\/www.anovapeneira.gal\/index.php\/wp-json\/wp\/v2\/tags?post=2524"}],"curies":[{"name":"wp","href":"https:\/\/api.w.org\/{rel}","templated":true}]}}