{"id":2526,"date":"2020-02-10T11:00:46","date_gmt":"2020-02-10T10:00:46","guid":{"rendered":"http:\/\/www.anovapeneira.gal\/?p=2526"},"modified":"2020-06-27T07:52:29","modified_gmt":"2020-06-27T05:52:29","slug":"poner-a-parir","status":"publish","type":"post","link":"https:\/\/www.anovapeneira.gal\/index.php\/2020\/02\/10\/poner-a-parir\/","title":{"rendered":"Po\u00f1er a parir"},"content":{"rendered":"\n<figure class=\"wp-block-image size-large is-resized\"><img loading=\"lazy\" decoding=\"async\" src=\"http:\/\/www.anovapeneira.gal\/wp-content\/uploads\/2019\/12\/retrato_montse_fajardo_cambados_a_nova_peneira.jpg\" alt=\"Retrato Montse Fajardo A Nova Peneira\" class=\"wp-image-2085\" width=\"95\" height=\"111\"\/><figcaption>Montse Fajardo<\/figcaption><\/figure>\n\n\n\n<pre class=\"wp-block-verse\">MILANA BONITA<\/pre>\n\n\n\n<p>O pasado 9 de febreiro deriv\u00e1banse a Compostela as m\u00faltiples mobilizaci\u00f3ns que desde o 2018 denuncian por todo o pa\u00eds un empeoramento da sanidade p\u00fablica que a piques est\u00e1 de levala ao colapso. A\u00ed est\u00e1n os s\u00edntomas: doentes en padiolas espalladas polos corredores dos Servizos de Urxencias mentres se  reduce o n\u00famero de camas hospitalarias, PACs sen pediatras, agardas de d\u00faas semanas nas citas de atenci\u00f3n primaria, intentos de peche de paritorios, enfermeiras que acumulan nun s\u00f3 ano centos de contratos, e mesmo pacientes que finan na sala de agarda por que non hai quen os atenda.  <\/p>\n\n\n\n<p>\nA doenza \u00e9 moi grave e a s\u00faa orixe\nest\u00e1 no virus da privatizaci\u00f3n inoculado polo goberno de N\u00fa\u00f1ez\nFeij\u00f3o. As empresas do sector seguen a incrementar en cada exercicio\nunha facturaci\u00f3n que sup\u00f3n centos de mill\u00f3ns de euros,  m\u00e1is dun\nterzo procedentes das arcas galegas. Nos \u00faltimos dez anos, a partida\ndos orzamentos galegos para Sanidade foise reducindo ata acumular, a\npesar da suba neste ano electoral, unha perda de m\u00e1is de mil mill\u00f3ns\nde euros. Por\u00e9n, nese per\u00edodo a Xunta incrementou en m\u00e1is dun 40\npor cento os cartos destinados a concertos coa privada. A radiograf\u00eda\nnon \u00e9 dif\u00edcil de avaliar: se hai menos cartos pero cada vez as\nfirmas privadas recibiron m\u00e1is, a que perdeu investimento foi a\nsanidade p\u00fablica. \n<\/p>\n\n\n\n<p>\nUn dos \u00e1mbitos onde se recortou foi\nen persoal. Amortiz\u00e1ronse miles de postos de traballo a costa de non\ncubrir os ocos deixados polas xubilaci\u00f3ns, e cada vez hai m\u00e1is\nprofesionais que acumulan ducias de contratos no mesmo ano. A\nconsecuencia \u00e9 que as ratios son moi superiores ao que recomenda a\nOrganizaci\u00f3n Mundial da Sa\u00fade: cada consulta acumula m\u00e1is doentes\ndos que \u00e9 pos\u00edbel atender. Iso trad\u00facese en menos minutos de\natenci\u00f3n para quen acude ao centro de sa\u00fade, e en longas listas de\ngarda cando o que se precisa \u00e9 unha especialidade. O \u00faltimo informe\ndo Defensor do Paciente reflicte que hai consultas con 40 persoas ao\nd\u00eda e cada vez m\u00e1is cartillas que non son asignadas a profesionais\nen concreto.  As indignas condici\u00f3ns laborais provocaron a fuxida de\nprofesionais e a\u00ed est\u00e1 o cerne, por exemplo, da total carencia de\npediatras. \n<\/p>\n\n\n\n<p>\nA atenci\u00f3n primaria \u00e9 o motor de\narranque da maquinaria e, se non vai ben, ab\u00f3caa ao desastre. Por\niso a OMS recomenda que se lle destinen un de cada catro euros da\npartida de Sanidade. En Galiza apenas son un de cada oito. En lugar\nde centrarnos na prevenci\u00f3n e detecci\u00f3n precoz das doenzas, d\u00e1selle\nprioridade ao tratamento e \u00e1 curaci\u00f3n. Unha pr\u00e1ctica que ademais\nde pouco rendible \u00e9 inhumana: \u00c9 mellor coller o mal a tempo que\nsometer ao paciente a tratamentos para intentar paliar o que xa est\u00e1\nen estado avanzado. \n<\/p>\n\n\n\n<p>\nO problema \u00e9 que non \u00e9 a\nprevenci\u00f3n, sen\u00f3n que son os tratamentos os que dan os cartos. Nos\n\u00faltimos anos multiplic\u00e1ronse os contratos con multinacionais en\nalta tecnolox\u00eda, laboratorios e ata xesti\u00f3n de citas. Saben a que\nse dedica agora Roc\u00edo Mosquera, ex conselleira de Sanidade? \u00c9 a\nxerente de Galaria, a empresa que xestiona, entre outras cousas, o\nservizo de oncolox\u00eda e radiolox\u00eda na \u00e1rea sanitaria viguesa. \n<\/p>\n\n\n\n<p>\nA estas alturas da avaliaci\u00f3n\ncl\u00ednica, a diagnose xa non ten misterio: para este goberno a sa\u00fade\nnon \u00e9 un servizo sen\u00f3n un negocio co que privilexiar a uns cantos.\nE o seu problema \u00e9 que, nese negocio, o que non acaba de dar cartos\n\u00e9 o dos partos. As  nais prefiren parir na p\u00fablica e ningunha\ncl\u00ednica privada logra superar os 200 nacementos por ano. Igual vi\u00f1a\nben que tivesen problemas para facelo ao lado da casa\u2026 S\u00f3alles de\nalgo? \n<\/p>\n\n\n\n<p>\nA sanidade p\u00fablica agoniza e a \u00fanica\nmedida que toma a Xunta \u00e9 impedir a colocaci\u00f3n de carteis\ndenunci\u00e1ndoo en centros de sa\u00fade e hospitais, non vaia a ser que os\npo\u00f1amos a parir. Diso sabe moito Ver\u00edn, e a s\u00faa loita ensinounos\nalgo: s\u00f3 se lles plantamos cara, s\u00f3 se nos mobilizamos e, sobre\ntodo, s\u00f3 se non lles votamos, poderemos mellorar a Sanidade. Vainos\na sa\u00fade niso.<\/p>\n","protected":false},"excerpt":{"rendered":"<div class=\"mh-excerpt\"><p>O pasado 9 de febreiro deriv\u00e1banse a Compostela as m\u00faltiples mobilizaci\u00f3ns que desde o 2018 denuncian por todo o pa\u00eds un empeoramento da sanidade p\u00fablica que a piques est\u00e1 de levala ao colapso <a class=\"mh-excerpt-more\" href=\"https:\/\/www.anovapeneira.gal\/index.php\/2020\/02\/10\/poner-a-parir\/\" title=\"Po\u00f1er a parir\">[&#8230;]<\/a><\/p>\n<\/div>","protected":false},"author":15,"featured_media":584,"comment_status":"open","ping_status":"open","sticky":false,"template":"","format":"standard","meta":{"_exactmetrics_skip_tracking":false,"_exactmetrics_sitenote_active":false,"_exactmetrics_sitenote_note":"","_exactmetrics_sitenote_category":0,"footnotes":""},"categories":[7],"tags":[953],"class_list":{"0":"post-2526","1":"post","2":"type-post","3":"status-publish","4":"format-standard","5":"has-post-thumbnail","7":"category-artigos-de-opinion","8":"tag-sanidade-publica"},"yoast_head":"<!-- This site is optimized with the Yoast SEO plugin v27.4 - https:\/\/yoast.com\/product\/yoast-seo-wordpress\/ -->\n<title>Po\u00f1er a parir -<\/title>\n<meta name=\"robots\" content=\"index, follow, max-snippet:-1, max-image-preview:large, max-video-preview:-1\" \/>\n<link rel=\"canonical\" href=\"https:\/\/www.anovapeneira.gal\/index.php\/2020\/02\/10\/poner-a-parir\/\" \/>\n<meta property=\"og:locale\" content=\"gl_ES\" \/>\n<meta property=\"og:type\" content=\"article\" \/>\n<meta property=\"og:title\" content=\"Po\u00f1er a parir -\" \/>\n<meta property=\"og:description\" content=\"O pasado 9 de febreiro deriv\u00e1banse a Compostela as m\u00faltiples mobilizaci\u00f3ns que desde o 2018 denuncian por todo o pa\u00eds un empeoramento da sanidade p\u00fablica que a piques est\u00e1 de levala ao colapso [...]\" \/>\n<meta property=\"og:url\" content=\"https:\/\/www.anovapeneira.gal\/index.php\/2020\/02\/10\/poner-a-parir\/\" \/>\n<meta property=\"article:publisher\" content=\"https:\/\/www.facebook.com\/anovapeneira\" \/>\n<meta property=\"article:published_time\" content=\"2020-02-10T10:00:46+00:00\" \/>\n<meta property=\"article:modified_time\" content=\"2020-06-27T05:52:29+00:00\" \/>\n<meta property=\"og:image\" content=\"https:\/\/www.anovapeneira.gal\/wp-content\/uploads\/2019\/07\/ARTIGO_DE_OPINION_A_NOVA_PENEIRA.jpg\" \/>\n\t<meta property=\"og:image:width\" content=\"720\" \/>\n\t<meta property=\"og:image:height\" content=\"473\" \/>\n\t<meta property=\"og:image:type\" content=\"image\/jpeg\" \/>\n<meta name=\"author\" content=\"Montse Fajardo\" \/>\n<meta name=\"twitter:card\" content=\"summary_large_image\" \/>\n<meta name=\"twitter:creator\" content=\"@APeneira\" \/>\n<meta name=\"twitter:site\" content=\"@APeneira\" \/>\n<meta name=\"twitter:label1\" content=\"Escrito por\" \/>\n\t<meta name=\"twitter:data1\" content=\"Montse Fajardo\" \/>\n\t<meta name=\"twitter:label2\" content=\"Tempo de lectura\" \/>\n\t<meta name=\"twitter:data2\" content=\"4 minutos\" \/>\n<script type=\"application\/ld+json\" class=\"yoast-schema-graph\">{\"@context\":\"https:\\\/\\\/schema.org\",\"@graph\":[{\"@type\":\"Article\",\"@id\":\"https:\\\/\\\/www.anovapeneira.gal\\\/index.php\\\/2020\\\/02\\\/10\\\/poner-a-parir\\\/#article\",\"isPartOf\":{\"@id\":\"https:\\\/\\\/www.anovapeneira.gal\\\/index.php\\\/2020\\\/02\\\/10\\\/poner-a-parir\\\/\"},\"author\":{\"name\":\"Montse Fajardo\",\"@id\":\"https:\\\/\\\/www.anovapeneira.gal\\\/#\\\/schema\\\/person\\\/b5d841c74dee61f6776658b07b904c18\"},\"headline\":\"Po\u00f1er a parir\",\"datePublished\":\"2020-02-10T10:00:46+00:00\",\"dateModified\":\"2020-06-27T05:52:29+00:00\",\"mainEntityOfPage\":{\"@id\":\"https:\\\/\\\/www.anovapeneira.gal\\\/index.php\\\/2020\\\/02\\\/10\\\/poner-a-parir\\\/\"},\"wordCount\":733,\"commentCount\":0,\"publisher\":{\"@id\":\"https:\\\/\\\/www.anovapeneira.gal\\\/#organization\"},\"image\":{\"@id\":\"https:\\\/\\\/www.anovapeneira.gal\\\/index.php\\\/2020\\\/02\\\/10\\\/poner-a-parir\\\/#primaryimage\"},\"thumbnailUrl\":\"https:\\\/\\\/www.anovapeneira.gal\\\/wp-content\\\/uploads\\\/2019\\\/07\\\/ARTIGO_DE_OPINION_A_NOVA_PENEIRA.jpg\",\"keywords\":[\"Sanidade P\u00fablica\"],\"articleSection\":[\"Artigos de opini\u00f3n\"],\"inLanguage\":\"gl-ES\",\"potentialAction\":[{\"@type\":\"CommentAction\",\"name\":\"Comment\",\"target\":[\"https:\\\/\\\/www.anovapeneira.gal\\\/index.php\\\/2020\\\/02\\\/10\\\/poner-a-parir\\\/#respond\"]}]},{\"@type\":\"WebPage\",\"@id\":\"https:\\\/\\\/www.anovapeneira.gal\\\/index.php\\\/2020\\\/02\\\/10\\\/poner-a-parir\\\/\",\"url\":\"https:\\\/\\\/www.anovapeneira.gal\\\/index.php\\\/2020\\\/02\\\/10\\\/poner-a-parir\\\/\",\"name\":\"Po\u00f1er a parir -\",\"isPartOf\":{\"@id\":\"https:\\\/\\\/www.anovapeneira.gal\\\/#website\"},\"primaryImageOfPage\":{\"@id\":\"https:\\\/\\\/www.anovapeneira.gal\\\/index.php\\\/2020\\\/02\\\/10\\\/poner-a-parir\\\/#primaryimage\"},\"image\":{\"@id\":\"https:\\\/\\\/www.anovapeneira.gal\\\/index.php\\\/2020\\\/02\\\/10\\\/poner-a-parir\\\/#primaryimage\"},\"thumbnailUrl\":\"https:\\\/\\\/www.anovapeneira.gal\\\/wp-content\\\/uploads\\\/2019\\\/07\\\/ARTIGO_DE_OPINION_A_NOVA_PENEIRA.jpg\",\"datePublished\":\"2020-02-10T10:00:46+00:00\",\"dateModified\":\"2020-06-27T05:52:29+00:00\",\"breadcrumb\":{\"@id\":\"https:\\\/\\\/www.anovapeneira.gal\\\/index.php\\\/2020\\\/02\\\/10\\\/poner-a-parir\\\/#breadcrumb\"},\"inLanguage\":\"gl-ES\",\"potentialAction\":[{\"@type\":\"ReadAction\",\"target\":[\"https:\\\/\\\/www.anovapeneira.gal\\\/index.php\\\/2020\\\/02\\\/10\\\/poner-a-parir\\\/\"]}]},{\"@type\":\"ImageObject\",\"inLanguage\":\"gl-ES\",\"@id\":\"https:\\\/\\\/www.anovapeneira.gal\\\/index.php\\\/2020\\\/02\\\/10\\\/poner-a-parir\\\/#primaryimage\",\"url\":\"https:\\\/\\\/www.anovapeneira.gal\\\/wp-content\\\/uploads\\\/2019\\\/07\\\/ARTIGO_DE_OPINION_A_NOVA_PENEIRA.jpg\",\"contentUrl\":\"https:\\\/\\\/www.anovapeneira.gal\\\/wp-content\\\/uploads\\\/2019\\\/07\\\/ARTIGO_DE_OPINION_A_NOVA_PENEIRA.jpg\",\"width\":720,\"height\":473,\"caption\":\"Artigo de opini\u00f3n A Nova Peneira\"},{\"@type\":\"BreadcrumbList\",\"@id\":\"https:\\\/\\\/www.anovapeneira.gal\\\/index.php\\\/2020\\\/02\\\/10\\\/poner-a-parir\\\/#breadcrumb\",\"itemListElement\":[{\"@type\":\"ListItem\",\"position\":1,\"name\":\"Portada\",\"item\":\"https:\\\/\\\/www.anovapeneira.gal\\\/\"},{\"@type\":\"ListItem\",\"position\":2,\"name\":\"Po\u00f1er a parir\"}]},{\"@type\":\"WebSite\",\"@id\":\"https:\\\/\\\/www.anovapeneira.gal\\\/#website\",\"url\":\"https:\\\/\\\/www.anovapeneira.gal\\\/\",\"name\":\"\",\"description\":\"Xornal galego de informaci\u00f3n xeral Publicaci\u00f3n mensual de novas de Galicia e en especial dos Concellos da sur da provincia de Pontevedra.\",\"publisher\":{\"@id\":\"https:\\\/\\\/www.anovapeneira.gal\\\/#organization\"},\"potentialAction\":[{\"@type\":\"SearchAction\",\"target\":{\"@type\":\"EntryPoint\",\"urlTemplate\":\"https:\\\/\\\/www.anovapeneira.gal\\\/?s={search_term_string}\"},\"query-input\":{\"@type\":\"PropertyValueSpecification\",\"valueRequired\":true,\"valueName\":\"search_term_string\"}}],\"inLanguage\":\"gl-ES\"},{\"@type\":\"Organization\",\"@id\":\"https:\\\/\\\/www.anovapeneira.gal\\\/#organization\",\"name\":\"A Nova Peneira\",\"url\":\"https:\\\/\\\/www.anovapeneira.gal\\\/\",\"logo\":{\"@type\":\"ImageObject\",\"inLanguage\":\"gl-ES\",\"@id\":\"https:\\\/\\\/www.anovapeneira.gal\\\/#\\\/schema\\\/logo\\\/image\\\/\",\"url\":\"http:\\\/\\\/www.anovapeneira.gal\\\/wp-content\\\/uploads\\\/2019\\\/06\\\/logo_a_nova_peneira_portal_web.png\",\"contentUrl\":\"http:\\\/\\\/www.anovapeneira.gal\\\/wp-content\\\/uploads\\\/2019\\\/06\\\/logo_a_nova_peneira_portal_web.png\",\"width\":300,\"height\":100,\"caption\":\"A Nova Peneira\"},\"image\":{\"@id\":\"https:\\\/\\\/www.anovapeneira.gal\\\/#\\\/schema\\\/logo\\\/image\\\/\"},\"sameAs\":[\"https:\\\/\\\/www.facebook.com\\\/anovapeneira\",\"https:\\\/\\\/x.com\\\/APeneira\"]},{\"@type\":\"Person\",\"@id\":\"https:\\\/\\\/www.anovapeneira.gal\\\/#\\\/schema\\\/person\\\/b5d841c74dee61f6776658b07b904c18\",\"name\":\"Montse Fajardo\",\"image\":{\"@type\":\"ImageObject\",\"inLanguage\":\"gl-ES\",\"@id\":\"https:\\\/\\\/secure.gravatar.com\\\/avatar\\\/7167d7c282cf42b377b7010dbd21f855dfb9df18abd8af43f29029fc82996df3?s=96&d=mm&r=g\",\"url\":\"https:\\\/\\\/secure.gravatar.com\\\/avatar\\\/7167d7c282cf42b377b7010dbd21f855dfb9df18abd8af43f29029fc82996df3?s=96&d=mm&r=g\",\"contentUrl\":\"https:\\\/\\\/secure.gravatar.com\\\/avatar\\\/7167d7c282cf42b377b7010dbd21f855dfb9df18abd8af43f29029fc82996df3?s=96&d=mm&r=g\",\"caption\":\"Montse Fajardo\"},\"sameAs\":[\"http:\\\/\\\/www.anovapeneira.gal\\\/\"],\"url\":\"https:\\\/\\\/www.anovapeneira.gal\\\/index.php\\\/author\\\/montse-fajardo\\\/\"}]}<\/script>\n<!-- \/ Yoast SEO plugin. -->","yoast_head_json":{"title":"Po\u00f1er a parir -","robots":{"index":"index","follow":"follow","max-snippet":"max-snippet:-1","max-image-preview":"max-image-preview:large","max-video-preview":"max-video-preview:-1"},"canonical":"https:\/\/www.anovapeneira.gal\/index.php\/2020\/02\/10\/poner-a-parir\/","og_locale":"gl_ES","og_type":"article","og_title":"Po\u00f1er a parir -","og_description":"O pasado 9 de febreiro deriv\u00e1banse a Compostela as m\u00faltiples mobilizaci\u00f3ns que desde o 2018 denuncian por todo o pa\u00eds un empeoramento da sanidade p\u00fablica que a piques est\u00e1 de levala ao colapso [...]","og_url":"https:\/\/www.anovapeneira.gal\/index.php\/2020\/02\/10\/poner-a-parir\/","article_publisher":"https:\/\/www.facebook.com\/anovapeneira","article_published_time":"2020-02-10T10:00:46+00:00","article_modified_time":"2020-06-27T05:52:29+00:00","og_image":[{"width":720,"height":473,"url":"https:\/\/www.anovapeneira.gal\/wp-content\/uploads\/2019\/07\/ARTIGO_DE_OPINION_A_NOVA_PENEIRA.jpg","type":"image\/jpeg"}],"author":"Montse Fajardo","twitter_card":"summary_large_image","twitter_creator":"@APeneira","twitter_site":"@APeneira","twitter_misc":{"Escrito por":"Montse Fajardo","Tempo de lectura":"4 minutos"},"schema":{"@context":"https:\/\/schema.org","@graph":[{"@type":"Article","@id":"https:\/\/www.anovapeneira.gal\/index.php\/2020\/02\/10\/poner-a-parir\/#article","isPartOf":{"@id":"https:\/\/www.anovapeneira.gal\/index.php\/2020\/02\/10\/poner-a-parir\/"},"author":{"name":"Montse Fajardo","@id":"https:\/\/www.anovapeneira.gal\/#\/schema\/person\/b5d841c74dee61f6776658b07b904c18"},"headline":"Po\u00f1er a parir","datePublished":"2020-02-10T10:00:46+00:00","dateModified":"2020-06-27T05:52:29+00:00","mainEntityOfPage":{"@id":"https:\/\/www.anovapeneira.gal\/index.php\/2020\/02\/10\/poner-a-parir\/"},"wordCount":733,"commentCount":0,"publisher":{"@id":"https:\/\/www.anovapeneira.gal\/#organization"},"image":{"@id":"https:\/\/www.anovapeneira.gal\/index.php\/2020\/02\/10\/poner-a-parir\/#primaryimage"},"thumbnailUrl":"https:\/\/www.anovapeneira.gal\/wp-content\/uploads\/2019\/07\/ARTIGO_DE_OPINION_A_NOVA_PENEIRA.jpg","keywords":["Sanidade P\u00fablica"],"articleSection":["Artigos de opini\u00f3n"],"inLanguage":"gl-ES","potentialAction":[{"@type":"CommentAction","name":"Comment","target":["https:\/\/www.anovapeneira.gal\/index.php\/2020\/02\/10\/poner-a-parir\/#respond"]}]},{"@type":"WebPage","@id":"https:\/\/www.anovapeneira.gal\/index.php\/2020\/02\/10\/poner-a-parir\/","url":"https:\/\/www.anovapeneira.gal\/index.php\/2020\/02\/10\/poner-a-parir\/","name":"Po\u00f1er a parir -","isPartOf":{"@id":"https:\/\/www.anovapeneira.gal\/#website"},"primaryImageOfPage":{"@id":"https:\/\/www.anovapeneira.gal\/index.php\/2020\/02\/10\/poner-a-parir\/#primaryimage"},"image":{"@id":"https:\/\/www.anovapeneira.gal\/index.php\/2020\/02\/10\/poner-a-parir\/#primaryimage"},"thumbnailUrl":"https:\/\/www.anovapeneira.gal\/wp-content\/uploads\/2019\/07\/ARTIGO_DE_OPINION_A_NOVA_PENEIRA.jpg","datePublished":"2020-02-10T10:00:46+00:00","dateModified":"2020-06-27T05:52:29+00:00","breadcrumb":{"@id":"https:\/\/www.anovapeneira.gal\/index.php\/2020\/02\/10\/poner-a-parir\/#breadcrumb"},"inLanguage":"gl-ES","potentialAction":[{"@type":"ReadAction","target":["https:\/\/www.anovapeneira.gal\/index.php\/2020\/02\/10\/poner-a-parir\/"]}]},{"@type":"ImageObject","inLanguage":"gl-ES","@id":"https:\/\/www.anovapeneira.gal\/index.php\/2020\/02\/10\/poner-a-parir\/#primaryimage","url":"https:\/\/www.anovapeneira.gal\/wp-content\/uploads\/2019\/07\/ARTIGO_DE_OPINION_A_NOVA_PENEIRA.jpg","contentUrl":"https:\/\/www.anovapeneira.gal\/wp-content\/uploads\/2019\/07\/ARTIGO_DE_OPINION_A_NOVA_PENEIRA.jpg","width":720,"height":473,"caption":"Artigo de opini\u00f3n A Nova Peneira"},{"@type":"BreadcrumbList","@id":"https:\/\/www.anovapeneira.gal\/index.php\/2020\/02\/10\/poner-a-parir\/#breadcrumb","itemListElement":[{"@type":"ListItem","position":1,"name":"Portada","item":"https:\/\/www.anovapeneira.gal\/"},{"@type":"ListItem","position":2,"name":"Po\u00f1er a parir"}]},{"@type":"WebSite","@id":"https:\/\/www.anovapeneira.gal\/#website","url":"https:\/\/www.anovapeneira.gal\/","name":"","description":"Xornal galego de informaci\u00f3n xeral Publicaci\u00f3n mensual de novas de Galicia e en especial dos Concellos da sur da provincia de Pontevedra.","publisher":{"@id":"https:\/\/www.anovapeneira.gal\/#organization"},"potentialAction":[{"@type":"SearchAction","target":{"@type":"EntryPoint","urlTemplate":"https:\/\/www.anovapeneira.gal\/?s={search_term_string}"},"query-input":{"@type":"PropertyValueSpecification","valueRequired":true,"valueName":"search_term_string"}}],"inLanguage":"gl-ES"},{"@type":"Organization","@id":"https:\/\/www.anovapeneira.gal\/#organization","name":"A Nova Peneira","url":"https:\/\/www.anovapeneira.gal\/","logo":{"@type":"ImageObject","inLanguage":"gl-ES","@id":"https:\/\/www.anovapeneira.gal\/#\/schema\/logo\/image\/","url":"http:\/\/www.anovapeneira.gal\/wp-content\/uploads\/2019\/06\/logo_a_nova_peneira_portal_web.png","contentUrl":"http:\/\/www.anovapeneira.gal\/wp-content\/uploads\/2019\/06\/logo_a_nova_peneira_portal_web.png","width":300,"height":100,"caption":"A Nova Peneira"},"image":{"@id":"https:\/\/www.anovapeneira.gal\/#\/schema\/logo\/image\/"},"sameAs":["https:\/\/www.facebook.com\/anovapeneira","https:\/\/x.com\/APeneira"]},{"@type":"Person","@id":"https:\/\/www.anovapeneira.gal\/#\/schema\/person\/b5d841c74dee61f6776658b07b904c18","name":"Montse Fajardo","image":{"@type":"ImageObject","inLanguage":"gl-ES","@id":"https:\/\/secure.gravatar.com\/avatar\/7167d7c282cf42b377b7010dbd21f855dfb9df18abd8af43f29029fc82996df3?s=96&d=mm&r=g","url":"https:\/\/secure.gravatar.com\/avatar\/7167d7c282cf42b377b7010dbd21f855dfb9df18abd8af43f29029fc82996df3?s=96&d=mm&r=g","contentUrl":"https:\/\/secure.gravatar.com\/avatar\/7167d7c282cf42b377b7010dbd21f855dfb9df18abd8af43f29029fc82996df3?s=96&d=mm&r=g","caption":"Montse Fajardo"},"sameAs":["http:\/\/www.anovapeneira.gal\/"],"url":"https:\/\/www.anovapeneira.gal\/index.php\/author\/montse-fajardo\/"}]}},"jetpack_featured_media_url":"https:\/\/www.anovapeneira.gal\/wp-content\/uploads\/2019\/07\/ARTIGO_DE_OPINION_A_NOVA_PENEIRA.jpg","_links":{"self":[{"href":"https:\/\/www.anovapeneira.gal\/index.php\/wp-json\/wp\/v2\/posts\/2526","targetHints":{"allow":["GET"]}}],"collection":[{"href":"https:\/\/www.anovapeneira.gal\/index.php\/wp-json\/wp\/v2\/posts"}],"about":[{"href":"https:\/\/www.anovapeneira.gal\/index.php\/wp-json\/wp\/v2\/types\/post"}],"author":[{"embeddable":true,"href":"https:\/\/www.anovapeneira.gal\/index.php\/wp-json\/wp\/v2\/users\/15"}],"replies":[{"embeddable":true,"href":"https:\/\/www.anovapeneira.gal\/index.php\/wp-json\/wp\/v2\/comments?post=2526"}],"version-history":[{"count":2,"href":"https:\/\/www.anovapeneira.gal\/index.php\/wp-json\/wp\/v2\/posts\/2526\/revisions"}],"predecessor-version":[{"id":2532,"href":"https:\/\/www.anovapeneira.gal\/index.php\/wp-json\/wp\/v2\/posts\/2526\/revisions\/2532"}],"wp:featuredmedia":[{"embeddable":true,"href":"https:\/\/www.anovapeneira.gal\/index.php\/wp-json\/wp\/v2\/media\/584"}],"wp:attachment":[{"href":"https:\/\/www.anovapeneira.gal\/index.php\/wp-json\/wp\/v2\/media?parent=2526"}],"wp:term":[{"taxonomy":"category","embeddable":true,"href":"https:\/\/www.anovapeneira.gal\/index.php\/wp-json\/wp\/v2\/categories?post=2526"},{"taxonomy":"post_tag","embeddable":true,"href":"https:\/\/www.anovapeneira.gal\/index.php\/wp-json\/wp\/v2\/tags?post=2526"}],"curies":[{"name":"wp","href":"https:\/\/api.w.org\/{rel}","templated":true}]}}