{"id":2537,"date":"2020-02-17T10:00:26","date_gmt":"2020-02-17T09:00:26","guid":{"rendered":"http:\/\/www.anovapeneira.gal\/?p=2537"},"modified":"2020-02-15T22:34:50","modified_gmt":"2020-02-15T21:34:50","slug":"sobre-o-amor-as-relacions-de-parella-e-os-asasinatos-de-mulleres","status":"publish","type":"post","link":"https:\/\/www.anovapeneira.gal\/index.php\/2020\/02\/17\/sobre-o-amor-as-relacions-de-parella-e-os-asasinatos-de-mulleres\/","title":{"rendered":"Sobre o amor, as relaci\u00f3ns de parella e os asasinatos de mulleres"},"content":{"rendered":"\n<figure class=\"wp-block-image size-large is-resized\"><img loading=\"lazy\" decoding=\"async\" src=\"http:\/\/www.anovapeneira.gal\/wp-content\/uploads\/2019\/05\/tino_lago_director_a_nova_peneira.jpg\" alt=\"Tino Lago director a Nova Peneira\" class=\"wp-image-189\" width=\"95\" height=\"111\"\/><figcaption>Tino Lago director a Nova Peneira<\/figcaption><\/figure>\n\n\n\n<p>Escribo este artigo horrorizado, no que semellaba \u00eda ser unha pl\u00e1cida ma\u00f1\u00e1 de domingo, ante a nova de dous novos asasinatos de mulleres no estado espa\u00f1ol, supostamente a mans de homes cos que tiveran unha relaci\u00f3n de parella. E venme \u00e1 memoria unha longa conversa virtual que recentemente tiven cunha prezada e teimosa amiga do Baixo Mi\u00f1o, na que me dic\u00eda algo parecido a que o amor non pod\u00eda ser para toda a vida, xa que todo comeza e todo remata e que, entre outras moitas cousas, desta concepci\u00f3n do amor rom\u00e1ntico xurd\u00edan os feminicidios. Unha visi\u00f3n a\u00ednda m\u00e1is pesimista ao respecto era a que manifestaba Quevedo en aquel inmortal poema no que defin\u00eda ao amor en base a parellas de contrarios cando dic\u00eda que amor \u00e9 \u201c amar solamente ser amado\u201d. Este verso sempre me pareceu  inmensamente escuro, como o m\u00e1is inmenso dos buracos negros que puidesen existir no universo, pois de corresponderse coa realidade ser\u00eda terrible, e indicar\u00eda que os seres humanos non amamos, sen\u00f3n que utilizamos \u00e1s nosas parellas para satisfacer necesidades propias, xa sexan emocionais, xa sexuais, xa econ\u00f3micas xa de calquera tipo. En calquera caso no que vai deste ano, e ata o momento de escribir este texto, nove mulleres foron asasinadas, no estado espa\u00f1ol, polas s\u00faas parellas ou ex parellas, nunha manifestaci\u00f3n constante e contin\u00faa, como as pingas  da eterna chuvia do inverno gris que non cesa, dese monstruoso fen\u00f3meno que  \u00e9 a arquitectura patriarcal das relaci\u00f3ns persoais. Ao longo das nosas vidas podemos ter distintas relaci\u00f3ns de parella constru\u00eddas de formas moi diversas pero s\u00f3 hai, ao meu xu\u00edzo, unha maneira de que estas sexan sas, duren un instante da vida ou duren toda unha vida ,e consiste en concibir e practicar que o amor nunca pode ser un un, o amor debe ser un dous; d\u00faas persoas libres e iguais que deciden cami\u00f1ar xuntas, e  que se en verdade se queren deben respectar escrupulosamente a individualidade da outra, dar s\u00f3 cando apetece libremente dar, esperar s\u00f3 cando a outra persoa quere libremente dar, e acompa\u00f1ar sen exixir, porque no caso contrario non se tratar\u00eda de amor, tratar\u00edase da utilizaci\u00f3n dunha persoa para que satisfaga as nosas propias necesidades. E si, a mi\u00f1a amiga do Baixo Mi\u00f1o, ten raz\u00f3n, ou polo menos eu concordo con ela, as construci\u00f3ns do amor rom\u00e1ntico que ensinan xa  \u00e1s nenas  a agardar polo pr\u00edncipe azul e aos nenos a competir por ver quen \u00e9 o m\u00e1is macho de todos os machos para poder impresionar \u00e1s femias son unha manifestaci\u00f3n m\u00e1is do patriarcado e como tales te\u00f1en boa parte de responsabilidade nas m\u00faltiples manifestaci\u00f3ns de micro machismos, abusos, violaci\u00f3ns, e nos milleiros de asasinatos machistas que cada ano se producen en todas as partes do mundo. O machismo \u00e9 a superioridade dun x\u00e9nero sobre outro, \u00e9 agresivo e ofensivo, mentres que o feminismo \u00e9 a defensa da igualdade entre os dous x\u00e9neros que formamos a humanidade, \u00e9 un movemento defensivo e s\u00f3 coa pedagox\u00eda feminista, s\u00f3 coa defensa continua e constante da igualdade, s\u00f3 facendo fronte de maneira expl\u00edcita aos trogloditas que din que a violencia non ten x\u00e9nero, poderemos constru\u00edr unha sociedade na que os espantosos asasinatos machistas, alg\u00fan d\u00eda, non sexan m\u00e1is ca un negro recordo.<\/p>\n","protected":false},"excerpt":{"rendered":"<div class=\"mh-excerpt\"><p>Escribo este artigo horrorizado, no que semellaba \u00eda ser unha pl\u00e1cida ma\u00f1\u00e1 de domingo, ante a nova de dous novos asasinatos de mulleres no estado espa\u00f1ol, supostamente a mans de homes cos que tiveran unha relaci\u00f3n de parella <a class=\"mh-excerpt-more\" href=\"https:\/\/www.anovapeneira.gal\/index.php\/2020\/02\/17\/sobre-o-amor-as-relacions-de-parella-e-os-asasinatos-de-mulleres\/\" title=\"Sobre o amor, as relaci\u00f3ns de parella e os asasinatos de mulleres\">[&#8230;]<\/a><\/p>\n<\/div>","protected":false},"author":2,"featured_media":913,"comment_status":"open","ping_status":"open","sticky":false,"template":"","format":"standard","meta":{"_exactmetrics_skip_tracking":false,"_exactmetrics_sitenote_active":false,"_exactmetrics_sitenote_note":"","_exactmetrics_sitenote_category":0,"footnotes":""},"categories":[61],"tags":[579,663],"class_list":{"0":"post-2537","1":"post","2":"type-post","3":"status-publish","4":"format-standard","5":"has-post-thumbnail","7":"category-artigo-editorial","8":"tag-violencia-de-xenero","9":"tag-violencia-machista"},"yoast_head":"<!-- This site is optimized with the Yoast SEO plugin v27.4 - https:\/\/yoast.com\/product\/yoast-seo-wordpress\/ -->\n<title>Sobre o amor, as relaci\u00f3ns de parella e os asasinatos de mulleres -<\/title>\n<meta name=\"robots\" content=\"index, follow, max-snippet:-1, max-image-preview:large, max-video-preview:-1\" \/>\n<link rel=\"canonical\" href=\"https:\/\/www.anovapeneira.gal\/index.php\/2020\/02\/17\/sobre-o-amor-as-relacions-de-parella-e-os-asasinatos-de-mulleres\/\" \/>\n<meta property=\"og:locale\" content=\"gl_ES\" \/>\n<meta property=\"og:type\" content=\"article\" \/>\n<meta property=\"og:title\" content=\"Sobre o amor, as relaci\u00f3ns de parella e os asasinatos de mulleres -\" \/>\n<meta property=\"og:description\" content=\"Escribo este artigo horrorizado, no que semellaba \u00eda ser unha pl\u00e1cida ma\u00f1\u00e1 de domingo, ante a nova de dous novos asasinatos de mulleres no estado espa\u00f1ol, supostamente a mans de homes cos que tiveran unha relaci\u00f3n de parella [...]\" \/>\n<meta property=\"og:url\" content=\"https:\/\/www.anovapeneira.gal\/index.php\/2020\/02\/17\/sobre-o-amor-as-relacions-de-parella-e-os-asasinatos-de-mulleres\/\" \/>\n<meta property=\"article:publisher\" content=\"https:\/\/www.facebook.com\/anovapeneira\" \/>\n<meta property=\"article:published_time\" content=\"2020-02-17T09:00:26+00:00\" \/>\n<meta property=\"og:image\" content=\"https:\/\/www.anovapeneira.gal\/wp-content\/uploads\/2019\/08\/artigo_editorial_a_nova_peneira.jpg\" \/>\n\t<meta property=\"og:image:width\" content=\"720\" \/>\n\t<meta property=\"og:image:height\" content=\"473\" \/>\n\t<meta property=\"og:image:type\" content=\"image\/jpeg\" \/>\n<meta name=\"author\" content=\"Tino Lago\" \/>\n<meta name=\"twitter:card\" content=\"summary_large_image\" \/>\n<meta name=\"twitter:creator\" content=\"@APeneira\" \/>\n<meta name=\"twitter:site\" content=\"@APeneira\" \/>\n<meta name=\"twitter:label1\" content=\"Escrito por\" \/>\n\t<meta name=\"twitter:data1\" content=\"Tino Lago\" \/>\n\t<meta name=\"twitter:label2\" content=\"Tempo de lectura\" \/>\n\t<meta name=\"twitter:data2\" content=\"3 minutos\" \/>\n<script type=\"application\/ld+json\" class=\"yoast-schema-graph\">{\"@context\":\"https:\\\/\\\/schema.org\",\"@graph\":[{\"@type\":\"Article\",\"@id\":\"https:\\\/\\\/www.anovapeneira.gal\\\/index.php\\\/2020\\\/02\\\/17\\\/sobre-o-amor-as-relacions-de-parella-e-os-asasinatos-de-mulleres\\\/#article\",\"isPartOf\":{\"@id\":\"https:\\\/\\\/www.anovapeneira.gal\\\/index.php\\\/2020\\\/02\\\/17\\\/sobre-o-amor-as-relacions-de-parella-e-os-asasinatos-de-mulleres\\\/\"},\"author\":{\"name\":\"Tino Lago\",\"@id\":\"https:\\\/\\\/www.anovapeneira.gal\\\/#\\\/schema\\\/person\\\/424dfe65e3070fd8a44d22d2c088762a\"},\"headline\":\"Sobre o amor, as relaci\u00f3ns de parella e os asasinatos de mulleres\",\"datePublished\":\"2020-02-17T09:00:26+00:00\",\"mainEntityOfPage\":{\"@id\":\"https:\\\/\\\/www.anovapeneira.gal\\\/index.php\\\/2020\\\/02\\\/17\\\/sobre-o-amor-as-relacions-de-parella-e-os-asasinatos-de-mulleres\\\/\"},\"wordCount\":606,\"commentCount\":0,\"publisher\":{\"@id\":\"https:\\\/\\\/www.anovapeneira.gal\\\/#organization\"},\"image\":{\"@id\":\"https:\\\/\\\/www.anovapeneira.gal\\\/index.php\\\/2020\\\/02\\\/17\\\/sobre-o-amor-as-relacions-de-parella-e-os-asasinatos-de-mulleres\\\/#primaryimage\"},\"thumbnailUrl\":\"https:\\\/\\\/www.anovapeneira.gal\\\/wp-content\\\/uploads\\\/2019\\\/08\\\/artigo_editorial_a_nova_peneira.jpg\",\"keywords\":[\"violencia de x\u00e9nero\",\"Violencia Machista\"],\"articleSection\":[\"Artigo editorial\"],\"inLanguage\":\"gl-ES\",\"potentialAction\":[{\"@type\":\"CommentAction\",\"name\":\"Comment\",\"target\":[\"https:\\\/\\\/www.anovapeneira.gal\\\/index.php\\\/2020\\\/02\\\/17\\\/sobre-o-amor-as-relacions-de-parella-e-os-asasinatos-de-mulleres\\\/#respond\"]}]},{\"@type\":\"WebPage\",\"@id\":\"https:\\\/\\\/www.anovapeneira.gal\\\/index.php\\\/2020\\\/02\\\/17\\\/sobre-o-amor-as-relacions-de-parella-e-os-asasinatos-de-mulleres\\\/\",\"url\":\"https:\\\/\\\/www.anovapeneira.gal\\\/index.php\\\/2020\\\/02\\\/17\\\/sobre-o-amor-as-relacions-de-parella-e-os-asasinatos-de-mulleres\\\/\",\"name\":\"Sobre o amor, as relaci\u00f3ns de parella e os asasinatos de mulleres -\",\"isPartOf\":{\"@id\":\"https:\\\/\\\/www.anovapeneira.gal\\\/#website\"},\"primaryImageOfPage\":{\"@id\":\"https:\\\/\\\/www.anovapeneira.gal\\\/index.php\\\/2020\\\/02\\\/17\\\/sobre-o-amor-as-relacions-de-parella-e-os-asasinatos-de-mulleres\\\/#primaryimage\"},\"image\":{\"@id\":\"https:\\\/\\\/www.anovapeneira.gal\\\/index.php\\\/2020\\\/02\\\/17\\\/sobre-o-amor-as-relacions-de-parella-e-os-asasinatos-de-mulleres\\\/#primaryimage\"},\"thumbnailUrl\":\"https:\\\/\\\/www.anovapeneira.gal\\\/wp-content\\\/uploads\\\/2019\\\/08\\\/artigo_editorial_a_nova_peneira.jpg\",\"datePublished\":\"2020-02-17T09:00:26+00:00\",\"breadcrumb\":{\"@id\":\"https:\\\/\\\/www.anovapeneira.gal\\\/index.php\\\/2020\\\/02\\\/17\\\/sobre-o-amor-as-relacions-de-parella-e-os-asasinatos-de-mulleres\\\/#breadcrumb\"},\"inLanguage\":\"gl-ES\",\"potentialAction\":[{\"@type\":\"ReadAction\",\"target\":[\"https:\\\/\\\/www.anovapeneira.gal\\\/index.php\\\/2020\\\/02\\\/17\\\/sobre-o-amor-as-relacions-de-parella-e-os-asasinatos-de-mulleres\\\/\"]}]},{\"@type\":\"ImageObject\",\"inLanguage\":\"gl-ES\",\"@id\":\"https:\\\/\\\/www.anovapeneira.gal\\\/index.php\\\/2020\\\/02\\\/17\\\/sobre-o-amor-as-relacions-de-parella-e-os-asasinatos-de-mulleres\\\/#primaryimage\",\"url\":\"https:\\\/\\\/www.anovapeneira.gal\\\/wp-content\\\/uploads\\\/2019\\\/08\\\/artigo_editorial_a_nova_peneira.jpg\",\"contentUrl\":\"https:\\\/\\\/www.anovapeneira.gal\\\/wp-content\\\/uploads\\\/2019\\\/08\\\/artigo_editorial_a_nova_peneira.jpg\",\"width\":720,\"height\":473,\"caption\":\"Artigo editorial Tino Lago A Nova Peneira\"},{\"@type\":\"BreadcrumbList\",\"@id\":\"https:\\\/\\\/www.anovapeneira.gal\\\/index.php\\\/2020\\\/02\\\/17\\\/sobre-o-amor-as-relacions-de-parella-e-os-asasinatos-de-mulleres\\\/#breadcrumb\",\"itemListElement\":[{\"@type\":\"ListItem\",\"position\":1,\"name\":\"Portada\",\"item\":\"https:\\\/\\\/www.anovapeneira.gal\\\/\"},{\"@type\":\"ListItem\",\"position\":2,\"name\":\"Sobre o amor, as relaci\u00f3ns de parella e os asasinatos de mulleres\"}]},{\"@type\":\"WebSite\",\"@id\":\"https:\\\/\\\/www.anovapeneira.gal\\\/#website\",\"url\":\"https:\\\/\\\/www.anovapeneira.gal\\\/\",\"name\":\"\",\"description\":\"Xornal galego de informaci\u00f3n xeral Publicaci\u00f3n mensual de novas de Galicia e en especial dos Concellos da sur da provincia de Pontevedra.\",\"publisher\":{\"@id\":\"https:\\\/\\\/www.anovapeneira.gal\\\/#organization\"},\"potentialAction\":[{\"@type\":\"SearchAction\",\"target\":{\"@type\":\"EntryPoint\",\"urlTemplate\":\"https:\\\/\\\/www.anovapeneira.gal\\\/?s={search_term_string}\"},\"query-input\":{\"@type\":\"PropertyValueSpecification\",\"valueRequired\":true,\"valueName\":\"search_term_string\"}}],\"inLanguage\":\"gl-ES\"},{\"@type\":\"Organization\",\"@id\":\"https:\\\/\\\/www.anovapeneira.gal\\\/#organization\",\"name\":\"A Nova Peneira\",\"url\":\"https:\\\/\\\/www.anovapeneira.gal\\\/\",\"logo\":{\"@type\":\"ImageObject\",\"inLanguage\":\"gl-ES\",\"@id\":\"https:\\\/\\\/www.anovapeneira.gal\\\/#\\\/schema\\\/logo\\\/image\\\/\",\"url\":\"http:\\\/\\\/www.anovapeneira.gal\\\/wp-content\\\/uploads\\\/2019\\\/06\\\/logo_a_nova_peneira_portal_web.png\",\"contentUrl\":\"http:\\\/\\\/www.anovapeneira.gal\\\/wp-content\\\/uploads\\\/2019\\\/06\\\/logo_a_nova_peneira_portal_web.png\",\"width\":300,\"height\":100,\"caption\":\"A Nova Peneira\"},\"image\":{\"@id\":\"https:\\\/\\\/www.anovapeneira.gal\\\/#\\\/schema\\\/logo\\\/image\\\/\"},\"sameAs\":[\"https:\\\/\\\/www.facebook.com\\\/anovapeneira\",\"https:\\\/\\\/x.com\\\/APeneira\"]},{\"@type\":\"Person\",\"@id\":\"https:\\\/\\\/www.anovapeneira.gal\\\/#\\\/schema\\\/person\\\/424dfe65e3070fd8a44d22d2c088762a\",\"name\":\"Tino Lago\",\"image\":{\"@type\":\"ImageObject\",\"inLanguage\":\"gl-ES\",\"@id\":\"https:\\\/\\\/secure.gravatar.com\\\/avatar\\\/b3df6a06e44bab3111583b90f0f33a0379ee5e3d22cbadd232d39f21c30c62be?s=96&d=mm&r=g\",\"url\":\"https:\\\/\\\/secure.gravatar.com\\\/avatar\\\/b3df6a06e44bab3111583b90f0f33a0379ee5e3d22cbadd232d39f21c30c62be?s=96&d=mm&r=g\",\"contentUrl\":\"https:\\\/\\\/secure.gravatar.com\\\/avatar\\\/b3df6a06e44bab3111583b90f0f33a0379ee5e3d22cbadd232d39f21c30c62be?s=96&d=mm&r=g\",\"caption\":\"Tino Lago\"},\"sameAs\":[\"http:\\\/\\\/www.anovapeneira.gal\"],\"url\":\"https:\\\/\\\/www.anovapeneira.gal\\\/index.php\\\/author\\\/director\\\/\"}]}<\/script>\n<!-- \/ Yoast SEO plugin. -->","yoast_head_json":{"title":"Sobre o amor, as relaci\u00f3ns de parella e os asasinatos de mulleres -","robots":{"index":"index","follow":"follow","max-snippet":"max-snippet:-1","max-image-preview":"max-image-preview:large","max-video-preview":"max-video-preview:-1"},"canonical":"https:\/\/www.anovapeneira.gal\/index.php\/2020\/02\/17\/sobre-o-amor-as-relacions-de-parella-e-os-asasinatos-de-mulleres\/","og_locale":"gl_ES","og_type":"article","og_title":"Sobre o amor, as relaci\u00f3ns de parella e os asasinatos de mulleres -","og_description":"Escribo este artigo horrorizado, no que semellaba \u00eda ser unha pl\u00e1cida ma\u00f1\u00e1 de domingo, ante a nova de dous novos asasinatos de mulleres no estado espa\u00f1ol, supostamente a mans de homes cos que tiveran unha relaci\u00f3n de parella [...]","og_url":"https:\/\/www.anovapeneira.gal\/index.php\/2020\/02\/17\/sobre-o-amor-as-relacions-de-parella-e-os-asasinatos-de-mulleres\/","article_publisher":"https:\/\/www.facebook.com\/anovapeneira","article_published_time":"2020-02-17T09:00:26+00:00","og_image":[{"width":720,"height":473,"url":"https:\/\/www.anovapeneira.gal\/wp-content\/uploads\/2019\/08\/artigo_editorial_a_nova_peneira.jpg","type":"image\/jpeg"}],"author":"Tino Lago","twitter_card":"summary_large_image","twitter_creator":"@APeneira","twitter_site":"@APeneira","twitter_misc":{"Escrito por":"Tino Lago","Tempo de lectura":"3 minutos"},"schema":{"@context":"https:\/\/schema.org","@graph":[{"@type":"Article","@id":"https:\/\/www.anovapeneira.gal\/index.php\/2020\/02\/17\/sobre-o-amor-as-relacions-de-parella-e-os-asasinatos-de-mulleres\/#article","isPartOf":{"@id":"https:\/\/www.anovapeneira.gal\/index.php\/2020\/02\/17\/sobre-o-amor-as-relacions-de-parella-e-os-asasinatos-de-mulleres\/"},"author":{"name":"Tino Lago","@id":"https:\/\/www.anovapeneira.gal\/#\/schema\/person\/424dfe65e3070fd8a44d22d2c088762a"},"headline":"Sobre o amor, as relaci\u00f3ns de parella e os asasinatos de mulleres","datePublished":"2020-02-17T09:00:26+00:00","mainEntityOfPage":{"@id":"https:\/\/www.anovapeneira.gal\/index.php\/2020\/02\/17\/sobre-o-amor-as-relacions-de-parella-e-os-asasinatos-de-mulleres\/"},"wordCount":606,"commentCount":0,"publisher":{"@id":"https:\/\/www.anovapeneira.gal\/#organization"},"image":{"@id":"https:\/\/www.anovapeneira.gal\/index.php\/2020\/02\/17\/sobre-o-amor-as-relacions-de-parella-e-os-asasinatos-de-mulleres\/#primaryimage"},"thumbnailUrl":"https:\/\/www.anovapeneira.gal\/wp-content\/uploads\/2019\/08\/artigo_editorial_a_nova_peneira.jpg","keywords":["violencia de x\u00e9nero","Violencia Machista"],"articleSection":["Artigo editorial"],"inLanguage":"gl-ES","potentialAction":[{"@type":"CommentAction","name":"Comment","target":["https:\/\/www.anovapeneira.gal\/index.php\/2020\/02\/17\/sobre-o-amor-as-relacions-de-parella-e-os-asasinatos-de-mulleres\/#respond"]}]},{"@type":"WebPage","@id":"https:\/\/www.anovapeneira.gal\/index.php\/2020\/02\/17\/sobre-o-amor-as-relacions-de-parella-e-os-asasinatos-de-mulleres\/","url":"https:\/\/www.anovapeneira.gal\/index.php\/2020\/02\/17\/sobre-o-amor-as-relacions-de-parella-e-os-asasinatos-de-mulleres\/","name":"Sobre o amor, as relaci\u00f3ns de parella e os asasinatos de mulleres -","isPartOf":{"@id":"https:\/\/www.anovapeneira.gal\/#website"},"primaryImageOfPage":{"@id":"https:\/\/www.anovapeneira.gal\/index.php\/2020\/02\/17\/sobre-o-amor-as-relacions-de-parella-e-os-asasinatos-de-mulleres\/#primaryimage"},"image":{"@id":"https:\/\/www.anovapeneira.gal\/index.php\/2020\/02\/17\/sobre-o-amor-as-relacions-de-parella-e-os-asasinatos-de-mulleres\/#primaryimage"},"thumbnailUrl":"https:\/\/www.anovapeneira.gal\/wp-content\/uploads\/2019\/08\/artigo_editorial_a_nova_peneira.jpg","datePublished":"2020-02-17T09:00:26+00:00","breadcrumb":{"@id":"https:\/\/www.anovapeneira.gal\/index.php\/2020\/02\/17\/sobre-o-amor-as-relacions-de-parella-e-os-asasinatos-de-mulleres\/#breadcrumb"},"inLanguage":"gl-ES","potentialAction":[{"@type":"ReadAction","target":["https:\/\/www.anovapeneira.gal\/index.php\/2020\/02\/17\/sobre-o-amor-as-relacions-de-parella-e-os-asasinatos-de-mulleres\/"]}]},{"@type":"ImageObject","inLanguage":"gl-ES","@id":"https:\/\/www.anovapeneira.gal\/index.php\/2020\/02\/17\/sobre-o-amor-as-relacions-de-parella-e-os-asasinatos-de-mulleres\/#primaryimage","url":"https:\/\/www.anovapeneira.gal\/wp-content\/uploads\/2019\/08\/artigo_editorial_a_nova_peneira.jpg","contentUrl":"https:\/\/www.anovapeneira.gal\/wp-content\/uploads\/2019\/08\/artigo_editorial_a_nova_peneira.jpg","width":720,"height":473,"caption":"Artigo editorial Tino Lago A Nova Peneira"},{"@type":"BreadcrumbList","@id":"https:\/\/www.anovapeneira.gal\/index.php\/2020\/02\/17\/sobre-o-amor-as-relacions-de-parella-e-os-asasinatos-de-mulleres\/#breadcrumb","itemListElement":[{"@type":"ListItem","position":1,"name":"Portada","item":"https:\/\/www.anovapeneira.gal\/"},{"@type":"ListItem","position":2,"name":"Sobre o amor, as relaci\u00f3ns de parella e os asasinatos de mulleres"}]},{"@type":"WebSite","@id":"https:\/\/www.anovapeneira.gal\/#website","url":"https:\/\/www.anovapeneira.gal\/","name":"","description":"Xornal galego de informaci\u00f3n xeral Publicaci\u00f3n mensual de novas de Galicia e en especial dos Concellos da sur da provincia de Pontevedra.","publisher":{"@id":"https:\/\/www.anovapeneira.gal\/#organization"},"potentialAction":[{"@type":"SearchAction","target":{"@type":"EntryPoint","urlTemplate":"https:\/\/www.anovapeneira.gal\/?s={search_term_string}"},"query-input":{"@type":"PropertyValueSpecification","valueRequired":true,"valueName":"search_term_string"}}],"inLanguage":"gl-ES"},{"@type":"Organization","@id":"https:\/\/www.anovapeneira.gal\/#organization","name":"A Nova Peneira","url":"https:\/\/www.anovapeneira.gal\/","logo":{"@type":"ImageObject","inLanguage":"gl-ES","@id":"https:\/\/www.anovapeneira.gal\/#\/schema\/logo\/image\/","url":"http:\/\/www.anovapeneira.gal\/wp-content\/uploads\/2019\/06\/logo_a_nova_peneira_portal_web.png","contentUrl":"http:\/\/www.anovapeneira.gal\/wp-content\/uploads\/2019\/06\/logo_a_nova_peneira_portal_web.png","width":300,"height":100,"caption":"A Nova Peneira"},"image":{"@id":"https:\/\/www.anovapeneira.gal\/#\/schema\/logo\/image\/"},"sameAs":["https:\/\/www.facebook.com\/anovapeneira","https:\/\/x.com\/APeneira"]},{"@type":"Person","@id":"https:\/\/www.anovapeneira.gal\/#\/schema\/person\/424dfe65e3070fd8a44d22d2c088762a","name":"Tino Lago","image":{"@type":"ImageObject","inLanguage":"gl-ES","@id":"https:\/\/secure.gravatar.com\/avatar\/b3df6a06e44bab3111583b90f0f33a0379ee5e3d22cbadd232d39f21c30c62be?s=96&d=mm&r=g","url":"https:\/\/secure.gravatar.com\/avatar\/b3df6a06e44bab3111583b90f0f33a0379ee5e3d22cbadd232d39f21c30c62be?s=96&d=mm&r=g","contentUrl":"https:\/\/secure.gravatar.com\/avatar\/b3df6a06e44bab3111583b90f0f33a0379ee5e3d22cbadd232d39f21c30c62be?s=96&d=mm&r=g","caption":"Tino Lago"},"sameAs":["http:\/\/www.anovapeneira.gal"],"url":"https:\/\/www.anovapeneira.gal\/index.php\/author\/director\/"}]}},"jetpack_featured_media_url":"https:\/\/www.anovapeneira.gal\/wp-content\/uploads\/2019\/08\/artigo_editorial_a_nova_peneira.jpg","_links":{"self":[{"href":"https:\/\/www.anovapeneira.gal\/index.php\/wp-json\/wp\/v2\/posts\/2537","targetHints":{"allow":["GET"]}}],"collection":[{"href":"https:\/\/www.anovapeneira.gal\/index.php\/wp-json\/wp\/v2\/posts"}],"about":[{"href":"https:\/\/www.anovapeneira.gal\/index.php\/wp-json\/wp\/v2\/types\/post"}],"author":[{"embeddable":true,"href":"https:\/\/www.anovapeneira.gal\/index.php\/wp-json\/wp\/v2\/users\/2"}],"replies":[{"embeddable":true,"href":"https:\/\/www.anovapeneira.gal\/index.php\/wp-json\/wp\/v2\/comments?post=2537"}],"version-history":[{"count":1,"href":"https:\/\/www.anovapeneira.gal\/index.php\/wp-json\/wp\/v2\/posts\/2537\/revisions"}],"predecessor-version":[{"id":2538,"href":"https:\/\/www.anovapeneira.gal\/index.php\/wp-json\/wp\/v2\/posts\/2537\/revisions\/2538"}],"wp:featuredmedia":[{"embeddable":true,"href":"https:\/\/www.anovapeneira.gal\/index.php\/wp-json\/wp\/v2\/media\/913"}],"wp:attachment":[{"href":"https:\/\/www.anovapeneira.gal\/index.php\/wp-json\/wp\/v2\/media?parent=2537"}],"wp:term":[{"taxonomy":"category","embeddable":true,"href":"https:\/\/www.anovapeneira.gal\/index.php\/wp-json\/wp\/v2\/categories?post=2537"},{"taxonomy":"post_tag","embeddable":true,"href":"https:\/\/www.anovapeneira.gal\/index.php\/wp-json\/wp\/v2\/tags?post=2537"}],"curies":[{"name":"wp","href":"https:\/\/api.w.org\/{rel}","templated":true}]}}