{"id":2539,"date":"2020-02-17T12:00:33","date_gmt":"2020-02-17T11:00:33","guid":{"rendered":"http:\/\/www.anovapeneira.gal\/?p=2539"},"modified":"2020-02-15T22:44:36","modified_gmt":"2020-02-15T21:44:36","slug":"tomino-e-goian-preparanse-para-celebrar-os-seus-tradicionais-entroidos","status":"publish","type":"post","link":"https:\/\/www.anovapeneira.gal\/index.php\/2020\/02\/17\/tomino-e-goian-preparanse-para-celebrar-os-seus-tradicionais-entroidos\/","title":{"rendered":"Tomi\u00f1o e Goi\u00e1n prep\u00e1ranse para celebrar os seus tradicionais Entroidos"},"content":{"rendered":"\n<h2 class=\"wp-block-heading\"><strong>O d\u00eda 21 ter\u00e1 lugar o desfile \u201cVenres de Foliada\u201d no Seixo, e dende o 22 ao 26, a parroquia goianesa celebrar\u00e1 a s\u00faa esperada festa na r\u00faa<\/strong><\/h2>\n\n\n\n<p><strong>Tomi\u00f1o, 14 de febreiro de 2020<\/strong><\/p>\n\n\n\n<p>O xa\ntradicional desfile de Entroido \u201cVenres de Foliada\u201d encher\u00e1 as\nr\u00faas de Tomi\u00f1o na noite do 21 de febreiro, a partir das 21.30h no\ncentro de Tomi\u00f1o. \n<\/p>\n\n\n\n<p>Unha\nvintena de comparsas ser\u00e1n as protagonistas deste especial desfile,\nun dos m\u00e1is multitudinarios da comarca. Por mor das obras de\npeonalizaci\u00f3n que se est\u00e1n a levar a cabo en d\u00faas r\u00faas do n\u00facleo\nurbano, unha parte do percorrido habitual ter\u00e1 que modificarse. A\nsa\u00edda ser\u00e1 dende o Colexio Pedro Caselles, continuando pola Avenida\nGondomar, e o remate, na mesma avenida, \u00e1 altura da rotonda da\nPedra.<\/p>\n\n\n\n<figure class=\"wp-block-image size-large\"><img loading=\"lazy\" decoding=\"async\" width=\"907\" height=\"1024\" src=\"http:\/\/www.anovapeneira.gal\/wp-content\/uploads\/2020\/02\/entroido_2_tominho_a_nova_peneira-907x1024.jpg\" alt=\"Entroido Tomi\u00f1o A Nova Peneira\" class=\"wp-image-2543\" srcset=\"https:\/\/www.anovapeneira.gal\/wp-content\/uploads\/2020\/02\/entroido_2_tominho_a_nova_peneira-907x1024.jpg 907w, https:\/\/www.anovapeneira.gal\/wp-content\/uploads\/2020\/02\/entroido_2_tominho_a_nova_peneira-266x300.jpg 266w, https:\/\/www.anovapeneira.gal\/wp-content\/uploads\/2020\/02\/entroido_2_tominho_a_nova_peneira-768x867.jpg 768w, https:\/\/www.anovapeneira.gal\/wp-content\/uploads\/2020\/02\/entroido_2_tominho_a_nova_peneira-1361x1536.jpg 1361w, https:\/\/www.anovapeneira.gal\/wp-content\/uploads\/2020\/02\/entroido_2_tominho_a_nova_peneira.jpg 1656w\" sizes=\"auto, (max-width: 907px) 100vw, 907px\" \/><\/figure>\n\n\n\n<p>M\u00e1is\nde 1.500 persoas chegadas dende distintos puntos da provincia,\npercorrer\u00e1n as c\u00e9ntricas r\u00faas tomi\u00f1esas. Entre as comparsas que\nformar\u00e1n parte do gran desfile, hai varias de Tomi\u00f1o, coma Estrelas\nda Noite, Luces de Tomi\u00f1o e Cikl\u00f3n. En caso de choiva, aprazase\npara o seguinte venres.<\/p>\n\n\n\n<p>Por\noutra banda, a parroquia de <strong>Goi\u00e1n<\/strong>,\ncelebra entre o 22 e o 26 de febreiro o seu particular Entroido. A\ntradici\u00f3n impregna esta festa, que a\u00ednda conserva un profundo sabor\npopular. \n<\/p>\n\n\n\n<p>A\n<strong>Asociaci\u00f3n de Entroido de Goi\u00e1n<\/strong>,\nen colaboraci\u00f3n co Concello de Tomi\u00f1o, a Deputaci\u00f3n de Pontevedra\ne a Comunidade de Montes de Goi\u00e1n, comeza a traballar tras o ver\u00e1n,\ncoma cada ano, para poder ter todo a punto. \n<\/p>\n\n\n\n<figure class=\"wp-block-image size-large\"><img loading=\"lazy\" decoding=\"async\" width=\"728\" height=\"1024\" src=\"http:\/\/www.anovapeneira.gal\/wp-content\/uploads\/2020\/02\/entroido_tominho_a_nova_peneira.jpg\" alt=\"Entroido Goi\u00e1n A Nova Peneira\" class=\"wp-image-2540\" srcset=\"https:\/\/www.anovapeneira.gal\/wp-content\/uploads\/2020\/02\/entroido_tominho_a_nova_peneira.jpg 728w, https:\/\/www.anovapeneira.gal\/wp-content\/uploads\/2020\/02\/entroido_tominho_a_nova_peneira-213x300.jpg 213w\" sizes=\"auto, (max-width: 728px) 100vw, 728px\" \/><\/figure>\n\n\n\n<p>O de\nGoi\u00e1n \u00e9 un entroido especial moi co\u00f1ecido na zona pero non\nmultitudinario coma outros, o que lle permite conservar o seu xenu\u00edno\ncar\u00e1cter popular. Con<strong> \u201cA pedida\u201d<\/strong>,\ncasa por casa, o s\u00e1bado 22, arranca a festa. A partir das 9.30h, os\nveci\u00f1os e veci\u00f1as acompa\u00f1an \u00e1s bandas de gaiteiros percorrendo as\nr\u00faas, casa por casa, co fin de recadar fondos, ou o que cada familia\npoida dar para elaborar a <em>tortillada<\/em>,\na sopa e o cocido que se servir\u00e1 en diferentes d\u00edas aos\nparticipantes.<\/p>\n\n\n\n<p><strong>Domingo\nde carretillas<\/strong>, un dos d\u00edas grandes,\nser\u00e1 o 23 de febreiro. Sobre o mediod\u00eda, cel\u00e9brase o desfile de\ndisfraces dos nenos e nenas, e pola tarde a Carreira de Carretillas,\nque este ano cumpre a s\u00faa d\u00e9cima edici\u00f3n. Tras as probas, c\u00f3mense\nos exquisitos \u201ctorresmos\u201d. \n<\/p>\n\n\n\n<p>Este\nd\u00eda (se non fora posible, far\u00edase o d\u00eda seguinte no desfile de\ncarrozas) contar\u00e1 este ano cunha gran novidade: catro cabezudos que\nse est\u00e1n confeccionando no obradoiro impartido por El\u00edas Araujo, no\nCentro Goian\u00e9s, sair\u00e1n polas r\u00faas de Goi\u00e1n, rescatando as\u00ed unha\ntradici\u00f3n ancestral da vila. Segundo transcendeu, dous son\npersonaxes de pel\u00edculas de debuxos animados, e outros dous,\nco\u00f1ecidos personaxes de Goi\u00e1n.<\/p>\n\n\n\n<p>O\n<strong>Martes de Entroido<\/strong>,\nd\u00eda 25 de febreiro, servirase logo do gran desfile<strong>\n\u201cA Sopa\u201d <\/strong>de Entroido, gratis para\ntodos os presentes e desfile de comparsas. \n<\/p>\n\n\n\n<p>O\nadeus \u00e1<strong> Ta\u00ed\u00f1a, c<\/strong>o\nMi\u00f1o sempre de protagonista, ser\u00e1 o m\u00e9rcores 26 para despedir un\nano m\u00e1is o Entroido, tam\u00e9n con fogos artificiais.Durante as 4 xornadas, haber\u00e1\nanimaci\u00f3n musical con treboadas da zona e grandes verbenas.<\/p>\n\n\n\n<h2 class=\"wp-block-heading\">Programa<\/h2>\n\n\n\n<p><strong>S\u00e1bado\n22 de febreiro:<\/strong><\/p>\n\n\n\n<ul class=\"wp-block-list\"><li>\u00c1s\n\t9.30h, os grupos \u201cO Treb\u00f3n dos Xidos\u201d e \u201c Os Terribles de\n\tTomi\u00f1o\u201d percorrer\u00e1n as r\u00faas da parroquia para facer \u201ca\n\tpedida\u2019. \n\t\n<\/li><\/ul>\n\n\n\n<p><strong>Domingo\n23 de febreiro:<\/strong><\/p>\n\n\n\n<ul class=\"wp-block-list\"><li>\u00c1s\n\t12.00h, desfile de disfraces dous nenos e nenas da parroquia.\n\t<\/li><li>\n\t\u00c1s 17.00h, Carreira de Carretillas, amenizada\n\tpola charanga \u201cVaya Panda\u201d, con premios \u00e1 mellor <em>tuneada<\/em>\n\te aos mellores disfraces.\n\t<\/li><li>\u00c1s\n\t22.00h, verbena coas orquestras \u201cEstrellamar\u201d e \u201cAramio\u201d.\n\t<\/li><li>\u00c1\n\t01.00h, premios aos mellores disfraces.\n<\/li><\/ul>\n\n\n\n<p><strong>Luns\n24 de febreiro:<\/strong><\/p>\n\n\n\n<ul class=\"wp-block-list\"><li>\u00c1s\n\t17.00h, baile infantil de disfraces. Centro Goian\u00e9s.\n\t<\/li><li>\n\t\u00c1s 22.00h, Gran Verbena con \u201cXacobeo\u201d e\n\t\u201cMarbella\u201d.\n<\/li><\/ul>\n\n\n\n<p><strong>Martes\n25 de febreiro:<\/strong><\/p>\n\n\n\n<ul class=\"wp-block-list\"><li>\u00c1s\n\t17.00, tradicional desfile de carrozas e comparsas pola Avenida\n\tOrd\u00f3\u00f1ez.\n\t<\/li><li>Ao\n\tremate do desfile, sopa entre todos os asistentes, tanto\n\tparticipantes como p\u00fablico. \n\t\n\t<\/li><li>\u00c1s\n\t21.00 horas, verbena amenizada pola orquestra \u201cNoche de\n\tEstrellas\u201d.\n<\/li><\/ul>\n\n\n\n<p><strong>M\u00e9rcores 26 de febreiro:<\/strong><\/p>\n\n\n\n<ul class=\"wp-block-list\"><li>\u00c1s\n\t19.00h Tradicional Enterro d\u00e1 Ta\u00ed\u00f1a, con pasarr\u00faas e fogos\n\tartificiais. O torreiro de festas estar\u00e1 cuberto por unha gran\n\tcarpa.\n<\/li><\/ul>\n","protected":false},"excerpt":{"rendered":"<div class=\"mh-excerpt\"><p>O d\u00eda 21 ter\u00e1 lugar o desfile \u201cVenres de Foliada\u201d no Seixo, e dende o 22 ao 26, a parroquia goianesa celebrar\u00e1 a s\u00faa esperada festa na r\u00faa <a class=\"mh-excerpt-more\" href=\"https:\/\/www.anovapeneira.gal\/index.php\/2020\/02\/17\/tomino-e-goian-preparanse-para-celebrar-os-seus-tradicionais-entroidos\/\" title=\"Tomi\u00f1o e Goi\u00e1n prep\u00e1ranse para celebrar os seus tradicionais Entroidos\">[&#8230;]<\/a><\/p>\n<\/div>","protected":false},"author":3,"featured_media":2545,"comment_status":"open","ping_status":"open","sticky":false,"template":"","format":"standard","meta":{"_exactmetrics_skip_tracking":false,"_exactmetrics_sitenote_active":false,"_exactmetrics_sitenote_note":"","_exactmetrics_sitenote_category":0,"footnotes":""},"categories":[21],"tags":[81,929],"class_list":{"0":"post-2539","1":"post","2":"type-post","3":"status-publish","4":"format-standard","5":"has-post-thumbnail","7":"category-baixo-mino","8":"tag-concello-de-tomino","9":"tag-entroido"},"yoast_head":"<!-- This site is optimized with the Yoast SEO plugin v27.4 - https:\/\/yoast.com\/product\/yoast-seo-wordpress\/ -->\n<title>Tomi\u00f1o e Goi\u00e1n prep\u00e1ranse para celebrar os seus tradicionais Entroidos -<\/title>\n<meta name=\"robots\" content=\"index, follow, max-snippet:-1, max-image-preview:large, max-video-preview:-1\" \/>\n<link rel=\"canonical\" href=\"https:\/\/www.anovapeneira.gal\/index.php\/2020\/02\/17\/tomino-e-goian-preparanse-para-celebrar-os-seus-tradicionais-entroidos\/\" \/>\n<meta property=\"og:locale\" content=\"gl_ES\" \/>\n<meta property=\"og:type\" content=\"article\" \/>\n<meta property=\"og:title\" content=\"Tomi\u00f1o e Goi\u00e1n prep\u00e1ranse para celebrar os seus tradicionais Entroidos -\" \/>\n<meta property=\"og:description\" content=\"O d\u00eda 21 ter\u00e1 lugar o desfile \u201cVenres de Foliada\u201d no Seixo, e dende o 22 ao 26, a parroquia goianesa celebrar\u00e1 a s\u00faa esperada festa na r\u00faa [...]\" \/>\n<meta property=\"og:url\" content=\"https:\/\/www.anovapeneira.gal\/index.php\/2020\/02\/17\/tomino-e-goian-preparanse-para-celebrar-os-seus-tradicionais-entroidos\/\" \/>\n<meta property=\"article:publisher\" content=\"https:\/\/www.facebook.com\/anovapeneira\" \/>\n<meta property=\"article:published_time\" content=\"2020-02-17T11:00:33+00:00\" \/>\n<meta property=\"og:image\" content=\"https:\/\/www.anovapeneira.gal\/wp-content\/uploads\/2020\/02\/entroido_3_tominho_a_nova_peneira.jpg\" \/>\n\t<meta property=\"og:image:width\" content=\"720\" \/>\n\t<meta property=\"og:image:height\" content=\"432\" \/>\n\t<meta property=\"og:image:type\" content=\"image\/jpeg\" \/>\n<meta name=\"author\" content=\"Redacci\u00f3n A Nova Peneira\" \/>\n<meta name=\"twitter:card\" content=\"summary_large_image\" \/>\n<meta name=\"twitter:creator\" content=\"@APeneira\" \/>\n<meta name=\"twitter:site\" content=\"@APeneira\" \/>\n<meta name=\"twitter:label1\" content=\"Escrito por\" \/>\n\t<meta name=\"twitter:data1\" content=\"Redacci\u00f3n A Nova Peneira\" \/>\n\t<meta name=\"twitter:label2\" content=\"Tempo de lectura\" \/>\n\t<meta name=\"twitter:data2\" content=\"4 minutos\" \/>\n<script type=\"application\/ld+json\" class=\"yoast-schema-graph\">{\"@context\":\"https:\\\/\\\/schema.org\",\"@graph\":[{\"@type\":\"Article\",\"@id\":\"https:\\\/\\\/www.anovapeneira.gal\\\/index.php\\\/2020\\\/02\\\/17\\\/tomino-e-goian-preparanse-para-celebrar-os-seus-tradicionais-entroidos\\\/#article\",\"isPartOf\":{\"@id\":\"https:\\\/\\\/www.anovapeneira.gal\\\/index.php\\\/2020\\\/02\\\/17\\\/tomino-e-goian-preparanse-para-celebrar-os-seus-tradicionais-entroidos\\\/\"},\"author\":{\"name\":\"Redacci\u00f3n A Nova Peneira\",\"@id\":\"https:\\\/\\\/www.anovapeneira.gal\\\/#\\\/schema\\\/person\\\/b93e3f8932e3f8da96334607eb6ac6aa\"},\"headline\":\"Tomi\u00f1o e Goi\u00e1n prep\u00e1ranse para celebrar os seus tradicionais Entroidos\",\"datePublished\":\"2020-02-17T11:00:33+00:00\",\"mainEntityOfPage\":{\"@id\":\"https:\\\/\\\/www.anovapeneira.gal\\\/index.php\\\/2020\\\/02\\\/17\\\/tomino-e-goian-preparanse-para-celebrar-os-seus-tradicionais-entroidos\\\/\"},\"wordCount\":732,\"commentCount\":0,\"publisher\":{\"@id\":\"https:\\\/\\\/www.anovapeneira.gal\\\/#organization\"},\"image\":{\"@id\":\"https:\\\/\\\/www.anovapeneira.gal\\\/index.php\\\/2020\\\/02\\\/17\\\/tomino-e-goian-preparanse-para-celebrar-os-seus-tradicionais-entroidos\\\/#primaryimage\"},\"thumbnailUrl\":\"https:\\\/\\\/www.anovapeneira.gal\\\/wp-content\\\/uploads\\\/2020\\\/02\\\/entroido_3_tominho_a_nova_peneira.jpg\",\"keywords\":[\"Concello de Tomi\u00f1o\",\"Entroido\"],\"articleSection\":[\"Baixo Mi\u00f1o\"],\"inLanguage\":\"gl-ES\",\"potentialAction\":[{\"@type\":\"CommentAction\",\"name\":\"Comment\",\"target\":[\"https:\\\/\\\/www.anovapeneira.gal\\\/index.php\\\/2020\\\/02\\\/17\\\/tomino-e-goian-preparanse-para-celebrar-os-seus-tradicionais-entroidos\\\/#respond\"]}]},{\"@type\":\"WebPage\",\"@id\":\"https:\\\/\\\/www.anovapeneira.gal\\\/index.php\\\/2020\\\/02\\\/17\\\/tomino-e-goian-preparanse-para-celebrar-os-seus-tradicionais-entroidos\\\/\",\"url\":\"https:\\\/\\\/www.anovapeneira.gal\\\/index.php\\\/2020\\\/02\\\/17\\\/tomino-e-goian-preparanse-para-celebrar-os-seus-tradicionais-entroidos\\\/\",\"name\":\"Tomi\u00f1o e Goi\u00e1n prep\u00e1ranse para celebrar os seus tradicionais Entroidos -\",\"isPartOf\":{\"@id\":\"https:\\\/\\\/www.anovapeneira.gal\\\/#website\"},\"primaryImageOfPage\":{\"@id\":\"https:\\\/\\\/www.anovapeneira.gal\\\/index.php\\\/2020\\\/02\\\/17\\\/tomino-e-goian-preparanse-para-celebrar-os-seus-tradicionais-entroidos\\\/#primaryimage\"},\"image\":{\"@id\":\"https:\\\/\\\/www.anovapeneira.gal\\\/index.php\\\/2020\\\/02\\\/17\\\/tomino-e-goian-preparanse-para-celebrar-os-seus-tradicionais-entroidos\\\/#primaryimage\"},\"thumbnailUrl\":\"https:\\\/\\\/www.anovapeneira.gal\\\/wp-content\\\/uploads\\\/2020\\\/02\\\/entroido_3_tominho_a_nova_peneira.jpg\",\"datePublished\":\"2020-02-17T11:00:33+00:00\",\"breadcrumb\":{\"@id\":\"https:\\\/\\\/www.anovapeneira.gal\\\/index.php\\\/2020\\\/02\\\/17\\\/tomino-e-goian-preparanse-para-celebrar-os-seus-tradicionais-entroidos\\\/#breadcrumb\"},\"inLanguage\":\"gl-ES\",\"potentialAction\":[{\"@type\":\"ReadAction\",\"target\":[\"https:\\\/\\\/www.anovapeneira.gal\\\/index.php\\\/2020\\\/02\\\/17\\\/tomino-e-goian-preparanse-para-celebrar-os-seus-tradicionais-entroidos\\\/\"]}]},{\"@type\":\"ImageObject\",\"inLanguage\":\"gl-ES\",\"@id\":\"https:\\\/\\\/www.anovapeneira.gal\\\/index.php\\\/2020\\\/02\\\/17\\\/tomino-e-goian-preparanse-para-celebrar-os-seus-tradicionais-entroidos\\\/#primaryimage\",\"url\":\"https:\\\/\\\/www.anovapeneira.gal\\\/wp-content\\\/uploads\\\/2020\\\/02\\\/entroido_3_tominho_a_nova_peneira.jpg\",\"contentUrl\":\"https:\\\/\\\/www.anovapeneira.gal\\\/wp-content\\\/uploads\\\/2020\\\/02\\\/entroido_3_tominho_a_nova_peneira.jpg\",\"width\":720,\"height\":432,\"caption\":\"Entroido Tomi\u00f1o A Nova Peneira\"},{\"@type\":\"BreadcrumbList\",\"@id\":\"https:\\\/\\\/www.anovapeneira.gal\\\/index.php\\\/2020\\\/02\\\/17\\\/tomino-e-goian-preparanse-para-celebrar-os-seus-tradicionais-entroidos\\\/#breadcrumb\",\"itemListElement\":[{\"@type\":\"ListItem\",\"position\":1,\"name\":\"Portada\",\"item\":\"https:\\\/\\\/www.anovapeneira.gal\\\/\"},{\"@type\":\"ListItem\",\"position\":2,\"name\":\"Tomi\u00f1o e Goi\u00e1n prep\u00e1ranse para celebrar os seus tradicionais Entroidos\"}]},{\"@type\":\"WebSite\",\"@id\":\"https:\\\/\\\/www.anovapeneira.gal\\\/#website\",\"url\":\"https:\\\/\\\/www.anovapeneira.gal\\\/\",\"name\":\"\",\"description\":\"Xornal galego de informaci\u00f3n xeral Publicaci\u00f3n mensual de novas de Galicia e en especial dos Concellos da sur da provincia de Pontevedra.\",\"publisher\":{\"@id\":\"https:\\\/\\\/www.anovapeneira.gal\\\/#organization\"},\"potentialAction\":[{\"@type\":\"SearchAction\",\"target\":{\"@type\":\"EntryPoint\",\"urlTemplate\":\"https:\\\/\\\/www.anovapeneira.gal\\\/?s={search_term_string}\"},\"query-input\":{\"@type\":\"PropertyValueSpecification\",\"valueRequired\":true,\"valueName\":\"search_term_string\"}}],\"inLanguage\":\"gl-ES\"},{\"@type\":\"Organization\",\"@id\":\"https:\\\/\\\/www.anovapeneira.gal\\\/#organization\",\"name\":\"A Nova Peneira\",\"url\":\"https:\\\/\\\/www.anovapeneira.gal\\\/\",\"logo\":{\"@type\":\"ImageObject\",\"inLanguage\":\"gl-ES\",\"@id\":\"https:\\\/\\\/www.anovapeneira.gal\\\/#\\\/schema\\\/logo\\\/image\\\/\",\"url\":\"http:\\\/\\\/www.anovapeneira.gal\\\/wp-content\\\/uploads\\\/2019\\\/06\\\/logo_a_nova_peneira_portal_web.png\",\"contentUrl\":\"http:\\\/\\\/www.anovapeneira.gal\\\/wp-content\\\/uploads\\\/2019\\\/06\\\/logo_a_nova_peneira_portal_web.png\",\"width\":300,\"height\":100,\"caption\":\"A Nova Peneira\"},\"image\":{\"@id\":\"https:\\\/\\\/www.anovapeneira.gal\\\/#\\\/schema\\\/logo\\\/image\\\/\"},\"sameAs\":[\"https:\\\/\\\/www.facebook.com\\\/anovapeneira\",\"https:\\\/\\\/x.com\\\/APeneira\"]},{\"@type\":\"Person\",\"@id\":\"https:\\\/\\\/www.anovapeneira.gal\\\/#\\\/schema\\\/person\\\/b93e3f8932e3f8da96334607eb6ac6aa\",\"name\":\"Redacci\u00f3n A Nova Peneira\",\"image\":{\"@type\":\"ImageObject\",\"inLanguage\":\"gl-ES\",\"@id\":\"https:\\\/\\\/secure.gravatar.com\\\/avatar\\\/c052a2551a06e23fac63626232eaa90abd78dbcf1700fc46a2b2c89fd27b735f?s=96&d=mm&r=g\",\"url\":\"https:\\\/\\\/secure.gravatar.com\\\/avatar\\\/c052a2551a06e23fac63626232eaa90abd78dbcf1700fc46a2b2c89fd27b735f?s=96&d=mm&r=g\",\"contentUrl\":\"https:\\\/\\\/secure.gravatar.com\\\/avatar\\\/c052a2551a06e23fac63626232eaa90abd78dbcf1700fc46a2b2c89fd27b735f?s=96&d=mm&r=g\",\"caption\":\"Redacci\u00f3n A Nova Peneira\"},\"sameAs\":[\"http:\\\/\\\/www.anovapeneira.gal\\\/\"],\"url\":\"https:\\\/\\\/www.anovapeneira.gal\\\/index.php\\\/author\\\/redactor\\\/\"}]}<\/script>\n<!-- \/ Yoast SEO plugin. -->","yoast_head_json":{"title":"Tomi\u00f1o e Goi\u00e1n prep\u00e1ranse para celebrar os seus tradicionais Entroidos -","robots":{"index":"index","follow":"follow","max-snippet":"max-snippet:-1","max-image-preview":"max-image-preview:large","max-video-preview":"max-video-preview:-1"},"canonical":"https:\/\/www.anovapeneira.gal\/index.php\/2020\/02\/17\/tomino-e-goian-preparanse-para-celebrar-os-seus-tradicionais-entroidos\/","og_locale":"gl_ES","og_type":"article","og_title":"Tomi\u00f1o e Goi\u00e1n prep\u00e1ranse para celebrar os seus tradicionais Entroidos -","og_description":"O d\u00eda 21 ter\u00e1 lugar o desfile \u201cVenres de Foliada\u201d no Seixo, e dende o 22 ao 26, a parroquia goianesa celebrar\u00e1 a s\u00faa esperada festa na r\u00faa [...]","og_url":"https:\/\/www.anovapeneira.gal\/index.php\/2020\/02\/17\/tomino-e-goian-preparanse-para-celebrar-os-seus-tradicionais-entroidos\/","article_publisher":"https:\/\/www.facebook.com\/anovapeneira","article_published_time":"2020-02-17T11:00:33+00:00","og_image":[{"width":720,"height":432,"url":"https:\/\/www.anovapeneira.gal\/wp-content\/uploads\/2020\/02\/entroido_3_tominho_a_nova_peneira.jpg","type":"image\/jpeg"}],"author":"Redacci\u00f3n A Nova Peneira","twitter_card":"summary_large_image","twitter_creator":"@APeneira","twitter_site":"@APeneira","twitter_misc":{"Escrito por":"Redacci\u00f3n A Nova Peneira","Tempo de lectura":"4 minutos"},"schema":{"@context":"https:\/\/schema.org","@graph":[{"@type":"Article","@id":"https:\/\/www.anovapeneira.gal\/index.php\/2020\/02\/17\/tomino-e-goian-preparanse-para-celebrar-os-seus-tradicionais-entroidos\/#article","isPartOf":{"@id":"https:\/\/www.anovapeneira.gal\/index.php\/2020\/02\/17\/tomino-e-goian-preparanse-para-celebrar-os-seus-tradicionais-entroidos\/"},"author":{"name":"Redacci\u00f3n A Nova Peneira","@id":"https:\/\/www.anovapeneira.gal\/#\/schema\/person\/b93e3f8932e3f8da96334607eb6ac6aa"},"headline":"Tomi\u00f1o e Goi\u00e1n prep\u00e1ranse para celebrar os seus tradicionais Entroidos","datePublished":"2020-02-17T11:00:33+00:00","mainEntityOfPage":{"@id":"https:\/\/www.anovapeneira.gal\/index.php\/2020\/02\/17\/tomino-e-goian-preparanse-para-celebrar-os-seus-tradicionais-entroidos\/"},"wordCount":732,"commentCount":0,"publisher":{"@id":"https:\/\/www.anovapeneira.gal\/#organization"},"image":{"@id":"https:\/\/www.anovapeneira.gal\/index.php\/2020\/02\/17\/tomino-e-goian-preparanse-para-celebrar-os-seus-tradicionais-entroidos\/#primaryimage"},"thumbnailUrl":"https:\/\/www.anovapeneira.gal\/wp-content\/uploads\/2020\/02\/entroido_3_tominho_a_nova_peneira.jpg","keywords":["Concello de Tomi\u00f1o","Entroido"],"articleSection":["Baixo Mi\u00f1o"],"inLanguage":"gl-ES","potentialAction":[{"@type":"CommentAction","name":"Comment","target":["https:\/\/www.anovapeneira.gal\/index.php\/2020\/02\/17\/tomino-e-goian-preparanse-para-celebrar-os-seus-tradicionais-entroidos\/#respond"]}]},{"@type":"WebPage","@id":"https:\/\/www.anovapeneira.gal\/index.php\/2020\/02\/17\/tomino-e-goian-preparanse-para-celebrar-os-seus-tradicionais-entroidos\/","url":"https:\/\/www.anovapeneira.gal\/index.php\/2020\/02\/17\/tomino-e-goian-preparanse-para-celebrar-os-seus-tradicionais-entroidos\/","name":"Tomi\u00f1o e Goi\u00e1n prep\u00e1ranse para celebrar os seus tradicionais Entroidos -","isPartOf":{"@id":"https:\/\/www.anovapeneira.gal\/#website"},"primaryImageOfPage":{"@id":"https:\/\/www.anovapeneira.gal\/index.php\/2020\/02\/17\/tomino-e-goian-preparanse-para-celebrar-os-seus-tradicionais-entroidos\/#primaryimage"},"image":{"@id":"https:\/\/www.anovapeneira.gal\/index.php\/2020\/02\/17\/tomino-e-goian-preparanse-para-celebrar-os-seus-tradicionais-entroidos\/#primaryimage"},"thumbnailUrl":"https:\/\/www.anovapeneira.gal\/wp-content\/uploads\/2020\/02\/entroido_3_tominho_a_nova_peneira.jpg","datePublished":"2020-02-17T11:00:33+00:00","breadcrumb":{"@id":"https:\/\/www.anovapeneira.gal\/index.php\/2020\/02\/17\/tomino-e-goian-preparanse-para-celebrar-os-seus-tradicionais-entroidos\/#breadcrumb"},"inLanguage":"gl-ES","potentialAction":[{"@type":"ReadAction","target":["https:\/\/www.anovapeneira.gal\/index.php\/2020\/02\/17\/tomino-e-goian-preparanse-para-celebrar-os-seus-tradicionais-entroidos\/"]}]},{"@type":"ImageObject","inLanguage":"gl-ES","@id":"https:\/\/www.anovapeneira.gal\/index.php\/2020\/02\/17\/tomino-e-goian-preparanse-para-celebrar-os-seus-tradicionais-entroidos\/#primaryimage","url":"https:\/\/www.anovapeneira.gal\/wp-content\/uploads\/2020\/02\/entroido_3_tominho_a_nova_peneira.jpg","contentUrl":"https:\/\/www.anovapeneira.gal\/wp-content\/uploads\/2020\/02\/entroido_3_tominho_a_nova_peneira.jpg","width":720,"height":432,"caption":"Entroido Tomi\u00f1o A Nova Peneira"},{"@type":"BreadcrumbList","@id":"https:\/\/www.anovapeneira.gal\/index.php\/2020\/02\/17\/tomino-e-goian-preparanse-para-celebrar-os-seus-tradicionais-entroidos\/#breadcrumb","itemListElement":[{"@type":"ListItem","position":1,"name":"Portada","item":"https:\/\/www.anovapeneira.gal\/"},{"@type":"ListItem","position":2,"name":"Tomi\u00f1o e Goi\u00e1n prep\u00e1ranse para celebrar os seus tradicionais Entroidos"}]},{"@type":"WebSite","@id":"https:\/\/www.anovapeneira.gal\/#website","url":"https:\/\/www.anovapeneira.gal\/","name":"","description":"Xornal galego de informaci\u00f3n xeral Publicaci\u00f3n mensual de novas de Galicia e en especial dos Concellos da sur da provincia de Pontevedra.","publisher":{"@id":"https:\/\/www.anovapeneira.gal\/#organization"},"potentialAction":[{"@type":"SearchAction","target":{"@type":"EntryPoint","urlTemplate":"https:\/\/www.anovapeneira.gal\/?s={search_term_string}"},"query-input":{"@type":"PropertyValueSpecification","valueRequired":true,"valueName":"search_term_string"}}],"inLanguage":"gl-ES"},{"@type":"Organization","@id":"https:\/\/www.anovapeneira.gal\/#organization","name":"A Nova Peneira","url":"https:\/\/www.anovapeneira.gal\/","logo":{"@type":"ImageObject","inLanguage":"gl-ES","@id":"https:\/\/www.anovapeneira.gal\/#\/schema\/logo\/image\/","url":"http:\/\/www.anovapeneira.gal\/wp-content\/uploads\/2019\/06\/logo_a_nova_peneira_portal_web.png","contentUrl":"http:\/\/www.anovapeneira.gal\/wp-content\/uploads\/2019\/06\/logo_a_nova_peneira_portal_web.png","width":300,"height":100,"caption":"A Nova Peneira"},"image":{"@id":"https:\/\/www.anovapeneira.gal\/#\/schema\/logo\/image\/"},"sameAs":["https:\/\/www.facebook.com\/anovapeneira","https:\/\/x.com\/APeneira"]},{"@type":"Person","@id":"https:\/\/www.anovapeneira.gal\/#\/schema\/person\/b93e3f8932e3f8da96334607eb6ac6aa","name":"Redacci\u00f3n A Nova Peneira","image":{"@type":"ImageObject","inLanguage":"gl-ES","@id":"https:\/\/secure.gravatar.com\/avatar\/c052a2551a06e23fac63626232eaa90abd78dbcf1700fc46a2b2c89fd27b735f?s=96&d=mm&r=g","url":"https:\/\/secure.gravatar.com\/avatar\/c052a2551a06e23fac63626232eaa90abd78dbcf1700fc46a2b2c89fd27b735f?s=96&d=mm&r=g","contentUrl":"https:\/\/secure.gravatar.com\/avatar\/c052a2551a06e23fac63626232eaa90abd78dbcf1700fc46a2b2c89fd27b735f?s=96&d=mm&r=g","caption":"Redacci\u00f3n A Nova Peneira"},"sameAs":["http:\/\/www.anovapeneira.gal\/"],"url":"https:\/\/www.anovapeneira.gal\/index.php\/author\/redactor\/"}]}},"jetpack_featured_media_url":"https:\/\/www.anovapeneira.gal\/wp-content\/uploads\/2020\/02\/entroido_3_tominho_a_nova_peneira.jpg","_links":{"self":[{"href":"https:\/\/www.anovapeneira.gal\/index.php\/wp-json\/wp\/v2\/posts\/2539","targetHints":{"allow":["GET"]}}],"collection":[{"href":"https:\/\/www.anovapeneira.gal\/index.php\/wp-json\/wp\/v2\/posts"}],"about":[{"href":"https:\/\/www.anovapeneira.gal\/index.php\/wp-json\/wp\/v2\/types\/post"}],"author":[{"embeddable":true,"href":"https:\/\/www.anovapeneira.gal\/index.php\/wp-json\/wp\/v2\/users\/3"}],"replies":[{"embeddable":true,"href":"https:\/\/www.anovapeneira.gal\/index.php\/wp-json\/wp\/v2\/comments?post=2539"}],"version-history":[{"count":2,"href":"https:\/\/www.anovapeneira.gal\/index.php\/wp-json\/wp\/v2\/posts\/2539\/revisions"}],"predecessor-version":[{"id":2546,"href":"https:\/\/www.anovapeneira.gal\/index.php\/wp-json\/wp\/v2\/posts\/2539\/revisions\/2546"}],"wp:featuredmedia":[{"embeddable":true,"href":"https:\/\/www.anovapeneira.gal\/index.php\/wp-json\/wp\/v2\/media\/2545"}],"wp:attachment":[{"href":"https:\/\/www.anovapeneira.gal\/index.php\/wp-json\/wp\/v2\/media?parent=2539"}],"wp:term":[{"taxonomy":"category","embeddable":true,"href":"https:\/\/www.anovapeneira.gal\/index.php\/wp-json\/wp\/v2\/categories?post=2539"},{"taxonomy":"post_tag","embeddable":true,"href":"https:\/\/www.anovapeneira.gal\/index.php\/wp-json\/wp\/v2\/tags?post=2539"}],"curies":[{"name":"wp","href":"https:\/\/api.w.org\/{rel}","templated":true}]}}