{"id":2547,"date":"2020-02-17T14:47:58","date_gmt":"2020-02-17T13:47:58","guid":{"rendered":"http:\/\/www.anovapeneira.gal\/?p=2547"},"modified":"2020-02-15T22:48:23","modified_gmt":"2020-02-15T21:48:23","slug":"preguntanse-se-detras-hai-un-problema-de-descoordinacion-ou-de-protagonismo","status":"publish","type":"post","link":"https:\/\/www.anovapeneira.gal\/index.php\/2020\/02\/17\/preguntanse-se-detras-hai-un-problema-de-descoordinacion-ou-de-protagonismo\/","title":{"rendered":"Preg\u00fantanse se detr\u00e1s hai un problema de descoordinaci\u00f3n ou de \u201cprotagonismo\u201d"},"content":{"rendered":"\n<p><strong>CIG e UGT denuncian a \u201cdeslealdade\u201d de CCOO por rachar a unidade de acci\u00f3n na defensa da Universidade P\u00fablica Galega<\/strong><\/p>\n\n\n\n<p>\nAs\norganizaci\u00f3ns sindicais CIG e UGT ve\u00f1en de emitir un comunicado\ndirixido a todas as organizaci\u00f3ns que forman parte da <strong>PLATAFORMA\nGALEGA EN DEFENSA DA UNIVERSIDADE P\u00daBLICA<\/strong>\nque, de seguido reproducimos:<\/p>\n\n\n\n<p>\nNo\nm\u00e9rcores 12 de xaneiro, tan s\u00f3 24 horas despois das concentraci\u00f3ns\nnos principais campus do pa\u00eds promovidas pola PLATAFORMA,\nCCOO, organizaci\u00f3n sindical que forma parte desta, colgou na s\u00faa\nweb unha nova na que informa que promove o <em>\u201casinamento\ndun acordo program\u00e1tico en defensa do Sistema Universitario Galego\u201d.<\/em>\nNa nova tam\u00e9n se indica que o sindicato se ter\u00eda dirixido non s\u00f3\n\u00e1s organizaci\u00f3ns con representaci\u00f3n no actual Parlamento Galego\nsen\u00f3n tam\u00e9n \u00e1 CIG e a UGT, algo que resulta totalmente incerto.<\/p>\n\n\n\n<p>\nPar\u00e9cemos\ntotalmente impresent\u00e1bel e dunha falta de lealdade absoluta cara a\nPlataforma, na que estamos os dous sindicatos que asinamos o presente\nescrito mais tam\u00e9n varias das organizaci\u00f3ns pol\u00edticas a quen se\nest\u00e1 dirixindo este sindicato, que CCOO rompa unilateralmente a\nunidade de acci\u00f3n que na loita contra a creaci\u00f3n dunha universidade\nprivada e na defensa da universidade p\u00fablica adoptamos coa creaci\u00f3n\nda Plataforma. \n<\/p>\n\n\n\n<p>\nComo,\nse non, pode cualificarse que unha parte dunha Plataforma se dirixa\npublicamente a outras organizaci\u00f3ns sindicais e pol\u00edticas desa\nmesma Plataforma para unilateralmente trasladarlle unha proposta? Que\nbase de entendemento pode existir cando se act\u00faa deste xeito?<\/p>\n\n\n\n<p>\nDesco\u00f1ecemos\nse a intenci\u00f3n de CCOO \u00e9 desvincularse da Plataforma ou se se trata\ndun problema de descoordinaci\u00f3n ou de protagonismos dentro da propia\ndirecci\u00f3n do sindicato. Mais o dano que fan con esta iniciativa \u00e9\nclaro: parecen indicar que dan por rematado o marco de uni\u00f3n que\nformamos o estudantado, organizaci\u00f3ns sindicais e pol\u00edticas as\u00ed\ncomo outras entidades para unir forzas contra a intenci\u00f3n da Xunta\nde aceptar a implantaci\u00f3n dunha universidade privada no pa\u00eds . \n<\/p>\n\n\n\n<p>\nLamentamos\nprofundamente a deslealdade de CCOO e inst\u00e1molos a rectificar,\nretirando a s\u00faa proposta e, en todo caso, debatela onde corresponde\nou a comunicar que se autoexcl\u00faen da unidade de acci\u00f3n social\ncontra a privatizaci\u00f3n da universidade galega. \n<\/p>\n\n\n\n<p>\nEn\nSantiago de Compostela, a 14 de febreiro de 2020.<\/p>\n\n\n\n<p>\nOrganizaci\u00f3ns\nque neste momento est\u00e1n adheridas \u00e1 Plataforma Galega en Defensa da\nUniversidade P\u00fablica:<\/p>\n\n\n\n<p>\nCIG,\nUGT, CCOO, Traballadores Galegos da Universidade (TGU), A Trabe\nColectivo Nacionalista do PAS da USC, Confederaci\u00f3n ANPAS GALEGAS,\nBloque Nacionalista Galego (BNG), Grupo Com\u00fan da Esquerda, Galiza\nNova, BRIGA, Partido Comunista de Galicia (PCG), ANOVA, Compostela\nAberta, Asemblea Aberta de estudantes de Ourense, Asemblea de\nInvestigadoras de Compostela, Fronte de Estudantes, En Defensa das\nHumanidades (UVigo), Federaci\u00f3n Rural Galega &#8211; FRUGA<\/p>\n","protected":false},"excerpt":{"rendered":"<div class=\"mh-excerpt\"><p>CIG e UGT denuncian a \u201cdeslealdade\u201d de CCOO por rachar a unidade de acci\u00f3n na defensa da Universidade P\u00fablica Galega <a class=\"mh-excerpt-more\" href=\"https:\/\/www.anovapeneira.gal\/index.php\/2020\/02\/17\/preguntanse-se-detras-hai-un-problema-de-descoordinacion-ou-de-protagonismo\/\" title=\"Preg\u00fantanse se detr\u00e1s hai un problema de descoordinaci\u00f3n ou de \u201cprotagonismo\u201d\">[&#8230;]<\/a><\/p>\n<\/div>","protected":false},"author":3,"featured_media":632,"comment_status":"open","ping_status":"open","sticky":false,"template":"","format":"standard","meta":{"_exactmetrics_skip_tracking":false,"_exactmetrics_sitenote_active":false,"_exactmetrics_sitenote_note":"","_exactmetrics_sitenote_category":0,"footnotes":""},"categories":[263],"tags":[891,88,892],"class_list":{"0":"post-2547","1":"post","2":"type-post","3":"status-publish","4":"format-standard","5":"has-post-thumbnail","7":"category-novas","8":"tag-ccoo","9":"tag-cig","10":"tag-ugt"},"yoast_head":"<!-- This site is optimized with the Yoast SEO plugin v27.4 - https:\/\/yoast.com\/product\/yoast-seo-wordpress\/ -->\n<title>Preg\u00fantanse se detr\u00e1s hai un problema de descoordinaci\u00f3n ou de \u201cprotagonismo\u201d -<\/title>\n<meta name=\"robots\" content=\"index, follow, max-snippet:-1, max-image-preview:large, max-video-preview:-1\" \/>\n<link rel=\"canonical\" href=\"https:\/\/www.anovapeneira.gal\/index.php\/2020\/02\/17\/preguntanse-se-detras-hai-un-problema-de-descoordinacion-ou-de-protagonismo\/\" \/>\n<meta property=\"og:locale\" content=\"gl_ES\" \/>\n<meta property=\"og:type\" content=\"article\" \/>\n<meta property=\"og:title\" content=\"Preg\u00fantanse se detr\u00e1s hai un problema de descoordinaci\u00f3n ou de \u201cprotagonismo\u201d -\" \/>\n<meta property=\"og:description\" content=\"CIG e UGT denuncian a \u201cdeslealdade\u201d de CCOO por rachar a unidade de acci\u00f3n na defensa da Universidade P\u00fablica Galega [...]\" \/>\n<meta property=\"og:url\" content=\"https:\/\/www.anovapeneira.gal\/index.php\/2020\/02\/17\/preguntanse-se-detras-hai-un-problema-de-descoordinacion-ou-de-protagonismo\/\" \/>\n<meta property=\"article:publisher\" content=\"https:\/\/www.facebook.com\/anovapeneira\" \/>\n<meta property=\"article:published_time\" content=\"2020-02-17T13:47:58+00:00\" \/>\n<meta property=\"og:image\" content=\"https:\/\/www.anovapeneira.gal\/wp-content\/uploads\/2019\/07\/CIG_a_nova_peneira.png\" \/>\n\t<meta property=\"og:image:width\" content=\"720\" \/>\n\t<meta property=\"og:image:height\" content=\"473\" \/>\n\t<meta property=\"og:image:type\" content=\"image\/png\" \/>\n<meta name=\"author\" content=\"Redacci\u00f3n A Nova Peneira\" \/>\n<meta name=\"twitter:card\" content=\"summary_large_image\" \/>\n<meta name=\"twitter:creator\" content=\"@APeneira\" \/>\n<meta name=\"twitter:site\" content=\"@APeneira\" \/>\n<meta name=\"twitter:label1\" content=\"Escrito por\" \/>\n\t<meta name=\"twitter:data1\" content=\"Redacci\u00f3n A Nova Peneira\" \/>\n\t<meta name=\"twitter:label2\" content=\"Tempo de lectura\" \/>\n\t<meta name=\"twitter:data2\" content=\"2 minutos\" \/>\n<script type=\"application\/ld+json\" class=\"yoast-schema-graph\">{\"@context\":\"https:\\\/\\\/schema.org\",\"@graph\":[{\"@type\":\"Article\",\"@id\":\"https:\\\/\\\/www.anovapeneira.gal\\\/index.php\\\/2020\\\/02\\\/17\\\/preguntanse-se-detras-hai-un-problema-de-descoordinacion-ou-de-protagonismo\\\/#article\",\"isPartOf\":{\"@id\":\"https:\\\/\\\/www.anovapeneira.gal\\\/index.php\\\/2020\\\/02\\\/17\\\/preguntanse-se-detras-hai-un-problema-de-descoordinacion-ou-de-protagonismo\\\/\"},\"author\":{\"name\":\"Redacci\u00f3n A Nova Peneira\",\"@id\":\"https:\\\/\\\/www.anovapeneira.gal\\\/#\\\/schema\\\/person\\\/b93e3f8932e3f8da96334607eb6ac6aa\"},\"headline\":\"Preg\u00fantanse se detr\u00e1s hai un problema de descoordinaci\u00f3n ou de \u201cprotagonismo\u201d\",\"datePublished\":\"2020-02-17T13:47:58+00:00\",\"mainEntityOfPage\":{\"@id\":\"https:\\\/\\\/www.anovapeneira.gal\\\/index.php\\\/2020\\\/02\\\/17\\\/preguntanse-se-detras-hai-un-problema-de-descoordinacion-ou-de-protagonismo\\\/\"},\"wordCount\":492,\"commentCount\":0,\"publisher\":{\"@id\":\"https:\\\/\\\/www.anovapeneira.gal\\\/#organization\"},\"image\":{\"@id\":\"https:\\\/\\\/www.anovapeneira.gal\\\/index.php\\\/2020\\\/02\\\/17\\\/preguntanse-se-detras-hai-un-problema-de-descoordinacion-ou-de-protagonismo\\\/#primaryimage\"},\"thumbnailUrl\":\"https:\\\/\\\/www.anovapeneira.gal\\\/wp-content\\\/uploads\\\/2019\\\/07\\\/CIG_a_nova_peneira.png\",\"keywords\":[\"CCOO\",\"CIG\",\"UGT\"],\"articleSection\":[\"Novas\"],\"inLanguage\":\"gl-ES\",\"potentialAction\":[{\"@type\":\"CommentAction\",\"name\":\"Comment\",\"target\":[\"https:\\\/\\\/www.anovapeneira.gal\\\/index.php\\\/2020\\\/02\\\/17\\\/preguntanse-se-detras-hai-un-problema-de-descoordinacion-ou-de-protagonismo\\\/#respond\"]}]},{\"@type\":\"WebPage\",\"@id\":\"https:\\\/\\\/www.anovapeneira.gal\\\/index.php\\\/2020\\\/02\\\/17\\\/preguntanse-se-detras-hai-un-problema-de-descoordinacion-ou-de-protagonismo\\\/\",\"url\":\"https:\\\/\\\/www.anovapeneira.gal\\\/index.php\\\/2020\\\/02\\\/17\\\/preguntanse-se-detras-hai-un-problema-de-descoordinacion-ou-de-protagonismo\\\/\",\"name\":\"Preg\u00fantanse se detr\u00e1s hai un problema de descoordinaci\u00f3n ou de \u201cprotagonismo\u201d -\",\"isPartOf\":{\"@id\":\"https:\\\/\\\/www.anovapeneira.gal\\\/#website\"},\"primaryImageOfPage\":{\"@id\":\"https:\\\/\\\/www.anovapeneira.gal\\\/index.php\\\/2020\\\/02\\\/17\\\/preguntanse-se-detras-hai-un-problema-de-descoordinacion-ou-de-protagonismo\\\/#primaryimage\"},\"image\":{\"@id\":\"https:\\\/\\\/www.anovapeneira.gal\\\/index.php\\\/2020\\\/02\\\/17\\\/preguntanse-se-detras-hai-un-problema-de-descoordinacion-ou-de-protagonismo\\\/#primaryimage\"},\"thumbnailUrl\":\"https:\\\/\\\/www.anovapeneira.gal\\\/wp-content\\\/uploads\\\/2019\\\/07\\\/CIG_a_nova_peneira.png\",\"datePublished\":\"2020-02-17T13:47:58+00:00\",\"breadcrumb\":{\"@id\":\"https:\\\/\\\/www.anovapeneira.gal\\\/index.php\\\/2020\\\/02\\\/17\\\/preguntanse-se-detras-hai-un-problema-de-descoordinacion-ou-de-protagonismo\\\/#breadcrumb\"},\"inLanguage\":\"gl-ES\",\"potentialAction\":[{\"@type\":\"ReadAction\",\"target\":[\"https:\\\/\\\/www.anovapeneira.gal\\\/index.php\\\/2020\\\/02\\\/17\\\/preguntanse-se-detras-hai-un-problema-de-descoordinacion-ou-de-protagonismo\\\/\"]}]},{\"@type\":\"ImageObject\",\"inLanguage\":\"gl-ES\",\"@id\":\"https:\\\/\\\/www.anovapeneira.gal\\\/index.php\\\/2020\\\/02\\\/17\\\/preguntanse-se-detras-hai-un-problema-de-descoordinacion-ou-de-protagonismo\\\/#primaryimage\",\"url\":\"https:\\\/\\\/www.anovapeneira.gal\\\/wp-content\\\/uploads\\\/2019\\\/07\\\/CIG_a_nova_peneira.png\",\"contentUrl\":\"https:\\\/\\\/www.anovapeneira.gal\\\/wp-content\\\/uploads\\\/2019\\\/07\\\/CIG_a_nova_peneira.png\",\"width\":720,\"height\":473,\"caption\":\"Confederaci\u00f3n Intersindical Galega A Nova Peneira\"},{\"@type\":\"BreadcrumbList\",\"@id\":\"https:\\\/\\\/www.anovapeneira.gal\\\/index.php\\\/2020\\\/02\\\/17\\\/preguntanse-se-detras-hai-un-problema-de-descoordinacion-ou-de-protagonismo\\\/#breadcrumb\",\"itemListElement\":[{\"@type\":\"ListItem\",\"position\":1,\"name\":\"Portada\",\"item\":\"https:\\\/\\\/www.anovapeneira.gal\\\/\"},{\"@type\":\"ListItem\",\"position\":2,\"name\":\"Preg\u00fantanse se detr\u00e1s hai un problema de descoordinaci\u00f3n ou de \u201cprotagonismo\u201d\"}]},{\"@type\":\"WebSite\",\"@id\":\"https:\\\/\\\/www.anovapeneira.gal\\\/#website\",\"url\":\"https:\\\/\\\/www.anovapeneira.gal\\\/\",\"name\":\"\",\"description\":\"Xornal galego de informaci\u00f3n xeral Publicaci\u00f3n mensual de novas de Galicia e en especial dos Concellos da sur da provincia de Pontevedra.\",\"publisher\":{\"@id\":\"https:\\\/\\\/www.anovapeneira.gal\\\/#organization\"},\"potentialAction\":[{\"@type\":\"SearchAction\",\"target\":{\"@type\":\"EntryPoint\",\"urlTemplate\":\"https:\\\/\\\/www.anovapeneira.gal\\\/?s={search_term_string}\"},\"query-input\":{\"@type\":\"PropertyValueSpecification\",\"valueRequired\":true,\"valueName\":\"search_term_string\"}}],\"inLanguage\":\"gl-ES\"},{\"@type\":\"Organization\",\"@id\":\"https:\\\/\\\/www.anovapeneira.gal\\\/#organization\",\"name\":\"A Nova Peneira\",\"url\":\"https:\\\/\\\/www.anovapeneira.gal\\\/\",\"logo\":{\"@type\":\"ImageObject\",\"inLanguage\":\"gl-ES\",\"@id\":\"https:\\\/\\\/www.anovapeneira.gal\\\/#\\\/schema\\\/logo\\\/image\\\/\",\"url\":\"http:\\\/\\\/www.anovapeneira.gal\\\/wp-content\\\/uploads\\\/2019\\\/06\\\/logo_a_nova_peneira_portal_web.png\",\"contentUrl\":\"http:\\\/\\\/www.anovapeneira.gal\\\/wp-content\\\/uploads\\\/2019\\\/06\\\/logo_a_nova_peneira_portal_web.png\",\"width\":300,\"height\":100,\"caption\":\"A Nova Peneira\"},\"image\":{\"@id\":\"https:\\\/\\\/www.anovapeneira.gal\\\/#\\\/schema\\\/logo\\\/image\\\/\"},\"sameAs\":[\"https:\\\/\\\/www.facebook.com\\\/anovapeneira\",\"https:\\\/\\\/x.com\\\/APeneira\"]},{\"@type\":\"Person\",\"@id\":\"https:\\\/\\\/www.anovapeneira.gal\\\/#\\\/schema\\\/person\\\/b93e3f8932e3f8da96334607eb6ac6aa\",\"name\":\"Redacci\u00f3n A Nova Peneira\",\"image\":{\"@type\":\"ImageObject\",\"inLanguage\":\"gl-ES\",\"@id\":\"https:\\\/\\\/secure.gravatar.com\\\/avatar\\\/c052a2551a06e23fac63626232eaa90abd78dbcf1700fc46a2b2c89fd27b735f?s=96&d=mm&r=g\",\"url\":\"https:\\\/\\\/secure.gravatar.com\\\/avatar\\\/c052a2551a06e23fac63626232eaa90abd78dbcf1700fc46a2b2c89fd27b735f?s=96&d=mm&r=g\",\"contentUrl\":\"https:\\\/\\\/secure.gravatar.com\\\/avatar\\\/c052a2551a06e23fac63626232eaa90abd78dbcf1700fc46a2b2c89fd27b735f?s=96&d=mm&r=g\",\"caption\":\"Redacci\u00f3n A Nova Peneira\"},\"sameAs\":[\"http:\\\/\\\/www.anovapeneira.gal\\\/\"],\"url\":\"https:\\\/\\\/www.anovapeneira.gal\\\/index.php\\\/author\\\/redactor\\\/\"}]}<\/script>\n<!-- \/ Yoast SEO plugin. -->","yoast_head_json":{"title":"Preg\u00fantanse se detr\u00e1s hai un problema de descoordinaci\u00f3n ou de \u201cprotagonismo\u201d -","robots":{"index":"index","follow":"follow","max-snippet":"max-snippet:-1","max-image-preview":"max-image-preview:large","max-video-preview":"max-video-preview:-1"},"canonical":"https:\/\/www.anovapeneira.gal\/index.php\/2020\/02\/17\/preguntanse-se-detras-hai-un-problema-de-descoordinacion-ou-de-protagonismo\/","og_locale":"gl_ES","og_type":"article","og_title":"Preg\u00fantanse se detr\u00e1s hai un problema de descoordinaci\u00f3n ou de \u201cprotagonismo\u201d -","og_description":"CIG e UGT denuncian a \u201cdeslealdade\u201d de CCOO por rachar a unidade de acci\u00f3n na defensa da Universidade P\u00fablica Galega [...]","og_url":"https:\/\/www.anovapeneira.gal\/index.php\/2020\/02\/17\/preguntanse-se-detras-hai-un-problema-de-descoordinacion-ou-de-protagonismo\/","article_publisher":"https:\/\/www.facebook.com\/anovapeneira","article_published_time":"2020-02-17T13:47:58+00:00","og_image":[{"width":720,"height":473,"url":"https:\/\/www.anovapeneira.gal\/wp-content\/uploads\/2019\/07\/CIG_a_nova_peneira.png","type":"image\/png"}],"author":"Redacci\u00f3n A Nova Peneira","twitter_card":"summary_large_image","twitter_creator":"@APeneira","twitter_site":"@APeneira","twitter_misc":{"Escrito por":"Redacci\u00f3n A Nova Peneira","Tempo de lectura":"2 minutos"},"schema":{"@context":"https:\/\/schema.org","@graph":[{"@type":"Article","@id":"https:\/\/www.anovapeneira.gal\/index.php\/2020\/02\/17\/preguntanse-se-detras-hai-un-problema-de-descoordinacion-ou-de-protagonismo\/#article","isPartOf":{"@id":"https:\/\/www.anovapeneira.gal\/index.php\/2020\/02\/17\/preguntanse-se-detras-hai-un-problema-de-descoordinacion-ou-de-protagonismo\/"},"author":{"name":"Redacci\u00f3n A Nova Peneira","@id":"https:\/\/www.anovapeneira.gal\/#\/schema\/person\/b93e3f8932e3f8da96334607eb6ac6aa"},"headline":"Preg\u00fantanse se detr\u00e1s hai un problema de descoordinaci\u00f3n ou de \u201cprotagonismo\u201d","datePublished":"2020-02-17T13:47:58+00:00","mainEntityOfPage":{"@id":"https:\/\/www.anovapeneira.gal\/index.php\/2020\/02\/17\/preguntanse-se-detras-hai-un-problema-de-descoordinacion-ou-de-protagonismo\/"},"wordCount":492,"commentCount":0,"publisher":{"@id":"https:\/\/www.anovapeneira.gal\/#organization"},"image":{"@id":"https:\/\/www.anovapeneira.gal\/index.php\/2020\/02\/17\/preguntanse-se-detras-hai-un-problema-de-descoordinacion-ou-de-protagonismo\/#primaryimage"},"thumbnailUrl":"https:\/\/www.anovapeneira.gal\/wp-content\/uploads\/2019\/07\/CIG_a_nova_peneira.png","keywords":["CCOO","CIG","UGT"],"articleSection":["Novas"],"inLanguage":"gl-ES","potentialAction":[{"@type":"CommentAction","name":"Comment","target":["https:\/\/www.anovapeneira.gal\/index.php\/2020\/02\/17\/preguntanse-se-detras-hai-un-problema-de-descoordinacion-ou-de-protagonismo\/#respond"]}]},{"@type":"WebPage","@id":"https:\/\/www.anovapeneira.gal\/index.php\/2020\/02\/17\/preguntanse-se-detras-hai-un-problema-de-descoordinacion-ou-de-protagonismo\/","url":"https:\/\/www.anovapeneira.gal\/index.php\/2020\/02\/17\/preguntanse-se-detras-hai-un-problema-de-descoordinacion-ou-de-protagonismo\/","name":"Preg\u00fantanse se detr\u00e1s hai un problema de descoordinaci\u00f3n ou de \u201cprotagonismo\u201d -","isPartOf":{"@id":"https:\/\/www.anovapeneira.gal\/#website"},"primaryImageOfPage":{"@id":"https:\/\/www.anovapeneira.gal\/index.php\/2020\/02\/17\/preguntanse-se-detras-hai-un-problema-de-descoordinacion-ou-de-protagonismo\/#primaryimage"},"image":{"@id":"https:\/\/www.anovapeneira.gal\/index.php\/2020\/02\/17\/preguntanse-se-detras-hai-un-problema-de-descoordinacion-ou-de-protagonismo\/#primaryimage"},"thumbnailUrl":"https:\/\/www.anovapeneira.gal\/wp-content\/uploads\/2019\/07\/CIG_a_nova_peneira.png","datePublished":"2020-02-17T13:47:58+00:00","breadcrumb":{"@id":"https:\/\/www.anovapeneira.gal\/index.php\/2020\/02\/17\/preguntanse-se-detras-hai-un-problema-de-descoordinacion-ou-de-protagonismo\/#breadcrumb"},"inLanguage":"gl-ES","potentialAction":[{"@type":"ReadAction","target":["https:\/\/www.anovapeneira.gal\/index.php\/2020\/02\/17\/preguntanse-se-detras-hai-un-problema-de-descoordinacion-ou-de-protagonismo\/"]}]},{"@type":"ImageObject","inLanguage":"gl-ES","@id":"https:\/\/www.anovapeneira.gal\/index.php\/2020\/02\/17\/preguntanse-se-detras-hai-un-problema-de-descoordinacion-ou-de-protagonismo\/#primaryimage","url":"https:\/\/www.anovapeneira.gal\/wp-content\/uploads\/2019\/07\/CIG_a_nova_peneira.png","contentUrl":"https:\/\/www.anovapeneira.gal\/wp-content\/uploads\/2019\/07\/CIG_a_nova_peneira.png","width":720,"height":473,"caption":"Confederaci\u00f3n Intersindical Galega A Nova Peneira"},{"@type":"BreadcrumbList","@id":"https:\/\/www.anovapeneira.gal\/index.php\/2020\/02\/17\/preguntanse-se-detras-hai-un-problema-de-descoordinacion-ou-de-protagonismo\/#breadcrumb","itemListElement":[{"@type":"ListItem","position":1,"name":"Portada","item":"https:\/\/www.anovapeneira.gal\/"},{"@type":"ListItem","position":2,"name":"Preg\u00fantanse se detr\u00e1s hai un problema de descoordinaci\u00f3n ou de \u201cprotagonismo\u201d"}]},{"@type":"WebSite","@id":"https:\/\/www.anovapeneira.gal\/#website","url":"https:\/\/www.anovapeneira.gal\/","name":"","description":"Xornal galego de informaci\u00f3n xeral Publicaci\u00f3n mensual de novas de Galicia e en especial dos Concellos da sur da provincia de Pontevedra.","publisher":{"@id":"https:\/\/www.anovapeneira.gal\/#organization"},"potentialAction":[{"@type":"SearchAction","target":{"@type":"EntryPoint","urlTemplate":"https:\/\/www.anovapeneira.gal\/?s={search_term_string}"},"query-input":{"@type":"PropertyValueSpecification","valueRequired":true,"valueName":"search_term_string"}}],"inLanguage":"gl-ES"},{"@type":"Organization","@id":"https:\/\/www.anovapeneira.gal\/#organization","name":"A Nova Peneira","url":"https:\/\/www.anovapeneira.gal\/","logo":{"@type":"ImageObject","inLanguage":"gl-ES","@id":"https:\/\/www.anovapeneira.gal\/#\/schema\/logo\/image\/","url":"http:\/\/www.anovapeneira.gal\/wp-content\/uploads\/2019\/06\/logo_a_nova_peneira_portal_web.png","contentUrl":"http:\/\/www.anovapeneira.gal\/wp-content\/uploads\/2019\/06\/logo_a_nova_peneira_portal_web.png","width":300,"height":100,"caption":"A Nova Peneira"},"image":{"@id":"https:\/\/www.anovapeneira.gal\/#\/schema\/logo\/image\/"},"sameAs":["https:\/\/www.facebook.com\/anovapeneira","https:\/\/x.com\/APeneira"]},{"@type":"Person","@id":"https:\/\/www.anovapeneira.gal\/#\/schema\/person\/b93e3f8932e3f8da96334607eb6ac6aa","name":"Redacci\u00f3n A Nova Peneira","image":{"@type":"ImageObject","inLanguage":"gl-ES","@id":"https:\/\/secure.gravatar.com\/avatar\/c052a2551a06e23fac63626232eaa90abd78dbcf1700fc46a2b2c89fd27b735f?s=96&d=mm&r=g","url":"https:\/\/secure.gravatar.com\/avatar\/c052a2551a06e23fac63626232eaa90abd78dbcf1700fc46a2b2c89fd27b735f?s=96&d=mm&r=g","contentUrl":"https:\/\/secure.gravatar.com\/avatar\/c052a2551a06e23fac63626232eaa90abd78dbcf1700fc46a2b2c89fd27b735f?s=96&d=mm&r=g","caption":"Redacci\u00f3n A Nova Peneira"},"sameAs":["http:\/\/www.anovapeneira.gal\/"],"url":"https:\/\/www.anovapeneira.gal\/index.php\/author\/redactor\/"}]}},"jetpack_featured_media_url":"https:\/\/www.anovapeneira.gal\/wp-content\/uploads\/2019\/07\/CIG_a_nova_peneira.png","_links":{"self":[{"href":"https:\/\/www.anovapeneira.gal\/index.php\/wp-json\/wp\/v2\/posts\/2547","targetHints":{"allow":["GET"]}}],"collection":[{"href":"https:\/\/www.anovapeneira.gal\/index.php\/wp-json\/wp\/v2\/posts"}],"about":[{"href":"https:\/\/www.anovapeneira.gal\/index.php\/wp-json\/wp\/v2\/types\/post"}],"author":[{"embeddable":true,"href":"https:\/\/www.anovapeneira.gal\/index.php\/wp-json\/wp\/v2\/users\/3"}],"replies":[{"embeddable":true,"href":"https:\/\/www.anovapeneira.gal\/index.php\/wp-json\/wp\/v2\/comments?post=2547"}],"version-history":[{"count":1,"href":"https:\/\/www.anovapeneira.gal\/index.php\/wp-json\/wp\/v2\/posts\/2547\/revisions"}],"predecessor-version":[{"id":2548,"href":"https:\/\/www.anovapeneira.gal\/index.php\/wp-json\/wp\/v2\/posts\/2547\/revisions\/2548"}],"wp:featuredmedia":[{"embeddable":true,"href":"https:\/\/www.anovapeneira.gal\/index.php\/wp-json\/wp\/v2\/media\/632"}],"wp:attachment":[{"href":"https:\/\/www.anovapeneira.gal\/index.php\/wp-json\/wp\/v2\/media?parent=2547"}],"wp:term":[{"taxonomy":"category","embeddable":true,"href":"https:\/\/www.anovapeneira.gal\/index.php\/wp-json\/wp\/v2\/categories?post=2547"},{"taxonomy":"post_tag","embeddable":true,"href":"https:\/\/www.anovapeneira.gal\/index.php\/wp-json\/wp\/v2\/tags?post=2547"}],"curies":[{"name":"wp","href":"https:\/\/api.w.org\/{rel}","templated":true}]}}