{"id":2555,"date":"2020-02-18T14:00:07","date_gmt":"2020-02-18T13:00:07","guid":{"rendered":"http:\/\/www.anovapeneira.gal\/?p=2555"},"modified":"2020-02-16T09:41:24","modified_gmt":"2020-02-16T08:41:24","slug":"a-mesa-e-o-grupo-de-lingua-do-estudantado-de-medicina-presentanlle-ao-presidente-do-parlamento-a-campana-falar-galego-e-saudabel","status":"publish","type":"post","link":"https:\/\/www.anovapeneira.gal\/index.php\/2020\/02\/18\/a-mesa-e-o-grupo-de-lingua-do-estudantado-de-medicina-presentanlle-ao-presidente-do-parlamento-a-campana-falar-galego-e-saudabel\/","title":{"rendered":"A Mesa e o grupo de lingua do estudantado de Medicina pres\u00e9ntanlle ao Presidente do Parlamento a campa\u00f1a Falar galego \u00e9 saud\u00e1bel"},"content":{"rendered":"\n<h2 class=\"wp-block-heading\"><strong>As\nentidades inciden no uso do galego entre persoal sanitario e doentes\ncomo boa pr\u00e1ctica que evita erros de comprensi\u00f3n e favorece a\nprecisi\u00f3n: &#8220;O que \u00e9 bo para as e os doentes \u00e9 bo para o\npersoal sanitario&#8221;<\/strong><\/h2>\n\n\n\n<p><strong>Santiago de Compostela, 10 de febreiro de 2020<\/strong><\/p>\n\n\n\n<p>A Mesa pola Normalizaci\u00f3n Ling\u00fc\u00edstica e o Grupo de Normalizaci\u00f3n do estudantado de Medicina present\u00e1ronlle a campa\u00f1a <em><strong>Falar galego \u00e9 saud\u00e1bel<\/strong><\/em> ao Presidente do Parlamento, Miguel Santalices, como representante da primeira instituci\u00f3n de Galiza, m\u00e9dico de profesi\u00f3n e persoa comprometida coa sa\u00fade en galego. Durante o encontro, Marcos Maceira e Celia Armas, da Mesa; Francisco P\u00e9rez e Sarela Betanzos, do Grupo de Normlizaci\u00f3n Ling\u00fc\u00edstica do Estudantado de Medicina; e Henrique Villena, m\u00e9dico no Hospital Cl\u00ednico Universitario de Santiago fix\u00e9ronlle entrega a Miguel Santalices dunha copia dunha fotograf\u00eda in\u00e9dita da pomoci\u00f3n de Medicina do curso 1909, da que formou parte Castelao, e que, como recordou o presidente da Mesa, Marcos Maceira, &#8220;enfrontou a epidemia de influenza de 1918 co galego como lingua de relaci\u00f3n entre profisionais e doentes&#8221;. Maceira ligou ese compromiso coa lingua e a sa\u00fade coas promoci\u00f3ns actuais que impulsan a lingua nas aulas e nos centros de traballo.<br><br>As entidades incidiron no uso do galego entre persoal sanitario e doentes como boa pr\u00e1ctica que evita erros de comprensi\u00f3n e favorece a precisi\u00f3n: &#8220;O que \u00e9 bo para as e os doentes \u00e9 bo para o persoal sanitario&#8221;, recordou Sarela Betanzos. Mentres que o seu compa\u00f1eiro Francisco P\u00e9rez recordou que o obxectivo do seu grupo \u00e9 &#8220;normalizar o uso do galego tanto nas aulas como nas consultas&#8221;. A campa\u00f1a <em><strong>Falar galego \u00e9 saud\u00e1bel<\/strong><\/em> xurde co obxectivo de que a lingua galega se desenvolva con normalidade como lingua de relaci\u00f3n entre persoal e doentes, nun contexto no que -segundo o \u00faltimo estudo IGE- o 41% das persoas que falan s\u00f3 en galego ou m\u00e1is galego que castel\u00e1n mudan ao castel\u00e1n ao se dirixiren a m\u00e9dicas e m\u00e9dicos; e no que, segundo ten documentado amplamente a Mesa, existen casos de discriminaci\u00f3n ling\u00fc\u00edstica que fortalecen o prexuizo de que o correcto \u00e9 deixar de falar galego ao se dirixir ao persoal m\u00e9dico. &#8220;Esta campa\u00f1a&#8221;, afirmou Maceira, &#8220;vai ser unha maneira de demostrar pola v\u00eda dos feitos que lingua e a sa\u00fade p\u00fablica son dous elementos de cohesi\u00f3n social&#8221;. &#8220;Fronte a prexuizos e malas pr\u00e1cticas&#8221;, asegurou Maceira, &#8220;a lingua galega \u00fanenos a persoal sanitario e a doentes, da mesma maneira que a necesidade de termos un servizo p\u00fablico de calidade&#8221;.<br><br>&#8220;Queremos enfrontar esta realidade directamente desde a lingua das usuarias e a vontade maioritaria favor\u00e1bel ao galego das e dos profesionais da sa\u00fade&#8221;, concluiu Maceira, &#8220;porque unha lingua normal \u00e9 a que se pode usar con reciprocidade en todas as situaci\u00f3ns da vida, sexa quen for a persoa interlocutora, tam\u00e9n no \u00e1mbito sanitario, un \u00e1mbito no que ademais a empat\u00eda e boa comunicaci\u00f3n entre as partes \u00e9 absolutamente imprescind\u00edbel para obtermos os mellores resultados&#8221;. Para reforzar esta mensaxe, repartiranse cartaces informativos polos centros de sa\u00fade e hospitais p\u00fablicos, as\u00ed como unha chapa que se distribuir\u00e1 entre persoal e persoas usuarias co slogan <em><strong>F\u00e1lame galego, \u00e9 saud\u00e1bel<\/strong><\/em>.<\/p>\n\n\n\n<p><strong>A Mesa pola Normalizaci\u00f3n\nLing\u00fc\u00edstica<\/strong><br>\u00c9 unha entidade social independente,\nconstitu\u00edda en 1986 e da que forman parte arredor de 5000 socias e\nsocios e que ten como obxectivo a normalidade plena da lingua galega.\nNeste sentido, a defensa do dereito ao emprego do galego en Galiza en\ntodas as situaci\u00f3ns e contextos \u00e9 unha das s\u00faas principais li\u00f1as\nde actuaci\u00f3n. Entendemos que o dereito ao uso da lingua propia non\nse pode desligar dos m\u00e1is elementais dereitos humanos, civ\u00eds e\ndemocr\u00e1ticos. \n<\/p>\n","protected":false},"excerpt":{"rendered":"<div class=\"mh-excerpt\"><p>As entidades inciden no uso do galego entre persoal sanitario e doentes como boa pr\u00e1ctica que evita erros de comprensi\u00f3n e favorece a precisi\u00f3n <a class=\"mh-excerpt-more\" href=\"https:\/\/www.anovapeneira.gal\/index.php\/2020\/02\/18\/a-mesa-e-o-grupo-de-lingua-do-estudantado-de-medicina-presentanlle-ao-presidente-do-parlamento-a-campana-falar-galego-e-saudabel\/\" title=\"A Mesa e o grupo de lingua do estudantado de Medicina pres\u00e9ntanlle ao Presidente do Parlamento a campa\u00f1a Falar galego \u00e9 saud\u00e1bel\">[&#8230;]<\/a><\/p>\n<\/div>","protected":false},"author":3,"featured_media":1422,"comment_status":"open","ping_status":"open","sticky":false,"template":"","format":"standard","meta":{"_exactmetrics_skip_tracking":false,"_exactmetrics_sitenote_active":false,"_exactmetrics_sitenote_note":"","_exactmetrics_sitenote_category":0,"footnotes":""},"categories":[263],"tags":[962,729],"class_list":{"0":"post-2555","1":"post","2":"type-post","3":"status-publish","4":"format-standard","5":"has-post-thumbnail","7":"category-novas","8":"tag-falar-galego-e-saudabel","9":"tag-normalizacion-linguistica"},"yoast_head":"<!-- This site is optimized with the Yoast SEO plugin v27.4 - https:\/\/yoast.com\/product\/yoast-seo-wordpress\/ -->\n<title>A Mesa e o grupo de lingua do estudantado de Medicina pres\u00e9ntanlle ao Presidente do Parlamento a campa\u00f1a Falar galego \u00e9 saud\u00e1bel -<\/title>\n<meta name=\"robots\" content=\"index, follow, max-snippet:-1, max-image-preview:large, max-video-preview:-1\" \/>\n<link rel=\"canonical\" href=\"https:\/\/www.anovapeneira.gal\/index.php\/2020\/02\/18\/a-mesa-e-o-grupo-de-lingua-do-estudantado-de-medicina-presentanlle-ao-presidente-do-parlamento-a-campana-falar-galego-e-saudabel\/\" \/>\n<meta property=\"og:locale\" content=\"gl_ES\" \/>\n<meta property=\"og:type\" content=\"article\" \/>\n<meta property=\"og:title\" content=\"A Mesa e o grupo de lingua do estudantado de Medicina pres\u00e9ntanlle ao Presidente do Parlamento a campa\u00f1a Falar galego \u00e9 saud\u00e1bel -\" \/>\n<meta property=\"og:description\" content=\"As entidades inciden no uso do galego entre persoal sanitario e doentes como boa pr\u00e1ctica que evita erros de comprensi\u00f3n e favorece a precisi\u00f3n [...]\" \/>\n<meta property=\"og:url\" content=\"https:\/\/www.anovapeneira.gal\/index.php\/2020\/02\/18\/a-mesa-e-o-grupo-de-lingua-do-estudantado-de-medicina-presentanlle-ao-presidente-do-parlamento-a-campana-falar-galego-e-saudabel\/\" \/>\n<meta property=\"article:publisher\" content=\"https:\/\/www.facebook.com\/anovapeneira\" \/>\n<meta property=\"article:published_time\" content=\"2020-02-18T13:00:07+00:00\" \/>\n<meta property=\"og:image\" content=\"https:\/\/www.anovapeneira.gal\/wp-content\/uploads\/2019\/09\/a_mesa_normalizacion_linguisticas_a_nova_peneira.jpg\" \/>\n\t<meta property=\"og:image:width\" content=\"720\" \/>\n\t<meta property=\"og:image:height\" content=\"473\" \/>\n\t<meta property=\"og:image:type\" content=\"image\/jpeg\" \/>\n<meta name=\"author\" content=\"Redacci\u00f3n A Nova Peneira\" \/>\n<meta name=\"twitter:card\" content=\"summary_large_image\" \/>\n<meta name=\"twitter:creator\" content=\"@APeneira\" \/>\n<meta name=\"twitter:site\" content=\"@APeneira\" \/>\n<meta name=\"twitter:label1\" content=\"Escrito por\" \/>\n\t<meta name=\"twitter:data1\" content=\"Redacci\u00f3n A Nova Peneira\" \/>\n\t<meta name=\"twitter:label2\" content=\"Tempo de lectura\" \/>\n\t<meta name=\"twitter:data2\" content=\"3 minutos\" \/>\n<script type=\"application\/ld+json\" class=\"yoast-schema-graph\">{\"@context\":\"https:\\\/\\\/schema.org\",\"@graph\":[{\"@type\":\"Article\",\"@id\":\"https:\\\/\\\/www.anovapeneira.gal\\\/index.php\\\/2020\\\/02\\\/18\\\/a-mesa-e-o-grupo-de-lingua-do-estudantado-de-medicina-presentanlle-ao-presidente-do-parlamento-a-campana-falar-galego-e-saudabel\\\/#article\",\"isPartOf\":{\"@id\":\"https:\\\/\\\/www.anovapeneira.gal\\\/index.php\\\/2020\\\/02\\\/18\\\/a-mesa-e-o-grupo-de-lingua-do-estudantado-de-medicina-presentanlle-ao-presidente-do-parlamento-a-campana-falar-galego-e-saudabel\\\/\"},\"author\":{\"name\":\"Redacci\u00f3n A Nova Peneira\",\"@id\":\"https:\\\/\\\/www.anovapeneira.gal\\\/#\\\/schema\\\/person\\\/b93e3f8932e3f8da96334607eb6ac6aa\"},\"headline\":\"A Mesa e o grupo de lingua do estudantado de Medicina pres\u00e9ntanlle ao Presidente do Parlamento a campa\u00f1a Falar galego \u00e9 saud\u00e1bel\",\"datePublished\":\"2020-02-18T13:00:07+00:00\",\"mainEntityOfPage\":{\"@id\":\"https:\\\/\\\/www.anovapeneira.gal\\\/index.php\\\/2020\\\/02\\\/18\\\/a-mesa-e-o-grupo-de-lingua-do-estudantado-de-medicina-presentanlle-ao-presidente-do-parlamento-a-campana-falar-galego-e-saudabel\\\/\"},\"wordCount\":675,\"commentCount\":0,\"publisher\":{\"@id\":\"https:\\\/\\\/www.anovapeneira.gal\\\/#organization\"},\"image\":{\"@id\":\"https:\\\/\\\/www.anovapeneira.gal\\\/index.php\\\/2020\\\/02\\\/18\\\/a-mesa-e-o-grupo-de-lingua-do-estudantado-de-medicina-presentanlle-ao-presidente-do-parlamento-a-campana-falar-galego-e-saudabel\\\/#primaryimage\"},\"thumbnailUrl\":\"https:\\\/\\\/www.anovapeneira.gal\\\/wp-content\\\/uploads\\\/2019\\\/09\\\/a_mesa_normalizacion_linguisticas_a_nova_peneira.jpg\",\"keywords\":[\"Falar galego \u00e9 saud\u00e1bel\",\"Normalizaci\u00f3n ling\u00fc\u00edstica\"],\"articleSection\":[\"Novas\"],\"inLanguage\":\"gl-ES\",\"potentialAction\":[{\"@type\":\"CommentAction\",\"name\":\"Comment\",\"target\":[\"https:\\\/\\\/www.anovapeneira.gal\\\/index.php\\\/2020\\\/02\\\/18\\\/a-mesa-e-o-grupo-de-lingua-do-estudantado-de-medicina-presentanlle-ao-presidente-do-parlamento-a-campana-falar-galego-e-saudabel\\\/#respond\"]}]},{\"@type\":\"WebPage\",\"@id\":\"https:\\\/\\\/www.anovapeneira.gal\\\/index.php\\\/2020\\\/02\\\/18\\\/a-mesa-e-o-grupo-de-lingua-do-estudantado-de-medicina-presentanlle-ao-presidente-do-parlamento-a-campana-falar-galego-e-saudabel\\\/\",\"url\":\"https:\\\/\\\/www.anovapeneira.gal\\\/index.php\\\/2020\\\/02\\\/18\\\/a-mesa-e-o-grupo-de-lingua-do-estudantado-de-medicina-presentanlle-ao-presidente-do-parlamento-a-campana-falar-galego-e-saudabel\\\/\",\"name\":\"A Mesa e o grupo de lingua do estudantado de Medicina pres\u00e9ntanlle ao Presidente do Parlamento a campa\u00f1a Falar galego \u00e9 saud\u00e1bel -\",\"isPartOf\":{\"@id\":\"https:\\\/\\\/www.anovapeneira.gal\\\/#website\"},\"primaryImageOfPage\":{\"@id\":\"https:\\\/\\\/www.anovapeneira.gal\\\/index.php\\\/2020\\\/02\\\/18\\\/a-mesa-e-o-grupo-de-lingua-do-estudantado-de-medicina-presentanlle-ao-presidente-do-parlamento-a-campana-falar-galego-e-saudabel\\\/#primaryimage\"},\"image\":{\"@id\":\"https:\\\/\\\/www.anovapeneira.gal\\\/index.php\\\/2020\\\/02\\\/18\\\/a-mesa-e-o-grupo-de-lingua-do-estudantado-de-medicina-presentanlle-ao-presidente-do-parlamento-a-campana-falar-galego-e-saudabel\\\/#primaryimage\"},\"thumbnailUrl\":\"https:\\\/\\\/www.anovapeneira.gal\\\/wp-content\\\/uploads\\\/2019\\\/09\\\/a_mesa_normalizacion_linguisticas_a_nova_peneira.jpg\",\"datePublished\":\"2020-02-18T13:00:07+00:00\",\"breadcrumb\":{\"@id\":\"https:\\\/\\\/www.anovapeneira.gal\\\/index.php\\\/2020\\\/02\\\/18\\\/a-mesa-e-o-grupo-de-lingua-do-estudantado-de-medicina-presentanlle-ao-presidente-do-parlamento-a-campana-falar-galego-e-saudabel\\\/#breadcrumb\"},\"inLanguage\":\"gl-ES\",\"potentialAction\":[{\"@type\":\"ReadAction\",\"target\":[\"https:\\\/\\\/www.anovapeneira.gal\\\/index.php\\\/2020\\\/02\\\/18\\\/a-mesa-e-o-grupo-de-lingua-do-estudantado-de-medicina-presentanlle-ao-presidente-do-parlamento-a-campana-falar-galego-e-saudabel\\\/\"]}]},{\"@type\":\"ImageObject\",\"inLanguage\":\"gl-ES\",\"@id\":\"https:\\\/\\\/www.anovapeneira.gal\\\/index.php\\\/2020\\\/02\\\/18\\\/a-mesa-e-o-grupo-de-lingua-do-estudantado-de-medicina-presentanlle-ao-presidente-do-parlamento-a-campana-falar-galego-e-saudabel\\\/#primaryimage\",\"url\":\"https:\\\/\\\/www.anovapeneira.gal\\\/wp-content\\\/uploads\\\/2019\\\/09\\\/a_mesa_normalizacion_linguisticas_a_nova_peneira.jpg\",\"contentUrl\":\"https:\\\/\\\/www.anovapeneira.gal\\\/wp-content\\\/uploads\\\/2019\\\/09\\\/a_mesa_normalizacion_linguisticas_a_nova_peneira.jpg\",\"width\":720,\"height\":473,\"caption\":\"A Mesa de normalizaci\u00f3n A Nova Peneira\"},{\"@type\":\"BreadcrumbList\",\"@id\":\"https:\\\/\\\/www.anovapeneira.gal\\\/index.php\\\/2020\\\/02\\\/18\\\/a-mesa-e-o-grupo-de-lingua-do-estudantado-de-medicina-presentanlle-ao-presidente-do-parlamento-a-campana-falar-galego-e-saudabel\\\/#breadcrumb\",\"itemListElement\":[{\"@type\":\"ListItem\",\"position\":1,\"name\":\"Portada\",\"item\":\"https:\\\/\\\/www.anovapeneira.gal\\\/\"},{\"@type\":\"ListItem\",\"position\":2,\"name\":\"A Mesa e o grupo de lingua do estudantado de Medicina pres\u00e9ntanlle ao Presidente do Parlamento a campa\u00f1a Falar galego \u00e9 saud\u00e1bel\"}]},{\"@type\":\"WebSite\",\"@id\":\"https:\\\/\\\/www.anovapeneira.gal\\\/#website\",\"url\":\"https:\\\/\\\/www.anovapeneira.gal\\\/\",\"name\":\"\",\"description\":\"Xornal galego de informaci\u00f3n xeral Publicaci\u00f3n mensual de novas de Galicia e en especial dos Concellos da sur da provincia de Pontevedra.\",\"publisher\":{\"@id\":\"https:\\\/\\\/www.anovapeneira.gal\\\/#organization\"},\"potentialAction\":[{\"@type\":\"SearchAction\",\"target\":{\"@type\":\"EntryPoint\",\"urlTemplate\":\"https:\\\/\\\/www.anovapeneira.gal\\\/?s={search_term_string}\"},\"query-input\":{\"@type\":\"PropertyValueSpecification\",\"valueRequired\":true,\"valueName\":\"search_term_string\"}}],\"inLanguage\":\"gl-ES\"},{\"@type\":\"Organization\",\"@id\":\"https:\\\/\\\/www.anovapeneira.gal\\\/#organization\",\"name\":\"A Nova Peneira\",\"url\":\"https:\\\/\\\/www.anovapeneira.gal\\\/\",\"logo\":{\"@type\":\"ImageObject\",\"inLanguage\":\"gl-ES\",\"@id\":\"https:\\\/\\\/www.anovapeneira.gal\\\/#\\\/schema\\\/logo\\\/image\\\/\",\"url\":\"http:\\\/\\\/www.anovapeneira.gal\\\/wp-content\\\/uploads\\\/2019\\\/06\\\/logo_a_nova_peneira_portal_web.png\",\"contentUrl\":\"http:\\\/\\\/www.anovapeneira.gal\\\/wp-content\\\/uploads\\\/2019\\\/06\\\/logo_a_nova_peneira_portal_web.png\",\"width\":300,\"height\":100,\"caption\":\"A Nova Peneira\"},\"image\":{\"@id\":\"https:\\\/\\\/www.anovapeneira.gal\\\/#\\\/schema\\\/logo\\\/image\\\/\"},\"sameAs\":[\"https:\\\/\\\/www.facebook.com\\\/anovapeneira\",\"https:\\\/\\\/x.com\\\/APeneira\"]},{\"@type\":\"Person\",\"@id\":\"https:\\\/\\\/www.anovapeneira.gal\\\/#\\\/schema\\\/person\\\/b93e3f8932e3f8da96334607eb6ac6aa\",\"name\":\"Redacci\u00f3n A Nova Peneira\",\"image\":{\"@type\":\"ImageObject\",\"inLanguage\":\"gl-ES\",\"@id\":\"https:\\\/\\\/secure.gravatar.com\\\/avatar\\\/c052a2551a06e23fac63626232eaa90abd78dbcf1700fc46a2b2c89fd27b735f?s=96&d=mm&r=g\",\"url\":\"https:\\\/\\\/secure.gravatar.com\\\/avatar\\\/c052a2551a06e23fac63626232eaa90abd78dbcf1700fc46a2b2c89fd27b735f?s=96&d=mm&r=g\",\"contentUrl\":\"https:\\\/\\\/secure.gravatar.com\\\/avatar\\\/c052a2551a06e23fac63626232eaa90abd78dbcf1700fc46a2b2c89fd27b735f?s=96&d=mm&r=g\",\"caption\":\"Redacci\u00f3n A Nova Peneira\"},\"sameAs\":[\"http:\\\/\\\/www.anovapeneira.gal\\\/\"],\"url\":\"https:\\\/\\\/www.anovapeneira.gal\\\/index.php\\\/author\\\/redactor\\\/\"}]}<\/script>\n<!-- \/ Yoast SEO plugin. -->","yoast_head_json":{"title":"A Mesa e o grupo de lingua do estudantado de Medicina pres\u00e9ntanlle ao Presidente do Parlamento a campa\u00f1a Falar galego \u00e9 saud\u00e1bel -","robots":{"index":"index","follow":"follow","max-snippet":"max-snippet:-1","max-image-preview":"max-image-preview:large","max-video-preview":"max-video-preview:-1"},"canonical":"https:\/\/www.anovapeneira.gal\/index.php\/2020\/02\/18\/a-mesa-e-o-grupo-de-lingua-do-estudantado-de-medicina-presentanlle-ao-presidente-do-parlamento-a-campana-falar-galego-e-saudabel\/","og_locale":"gl_ES","og_type":"article","og_title":"A Mesa e o grupo de lingua do estudantado de Medicina pres\u00e9ntanlle ao Presidente do Parlamento a campa\u00f1a Falar galego \u00e9 saud\u00e1bel -","og_description":"As entidades inciden no uso do galego entre persoal sanitario e doentes como boa pr\u00e1ctica que evita erros de comprensi\u00f3n e favorece a precisi\u00f3n [...]","og_url":"https:\/\/www.anovapeneira.gal\/index.php\/2020\/02\/18\/a-mesa-e-o-grupo-de-lingua-do-estudantado-de-medicina-presentanlle-ao-presidente-do-parlamento-a-campana-falar-galego-e-saudabel\/","article_publisher":"https:\/\/www.facebook.com\/anovapeneira","article_published_time":"2020-02-18T13:00:07+00:00","og_image":[{"width":720,"height":473,"url":"https:\/\/www.anovapeneira.gal\/wp-content\/uploads\/2019\/09\/a_mesa_normalizacion_linguisticas_a_nova_peneira.jpg","type":"image\/jpeg"}],"author":"Redacci\u00f3n A Nova Peneira","twitter_card":"summary_large_image","twitter_creator":"@APeneira","twitter_site":"@APeneira","twitter_misc":{"Escrito por":"Redacci\u00f3n A Nova Peneira","Tempo de lectura":"3 minutos"},"schema":{"@context":"https:\/\/schema.org","@graph":[{"@type":"Article","@id":"https:\/\/www.anovapeneira.gal\/index.php\/2020\/02\/18\/a-mesa-e-o-grupo-de-lingua-do-estudantado-de-medicina-presentanlle-ao-presidente-do-parlamento-a-campana-falar-galego-e-saudabel\/#article","isPartOf":{"@id":"https:\/\/www.anovapeneira.gal\/index.php\/2020\/02\/18\/a-mesa-e-o-grupo-de-lingua-do-estudantado-de-medicina-presentanlle-ao-presidente-do-parlamento-a-campana-falar-galego-e-saudabel\/"},"author":{"name":"Redacci\u00f3n A Nova Peneira","@id":"https:\/\/www.anovapeneira.gal\/#\/schema\/person\/b93e3f8932e3f8da96334607eb6ac6aa"},"headline":"A Mesa e o grupo de lingua do estudantado de Medicina pres\u00e9ntanlle ao Presidente do Parlamento a campa\u00f1a Falar galego \u00e9 saud\u00e1bel","datePublished":"2020-02-18T13:00:07+00:00","mainEntityOfPage":{"@id":"https:\/\/www.anovapeneira.gal\/index.php\/2020\/02\/18\/a-mesa-e-o-grupo-de-lingua-do-estudantado-de-medicina-presentanlle-ao-presidente-do-parlamento-a-campana-falar-galego-e-saudabel\/"},"wordCount":675,"commentCount":0,"publisher":{"@id":"https:\/\/www.anovapeneira.gal\/#organization"},"image":{"@id":"https:\/\/www.anovapeneira.gal\/index.php\/2020\/02\/18\/a-mesa-e-o-grupo-de-lingua-do-estudantado-de-medicina-presentanlle-ao-presidente-do-parlamento-a-campana-falar-galego-e-saudabel\/#primaryimage"},"thumbnailUrl":"https:\/\/www.anovapeneira.gal\/wp-content\/uploads\/2019\/09\/a_mesa_normalizacion_linguisticas_a_nova_peneira.jpg","keywords":["Falar galego \u00e9 saud\u00e1bel","Normalizaci\u00f3n ling\u00fc\u00edstica"],"articleSection":["Novas"],"inLanguage":"gl-ES","potentialAction":[{"@type":"CommentAction","name":"Comment","target":["https:\/\/www.anovapeneira.gal\/index.php\/2020\/02\/18\/a-mesa-e-o-grupo-de-lingua-do-estudantado-de-medicina-presentanlle-ao-presidente-do-parlamento-a-campana-falar-galego-e-saudabel\/#respond"]}]},{"@type":"WebPage","@id":"https:\/\/www.anovapeneira.gal\/index.php\/2020\/02\/18\/a-mesa-e-o-grupo-de-lingua-do-estudantado-de-medicina-presentanlle-ao-presidente-do-parlamento-a-campana-falar-galego-e-saudabel\/","url":"https:\/\/www.anovapeneira.gal\/index.php\/2020\/02\/18\/a-mesa-e-o-grupo-de-lingua-do-estudantado-de-medicina-presentanlle-ao-presidente-do-parlamento-a-campana-falar-galego-e-saudabel\/","name":"A Mesa e o grupo de lingua do estudantado de Medicina pres\u00e9ntanlle ao Presidente do Parlamento a campa\u00f1a Falar galego \u00e9 saud\u00e1bel -","isPartOf":{"@id":"https:\/\/www.anovapeneira.gal\/#website"},"primaryImageOfPage":{"@id":"https:\/\/www.anovapeneira.gal\/index.php\/2020\/02\/18\/a-mesa-e-o-grupo-de-lingua-do-estudantado-de-medicina-presentanlle-ao-presidente-do-parlamento-a-campana-falar-galego-e-saudabel\/#primaryimage"},"image":{"@id":"https:\/\/www.anovapeneira.gal\/index.php\/2020\/02\/18\/a-mesa-e-o-grupo-de-lingua-do-estudantado-de-medicina-presentanlle-ao-presidente-do-parlamento-a-campana-falar-galego-e-saudabel\/#primaryimage"},"thumbnailUrl":"https:\/\/www.anovapeneira.gal\/wp-content\/uploads\/2019\/09\/a_mesa_normalizacion_linguisticas_a_nova_peneira.jpg","datePublished":"2020-02-18T13:00:07+00:00","breadcrumb":{"@id":"https:\/\/www.anovapeneira.gal\/index.php\/2020\/02\/18\/a-mesa-e-o-grupo-de-lingua-do-estudantado-de-medicina-presentanlle-ao-presidente-do-parlamento-a-campana-falar-galego-e-saudabel\/#breadcrumb"},"inLanguage":"gl-ES","potentialAction":[{"@type":"ReadAction","target":["https:\/\/www.anovapeneira.gal\/index.php\/2020\/02\/18\/a-mesa-e-o-grupo-de-lingua-do-estudantado-de-medicina-presentanlle-ao-presidente-do-parlamento-a-campana-falar-galego-e-saudabel\/"]}]},{"@type":"ImageObject","inLanguage":"gl-ES","@id":"https:\/\/www.anovapeneira.gal\/index.php\/2020\/02\/18\/a-mesa-e-o-grupo-de-lingua-do-estudantado-de-medicina-presentanlle-ao-presidente-do-parlamento-a-campana-falar-galego-e-saudabel\/#primaryimage","url":"https:\/\/www.anovapeneira.gal\/wp-content\/uploads\/2019\/09\/a_mesa_normalizacion_linguisticas_a_nova_peneira.jpg","contentUrl":"https:\/\/www.anovapeneira.gal\/wp-content\/uploads\/2019\/09\/a_mesa_normalizacion_linguisticas_a_nova_peneira.jpg","width":720,"height":473,"caption":"A Mesa de normalizaci\u00f3n A Nova Peneira"},{"@type":"BreadcrumbList","@id":"https:\/\/www.anovapeneira.gal\/index.php\/2020\/02\/18\/a-mesa-e-o-grupo-de-lingua-do-estudantado-de-medicina-presentanlle-ao-presidente-do-parlamento-a-campana-falar-galego-e-saudabel\/#breadcrumb","itemListElement":[{"@type":"ListItem","position":1,"name":"Portada","item":"https:\/\/www.anovapeneira.gal\/"},{"@type":"ListItem","position":2,"name":"A Mesa e o grupo de lingua do estudantado de Medicina pres\u00e9ntanlle ao Presidente do Parlamento a campa\u00f1a Falar galego \u00e9 saud\u00e1bel"}]},{"@type":"WebSite","@id":"https:\/\/www.anovapeneira.gal\/#website","url":"https:\/\/www.anovapeneira.gal\/","name":"","description":"Xornal galego de informaci\u00f3n xeral Publicaci\u00f3n mensual de novas de Galicia e en especial dos Concellos da sur da provincia de Pontevedra.","publisher":{"@id":"https:\/\/www.anovapeneira.gal\/#organization"},"potentialAction":[{"@type":"SearchAction","target":{"@type":"EntryPoint","urlTemplate":"https:\/\/www.anovapeneira.gal\/?s={search_term_string}"},"query-input":{"@type":"PropertyValueSpecification","valueRequired":true,"valueName":"search_term_string"}}],"inLanguage":"gl-ES"},{"@type":"Organization","@id":"https:\/\/www.anovapeneira.gal\/#organization","name":"A Nova Peneira","url":"https:\/\/www.anovapeneira.gal\/","logo":{"@type":"ImageObject","inLanguage":"gl-ES","@id":"https:\/\/www.anovapeneira.gal\/#\/schema\/logo\/image\/","url":"http:\/\/www.anovapeneira.gal\/wp-content\/uploads\/2019\/06\/logo_a_nova_peneira_portal_web.png","contentUrl":"http:\/\/www.anovapeneira.gal\/wp-content\/uploads\/2019\/06\/logo_a_nova_peneira_portal_web.png","width":300,"height":100,"caption":"A Nova Peneira"},"image":{"@id":"https:\/\/www.anovapeneira.gal\/#\/schema\/logo\/image\/"},"sameAs":["https:\/\/www.facebook.com\/anovapeneira","https:\/\/x.com\/APeneira"]},{"@type":"Person","@id":"https:\/\/www.anovapeneira.gal\/#\/schema\/person\/b93e3f8932e3f8da96334607eb6ac6aa","name":"Redacci\u00f3n A Nova Peneira","image":{"@type":"ImageObject","inLanguage":"gl-ES","@id":"https:\/\/secure.gravatar.com\/avatar\/c052a2551a06e23fac63626232eaa90abd78dbcf1700fc46a2b2c89fd27b735f?s=96&d=mm&r=g","url":"https:\/\/secure.gravatar.com\/avatar\/c052a2551a06e23fac63626232eaa90abd78dbcf1700fc46a2b2c89fd27b735f?s=96&d=mm&r=g","contentUrl":"https:\/\/secure.gravatar.com\/avatar\/c052a2551a06e23fac63626232eaa90abd78dbcf1700fc46a2b2c89fd27b735f?s=96&d=mm&r=g","caption":"Redacci\u00f3n A Nova Peneira"},"sameAs":["http:\/\/www.anovapeneira.gal\/"],"url":"https:\/\/www.anovapeneira.gal\/index.php\/author\/redactor\/"}]}},"jetpack_featured_media_url":"https:\/\/www.anovapeneira.gal\/wp-content\/uploads\/2019\/09\/a_mesa_normalizacion_linguisticas_a_nova_peneira.jpg","_links":{"self":[{"href":"https:\/\/www.anovapeneira.gal\/index.php\/wp-json\/wp\/v2\/posts\/2555","targetHints":{"allow":["GET"]}}],"collection":[{"href":"https:\/\/www.anovapeneira.gal\/index.php\/wp-json\/wp\/v2\/posts"}],"about":[{"href":"https:\/\/www.anovapeneira.gal\/index.php\/wp-json\/wp\/v2\/types\/post"}],"author":[{"embeddable":true,"href":"https:\/\/www.anovapeneira.gal\/index.php\/wp-json\/wp\/v2\/users\/3"}],"replies":[{"embeddable":true,"href":"https:\/\/www.anovapeneira.gal\/index.php\/wp-json\/wp\/v2\/comments?post=2555"}],"version-history":[{"count":1,"href":"https:\/\/www.anovapeneira.gal\/index.php\/wp-json\/wp\/v2\/posts\/2555\/revisions"}],"predecessor-version":[{"id":2556,"href":"https:\/\/www.anovapeneira.gal\/index.php\/wp-json\/wp\/v2\/posts\/2555\/revisions\/2556"}],"wp:featuredmedia":[{"embeddable":true,"href":"https:\/\/www.anovapeneira.gal\/index.php\/wp-json\/wp\/v2\/media\/1422"}],"wp:attachment":[{"href":"https:\/\/www.anovapeneira.gal\/index.php\/wp-json\/wp\/v2\/media?parent=2555"}],"wp:term":[{"taxonomy":"category","embeddable":true,"href":"https:\/\/www.anovapeneira.gal\/index.php\/wp-json\/wp\/v2\/categories?post=2555"},{"taxonomy":"post_tag","embeddable":true,"href":"https:\/\/www.anovapeneira.gal\/index.php\/wp-json\/wp\/v2\/tags?post=2555"}],"curies":[{"name":"wp","href":"https:\/\/api.w.org\/{rel}","templated":true}]}}