{"id":2557,"date":"2020-02-19T10:00:27","date_gmt":"2020-02-19T09:00:27","guid":{"rendered":"http:\/\/www.anovapeneira.gal\/?p=2557"},"modified":"2020-02-16T09:51:47","modified_gmt":"2020-02-16T08:51:47","slug":"concentracion-de-coches-clasicos-populares-e-deportivos-en-zamans","status":"publish","type":"post","link":"https:\/\/www.anovapeneira.gal\/index.php\/2020\/02\/19\/concentracion-de-coches-clasicos-populares-e-deportivos-en-zamans\/","title":{"rendered":"Concentraci\u00f3n de coches cl\u00e1sicos, populares e deportivos en Zam\u00e1ns"},"content":{"rendered":"\n<p>O vindeiro\nmes de marzo, a Comisi\u00f3n de Festas da Virxe Dos Aflixidos de Zam\u00e1ns\n2019\/2020 e en colaboraci\u00f3n coa Escuder\u00eda R\u00edas Baixas, AM Sports,\nJVX, Cl\u00e1sicos Fiolledo e como patrocinadores F. Cocinas e Vila\nRodr\u00edguez S.L. van organizar a primeira edici\u00f3n da concentraci\u00f3n\nde coches cl\u00e1sicos na parroquia, xa que nunca ata agora esta\ncomisi\u00f3n celebrara un evento deste tipo, A Nova Peneira conversa con\nRosana, colaboradora da comisi\u00f3n de festas e unha das organizadoras\ndesta \u201c<em><strong>Concentraci\u00f3n de Coches\nCl\u00e1sicos\u201d.<\/strong><\/em><\/p>\n\n\n\n<figure class=\"wp-block-image size-large\"><img loading=\"lazy\" decoding=\"async\" width=\"725\" height=\"1024\" src=\"http:\/\/www.anovapeneira.gal\/wp-content\/uploads\/2020\/02\/concentracion_coches_zamanas_a_nova_peneira-725x1024.jpg\" alt=\"Concentraci\u00f3n coches Zam\u00e1ns Concello de Vigo A Nova Peneira\" class=\"wp-image-2558\" srcset=\"https:\/\/www.anovapeneira.gal\/wp-content\/uploads\/2020\/02\/concentracion_coches_zamanas_a_nova_peneira-725x1024.jpg 725w, https:\/\/www.anovapeneira.gal\/wp-content\/uploads\/2020\/02\/concentracion_coches_zamanas_a_nova_peneira-212x300.jpg 212w, https:\/\/www.anovapeneira.gal\/wp-content\/uploads\/2020\/02\/concentracion_coches_zamanas_a_nova_peneira.jpg 753w\" sizes=\"auto, (max-width: 725px) 100vw, 725px\" \/><\/figure>\n\n\n\n<p><strong>Rosana,\nF\u00e1lanos un pouco da festa da Virxe dos Aflixidos de Zam\u00e1ns e da\ncomisi\u00f3n de festas.<\/strong><\/p>\n\n\n\n<blockquote class=\"wp-block-quote is-layout-flow wp-block-quote-is-layout-flow\"><p>Esta festa \u00e9 de car\u00e1cter l\u00fadica e relixiosa e cel\u00e9brase sempre a primeira fin de semana de setembro, desde hai uns anos son catro d\u00edas de festexos; venres, s\u00e1bado, domingo e luns.  <\/p><\/blockquote>\n\n\n\n<blockquote class=\"wp-block-quote is-layout-flow wp-block-quote-is-layout-flow\"><p>Os membros da comisi\u00f3n de festas traballan arreo todo o ano para poder sufragar os gastos deste catro festeiros d\u00edas, este ano son 12 persoas os membros da mesma, e a maiores desta nova concentraci\u00f3n de coches tam\u00e9n organizan diferentes eventos como rutas cabalares, xincanas de coches, e mesmo un bingo social que se fai os venres no bar da comisi\u00f3n.<\/p><\/blockquote>\n\n\n\n<p><strong>Agora\nf\u00e1lanos desta primeira edici\u00f3n de Concentraci\u00f3n de Coches\nCl\u00e1sicos, Populares e deportivos.<\/strong><\/p>\n\n\n\n<blockquote class=\"wp-block-quote is-layout-flow wp-block-quote-is-layout-flow\"><p>O domingo 29 de marzo, \u00e1s 10:00h,  imos tomar un punto de partida, que vai ser o Parque Forestal de Zam\u00e1ns. Todos os participantes van ter un almorzo gratis e despois faremos unha ruta. Sairemos por Zam\u00e1ns, Beade, Bembrive, Monte Alba, Freixo e Matam\u00e1, \u00e9 dicir, un percorrido polas parroquias de Vigo lindeiras con Zam\u00e1ns. Posiblemente faremos unha visitas aos mu\u00ed\u00f1os de Zam\u00e1ns, percorrido que se far\u00e1 a p\u00e9, consideramos que esta \u00e9 unha maneira saudade de visitar unha zona de Zam\u00e1ns, bonita e restaurada que non te\u00f1en todas as parroquias de Vigo e hai que aproveitalo. Logo volveremos ao Parque Forestal de Zam\u00e1ns para facer unha exposici\u00f3n de coches e contaremos cunha charla entre os propietarios dos veh\u00edculos, afeccionados a esta modalidade. Ao mediod\u00eda faremos un xantar cunha churrascada e logo desta faremos unha entrega de premios nas modalidades de coche m\u00e1is antigo, ao m\u00e1is coidado, ao que leve o disfrace m\u00e1is orixinal e sortearemos tam\u00e9n alg\u00fan agasallo entre os participantes.<\/p><\/blockquote>\n\n\n\n<p><strong>Ao ser a\nPrimeira Edici\u00f3n, tedes xa unha asistencia prevista?, cales son as\nvosas expectativas de participantes?<\/strong><\/p>\n\n\n\n<blockquote class=\"wp-block-quote is-layout-flow wp-block-quote-is-layout-flow\"><p>A\u00ednda \u00e9 bastante cedo para ter inscritos, normalmente a xente soe facelo uns quince d\u00edas antes. Si que temos confirmaci\u00f3ns verbais, pero inscritos de momento a\u00ednda non. Notamos que vai ter unha boa aceptaci\u00f3n entre os amantes deste tipo de concentraci\u00f3ns.<\/p><\/blockquote>\n\n\n\n<blockquote class=\"wp-block-quote is-layout-flow wp-block-quote-is-layout-flow\"><p>Sobre a asistencia, o noso obxectivo son 80 coches participantes.<\/p><\/blockquote>\n\n\n\n<p><strong>E que\nestades a facer para que te\u00f1a a m\u00e1xima divulgaci\u00f3n posible?<\/strong><\/p>\n\n\n\n<blockquote class=\"wp-block-quote is-layout-flow wp-block-quote-is-layout-flow\"><p>Xa temos postos cartaces, estamos nas redes sociais, en grupos de wasp e pretendemos promocionalo en prensa tam\u00e9n para que te\u00f1a a m\u00e1xima asistencia, pois vai ser algo novo nesta parroquia, pero coido que vai gustar e que poderemos repetilo m\u00e1is anos.<\/p><\/blockquote>\n\n\n\n<p><strong>Que hai\nque facer para inscribirse?<\/strong><\/p>\n\n\n\n<p>A reserva\npode facerse ata o 26 de marzo e temos diferentes prezos:<\/p>\n\n\n\n<blockquote class=\"wp-block-quote is-layout-flow wp-block-quote-is-layout-flow\"><p>18\u20ac por adulto no que se incl\u00fae almorzo, ruta e comida. Os nenos menores de 14 anos pagan 12\u20ac. Tam\u00e9n se pode asistir s\u00f3 ao almorzo e \u00e1 ruta, isto ser\u00edan 7\u20ac para d\u00faas persoas. O n\u00famero de conta para pagar a inscrici\u00f3n \u00e9 <em>ES34-2080-5082-363040014886<\/em> e os tel\u00e9fonos de contacto <em><strong>629 238 822<\/strong><\/em> e <em><strong>629 505 958.<\/strong><\/em><\/p><\/blockquote>\n\n\n\n<p><strong>Moitas\ngrazas Rosana. <\/strong>\n<\/p>\n\n\n\n<p><em><strong>Seguro\nque conseguides os vosos obxectivos e animamos aos afeccionados aos\ncoche cl\u00e1sicos a pasarse por Zam\u00e1ns o vindeiro 29 de marzo. Est\u00e1 \u00e9\na parroquia m\u00e1is pequena de Vigo, pero cun contorno natural m\u00e1is\nque envexable e ben seguro que aos que se animen van volver querer\nrepetir esta experiencia.<\/strong><\/em><\/p>\n","protected":false},"excerpt":{"rendered":"<div class=\"mh-excerpt\"><p>O vindeiro mes de marzo, a Comisi\u00f3n de Festas da Virxe Dos Aflixidos de Zam\u00e1ns 2019\/2020 e en colaboraci\u00f3n coa Escuder\u00eda R\u00edas Baixas, AM Sports, JVX, Cl\u00e1sicos Fiolledo <a class=\"mh-excerpt-more\" href=\"https:\/\/www.anovapeneira.gal\/index.php\/2020\/02\/19\/concentracion-de-coches-clasicos-populares-e-deportivos-en-zamans\/\" title=\"Concentraci\u00f3n de coches cl\u00e1sicos, populares e deportivos en Zam\u00e1ns\">[&#8230;]<\/a><\/p>\n<\/div>","protected":false},"author":3,"featured_media":2559,"comment_status":"open","ping_status":"open","sticky":false,"template":"","format":"standard","meta":{"_exactmetrics_skip_tracking":false,"_exactmetrics_sitenote_active":false,"_exactmetrics_sitenote_note":"","_exactmetrics_sitenote_category":0,"footnotes":""},"categories":[497],"tags":[963,227,964,294],"class_list":{"0":"post-2557","1":"post","2":"type-post","3":"status-publish","4":"format-standard","5":"has-post-thumbnail","7":"category-vigo-reportaxes","8":"tag-coches-clasicos","9":"tag-concello-de-vigo","10":"tag-deportivos","11":"tag-zamans"},"yoast_head":"<!-- This site is optimized with the Yoast SEO plugin v27.4 - https:\/\/yoast.com\/product\/yoast-seo-wordpress\/ -->\n<title>Concentraci\u00f3n de coches cl\u00e1sicos, populares e deportivos en Zam\u00e1ns -<\/title>\n<meta name=\"robots\" content=\"index, follow, max-snippet:-1, max-image-preview:large, max-video-preview:-1\" \/>\n<link rel=\"canonical\" href=\"https:\/\/www.anovapeneira.gal\/index.php\/2020\/02\/19\/concentracion-de-coches-clasicos-populares-e-deportivos-en-zamans\/\" \/>\n<meta property=\"og:locale\" content=\"gl_ES\" \/>\n<meta property=\"og:type\" content=\"article\" \/>\n<meta property=\"og:title\" content=\"Concentraci\u00f3n de coches cl\u00e1sicos, populares e deportivos en Zam\u00e1ns -\" \/>\n<meta property=\"og:description\" content=\"O vindeiro mes de marzo, a Comisi\u00f3n de Festas da Virxe Dos Aflixidos de Zam\u00e1ns 2019\/2020 e en colaboraci\u00f3n coa Escuder\u00eda R\u00edas Baixas, AM Sports, JVX, Cl\u00e1sicos Fiolledo [...]\" \/>\n<meta property=\"og:url\" content=\"https:\/\/www.anovapeneira.gal\/index.php\/2020\/02\/19\/concentracion-de-coches-clasicos-populares-e-deportivos-en-zamans\/\" \/>\n<meta property=\"article:publisher\" content=\"https:\/\/www.facebook.com\/anovapeneira\" \/>\n<meta property=\"article:published_time\" content=\"2020-02-19T09:00:27+00:00\" \/>\n<meta property=\"og:image\" content=\"https:\/\/www.anovapeneira.gal\/wp-content\/uploads\/2020\/02\/concentracion_foto_coches_zamanas_a_nova_peneira.jpg\" \/>\n\t<meta property=\"og:image:width\" content=\"720\" \/>\n\t<meta property=\"og:image:height\" content=\"432\" \/>\n\t<meta property=\"og:image:type\" content=\"image\/jpeg\" \/>\n<meta name=\"author\" content=\"Redacci\u00f3n A Nova Peneira\" \/>\n<meta name=\"twitter:card\" content=\"summary_large_image\" \/>\n<meta name=\"twitter:creator\" content=\"@APeneira\" \/>\n<meta name=\"twitter:site\" content=\"@APeneira\" \/>\n<meta name=\"twitter:label1\" content=\"Escrito por\" \/>\n\t<meta name=\"twitter:data1\" content=\"Redacci\u00f3n A Nova Peneira\" \/>\n\t<meta name=\"twitter:label2\" content=\"Tempo de lectura\" \/>\n\t<meta name=\"twitter:data2\" content=\"3 minutos\" \/>\n<script type=\"application\/ld+json\" class=\"yoast-schema-graph\">{\"@context\":\"https:\\\/\\\/schema.org\",\"@graph\":[{\"@type\":\"Article\",\"@id\":\"https:\\\/\\\/www.anovapeneira.gal\\\/index.php\\\/2020\\\/02\\\/19\\\/concentracion-de-coches-clasicos-populares-e-deportivos-en-zamans\\\/#article\",\"isPartOf\":{\"@id\":\"https:\\\/\\\/www.anovapeneira.gal\\\/index.php\\\/2020\\\/02\\\/19\\\/concentracion-de-coches-clasicos-populares-e-deportivos-en-zamans\\\/\"},\"author\":{\"name\":\"Redacci\u00f3n A Nova Peneira\",\"@id\":\"https:\\\/\\\/www.anovapeneira.gal\\\/#\\\/schema\\\/person\\\/b93e3f8932e3f8da96334607eb6ac6aa\"},\"headline\":\"Concentraci\u00f3n de coches cl\u00e1sicos, populares e deportivos en Zam\u00e1ns\",\"datePublished\":\"2020-02-19T09:00:27+00:00\",\"mainEntityOfPage\":{\"@id\":\"https:\\\/\\\/www.anovapeneira.gal\\\/index.php\\\/2020\\\/02\\\/19\\\/concentracion-de-coches-clasicos-populares-e-deportivos-en-zamans\\\/\"},\"wordCount\":683,\"commentCount\":0,\"publisher\":{\"@id\":\"https:\\\/\\\/www.anovapeneira.gal\\\/#organization\"},\"image\":{\"@id\":\"https:\\\/\\\/www.anovapeneira.gal\\\/index.php\\\/2020\\\/02\\\/19\\\/concentracion-de-coches-clasicos-populares-e-deportivos-en-zamans\\\/#primaryimage\"},\"thumbnailUrl\":\"https:\\\/\\\/www.anovapeneira.gal\\\/wp-content\\\/uploads\\\/2020\\\/02\\\/concentracion_foto_coches_zamanas_a_nova_peneira.jpg\",\"keywords\":[\"Coches cl\u00e1sicos\",\"Concello de Vigo\",\"Deportivos\",\"Zam\u00e1ns\"],\"articleSection\":[\"Vigo\"],\"inLanguage\":\"gl-ES\",\"potentialAction\":[{\"@type\":\"CommentAction\",\"name\":\"Comment\",\"target\":[\"https:\\\/\\\/www.anovapeneira.gal\\\/index.php\\\/2020\\\/02\\\/19\\\/concentracion-de-coches-clasicos-populares-e-deportivos-en-zamans\\\/#respond\"]}]},{\"@type\":\"WebPage\",\"@id\":\"https:\\\/\\\/www.anovapeneira.gal\\\/index.php\\\/2020\\\/02\\\/19\\\/concentracion-de-coches-clasicos-populares-e-deportivos-en-zamans\\\/\",\"url\":\"https:\\\/\\\/www.anovapeneira.gal\\\/index.php\\\/2020\\\/02\\\/19\\\/concentracion-de-coches-clasicos-populares-e-deportivos-en-zamans\\\/\",\"name\":\"Concentraci\u00f3n de coches cl\u00e1sicos, populares e deportivos en Zam\u00e1ns -\",\"isPartOf\":{\"@id\":\"https:\\\/\\\/www.anovapeneira.gal\\\/#website\"},\"primaryImageOfPage\":{\"@id\":\"https:\\\/\\\/www.anovapeneira.gal\\\/index.php\\\/2020\\\/02\\\/19\\\/concentracion-de-coches-clasicos-populares-e-deportivos-en-zamans\\\/#primaryimage\"},\"image\":{\"@id\":\"https:\\\/\\\/www.anovapeneira.gal\\\/index.php\\\/2020\\\/02\\\/19\\\/concentracion-de-coches-clasicos-populares-e-deportivos-en-zamans\\\/#primaryimage\"},\"thumbnailUrl\":\"https:\\\/\\\/www.anovapeneira.gal\\\/wp-content\\\/uploads\\\/2020\\\/02\\\/concentracion_foto_coches_zamanas_a_nova_peneira.jpg\",\"datePublished\":\"2020-02-19T09:00:27+00:00\",\"breadcrumb\":{\"@id\":\"https:\\\/\\\/www.anovapeneira.gal\\\/index.php\\\/2020\\\/02\\\/19\\\/concentracion-de-coches-clasicos-populares-e-deportivos-en-zamans\\\/#breadcrumb\"},\"inLanguage\":\"gl-ES\",\"potentialAction\":[{\"@type\":\"ReadAction\",\"target\":[\"https:\\\/\\\/www.anovapeneira.gal\\\/index.php\\\/2020\\\/02\\\/19\\\/concentracion-de-coches-clasicos-populares-e-deportivos-en-zamans\\\/\"]}]},{\"@type\":\"ImageObject\",\"inLanguage\":\"gl-ES\",\"@id\":\"https:\\\/\\\/www.anovapeneira.gal\\\/index.php\\\/2020\\\/02\\\/19\\\/concentracion-de-coches-clasicos-populares-e-deportivos-en-zamans\\\/#primaryimage\",\"url\":\"https:\\\/\\\/www.anovapeneira.gal\\\/wp-content\\\/uploads\\\/2020\\\/02\\\/concentracion_foto_coches_zamanas_a_nova_peneira.jpg\",\"contentUrl\":\"https:\\\/\\\/www.anovapeneira.gal\\\/wp-content\\\/uploads\\\/2020\\\/02\\\/concentracion_foto_coches_zamanas_a_nova_peneira.jpg\",\"width\":720,\"height\":432,\"caption\":\"Concentraci\u00f3n coches Zam\u00e1ns Concello de Vigo A Nova Peneira\"},{\"@type\":\"BreadcrumbList\",\"@id\":\"https:\\\/\\\/www.anovapeneira.gal\\\/index.php\\\/2020\\\/02\\\/19\\\/concentracion-de-coches-clasicos-populares-e-deportivos-en-zamans\\\/#breadcrumb\",\"itemListElement\":[{\"@type\":\"ListItem\",\"position\":1,\"name\":\"Portada\",\"item\":\"https:\\\/\\\/www.anovapeneira.gal\\\/\"},{\"@type\":\"ListItem\",\"position\":2,\"name\":\"Concentraci\u00f3n de coches cl\u00e1sicos, populares e deportivos en Zam\u00e1ns\"}]},{\"@type\":\"WebSite\",\"@id\":\"https:\\\/\\\/www.anovapeneira.gal\\\/#website\",\"url\":\"https:\\\/\\\/www.anovapeneira.gal\\\/\",\"name\":\"\",\"description\":\"Xornal galego de informaci\u00f3n xeral Publicaci\u00f3n mensual de novas de Galicia e en especial dos Concellos da sur da provincia de Pontevedra.\",\"publisher\":{\"@id\":\"https:\\\/\\\/www.anovapeneira.gal\\\/#organization\"},\"potentialAction\":[{\"@type\":\"SearchAction\",\"target\":{\"@type\":\"EntryPoint\",\"urlTemplate\":\"https:\\\/\\\/www.anovapeneira.gal\\\/?s={search_term_string}\"},\"query-input\":{\"@type\":\"PropertyValueSpecification\",\"valueRequired\":true,\"valueName\":\"search_term_string\"}}],\"inLanguage\":\"gl-ES\"},{\"@type\":\"Organization\",\"@id\":\"https:\\\/\\\/www.anovapeneira.gal\\\/#organization\",\"name\":\"A Nova Peneira\",\"url\":\"https:\\\/\\\/www.anovapeneira.gal\\\/\",\"logo\":{\"@type\":\"ImageObject\",\"inLanguage\":\"gl-ES\",\"@id\":\"https:\\\/\\\/www.anovapeneira.gal\\\/#\\\/schema\\\/logo\\\/image\\\/\",\"url\":\"http:\\\/\\\/www.anovapeneira.gal\\\/wp-content\\\/uploads\\\/2019\\\/06\\\/logo_a_nova_peneira_portal_web.png\",\"contentUrl\":\"http:\\\/\\\/www.anovapeneira.gal\\\/wp-content\\\/uploads\\\/2019\\\/06\\\/logo_a_nova_peneira_portal_web.png\",\"width\":300,\"height\":100,\"caption\":\"A Nova Peneira\"},\"image\":{\"@id\":\"https:\\\/\\\/www.anovapeneira.gal\\\/#\\\/schema\\\/logo\\\/image\\\/\"},\"sameAs\":[\"https:\\\/\\\/www.facebook.com\\\/anovapeneira\",\"https:\\\/\\\/x.com\\\/APeneira\"]},{\"@type\":\"Person\",\"@id\":\"https:\\\/\\\/www.anovapeneira.gal\\\/#\\\/schema\\\/person\\\/b93e3f8932e3f8da96334607eb6ac6aa\",\"name\":\"Redacci\u00f3n A Nova Peneira\",\"image\":{\"@type\":\"ImageObject\",\"inLanguage\":\"gl-ES\",\"@id\":\"https:\\\/\\\/secure.gravatar.com\\\/avatar\\\/c052a2551a06e23fac63626232eaa90abd78dbcf1700fc46a2b2c89fd27b735f?s=96&d=mm&r=g\",\"url\":\"https:\\\/\\\/secure.gravatar.com\\\/avatar\\\/c052a2551a06e23fac63626232eaa90abd78dbcf1700fc46a2b2c89fd27b735f?s=96&d=mm&r=g\",\"contentUrl\":\"https:\\\/\\\/secure.gravatar.com\\\/avatar\\\/c052a2551a06e23fac63626232eaa90abd78dbcf1700fc46a2b2c89fd27b735f?s=96&d=mm&r=g\",\"caption\":\"Redacci\u00f3n A Nova Peneira\"},\"sameAs\":[\"http:\\\/\\\/www.anovapeneira.gal\\\/\"],\"url\":\"https:\\\/\\\/www.anovapeneira.gal\\\/index.php\\\/author\\\/redactor\\\/\"}]}<\/script>\n<!-- \/ Yoast SEO plugin. -->","yoast_head_json":{"title":"Concentraci\u00f3n de coches cl\u00e1sicos, populares e deportivos en Zam\u00e1ns -","robots":{"index":"index","follow":"follow","max-snippet":"max-snippet:-1","max-image-preview":"max-image-preview:large","max-video-preview":"max-video-preview:-1"},"canonical":"https:\/\/www.anovapeneira.gal\/index.php\/2020\/02\/19\/concentracion-de-coches-clasicos-populares-e-deportivos-en-zamans\/","og_locale":"gl_ES","og_type":"article","og_title":"Concentraci\u00f3n de coches cl\u00e1sicos, populares e deportivos en Zam\u00e1ns -","og_description":"O vindeiro mes de marzo, a Comisi\u00f3n de Festas da Virxe Dos Aflixidos de Zam\u00e1ns 2019\/2020 e en colaboraci\u00f3n coa Escuder\u00eda R\u00edas Baixas, AM Sports, JVX, Cl\u00e1sicos Fiolledo [...]","og_url":"https:\/\/www.anovapeneira.gal\/index.php\/2020\/02\/19\/concentracion-de-coches-clasicos-populares-e-deportivos-en-zamans\/","article_publisher":"https:\/\/www.facebook.com\/anovapeneira","article_published_time":"2020-02-19T09:00:27+00:00","og_image":[{"width":720,"height":432,"url":"https:\/\/www.anovapeneira.gal\/wp-content\/uploads\/2020\/02\/concentracion_foto_coches_zamanas_a_nova_peneira.jpg","type":"image\/jpeg"}],"author":"Redacci\u00f3n A Nova Peneira","twitter_card":"summary_large_image","twitter_creator":"@APeneira","twitter_site":"@APeneira","twitter_misc":{"Escrito por":"Redacci\u00f3n A Nova Peneira","Tempo de lectura":"3 minutos"},"schema":{"@context":"https:\/\/schema.org","@graph":[{"@type":"Article","@id":"https:\/\/www.anovapeneira.gal\/index.php\/2020\/02\/19\/concentracion-de-coches-clasicos-populares-e-deportivos-en-zamans\/#article","isPartOf":{"@id":"https:\/\/www.anovapeneira.gal\/index.php\/2020\/02\/19\/concentracion-de-coches-clasicos-populares-e-deportivos-en-zamans\/"},"author":{"name":"Redacci\u00f3n A Nova Peneira","@id":"https:\/\/www.anovapeneira.gal\/#\/schema\/person\/b93e3f8932e3f8da96334607eb6ac6aa"},"headline":"Concentraci\u00f3n de coches cl\u00e1sicos, populares e deportivos en Zam\u00e1ns","datePublished":"2020-02-19T09:00:27+00:00","mainEntityOfPage":{"@id":"https:\/\/www.anovapeneira.gal\/index.php\/2020\/02\/19\/concentracion-de-coches-clasicos-populares-e-deportivos-en-zamans\/"},"wordCount":683,"commentCount":0,"publisher":{"@id":"https:\/\/www.anovapeneira.gal\/#organization"},"image":{"@id":"https:\/\/www.anovapeneira.gal\/index.php\/2020\/02\/19\/concentracion-de-coches-clasicos-populares-e-deportivos-en-zamans\/#primaryimage"},"thumbnailUrl":"https:\/\/www.anovapeneira.gal\/wp-content\/uploads\/2020\/02\/concentracion_foto_coches_zamanas_a_nova_peneira.jpg","keywords":["Coches cl\u00e1sicos","Concello de Vigo","Deportivos","Zam\u00e1ns"],"articleSection":["Vigo"],"inLanguage":"gl-ES","potentialAction":[{"@type":"CommentAction","name":"Comment","target":["https:\/\/www.anovapeneira.gal\/index.php\/2020\/02\/19\/concentracion-de-coches-clasicos-populares-e-deportivos-en-zamans\/#respond"]}]},{"@type":"WebPage","@id":"https:\/\/www.anovapeneira.gal\/index.php\/2020\/02\/19\/concentracion-de-coches-clasicos-populares-e-deportivos-en-zamans\/","url":"https:\/\/www.anovapeneira.gal\/index.php\/2020\/02\/19\/concentracion-de-coches-clasicos-populares-e-deportivos-en-zamans\/","name":"Concentraci\u00f3n de coches cl\u00e1sicos, populares e deportivos en Zam\u00e1ns -","isPartOf":{"@id":"https:\/\/www.anovapeneira.gal\/#website"},"primaryImageOfPage":{"@id":"https:\/\/www.anovapeneira.gal\/index.php\/2020\/02\/19\/concentracion-de-coches-clasicos-populares-e-deportivos-en-zamans\/#primaryimage"},"image":{"@id":"https:\/\/www.anovapeneira.gal\/index.php\/2020\/02\/19\/concentracion-de-coches-clasicos-populares-e-deportivos-en-zamans\/#primaryimage"},"thumbnailUrl":"https:\/\/www.anovapeneira.gal\/wp-content\/uploads\/2020\/02\/concentracion_foto_coches_zamanas_a_nova_peneira.jpg","datePublished":"2020-02-19T09:00:27+00:00","breadcrumb":{"@id":"https:\/\/www.anovapeneira.gal\/index.php\/2020\/02\/19\/concentracion-de-coches-clasicos-populares-e-deportivos-en-zamans\/#breadcrumb"},"inLanguage":"gl-ES","potentialAction":[{"@type":"ReadAction","target":["https:\/\/www.anovapeneira.gal\/index.php\/2020\/02\/19\/concentracion-de-coches-clasicos-populares-e-deportivos-en-zamans\/"]}]},{"@type":"ImageObject","inLanguage":"gl-ES","@id":"https:\/\/www.anovapeneira.gal\/index.php\/2020\/02\/19\/concentracion-de-coches-clasicos-populares-e-deportivos-en-zamans\/#primaryimage","url":"https:\/\/www.anovapeneira.gal\/wp-content\/uploads\/2020\/02\/concentracion_foto_coches_zamanas_a_nova_peneira.jpg","contentUrl":"https:\/\/www.anovapeneira.gal\/wp-content\/uploads\/2020\/02\/concentracion_foto_coches_zamanas_a_nova_peneira.jpg","width":720,"height":432,"caption":"Concentraci\u00f3n coches Zam\u00e1ns Concello de Vigo A Nova Peneira"},{"@type":"BreadcrumbList","@id":"https:\/\/www.anovapeneira.gal\/index.php\/2020\/02\/19\/concentracion-de-coches-clasicos-populares-e-deportivos-en-zamans\/#breadcrumb","itemListElement":[{"@type":"ListItem","position":1,"name":"Portada","item":"https:\/\/www.anovapeneira.gal\/"},{"@type":"ListItem","position":2,"name":"Concentraci\u00f3n de coches cl\u00e1sicos, populares e deportivos en Zam\u00e1ns"}]},{"@type":"WebSite","@id":"https:\/\/www.anovapeneira.gal\/#website","url":"https:\/\/www.anovapeneira.gal\/","name":"","description":"Xornal galego de informaci\u00f3n xeral Publicaci\u00f3n mensual de novas de Galicia e en especial dos Concellos da sur da provincia de Pontevedra.","publisher":{"@id":"https:\/\/www.anovapeneira.gal\/#organization"},"potentialAction":[{"@type":"SearchAction","target":{"@type":"EntryPoint","urlTemplate":"https:\/\/www.anovapeneira.gal\/?s={search_term_string}"},"query-input":{"@type":"PropertyValueSpecification","valueRequired":true,"valueName":"search_term_string"}}],"inLanguage":"gl-ES"},{"@type":"Organization","@id":"https:\/\/www.anovapeneira.gal\/#organization","name":"A Nova Peneira","url":"https:\/\/www.anovapeneira.gal\/","logo":{"@type":"ImageObject","inLanguage":"gl-ES","@id":"https:\/\/www.anovapeneira.gal\/#\/schema\/logo\/image\/","url":"http:\/\/www.anovapeneira.gal\/wp-content\/uploads\/2019\/06\/logo_a_nova_peneira_portal_web.png","contentUrl":"http:\/\/www.anovapeneira.gal\/wp-content\/uploads\/2019\/06\/logo_a_nova_peneira_portal_web.png","width":300,"height":100,"caption":"A Nova Peneira"},"image":{"@id":"https:\/\/www.anovapeneira.gal\/#\/schema\/logo\/image\/"},"sameAs":["https:\/\/www.facebook.com\/anovapeneira","https:\/\/x.com\/APeneira"]},{"@type":"Person","@id":"https:\/\/www.anovapeneira.gal\/#\/schema\/person\/b93e3f8932e3f8da96334607eb6ac6aa","name":"Redacci\u00f3n A Nova Peneira","image":{"@type":"ImageObject","inLanguage":"gl-ES","@id":"https:\/\/secure.gravatar.com\/avatar\/c052a2551a06e23fac63626232eaa90abd78dbcf1700fc46a2b2c89fd27b735f?s=96&d=mm&r=g","url":"https:\/\/secure.gravatar.com\/avatar\/c052a2551a06e23fac63626232eaa90abd78dbcf1700fc46a2b2c89fd27b735f?s=96&d=mm&r=g","contentUrl":"https:\/\/secure.gravatar.com\/avatar\/c052a2551a06e23fac63626232eaa90abd78dbcf1700fc46a2b2c89fd27b735f?s=96&d=mm&r=g","caption":"Redacci\u00f3n A Nova Peneira"},"sameAs":["http:\/\/www.anovapeneira.gal\/"],"url":"https:\/\/www.anovapeneira.gal\/index.php\/author\/redactor\/"}]}},"jetpack_featured_media_url":"https:\/\/www.anovapeneira.gal\/wp-content\/uploads\/2020\/02\/concentracion_foto_coches_zamanas_a_nova_peneira.jpg","_links":{"self":[{"href":"https:\/\/www.anovapeneira.gal\/index.php\/wp-json\/wp\/v2\/posts\/2557","targetHints":{"allow":["GET"]}}],"collection":[{"href":"https:\/\/www.anovapeneira.gal\/index.php\/wp-json\/wp\/v2\/posts"}],"about":[{"href":"https:\/\/www.anovapeneira.gal\/index.php\/wp-json\/wp\/v2\/types\/post"}],"author":[{"embeddable":true,"href":"https:\/\/www.anovapeneira.gal\/index.php\/wp-json\/wp\/v2\/users\/3"}],"replies":[{"embeddable":true,"href":"https:\/\/www.anovapeneira.gal\/index.php\/wp-json\/wp\/v2\/comments?post=2557"}],"version-history":[{"count":1,"href":"https:\/\/www.anovapeneira.gal\/index.php\/wp-json\/wp\/v2\/posts\/2557\/revisions"}],"predecessor-version":[{"id":2560,"href":"https:\/\/www.anovapeneira.gal\/index.php\/wp-json\/wp\/v2\/posts\/2557\/revisions\/2560"}],"wp:featuredmedia":[{"embeddable":true,"href":"https:\/\/www.anovapeneira.gal\/index.php\/wp-json\/wp\/v2\/media\/2559"}],"wp:attachment":[{"href":"https:\/\/www.anovapeneira.gal\/index.php\/wp-json\/wp\/v2\/media?parent=2557"}],"wp:term":[{"taxonomy":"category","embeddable":true,"href":"https:\/\/www.anovapeneira.gal\/index.php\/wp-json\/wp\/v2\/categories?post=2557"},{"taxonomy":"post_tag","embeddable":true,"href":"https:\/\/www.anovapeneira.gal\/index.php\/wp-json\/wp\/v2\/tags?post=2557"}],"curies":[{"name":"wp","href":"https:\/\/api.w.org\/{rel}","templated":true}]}}