{"id":2561,"date":"2020-02-19T12:00:25","date_gmt":"2020-02-19T11:00:25","guid":{"rendered":"http:\/\/www.anovapeneira.gal\/?p=2561"},"modified":"2020-02-16T09:58:46","modified_gmt":"2020-02-16T08:58:46","slug":"ponton-o-mellor-que-lle-pode-pasar-a-este-pais-e-un-goberno-presidido-polo-bng-coas-mans-libres-para-defender-galiza","status":"publish","type":"post","link":"https:\/\/www.anovapeneira.gal\/index.php\/2020\/02\/19\/ponton-o-mellor-que-lle-pode-pasar-a-este-pais-e-un-goberno-presidido-polo-bng-coas-mans-libres-para-defender-galiza\/","title":{"rendered":"Pont\u00f3n: \u201cO mellor que lle pode pasar a este pa\u00eds \u00e9 un goberno presidido polo BNG coas mans libres para defender Galiza\u201d"},"content":{"rendered":"\n<h2 class=\"wp-block-heading\">\u201c<strong>Un cara a cara Feix\u00f3o-Pont\u00f3n suscitar\u00eda moito interese\u201d, alega, tras receitar modestia aos que pretenden adiantarse ao resultado das urnas<\/strong><\/h2>\n\n\n\n<h3 class=\"wp-block-heading\"><strong>Rego\nconf\u00eda en que tras o 5A sexa unha presidenta nacionalista quen asuma\na negociaci\u00f3n de m\u00e1is competencias co Estado<\/strong><\/h3>\n\n\n\n<p><strong>Santiago de Compostela, 14 de Febreiro 2020<\/strong><\/p>\n\n\n\n<p>O \u201csalto de xigante\u201d que supuxo para Galiza o acordo de investidura demostrou a importancia de ter forzas propias, de tal xeito que s\u00f3 nun mes e cun deputado, Nestor Rego, o BNG logrou m\u00e1is que Feix\u00f3o en dez anos de submisi\u00f3n e incompetencia.<\/p>\n\n\n\n<p>Se\ncon esa representaci\u00f3n no Congreso Galiza recuperou voz propia e\ninfluencia ante o Estado, a portavoz nacional, Ana Pont\u00f3n, convida a\nimaxinar do que ser\u00eda capaz un Goberno da Xunta presidido polo\nBloque.<\/p>\n\n\n\n<p>\u201cSer\u00eda\no mellor que lle pode pasar a este pa\u00eds: unha Presidencia liderada\npolo BNG, por unha forza coas mans libres para defender Galiza e\nrematar con tempo de gobernos de forzas estatais que se alternan na\ndiscriminaci\u00f3n, subordinando os nosos intereses ao que lles mandan\ndesde Madrid\u201d, explicou a candidata nacionalista.<\/p>\n\n\n\n<p>Pont\u00f3n\ndestacou que \u201cnon chega un cambio cosm\u00e9tico nin de caras\u201d, \u00e9\npreciso abrir un cambio pol\u00edtico real capaz de po\u00f1er en marcha unha\nGaliza m\u00e1is xusta, con m\u00e1is igualdade, benestar social, orgullosa e\nna que vivir e traballar. \u201cE s\u00f3 o BNG \u00e9 garant\u00eda dese cambio\nreal\u201d, sen l\u00edmites nin mordazas, recalcou.<\/p>\n\n\n\n<p>\u201cImos\na por todas porque temos un proxecto s\u00f3lido capaz de mellorar a vida\ndas persoas e unha organizaci\u00f3n unida para, a partir do 5A, desde o\nconvencemento de que non haber\u00e1 maior\u00edas absolutas, liderar o\ncambio real e superar a mera &nbsp;alternancia que xa vemos que da de\nsi\u201d, recalcou Pont\u00f3n, tras destacar que ve a Feix\u00f3o \u201cao borde\ndun ataque de nervios\u201d ante un Bloque a alza.<\/p>\n\n\n\n<p>Preguntada\npola proposta do candidato do PSOE de manter un cara a cara co\ncandidato do PP, a portavoz nacionalista rexeita recortar a\npluralidade nos debates e receita prudencia en lugar de pretender\nadiantarse ao veredicto nas urnas.<\/p>\n\n\n\n<p>\u201cMal\nempezamos a campa\u00f1a electoral querendo limitar o pluralismo pol\u00edtico\nnos debates\u201d, subli\u00f1ou, \u201ce tam\u00e9n pedir\u00eda un pouco de modestia\nporque primeiro ter\u00e1n que falar os galegos e as galegas para dicir a\nque forza pol\u00edtica lle corresponde a responsabilidade de goberno e\nnesa carreira todos e todas estamos situados\u201d.<\/p>\n\n\n\n<p>Por\niso, con id\u00e9ntica l\u00f3xica se pregunta \u201cpor que non un cara a cara\nPont\u00f3n-Feix\u00f3o, estou segura suscitar\u00eda debate na sociedade e son\ntan candidata \u00e1 Presidencia como calquera outro candidato\u201d. \u201cTen\nque haber debate plural e non parece l\u00f3xico que outras forzas se\napunten \u00e1 teor\u00eda de Feix\u00f3o de fuxir dos debates con Bloque\u201d,\nalegou, confiando en que a TVG estea \u00e1 altura e non volva caer no\n\u201cbochorno de convocar debates clandestinos en horarios de m\u00ednima\naudiencia\u201d, como nos \u00faltimos comicios estatais.<\/p>\n\n\n\n<p><em><strong>Resultado\ncomisi\u00f3n de seguimento<\/strong><\/em><\/p>\n\n\n\n<p>A\nl\u00edder nacionalista fac\u00eda estas valoraci\u00f3ns nunha comparecencia\npara explicar o resultado da comisi\u00f3n de seguimento do acordo de\ninvestidura, xunto co deputado Nestor Rego e a portavoz municipal en\nSantiago, Goretti Sanmart\u00edn.<\/p>\n\n\n\n<p>Rego\ndestacou que, se ben hai cuesti\u00f3ns importantes ligadas \u00e1 aprobaci\u00f3n\ndos orzamentos, xa houbo avances en tres cuesti\u00f3ns relevantes.\nAxilizar a convocatoria da mesa de traballo para As Pontes con todas\nas partes implicadas, apurar a creaci\u00f3n dos tres novos xulgados\ncontra a violencia machista e a aprobaci\u00f3n do estatuto para as\nelectrointensivas, que debe ser mellorado para dar unha soluci\u00f3n\nestable ao sector.<\/p>\n\n\n\n<p>En\ncanto \u00e1 posta en marcha da comisi\u00f3n mixta de transferencias\nXunta-Estado, salientou que por motivo do adianto electoral quedou\naprazada at\u00e9 despois da cita coas urnas, e conf\u00eda en que a partir\ndo cinco de abril o Goberno que negocie m\u00e1is competencias para\nGaliza,&nbsp; -tras unha d\u00e9cada de seca-, sexa un Executivo\n\u201cpresidido por Ana Pont\u00f3n\u201d.<\/p>\n\n\n\n<p>Rego\ntam\u00e9n deixou clara a posici\u00f3n do BNG sobre a devoluci\u00f3n do IVE,\nironizando sobre a h\u00e1bito do PP \u201cpara difundir a realidade ao\nrev\u00e9s\u201d, indicando que na votaci\u00f3n en pleno foron os <em>populares<\/em>\nos que votaron en contra de reclamar non s\u00f3 os 200 M\u20ac que o Estado\ndebe en IVE, sen\u00f3n tam\u00e9n os 170 M\u20ac que debe en concepto de\nincentivos. \u201cSer\u00e1 que como est\u00e1n convencidos de que van perder o\nGoberno xa non lles interesa eses recursos\u201d, ironizou.<\/p>\n","protected":false},"excerpt":{"rendered":"<div class=\"mh-excerpt\"><p>\u201cUn cara a cara Feix\u00f3o-Pont\u00f3n suscitar\u00eda moito interese\u201d, alega, tras receitar modestia aos que pretenden adiantarse ao resultado das urnas <a class=\"mh-excerpt-more\" href=\"https:\/\/www.anovapeneira.gal\/index.php\/2020\/02\/19\/ponton-o-mellor-que-lle-pode-pasar-a-este-pais-e-un-goberno-presidido-polo-bng-coas-mans-libres-para-defender-galiza\/\" title=\"Pont\u00f3n: \u201cO mellor que lle pode pasar a este pa\u00eds \u00e9 un goberno presidido polo BNG coas mans libres para defender Galiza\u201d\">[&#8230;]<\/a><\/p>\n<\/div>","protected":false},"author":3,"featured_media":2562,"comment_status":"open","ping_status":"open","sticky":false,"template":"","format":"standard","meta":{"_exactmetrics_skip_tracking":false,"_exactmetrics_sitenote_active":false,"_exactmetrics_sitenote_note":"","_exactmetrics_sitenote_category":0,"footnotes":""},"categories":[263],"tags":[281,10,965],"class_list":{"0":"post-2561","1":"post","2":"type-post","3":"status-publish","4":"format-standard","5":"has-post-thumbnail","7":"category-novas","8":"tag-ana-ponton","9":"tag-bng","10":"tag-eleccions-5a"},"yoast_head":"<!-- This site is optimized with the Yoast SEO plugin v27.4 - https:\/\/yoast.com\/product\/yoast-seo-wordpress\/ -->\n<title>Pont\u00f3n: \u201cO mellor que lle pode pasar a este pa\u00eds \u00e9 un goberno presidido polo BNG coas mans libres para defender Galiza\u201d -<\/title>\n<meta name=\"robots\" content=\"index, follow, max-snippet:-1, max-image-preview:large, max-video-preview:-1\" \/>\n<link rel=\"canonical\" href=\"https:\/\/www.anovapeneira.gal\/index.php\/2020\/02\/19\/ponton-o-mellor-que-lle-pode-pasar-a-este-pais-e-un-goberno-presidido-polo-bng-coas-mans-libres-para-defender-galiza\/\" \/>\n<meta property=\"og:locale\" content=\"gl_ES\" \/>\n<meta property=\"og:type\" content=\"article\" \/>\n<meta property=\"og:title\" content=\"Pont\u00f3n: \u201cO mellor que lle pode pasar a este pa\u00eds \u00e9 un goberno presidido polo BNG coas mans libres para defender Galiza\u201d -\" \/>\n<meta property=\"og:description\" content=\"\u201cUn cara a cara Feix\u00f3o-Pont\u00f3n suscitar\u00eda moito interese\u201d, alega, tras receitar modestia aos que pretenden adiantarse ao resultado das urnas [...]\" \/>\n<meta property=\"og:url\" content=\"https:\/\/www.anovapeneira.gal\/index.php\/2020\/02\/19\/ponton-o-mellor-que-lle-pode-pasar-a-este-pais-e-un-goberno-presidido-polo-bng-coas-mans-libres-para-defender-galiza\/\" \/>\n<meta property=\"article:publisher\" content=\"https:\/\/www.facebook.com\/anovapeneira\" \/>\n<meta property=\"article:published_time\" content=\"2020-02-19T11:00:25+00:00\" \/>\n<meta property=\"og:image\" content=\"https:\/\/www.anovapeneira.gal\/wp-content\/uploads\/2020\/02\/ponton_eleccions_xunta_de_galicia_a_nova_peneira.jpg\" \/>\n\t<meta property=\"og:image:width\" content=\"720\" \/>\n\t<meta property=\"og:image:height\" content=\"432\" \/>\n\t<meta property=\"og:image:type\" content=\"image\/jpeg\" \/>\n<meta name=\"author\" content=\"Redacci\u00f3n A Nova Peneira\" \/>\n<meta name=\"twitter:card\" content=\"summary_large_image\" \/>\n<meta name=\"twitter:creator\" content=\"@APeneira\" \/>\n<meta name=\"twitter:site\" content=\"@APeneira\" \/>\n<meta name=\"twitter:label1\" content=\"Escrito por\" \/>\n\t<meta name=\"twitter:data1\" content=\"Redacci\u00f3n A Nova Peneira\" \/>\n\t<meta name=\"twitter:label2\" content=\"Tempo de lectura\" \/>\n\t<meta name=\"twitter:data2\" content=\"4 minutos\" \/>\n<script type=\"application\/ld+json\" class=\"yoast-schema-graph\">{\"@context\":\"https:\\\/\\\/schema.org\",\"@graph\":[{\"@type\":\"Article\",\"@id\":\"https:\\\/\\\/www.anovapeneira.gal\\\/index.php\\\/2020\\\/02\\\/19\\\/ponton-o-mellor-que-lle-pode-pasar-a-este-pais-e-un-goberno-presidido-polo-bng-coas-mans-libres-para-defender-galiza\\\/#article\",\"isPartOf\":{\"@id\":\"https:\\\/\\\/www.anovapeneira.gal\\\/index.php\\\/2020\\\/02\\\/19\\\/ponton-o-mellor-que-lle-pode-pasar-a-este-pais-e-un-goberno-presidido-polo-bng-coas-mans-libres-para-defender-galiza\\\/\"},\"author\":{\"name\":\"Redacci\u00f3n A Nova Peneira\",\"@id\":\"https:\\\/\\\/www.anovapeneira.gal\\\/#\\\/schema\\\/person\\\/b93e3f8932e3f8da96334607eb6ac6aa\"},\"headline\":\"Pont\u00f3n: \u201cO mellor que lle pode pasar a este pa\u00eds \u00e9 un goberno presidido polo BNG coas mans libres para defender Galiza\u201d\",\"datePublished\":\"2020-02-19T11:00:25+00:00\",\"mainEntityOfPage\":{\"@id\":\"https:\\\/\\\/www.anovapeneira.gal\\\/index.php\\\/2020\\\/02\\\/19\\\/ponton-o-mellor-que-lle-pode-pasar-a-este-pais-e-un-goberno-presidido-polo-bng-coas-mans-libres-para-defender-galiza\\\/\"},\"wordCount\":795,\"commentCount\":0,\"publisher\":{\"@id\":\"https:\\\/\\\/www.anovapeneira.gal\\\/#organization\"},\"image\":{\"@id\":\"https:\\\/\\\/www.anovapeneira.gal\\\/index.php\\\/2020\\\/02\\\/19\\\/ponton-o-mellor-que-lle-pode-pasar-a-este-pais-e-un-goberno-presidido-polo-bng-coas-mans-libres-para-defender-galiza\\\/#primaryimage\"},\"thumbnailUrl\":\"https:\\\/\\\/www.anovapeneira.gal\\\/wp-content\\\/uploads\\\/2020\\\/02\\\/ponton_eleccions_xunta_de_galicia_a_nova_peneira.jpg\",\"keywords\":[\"Ana Pont\u00f3n\",\"BNG\",\"Elecci\u00f3ns 5A\"],\"articleSection\":[\"Novas\"],\"inLanguage\":\"gl-ES\",\"potentialAction\":[{\"@type\":\"CommentAction\",\"name\":\"Comment\",\"target\":[\"https:\\\/\\\/www.anovapeneira.gal\\\/index.php\\\/2020\\\/02\\\/19\\\/ponton-o-mellor-que-lle-pode-pasar-a-este-pais-e-un-goberno-presidido-polo-bng-coas-mans-libres-para-defender-galiza\\\/#respond\"]}]},{\"@type\":\"WebPage\",\"@id\":\"https:\\\/\\\/www.anovapeneira.gal\\\/index.php\\\/2020\\\/02\\\/19\\\/ponton-o-mellor-que-lle-pode-pasar-a-este-pais-e-un-goberno-presidido-polo-bng-coas-mans-libres-para-defender-galiza\\\/\",\"url\":\"https:\\\/\\\/www.anovapeneira.gal\\\/index.php\\\/2020\\\/02\\\/19\\\/ponton-o-mellor-que-lle-pode-pasar-a-este-pais-e-un-goberno-presidido-polo-bng-coas-mans-libres-para-defender-galiza\\\/\",\"name\":\"Pont\u00f3n: \u201cO mellor que lle pode pasar a este pa\u00eds \u00e9 un goberno presidido polo BNG coas mans libres para defender Galiza\u201d -\",\"isPartOf\":{\"@id\":\"https:\\\/\\\/www.anovapeneira.gal\\\/#website\"},\"primaryImageOfPage\":{\"@id\":\"https:\\\/\\\/www.anovapeneira.gal\\\/index.php\\\/2020\\\/02\\\/19\\\/ponton-o-mellor-que-lle-pode-pasar-a-este-pais-e-un-goberno-presidido-polo-bng-coas-mans-libres-para-defender-galiza\\\/#primaryimage\"},\"image\":{\"@id\":\"https:\\\/\\\/www.anovapeneira.gal\\\/index.php\\\/2020\\\/02\\\/19\\\/ponton-o-mellor-que-lle-pode-pasar-a-este-pais-e-un-goberno-presidido-polo-bng-coas-mans-libres-para-defender-galiza\\\/#primaryimage\"},\"thumbnailUrl\":\"https:\\\/\\\/www.anovapeneira.gal\\\/wp-content\\\/uploads\\\/2020\\\/02\\\/ponton_eleccions_xunta_de_galicia_a_nova_peneira.jpg\",\"datePublished\":\"2020-02-19T11:00:25+00:00\",\"breadcrumb\":{\"@id\":\"https:\\\/\\\/www.anovapeneira.gal\\\/index.php\\\/2020\\\/02\\\/19\\\/ponton-o-mellor-que-lle-pode-pasar-a-este-pais-e-un-goberno-presidido-polo-bng-coas-mans-libres-para-defender-galiza\\\/#breadcrumb\"},\"inLanguage\":\"gl-ES\",\"potentialAction\":[{\"@type\":\"ReadAction\",\"target\":[\"https:\\\/\\\/www.anovapeneira.gal\\\/index.php\\\/2020\\\/02\\\/19\\\/ponton-o-mellor-que-lle-pode-pasar-a-este-pais-e-un-goberno-presidido-polo-bng-coas-mans-libres-para-defender-galiza\\\/\"]}]},{\"@type\":\"ImageObject\",\"inLanguage\":\"gl-ES\",\"@id\":\"https:\\\/\\\/www.anovapeneira.gal\\\/index.php\\\/2020\\\/02\\\/19\\\/ponton-o-mellor-que-lle-pode-pasar-a-este-pais-e-un-goberno-presidido-polo-bng-coas-mans-libres-para-defender-galiza\\\/#primaryimage\",\"url\":\"https:\\\/\\\/www.anovapeneira.gal\\\/wp-content\\\/uploads\\\/2020\\\/02\\\/ponton_eleccions_xunta_de_galicia_a_nova_peneira.jpg\",\"contentUrl\":\"https:\\\/\\\/www.anovapeneira.gal\\\/wp-content\\\/uploads\\\/2020\\\/02\\\/ponton_eleccions_xunta_de_galicia_a_nova_peneira.jpg\",\"width\":720,\"height\":432,\"caption\":\"Elecci\u00f3ns 5A Ana Pont\u00f3n A Nova Peneira\"},{\"@type\":\"BreadcrumbList\",\"@id\":\"https:\\\/\\\/www.anovapeneira.gal\\\/index.php\\\/2020\\\/02\\\/19\\\/ponton-o-mellor-que-lle-pode-pasar-a-este-pais-e-un-goberno-presidido-polo-bng-coas-mans-libres-para-defender-galiza\\\/#breadcrumb\",\"itemListElement\":[{\"@type\":\"ListItem\",\"position\":1,\"name\":\"Portada\",\"item\":\"https:\\\/\\\/www.anovapeneira.gal\\\/\"},{\"@type\":\"ListItem\",\"position\":2,\"name\":\"Pont\u00f3n: \u201cO mellor que lle pode pasar a este pa\u00eds \u00e9 un goberno presidido polo BNG coas mans libres para defender Galiza\u201d\"}]},{\"@type\":\"WebSite\",\"@id\":\"https:\\\/\\\/www.anovapeneira.gal\\\/#website\",\"url\":\"https:\\\/\\\/www.anovapeneira.gal\\\/\",\"name\":\"\",\"description\":\"Xornal galego de informaci\u00f3n xeral Publicaci\u00f3n mensual de novas de Galicia e en especial dos Concellos da sur da provincia de Pontevedra.\",\"publisher\":{\"@id\":\"https:\\\/\\\/www.anovapeneira.gal\\\/#organization\"},\"potentialAction\":[{\"@type\":\"SearchAction\",\"target\":{\"@type\":\"EntryPoint\",\"urlTemplate\":\"https:\\\/\\\/www.anovapeneira.gal\\\/?s={search_term_string}\"},\"query-input\":{\"@type\":\"PropertyValueSpecification\",\"valueRequired\":true,\"valueName\":\"search_term_string\"}}],\"inLanguage\":\"gl-ES\"},{\"@type\":\"Organization\",\"@id\":\"https:\\\/\\\/www.anovapeneira.gal\\\/#organization\",\"name\":\"A Nova Peneira\",\"url\":\"https:\\\/\\\/www.anovapeneira.gal\\\/\",\"logo\":{\"@type\":\"ImageObject\",\"inLanguage\":\"gl-ES\",\"@id\":\"https:\\\/\\\/www.anovapeneira.gal\\\/#\\\/schema\\\/logo\\\/image\\\/\",\"url\":\"http:\\\/\\\/www.anovapeneira.gal\\\/wp-content\\\/uploads\\\/2019\\\/06\\\/logo_a_nova_peneira_portal_web.png\",\"contentUrl\":\"http:\\\/\\\/www.anovapeneira.gal\\\/wp-content\\\/uploads\\\/2019\\\/06\\\/logo_a_nova_peneira_portal_web.png\",\"width\":300,\"height\":100,\"caption\":\"A Nova Peneira\"},\"image\":{\"@id\":\"https:\\\/\\\/www.anovapeneira.gal\\\/#\\\/schema\\\/logo\\\/image\\\/\"},\"sameAs\":[\"https:\\\/\\\/www.facebook.com\\\/anovapeneira\",\"https:\\\/\\\/x.com\\\/APeneira\"]},{\"@type\":\"Person\",\"@id\":\"https:\\\/\\\/www.anovapeneira.gal\\\/#\\\/schema\\\/person\\\/b93e3f8932e3f8da96334607eb6ac6aa\",\"name\":\"Redacci\u00f3n A Nova Peneira\",\"image\":{\"@type\":\"ImageObject\",\"inLanguage\":\"gl-ES\",\"@id\":\"https:\\\/\\\/secure.gravatar.com\\\/avatar\\\/c052a2551a06e23fac63626232eaa90abd78dbcf1700fc46a2b2c89fd27b735f?s=96&d=mm&r=g\",\"url\":\"https:\\\/\\\/secure.gravatar.com\\\/avatar\\\/c052a2551a06e23fac63626232eaa90abd78dbcf1700fc46a2b2c89fd27b735f?s=96&d=mm&r=g\",\"contentUrl\":\"https:\\\/\\\/secure.gravatar.com\\\/avatar\\\/c052a2551a06e23fac63626232eaa90abd78dbcf1700fc46a2b2c89fd27b735f?s=96&d=mm&r=g\",\"caption\":\"Redacci\u00f3n A Nova Peneira\"},\"sameAs\":[\"http:\\\/\\\/www.anovapeneira.gal\\\/\"],\"url\":\"https:\\\/\\\/www.anovapeneira.gal\\\/index.php\\\/author\\\/redactor\\\/\"}]}<\/script>\n<!-- \/ Yoast SEO plugin. -->","yoast_head_json":{"title":"Pont\u00f3n: \u201cO mellor que lle pode pasar a este pa\u00eds \u00e9 un goberno presidido polo BNG coas mans libres para defender Galiza\u201d -","robots":{"index":"index","follow":"follow","max-snippet":"max-snippet:-1","max-image-preview":"max-image-preview:large","max-video-preview":"max-video-preview:-1"},"canonical":"https:\/\/www.anovapeneira.gal\/index.php\/2020\/02\/19\/ponton-o-mellor-que-lle-pode-pasar-a-este-pais-e-un-goberno-presidido-polo-bng-coas-mans-libres-para-defender-galiza\/","og_locale":"gl_ES","og_type":"article","og_title":"Pont\u00f3n: \u201cO mellor que lle pode pasar a este pa\u00eds \u00e9 un goberno presidido polo BNG coas mans libres para defender Galiza\u201d -","og_description":"\u201cUn cara a cara Feix\u00f3o-Pont\u00f3n suscitar\u00eda moito interese\u201d, alega, tras receitar modestia aos que pretenden adiantarse ao resultado das urnas [...]","og_url":"https:\/\/www.anovapeneira.gal\/index.php\/2020\/02\/19\/ponton-o-mellor-que-lle-pode-pasar-a-este-pais-e-un-goberno-presidido-polo-bng-coas-mans-libres-para-defender-galiza\/","article_publisher":"https:\/\/www.facebook.com\/anovapeneira","article_published_time":"2020-02-19T11:00:25+00:00","og_image":[{"width":720,"height":432,"url":"https:\/\/www.anovapeneira.gal\/wp-content\/uploads\/2020\/02\/ponton_eleccions_xunta_de_galicia_a_nova_peneira.jpg","type":"image\/jpeg"}],"author":"Redacci\u00f3n A Nova Peneira","twitter_card":"summary_large_image","twitter_creator":"@APeneira","twitter_site":"@APeneira","twitter_misc":{"Escrito por":"Redacci\u00f3n A Nova Peneira","Tempo de lectura":"4 minutos"},"schema":{"@context":"https:\/\/schema.org","@graph":[{"@type":"Article","@id":"https:\/\/www.anovapeneira.gal\/index.php\/2020\/02\/19\/ponton-o-mellor-que-lle-pode-pasar-a-este-pais-e-un-goberno-presidido-polo-bng-coas-mans-libres-para-defender-galiza\/#article","isPartOf":{"@id":"https:\/\/www.anovapeneira.gal\/index.php\/2020\/02\/19\/ponton-o-mellor-que-lle-pode-pasar-a-este-pais-e-un-goberno-presidido-polo-bng-coas-mans-libres-para-defender-galiza\/"},"author":{"name":"Redacci\u00f3n A Nova Peneira","@id":"https:\/\/www.anovapeneira.gal\/#\/schema\/person\/b93e3f8932e3f8da96334607eb6ac6aa"},"headline":"Pont\u00f3n: \u201cO mellor que lle pode pasar a este pa\u00eds \u00e9 un goberno presidido polo BNG coas mans libres para defender Galiza\u201d","datePublished":"2020-02-19T11:00:25+00:00","mainEntityOfPage":{"@id":"https:\/\/www.anovapeneira.gal\/index.php\/2020\/02\/19\/ponton-o-mellor-que-lle-pode-pasar-a-este-pais-e-un-goberno-presidido-polo-bng-coas-mans-libres-para-defender-galiza\/"},"wordCount":795,"commentCount":0,"publisher":{"@id":"https:\/\/www.anovapeneira.gal\/#organization"},"image":{"@id":"https:\/\/www.anovapeneira.gal\/index.php\/2020\/02\/19\/ponton-o-mellor-que-lle-pode-pasar-a-este-pais-e-un-goberno-presidido-polo-bng-coas-mans-libres-para-defender-galiza\/#primaryimage"},"thumbnailUrl":"https:\/\/www.anovapeneira.gal\/wp-content\/uploads\/2020\/02\/ponton_eleccions_xunta_de_galicia_a_nova_peneira.jpg","keywords":["Ana Pont\u00f3n","BNG","Elecci\u00f3ns 5A"],"articleSection":["Novas"],"inLanguage":"gl-ES","potentialAction":[{"@type":"CommentAction","name":"Comment","target":["https:\/\/www.anovapeneira.gal\/index.php\/2020\/02\/19\/ponton-o-mellor-que-lle-pode-pasar-a-este-pais-e-un-goberno-presidido-polo-bng-coas-mans-libres-para-defender-galiza\/#respond"]}]},{"@type":"WebPage","@id":"https:\/\/www.anovapeneira.gal\/index.php\/2020\/02\/19\/ponton-o-mellor-que-lle-pode-pasar-a-este-pais-e-un-goberno-presidido-polo-bng-coas-mans-libres-para-defender-galiza\/","url":"https:\/\/www.anovapeneira.gal\/index.php\/2020\/02\/19\/ponton-o-mellor-que-lle-pode-pasar-a-este-pais-e-un-goberno-presidido-polo-bng-coas-mans-libres-para-defender-galiza\/","name":"Pont\u00f3n: \u201cO mellor que lle pode pasar a este pa\u00eds \u00e9 un goberno presidido polo BNG coas mans libres para defender Galiza\u201d -","isPartOf":{"@id":"https:\/\/www.anovapeneira.gal\/#website"},"primaryImageOfPage":{"@id":"https:\/\/www.anovapeneira.gal\/index.php\/2020\/02\/19\/ponton-o-mellor-que-lle-pode-pasar-a-este-pais-e-un-goberno-presidido-polo-bng-coas-mans-libres-para-defender-galiza\/#primaryimage"},"image":{"@id":"https:\/\/www.anovapeneira.gal\/index.php\/2020\/02\/19\/ponton-o-mellor-que-lle-pode-pasar-a-este-pais-e-un-goberno-presidido-polo-bng-coas-mans-libres-para-defender-galiza\/#primaryimage"},"thumbnailUrl":"https:\/\/www.anovapeneira.gal\/wp-content\/uploads\/2020\/02\/ponton_eleccions_xunta_de_galicia_a_nova_peneira.jpg","datePublished":"2020-02-19T11:00:25+00:00","breadcrumb":{"@id":"https:\/\/www.anovapeneira.gal\/index.php\/2020\/02\/19\/ponton-o-mellor-que-lle-pode-pasar-a-este-pais-e-un-goberno-presidido-polo-bng-coas-mans-libres-para-defender-galiza\/#breadcrumb"},"inLanguage":"gl-ES","potentialAction":[{"@type":"ReadAction","target":["https:\/\/www.anovapeneira.gal\/index.php\/2020\/02\/19\/ponton-o-mellor-que-lle-pode-pasar-a-este-pais-e-un-goberno-presidido-polo-bng-coas-mans-libres-para-defender-galiza\/"]}]},{"@type":"ImageObject","inLanguage":"gl-ES","@id":"https:\/\/www.anovapeneira.gal\/index.php\/2020\/02\/19\/ponton-o-mellor-que-lle-pode-pasar-a-este-pais-e-un-goberno-presidido-polo-bng-coas-mans-libres-para-defender-galiza\/#primaryimage","url":"https:\/\/www.anovapeneira.gal\/wp-content\/uploads\/2020\/02\/ponton_eleccions_xunta_de_galicia_a_nova_peneira.jpg","contentUrl":"https:\/\/www.anovapeneira.gal\/wp-content\/uploads\/2020\/02\/ponton_eleccions_xunta_de_galicia_a_nova_peneira.jpg","width":720,"height":432,"caption":"Elecci\u00f3ns 5A Ana Pont\u00f3n A Nova Peneira"},{"@type":"BreadcrumbList","@id":"https:\/\/www.anovapeneira.gal\/index.php\/2020\/02\/19\/ponton-o-mellor-que-lle-pode-pasar-a-este-pais-e-un-goberno-presidido-polo-bng-coas-mans-libres-para-defender-galiza\/#breadcrumb","itemListElement":[{"@type":"ListItem","position":1,"name":"Portada","item":"https:\/\/www.anovapeneira.gal\/"},{"@type":"ListItem","position":2,"name":"Pont\u00f3n: \u201cO mellor que lle pode pasar a este pa\u00eds \u00e9 un goberno presidido polo BNG coas mans libres para defender Galiza\u201d"}]},{"@type":"WebSite","@id":"https:\/\/www.anovapeneira.gal\/#website","url":"https:\/\/www.anovapeneira.gal\/","name":"","description":"Xornal galego de informaci\u00f3n xeral Publicaci\u00f3n mensual de novas de Galicia e en especial dos Concellos da sur da provincia de Pontevedra.","publisher":{"@id":"https:\/\/www.anovapeneira.gal\/#organization"},"potentialAction":[{"@type":"SearchAction","target":{"@type":"EntryPoint","urlTemplate":"https:\/\/www.anovapeneira.gal\/?s={search_term_string}"},"query-input":{"@type":"PropertyValueSpecification","valueRequired":true,"valueName":"search_term_string"}}],"inLanguage":"gl-ES"},{"@type":"Organization","@id":"https:\/\/www.anovapeneira.gal\/#organization","name":"A Nova Peneira","url":"https:\/\/www.anovapeneira.gal\/","logo":{"@type":"ImageObject","inLanguage":"gl-ES","@id":"https:\/\/www.anovapeneira.gal\/#\/schema\/logo\/image\/","url":"http:\/\/www.anovapeneira.gal\/wp-content\/uploads\/2019\/06\/logo_a_nova_peneira_portal_web.png","contentUrl":"http:\/\/www.anovapeneira.gal\/wp-content\/uploads\/2019\/06\/logo_a_nova_peneira_portal_web.png","width":300,"height":100,"caption":"A Nova Peneira"},"image":{"@id":"https:\/\/www.anovapeneira.gal\/#\/schema\/logo\/image\/"},"sameAs":["https:\/\/www.facebook.com\/anovapeneira","https:\/\/x.com\/APeneira"]},{"@type":"Person","@id":"https:\/\/www.anovapeneira.gal\/#\/schema\/person\/b93e3f8932e3f8da96334607eb6ac6aa","name":"Redacci\u00f3n A Nova Peneira","image":{"@type":"ImageObject","inLanguage":"gl-ES","@id":"https:\/\/secure.gravatar.com\/avatar\/c052a2551a06e23fac63626232eaa90abd78dbcf1700fc46a2b2c89fd27b735f?s=96&d=mm&r=g","url":"https:\/\/secure.gravatar.com\/avatar\/c052a2551a06e23fac63626232eaa90abd78dbcf1700fc46a2b2c89fd27b735f?s=96&d=mm&r=g","contentUrl":"https:\/\/secure.gravatar.com\/avatar\/c052a2551a06e23fac63626232eaa90abd78dbcf1700fc46a2b2c89fd27b735f?s=96&d=mm&r=g","caption":"Redacci\u00f3n A Nova Peneira"},"sameAs":["http:\/\/www.anovapeneira.gal\/"],"url":"https:\/\/www.anovapeneira.gal\/index.php\/author\/redactor\/"}]}},"jetpack_featured_media_url":"https:\/\/www.anovapeneira.gal\/wp-content\/uploads\/2020\/02\/ponton_eleccions_xunta_de_galicia_a_nova_peneira.jpg","_links":{"self":[{"href":"https:\/\/www.anovapeneira.gal\/index.php\/wp-json\/wp\/v2\/posts\/2561","targetHints":{"allow":["GET"]}}],"collection":[{"href":"https:\/\/www.anovapeneira.gal\/index.php\/wp-json\/wp\/v2\/posts"}],"about":[{"href":"https:\/\/www.anovapeneira.gal\/index.php\/wp-json\/wp\/v2\/types\/post"}],"author":[{"embeddable":true,"href":"https:\/\/www.anovapeneira.gal\/index.php\/wp-json\/wp\/v2\/users\/3"}],"replies":[{"embeddable":true,"href":"https:\/\/www.anovapeneira.gal\/index.php\/wp-json\/wp\/v2\/comments?post=2561"}],"version-history":[{"count":1,"href":"https:\/\/www.anovapeneira.gal\/index.php\/wp-json\/wp\/v2\/posts\/2561\/revisions"}],"predecessor-version":[{"id":2563,"href":"https:\/\/www.anovapeneira.gal\/index.php\/wp-json\/wp\/v2\/posts\/2561\/revisions\/2563"}],"wp:featuredmedia":[{"embeddable":true,"href":"https:\/\/www.anovapeneira.gal\/index.php\/wp-json\/wp\/v2\/media\/2562"}],"wp:attachment":[{"href":"https:\/\/www.anovapeneira.gal\/index.php\/wp-json\/wp\/v2\/media?parent=2561"}],"wp:term":[{"taxonomy":"category","embeddable":true,"href":"https:\/\/www.anovapeneira.gal\/index.php\/wp-json\/wp\/v2\/categories?post=2561"},{"taxonomy":"post_tag","embeddable":true,"href":"https:\/\/www.anovapeneira.gal\/index.php\/wp-json\/wp\/v2\/tags?post=2561"}],"curies":[{"name":"wp","href":"https:\/\/api.w.org\/{rel}","templated":true}]}}