{"id":2564,"date":"2020-02-19T14:00:40","date_gmt":"2020-02-19T13:00:40","guid":{"rendered":"http:\/\/www.anovapeneira.gal\/?p=2564"},"modified":"2020-02-16T10:07:05","modified_gmt":"2020-02-16T09:07:05","slug":"o-concello-de-bueu-concede-as-subvencions-culturais-do-ano-2028","status":"publish","type":"post","link":"https:\/\/www.anovapeneira.gal\/index.php\/2020\/02\/19\/o-concello-de-bueu-concede-as-subvencions-culturais-do-ano-2028\/","title":{"rendered":"O Concello de Bueu concede as subvenci\u00f3ns culturais do ano 2028"},"content":{"rendered":"\n<h2 class=\"wp-block-heading\"><strong>Outorg\u00e1ronse un total de 30.000 euros destinados a escolas de m\u00fasica e a actividades culturais<\/strong> <\/h2>\n\n\n\n<p>\n<strong>Bueu, a 14 de\nfebreiro de 2020<\/strong><\/p>\n\n\n\n<p>\nO Concello de Bueu\nv\u00e9n de outorgar as subvenci\u00f3ns para actividades culturais\ndesenvoltas no ano 2018 e para o funcionamento das escolas de m\u00fasica\nno curso 2017\/2018, cun orzamento de 30.000 euros. Segundo o informe\nde valoraci\u00f3n t\u00e9cnica, acordouse conceder d\u00faas subvenci\u00f3ns a\nescolas, concretamente \u00e1 Banda de M\u00fasica Art\u00edstica de Bueu, por\nimporte total de 5.305,32 euros, e a Retrouso de Cela, con 5.885,40\neuros.<\/p>\n\n\n\n<p>\nEn canto \u00e1s\nactividades culturais, a Asociaci\u00f3n San Marcos de Beluso levar\u00e1\n1.777,92 euros; a Coral Marus\u00eda, 2.994,86 euros; a Coral Polif\u00f3nica\nde Bueu, 1.740 euros; a Coral Polif\u00f3nica de Beluso, 1.189,04 euros;\no Cineclub de Bueu, 960,74 euros; a Comisi\u00f3n de Festas de Cabalo,\n2.512,77 euros; a Comisi\u00f3n de Festas de Bueu, 2.875,12 euros; e a\nBanda de Gaitas Manxadoira, 2.870,12 euros.<\/p>\n\n\n\n<p>\nPara o outorgamento\ndas subvenci\u00f3ns culturais valor\u00e1ronse criterios como o impacto e\nalcance da actividade, o orzamento total de actividades, o fomento da\nlingua galega, o fomento da igualdade entre mulleres e homes, a\nduraci\u00f3n do programa e as edici\u00f3ns da actividade. No caso das\nescolas de m\u00fasica tiv\u00e9ronse en conta o n\u00famero de alumnado\nmatriculado no curso as\u00ed como o persoal docente, o orzamento da\nescola e o \u00e1mbito de participaci\u00f3n do alumnado en eventos. \n<\/p>\n\n\n\n<p>\n<strong>Outras\ncolaboraci\u00f3ns <\/strong>\n<\/p>\n\n\n\n<p>\nXos\u00e9 Leal,\nconcelleiro de cultura e educaci\u00f3n, destaca que \u201camais destas\nsubvenci\u00f3ns econ\u00f3micas, desde o Concello colab\u00f3rase cos colectivos\nnos diversos eventos\u201d. Tal \u00e9 o caso da cesi\u00f3n de espazos\nmunicipais por todas as parroquias sen cobro de ningunha taxa, caso\ndo Centro Social do Mar, a Casa da M\u00fasica, a Casa do Pobo, a Escola\ndo Torrecino de Cela, a Casa da Aldea de Meiro, a Antiga Escola de\nSanamedio, a Antiga Escola de Cabalo e a de Curraces.  O concelleiro\nda \u00e1rea apunta que \u201cpara organizaci\u00f3n dun evento normal, contando\ndous electricistas, tres operarios da brigada de obras e unha persoa\nde limpeza, ademais do servizo de megafon\u00eda, custa arredor de 550\neuros\u201d. \n<\/p>\n\n\n\n<p>\nO Concello tam\u00e9n\ncolabora mediante a contrataci\u00f3n de grupos musicais para actividades\nfestivas. As\u00ed, no 2018, o custe total ascendeu a 7.850 euros, e no\n2019 a 8.190 euros. \n<\/p>\n\n\n\n<p>\nA esas hai que sumar\nas subvenci\u00f3ns nominativas para eventos como o Festival Son R\u00edas\nBaixas, por importe de 17.000 euros, o Festival Internacional de\nCurtametraxes de Bueu (FICBUEU), por 15.000 euros, e a Festa das\nAlfombras Florais, por 9.000 euros. Ademais, tam\u00e9n se colabora de\nxeito directo co Encontro Degustaci\u00f3n do Millo Corvo coa asunci\u00f3n\nde parte dos gastos desta festa de Interese Tur\u00edstico Galego. \n<\/p>\n\n\n\n<p>\nLeal avanza que se\nest\u00e1 traballando no Plan Normativo de Subvenci\u00f3ns de 2020, un\ndocumento de planificaci\u00f3n no que se recoller\u00e1n as axudas para esta\nanualidade. \n<\/p>\n","protected":false},"excerpt":{"rendered":"<div class=\"mh-excerpt\"><p>Outorg\u00e1ronse un total de 30.000 euros destinados a escolas de m\u00fasica e a actividades culturais  <a class=\"mh-excerpt-more\" href=\"https:\/\/www.anovapeneira.gal\/index.php\/2020\/02\/19\/o-concello-de-bueu-concede-as-subvencions-culturais-do-ano-2028\/\" title=\"O Concello de Bueu concede as subvenci\u00f3ns culturais do ano 2028\">[&#8230;]<\/a><\/p>\n<\/div>","protected":false},"author":3,"featured_media":2566,"comment_status":"open","ping_status":"open","sticky":false,"template":"","format":"standard","meta":{"_exactmetrics_skip_tracking":false,"_exactmetrics_sitenote_active":false,"_exactmetrics_sitenote_note":"","_exactmetrics_sitenote_category":0,"footnotes":""},"categories":[22],"tags":[440,966],"class_list":{"0":"post-2564","1":"post","2":"type-post","3":"status-publish","4":"format-standard","5":"has-post-thumbnail","7":"category-morrazo","8":"tag-concello-de-bueu","9":"tag-subvencions-culturais"},"yoast_head":"<!-- This site is optimized with the Yoast SEO plugin v27.4 - https:\/\/yoast.com\/product\/yoast-seo-wordpress\/ -->\n<title>O Concello de Bueu concede as subvenci\u00f3ns culturais do ano 2028 -<\/title>\n<meta name=\"robots\" content=\"index, follow, max-snippet:-1, max-image-preview:large, max-video-preview:-1\" \/>\n<link rel=\"canonical\" href=\"https:\/\/www.anovapeneira.gal\/index.php\/2020\/02\/19\/o-concello-de-bueu-concede-as-subvencions-culturais-do-ano-2028\/\" \/>\n<meta property=\"og:locale\" content=\"gl_ES\" \/>\n<meta property=\"og:type\" content=\"article\" \/>\n<meta property=\"og:title\" content=\"O Concello de Bueu concede as subvenci\u00f3ns culturais do ano 2028 -\" \/>\n<meta property=\"og:description\" content=\"Outorg\u00e1ronse un total de 30.000 euros destinados a escolas de m\u00fasica e a actividades culturais [...]\" \/>\n<meta property=\"og:url\" content=\"https:\/\/www.anovapeneira.gal\/index.php\/2020\/02\/19\/o-concello-de-bueu-concede-as-subvencions-culturais-do-ano-2028\/\" \/>\n<meta property=\"article:publisher\" content=\"https:\/\/www.facebook.com\/anovapeneira\" \/>\n<meta property=\"article:published_time\" content=\"2020-02-19T13:00:40+00:00\" \/>\n<meta property=\"og:image\" content=\"https:\/\/www.anovapeneira.gal\/wp-content\/uploads\/2020\/02\/concello_de_bueu_a_nova_peneira.jpg\" \/>\n\t<meta property=\"og:image:width\" content=\"720\" \/>\n\t<meta property=\"og:image:height\" content=\"432\" \/>\n\t<meta property=\"og:image:type\" content=\"image\/jpeg\" \/>\n<meta name=\"author\" content=\"Redacci\u00f3n A Nova Peneira\" \/>\n<meta name=\"twitter:card\" content=\"summary_large_image\" \/>\n<meta name=\"twitter:creator\" content=\"@APeneira\" \/>\n<meta name=\"twitter:site\" content=\"@APeneira\" \/>\n<meta name=\"twitter:label1\" content=\"Escrito por\" \/>\n\t<meta name=\"twitter:data1\" content=\"Redacci\u00f3n A Nova Peneira\" \/>\n\t<meta name=\"twitter:label2\" content=\"Tempo de lectura\" \/>\n\t<meta name=\"twitter:data2\" content=\"2 minutos\" \/>\n<script type=\"application\/ld+json\" class=\"yoast-schema-graph\">{\"@context\":\"https:\\\/\\\/schema.org\",\"@graph\":[{\"@type\":\"Article\",\"@id\":\"https:\\\/\\\/www.anovapeneira.gal\\\/index.php\\\/2020\\\/02\\\/19\\\/o-concello-de-bueu-concede-as-subvencions-culturais-do-ano-2028\\\/#article\",\"isPartOf\":{\"@id\":\"https:\\\/\\\/www.anovapeneira.gal\\\/index.php\\\/2020\\\/02\\\/19\\\/o-concello-de-bueu-concede-as-subvencions-culturais-do-ano-2028\\\/\"},\"author\":{\"name\":\"Redacci\u00f3n A Nova Peneira\",\"@id\":\"https:\\\/\\\/www.anovapeneira.gal\\\/#\\\/schema\\\/person\\\/b93e3f8932e3f8da96334607eb6ac6aa\"},\"headline\":\"O Concello de Bueu concede as subvenci\u00f3ns culturais do ano 2028\",\"datePublished\":\"2020-02-19T13:00:40+00:00\",\"mainEntityOfPage\":{\"@id\":\"https:\\\/\\\/www.anovapeneira.gal\\\/index.php\\\/2020\\\/02\\\/19\\\/o-concello-de-bueu-concede-as-subvencions-culturais-do-ano-2028\\\/\"},\"wordCount\":494,\"commentCount\":0,\"publisher\":{\"@id\":\"https:\\\/\\\/www.anovapeneira.gal\\\/#organization\"},\"image\":{\"@id\":\"https:\\\/\\\/www.anovapeneira.gal\\\/index.php\\\/2020\\\/02\\\/19\\\/o-concello-de-bueu-concede-as-subvencions-culturais-do-ano-2028\\\/#primaryimage\"},\"thumbnailUrl\":\"https:\\\/\\\/www.anovapeneira.gal\\\/wp-content\\\/uploads\\\/2020\\\/02\\\/concello_de_bueu_a_nova_peneira.jpg\",\"keywords\":[\"Concello de Bueu\",\"subvenci\u00f3ns culturais\"],\"articleSection\":[\"Morrazo\"],\"inLanguage\":\"gl-ES\",\"potentialAction\":[{\"@type\":\"CommentAction\",\"name\":\"Comment\",\"target\":[\"https:\\\/\\\/www.anovapeneira.gal\\\/index.php\\\/2020\\\/02\\\/19\\\/o-concello-de-bueu-concede-as-subvencions-culturais-do-ano-2028\\\/#respond\"]}]},{\"@type\":\"WebPage\",\"@id\":\"https:\\\/\\\/www.anovapeneira.gal\\\/index.php\\\/2020\\\/02\\\/19\\\/o-concello-de-bueu-concede-as-subvencions-culturais-do-ano-2028\\\/\",\"url\":\"https:\\\/\\\/www.anovapeneira.gal\\\/index.php\\\/2020\\\/02\\\/19\\\/o-concello-de-bueu-concede-as-subvencions-culturais-do-ano-2028\\\/\",\"name\":\"O Concello de Bueu concede as subvenci\u00f3ns culturais do ano 2028 -\",\"isPartOf\":{\"@id\":\"https:\\\/\\\/www.anovapeneira.gal\\\/#website\"},\"primaryImageOfPage\":{\"@id\":\"https:\\\/\\\/www.anovapeneira.gal\\\/index.php\\\/2020\\\/02\\\/19\\\/o-concello-de-bueu-concede-as-subvencions-culturais-do-ano-2028\\\/#primaryimage\"},\"image\":{\"@id\":\"https:\\\/\\\/www.anovapeneira.gal\\\/index.php\\\/2020\\\/02\\\/19\\\/o-concello-de-bueu-concede-as-subvencions-culturais-do-ano-2028\\\/#primaryimage\"},\"thumbnailUrl\":\"https:\\\/\\\/www.anovapeneira.gal\\\/wp-content\\\/uploads\\\/2020\\\/02\\\/concello_de_bueu_a_nova_peneira.jpg\",\"datePublished\":\"2020-02-19T13:00:40+00:00\",\"breadcrumb\":{\"@id\":\"https:\\\/\\\/www.anovapeneira.gal\\\/index.php\\\/2020\\\/02\\\/19\\\/o-concello-de-bueu-concede-as-subvencions-culturais-do-ano-2028\\\/#breadcrumb\"},\"inLanguage\":\"gl-ES\",\"potentialAction\":[{\"@type\":\"ReadAction\",\"target\":[\"https:\\\/\\\/www.anovapeneira.gal\\\/index.php\\\/2020\\\/02\\\/19\\\/o-concello-de-bueu-concede-as-subvencions-culturais-do-ano-2028\\\/\"]}]},{\"@type\":\"ImageObject\",\"inLanguage\":\"gl-ES\",\"@id\":\"https:\\\/\\\/www.anovapeneira.gal\\\/index.php\\\/2020\\\/02\\\/19\\\/o-concello-de-bueu-concede-as-subvencions-culturais-do-ano-2028\\\/#primaryimage\",\"url\":\"https:\\\/\\\/www.anovapeneira.gal\\\/wp-content\\\/uploads\\\/2020\\\/02\\\/concello_de_bueu_a_nova_peneira.jpg\",\"contentUrl\":\"https:\\\/\\\/www.anovapeneira.gal\\\/wp-content\\\/uploads\\\/2020\\\/02\\\/concello_de_bueu_a_nova_peneira.jpg\",\"width\":720,\"height\":432,\"caption\":\"Concello de Bueu A Nova Peneira\"},{\"@type\":\"BreadcrumbList\",\"@id\":\"https:\\\/\\\/www.anovapeneira.gal\\\/index.php\\\/2020\\\/02\\\/19\\\/o-concello-de-bueu-concede-as-subvencions-culturais-do-ano-2028\\\/#breadcrumb\",\"itemListElement\":[{\"@type\":\"ListItem\",\"position\":1,\"name\":\"Portada\",\"item\":\"https:\\\/\\\/www.anovapeneira.gal\\\/\"},{\"@type\":\"ListItem\",\"position\":2,\"name\":\"O Concello de Bueu concede as subvenci\u00f3ns culturais do ano 2028\"}]},{\"@type\":\"WebSite\",\"@id\":\"https:\\\/\\\/www.anovapeneira.gal\\\/#website\",\"url\":\"https:\\\/\\\/www.anovapeneira.gal\\\/\",\"name\":\"\",\"description\":\"Xornal galego de informaci\u00f3n xeral Publicaci\u00f3n mensual de novas de Galicia e en especial dos Concellos da sur da provincia de Pontevedra.\",\"publisher\":{\"@id\":\"https:\\\/\\\/www.anovapeneira.gal\\\/#organization\"},\"potentialAction\":[{\"@type\":\"SearchAction\",\"target\":{\"@type\":\"EntryPoint\",\"urlTemplate\":\"https:\\\/\\\/www.anovapeneira.gal\\\/?s={search_term_string}\"},\"query-input\":{\"@type\":\"PropertyValueSpecification\",\"valueRequired\":true,\"valueName\":\"search_term_string\"}}],\"inLanguage\":\"gl-ES\"},{\"@type\":\"Organization\",\"@id\":\"https:\\\/\\\/www.anovapeneira.gal\\\/#organization\",\"name\":\"A Nova Peneira\",\"url\":\"https:\\\/\\\/www.anovapeneira.gal\\\/\",\"logo\":{\"@type\":\"ImageObject\",\"inLanguage\":\"gl-ES\",\"@id\":\"https:\\\/\\\/www.anovapeneira.gal\\\/#\\\/schema\\\/logo\\\/image\\\/\",\"url\":\"http:\\\/\\\/www.anovapeneira.gal\\\/wp-content\\\/uploads\\\/2019\\\/06\\\/logo_a_nova_peneira_portal_web.png\",\"contentUrl\":\"http:\\\/\\\/www.anovapeneira.gal\\\/wp-content\\\/uploads\\\/2019\\\/06\\\/logo_a_nova_peneira_portal_web.png\",\"width\":300,\"height\":100,\"caption\":\"A Nova Peneira\"},\"image\":{\"@id\":\"https:\\\/\\\/www.anovapeneira.gal\\\/#\\\/schema\\\/logo\\\/image\\\/\"},\"sameAs\":[\"https:\\\/\\\/www.facebook.com\\\/anovapeneira\",\"https:\\\/\\\/x.com\\\/APeneira\"]},{\"@type\":\"Person\",\"@id\":\"https:\\\/\\\/www.anovapeneira.gal\\\/#\\\/schema\\\/person\\\/b93e3f8932e3f8da96334607eb6ac6aa\",\"name\":\"Redacci\u00f3n A Nova Peneira\",\"image\":{\"@type\":\"ImageObject\",\"inLanguage\":\"gl-ES\",\"@id\":\"https:\\\/\\\/secure.gravatar.com\\\/avatar\\\/c052a2551a06e23fac63626232eaa90abd78dbcf1700fc46a2b2c89fd27b735f?s=96&d=mm&r=g\",\"url\":\"https:\\\/\\\/secure.gravatar.com\\\/avatar\\\/c052a2551a06e23fac63626232eaa90abd78dbcf1700fc46a2b2c89fd27b735f?s=96&d=mm&r=g\",\"contentUrl\":\"https:\\\/\\\/secure.gravatar.com\\\/avatar\\\/c052a2551a06e23fac63626232eaa90abd78dbcf1700fc46a2b2c89fd27b735f?s=96&d=mm&r=g\",\"caption\":\"Redacci\u00f3n A Nova Peneira\"},\"sameAs\":[\"http:\\\/\\\/www.anovapeneira.gal\\\/\"],\"url\":\"https:\\\/\\\/www.anovapeneira.gal\\\/index.php\\\/author\\\/redactor\\\/\"}]}<\/script>\n<!-- \/ Yoast SEO plugin. -->","yoast_head_json":{"title":"O Concello de Bueu concede as subvenci\u00f3ns culturais do ano 2028 -","robots":{"index":"index","follow":"follow","max-snippet":"max-snippet:-1","max-image-preview":"max-image-preview:large","max-video-preview":"max-video-preview:-1"},"canonical":"https:\/\/www.anovapeneira.gal\/index.php\/2020\/02\/19\/o-concello-de-bueu-concede-as-subvencions-culturais-do-ano-2028\/","og_locale":"gl_ES","og_type":"article","og_title":"O Concello de Bueu concede as subvenci\u00f3ns culturais do ano 2028 -","og_description":"Outorg\u00e1ronse un total de 30.000 euros destinados a escolas de m\u00fasica e a actividades culturais [...]","og_url":"https:\/\/www.anovapeneira.gal\/index.php\/2020\/02\/19\/o-concello-de-bueu-concede-as-subvencions-culturais-do-ano-2028\/","article_publisher":"https:\/\/www.facebook.com\/anovapeneira","article_published_time":"2020-02-19T13:00:40+00:00","og_image":[{"width":720,"height":432,"url":"https:\/\/www.anovapeneira.gal\/wp-content\/uploads\/2020\/02\/concello_de_bueu_a_nova_peneira.jpg","type":"image\/jpeg"}],"author":"Redacci\u00f3n A Nova Peneira","twitter_card":"summary_large_image","twitter_creator":"@APeneira","twitter_site":"@APeneira","twitter_misc":{"Escrito por":"Redacci\u00f3n A Nova Peneira","Tempo de lectura":"2 minutos"},"schema":{"@context":"https:\/\/schema.org","@graph":[{"@type":"Article","@id":"https:\/\/www.anovapeneira.gal\/index.php\/2020\/02\/19\/o-concello-de-bueu-concede-as-subvencions-culturais-do-ano-2028\/#article","isPartOf":{"@id":"https:\/\/www.anovapeneira.gal\/index.php\/2020\/02\/19\/o-concello-de-bueu-concede-as-subvencions-culturais-do-ano-2028\/"},"author":{"name":"Redacci\u00f3n A Nova Peneira","@id":"https:\/\/www.anovapeneira.gal\/#\/schema\/person\/b93e3f8932e3f8da96334607eb6ac6aa"},"headline":"O Concello de Bueu concede as subvenci\u00f3ns culturais do ano 2028","datePublished":"2020-02-19T13:00:40+00:00","mainEntityOfPage":{"@id":"https:\/\/www.anovapeneira.gal\/index.php\/2020\/02\/19\/o-concello-de-bueu-concede-as-subvencions-culturais-do-ano-2028\/"},"wordCount":494,"commentCount":0,"publisher":{"@id":"https:\/\/www.anovapeneira.gal\/#organization"},"image":{"@id":"https:\/\/www.anovapeneira.gal\/index.php\/2020\/02\/19\/o-concello-de-bueu-concede-as-subvencions-culturais-do-ano-2028\/#primaryimage"},"thumbnailUrl":"https:\/\/www.anovapeneira.gal\/wp-content\/uploads\/2020\/02\/concello_de_bueu_a_nova_peneira.jpg","keywords":["Concello de Bueu","subvenci\u00f3ns culturais"],"articleSection":["Morrazo"],"inLanguage":"gl-ES","potentialAction":[{"@type":"CommentAction","name":"Comment","target":["https:\/\/www.anovapeneira.gal\/index.php\/2020\/02\/19\/o-concello-de-bueu-concede-as-subvencions-culturais-do-ano-2028\/#respond"]}]},{"@type":"WebPage","@id":"https:\/\/www.anovapeneira.gal\/index.php\/2020\/02\/19\/o-concello-de-bueu-concede-as-subvencions-culturais-do-ano-2028\/","url":"https:\/\/www.anovapeneira.gal\/index.php\/2020\/02\/19\/o-concello-de-bueu-concede-as-subvencions-culturais-do-ano-2028\/","name":"O Concello de Bueu concede as subvenci\u00f3ns culturais do ano 2028 -","isPartOf":{"@id":"https:\/\/www.anovapeneira.gal\/#website"},"primaryImageOfPage":{"@id":"https:\/\/www.anovapeneira.gal\/index.php\/2020\/02\/19\/o-concello-de-bueu-concede-as-subvencions-culturais-do-ano-2028\/#primaryimage"},"image":{"@id":"https:\/\/www.anovapeneira.gal\/index.php\/2020\/02\/19\/o-concello-de-bueu-concede-as-subvencions-culturais-do-ano-2028\/#primaryimage"},"thumbnailUrl":"https:\/\/www.anovapeneira.gal\/wp-content\/uploads\/2020\/02\/concello_de_bueu_a_nova_peneira.jpg","datePublished":"2020-02-19T13:00:40+00:00","breadcrumb":{"@id":"https:\/\/www.anovapeneira.gal\/index.php\/2020\/02\/19\/o-concello-de-bueu-concede-as-subvencions-culturais-do-ano-2028\/#breadcrumb"},"inLanguage":"gl-ES","potentialAction":[{"@type":"ReadAction","target":["https:\/\/www.anovapeneira.gal\/index.php\/2020\/02\/19\/o-concello-de-bueu-concede-as-subvencions-culturais-do-ano-2028\/"]}]},{"@type":"ImageObject","inLanguage":"gl-ES","@id":"https:\/\/www.anovapeneira.gal\/index.php\/2020\/02\/19\/o-concello-de-bueu-concede-as-subvencions-culturais-do-ano-2028\/#primaryimage","url":"https:\/\/www.anovapeneira.gal\/wp-content\/uploads\/2020\/02\/concello_de_bueu_a_nova_peneira.jpg","contentUrl":"https:\/\/www.anovapeneira.gal\/wp-content\/uploads\/2020\/02\/concello_de_bueu_a_nova_peneira.jpg","width":720,"height":432,"caption":"Concello de Bueu A Nova Peneira"},{"@type":"BreadcrumbList","@id":"https:\/\/www.anovapeneira.gal\/index.php\/2020\/02\/19\/o-concello-de-bueu-concede-as-subvencions-culturais-do-ano-2028\/#breadcrumb","itemListElement":[{"@type":"ListItem","position":1,"name":"Portada","item":"https:\/\/www.anovapeneira.gal\/"},{"@type":"ListItem","position":2,"name":"O Concello de Bueu concede as subvenci\u00f3ns culturais do ano 2028"}]},{"@type":"WebSite","@id":"https:\/\/www.anovapeneira.gal\/#website","url":"https:\/\/www.anovapeneira.gal\/","name":"","description":"Xornal galego de informaci\u00f3n xeral Publicaci\u00f3n mensual de novas de Galicia e en especial dos Concellos da sur da provincia de Pontevedra.","publisher":{"@id":"https:\/\/www.anovapeneira.gal\/#organization"},"potentialAction":[{"@type":"SearchAction","target":{"@type":"EntryPoint","urlTemplate":"https:\/\/www.anovapeneira.gal\/?s={search_term_string}"},"query-input":{"@type":"PropertyValueSpecification","valueRequired":true,"valueName":"search_term_string"}}],"inLanguage":"gl-ES"},{"@type":"Organization","@id":"https:\/\/www.anovapeneira.gal\/#organization","name":"A Nova Peneira","url":"https:\/\/www.anovapeneira.gal\/","logo":{"@type":"ImageObject","inLanguage":"gl-ES","@id":"https:\/\/www.anovapeneira.gal\/#\/schema\/logo\/image\/","url":"http:\/\/www.anovapeneira.gal\/wp-content\/uploads\/2019\/06\/logo_a_nova_peneira_portal_web.png","contentUrl":"http:\/\/www.anovapeneira.gal\/wp-content\/uploads\/2019\/06\/logo_a_nova_peneira_portal_web.png","width":300,"height":100,"caption":"A Nova Peneira"},"image":{"@id":"https:\/\/www.anovapeneira.gal\/#\/schema\/logo\/image\/"},"sameAs":["https:\/\/www.facebook.com\/anovapeneira","https:\/\/x.com\/APeneira"]},{"@type":"Person","@id":"https:\/\/www.anovapeneira.gal\/#\/schema\/person\/b93e3f8932e3f8da96334607eb6ac6aa","name":"Redacci\u00f3n A Nova Peneira","image":{"@type":"ImageObject","inLanguage":"gl-ES","@id":"https:\/\/secure.gravatar.com\/avatar\/c052a2551a06e23fac63626232eaa90abd78dbcf1700fc46a2b2c89fd27b735f?s=96&d=mm&r=g","url":"https:\/\/secure.gravatar.com\/avatar\/c052a2551a06e23fac63626232eaa90abd78dbcf1700fc46a2b2c89fd27b735f?s=96&d=mm&r=g","contentUrl":"https:\/\/secure.gravatar.com\/avatar\/c052a2551a06e23fac63626232eaa90abd78dbcf1700fc46a2b2c89fd27b735f?s=96&d=mm&r=g","caption":"Redacci\u00f3n A Nova Peneira"},"sameAs":["http:\/\/www.anovapeneira.gal\/"],"url":"https:\/\/www.anovapeneira.gal\/index.php\/author\/redactor\/"}]}},"jetpack_featured_media_url":"https:\/\/www.anovapeneira.gal\/wp-content\/uploads\/2020\/02\/concello_de_bueu_a_nova_peneira.jpg","_links":{"self":[{"href":"https:\/\/www.anovapeneira.gal\/index.php\/wp-json\/wp\/v2\/posts\/2564","targetHints":{"allow":["GET"]}}],"collection":[{"href":"https:\/\/www.anovapeneira.gal\/index.php\/wp-json\/wp\/v2\/posts"}],"about":[{"href":"https:\/\/www.anovapeneira.gal\/index.php\/wp-json\/wp\/v2\/types\/post"}],"author":[{"embeddable":true,"href":"https:\/\/www.anovapeneira.gal\/index.php\/wp-json\/wp\/v2\/users\/3"}],"replies":[{"embeddable":true,"href":"https:\/\/www.anovapeneira.gal\/index.php\/wp-json\/wp\/v2\/comments?post=2564"}],"version-history":[{"count":2,"href":"https:\/\/www.anovapeneira.gal\/index.php\/wp-json\/wp\/v2\/posts\/2564\/revisions"}],"predecessor-version":[{"id":2567,"href":"https:\/\/www.anovapeneira.gal\/index.php\/wp-json\/wp\/v2\/posts\/2564\/revisions\/2567"}],"wp:featuredmedia":[{"embeddable":true,"href":"https:\/\/www.anovapeneira.gal\/index.php\/wp-json\/wp\/v2\/media\/2566"}],"wp:attachment":[{"href":"https:\/\/www.anovapeneira.gal\/index.php\/wp-json\/wp\/v2\/media?parent=2564"}],"wp:term":[{"taxonomy":"category","embeddable":true,"href":"https:\/\/www.anovapeneira.gal\/index.php\/wp-json\/wp\/v2\/categories?post=2564"},{"taxonomy":"post_tag","embeddable":true,"href":"https:\/\/www.anovapeneira.gal\/index.php\/wp-json\/wp\/v2\/tags?post=2564"}],"curies":[{"name":"wp","href":"https:\/\/api.w.org\/{rel}","templated":true}]}}