{"id":2568,"date":"2020-02-20T10:00:49","date_gmt":"2020-02-20T09:00:49","guid":{"rendered":"http:\/\/www.anovapeneira.gal\/?p=2568"},"modified":"2020-02-16T10:19:57","modified_gmt":"2020-02-16T09:19:57","slug":"decimo-fragmento-do-diario-de-senlua-arraiana","status":"publish","type":"post","link":"https:\/\/www.anovapeneira.gal\/index.php\/2020\/02\/20\/decimo-fragmento-do-diario-de-senlua-arraiana\/","title":{"rendered":"D\u00e9cimo fragmento do diario de Senl\u00faa Arraiana"},"content":{"rendered":"\n<h2 class=\"wp-block-heading\"><em><strong>ESCOITANDO A HERBA MEDRAR<\/strong><\/em><\/h2>\n\n\n\n<figure class=\"wp-block-image size-large is-resized\"><img loading=\"lazy\" decoding=\"async\" src=\"http:\/\/www.anovapeneira.gal\/wp-content\/uploads\/2019\/07\/cristobal_a_nova_peneira.jpg\" alt=\"Crist\u00f3bal L\u00f3pez A Nova Peneira\" class=\"wp-image-555\" width=\"95\" height=\"111\"\/><figcaption>Crist\u00f3bal L\u00f3pez Pazo | Comuneiro dos montes de Tameiga, militante de anticapitalistas, ecoloxista en acci\u00f3n e veci\u00f1o constitu\u00ednte da asemblea veci\u00f1al ga\u00f1aM\u00f3s<\/figcaption><\/figure>\n\n\n\n<figure class=\"wp-block-image size-large is-resized\"><img loading=\"lazy\" decoding=\"async\" src=\"http:\/\/www.anovapeneira.gal\/wp-content\/uploads\/2019\/08\/senlua_arraiana_2135.jpg\" alt=\"\" class=\"wp-image-877\" width=\"350\" height=\"408\" srcset=\"https:\/\/www.anovapeneira.gal\/wp-content\/uploads\/2019\/08\/senlua_arraiana_2135.jpg 700w, https:\/\/www.anovapeneira.gal\/wp-content\/uploads\/2019\/08\/senlua_arraiana_2135-257x300.jpg 257w\" sizes=\"auto, (max-width: 350px) 100vw, 350px\" \/><figcaption><em><strong>(Este d\u00e9cimo fragmento do diario de Senl\u00faa Arraiana foi recuperado e adiantado ao noso tempo por Noitepedralonga, fiel camarada do av\u00f3 da futura l\u00edder da resistencia arraiana)<\/strong><\/em> <\/figcaption><\/figure>\n\n\n\n<p>Ch\u00e1mome Senl\u00faa \u00e9 son punta de lanza da resistencia arraiana.\u00a0 Ma\u00f1\u00e1 pondr\u00e9monnos en marcha cara o cuartel xeral no fronte.\u00a0 Case d\u00faas semanas levamos nesta aldea, Malaterra. Hai un par de d\u00edas que Gataparda est\u00e1 en condici\u00f3ns de viaxar pero Prusiana que tanto me atosigou para partir o antes posible demorou a sa\u00edda para despachar cos restos dunha columna rebelde acosada por dous pelot\u00f3ns de avespas que rematou acubill\u00e1ndose nas barbacanas da aldea. Os disparos alertaron aos nosos sentinelas e rapidamente formamos un continxente que rexeitou en cuesti\u00f3n de horas o ataque das avespas obrig\u00e1ndoas a fuxir malparadas do envite. Na refrega puiden observarse \u00e1s milicias campesi\u00f1as en acci\u00f3n, desde logo saben moverse prestas cando defenden o seu.\u00a0<\/p>\n\n\n\n<p>A\ncontenda sacounos abruptamente do letargo no que nos sum\u00edramos os\n\u00faltimos d\u00edas. Facerlle compa\u00f1\u00eda a Gataparda na s\u00faa convalecencia\ne intimar cos paisanos que conformaban as voces m\u00e1is autorizadas do\nclan, ocup\u00e1banme as horas do d\u00eda e de parte da noite sen m\u00e1is\nsobresalto que ver sucederse os d\u00edas.&nbsp;<\/p>\n\n\n\n<p>Foi\ndoado domar as mi\u00f1a inquietude e manterme horas e horas \u00e1 cabeceira\nda cama de Gataparda coidando dela. Sempre nos profesamos unha mutua\nsimpat\u00eda quiz\u00e1s recatada polas circunstancias pasadas pero que\nagora enardec\u00eda d\u00eda tras d\u00eda, en cada conversa, en cada risa\ncompartida, en cada cruce de miradas.&nbsp;<\/p>\n\n\n\n<p>Est\u00e1bamos\naloxados na mesma granxa na que estaba atendida a nosa amiga.\nBoaventura, a filla maior da familia granxeira encarg\u00e1base de mudar\nas vendas e preparar os ap\u00f3sitos coas plantas medicinas que ela\nmesma recoletaba. Para iso contaba coa axuda de Malatesta quen\ntrabara amizade con ela case a primeira vista. O determinismo a veces\nxoga cun as na manga. Eran almas xemelgas, entre os dous acaparaban\ntoda a candidez do x\u00e9nero humano. A familia de Boaventura non era\ninmune ao aura que emanaba da parella e acolleron a Malatesta coma un\ndos seus o que facilitou a mi\u00f1a encomenda de crear alerces con esta\ncomunidade agr\u00edcola. Doado foi intimar con eles e sentarnos \u00e1 mesa\ndo clan sendo tratada como ese parente que volve da capital \u00e9 que en\ncanto se lle pase o snobismo capitalino volver\u00e1 a ter o status &#8220;dun\ndos nosos&#8221;. O clan abrangue a todas \u00e1s persoas que vivan na\naldea e traballen as terras comunais sexan ou non oriundos de\nMalaterra ou parentes da s\u00faa xente.&nbsp;<\/p>\n\n\n\n<p>Entrevisteime\nen moitas ocasi\u00f3ns cos membros do Consello Permanente da aldea e sen\nnecesidade de subterfuxios foron cont\u00e1ndome sen disimular certo\norgullo todo o relativo ao seu pobo: como repart\u00edan equitativamente\nas tarefas, como distribu\u00edan proporcionalmente os froitos da terra,\ncomo tanto homes e mulleres contribu\u00edan en paridade nas labores e\nmesmo na formaci\u00f3n das milicias cando era necesario defenderse, como\ntodo era propiedade da Comunidade e era xestionado de xeito\nasembleario. A sinton\u00eda era evidente cando en ocasi\u00f3ns chegabamos a\nrematarnos as explicaci\u00f3ns mutuamente ante a gran similitude entre\nos nosos pobos. As conversas derivaban en insustanciais confidencias\nde \u00edndole persoal cando me acompa\u00f1aba Malatesta, todos quer\u00edan\nadulalo como se fora o fillo predilecto de todo o clan. As\u00ed que os\n\u00faltimos d\u00edas prefer\u00eda a miudo esquivar a s\u00faa compa\u00f1a, tampouco \u00e9\nque Boaventura deixara moito que compartir pero o certo \u00e9 que todas\nas ma\u00f1\u00e1s acheg\u00e1base ata n\u00f3s para interesarse polo estado de\nGataparda e sempre sol\u00edcito a calquera indicaci\u00f3n mi\u00f1a. Non me\npreocupaba Malatesta, el viaxa polo ra\u00edl das s\u00faas convicci\u00f3ns. O\nque si me preocupaba era sonsacar ao clan cal era a s\u00faa relaci\u00f3n\ncoas menestrais, se a s\u00faa sumisi\u00f3n aparente era certa ou s\u00f3 unha\nm\u00e1scara de cortes\u00eda campesi\u00f1a.&nbsp;<\/p>\n\n\n\n<p>Outra\npreocupaci\u00f3n non menor era manter a raia a Prusiana. Por moito que o\nintentara, ela era incapaz de agochar o seu enoxo polo trato amistoso\nque nos dispensada a n\u00f3s os malaterre\u00f1os mentres que a ela sufr\u00eda\na aspereza do seu desprezo. Os primeiros d\u00edas tratou de cercenar a\nnosa integraci\u00f3n no clan lugare\u00f1o convid\u00e1ndonos a participar nas\ns\u00faas tarefas de inspecci\u00f3n e control como representante da\nautoridade da capital. Reclam\u00e1bame constantemente para que a\nacompa\u00f1ara pero coa escusa de coidar de Gataparda fun rexeitando os\nseus convites ag\u00e1s alg\u00fan almorzo ocasional para non forzar a\nsituaci\u00f3n. Pensaba que era unha cuesti\u00f3n meramente persoal froito\nda inmadurez de Prusiana pero cando deuse conta da nosa estreita\nrelaci\u00f3n cos malaterre\u00f1os comezou os preparativos para reanudar a\nnosa viaxe sen miramentos cos convalecentes. A escaramuza cos\nbatall\u00f3ns de castigo da Colmea facilitounos uns d\u00edas extra na aldea\npero en canto se restabreceu a situaci\u00f3n a inquisitiva menestral non\ncedeu no seu empe\u00f1o en cortar as relaci\u00f3ns entre os malaterre\u00f1os e\nn\u00f3s. Non o vai a acadar tan doadamente como se pensa, nunca\nrenunciar\u00eda a seguridade da compa\u00f1\u00eda de Gataparda pero Malatesta\nser\u00e1 moito m\u00e1is \u00fatil como embaixador arraiano permanecendo aqu\u00ed.&nbsp;<\/p>\n\n\n\n<p>Deixei\nisto para o final porque averg\u00f3\u00f1ame confesar a mi\u00f1a torpeza. Ve\u00f1o\nda asemblea semanal dos malaterranos coas orellas bermellas e a\ncabeza gacha. A mi\u00f1a participaci\u00f3n en dita asemblea deb\u00eda\nlimitarse a despedirme do clan pero a mi\u00f1a frustraci\u00f3n por non ter\nsido capaz que ningu\u00e9n do Consello falara abertamente da ditadura\nbranda das menestrais fixo que me precipitara. Non fora capaz de\narrincarlles nin unha soa cr\u00edtica cando era evidente que os\nmalaterre\u00f1os soportaban a rega\u00f1adentes o dominio da capital e nesta\nasemblea en v\u00e9spera de reemprender a marcha non puiden controlar o\ncerco dos dentes e de xeito case groseiro insist\u00edn e insist\u00edn en\nsacarlles un pronunciamento obsesionada con acadar un acordo entre os\nnosos pobos \u00e1s costas das menestrais. Deix\u00e1ronme falar nun silencio\ncortante e cando por fin calei a anci\u00e1 do Consello ergueuse e con\nmirada severa espetoume: &#8220;Cando chegue o d\u00eda falaremos pero\nmentres se unha digna filla do teu pobo e d\u00e9ixanos seguir escoitando\na herba medrar&#8221;. Coma sempre atopei consolo mirando baixo o luar\nas vellas fotos que a mi\u00f1a avoa atesouraba entre as follas do seu\ndiario. Inaudito que despois de tanto tempo manose\u00e1ndoas, decatarme\nxusto hoxe que hab\u00eda d\u00faas fotos pegadas quedando unha delas oculta.\nO achado foi o mellor ant\u00eddoto a mi\u00f1a desaz\u00f3n. Unha foto, na que\na\u00ednda se aprecian os rostros, da veci\u00f1anza comuneira da antiga\nparroquia da mi\u00f1a familia defendendo os seu montes comunais. Claro\nque si, claro que son unha digna filla do meu pobo. A estirpe de\nloitadoras polo ben com\u00fan non se extinguir\u00e1.&nbsp;<\/p>\n","protected":false},"excerpt":{"rendered":"<div class=\"mh-excerpt\"><p>h\u00e1mome Senl\u00faa \u00e9 son punta de lanza da resistencia arraiana.  Ma\u00f1\u00e1 pondr\u00e9monnos en marcha cara o cuartel xeral no fronte.  Case d\u00faas semanas levamos nesta aldea, Malaterra <a class=\"mh-excerpt-more\" href=\"https:\/\/www.anovapeneira.gal\/index.php\/2020\/02\/20\/decimo-fragmento-do-diario-de-senlua-arraiana\/\" title=\"D\u00e9cimo fragmento do diario de Senl\u00faa Arraiana\">[&#8230;]<\/a><\/p>\n<\/div>","protected":false},"author":13,"featured_media":2569,"comment_status":"open","ping_status":"open","sticky":false,"template":"","format":"standard","meta":{"_exactmetrics_skip_tracking":false,"_exactmetrics_sitenote_active":false,"_exactmetrics_sitenote_note":"","_exactmetrics_sitenote_category":0,"footnotes":""},"categories":[7],"tags":[235],"class_list":{"0":"post-2568","1":"post","2":"type-post","3":"status-publish","4":"format-standard","5":"has-post-thumbnail","7":"category-artigos-de-opinion","8":"tag-senlua-arraiana"},"yoast_head":"<!-- This site is optimized with the Yoast SEO plugin v27.4 - https:\/\/yoast.com\/product\/yoast-seo-wordpress\/ -->\n<title>D\u00e9cimo fragmento do diario de Senl\u00faa Arraiana -<\/title>\n<meta name=\"robots\" content=\"index, follow, max-snippet:-1, max-image-preview:large, max-video-preview:-1\" \/>\n<link rel=\"canonical\" href=\"https:\/\/www.anovapeneira.gal\/index.php\/2020\/02\/20\/decimo-fragmento-do-diario-de-senlua-arraiana\/\" \/>\n<meta property=\"og:locale\" content=\"gl_ES\" \/>\n<meta property=\"og:type\" content=\"article\" \/>\n<meta property=\"og:title\" content=\"D\u00e9cimo fragmento do diario de Senl\u00faa Arraiana -\" \/>\n<meta property=\"og:description\" content=\"h\u00e1mome Senl\u00faa \u00e9 son punta de lanza da resistencia arraiana. Ma\u00f1\u00e1 pondr\u00e9monnos en marcha cara o cuartel xeral no fronte. Case d\u00faas semanas levamos nesta aldea, Malaterra [...]\" \/>\n<meta property=\"og:url\" content=\"https:\/\/www.anovapeneira.gal\/index.php\/2020\/02\/20\/decimo-fragmento-do-diario-de-senlua-arraiana\/\" \/>\n<meta property=\"article:publisher\" content=\"https:\/\/www.facebook.com\/anovapeneira\" \/>\n<meta property=\"article:published_time\" content=\"2020-02-20T09:00:49+00:00\" \/>\n<meta property=\"og:image\" content=\"https:\/\/www.anovapeneira.gal\/wp-content\/uploads\/2020\/02\/fragmento_10_sen_lua_a_nova_peneira.jpg\" \/>\n\t<meta property=\"og:image:width\" content=\"720\" \/>\n\t<meta property=\"og:image:height\" content=\"432\" \/>\n\t<meta property=\"og:image:type\" content=\"image\/jpeg\" \/>\n<meta name=\"author\" content=\"Cristobal L\u00f3pez\" \/>\n<meta name=\"twitter:card\" content=\"summary_large_image\" \/>\n<meta name=\"twitter:creator\" content=\"@APeneira\" \/>\n<meta name=\"twitter:site\" content=\"@APeneira\" \/>\n<meta name=\"twitter:label1\" content=\"Escrito por\" \/>\n\t<meta name=\"twitter:data1\" content=\"Cristobal L\u00f3pez\" \/>\n\t<meta name=\"twitter:label2\" content=\"Tempo de lectura\" \/>\n\t<meta name=\"twitter:data2\" content=\"6 minutos\" \/>\n<script type=\"application\/ld+json\" class=\"yoast-schema-graph\">{\"@context\":\"https:\\\/\\\/schema.org\",\"@graph\":[{\"@type\":\"Article\",\"@id\":\"https:\\\/\\\/www.anovapeneira.gal\\\/index.php\\\/2020\\\/02\\\/20\\\/decimo-fragmento-do-diario-de-senlua-arraiana\\\/#article\",\"isPartOf\":{\"@id\":\"https:\\\/\\\/www.anovapeneira.gal\\\/index.php\\\/2020\\\/02\\\/20\\\/decimo-fragmento-do-diario-de-senlua-arraiana\\\/\"},\"author\":{\"name\":\"Cristobal L\u00f3pez\",\"@id\":\"https:\\\/\\\/www.anovapeneira.gal\\\/#\\\/schema\\\/person\\\/45b3df2338e4d898b7616809f9c5906c\"},\"headline\":\"D\u00e9cimo fragmento do diario de Senl\u00faa Arraiana\",\"datePublished\":\"2020-02-20T09:00:49+00:00\",\"mainEntityOfPage\":{\"@id\":\"https:\\\/\\\/www.anovapeneira.gal\\\/index.php\\\/2020\\\/02\\\/20\\\/decimo-fragmento-do-diario-de-senlua-arraiana\\\/\"},\"wordCount\":1246,\"commentCount\":0,\"publisher\":{\"@id\":\"https:\\\/\\\/www.anovapeneira.gal\\\/#organization\"},\"image\":{\"@id\":\"https:\\\/\\\/www.anovapeneira.gal\\\/index.php\\\/2020\\\/02\\\/20\\\/decimo-fragmento-do-diario-de-senlua-arraiana\\\/#primaryimage\"},\"thumbnailUrl\":\"https:\\\/\\\/www.anovapeneira.gal\\\/wp-content\\\/uploads\\\/2020\\\/02\\\/fragmento_10_sen_lua_a_nova_peneira.jpg\",\"keywords\":[\"Senl\u00faa Arraiana\"],\"articleSection\":[\"Artigos de opini\u00f3n\"],\"inLanguage\":\"gl-ES\",\"potentialAction\":[{\"@type\":\"CommentAction\",\"name\":\"Comment\",\"target\":[\"https:\\\/\\\/www.anovapeneira.gal\\\/index.php\\\/2020\\\/02\\\/20\\\/decimo-fragmento-do-diario-de-senlua-arraiana\\\/#respond\"]}]},{\"@type\":\"WebPage\",\"@id\":\"https:\\\/\\\/www.anovapeneira.gal\\\/index.php\\\/2020\\\/02\\\/20\\\/decimo-fragmento-do-diario-de-senlua-arraiana\\\/\",\"url\":\"https:\\\/\\\/www.anovapeneira.gal\\\/index.php\\\/2020\\\/02\\\/20\\\/decimo-fragmento-do-diario-de-senlua-arraiana\\\/\",\"name\":\"D\u00e9cimo fragmento do diario de Senl\u00faa Arraiana -\",\"isPartOf\":{\"@id\":\"https:\\\/\\\/www.anovapeneira.gal\\\/#website\"},\"primaryImageOfPage\":{\"@id\":\"https:\\\/\\\/www.anovapeneira.gal\\\/index.php\\\/2020\\\/02\\\/20\\\/decimo-fragmento-do-diario-de-senlua-arraiana\\\/#primaryimage\"},\"image\":{\"@id\":\"https:\\\/\\\/www.anovapeneira.gal\\\/index.php\\\/2020\\\/02\\\/20\\\/decimo-fragmento-do-diario-de-senlua-arraiana\\\/#primaryimage\"},\"thumbnailUrl\":\"https:\\\/\\\/www.anovapeneira.gal\\\/wp-content\\\/uploads\\\/2020\\\/02\\\/fragmento_10_sen_lua_a_nova_peneira.jpg\",\"datePublished\":\"2020-02-20T09:00:49+00:00\",\"breadcrumb\":{\"@id\":\"https:\\\/\\\/www.anovapeneira.gal\\\/index.php\\\/2020\\\/02\\\/20\\\/decimo-fragmento-do-diario-de-senlua-arraiana\\\/#breadcrumb\"},\"inLanguage\":\"gl-ES\",\"potentialAction\":[{\"@type\":\"ReadAction\",\"target\":[\"https:\\\/\\\/www.anovapeneira.gal\\\/index.php\\\/2020\\\/02\\\/20\\\/decimo-fragmento-do-diario-de-senlua-arraiana\\\/\"]}]},{\"@type\":\"ImageObject\",\"inLanguage\":\"gl-ES\",\"@id\":\"https:\\\/\\\/www.anovapeneira.gal\\\/index.php\\\/2020\\\/02\\\/20\\\/decimo-fragmento-do-diario-de-senlua-arraiana\\\/#primaryimage\",\"url\":\"https:\\\/\\\/www.anovapeneira.gal\\\/wp-content\\\/uploads\\\/2020\\\/02\\\/fragmento_10_sen_lua_a_nova_peneira.jpg\",\"contentUrl\":\"https:\\\/\\\/www.anovapeneira.gal\\\/wp-content\\\/uploads\\\/2020\\\/02\\\/fragmento_10_sen_lua_a_nova_peneira.jpg\",\"width\":720,\"height\":432,\"caption\":\"Fragmento 10 senl\u00faa arraiana\"},{\"@type\":\"BreadcrumbList\",\"@id\":\"https:\\\/\\\/www.anovapeneira.gal\\\/index.php\\\/2020\\\/02\\\/20\\\/decimo-fragmento-do-diario-de-senlua-arraiana\\\/#breadcrumb\",\"itemListElement\":[{\"@type\":\"ListItem\",\"position\":1,\"name\":\"Portada\",\"item\":\"https:\\\/\\\/www.anovapeneira.gal\\\/\"},{\"@type\":\"ListItem\",\"position\":2,\"name\":\"D\u00e9cimo fragmento do diario de Senl\u00faa Arraiana\"}]},{\"@type\":\"WebSite\",\"@id\":\"https:\\\/\\\/www.anovapeneira.gal\\\/#website\",\"url\":\"https:\\\/\\\/www.anovapeneira.gal\\\/\",\"name\":\"\",\"description\":\"Xornal galego de informaci\u00f3n xeral Publicaci\u00f3n mensual de novas de Galicia e en especial dos Concellos da sur da provincia de Pontevedra.\",\"publisher\":{\"@id\":\"https:\\\/\\\/www.anovapeneira.gal\\\/#organization\"},\"potentialAction\":[{\"@type\":\"SearchAction\",\"target\":{\"@type\":\"EntryPoint\",\"urlTemplate\":\"https:\\\/\\\/www.anovapeneira.gal\\\/?s={search_term_string}\"},\"query-input\":{\"@type\":\"PropertyValueSpecification\",\"valueRequired\":true,\"valueName\":\"search_term_string\"}}],\"inLanguage\":\"gl-ES\"},{\"@type\":\"Organization\",\"@id\":\"https:\\\/\\\/www.anovapeneira.gal\\\/#organization\",\"name\":\"A Nova Peneira\",\"url\":\"https:\\\/\\\/www.anovapeneira.gal\\\/\",\"logo\":{\"@type\":\"ImageObject\",\"inLanguage\":\"gl-ES\",\"@id\":\"https:\\\/\\\/www.anovapeneira.gal\\\/#\\\/schema\\\/logo\\\/image\\\/\",\"url\":\"http:\\\/\\\/www.anovapeneira.gal\\\/wp-content\\\/uploads\\\/2019\\\/06\\\/logo_a_nova_peneira_portal_web.png\",\"contentUrl\":\"http:\\\/\\\/www.anovapeneira.gal\\\/wp-content\\\/uploads\\\/2019\\\/06\\\/logo_a_nova_peneira_portal_web.png\",\"width\":300,\"height\":100,\"caption\":\"A Nova Peneira\"},\"image\":{\"@id\":\"https:\\\/\\\/www.anovapeneira.gal\\\/#\\\/schema\\\/logo\\\/image\\\/\"},\"sameAs\":[\"https:\\\/\\\/www.facebook.com\\\/anovapeneira\",\"https:\\\/\\\/x.com\\\/APeneira\"]},{\"@type\":\"Person\",\"@id\":\"https:\\\/\\\/www.anovapeneira.gal\\\/#\\\/schema\\\/person\\\/45b3df2338e4d898b7616809f9c5906c\",\"name\":\"Cristobal L\u00f3pez\",\"image\":{\"@type\":\"ImageObject\",\"inLanguage\":\"gl-ES\",\"@id\":\"https:\\\/\\\/secure.gravatar.com\\\/avatar\\\/b537cf06ef8166c9ef72b09f4d5f6446b1e22ea99505d94e40b8685710482f79?s=96&d=mm&r=g\",\"url\":\"https:\\\/\\\/secure.gravatar.com\\\/avatar\\\/b537cf06ef8166c9ef72b09f4d5f6446b1e22ea99505d94e40b8685710482f79?s=96&d=mm&r=g\",\"contentUrl\":\"https:\\\/\\\/secure.gravatar.com\\\/avatar\\\/b537cf06ef8166c9ef72b09f4d5f6446b1e22ea99505d94e40b8685710482f79?s=96&d=mm&r=g\",\"caption\":\"Cristobal L\u00f3pez\"},\"sameAs\":[\"http:\\\/\\\/anovapeneira.gal\"],\"url\":\"https:\\\/\\\/www.anovapeneira.gal\\\/index.php\\\/author\\\/opinioncristoballopez\\\/\"}]}<\/script>\n<!-- \/ Yoast SEO plugin. -->","yoast_head_json":{"title":"D\u00e9cimo fragmento do diario de Senl\u00faa Arraiana -","robots":{"index":"index","follow":"follow","max-snippet":"max-snippet:-1","max-image-preview":"max-image-preview:large","max-video-preview":"max-video-preview:-1"},"canonical":"https:\/\/www.anovapeneira.gal\/index.php\/2020\/02\/20\/decimo-fragmento-do-diario-de-senlua-arraiana\/","og_locale":"gl_ES","og_type":"article","og_title":"D\u00e9cimo fragmento do diario de Senl\u00faa Arraiana -","og_description":"h\u00e1mome Senl\u00faa \u00e9 son punta de lanza da resistencia arraiana. Ma\u00f1\u00e1 pondr\u00e9monnos en marcha cara o cuartel xeral no fronte. Case d\u00faas semanas levamos nesta aldea, Malaterra [...]","og_url":"https:\/\/www.anovapeneira.gal\/index.php\/2020\/02\/20\/decimo-fragmento-do-diario-de-senlua-arraiana\/","article_publisher":"https:\/\/www.facebook.com\/anovapeneira","article_published_time":"2020-02-20T09:00:49+00:00","og_image":[{"width":720,"height":432,"url":"https:\/\/www.anovapeneira.gal\/wp-content\/uploads\/2020\/02\/fragmento_10_sen_lua_a_nova_peneira.jpg","type":"image\/jpeg"}],"author":"Cristobal L\u00f3pez","twitter_card":"summary_large_image","twitter_creator":"@APeneira","twitter_site":"@APeneira","twitter_misc":{"Escrito por":"Cristobal L\u00f3pez","Tempo de lectura":"6 minutos"},"schema":{"@context":"https:\/\/schema.org","@graph":[{"@type":"Article","@id":"https:\/\/www.anovapeneira.gal\/index.php\/2020\/02\/20\/decimo-fragmento-do-diario-de-senlua-arraiana\/#article","isPartOf":{"@id":"https:\/\/www.anovapeneira.gal\/index.php\/2020\/02\/20\/decimo-fragmento-do-diario-de-senlua-arraiana\/"},"author":{"name":"Cristobal L\u00f3pez","@id":"https:\/\/www.anovapeneira.gal\/#\/schema\/person\/45b3df2338e4d898b7616809f9c5906c"},"headline":"D\u00e9cimo fragmento do diario de Senl\u00faa Arraiana","datePublished":"2020-02-20T09:00:49+00:00","mainEntityOfPage":{"@id":"https:\/\/www.anovapeneira.gal\/index.php\/2020\/02\/20\/decimo-fragmento-do-diario-de-senlua-arraiana\/"},"wordCount":1246,"commentCount":0,"publisher":{"@id":"https:\/\/www.anovapeneira.gal\/#organization"},"image":{"@id":"https:\/\/www.anovapeneira.gal\/index.php\/2020\/02\/20\/decimo-fragmento-do-diario-de-senlua-arraiana\/#primaryimage"},"thumbnailUrl":"https:\/\/www.anovapeneira.gal\/wp-content\/uploads\/2020\/02\/fragmento_10_sen_lua_a_nova_peneira.jpg","keywords":["Senl\u00faa Arraiana"],"articleSection":["Artigos de opini\u00f3n"],"inLanguage":"gl-ES","potentialAction":[{"@type":"CommentAction","name":"Comment","target":["https:\/\/www.anovapeneira.gal\/index.php\/2020\/02\/20\/decimo-fragmento-do-diario-de-senlua-arraiana\/#respond"]}]},{"@type":"WebPage","@id":"https:\/\/www.anovapeneira.gal\/index.php\/2020\/02\/20\/decimo-fragmento-do-diario-de-senlua-arraiana\/","url":"https:\/\/www.anovapeneira.gal\/index.php\/2020\/02\/20\/decimo-fragmento-do-diario-de-senlua-arraiana\/","name":"D\u00e9cimo fragmento do diario de Senl\u00faa Arraiana -","isPartOf":{"@id":"https:\/\/www.anovapeneira.gal\/#website"},"primaryImageOfPage":{"@id":"https:\/\/www.anovapeneira.gal\/index.php\/2020\/02\/20\/decimo-fragmento-do-diario-de-senlua-arraiana\/#primaryimage"},"image":{"@id":"https:\/\/www.anovapeneira.gal\/index.php\/2020\/02\/20\/decimo-fragmento-do-diario-de-senlua-arraiana\/#primaryimage"},"thumbnailUrl":"https:\/\/www.anovapeneira.gal\/wp-content\/uploads\/2020\/02\/fragmento_10_sen_lua_a_nova_peneira.jpg","datePublished":"2020-02-20T09:00:49+00:00","breadcrumb":{"@id":"https:\/\/www.anovapeneira.gal\/index.php\/2020\/02\/20\/decimo-fragmento-do-diario-de-senlua-arraiana\/#breadcrumb"},"inLanguage":"gl-ES","potentialAction":[{"@type":"ReadAction","target":["https:\/\/www.anovapeneira.gal\/index.php\/2020\/02\/20\/decimo-fragmento-do-diario-de-senlua-arraiana\/"]}]},{"@type":"ImageObject","inLanguage":"gl-ES","@id":"https:\/\/www.anovapeneira.gal\/index.php\/2020\/02\/20\/decimo-fragmento-do-diario-de-senlua-arraiana\/#primaryimage","url":"https:\/\/www.anovapeneira.gal\/wp-content\/uploads\/2020\/02\/fragmento_10_sen_lua_a_nova_peneira.jpg","contentUrl":"https:\/\/www.anovapeneira.gal\/wp-content\/uploads\/2020\/02\/fragmento_10_sen_lua_a_nova_peneira.jpg","width":720,"height":432,"caption":"Fragmento 10 senl\u00faa arraiana"},{"@type":"BreadcrumbList","@id":"https:\/\/www.anovapeneira.gal\/index.php\/2020\/02\/20\/decimo-fragmento-do-diario-de-senlua-arraiana\/#breadcrumb","itemListElement":[{"@type":"ListItem","position":1,"name":"Portada","item":"https:\/\/www.anovapeneira.gal\/"},{"@type":"ListItem","position":2,"name":"D\u00e9cimo fragmento do diario de Senl\u00faa Arraiana"}]},{"@type":"WebSite","@id":"https:\/\/www.anovapeneira.gal\/#website","url":"https:\/\/www.anovapeneira.gal\/","name":"","description":"Xornal galego de informaci\u00f3n xeral Publicaci\u00f3n mensual de novas de Galicia e en especial dos Concellos da sur da provincia de Pontevedra.","publisher":{"@id":"https:\/\/www.anovapeneira.gal\/#organization"},"potentialAction":[{"@type":"SearchAction","target":{"@type":"EntryPoint","urlTemplate":"https:\/\/www.anovapeneira.gal\/?s={search_term_string}"},"query-input":{"@type":"PropertyValueSpecification","valueRequired":true,"valueName":"search_term_string"}}],"inLanguage":"gl-ES"},{"@type":"Organization","@id":"https:\/\/www.anovapeneira.gal\/#organization","name":"A Nova Peneira","url":"https:\/\/www.anovapeneira.gal\/","logo":{"@type":"ImageObject","inLanguage":"gl-ES","@id":"https:\/\/www.anovapeneira.gal\/#\/schema\/logo\/image\/","url":"http:\/\/www.anovapeneira.gal\/wp-content\/uploads\/2019\/06\/logo_a_nova_peneira_portal_web.png","contentUrl":"http:\/\/www.anovapeneira.gal\/wp-content\/uploads\/2019\/06\/logo_a_nova_peneira_portal_web.png","width":300,"height":100,"caption":"A Nova Peneira"},"image":{"@id":"https:\/\/www.anovapeneira.gal\/#\/schema\/logo\/image\/"},"sameAs":["https:\/\/www.facebook.com\/anovapeneira","https:\/\/x.com\/APeneira"]},{"@type":"Person","@id":"https:\/\/www.anovapeneira.gal\/#\/schema\/person\/45b3df2338e4d898b7616809f9c5906c","name":"Cristobal L\u00f3pez","image":{"@type":"ImageObject","inLanguage":"gl-ES","@id":"https:\/\/secure.gravatar.com\/avatar\/b537cf06ef8166c9ef72b09f4d5f6446b1e22ea99505d94e40b8685710482f79?s=96&d=mm&r=g","url":"https:\/\/secure.gravatar.com\/avatar\/b537cf06ef8166c9ef72b09f4d5f6446b1e22ea99505d94e40b8685710482f79?s=96&d=mm&r=g","contentUrl":"https:\/\/secure.gravatar.com\/avatar\/b537cf06ef8166c9ef72b09f4d5f6446b1e22ea99505d94e40b8685710482f79?s=96&d=mm&r=g","caption":"Cristobal L\u00f3pez"},"sameAs":["http:\/\/anovapeneira.gal"],"url":"https:\/\/www.anovapeneira.gal\/index.php\/author\/opinioncristoballopez\/"}]}},"jetpack_featured_media_url":"https:\/\/www.anovapeneira.gal\/wp-content\/uploads\/2020\/02\/fragmento_10_sen_lua_a_nova_peneira.jpg","_links":{"self":[{"href":"https:\/\/www.anovapeneira.gal\/index.php\/wp-json\/wp\/v2\/posts\/2568","targetHints":{"allow":["GET"]}}],"collection":[{"href":"https:\/\/www.anovapeneira.gal\/index.php\/wp-json\/wp\/v2\/posts"}],"about":[{"href":"https:\/\/www.anovapeneira.gal\/index.php\/wp-json\/wp\/v2\/types\/post"}],"author":[{"embeddable":true,"href":"https:\/\/www.anovapeneira.gal\/index.php\/wp-json\/wp\/v2\/users\/13"}],"replies":[{"embeddable":true,"href":"https:\/\/www.anovapeneira.gal\/index.php\/wp-json\/wp\/v2\/comments?post=2568"}],"version-history":[{"count":1,"href":"https:\/\/www.anovapeneira.gal\/index.php\/wp-json\/wp\/v2\/posts\/2568\/revisions"}],"predecessor-version":[{"id":2570,"href":"https:\/\/www.anovapeneira.gal\/index.php\/wp-json\/wp\/v2\/posts\/2568\/revisions\/2570"}],"wp:featuredmedia":[{"embeddable":true,"href":"https:\/\/www.anovapeneira.gal\/index.php\/wp-json\/wp\/v2\/media\/2569"}],"wp:attachment":[{"href":"https:\/\/www.anovapeneira.gal\/index.php\/wp-json\/wp\/v2\/media?parent=2568"}],"wp:term":[{"taxonomy":"category","embeddable":true,"href":"https:\/\/www.anovapeneira.gal\/index.php\/wp-json\/wp\/v2\/categories?post=2568"},{"taxonomy":"post_tag","embeddable":true,"href":"https:\/\/www.anovapeneira.gal\/index.php\/wp-json\/wp\/v2\/tags?post=2568"}],"curies":[{"name":"wp","href":"https:\/\/api.w.org\/{rel}","templated":true}]}}