{"id":2571,"date":"2020-02-20T12:00:25","date_gmt":"2020-02-20T11:00:25","guid":{"rendered":"http:\/\/www.anovapeneira.gal\/?p=2571"},"modified":"2020-02-16T10:26:46","modified_gmt":"2020-02-16T09:26:46","slug":"sen-biodiversidade-non-hai-vida","status":"publish","type":"post","link":"https:\/\/www.anovapeneira.gal\/index.php\/2020\/02\/20\/sen-biodiversidade-non-hai-vida\/","title":{"rendered":"\u2018Sen biodiversidade non hai vida\u2019"},"content":{"rendered":"\n<h2 class=\"wp-block-heading\">A comunidade cient\u00edfica alerta de que actualmente un mill\u00f3n de especies at\u00f3panse ameazadas de extinci\u00f3n. A destruci\u00f3n dos nosos ecosistemas ten consecuencias fatais para a supervivencia do planeta e a especie humana<\/h2>\n\n\n\n<p>Espa\u00f1a \u00e9 un dos puntos quentes de biodiversidade m\u00e1is importantes do planeta e o territorio que m\u00e1is contrib\u00fae \u00e1 protecci\u00f3n de ecosistemas dentro da Uni\u00f3n Europea.<br><br>Ecoloxistas en Acci\u00f3n presenta a s\u00faa campa\u00f1a \u2018Sen biodiversidade non hai vida\u2019, que contemplar\u00e1 diversas acci\u00f3ns e iniciativas ao longo deste ano. <br><br>Para a organizaci\u00f3n ecoloxista 2020 ser\u00e1 o ano da biodiversidade e envorcar\u00e1 boa parte dos seus esforzos en lograr que a s\u00faa conservaci\u00f3n sexa unha prioridade para o novo Goberno e para a maior\u00eda da sociedade. <br><br>Ecoloxistas en Acci\u00f3n pon en marcha a campa\u00f1a \u2018Sen biodiversidade non hai vida\u2019. Entre os seus obxectivos incl\u00fae concienciar sobre a importancia da conservaci\u00f3n da biodiversidade a unha sociedade civil que desco\u00f1ece a magnitude do problema e reclamar ao Goberno espa\u00f1ol a adopci\u00f3n de medidas contundentes para actuar contra a perda de biodiversidade. Para iso, a organizaci\u00f3n ecoloxista lanza unha p\u00e1xina web espec\u00edfica, unha primeira campa\u00f1a en redes sociais que incl\u00fae un v\u00eddeo instando \u00e1 mocidade \u00e1 mobilizaci\u00f3n pola defensa da biodiversidade e unha exposici\u00f3n, que este ano se expo\u00f1er\u00e1 en varias cidades, tanto en espazos sociais como en centros escolares. <br><br>O Goberno espa\u00f1ol comprometeuse en 2010, como parte do Convenio sobre a Diversidade Biol\u00f3xica de Naci\u00f3ns Unidas, a \u201cdeter a perda de biodiversidade e a degradaci\u00f3n dos servizos\u00a0 ecosist\u00e9micos, e a restauralos na medida do posible para 2020\u201d. Como Ecoloxistas en Acci\u00f3n xa adiantou, Espa\u00f1a incumprir\u00e1 este importante compromiso debido a que ning\u00fan dos gobernos existentes neste per\u00edodo tomou as medidas necesarias para tentar cumprilo.\u00a0 Ante a inactividade dos gobernos, a organizaci\u00f3n ecoloxista fai un chamamento \u00e1 sociedade para que se conciencie sobre a necesidade de tomar medidas para deter a emerxencia ecol\u00f3xica, composta principalmente pola perda de biodiversidade e o cambio clim\u00e1tico, ameazas intimamente relacionadas, e mobil\u00edcese para esixir a conservaci\u00f3n da biodiversidade mari\u00f1a e terrestre da que todos os seres humanos dependemos para a nosa supervivencia. <br><br>O \u00faltimo informe da Plataforma Intergobernamental sobre Biodiversidade e Servizos\u00a0 Ecosist\u00e9micos ( IPBES) advirte de que o 90 % das especies vexetais dependen da\u00a0 polinizaci\u00f3n animal, principalmente de insectos. O papel dos insectos na conservaci\u00f3n da biodiversidade \u00e9 fundamental. Por iso, Ecoloxistas en Acci\u00f3n fai especial fincap\u00e9 na grave situaci\u00f3n na que estes se atopan. A campa\u00f1a \u2018Sen biodiversidade non hai vida\u2019 incl\u00fae unha acci\u00f3n comunicativa de sensibilizaci\u00f3n en defensa dos insectos que se presentar\u00e1 en marzo, e promove as\u00ed mesmo unha iniciativa contra os praguicidas, unha grave ameaza para a biodiversidade e para a sa\u00fade humana, mediante unha Iniciativa Cidad\u00e1 Europea (ICE) rec\u00f3llense firmas para que o Parlamento Europeo lexisle unha progresiva reduci\u00f3n do uso de praguicidas.\u00a0 2020 \u00e9 un ano marcado pola celebraci\u00f3n do Cume de Biodiversidade ( COP15). Ecoloxistas en Acci\u00f3n participa na elaboraci\u00f3n do Marco Global de Biodiversidade deberase aprobar en outubro en China e no seguimento das m\u00faltiples iniciativas e reuni\u00f3ns que sobre biodiversidade desenvolveranse este ano.<br><br>Espa\u00f1a \u00e9 un dos puntos quentes de biodiversidade m\u00e1is importantes do planeta e o territorio que m\u00e1is contrib\u00fae \u00e1 protecci\u00f3n de ecosistemas dentro da UE. A correcta xesti\u00f3n destas \u00e1reas protexidas \u00e9 fundamental para deter a perda de biodiversidade, na actualidade insuficiente. Dentro da campa\u00f1a \u2018Sen biodiversidade non hai vida\u2019 Ecoloxistas en Acci\u00f3n elaborar\u00e1 un estudo e definir\u00e1 propostas para que os espazos naturais protexidos sexan m\u00e1is eficaces para lograr este obxectivo. A organizaci\u00f3n ecoloxista pretende que durante 2020 increm\u00e9ntese substancialmente a sensibilidade da sociedade e que o Goberno de Espa\u00f1a, particularmente a Vicepresidencia para a Transici\u00f3n Ecol\u00f3xica, adopte medidas contundentes para deter a perda de biodiversidade. Como advertiu a ONU, s\u00f3 quedan 10 anos para facelo.<\/p>\n","protected":false},"excerpt":{"rendered":"<div class=\"mh-excerpt\"><p>A comunidade cient\u00edfica alerta de que actualmente un mill\u00f3n de especies at\u00f3panse ameazadas de extinci\u00f3n <a class=\"mh-excerpt-more\" href=\"https:\/\/www.anovapeneira.gal\/index.php\/2020\/02\/20\/sen-biodiversidade-non-hai-vida\/\" title=\"\u2018Sen biodiversidade non hai vida\u2019\">[&#8230;]<\/a><\/p>\n<\/div>","protected":false},"author":3,"featured_media":2572,"comment_status":"open","ping_status":"open","sticky":false,"template":"","format":"standard","meta":{"_exactmetrics_skip_tracking":false,"_exactmetrics_sitenote_active":false,"_exactmetrics_sitenote_note":"","_exactmetrics_sitenote_category":0,"footnotes":""},"categories":[263],"tags":[375,924],"class_list":{"0":"post-2571","1":"post","2":"type-post","3":"status-publish","4":"format-standard","5":"has-post-thumbnail","7":"category-novas","8":"tag-biodiversidade","9":"tag-ecoloxistas-en-accion"},"yoast_head":"<!-- This site is optimized with the Yoast SEO plugin v27.4 - https:\/\/yoast.com\/product\/yoast-seo-wordpress\/ -->\n<title>\u2018Sen biodiversidade non hai vida\u2019 -<\/title>\n<meta name=\"robots\" content=\"index, follow, max-snippet:-1, max-image-preview:large, max-video-preview:-1\" \/>\n<link rel=\"canonical\" href=\"https:\/\/www.anovapeneira.gal\/index.php\/2020\/02\/20\/sen-biodiversidade-non-hai-vida\/\" \/>\n<meta property=\"og:locale\" content=\"gl_ES\" \/>\n<meta property=\"og:type\" content=\"article\" \/>\n<meta property=\"og:title\" content=\"\u2018Sen biodiversidade non hai vida\u2019 -\" \/>\n<meta property=\"og:description\" content=\"A comunidade cient\u00edfica alerta de que actualmente un mill\u00f3n de especies at\u00f3panse ameazadas de extinci\u00f3n [...]\" \/>\n<meta property=\"og:url\" content=\"https:\/\/www.anovapeneira.gal\/index.php\/2020\/02\/20\/sen-biodiversidade-non-hai-vida\/\" \/>\n<meta property=\"article:publisher\" content=\"https:\/\/www.facebook.com\/anovapeneira\" \/>\n<meta property=\"article:published_time\" content=\"2020-02-20T11:00:25+00:00\" \/>\n<meta property=\"og:image\" content=\"https:\/\/www.anovapeneira.gal\/wp-content\/uploads\/2020\/02\/ecoloxitas_en_accion.png\" \/>\n\t<meta property=\"og:image:width\" content=\"720\" \/>\n\t<meta property=\"og:image:height\" content=\"432\" \/>\n\t<meta property=\"og:image:type\" content=\"image\/png\" \/>\n<meta name=\"author\" content=\"Redacci\u00f3n A Nova Peneira\" \/>\n<meta name=\"twitter:card\" content=\"summary_large_image\" \/>\n<meta name=\"twitter:creator\" content=\"@APeneira\" \/>\n<meta name=\"twitter:site\" content=\"@APeneira\" \/>\n<meta name=\"twitter:label1\" content=\"Escrito por\" \/>\n\t<meta name=\"twitter:data1\" content=\"Redacci\u00f3n A Nova Peneira\" \/>\n\t<meta name=\"twitter:label2\" content=\"Tempo de lectura\" \/>\n\t<meta name=\"twitter:data2\" content=\"3 minutos\" \/>\n<script type=\"application\/ld+json\" class=\"yoast-schema-graph\">{\"@context\":\"https:\\\/\\\/schema.org\",\"@graph\":[{\"@type\":\"Article\",\"@id\":\"https:\\\/\\\/www.anovapeneira.gal\\\/index.php\\\/2020\\\/02\\\/20\\\/sen-biodiversidade-non-hai-vida\\\/#article\",\"isPartOf\":{\"@id\":\"https:\\\/\\\/www.anovapeneira.gal\\\/index.php\\\/2020\\\/02\\\/20\\\/sen-biodiversidade-non-hai-vida\\\/\"},\"author\":{\"name\":\"Redacci\u00f3n A Nova Peneira\",\"@id\":\"https:\\\/\\\/www.anovapeneira.gal\\\/#\\\/schema\\\/person\\\/b93e3f8932e3f8da96334607eb6ac6aa\"},\"headline\":\"\u2018Sen biodiversidade non hai vida\u2019\",\"datePublished\":\"2020-02-20T11:00:25+00:00\",\"mainEntityOfPage\":{\"@id\":\"https:\\\/\\\/www.anovapeneira.gal\\\/index.php\\\/2020\\\/02\\\/20\\\/sen-biodiversidade-non-hai-vida\\\/\"},\"wordCount\":690,\"commentCount\":0,\"publisher\":{\"@id\":\"https:\\\/\\\/www.anovapeneira.gal\\\/#organization\"},\"image\":{\"@id\":\"https:\\\/\\\/www.anovapeneira.gal\\\/index.php\\\/2020\\\/02\\\/20\\\/sen-biodiversidade-non-hai-vida\\\/#primaryimage\"},\"thumbnailUrl\":\"https:\\\/\\\/www.anovapeneira.gal\\\/wp-content\\\/uploads\\\/2020\\\/02\\\/ecoloxitas_en_accion.png\",\"keywords\":[\"Biodiversidade\",\"Ecoloxistas en Acci\u00f3n\"],\"articleSection\":[\"Novas\"],\"inLanguage\":\"gl-ES\",\"potentialAction\":[{\"@type\":\"CommentAction\",\"name\":\"Comment\",\"target\":[\"https:\\\/\\\/www.anovapeneira.gal\\\/index.php\\\/2020\\\/02\\\/20\\\/sen-biodiversidade-non-hai-vida\\\/#respond\"]}]},{\"@type\":\"WebPage\",\"@id\":\"https:\\\/\\\/www.anovapeneira.gal\\\/index.php\\\/2020\\\/02\\\/20\\\/sen-biodiversidade-non-hai-vida\\\/\",\"url\":\"https:\\\/\\\/www.anovapeneira.gal\\\/index.php\\\/2020\\\/02\\\/20\\\/sen-biodiversidade-non-hai-vida\\\/\",\"name\":\"\u2018Sen biodiversidade non hai vida\u2019 -\",\"isPartOf\":{\"@id\":\"https:\\\/\\\/www.anovapeneira.gal\\\/#website\"},\"primaryImageOfPage\":{\"@id\":\"https:\\\/\\\/www.anovapeneira.gal\\\/index.php\\\/2020\\\/02\\\/20\\\/sen-biodiversidade-non-hai-vida\\\/#primaryimage\"},\"image\":{\"@id\":\"https:\\\/\\\/www.anovapeneira.gal\\\/index.php\\\/2020\\\/02\\\/20\\\/sen-biodiversidade-non-hai-vida\\\/#primaryimage\"},\"thumbnailUrl\":\"https:\\\/\\\/www.anovapeneira.gal\\\/wp-content\\\/uploads\\\/2020\\\/02\\\/ecoloxitas_en_accion.png\",\"datePublished\":\"2020-02-20T11:00:25+00:00\",\"breadcrumb\":{\"@id\":\"https:\\\/\\\/www.anovapeneira.gal\\\/index.php\\\/2020\\\/02\\\/20\\\/sen-biodiversidade-non-hai-vida\\\/#breadcrumb\"},\"inLanguage\":\"gl-ES\",\"potentialAction\":[{\"@type\":\"ReadAction\",\"target\":[\"https:\\\/\\\/www.anovapeneira.gal\\\/index.php\\\/2020\\\/02\\\/20\\\/sen-biodiversidade-non-hai-vida\\\/\"]}]},{\"@type\":\"ImageObject\",\"inLanguage\":\"gl-ES\",\"@id\":\"https:\\\/\\\/www.anovapeneira.gal\\\/index.php\\\/2020\\\/02\\\/20\\\/sen-biodiversidade-non-hai-vida\\\/#primaryimage\",\"url\":\"https:\\\/\\\/www.anovapeneira.gal\\\/wp-content\\\/uploads\\\/2020\\\/02\\\/ecoloxitas_en_accion.png\",\"contentUrl\":\"https:\\\/\\\/www.anovapeneira.gal\\\/wp-content\\\/uploads\\\/2020\\\/02\\\/ecoloxitas_en_accion.png\",\"width\":720,\"height\":432,\"caption\":\"Ecoloxistas en acci\u00f3n Galiza\"},{\"@type\":\"BreadcrumbList\",\"@id\":\"https:\\\/\\\/www.anovapeneira.gal\\\/index.php\\\/2020\\\/02\\\/20\\\/sen-biodiversidade-non-hai-vida\\\/#breadcrumb\",\"itemListElement\":[{\"@type\":\"ListItem\",\"position\":1,\"name\":\"Portada\",\"item\":\"https:\\\/\\\/www.anovapeneira.gal\\\/\"},{\"@type\":\"ListItem\",\"position\":2,\"name\":\"\u2018Sen biodiversidade non hai vida\u2019\"}]},{\"@type\":\"WebSite\",\"@id\":\"https:\\\/\\\/www.anovapeneira.gal\\\/#website\",\"url\":\"https:\\\/\\\/www.anovapeneira.gal\\\/\",\"name\":\"\",\"description\":\"Xornal galego de informaci\u00f3n xeral Publicaci\u00f3n mensual de novas de Galicia e en especial dos Concellos da sur da provincia de Pontevedra.\",\"publisher\":{\"@id\":\"https:\\\/\\\/www.anovapeneira.gal\\\/#organization\"},\"potentialAction\":[{\"@type\":\"SearchAction\",\"target\":{\"@type\":\"EntryPoint\",\"urlTemplate\":\"https:\\\/\\\/www.anovapeneira.gal\\\/?s={search_term_string}\"},\"query-input\":{\"@type\":\"PropertyValueSpecification\",\"valueRequired\":true,\"valueName\":\"search_term_string\"}}],\"inLanguage\":\"gl-ES\"},{\"@type\":\"Organization\",\"@id\":\"https:\\\/\\\/www.anovapeneira.gal\\\/#organization\",\"name\":\"A Nova Peneira\",\"url\":\"https:\\\/\\\/www.anovapeneira.gal\\\/\",\"logo\":{\"@type\":\"ImageObject\",\"inLanguage\":\"gl-ES\",\"@id\":\"https:\\\/\\\/www.anovapeneira.gal\\\/#\\\/schema\\\/logo\\\/image\\\/\",\"url\":\"http:\\\/\\\/www.anovapeneira.gal\\\/wp-content\\\/uploads\\\/2019\\\/06\\\/logo_a_nova_peneira_portal_web.png\",\"contentUrl\":\"http:\\\/\\\/www.anovapeneira.gal\\\/wp-content\\\/uploads\\\/2019\\\/06\\\/logo_a_nova_peneira_portal_web.png\",\"width\":300,\"height\":100,\"caption\":\"A Nova Peneira\"},\"image\":{\"@id\":\"https:\\\/\\\/www.anovapeneira.gal\\\/#\\\/schema\\\/logo\\\/image\\\/\"},\"sameAs\":[\"https:\\\/\\\/www.facebook.com\\\/anovapeneira\",\"https:\\\/\\\/x.com\\\/APeneira\"]},{\"@type\":\"Person\",\"@id\":\"https:\\\/\\\/www.anovapeneira.gal\\\/#\\\/schema\\\/person\\\/b93e3f8932e3f8da96334607eb6ac6aa\",\"name\":\"Redacci\u00f3n A Nova Peneira\",\"image\":{\"@type\":\"ImageObject\",\"inLanguage\":\"gl-ES\",\"@id\":\"https:\\\/\\\/secure.gravatar.com\\\/avatar\\\/c052a2551a06e23fac63626232eaa90abd78dbcf1700fc46a2b2c89fd27b735f?s=96&d=mm&r=g\",\"url\":\"https:\\\/\\\/secure.gravatar.com\\\/avatar\\\/c052a2551a06e23fac63626232eaa90abd78dbcf1700fc46a2b2c89fd27b735f?s=96&d=mm&r=g\",\"contentUrl\":\"https:\\\/\\\/secure.gravatar.com\\\/avatar\\\/c052a2551a06e23fac63626232eaa90abd78dbcf1700fc46a2b2c89fd27b735f?s=96&d=mm&r=g\",\"caption\":\"Redacci\u00f3n A Nova Peneira\"},\"sameAs\":[\"http:\\\/\\\/www.anovapeneira.gal\\\/\"],\"url\":\"https:\\\/\\\/www.anovapeneira.gal\\\/index.php\\\/author\\\/redactor\\\/\"}]}<\/script>\n<!-- \/ Yoast SEO plugin. -->","yoast_head_json":{"title":"\u2018Sen biodiversidade non hai vida\u2019 -","robots":{"index":"index","follow":"follow","max-snippet":"max-snippet:-1","max-image-preview":"max-image-preview:large","max-video-preview":"max-video-preview:-1"},"canonical":"https:\/\/www.anovapeneira.gal\/index.php\/2020\/02\/20\/sen-biodiversidade-non-hai-vida\/","og_locale":"gl_ES","og_type":"article","og_title":"\u2018Sen biodiversidade non hai vida\u2019 -","og_description":"A comunidade cient\u00edfica alerta de que actualmente un mill\u00f3n de especies at\u00f3panse ameazadas de extinci\u00f3n [...]","og_url":"https:\/\/www.anovapeneira.gal\/index.php\/2020\/02\/20\/sen-biodiversidade-non-hai-vida\/","article_publisher":"https:\/\/www.facebook.com\/anovapeneira","article_published_time":"2020-02-20T11:00:25+00:00","og_image":[{"width":720,"height":432,"url":"https:\/\/www.anovapeneira.gal\/wp-content\/uploads\/2020\/02\/ecoloxitas_en_accion.png","type":"image\/png"}],"author":"Redacci\u00f3n A Nova Peneira","twitter_card":"summary_large_image","twitter_creator":"@APeneira","twitter_site":"@APeneira","twitter_misc":{"Escrito por":"Redacci\u00f3n A Nova Peneira","Tempo de lectura":"3 minutos"},"schema":{"@context":"https:\/\/schema.org","@graph":[{"@type":"Article","@id":"https:\/\/www.anovapeneira.gal\/index.php\/2020\/02\/20\/sen-biodiversidade-non-hai-vida\/#article","isPartOf":{"@id":"https:\/\/www.anovapeneira.gal\/index.php\/2020\/02\/20\/sen-biodiversidade-non-hai-vida\/"},"author":{"name":"Redacci\u00f3n A Nova Peneira","@id":"https:\/\/www.anovapeneira.gal\/#\/schema\/person\/b93e3f8932e3f8da96334607eb6ac6aa"},"headline":"\u2018Sen biodiversidade non hai vida\u2019","datePublished":"2020-02-20T11:00:25+00:00","mainEntityOfPage":{"@id":"https:\/\/www.anovapeneira.gal\/index.php\/2020\/02\/20\/sen-biodiversidade-non-hai-vida\/"},"wordCount":690,"commentCount":0,"publisher":{"@id":"https:\/\/www.anovapeneira.gal\/#organization"},"image":{"@id":"https:\/\/www.anovapeneira.gal\/index.php\/2020\/02\/20\/sen-biodiversidade-non-hai-vida\/#primaryimage"},"thumbnailUrl":"https:\/\/www.anovapeneira.gal\/wp-content\/uploads\/2020\/02\/ecoloxitas_en_accion.png","keywords":["Biodiversidade","Ecoloxistas en Acci\u00f3n"],"articleSection":["Novas"],"inLanguage":"gl-ES","potentialAction":[{"@type":"CommentAction","name":"Comment","target":["https:\/\/www.anovapeneira.gal\/index.php\/2020\/02\/20\/sen-biodiversidade-non-hai-vida\/#respond"]}]},{"@type":"WebPage","@id":"https:\/\/www.anovapeneira.gal\/index.php\/2020\/02\/20\/sen-biodiversidade-non-hai-vida\/","url":"https:\/\/www.anovapeneira.gal\/index.php\/2020\/02\/20\/sen-biodiversidade-non-hai-vida\/","name":"\u2018Sen biodiversidade non hai vida\u2019 -","isPartOf":{"@id":"https:\/\/www.anovapeneira.gal\/#website"},"primaryImageOfPage":{"@id":"https:\/\/www.anovapeneira.gal\/index.php\/2020\/02\/20\/sen-biodiversidade-non-hai-vida\/#primaryimage"},"image":{"@id":"https:\/\/www.anovapeneira.gal\/index.php\/2020\/02\/20\/sen-biodiversidade-non-hai-vida\/#primaryimage"},"thumbnailUrl":"https:\/\/www.anovapeneira.gal\/wp-content\/uploads\/2020\/02\/ecoloxitas_en_accion.png","datePublished":"2020-02-20T11:00:25+00:00","breadcrumb":{"@id":"https:\/\/www.anovapeneira.gal\/index.php\/2020\/02\/20\/sen-biodiversidade-non-hai-vida\/#breadcrumb"},"inLanguage":"gl-ES","potentialAction":[{"@type":"ReadAction","target":["https:\/\/www.anovapeneira.gal\/index.php\/2020\/02\/20\/sen-biodiversidade-non-hai-vida\/"]}]},{"@type":"ImageObject","inLanguage":"gl-ES","@id":"https:\/\/www.anovapeneira.gal\/index.php\/2020\/02\/20\/sen-biodiversidade-non-hai-vida\/#primaryimage","url":"https:\/\/www.anovapeneira.gal\/wp-content\/uploads\/2020\/02\/ecoloxitas_en_accion.png","contentUrl":"https:\/\/www.anovapeneira.gal\/wp-content\/uploads\/2020\/02\/ecoloxitas_en_accion.png","width":720,"height":432,"caption":"Ecoloxistas en acci\u00f3n Galiza"},{"@type":"BreadcrumbList","@id":"https:\/\/www.anovapeneira.gal\/index.php\/2020\/02\/20\/sen-biodiversidade-non-hai-vida\/#breadcrumb","itemListElement":[{"@type":"ListItem","position":1,"name":"Portada","item":"https:\/\/www.anovapeneira.gal\/"},{"@type":"ListItem","position":2,"name":"\u2018Sen biodiversidade non hai vida\u2019"}]},{"@type":"WebSite","@id":"https:\/\/www.anovapeneira.gal\/#website","url":"https:\/\/www.anovapeneira.gal\/","name":"","description":"Xornal galego de informaci\u00f3n xeral Publicaci\u00f3n mensual de novas de Galicia e en especial dos Concellos da sur da provincia de Pontevedra.","publisher":{"@id":"https:\/\/www.anovapeneira.gal\/#organization"},"potentialAction":[{"@type":"SearchAction","target":{"@type":"EntryPoint","urlTemplate":"https:\/\/www.anovapeneira.gal\/?s={search_term_string}"},"query-input":{"@type":"PropertyValueSpecification","valueRequired":true,"valueName":"search_term_string"}}],"inLanguage":"gl-ES"},{"@type":"Organization","@id":"https:\/\/www.anovapeneira.gal\/#organization","name":"A Nova Peneira","url":"https:\/\/www.anovapeneira.gal\/","logo":{"@type":"ImageObject","inLanguage":"gl-ES","@id":"https:\/\/www.anovapeneira.gal\/#\/schema\/logo\/image\/","url":"http:\/\/www.anovapeneira.gal\/wp-content\/uploads\/2019\/06\/logo_a_nova_peneira_portal_web.png","contentUrl":"http:\/\/www.anovapeneira.gal\/wp-content\/uploads\/2019\/06\/logo_a_nova_peneira_portal_web.png","width":300,"height":100,"caption":"A Nova Peneira"},"image":{"@id":"https:\/\/www.anovapeneira.gal\/#\/schema\/logo\/image\/"},"sameAs":["https:\/\/www.facebook.com\/anovapeneira","https:\/\/x.com\/APeneira"]},{"@type":"Person","@id":"https:\/\/www.anovapeneira.gal\/#\/schema\/person\/b93e3f8932e3f8da96334607eb6ac6aa","name":"Redacci\u00f3n A Nova Peneira","image":{"@type":"ImageObject","inLanguage":"gl-ES","@id":"https:\/\/secure.gravatar.com\/avatar\/c052a2551a06e23fac63626232eaa90abd78dbcf1700fc46a2b2c89fd27b735f?s=96&d=mm&r=g","url":"https:\/\/secure.gravatar.com\/avatar\/c052a2551a06e23fac63626232eaa90abd78dbcf1700fc46a2b2c89fd27b735f?s=96&d=mm&r=g","contentUrl":"https:\/\/secure.gravatar.com\/avatar\/c052a2551a06e23fac63626232eaa90abd78dbcf1700fc46a2b2c89fd27b735f?s=96&d=mm&r=g","caption":"Redacci\u00f3n A Nova Peneira"},"sameAs":["http:\/\/www.anovapeneira.gal\/"],"url":"https:\/\/www.anovapeneira.gal\/index.php\/author\/redactor\/"}]}},"jetpack_featured_media_url":"https:\/\/www.anovapeneira.gal\/wp-content\/uploads\/2020\/02\/ecoloxitas_en_accion.png","_links":{"self":[{"href":"https:\/\/www.anovapeneira.gal\/index.php\/wp-json\/wp\/v2\/posts\/2571","targetHints":{"allow":["GET"]}}],"collection":[{"href":"https:\/\/www.anovapeneira.gal\/index.php\/wp-json\/wp\/v2\/posts"}],"about":[{"href":"https:\/\/www.anovapeneira.gal\/index.php\/wp-json\/wp\/v2\/types\/post"}],"author":[{"embeddable":true,"href":"https:\/\/www.anovapeneira.gal\/index.php\/wp-json\/wp\/v2\/users\/3"}],"replies":[{"embeddable":true,"href":"https:\/\/www.anovapeneira.gal\/index.php\/wp-json\/wp\/v2\/comments?post=2571"}],"version-history":[{"count":1,"href":"https:\/\/www.anovapeneira.gal\/index.php\/wp-json\/wp\/v2\/posts\/2571\/revisions"}],"predecessor-version":[{"id":2573,"href":"https:\/\/www.anovapeneira.gal\/index.php\/wp-json\/wp\/v2\/posts\/2571\/revisions\/2573"}],"wp:featuredmedia":[{"embeddable":true,"href":"https:\/\/www.anovapeneira.gal\/index.php\/wp-json\/wp\/v2\/media\/2572"}],"wp:attachment":[{"href":"https:\/\/www.anovapeneira.gal\/index.php\/wp-json\/wp\/v2\/media?parent=2571"}],"wp:term":[{"taxonomy":"category","embeddable":true,"href":"https:\/\/www.anovapeneira.gal\/index.php\/wp-json\/wp\/v2\/categories?post=2571"},{"taxonomy":"post_tag","embeddable":true,"href":"https:\/\/www.anovapeneira.gal\/index.php\/wp-json\/wp\/v2\/tags?post=2571"}],"curies":[{"name":"wp","href":"https:\/\/api.w.org\/{rel}","templated":true}]}}