{"id":2583,"date":"2020-02-21T14:00:16","date_gmt":"2020-02-21T13:00:16","guid":{"rendered":"http:\/\/www.anovapeneira.gal\/?p=2583"},"modified":"2020-02-16T11:01:40","modified_gmt":"2020-02-16T10:01:40","slug":"o-seculo-xxi-estanos-amosando-unha-ensinanza-moi-desvalorizada","status":"publish","type":"post","link":"https:\/\/www.anovapeneira.gal\/index.php\/2020\/02\/21\/o-seculo-xxi-estanos-amosando-unha-ensinanza-moi-desvalorizada\/","title":{"rendered":"\u201cO s\u00e9culo XXI estanos amosando unha ensinanza moi desvalorizada\u201d"},"content":{"rendered":"\n<h2 class=\"wp-block-heading\"><strong>A\npsicoanalista, escritora e docente Lola L\u00f3pez Mond\u00e9jar puxo este\nxoves o broche de ouro \u00e1 V Semana da Educaci\u00f3n de Tomi\u00f1o<\/strong><\/h2>\n\n\n\n<p><strong>Tomi\u00f1o, 13 de febreiro de 2020<\/strong><\/p>\n\n\n\n<p>A psicoanalista, escritora e docente Lola L\u00f3pez Mond\u00e9jar puxo este xoves o broche de ouro \u00e1 V Semana da Educaci\u00f3n de Tomi\u00f1o nun auditorio de Goi\u00e1n ateigado ante o que fixo unha diagnose da \u201ceducaci\u00f3n antropoc\u00e9nica que est\u00e1 a sufrir a sociedade contempor\u00e1nea\u201d. E foi moi contundente: \u201cNon estamos preparando aos individuos para o mundo que se aveci\u00f1a, un mundo que non ter\u00e1 nada que ver co que estamos a vivir n\u00f3s agora mesmo\u201d.   <\/p>\n\n\n\n<p>Os\ntempos cambian e con eles o tipo de educaci\u00f3n que se lle da a nenos\ne nenas. L\u00f3pez Mond\u00e9jar recordou ao p\u00fablico asistente a educaci\u00f3n\nautoritaria do s\u00e9culo XIX, unha educaci\u00f3n \u201ccunha trastenda escura\npero na que se recalcaban valores de pertenza \u00e1 familia, ao\nmatrimonio&#8230; sempre dende a represi\u00f3n\u201d. Mentres, como explicou a\npsicoanalista, \u201co s\u00e9culo XXI estanos amosando unha ensinanza moi\ndesvalorizada na que os \u00fanicos valores que se impo\u00f1en son os do\ncapitalismo voraz, cunha ideolox\u00eda de consecuencias dram\u00e1ticas. A\nsociedade actual identifica a felicidade co consumismo, cunha fame de\nobxectos que cremos que se somos capaces de satisfacer acadaremos o\nnoso benestar\u201d.<\/p>\n\n\n\n<p>L\u00f3pez\nMond\u00e9jar sinalou dous conceptos fundamentais que definen hoxe en d\u00eda\na educaci\u00f3n en familia: por unha banda a sobreprotecci\u00f3n e, por\noutra, a percepci\u00f3n de nenos e nenas da indiferenza parental,\n\u201cporque ao abandonar o autoritarismo e entrar nun sistema de\neducaci\u00f3n ultra tolerante os nenos e nenas experimentan esa\nsensaci\u00f3n de abandono ou son realmente abandonados e acaban\nrefuxi\u00e1ndose nas pantallas\u201d. Neste sentido, a escritora recalcou\nunha idea clave: os nenos deben aburrirse. \u201cO aburrimento \u00e9 unha\nferramenta fant\u00e1stica para a exploraci\u00f3n persoal que desemboca en\nfantas\u00eda, en creatividade&#8230; Impo\u00f1emos aos nenos e nenas un sistema\nno que en lugar de ofrecer un goce que deber\u00eda pasar pola\nimaxinaci\u00f3n e o xogo creativo, ofrecemos un desfrute m\u00e1is\nsemellante ao das persoas adultas, un desfrute que deixa cativos e\ncativas hiperconectados, nos que aumenta o individualismo e o\nnarcisismo infantil e que impide que xurda o pensamento cr\u00edtico\u201d,\nsalientou Mond\u00e9jar. \n<\/p>\n\n\n\n<p>Un\nsistema, que como quixo destacar Lola L\u00f3pez Mond\u00e9jar, que deixa\nfuturas persoas adultas \u201ccarentes de mundo interno, que son guiados\ndende f\u00f3ra, extremadamente manipulables\u201d que est\u00e1n\nhiperadaptados, hiperconectados, hiperdiagnosticados e\nhipersexualizados.<\/p>\n","protected":false},"excerpt":{"rendered":"<div class=\"mh-excerpt\"><p>A psicoanalista, escritora e docente Lola L\u00f3pez Mond\u00e9jar puxo este xoves o broche de ouro \u00e1 V Semana da Educaci\u00f3n de Tomi\u00f1o <a class=\"mh-excerpt-more\" href=\"https:\/\/www.anovapeneira.gal\/index.php\/2020\/02\/21\/o-seculo-xxi-estanos-amosando-unha-ensinanza-moi-desvalorizada\/\" title=\"\u201cO s\u00e9culo XXI estanos amosando unha ensinanza moi desvalorizada\u201d\">[&#8230;]<\/a><\/p>\n<\/div>","protected":false},"author":3,"featured_media":2585,"comment_status":"open","ping_status":"open","sticky":false,"template":"","format":"standard","meta":{"_exactmetrics_skip_tracking":false,"_exactmetrics_sitenote_active":false,"_exactmetrics_sitenote_note":"","_exactmetrics_sitenote_category":0,"footnotes":""},"categories":[21],"tags":[81,972],"class_list":{"0":"post-2583","1":"post","2":"type-post","3":"status-publish","4":"format-standard","5":"has-post-thumbnail","7":"category-baixo-mino","8":"tag-concello-de-tomino","9":"tag-v-semana-da-educacion-de-tomino"},"yoast_head":"<!-- This site is optimized with the Yoast SEO plugin v27.4 - https:\/\/yoast.com\/product\/yoast-seo-wordpress\/ -->\n<title>\u201cO s\u00e9culo XXI estanos amosando unha ensinanza moi desvalorizada\u201d -<\/title>\n<meta name=\"robots\" content=\"index, follow, max-snippet:-1, max-image-preview:large, max-video-preview:-1\" \/>\n<link rel=\"canonical\" href=\"https:\/\/www.anovapeneira.gal\/index.php\/2020\/02\/21\/o-seculo-xxi-estanos-amosando-unha-ensinanza-moi-desvalorizada\/\" \/>\n<meta property=\"og:locale\" content=\"gl_ES\" \/>\n<meta property=\"og:type\" content=\"article\" \/>\n<meta property=\"og:title\" content=\"\u201cO s\u00e9culo XXI estanos amosando unha ensinanza moi desvalorizada\u201d -\" \/>\n<meta property=\"og:description\" content=\"A psicoanalista, escritora e docente Lola L\u00f3pez Mond\u00e9jar puxo este xoves o broche de ouro \u00e1 V Semana da Educaci\u00f3n de Tomi\u00f1o [...]\" \/>\n<meta property=\"og:url\" content=\"https:\/\/www.anovapeneira.gal\/index.php\/2020\/02\/21\/o-seculo-xxi-estanos-amosando-unha-ensinanza-moi-desvalorizada\/\" \/>\n<meta property=\"article:publisher\" content=\"https:\/\/www.facebook.com\/anovapeneira\" \/>\n<meta property=\"article:published_time\" content=\"2020-02-21T13:00:16+00:00\" \/>\n<meta property=\"og:image\" content=\"https:\/\/www.anovapeneira.gal\/wp-content\/uploads\/2020\/02\/semana_da_educacion_tominho_a_nova_peneira.jpg\" \/>\n\t<meta property=\"og:image:width\" content=\"720\" \/>\n\t<meta property=\"og:image:height\" content=\"432\" \/>\n\t<meta property=\"og:image:type\" content=\"image\/jpeg\" \/>\n<meta name=\"author\" content=\"Redacci\u00f3n A Nova Peneira\" \/>\n<meta name=\"twitter:card\" content=\"summary_large_image\" \/>\n<meta name=\"twitter:creator\" content=\"@APeneira\" \/>\n<meta name=\"twitter:site\" content=\"@APeneira\" \/>\n<meta name=\"twitter:label1\" content=\"Escrito por\" \/>\n\t<meta name=\"twitter:data1\" content=\"Redacci\u00f3n A Nova Peneira\" \/>\n\t<meta name=\"twitter:label2\" content=\"Tempo de lectura\" \/>\n\t<meta name=\"twitter:data2\" content=\"2 minutos\" \/>\n<script type=\"application\/ld+json\" class=\"yoast-schema-graph\">{\"@context\":\"https:\\\/\\\/schema.org\",\"@graph\":[{\"@type\":\"Article\",\"@id\":\"https:\\\/\\\/www.anovapeneira.gal\\\/index.php\\\/2020\\\/02\\\/21\\\/o-seculo-xxi-estanos-amosando-unha-ensinanza-moi-desvalorizada\\\/#article\",\"isPartOf\":{\"@id\":\"https:\\\/\\\/www.anovapeneira.gal\\\/index.php\\\/2020\\\/02\\\/21\\\/o-seculo-xxi-estanos-amosando-unha-ensinanza-moi-desvalorizada\\\/\"},\"author\":{\"name\":\"Redacci\u00f3n A Nova Peneira\",\"@id\":\"https:\\\/\\\/www.anovapeneira.gal\\\/#\\\/schema\\\/person\\\/b93e3f8932e3f8da96334607eb6ac6aa\"},\"headline\":\"\u201cO s\u00e9culo XXI estanos amosando unha ensinanza moi desvalorizada\u201d\",\"datePublished\":\"2020-02-21T13:00:16+00:00\",\"mainEntityOfPage\":{\"@id\":\"https:\\\/\\\/www.anovapeneira.gal\\\/index.php\\\/2020\\\/02\\\/21\\\/o-seculo-xxi-estanos-amosando-unha-ensinanza-moi-desvalorizada\\\/\"},\"wordCount\":445,\"commentCount\":0,\"publisher\":{\"@id\":\"https:\\\/\\\/www.anovapeneira.gal\\\/#organization\"},\"image\":{\"@id\":\"https:\\\/\\\/www.anovapeneira.gal\\\/index.php\\\/2020\\\/02\\\/21\\\/o-seculo-xxi-estanos-amosando-unha-ensinanza-moi-desvalorizada\\\/#primaryimage\"},\"thumbnailUrl\":\"https:\\\/\\\/www.anovapeneira.gal\\\/wp-content\\\/uploads\\\/2020\\\/02\\\/semana_da_educacion_tominho_a_nova_peneira.jpg\",\"keywords\":[\"Concello de Tomi\u00f1o\",\"V Semana da Educaci\u00f3n de Tomi\u00f1o\"],\"articleSection\":[\"Baixo Mi\u00f1o\"],\"inLanguage\":\"gl-ES\",\"potentialAction\":[{\"@type\":\"CommentAction\",\"name\":\"Comment\",\"target\":[\"https:\\\/\\\/www.anovapeneira.gal\\\/index.php\\\/2020\\\/02\\\/21\\\/o-seculo-xxi-estanos-amosando-unha-ensinanza-moi-desvalorizada\\\/#respond\"]}]},{\"@type\":\"WebPage\",\"@id\":\"https:\\\/\\\/www.anovapeneira.gal\\\/index.php\\\/2020\\\/02\\\/21\\\/o-seculo-xxi-estanos-amosando-unha-ensinanza-moi-desvalorizada\\\/\",\"url\":\"https:\\\/\\\/www.anovapeneira.gal\\\/index.php\\\/2020\\\/02\\\/21\\\/o-seculo-xxi-estanos-amosando-unha-ensinanza-moi-desvalorizada\\\/\",\"name\":\"\u201cO s\u00e9culo XXI estanos amosando unha ensinanza moi desvalorizada\u201d -\",\"isPartOf\":{\"@id\":\"https:\\\/\\\/www.anovapeneira.gal\\\/#website\"},\"primaryImageOfPage\":{\"@id\":\"https:\\\/\\\/www.anovapeneira.gal\\\/index.php\\\/2020\\\/02\\\/21\\\/o-seculo-xxi-estanos-amosando-unha-ensinanza-moi-desvalorizada\\\/#primaryimage\"},\"image\":{\"@id\":\"https:\\\/\\\/www.anovapeneira.gal\\\/index.php\\\/2020\\\/02\\\/21\\\/o-seculo-xxi-estanos-amosando-unha-ensinanza-moi-desvalorizada\\\/#primaryimage\"},\"thumbnailUrl\":\"https:\\\/\\\/www.anovapeneira.gal\\\/wp-content\\\/uploads\\\/2020\\\/02\\\/semana_da_educacion_tominho_a_nova_peneira.jpg\",\"datePublished\":\"2020-02-21T13:00:16+00:00\",\"breadcrumb\":{\"@id\":\"https:\\\/\\\/www.anovapeneira.gal\\\/index.php\\\/2020\\\/02\\\/21\\\/o-seculo-xxi-estanos-amosando-unha-ensinanza-moi-desvalorizada\\\/#breadcrumb\"},\"inLanguage\":\"gl-ES\",\"potentialAction\":[{\"@type\":\"ReadAction\",\"target\":[\"https:\\\/\\\/www.anovapeneira.gal\\\/index.php\\\/2020\\\/02\\\/21\\\/o-seculo-xxi-estanos-amosando-unha-ensinanza-moi-desvalorizada\\\/\"]}]},{\"@type\":\"ImageObject\",\"inLanguage\":\"gl-ES\",\"@id\":\"https:\\\/\\\/www.anovapeneira.gal\\\/index.php\\\/2020\\\/02\\\/21\\\/o-seculo-xxi-estanos-amosando-unha-ensinanza-moi-desvalorizada\\\/#primaryimage\",\"url\":\"https:\\\/\\\/www.anovapeneira.gal\\\/wp-content\\\/uploads\\\/2020\\\/02\\\/semana_da_educacion_tominho_a_nova_peneira.jpg\",\"contentUrl\":\"https:\\\/\\\/www.anovapeneira.gal\\\/wp-content\\\/uploads\\\/2020\\\/02\\\/semana_da_educacion_tominho_a_nova_peneira.jpg\",\"width\":720,\"height\":432,\"caption\":\"Semana da educaci\u00f3n Tomi\u00f1o A Nova Peneira\"},{\"@type\":\"BreadcrumbList\",\"@id\":\"https:\\\/\\\/www.anovapeneira.gal\\\/index.php\\\/2020\\\/02\\\/21\\\/o-seculo-xxi-estanos-amosando-unha-ensinanza-moi-desvalorizada\\\/#breadcrumb\",\"itemListElement\":[{\"@type\":\"ListItem\",\"position\":1,\"name\":\"Portada\",\"item\":\"https:\\\/\\\/www.anovapeneira.gal\\\/\"},{\"@type\":\"ListItem\",\"position\":2,\"name\":\"\u201cO s\u00e9culo XXI estanos amosando unha ensinanza moi desvalorizada\u201d\"}]},{\"@type\":\"WebSite\",\"@id\":\"https:\\\/\\\/www.anovapeneira.gal\\\/#website\",\"url\":\"https:\\\/\\\/www.anovapeneira.gal\\\/\",\"name\":\"\",\"description\":\"Xornal galego de informaci\u00f3n xeral Publicaci\u00f3n mensual de novas de Galicia e en especial dos Concellos da sur da provincia de Pontevedra.\",\"publisher\":{\"@id\":\"https:\\\/\\\/www.anovapeneira.gal\\\/#organization\"},\"potentialAction\":[{\"@type\":\"SearchAction\",\"target\":{\"@type\":\"EntryPoint\",\"urlTemplate\":\"https:\\\/\\\/www.anovapeneira.gal\\\/?s={search_term_string}\"},\"query-input\":{\"@type\":\"PropertyValueSpecification\",\"valueRequired\":true,\"valueName\":\"search_term_string\"}}],\"inLanguage\":\"gl-ES\"},{\"@type\":\"Organization\",\"@id\":\"https:\\\/\\\/www.anovapeneira.gal\\\/#organization\",\"name\":\"A Nova Peneira\",\"url\":\"https:\\\/\\\/www.anovapeneira.gal\\\/\",\"logo\":{\"@type\":\"ImageObject\",\"inLanguage\":\"gl-ES\",\"@id\":\"https:\\\/\\\/www.anovapeneira.gal\\\/#\\\/schema\\\/logo\\\/image\\\/\",\"url\":\"http:\\\/\\\/www.anovapeneira.gal\\\/wp-content\\\/uploads\\\/2019\\\/06\\\/logo_a_nova_peneira_portal_web.png\",\"contentUrl\":\"http:\\\/\\\/www.anovapeneira.gal\\\/wp-content\\\/uploads\\\/2019\\\/06\\\/logo_a_nova_peneira_portal_web.png\",\"width\":300,\"height\":100,\"caption\":\"A Nova Peneira\"},\"image\":{\"@id\":\"https:\\\/\\\/www.anovapeneira.gal\\\/#\\\/schema\\\/logo\\\/image\\\/\"},\"sameAs\":[\"https:\\\/\\\/www.facebook.com\\\/anovapeneira\",\"https:\\\/\\\/x.com\\\/APeneira\"]},{\"@type\":\"Person\",\"@id\":\"https:\\\/\\\/www.anovapeneira.gal\\\/#\\\/schema\\\/person\\\/b93e3f8932e3f8da96334607eb6ac6aa\",\"name\":\"Redacci\u00f3n A Nova Peneira\",\"image\":{\"@type\":\"ImageObject\",\"inLanguage\":\"gl-ES\",\"@id\":\"https:\\\/\\\/secure.gravatar.com\\\/avatar\\\/c052a2551a06e23fac63626232eaa90abd78dbcf1700fc46a2b2c89fd27b735f?s=96&d=mm&r=g\",\"url\":\"https:\\\/\\\/secure.gravatar.com\\\/avatar\\\/c052a2551a06e23fac63626232eaa90abd78dbcf1700fc46a2b2c89fd27b735f?s=96&d=mm&r=g\",\"contentUrl\":\"https:\\\/\\\/secure.gravatar.com\\\/avatar\\\/c052a2551a06e23fac63626232eaa90abd78dbcf1700fc46a2b2c89fd27b735f?s=96&d=mm&r=g\",\"caption\":\"Redacci\u00f3n A Nova Peneira\"},\"sameAs\":[\"http:\\\/\\\/www.anovapeneira.gal\\\/\"],\"url\":\"https:\\\/\\\/www.anovapeneira.gal\\\/index.php\\\/author\\\/redactor\\\/\"}]}<\/script>\n<!-- \/ Yoast SEO plugin. -->","yoast_head_json":{"title":"\u201cO s\u00e9culo XXI estanos amosando unha ensinanza moi desvalorizada\u201d -","robots":{"index":"index","follow":"follow","max-snippet":"max-snippet:-1","max-image-preview":"max-image-preview:large","max-video-preview":"max-video-preview:-1"},"canonical":"https:\/\/www.anovapeneira.gal\/index.php\/2020\/02\/21\/o-seculo-xxi-estanos-amosando-unha-ensinanza-moi-desvalorizada\/","og_locale":"gl_ES","og_type":"article","og_title":"\u201cO s\u00e9culo XXI estanos amosando unha ensinanza moi desvalorizada\u201d -","og_description":"A psicoanalista, escritora e docente Lola L\u00f3pez Mond\u00e9jar puxo este xoves o broche de ouro \u00e1 V Semana da Educaci\u00f3n de Tomi\u00f1o [...]","og_url":"https:\/\/www.anovapeneira.gal\/index.php\/2020\/02\/21\/o-seculo-xxi-estanos-amosando-unha-ensinanza-moi-desvalorizada\/","article_publisher":"https:\/\/www.facebook.com\/anovapeneira","article_published_time":"2020-02-21T13:00:16+00:00","og_image":[{"width":720,"height":432,"url":"https:\/\/www.anovapeneira.gal\/wp-content\/uploads\/2020\/02\/semana_da_educacion_tominho_a_nova_peneira.jpg","type":"image\/jpeg"}],"author":"Redacci\u00f3n A Nova Peneira","twitter_card":"summary_large_image","twitter_creator":"@APeneira","twitter_site":"@APeneira","twitter_misc":{"Escrito por":"Redacci\u00f3n A Nova Peneira","Tempo de lectura":"2 minutos"},"schema":{"@context":"https:\/\/schema.org","@graph":[{"@type":"Article","@id":"https:\/\/www.anovapeneira.gal\/index.php\/2020\/02\/21\/o-seculo-xxi-estanos-amosando-unha-ensinanza-moi-desvalorizada\/#article","isPartOf":{"@id":"https:\/\/www.anovapeneira.gal\/index.php\/2020\/02\/21\/o-seculo-xxi-estanos-amosando-unha-ensinanza-moi-desvalorizada\/"},"author":{"name":"Redacci\u00f3n A Nova Peneira","@id":"https:\/\/www.anovapeneira.gal\/#\/schema\/person\/b93e3f8932e3f8da96334607eb6ac6aa"},"headline":"\u201cO s\u00e9culo XXI estanos amosando unha ensinanza moi desvalorizada\u201d","datePublished":"2020-02-21T13:00:16+00:00","mainEntityOfPage":{"@id":"https:\/\/www.anovapeneira.gal\/index.php\/2020\/02\/21\/o-seculo-xxi-estanos-amosando-unha-ensinanza-moi-desvalorizada\/"},"wordCount":445,"commentCount":0,"publisher":{"@id":"https:\/\/www.anovapeneira.gal\/#organization"},"image":{"@id":"https:\/\/www.anovapeneira.gal\/index.php\/2020\/02\/21\/o-seculo-xxi-estanos-amosando-unha-ensinanza-moi-desvalorizada\/#primaryimage"},"thumbnailUrl":"https:\/\/www.anovapeneira.gal\/wp-content\/uploads\/2020\/02\/semana_da_educacion_tominho_a_nova_peneira.jpg","keywords":["Concello de Tomi\u00f1o","V Semana da Educaci\u00f3n de Tomi\u00f1o"],"articleSection":["Baixo Mi\u00f1o"],"inLanguage":"gl-ES","potentialAction":[{"@type":"CommentAction","name":"Comment","target":["https:\/\/www.anovapeneira.gal\/index.php\/2020\/02\/21\/o-seculo-xxi-estanos-amosando-unha-ensinanza-moi-desvalorizada\/#respond"]}]},{"@type":"WebPage","@id":"https:\/\/www.anovapeneira.gal\/index.php\/2020\/02\/21\/o-seculo-xxi-estanos-amosando-unha-ensinanza-moi-desvalorizada\/","url":"https:\/\/www.anovapeneira.gal\/index.php\/2020\/02\/21\/o-seculo-xxi-estanos-amosando-unha-ensinanza-moi-desvalorizada\/","name":"\u201cO s\u00e9culo XXI estanos amosando unha ensinanza moi desvalorizada\u201d -","isPartOf":{"@id":"https:\/\/www.anovapeneira.gal\/#website"},"primaryImageOfPage":{"@id":"https:\/\/www.anovapeneira.gal\/index.php\/2020\/02\/21\/o-seculo-xxi-estanos-amosando-unha-ensinanza-moi-desvalorizada\/#primaryimage"},"image":{"@id":"https:\/\/www.anovapeneira.gal\/index.php\/2020\/02\/21\/o-seculo-xxi-estanos-amosando-unha-ensinanza-moi-desvalorizada\/#primaryimage"},"thumbnailUrl":"https:\/\/www.anovapeneira.gal\/wp-content\/uploads\/2020\/02\/semana_da_educacion_tominho_a_nova_peneira.jpg","datePublished":"2020-02-21T13:00:16+00:00","breadcrumb":{"@id":"https:\/\/www.anovapeneira.gal\/index.php\/2020\/02\/21\/o-seculo-xxi-estanos-amosando-unha-ensinanza-moi-desvalorizada\/#breadcrumb"},"inLanguage":"gl-ES","potentialAction":[{"@type":"ReadAction","target":["https:\/\/www.anovapeneira.gal\/index.php\/2020\/02\/21\/o-seculo-xxi-estanos-amosando-unha-ensinanza-moi-desvalorizada\/"]}]},{"@type":"ImageObject","inLanguage":"gl-ES","@id":"https:\/\/www.anovapeneira.gal\/index.php\/2020\/02\/21\/o-seculo-xxi-estanos-amosando-unha-ensinanza-moi-desvalorizada\/#primaryimage","url":"https:\/\/www.anovapeneira.gal\/wp-content\/uploads\/2020\/02\/semana_da_educacion_tominho_a_nova_peneira.jpg","contentUrl":"https:\/\/www.anovapeneira.gal\/wp-content\/uploads\/2020\/02\/semana_da_educacion_tominho_a_nova_peneira.jpg","width":720,"height":432,"caption":"Semana da educaci\u00f3n Tomi\u00f1o A Nova Peneira"},{"@type":"BreadcrumbList","@id":"https:\/\/www.anovapeneira.gal\/index.php\/2020\/02\/21\/o-seculo-xxi-estanos-amosando-unha-ensinanza-moi-desvalorizada\/#breadcrumb","itemListElement":[{"@type":"ListItem","position":1,"name":"Portada","item":"https:\/\/www.anovapeneira.gal\/"},{"@type":"ListItem","position":2,"name":"\u201cO s\u00e9culo XXI estanos amosando unha ensinanza moi desvalorizada\u201d"}]},{"@type":"WebSite","@id":"https:\/\/www.anovapeneira.gal\/#website","url":"https:\/\/www.anovapeneira.gal\/","name":"","description":"Xornal galego de informaci\u00f3n xeral Publicaci\u00f3n mensual de novas de Galicia e en especial dos Concellos da sur da provincia de Pontevedra.","publisher":{"@id":"https:\/\/www.anovapeneira.gal\/#organization"},"potentialAction":[{"@type":"SearchAction","target":{"@type":"EntryPoint","urlTemplate":"https:\/\/www.anovapeneira.gal\/?s={search_term_string}"},"query-input":{"@type":"PropertyValueSpecification","valueRequired":true,"valueName":"search_term_string"}}],"inLanguage":"gl-ES"},{"@type":"Organization","@id":"https:\/\/www.anovapeneira.gal\/#organization","name":"A Nova Peneira","url":"https:\/\/www.anovapeneira.gal\/","logo":{"@type":"ImageObject","inLanguage":"gl-ES","@id":"https:\/\/www.anovapeneira.gal\/#\/schema\/logo\/image\/","url":"http:\/\/www.anovapeneira.gal\/wp-content\/uploads\/2019\/06\/logo_a_nova_peneira_portal_web.png","contentUrl":"http:\/\/www.anovapeneira.gal\/wp-content\/uploads\/2019\/06\/logo_a_nova_peneira_portal_web.png","width":300,"height":100,"caption":"A Nova Peneira"},"image":{"@id":"https:\/\/www.anovapeneira.gal\/#\/schema\/logo\/image\/"},"sameAs":["https:\/\/www.facebook.com\/anovapeneira","https:\/\/x.com\/APeneira"]},{"@type":"Person","@id":"https:\/\/www.anovapeneira.gal\/#\/schema\/person\/b93e3f8932e3f8da96334607eb6ac6aa","name":"Redacci\u00f3n A Nova Peneira","image":{"@type":"ImageObject","inLanguage":"gl-ES","@id":"https:\/\/secure.gravatar.com\/avatar\/c052a2551a06e23fac63626232eaa90abd78dbcf1700fc46a2b2c89fd27b735f?s=96&d=mm&r=g","url":"https:\/\/secure.gravatar.com\/avatar\/c052a2551a06e23fac63626232eaa90abd78dbcf1700fc46a2b2c89fd27b735f?s=96&d=mm&r=g","contentUrl":"https:\/\/secure.gravatar.com\/avatar\/c052a2551a06e23fac63626232eaa90abd78dbcf1700fc46a2b2c89fd27b735f?s=96&d=mm&r=g","caption":"Redacci\u00f3n A Nova Peneira"},"sameAs":["http:\/\/www.anovapeneira.gal\/"],"url":"https:\/\/www.anovapeneira.gal\/index.php\/author\/redactor\/"}]}},"jetpack_featured_media_url":"https:\/\/www.anovapeneira.gal\/wp-content\/uploads\/2020\/02\/semana_da_educacion_tominho_a_nova_peneira.jpg","_links":{"self":[{"href":"https:\/\/www.anovapeneira.gal\/index.php\/wp-json\/wp\/v2\/posts\/2583","targetHints":{"allow":["GET"]}}],"collection":[{"href":"https:\/\/www.anovapeneira.gal\/index.php\/wp-json\/wp\/v2\/posts"}],"about":[{"href":"https:\/\/www.anovapeneira.gal\/index.php\/wp-json\/wp\/v2\/types\/post"}],"author":[{"embeddable":true,"href":"https:\/\/www.anovapeneira.gal\/index.php\/wp-json\/wp\/v2\/users\/3"}],"replies":[{"embeddable":true,"href":"https:\/\/www.anovapeneira.gal\/index.php\/wp-json\/wp\/v2\/comments?post=2583"}],"version-history":[{"count":1,"href":"https:\/\/www.anovapeneira.gal\/index.php\/wp-json\/wp\/v2\/posts\/2583\/revisions"}],"predecessor-version":[{"id":2586,"href":"https:\/\/www.anovapeneira.gal\/index.php\/wp-json\/wp\/v2\/posts\/2583\/revisions\/2586"}],"wp:featuredmedia":[{"embeddable":true,"href":"https:\/\/www.anovapeneira.gal\/index.php\/wp-json\/wp\/v2\/media\/2585"}],"wp:attachment":[{"href":"https:\/\/www.anovapeneira.gal\/index.php\/wp-json\/wp\/v2\/media?parent=2583"}],"wp:term":[{"taxonomy":"category","embeddable":true,"href":"https:\/\/www.anovapeneira.gal\/index.php\/wp-json\/wp\/v2\/categories?post=2583"},{"taxonomy":"post_tag","embeddable":true,"href":"https:\/\/www.anovapeneira.gal\/index.php\/wp-json\/wp\/v2\/tags?post=2583"}],"curies":[{"name":"wp","href":"https:\/\/api.w.org\/{rel}","templated":true}]}}