{"id":2587,"date":"2020-02-24T10:00:09","date_gmt":"2020-02-24T09:00:09","guid":{"rendered":"http:\/\/www.anovapeneira.gal\/?p=2587"},"modified":"2020-02-16T11:09:33","modified_gmt":"2020-02-16T10:09:33","slug":"o-alcalde-de-gondomar-recibe-aos-pequenos-emprendedores-da-cooperativa-coopevincios","status":"publish","type":"post","link":"https:\/\/www.anovapeneira.gal\/index.php\/2020\/02\/24\/o-alcalde-de-gondomar-recibe-aos-pequenos-emprendedores-da-cooperativa-coopevincios\/","title":{"rendered":"O alcalde de Gondomar recibe aos pequenos emprendedores da cooperativa Coopevincios"},"content":{"rendered":"\n<p><strong>Gondomar, 14 de febreiro 2020<\/strong><\/p>\n\n\n\n<p>A directiva desta cooperativa, integrada pola nenos Ux\u00eda, Roi, Andrea, Paula e Mart\u00edn, entrevistouse  esta  ma\u00f1\u00e1  co  rexedor,  Paco  Ferreira,  ao  que  lleexplicaron  o  proxecto  posto  en marcha polos corenta alumnos de 5\u00ba e 6\u00ba daEducaci\u00f3n Primaiado colexio Serra Vincios.<\/p>\n\n\n\n<p>Paco Ferreira felicitou aos estudantes pola s\u00faa iniciativa e reco\u00f1eceu estar gratamente sorprendido  pola  calidade  e  orixinalidade  dos  produtos,  todos  eles  elaborados  partindo  da reciclaxe e a reutilizaci\u00f3n doutros elementos. Durante a entrevista co\u00f1eceu os pormenores de Coopevincios,  as\u00ed  como  as  diferentes  tarefas  que  se  realizan  e  como  se  distrib\u00faen  entre  os cooperativistas.<\/p>\n\n\n\n<p>Lembrou \u201cque calquera idea emprendedora ter\u00e1 un apoio por parte do meu goberno, e m\u00e1is  cando  apostan  por  iniciativas  que,  como  neste  caso,  promoven  a  cooperaci\u00f3n  e  a aprendizaxe sen esquecer o aspecto solidario\u201d.<\/p>\n\n\n\n<p>Coopevincios elabora candeas, xogos, peto ou  marcap\u00e1xinas con produtos reciclados ou  reutilizados  e  os  estudantes  anunciaron  a  s\u00faa  intenci\u00f3n  de  participar  no  Rastrillo  de Primavera  de  Gondomar,  o  pr\u00f3ximo  21  de  marzo,  e  aproveitaron  para  preguntar  ao  alcalde sobre a documentaci\u00f3n  que deben presentar para facelo. A recadaci\u00f3n que se obte\u00f1a da s\u00faa venda destinarase nun 75% \u00e1 Fundaci\u00f3n Fran Gil \u201c700 camisetas solidarias\u201d, e o resto \u00e1 organizaci\u00f3n dunha viaxe a Madrid para poder asistir ao musical \u201cO rei Le\u00f3n\u201d. <\/p>\n\n\n\n<p>Aproveitaron a s\u00faa visita para explicar a Paco Ferreira a funci\u00f3n que desempe\u00f1a cada un na cooperativa, con postos como o de presidente, interventor ou secretario e como desenvolven o  traballo  d\u00eda  a  d\u00eda  no  centro,  onde  a  colaboraci\u00f3n  do  profesorado  e  as  propias  familias  \u00e9 fundamental.<\/p>\n\n\n\n<p>Paco  Ferreira  destacou,  por  \u00faltimo,  a  importancia  deste  tipo  de  iniciativas,  que  se desenvolve  no  marco  do  programa  \u201cDepoemprende  Educaci\u00f3n\u201d  da  Deputaci\u00f3n,  porque \u201cpotencian valores tan importantes como o emprendemento, a convivencia ou a creaci\u00f3n, entre outras moitas competencias\u201d<\/p>\n","protected":false},"excerpt":{"rendered":"<div class=\"mh-excerpt\"><p>A directiva desta cooperativa, integrada pola nenos Ux\u00eda, Roi, Andrea, Paula e Mart\u00edn, entrevistouse  esta  ma\u00f1\u00e1  co  rexedor,  Paco  Ferreira,  ao  que  lleexplicaron  o  proxecto  posto  en marcha polos corenta alumnos de 5\u00ba e 6\u00ba daEducaci\u00f3n Primaiado colexio Serra Vincios <a class=\"mh-excerpt-more\" href=\"https:\/\/www.anovapeneira.gal\/index.php\/2020\/02\/24\/o-alcalde-de-gondomar-recibe-aos-pequenos-emprendedores-da-cooperativa-coopevincios\/\" title=\"O alcalde de Gondomar recibe aos pequenos emprendedores da cooperativa Coopevincios\">[&#8230;]<\/a><\/p>\n<\/div>","protected":false},"author":3,"featured_media":2588,"comment_status":"open","ping_status":"open","sticky":false,"template":"","format":"standard","meta":{"_exactmetrics_skip_tracking":false,"_exactmetrics_sitenote_active":false,"_exactmetrics_sitenote_note":"","_exactmetrics_sitenote_category":0,"footnotes":""},"categories":[20],"tags":[149,973],"class_list":{"0":"post-2587","1":"post","2":"type-post","3":"status-publish","4":"format-standard","5":"has-post-thumbnail","7":"category-val-minor","8":"tag-concello-de-gondomar","9":"tag-cooperativa-coopevincios"},"yoast_head":"<!-- This site is optimized with the Yoast SEO plugin v27.5 - https:\/\/yoast.com\/product\/yoast-seo-wordpress\/ -->\n<title>O alcalde de Gondomar recibe aos pequenos emprendedores da cooperativa Coopevincios -<\/title>\n<meta name=\"robots\" content=\"index, follow, max-snippet:-1, max-image-preview:large, max-video-preview:-1\" \/>\n<link rel=\"canonical\" href=\"https:\/\/www.anovapeneira.gal\/index.php\/2020\/02\/24\/o-alcalde-de-gondomar-recibe-aos-pequenos-emprendedores-da-cooperativa-coopevincios\/\" \/>\n<meta property=\"og:locale\" content=\"gl_ES\" \/>\n<meta property=\"og:type\" content=\"article\" \/>\n<meta property=\"og:title\" content=\"O alcalde de Gondomar recibe aos pequenos emprendedores da cooperativa Coopevincios -\" \/>\n<meta property=\"og:description\" content=\"A directiva desta cooperativa, integrada pola nenos Ux\u00eda, Roi, Andrea, Paula e Mart\u00edn, entrevistouse esta ma\u00f1\u00e1 co rexedor, Paco Ferreira, ao que lleexplicaron o proxecto posto en marcha polos corenta alumnos de 5\u00ba e 6\u00ba daEducaci\u00f3n Primaiado colexio Serra Vincios [...]\" \/>\n<meta property=\"og:url\" content=\"https:\/\/www.anovapeneira.gal\/index.php\/2020\/02\/24\/o-alcalde-de-gondomar-recibe-aos-pequenos-emprendedores-da-cooperativa-coopevincios\/\" \/>\n<meta property=\"article:publisher\" content=\"https:\/\/www.facebook.com\/anovapeneira\" \/>\n<meta property=\"article:published_time\" content=\"2020-02-24T09:00:09+00:00\" \/>\n<meta property=\"og:image\" content=\"https:\/\/www.anovapeneira.gal\/wp-content\/uploads\/2020\/02\/coopevincios_a_nova_peneira.jpg\" \/>\n\t<meta property=\"og:image:width\" content=\"720\" \/>\n\t<meta property=\"og:image:height\" content=\"432\" \/>\n\t<meta property=\"og:image:type\" content=\"image\/jpeg\" \/>\n<meta name=\"author\" content=\"Redacci\u00f3n A Nova Peneira\" \/>\n<meta name=\"twitter:card\" content=\"summary_large_image\" \/>\n<meta name=\"twitter:creator\" content=\"@APeneira\" \/>\n<meta name=\"twitter:site\" content=\"@APeneira\" \/>\n<meta name=\"twitter:label1\" content=\"Escrito por\" \/>\n\t<meta name=\"twitter:data1\" content=\"Redacci\u00f3n A Nova Peneira\" \/>\n\t<meta name=\"twitter:label2\" content=\"Tempo de lectura\" \/>\n\t<meta name=\"twitter:data2\" content=\"2 minutos\" \/>\n<script type=\"application\/ld+json\" class=\"yoast-schema-graph\">{\"@context\":\"https:\\\/\\\/schema.org\",\"@graph\":[{\"@type\":\"Article\",\"@id\":\"https:\\\/\\\/www.anovapeneira.gal\\\/index.php\\\/2020\\\/02\\\/24\\\/o-alcalde-de-gondomar-recibe-aos-pequenos-emprendedores-da-cooperativa-coopevincios\\\/#article\",\"isPartOf\":{\"@id\":\"https:\\\/\\\/www.anovapeneira.gal\\\/index.php\\\/2020\\\/02\\\/24\\\/o-alcalde-de-gondomar-recibe-aos-pequenos-emprendedores-da-cooperativa-coopevincios\\\/\"},\"author\":{\"name\":\"Redacci\u00f3n A Nova Peneira\",\"@id\":\"https:\\\/\\\/www.anovapeneira.gal\\\/#\\\/schema\\\/person\\\/b93e3f8932e3f8da96334607eb6ac6aa\"},\"headline\":\"O alcalde de Gondomar recibe aos pequenos emprendedores da cooperativa Coopevincios\",\"datePublished\":\"2020-02-24T09:00:09+00:00\",\"mainEntityOfPage\":{\"@id\":\"https:\\\/\\\/www.anovapeneira.gal\\\/index.php\\\/2020\\\/02\\\/24\\\/o-alcalde-de-gondomar-recibe-aos-pequenos-emprendedores-da-cooperativa-coopevincios\\\/\"},\"wordCount\":330,\"commentCount\":0,\"publisher\":{\"@id\":\"https:\\\/\\\/www.anovapeneira.gal\\\/#organization\"},\"image\":{\"@id\":\"https:\\\/\\\/www.anovapeneira.gal\\\/index.php\\\/2020\\\/02\\\/24\\\/o-alcalde-de-gondomar-recibe-aos-pequenos-emprendedores-da-cooperativa-coopevincios\\\/#primaryimage\"},\"thumbnailUrl\":\"https:\\\/\\\/www.anovapeneira.gal\\\/wp-content\\\/uploads\\\/2020\\\/02\\\/coopevincios_a_nova_peneira.jpg\",\"keywords\":[\"Concello de Gondomar\",\"Cooperativa Coopevincios\"],\"articleSection\":[\"Val Mi\u00f1or\"],\"inLanguage\":\"gl-ES\",\"potentialAction\":[{\"@type\":\"CommentAction\",\"name\":\"Comment\",\"target\":[\"https:\\\/\\\/www.anovapeneira.gal\\\/index.php\\\/2020\\\/02\\\/24\\\/o-alcalde-de-gondomar-recibe-aos-pequenos-emprendedores-da-cooperativa-coopevincios\\\/#respond\"]}]},{\"@type\":\"WebPage\",\"@id\":\"https:\\\/\\\/www.anovapeneira.gal\\\/index.php\\\/2020\\\/02\\\/24\\\/o-alcalde-de-gondomar-recibe-aos-pequenos-emprendedores-da-cooperativa-coopevincios\\\/\",\"url\":\"https:\\\/\\\/www.anovapeneira.gal\\\/index.php\\\/2020\\\/02\\\/24\\\/o-alcalde-de-gondomar-recibe-aos-pequenos-emprendedores-da-cooperativa-coopevincios\\\/\",\"name\":\"O alcalde de Gondomar recibe aos pequenos emprendedores da cooperativa Coopevincios -\",\"isPartOf\":{\"@id\":\"https:\\\/\\\/www.anovapeneira.gal\\\/#website\"},\"primaryImageOfPage\":{\"@id\":\"https:\\\/\\\/www.anovapeneira.gal\\\/index.php\\\/2020\\\/02\\\/24\\\/o-alcalde-de-gondomar-recibe-aos-pequenos-emprendedores-da-cooperativa-coopevincios\\\/#primaryimage\"},\"image\":{\"@id\":\"https:\\\/\\\/www.anovapeneira.gal\\\/index.php\\\/2020\\\/02\\\/24\\\/o-alcalde-de-gondomar-recibe-aos-pequenos-emprendedores-da-cooperativa-coopevincios\\\/#primaryimage\"},\"thumbnailUrl\":\"https:\\\/\\\/www.anovapeneira.gal\\\/wp-content\\\/uploads\\\/2020\\\/02\\\/coopevincios_a_nova_peneira.jpg\",\"datePublished\":\"2020-02-24T09:00:09+00:00\",\"breadcrumb\":{\"@id\":\"https:\\\/\\\/www.anovapeneira.gal\\\/index.php\\\/2020\\\/02\\\/24\\\/o-alcalde-de-gondomar-recibe-aos-pequenos-emprendedores-da-cooperativa-coopevincios\\\/#breadcrumb\"},\"inLanguage\":\"gl-ES\",\"potentialAction\":[{\"@type\":\"ReadAction\",\"target\":[\"https:\\\/\\\/www.anovapeneira.gal\\\/index.php\\\/2020\\\/02\\\/24\\\/o-alcalde-de-gondomar-recibe-aos-pequenos-emprendedores-da-cooperativa-coopevincios\\\/\"]}]},{\"@type\":\"ImageObject\",\"inLanguage\":\"gl-ES\",\"@id\":\"https:\\\/\\\/www.anovapeneira.gal\\\/index.php\\\/2020\\\/02\\\/24\\\/o-alcalde-de-gondomar-recibe-aos-pequenos-emprendedores-da-cooperativa-coopevincios\\\/#primaryimage\",\"url\":\"https:\\\/\\\/www.anovapeneira.gal\\\/wp-content\\\/uploads\\\/2020\\\/02\\\/coopevincios_a_nova_peneira.jpg\",\"contentUrl\":\"https:\\\/\\\/www.anovapeneira.gal\\\/wp-content\\\/uploads\\\/2020\\\/02\\\/coopevincios_a_nova_peneira.jpg\",\"width\":720,\"height\":432,\"caption\":\"Cooperativa Coopevincios A Nova Peneira\"},{\"@type\":\"BreadcrumbList\",\"@id\":\"https:\\\/\\\/www.anovapeneira.gal\\\/index.php\\\/2020\\\/02\\\/24\\\/o-alcalde-de-gondomar-recibe-aos-pequenos-emprendedores-da-cooperativa-coopevincios\\\/#breadcrumb\",\"itemListElement\":[{\"@type\":\"ListItem\",\"position\":1,\"name\":\"Portada\",\"item\":\"https:\\\/\\\/www.anovapeneira.gal\\\/\"},{\"@type\":\"ListItem\",\"position\":2,\"name\":\"O alcalde de Gondomar recibe aos pequenos emprendedores da cooperativa Coopevincios\"}]},{\"@type\":\"WebSite\",\"@id\":\"https:\\\/\\\/www.anovapeneira.gal\\\/#website\",\"url\":\"https:\\\/\\\/www.anovapeneira.gal\\\/\",\"name\":\"\",\"description\":\"Xornal galego de informaci\u00f3n xeral Publicaci\u00f3n mensual de novas de Galicia e en especial dos Concellos da sur da provincia de Pontevedra.\",\"publisher\":{\"@id\":\"https:\\\/\\\/www.anovapeneira.gal\\\/#organization\"},\"potentialAction\":[{\"@type\":\"SearchAction\",\"target\":{\"@type\":\"EntryPoint\",\"urlTemplate\":\"https:\\\/\\\/www.anovapeneira.gal\\\/?s={search_term_string}\"},\"query-input\":{\"@type\":\"PropertyValueSpecification\",\"valueRequired\":true,\"valueName\":\"search_term_string\"}}],\"inLanguage\":\"gl-ES\"},{\"@type\":\"Organization\",\"@id\":\"https:\\\/\\\/www.anovapeneira.gal\\\/#organization\",\"name\":\"A Nova Peneira\",\"url\":\"https:\\\/\\\/www.anovapeneira.gal\\\/\",\"logo\":{\"@type\":\"ImageObject\",\"inLanguage\":\"gl-ES\",\"@id\":\"https:\\\/\\\/www.anovapeneira.gal\\\/#\\\/schema\\\/logo\\\/image\\\/\",\"url\":\"http:\\\/\\\/www.anovapeneira.gal\\\/wp-content\\\/uploads\\\/2019\\\/06\\\/logo_a_nova_peneira_portal_web.png\",\"contentUrl\":\"http:\\\/\\\/www.anovapeneira.gal\\\/wp-content\\\/uploads\\\/2019\\\/06\\\/logo_a_nova_peneira_portal_web.png\",\"width\":300,\"height\":100,\"caption\":\"A Nova Peneira\"},\"image\":{\"@id\":\"https:\\\/\\\/www.anovapeneira.gal\\\/#\\\/schema\\\/logo\\\/image\\\/\"},\"sameAs\":[\"https:\\\/\\\/www.facebook.com\\\/anovapeneira\",\"https:\\\/\\\/x.com\\\/APeneira\"]},{\"@type\":\"Person\",\"@id\":\"https:\\\/\\\/www.anovapeneira.gal\\\/#\\\/schema\\\/person\\\/b93e3f8932e3f8da96334607eb6ac6aa\",\"name\":\"Redacci\u00f3n A Nova Peneira\",\"image\":{\"@type\":\"ImageObject\",\"inLanguage\":\"gl-ES\",\"@id\":\"https:\\\/\\\/secure.gravatar.com\\\/avatar\\\/c052a2551a06e23fac63626232eaa90abd78dbcf1700fc46a2b2c89fd27b735f?s=96&d=mm&r=g\",\"url\":\"https:\\\/\\\/secure.gravatar.com\\\/avatar\\\/c052a2551a06e23fac63626232eaa90abd78dbcf1700fc46a2b2c89fd27b735f?s=96&d=mm&r=g\",\"contentUrl\":\"https:\\\/\\\/secure.gravatar.com\\\/avatar\\\/c052a2551a06e23fac63626232eaa90abd78dbcf1700fc46a2b2c89fd27b735f?s=96&d=mm&r=g\",\"caption\":\"Redacci\u00f3n A Nova Peneira\"},\"sameAs\":[\"http:\\\/\\\/www.anovapeneira.gal\\\/\"],\"url\":\"https:\\\/\\\/www.anovapeneira.gal\\\/index.php\\\/author\\\/redactor\\\/\"}]}<\/script>\n<!-- \/ Yoast SEO plugin. -->","yoast_head_json":{"title":"O alcalde de Gondomar recibe aos pequenos emprendedores da cooperativa Coopevincios -","robots":{"index":"index","follow":"follow","max-snippet":"max-snippet:-1","max-image-preview":"max-image-preview:large","max-video-preview":"max-video-preview:-1"},"canonical":"https:\/\/www.anovapeneira.gal\/index.php\/2020\/02\/24\/o-alcalde-de-gondomar-recibe-aos-pequenos-emprendedores-da-cooperativa-coopevincios\/","og_locale":"gl_ES","og_type":"article","og_title":"O alcalde de Gondomar recibe aos pequenos emprendedores da cooperativa Coopevincios -","og_description":"A directiva desta cooperativa, integrada pola nenos Ux\u00eda, Roi, Andrea, Paula e Mart\u00edn, entrevistouse esta ma\u00f1\u00e1 co rexedor, Paco Ferreira, ao que lleexplicaron o proxecto posto en marcha polos corenta alumnos de 5\u00ba e 6\u00ba daEducaci\u00f3n Primaiado colexio Serra Vincios [...]","og_url":"https:\/\/www.anovapeneira.gal\/index.php\/2020\/02\/24\/o-alcalde-de-gondomar-recibe-aos-pequenos-emprendedores-da-cooperativa-coopevincios\/","article_publisher":"https:\/\/www.facebook.com\/anovapeneira","article_published_time":"2020-02-24T09:00:09+00:00","og_image":[{"width":720,"height":432,"url":"https:\/\/www.anovapeneira.gal\/wp-content\/uploads\/2020\/02\/coopevincios_a_nova_peneira.jpg","type":"image\/jpeg"}],"author":"Redacci\u00f3n A Nova Peneira","twitter_card":"summary_large_image","twitter_creator":"@APeneira","twitter_site":"@APeneira","twitter_misc":{"Escrito por":"Redacci\u00f3n A Nova Peneira","Tempo de lectura":"2 minutos"},"schema":{"@context":"https:\/\/schema.org","@graph":[{"@type":"Article","@id":"https:\/\/www.anovapeneira.gal\/index.php\/2020\/02\/24\/o-alcalde-de-gondomar-recibe-aos-pequenos-emprendedores-da-cooperativa-coopevincios\/#article","isPartOf":{"@id":"https:\/\/www.anovapeneira.gal\/index.php\/2020\/02\/24\/o-alcalde-de-gondomar-recibe-aos-pequenos-emprendedores-da-cooperativa-coopevincios\/"},"author":{"name":"Redacci\u00f3n A Nova Peneira","@id":"https:\/\/www.anovapeneira.gal\/#\/schema\/person\/b93e3f8932e3f8da96334607eb6ac6aa"},"headline":"O alcalde de Gondomar recibe aos pequenos emprendedores da cooperativa Coopevincios","datePublished":"2020-02-24T09:00:09+00:00","mainEntityOfPage":{"@id":"https:\/\/www.anovapeneira.gal\/index.php\/2020\/02\/24\/o-alcalde-de-gondomar-recibe-aos-pequenos-emprendedores-da-cooperativa-coopevincios\/"},"wordCount":330,"commentCount":0,"publisher":{"@id":"https:\/\/www.anovapeneira.gal\/#organization"},"image":{"@id":"https:\/\/www.anovapeneira.gal\/index.php\/2020\/02\/24\/o-alcalde-de-gondomar-recibe-aos-pequenos-emprendedores-da-cooperativa-coopevincios\/#primaryimage"},"thumbnailUrl":"https:\/\/www.anovapeneira.gal\/wp-content\/uploads\/2020\/02\/coopevincios_a_nova_peneira.jpg","keywords":["Concello de Gondomar","Cooperativa Coopevincios"],"articleSection":["Val Mi\u00f1or"],"inLanguage":"gl-ES","potentialAction":[{"@type":"CommentAction","name":"Comment","target":["https:\/\/www.anovapeneira.gal\/index.php\/2020\/02\/24\/o-alcalde-de-gondomar-recibe-aos-pequenos-emprendedores-da-cooperativa-coopevincios\/#respond"]}]},{"@type":"WebPage","@id":"https:\/\/www.anovapeneira.gal\/index.php\/2020\/02\/24\/o-alcalde-de-gondomar-recibe-aos-pequenos-emprendedores-da-cooperativa-coopevincios\/","url":"https:\/\/www.anovapeneira.gal\/index.php\/2020\/02\/24\/o-alcalde-de-gondomar-recibe-aos-pequenos-emprendedores-da-cooperativa-coopevincios\/","name":"O alcalde de Gondomar recibe aos pequenos emprendedores da cooperativa Coopevincios -","isPartOf":{"@id":"https:\/\/www.anovapeneira.gal\/#website"},"primaryImageOfPage":{"@id":"https:\/\/www.anovapeneira.gal\/index.php\/2020\/02\/24\/o-alcalde-de-gondomar-recibe-aos-pequenos-emprendedores-da-cooperativa-coopevincios\/#primaryimage"},"image":{"@id":"https:\/\/www.anovapeneira.gal\/index.php\/2020\/02\/24\/o-alcalde-de-gondomar-recibe-aos-pequenos-emprendedores-da-cooperativa-coopevincios\/#primaryimage"},"thumbnailUrl":"https:\/\/www.anovapeneira.gal\/wp-content\/uploads\/2020\/02\/coopevincios_a_nova_peneira.jpg","datePublished":"2020-02-24T09:00:09+00:00","breadcrumb":{"@id":"https:\/\/www.anovapeneira.gal\/index.php\/2020\/02\/24\/o-alcalde-de-gondomar-recibe-aos-pequenos-emprendedores-da-cooperativa-coopevincios\/#breadcrumb"},"inLanguage":"gl-ES","potentialAction":[{"@type":"ReadAction","target":["https:\/\/www.anovapeneira.gal\/index.php\/2020\/02\/24\/o-alcalde-de-gondomar-recibe-aos-pequenos-emprendedores-da-cooperativa-coopevincios\/"]}]},{"@type":"ImageObject","inLanguage":"gl-ES","@id":"https:\/\/www.anovapeneira.gal\/index.php\/2020\/02\/24\/o-alcalde-de-gondomar-recibe-aos-pequenos-emprendedores-da-cooperativa-coopevincios\/#primaryimage","url":"https:\/\/www.anovapeneira.gal\/wp-content\/uploads\/2020\/02\/coopevincios_a_nova_peneira.jpg","contentUrl":"https:\/\/www.anovapeneira.gal\/wp-content\/uploads\/2020\/02\/coopevincios_a_nova_peneira.jpg","width":720,"height":432,"caption":"Cooperativa Coopevincios A Nova Peneira"},{"@type":"BreadcrumbList","@id":"https:\/\/www.anovapeneira.gal\/index.php\/2020\/02\/24\/o-alcalde-de-gondomar-recibe-aos-pequenos-emprendedores-da-cooperativa-coopevincios\/#breadcrumb","itemListElement":[{"@type":"ListItem","position":1,"name":"Portada","item":"https:\/\/www.anovapeneira.gal\/"},{"@type":"ListItem","position":2,"name":"O alcalde de Gondomar recibe aos pequenos emprendedores da cooperativa Coopevincios"}]},{"@type":"WebSite","@id":"https:\/\/www.anovapeneira.gal\/#website","url":"https:\/\/www.anovapeneira.gal\/","name":"","description":"Xornal galego de informaci\u00f3n xeral Publicaci\u00f3n mensual de novas de Galicia e en especial dos Concellos da sur da provincia de Pontevedra.","publisher":{"@id":"https:\/\/www.anovapeneira.gal\/#organization"},"potentialAction":[{"@type":"SearchAction","target":{"@type":"EntryPoint","urlTemplate":"https:\/\/www.anovapeneira.gal\/?s={search_term_string}"},"query-input":{"@type":"PropertyValueSpecification","valueRequired":true,"valueName":"search_term_string"}}],"inLanguage":"gl-ES"},{"@type":"Organization","@id":"https:\/\/www.anovapeneira.gal\/#organization","name":"A Nova Peneira","url":"https:\/\/www.anovapeneira.gal\/","logo":{"@type":"ImageObject","inLanguage":"gl-ES","@id":"https:\/\/www.anovapeneira.gal\/#\/schema\/logo\/image\/","url":"http:\/\/www.anovapeneira.gal\/wp-content\/uploads\/2019\/06\/logo_a_nova_peneira_portal_web.png","contentUrl":"http:\/\/www.anovapeneira.gal\/wp-content\/uploads\/2019\/06\/logo_a_nova_peneira_portal_web.png","width":300,"height":100,"caption":"A Nova Peneira"},"image":{"@id":"https:\/\/www.anovapeneira.gal\/#\/schema\/logo\/image\/"},"sameAs":["https:\/\/www.facebook.com\/anovapeneira","https:\/\/x.com\/APeneira"]},{"@type":"Person","@id":"https:\/\/www.anovapeneira.gal\/#\/schema\/person\/b93e3f8932e3f8da96334607eb6ac6aa","name":"Redacci\u00f3n A Nova Peneira","image":{"@type":"ImageObject","inLanguage":"gl-ES","@id":"https:\/\/secure.gravatar.com\/avatar\/c052a2551a06e23fac63626232eaa90abd78dbcf1700fc46a2b2c89fd27b735f?s=96&d=mm&r=g","url":"https:\/\/secure.gravatar.com\/avatar\/c052a2551a06e23fac63626232eaa90abd78dbcf1700fc46a2b2c89fd27b735f?s=96&d=mm&r=g","contentUrl":"https:\/\/secure.gravatar.com\/avatar\/c052a2551a06e23fac63626232eaa90abd78dbcf1700fc46a2b2c89fd27b735f?s=96&d=mm&r=g","caption":"Redacci\u00f3n A Nova Peneira"},"sameAs":["http:\/\/www.anovapeneira.gal\/"],"url":"https:\/\/www.anovapeneira.gal\/index.php\/author\/redactor\/"}]}},"jetpack_featured_media_url":"https:\/\/www.anovapeneira.gal\/wp-content\/uploads\/2020\/02\/coopevincios_a_nova_peneira.jpg","_links":{"self":[{"href":"https:\/\/www.anovapeneira.gal\/index.php\/wp-json\/wp\/v2\/posts\/2587","targetHints":{"allow":["GET"]}}],"collection":[{"href":"https:\/\/www.anovapeneira.gal\/index.php\/wp-json\/wp\/v2\/posts"}],"about":[{"href":"https:\/\/www.anovapeneira.gal\/index.php\/wp-json\/wp\/v2\/types\/post"}],"author":[{"embeddable":true,"href":"https:\/\/www.anovapeneira.gal\/index.php\/wp-json\/wp\/v2\/users\/3"}],"replies":[{"embeddable":true,"href":"https:\/\/www.anovapeneira.gal\/index.php\/wp-json\/wp\/v2\/comments?post=2587"}],"version-history":[{"count":1,"href":"https:\/\/www.anovapeneira.gal\/index.php\/wp-json\/wp\/v2\/posts\/2587\/revisions"}],"predecessor-version":[{"id":2589,"href":"https:\/\/www.anovapeneira.gal\/index.php\/wp-json\/wp\/v2\/posts\/2587\/revisions\/2589"}],"wp:featuredmedia":[{"embeddable":true,"href":"https:\/\/www.anovapeneira.gal\/index.php\/wp-json\/wp\/v2\/media\/2588"}],"wp:attachment":[{"href":"https:\/\/www.anovapeneira.gal\/index.php\/wp-json\/wp\/v2\/media?parent=2587"}],"wp:term":[{"taxonomy":"category","embeddable":true,"href":"https:\/\/www.anovapeneira.gal\/index.php\/wp-json\/wp\/v2\/categories?post=2587"},{"taxonomy":"post_tag","embeddable":true,"href":"https:\/\/www.anovapeneira.gal\/index.php\/wp-json\/wp\/v2\/tags?post=2587"}],"curies":[{"name":"wp","href":"https:\/\/api.w.org\/{rel}","templated":true}]}}