{"id":2602,"date":"2020-02-25T14:00:48","date_gmt":"2020-02-25T13:00:48","guid":{"rendered":"http:\/\/www.anovapeneira.gal\/?p=2602"},"modified":"2020-02-21T05:13:12","modified_gmt":"2020-02-21T04:13:12","slug":"a-xunta-remata-o-mandato-sen-recibir-a-alcaldesa-de-salceda","status":"publish","type":"post","link":"https:\/\/www.anovapeneira.gal\/index.php\/2020\/02\/25\/a-xunta-remata-o-mandato-sen-recibir-a-alcaldesa-de-salceda\/","title":{"rendered":"A Xunta remata o mandato sen recibir \u00e1 alcaldesa de Salceda"},"content":{"rendered":"\n<p><strong>Salceda de Caselas, 18 de febreiro de 2020<\/strong><\/p>\n\n\n\n<p>O\nequipo de goberno de Salceda, coa s\u00faa alcaldesa Loli Casti\u00f1eira \u00e1\ncabeza, ven de facer p\u00fablica a situaci\u00f3n que consideran\ndiscriminatoria por parte da Xunta de Galicia, que mant\u00e9n sen\ncontestaci\u00f3n as m\u00faltiples citas pedidas dende o Concello con\ndiferentes conseller\u00edas para tratar temas de importancia para\nSalceda, resposta que se presenta a\u00ednda m\u00e1is dif\u00edcil unha vez que\nse ve\u00f1en de convocar elecci\u00f3ns auton\u00f3micas.<\/p>\n\n\n\n<p>As\u00ed,\npor unha banda, o equipo de goberno ten pedido xa en tres ocasi\u00f3ns\nxuntanza coa Conselleira de infraestruturas e mobilidade, Ethel\nV\u00e1zquez Mourelle, para tratar sobre os enlaces da G\u00e1ndara e a\nLagoela co casco urbano, as\u00ed como do saneamento das parroquias de\nSoutelo e Entenza, obras fundamentais para o Concello de Salceda, sen\nque ata o d\u00eda de hoxe se te\u00f1a nin tan sequera dado resposta \u00e1s\nsolicitudes de xuntanza enviadas dende o mes de outubro.<\/p>\n\n\n\n<p>Tampouco\na Conselleira de educaci\u00f3n, Carmen Pomar Tojo, ten a ben dar\nresposta \u00e1s solicitudes de reuni\u00f3n enviadas dende fai m\u00e1is dun\nmes. O equipo de goberno optou por pedir as reuni\u00f3ns directamente\ncoa conselleira logo de que o xefe territorial, C\u00e9sar P\u00e9rez Ares,\ntampouco dese resposta \u00e1s m\u00faltiples solicitudes de reuni\u00f3n\nenviadas ao longo da lexislatura pasada e tam\u00e9n na lexislatura\nactual. Son moitos os temas relativos \u00e1 \u00e1rea de educaci\u00f3n que\nest\u00e1n sobre a mesa, sen que ata o de agora fose posible o seu\ntratamento ante a falla de resposta da conselleira: situaci\u00f3n do CEP\nAltamira, necesidade de patio cuberto no CRA Ra\u00ed\u00f1a Aragonta,\nnecesidade de ampliaci\u00f3n e de implantaci\u00f3n de bacharelato no IES\nPedras Rubias, etc.<\/p>\n\n\n\n<p>Dada\na situaci\u00f3n, o equipo de goberno (MS e PSOE) chega \u00e1 conclusi\u00f3n de\nque a cor pol\u00edtica est\u00e1 a influ\u00edr neste silenzo por parte da Xunta\nde Galicia, pois cada d\u00eda se est\u00e1n a publicar nos diferentes medios\nde comunicaci\u00f3n multitude de xuntanzas entre a Xunta e os diferentes\nConcellos, sen que o Concello de Salceda de Caselas poida optar a\nalgunha desas xuntanzas.<\/p>\n\n\n\n<p>Ver\u00f3nica\nTour\u00f3n, tenenta de alcaldesa, lamentou a actitude da Xunta de\nGalicia, agardando que \u201ca Xunta non se limite \u00e1 xa habitual visita\nde campa\u00f1a a Salceda sen tratar os problemas reais da veci\u00f1anza. O\nGoberno municipal de Salceda \u00e9 o lex\u00edtimo representante dos e das\nsalcedenses, e non recibir \u00f3 Goberno \u00e9 o mesmo que non recibir \u00e1\nveci\u00f1anza\u201d<\/p>\n\n\n\n<p>Loli\nCasti\u00f1eira, alcaldesa de Salceda: \u201cnon nos queda outra que facer\np\u00fablica esta situaci\u00f3n que consideramos discriminatoria, agardando\nque deste xeito as conselleiras te\u00f1an a ben atender as nosas\nsolicitudes. A veci\u00f1anza de Salceda \u00e9 igual de importante que a dos\ndemais municipios galegos, sexa cal sexa a s\u00faa cor pol\u00edtica, e este\ngoberno non vai deixar de loitar pola defensa dos seus intereses. O\nPresidente da Xunta ven de convocar elecci\u00f3ns auton\u00f3micas, o cal\nnon pode ser excusa para deixar sen atender as m\u00faltiples citas\nsolicitadas.\u201d<\/p>\n","protected":false},"excerpt":{"rendered":"<div class=\"mh-excerpt\"><p>O equipo de goberno de Salceda, coa s\u00faa alcaldesa Loli Casti\u00f1eira \u00e1 cabeza, ven de facer p\u00fablica a situaci\u00f3n que consideran discriminatoria por parte da Xunta de Galicia <a class=\"mh-excerpt-more\" href=\"https:\/\/www.anovapeneira.gal\/index.php\/2020\/02\/25\/a-xunta-remata-o-mandato-sen-recibir-a-alcaldesa-de-salceda\/\" title=\"A Xunta remata o mandato sen recibir \u00e1 alcaldesa de Salceda\">[&#8230;]<\/a><\/p>\n<\/div>","protected":false},"author":3,"featured_media":2080,"comment_status":"open","ping_status":"open","sticky":false,"template":"","format":"standard","meta":{"_exactmetrics_skip_tracking":false,"_exactmetrics_sitenote_active":false,"_exactmetrics_sitenote_note":"","_exactmetrics_sitenote_category":0,"footnotes":""},"categories":[23],"tags":[359,12,977],"class_list":{"0":"post-2602","1":"post","2":"type-post","3":"status-publish","4":"format-standard","5":"has-post-thumbnail","7":"category-a-lourina","8":"tag-concello-de-salceda-de-caselas","9":"tag-politica","10":"tag-xunta-de-galicia"},"yoast_head":"<!-- This site is optimized with the Yoast SEO plugin v27.4 - https:\/\/yoast.com\/product\/yoast-seo-wordpress\/ -->\n<title>A Xunta remata o mandato sen recibir \u00e1 alcaldesa de Salceda -<\/title>\n<meta name=\"robots\" content=\"index, follow, max-snippet:-1, max-image-preview:large, max-video-preview:-1\" \/>\n<link rel=\"canonical\" href=\"https:\/\/www.anovapeneira.gal\/index.php\/2020\/02\/25\/a-xunta-remata-o-mandato-sen-recibir-a-alcaldesa-de-salceda\/\" \/>\n<meta property=\"og:locale\" content=\"gl_ES\" \/>\n<meta property=\"og:type\" content=\"article\" \/>\n<meta property=\"og:title\" content=\"A Xunta remata o mandato sen recibir \u00e1 alcaldesa de Salceda -\" \/>\n<meta property=\"og:description\" content=\"O equipo de goberno de Salceda, coa s\u00faa alcaldesa Loli Casti\u00f1eira \u00e1 cabeza, ven de facer p\u00fablica a situaci\u00f3n que consideran discriminatoria por parte da Xunta de Galicia [...]\" \/>\n<meta property=\"og:url\" content=\"https:\/\/www.anovapeneira.gal\/index.php\/2020\/02\/25\/a-xunta-remata-o-mandato-sen-recibir-a-alcaldesa-de-salceda\/\" \/>\n<meta property=\"article:publisher\" content=\"https:\/\/www.facebook.com\/anovapeneira\" \/>\n<meta property=\"article:published_time\" content=\"2020-02-25T13:00:48+00:00\" \/>\n<meta property=\"og:image\" content=\"https:\/\/www.anovapeneira.gal\/wp-content\/uploads\/2019\/12\/loli_castinheira_alcaldesa_salceda_a_nova_peneira.jpg\" \/>\n\t<meta property=\"og:image:width\" content=\"720\" \/>\n\t<meta property=\"og:image:height\" content=\"432\" \/>\n\t<meta property=\"og:image:type\" content=\"image\/jpeg\" \/>\n<meta name=\"author\" content=\"Redacci\u00f3n A Nova Peneira\" \/>\n<meta name=\"twitter:card\" content=\"summary_large_image\" \/>\n<meta name=\"twitter:creator\" content=\"@APeneira\" \/>\n<meta name=\"twitter:site\" content=\"@APeneira\" \/>\n<meta name=\"twitter:label1\" content=\"Escrito por\" \/>\n\t<meta name=\"twitter:data1\" content=\"Redacci\u00f3n A Nova Peneira\" \/>\n\t<meta name=\"twitter:label2\" content=\"Tempo de lectura\" \/>\n\t<meta name=\"twitter:data2\" content=\"3 minutos\" \/>\n<script type=\"application\/ld+json\" class=\"yoast-schema-graph\">{\"@context\":\"https:\\\/\\\/schema.org\",\"@graph\":[{\"@type\":\"Article\",\"@id\":\"https:\\\/\\\/www.anovapeneira.gal\\\/index.php\\\/2020\\\/02\\\/25\\\/a-xunta-remata-o-mandato-sen-recibir-a-alcaldesa-de-salceda\\\/#article\",\"isPartOf\":{\"@id\":\"https:\\\/\\\/www.anovapeneira.gal\\\/index.php\\\/2020\\\/02\\\/25\\\/a-xunta-remata-o-mandato-sen-recibir-a-alcaldesa-de-salceda\\\/\"},\"author\":{\"name\":\"Redacci\u00f3n A Nova Peneira\",\"@id\":\"https:\\\/\\\/www.anovapeneira.gal\\\/#\\\/schema\\\/person\\\/b93e3f8932e3f8da96334607eb6ac6aa\"},\"headline\":\"A Xunta remata o mandato sen recibir \u00e1 alcaldesa de Salceda\",\"datePublished\":\"2020-02-25T13:00:48+00:00\",\"mainEntityOfPage\":{\"@id\":\"https:\\\/\\\/www.anovapeneira.gal\\\/index.php\\\/2020\\\/02\\\/25\\\/a-xunta-remata-o-mandato-sen-recibir-a-alcaldesa-de-salceda\\\/\"},\"wordCount\":539,\"commentCount\":0,\"publisher\":{\"@id\":\"https:\\\/\\\/www.anovapeneira.gal\\\/#organization\"},\"image\":{\"@id\":\"https:\\\/\\\/www.anovapeneira.gal\\\/index.php\\\/2020\\\/02\\\/25\\\/a-xunta-remata-o-mandato-sen-recibir-a-alcaldesa-de-salceda\\\/#primaryimage\"},\"thumbnailUrl\":\"https:\\\/\\\/www.anovapeneira.gal\\\/wp-content\\\/uploads\\\/2019\\\/12\\\/loli_castinheira_alcaldesa_salceda_a_nova_peneira.jpg\",\"keywords\":[\"Concello de Salceda de Caselas\",\"Pol\u00edtica\",\"Xunta de Galicia\"],\"articleSection\":[\"A Louri\u00f1a\"],\"inLanguage\":\"gl-ES\",\"potentialAction\":[{\"@type\":\"CommentAction\",\"name\":\"Comment\",\"target\":[\"https:\\\/\\\/www.anovapeneira.gal\\\/index.php\\\/2020\\\/02\\\/25\\\/a-xunta-remata-o-mandato-sen-recibir-a-alcaldesa-de-salceda\\\/#respond\"]}]},{\"@type\":\"WebPage\",\"@id\":\"https:\\\/\\\/www.anovapeneira.gal\\\/index.php\\\/2020\\\/02\\\/25\\\/a-xunta-remata-o-mandato-sen-recibir-a-alcaldesa-de-salceda\\\/\",\"url\":\"https:\\\/\\\/www.anovapeneira.gal\\\/index.php\\\/2020\\\/02\\\/25\\\/a-xunta-remata-o-mandato-sen-recibir-a-alcaldesa-de-salceda\\\/\",\"name\":\"A Xunta remata o mandato sen recibir \u00e1 alcaldesa de Salceda -\",\"isPartOf\":{\"@id\":\"https:\\\/\\\/www.anovapeneira.gal\\\/#website\"},\"primaryImageOfPage\":{\"@id\":\"https:\\\/\\\/www.anovapeneira.gal\\\/index.php\\\/2020\\\/02\\\/25\\\/a-xunta-remata-o-mandato-sen-recibir-a-alcaldesa-de-salceda\\\/#primaryimage\"},\"image\":{\"@id\":\"https:\\\/\\\/www.anovapeneira.gal\\\/index.php\\\/2020\\\/02\\\/25\\\/a-xunta-remata-o-mandato-sen-recibir-a-alcaldesa-de-salceda\\\/#primaryimage\"},\"thumbnailUrl\":\"https:\\\/\\\/www.anovapeneira.gal\\\/wp-content\\\/uploads\\\/2019\\\/12\\\/loli_castinheira_alcaldesa_salceda_a_nova_peneira.jpg\",\"datePublished\":\"2020-02-25T13:00:48+00:00\",\"breadcrumb\":{\"@id\":\"https:\\\/\\\/www.anovapeneira.gal\\\/index.php\\\/2020\\\/02\\\/25\\\/a-xunta-remata-o-mandato-sen-recibir-a-alcaldesa-de-salceda\\\/#breadcrumb\"},\"inLanguage\":\"gl-ES\",\"potentialAction\":[{\"@type\":\"ReadAction\",\"target\":[\"https:\\\/\\\/www.anovapeneira.gal\\\/index.php\\\/2020\\\/02\\\/25\\\/a-xunta-remata-o-mandato-sen-recibir-a-alcaldesa-de-salceda\\\/\"]}]},{\"@type\":\"ImageObject\",\"inLanguage\":\"gl-ES\",\"@id\":\"https:\\\/\\\/www.anovapeneira.gal\\\/index.php\\\/2020\\\/02\\\/25\\\/a-xunta-remata-o-mandato-sen-recibir-a-alcaldesa-de-salceda\\\/#primaryimage\",\"url\":\"https:\\\/\\\/www.anovapeneira.gal\\\/wp-content\\\/uploads\\\/2019\\\/12\\\/loli_castinheira_alcaldesa_salceda_a_nova_peneira.jpg\",\"contentUrl\":\"https:\\\/\\\/www.anovapeneira.gal\\\/wp-content\\\/uploads\\\/2019\\\/12\\\/loli_castinheira_alcaldesa_salceda_a_nova_peneira.jpg\",\"width\":720,\"height\":432,\"caption\":\"Alcaldes de Salceda de Caselas Loli Casti\u00f1eiras A Nova Peneria\"},{\"@type\":\"BreadcrumbList\",\"@id\":\"https:\\\/\\\/www.anovapeneira.gal\\\/index.php\\\/2020\\\/02\\\/25\\\/a-xunta-remata-o-mandato-sen-recibir-a-alcaldesa-de-salceda\\\/#breadcrumb\",\"itemListElement\":[{\"@type\":\"ListItem\",\"position\":1,\"name\":\"Portada\",\"item\":\"https:\\\/\\\/www.anovapeneira.gal\\\/\"},{\"@type\":\"ListItem\",\"position\":2,\"name\":\"A Xunta remata o mandato sen recibir \u00e1 alcaldesa de Salceda\"}]},{\"@type\":\"WebSite\",\"@id\":\"https:\\\/\\\/www.anovapeneira.gal\\\/#website\",\"url\":\"https:\\\/\\\/www.anovapeneira.gal\\\/\",\"name\":\"\",\"description\":\"Xornal galego de informaci\u00f3n xeral Publicaci\u00f3n mensual de novas de Galicia e en especial dos Concellos da sur da provincia de Pontevedra.\",\"publisher\":{\"@id\":\"https:\\\/\\\/www.anovapeneira.gal\\\/#organization\"},\"potentialAction\":[{\"@type\":\"SearchAction\",\"target\":{\"@type\":\"EntryPoint\",\"urlTemplate\":\"https:\\\/\\\/www.anovapeneira.gal\\\/?s={search_term_string}\"},\"query-input\":{\"@type\":\"PropertyValueSpecification\",\"valueRequired\":true,\"valueName\":\"search_term_string\"}}],\"inLanguage\":\"gl-ES\"},{\"@type\":\"Organization\",\"@id\":\"https:\\\/\\\/www.anovapeneira.gal\\\/#organization\",\"name\":\"A Nova Peneira\",\"url\":\"https:\\\/\\\/www.anovapeneira.gal\\\/\",\"logo\":{\"@type\":\"ImageObject\",\"inLanguage\":\"gl-ES\",\"@id\":\"https:\\\/\\\/www.anovapeneira.gal\\\/#\\\/schema\\\/logo\\\/image\\\/\",\"url\":\"http:\\\/\\\/www.anovapeneira.gal\\\/wp-content\\\/uploads\\\/2019\\\/06\\\/logo_a_nova_peneira_portal_web.png\",\"contentUrl\":\"http:\\\/\\\/www.anovapeneira.gal\\\/wp-content\\\/uploads\\\/2019\\\/06\\\/logo_a_nova_peneira_portal_web.png\",\"width\":300,\"height\":100,\"caption\":\"A Nova Peneira\"},\"image\":{\"@id\":\"https:\\\/\\\/www.anovapeneira.gal\\\/#\\\/schema\\\/logo\\\/image\\\/\"},\"sameAs\":[\"https:\\\/\\\/www.facebook.com\\\/anovapeneira\",\"https:\\\/\\\/x.com\\\/APeneira\"]},{\"@type\":\"Person\",\"@id\":\"https:\\\/\\\/www.anovapeneira.gal\\\/#\\\/schema\\\/person\\\/b93e3f8932e3f8da96334607eb6ac6aa\",\"name\":\"Redacci\u00f3n A Nova Peneira\",\"image\":{\"@type\":\"ImageObject\",\"inLanguage\":\"gl-ES\",\"@id\":\"https:\\\/\\\/secure.gravatar.com\\\/avatar\\\/c052a2551a06e23fac63626232eaa90abd78dbcf1700fc46a2b2c89fd27b735f?s=96&d=mm&r=g\",\"url\":\"https:\\\/\\\/secure.gravatar.com\\\/avatar\\\/c052a2551a06e23fac63626232eaa90abd78dbcf1700fc46a2b2c89fd27b735f?s=96&d=mm&r=g\",\"contentUrl\":\"https:\\\/\\\/secure.gravatar.com\\\/avatar\\\/c052a2551a06e23fac63626232eaa90abd78dbcf1700fc46a2b2c89fd27b735f?s=96&d=mm&r=g\",\"caption\":\"Redacci\u00f3n A Nova Peneira\"},\"sameAs\":[\"http:\\\/\\\/www.anovapeneira.gal\\\/\"],\"url\":\"https:\\\/\\\/www.anovapeneira.gal\\\/index.php\\\/author\\\/redactor\\\/\"}]}<\/script>\n<!-- \/ Yoast SEO plugin. -->","yoast_head_json":{"title":"A Xunta remata o mandato sen recibir \u00e1 alcaldesa de Salceda -","robots":{"index":"index","follow":"follow","max-snippet":"max-snippet:-1","max-image-preview":"max-image-preview:large","max-video-preview":"max-video-preview:-1"},"canonical":"https:\/\/www.anovapeneira.gal\/index.php\/2020\/02\/25\/a-xunta-remata-o-mandato-sen-recibir-a-alcaldesa-de-salceda\/","og_locale":"gl_ES","og_type":"article","og_title":"A Xunta remata o mandato sen recibir \u00e1 alcaldesa de Salceda -","og_description":"O equipo de goberno de Salceda, coa s\u00faa alcaldesa Loli Casti\u00f1eira \u00e1 cabeza, ven de facer p\u00fablica a situaci\u00f3n que consideran discriminatoria por parte da Xunta de Galicia [...]","og_url":"https:\/\/www.anovapeneira.gal\/index.php\/2020\/02\/25\/a-xunta-remata-o-mandato-sen-recibir-a-alcaldesa-de-salceda\/","article_publisher":"https:\/\/www.facebook.com\/anovapeneira","article_published_time":"2020-02-25T13:00:48+00:00","og_image":[{"width":720,"height":432,"url":"https:\/\/www.anovapeneira.gal\/wp-content\/uploads\/2019\/12\/loli_castinheira_alcaldesa_salceda_a_nova_peneira.jpg","type":"image\/jpeg"}],"author":"Redacci\u00f3n A Nova Peneira","twitter_card":"summary_large_image","twitter_creator":"@APeneira","twitter_site":"@APeneira","twitter_misc":{"Escrito por":"Redacci\u00f3n A Nova Peneira","Tempo de lectura":"3 minutos"},"schema":{"@context":"https:\/\/schema.org","@graph":[{"@type":"Article","@id":"https:\/\/www.anovapeneira.gal\/index.php\/2020\/02\/25\/a-xunta-remata-o-mandato-sen-recibir-a-alcaldesa-de-salceda\/#article","isPartOf":{"@id":"https:\/\/www.anovapeneira.gal\/index.php\/2020\/02\/25\/a-xunta-remata-o-mandato-sen-recibir-a-alcaldesa-de-salceda\/"},"author":{"name":"Redacci\u00f3n A Nova Peneira","@id":"https:\/\/www.anovapeneira.gal\/#\/schema\/person\/b93e3f8932e3f8da96334607eb6ac6aa"},"headline":"A Xunta remata o mandato sen recibir \u00e1 alcaldesa de Salceda","datePublished":"2020-02-25T13:00:48+00:00","mainEntityOfPage":{"@id":"https:\/\/www.anovapeneira.gal\/index.php\/2020\/02\/25\/a-xunta-remata-o-mandato-sen-recibir-a-alcaldesa-de-salceda\/"},"wordCount":539,"commentCount":0,"publisher":{"@id":"https:\/\/www.anovapeneira.gal\/#organization"},"image":{"@id":"https:\/\/www.anovapeneira.gal\/index.php\/2020\/02\/25\/a-xunta-remata-o-mandato-sen-recibir-a-alcaldesa-de-salceda\/#primaryimage"},"thumbnailUrl":"https:\/\/www.anovapeneira.gal\/wp-content\/uploads\/2019\/12\/loli_castinheira_alcaldesa_salceda_a_nova_peneira.jpg","keywords":["Concello de Salceda de Caselas","Pol\u00edtica","Xunta de Galicia"],"articleSection":["A Louri\u00f1a"],"inLanguage":"gl-ES","potentialAction":[{"@type":"CommentAction","name":"Comment","target":["https:\/\/www.anovapeneira.gal\/index.php\/2020\/02\/25\/a-xunta-remata-o-mandato-sen-recibir-a-alcaldesa-de-salceda\/#respond"]}]},{"@type":"WebPage","@id":"https:\/\/www.anovapeneira.gal\/index.php\/2020\/02\/25\/a-xunta-remata-o-mandato-sen-recibir-a-alcaldesa-de-salceda\/","url":"https:\/\/www.anovapeneira.gal\/index.php\/2020\/02\/25\/a-xunta-remata-o-mandato-sen-recibir-a-alcaldesa-de-salceda\/","name":"A Xunta remata o mandato sen recibir \u00e1 alcaldesa de Salceda -","isPartOf":{"@id":"https:\/\/www.anovapeneira.gal\/#website"},"primaryImageOfPage":{"@id":"https:\/\/www.anovapeneira.gal\/index.php\/2020\/02\/25\/a-xunta-remata-o-mandato-sen-recibir-a-alcaldesa-de-salceda\/#primaryimage"},"image":{"@id":"https:\/\/www.anovapeneira.gal\/index.php\/2020\/02\/25\/a-xunta-remata-o-mandato-sen-recibir-a-alcaldesa-de-salceda\/#primaryimage"},"thumbnailUrl":"https:\/\/www.anovapeneira.gal\/wp-content\/uploads\/2019\/12\/loli_castinheira_alcaldesa_salceda_a_nova_peneira.jpg","datePublished":"2020-02-25T13:00:48+00:00","breadcrumb":{"@id":"https:\/\/www.anovapeneira.gal\/index.php\/2020\/02\/25\/a-xunta-remata-o-mandato-sen-recibir-a-alcaldesa-de-salceda\/#breadcrumb"},"inLanguage":"gl-ES","potentialAction":[{"@type":"ReadAction","target":["https:\/\/www.anovapeneira.gal\/index.php\/2020\/02\/25\/a-xunta-remata-o-mandato-sen-recibir-a-alcaldesa-de-salceda\/"]}]},{"@type":"ImageObject","inLanguage":"gl-ES","@id":"https:\/\/www.anovapeneira.gal\/index.php\/2020\/02\/25\/a-xunta-remata-o-mandato-sen-recibir-a-alcaldesa-de-salceda\/#primaryimage","url":"https:\/\/www.anovapeneira.gal\/wp-content\/uploads\/2019\/12\/loli_castinheira_alcaldesa_salceda_a_nova_peneira.jpg","contentUrl":"https:\/\/www.anovapeneira.gal\/wp-content\/uploads\/2019\/12\/loli_castinheira_alcaldesa_salceda_a_nova_peneira.jpg","width":720,"height":432,"caption":"Alcaldes de Salceda de Caselas Loli Casti\u00f1eiras A Nova Peneria"},{"@type":"BreadcrumbList","@id":"https:\/\/www.anovapeneira.gal\/index.php\/2020\/02\/25\/a-xunta-remata-o-mandato-sen-recibir-a-alcaldesa-de-salceda\/#breadcrumb","itemListElement":[{"@type":"ListItem","position":1,"name":"Portada","item":"https:\/\/www.anovapeneira.gal\/"},{"@type":"ListItem","position":2,"name":"A Xunta remata o mandato sen recibir \u00e1 alcaldesa de Salceda"}]},{"@type":"WebSite","@id":"https:\/\/www.anovapeneira.gal\/#website","url":"https:\/\/www.anovapeneira.gal\/","name":"","description":"Xornal galego de informaci\u00f3n xeral Publicaci\u00f3n mensual de novas de Galicia e en especial dos Concellos da sur da provincia de Pontevedra.","publisher":{"@id":"https:\/\/www.anovapeneira.gal\/#organization"},"potentialAction":[{"@type":"SearchAction","target":{"@type":"EntryPoint","urlTemplate":"https:\/\/www.anovapeneira.gal\/?s={search_term_string}"},"query-input":{"@type":"PropertyValueSpecification","valueRequired":true,"valueName":"search_term_string"}}],"inLanguage":"gl-ES"},{"@type":"Organization","@id":"https:\/\/www.anovapeneira.gal\/#organization","name":"A Nova Peneira","url":"https:\/\/www.anovapeneira.gal\/","logo":{"@type":"ImageObject","inLanguage":"gl-ES","@id":"https:\/\/www.anovapeneira.gal\/#\/schema\/logo\/image\/","url":"http:\/\/www.anovapeneira.gal\/wp-content\/uploads\/2019\/06\/logo_a_nova_peneira_portal_web.png","contentUrl":"http:\/\/www.anovapeneira.gal\/wp-content\/uploads\/2019\/06\/logo_a_nova_peneira_portal_web.png","width":300,"height":100,"caption":"A Nova Peneira"},"image":{"@id":"https:\/\/www.anovapeneira.gal\/#\/schema\/logo\/image\/"},"sameAs":["https:\/\/www.facebook.com\/anovapeneira","https:\/\/x.com\/APeneira"]},{"@type":"Person","@id":"https:\/\/www.anovapeneira.gal\/#\/schema\/person\/b93e3f8932e3f8da96334607eb6ac6aa","name":"Redacci\u00f3n A Nova Peneira","image":{"@type":"ImageObject","inLanguage":"gl-ES","@id":"https:\/\/secure.gravatar.com\/avatar\/c052a2551a06e23fac63626232eaa90abd78dbcf1700fc46a2b2c89fd27b735f?s=96&d=mm&r=g","url":"https:\/\/secure.gravatar.com\/avatar\/c052a2551a06e23fac63626232eaa90abd78dbcf1700fc46a2b2c89fd27b735f?s=96&d=mm&r=g","contentUrl":"https:\/\/secure.gravatar.com\/avatar\/c052a2551a06e23fac63626232eaa90abd78dbcf1700fc46a2b2c89fd27b735f?s=96&d=mm&r=g","caption":"Redacci\u00f3n A Nova Peneira"},"sameAs":["http:\/\/www.anovapeneira.gal\/"],"url":"https:\/\/www.anovapeneira.gal\/index.php\/author\/redactor\/"}]}},"jetpack_featured_media_url":"https:\/\/www.anovapeneira.gal\/wp-content\/uploads\/2019\/12\/loli_castinheira_alcaldesa_salceda_a_nova_peneira.jpg","_links":{"self":[{"href":"https:\/\/www.anovapeneira.gal\/index.php\/wp-json\/wp\/v2\/posts\/2602","targetHints":{"allow":["GET"]}}],"collection":[{"href":"https:\/\/www.anovapeneira.gal\/index.php\/wp-json\/wp\/v2\/posts"}],"about":[{"href":"https:\/\/www.anovapeneira.gal\/index.php\/wp-json\/wp\/v2\/types\/post"}],"author":[{"embeddable":true,"href":"https:\/\/www.anovapeneira.gal\/index.php\/wp-json\/wp\/v2\/users\/3"}],"replies":[{"embeddable":true,"href":"https:\/\/www.anovapeneira.gal\/index.php\/wp-json\/wp\/v2\/comments?post=2602"}],"version-history":[{"count":1,"href":"https:\/\/www.anovapeneira.gal\/index.php\/wp-json\/wp\/v2\/posts\/2602\/revisions"}],"predecessor-version":[{"id":2603,"href":"https:\/\/www.anovapeneira.gal\/index.php\/wp-json\/wp\/v2\/posts\/2602\/revisions\/2603"}],"wp:featuredmedia":[{"embeddable":true,"href":"https:\/\/www.anovapeneira.gal\/index.php\/wp-json\/wp\/v2\/media\/2080"}],"wp:attachment":[{"href":"https:\/\/www.anovapeneira.gal\/index.php\/wp-json\/wp\/v2\/media?parent=2602"}],"wp:term":[{"taxonomy":"category","embeddable":true,"href":"https:\/\/www.anovapeneira.gal\/index.php\/wp-json\/wp\/v2\/categories?post=2602"},{"taxonomy":"post_tag","embeddable":true,"href":"https:\/\/www.anovapeneira.gal\/index.php\/wp-json\/wp\/v2\/tags?post=2602"}],"curies":[{"name":"wp","href":"https:\/\/api.w.org\/{rel}","templated":true}]}}