{"id":2604,"date":"2020-02-25T11:00:40","date_gmt":"2020-02-25T10:00:40","guid":{"rendered":"http:\/\/www.anovapeneira.gal\/?p=2604"},"modified":"2020-02-21T05:18:05","modified_gmt":"2020-02-21T04:18:05","slug":"a-mesa-sumase-a-unesco-no-dia-internacional-da-lingua-propia-reclamando-liberdade-para-o-galego-e-a-fin-dos-limites-ao-seu-uso","status":"publish","type":"post","link":"https:\/\/www.anovapeneira.gal\/index.php\/2020\/02\/25\/a-mesa-sumase-a-unesco-no-dia-internacional-da-lingua-propia-reclamando-liberdade-para-o-galego-e-a-fin-dos-limites-ao-seu-uso\/","title":{"rendered":"A Mesa s\u00famase \u00e1 UNESCO no D\u00eda internacional da lingua propia reclamando liberdade para o galego e a fin dos l\u00edmites ao seu uso"},"content":{"rendered":"\n<p><strong>Santiago de Compostela, 20 de febrero de 2019<\/strong><\/p>\n\n\n\n<p>A Mesa pola\nNormalizaci\u00f3n Ling\u00fc\u00edstica s\u00famase un ano m\u00e1is \u00e1 iniciativa da\nUNESCO, que ma\u00f1\u00e1 venres, d\u00eda 21 de febreiro, celebra o <strong>D\u00eda\nInternacional da lingua materna ou da lingua propia<\/strong> para reclamar\ngarant\u00edas para a diversidade ling\u00fc\u00edstica fortalecendo a\nprotecci\u00f3n, promoci\u00f3n e preservaci\u00f3n de todos os idiomas,\nnomeadamente aqueles que est\u00e1n ameazados. <br><br>Esta data\ncel\u00e9brase en Galiza ap\u00f3s as contundentes demandas do Consello de\nEuropa, ente elas a derrogaci\u00f3n do mal chamado decreto de\npluriling\u00fcismo e os \u00faltimos datos do Instituto Galego de\nEstat\u00edstica que indican que ademais do retroceso do uso do galego,\ntemos neste momento o \u00edndice m\u00e1is alto de incapacidade para falalo\nda historia de Galiza co 24% de rapaces e raparigas menores de 15\nanos. <br><br>Por este motivo, a Mesa reclama ao Partido Popular <strong>que\nabandone o extremismo contra o galego<\/strong> e ao conxunto de\norganizaci\u00f3ns pol\u00edticas que impulsen unha nova pol\u00edtica favor\u00e1bel\nao galego que garanta o co\u00f1ecemento da lingua, presenza vis\u00edbel e\naud\u00edbel e total liberdade de uso en todos os \u00e1mbitos e garant\u00edas\nde exercicio dos dereitos ling\u00fc\u00edsticos.<br><br>O presidente da\nentidade pola lingua, Marcos Maceira, insiste en que \u201cqueremos os\nmesmos problemas para usar o galego, para velo, lelo e ouvilo en\nGaliza que ten calquera persoa co castel\u00e1n cando pasea por unha r\u00faa\nde Madrid, cando se dirixe \u00e1 administraci\u00f3n p\u00fablica ou cando\ncompra en calquera estabelecemento\u201d e que&nbsp; \u201c<strong>a Xunta ten\nque deixar de ser a principal defensora da inferioridade de\ncondici\u00f3ns para as e os galegofalantes<\/strong>\u201d. <br><br>Segundo\ndenunciou Maceira, neste momento a sociedade civil act\u00faa en\nsolitario para promover a lingua de Galiza e combater agravios e\ndiscrimaci\u00f3ns. Neste sentido, lembrou a recente proposta no Congreso\npara impulsar que o Estado cumpra coas resoluci\u00f3ns do Comit\u00e9 de\nMinistros do Consello de Europa, a campa\u00f1a para fomentar o uso do\nnoso idioma entre doentes e persoal sanitario, proxectos como Abertos\nao Galego para o uso da lingua no \u00e1mbito comercial, ou A Li\u00f1a do\nGalego, o \u00fanico existente en Galiza para reclamar o dereito ao uso\ndo galego. \u201cTendo a responsabilidade legal e moral de promover e\ndefender a lingua galega&#8221;, concluiu, &#8220;a Xunta, con Feixoo \u00e1\ncabeza, non s\u00f3 non colabora sen\u00f3n que act\u00faa sistematicamente en\ncontra\u201d.<br><br>Con motivo do D\u00eda Internacional da lingua propia,\na Mesa distribuir\u00e1 nas redes sociais e entre as ANPAS de Galiza, a\npartir do d\u00eda 21 de febreiro, cartaces coa lexenda \u201cF\u00e1lalles\ngalego\u201d e indican que malia o esforzo desgaleguizador da Xunta,\nacelarado na \u00faltima d\u00e9cada con Feixoo \u00e1 fronte, hai esperanza para\no galego porque son moitas as galegas e galegos que con ilusi\u00f3n e\nvontade mante\u00f1en un compromiso no uso e transmiisi\u00f3n do idioma\npropio de Galiza.<\/p>\n","protected":false},"excerpt":{"rendered":"<div class=\"mh-excerpt\"><p>A Mesa pola Normalizaci\u00f3n Ling\u00fc\u00edstica s\u00famase un ano m\u00e1is \u00e1 iniciativa da UNESCO, que ma\u00f1\u00e1 venres, d\u00eda 21 de febreiro, celebra o D\u00eda Internacional da lingua materna ou da lingua propia <a class=\"mh-excerpt-more\" href=\"https:\/\/www.anovapeneira.gal\/index.php\/2020\/02\/25\/a-mesa-sumase-a-unesco-no-dia-internacional-da-lingua-propia-reclamando-liberdade-para-o-galego-e-a-fin-dos-limites-ao-seu-uso\/\" title=\"A Mesa s\u00famase \u00e1 UNESCO no D\u00eda internacional da lingua propia reclamando liberdade para o galego e a fin dos l\u00edmites ao seu uso\">[&#8230;]<\/a><\/p>\n<\/div>","protected":false},"author":3,"featured_media":1422,"comment_status":"open","ping_status":"open","sticky":false,"template":"","format":"standard","meta":{"_exactmetrics_skip_tracking":false,"_exactmetrics_sitenote_active":false,"_exactmetrics_sitenote_note":"","_exactmetrics_sitenote_category":0,"footnotes":""},"categories":[263],"tags":[978,979,684],"class_list":{"0":"post-2604","1":"post","2":"type-post","3":"status-publish","4":"format-standard","5":"has-post-thumbnail","7":"category-novas","8":"tag-dia-internacional-da-lingua-materna-ou-da-lingua-propia","9":"tag-falalles-galego","10":"tag-mesa-pola-normalizacion-linguistica-para-galicia"},"yoast_head":"<!-- This site is optimized with the Yoast SEO plugin v27.4 - https:\/\/yoast.com\/product\/yoast-seo-wordpress\/ -->\n<title>A Mesa s\u00famase \u00e1 UNESCO no D\u00eda internacional da lingua propia reclamando liberdade para o galego e a fin dos l\u00edmites ao seu uso -<\/title>\n<meta name=\"robots\" content=\"index, follow, max-snippet:-1, max-image-preview:large, max-video-preview:-1\" \/>\n<link rel=\"canonical\" href=\"https:\/\/www.anovapeneira.gal\/index.php\/2020\/02\/25\/a-mesa-sumase-a-unesco-no-dia-internacional-da-lingua-propia-reclamando-liberdade-para-o-galego-e-a-fin-dos-limites-ao-seu-uso\/\" \/>\n<meta property=\"og:locale\" content=\"gl_ES\" \/>\n<meta property=\"og:type\" content=\"article\" \/>\n<meta property=\"og:title\" content=\"A Mesa s\u00famase \u00e1 UNESCO no D\u00eda internacional da lingua propia reclamando liberdade para o galego e a fin dos l\u00edmites ao seu uso -\" \/>\n<meta property=\"og:description\" content=\"A Mesa pola Normalizaci\u00f3n Ling\u00fc\u00edstica s\u00famase un ano m\u00e1is \u00e1 iniciativa da UNESCO, que ma\u00f1\u00e1 venres, d\u00eda 21 de febreiro, celebra o D\u00eda Internacional da lingua materna ou da lingua propia [...]\" \/>\n<meta property=\"og:url\" content=\"https:\/\/www.anovapeneira.gal\/index.php\/2020\/02\/25\/a-mesa-sumase-a-unesco-no-dia-internacional-da-lingua-propia-reclamando-liberdade-para-o-galego-e-a-fin-dos-limites-ao-seu-uso\/\" \/>\n<meta property=\"article:publisher\" content=\"https:\/\/www.facebook.com\/anovapeneira\" \/>\n<meta property=\"article:published_time\" content=\"2020-02-25T10:00:40+00:00\" \/>\n<meta property=\"og:image\" content=\"https:\/\/www.anovapeneira.gal\/wp-content\/uploads\/2019\/09\/a_mesa_normalizacion_linguisticas_a_nova_peneira.jpg\" \/>\n\t<meta property=\"og:image:width\" content=\"720\" \/>\n\t<meta property=\"og:image:height\" content=\"473\" \/>\n\t<meta property=\"og:image:type\" content=\"image\/jpeg\" \/>\n<meta name=\"author\" content=\"Redacci\u00f3n A Nova Peneira\" \/>\n<meta name=\"twitter:card\" content=\"summary_large_image\" \/>\n<meta name=\"twitter:creator\" content=\"@APeneira\" \/>\n<meta name=\"twitter:site\" content=\"@APeneira\" \/>\n<meta name=\"twitter:label1\" content=\"Escrito por\" \/>\n\t<meta name=\"twitter:data1\" content=\"Redacci\u00f3n A Nova Peneira\" \/>\n\t<meta name=\"twitter:label2\" content=\"Tempo de lectura\" \/>\n\t<meta name=\"twitter:data2\" content=\"2 minutos\" \/>\n<script type=\"application\/ld+json\" class=\"yoast-schema-graph\">{\"@context\":\"https:\\\/\\\/schema.org\",\"@graph\":[{\"@type\":\"Article\",\"@id\":\"https:\\\/\\\/www.anovapeneira.gal\\\/index.php\\\/2020\\\/02\\\/25\\\/a-mesa-sumase-a-unesco-no-dia-internacional-da-lingua-propia-reclamando-liberdade-para-o-galego-e-a-fin-dos-limites-ao-seu-uso\\\/#article\",\"isPartOf\":{\"@id\":\"https:\\\/\\\/www.anovapeneira.gal\\\/index.php\\\/2020\\\/02\\\/25\\\/a-mesa-sumase-a-unesco-no-dia-internacional-da-lingua-propia-reclamando-liberdade-para-o-galego-e-a-fin-dos-limites-ao-seu-uso\\\/\"},\"author\":{\"name\":\"Redacci\u00f3n A Nova Peneira\",\"@id\":\"https:\\\/\\\/www.anovapeneira.gal\\\/#\\\/schema\\\/person\\\/b93e3f8932e3f8da96334607eb6ac6aa\"},\"headline\":\"A Mesa s\u00famase \u00e1 UNESCO no D\u00eda internacional da lingua propia reclamando liberdade para o galego e a fin dos l\u00edmites ao seu uso\",\"datePublished\":\"2020-02-25T10:00:40+00:00\",\"mainEntityOfPage\":{\"@id\":\"https:\\\/\\\/www.anovapeneira.gal\\\/index.php\\\/2020\\\/02\\\/25\\\/a-mesa-sumase-a-unesco-no-dia-internacional-da-lingua-propia-reclamando-liberdade-para-o-galego-e-a-fin-dos-limites-ao-seu-uso\\\/\"},\"wordCount\":518,\"commentCount\":0,\"publisher\":{\"@id\":\"https:\\\/\\\/www.anovapeneira.gal\\\/#organization\"},\"image\":{\"@id\":\"https:\\\/\\\/www.anovapeneira.gal\\\/index.php\\\/2020\\\/02\\\/25\\\/a-mesa-sumase-a-unesco-no-dia-internacional-da-lingua-propia-reclamando-liberdade-para-o-galego-e-a-fin-dos-limites-ao-seu-uso\\\/#primaryimage\"},\"thumbnailUrl\":\"https:\\\/\\\/www.anovapeneira.gal\\\/wp-content\\\/uploads\\\/2019\\\/09\\\/a_mesa_normalizacion_linguisticas_a_nova_peneira.jpg\",\"keywords\":[\"D\u00eda Internacional da lingua materna ou da lingua propia\",\"F\u00e1lalles galego\",\"Mesa pola normalizaci\u00f3n ling\u00fc\u00edstica para Galicia\"],\"articleSection\":[\"Novas\"],\"inLanguage\":\"gl-ES\",\"potentialAction\":[{\"@type\":\"CommentAction\",\"name\":\"Comment\",\"target\":[\"https:\\\/\\\/www.anovapeneira.gal\\\/index.php\\\/2020\\\/02\\\/25\\\/a-mesa-sumase-a-unesco-no-dia-internacional-da-lingua-propia-reclamando-liberdade-para-o-galego-e-a-fin-dos-limites-ao-seu-uso\\\/#respond\"]}]},{\"@type\":\"WebPage\",\"@id\":\"https:\\\/\\\/www.anovapeneira.gal\\\/index.php\\\/2020\\\/02\\\/25\\\/a-mesa-sumase-a-unesco-no-dia-internacional-da-lingua-propia-reclamando-liberdade-para-o-galego-e-a-fin-dos-limites-ao-seu-uso\\\/\",\"url\":\"https:\\\/\\\/www.anovapeneira.gal\\\/index.php\\\/2020\\\/02\\\/25\\\/a-mesa-sumase-a-unesco-no-dia-internacional-da-lingua-propia-reclamando-liberdade-para-o-galego-e-a-fin-dos-limites-ao-seu-uso\\\/\",\"name\":\"A Mesa s\u00famase \u00e1 UNESCO no D\u00eda internacional da lingua propia reclamando liberdade para o galego e a fin dos l\u00edmites ao seu uso -\",\"isPartOf\":{\"@id\":\"https:\\\/\\\/www.anovapeneira.gal\\\/#website\"},\"primaryImageOfPage\":{\"@id\":\"https:\\\/\\\/www.anovapeneira.gal\\\/index.php\\\/2020\\\/02\\\/25\\\/a-mesa-sumase-a-unesco-no-dia-internacional-da-lingua-propia-reclamando-liberdade-para-o-galego-e-a-fin-dos-limites-ao-seu-uso\\\/#primaryimage\"},\"image\":{\"@id\":\"https:\\\/\\\/www.anovapeneira.gal\\\/index.php\\\/2020\\\/02\\\/25\\\/a-mesa-sumase-a-unesco-no-dia-internacional-da-lingua-propia-reclamando-liberdade-para-o-galego-e-a-fin-dos-limites-ao-seu-uso\\\/#primaryimage\"},\"thumbnailUrl\":\"https:\\\/\\\/www.anovapeneira.gal\\\/wp-content\\\/uploads\\\/2019\\\/09\\\/a_mesa_normalizacion_linguisticas_a_nova_peneira.jpg\",\"datePublished\":\"2020-02-25T10:00:40+00:00\",\"breadcrumb\":{\"@id\":\"https:\\\/\\\/www.anovapeneira.gal\\\/index.php\\\/2020\\\/02\\\/25\\\/a-mesa-sumase-a-unesco-no-dia-internacional-da-lingua-propia-reclamando-liberdade-para-o-galego-e-a-fin-dos-limites-ao-seu-uso\\\/#breadcrumb\"},\"inLanguage\":\"gl-ES\",\"potentialAction\":[{\"@type\":\"ReadAction\",\"target\":[\"https:\\\/\\\/www.anovapeneira.gal\\\/index.php\\\/2020\\\/02\\\/25\\\/a-mesa-sumase-a-unesco-no-dia-internacional-da-lingua-propia-reclamando-liberdade-para-o-galego-e-a-fin-dos-limites-ao-seu-uso\\\/\"]}]},{\"@type\":\"ImageObject\",\"inLanguage\":\"gl-ES\",\"@id\":\"https:\\\/\\\/www.anovapeneira.gal\\\/index.php\\\/2020\\\/02\\\/25\\\/a-mesa-sumase-a-unesco-no-dia-internacional-da-lingua-propia-reclamando-liberdade-para-o-galego-e-a-fin-dos-limites-ao-seu-uso\\\/#primaryimage\",\"url\":\"https:\\\/\\\/www.anovapeneira.gal\\\/wp-content\\\/uploads\\\/2019\\\/09\\\/a_mesa_normalizacion_linguisticas_a_nova_peneira.jpg\",\"contentUrl\":\"https:\\\/\\\/www.anovapeneira.gal\\\/wp-content\\\/uploads\\\/2019\\\/09\\\/a_mesa_normalizacion_linguisticas_a_nova_peneira.jpg\",\"width\":720,\"height\":473,\"caption\":\"A Mesa de normalizaci\u00f3n A Nova Peneira\"},{\"@type\":\"BreadcrumbList\",\"@id\":\"https:\\\/\\\/www.anovapeneira.gal\\\/index.php\\\/2020\\\/02\\\/25\\\/a-mesa-sumase-a-unesco-no-dia-internacional-da-lingua-propia-reclamando-liberdade-para-o-galego-e-a-fin-dos-limites-ao-seu-uso\\\/#breadcrumb\",\"itemListElement\":[{\"@type\":\"ListItem\",\"position\":1,\"name\":\"Portada\",\"item\":\"https:\\\/\\\/www.anovapeneira.gal\\\/\"},{\"@type\":\"ListItem\",\"position\":2,\"name\":\"A Mesa s\u00famase \u00e1 UNESCO no D\u00eda internacional da lingua propia reclamando liberdade para o galego e a fin dos l\u00edmites ao seu uso\"}]},{\"@type\":\"WebSite\",\"@id\":\"https:\\\/\\\/www.anovapeneira.gal\\\/#website\",\"url\":\"https:\\\/\\\/www.anovapeneira.gal\\\/\",\"name\":\"\",\"description\":\"Xornal galego de informaci\u00f3n xeral Publicaci\u00f3n mensual de novas de Galicia e en especial dos Concellos da sur da provincia de Pontevedra.\",\"publisher\":{\"@id\":\"https:\\\/\\\/www.anovapeneira.gal\\\/#organization\"},\"potentialAction\":[{\"@type\":\"SearchAction\",\"target\":{\"@type\":\"EntryPoint\",\"urlTemplate\":\"https:\\\/\\\/www.anovapeneira.gal\\\/?s={search_term_string}\"},\"query-input\":{\"@type\":\"PropertyValueSpecification\",\"valueRequired\":true,\"valueName\":\"search_term_string\"}}],\"inLanguage\":\"gl-ES\"},{\"@type\":\"Organization\",\"@id\":\"https:\\\/\\\/www.anovapeneira.gal\\\/#organization\",\"name\":\"A Nova Peneira\",\"url\":\"https:\\\/\\\/www.anovapeneira.gal\\\/\",\"logo\":{\"@type\":\"ImageObject\",\"inLanguage\":\"gl-ES\",\"@id\":\"https:\\\/\\\/www.anovapeneira.gal\\\/#\\\/schema\\\/logo\\\/image\\\/\",\"url\":\"http:\\\/\\\/www.anovapeneira.gal\\\/wp-content\\\/uploads\\\/2019\\\/06\\\/logo_a_nova_peneira_portal_web.png\",\"contentUrl\":\"http:\\\/\\\/www.anovapeneira.gal\\\/wp-content\\\/uploads\\\/2019\\\/06\\\/logo_a_nova_peneira_portal_web.png\",\"width\":300,\"height\":100,\"caption\":\"A Nova Peneira\"},\"image\":{\"@id\":\"https:\\\/\\\/www.anovapeneira.gal\\\/#\\\/schema\\\/logo\\\/image\\\/\"},\"sameAs\":[\"https:\\\/\\\/www.facebook.com\\\/anovapeneira\",\"https:\\\/\\\/x.com\\\/APeneira\"]},{\"@type\":\"Person\",\"@id\":\"https:\\\/\\\/www.anovapeneira.gal\\\/#\\\/schema\\\/person\\\/b93e3f8932e3f8da96334607eb6ac6aa\",\"name\":\"Redacci\u00f3n A Nova Peneira\",\"image\":{\"@type\":\"ImageObject\",\"inLanguage\":\"gl-ES\",\"@id\":\"https:\\\/\\\/secure.gravatar.com\\\/avatar\\\/c052a2551a06e23fac63626232eaa90abd78dbcf1700fc46a2b2c89fd27b735f?s=96&d=mm&r=g\",\"url\":\"https:\\\/\\\/secure.gravatar.com\\\/avatar\\\/c052a2551a06e23fac63626232eaa90abd78dbcf1700fc46a2b2c89fd27b735f?s=96&d=mm&r=g\",\"contentUrl\":\"https:\\\/\\\/secure.gravatar.com\\\/avatar\\\/c052a2551a06e23fac63626232eaa90abd78dbcf1700fc46a2b2c89fd27b735f?s=96&d=mm&r=g\",\"caption\":\"Redacci\u00f3n A Nova Peneira\"},\"sameAs\":[\"http:\\\/\\\/www.anovapeneira.gal\\\/\"],\"url\":\"https:\\\/\\\/www.anovapeneira.gal\\\/index.php\\\/author\\\/redactor\\\/\"}]}<\/script>\n<!-- \/ Yoast SEO plugin. -->","yoast_head_json":{"title":"A Mesa s\u00famase \u00e1 UNESCO no D\u00eda internacional da lingua propia reclamando liberdade para o galego e a fin dos l\u00edmites ao seu uso -","robots":{"index":"index","follow":"follow","max-snippet":"max-snippet:-1","max-image-preview":"max-image-preview:large","max-video-preview":"max-video-preview:-1"},"canonical":"https:\/\/www.anovapeneira.gal\/index.php\/2020\/02\/25\/a-mesa-sumase-a-unesco-no-dia-internacional-da-lingua-propia-reclamando-liberdade-para-o-galego-e-a-fin-dos-limites-ao-seu-uso\/","og_locale":"gl_ES","og_type":"article","og_title":"A Mesa s\u00famase \u00e1 UNESCO no D\u00eda internacional da lingua propia reclamando liberdade para o galego e a fin dos l\u00edmites ao seu uso -","og_description":"A Mesa pola Normalizaci\u00f3n Ling\u00fc\u00edstica s\u00famase un ano m\u00e1is \u00e1 iniciativa da UNESCO, que ma\u00f1\u00e1 venres, d\u00eda 21 de febreiro, celebra o D\u00eda Internacional da lingua materna ou da lingua propia [...]","og_url":"https:\/\/www.anovapeneira.gal\/index.php\/2020\/02\/25\/a-mesa-sumase-a-unesco-no-dia-internacional-da-lingua-propia-reclamando-liberdade-para-o-galego-e-a-fin-dos-limites-ao-seu-uso\/","article_publisher":"https:\/\/www.facebook.com\/anovapeneira","article_published_time":"2020-02-25T10:00:40+00:00","og_image":[{"width":720,"height":473,"url":"https:\/\/www.anovapeneira.gal\/wp-content\/uploads\/2019\/09\/a_mesa_normalizacion_linguisticas_a_nova_peneira.jpg","type":"image\/jpeg"}],"author":"Redacci\u00f3n A Nova Peneira","twitter_card":"summary_large_image","twitter_creator":"@APeneira","twitter_site":"@APeneira","twitter_misc":{"Escrito por":"Redacci\u00f3n A Nova Peneira","Tempo de lectura":"2 minutos"},"schema":{"@context":"https:\/\/schema.org","@graph":[{"@type":"Article","@id":"https:\/\/www.anovapeneira.gal\/index.php\/2020\/02\/25\/a-mesa-sumase-a-unesco-no-dia-internacional-da-lingua-propia-reclamando-liberdade-para-o-galego-e-a-fin-dos-limites-ao-seu-uso\/#article","isPartOf":{"@id":"https:\/\/www.anovapeneira.gal\/index.php\/2020\/02\/25\/a-mesa-sumase-a-unesco-no-dia-internacional-da-lingua-propia-reclamando-liberdade-para-o-galego-e-a-fin-dos-limites-ao-seu-uso\/"},"author":{"name":"Redacci\u00f3n A Nova Peneira","@id":"https:\/\/www.anovapeneira.gal\/#\/schema\/person\/b93e3f8932e3f8da96334607eb6ac6aa"},"headline":"A Mesa s\u00famase \u00e1 UNESCO no D\u00eda internacional da lingua propia reclamando liberdade para o galego e a fin dos l\u00edmites ao seu uso","datePublished":"2020-02-25T10:00:40+00:00","mainEntityOfPage":{"@id":"https:\/\/www.anovapeneira.gal\/index.php\/2020\/02\/25\/a-mesa-sumase-a-unesco-no-dia-internacional-da-lingua-propia-reclamando-liberdade-para-o-galego-e-a-fin-dos-limites-ao-seu-uso\/"},"wordCount":518,"commentCount":0,"publisher":{"@id":"https:\/\/www.anovapeneira.gal\/#organization"},"image":{"@id":"https:\/\/www.anovapeneira.gal\/index.php\/2020\/02\/25\/a-mesa-sumase-a-unesco-no-dia-internacional-da-lingua-propia-reclamando-liberdade-para-o-galego-e-a-fin-dos-limites-ao-seu-uso\/#primaryimage"},"thumbnailUrl":"https:\/\/www.anovapeneira.gal\/wp-content\/uploads\/2019\/09\/a_mesa_normalizacion_linguisticas_a_nova_peneira.jpg","keywords":["D\u00eda Internacional da lingua materna ou da lingua propia","F\u00e1lalles galego","Mesa pola normalizaci\u00f3n ling\u00fc\u00edstica para Galicia"],"articleSection":["Novas"],"inLanguage":"gl-ES","potentialAction":[{"@type":"CommentAction","name":"Comment","target":["https:\/\/www.anovapeneira.gal\/index.php\/2020\/02\/25\/a-mesa-sumase-a-unesco-no-dia-internacional-da-lingua-propia-reclamando-liberdade-para-o-galego-e-a-fin-dos-limites-ao-seu-uso\/#respond"]}]},{"@type":"WebPage","@id":"https:\/\/www.anovapeneira.gal\/index.php\/2020\/02\/25\/a-mesa-sumase-a-unesco-no-dia-internacional-da-lingua-propia-reclamando-liberdade-para-o-galego-e-a-fin-dos-limites-ao-seu-uso\/","url":"https:\/\/www.anovapeneira.gal\/index.php\/2020\/02\/25\/a-mesa-sumase-a-unesco-no-dia-internacional-da-lingua-propia-reclamando-liberdade-para-o-galego-e-a-fin-dos-limites-ao-seu-uso\/","name":"A Mesa s\u00famase \u00e1 UNESCO no D\u00eda internacional da lingua propia reclamando liberdade para o galego e a fin dos l\u00edmites ao seu uso -","isPartOf":{"@id":"https:\/\/www.anovapeneira.gal\/#website"},"primaryImageOfPage":{"@id":"https:\/\/www.anovapeneira.gal\/index.php\/2020\/02\/25\/a-mesa-sumase-a-unesco-no-dia-internacional-da-lingua-propia-reclamando-liberdade-para-o-galego-e-a-fin-dos-limites-ao-seu-uso\/#primaryimage"},"image":{"@id":"https:\/\/www.anovapeneira.gal\/index.php\/2020\/02\/25\/a-mesa-sumase-a-unesco-no-dia-internacional-da-lingua-propia-reclamando-liberdade-para-o-galego-e-a-fin-dos-limites-ao-seu-uso\/#primaryimage"},"thumbnailUrl":"https:\/\/www.anovapeneira.gal\/wp-content\/uploads\/2019\/09\/a_mesa_normalizacion_linguisticas_a_nova_peneira.jpg","datePublished":"2020-02-25T10:00:40+00:00","breadcrumb":{"@id":"https:\/\/www.anovapeneira.gal\/index.php\/2020\/02\/25\/a-mesa-sumase-a-unesco-no-dia-internacional-da-lingua-propia-reclamando-liberdade-para-o-galego-e-a-fin-dos-limites-ao-seu-uso\/#breadcrumb"},"inLanguage":"gl-ES","potentialAction":[{"@type":"ReadAction","target":["https:\/\/www.anovapeneira.gal\/index.php\/2020\/02\/25\/a-mesa-sumase-a-unesco-no-dia-internacional-da-lingua-propia-reclamando-liberdade-para-o-galego-e-a-fin-dos-limites-ao-seu-uso\/"]}]},{"@type":"ImageObject","inLanguage":"gl-ES","@id":"https:\/\/www.anovapeneira.gal\/index.php\/2020\/02\/25\/a-mesa-sumase-a-unesco-no-dia-internacional-da-lingua-propia-reclamando-liberdade-para-o-galego-e-a-fin-dos-limites-ao-seu-uso\/#primaryimage","url":"https:\/\/www.anovapeneira.gal\/wp-content\/uploads\/2019\/09\/a_mesa_normalizacion_linguisticas_a_nova_peneira.jpg","contentUrl":"https:\/\/www.anovapeneira.gal\/wp-content\/uploads\/2019\/09\/a_mesa_normalizacion_linguisticas_a_nova_peneira.jpg","width":720,"height":473,"caption":"A Mesa de normalizaci\u00f3n A Nova Peneira"},{"@type":"BreadcrumbList","@id":"https:\/\/www.anovapeneira.gal\/index.php\/2020\/02\/25\/a-mesa-sumase-a-unesco-no-dia-internacional-da-lingua-propia-reclamando-liberdade-para-o-galego-e-a-fin-dos-limites-ao-seu-uso\/#breadcrumb","itemListElement":[{"@type":"ListItem","position":1,"name":"Portada","item":"https:\/\/www.anovapeneira.gal\/"},{"@type":"ListItem","position":2,"name":"A Mesa s\u00famase \u00e1 UNESCO no D\u00eda internacional da lingua propia reclamando liberdade para o galego e a fin dos l\u00edmites ao seu uso"}]},{"@type":"WebSite","@id":"https:\/\/www.anovapeneira.gal\/#website","url":"https:\/\/www.anovapeneira.gal\/","name":"","description":"Xornal galego de informaci\u00f3n xeral Publicaci\u00f3n mensual de novas de Galicia e en especial dos Concellos da sur da provincia de Pontevedra.","publisher":{"@id":"https:\/\/www.anovapeneira.gal\/#organization"},"potentialAction":[{"@type":"SearchAction","target":{"@type":"EntryPoint","urlTemplate":"https:\/\/www.anovapeneira.gal\/?s={search_term_string}"},"query-input":{"@type":"PropertyValueSpecification","valueRequired":true,"valueName":"search_term_string"}}],"inLanguage":"gl-ES"},{"@type":"Organization","@id":"https:\/\/www.anovapeneira.gal\/#organization","name":"A Nova Peneira","url":"https:\/\/www.anovapeneira.gal\/","logo":{"@type":"ImageObject","inLanguage":"gl-ES","@id":"https:\/\/www.anovapeneira.gal\/#\/schema\/logo\/image\/","url":"http:\/\/www.anovapeneira.gal\/wp-content\/uploads\/2019\/06\/logo_a_nova_peneira_portal_web.png","contentUrl":"http:\/\/www.anovapeneira.gal\/wp-content\/uploads\/2019\/06\/logo_a_nova_peneira_portal_web.png","width":300,"height":100,"caption":"A Nova Peneira"},"image":{"@id":"https:\/\/www.anovapeneira.gal\/#\/schema\/logo\/image\/"},"sameAs":["https:\/\/www.facebook.com\/anovapeneira","https:\/\/x.com\/APeneira"]},{"@type":"Person","@id":"https:\/\/www.anovapeneira.gal\/#\/schema\/person\/b93e3f8932e3f8da96334607eb6ac6aa","name":"Redacci\u00f3n A Nova Peneira","image":{"@type":"ImageObject","inLanguage":"gl-ES","@id":"https:\/\/secure.gravatar.com\/avatar\/c052a2551a06e23fac63626232eaa90abd78dbcf1700fc46a2b2c89fd27b735f?s=96&d=mm&r=g","url":"https:\/\/secure.gravatar.com\/avatar\/c052a2551a06e23fac63626232eaa90abd78dbcf1700fc46a2b2c89fd27b735f?s=96&d=mm&r=g","contentUrl":"https:\/\/secure.gravatar.com\/avatar\/c052a2551a06e23fac63626232eaa90abd78dbcf1700fc46a2b2c89fd27b735f?s=96&d=mm&r=g","caption":"Redacci\u00f3n A Nova Peneira"},"sameAs":["http:\/\/www.anovapeneira.gal\/"],"url":"https:\/\/www.anovapeneira.gal\/index.php\/author\/redactor\/"}]}},"jetpack_featured_media_url":"https:\/\/www.anovapeneira.gal\/wp-content\/uploads\/2019\/09\/a_mesa_normalizacion_linguisticas_a_nova_peneira.jpg","_links":{"self":[{"href":"https:\/\/www.anovapeneira.gal\/index.php\/wp-json\/wp\/v2\/posts\/2604","targetHints":{"allow":["GET"]}}],"collection":[{"href":"https:\/\/www.anovapeneira.gal\/index.php\/wp-json\/wp\/v2\/posts"}],"about":[{"href":"https:\/\/www.anovapeneira.gal\/index.php\/wp-json\/wp\/v2\/types\/post"}],"author":[{"embeddable":true,"href":"https:\/\/www.anovapeneira.gal\/index.php\/wp-json\/wp\/v2\/users\/3"}],"replies":[{"embeddable":true,"href":"https:\/\/www.anovapeneira.gal\/index.php\/wp-json\/wp\/v2\/comments?post=2604"}],"version-history":[{"count":1,"href":"https:\/\/www.anovapeneira.gal\/index.php\/wp-json\/wp\/v2\/posts\/2604\/revisions"}],"predecessor-version":[{"id":2605,"href":"https:\/\/www.anovapeneira.gal\/index.php\/wp-json\/wp\/v2\/posts\/2604\/revisions\/2605"}],"wp:featuredmedia":[{"embeddable":true,"href":"https:\/\/www.anovapeneira.gal\/index.php\/wp-json\/wp\/v2\/media\/1422"}],"wp:attachment":[{"href":"https:\/\/www.anovapeneira.gal\/index.php\/wp-json\/wp\/v2\/media?parent=2604"}],"wp:term":[{"taxonomy":"category","embeddable":true,"href":"https:\/\/www.anovapeneira.gal\/index.php\/wp-json\/wp\/v2\/categories?post=2604"},{"taxonomy":"post_tag","embeddable":true,"href":"https:\/\/www.anovapeneira.gal\/index.php\/wp-json\/wp\/v2\/tags?post=2604"}],"curies":[{"name":"wp","href":"https:\/\/api.w.org\/{rel}","templated":true}]}}