{"id":2610,"date":"2020-02-26T14:00:37","date_gmt":"2020-02-26T13:00:37","guid":{"rendered":"http:\/\/www.anovapeneira.gal\/?p=2610"},"modified":"2020-02-21T05:33:01","modified_gmt":"2020-02-21T04:33:01","slug":"anxo-baz-voceiro-do-bng-na-guarda","status":"publish","type":"post","link":"https:\/\/www.anovapeneira.gal\/index.php\/2020\/02\/26\/anxo-baz-voceiro-do-bng-na-guarda\/","title":{"rendered":"Anxo Baz Voceiro do BNG na Guarda"},"content":{"rendered":"\n<p><strong>Despois de falarmos co\nalcalde sobre a ruptura do bipartito, tocaba conversar co voceiro do\nBng, vela\u00ed vai o que deu de si a nosa conversa<\/strong><\/p>\n\n\n\n<p>\u201c<strong>O PLENO DO 30 DE\nSETEMBRO DEIXOU CLARO QUE O MODELO DE VILA DO PSOE \u00c9 O MESMO C\u00d3 DO\nPP, CONSERVADOR, E MOI LONXE DO QUE DEFENDE O BNG\u201d<\/strong><\/p>\n\n\n\n<p><strong>Supo\u00f1o que ler\u00edas a\nentrevista que lle fixemos ao alcalde na anterior Peneira e quer\u00eda\npedirche unha valoraci\u00f3n ao respecto da mesma?<\/strong><\/p>\n\n\n\n<blockquote class=\"wp-block-quote is-layout-flow wp-block-quote-is-layout-flow\"><p>Si, lina claro que si, e en canto \u00e1 valoraci\u00f3n que me pides, s\u00f3 quero dicir que o que el vende, non se axusta \u00e1 realidade. En relaci\u00f3n con esta entrevista s\u00f3 unha cousa, como sabes, porque llo preguntaches, moi cerca de aqu\u00ed  hai unha pintada moi cerca de aqu\u00ed na que se insulta \u00e1 mi\u00f1a nai, e o alcalde di que mandou borrala, pois os caprichos da casualidade fixeron que onte( o d\u00eda antes desta conversa) estivera eu coa mi\u00f1a bicicleta por a\u00ed, e a 10 metros da pintada , que a\u00ednda est\u00e1 por certo, atopeime co alcalde.<\/p><\/blockquote>\n\n\n\n<p><strong>Por que dis que o que\nel vende non se axusta \u00e1 realidade?<\/strong><\/p>\n\n\n\n<blockquote class=\"wp-block-quote is-layout-flow wp-block-quote-is-layout-flow\"><p>Eu convido \u00e1s veci\u00f1as e veci\u00f1os que analicen a evoluci\u00f3n do discurso do grupo municipal socialista do noso pobo e ver\u00e1n como aos poucos asumen o noso, o do BNG quero dicir<\/p><\/blockquote>\n\n\n\n<p><strong>Concr\u00e9tanos\nun pouco m\u00e1is iso?<\/strong><\/p>\n\n\n\n<blockquote class=\"wp-block-quote is-layout-flow wp-block-quote-is-layout-flow\"><p>Eles no 2.015 falaban de dobre sentido de circulaci\u00f3n en toda  Concepci\u00f3n Areal, que ser\u00eda o impulsor da volta da prosperidade \u00e1s empresas e \u00e1 vila, e  agora  xa falan dunha r\u00faa de car\u00e1cter peonil como sempre defendemos n\u00f3s, non s\u00f3 nesa r\u00faa sen\u00f3n en todo o centro urbano .N\u00f3s defendemos sempre os modelos de cidade para as persoas. O BNG ten moi claro cal \u00e9 o seu modelo de vila, as outras propostas a do PSOE e a do PP semella que se van adecuando en funci\u00f3n de como discorren as circunstancias<\/p><\/blockquote>\n\n\n\n<p><strong>Cando lle preguntei ao\nalcalde sobre os motivos da ruptura do bipartito el reco\u00f1ece que\ntomou unha decisi\u00f3n nunha \u00e1rea que era competencia vosa, pero el\ndefende que non lle quedou m\u00e1is remedio porque considera que quen\nincumpristes o pacto fostes v\u00f3s ao non respectar o plan de\nmobilidade, que tes que dicir ao respecto?<\/strong><\/p>\n\n\n\n<blockquote class=\"wp-block-quote is-layout-flow wp-block-quote-is-layout-flow\"><p>Concepci\u00f3n Areal era un importante escollo para que o pacto se puidese concretar e, este, explicitamente di que as decisi\u00f3ns sobre a r\u00faa deber\u00edan consensuarse cos t\u00e9cnicos de mobilidade da DEP, f\u00edxose as\u00ed nunha xuntanza na DEP , non de seguimento do pacto , como el vende. Os representantes do PSOE formularon a s\u00faa visi\u00f3n, n\u00f3s a nosa e en ning\u00fan momento houbo ning\u00fan criterio t\u00e9cnico que desaconsellara o noso modo de entender Concepci\u00f3n Areal<\/p><\/blockquote>\n\n\n\n<p><strong>Nesa xuntanza o\ndeputado provincial que estaba presente era voso ou do PSOE?<\/strong><\/p>\n\n\n\n<blockquote class=\"wp-block-quote is-layout-flow wp-block-quote-is-layout-flow\"><p>Do PSOE<\/p><\/blockquote>\n\n\n\n<p><strong>E non fixo ning\u00fan tipo\nde alusi\u00f3n en relaci\u00f3n a desaconsellar a vosa proposta?<\/strong><\/p>\n\n\n\n<blockquote class=\"wp-block-quote is-layout-flow wp-block-quote-is-layout-flow\"><p>Ningunha en absoluto<\/p><\/blockquote>\n\n\n\n<p><strong>Dime con claridade, v\u00f3s\nrompistes o plan e mobilidade como defende o alcalde?<\/strong><\/p>\n\n\n\n<blockquote class=\"wp-block-quote is-layout-flow wp-block-quote-is-layout-flow\"><p>Con claridade meridiana; Non, en ning\u00fan momento.<\/p><\/blockquote>\n\n\n\n<p><strong>O pleno no que rachou\ntodo foi moi agresivo, e houbo insultos e descualificaci\u00f3ns moi\ngraves<\/strong><\/p>\n\n\n\n<blockquote class=\"wp-block-quote is-layout-flow wp-block-quote-is-layout-flow\"><p>Si, pero eu prefiro apartar iso, porque \u00e9 o t\u00edpico caso no que as \u00e1rbores non deixan ver o bosque, e se quitamos o accesorio queda o esencial:  hai dous modelos de vila, o que defende o BNG a cidade para as persoas e o que defenden o PSOE e o PP, que vai polo cami\u00f1o contrario<\/p><\/blockquote>\n\n\n\n<p><strong>Si, pero os insultos e\na hostilidade, eu creo que se deben apartar da sociedade, e cando por\ndesgracia existen, eu entendo  que a responsabilidade dun medio de\ncomunicaci\u00f3n \u00e9 reflectilo. Esa tensi\u00f3n que houbo aquel d\u00eda naquel\npleno, segues a notala na r\u00faa?<\/strong><\/p>\n\n\n\n<blockquote class=\"wp-block-quote is-layout-flow wp-block-quote-is-layout-flow\"><p>Ben, houbo xente que aquel d\u00eda achegouse a min para insultarme explicitamente, e hoxe en d\u00eda sa\u00fadanme case con normalidade<\/p><\/blockquote>\n\n\n\n<p><strong>Pois perm\u00edteme\nexpresarche a mi\u00f1a admiraci\u00f3n pola templanza, Anxo, porque se a min\nalgu\u00e9n me chama \u201chijoputa\u201d explicitamente, e aos catro d\u00edas \nsa\u00fadame con normalidade, non creo que fose capaz de manter a\nserenidade para devolverlle o sa\u00fado de maneira respectuosa<\/strong><\/p>\n\n\n\n<blockquote class=\"wp-block-quote is-layout-flow wp-block-quote-is-layout-flow\"><p>Ben, cando algu\u00e9n decide meterse en pol\u00edtica sabe que estas cousas poden acontecer. Se cadra \u00e9 m\u00e1is duro pola familia que por un mesmo. N\u00f3s ao noso, a seguir defendendo o noso modelo, porque, con toda a humidade podo dicir, que o pouco que avanzou A Guarda \u00e9 en gran medida grazas ao traballo do BNG. Hoxe o alcalde fala dunha nova garder\u00eda e esa \u00e9 unha proposta do BNG, o caso de Concepci\u00f3n Areal, o plan revitaliza as nosas propostas sobre os cami\u00f1os escolares seguros, sobre a polic\u00eda municipal son outros exemplos de como a base de traballo, e m\u00e1is traballo o BNG consegue aos poucos que os outros asuman o que \u00e9 evidentes melloras para a nosa vila e que tantos anos levamos executando con \u00e9xito en outras zonas como por exemplo Pontevedra. O pleno do 30 de setembro deixou claro que o  modelo de vila que defende o PSOE \u00e9 id\u00e9ntico ao que pensa o PP, un modelo conservador  e moi lonxe do que defende o Bloque.<\/p><\/blockquote>\n\n\n\n<p><strong>\u00c9 posible reconducir a\nsituaci\u00f3n co PSOE?, cal \u00e9 a vosa posici\u00f3n?<\/strong><\/p>\n\n\n\n<blockquote class=\"wp-block-quote is-layout-flow wp-block-quote-is-layout-flow\"><p>A nosa posici\u00f3n \u00e9 a mesma coa que nos presentamos \u00e1s elecci\u00f3ns: queremos un cambio de modelo, queremos transformar A Guarda para po\u00f1ela ao servizo das persoas. N\u00f3s pensamos que a dignidade e a honestidade son valores superiores aos cargos, por iso deixamos o goberno.<\/p><\/blockquote>\n\n\n\n<p><strong>Non \u00e9 posible gobernar\ncon 5 concellir@s de 17, como prev\u00e9s que se desenvolver\u00e1n os\nacontecementos?<\/strong><\/p>\n\n\n\n<blockquote class=\"wp-block-quote is-layout-flow wp-block-quote-is-layout-flow\"><p>Se cando ti\u00f1an 7, non foron quen, pois con 5 a verdade pois eles saber\u00e1n, ti\u00f1an a alternativa dun goberno con n\u00f3s, pero non souberon aproveitala. F\u00edxate por exemplo o que pasa coa r\u00faa San Caetano que hai un compromiso plenario do 2.016 de arranxala, e a\u00ednda hoxe&#8230;ou a aprobaci\u00f3n da conta xeral, que se non chega a ser pola nosa responsabilidade pol\u00edtica non se ter\u00eda aprobado e perderiamos importantes subvenci\u00f3ns<\/p><\/blockquote>\n\n\n\n<p><strong>Compartes a opini\u00f3n do\nalcalde de que o PP da Guarda est\u00e1 na posici\u00f3n de canto peor\nmellor?<\/strong><\/p>\n\n\n\n<blockquote class=\"wp-block-quote is-layout-flow wp-block-quote-is-layout-flow\"><p>A min o que me gustar\u00eda \u00e9 que o PP da Guarda explicase dunha vez \u00e1 veci\u00f1anza cal \u00e9 o seu proxecto pol\u00edtico.<\/p><\/blockquote>\n\n\n\n<p><strong>Rematamos Anxo, se o\nalcalde quere negociar con v\u00f3s unha posible volta atr\u00e1s e\nreconducir a situaci\u00f3n, cal ser\u00eda a t\u00faa posici\u00f3n?<\/strong><\/p>\n\n\n\n<blockquote class=\"wp-block-quote is-layout-flow wp-block-quote-is-layout-flow\"><p>Eu estou disposto a falar con calquera pero para chegar a arranxar a situaci\u00f3n, moito ti\u00f1an que mudar as cousas no partido socialista<\/p><\/blockquote>\n\n\n\n<p><strong>Por que?<\/strong><\/p>\n\n\n\n<blockquote class=\"wp-block-quote is-layout-flow wp-block-quote-is-layout-flow\"><p>Porque o seu modelo de vila \u00e9 id\u00e9ntico ao do PP<\/p><\/blockquote>\n","protected":false},"excerpt":{"rendered":"<div class=\"mh-excerpt\"><p>Despois de falarmos co alcalde sobre a ruptura do bipartito, tocaba conversar co voceiro do Bng, vela\u00ed vai o que deu de si a nosa conversa <a class=\"mh-excerpt-more\" href=\"https:\/\/www.anovapeneira.gal\/index.php\/2020\/02\/26\/anxo-baz-voceiro-do-bng-na-guarda\/\" title=\"Anxo Baz Voceiro do BNG na Guarda\">[&#8230;]<\/a><\/p>\n<\/div>","protected":false},"author":3,"featured_media":2611,"comment_status":"open","ping_status":"open","sticky":false,"template":"","format":"standard","meta":{"_exactmetrics_skip_tracking":false,"_exactmetrics_sitenote_active":false,"_exactmetrics_sitenote_note":"","_exactmetrics_sitenote_category":0,"footnotes":""},"categories":[266],"tags":[634,10,238,12],"class_list":{"0":"post-2610","1":"post","2":"type-post","3":"status-publish","4":"format-standard","5":"has-post-thumbnail","7":"category-baixo-mino-entrevistas","8":"tag-anxo-baz","9":"tag-bng","10":"tag-concello-da-guarda","11":"tag-politica"},"yoast_head":"<!-- This site is optimized with the Yoast SEO plugin v27.4 - https:\/\/yoast.com\/product\/yoast-seo-wordpress\/ -->\n<title>Anxo Baz Voceiro do BNG na Guarda -<\/title>\n<meta name=\"robots\" content=\"index, follow, max-snippet:-1, max-image-preview:large, max-video-preview:-1\" \/>\n<link rel=\"canonical\" href=\"https:\/\/www.anovapeneira.gal\/index.php\/2020\/02\/26\/anxo-baz-voceiro-do-bng-na-guarda\/\" \/>\n<meta property=\"og:locale\" content=\"gl_ES\" \/>\n<meta property=\"og:type\" content=\"article\" \/>\n<meta property=\"og:title\" content=\"Anxo Baz Voceiro do BNG na Guarda -\" \/>\n<meta property=\"og:description\" content=\"Despois de falarmos co alcalde sobre a ruptura do bipartito, tocaba conversar co voceiro do Bng, vela\u00ed vai o que deu de si a nosa conversa [...]\" \/>\n<meta property=\"og:url\" content=\"https:\/\/www.anovapeneira.gal\/index.php\/2020\/02\/26\/anxo-baz-voceiro-do-bng-na-guarda\/\" \/>\n<meta property=\"article:publisher\" content=\"https:\/\/www.facebook.com\/anovapeneira\" \/>\n<meta property=\"article:published_time\" content=\"2020-02-26T13:00:37+00:00\" \/>\n<meta property=\"og:image\" content=\"https:\/\/www.anovapeneira.gal\/wp-content\/uploads\/2020\/02\/anxo_baz_a_guarda_a_nova_peneira-scaled.jpg\" \/>\n\t<meta property=\"og:image:width\" content=\"2560\" \/>\n\t<meta property=\"og:image:height\" content=\"1920\" \/>\n\t<meta property=\"og:image:type\" content=\"image\/jpeg\" \/>\n<meta name=\"author\" content=\"Redacci\u00f3n A Nova Peneira\" \/>\n<meta name=\"twitter:card\" content=\"summary_large_image\" \/>\n<meta name=\"twitter:creator\" content=\"@APeneira\" \/>\n<meta name=\"twitter:site\" content=\"@APeneira\" \/>\n<meta name=\"twitter:label1\" content=\"Escrito por\" \/>\n\t<meta name=\"twitter:data1\" content=\"Redacci\u00f3n A Nova Peneira\" \/>\n\t<meta name=\"twitter:label2\" content=\"Tempo de lectura\" \/>\n\t<meta name=\"twitter:data2\" content=\"6 minutos\" \/>\n<script type=\"application\/ld+json\" class=\"yoast-schema-graph\">{\"@context\":\"https:\\\/\\\/schema.org\",\"@graph\":[{\"@type\":\"Article\",\"@id\":\"https:\\\/\\\/www.anovapeneira.gal\\\/index.php\\\/2020\\\/02\\\/26\\\/anxo-baz-voceiro-do-bng-na-guarda\\\/#article\",\"isPartOf\":{\"@id\":\"https:\\\/\\\/www.anovapeneira.gal\\\/index.php\\\/2020\\\/02\\\/26\\\/anxo-baz-voceiro-do-bng-na-guarda\\\/\"},\"author\":{\"name\":\"Redacci\u00f3n A Nova Peneira\",\"@id\":\"https:\\\/\\\/www.anovapeneira.gal\\\/#\\\/schema\\\/person\\\/b93e3f8932e3f8da96334607eb6ac6aa\"},\"headline\":\"Anxo Baz Voceiro do BNG na Guarda\",\"datePublished\":\"2020-02-26T13:00:37+00:00\",\"mainEntityOfPage\":{\"@id\":\"https:\\\/\\\/www.anovapeneira.gal\\\/index.php\\\/2020\\\/02\\\/26\\\/anxo-baz-voceiro-do-bng-na-guarda\\\/\"},\"wordCount\":1176,\"commentCount\":0,\"publisher\":{\"@id\":\"https:\\\/\\\/www.anovapeneira.gal\\\/#organization\"},\"image\":{\"@id\":\"https:\\\/\\\/www.anovapeneira.gal\\\/index.php\\\/2020\\\/02\\\/26\\\/anxo-baz-voceiro-do-bng-na-guarda\\\/#primaryimage\"},\"thumbnailUrl\":\"https:\\\/\\\/www.anovapeneira.gal\\\/wp-content\\\/uploads\\\/2020\\\/02\\\/anxo_baz_a_guarda_a_nova_peneira-scaled.jpg\",\"keywords\":[\"Anxo Baz\",\"BNG\",\"Concello da Guarda\",\"Pol\u00edtica\"],\"articleSection\":[\"Baixo Mi\u00f1o\"],\"inLanguage\":\"gl-ES\",\"potentialAction\":[{\"@type\":\"CommentAction\",\"name\":\"Comment\",\"target\":[\"https:\\\/\\\/www.anovapeneira.gal\\\/index.php\\\/2020\\\/02\\\/26\\\/anxo-baz-voceiro-do-bng-na-guarda\\\/#respond\"]}]},{\"@type\":\"WebPage\",\"@id\":\"https:\\\/\\\/www.anovapeneira.gal\\\/index.php\\\/2020\\\/02\\\/26\\\/anxo-baz-voceiro-do-bng-na-guarda\\\/\",\"url\":\"https:\\\/\\\/www.anovapeneira.gal\\\/index.php\\\/2020\\\/02\\\/26\\\/anxo-baz-voceiro-do-bng-na-guarda\\\/\",\"name\":\"Anxo Baz Voceiro do BNG na Guarda -\",\"isPartOf\":{\"@id\":\"https:\\\/\\\/www.anovapeneira.gal\\\/#website\"},\"primaryImageOfPage\":{\"@id\":\"https:\\\/\\\/www.anovapeneira.gal\\\/index.php\\\/2020\\\/02\\\/26\\\/anxo-baz-voceiro-do-bng-na-guarda\\\/#primaryimage\"},\"image\":{\"@id\":\"https:\\\/\\\/www.anovapeneira.gal\\\/index.php\\\/2020\\\/02\\\/26\\\/anxo-baz-voceiro-do-bng-na-guarda\\\/#primaryimage\"},\"thumbnailUrl\":\"https:\\\/\\\/www.anovapeneira.gal\\\/wp-content\\\/uploads\\\/2020\\\/02\\\/anxo_baz_a_guarda_a_nova_peneira-scaled.jpg\",\"datePublished\":\"2020-02-26T13:00:37+00:00\",\"breadcrumb\":{\"@id\":\"https:\\\/\\\/www.anovapeneira.gal\\\/index.php\\\/2020\\\/02\\\/26\\\/anxo-baz-voceiro-do-bng-na-guarda\\\/#breadcrumb\"},\"inLanguage\":\"gl-ES\",\"potentialAction\":[{\"@type\":\"ReadAction\",\"target\":[\"https:\\\/\\\/www.anovapeneira.gal\\\/index.php\\\/2020\\\/02\\\/26\\\/anxo-baz-voceiro-do-bng-na-guarda\\\/\"]}]},{\"@type\":\"ImageObject\",\"inLanguage\":\"gl-ES\",\"@id\":\"https:\\\/\\\/www.anovapeneira.gal\\\/index.php\\\/2020\\\/02\\\/26\\\/anxo-baz-voceiro-do-bng-na-guarda\\\/#primaryimage\",\"url\":\"https:\\\/\\\/www.anovapeneira.gal\\\/wp-content\\\/uploads\\\/2020\\\/02\\\/anxo_baz_a_guarda_a_nova_peneira-scaled.jpg\",\"contentUrl\":\"https:\\\/\\\/www.anovapeneira.gal\\\/wp-content\\\/uploads\\\/2020\\\/02\\\/anxo_baz_a_guarda_a_nova_peneira-scaled.jpg\",\"width\":2560,\"height\":1920,\"caption\":\"Anxo Baz BNG Concello da Guarda A Nova Peneira\"},{\"@type\":\"BreadcrumbList\",\"@id\":\"https:\\\/\\\/www.anovapeneira.gal\\\/index.php\\\/2020\\\/02\\\/26\\\/anxo-baz-voceiro-do-bng-na-guarda\\\/#breadcrumb\",\"itemListElement\":[{\"@type\":\"ListItem\",\"position\":1,\"name\":\"Portada\",\"item\":\"https:\\\/\\\/www.anovapeneira.gal\\\/\"},{\"@type\":\"ListItem\",\"position\":2,\"name\":\"Anxo Baz Voceiro do BNG na Guarda\"}]},{\"@type\":\"WebSite\",\"@id\":\"https:\\\/\\\/www.anovapeneira.gal\\\/#website\",\"url\":\"https:\\\/\\\/www.anovapeneira.gal\\\/\",\"name\":\"\",\"description\":\"Xornal galego de informaci\u00f3n xeral Publicaci\u00f3n mensual de novas de Galicia e en especial dos Concellos da sur da provincia de Pontevedra.\",\"publisher\":{\"@id\":\"https:\\\/\\\/www.anovapeneira.gal\\\/#organization\"},\"potentialAction\":[{\"@type\":\"SearchAction\",\"target\":{\"@type\":\"EntryPoint\",\"urlTemplate\":\"https:\\\/\\\/www.anovapeneira.gal\\\/?s={search_term_string}\"},\"query-input\":{\"@type\":\"PropertyValueSpecification\",\"valueRequired\":true,\"valueName\":\"search_term_string\"}}],\"inLanguage\":\"gl-ES\"},{\"@type\":\"Organization\",\"@id\":\"https:\\\/\\\/www.anovapeneira.gal\\\/#organization\",\"name\":\"A Nova Peneira\",\"url\":\"https:\\\/\\\/www.anovapeneira.gal\\\/\",\"logo\":{\"@type\":\"ImageObject\",\"inLanguage\":\"gl-ES\",\"@id\":\"https:\\\/\\\/www.anovapeneira.gal\\\/#\\\/schema\\\/logo\\\/image\\\/\",\"url\":\"http:\\\/\\\/www.anovapeneira.gal\\\/wp-content\\\/uploads\\\/2019\\\/06\\\/logo_a_nova_peneira_portal_web.png\",\"contentUrl\":\"http:\\\/\\\/www.anovapeneira.gal\\\/wp-content\\\/uploads\\\/2019\\\/06\\\/logo_a_nova_peneira_portal_web.png\",\"width\":300,\"height\":100,\"caption\":\"A Nova Peneira\"},\"image\":{\"@id\":\"https:\\\/\\\/www.anovapeneira.gal\\\/#\\\/schema\\\/logo\\\/image\\\/\"},\"sameAs\":[\"https:\\\/\\\/www.facebook.com\\\/anovapeneira\",\"https:\\\/\\\/x.com\\\/APeneira\"]},{\"@type\":\"Person\",\"@id\":\"https:\\\/\\\/www.anovapeneira.gal\\\/#\\\/schema\\\/person\\\/b93e3f8932e3f8da96334607eb6ac6aa\",\"name\":\"Redacci\u00f3n A Nova Peneira\",\"image\":{\"@type\":\"ImageObject\",\"inLanguage\":\"gl-ES\",\"@id\":\"https:\\\/\\\/secure.gravatar.com\\\/avatar\\\/c052a2551a06e23fac63626232eaa90abd78dbcf1700fc46a2b2c89fd27b735f?s=96&d=mm&r=g\",\"url\":\"https:\\\/\\\/secure.gravatar.com\\\/avatar\\\/c052a2551a06e23fac63626232eaa90abd78dbcf1700fc46a2b2c89fd27b735f?s=96&d=mm&r=g\",\"contentUrl\":\"https:\\\/\\\/secure.gravatar.com\\\/avatar\\\/c052a2551a06e23fac63626232eaa90abd78dbcf1700fc46a2b2c89fd27b735f?s=96&d=mm&r=g\",\"caption\":\"Redacci\u00f3n A Nova Peneira\"},\"sameAs\":[\"http:\\\/\\\/www.anovapeneira.gal\\\/\"],\"url\":\"https:\\\/\\\/www.anovapeneira.gal\\\/index.php\\\/author\\\/redactor\\\/\"}]}<\/script>\n<!-- \/ Yoast SEO plugin. -->","yoast_head_json":{"title":"Anxo Baz Voceiro do BNG na Guarda -","robots":{"index":"index","follow":"follow","max-snippet":"max-snippet:-1","max-image-preview":"max-image-preview:large","max-video-preview":"max-video-preview:-1"},"canonical":"https:\/\/www.anovapeneira.gal\/index.php\/2020\/02\/26\/anxo-baz-voceiro-do-bng-na-guarda\/","og_locale":"gl_ES","og_type":"article","og_title":"Anxo Baz Voceiro do BNG na Guarda -","og_description":"Despois de falarmos co alcalde sobre a ruptura do bipartito, tocaba conversar co voceiro do Bng, vela\u00ed vai o que deu de si a nosa conversa [...]","og_url":"https:\/\/www.anovapeneira.gal\/index.php\/2020\/02\/26\/anxo-baz-voceiro-do-bng-na-guarda\/","article_publisher":"https:\/\/www.facebook.com\/anovapeneira","article_published_time":"2020-02-26T13:00:37+00:00","og_image":[{"width":2560,"height":1920,"url":"https:\/\/www.anovapeneira.gal\/wp-content\/uploads\/2020\/02\/anxo_baz_a_guarda_a_nova_peneira-scaled.jpg","type":"image\/jpeg"}],"author":"Redacci\u00f3n A Nova Peneira","twitter_card":"summary_large_image","twitter_creator":"@APeneira","twitter_site":"@APeneira","twitter_misc":{"Escrito por":"Redacci\u00f3n A Nova Peneira","Tempo de lectura":"6 minutos"},"schema":{"@context":"https:\/\/schema.org","@graph":[{"@type":"Article","@id":"https:\/\/www.anovapeneira.gal\/index.php\/2020\/02\/26\/anxo-baz-voceiro-do-bng-na-guarda\/#article","isPartOf":{"@id":"https:\/\/www.anovapeneira.gal\/index.php\/2020\/02\/26\/anxo-baz-voceiro-do-bng-na-guarda\/"},"author":{"name":"Redacci\u00f3n A Nova Peneira","@id":"https:\/\/www.anovapeneira.gal\/#\/schema\/person\/b93e3f8932e3f8da96334607eb6ac6aa"},"headline":"Anxo Baz Voceiro do BNG na Guarda","datePublished":"2020-02-26T13:00:37+00:00","mainEntityOfPage":{"@id":"https:\/\/www.anovapeneira.gal\/index.php\/2020\/02\/26\/anxo-baz-voceiro-do-bng-na-guarda\/"},"wordCount":1176,"commentCount":0,"publisher":{"@id":"https:\/\/www.anovapeneira.gal\/#organization"},"image":{"@id":"https:\/\/www.anovapeneira.gal\/index.php\/2020\/02\/26\/anxo-baz-voceiro-do-bng-na-guarda\/#primaryimage"},"thumbnailUrl":"https:\/\/www.anovapeneira.gal\/wp-content\/uploads\/2020\/02\/anxo_baz_a_guarda_a_nova_peneira-scaled.jpg","keywords":["Anxo Baz","BNG","Concello da Guarda","Pol\u00edtica"],"articleSection":["Baixo Mi\u00f1o"],"inLanguage":"gl-ES","potentialAction":[{"@type":"CommentAction","name":"Comment","target":["https:\/\/www.anovapeneira.gal\/index.php\/2020\/02\/26\/anxo-baz-voceiro-do-bng-na-guarda\/#respond"]}]},{"@type":"WebPage","@id":"https:\/\/www.anovapeneira.gal\/index.php\/2020\/02\/26\/anxo-baz-voceiro-do-bng-na-guarda\/","url":"https:\/\/www.anovapeneira.gal\/index.php\/2020\/02\/26\/anxo-baz-voceiro-do-bng-na-guarda\/","name":"Anxo Baz Voceiro do BNG na Guarda -","isPartOf":{"@id":"https:\/\/www.anovapeneira.gal\/#website"},"primaryImageOfPage":{"@id":"https:\/\/www.anovapeneira.gal\/index.php\/2020\/02\/26\/anxo-baz-voceiro-do-bng-na-guarda\/#primaryimage"},"image":{"@id":"https:\/\/www.anovapeneira.gal\/index.php\/2020\/02\/26\/anxo-baz-voceiro-do-bng-na-guarda\/#primaryimage"},"thumbnailUrl":"https:\/\/www.anovapeneira.gal\/wp-content\/uploads\/2020\/02\/anxo_baz_a_guarda_a_nova_peneira-scaled.jpg","datePublished":"2020-02-26T13:00:37+00:00","breadcrumb":{"@id":"https:\/\/www.anovapeneira.gal\/index.php\/2020\/02\/26\/anxo-baz-voceiro-do-bng-na-guarda\/#breadcrumb"},"inLanguage":"gl-ES","potentialAction":[{"@type":"ReadAction","target":["https:\/\/www.anovapeneira.gal\/index.php\/2020\/02\/26\/anxo-baz-voceiro-do-bng-na-guarda\/"]}]},{"@type":"ImageObject","inLanguage":"gl-ES","@id":"https:\/\/www.anovapeneira.gal\/index.php\/2020\/02\/26\/anxo-baz-voceiro-do-bng-na-guarda\/#primaryimage","url":"https:\/\/www.anovapeneira.gal\/wp-content\/uploads\/2020\/02\/anxo_baz_a_guarda_a_nova_peneira-scaled.jpg","contentUrl":"https:\/\/www.anovapeneira.gal\/wp-content\/uploads\/2020\/02\/anxo_baz_a_guarda_a_nova_peneira-scaled.jpg","width":2560,"height":1920,"caption":"Anxo Baz BNG Concello da Guarda A Nova Peneira"},{"@type":"BreadcrumbList","@id":"https:\/\/www.anovapeneira.gal\/index.php\/2020\/02\/26\/anxo-baz-voceiro-do-bng-na-guarda\/#breadcrumb","itemListElement":[{"@type":"ListItem","position":1,"name":"Portada","item":"https:\/\/www.anovapeneira.gal\/"},{"@type":"ListItem","position":2,"name":"Anxo Baz Voceiro do BNG na Guarda"}]},{"@type":"WebSite","@id":"https:\/\/www.anovapeneira.gal\/#website","url":"https:\/\/www.anovapeneira.gal\/","name":"","description":"Xornal galego de informaci\u00f3n xeral Publicaci\u00f3n mensual de novas de Galicia e en especial dos Concellos da sur da provincia de Pontevedra.","publisher":{"@id":"https:\/\/www.anovapeneira.gal\/#organization"},"potentialAction":[{"@type":"SearchAction","target":{"@type":"EntryPoint","urlTemplate":"https:\/\/www.anovapeneira.gal\/?s={search_term_string}"},"query-input":{"@type":"PropertyValueSpecification","valueRequired":true,"valueName":"search_term_string"}}],"inLanguage":"gl-ES"},{"@type":"Organization","@id":"https:\/\/www.anovapeneira.gal\/#organization","name":"A Nova Peneira","url":"https:\/\/www.anovapeneira.gal\/","logo":{"@type":"ImageObject","inLanguage":"gl-ES","@id":"https:\/\/www.anovapeneira.gal\/#\/schema\/logo\/image\/","url":"http:\/\/www.anovapeneira.gal\/wp-content\/uploads\/2019\/06\/logo_a_nova_peneira_portal_web.png","contentUrl":"http:\/\/www.anovapeneira.gal\/wp-content\/uploads\/2019\/06\/logo_a_nova_peneira_portal_web.png","width":300,"height":100,"caption":"A Nova Peneira"},"image":{"@id":"https:\/\/www.anovapeneira.gal\/#\/schema\/logo\/image\/"},"sameAs":["https:\/\/www.facebook.com\/anovapeneira","https:\/\/x.com\/APeneira"]},{"@type":"Person","@id":"https:\/\/www.anovapeneira.gal\/#\/schema\/person\/b93e3f8932e3f8da96334607eb6ac6aa","name":"Redacci\u00f3n A Nova Peneira","image":{"@type":"ImageObject","inLanguage":"gl-ES","@id":"https:\/\/secure.gravatar.com\/avatar\/c052a2551a06e23fac63626232eaa90abd78dbcf1700fc46a2b2c89fd27b735f?s=96&d=mm&r=g","url":"https:\/\/secure.gravatar.com\/avatar\/c052a2551a06e23fac63626232eaa90abd78dbcf1700fc46a2b2c89fd27b735f?s=96&d=mm&r=g","contentUrl":"https:\/\/secure.gravatar.com\/avatar\/c052a2551a06e23fac63626232eaa90abd78dbcf1700fc46a2b2c89fd27b735f?s=96&d=mm&r=g","caption":"Redacci\u00f3n A Nova Peneira"},"sameAs":["http:\/\/www.anovapeneira.gal\/"],"url":"https:\/\/www.anovapeneira.gal\/index.php\/author\/redactor\/"}]}},"jetpack_featured_media_url":"https:\/\/www.anovapeneira.gal\/wp-content\/uploads\/2020\/02\/anxo_baz_a_guarda_a_nova_peneira-scaled.jpg","_links":{"self":[{"href":"https:\/\/www.anovapeneira.gal\/index.php\/wp-json\/wp\/v2\/posts\/2610","targetHints":{"allow":["GET"]}}],"collection":[{"href":"https:\/\/www.anovapeneira.gal\/index.php\/wp-json\/wp\/v2\/posts"}],"about":[{"href":"https:\/\/www.anovapeneira.gal\/index.php\/wp-json\/wp\/v2\/types\/post"}],"author":[{"embeddable":true,"href":"https:\/\/www.anovapeneira.gal\/index.php\/wp-json\/wp\/v2\/users\/3"}],"replies":[{"embeddable":true,"href":"https:\/\/www.anovapeneira.gal\/index.php\/wp-json\/wp\/v2\/comments?post=2610"}],"version-history":[{"count":1,"href":"https:\/\/www.anovapeneira.gal\/index.php\/wp-json\/wp\/v2\/posts\/2610\/revisions"}],"predecessor-version":[{"id":2612,"href":"https:\/\/www.anovapeneira.gal\/index.php\/wp-json\/wp\/v2\/posts\/2610\/revisions\/2612"}],"wp:featuredmedia":[{"embeddable":true,"href":"https:\/\/www.anovapeneira.gal\/index.php\/wp-json\/wp\/v2\/media\/2611"}],"wp:attachment":[{"href":"https:\/\/www.anovapeneira.gal\/index.php\/wp-json\/wp\/v2\/media?parent=2610"}],"wp:term":[{"taxonomy":"category","embeddable":true,"href":"https:\/\/www.anovapeneira.gal\/index.php\/wp-json\/wp\/v2\/categories?post=2610"},{"taxonomy":"post_tag","embeddable":true,"href":"https:\/\/www.anovapeneira.gal\/index.php\/wp-json\/wp\/v2\/tags?post=2610"}],"curies":[{"name":"wp","href":"https:\/\/api.w.org\/{rel}","templated":true}]}}