{"id":2622,"date":"2020-02-28T10:00:18","date_gmt":"2020-02-28T09:00:18","guid":{"rendered":"http:\/\/www.anovapeneira.gal\/?p=2622"},"modified":"2020-02-21T06:09:25","modified_gmt":"2020-02-21T05:09:25","slug":"que-defendemos-as-anticapitalistas-debates-en-torno-a-podemos-e-o-cogoberno","status":"publish","type":"post","link":"https:\/\/www.anovapeneira.gal\/index.php\/2020\/02\/28\/que-defendemos-as-anticapitalistas-debates-en-torno-a-podemos-e-o-cogoberno\/","title":{"rendered":"Que defendemos as Anticapitalistas. Debates en torno a Podemos e o cogoberno"},"content":{"rendered":"\n<figure class=\"wp-block-image size-large is-resized\"><img loading=\"lazy\" decoding=\"async\" src=\"http:\/\/www.anovapeneira.gal\/wp-content\/uploads\/2020\/02\/xaquin_pastoriza_a_nova_peneira.jpg\" alt=\"Xaqu\u00edn Pastoriza de Anticapitalistas de Galicia\" class=\"wp-image-2624\" width=\"95\" height=\"111\"\/><figcaption>Xaqu\u00edn Pastoriza de Anticapitalistas de Galicia<\/figcaption><\/figure>\n\n\n\n<p>Estas semanas est\u00e1n a\nsa\u00edr moitas novas sobre Anticapitalistas e a nosa marcha de Podemos.\nNestas li\u00f1as quero explicar un pouco a cuesti\u00f3n m\u00e1is al\u00e1 das\nterxiversaci\u00f3ns dos medios tradicionais que contrib\u00faen m\u00e1is a\nxerar confusi\u00f3n que a clarificar, por iso agradezo a oportunidade\nque me ofrece un medio de comunicaci\u00f3n alternativo como \u201cA Nova\nPeneira\u201d para tratar de dar luz. A mi\u00f1a organizaci\u00f3n,\nAnticapitalistas, est\u00e1 inmersa nun proceso asembleario para\nreadaptarnos colectivamente de cara \u00e1 nova etapa que se abre e\napostar pola construci\u00f3n dunha forza que loite por cambiar o sistema\nde ra\u00edz.<\/p>\n\n\n\n<p>Existen discrepancias\ndesde hai tempo e t\u00e9molas falado coas compa\u00f1eiras de Podemos.<\/p>\n\n\n\n<p>Non se trata s\u00f3 da\nentrada de Unidas Podemos nun cogoberno baixo a direci\u00f3n dun partido\nneoliberal coma o PSOE. O debate de fondo \u00e9:  limitarnos a xestionar\no sistema actual ou mudalo e cambialo radicalmente. Fica claro que\neste goberno \u00e9 menos malo que calquera encabezado polas dereitas.\nPero tam\u00e9n \u00e9 certo que non vai afrontar os cambios fundamentais que\nrequire un per\u00edodo hist\u00f3rico caracterizado por unha profunda\ndesigualdade e pola crise ecosocial.<\/p>\n\n\n\n<p>Contribu\u00edmos ao nacemento\nde Podemos hai 6 anos, como unha ferramenta pol\u00edtica das clases\npopulares para mudalo todo, para resistir xuntas a ofensiva do\ncapital e empoderarnos colectivamente, vencellada sempre aos\nmovementos e ao tecido social. \u00cb dicir, constru\u00edr un partido\nmovemento baseado nos c\u00edrculos, aberto, horizontal e partcipativo. \nLembro as primeiras xuntanzas cando lanzamos o c\u00edrculo de Vigo,\ntumultuosas, participativas, onde todo o mundo quer\u00eda falar, felices\nde constru\u00edr conxuntamente un espazo de encontro das persoas\ncr\u00edticas con este sistema. Vistalegre I marcou un novo rumbo,\nconverteu Podemos nunha m\u00e1quina de guerra electoral co obxectivo de\nchegar canto antes ao goberno sen tempo para constru\u00edr organizaci\u00f3n\npor abaixo. E agora Podemos mudou ate subalternizarse ao PSOE e\nconverterse nun partido de xesti\u00f3n, moi parecido aos partidos do\nsistema. E asistimos a todo este proceso adaptativo volcando a maior\nparte das nosas enerx\u00edas na construci\u00f3n de Podemos, pero dicindo\nben as claras o que pensabamos.<\/p>\n\n\n\n<p>A nosa aposta \u00e9 non\ncomprometernos coa xesti\u00f3n neoliberal; cando foi o debate de\ninvestidura de Pedro S\u00e1nchez defendemos acordos concretos para\navanzar e evitar pol\u00edticas de austeridade, pero sen compartir os\nretrocesos que impor\u00e1 a Uni\u00f3n Europea(an\u00fancianse 8.000 mill\u00f3ns en\nrecortes este mesmo ano), constru\u00edndo un polo pol\u00edtico e social\nantagonista ao r\u00e9xime e aos poderes econ\u00f3micos.<\/p>\n\n\n\n<p>\u00c9 dicir, apostamos por\nacumular forzas a medio-longo prazo para convencer \u00e1 xente de que a\nsoluci\u00f3n pasa por unha revoluci\u00f3n democr\u00e1tica, onde a clase\ntraballadora tome as rendas por encima dos pol\u00edticos e recuperemos a\nriqueza da que se apropia unha minor\u00eda.<\/p>\n\n\n\n<p>Por iso seguimos\ndefendendo e loitando nas r\u00faas por nacionalizar a banca e as\nel\u00e9ctricas, por un marco laboral onde as traballadoras te\u00f1an a\n\u00faltima palabra, por planificar a econom\u00eda desde un punto de vista\necosocial, por que os pobos poidan decidir en liberdade.<\/p>\n\n\n\n<p>Ese \u00e9 o noso proxecto\nestrat\u00e9xico. Tratamos de darlle forma organizada, como alternativa\nao sistema. Agora urxe seguir loitando: no 8 de marzo para que haxa\navances feministas, esixindo a derrogaci\u00f3n das reformas laborais, a\nregulaci\u00f3n dos alugueres, para pechar os CIES, prohibir os\ndespedimentos en empresas con beneficios, parar os desafiuzamentos e\nromper co artigo 135 da Constituci\u00f3n. Sen presi\u00f3n popular\norganizada, non haber\u00e1 avances. Sen organizaci\u00f3n pol\u00edtica\nrupturista, non haber\u00e1 cambio de sistema, temos que organizarnos,\nnon conformarnos \u201cco que hai\u201d.<\/p>\n\n\n\n<p>O 28 de marzo celebraremos\nunha conferencia pol\u00edtica para decidir a nosa relaci\u00f3n con Podemos.\nEn Galiza xa decidimos desvencelllarnos das responsabilidades e dos\nespazos org\u00e1nicos de Podemos. Temos proxectos estrat\u00e9xicos\ndiferentes pero estamos seguras de que nos seguiremos atopando coas\ncompa\u00f1eiras de Podemos en moitos espazos onde se loita contra as\npol\u00edticas neoliberais. Marcharemos separadas pero golpearemos\nxuntas.<\/p>\n","protected":false},"excerpt":{"rendered":"<div class=\"mh-excerpt\"><p>Estas semanas est\u00e1n a sa\u00edr moitas novas sobre Anticapitalistas e a nosa marcha de Podemos. Nestas li\u00f1as quero explicar un pouco a cuesti\u00f3n m\u00e1is al\u00e1 das terxiversaci\u00f3ns dos medios tradicionais que contrib\u00faen m\u00e1is a xerar confusi\u00f3n que a clarificar <a class=\"mh-excerpt-more\" href=\"https:\/\/www.anovapeneira.gal\/index.php\/2020\/02\/28\/que-defendemos-as-anticapitalistas-debates-en-torno-a-podemos-e-o-cogoberno\/\" title=\"Que defendemos as Anticapitalistas. Debates en torno a Podemos e o cogoberno\">[&#8230;]<\/a><\/p>\n<\/div>","protected":false},"author":21,"featured_media":584,"comment_status":"open","ping_status":"open","sticky":false,"template":"","format":"standard","meta":{"_exactmetrics_skip_tracking":false,"_exactmetrics_sitenote_active":false,"_exactmetrics_sitenote_note":"","_exactmetrics_sitenote_category":0,"footnotes":""},"categories":[7],"tags":[982,12],"class_list":{"0":"post-2622","1":"post","2":"type-post","3":"status-publish","4":"format-standard","5":"has-post-thumbnail","7":"category-artigos-de-opinion","8":"tag-anticapitalismo","9":"tag-politica"},"yoast_head":"<!-- This site is optimized with the Yoast SEO plugin v27.4 - https:\/\/yoast.com\/product\/yoast-seo-wordpress\/ -->\n<title>Que defendemos as Anticapitalistas. Debates en torno a Podemos e o cogoberno -<\/title>\n<meta name=\"robots\" content=\"index, follow, max-snippet:-1, max-image-preview:large, max-video-preview:-1\" \/>\n<link rel=\"canonical\" href=\"https:\/\/www.anovapeneira.gal\/index.php\/2020\/02\/28\/que-defendemos-as-anticapitalistas-debates-en-torno-a-podemos-e-o-cogoberno\/\" \/>\n<meta property=\"og:locale\" content=\"gl_ES\" \/>\n<meta property=\"og:type\" content=\"article\" \/>\n<meta property=\"og:title\" content=\"Que defendemos as Anticapitalistas. Debates en torno a Podemos e o cogoberno -\" \/>\n<meta property=\"og:description\" content=\"Estas semanas est\u00e1n a sa\u00edr moitas novas sobre Anticapitalistas e a nosa marcha de Podemos. Nestas li\u00f1as quero explicar un pouco a cuesti\u00f3n m\u00e1is al\u00e1 das terxiversaci\u00f3ns dos medios tradicionais que contrib\u00faen m\u00e1is a xerar confusi\u00f3n que a clarificar [...]\" \/>\n<meta property=\"og:url\" content=\"https:\/\/www.anovapeneira.gal\/index.php\/2020\/02\/28\/que-defendemos-as-anticapitalistas-debates-en-torno-a-podemos-e-o-cogoberno\/\" \/>\n<meta property=\"article:publisher\" content=\"https:\/\/www.facebook.com\/anovapeneira\" \/>\n<meta property=\"article:published_time\" content=\"2020-02-28T09:00:18+00:00\" \/>\n<meta property=\"og:image\" content=\"https:\/\/www.anovapeneira.gal\/wp-content\/uploads\/2019\/07\/ARTIGO_DE_OPINION_A_NOVA_PENEIRA.jpg\" \/>\n\t<meta property=\"og:image:width\" content=\"720\" \/>\n\t<meta property=\"og:image:height\" content=\"473\" \/>\n\t<meta property=\"og:image:type\" content=\"image\/jpeg\" \/>\n<meta name=\"author\" content=\"Xaqu\u00edn Postoriza\" \/>\n<meta name=\"twitter:card\" content=\"summary_large_image\" \/>\n<meta name=\"twitter:creator\" content=\"@APeneira\" \/>\n<meta name=\"twitter:site\" content=\"@APeneira\" \/>\n<meta name=\"twitter:label1\" content=\"Escrito por\" \/>\n\t<meta name=\"twitter:data1\" content=\"Xaqu\u00edn Postoriza\" \/>\n\t<meta name=\"twitter:label2\" content=\"Tempo de lectura\" \/>\n\t<meta name=\"twitter:data2\" content=\"3 minutos\" \/>\n<script type=\"application\/ld+json\" class=\"yoast-schema-graph\">{\"@context\":\"https:\\\/\\\/schema.org\",\"@graph\":[{\"@type\":\"Article\",\"@id\":\"https:\\\/\\\/www.anovapeneira.gal\\\/index.php\\\/2020\\\/02\\\/28\\\/que-defendemos-as-anticapitalistas-debates-en-torno-a-podemos-e-o-cogoberno\\\/#article\",\"isPartOf\":{\"@id\":\"https:\\\/\\\/www.anovapeneira.gal\\\/index.php\\\/2020\\\/02\\\/28\\\/que-defendemos-as-anticapitalistas-debates-en-torno-a-podemos-e-o-cogoberno\\\/\"},\"author\":{\"name\":\"Xaqu\u00edn Postoriza\",\"@id\":\"https:\\\/\\\/www.anovapeneira.gal\\\/#\\\/schema\\\/person\\\/07ad00d3c085684bdcc25efa96731b1b\"},\"headline\":\"Que defendemos as Anticapitalistas. Debates en torno a Podemos e o cogoberno\",\"datePublished\":\"2020-02-28T09:00:18+00:00\",\"mainEntityOfPage\":{\"@id\":\"https:\\\/\\\/www.anovapeneira.gal\\\/index.php\\\/2020\\\/02\\\/28\\\/que-defendemos-as-anticapitalistas-debates-en-torno-a-podemos-e-o-cogoberno\\\/\"},\"wordCount\":695,\"commentCount\":0,\"publisher\":{\"@id\":\"https:\\\/\\\/www.anovapeneira.gal\\\/#organization\"},\"image\":{\"@id\":\"https:\\\/\\\/www.anovapeneira.gal\\\/index.php\\\/2020\\\/02\\\/28\\\/que-defendemos-as-anticapitalistas-debates-en-torno-a-podemos-e-o-cogoberno\\\/#primaryimage\"},\"thumbnailUrl\":\"https:\\\/\\\/www.anovapeneira.gal\\\/wp-content\\\/uploads\\\/2019\\\/07\\\/ARTIGO_DE_OPINION_A_NOVA_PENEIRA.jpg\",\"keywords\":[\"Anticapitalismo\",\"Pol\u00edtica\"],\"articleSection\":[\"Artigos de opini\u00f3n\"],\"inLanguage\":\"gl-ES\",\"potentialAction\":[{\"@type\":\"CommentAction\",\"name\":\"Comment\",\"target\":[\"https:\\\/\\\/www.anovapeneira.gal\\\/index.php\\\/2020\\\/02\\\/28\\\/que-defendemos-as-anticapitalistas-debates-en-torno-a-podemos-e-o-cogoberno\\\/#respond\"]}]},{\"@type\":\"WebPage\",\"@id\":\"https:\\\/\\\/www.anovapeneira.gal\\\/index.php\\\/2020\\\/02\\\/28\\\/que-defendemos-as-anticapitalistas-debates-en-torno-a-podemos-e-o-cogoberno\\\/\",\"url\":\"https:\\\/\\\/www.anovapeneira.gal\\\/index.php\\\/2020\\\/02\\\/28\\\/que-defendemos-as-anticapitalistas-debates-en-torno-a-podemos-e-o-cogoberno\\\/\",\"name\":\"Que defendemos as Anticapitalistas. Debates en torno a Podemos e o cogoberno -\",\"isPartOf\":{\"@id\":\"https:\\\/\\\/www.anovapeneira.gal\\\/#website\"},\"primaryImageOfPage\":{\"@id\":\"https:\\\/\\\/www.anovapeneira.gal\\\/index.php\\\/2020\\\/02\\\/28\\\/que-defendemos-as-anticapitalistas-debates-en-torno-a-podemos-e-o-cogoberno\\\/#primaryimage\"},\"image\":{\"@id\":\"https:\\\/\\\/www.anovapeneira.gal\\\/index.php\\\/2020\\\/02\\\/28\\\/que-defendemos-as-anticapitalistas-debates-en-torno-a-podemos-e-o-cogoberno\\\/#primaryimage\"},\"thumbnailUrl\":\"https:\\\/\\\/www.anovapeneira.gal\\\/wp-content\\\/uploads\\\/2019\\\/07\\\/ARTIGO_DE_OPINION_A_NOVA_PENEIRA.jpg\",\"datePublished\":\"2020-02-28T09:00:18+00:00\",\"breadcrumb\":{\"@id\":\"https:\\\/\\\/www.anovapeneira.gal\\\/index.php\\\/2020\\\/02\\\/28\\\/que-defendemos-as-anticapitalistas-debates-en-torno-a-podemos-e-o-cogoberno\\\/#breadcrumb\"},\"inLanguage\":\"gl-ES\",\"potentialAction\":[{\"@type\":\"ReadAction\",\"target\":[\"https:\\\/\\\/www.anovapeneira.gal\\\/index.php\\\/2020\\\/02\\\/28\\\/que-defendemos-as-anticapitalistas-debates-en-torno-a-podemos-e-o-cogoberno\\\/\"]}]},{\"@type\":\"ImageObject\",\"inLanguage\":\"gl-ES\",\"@id\":\"https:\\\/\\\/www.anovapeneira.gal\\\/index.php\\\/2020\\\/02\\\/28\\\/que-defendemos-as-anticapitalistas-debates-en-torno-a-podemos-e-o-cogoberno\\\/#primaryimage\",\"url\":\"https:\\\/\\\/www.anovapeneira.gal\\\/wp-content\\\/uploads\\\/2019\\\/07\\\/ARTIGO_DE_OPINION_A_NOVA_PENEIRA.jpg\",\"contentUrl\":\"https:\\\/\\\/www.anovapeneira.gal\\\/wp-content\\\/uploads\\\/2019\\\/07\\\/ARTIGO_DE_OPINION_A_NOVA_PENEIRA.jpg\",\"width\":720,\"height\":473,\"caption\":\"Artigo de opini\u00f3n A Nova Peneira\"},{\"@type\":\"BreadcrumbList\",\"@id\":\"https:\\\/\\\/www.anovapeneira.gal\\\/index.php\\\/2020\\\/02\\\/28\\\/que-defendemos-as-anticapitalistas-debates-en-torno-a-podemos-e-o-cogoberno\\\/#breadcrumb\",\"itemListElement\":[{\"@type\":\"ListItem\",\"position\":1,\"name\":\"Portada\",\"item\":\"https:\\\/\\\/www.anovapeneira.gal\\\/\"},{\"@type\":\"ListItem\",\"position\":2,\"name\":\"Que defendemos as Anticapitalistas. Debates en torno a Podemos e o cogoberno\"}]},{\"@type\":\"WebSite\",\"@id\":\"https:\\\/\\\/www.anovapeneira.gal\\\/#website\",\"url\":\"https:\\\/\\\/www.anovapeneira.gal\\\/\",\"name\":\"\",\"description\":\"Xornal galego de informaci\u00f3n xeral Publicaci\u00f3n mensual de novas de Galicia e en especial dos Concellos da sur da provincia de Pontevedra.\",\"publisher\":{\"@id\":\"https:\\\/\\\/www.anovapeneira.gal\\\/#organization\"},\"potentialAction\":[{\"@type\":\"SearchAction\",\"target\":{\"@type\":\"EntryPoint\",\"urlTemplate\":\"https:\\\/\\\/www.anovapeneira.gal\\\/?s={search_term_string}\"},\"query-input\":{\"@type\":\"PropertyValueSpecification\",\"valueRequired\":true,\"valueName\":\"search_term_string\"}}],\"inLanguage\":\"gl-ES\"},{\"@type\":\"Organization\",\"@id\":\"https:\\\/\\\/www.anovapeneira.gal\\\/#organization\",\"name\":\"A Nova Peneira\",\"url\":\"https:\\\/\\\/www.anovapeneira.gal\\\/\",\"logo\":{\"@type\":\"ImageObject\",\"inLanguage\":\"gl-ES\",\"@id\":\"https:\\\/\\\/www.anovapeneira.gal\\\/#\\\/schema\\\/logo\\\/image\\\/\",\"url\":\"http:\\\/\\\/www.anovapeneira.gal\\\/wp-content\\\/uploads\\\/2019\\\/06\\\/logo_a_nova_peneira_portal_web.png\",\"contentUrl\":\"http:\\\/\\\/www.anovapeneira.gal\\\/wp-content\\\/uploads\\\/2019\\\/06\\\/logo_a_nova_peneira_portal_web.png\",\"width\":300,\"height\":100,\"caption\":\"A Nova Peneira\"},\"image\":{\"@id\":\"https:\\\/\\\/www.anovapeneira.gal\\\/#\\\/schema\\\/logo\\\/image\\\/\"},\"sameAs\":[\"https:\\\/\\\/www.facebook.com\\\/anovapeneira\",\"https:\\\/\\\/x.com\\\/APeneira\"]},{\"@type\":\"Person\",\"@id\":\"https:\\\/\\\/www.anovapeneira.gal\\\/#\\\/schema\\\/person\\\/07ad00d3c085684bdcc25efa96731b1b\",\"name\":\"Xaqu\u00edn Postoriza\",\"image\":{\"@type\":\"ImageObject\",\"inLanguage\":\"gl-ES\",\"@id\":\"https:\\\/\\\/secure.gravatar.com\\\/avatar\\\/fcabc10c12aab33960f36be3a2e9d6d240d5c9bedfa4dbc20048c3f3204e7046?s=96&d=mm&r=g\",\"url\":\"https:\\\/\\\/secure.gravatar.com\\\/avatar\\\/fcabc10c12aab33960f36be3a2e9d6d240d5c9bedfa4dbc20048c3f3204e7046?s=96&d=mm&r=g\",\"contentUrl\":\"https:\\\/\\\/secure.gravatar.com\\\/avatar\\\/fcabc10c12aab33960f36be3a2e9d6d240d5c9bedfa4dbc20048c3f3204e7046?s=96&d=mm&r=g\",\"caption\":\"Xaqu\u00edn Postoriza\"},\"sameAs\":[\"http:\\\/\\\/www.anovapeneira.gal\"],\"url\":\"https:\\\/\\\/www.anovapeneira.gal\\\/index.php\\\/author\\\/opinionxaquinpastoriza\\\/\"}]}<\/script>\n<!-- \/ Yoast SEO plugin. -->","yoast_head_json":{"title":"Que defendemos as Anticapitalistas. Debates en torno a Podemos e o cogoberno -","robots":{"index":"index","follow":"follow","max-snippet":"max-snippet:-1","max-image-preview":"max-image-preview:large","max-video-preview":"max-video-preview:-1"},"canonical":"https:\/\/www.anovapeneira.gal\/index.php\/2020\/02\/28\/que-defendemos-as-anticapitalistas-debates-en-torno-a-podemos-e-o-cogoberno\/","og_locale":"gl_ES","og_type":"article","og_title":"Que defendemos as Anticapitalistas. Debates en torno a Podemos e o cogoberno -","og_description":"Estas semanas est\u00e1n a sa\u00edr moitas novas sobre Anticapitalistas e a nosa marcha de Podemos. Nestas li\u00f1as quero explicar un pouco a cuesti\u00f3n m\u00e1is al\u00e1 das terxiversaci\u00f3ns dos medios tradicionais que contrib\u00faen m\u00e1is a xerar confusi\u00f3n que a clarificar [...]","og_url":"https:\/\/www.anovapeneira.gal\/index.php\/2020\/02\/28\/que-defendemos-as-anticapitalistas-debates-en-torno-a-podemos-e-o-cogoberno\/","article_publisher":"https:\/\/www.facebook.com\/anovapeneira","article_published_time":"2020-02-28T09:00:18+00:00","og_image":[{"width":720,"height":473,"url":"https:\/\/www.anovapeneira.gal\/wp-content\/uploads\/2019\/07\/ARTIGO_DE_OPINION_A_NOVA_PENEIRA.jpg","type":"image\/jpeg"}],"author":"Xaqu\u00edn Postoriza","twitter_card":"summary_large_image","twitter_creator":"@APeneira","twitter_site":"@APeneira","twitter_misc":{"Escrito por":"Xaqu\u00edn Postoriza","Tempo de lectura":"3 minutos"},"schema":{"@context":"https:\/\/schema.org","@graph":[{"@type":"Article","@id":"https:\/\/www.anovapeneira.gal\/index.php\/2020\/02\/28\/que-defendemos-as-anticapitalistas-debates-en-torno-a-podemos-e-o-cogoberno\/#article","isPartOf":{"@id":"https:\/\/www.anovapeneira.gal\/index.php\/2020\/02\/28\/que-defendemos-as-anticapitalistas-debates-en-torno-a-podemos-e-o-cogoberno\/"},"author":{"name":"Xaqu\u00edn Postoriza","@id":"https:\/\/www.anovapeneira.gal\/#\/schema\/person\/07ad00d3c085684bdcc25efa96731b1b"},"headline":"Que defendemos as Anticapitalistas. Debates en torno a Podemos e o cogoberno","datePublished":"2020-02-28T09:00:18+00:00","mainEntityOfPage":{"@id":"https:\/\/www.anovapeneira.gal\/index.php\/2020\/02\/28\/que-defendemos-as-anticapitalistas-debates-en-torno-a-podemos-e-o-cogoberno\/"},"wordCount":695,"commentCount":0,"publisher":{"@id":"https:\/\/www.anovapeneira.gal\/#organization"},"image":{"@id":"https:\/\/www.anovapeneira.gal\/index.php\/2020\/02\/28\/que-defendemos-as-anticapitalistas-debates-en-torno-a-podemos-e-o-cogoberno\/#primaryimage"},"thumbnailUrl":"https:\/\/www.anovapeneira.gal\/wp-content\/uploads\/2019\/07\/ARTIGO_DE_OPINION_A_NOVA_PENEIRA.jpg","keywords":["Anticapitalismo","Pol\u00edtica"],"articleSection":["Artigos de opini\u00f3n"],"inLanguage":"gl-ES","potentialAction":[{"@type":"CommentAction","name":"Comment","target":["https:\/\/www.anovapeneira.gal\/index.php\/2020\/02\/28\/que-defendemos-as-anticapitalistas-debates-en-torno-a-podemos-e-o-cogoberno\/#respond"]}]},{"@type":"WebPage","@id":"https:\/\/www.anovapeneira.gal\/index.php\/2020\/02\/28\/que-defendemos-as-anticapitalistas-debates-en-torno-a-podemos-e-o-cogoberno\/","url":"https:\/\/www.anovapeneira.gal\/index.php\/2020\/02\/28\/que-defendemos-as-anticapitalistas-debates-en-torno-a-podemos-e-o-cogoberno\/","name":"Que defendemos as Anticapitalistas. Debates en torno a Podemos e o cogoberno -","isPartOf":{"@id":"https:\/\/www.anovapeneira.gal\/#website"},"primaryImageOfPage":{"@id":"https:\/\/www.anovapeneira.gal\/index.php\/2020\/02\/28\/que-defendemos-as-anticapitalistas-debates-en-torno-a-podemos-e-o-cogoberno\/#primaryimage"},"image":{"@id":"https:\/\/www.anovapeneira.gal\/index.php\/2020\/02\/28\/que-defendemos-as-anticapitalistas-debates-en-torno-a-podemos-e-o-cogoberno\/#primaryimage"},"thumbnailUrl":"https:\/\/www.anovapeneira.gal\/wp-content\/uploads\/2019\/07\/ARTIGO_DE_OPINION_A_NOVA_PENEIRA.jpg","datePublished":"2020-02-28T09:00:18+00:00","breadcrumb":{"@id":"https:\/\/www.anovapeneira.gal\/index.php\/2020\/02\/28\/que-defendemos-as-anticapitalistas-debates-en-torno-a-podemos-e-o-cogoberno\/#breadcrumb"},"inLanguage":"gl-ES","potentialAction":[{"@type":"ReadAction","target":["https:\/\/www.anovapeneira.gal\/index.php\/2020\/02\/28\/que-defendemos-as-anticapitalistas-debates-en-torno-a-podemos-e-o-cogoberno\/"]}]},{"@type":"ImageObject","inLanguage":"gl-ES","@id":"https:\/\/www.anovapeneira.gal\/index.php\/2020\/02\/28\/que-defendemos-as-anticapitalistas-debates-en-torno-a-podemos-e-o-cogoberno\/#primaryimage","url":"https:\/\/www.anovapeneira.gal\/wp-content\/uploads\/2019\/07\/ARTIGO_DE_OPINION_A_NOVA_PENEIRA.jpg","contentUrl":"https:\/\/www.anovapeneira.gal\/wp-content\/uploads\/2019\/07\/ARTIGO_DE_OPINION_A_NOVA_PENEIRA.jpg","width":720,"height":473,"caption":"Artigo de opini\u00f3n A Nova Peneira"},{"@type":"BreadcrumbList","@id":"https:\/\/www.anovapeneira.gal\/index.php\/2020\/02\/28\/que-defendemos-as-anticapitalistas-debates-en-torno-a-podemos-e-o-cogoberno\/#breadcrumb","itemListElement":[{"@type":"ListItem","position":1,"name":"Portada","item":"https:\/\/www.anovapeneira.gal\/"},{"@type":"ListItem","position":2,"name":"Que defendemos as Anticapitalistas. Debates en torno a Podemos e o cogoberno"}]},{"@type":"WebSite","@id":"https:\/\/www.anovapeneira.gal\/#website","url":"https:\/\/www.anovapeneira.gal\/","name":"","description":"Xornal galego de informaci\u00f3n xeral Publicaci\u00f3n mensual de novas de Galicia e en especial dos Concellos da sur da provincia de Pontevedra.","publisher":{"@id":"https:\/\/www.anovapeneira.gal\/#organization"},"potentialAction":[{"@type":"SearchAction","target":{"@type":"EntryPoint","urlTemplate":"https:\/\/www.anovapeneira.gal\/?s={search_term_string}"},"query-input":{"@type":"PropertyValueSpecification","valueRequired":true,"valueName":"search_term_string"}}],"inLanguage":"gl-ES"},{"@type":"Organization","@id":"https:\/\/www.anovapeneira.gal\/#organization","name":"A Nova Peneira","url":"https:\/\/www.anovapeneira.gal\/","logo":{"@type":"ImageObject","inLanguage":"gl-ES","@id":"https:\/\/www.anovapeneira.gal\/#\/schema\/logo\/image\/","url":"http:\/\/www.anovapeneira.gal\/wp-content\/uploads\/2019\/06\/logo_a_nova_peneira_portal_web.png","contentUrl":"http:\/\/www.anovapeneira.gal\/wp-content\/uploads\/2019\/06\/logo_a_nova_peneira_portal_web.png","width":300,"height":100,"caption":"A Nova Peneira"},"image":{"@id":"https:\/\/www.anovapeneira.gal\/#\/schema\/logo\/image\/"},"sameAs":["https:\/\/www.facebook.com\/anovapeneira","https:\/\/x.com\/APeneira"]},{"@type":"Person","@id":"https:\/\/www.anovapeneira.gal\/#\/schema\/person\/07ad00d3c085684bdcc25efa96731b1b","name":"Xaqu\u00edn Postoriza","image":{"@type":"ImageObject","inLanguage":"gl-ES","@id":"https:\/\/secure.gravatar.com\/avatar\/fcabc10c12aab33960f36be3a2e9d6d240d5c9bedfa4dbc20048c3f3204e7046?s=96&d=mm&r=g","url":"https:\/\/secure.gravatar.com\/avatar\/fcabc10c12aab33960f36be3a2e9d6d240d5c9bedfa4dbc20048c3f3204e7046?s=96&d=mm&r=g","contentUrl":"https:\/\/secure.gravatar.com\/avatar\/fcabc10c12aab33960f36be3a2e9d6d240d5c9bedfa4dbc20048c3f3204e7046?s=96&d=mm&r=g","caption":"Xaqu\u00edn Postoriza"},"sameAs":["http:\/\/www.anovapeneira.gal"],"url":"https:\/\/www.anovapeneira.gal\/index.php\/author\/opinionxaquinpastoriza\/"}]}},"jetpack_featured_media_url":"https:\/\/www.anovapeneira.gal\/wp-content\/uploads\/2019\/07\/ARTIGO_DE_OPINION_A_NOVA_PENEIRA.jpg","_links":{"self":[{"href":"https:\/\/www.anovapeneira.gal\/index.php\/wp-json\/wp\/v2\/posts\/2622","targetHints":{"allow":["GET"]}}],"collection":[{"href":"https:\/\/www.anovapeneira.gal\/index.php\/wp-json\/wp\/v2\/posts"}],"about":[{"href":"https:\/\/www.anovapeneira.gal\/index.php\/wp-json\/wp\/v2\/types\/post"}],"author":[{"embeddable":true,"href":"https:\/\/www.anovapeneira.gal\/index.php\/wp-json\/wp\/v2\/users\/21"}],"replies":[{"embeddable":true,"href":"https:\/\/www.anovapeneira.gal\/index.php\/wp-json\/wp\/v2\/comments?post=2622"}],"version-history":[{"count":2,"href":"https:\/\/www.anovapeneira.gal\/index.php\/wp-json\/wp\/v2\/posts\/2622\/revisions"}],"predecessor-version":[{"id":2625,"href":"https:\/\/www.anovapeneira.gal\/index.php\/wp-json\/wp\/v2\/posts\/2622\/revisions\/2625"}],"wp:featuredmedia":[{"embeddable":true,"href":"https:\/\/www.anovapeneira.gal\/index.php\/wp-json\/wp\/v2\/media\/584"}],"wp:attachment":[{"href":"https:\/\/www.anovapeneira.gal\/index.php\/wp-json\/wp\/v2\/media?parent=2622"}],"wp:term":[{"taxonomy":"category","embeddable":true,"href":"https:\/\/www.anovapeneira.gal\/index.php\/wp-json\/wp\/v2\/categories?post=2622"},{"taxonomy":"post_tag","embeddable":true,"href":"https:\/\/www.anovapeneira.gal\/index.php\/wp-json\/wp\/v2\/tags?post=2622"}],"curies":[{"name":"wp","href":"https:\/\/api.w.org\/{rel}","templated":true}]}}