{"id":2636,"date":"2020-03-02T12:00:23","date_gmt":"2020-03-02T11:00:23","guid":{"rendered":"http:\/\/www.anovapeneira.gal\/?p=2636"},"modified":"2020-02-21T06:43:47","modified_gmt":"2020-02-21T05:43:47","slug":"xx-anos-sen-suso-o-concello-de-pontecaldelas-homenaxea-a-suso-vaamonde","status":"publish","type":"post","link":"https:\/\/www.anovapeneira.gal\/index.php\/2020\/03\/02\/xx-anos-sen-suso-o-concello-de-pontecaldelas-homenaxea-a-suso-vaamonde\/","title":{"rendered":"XX anos Sen Suso. O Concello de Pontecaldelas homenaxea a Suso Vaamonde"},"content":{"rendered":"\n<p>O pasado domingo 16 de febreiro fixo vinte anos da morte dunha das persoas m\u00e1is representativas da m\u00fasica do noso pa\u00eds. D\u00eda no que se celebrou un acto na s\u00faa memoria no seu pobo natal, o barrio de Regodobargo, cita a que non faltaron amigos da cultura, da pol\u00edtica e da m\u00fasica do noso pa\u00eds e acto que foi presentado polo actor Antonio Dur\u00e1n \u201cMorris\u201d.<\/p>\n\n\n\n<p>Suso\nVaamonde naceu un 20 de decembro de 1950 en Regodobargo, na parroquia\nA Insua do concello de Pontecaldelas. Suso era cantautor e xa\ncompo\u00f1\u00eda desde os dezaseis anos. Comezou a darse a co\u00f1ecer na\nantiga Asociaci\u00f3n Cultural de Vigo, desta forma, entrou desde mozo\nen contacto coa movida  roqueira en Vigo, o que o levou a formar\nparte dos grupos musicais Os  Copens e Marco  Balorento, este \u00faltimo\ncara a 1966, e co que ga\u00f1ou o seu primeiro premio nun festival\norganizado por unha emisora de radio da cidade viguesa. No 68 xa era\nintegrante comprometido de \u201c<em><strong>Voces\n Ceibes\u201d<\/strong><\/em>, e a principios\nda d\u00e9cada de 1970, deixando un pouco de lado o seu labor de \nletrista para, acompa\u00f1ado da s\u00faa inseparable guitarra, puxo voz e\nm\u00fasica a moitos dos poemas do noso pa\u00eds.<\/p>\n\n\n\n<p>Tanto\naqu\u00ed como na s\u00faa carreira en solitario, o seu traballo de cantautor\nvirou sobre un triplo pensamento: defensa dun pobo, dunha terra e\ndunha lingua.Un defensor ac\u00e9rrimo de Galicia, do monte, do campo,\ndos labregos, da cultura e vida do noso pa\u00eds asolagado polas fames\nnegras e as miserias da posguerra.<\/p>\n\n\n\n<p>As\u00ed,\nen xu\u00f1o de 1979, deu na praza da  Ferreir\u00eda de Pontevedra un\nrecital  antinuclear. Al\u00ed arrinc\u00e1base polo seu lendario  Uah!:\n\u201cViva a  Cru\u00f1a, viva Lugo, Viva Ourense e Pontevedra, E que  vaian\nprol  carallo \/ vos  ladr\u00f3s d\u00e1  nosa  terra\u201d. O p\u00fablico\nacompa\u00f1\u00e1balle con palmas e c\u00e1nticos, fascinado e deix\u00e1ndose levar\npolo fervor do directo, decidiu engadir unha estrofa dun c\u00e1ntico\ngalego que nin sequera era seu, escoit\u00e1base con frecuencia en\ncalquera romar\u00eda galega:<\/p>\n\n\n\n<p>\u201c<em>Cando\nme  falan de Espa\u00f1a<\/em><\/p>\n\n\n\n<p><em>sempre\n te\u00f1o  unha disputa<\/em><\/p>\n\n\n\n<p><em>que\nse Espa\u00f1a  \u00e9  mi\u00f1a  mai<\/em><\/p>\n\n\n\n<p><em>eu\nson un  fillo de &#8230;.\u201d<\/em><\/p>\n\n\n\n<p>Estas\nmanifestaci\u00f3ns foron consideradas &#8220;inxurias \u00e1 Patria con\npublicidade&#8221; e foi condenado en novembro de 1980 a seis anos e\nun d\u00eda de prisi\u00f3n convert\u00e9ndose no primeiro condenado da\ndemocracia unicamente polas letras dos seus temas. Suso  Vaamonde\noptou por exiliarse, viaxando por Londres e Alema\u00f1a, establec\u00e9ndose\nfinalmente na capital venezolana, Caracas. Nestes catro anos f\u00f3ra de\nGalicia recibiu apoios desde moitos pa\u00edses, pero especialmente de\nPortugal, a trav\u00e9s de artistas que lle prestaron a s\u00faa\nsolidariedade:  Zeca Afonso, Jos\u00e9  M\u00e1rio Branco, Fausto,  Adriano \nCorreia de Oliveira&#8230;, personalidades da canci\u00f3n coas que  Vaamonde\ncompartiu moitas veces escenario.<\/p>\n\n\n\n<p>Suso,\nen 1984 decidiu volver e entregarse, esperando que o novo goberno\nsocialista revisase as condenas derivadas de vellos rancores e\ninxustizas do r\u00e9xime franquista. Despois de 46 d\u00edas no c\u00e1rcere de\nOurense, o que lle levou a ser considerado o primeiro preso pol\u00edtico\nda restablecida democracia espa\u00f1ola, un indulto liberouno\ndefinitivamente: \u00e9 posible que niso influ\u00edse a propia petici\u00f3n de\nrevisi\u00f3n de condena que Suso  Vaamonde fixera ao ent\u00f3n presidente\nFelipe Gonz\u00e1lez. Con todo, foi o seu antigo compa\u00f1eiro de Voces \nCeibes, Xaime Barreiro Gil (Chuspe), quen maior presi\u00f3n fixo na s\u00faa\ncondici\u00f3n de senador socialista. Unha vez indultado, ofreceu un\nrecital no c\u00e1rcere ourens\u00e1n onde estivera reclu\u00eddo.<\/p>\n\n\n\n<p>O\n12 de novembro de 1999 recibiu unha homenaxe en Salvaterra de Mi\u00f1o,\nnun acto celebrado pola  Sociedade Cultural e Recreativa  do Condado,\nen  agradecemento e reco\u00f1ecemento ao seu labor e traxectoria.<\/p>\n\n\n\n<p>Ese\nver\u00e1n detect\u00e1raselle un cancro. Pouco despois deu o seu \u00faltimo\nrecital, en honra ao seu amigo e ent\u00f3n alcalde de Mora\u00f1a, Jos\u00e9\nEiras, que se xubilaba como mestre.<\/p>\n\n\n\n<p>\u00c1\nhomenaxe asistiron unhas 3.000 persoas. Al\u00ed atop\u00e1banse unha gran\ncantidade de artistas galegos: A  Quenlla,  Muxicas, Bieito Romero\n(Luar na Lubre), Emilio Cao,  Ux\u00eda Senlle, Tino Baz,  Saraibas,  As \nCantareiras  do Berb\u00e9s, Mar\u00eda Manuela, A  Roda,  Treixadura&#8230; O\nacto comezou \u00e1s 22 horas e \u00e1s 5 da madrugada a\u00ednda hab\u00eda artistas\ntocando. Aquel d\u00eda Suso  Vaamonde tam\u00e9n quixo subir ao escenario e\nagradecer aquela celebraci\u00f3n, pero non puido cantar xa e a \u00abpersoa\nm\u00e1is representativa na historia da m\u00fasica do noso pa\u00eds\u00bb, en\npalabras do poeta Manuel Mar\u00eda, morreu o 16 de febreiro de 2000, na\nCl\u00ednica F\u00e1tima de Vigo v\u00edtima da s\u00faa enfermidade.<\/p>\n\n\n\n<div class=\"wp-block-columns is-layout-flex wp-container-core-columns-is-layout-9d6595d7 wp-block-columns-is-layout-flex\">\n<div class=\"wp-block-column is-layout-flow wp-block-column-is-layout-flow\">\n<figure class=\"wp-block-image size-large is-resized\"><img loading=\"lazy\" decoding=\"async\" src=\"http:\/\/www.anovapeneira.gal\/wp-content\/uploads\/2020\/02\/suso_2_vaamonde_a_nova_peneira.jpg\" alt=\"Suso Vaamonde A Nova Peneira\" class=\"wp-image-2637\" width=\"229\" height=\"407\" srcset=\"https:\/\/www.anovapeneira.gal\/wp-content\/uploads\/2020\/02\/suso_2_vaamonde_a_nova_peneira.jpg 457w, https:\/\/www.anovapeneira.gal\/wp-content\/uploads\/2020\/02\/suso_2_vaamonde_a_nova_peneira-168x300.jpg 168w\" sizes=\"auto, (max-width: 229px) 100vw, 229px\" \/><\/figure>\n<\/div>\n\n\n\n<div class=\"wp-block-column is-layout-flow wp-block-column-is-layout-flow\">\n<p>Polo 20 aniversario da s\u00faa morte, o concello de Pontecaldelas organizou o domingo 16 de febreiro un emotivo acto na s\u00faa honra dedic\u00e1ndolle a Casa do Pobo de Regodobargo a s\u00faa persoa.<\/p>\n\n\n\n<p>Antes do acto conversamos con Aurora Garrido Peso, concelleira de Pontecaldelas e nativa de Regodobargo.<\/p>\n<\/div>\n<\/div>\n\n\n\n<p><strong>Aurora\nque significa a figura de Suso Vaamonde para os nativos desta zona?<\/strong><\/p>\n\n\n\n<blockquote class=\"wp-block-quote is-layout-flow wp-block-quote-is-layout-flow\"><p>Moito. El naceu aqu\u00ed e a s\u00faa nai Araceli foi mestra en Regodobargo. Eu non cheguei a co\u00f1ecelo persoalmente pero a s\u00faaminfluencia en Pontecaldelas en xeral e no noso barrio en particular \u00e9 inmensa.<\/p><\/blockquote>\n\n\n\n<p><strong>Supo\u00f1o\nqueagardas que  saia un acto moi bonito en funci\u00f3n da magnitude tan\ngrande que tivo Suso?<\/strong><\/p>\n\n\n\n<blockquote class=\"wp-block-quote is-layout-flow wp-block-quote-is-layout-flow\"><p>Por suposto, \u00e9 a verdade, que ben o merece.<\/p><\/blockquote>\n\n\n\n<p><strong>Que\nvamos facer hoxe neste acto?<\/strong><\/p>\n\n\n\n<blockquote class=\"wp-block-quote is-layout-flow wp-block-quote-is-layout-flow\"><p>Agora mesmo imos baixar ao r\u00edo cunha ofrenda floral, logo subimos arriba e comeza o acto, temos un pulpeiro para comer e \u00e1s catro da tarde \u00e9 o descubrimento da placa, tam\u00e9n vai haber uns gaiteiros, A Troula, Mero, Seitoxi\u00f1os e moitas pandereteiras de Regodobargo. Vai a estar moi ben.<\/p><\/blockquote>\n\n\n\n<p><strong>Parab\u00e9ns\nao concello porque unha figura tan grande como Suso merece un acto\ncoma este.<\/strong><\/p>\n\n\n\n<blockquote class=\"wp-block-quote is-layout-flow wp-block-quote-is-layout-flow\"><p>Moitas grazas a v\u00f3s.<\/p><\/blockquote>\n\n\n\n<p>O Alcalde de Pontecaldelas  Andr\u00e9s D\u00edaz deu un conmovedor e respectuoso discurso deixando frases coma \u201c<em>Que ten Regodobargo que inculca o amor pola m\u00fasica, pola lingua e pola terra? Non co\u00f1ec\u00edn persoalmente a Suso Vaamonde, pero co\u00f1ezo a semente que deixou aqu\u00ed, no lugar que o viu nacer e sei que se sentir\u00eda orgulloso da homenaxe que lle organizamos no seu Regodobargo natal, no seu lugar de inspiraci\u00f3n, porque ven cargada de m\u00fasica e de cari\u00f1o verdadeiro\u201d.\u00a0<\/em><\/p>\n\n\n\n<p>\u201c<em>Tardou en chegar m\u00e1is do que deber\u00eda, pero hoxe, por fin podemos dicir que facemos xustiza con Suso Vaamonde. \u201cHoxe queremos que esta casa do pobo dos veci\u00f1os de Regodobargo, leve o nome de Suso Vaamonde. Porque el levou o nome de Regodobargo e de Ponte Caldelas al\u00e1 onde foi. Incluso \u00e1 cadea, porque hai que lembrar que o compromiso de Suso con Galicia, coa s\u00faa terra, coa s\u00faa lingua levouno catro anos ao exilio e 46 d\u00edas ao c\u00e1rcere. Foi o primeiro preso pol\u00edtico da democracia e posteriormente foi indultado.\u201d<\/em><\/p>\n\n\n\n<figure class=\"wp-block-image size-large\"><img loading=\"lazy\" decoding=\"async\" width=\"648\" height=\"365\" src=\"http:\/\/www.anovapeneira.gal\/wp-content\/uploads\/2020\/02\/suso_3_vaamonde_a_nova_peneira.jpg\" alt=\"Suso Vaamonde A Nova Peneira\" class=\"wp-image-2638\" srcset=\"https:\/\/www.anovapeneira.gal\/wp-content\/uploads\/2020\/02\/suso_3_vaamonde_a_nova_peneira.jpg 648w, https:\/\/www.anovapeneira.gal\/wp-content\/uploads\/2020\/02\/suso_3_vaamonde_a_nova_peneira-300x169.jpg 300w\" sizes=\"auto, (max-width: 648px) 100vw, 648px\" \/><\/figure>\n\n\n\n<p>\u201c<em>Fai catro anos comezamos a saldar unha d\u00e9beda hist\u00f3rica con Suso, porque era de xustiza. Agora queremos que este lugar de encontro, onde sei que a m\u00fasica e a alegr\u00eda\u00a0 nunca faltan, leve o nome de Suso Vaamonde, porque queremos que remate o exilio que se lle propinou durante demasiados anos, porque chegou o momento dun novo \u2018indulto\u2019, que neste caso v\u00e9n como un reco\u00f1ecemento \u00e1 s\u00faa persoa, ao seu compromiso, \u00e1 s\u00faa voz, unha voz que sempre seguir\u00e1 viva en Regodobargo e no seu concello de Ponte Caldelas\u201d.<\/em><\/p>\n\n\n\n<p>Como\nvedes un emotivo acto no que non me cabe m\u00e1is que dicir que <strong>\u201cAta\nsempre Suso, as t\u00faas letras sempre est\u00e1n nos nosos pensamentos.\u201d<\/strong><\/p>\n","protected":false},"excerpt":{"rendered":"<div class=\"mh-excerpt\"><p>O pasado domingo 16 de febreiro fixo vinte anos da morte dunha das persoas m\u00e1is representativas da m\u00fasica do noso pa\u00eds. D\u00eda no que se celebrou un acto na s\u00faa memoria no seu pobo nata <a class=\"mh-excerpt-more\" href=\"https:\/\/www.anovapeneira.gal\/index.php\/2020\/03\/02\/xx-anos-sen-suso-o-concello-de-pontecaldelas-homenaxea-a-suso-vaamonde\/\" title=\"XX anos Sen Suso. O Concello de Pontecaldelas homenaxea a Suso Vaamonde\">[&#8230;]<\/a><\/p>\n<\/div>","protected":false},"author":3,"featured_media":2639,"comment_status":"open","ping_status":"open","sticky":false,"template":"","format":"standard","meta":{"_exactmetrics_skip_tracking":false,"_exactmetrics_sitenote_active":false,"_exactmetrics_sitenote_note":"","_exactmetrics_sitenote_category":0,"footnotes":""},"categories":[494],"tags":[128,922],"class_list":{"0":"post-2636","1":"post","2":"type-post","3":"status-publish","4":"format-standard","5":"has-post-thumbnail","7":"category-pontevedra-reportaxes","8":"tag-concello-de-ponte-caldelas","9":"tag-suso-vaamonde"},"yoast_head":"<!-- This site is optimized with the Yoast SEO plugin v27.5 - https:\/\/yoast.com\/product\/yoast-seo-wordpress\/ -->\n<title>XX anos Sen Suso. O Concello de Pontecaldelas homenaxea a Suso Vaamonde -<\/title>\n<meta name=\"robots\" content=\"index, follow, max-snippet:-1, max-image-preview:large, max-video-preview:-1\" \/>\n<link rel=\"canonical\" href=\"https:\/\/www.anovapeneira.gal\/index.php\/2020\/03\/02\/xx-anos-sen-suso-o-concello-de-pontecaldelas-homenaxea-a-suso-vaamonde\/\" \/>\n<meta property=\"og:locale\" content=\"gl_ES\" \/>\n<meta property=\"og:type\" content=\"article\" \/>\n<meta property=\"og:title\" content=\"XX anos Sen Suso. O Concello de Pontecaldelas homenaxea a Suso Vaamonde -\" \/>\n<meta property=\"og:description\" content=\"O pasado domingo 16 de febreiro fixo vinte anos da morte dunha das persoas m\u00e1is representativas da m\u00fasica do noso pa\u00eds. D\u00eda no que se celebrou un acto na s\u00faa memoria no seu pobo nata [...]\" \/>\n<meta property=\"og:url\" content=\"https:\/\/www.anovapeneira.gal\/index.php\/2020\/03\/02\/xx-anos-sen-suso-o-concello-de-pontecaldelas-homenaxea-a-suso-vaamonde\/\" \/>\n<meta property=\"article:publisher\" content=\"https:\/\/www.facebook.com\/anovapeneira\" \/>\n<meta property=\"article:published_time\" content=\"2020-03-02T11:00:23+00:00\" \/>\n<meta property=\"og:image\" content=\"https:\/\/www.anovapeneira.gal\/wp-content\/uploads\/2020\/02\/suso_vaamonde_a_nova_peneira.jpg\" \/>\n\t<meta property=\"og:image:width\" content=\"720\" \/>\n\t<meta property=\"og:image:height\" content=\"432\" \/>\n\t<meta property=\"og:image:type\" content=\"image\/jpeg\" \/>\n<meta name=\"author\" content=\"Redacci\u00f3n A Nova Peneira\" \/>\n<meta name=\"twitter:card\" content=\"summary_large_image\" \/>\n<meta name=\"twitter:creator\" content=\"@APeneira\" \/>\n<meta name=\"twitter:site\" content=\"@APeneira\" \/>\n<meta name=\"twitter:label1\" content=\"Escrito por\" \/>\n\t<meta name=\"twitter:data1\" content=\"Redacci\u00f3n A Nova Peneira\" \/>\n\t<meta name=\"twitter:label2\" content=\"Tempo de lectura\" \/>\n\t<meta name=\"twitter:data2\" content=\"6 minutos\" \/>\n<script type=\"application\/ld+json\" class=\"yoast-schema-graph\">{\"@context\":\"https:\\\/\\\/schema.org\",\"@graph\":[{\"@type\":\"Article\",\"@id\":\"https:\\\/\\\/www.anovapeneira.gal\\\/index.php\\\/2020\\\/03\\\/02\\\/xx-anos-sen-suso-o-concello-de-pontecaldelas-homenaxea-a-suso-vaamonde\\\/#article\",\"isPartOf\":{\"@id\":\"https:\\\/\\\/www.anovapeneira.gal\\\/index.php\\\/2020\\\/03\\\/02\\\/xx-anos-sen-suso-o-concello-de-pontecaldelas-homenaxea-a-suso-vaamonde\\\/\"},\"author\":{\"name\":\"Redacci\u00f3n A Nova Peneira\",\"@id\":\"https:\\\/\\\/www.anovapeneira.gal\\\/#\\\/schema\\\/person\\\/b93e3f8932e3f8da96334607eb6ac6aa\"},\"headline\":\"XX anos Sen Suso. O Concello de Pontecaldelas homenaxea a Suso Vaamonde\",\"datePublished\":\"2020-03-02T11:00:23+00:00\",\"mainEntityOfPage\":{\"@id\":\"https:\\\/\\\/www.anovapeneira.gal\\\/index.php\\\/2020\\\/03\\\/02\\\/xx-anos-sen-suso-o-concello-de-pontecaldelas-homenaxea-a-suso-vaamonde\\\/\"},\"wordCount\":1309,\"commentCount\":0,\"publisher\":{\"@id\":\"https:\\\/\\\/www.anovapeneira.gal\\\/#organization\"},\"image\":{\"@id\":\"https:\\\/\\\/www.anovapeneira.gal\\\/index.php\\\/2020\\\/03\\\/02\\\/xx-anos-sen-suso-o-concello-de-pontecaldelas-homenaxea-a-suso-vaamonde\\\/#primaryimage\"},\"thumbnailUrl\":\"https:\\\/\\\/www.anovapeneira.gal\\\/wp-content\\\/uploads\\\/2020\\\/02\\\/suso_vaamonde_a_nova_peneira.jpg\",\"keywords\":[\"Concello de Ponte Caldelas\",\"Suso Vaamonde\"],\"articleSection\":[\"Pontevedra\"],\"inLanguage\":\"gl-ES\",\"potentialAction\":[{\"@type\":\"CommentAction\",\"name\":\"Comment\",\"target\":[\"https:\\\/\\\/www.anovapeneira.gal\\\/index.php\\\/2020\\\/03\\\/02\\\/xx-anos-sen-suso-o-concello-de-pontecaldelas-homenaxea-a-suso-vaamonde\\\/#respond\"]}]},{\"@type\":\"WebPage\",\"@id\":\"https:\\\/\\\/www.anovapeneira.gal\\\/index.php\\\/2020\\\/03\\\/02\\\/xx-anos-sen-suso-o-concello-de-pontecaldelas-homenaxea-a-suso-vaamonde\\\/\",\"url\":\"https:\\\/\\\/www.anovapeneira.gal\\\/index.php\\\/2020\\\/03\\\/02\\\/xx-anos-sen-suso-o-concello-de-pontecaldelas-homenaxea-a-suso-vaamonde\\\/\",\"name\":\"XX anos Sen Suso. O Concello de Pontecaldelas homenaxea a Suso Vaamonde -\",\"isPartOf\":{\"@id\":\"https:\\\/\\\/www.anovapeneira.gal\\\/#website\"},\"primaryImageOfPage\":{\"@id\":\"https:\\\/\\\/www.anovapeneira.gal\\\/index.php\\\/2020\\\/03\\\/02\\\/xx-anos-sen-suso-o-concello-de-pontecaldelas-homenaxea-a-suso-vaamonde\\\/#primaryimage\"},\"image\":{\"@id\":\"https:\\\/\\\/www.anovapeneira.gal\\\/index.php\\\/2020\\\/03\\\/02\\\/xx-anos-sen-suso-o-concello-de-pontecaldelas-homenaxea-a-suso-vaamonde\\\/#primaryimage\"},\"thumbnailUrl\":\"https:\\\/\\\/www.anovapeneira.gal\\\/wp-content\\\/uploads\\\/2020\\\/02\\\/suso_vaamonde_a_nova_peneira.jpg\",\"datePublished\":\"2020-03-02T11:00:23+00:00\",\"breadcrumb\":{\"@id\":\"https:\\\/\\\/www.anovapeneira.gal\\\/index.php\\\/2020\\\/03\\\/02\\\/xx-anos-sen-suso-o-concello-de-pontecaldelas-homenaxea-a-suso-vaamonde\\\/#breadcrumb\"},\"inLanguage\":\"gl-ES\",\"potentialAction\":[{\"@type\":\"ReadAction\",\"target\":[\"https:\\\/\\\/www.anovapeneira.gal\\\/index.php\\\/2020\\\/03\\\/02\\\/xx-anos-sen-suso-o-concello-de-pontecaldelas-homenaxea-a-suso-vaamonde\\\/\"]}]},{\"@type\":\"ImageObject\",\"inLanguage\":\"gl-ES\",\"@id\":\"https:\\\/\\\/www.anovapeneira.gal\\\/index.php\\\/2020\\\/03\\\/02\\\/xx-anos-sen-suso-o-concello-de-pontecaldelas-homenaxea-a-suso-vaamonde\\\/#primaryimage\",\"url\":\"https:\\\/\\\/www.anovapeneira.gal\\\/wp-content\\\/uploads\\\/2020\\\/02\\\/suso_vaamonde_a_nova_peneira.jpg\",\"contentUrl\":\"https:\\\/\\\/www.anovapeneira.gal\\\/wp-content\\\/uploads\\\/2020\\\/02\\\/suso_vaamonde_a_nova_peneira.jpg\",\"width\":720,\"height\":432,\"caption\":\"Suso Vaamonde A Nova Peneira\"},{\"@type\":\"BreadcrumbList\",\"@id\":\"https:\\\/\\\/www.anovapeneira.gal\\\/index.php\\\/2020\\\/03\\\/02\\\/xx-anos-sen-suso-o-concello-de-pontecaldelas-homenaxea-a-suso-vaamonde\\\/#breadcrumb\",\"itemListElement\":[{\"@type\":\"ListItem\",\"position\":1,\"name\":\"Portada\",\"item\":\"https:\\\/\\\/www.anovapeneira.gal\\\/\"},{\"@type\":\"ListItem\",\"position\":2,\"name\":\"XX anos Sen Suso. O Concello de Pontecaldelas homenaxea a Suso Vaamonde\"}]},{\"@type\":\"WebSite\",\"@id\":\"https:\\\/\\\/www.anovapeneira.gal\\\/#website\",\"url\":\"https:\\\/\\\/www.anovapeneira.gal\\\/\",\"name\":\"\",\"description\":\"Xornal galego de informaci\u00f3n xeral Publicaci\u00f3n mensual de novas de Galicia e en especial dos Concellos da sur da provincia de Pontevedra.\",\"publisher\":{\"@id\":\"https:\\\/\\\/www.anovapeneira.gal\\\/#organization\"},\"potentialAction\":[{\"@type\":\"SearchAction\",\"target\":{\"@type\":\"EntryPoint\",\"urlTemplate\":\"https:\\\/\\\/www.anovapeneira.gal\\\/?s={search_term_string}\"},\"query-input\":{\"@type\":\"PropertyValueSpecification\",\"valueRequired\":true,\"valueName\":\"search_term_string\"}}],\"inLanguage\":\"gl-ES\"},{\"@type\":\"Organization\",\"@id\":\"https:\\\/\\\/www.anovapeneira.gal\\\/#organization\",\"name\":\"A Nova Peneira\",\"url\":\"https:\\\/\\\/www.anovapeneira.gal\\\/\",\"logo\":{\"@type\":\"ImageObject\",\"inLanguage\":\"gl-ES\",\"@id\":\"https:\\\/\\\/www.anovapeneira.gal\\\/#\\\/schema\\\/logo\\\/image\\\/\",\"url\":\"http:\\\/\\\/www.anovapeneira.gal\\\/wp-content\\\/uploads\\\/2019\\\/06\\\/logo_a_nova_peneira_portal_web.png\",\"contentUrl\":\"http:\\\/\\\/www.anovapeneira.gal\\\/wp-content\\\/uploads\\\/2019\\\/06\\\/logo_a_nova_peneira_portal_web.png\",\"width\":300,\"height\":100,\"caption\":\"A Nova Peneira\"},\"image\":{\"@id\":\"https:\\\/\\\/www.anovapeneira.gal\\\/#\\\/schema\\\/logo\\\/image\\\/\"},\"sameAs\":[\"https:\\\/\\\/www.facebook.com\\\/anovapeneira\",\"https:\\\/\\\/x.com\\\/APeneira\"]},{\"@type\":\"Person\",\"@id\":\"https:\\\/\\\/www.anovapeneira.gal\\\/#\\\/schema\\\/person\\\/b93e3f8932e3f8da96334607eb6ac6aa\",\"name\":\"Redacci\u00f3n A Nova Peneira\",\"image\":{\"@type\":\"ImageObject\",\"inLanguage\":\"gl-ES\",\"@id\":\"https:\\\/\\\/secure.gravatar.com\\\/avatar\\\/c052a2551a06e23fac63626232eaa90abd78dbcf1700fc46a2b2c89fd27b735f?s=96&d=mm&r=g\",\"url\":\"https:\\\/\\\/secure.gravatar.com\\\/avatar\\\/c052a2551a06e23fac63626232eaa90abd78dbcf1700fc46a2b2c89fd27b735f?s=96&d=mm&r=g\",\"contentUrl\":\"https:\\\/\\\/secure.gravatar.com\\\/avatar\\\/c052a2551a06e23fac63626232eaa90abd78dbcf1700fc46a2b2c89fd27b735f?s=96&d=mm&r=g\",\"caption\":\"Redacci\u00f3n A Nova Peneira\"},\"sameAs\":[\"http:\\\/\\\/www.anovapeneira.gal\\\/\"],\"url\":\"https:\\\/\\\/www.anovapeneira.gal\\\/index.php\\\/author\\\/redactor\\\/\"}]}<\/script>\n<!-- \/ Yoast SEO plugin. -->","yoast_head_json":{"title":"XX anos Sen Suso. O Concello de Pontecaldelas homenaxea a Suso Vaamonde -","robots":{"index":"index","follow":"follow","max-snippet":"max-snippet:-1","max-image-preview":"max-image-preview:large","max-video-preview":"max-video-preview:-1"},"canonical":"https:\/\/www.anovapeneira.gal\/index.php\/2020\/03\/02\/xx-anos-sen-suso-o-concello-de-pontecaldelas-homenaxea-a-suso-vaamonde\/","og_locale":"gl_ES","og_type":"article","og_title":"XX anos Sen Suso. O Concello de Pontecaldelas homenaxea a Suso Vaamonde -","og_description":"O pasado domingo 16 de febreiro fixo vinte anos da morte dunha das persoas m\u00e1is representativas da m\u00fasica do noso pa\u00eds. D\u00eda no que se celebrou un acto na s\u00faa memoria no seu pobo nata [...]","og_url":"https:\/\/www.anovapeneira.gal\/index.php\/2020\/03\/02\/xx-anos-sen-suso-o-concello-de-pontecaldelas-homenaxea-a-suso-vaamonde\/","article_publisher":"https:\/\/www.facebook.com\/anovapeneira","article_published_time":"2020-03-02T11:00:23+00:00","og_image":[{"width":720,"height":432,"url":"https:\/\/www.anovapeneira.gal\/wp-content\/uploads\/2020\/02\/suso_vaamonde_a_nova_peneira.jpg","type":"image\/jpeg"}],"author":"Redacci\u00f3n A Nova Peneira","twitter_card":"summary_large_image","twitter_creator":"@APeneira","twitter_site":"@APeneira","twitter_misc":{"Escrito por":"Redacci\u00f3n A Nova Peneira","Tempo de lectura":"6 minutos"},"schema":{"@context":"https:\/\/schema.org","@graph":[{"@type":"Article","@id":"https:\/\/www.anovapeneira.gal\/index.php\/2020\/03\/02\/xx-anos-sen-suso-o-concello-de-pontecaldelas-homenaxea-a-suso-vaamonde\/#article","isPartOf":{"@id":"https:\/\/www.anovapeneira.gal\/index.php\/2020\/03\/02\/xx-anos-sen-suso-o-concello-de-pontecaldelas-homenaxea-a-suso-vaamonde\/"},"author":{"name":"Redacci\u00f3n A Nova Peneira","@id":"https:\/\/www.anovapeneira.gal\/#\/schema\/person\/b93e3f8932e3f8da96334607eb6ac6aa"},"headline":"XX anos Sen Suso. O Concello de Pontecaldelas homenaxea a Suso Vaamonde","datePublished":"2020-03-02T11:00:23+00:00","mainEntityOfPage":{"@id":"https:\/\/www.anovapeneira.gal\/index.php\/2020\/03\/02\/xx-anos-sen-suso-o-concello-de-pontecaldelas-homenaxea-a-suso-vaamonde\/"},"wordCount":1309,"commentCount":0,"publisher":{"@id":"https:\/\/www.anovapeneira.gal\/#organization"},"image":{"@id":"https:\/\/www.anovapeneira.gal\/index.php\/2020\/03\/02\/xx-anos-sen-suso-o-concello-de-pontecaldelas-homenaxea-a-suso-vaamonde\/#primaryimage"},"thumbnailUrl":"https:\/\/www.anovapeneira.gal\/wp-content\/uploads\/2020\/02\/suso_vaamonde_a_nova_peneira.jpg","keywords":["Concello de Ponte Caldelas","Suso Vaamonde"],"articleSection":["Pontevedra"],"inLanguage":"gl-ES","potentialAction":[{"@type":"CommentAction","name":"Comment","target":["https:\/\/www.anovapeneira.gal\/index.php\/2020\/03\/02\/xx-anos-sen-suso-o-concello-de-pontecaldelas-homenaxea-a-suso-vaamonde\/#respond"]}]},{"@type":"WebPage","@id":"https:\/\/www.anovapeneira.gal\/index.php\/2020\/03\/02\/xx-anos-sen-suso-o-concello-de-pontecaldelas-homenaxea-a-suso-vaamonde\/","url":"https:\/\/www.anovapeneira.gal\/index.php\/2020\/03\/02\/xx-anos-sen-suso-o-concello-de-pontecaldelas-homenaxea-a-suso-vaamonde\/","name":"XX anos Sen Suso. O Concello de Pontecaldelas homenaxea a Suso Vaamonde -","isPartOf":{"@id":"https:\/\/www.anovapeneira.gal\/#website"},"primaryImageOfPage":{"@id":"https:\/\/www.anovapeneira.gal\/index.php\/2020\/03\/02\/xx-anos-sen-suso-o-concello-de-pontecaldelas-homenaxea-a-suso-vaamonde\/#primaryimage"},"image":{"@id":"https:\/\/www.anovapeneira.gal\/index.php\/2020\/03\/02\/xx-anos-sen-suso-o-concello-de-pontecaldelas-homenaxea-a-suso-vaamonde\/#primaryimage"},"thumbnailUrl":"https:\/\/www.anovapeneira.gal\/wp-content\/uploads\/2020\/02\/suso_vaamonde_a_nova_peneira.jpg","datePublished":"2020-03-02T11:00:23+00:00","breadcrumb":{"@id":"https:\/\/www.anovapeneira.gal\/index.php\/2020\/03\/02\/xx-anos-sen-suso-o-concello-de-pontecaldelas-homenaxea-a-suso-vaamonde\/#breadcrumb"},"inLanguage":"gl-ES","potentialAction":[{"@type":"ReadAction","target":["https:\/\/www.anovapeneira.gal\/index.php\/2020\/03\/02\/xx-anos-sen-suso-o-concello-de-pontecaldelas-homenaxea-a-suso-vaamonde\/"]}]},{"@type":"ImageObject","inLanguage":"gl-ES","@id":"https:\/\/www.anovapeneira.gal\/index.php\/2020\/03\/02\/xx-anos-sen-suso-o-concello-de-pontecaldelas-homenaxea-a-suso-vaamonde\/#primaryimage","url":"https:\/\/www.anovapeneira.gal\/wp-content\/uploads\/2020\/02\/suso_vaamonde_a_nova_peneira.jpg","contentUrl":"https:\/\/www.anovapeneira.gal\/wp-content\/uploads\/2020\/02\/suso_vaamonde_a_nova_peneira.jpg","width":720,"height":432,"caption":"Suso Vaamonde A Nova Peneira"},{"@type":"BreadcrumbList","@id":"https:\/\/www.anovapeneira.gal\/index.php\/2020\/03\/02\/xx-anos-sen-suso-o-concello-de-pontecaldelas-homenaxea-a-suso-vaamonde\/#breadcrumb","itemListElement":[{"@type":"ListItem","position":1,"name":"Portada","item":"https:\/\/www.anovapeneira.gal\/"},{"@type":"ListItem","position":2,"name":"XX anos Sen Suso. O Concello de Pontecaldelas homenaxea a Suso Vaamonde"}]},{"@type":"WebSite","@id":"https:\/\/www.anovapeneira.gal\/#website","url":"https:\/\/www.anovapeneira.gal\/","name":"","description":"Xornal galego de informaci\u00f3n xeral Publicaci\u00f3n mensual de novas de Galicia e en especial dos Concellos da sur da provincia de Pontevedra.","publisher":{"@id":"https:\/\/www.anovapeneira.gal\/#organization"},"potentialAction":[{"@type":"SearchAction","target":{"@type":"EntryPoint","urlTemplate":"https:\/\/www.anovapeneira.gal\/?s={search_term_string}"},"query-input":{"@type":"PropertyValueSpecification","valueRequired":true,"valueName":"search_term_string"}}],"inLanguage":"gl-ES"},{"@type":"Organization","@id":"https:\/\/www.anovapeneira.gal\/#organization","name":"A Nova Peneira","url":"https:\/\/www.anovapeneira.gal\/","logo":{"@type":"ImageObject","inLanguage":"gl-ES","@id":"https:\/\/www.anovapeneira.gal\/#\/schema\/logo\/image\/","url":"http:\/\/www.anovapeneira.gal\/wp-content\/uploads\/2019\/06\/logo_a_nova_peneira_portal_web.png","contentUrl":"http:\/\/www.anovapeneira.gal\/wp-content\/uploads\/2019\/06\/logo_a_nova_peneira_portal_web.png","width":300,"height":100,"caption":"A Nova Peneira"},"image":{"@id":"https:\/\/www.anovapeneira.gal\/#\/schema\/logo\/image\/"},"sameAs":["https:\/\/www.facebook.com\/anovapeneira","https:\/\/x.com\/APeneira"]},{"@type":"Person","@id":"https:\/\/www.anovapeneira.gal\/#\/schema\/person\/b93e3f8932e3f8da96334607eb6ac6aa","name":"Redacci\u00f3n A Nova Peneira","image":{"@type":"ImageObject","inLanguage":"gl-ES","@id":"https:\/\/secure.gravatar.com\/avatar\/c052a2551a06e23fac63626232eaa90abd78dbcf1700fc46a2b2c89fd27b735f?s=96&d=mm&r=g","url":"https:\/\/secure.gravatar.com\/avatar\/c052a2551a06e23fac63626232eaa90abd78dbcf1700fc46a2b2c89fd27b735f?s=96&d=mm&r=g","contentUrl":"https:\/\/secure.gravatar.com\/avatar\/c052a2551a06e23fac63626232eaa90abd78dbcf1700fc46a2b2c89fd27b735f?s=96&d=mm&r=g","caption":"Redacci\u00f3n A Nova Peneira"},"sameAs":["http:\/\/www.anovapeneira.gal\/"],"url":"https:\/\/www.anovapeneira.gal\/index.php\/author\/redactor\/"}]}},"jetpack_featured_media_url":"https:\/\/www.anovapeneira.gal\/wp-content\/uploads\/2020\/02\/suso_vaamonde_a_nova_peneira.jpg","_links":{"self":[{"href":"https:\/\/www.anovapeneira.gal\/index.php\/wp-json\/wp\/v2\/posts\/2636","targetHints":{"allow":["GET"]}}],"collection":[{"href":"https:\/\/www.anovapeneira.gal\/index.php\/wp-json\/wp\/v2\/posts"}],"about":[{"href":"https:\/\/www.anovapeneira.gal\/index.php\/wp-json\/wp\/v2\/types\/post"}],"author":[{"embeddable":true,"href":"https:\/\/www.anovapeneira.gal\/index.php\/wp-json\/wp\/v2\/users\/3"}],"replies":[{"embeddable":true,"href":"https:\/\/www.anovapeneira.gal\/index.php\/wp-json\/wp\/v2\/comments?post=2636"}],"version-history":[{"count":2,"href":"https:\/\/www.anovapeneira.gal\/index.php\/wp-json\/wp\/v2\/posts\/2636\/revisions"}],"predecessor-version":[{"id":2641,"href":"https:\/\/www.anovapeneira.gal\/index.php\/wp-json\/wp\/v2\/posts\/2636\/revisions\/2641"}],"wp:featuredmedia":[{"embeddable":true,"href":"https:\/\/www.anovapeneira.gal\/index.php\/wp-json\/wp\/v2\/media\/2639"}],"wp:attachment":[{"href":"https:\/\/www.anovapeneira.gal\/index.php\/wp-json\/wp\/v2\/media?parent=2636"}],"wp:term":[{"taxonomy":"category","embeddable":true,"href":"https:\/\/www.anovapeneira.gal\/index.php\/wp-json\/wp\/v2\/categories?post=2636"},{"taxonomy":"post_tag","embeddable":true,"href":"https:\/\/www.anovapeneira.gal\/index.php\/wp-json\/wp\/v2\/tags?post=2636"}],"curies":[{"name":"wp","href":"https:\/\/api.w.org\/{rel}","templated":true}]}}